{"id":62548,"date":"2025-10-15T16:55:47","date_gmt":"2025-10-15T19:55:47","guid":{"rendered":"https:\/\/jornalfatosenoticias.com.br\/?p=62548"},"modified":"2025-10-15T16:55:49","modified_gmt":"2025-10-15T19:55:49","slug":"os-ultimos-anos-a-morte-e-o-destino-do-corpo-de-leonardo-da-vinci","status":"publish","type":"post","link":"https:\/\/jornalfatosenoticias.com.br\/index.php\/2025\/10\/15\/os-ultimos-anos-a-morte-e-o-destino-do-corpo-de-leonardo-da-vinci\/","title":{"rendered":"Os \u00faltimos anos, a morte e o destino do corpo de Leonardo da Vinci"},"content":{"rendered":"\n<p><em><span class=\"has-inline-color has-black-color\">Um dos maiores mestres artistas que o mundo j\u00e1 viu, Leonardo da Vinci viveu e morreu como uma lenda e um talento inquestion\u00e1vel<\/span><\/em><\/p>\n\n\n\n<p><span class=\"has-inline-color has-black-color\">Por <strong><a href=\"https:\/\/aventurasnahistoria.com.br\/noticias\/author\/eric-moreira\">\u00c9ric Moreira<\/a><\/strong><\/span><\/p>\n\n\n\n<div class=\"wp-block-image\"><figure class=\"aligncenter size-large\"><a href=\"https:\/\/mizu.com.br\/\"><img loading=\"lazy\" decoding=\"async\" width=\"729\" height=\"90\" src=\"https:\/\/jornalfatosenoticias.com.br\/wp-content\/uploads\/2020\/02\/Logo_Mizu.png\" alt=\"\" class=\"wp-image-1441\" srcset=\"https:\/\/jornalfatosenoticias.com.br\/wp-content\/uploads\/2020\/02\/Logo_Mizu.png 729w, https:\/\/jornalfatosenoticias.com.br\/wp-content\/uploads\/2020\/02\/Logo_Mizu-300x37.png 300w\" sizes=\"auto, (max-width: 729px) 100vw, 729px\" \/><\/a><\/figure><\/div>\n\n\n\n<p>Ao longo da hist\u00f3ria da arte, poucos nomes se consagraram tanto quanto o de <strong>Leonardo da Vinci<\/strong>. Praticamente uma lenda que realmente existiu, o g\u00eanio\u00a0<a href=\"https:\/\/aventurasnahistoria.com.br\/noticias\/reportagem\/ginevra-de-benci-musa-renascentista-imortalizada-por-leonardo-da-vinci.phtml\">renascentista<\/a>\u00a0nasceu no dia 15 de abril de 1452 em Anchiano, na It\u00e1lia, e embora tenha se consagrado principalmente como artista, foi um verdadeiro pol\u00edmata \u2014 um mestre em v\u00e1rias \u00e1reas, sendo\u00a0<a href=\"https:\/\/aventurasnahistoria.com.br\/noticias\/reportagem\/o-fenomeno-documentado-por-da-vinci-que-so-foi-desvendado-anos-depois.phtml\">cientista<\/a>, matem\u00e1tico,\u00a0<a href=\"https:\/\/aventurasnahistoria.com.br\/noticias\/historia-hoje\/maquina-criada-por-da-vinci-pode-ajudar-desenvolver-drones-mais-silenciosos.phtml\">engenheiro<\/a>, inventor, anatomista, pintor, escultor, arquiteto, bot\u00e2nico, poeta e m\u00fasico.<br>Entre suas obras mais famosas, est\u00e3o \u2018A \u00daltima Ceia\u2019, \u2018Salvator Mundi\u2019, \u2018A Virgem e o Menino\u2019, mas certamente a que mais se destaca \u00e9 a \u2018Mona Lisa\u2019. Mas essa vida marcada por grandes feitos art\u00edsticos, al\u00e9m da rela\u00e7\u00e3o pr\u00f3xima a v\u00e1rias figuras importantes da \u00e9poca, terminou relativamente cedo: Leonardo da Vinci faleceu no dia 2 de maio de 1519, aos 67 anos, no Castelo de Clos Luc\u00e9, em Amboise, Fran\u00e7a, onde viveu seus \u00faltimos anos.<\/p>\n\n\n\n<div class=\"wp-block-image\"><figure class=\"aligncenter size-large\"><a href=\"https:\/\/www.cesconetto.com.br\/\"><img loading=\"lazy\" decoding=\"async\" width=\"300\" height=\"250\" src=\"https:\/\/jornalfatosenoticias.com.br\/wp-content\/uploads\/2020\/02\/Banner-2.png\" alt=\"\" class=\"wp-image-43787\"\/><\/a><\/figure><\/div>\n\n\n\n<p><strong>Leonardo da Vinci<\/strong> passou quase toda sua vida no norte da It\u00e1lia, principalmente entre as cidades de Floren\u00e7a \u2014 conhecida como o \u201cber\u00e7o do\u00a0<a href=\"https:\/\/aventurasnahistoria.com.br\/noticias\/reportagem\/as-tres-gracas-de-rafael-e-a-nudez-feminina-no-renascimento.phtml\">Renascimento<\/a>\u201d \u2014 e Mil\u00e3o, e depois tr\u00eas anos em Roma. Para alguns, pode surpreender que, mesmo bem estabelecido e bastante reconhecido, ele tenha deixado a It\u00e1lia para viver seus \u00faltimos anos na\u00a0<a href=\"https:\/\/aventurasnahistoria.com.br\/noticias\/reportagem\/se-leonardo-da-vinci-e-italiano-por-que-mona-lisa-esta-na-franca.phtml\">Fran\u00e7a<\/a>; mas, na verdade, isso n\u00e3o foi algo t\u00e3o grandioso para o artista.<\/p>\n\n\n\n<div class=\"wp-block-image\"><figure class=\"aligncenter size-large is-resized\"><a href=\"https:\/\/www.instagram.com\/restaurantepegoretti\/\"><img loading=\"lazy\" decoding=\"async\" src=\"https:\/\/jornalfatosenoticias.com.br\/wp-content\/uploads\/2023\/12\/pegoretti-logo-pdf-1024x389.jpg\" alt=\"\" class=\"wp-image-47536\" width=\"482\" height=\"183\" srcset=\"https:\/\/jornalfatosenoticias.com.br\/wp-content\/uploads\/2023\/12\/pegoretti-logo-pdf-1024x389.jpg 1024w, https:\/\/jornalfatosenoticias.com.br\/wp-content\/uploads\/2023\/12\/pegoretti-logo-pdf-300x114.jpg 300w, https:\/\/jornalfatosenoticias.com.br\/wp-content\/uploads\/2023\/12\/pegoretti-logo-pdf-768x291.jpg 768w, https:\/\/jornalfatosenoticias.com.br\/wp-content\/uploads\/2023\/12\/pegoretti-logo-pdf.jpg 1120w\" sizes=\"auto, (max-width: 482px) 100vw, 482px\" \/><\/a><\/figure><\/div>\n\n\n\n<p>Isso porque, conforme repercute o Nico Franz, Leonardo chegou a viver cerca de 25 anos no Ducado de Mil\u00e3o. E como essa regi\u00e3o j\u00e1 era pr\u00f3xima \u00e0 Fran\u00e7a, e havia diversos contatos diplom\u00e1ticos por l\u00e1, da Vinci tinha contato n\u00e3o s\u00f3 com a corte milanesa, como tamb\u00e9m com a francesa h\u00e1 muito tempo \u2014 e tamb\u00e9m contava com\u00a0<mark>muitos admiradores<\/mark> por l\u00e1.<\/p>\n\n\n\n<div class=\"wp-block-image\"><figure class=\"aligncenter size-large is-resized\"><a href=\"https:\/\/www.controlsystems.com.br\/\"><img loading=\"lazy\" decoding=\"async\" src=\"https:\/\/jornalfatosenoticias.com.br\/wp-content\/uploads\/2020\/02\/CONTROL-CS.jpg\" alt=\"\" class=\"wp-image-44991\" width=\"285\" height=\"342\" srcset=\"https:\/\/jornalfatosenoticias.com.br\/wp-content\/uploads\/2020\/02\/CONTROL-CS.jpg 834w, https:\/\/jornalfatosenoticias.com.br\/wp-content\/uploads\/2020\/02\/CONTROL-CS-250x300.jpg 250w, https:\/\/jornalfatosenoticias.com.br\/wp-content\/uploads\/2020\/02\/CONTROL-CS-768x921.jpg 768w\" sizes=\"auto, (max-width: 285px) 100vw, 285px\" \/><\/a><\/figure><\/div>\n\n\n\n<p>Entre esses admiradores, estavam nomes bastante conhecidos. Entre eles: Ana da Bretanha, rainha da Fran\u00e7a ap\u00f3s se casar com o rei Lu\u00eds XII, outro admirador; e tamb\u00e9m Francisco I, o rei franc\u00eas que levou da Vinci para seu reino. Francisco I se tornou rei em janeiro de 1515, com 20 anos, quando Leonardo tinha como patrono o italiano Giuliano di Lorenzo de\u2019 Medici (irm\u00e3o do Papa Le\u00e3o X). No entanto, ap\u00f3s a morte de Giuliano, em mar\u00e7o de 1516, Francisco \u2014 que j\u00e1 at\u00e9 conhecia Leonardo pessoalmente \u2014 convidou o artista para viver na corte real francesa em Amboise, junto de seus alunos Francesco Melzi e Salai.<\/p>\n\n\n\n<div class=\"wp-block-image\"><figure class=\"aligncenter size-large is-resized\"><a href=\"https:\/\/www.instagram.com\/gruposei\/\"><img loading=\"lazy\" decoding=\"async\" src=\"https:\/\/jornalfatosenoticias.com.br\/wp-content\/uploads\/2022\/07\/Logo-Grupo-SEI.jpg\" alt=\"\" class=\"wp-image-31973\" width=\"353\" height=\"185\" srcset=\"https:\/\/jornalfatosenoticias.com.br\/wp-content\/uploads\/2022\/07\/Logo-Grupo-SEI.jpg 713w, https:\/\/jornalfatosenoticias.com.br\/wp-content\/uploads\/2022\/07\/Logo-Grupo-SEI-300x158.jpg 300w\" sizes=\"auto, (max-width: 353px) 100vw, 353px\" \/><\/a><\/figure><\/div>\n\n\n\n<p>Vale mencionar que Francisco I foi um dos chamados \u201cReis do Loire\u201d, que n\u00e3o viviam em Paris. Isso se deve ao fato de, durante a\u00a0<mark>Guerra dos Cem Anos<\/mark> entre a Fran\u00e7a e a Inglaterra, a capital francesa ter sido ocupada por for\u00e7as inglesas; o que levou os reis franceses a retirarem-se para o Vale do Loire, no oeste da Fran\u00e7a, onde organizaram sua resist\u00eancia, sendo o Castelo de Amboise uma das resid\u00eancias preferidas dos reis. Paris s\u00f3 voltou a ser a resid\u00eancia real em 1528, j\u00e1 ap\u00f3s a morte de Leonardo, ainda durante o reinado de Francisco I.<\/p>\n\n\n\n<div class=\"wp-block-image\"><figure class=\"aligncenter size-large is-resized\"><a href=\"https:\/\/www.instagram.com\/esteio.churrascaria\/\"><img loading=\"lazy\" decoding=\"async\" src=\"https:\/\/jornalfatosenoticias.com.br\/wp-content\/uploads\/2022\/02\/LOGO-ESTEIO-1024x730.png\" alt=\"\" class=\"wp-image-27942\" width=\"313\" height=\"223\" srcset=\"https:\/\/jornalfatosenoticias.com.br\/wp-content\/uploads\/2022\/02\/LOGO-ESTEIO-1024x730.png 1024w, https:\/\/jornalfatosenoticias.com.br\/wp-content\/uploads\/2022\/02\/LOGO-ESTEIO-300x214.png 300w, https:\/\/jornalfatosenoticias.com.br\/wp-content\/uploads\/2022\/02\/LOGO-ESTEIO-768x548.png 768w, https:\/\/jornalfatosenoticias.com.br\/wp-content\/uploads\/2022\/02\/LOGO-ESTEIO.png 1123w\" sizes=\"auto, (max-width: 313px) 100vw, 313px\" \/><\/a><\/figure><\/div>\n\n\n\n<p>Segundo o leonardodavinci.net, da Vinci aceitou a oferta \u2014 recebendo o t\u00edtulo de \u201c<mark>Primeiro Pintor, Engenheiro e Arquiteto do Rei<\/mark>\u201d \u2014 e deixou a corte papal em Roma, atravessou os Alpes, levando consigo n\u00e3o apenas seus aprendizes, mas at\u00e9 algumas de suas <a href=\"https:\/\/aventurasnahistoria.com.br\/noticias\/reportagem\/virgem-do-fuso-conheca-a-obra-de-leonardo-da-vinci-que-foi-roubada.phtml\">obras<\/a>\u00a0mais famosas, como a \u2018<a href=\"https:\/\/aventurasnahistoria.com.br\/noticias\/reportagem\/mona-lisa-existem-codigos-secretos-no-quadro-de-da-vinci.phtml\">Mona Lisa<\/a>\u2019, \u2018A Virgem e o Menino com Santa Ana\u2019 e \u2018S\u00e3o Jo\u00e3o Batista\u2019, rumo \u00e0 corte real em Amboise.<\/p>\n\n\n\n<div class=\"wp-block-image\"><figure class=\"aligncenter size-large is-resized\"><a href=\"https:\/\/www.instagram.com\/serra4x4cambioautomatico\/\"><img loading=\"lazy\" decoding=\"async\" src=\"https:\/\/jornalfatosenoticias.com.br\/wp-content\/uploads\/2024\/08\/Serra-4x4-1-886x1024.jpg\" alt=\"\" class=\"wp-image-53632\" width=\"292\" height=\"338\" srcset=\"https:\/\/jornalfatosenoticias.com.br\/wp-content\/uploads\/2024\/08\/Serra-4x4-1-886x1024.jpg 886w, https:\/\/jornalfatosenoticias.com.br\/wp-content\/uploads\/2024\/08\/Serra-4x4-1-260x300.jpg 260w, https:\/\/jornalfatosenoticias.com.br\/wp-content\/uploads\/2024\/08\/Serra-4x4-1-768x888.jpg 768w, https:\/\/jornalfatosenoticias.com.br\/wp-content\/uploads\/2024\/08\/Serra-4x4-1.jpg 1181w\" sizes=\"auto, (max-width: 292px) 100vw, 292px\" \/><\/a><\/figure><\/div>\n\n\n\n<p>Apesar de Leonardo ser altamente respeitado na corte francesa, l\u00e1 ele passou a receber um sal\u00e1rio anual de 1000 ducados, que era apenas metade do que recebia do Duque de Mil\u00e3o. Embora isso pare\u00e7a um desrespeito \u00e0 sua mem\u00f3ria, havia justificativa. Isso porque o mais alto funcion\u00e1rio do rei, na \u00e9poca, tamb\u00e9m recebia 1000 ducados. E sendo estrangeiro e pintor \u2014 logo, segundo o entendimento da \u00e9poca, apenas um artes\u00e3o \u2014 caso ele recebesse um sal\u00e1rio superior, certamente haveria alguns dist\u00farbios na corte.<\/p>\n\n\n\n<div class=\"wp-block-image\"><figure class=\"aligncenter size-large is-resized\"><a href=\"https:\/\/legisjuris.com.br\/\"><img loading=\"lazy\" decoding=\"async\" src=\"https:\/\/jornalfatosenoticias.com.br\/wp-content\/uploads\/2024\/09\/Legis-Juris-Consultoria_logo.jpg\" alt=\"\" class=\"wp-image-53915\" width=\"432\" height=\"181\" srcset=\"https:\/\/jornalfatosenoticias.com.br\/wp-content\/uploads\/2024\/09\/Legis-Juris-Consultoria_logo.jpg 969w, https:\/\/jornalfatosenoticias.com.br\/wp-content\/uploads\/2024\/09\/Legis-Juris-Consultoria_logo-300x126.jpg 300w, https:\/\/jornalfatosenoticias.com.br\/wp-content\/uploads\/2024\/09\/Legis-Juris-Consultoria_logo-768x322.jpg 768w\" sizes=\"auto, (max-width: 432px) 100vw, 432px\" \/><\/a><\/figure><\/div>\n\n\n\n<p>Mas como compensa\u00e7\u00e3o, Francisco I concedeu a Leonardo um privil\u00e9gio adicional, em sua ida para a Fran\u00e7a: o castelo vizinho de Cloux. Hoje conhecido como castelo de\u00a0<mark>Le Clos Luc\u00e9<\/mark>, ele est\u00e1 a apenas 500 metros do Castelo de Amboise \u2014 e uma curiosidade interessante \u00e9 que eles est\u00e3o at\u00e9 mesmo conectados por um t\u00fanel, que o rei franc\u00eas teria usado para visitas a Leonardo em conversas privadas.<\/p>\n\n\n\n<div class=\"wp-block-image\"><figure class=\"aligncenter size-large\"><img loading=\"lazy\" decoding=\"async\" width=\"1000\" height=\"562\" src=\"https:\/\/jornalfatosenoticias.com.br\/wp-content\/uploads\/2025\/10\/Clos-Luce-onde-da-Vinci-viveu-na-Franca_GettyImages.jpg\" alt=\"\" class=\"wp-image-62551\" srcset=\"https:\/\/jornalfatosenoticias.com.br\/wp-content\/uploads\/2025\/10\/Clos-Luce-onde-da-Vinci-viveu-na-Franca_GettyImages.jpg 1000w, https:\/\/jornalfatosenoticias.com.br\/wp-content\/uploads\/2025\/10\/Clos-Luce-onde-da-Vinci-viveu-na-Franca_GettyImages-300x169.jpg 300w, https:\/\/jornalfatosenoticias.com.br\/wp-content\/uploads\/2025\/10\/Clos-Luce-onde-da-Vinci-viveu-na-Franca_GettyImages-768x432.jpg 768w\" sizes=\"auto, (max-width: 1000px) 100vw, 1000px\" \/><figcaption><em><span class=\"has-inline-color has-black-color\">Clos Luc\u00e9, onde da Vinci viveu na Fran\u00e7a (Foto: Getty Images)<\/span><\/em><\/figcaption><\/figure><\/div>\n\n\n\n<p>Nos seus tr\u00eas \u00faltimos anos de vida, Leonardo ainda trabalhou incessantemente, com a alma inquieta de artista que tinha. Ele passava seu tempo principalmente desenhando, ensinando e se aprofundando em seus estudos cient\u00edficos e suas pr\u00f3prias pinturas, al\u00e9m de trabalhar em\u00a0<mark>v\u00e1rios projetos para o rei<\/mark>, como planejamento urbano, arquitetura e projeto de canais.<\/p>\n\n\n\n<div class=\"wp-block-image\"><figure class=\"aligncenter size-large is-resized\"><a href=\"https:\/\/www.facebook.com\/postobkr\/?locale=pt_BR\"><img loading=\"lazy\" decoding=\"async\" src=\"https:\/\/jornalfatosenoticias.com.br\/wp-content\/uploads\/2023\/08\/BKR-1024x1021.jpg\" alt=\"\" class=\"wp-image-44494\" width=\"291\" height=\"290\" srcset=\"https:\/\/jornalfatosenoticias.com.br\/wp-content\/uploads\/2023\/08\/BKR-1024x1021.jpg 1024w, https:\/\/jornalfatosenoticias.com.br\/wp-content\/uploads\/2023\/08\/BKR-300x300.jpg 300w, https:\/\/jornalfatosenoticias.com.br\/wp-content\/uploads\/2023\/08\/BKR-150x150.jpg 150w, https:\/\/jornalfatosenoticias.com.br\/wp-content\/uploads\/2023\/08\/BKR-768x766.jpg 768w, https:\/\/jornalfatosenoticias.com.br\/wp-content\/uploads\/2023\/08\/BKR.jpg 1080w\" sizes=\"auto, (max-width: 291px) 100vw, 291px\" \/><\/a><\/figure><\/div>\n\n\n\n<p>De maneira geral, n\u00e3o se sabe em muitos detalhes como foram os \u00faltimos tr\u00eas anos de Leonardo da Vinci na Fran\u00e7a. O que alguns registros hist\u00f3ricos indicam \u00e9 que, naquela \u00e9poca, sua sa\u00fade j\u00e1 estava consideravelmente fr\u00e1gil, e ele sofria at\u00e9 mesmo com paralisia, devido a uma s\u00e9rie de\u00a0<mark>derrames<\/mark>. Por\u00e9m, isso \u00e9 questionado por alguns, tendo em vista as v\u00e1rias atividades que ele realizou no per\u00edodo.<\/p>\n\n\n\n<div class=\"wp-block-image\"><figure class=\"aligncenter size-large is-resized\"><a href=\"https:\/\/hotelmarquetti.com.br\/\"><img loading=\"lazy\" decoding=\"async\" src=\"https:\/\/jornalfatosenoticias.com.br\/wp-content\/uploads\/2020\/02\/LOGO-MQ-1024x680.jpg\" alt=\"\" class=\"wp-image-58299\" width=\"365\" height=\"242\" srcset=\"https:\/\/jornalfatosenoticias.com.br\/wp-content\/uploads\/2020\/02\/LOGO-MQ-1024x680.jpg 1024w, https:\/\/jornalfatosenoticias.com.br\/wp-content\/uploads\/2020\/02\/LOGO-MQ-300x199.jpg 300w, https:\/\/jornalfatosenoticias.com.br\/wp-content\/uploads\/2020\/02\/LOGO-MQ-768x510.jpg 768w, https:\/\/jornalfatosenoticias.com.br\/wp-content\/uploads\/2020\/02\/LOGO-MQ-1536x1020.jpg 1536w, https:\/\/jornalfatosenoticias.com.br\/wp-content\/uploads\/2020\/02\/LOGO-MQ-2048x1360.jpg 2048w\" sizes=\"auto, (max-width: 365px) 100vw, 365px\" \/><\/a><\/figure><\/div>\n\n\n\n<p>Em geral, as especula\u00e7\u00f5es sobre doen\u00e7as de Leonardo se baseiam em duas fontes hist\u00f3ricas; ambas com poucas informa\u00e7\u00f5es, e sujeitas a interpreta\u00e7\u00f5es variadas. Uma delas \u00e9 uma carta escrita pelo pr\u00f3prio artista em 1515, para seu ent\u00e3o patrono Giuliano di Lorenzo de\u2019 Medici, e outra \u00e9 o relato de viagem de Antonio de Beatis, considerada a \u00faltima fonte que relatou sobre Leonardo ainda vivo.<\/p>\n\n\n\n<div class=\"wp-block-image\"><figure class=\"aligncenter size-large is-resized\"><a href=\"https:\/\/www.facebook.com\/profile.php?id=100069289606145\"><img loading=\"lazy\" decoding=\"async\" src=\"https:\/\/jornalfatosenoticias.com.br\/wp-content\/uploads\/2024\/11\/Guaitolini-Contabilidade-1024x714.jpeg\" alt=\"\" class=\"wp-image-55808\" width=\"310\" height=\"216\" srcset=\"https:\/\/jornalfatosenoticias.com.br\/wp-content\/uploads\/2024\/11\/Guaitolini-Contabilidade-1024x714.jpeg 1024w, https:\/\/jornalfatosenoticias.com.br\/wp-content\/uploads\/2024\/11\/Guaitolini-Contabilidade-300x209.jpeg 300w, https:\/\/jornalfatosenoticias.com.br\/wp-content\/uploads\/2024\/11\/Guaitolini-Contabilidade-768x535.jpeg 768w, https:\/\/jornalfatosenoticias.com.br\/wp-content\/uploads\/2024\/11\/Guaitolini-Contabilidade.jpeg 1280w\" sizes=\"auto, (max-width: 310px) 100vw, 310px\" \/><\/a><\/figure><\/div>\n\n\n\n<p>Na\u00a0<mark>carta<\/mark>, cujo rascunho foi encontrado nos cadernos de Leonardo, o artista mencionou o per\u00edodo em que o patrono sofria de um surto de tuberculose. Leonardo come\u00e7a a carta escrevendo: \u201cquanto \u00e0 t\u00e3o esperada restaura\u00e7\u00e3o de sua sa\u00fade, ilustre senhor, regozijei-me tanto que minha doen\u00e7a quase me deixou\u201d. Por\u00e9m, da Vinci n\u00e3o menciona mais sua \u201cdoen\u00e7a\u201d em qualquer outro momento da carta. Em vez disso, ele reclama sobre um artes\u00e3o pregui\u00e7oso que havia lhe causado alguns problemas, e v\u00e1rias outras quest\u00f5es menores, de forma que entender que ele sofria com uma doen\u00e7a pode ser apenas um erro de interpreta\u00e7\u00e3o, e n\u00e3o uma evid\u00eancia de uma doen\u00e7a grave, de fato.<\/p>\n\n\n\n<div class=\"wp-block-image\"><figure class=\"aligncenter size-large is-resized\"><a href=\"https:\/\/panper.com.br\/\"><img loading=\"lazy\" decoding=\"async\" src=\"https:\/\/jornalfatosenoticias.com.br\/wp-content\/uploads\/2023\/03\/logo-Panper_portal.jpg\" alt=\"\" class=\"wp-image-40208\" width=\"296\" height=\"205\" srcset=\"https:\/\/jornalfatosenoticias.com.br\/wp-content\/uploads\/2023\/03\/logo-Panper_portal.jpg 400w, https:\/\/jornalfatosenoticias.com.br\/wp-content\/uploads\/2023\/03\/logo-Panper_portal-300x208.jpg 300w\" sizes=\"auto, (max-width: 296px) 100vw, 296px\" \/><\/a><\/figure><\/div>\n\n\n\n<p>J\u00e1 o\u00a0<mark>relat\u00f3rio de viagem<\/mark> de Antonio de Beatis chama mais aten\u00e7\u00e3o. Ele foi secret\u00e1rio do Cardeal Luigi d\u2019Aragona, de N\u00e1poles, e foi enviado em uma viagem diplom\u00e1tica de grande escala pela Europa Ocidental entre 1517 e 1518; nesse per\u00edodo, precisava manter um di\u00e1rio de viagem. Quando visitou Francisco I, em 10 de outubro de 1517, no Castelo de Amboise, o cardeal tamb\u00e9m aproveitou para visitar Leonardo no Castelo de Clos Luc\u00e9. E Antonio de Beatis descreveu um \u201cLeonardo da Vinci idoso\u201d \u2014 nessa \u00e9poca, ele tinha 65 anos \u2014 e observa: \u201cinfelizmente, n\u00e3o se pode mais esperar nada do mestre, pois seu lado direito est\u00e1 paralisado\u201d.<\/p>\n\n\n\n<div class=\"wp-block-image\"><figure class=\"aligncenter size-large\"><a href=\"http:\/\/www.ferrarimaquinas.com.br\/\"><img loading=\"lazy\" decoding=\"async\" width=\"300\" height=\"250\" src=\"https:\/\/jornalfatosenoticias.com.br\/wp-content\/uploads\/2022\/02\/FERRARI_MAQUINAS-E-FERRAMENTAS2.jpg\" alt=\"\" class=\"wp-image-27860\"\/><\/a><\/figure><\/div>\n\n\n\n<p>Sendo estas as \u00fanicas informa\u00e7\u00f5es sobre a sa\u00fade de da Vinci nestes \u00faltimos anos, frequentemente se sugere que o artista sofreu um ou mais derrames, devido \u00e0 paralisia parcial descrita por Beatis. No entanto, muitos ignoram que Leonardo era\u00a0<mark>canhoto<\/mark>, e usava predominantemente o bra\u00e7o esquerdo, o que poderia ter dado a desconhecidos a impress\u00e3o de que ele estava com o lado direito paralisado.<\/p>\n\n\n\n<div class=\"wp-block-image\"><figure class=\"aligncenter size-large is-resized\"><a href=\"https:\/\/www.controlsystems.com.br\/\"><img loading=\"lazy\" decoding=\"async\" src=\"https:\/\/jornalfatosenoticias.com.br\/wp-content\/uploads\/2020\/02\/CONTROL-CS.jpg\" alt=\"\" class=\"wp-image-44991\" width=\"238\" height=\"285\" srcset=\"https:\/\/jornalfatosenoticias.com.br\/wp-content\/uploads\/2020\/02\/CONTROL-CS.jpg 834w, https:\/\/jornalfatosenoticias.com.br\/wp-content\/uploads\/2020\/02\/CONTROL-CS-250x300.jpg 250w, https:\/\/jornalfatosenoticias.com.br\/wp-content\/uploads\/2020\/02\/CONTROL-CS-768x921.jpg 768w\" sizes=\"auto, (max-width: 238px) 100vw, 238px\" \/><\/a><\/figure><\/div>\n\n\n\n<p>Vale mencionar tamb\u00e9m que, ap\u00f3s 1517, Leonardo ainda fazia anota\u00e7\u00f5es em seu caderno, com registros datados at\u00e9 de 1518. E essas anota\u00e7\u00f5es ainda inclu\u00edam desenhos altamente detalhados, o que pode contradizer as teorias de que ele estava incapacitado. At\u00e9 mesmo o coment\u00e1rio de que Leonardo da Vinci era um homem idoso, de Beatis, pode ser questionado, visto que h\u00e1 registros de que o artista ainda viajava ativamente pelo Vale do Loire para planejar ou supervisionar atividades de constru\u00e7\u00e3o at\u00e9 meados de 1518. Para a \u00e9poca, as dist\u00e2ncias entre os castelos de Amboise, Chambord, Blois e Romorantin, nos quais Leonardo trabalhou, eram significativas, demandando de um a dois dias de viagem de carruagem \u2014 o que teria sido uma dificuldade consider\u00e1vel para uma pessoa idosa, ainda mais se estivesse parcialmente paralisada.<\/p>\n\n\n\n<div class=\"wp-block-image\"><figure class=\"aligncenter size-large is-resized\"><a href=\"https:\/\/www.facebook.com\/vetor.vix\/\"><img loading=\"lazy\" decoding=\"async\" src=\"https:\/\/jornalfatosenoticias.com.br\/wp-content\/uploads\/2023\/09\/vetorvix1024_1.jpg\" alt=\"\" class=\"wp-image-44868\" width=\"535\" height=\"142\" srcset=\"https:\/\/jornalfatosenoticias.com.br\/wp-content\/uploads\/2023\/09\/vetorvix1024_1.jpg 1024w, https:\/\/jornalfatosenoticias.com.br\/wp-content\/uploads\/2023\/09\/vetorvix1024_1-300x80.jpg 300w, https:\/\/jornalfatosenoticias.com.br\/wp-content\/uploads\/2023\/09\/vetorvix1024_1-768x205.jpg 768w\" sizes=\"auto, (max-width: 535px) 100vw, 535px\" \/><\/a><\/figure><\/div>\n\n\n\n<p><strong><span class=\"has-inline-color has-black-color\">Testamento<br><\/span><\/strong>Parecendo pressentir que o fim estava pr\u00f3ximo, Leonardo da Vinci curiosamente\u00a0<mark>redigiu seu testamento apenas uma semana antes de sua morte<\/mark>, no dia 23 de abril de 1519. Na ocasi\u00e3o, o tabeli\u00e3o Boreau foi ao Castelo de Clos Luc\u00e9, o recinto do artista, para garantir que o documento fosse preparado, sendo este um direito bastante especial que da Vinci teve. Isso porque, segundo as leis da \u00e9poca, como Leonardo n\u00e3o era membro da nobreza, todo o seu patrim\u00f4nio deveria ser destinado ao rei. Mas, nesse caso, Francisco I lhe concedeu uma permiss\u00e3o especial para fazer um testamento, onde determinaria por si mesmo o destino de seus bens. Lembrando que Leonardo n\u00e3o teve filhos, sobre a heran\u00e7a, um dos alunos de Leonardo, Francesco Melzi (ent\u00e3o com 28 anos) foi nomeado como executor do testamento. Ele pr\u00f3prio recebeu do mestre suas notas, livros, ferramentas, roupas, al\u00e9m de sal\u00e1rios em atraso e o dinheiro presente no Castelo de Clos Luc\u00e9.<\/p>\n\n\n\n<div class=\"wp-block-image\"><figure class=\"aligncenter size-large is-resized\"><a href=\"https:\/\/www.instagram.com\/rcradiadores\/\"><img loading=\"lazy\" decoding=\"async\" src=\"https:\/\/jornalfatosenoticias.com.br\/wp-content\/uploads\/2022\/10\/RC_800x750_page-0001.jpg\" alt=\"\" class=\"wp-image-35338\" width=\"314\" height=\"294\" srcset=\"https:\/\/jornalfatosenoticias.com.br\/wp-content\/uploads\/2022\/10\/RC_800x750_page-0001.jpg 400w, https:\/\/jornalfatosenoticias.com.br\/wp-content\/uploads\/2022\/10\/RC_800x750_page-0001-300x281.jpg 300w\" sizes=\"auto, (max-width: 314px) 100vw, 314px\" \/><\/a><\/figure><\/div>\n\n\n\n<p>J\u00e1 seu outro aluno, Salai, recebeu metade de uma propriedade perto de Mil\u00e3o; enquanto a outra metade foi para seu servo Vilanis, que tamb\u00e9m recebeu os direitos de tirar \u00e1gua do canal naveg\u00e1vel de S\u00e3o Crist\u00f3v\u00e3o, em Mil\u00e3o \u2014 um direito concedido originalmente a Leonardo pelo rei Lu\u00eds XII \u2014 al\u00e9m dos m\u00f3veis e utens\u00edlios de Clos Luc\u00e9.<\/p>\n\n\n\n<div class=\"wp-block-image\"><figure class=\"aligncenter size-large is-resized\"><a href=\"https:\/\/legisjuris.com.br\/\"><img loading=\"lazy\" decoding=\"async\" src=\"https:\/\/jornalfatosenoticias.com.br\/wp-content\/uploads\/2024\/09\/Legis-Juris-Consultoria_logo.jpg\" alt=\"\" class=\"wp-image-53915\" width=\"477\" height=\"200\" srcset=\"https:\/\/jornalfatosenoticias.com.br\/wp-content\/uploads\/2024\/09\/Legis-Juris-Consultoria_logo.jpg 969w, https:\/\/jornalfatosenoticias.com.br\/wp-content\/uploads\/2024\/09\/Legis-Juris-Consultoria_logo-300x126.jpg 300w, https:\/\/jornalfatosenoticias.com.br\/wp-content\/uploads\/2024\/09\/Legis-Juris-Consultoria_logo-768x322.jpg 768w\" sizes=\"auto, (max-width: 477px) 100vw, 477px\" \/><\/a><\/figure><\/div>\n\n\n\n<p>Os irm\u00e3os de Leonardo, que viviam em Floren\u00e7a, receberam seus bens do banco florentino (400 ecus de ouro, o que correspondia a cerca de 1,4 kg de ouro); sua criada, Maturina, recebeu roupas finas e dois ducados (o equivalente a cerca de dois a tr\u00eas meses de sal\u00e1rio); e, por fim, uma pequena quantia de 70 soldi (aproximadamente o sal\u00e1rio m\u00e9dio mensal) foi doada aos pobres da regi\u00e3o de Amboise.<\/p>\n\n\n\n<div class=\"wp-block-image\"><figure class=\"aligncenter size-large is-resized\"><a href=\"https:\/\/www.instagram.com\/serra4x4cambioautomatico\/\"><img loading=\"lazy\" decoding=\"async\" src=\"https:\/\/jornalfatosenoticias.com.br\/wp-content\/uploads\/2024\/08\/Serra-4x4-1-886x1024.jpg\" alt=\"\" class=\"wp-image-53632\" width=\"279\" height=\"322\" srcset=\"https:\/\/jornalfatosenoticias.com.br\/wp-content\/uploads\/2024\/08\/Serra-4x4-1-886x1024.jpg 886w, https:\/\/jornalfatosenoticias.com.br\/wp-content\/uploads\/2024\/08\/Serra-4x4-1-260x300.jpg 260w, https:\/\/jornalfatosenoticias.com.br\/wp-content\/uploads\/2024\/08\/Serra-4x4-1-768x888.jpg 768w, https:\/\/jornalfatosenoticias.com.br\/wp-content\/uploads\/2024\/08\/Serra-4x4-1.jpg 1181w\" sizes=\"auto, (max-width: 279px) 100vw, 279px\" \/><\/a><\/figure><\/div>\n\n\n\n<p>Vale acrescentar que \u00e9 poss\u00edvel que, ap\u00f3s a morte de Leonardo, <a href=\"https:\/\/aventurasnahistoria.com.br\/noticias\/reportagem\/salai-o-possivel-amor-de-leonardo-da-vinci.phtml\">Salai<\/a> tenha ficado com v\u00e1rias de suas pinturas. Quando Salai faleceu, em 1524 \u2014 em uma ocasi\u00e3o descrita em registros da \u00e9poca como \u201cmorte violenta\u201d \u2014 sua esposa Blanca de Anono e suas irm\u00e3s Angelina e Laurentiola disputaram sua propriedade, e uma escritura p\u00fablica demonstrou que havia, ali, v\u00e1rias pinturas; muitas descritas de maneira bastante parecida a obras de da Vinci que estiveram sempre em sua posse. Mas tamb\u00e9m \u00e9 poss\u00edvel que o que Salai detivesse fossem apenas c\u00f3pias de boa qualidade feitas por alunos de Leonardo (ou pelo pr\u00f3prio Leonardo), enquanto esses originais do artista nunca teriam nem sa\u00eddo da corte francesa.<\/p>\n\n\n\n<div class=\"wp-block-image\"><figure class=\"aligncenter size-large\"><a href=\"https:\/\/www.cesconetto.com.br\/\"><img loading=\"lazy\" decoding=\"async\" width=\"300\" height=\"250\" src=\"https:\/\/jornalfatosenoticias.com.br\/wp-content\/uploads\/2020\/02\/Banner-2.png\" alt=\"\" class=\"wp-image-43787\"\/><\/a><\/figure><\/div>\n\n\n\n<p>Mas o testamento tamb\u00e9m incluiu detalhes sobre como deveria ser sua\u00a0<mark>cerim\u00f4nia de sepultamento<\/mark>. O que Leonardo desejava era ser enterrado na Igreja de Saint-Florentin, em Amboise; que fossem celebradas tr\u00eas missas solenes e trinta missas silenciosas nas quatro igrejas da resid\u00eancia real em Amboise, antes do enterro; que seu caix\u00e3o fosse transportado de Clos Luc\u00e9 para a Igreja de Saint-Florentin pelos capel\u00e3es da igreja, que o caix\u00e3o fosse acompanhado por 60 pessoas pobres, que deveriam carregar uma grande vela cada, al\u00e9m de representantes de Saint-Florentin e dignit\u00e1rios das outras tr\u00eas igrejas; e as sessenta velas deveriam ser divididas igualmente entre as quatro igrejas de Amboise.<\/p>\n\n\n\n<div class=\"wp-block-image\"><figure class=\"aligncenter size-large is-resized\"><a href=\"https:\/\/www.instagram.com\/restaurantepegoretti\/\"><img loading=\"lazy\" decoding=\"async\" src=\"https:\/\/jornalfatosenoticias.com.br\/wp-content\/uploads\/2023\/12\/pegoretti-logo-pdf-1024x389.jpg\" alt=\"\" class=\"wp-image-47536\" width=\"485\" height=\"184\" srcset=\"https:\/\/jornalfatosenoticias.com.br\/wp-content\/uploads\/2023\/12\/pegoretti-logo-pdf-1024x389.jpg 1024w, https:\/\/jornalfatosenoticias.com.br\/wp-content\/uploads\/2023\/12\/pegoretti-logo-pdf-300x114.jpg 300w, https:\/\/jornalfatosenoticias.com.br\/wp-content\/uploads\/2023\/12\/pegoretti-logo-pdf-768x291.jpg 768w, https:\/\/jornalfatosenoticias.com.br\/wp-content\/uploads\/2023\/12\/pegoretti-logo-pdf.jpg 1120w\" sizes=\"auto, (max-width: 485px) 100vw, 485px\" \/><\/a><\/figure><\/div>\n\n\n\n<p><strong><span class=\"has-inline-color has-black-color\">Morte<br><\/span><\/strong>A morte de Leonardo ocorreu no dia\u00a0<mark>2 de maio de 1519<\/mark> \u2014 o que possivelmente n\u00e3o pegou ningu\u00e9m de surpresa, visto que seu testamento foi feito uma semana antes \u2014 com apenas 67 anos. N\u00e3o h\u00e1 fontes da \u00e9poca que detalhem exatamente as circunst\u00e2ncias de sua morte, mas a idade indica que pode, sim, ter sido devido a algum problema de sa\u00fade; para efeito de compara\u00e7\u00e3o, <a href=\"https:\/\/aventurasnahistoria.com.br\/noticias\/reportagem\/historia-da-fascinante-escultura-de-david-de-michelangelo.phtml\">Michelangelo<\/a>, que era cerca de 20 anos mais novo, viveu at\u00e9 os 88 anos, o que coloca a morte de Leonardo como consideravelmente cedo.<\/p>\n\n\n\n<div class=\"wp-block-image\"><figure class=\"aligncenter size-large is-resized\"><a href=\"https:\/\/www.facebook.com\/postobkr\/?locale=pt_BR\"><img loading=\"lazy\" decoding=\"async\" src=\"https:\/\/jornalfatosenoticias.com.br\/wp-content\/uploads\/2023\/08\/BKR-1024x1021.jpg\" alt=\"\" class=\"wp-image-44494\" width=\"303\" height=\"302\" srcset=\"https:\/\/jornalfatosenoticias.com.br\/wp-content\/uploads\/2023\/08\/BKR-1024x1021.jpg 1024w, https:\/\/jornalfatosenoticias.com.br\/wp-content\/uploads\/2023\/08\/BKR-300x300.jpg 300w, https:\/\/jornalfatosenoticias.com.br\/wp-content\/uploads\/2023\/08\/BKR-150x150.jpg 150w, https:\/\/jornalfatosenoticias.com.br\/wp-content\/uploads\/2023\/08\/BKR-768x766.jpg 768w, https:\/\/jornalfatosenoticias.com.br\/wp-content\/uploads\/2023\/08\/BKR.jpg 1080w\" sizes=\"auto, (max-width: 303px) 100vw, 303px\" \/><\/a><\/figure><\/div>\n\n\n\n<p>Um relato bastante famoso da morte de da Vinci foi feito pelo pintor e arquiteto florentino Giorgio Vasari, considerado o primeiro historiador da arte. Ele descreve que o artista ficou doente por muitos meses, confessou-se antes de sua morte e, finalmente, pereceu nos bra\u00e7os do rei, \u201caos 75 anos\u201d. Por\u00e9m, esse relato \u00e9 bastante questionado, tendo em vista que a biografia de da Vinci, feita por Vasari, foi escrita 30 anos ap\u00f3s a morte \u2014 quando Leonardo morreu, Vasari tinha apenas sete anos \u2014 e ele \u00e9 frequentemente associado a relatos imprecisos. Ele errou, inclusive, na idade da morte de da Vinci, escrevendo que ele morreu aos 75 anos, quando na verdade ele tinha 67. De qualquer forma, foi esse relato que inspirou muitos artistas a criarem representa\u00e7\u00f5es da morte de da Vinci nos bra\u00e7os do rei.<\/p>\n\n\n\n<div class=\"wp-block-image\"><figure class=\"aligncenter size-large\"><img loading=\"lazy\" decoding=\"async\" width=\"1000\" height=\"562\" src=\"https:\/\/jornalfatosenoticias.com.br\/wp-content\/uploads\/2025\/10\/A-Morte-de-Leonardo-da-Vinci_GettyImages.jpg\" alt=\"\" class=\"wp-image-62549\" srcset=\"https:\/\/jornalfatosenoticias.com.br\/wp-content\/uploads\/2025\/10\/A-Morte-de-Leonardo-da-Vinci_GettyImages.jpg 1000w, https:\/\/jornalfatosenoticias.com.br\/wp-content\/uploads\/2025\/10\/A-Morte-de-Leonardo-da-Vinci_GettyImages-300x169.jpg 300w, https:\/\/jornalfatosenoticias.com.br\/wp-content\/uploads\/2025\/10\/A-Morte-de-Leonardo-da-Vinci_GettyImages-768x432.jpg 768w\" sizes=\"auto, (max-width: 1000px) 100vw, 1000px\" \/><figcaption><em><span class=\"has-inline-color has-black-color\">\u2018A Morte de Leonardo da Vinci\u2019, de Jean Auguste Dominique Ingres (Foto: Getty Images)<\/span><\/em><\/figcaption><\/figure><\/div>\n\n\n\n<p>N\u00e3o foram divulgadas quaisquer fontes hist\u00f3ricas sobre o funeral de da Vinci, mas presume-se que, devido a sua import\u00e2ncia, tudo ocorreu bem como o artista estipulou em seu testamento. O que se tem certeza \u00e9 que ele foi\u00a0<mark>sepultado em 1519 na Igreja de Saint-Florentin<\/mark>, tendo em vista o registro do Cap\u00edtulo Real da Igreja, que diz: \u201cno claustro desta igreja foi sepultado: Mestre Lionard de Vincy, nobre de Mil\u00e3o, primeiro pintor, engenheiro e arquiteto do Rei, Perito Estatal em Mec\u00e2nica e antigo Diretor de Pintura do Duque de Mil\u00e3o\u201d.<\/p>\n\n\n\n<div class=\"wp-block-image\"><figure class=\"aligncenter size-large is-resized\"><a href=\"https:\/\/www.facebook.com\/profile.php?id=100069289606145\"><img loading=\"lazy\" decoding=\"async\" src=\"https:\/\/jornalfatosenoticias.com.br\/wp-content\/uploads\/2024\/11\/Guaitolini-Contabilidade-1024x714.jpeg\" alt=\"\" class=\"wp-image-55808\" width=\"306\" height=\"213\" srcset=\"https:\/\/jornalfatosenoticias.com.br\/wp-content\/uploads\/2024\/11\/Guaitolini-Contabilidade-1024x714.jpeg 1024w, https:\/\/jornalfatosenoticias.com.br\/wp-content\/uploads\/2024\/11\/Guaitolini-Contabilidade-300x209.jpeg 300w, https:\/\/jornalfatosenoticias.com.br\/wp-content\/uploads\/2024\/11\/Guaitolini-Contabilidade-768x535.jpeg 768w, https:\/\/jornalfatosenoticias.com.br\/wp-content\/uploads\/2024\/11\/Guaitolini-Contabilidade.jpeg 1280w\" sizes=\"auto, (max-width: 306px) 100vw, 306px\" \/><\/a><\/figure><\/div>\n\n\n\n<p>Vale destacar que o fato de Leonardo ser sepultado dentro das muralhas do castelo tamb\u00e9m \u00e9 uma grande honra. Isso normalmente era um direito exclusivo de membros da fam\u00edlia real ou do alto clero; o que confirma ainda mais a estima especial que o artista desfrutava na corte francesa de Francisco I. Mas o local, apesar de importante, n\u00e3o era intacto. Durante a\u00a0<a href=\"https:\/\/aventurasnahistoria.com.br\/noticias\/reportagem\/os-ideais-da-revolucao-francesa-ainda-fazem-sentido-hoje.phtml\">Revolu\u00e7\u00e3o Francesa<\/a>, a Igreja de Saint-Florentin foi profanada, e rapidamente foi abandonada e caiu em ru\u00ednas.<\/p>\n\n\n\n<div class=\"wp-block-image\"><figure class=\"aligncenter size-large is-resized\"><a href=\"https:\/\/hotelmarquetti.com.br\/\"><img loading=\"lazy\" decoding=\"async\" src=\"https:\/\/jornalfatosenoticias.com.br\/wp-content\/uploads\/2020\/02\/LOGO-MQ-1024x680.jpg\" alt=\"\" class=\"wp-image-58299\" width=\"321\" height=\"213\" srcset=\"https:\/\/jornalfatosenoticias.com.br\/wp-content\/uploads\/2020\/02\/LOGO-MQ-1024x680.jpg 1024w, https:\/\/jornalfatosenoticias.com.br\/wp-content\/uploads\/2020\/02\/LOGO-MQ-300x199.jpg 300w, https:\/\/jornalfatosenoticias.com.br\/wp-content\/uploads\/2020\/02\/LOGO-MQ-768x510.jpg 768w, https:\/\/jornalfatosenoticias.com.br\/wp-content\/uploads\/2020\/02\/LOGO-MQ-1536x1020.jpg 1536w, https:\/\/jornalfatosenoticias.com.br\/wp-content\/uploads\/2020\/02\/LOGO-MQ-2048x1360.jpg 2048w\" sizes=\"auto, (max-width: 321px) 100vw, 321px\" \/><\/a><\/figure><\/div>\n\n\n\n<p> Entre 1806 e 1810, um seguidor pr\u00f3ximo de Napole\u00e3o Bonaparte chamado Roger Ducos, ex-c\u00f4nsul que recebeu o castelo do l\u00edder franc\u00eas para seu uso, mandou demolir completamente o que ainda restava da igreja, o que levou \u00e0\u00a0<mark>perda completa<\/mark> do t\u00famulo de Leonardo e de seus restos mortais.<\/p>\n\n\n\n<div class=\"wp-block-image\"><figure class=\"aligncenter size-large is-resized\"><a href=\"https:\/\/panper.com.br\/\"><img loading=\"lazy\" decoding=\"async\" src=\"https:\/\/jornalfatosenoticias.com.br\/wp-content\/uploads\/2023\/03\/logo-Panper_portal.jpg\" alt=\"\" class=\"wp-image-40208\" width=\"310\" height=\"215\" srcset=\"https:\/\/jornalfatosenoticias.com.br\/wp-content\/uploads\/2023\/03\/logo-Panper_portal.jpg 400w, https:\/\/jornalfatosenoticias.com.br\/wp-content\/uploads\/2023\/03\/logo-Panper_portal-300x208.jpg 300w\" sizes=\"auto, (max-width: 310px) 100vw, 310px\" \/><\/a><\/figure><\/div>\n\n\n\n<p>Foi s\u00f3 mais posteriormente, em 1863, que\u00a0<mark>escava\u00e7\u00f5es<\/mark> realizadas no terreno da antiga igreja revelaram uma cripta funer\u00e1ria com restos humanos. L\u00e1, foi encontrado um esqueleto quase completo, e fragmentos de uma laje de sepultura com as sequ\u00eancias de letras \u201c\u2026EO\u2026AR\u2026DUS\u2026VINC\u2026\u201d, que puderam ser interpretadas como, originalmente, \u201cLEONARDUS VINCI\u201d.<\/p>\n\n\n\n<div class=\"wp-block-image\"><figure class=\"aligncenter size-large is-resized\"><a href=\"https:\/\/www.instagram.com\/rcradiadores\/\"><img loading=\"lazy\" decoding=\"async\" src=\"https:\/\/jornalfatosenoticias.com.br\/wp-content\/uploads\/2022\/10\/RC_800x750_page-0001.jpg\" alt=\"\" class=\"wp-image-35338\" width=\"295\" height=\"277\" srcset=\"https:\/\/jornalfatosenoticias.com.br\/wp-content\/uploads\/2022\/10\/RC_800x750_page-0001.jpg 400w, https:\/\/jornalfatosenoticias.com.br\/wp-content\/uploads\/2022\/10\/RC_800x750_page-0001-300x281.jpg 300w\" sizes=\"auto, (max-width: 295px) 100vw, 295px\" \/><\/a><\/figure><\/div>\n\n\n\n<p>Al\u00e9m disso, tamb\u00e9m foram encontradas moedas francesas e italianas da \u00e9poca de Francisco I, e o esqueleto tinha uma altura corporal de cerca de 1,76 metro, excepcionalmente alto para a \u00e9poca, o que tamb\u00e9m coincidia com relatos que descreviam o artista como um homem alto. Por isso, restaram poucas d\u00favidas de que aqueles restos mortais eram, de fato, os t\u00e3o procurados restos de Leonardo da Vinci.<\/p>\n\n\n\n<div class=\"wp-block-image\"><figure class=\"aligncenter size-large is-resized\"><a href=\"https:\/\/www.instagram.com\/gruposei\/\"><img loading=\"lazy\" decoding=\"async\" src=\"https:\/\/jornalfatosenoticias.com.br\/wp-content\/uploads\/2022\/07\/Logo-Grupo-SEI.jpg\" alt=\"\" class=\"wp-image-31973\" width=\"339\" height=\"178\" srcset=\"https:\/\/jornalfatosenoticias.com.br\/wp-content\/uploads\/2022\/07\/Logo-Grupo-SEI.jpg 713w, https:\/\/jornalfatosenoticias.com.br\/wp-content\/uploads\/2022\/07\/Logo-Grupo-SEI-300x158.jpg 300w\" sizes=\"auto, (max-width: 339px) 100vw, 339px\" \/><\/a><\/figure><\/div>\n\n\n\n<p>Posteriormente, em 1874, os ossos de da Vinci foram transferidos para a Capela de Saint-Hubert, no Castelo de Amboise, onde acredita-se que est\u00e1 o t\u00famulo de Leonardo at\u00e9 hoje. A capela \u00e9 aberta ao p\u00fablico e pode ser visitada; enquanto no local da antiga Igreja de Saint-Florentin, h\u00e1 um busto de Leonardo que homenageia o ponto como seu local de sepultamento original.<\/p>\n\n\n\n<div class=\"wp-block-image\"><figure class=\"aligncenter size-large\"><img loading=\"lazy\" decoding=\"async\" width=\"1000\" height=\"562\" src=\"https:\/\/jornalfatosenoticias.com.br\/wp-content\/uploads\/2025\/10\/tumulo-leonardo-da-vinci_GettyImages.jpg\" alt=\"\" class=\"wp-image-62550\" srcset=\"https:\/\/jornalfatosenoticias.com.br\/wp-content\/uploads\/2025\/10\/tumulo-leonardo-da-vinci_GettyImages.jpg 1000w, https:\/\/jornalfatosenoticias.com.br\/wp-content\/uploads\/2025\/10\/tumulo-leonardo-da-vinci_GettyImages-300x169.jpg 300w, https:\/\/jornalfatosenoticias.com.br\/wp-content\/uploads\/2025\/10\/tumulo-leonardo-da-vinci_GettyImages-768x432.jpg 768w\" sizes=\"auto, (max-width: 1000px) 100vw, 1000px\" \/><figcaption><em><span class=\"has-inline-color has-black-color\">T\u00famulo de Leonardo da Vinci na Capela de Saint-Hubert (Foto: Getty Images)<\/span><\/em><\/figcaption><\/figure><\/div>\n\n\n\n<p><strong>Fonte: <a href=\"https:\/\/aventurasnahistoria.com.br\/noticias\/reportagem\/os-ultimos-anos-a-morte-e-o-destino-do-corpo-de-leonardo-da-vinci.phtml\">Aventuras na Hist\u00f3ria<\/a><\/strong><\/p>\n","protected":false},"excerpt":{"rendered":"<p>Um dos maiores mestres artistas que o mundo j\u00e1 viu, Leonardo da Vinci viveu e morreu como uma lenda e um talento inquestion\u00e1vel Por \u00c9ric Moreira Ao longo da hist\u00f3ria da arte, poucos nomes se consagraram tanto quanto o de Leonardo da Vinci. Praticamente uma lenda que realmente existiu, o g\u00eanio\u00a0renascentista\u00a0nasceu no dia 15 de [&hellip;]<\/p>\n","protected":false},"author":2,"featured_media":62552,"comment_status":"open","ping_status":"open","sticky":false,"template":"","format":"standard","meta":{"footnotes":""},"categories":[4],"tags":[3677,1820,1850,125,249,1392,771],"class_list":["post-62548","post","type-post","status-publish","format-standard","has-post-thumbnail","hentry","category-cultura","tag-arte","tag-artista","tag-curiosidades","tag-europa","tag-historia","tag-leonardo-da-vinci","tag-morte"],"yoast_head":"<!-- This site is optimized with the Yoast SEO plugin v26.5 - https:\/\/yoast.com\/wordpress\/plugins\/seo\/ -->\n<title>Os \u00faltimos anos, a morte e o destino do corpo de Leonardo da Vinci - Jornal Fatos e Not\u00edcias<\/title>\n<meta name=\"robots\" content=\"index, follow, max-snippet:-1, max-image-preview:large, max-video-preview:-1\" \/>\n<link rel=\"canonical\" href=\"https:\/\/jornalfatosenoticias.com.br\/index.php\/2025\/10\/15\/os-ultimos-anos-a-morte-e-o-destino-do-corpo-de-leonardo-da-vinci\/\" \/>\n<meta property=\"og:locale\" content=\"pt_BR\" \/>\n<meta property=\"og:type\" content=\"article\" \/>\n<meta property=\"og:title\" content=\"Os \u00faltimos anos, a morte e o destino do corpo de Leonardo da Vinci - Jornal Fatos e Not\u00edcias\" \/>\n<meta property=\"og:description\" content=\"Um dos maiores mestres artistas que o mundo j\u00e1 viu, Leonardo da Vinci viveu e morreu como uma lenda e um talento inquestion\u00e1vel Por \u00c9ric Moreira Ao longo da hist\u00f3ria da arte, poucos nomes se consagraram tanto quanto o de Leonardo da Vinci. Praticamente uma lenda que realmente existiu, o g\u00eanio\u00a0renascentista\u00a0nasceu no dia 15 de [&hellip;]\" \/>\n<meta property=\"og:url\" content=\"https:\/\/jornalfatosenoticias.com.br\/index.php\/2025\/10\/15\/os-ultimos-anos-a-morte-e-o-destino-do-corpo-de-leonardo-da-vinci\/\" \/>\n<meta property=\"og:site_name\" content=\"Jornal Fatos e Not\u00edcias\" \/>\n<meta property=\"article:published_time\" content=\"2025-10-15T19:55:47+00:00\" \/>\n<meta property=\"article:modified_time\" content=\"2025-10-15T19:55:49+00:00\" \/>\n<meta property=\"og:image\" content=\"https:\/\/jornalfatosenoticias.com.br\/wp-content\/uploads\/2025\/10\/Leonardo-da-Vinci_GettyImages.jpg\" \/>\n\t<meta property=\"og:image:width\" content=\"1000\" \/>\n\t<meta property=\"og:image:height\" content=\"562\" \/>\n\t<meta property=\"og:image:type\" content=\"image\/jpeg\" \/>\n<meta name=\"author\" content=\"Luzimara Fernandes\" \/>\n<meta name=\"twitter:card\" content=\"summary_large_image\" \/>\n<meta name=\"twitter:label1\" content=\"Escrito por\" \/>\n\t<meta name=\"twitter:data1\" content=\"Luzimara Fernandes\" \/>\n\t<meta name=\"twitter:label2\" content=\"Est. tempo de leitura\" \/>\n\t<meta name=\"twitter:data2\" content=\"13 minutos\" \/>\n<script type=\"application\/ld+json\" class=\"yoast-schema-graph\">{\"@context\":\"https:\/\/schema.org\",\"@graph\":[{\"@type\":\"Article\",\"@id\":\"https:\/\/jornalfatosenoticias.com.br\/index.php\/2025\/10\/15\/os-ultimos-anos-a-morte-e-o-destino-do-corpo-de-leonardo-da-vinci\/#article\",\"isPartOf\":{\"@id\":\"https:\/\/jornalfatosenoticias.com.br\/index.php\/2025\/10\/15\/os-ultimos-anos-a-morte-e-o-destino-do-corpo-de-leonardo-da-vinci\/\"},\"author\":{\"name\":\"Luzimara Fernandes\",\"@id\":\"https:\/\/jornalfatosenoticias.com.br\/#\/schema\/person\/d63837fa13ac8666eb9e74e0985d6f81\"},\"headline\":\"Os \u00faltimos anos, a morte e o destino do corpo de Leonardo da Vinci\",\"datePublished\":\"2025-10-15T19:55:47+00:00\",\"dateModified\":\"2025-10-15T19:55:49+00:00\",\"mainEntityOfPage\":{\"@id\":\"https:\/\/jornalfatosenoticias.com.br\/index.php\/2025\/10\/15\/os-ultimos-anos-a-morte-e-o-destino-do-corpo-de-leonardo-da-vinci\/\"},\"wordCount\":2648,\"commentCount\":0,\"publisher\":{\"@id\":\"https:\/\/jornalfatosenoticias.com.br\/#organization\"},\"image\":{\"@id\":\"https:\/\/jornalfatosenoticias.com.br\/index.php\/2025\/10\/15\/os-ultimos-anos-a-morte-e-o-destino-do-corpo-de-leonardo-da-vinci\/#primaryimage\"},\"thumbnailUrl\":\"https:\/\/jornalfatosenoticias.com.br\/wp-content\/uploads\/2025\/10\/Leonardo-da-Vinci_GettyImages.jpg\",\"keywords\":[\"arte\",\"artista\",\"curiosidades\",\"Europa\",\"hist\u00f3ria\",\"Leonardo da Vinci\",\"morte\"],\"articleSection\":[\"Cultura\"],\"inLanguage\":\"pt-BR\",\"potentialAction\":[{\"@type\":\"CommentAction\",\"name\":\"Comment\",\"target\":[\"https:\/\/jornalfatosenoticias.com.br\/index.php\/2025\/10\/15\/os-ultimos-anos-a-morte-e-o-destino-do-corpo-de-leonardo-da-vinci\/#respond\"]}]},{\"@type\":\"WebPage\",\"@id\":\"https:\/\/jornalfatosenoticias.com.br\/index.php\/2025\/10\/15\/os-ultimos-anos-a-morte-e-o-destino-do-corpo-de-leonardo-da-vinci\/\",\"url\":\"https:\/\/jornalfatosenoticias.com.br\/index.php\/2025\/10\/15\/os-ultimos-anos-a-morte-e-o-destino-do-corpo-de-leonardo-da-vinci\/\",\"name\":\"Os \u00faltimos anos, a morte e o destino do corpo de Leonardo da Vinci - Jornal Fatos e Not\u00edcias\",\"isPartOf\":{\"@id\":\"https:\/\/jornalfatosenoticias.com.br\/#website\"},\"primaryImageOfPage\":{\"@id\":\"https:\/\/jornalfatosenoticias.com.br\/index.php\/2025\/10\/15\/os-ultimos-anos-a-morte-e-o-destino-do-corpo-de-leonardo-da-vinci\/#primaryimage\"},\"image\":{\"@id\":\"https:\/\/jornalfatosenoticias.com.br\/index.php\/2025\/10\/15\/os-ultimos-anos-a-morte-e-o-destino-do-corpo-de-leonardo-da-vinci\/#primaryimage\"},\"thumbnailUrl\":\"https:\/\/jornalfatosenoticias.com.br\/wp-content\/uploads\/2025\/10\/Leonardo-da-Vinci_GettyImages.jpg\",\"datePublished\":\"2025-10-15T19:55:47+00:00\",\"dateModified\":\"2025-10-15T19:55:49+00:00\",\"breadcrumb\":{\"@id\":\"https:\/\/jornalfatosenoticias.com.br\/index.php\/2025\/10\/15\/os-ultimos-anos-a-morte-e-o-destino-do-corpo-de-leonardo-da-vinci\/#breadcrumb\"},\"inLanguage\":\"pt-BR\",\"potentialAction\":[{\"@type\":\"ReadAction\",\"target\":[\"https:\/\/jornalfatosenoticias.com.br\/index.php\/2025\/10\/15\/os-ultimos-anos-a-morte-e-o-destino-do-corpo-de-leonardo-da-vinci\/\"]}]},{\"@type\":\"ImageObject\",\"inLanguage\":\"pt-BR\",\"@id\":\"https:\/\/jornalfatosenoticias.com.br\/index.php\/2025\/10\/15\/os-ultimos-anos-a-morte-e-o-destino-do-corpo-de-leonardo-da-vinci\/#primaryimage\",\"url\":\"https:\/\/jornalfatosenoticias.com.br\/wp-content\/uploads\/2025\/10\/Leonardo-da-Vinci_GettyImages.jpg\",\"contentUrl\":\"https:\/\/jornalfatosenoticias.com.br\/wp-content\/uploads\/2025\/10\/Leonardo-da-Vinci_GettyImages.jpg\",\"width\":1000,\"height\":562,\"caption\":\"Leonardo da Vinci. Found in the Collection of Galleria degli Uffizi, Florence.\"},{\"@type\":\"BreadcrumbList\",\"@id\":\"https:\/\/jornalfatosenoticias.com.br\/index.php\/2025\/10\/15\/os-ultimos-anos-a-morte-e-o-destino-do-corpo-de-leonardo-da-vinci\/#breadcrumb\",\"itemListElement\":[{\"@type\":\"ListItem\",\"position\":1,\"name\":\"In\u00edcio\",\"item\":\"https:\/\/jornalfatosenoticias.com.br\/\"},{\"@type\":\"ListItem\",\"position\":2,\"name\":\"Os \u00faltimos anos, a morte e o destino do corpo de Leonardo da Vinci\"}]},{\"@type\":\"WebSite\",\"@id\":\"https:\/\/jornalfatosenoticias.com.br\/#website\",\"url\":\"https:\/\/jornalfatosenoticias.com.br\/\",\"name\":\"Jornal Fatos e Not\u00edcias\",\"description\":\"Not\u00edcias em geral\",\"publisher\":{\"@id\":\"https:\/\/jornalfatosenoticias.com.br\/#organization\"},\"potentialAction\":[{\"@type\":\"SearchAction\",\"target\":{\"@type\":\"EntryPoint\",\"urlTemplate\":\"https:\/\/jornalfatosenoticias.com.br\/?s={search_term_string}\"},\"query-input\":{\"@type\":\"PropertyValueSpecification\",\"valueRequired\":true,\"valueName\":\"search_term_string\"}}],\"inLanguage\":\"pt-BR\"},{\"@type\":\"Organization\",\"@id\":\"https:\/\/jornalfatosenoticias.com.br\/#organization\",\"name\":\"Jornal Fatos e Not\u00edcias\",\"url\":\"https:\/\/jornalfatosenoticias.com.br\/\",\"logo\":{\"@type\":\"ImageObject\",\"inLanguage\":\"pt-BR\",\"@id\":\"https:\/\/jornalfatosenoticias.com.br\/#\/schema\/logo\/image\/\",\"url\":\"https:\/\/jornalfatosenoticias.com.br\/wp-content\/uploads\/2020\/02\/logo120.png\",\"contentUrl\":\"https:\/\/jornalfatosenoticias.com.br\/wp-content\/uploads\/2020\/02\/logo120.png\",\"width\":1227,\"height\":120,\"caption\":\"Jornal Fatos e Not\u00edcias\"},\"image\":{\"@id\":\"https:\/\/jornalfatosenoticias.com.br\/#\/schema\/logo\/image\/\"}},{\"@type\":\"Person\",\"@id\":\"https:\/\/jornalfatosenoticias.com.br\/#\/schema\/person\/d63837fa13ac8666eb9e74e0985d6f81\",\"name\":\"Luzimara Fernandes\",\"image\":{\"@type\":\"ImageObject\",\"inLanguage\":\"pt-BR\",\"@id\":\"https:\/\/jornalfatosenoticias.com.br\/#\/schema\/person\/image\/\",\"url\":\"https:\/\/jornalfatosenoticias.com.br\/wp-content\/uploads\/2025\/05\/EU_portal.jpg\",\"contentUrl\":\"https:\/\/jornalfatosenoticias.com.br\/wp-content\/uploads\/2025\/05\/EU_portal.jpg\",\"caption\":\"Luzimara Fernandes\"},\"description\":\"Jornalista MTB 2358-ES\",\"sameAs\":[\"https:\/\/jornalfatosenoticias.com.br\"],\"url\":\"https:\/\/jornalfatosenoticias.com.br\/index.php\/author\/luzimara\/\"}]}<\/script>\n<!-- \/ Yoast SEO plugin. -->","yoast_head_json":{"title":"Os \u00faltimos anos, a morte e o destino do corpo de Leonardo da Vinci - Jornal Fatos e Not\u00edcias","robots":{"index":"index","follow":"follow","max-snippet":"max-snippet:-1","max-image-preview":"max-image-preview:large","max-video-preview":"max-video-preview:-1"},"canonical":"https:\/\/jornalfatosenoticias.com.br\/index.php\/2025\/10\/15\/os-ultimos-anos-a-morte-e-o-destino-do-corpo-de-leonardo-da-vinci\/","og_locale":"pt_BR","og_type":"article","og_title":"Os \u00faltimos anos, a morte e o destino do corpo de Leonardo da Vinci - Jornal Fatos e Not\u00edcias","og_description":"Um dos maiores mestres artistas que o mundo j\u00e1 viu, Leonardo da Vinci viveu e morreu como uma lenda e um talento inquestion\u00e1vel Por \u00c9ric Moreira Ao longo da hist\u00f3ria da arte, poucos nomes se consagraram tanto quanto o de Leonardo da Vinci. Praticamente uma lenda que realmente existiu, o g\u00eanio\u00a0renascentista\u00a0nasceu no dia 15 de [&hellip;]","og_url":"https:\/\/jornalfatosenoticias.com.br\/index.php\/2025\/10\/15\/os-ultimos-anos-a-morte-e-o-destino-do-corpo-de-leonardo-da-vinci\/","og_site_name":"Jornal Fatos e Not\u00edcias","article_published_time":"2025-10-15T19:55:47+00:00","article_modified_time":"2025-10-15T19:55:49+00:00","og_image":[{"width":1000,"height":562,"url":"https:\/\/jornalfatosenoticias.com.br\/wp-content\/uploads\/2025\/10\/Leonardo-da-Vinci_GettyImages.jpg","type":"image\/jpeg"}],"author":"Luzimara Fernandes","twitter_card":"summary_large_image","twitter_misc":{"Escrito por":"Luzimara Fernandes","Est. tempo de leitura":"13 minutos"},"schema":{"@context":"https:\/\/schema.org","@graph":[{"@type":"Article","@id":"https:\/\/jornalfatosenoticias.com.br\/index.php\/2025\/10\/15\/os-ultimos-anos-a-morte-e-o-destino-do-corpo-de-leonardo-da-vinci\/#article","isPartOf":{"@id":"https:\/\/jornalfatosenoticias.com.br\/index.php\/2025\/10\/15\/os-ultimos-anos-a-morte-e-o-destino-do-corpo-de-leonardo-da-vinci\/"},"author":{"name":"Luzimara Fernandes","@id":"https:\/\/jornalfatosenoticias.com.br\/#\/schema\/person\/d63837fa13ac8666eb9e74e0985d6f81"},"headline":"Os \u00faltimos anos, a morte e o destino do corpo de Leonardo da Vinci","datePublished":"2025-10-15T19:55:47+00:00","dateModified":"2025-10-15T19:55:49+00:00","mainEntityOfPage":{"@id":"https:\/\/jornalfatosenoticias.com.br\/index.php\/2025\/10\/15\/os-ultimos-anos-a-morte-e-o-destino-do-corpo-de-leonardo-da-vinci\/"},"wordCount":2648,"commentCount":0,"publisher":{"@id":"https:\/\/jornalfatosenoticias.com.br\/#organization"},"image":{"@id":"https:\/\/jornalfatosenoticias.com.br\/index.php\/2025\/10\/15\/os-ultimos-anos-a-morte-e-o-destino-do-corpo-de-leonardo-da-vinci\/#primaryimage"},"thumbnailUrl":"https:\/\/jornalfatosenoticias.com.br\/wp-content\/uploads\/2025\/10\/Leonardo-da-Vinci_GettyImages.jpg","keywords":["arte","artista","curiosidades","Europa","hist\u00f3ria","Leonardo da Vinci","morte"],"articleSection":["Cultura"],"inLanguage":"pt-BR","potentialAction":[{"@type":"CommentAction","name":"Comment","target":["https:\/\/jornalfatosenoticias.com.br\/index.php\/2025\/10\/15\/os-ultimos-anos-a-morte-e-o-destino-do-corpo-de-leonardo-da-vinci\/#respond"]}]},{"@type":"WebPage","@id":"https:\/\/jornalfatosenoticias.com.br\/index.php\/2025\/10\/15\/os-ultimos-anos-a-morte-e-o-destino-do-corpo-de-leonardo-da-vinci\/","url":"https:\/\/jornalfatosenoticias.com.br\/index.php\/2025\/10\/15\/os-ultimos-anos-a-morte-e-o-destino-do-corpo-de-leonardo-da-vinci\/","name":"Os \u00faltimos anos, a morte e o destino do corpo de Leonardo da Vinci - Jornal Fatos e Not\u00edcias","isPartOf":{"@id":"https:\/\/jornalfatosenoticias.com.br\/#website"},"primaryImageOfPage":{"@id":"https:\/\/jornalfatosenoticias.com.br\/index.php\/2025\/10\/15\/os-ultimos-anos-a-morte-e-o-destino-do-corpo-de-leonardo-da-vinci\/#primaryimage"},"image":{"@id":"https:\/\/jornalfatosenoticias.com.br\/index.php\/2025\/10\/15\/os-ultimos-anos-a-morte-e-o-destino-do-corpo-de-leonardo-da-vinci\/#primaryimage"},"thumbnailUrl":"https:\/\/jornalfatosenoticias.com.br\/wp-content\/uploads\/2025\/10\/Leonardo-da-Vinci_GettyImages.jpg","datePublished":"2025-10-15T19:55:47+00:00","dateModified":"2025-10-15T19:55:49+00:00","breadcrumb":{"@id":"https:\/\/jornalfatosenoticias.com.br\/index.php\/2025\/10\/15\/os-ultimos-anos-a-morte-e-o-destino-do-corpo-de-leonardo-da-vinci\/#breadcrumb"},"inLanguage":"pt-BR","potentialAction":[{"@type":"ReadAction","target":["https:\/\/jornalfatosenoticias.com.br\/index.php\/2025\/10\/15\/os-ultimos-anos-a-morte-e-o-destino-do-corpo-de-leonardo-da-vinci\/"]}]},{"@type":"ImageObject","inLanguage":"pt-BR","@id":"https:\/\/jornalfatosenoticias.com.br\/index.php\/2025\/10\/15\/os-ultimos-anos-a-morte-e-o-destino-do-corpo-de-leonardo-da-vinci\/#primaryimage","url":"https:\/\/jornalfatosenoticias.com.br\/wp-content\/uploads\/2025\/10\/Leonardo-da-Vinci_GettyImages.jpg","contentUrl":"https:\/\/jornalfatosenoticias.com.br\/wp-content\/uploads\/2025\/10\/Leonardo-da-Vinci_GettyImages.jpg","width":1000,"height":562,"caption":"Leonardo da Vinci. Found in the Collection of Galleria degli Uffizi, Florence."},{"@type":"BreadcrumbList","@id":"https:\/\/jornalfatosenoticias.com.br\/index.php\/2025\/10\/15\/os-ultimos-anos-a-morte-e-o-destino-do-corpo-de-leonardo-da-vinci\/#breadcrumb","itemListElement":[{"@type":"ListItem","position":1,"name":"In\u00edcio","item":"https:\/\/jornalfatosenoticias.com.br\/"},{"@type":"ListItem","position":2,"name":"Os \u00faltimos anos, a morte e o destino do corpo de Leonardo da Vinci"}]},{"@type":"WebSite","@id":"https:\/\/jornalfatosenoticias.com.br\/#website","url":"https:\/\/jornalfatosenoticias.com.br\/","name":"Jornal Fatos e Not\u00edcias","description":"Not\u00edcias em geral","publisher":{"@id":"https:\/\/jornalfatosenoticias.com.br\/#organization"},"potentialAction":[{"@type":"SearchAction","target":{"@type":"EntryPoint","urlTemplate":"https:\/\/jornalfatosenoticias.com.br\/?s={search_term_string}"},"query-input":{"@type":"PropertyValueSpecification","valueRequired":true,"valueName":"search_term_string"}}],"inLanguage":"pt-BR"},{"@type":"Organization","@id":"https:\/\/jornalfatosenoticias.com.br\/#organization","name":"Jornal Fatos e Not\u00edcias","url":"https:\/\/jornalfatosenoticias.com.br\/","logo":{"@type":"ImageObject","inLanguage":"pt-BR","@id":"https:\/\/jornalfatosenoticias.com.br\/#\/schema\/logo\/image\/","url":"https:\/\/jornalfatosenoticias.com.br\/wp-content\/uploads\/2020\/02\/logo120.png","contentUrl":"https:\/\/jornalfatosenoticias.com.br\/wp-content\/uploads\/2020\/02\/logo120.png","width":1227,"height":120,"caption":"Jornal Fatos e Not\u00edcias"},"image":{"@id":"https:\/\/jornalfatosenoticias.com.br\/#\/schema\/logo\/image\/"}},{"@type":"Person","@id":"https:\/\/jornalfatosenoticias.com.br\/#\/schema\/person\/d63837fa13ac8666eb9e74e0985d6f81","name":"Luzimara Fernandes","image":{"@type":"ImageObject","inLanguage":"pt-BR","@id":"https:\/\/jornalfatosenoticias.com.br\/#\/schema\/person\/image\/","url":"https:\/\/jornalfatosenoticias.com.br\/wp-content\/uploads\/2025\/05\/EU_portal.jpg","contentUrl":"https:\/\/jornalfatosenoticias.com.br\/wp-content\/uploads\/2025\/05\/EU_portal.jpg","caption":"Luzimara Fernandes"},"description":"Jornalista MTB 2358-ES","sameAs":["https:\/\/jornalfatosenoticias.com.br"],"url":"https:\/\/jornalfatosenoticias.com.br\/index.php\/author\/luzimara\/"}]}},"cc_featured_image_caption":{"caption_text":"(Foto: Getty Images)","source_text":"","source_url":""},"jetpack_featured_media_url":"https:\/\/jornalfatosenoticias.com.br\/wp-content\/uploads\/2025\/10\/Leonardo-da-Vinci_GettyImages.jpg","_links":{"self":[{"href":"https:\/\/jornalfatosenoticias.com.br\/index.php\/wp-json\/wp\/v2\/posts\/62548","targetHints":{"allow":["GET"]}}],"collection":[{"href":"https:\/\/jornalfatosenoticias.com.br\/index.php\/wp-json\/wp\/v2\/posts"}],"about":[{"href":"https:\/\/jornalfatosenoticias.com.br\/index.php\/wp-json\/wp\/v2\/types\/post"}],"author":[{"embeddable":true,"href":"https:\/\/jornalfatosenoticias.com.br\/index.php\/wp-json\/wp\/v2\/users\/2"}],"replies":[{"embeddable":true,"href":"https:\/\/jornalfatosenoticias.com.br\/index.php\/wp-json\/wp\/v2\/comments?post=62548"}],"version-history":[{"count":0,"href":"https:\/\/jornalfatosenoticias.com.br\/index.php\/wp-json\/wp\/v2\/posts\/62548\/revisions"}],"wp:featuredmedia":[{"embeddable":true,"href":"https:\/\/jornalfatosenoticias.com.br\/index.php\/wp-json\/wp\/v2\/media\/62552"}],"wp:attachment":[{"href":"https:\/\/jornalfatosenoticias.com.br\/index.php\/wp-json\/wp\/v2\/media?parent=62548"}],"wp:term":[{"taxonomy":"category","embeddable":true,"href":"https:\/\/jornalfatosenoticias.com.br\/index.php\/wp-json\/wp\/v2\/categories?post=62548"},{"taxonomy":"post_tag","embeddable":true,"href":"https:\/\/jornalfatosenoticias.com.br\/index.php\/wp-json\/wp\/v2\/tags?post=62548"}],"curies":[{"name":"wp","href":"https:\/\/api.w.org\/{rel}","templated":true}]}}