{"id":62554,"date":"2025-10-15T17:18:06","date_gmt":"2025-10-15T20:18:06","guid":{"rendered":"https:\/\/jornalfatosenoticias.com.br\/?p=62554"},"modified":"2025-10-15T17:18:08","modified_gmt":"2025-10-15T20:18:08","slug":"novo-plano-para-educacao-inclui-eixo-climatico-e-amplia-gastos-para-11-do-pib","status":"publish","type":"post","link":"https:\/\/jornalfatosenoticias.com.br\/index.php\/2025\/10\/15\/novo-plano-para-educacao-inclui-eixo-climatico-e-amplia-gastos-para-11-do-pib\/","title":{"rendered":"Novo plano para educa\u00e7\u00e3o inclui eixo clim\u00e1tico e amplia gastos para 11% do PIB"},"content":{"rendered":"\n<p><em><span class=\"has-inline-color has-black-color\">O texto traz algumas mudan\u00e7as relevantes em rela\u00e7\u00e3o ao projeto original enviado pelo governo<\/span><\/em><\/p>\n\n\n\n<p><span class=\"has-inline-color has-black-color\">Por <strong><strong>\u00a0<\/strong><a href=\"https:\/\/www.gazetadopovo.com.br\/autor\/leonardo-desideri\/\">Leonardo Desideri<\/a><\/strong><\/span><\/p>\n\n\n\n<div class=\"wp-block-image\"><figure class=\"aligncenter size-large\"><a href=\"https:\/\/mizu.com.br\/\"><img loading=\"lazy\" decoding=\"async\" width=\"729\" height=\"90\" src=\"https:\/\/jornalfatosenoticias.com.br\/wp-content\/uploads\/2020\/02\/Logo_Mizu.png\" alt=\"\" class=\"wp-image-1441\" srcset=\"https:\/\/jornalfatosenoticias.com.br\/wp-content\/uploads\/2020\/02\/Logo_Mizu.png 729w, https:\/\/jornalfatosenoticias.com.br\/wp-content\/uploads\/2020\/02\/Logo_Mizu-300x37.png 300w\" sizes=\"auto, (max-width: 729px) 100vw, 729px\" \/><\/a><\/figure><\/div>\n\n\n\n<p>O parecer do relator deputado Moses Rodrigues (Uni\u00e3o-CE) ao projeto do novo Plano Nacional de Educa\u00e7\u00e3o (PNE) foi apresentado, na \u00faltima ter\u00e7a-feira (14), na Comiss\u00e3o Especial da C\u00e2mara dos Deputados dedicada ao tema. O texto traz algumas mudan\u00e7as relevantes em rela\u00e7\u00e3o ao projeto original enviado pelo governo, entre elas o aumento da meta de investimento total em educa\u00e7\u00e3o no Brasil e a cria\u00e7\u00e3o de um eixo tem\u00e1tico voltado para mudan\u00e7as clim\u00e1ticas e sustentabilidade, algo in\u00e9dito no hist\u00f3rico dos PNEs brasileiros.<br>O PNE \u00e9 um plano decenal que orienta as metas e estrat\u00e9gias da pol\u00edtica educacional em todo o pa\u00eds. Ele funciona como um norte para a a\u00e7\u00e3o do Executivo nos \u00e2mbitos federal, estadual e municipal, guiando os investimentos e as prioridades. O plano atual, aprovado em 2014, vigoraria at\u00e9 o fim de 2024 e foi prorrogado at\u00e9 2025, e o novo texto define metas para o per\u00edodo de 2025 a 2035.<\/p>\n\n\n\n<div class=\"wp-block-image\"><figure class=\"aligncenter size-large\"><a href=\"https:\/\/www.cesconetto.com.br\/\"><img loading=\"lazy\" decoding=\"async\" width=\"300\" height=\"250\" src=\"https:\/\/jornalfatosenoticias.com.br\/wp-content\/uploads\/2020\/02\/Banner-2.png\" alt=\"\" class=\"wp-image-43787\"\/><\/a><\/figure><\/div>\n\n\n\n<p>Entre as principais metas mais gerais do projeto do novo PNE est\u00e3o o objetivo de garantir a alfabetiza\u00e7\u00e3o at\u00e9 o 2.\u00ba ano do ensino fundamental, a valoriza\u00e7\u00e3o dos profissionais da educa\u00e7\u00e3o b\u00e1sica, a cria\u00e7\u00e3o de um programa nacional de infraestrutura escolar vinculado ao MEC \u2014 que pode acabar tirando poder de estados e munic\u00edpios \u2014 e a amplia\u00e7\u00e3o da educa\u00e7\u00e3o integral.<\/p>\n\n\n\n<div class=\"wp-block-image\"><figure class=\"aligncenter size-large is-resized\"><a href=\"https:\/\/www.instagram.com\/serra4x4cambioautomatico\/\"><img loading=\"lazy\" decoding=\"async\" src=\"https:\/\/jornalfatosenoticias.com.br\/wp-content\/uploads\/2024\/08\/Serra-4x4-1-886x1024.jpg\" alt=\"\" class=\"wp-image-53632\" width=\"278\" height=\"322\" srcset=\"https:\/\/jornalfatosenoticias.com.br\/wp-content\/uploads\/2024\/08\/Serra-4x4-1-886x1024.jpg 886w, https:\/\/jornalfatosenoticias.com.br\/wp-content\/uploads\/2024\/08\/Serra-4x4-1-260x300.jpg 260w, https:\/\/jornalfatosenoticias.com.br\/wp-content\/uploads\/2024\/08\/Serra-4x4-1-768x888.jpg 768w, https:\/\/jornalfatosenoticias.com.br\/wp-content\/uploads\/2024\/08\/Serra-4x4-1.jpg 1181w\" sizes=\"auto, (max-width: 278px) 100vw, 278px\" \/><\/a><\/figure><\/div>\n\n\n\n<p>O plano tamb\u00e9m estabelece um calend\u00e1rio com revis\u00f5es obrigat\u00f3rias a cada dois anos e determina que Uni\u00e3o, estados e munic\u00edpios elaborem planos operacionais intermedi\u00e1rios com metas locais. Uma das mudan\u00e7as mais importantes entre o parecer e o projeto original \u00e9 a eleva\u00e7\u00e3o da meta de gasto p\u00fablico total com educa\u00e7\u00e3o de 10% para 11% do PIB, somando recursos p\u00fablicos e privados. Isso significa, na pr\u00e1tica, ampliar os recursos que circulam na rede p\u00fablica de ensino e em programas federais de educa\u00e7\u00e3o, o que deve reabrir um debate antigo: embora o gasto com educa\u00e7\u00e3o tenha crescido de forma intensa nas \u00faltimas d\u00e9cadas, os indicadores de aprendizagem continuam estagnados.<\/p>\n\n\n\n<div class=\"wp-block-image\"><figure class=\"aligncenter size-large is-resized\"><a href=\"https:\/\/www.instagram.com\/esteio.churrascaria\/\"><img loading=\"lazy\" decoding=\"async\" src=\"https:\/\/jornalfatosenoticias.com.br\/wp-content\/uploads\/2022\/02\/LOGO-ESTEIO-1024x730.png\" alt=\"\" class=\"wp-image-27942\" width=\"320\" height=\"228\" srcset=\"https:\/\/jornalfatosenoticias.com.br\/wp-content\/uploads\/2022\/02\/LOGO-ESTEIO-1024x730.png 1024w, https:\/\/jornalfatosenoticias.com.br\/wp-content\/uploads\/2022\/02\/LOGO-ESTEIO-300x214.png 300w, https:\/\/jornalfatosenoticias.com.br\/wp-content\/uploads\/2022\/02\/LOGO-ESTEIO-768x548.png 768w, https:\/\/jornalfatosenoticias.com.br\/wp-content\/uploads\/2022\/02\/LOGO-ESTEIO.png 1123w\" sizes=\"auto, (max-width: 320px) 100vw, 320px\" \/><\/a><\/figure><\/div>\n\n\n\n<p>Outra novidade \u00e9 a introdu\u00e7\u00e3o de um eixo tem\u00e1tico dedicado a mudan\u00e7as clim\u00e1ticas e sustentabilidade. Ele vai orientar pol\u00edticas no conte\u00fado curricular, na forma\u00e7\u00e3o de professores e em pr\u00e1ticas escolares. O tema passar\u00e1 a ser tratado de forma transversal nas disciplinas, com programas espec\u00edficos de educa\u00e7\u00e3o ambiental e clim\u00e1tica; professores dever\u00e3o ser capacitados para trabalhar o assunto em sala de aula; e escolas dever\u00e3o adotar pol\u00edticas de sustentabilidade, como uso racional de recursos e a\u00e7\u00f5es voltadas \u00e0 preserva\u00e7\u00e3o ambiental.<\/p>\n\n\n\n<div class=\"wp-block-image\"><figure class=\"aligncenter size-large is-resized\"><a href=\"https:\/\/panper.com.br\/\"><img loading=\"lazy\" decoding=\"async\" src=\"https:\/\/jornalfatosenoticias.com.br\/wp-content\/uploads\/2023\/03\/logo-Panper_portal.jpg\" alt=\"\" class=\"wp-image-40208\" width=\"296\" height=\"205\" srcset=\"https:\/\/jornalfatosenoticias.com.br\/wp-content\/uploads\/2023\/03\/logo-Panper_portal.jpg 400w, https:\/\/jornalfatosenoticias.com.br\/wp-content\/uploads\/2023\/03\/logo-Panper_portal-300x208.jpg 300w\" sizes=\"auto, (max-width: 296px) 100vw, 296px\" \/><\/a><\/figure><\/div>\n\n\n\n<p>O parecer tamb\u00e9m detalha mecanismos de monitoramento da qualidade da educa\u00e7\u00e3o vinculados ao rec\u00e9m-aprovado Sistema Nacional de Educa\u00e7\u00e3o (SNE). Estados e munic\u00edpios dever\u00e3o alimentar um sistema nacional de informa\u00e7\u00f5es em tempo real, para permitir que o governo federal acompanhe de forma mais precisa a execu\u00e7\u00e3o das metas e tenha uma base de dados mais integrada para orientar pol\u00edticas p\u00fablicas.<\/p>\n\n\n\n<div class=\"wp-block-image\"><figure class=\"aligncenter size-large is-resized\"><a href=\"https:\/\/www.facebook.com\/profile.php?id=100069289606145\"><img loading=\"lazy\" decoding=\"async\" src=\"https:\/\/jornalfatosenoticias.com.br\/wp-content\/uploads\/2024\/11\/Guaitolini-Contabilidade-1024x714.jpeg\" alt=\"\" class=\"wp-image-55808\" width=\"316\" height=\"220\" srcset=\"https:\/\/jornalfatosenoticias.com.br\/wp-content\/uploads\/2024\/11\/Guaitolini-Contabilidade-1024x714.jpeg 1024w, https:\/\/jornalfatosenoticias.com.br\/wp-content\/uploads\/2024\/11\/Guaitolini-Contabilidade-300x209.jpeg 300w, https:\/\/jornalfatosenoticias.com.br\/wp-content\/uploads\/2024\/11\/Guaitolini-Contabilidade-768x535.jpeg 768w, https:\/\/jornalfatosenoticias.com.br\/wp-content\/uploads\/2024\/11\/Guaitolini-Contabilidade.jpeg 1280w\" sizes=\"auto, (max-width: 316px) 100vw, 316px\" \/><\/a><\/figure><\/div>\n\n\n\n<p>Na gest\u00e3o escolar, o parecer detalha crit\u00e9rios para a escolha de diretores, combinando desempenho e participa\u00e7\u00e3o da comunidade escolar. Hoje, os crit\u00e9rios variam bastante entre estados e munic\u00edpios. A proposta tende a uniformiz\u00e1-los. Outro ponto relevante \u00e9 a meta de ampliar o ensino em tempo integral. O projeto original previa que 40% das escolas funcionassem em tempo integral at\u00e9 2035; o parecer eleva essa meta para 50%.<\/p>\n\n\n\n<div class=\"wp-block-image\"><figure class=\"aligncenter size-large\"><a href=\"http:\/\/www.ferrarimaquinas.com.br\/\"><img loading=\"lazy\" decoding=\"async\" width=\"300\" height=\"250\" src=\"https:\/\/jornalfatosenoticias.com.br\/wp-content\/uploads\/2022\/02\/FERRARI_MAQUINAS-E-FERRAMENTAS2.jpg\" alt=\"\" class=\"wp-image-27860\"\/><\/a><\/figure><\/div>\n\n\n\n<p>As mudan\u00e7as se somam a outras como a reorganiza\u00e7\u00e3o de metas para alfabetiza\u00e7\u00e3o al\u00e9m de atualiza\u00e7\u00f5es em indicadores de qualidade. O deputado Moses Rodrigues afirma que o texto &#8220;\u00e9 supermoderado, um texto que traz as contribui\u00e7\u00f5es de toda a sociedade civil e tamb\u00e9m do Congresso Nacional e que dar\u00e1 uma nova din\u00e2mica para a educa\u00e7\u00e3o brasileira&#8221;.<\/p>\n\n\n\n<div class=\"wp-block-image\"><figure class=\"aligncenter size-large is-resized\"><a href=\"https:\/\/www.facebook.com\/vetor.vix\/\"><img loading=\"lazy\" decoding=\"async\" src=\"https:\/\/jornalfatosenoticias.com.br\/wp-content\/uploads\/2023\/09\/vetorvix1024_1.jpg\" alt=\"\" class=\"wp-image-44868\" width=\"543\" height=\"144\" srcset=\"https:\/\/jornalfatosenoticias.com.br\/wp-content\/uploads\/2023\/09\/vetorvix1024_1.jpg 1024w, https:\/\/jornalfatosenoticias.com.br\/wp-content\/uploads\/2023\/09\/vetorvix1024_1-300x80.jpg 300w, https:\/\/jornalfatosenoticias.com.br\/wp-content\/uploads\/2023\/09\/vetorvix1024_1-768x205.jpg 768w\" sizes=\"auto, (max-width: 543px) 100vw, 543px\" \/><\/a><\/figure><\/div>\n\n\n\n<p><strong>Fonte: <a href=\"https:\/\/www.gazetadopovo.com.br\/vida-e-cidadania\/novo-plano-para-educacao-inclui-eixo-climatico-e-amplia-gastos-para-11-do-pib\/\">Gazeta do Povo<\/a><\/strong><\/p>\n","protected":false},"excerpt":{"rendered":"<p>O texto traz algumas mudan\u00e7as relevantes em rela\u00e7\u00e3o ao projeto original enviado pelo governo Por \u00a0Leonardo Desideri O parecer do relator deputado Moses Rodrigues (Uni\u00e3o-CE) ao projeto do novo Plano Nacional de Educa\u00e7\u00e3o (PNE) foi apresentado, na \u00faltima ter\u00e7a-feira (14), na Comiss\u00e3o Especial da C\u00e2mara dos Deputados dedicada ao tema. O texto traz algumas mudan\u00e7as [&hellip;]<\/p>\n","protected":false},"author":2,"featured_media":62555,"comment_status":"open","ping_status":"open","sticky":false,"template":"","format":"standard","meta":{"footnotes":""},"categories":[7],"tags":[3821,982,10224,345,1787,2203,860,946,283,23967],"class_list":["post-62554","post","type-post","status-publish","format-standard","has-post-thumbnail","hentry","category-educacao","tag-alfabetizacao","tag-camara-dos-deputados","tag-congresso-nacional","tag-educacao","tag-ensino","tag-ensino-fundamental","tag-governo-federal","tag-investimentos","tag-mec","tag-moses-rodrigues"],"yoast_head":"<!-- This site is optimized with the Yoast SEO plugin v26.5 - https:\/\/yoast.com\/wordpress\/plugins\/seo\/ -->\n<title>Novo plano para educa\u00e7\u00e3o inclui eixo clim\u00e1tico e amplia gastos para 11% do PIB - Jornal Fatos e Not\u00edcias<\/title>\n<meta name=\"robots\" content=\"index, follow, max-snippet:-1, max-image-preview:large, max-video-preview:-1\" \/>\n<link rel=\"canonical\" href=\"https:\/\/jornalfatosenoticias.com.br\/index.php\/2025\/10\/15\/novo-plano-para-educacao-inclui-eixo-climatico-e-amplia-gastos-para-11-do-pib\/\" \/>\n<meta property=\"og:locale\" content=\"pt_BR\" \/>\n<meta property=\"og:type\" content=\"article\" \/>\n<meta property=\"og:title\" content=\"Novo plano para educa\u00e7\u00e3o inclui eixo clim\u00e1tico e amplia gastos para 11% do PIB - Jornal Fatos e Not\u00edcias\" \/>\n<meta property=\"og:description\" content=\"O texto traz algumas mudan\u00e7as relevantes em rela\u00e7\u00e3o ao projeto original enviado pelo governo Por \u00a0Leonardo Desideri O parecer do relator deputado Moses Rodrigues (Uni\u00e3o-CE) ao projeto do novo Plano Nacional de Educa\u00e7\u00e3o (PNE) foi apresentado, na \u00faltima ter\u00e7a-feira (14), na Comiss\u00e3o Especial da C\u00e2mara dos Deputados dedicada ao tema. O texto traz algumas mudan\u00e7as [&hellip;]\" \/>\n<meta property=\"og:url\" content=\"https:\/\/jornalfatosenoticias.com.br\/index.php\/2025\/10\/15\/novo-plano-para-educacao-inclui-eixo-climatico-e-amplia-gastos-para-11-do-pib\/\" \/>\n<meta property=\"og:site_name\" content=\"Jornal Fatos e Not\u00edcias\" \/>\n<meta property=\"article:published_time\" content=\"2025-10-15T20:18:06+00:00\" \/>\n<meta property=\"article:modified_time\" content=\"2025-10-15T20:18:08+00:00\" \/>\n<meta property=\"og:image\" content=\"https:\/\/jornalfatosenoticias.com.br\/wp-content\/uploads\/2025\/10\/ALFABETIZACAO_istock.jpg\" \/>\n\t<meta property=\"og:image:width\" content=\"612\" \/>\n\t<meta property=\"og:image:height\" content=\"323\" \/>\n\t<meta property=\"og:image:type\" content=\"image\/jpeg\" \/>\n<meta name=\"author\" content=\"Luzimara Fernandes\" \/>\n<meta name=\"twitter:card\" content=\"summary_large_image\" \/>\n<meta name=\"twitter:label1\" content=\"Escrito por\" \/>\n\t<meta name=\"twitter:data1\" content=\"Luzimara Fernandes\" \/>\n\t<meta name=\"twitter:label2\" content=\"Est. tempo de leitura\" \/>\n\t<meta name=\"twitter:data2\" content=\"3 minutos\" \/>\n<script type=\"application\/ld+json\" class=\"yoast-schema-graph\">{\"@context\":\"https:\/\/schema.org\",\"@graph\":[{\"@type\":\"Article\",\"@id\":\"https:\/\/jornalfatosenoticias.com.br\/index.php\/2025\/10\/15\/novo-plano-para-educacao-inclui-eixo-climatico-e-amplia-gastos-para-11-do-pib\/#article\",\"isPartOf\":{\"@id\":\"https:\/\/jornalfatosenoticias.com.br\/index.php\/2025\/10\/15\/novo-plano-para-educacao-inclui-eixo-climatico-e-amplia-gastos-para-11-do-pib\/\"},\"author\":{\"name\":\"Luzimara Fernandes\",\"@id\":\"https:\/\/jornalfatosenoticias.com.br\/#\/schema\/person\/d63837fa13ac8666eb9e74e0985d6f81\"},\"headline\":\"Novo plano para educa\u00e7\u00e3o inclui eixo clim\u00e1tico e amplia gastos para 11% do PIB\",\"datePublished\":\"2025-10-15T20:18:06+00:00\",\"dateModified\":\"2025-10-15T20:18:08+00:00\",\"mainEntityOfPage\":{\"@id\":\"https:\/\/jornalfatosenoticias.com.br\/index.php\/2025\/10\/15\/novo-plano-para-educacao-inclui-eixo-climatico-e-amplia-gastos-para-11-do-pib\/\"},\"wordCount\":684,\"commentCount\":0,\"publisher\":{\"@id\":\"https:\/\/jornalfatosenoticias.com.br\/#organization\"},\"image\":{\"@id\":\"https:\/\/jornalfatosenoticias.com.br\/index.php\/2025\/10\/15\/novo-plano-para-educacao-inclui-eixo-climatico-e-amplia-gastos-para-11-do-pib\/#primaryimage\"},\"thumbnailUrl\":\"https:\/\/jornalfatosenoticias.com.br\/wp-content\/uploads\/2025\/10\/ALFABETIZACAO_istock.jpg\",\"keywords\":[\"alfabetiza\u00e7\u00e3o\",\"C\u00e2mara dos Deputados\",\"Congresso Nacional\",\"educa\u00e7\u00e3o\",\"ensino\",\"ensino fundamental\",\"governo federal\",\"investimentos\",\"MEC\",\"Moses Rodrigues\"],\"articleSection\":[\"Educa\u00e7\u00e3o\"],\"inLanguage\":\"pt-BR\",\"potentialAction\":[{\"@type\":\"CommentAction\",\"name\":\"Comment\",\"target\":[\"https:\/\/jornalfatosenoticias.com.br\/index.php\/2025\/10\/15\/novo-plano-para-educacao-inclui-eixo-climatico-e-amplia-gastos-para-11-do-pib\/#respond\"]}]},{\"@type\":\"WebPage\",\"@id\":\"https:\/\/jornalfatosenoticias.com.br\/index.php\/2025\/10\/15\/novo-plano-para-educacao-inclui-eixo-climatico-e-amplia-gastos-para-11-do-pib\/\",\"url\":\"https:\/\/jornalfatosenoticias.com.br\/index.php\/2025\/10\/15\/novo-plano-para-educacao-inclui-eixo-climatico-e-amplia-gastos-para-11-do-pib\/\",\"name\":\"Novo plano para educa\u00e7\u00e3o inclui eixo clim\u00e1tico e amplia gastos para 11% do PIB - Jornal Fatos e Not\u00edcias\",\"isPartOf\":{\"@id\":\"https:\/\/jornalfatosenoticias.com.br\/#website\"},\"primaryImageOfPage\":{\"@id\":\"https:\/\/jornalfatosenoticias.com.br\/index.php\/2025\/10\/15\/novo-plano-para-educacao-inclui-eixo-climatico-e-amplia-gastos-para-11-do-pib\/#primaryimage\"},\"image\":{\"@id\":\"https:\/\/jornalfatosenoticias.com.br\/index.php\/2025\/10\/15\/novo-plano-para-educacao-inclui-eixo-climatico-e-amplia-gastos-para-11-do-pib\/#primaryimage\"},\"thumbnailUrl\":\"https:\/\/jornalfatosenoticias.com.br\/wp-content\/uploads\/2025\/10\/ALFABETIZACAO_istock.jpg\",\"datePublished\":\"2025-10-15T20:18:06+00:00\",\"dateModified\":\"2025-10-15T20:18:08+00:00\",\"breadcrumb\":{\"@id\":\"https:\/\/jornalfatosenoticias.com.br\/index.php\/2025\/10\/15\/novo-plano-para-educacao-inclui-eixo-climatico-e-amplia-gastos-para-11-do-pib\/#breadcrumb\"},\"inLanguage\":\"pt-BR\",\"potentialAction\":[{\"@type\":\"ReadAction\",\"target\":[\"https:\/\/jornalfatosenoticias.com.br\/index.php\/2025\/10\/15\/novo-plano-para-educacao-inclui-eixo-climatico-e-amplia-gastos-para-11-do-pib\/\"]}]},{\"@type\":\"ImageObject\",\"inLanguage\":\"pt-BR\",\"@id\":\"https:\/\/jornalfatosenoticias.com.br\/index.php\/2025\/10\/15\/novo-plano-para-educacao-inclui-eixo-climatico-e-amplia-gastos-para-11-do-pib\/#primaryimage\",\"url\":\"https:\/\/jornalfatosenoticias.com.br\/wp-content\/uploads\/2025\/10\/ALFABETIZACAO_istock.jpg\",\"contentUrl\":\"https:\/\/jornalfatosenoticias.com.br\/wp-content\/uploads\/2025\/10\/ALFABETIZACAO_istock.jpg\",\"width\":612,\"height\":323,\"caption\":\"Education, girl or teacher with help, learning or fine motor skills with literacy knowledge. Child development, woman or student in classroom, creativity or advice with assessment, writing or support\"},{\"@type\":\"BreadcrumbList\",\"@id\":\"https:\/\/jornalfatosenoticias.com.br\/index.php\/2025\/10\/15\/novo-plano-para-educacao-inclui-eixo-climatico-e-amplia-gastos-para-11-do-pib\/#breadcrumb\",\"itemListElement\":[{\"@type\":\"ListItem\",\"position\":1,\"name\":\"In\u00edcio\",\"item\":\"https:\/\/jornalfatosenoticias.com.br\/\"},{\"@type\":\"ListItem\",\"position\":2,\"name\":\"Novo plano para educa\u00e7\u00e3o inclui eixo clim\u00e1tico e amplia gastos para 11% do PIB\"}]},{\"@type\":\"WebSite\",\"@id\":\"https:\/\/jornalfatosenoticias.com.br\/#website\",\"url\":\"https:\/\/jornalfatosenoticias.com.br\/\",\"name\":\"Jornal Fatos e Not\u00edcias\",\"description\":\"Not\u00edcias em geral\",\"publisher\":{\"@id\":\"https:\/\/jornalfatosenoticias.com.br\/#organization\"},\"potentialAction\":[{\"@type\":\"SearchAction\",\"target\":{\"@type\":\"EntryPoint\",\"urlTemplate\":\"https:\/\/jornalfatosenoticias.com.br\/?s={search_term_string}\"},\"query-input\":{\"@type\":\"PropertyValueSpecification\",\"valueRequired\":true,\"valueName\":\"search_term_string\"}}],\"inLanguage\":\"pt-BR\"},{\"@type\":\"Organization\",\"@id\":\"https:\/\/jornalfatosenoticias.com.br\/#organization\",\"name\":\"Jornal Fatos e Not\u00edcias\",\"url\":\"https:\/\/jornalfatosenoticias.com.br\/\",\"logo\":{\"@type\":\"ImageObject\",\"inLanguage\":\"pt-BR\",\"@id\":\"https:\/\/jornalfatosenoticias.com.br\/#\/schema\/logo\/image\/\",\"url\":\"https:\/\/jornalfatosenoticias.com.br\/wp-content\/uploads\/2020\/02\/logo120.png\",\"contentUrl\":\"https:\/\/jornalfatosenoticias.com.br\/wp-content\/uploads\/2020\/02\/logo120.png\",\"width\":1227,\"height\":120,\"caption\":\"Jornal Fatos e Not\u00edcias\"},\"image\":{\"@id\":\"https:\/\/jornalfatosenoticias.com.br\/#\/schema\/logo\/image\/\"}},{\"@type\":\"Person\",\"@id\":\"https:\/\/jornalfatosenoticias.com.br\/#\/schema\/person\/d63837fa13ac8666eb9e74e0985d6f81\",\"name\":\"Luzimara Fernandes\",\"image\":{\"@type\":\"ImageObject\",\"inLanguage\":\"pt-BR\",\"@id\":\"https:\/\/jornalfatosenoticias.com.br\/#\/schema\/person\/image\/\",\"url\":\"https:\/\/jornalfatosenoticias.com.br\/wp-content\/uploads\/2025\/05\/EU_portal.jpg\",\"contentUrl\":\"https:\/\/jornalfatosenoticias.com.br\/wp-content\/uploads\/2025\/05\/EU_portal.jpg\",\"caption\":\"Luzimara Fernandes\"},\"description\":\"Jornalista MTB 2358-ES\",\"sameAs\":[\"https:\/\/jornalfatosenoticias.com.br\"],\"url\":\"https:\/\/jornalfatosenoticias.com.br\/index.php\/author\/luzimara\/\"}]}<\/script>\n<!-- \/ Yoast SEO plugin. -->","yoast_head_json":{"title":"Novo plano para educa\u00e7\u00e3o inclui eixo clim\u00e1tico e amplia gastos para 11% do PIB - Jornal Fatos e Not\u00edcias","robots":{"index":"index","follow":"follow","max-snippet":"max-snippet:-1","max-image-preview":"max-image-preview:large","max-video-preview":"max-video-preview:-1"},"canonical":"https:\/\/jornalfatosenoticias.com.br\/index.php\/2025\/10\/15\/novo-plano-para-educacao-inclui-eixo-climatico-e-amplia-gastos-para-11-do-pib\/","og_locale":"pt_BR","og_type":"article","og_title":"Novo plano para educa\u00e7\u00e3o inclui eixo clim\u00e1tico e amplia gastos para 11% do PIB - Jornal Fatos e Not\u00edcias","og_description":"O texto traz algumas mudan\u00e7as relevantes em rela\u00e7\u00e3o ao projeto original enviado pelo governo Por \u00a0Leonardo Desideri O parecer do relator deputado Moses Rodrigues (Uni\u00e3o-CE) ao projeto do novo Plano Nacional de Educa\u00e7\u00e3o (PNE) foi apresentado, na \u00faltima ter\u00e7a-feira (14), na Comiss\u00e3o Especial da C\u00e2mara dos Deputados dedicada ao tema. O texto traz algumas mudan\u00e7as [&hellip;]","og_url":"https:\/\/jornalfatosenoticias.com.br\/index.php\/2025\/10\/15\/novo-plano-para-educacao-inclui-eixo-climatico-e-amplia-gastos-para-11-do-pib\/","og_site_name":"Jornal Fatos e Not\u00edcias","article_published_time":"2025-10-15T20:18:06+00:00","article_modified_time":"2025-10-15T20:18:08+00:00","og_image":[{"width":612,"height":323,"url":"https:\/\/jornalfatosenoticias.com.br\/wp-content\/uploads\/2025\/10\/ALFABETIZACAO_istock.jpg","type":"image\/jpeg"}],"author":"Luzimara Fernandes","twitter_card":"summary_large_image","twitter_misc":{"Escrito por":"Luzimara Fernandes","Est. tempo de leitura":"3 minutos"},"schema":{"@context":"https:\/\/schema.org","@graph":[{"@type":"Article","@id":"https:\/\/jornalfatosenoticias.com.br\/index.php\/2025\/10\/15\/novo-plano-para-educacao-inclui-eixo-climatico-e-amplia-gastos-para-11-do-pib\/#article","isPartOf":{"@id":"https:\/\/jornalfatosenoticias.com.br\/index.php\/2025\/10\/15\/novo-plano-para-educacao-inclui-eixo-climatico-e-amplia-gastos-para-11-do-pib\/"},"author":{"name":"Luzimara Fernandes","@id":"https:\/\/jornalfatosenoticias.com.br\/#\/schema\/person\/d63837fa13ac8666eb9e74e0985d6f81"},"headline":"Novo plano para educa\u00e7\u00e3o inclui eixo clim\u00e1tico e amplia gastos para 11% do PIB","datePublished":"2025-10-15T20:18:06+00:00","dateModified":"2025-10-15T20:18:08+00:00","mainEntityOfPage":{"@id":"https:\/\/jornalfatosenoticias.com.br\/index.php\/2025\/10\/15\/novo-plano-para-educacao-inclui-eixo-climatico-e-amplia-gastos-para-11-do-pib\/"},"wordCount":684,"commentCount":0,"publisher":{"@id":"https:\/\/jornalfatosenoticias.com.br\/#organization"},"image":{"@id":"https:\/\/jornalfatosenoticias.com.br\/index.php\/2025\/10\/15\/novo-plano-para-educacao-inclui-eixo-climatico-e-amplia-gastos-para-11-do-pib\/#primaryimage"},"thumbnailUrl":"https:\/\/jornalfatosenoticias.com.br\/wp-content\/uploads\/2025\/10\/ALFABETIZACAO_istock.jpg","keywords":["alfabetiza\u00e7\u00e3o","C\u00e2mara dos Deputados","Congresso Nacional","educa\u00e7\u00e3o","ensino","ensino fundamental","governo federal","investimentos","MEC","Moses Rodrigues"],"articleSection":["Educa\u00e7\u00e3o"],"inLanguage":"pt-BR","potentialAction":[{"@type":"CommentAction","name":"Comment","target":["https:\/\/jornalfatosenoticias.com.br\/index.php\/2025\/10\/15\/novo-plano-para-educacao-inclui-eixo-climatico-e-amplia-gastos-para-11-do-pib\/#respond"]}]},{"@type":"WebPage","@id":"https:\/\/jornalfatosenoticias.com.br\/index.php\/2025\/10\/15\/novo-plano-para-educacao-inclui-eixo-climatico-e-amplia-gastos-para-11-do-pib\/","url":"https:\/\/jornalfatosenoticias.com.br\/index.php\/2025\/10\/15\/novo-plano-para-educacao-inclui-eixo-climatico-e-amplia-gastos-para-11-do-pib\/","name":"Novo plano para educa\u00e7\u00e3o inclui eixo clim\u00e1tico e amplia gastos para 11% do PIB - Jornal Fatos e Not\u00edcias","isPartOf":{"@id":"https:\/\/jornalfatosenoticias.com.br\/#website"},"primaryImageOfPage":{"@id":"https:\/\/jornalfatosenoticias.com.br\/index.php\/2025\/10\/15\/novo-plano-para-educacao-inclui-eixo-climatico-e-amplia-gastos-para-11-do-pib\/#primaryimage"},"image":{"@id":"https:\/\/jornalfatosenoticias.com.br\/index.php\/2025\/10\/15\/novo-plano-para-educacao-inclui-eixo-climatico-e-amplia-gastos-para-11-do-pib\/#primaryimage"},"thumbnailUrl":"https:\/\/jornalfatosenoticias.com.br\/wp-content\/uploads\/2025\/10\/ALFABETIZACAO_istock.jpg","datePublished":"2025-10-15T20:18:06+00:00","dateModified":"2025-10-15T20:18:08+00:00","breadcrumb":{"@id":"https:\/\/jornalfatosenoticias.com.br\/index.php\/2025\/10\/15\/novo-plano-para-educacao-inclui-eixo-climatico-e-amplia-gastos-para-11-do-pib\/#breadcrumb"},"inLanguage":"pt-BR","potentialAction":[{"@type":"ReadAction","target":["https:\/\/jornalfatosenoticias.com.br\/index.php\/2025\/10\/15\/novo-plano-para-educacao-inclui-eixo-climatico-e-amplia-gastos-para-11-do-pib\/"]}]},{"@type":"ImageObject","inLanguage":"pt-BR","@id":"https:\/\/jornalfatosenoticias.com.br\/index.php\/2025\/10\/15\/novo-plano-para-educacao-inclui-eixo-climatico-e-amplia-gastos-para-11-do-pib\/#primaryimage","url":"https:\/\/jornalfatosenoticias.com.br\/wp-content\/uploads\/2025\/10\/ALFABETIZACAO_istock.jpg","contentUrl":"https:\/\/jornalfatosenoticias.com.br\/wp-content\/uploads\/2025\/10\/ALFABETIZACAO_istock.jpg","width":612,"height":323,"caption":"Education, girl or teacher with help, learning or fine motor skills with literacy knowledge. Child development, woman or student in classroom, creativity or advice with assessment, writing or support"},{"@type":"BreadcrumbList","@id":"https:\/\/jornalfatosenoticias.com.br\/index.php\/2025\/10\/15\/novo-plano-para-educacao-inclui-eixo-climatico-e-amplia-gastos-para-11-do-pib\/#breadcrumb","itemListElement":[{"@type":"ListItem","position":1,"name":"In\u00edcio","item":"https:\/\/jornalfatosenoticias.com.br\/"},{"@type":"ListItem","position":2,"name":"Novo plano para educa\u00e7\u00e3o inclui eixo clim\u00e1tico e amplia gastos para 11% do PIB"}]},{"@type":"WebSite","@id":"https:\/\/jornalfatosenoticias.com.br\/#website","url":"https:\/\/jornalfatosenoticias.com.br\/","name":"Jornal Fatos e Not\u00edcias","description":"Not\u00edcias em geral","publisher":{"@id":"https:\/\/jornalfatosenoticias.com.br\/#organization"},"potentialAction":[{"@type":"SearchAction","target":{"@type":"EntryPoint","urlTemplate":"https:\/\/jornalfatosenoticias.com.br\/?s={search_term_string}"},"query-input":{"@type":"PropertyValueSpecification","valueRequired":true,"valueName":"search_term_string"}}],"inLanguage":"pt-BR"},{"@type":"Organization","@id":"https:\/\/jornalfatosenoticias.com.br\/#organization","name":"Jornal Fatos e Not\u00edcias","url":"https:\/\/jornalfatosenoticias.com.br\/","logo":{"@type":"ImageObject","inLanguage":"pt-BR","@id":"https:\/\/jornalfatosenoticias.com.br\/#\/schema\/logo\/image\/","url":"https:\/\/jornalfatosenoticias.com.br\/wp-content\/uploads\/2020\/02\/logo120.png","contentUrl":"https:\/\/jornalfatosenoticias.com.br\/wp-content\/uploads\/2020\/02\/logo120.png","width":1227,"height":120,"caption":"Jornal Fatos e Not\u00edcias"},"image":{"@id":"https:\/\/jornalfatosenoticias.com.br\/#\/schema\/logo\/image\/"}},{"@type":"Person","@id":"https:\/\/jornalfatosenoticias.com.br\/#\/schema\/person\/d63837fa13ac8666eb9e74e0985d6f81","name":"Luzimara Fernandes","image":{"@type":"ImageObject","inLanguage":"pt-BR","@id":"https:\/\/jornalfatosenoticias.com.br\/#\/schema\/person\/image\/","url":"https:\/\/jornalfatosenoticias.com.br\/wp-content\/uploads\/2025\/05\/EU_portal.jpg","contentUrl":"https:\/\/jornalfatosenoticias.com.br\/wp-content\/uploads\/2025\/05\/EU_portal.jpg","caption":"Luzimara Fernandes"},"description":"Jornalista MTB 2358-ES","sameAs":["https:\/\/jornalfatosenoticias.com.br"],"url":"https:\/\/jornalfatosenoticias.com.br\/index.php\/author\/luzimara\/"}]}},"cc_featured_image_caption":{"caption_text":"(Foto: iStock)","source_text":"","source_url":""},"jetpack_featured_media_url":"https:\/\/jornalfatosenoticias.com.br\/wp-content\/uploads\/2025\/10\/ALFABETIZACAO_istock.jpg","_links":{"self":[{"href":"https:\/\/jornalfatosenoticias.com.br\/index.php\/wp-json\/wp\/v2\/posts\/62554","targetHints":{"allow":["GET"]}}],"collection":[{"href":"https:\/\/jornalfatosenoticias.com.br\/index.php\/wp-json\/wp\/v2\/posts"}],"about":[{"href":"https:\/\/jornalfatosenoticias.com.br\/index.php\/wp-json\/wp\/v2\/types\/post"}],"author":[{"embeddable":true,"href":"https:\/\/jornalfatosenoticias.com.br\/index.php\/wp-json\/wp\/v2\/users\/2"}],"replies":[{"embeddable":true,"href":"https:\/\/jornalfatosenoticias.com.br\/index.php\/wp-json\/wp\/v2\/comments?post=62554"}],"version-history":[{"count":0,"href":"https:\/\/jornalfatosenoticias.com.br\/index.php\/wp-json\/wp\/v2\/posts\/62554\/revisions"}],"wp:featuredmedia":[{"embeddable":true,"href":"https:\/\/jornalfatosenoticias.com.br\/index.php\/wp-json\/wp\/v2\/media\/62555"}],"wp:attachment":[{"href":"https:\/\/jornalfatosenoticias.com.br\/index.php\/wp-json\/wp\/v2\/media?parent=62554"}],"wp:term":[{"taxonomy":"category","embeddable":true,"href":"https:\/\/jornalfatosenoticias.com.br\/index.php\/wp-json\/wp\/v2\/categories?post=62554"},{"taxonomy":"post_tag","embeddable":true,"href":"https:\/\/jornalfatosenoticias.com.br\/index.php\/wp-json\/wp\/v2\/tags?post=62554"}],"curies":[{"name":"wp","href":"https:\/\/api.w.org\/{rel}","templated":true}]}}