{"id":62557,"date":"2025-10-15T17:54:00","date_gmt":"2025-10-15T20:54:00","guid":{"rendered":"https:\/\/jornalfatosenoticias.com.br\/?p=62557"},"modified":"2025-10-15T17:54:02","modified_gmt":"2025-10-15T20:54:02","slug":"pastor-sequestrado-na-nigeria-e-assassinado-mesmo-apos-resgate-pago","status":"publish","type":"post","link":"https:\/\/jornalfatosenoticias.com.br\/index.php\/2025\/10\/15\/pastor-sequestrado-na-nigeria-e-assassinado-mesmo-apos-resgate-pago\/","title":{"rendered":"Pastor sequestrado na Nig\u00e9ria \u00e9 assassinado mesmo ap\u00f3s resgate pago"},"content":{"rendered":"\n<p><em><span class=\"has-inline-color has-black-color\">Mesmo ap\u00f3s o pagamento do resgate, o Reverendo James Audu Issa foi morto por extremistas Fulani<\/span><\/em><\/p>\n\n\n\n<p><span class=\"has-inline-color has-black-color\">Por <strong>Morning Star News<\/strong><\/span><\/p>\n\n\n\n<div class=\"wp-block-image\"><figure class=\"aligncenter size-large\"><a href=\"https:\/\/mizu.com.br\/\"><img loading=\"lazy\" decoding=\"async\" width=\"729\" height=\"90\" src=\"https:\/\/jornalfatosenoticias.com.br\/wp-content\/uploads\/2020\/02\/Logo_Mizu.png\" alt=\"\" class=\"wp-image-1441\" srcset=\"https:\/\/jornalfatosenoticias.com.br\/wp-content\/uploads\/2020\/02\/Logo_Mizu.png 729w, https:\/\/jornalfatosenoticias.com.br\/wp-content\/uploads\/2020\/02\/Logo_Mizu-300x37.png 300w\" sizes=\"auto, (max-width: 729px) 100vw, 729px\" \/><\/a><\/figure><\/div>\n\n\n\n<p>Um pastor que foi sequestrado em agosto no estado de Kwara, foi encontrado morto recentemente ap\u00f3s o pagamento do resgate exigido por extremistas Fulani na <a href=\"https:\/\/www.guiame.com.br\/gospel\/missoes-acao-social\/mais-de-7-mil-cristaos-foram-mortos-na-nigeria-em-2025-denuncia-relatorio.html\"><strong>Nig\u00e9ria<\/strong><\/a>. O Reverendo James Audu Issa, da Igreja Evang\u00e9lica Winning All (ECWA), foi sequestrado em 28 de agosto de sua casa na cidade de Ekati, no condado de Patigi e encontrado morto no deserto, em 2 de outubro. \u201cO pastor foi morto por bandidos Fulani que aterrorizavam as \u00e1reas de governo local de Edu e Patigi, no estado de Kwara\u201d, disse o vizinho Peter Kolo, ao Morning Star News.<br>Os extremistas Fulani exigiram, inicialmente, US$ 62.500 como resgate. Ent\u00e3o, a fam\u00edlia do pastor e a comunidade Ekati conseguiram negociar a redu\u00e7\u00e3o do valor para US$ 3.125. \u201cOs familiares do pastor, aflitos, e a comunidade Ekati conseguiram negociar a redu\u00e7\u00e3o da quantia que pagaram em uma tentativa de garantir a liberdade do pastor\u201d, contou Peter. Contudo, mesmo ap\u00f3s o pagamento, os sequestradores continuaram a exigir mais US$ 28.125. <\/p>\n\n\n\n<div class=\"wp-block-image\"><figure class=\"aligncenter size-large is-resized\"><a href=\"https:\/\/www.facebook.com\/postobkr\/?locale=pt_BR\"><img loading=\"lazy\" decoding=\"async\" src=\"https:\/\/jornalfatosenoticias.com.br\/wp-content\/uploads\/2023\/08\/BKR-1024x1021.jpg\" alt=\"\" class=\"wp-image-44494\" width=\"294\" height=\"293\" srcset=\"https:\/\/jornalfatosenoticias.com.br\/wp-content\/uploads\/2023\/08\/BKR-1024x1021.jpg 1024w, https:\/\/jornalfatosenoticias.com.br\/wp-content\/uploads\/2023\/08\/BKR-300x300.jpg 300w, https:\/\/jornalfatosenoticias.com.br\/wp-content\/uploads\/2023\/08\/BKR-150x150.jpg 150w, https:\/\/jornalfatosenoticias.com.br\/wp-content\/uploads\/2023\/08\/BKR-768x766.jpg 768w, https:\/\/jornalfatosenoticias.com.br\/wp-content\/uploads\/2023\/08\/BKR.jpg 1080w\" sizes=\"auto, (max-width: 294px) 100vw, 294px\" \/><\/a><\/figure><\/div>\n\n\n\n<p>\u201cTragicamente, antes que qualquer negocia\u00e7\u00e3o pudesse ocorrer, o Reverendo James foi morto pelos Fulani\u201d. Ap\u00f3s o assassinato, Romanus Ebeneokodi, um dos pastores da igreja, declarou: \u201ceste pastor inofensivo foi abatido, um entre muitos, deixando sua esposa, filhos, parentes, igreja e amigos em agonia\u201d.<\/p>\n\n\n\n<div class=\"wp-block-image\"><figure class=\"aligncenter size-large is-resized\"><a href=\"https:\/\/hotelmarquetti.com.br\/\"><img loading=\"lazy\" decoding=\"async\" src=\"https:\/\/jornalfatosenoticias.com.br\/wp-content\/uploads\/2020\/02\/LOGO-MQ-1024x680.jpg\" alt=\"\" class=\"wp-image-58299\" width=\"328\" height=\"218\" srcset=\"https:\/\/jornalfatosenoticias.com.br\/wp-content\/uploads\/2020\/02\/LOGO-MQ-1024x680.jpg 1024w, https:\/\/jornalfatosenoticias.com.br\/wp-content\/uploads\/2020\/02\/LOGO-MQ-300x199.jpg 300w, https:\/\/jornalfatosenoticias.com.br\/wp-content\/uploads\/2020\/02\/LOGO-MQ-768x510.jpg 768w, https:\/\/jornalfatosenoticias.com.br\/wp-content\/uploads\/2020\/02\/LOGO-MQ-1536x1020.jpg 1536w, https:\/\/jornalfatosenoticias.com.br\/wp-content\/uploads\/2020\/02\/LOGO-MQ-2048x1360.jpg 2048w\" sizes=\"auto, (max-width: 328px) 100vw, 328px\" \/><\/a><\/figure><\/div>\n\n\n\n<p>Ralph Madugu, editor da revista \u201cToday&#8217;s Challenge\u201d da ECWA, classificou o assassinato como mais um de uma s\u00e9rie de ataques direcionados a crist\u00e3os e seus l\u00edderes. \u201cAinda assim, h\u00e1 alguns funcion\u00e1rios do governo negando que haja genoc\u00eddio contra crist\u00e3os?\u201d, questionou Ralph.<\/p>\n\n\n\n<div class=\"wp-block-image\"><figure class=\"aligncenter size-large is-resized\"><a href=\"https:\/\/www.instagram.com\/rcradiadores\/\"><img loading=\"lazy\" decoding=\"async\" src=\"https:\/\/jornalfatosenoticias.com.br\/wp-content\/uploads\/2022\/10\/RC_800x750_page-0001.jpg\" alt=\"\" class=\"wp-image-35338\" width=\"304\" height=\"285\" srcset=\"https:\/\/jornalfatosenoticias.com.br\/wp-content\/uploads\/2022\/10\/RC_800x750_page-0001.jpg 400w, https:\/\/jornalfatosenoticias.com.br\/wp-content\/uploads\/2022\/10\/RC_800x750_page-0001-300x281.jpg 300w\" sizes=\"auto, (max-width: 304px) 100vw, 304px\" \/><\/a><\/figure><\/div>\n\n\n\n<p>O relat\u00f3rio da Sociedade Internacional para as Liberdades Civis e o Estado de Direito (Intersociety) aponta mais de sete mil crist\u00e3os assassinados nos primeiros 220 dias de 2025, na Nig\u00e9ria. Esses n\u00fameros representam uma m\u00e9dia alarmante de <a href=\"https:\/\/www.guiame.com.br\/gospel\/missoes-acao-social\/35-cristaos-sao-mortos-por-dia-na-nigeria-diz-relatorio.html\"><strong>35 mortes por dia<\/strong><\/a>, segundo dados recentes publicados pela ONG de direitos humanos, repercutido pela Newsweek.<\/p>\n\n\n\n<div class=\"wp-block-image\"><figure class=\"aligncenter size-large is-resized\"><a href=\"https:\/\/legisjuris.com.br\/\"><img loading=\"lazy\" decoding=\"async\" src=\"https:\/\/jornalfatosenoticias.com.br\/wp-content\/uploads\/2024\/09\/Legis-Juris-Consultoria_logo.jpg\" alt=\"\" class=\"wp-image-53915\" width=\"420\" height=\"176\" srcset=\"https:\/\/jornalfatosenoticias.com.br\/wp-content\/uploads\/2024\/09\/Legis-Juris-Consultoria_logo.jpg 969w, https:\/\/jornalfatosenoticias.com.br\/wp-content\/uploads\/2024\/09\/Legis-Juris-Consultoria_logo-300x126.jpg 300w, https:\/\/jornalfatosenoticias.com.br\/wp-content\/uploads\/2024\/09\/Legis-Juris-Consultoria_logo-768x322.jpg 768w\" sizes=\"auto, (max-width: 420px) 100vw, 420px\" \/><\/a><\/figure><\/div>\n\n\n\n<p>A Nig\u00e9ria se tornou o principal epicentro da persegui\u00e7\u00e3o religiosa, concentrando, segundo a organiza\u00e7\u00e3o Portas Abertas, mais mortes de crist\u00e3os por sua f\u00e9 do que o restante do mundo somado. De acordo com a Intersociety, desde 2009 a viol\u00eancia j\u00e1 deslocou ao menos 12 milh\u00f5es de crist\u00e3os. Foi nesse ano que o Boko Haram iniciou sua insurg\u00eancia para instaurar um califado na Nig\u00e9ria e em outras regi\u00f5es do Sahel.<\/p>\n\n\n\n<div class=\"wp-block-image\"><figure class=\"aligncenter size-large is-resized\"><a href=\"https:\/\/www.controlsystems.com.br\/\"><img loading=\"lazy\" decoding=\"async\" src=\"https:\/\/jornalfatosenoticias.com.br\/wp-content\/uploads\/2020\/02\/CONTROL-CS.jpg\" alt=\"\" class=\"wp-image-44991\" width=\"277\" height=\"332\" srcset=\"https:\/\/jornalfatosenoticias.com.br\/wp-content\/uploads\/2020\/02\/CONTROL-CS.jpg 834w, https:\/\/jornalfatosenoticias.com.br\/wp-content\/uploads\/2020\/02\/CONTROL-CS-250x300.jpg 250w, https:\/\/jornalfatosenoticias.com.br\/wp-content\/uploads\/2020\/02\/CONTROL-CS-768x921.jpg 768w\" sizes=\"auto, (max-width: 277px) 100vw, 277px\" \/><\/a><\/figure><\/div>\n\n\n\n<p>Nos 16 anos seguintes, a Intersociety estima que a viol\u00eancia tenha causado 189 mil mortes de civis, entre eles cerca de 125 mil crist\u00e3os e 60 mil mu\u00e7ulmanos n\u00e3o radicais. Apesar de a Nig\u00e9ria garantir, em lei, mais liberdade religiosa que outros pa\u00edses da lista de observa\u00e7\u00e3o da Portas Abertas, \u201ca maior amea\u00e7a vem de militantes isl\u00e2micos que buscam eliminar o cristianismo e os crist\u00e3os da regi\u00e3o\u201d, alerta a organiza\u00e7\u00e3o.<\/p>\n\n\n\n<div class=\"wp-block-image\"><figure class=\"aligncenter size-large is-resized\"><a href=\"https:\/\/www.instagram.com\/gruposei\/\"><img loading=\"lazy\" decoding=\"async\" src=\"https:\/\/jornalfatosenoticias.com.br\/wp-content\/uploads\/2022\/07\/Logo-Grupo-SEI.jpg\" alt=\"\" class=\"wp-image-31973\" width=\"368\" height=\"193\" srcset=\"https:\/\/jornalfatosenoticias.com.br\/wp-content\/uploads\/2022\/07\/Logo-Grupo-SEI.jpg 713w, https:\/\/jornalfatosenoticias.com.br\/wp-content\/uploads\/2022\/07\/Logo-Grupo-SEI-300x158.jpg 300w\" sizes=\"auto, (max-width: 368px) 100vw, 368px\" \/><\/a><\/figure><\/div>\n\n\n\n<p>A Nig\u00e9ria ocupa o 7.\u00b0 lugar da Lista Mundial da Persegui\u00e7\u00e3o 2025 da Miss\u00e3o Portas Abertas, que re\u00fane os pa\u00edses onde \u00e9 mais dif\u00edcil ser crist\u00e3o. O levantamento mostra que, dos 4.476 crist\u00e3os mortos por sua f\u00e9 em todo o mundo no per\u00edodo analisado, 3.100 (69%) foram assassinados na Nig\u00e9ria.<\/p>\n\n\n\n<div class=\"wp-block-image\"><figure class=\"aligncenter size-large is-resized\"><a href=\"https:\/\/www.instagram.com\/esteio.churrascaria\/\"><img loading=\"lazy\" decoding=\"async\" src=\"https:\/\/jornalfatosenoticias.com.br\/wp-content\/uploads\/2022\/02\/LOGO-ESTEIO-1024x730.png\" alt=\"\" class=\"wp-image-27942\" width=\"312\" height=\"222\" srcset=\"https:\/\/jornalfatosenoticias.com.br\/wp-content\/uploads\/2022\/02\/LOGO-ESTEIO-1024x730.png 1024w, https:\/\/jornalfatosenoticias.com.br\/wp-content\/uploads\/2022\/02\/LOGO-ESTEIO-300x214.png 300w, https:\/\/jornalfatosenoticias.com.br\/wp-content\/uploads\/2022\/02\/LOGO-ESTEIO-768x548.png 768w, https:\/\/jornalfatosenoticias.com.br\/wp-content\/uploads\/2022\/02\/LOGO-ESTEIO.png 1123w\" sizes=\"auto, (max-width: 312px) 100vw, 312px\" \/><\/a><\/figure><\/div>\n\n\n\n<p>De acordo com o relat\u00f3rio, \u201ca medida da viol\u00eancia anticrist\u00e3 no pa\u00eds j\u00e1 est\u00e1 no m\u00e1ximo poss\u00edvel\u201d, conforme a metodologia da pesquisa. Na regi\u00e3o centro-norte, onde h\u00e1 maior concentra\u00e7\u00e3o de crist\u00e3os, mil\u00edcias extremistas Fulani atacam comunidades agr\u00edcolas, resultando em centenas de mortes. No norte, terroristas jihadistas como Boko Haram e Estado Isl\u00e2mico na Prov\u00edncia da \u00c1frica Ocidental (ISWAP) ampliam a viol\u00eancia com invas\u00f5es, sequestros, estupros e assassinatos, sobretudo em \u00e1reas com baixa presen\u00e7a do governo federal.<\/p>\n\n\n\n<div class=\"wp-block-image\"><figure class=\"aligncenter size-large is-resized\"><a href=\"https:\/\/www.facebook.com\/vetor.vix\/\"><img loading=\"lazy\" decoding=\"async\" src=\"https:\/\/jornalfatosenoticias.com.br\/wp-content\/uploads\/2023\/09\/vetorvix1024_1.jpg\" alt=\"\" class=\"wp-image-44868\" width=\"569\" height=\"151\" srcset=\"https:\/\/jornalfatosenoticias.com.br\/wp-content\/uploads\/2023\/09\/vetorvix1024_1.jpg 1024w, https:\/\/jornalfatosenoticias.com.br\/wp-content\/uploads\/2023\/09\/vetorvix1024_1-300x80.jpg 300w, https:\/\/jornalfatosenoticias.com.br\/wp-content\/uploads\/2023\/09\/vetorvix1024_1-768x205.jpg 768w\" sizes=\"auto, (max-width: 569px) 100vw, 569px\" \/><\/a><\/figure><\/div>\n\n\n\n<p>O documento tamb\u00e9m alerta sobre o avan\u00e7o da viol\u00eancia no sul do pa\u00eds e o surgimento do grupo terrorista jihadista Lakurawa, ativo no noroeste. Com armamento sofisticado, est\u00e3o ligados \u00e0 rede Al-Qaeda por meio da insurg\u00eancia Jama\u2019a Nusrat ul-Islam wa al-Muslimin (JNIM), origin\u00e1ria do Mali.<\/p>\n\n\n\n<div class=\"wp-block-image\"><figure class=\"aligncenter size-large is-resized\"><a href=\"https:\/\/www.instagram.com\/restaurantepegoretti\/\"><img loading=\"lazy\" decoding=\"async\" src=\"https:\/\/jornalfatosenoticias.com.br\/wp-content\/uploads\/2023\/12\/pegoretti-logo-pdf-1024x389.jpg\" alt=\"\" class=\"wp-image-47536\" width=\"461\" height=\"175\" srcset=\"https:\/\/jornalfatosenoticias.com.br\/wp-content\/uploads\/2023\/12\/pegoretti-logo-pdf-1024x389.jpg 1024w, https:\/\/jornalfatosenoticias.com.br\/wp-content\/uploads\/2023\/12\/pegoretti-logo-pdf-300x114.jpg 300w, https:\/\/jornalfatosenoticias.com.br\/wp-content\/uploads\/2023\/12\/pegoretti-logo-pdf-768x291.jpg 768w, https:\/\/jornalfatosenoticias.com.br\/wp-content\/uploads\/2023\/12\/pegoretti-logo-pdf.jpg 1120w\" sizes=\"auto, (max-width: 461px) 100vw, 461px\" \/><\/a><\/figure><\/div>\n\n\n\n<p><strong>Fonte: <a href=\"https:\/\/guiame.com.br\/gospel\/missoes-acao-social\/pastor-sequestrado-na-nigeria-e-assassinado-mesmo-apos-resgate-pago.html\">Guiame<\/a><\/strong><\/p>\n","protected":false},"excerpt":{"rendered":"<p>Mesmo ap\u00f3s o pagamento do resgate, o Reverendo James Audu Issa foi morto por extremistas Fulani Por Morning Star News Um pastor que foi sequestrado em agosto no estado de Kwara, foi encontrado morto recentemente ap\u00f3s o pagamento do resgate exigido por extremistas Fulani na Nig\u00e9ria. O Reverendo James Audu Issa, da Igreja Evang\u00e9lica Winning [&hellip;]<\/p>\n","protected":false},"author":2,"featured_media":62558,"comment_status":"open","ping_status":"open","sticky":false,"template":"","format":"standard","meta":{"footnotes":""},"categories":[21140],"tags":[9981,14161,24592,3746,23689,14619,2479],"class_list":["post-62557","post","type-post","status-publish","format-standard","has-post-thumbnail","hentry","category-religiao","tag-assassinato","tag-cristaos","tag-fulani","tag-nigeria","tag-pastor","tag-perseguicao-religiosa","tag-violencia"],"yoast_head":"<!-- This site is optimized with the Yoast SEO plugin v26.5 - https:\/\/yoast.com\/wordpress\/plugins\/seo\/ -->\n<title>Pastor sequestrado na Nig\u00e9ria \u00e9 assassinado mesmo ap\u00f3s resgate pago - Jornal Fatos e Not\u00edcias<\/title>\n<meta name=\"robots\" content=\"index, follow, max-snippet:-1, max-image-preview:large, max-video-preview:-1\" \/>\n<link rel=\"canonical\" href=\"https:\/\/jornalfatosenoticias.com.br\/index.php\/2025\/10\/15\/pastor-sequestrado-na-nigeria-e-assassinado-mesmo-apos-resgate-pago\/\" \/>\n<meta property=\"og:locale\" content=\"pt_BR\" \/>\n<meta property=\"og:type\" content=\"article\" \/>\n<meta property=\"og:title\" content=\"Pastor sequestrado na Nig\u00e9ria \u00e9 assassinado mesmo ap\u00f3s resgate pago - Jornal Fatos e Not\u00edcias\" \/>\n<meta property=\"og:description\" content=\"Mesmo ap\u00f3s o pagamento do resgate, o Reverendo James Audu Issa foi morto por extremistas Fulani Por Morning Star News Um pastor que foi sequestrado em agosto no estado de Kwara, foi encontrado morto recentemente ap\u00f3s o pagamento do resgate exigido por extremistas Fulani na Nig\u00e9ria. O Reverendo James Audu Issa, da Igreja Evang\u00e9lica Winning [&hellip;]\" \/>\n<meta property=\"og:url\" content=\"https:\/\/jornalfatosenoticias.com.br\/index.php\/2025\/10\/15\/pastor-sequestrado-na-nigeria-e-assassinado-mesmo-apos-resgate-pago\/\" \/>\n<meta property=\"og:site_name\" content=\"Jornal Fatos e Not\u00edcias\" \/>\n<meta property=\"article:published_time\" content=\"2025-10-15T20:54:00+00:00\" \/>\n<meta property=\"article:modified_time\" content=\"2025-10-15T20:54:02+00:00\" \/>\n<meta property=\"og:image\" content=\"https:\/\/jornalfatosenoticias.com.br\/wp-content\/uploads\/2025\/10\/pastor-assassinado-Nigeria.jpg\" \/>\n\t<meta property=\"og:image:width\" content=\"1000\" \/>\n\t<meta property=\"og:image:height\" content=\"595\" \/>\n\t<meta property=\"og:image:type\" content=\"image\/jpeg\" \/>\n<meta name=\"author\" content=\"Luzimara Fernandes\" \/>\n<meta name=\"twitter:card\" content=\"summary_large_image\" \/>\n<meta name=\"twitter:label1\" content=\"Escrito por\" \/>\n\t<meta name=\"twitter:data1\" content=\"Luzimara Fernandes\" \/>\n\t<meta name=\"twitter:label2\" content=\"Est. tempo de leitura\" \/>\n\t<meta name=\"twitter:data2\" content=\"3 minutos\" \/>\n<script type=\"application\/ld+json\" class=\"yoast-schema-graph\">{\"@context\":\"https:\/\/schema.org\",\"@graph\":[{\"@type\":\"Article\",\"@id\":\"https:\/\/jornalfatosenoticias.com.br\/index.php\/2025\/10\/15\/pastor-sequestrado-na-nigeria-e-assassinado-mesmo-apos-resgate-pago\/#article\",\"isPartOf\":{\"@id\":\"https:\/\/jornalfatosenoticias.com.br\/index.php\/2025\/10\/15\/pastor-sequestrado-na-nigeria-e-assassinado-mesmo-apos-resgate-pago\/\"},\"author\":{\"name\":\"Luzimara Fernandes\",\"@id\":\"https:\/\/jornalfatosenoticias.com.br\/#\/schema\/person\/d63837fa13ac8666eb9e74e0985d6f81\"},\"headline\":\"Pastor sequestrado na Nig\u00e9ria \u00e9 assassinado mesmo ap\u00f3s resgate pago\",\"datePublished\":\"2025-10-15T20:54:00+00:00\",\"dateModified\":\"2025-10-15T20:54:02+00:00\",\"mainEntityOfPage\":{\"@id\":\"https:\/\/jornalfatosenoticias.com.br\/index.php\/2025\/10\/15\/pastor-sequestrado-na-nigeria-e-assassinado-mesmo-apos-resgate-pago\/\"},\"wordCount\":698,\"commentCount\":0,\"publisher\":{\"@id\":\"https:\/\/jornalfatosenoticias.com.br\/#organization\"},\"image\":{\"@id\":\"https:\/\/jornalfatosenoticias.com.br\/index.php\/2025\/10\/15\/pastor-sequestrado-na-nigeria-e-assassinado-mesmo-apos-resgate-pago\/#primaryimage\"},\"thumbnailUrl\":\"https:\/\/jornalfatosenoticias.com.br\/wp-content\/uploads\/2025\/10\/pastor-assassinado-Nigeria.jpg\",\"keywords\":[\"assassinato\",\"crist\u00e3os\",\"fulani\",\"Nig\u00e9ria\",\"pastor\",\"persegui\u00e7\u00e3o religiosa\",\"viol\u00eancia\"],\"articleSection\":[\"Religi\u00e3o\"],\"inLanguage\":\"pt-BR\",\"potentialAction\":[{\"@type\":\"CommentAction\",\"name\":\"Comment\",\"target\":[\"https:\/\/jornalfatosenoticias.com.br\/index.php\/2025\/10\/15\/pastor-sequestrado-na-nigeria-e-assassinado-mesmo-apos-resgate-pago\/#respond\"]}]},{\"@type\":\"WebPage\",\"@id\":\"https:\/\/jornalfatosenoticias.com.br\/index.php\/2025\/10\/15\/pastor-sequestrado-na-nigeria-e-assassinado-mesmo-apos-resgate-pago\/\",\"url\":\"https:\/\/jornalfatosenoticias.com.br\/index.php\/2025\/10\/15\/pastor-sequestrado-na-nigeria-e-assassinado-mesmo-apos-resgate-pago\/\",\"name\":\"Pastor sequestrado na Nig\u00e9ria \u00e9 assassinado mesmo ap\u00f3s resgate pago - Jornal Fatos e Not\u00edcias\",\"isPartOf\":{\"@id\":\"https:\/\/jornalfatosenoticias.com.br\/#website\"},\"primaryImageOfPage\":{\"@id\":\"https:\/\/jornalfatosenoticias.com.br\/index.php\/2025\/10\/15\/pastor-sequestrado-na-nigeria-e-assassinado-mesmo-apos-resgate-pago\/#primaryimage\"},\"image\":{\"@id\":\"https:\/\/jornalfatosenoticias.com.br\/index.php\/2025\/10\/15\/pastor-sequestrado-na-nigeria-e-assassinado-mesmo-apos-resgate-pago\/#primaryimage\"},\"thumbnailUrl\":\"https:\/\/jornalfatosenoticias.com.br\/wp-content\/uploads\/2025\/10\/pastor-assassinado-Nigeria.jpg\",\"datePublished\":\"2025-10-15T20:54:00+00:00\",\"dateModified\":\"2025-10-15T20:54:02+00:00\",\"breadcrumb\":{\"@id\":\"https:\/\/jornalfatosenoticias.com.br\/index.php\/2025\/10\/15\/pastor-sequestrado-na-nigeria-e-assassinado-mesmo-apos-resgate-pago\/#breadcrumb\"},\"inLanguage\":\"pt-BR\",\"potentialAction\":[{\"@type\":\"ReadAction\",\"target\":[\"https:\/\/jornalfatosenoticias.com.br\/index.php\/2025\/10\/15\/pastor-sequestrado-na-nigeria-e-assassinado-mesmo-apos-resgate-pago\/\"]}]},{\"@type\":\"ImageObject\",\"inLanguage\":\"pt-BR\",\"@id\":\"https:\/\/jornalfatosenoticias.com.br\/index.php\/2025\/10\/15\/pastor-sequestrado-na-nigeria-e-assassinado-mesmo-apos-resgate-pago\/#primaryimage\",\"url\":\"https:\/\/jornalfatosenoticias.com.br\/wp-content\/uploads\/2025\/10\/pastor-assassinado-Nigeria.jpg\",\"contentUrl\":\"https:\/\/jornalfatosenoticias.com.br\/wp-content\/uploads\/2025\/10\/pastor-assassinado-Nigeria.jpg\",\"width\":1000,\"height\":595},{\"@type\":\"BreadcrumbList\",\"@id\":\"https:\/\/jornalfatosenoticias.com.br\/index.php\/2025\/10\/15\/pastor-sequestrado-na-nigeria-e-assassinado-mesmo-apos-resgate-pago\/#breadcrumb\",\"itemListElement\":[{\"@type\":\"ListItem\",\"position\":1,\"name\":\"In\u00edcio\",\"item\":\"https:\/\/jornalfatosenoticias.com.br\/\"},{\"@type\":\"ListItem\",\"position\":2,\"name\":\"Pastor sequestrado na Nig\u00e9ria \u00e9 assassinado mesmo ap\u00f3s resgate pago\"}]},{\"@type\":\"WebSite\",\"@id\":\"https:\/\/jornalfatosenoticias.com.br\/#website\",\"url\":\"https:\/\/jornalfatosenoticias.com.br\/\",\"name\":\"Jornal Fatos e Not\u00edcias\",\"description\":\"Not\u00edcias em geral\",\"publisher\":{\"@id\":\"https:\/\/jornalfatosenoticias.com.br\/#organization\"},\"potentialAction\":[{\"@type\":\"SearchAction\",\"target\":{\"@type\":\"EntryPoint\",\"urlTemplate\":\"https:\/\/jornalfatosenoticias.com.br\/?s={search_term_string}\"},\"query-input\":{\"@type\":\"PropertyValueSpecification\",\"valueRequired\":true,\"valueName\":\"search_term_string\"}}],\"inLanguage\":\"pt-BR\"},{\"@type\":\"Organization\",\"@id\":\"https:\/\/jornalfatosenoticias.com.br\/#organization\",\"name\":\"Jornal Fatos e Not\u00edcias\",\"url\":\"https:\/\/jornalfatosenoticias.com.br\/\",\"logo\":{\"@type\":\"ImageObject\",\"inLanguage\":\"pt-BR\",\"@id\":\"https:\/\/jornalfatosenoticias.com.br\/#\/schema\/logo\/image\/\",\"url\":\"https:\/\/jornalfatosenoticias.com.br\/wp-content\/uploads\/2020\/02\/logo120.png\",\"contentUrl\":\"https:\/\/jornalfatosenoticias.com.br\/wp-content\/uploads\/2020\/02\/logo120.png\",\"width\":1227,\"height\":120,\"caption\":\"Jornal Fatos e Not\u00edcias\"},\"image\":{\"@id\":\"https:\/\/jornalfatosenoticias.com.br\/#\/schema\/logo\/image\/\"}},{\"@type\":\"Person\",\"@id\":\"https:\/\/jornalfatosenoticias.com.br\/#\/schema\/person\/d63837fa13ac8666eb9e74e0985d6f81\",\"name\":\"Luzimara Fernandes\",\"image\":{\"@type\":\"ImageObject\",\"inLanguage\":\"pt-BR\",\"@id\":\"https:\/\/jornalfatosenoticias.com.br\/#\/schema\/person\/image\/\",\"url\":\"https:\/\/jornalfatosenoticias.com.br\/wp-content\/uploads\/2025\/05\/EU_portal.jpg\",\"contentUrl\":\"https:\/\/jornalfatosenoticias.com.br\/wp-content\/uploads\/2025\/05\/EU_portal.jpg\",\"caption\":\"Luzimara Fernandes\"},\"description\":\"Jornalista MTB 2358-ES\",\"sameAs\":[\"https:\/\/jornalfatosenoticias.com.br\"],\"url\":\"https:\/\/jornalfatosenoticias.com.br\/index.php\/author\/luzimara\/\"}]}<\/script>\n<!-- \/ Yoast SEO plugin. -->","yoast_head_json":{"title":"Pastor sequestrado na Nig\u00e9ria \u00e9 assassinado mesmo ap\u00f3s resgate pago - Jornal Fatos e Not\u00edcias","robots":{"index":"index","follow":"follow","max-snippet":"max-snippet:-1","max-image-preview":"max-image-preview:large","max-video-preview":"max-video-preview:-1"},"canonical":"https:\/\/jornalfatosenoticias.com.br\/index.php\/2025\/10\/15\/pastor-sequestrado-na-nigeria-e-assassinado-mesmo-apos-resgate-pago\/","og_locale":"pt_BR","og_type":"article","og_title":"Pastor sequestrado na Nig\u00e9ria \u00e9 assassinado mesmo ap\u00f3s resgate pago - Jornal Fatos e Not\u00edcias","og_description":"Mesmo ap\u00f3s o pagamento do resgate, o Reverendo James Audu Issa foi morto por extremistas Fulani Por Morning Star News Um pastor que foi sequestrado em agosto no estado de Kwara, foi encontrado morto recentemente ap\u00f3s o pagamento do resgate exigido por extremistas Fulani na Nig\u00e9ria. O Reverendo James Audu Issa, da Igreja Evang\u00e9lica Winning [&hellip;]","og_url":"https:\/\/jornalfatosenoticias.com.br\/index.php\/2025\/10\/15\/pastor-sequestrado-na-nigeria-e-assassinado-mesmo-apos-resgate-pago\/","og_site_name":"Jornal Fatos e Not\u00edcias","article_published_time":"2025-10-15T20:54:00+00:00","article_modified_time":"2025-10-15T20:54:02+00:00","og_image":[{"width":1000,"height":595,"url":"https:\/\/jornalfatosenoticias.com.br\/wp-content\/uploads\/2025\/10\/pastor-assassinado-Nigeria.jpg","type":"image\/jpeg"}],"author":"Luzimara Fernandes","twitter_card":"summary_large_image","twitter_misc":{"Escrito por":"Luzimara Fernandes","Est. tempo de leitura":"3 minutos"},"schema":{"@context":"https:\/\/schema.org","@graph":[{"@type":"Article","@id":"https:\/\/jornalfatosenoticias.com.br\/index.php\/2025\/10\/15\/pastor-sequestrado-na-nigeria-e-assassinado-mesmo-apos-resgate-pago\/#article","isPartOf":{"@id":"https:\/\/jornalfatosenoticias.com.br\/index.php\/2025\/10\/15\/pastor-sequestrado-na-nigeria-e-assassinado-mesmo-apos-resgate-pago\/"},"author":{"name":"Luzimara Fernandes","@id":"https:\/\/jornalfatosenoticias.com.br\/#\/schema\/person\/d63837fa13ac8666eb9e74e0985d6f81"},"headline":"Pastor sequestrado na Nig\u00e9ria \u00e9 assassinado mesmo ap\u00f3s resgate pago","datePublished":"2025-10-15T20:54:00+00:00","dateModified":"2025-10-15T20:54:02+00:00","mainEntityOfPage":{"@id":"https:\/\/jornalfatosenoticias.com.br\/index.php\/2025\/10\/15\/pastor-sequestrado-na-nigeria-e-assassinado-mesmo-apos-resgate-pago\/"},"wordCount":698,"commentCount":0,"publisher":{"@id":"https:\/\/jornalfatosenoticias.com.br\/#organization"},"image":{"@id":"https:\/\/jornalfatosenoticias.com.br\/index.php\/2025\/10\/15\/pastor-sequestrado-na-nigeria-e-assassinado-mesmo-apos-resgate-pago\/#primaryimage"},"thumbnailUrl":"https:\/\/jornalfatosenoticias.com.br\/wp-content\/uploads\/2025\/10\/pastor-assassinado-Nigeria.jpg","keywords":["assassinato","crist\u00e3os","fulani","Nig\u00e9ria","pastor","persegui\u00e7\u00e3o religiosa","viol\u00eancia"],"articleSection":["Religi\u00e3o"],"inLanguage":"pt-BR","potentialAction":[{"@type":"CommentAction","name":"Comment","target":["https:\/\/jornalfatosenoticias.com.br\/index.php\/2025\/10\/15\/pastor-sequestrado-na-nigeria-e-assassinado-mesmo-apos-resgate-pago\/#respond"]}]},{"@type":"WebPage","@id":"https:\/\/jornalfatosenoticias.com.br\/index.php\/2025\/10\/15\/pastor-sequestrado-na-nigeria-e-assassinado-mesmo-apos-resgate-pago\/","url":"https:\/\/jornalfatosenoticias.com.br\/index.php\/2025\/10\/15\/pastor-sequestrado-na-nigeria-e-assassinado-mesmo-apos-resgate-pago\/","name":"Pastor sequestrado na Nig\u00e9ria \u00e9 assassinado mesmo ap\u00f3s resgate pago - Jornal Fatos e Not\u00edcias","isPartOf":{"@id":"https:\/\/jornalfatosenoticias.com.br\/#website"},"primaryImageOfPage":{"@id":"https:\/\/jornalfatosenoticias.com.br\/index.php\/2025\/10\/15\/pastor-sequestrado-na-nigeria-e-assassinado-mesmo-apos-resgate-pago\/#primaryimage"},"image":{"@id":"https:\/\/jornalfatosenoticias.com.br\/index.php\/2025\/10\/15\/pastor-sequestrado-na-nigeria-e-assassinado-mesmo-apos-resgate-pago\/#primaryimage"},"thumbnailUrl":"https:\/\/jornalfatosenoticias.com.br\/wp-content\/uploads\/2025\/10\/pastor-assassinado-Nigeria.jpg","datePublished":"2025-10-15T20:54:00+00:00","dateModified":"2025-10-15T20:54:02+00:00","breadcrumb":{"@id":"https:\/\/jornalfatosenoticias.com.br\/index.php\/2025\/10\/15\/pastor-sequestrado-na-nigeria-e-assassinado-mesmo-apos-resgate-pago\/#breadcrumb"},"inLanguage":"pt-BR","potentialAction":[{"@type":"ReadAction","target":["https:\/\/jornalfatosenoticias.com.br\/index.php\/2025\/10\/15\/pastor-sequestrado-na-nigeria-e-assassinado-mesmo-apos-resgate-pago\/"]}]},{"@type":"ImageObject","inLanguage":"pt-BR","@id":"https:\/\/jornalfatosenoticias.com.br\/index.php\/2025\/10\/15\/pastor-sequestrado-na-nigeria-e-assassinado-mesmo-apos-resgate-pago\/#primaryimage","url":"https:\/\/jornalfatosenoticias.com.br\/wp-content\/uploads\/2025\/10\/pastor-assassinado-Nigeria.jpg","contentUrl":"https:\/\/jornalfatosenoticias.com.br\/wp-content\/uploads\/2025\/10\/pastor-assassinado-Nigeria.jpg","width":1000,"height":595},{"@type":"BreadcrumbList","@id":"https:\/\/jornalfatosenoticias.com.br\/index.php\/2025\/10\/15\/pastor-sequestrado-na-nigeria-e-assassinado-mesmo-apos-resgate-pago\/#breadcrumb","itemListElement":[{"@type":"ListItem","position":1,"name":"In\u00edcio","item":"https:\/\/jornalfatosenoticias.com.br\/"},{"@type":"ListItem","position":2,"name":"Pastor sequestrado na Nig\u00e9ria \u00e9 assassinado mesmo ap\u00f3s resgate pago"}]},{"@type":"WebSite","@id":"https:\/\/jornalfatosenoticias.com.br\/#website","url":"https:\/\/jornalfatosenoticias.com.br\/","name":"Jornal Fatos e Not\u00edcias","description":"Not\u00edcias em geral","publisher":{"@id":"https:\/\/jornalfatosenoticias.com.br\/#organization"},"potentialAction":[{"@type":"SearchAction","target":{"@type":"EntryPoint","urlTemplate":"https:\/\/jornalfatosenoticias.com.br\/?s={search_term_string}"},"query-input":{"@type":"PropertyValueSpecification","valueRequired":true,"valueName":"search_term_string"}}],"inLanguage":"pt-BR"},{"@type":"Organization","@id":"https:\/\/jornalfatosenoticias.com.br\/#organization","name":"Jornal Fatos e Not\u00edcias","url":"https:\/\/jornalfatosenoticias.com.br\/","logo":{"@type":"ImageObject","inLanguage":"pt-BR","@id":"https:\/\/jornalfatosenoticias.com.br\/#\/schema\/logo\/image\/","url":"https:\/\/jornalfatosenoticias.com.br\/wp-content\/uploads\/2020\/02\/logo120.png","contentUrl":"https:\/\/jornalfatosenoticias.com.br\/wp-content\/uploads\/2020\/02\/logo120.png","width":1227,"height":120,"caption":"Jornal Fatos e Not\u00edcias"},"image":{"@id":"https:\/\/jornalfatosenoticias.com.br\/#\/schema\/logo\/image\/"}},{"@type":"Person","@id":"https:\/\/jornalfatosenoticias.com.br\/#\/schema\/person\/d63837fa13ac8666eb9e74e0985d6f81","name":"Luzimara Fernandes","image":{"@type":"ImageObject","inLanguage":"pt-BR","@id":"https:\/\/jornalfatosenoticias.com.br\/#\/schema\/person\/image\/","url":"https:\/\/jornalfatosenoticias.com.br\/wp-content\/uploads\/2025\/05\/EU_portal.jpg","contentUrl":"https:\/\/jornalfatosenoticias.com.br\/wp-content\/uploads\/2025\/05\/EU_portal.jpg","caption":"Luzimara Fernandes"},"description":"Jornalista MTB 2358-ES","sameAs":["https:\/\/jornalfatosenoticias.com.br"],"url":"https:\/\/jornalfatosenoticias.com.br\/index.php\/author\/luzimara\/"}]}},"cc_featured_image_caption":{"caption_text":"(Foto: Reprodu\u00e7\u00e3o\/Morning Star News\/Igreja ECWA\/Ekati) ","source_text":"","source_url":""},"jetpack_featured_media_url":"https:\/\/jornalfatosenoticias.com.br\/wp-content\/uploads\/2025\/10\/pastor-assassinado-Nigeria.jpg","_links":{"self":[{"href":"https:\/\/jornalfatosenoticias.com.br\/index.php\/wp-json\/wp\/v2\/posts\/62557","targetHints":{"allow":["GET"]}}],"collection":[{"href":"https:\/\/jornalfatosenoticias.com.br\/index.php\/wp-json\/wp\/v2\/posts"}],"about":[{"href":"https:\/\/jornalfatosenoticias.com.br\/index.php\/wp-json\/wp\/v2\/types\/post"}],"author":[{"embeddable":true,"href":"https:\/\/jornalfatosenoticias.com.br\/index.php\/wp-json\/wp\/v2\/users\/2"}],"replies":[{"embeddable":true,"href":"https:\/\/jornalfatosenoticias.com.br\/index.php\/wp-json\/wp\/v2\/comments?post=62557"}],"version-history":[{"count":0,"href":"https:\/\/jornalfatosenoticias.com.br\/index.php\/wp-json\/wp\/v2\/posts\/62557\/revisions"}],"wp:featuredmedia":[{"embeddable":true,"href":"https:\/\/jornalfatosenoticias.com.br\/index.php\/wp-json\/wp\/v2\/media\/62558"}],"wp:attachment":[{"href":"https:\/\/jornalfatosenoticias.com.br\/index.php\/wp-json\/wp\/v2\/media?parent=62557"}],"wp:term":[{"taxonomy":"category","embeddable":true,"href":"https:\/\/jornalfatosenoticias.com.br\/index.php\/wp-json\/wp\/v2\/categories?post=62557"},{"taxonomy":"post_tag","embeddable":true,"href":"https:\/\/jornalfatosenoticias.com.br\/index.php\/wp-json\/wp\/v2\/tags?post=62557"}],"curies":[{"name":"wp","href":"https:\/\/api.w.org\/{rel}","templated":true}]}}