{"id":62563,"date":"2025-10-17T13:06:01","date_gmt":"2025-10-17T16:06:01","guid":{"rendered":"https:\/\/jornalfatosenoticias.com.br\/?p=62563"},"modified":"2026-03-23T10:49:54","modified_gmt":"2026-03-23T13:49:54","slug":"viciados-em-o-que-orfaos-de-por-que","status":"publish","type":"post","link":"https:\/\/jornalfatosenoticias.com.br\/index.php\/2025\/10\/17\/viciados-em-o-que-orfaos-de-por-que\/","title":{"rendered":"Viciados em &#8220;o qu\u00ea?&#8221;, \u00f3rf\u00e3os de &#8220;por qu\u00ea?\u201d"},"content":{"rendered":"\n<div class=\"wp-block-image\"><figure class=\"aligncenter size-large\"><a href=\"https:\/\/www.controlsystems.com.br\/\"><img loading=\"lazy\" decoding=\"async\" width=\"1024\" height=\"109\" src=\"https:\/\/jornalfatosenoticias.com.br\/wp-content\/uploads\/2020\/02\/CONTROL-CS2-1024x109.jpg\" alt=\"\" class=\"wp-image-44989\" srcset=\"https:\/\/jornalfatosenoticias.com.br\/wp-content\/uploads\/2020\/02\/CONTROL-CS2-1024x109.jpg 1024w, https:\/\/jornalfatosenoticias.com.br\/wp-content\/uploads\/2020\/02\/CONTROL-CS2-300x32.jpg 300w, https:\/\/jornalfatosenoticias.com.br\/wp-content\/uploads\/2020\/02\/CONTROL-CS2-768x82.jpg 768w, https:\/\/jornalfatosenoticias.com.br\/wp-content\/uploads\/2020\/02\/CONTROL-CS2.jpg 1120w\" sizes=\"auto, (max-width: 1024px) 100vw, 1024px\" \/><\/a><\/figure><\/div>\n\n\n\n<p>As ferramentas de qualidade dispon\u00edveis s\u00e3o muito \u00fateis para resolver problemas e falhas dentro de qualquer processo empresarial, mas elas exigem muita t\u00e9cnica e responsabilidade de quem as usa. Como o intuito destes recursos \u00e9 identificar a causa raiz dos problemas, exige-se do analista imparcialidade e objetividade para retirar qualquer autopreserva\u00e7\u00e3o. Do contr\u00e1rio, teremos uma exposi\u00e7\u00e3o de compet\u00eancias e resultados que continua mascarando a causa raiz dos desvios que inadvertidamente trar\u00e3o recorr\u00eancia do problema.<\/p>\n\n\n\n<div class=\"wp-block-image\"><figure class=\"aligncenter size-large\"><a href=\"http:\/\/www.ferrarimaquinas.com.br\/\"><img loading=\"lazy\" decoding=\"async\" width=\"300\" height=\"250\" src=\"https:\/\/jornalfatosenoticias.com.br\/wp-content\/uploads\/2022\/02\/FERRARI_MAQUINAS-E-FERRAMENTAS2.jpg\" alt=\"\" class=\"wp-image-27860\"\/><\/a><\/figure><\/div>\n\n\n\n<p><strong><span class=\"has-inline-color has-black-color\">E isso se aplica a QUALQUER PROCESSO. Vejam:<\/span><\/strong><\/p>\n\n\n\n<ol class=\"wp-block-list\"><li>De acordo com a Federa\u00e7\u00e3o do Com\u00e9rcio de Bens, Servi\u00e7os e Turismo do Estado de S\u00e3o Paulo (Fecomercio-SP), o n\u00famero de empresas inadimplentes, bem como de pedidos de recupera\u00e7\u00e3o judicial, teve aumento de 61% em 2024.<\/li><li>Por outro lado, na mesma janela de tempo, dados do Minist\u00e9rio da Previd\u00eancia Social revelam que licen\u00e7as m\u00e9dicas concedidas aumentaram 68% em rela\u00e7\u00e3o ao ano anterior.<\/li><li>J\u00e1 no futebol, desde 2022 assiste-se ao pior ciclo de Copa do Mundo de uma sele\u00e7\u00e3o brasileira. S\u00f3 analisando as Eliminat\u00f3rias e sendo breve, o Brasil ficou na sua pior coloca\u00e7\u00e3o na hist\u00f3ria (5.\u00b0), sofreu a primeira derrota em casa e registrou uma s\u00e9rie in\u00e9dita de tr\u00eas derrotas consecutivas.<\/li><\/ol>\n\n\n\n<div class=\"wp-block-image\"><figure class=\"aligncenter size-large\"><img loading=\"lazy\" decoding=\"async\" width=\"1002\" height=\"560\" src=\"https:\/\/jornalfatosenoticias.com.br\/wp-content\/uploads\/2025\/10\/texto-Francisco3.jpg\" alt=\"\" class=\"wp-image-62564\" srcset=\"https:\/\/jornalfatosenoticias.com.br\/wp-content\/uploads\/2025\/10\/texto-Francisco3.jpg 1002w, https:\/\/jornalfatosenoticias.com.br\/wp-content\/uploads\/2025\/10\/texto-Francisco3-300x168.jpg 300w, https:\/\/jornalfatosenoticias.com.br\/wp-content\/uploads\/2025\/10\/texto-Francisco3-768x429.jpg 768w\" sizes=\"auto, (max-width: 1002px) 100vw, 1002px\" \/><figcaption><em><span class=\"has-inline-color has-black-color\">Vini Jr (Foto: IMAGO)<\/span><\/em><\/figcaption><\/figure><\/div>\n\n\n\n<p>E da\u00ed, certo? Uma an\u00e1lise \u201ccontaminada\u201d \u00e9 conduzida para mostrar aquilo que se quer previamente confirmar um entendimento anterior, sem base nos fatos registrados. Um dos efeitos mais nocivos deste vi\u00e9s de confirma\u00e7\u00e3o \u00e9 direcionar superficialmente sua conclus\u00e3o para embasar somente naquela causa f\u00e1cil, acess\u00edvel, aparente. Assim, a ferramenta de qualidade vira um mero adere\u00e7o. Produz-se uma solu\u00e7\u00e3o rasa com aroma de sofistica\u00e7\u00e3o. Um diagn\u00f3stico prec\u00e1rio viciado em falar \u201co qu\u00ea\u201d ocorreu (como se ningu\u00e9m soubesse) e como este ser\u00e1 corrigido, sem entender seus motivos. Resultado pr\u00e1tico p\u00e9ssimo, mas slides da apresenta\u00e7\u00e3o excelentes. N\u00fameros no painel ruins, mas justificativa dos mesmos impecavelmente formatada.<\/p>\n\n\n\n<div class=\"wp-block-image\"><figure class=\"aligncenter size-large is-resized\"><a href=\"https:\/\/panper.com.br\/\"><img loading=\"lazy\" decoding=\"async\" src=\"https:\/\/jornalfatosenoticias.com.br\/wp-content\/uploads\/2023\/03\/logo-Panper_portal.jpg\" alt=\"\" class=\"wp-image-40208\" width=\"292\" height=\"202\" srcset=\"https:\/\/jornalfatosenoticias.com.br\/wp-content\/uploads\/2023\/03\/logo-Panper_portal.jpg 400w, https:\/\/jornalfatosenoticias.com.br\/wp-content\/uploads\/2023\/03\/logo-Panper_portal-300x208.jpg 300w\" sizes=\"auto, (max-width: 292px) 100vw, 292px\" \/><\/a><\/figure><\/div>\n\n\n\n<p>Torna-se, ent\u00e3o, muito conveniente atribuir resultados ruins a fatores externos abstratos (\u201cgoverno\u201d, \u201cmercado\u201d, \u201ccrise\u201d), a elementos humanos inerentes \u00e0 esp\u00e9cie (lidar com press\u00e3o, doen\u00e7as) ou a individualidades que fazem parte do coletivo (\u201ctreinador\u201d, \u201cjogador\u201d).<\/p>\n\n\n\n<div class=\"wp-block-image\"><figure class=\"aligncenter size-large is-resized\"><a href=\"https:\/\/www.facebook.com\/postobkr\/?locale=pt_BR\"><img loading=\"lazy\" decoding=\"async\" src=\"https:\/\/jornalfatosenoticias.com.br\/wp-content\/uploads\/2023\/08\/BKR-1024x1021.jpg\" alt=\"\" class=\"wp-image-44494\" width=\"287\" height=\"286\" srcset=\"https:\/\/jornalfatosenoticias.com.br\/wp-content\/uploads\/2023\/08\/BKR-1024x1021.jpg 1024w, https:\/\/jornalfatosenoticias.com.br\/wp-content\/uploads\/2023\/08\/BKR-300x300.jpg 300w, https:\/\/jornalfatosenoticias.com.br\/wp-content\/uploads\/2023\/08\/BKR-150x150.jpg 150w, https:\/\/jornalfatosenoticias.com.br\/wp-content\/uploads\/2023\/08\/BKR-768x766.jpg 768w, https:\/\/jornalfatosenoticias.com.br\/wp-content\/uploads\/2023\/08\/BKR.jpg 1080w\" sizes=\"auto, (max-width: 287px) 100vw, 287px\" \/><\/a><\/figure><\/div>\n\n\n\n<p>\u00c9 necess\u00e1rio esclarecer que todas as causas acima podem ser as ra\u00edzes dos problemas, mas a tend\u00eancia \u00e9 elenc\u00e1-las antes de qualquer avalia\u00e7\u00e3o de materialidade. Existe uma maneira melhor de se confortar na dificuldade a partir da completa aliena\u00e7\u00e3o do que realmente \u00e9 importante para resolver \u201co que\u201d gera problema?<\/p>\n\n\n\n<div class=\"wp-block-image\"><figure class=\"aligncenter size-large\"><img loading=\"lazy\" decoding=\"async\" width=\"1000\" height=\"665\" src=\"https:\/\/jornalfatosenoticias.com.br\/wp-content\/uploads\/2025\/10\/texto-Francisco.jpg\" alt=\"\" class=\"wp-image-62565\" srcset=\"https:\/\/jornalfatosenoticias.com.br\/wp-content\/uploads\/2025\/10\/texto-Francisco.jpg 1000w, https:\/\/jornalfatosenoticias.com.br\/wp-content\/uploads\/2025\/10\/texto-Francisco-300x200.jpg 300w, https:\/\/jornalfatosenoticias.com.br\/wp-content\/uploads\/2025\/10\/texto-Francisco-768x511.jpg 768w\" sizes=\"auto, (max-width: 1000px) 100vw, 1000px\" \/><figcaption><em><span class=\"has-inline-color has-black-color\">(Foto: iStock)<\/span><\/em><\/figcaption><\/figure><\/div>\n\n\n\n<p>Qual \u00e9 a real dificuldade em buscar incessantemente o \u201cpor qu\u00ea\u201d dos eventos? Por que, diante de um evento, evita-se abordar os pontos decisivos, os momentos chaves de an\u00e1lise? Normalmente se faz porque o ganho \u00e9 maior, conscientemente ou n\u00e3o. Afinal, ao fazer uma an\u00e1lise de cen\u00e1rio profunda e concreta, se baseando em fatos e dados, a chance de encontrar algo que te desafie (direta ou indiretamente) enquanto pessoa, profissional, pai, m\u00e3e ou algo do tipo \u00e9 enorme. E persistir nessa an\u00e1lise \u00e9 a virada de chave para, efetivamente, corrigir esse problema.<\/p>\n\n\n\n<div class=\"wp-block-image\"><figure class=\"aligncenter size-large is-resized\"><a href=\"https:\/\/www.instagram.com\/serra4x4cambioautomatico\/\"><img loading=\"lazy\" decoding=\"async\" src=\"https:\/\/jornalfatosenoticias.com.br\/wp-content\/uploads\/2024\/08\/Serra-4x4-1-886x1024.jpg\" alt=\"\" class=\"wp-image-53632\" width=\"252\" height=\"291\" srcset=\"https:\/\/jornalfatosenoticias.com.br\/wp-content\/uploads\/2024\/08\/Serra-4x4-1-886x1024.jpg 886w, https:\/\/jornalfatosenoticias.com.br\/wp-content\/uploads\/2024\/08\/Serra-4x4-1-260x300.jpg 260w, https:\/\/jornalfatosenoticias.com.br\/wp-content\/uploads\/2024\/08\/Serra-4x4-1-768x888.jpg 768w, https:\/\/jornalfatosenoticias.com.br\/wp-content\/uploads\/2024\/08\/Serra-4x4-1.jpg 1181w\" sizes=\"auto, (max-width: 252px) 100vw, 252px\" \/><\/a><\/figure><\/div>\n\n\n\n<p>Portanto, \u00e9 claro que a empresa inadimplente pode ser o reflexo de uma pol\u00edtica governamental equivocada, mas SEMPRE? Como foi a evolu\u00e7\u00e3o de capta\u00e7\u00e3o de clientes dos \u00faltimos tr\u00eas anos? Quais s\u00e3o as contas que est\u00e3o gerando o maior preju\u00edzo anual? Est\u00e1 sendo contabilizada a deprecia\u00e7\u00e3o dos ativos nesta an\u00e1lise?<\/p>\n\n\n\n<div class=\"wp-block-image\"><figure class=\"aligncenter size-large\"><img loading=\"lazy\" decoding=\"async\" width=\"1000\" height=\"367\" src=\"https:\/\/jornalfatosenoticias.com.br\/wp-content\/uploads\/2025\/10\/texto-Francisco2.jpg\" alt=\"\" class=\"wp-image-62566\" srcset=\"https:\/\/jornalfatosenoticias.com.br\/wp-content\/uploads\/2025\/10\/texto-Francisco2.jpg 1000w, https:\/\/jornalfatosenoticias.com.br\/wp-content\/uploads\/2025\/10\/texto-Francisco2-300x110.jpg 300w, https:\/\/jornalfatosenoticias.com.br\/wp-content\/uploads\/2025\/10\/texto-Francisco2-768x282.jpg 768w\" sizes=\"auto, (max-width: 1000px) 100vw, 1000px\" \/><figcaption><em><span class=\"has-inline-color has-black-color\">(Foto: Freepik)<\/span><\/em><\/figcaption><\/figure><\/div>\n\n\n\n<p>Passar por uma doen\u00e7a mental \u00e9 muito triste, e se resultar em afastamento \u00e9 grav\u00edssimo. Como est\u00e1 sendo levada a rela\u00e7\u00e3o com o trabalho e com meu entorno familiar? Estou priorizando as coisas certas para mim? O que tenho feito para criar uma zona de acolhimento e buscar o apoio necess\u00e1rio, onde eu possa conversar abertamente sobre minhas dificuldades?<\/p>\n\n\n\n<div class=\"wp-block-image\"><figure class=\"aligncenter size-large is-resized\"><a href=\"https:\/\/www.facebook.com\/profile.php?id=100069289606145\"><img loading=\"lazy\" decoding=\"async\" src=\"https:\/\/jornalfatosenoticias.com.br\/wp-content\/uploads\/2024\/11\/Guaitolini-Contabilidade-1024x714.jpeg\" alt=\"\" class=\"wp-image-55808\" width=\"294\" height=\"205\" srcset=\"https:\/\/jornalfatosenoticias.com.br\/wp-content\/uploads\/2024\/11\/Guaitolini-Contabilidade-1024x714.jpeg 1024w, https:\/\/jornalfatosenoticias.com.br\/wp-content\/uploads\/2024\/11\/Guaitolini-Contabilidade-300x209.jpeg 300w, https:\/\/jornalfatosenoticias.com.br\/wp-content\/uploads\/2024\/11\/Guaitolini-Contabilidade-768x535.jpeg 768w, https:\/\/jornalfatosenoticias.com.br\/wp-content\/uploads\/2024\/11\/Guaitolini-Contabilidade.jpeg 1280w\" sizes=\"auto, (max-width: 294px) 100vw, 294px\" \/><\/a><\/figure><\/div>\n\n\n\n<p>Jogador perde gol feito e treinador escala errado, com certeza. Mas n\u00e3o \u00e9 normal ter quatro treinadores em tr\u00eas anos de trabalho de uma sele\u00e7\u00e3o nacional, por que isso ocorreu? Quais foram os resultados de <em>scout<\/em> da comiss\u00e3o t\u00e9cnica? Os resultados das categorias de base mostram algo que corrobore o trabalho que tem sido realizado como um todo?<\/p>\n\n\n\n<div class=\"wp-block-image\"><figure class=\"aligncenter size-large is-resized\"><a href=\"https:\/\/www.instagram.com\/gruposei\/\"><img loading=\"lazy\" decoding=\"async\" src=\"https:\/\/jornalfatosenoticias.com.br\/wp-content\/uploads\/2022\/07\/Logo-Grupo-SEI.jpg\" alt=\"\" class=\"wp-image-31973\" width=\"321\" height=\"168\" srcset=\"https:\/\/jornalfatosenoticias.com.br\/wp-content\/uploads\/2022\/07\/Logo-Grupo-SEI.jpg 713w, https:\/\/jornalfatosenoticias.com.br\/wp-content\/uploads\/2022\/07\/Logo-Grupo-SEI-300x158.jpg 300w\" sizes=\"auto, (max-width: 321px) 100vw, 321px\" \/><\/a><\/figure><\/div>\n\n\n\n<p>Ser \u00f3rf\u00e3o de \u201cpor qu\u00eas\u201d \u00e9 um subaproveitamento da an\u00e1lise de qualidade que joga fora todo o potencial de uma conclus\u00e3o que efetivamente pode ser base para uma mudan\u00e7a efetiva. N\u00e3o adianta elencar conhecimento de ferramentas de qualidade (FMEA, 5 Por Qu\u00eas, Ishikawa) sem ter interesse (ou coragem, ou vontade) genu\u00edno em construir algo mais que castelos de areias.<\/p>\n\n\n\n<div class=\"wp-block-image\"><figure class=\"aligncenter size-large is-resized\"><a href=\"https:\/\/www.instagram.com\/rcradiadores\/\"><img loading=\"lazy\" decoding=\"async\" src=\"https:\/\/jornalfatosenoticias.com.br\/wp-content\/uploads\/2022\/10\/RC_800x750_page-0001.jpg\" alt=\"\" class=\"wp-image-35338\" width=\"294\" height=\"276\" srcset=\"https:\/\/jornalfatosenoticias.com.br\/wp-content\/uploads\/2022\/10\/RC_800x750_page-0001.jpg 400w, https:\/\/jornalfatosenoticias.com.br\/wp-content\/uploads\/2022\/10\/RC_800x750_page-0001-300x281.jpg 300w\" sizes=\"auto, (max-width: 294px) 100vw, 294px\" \/><\/a><\/figure><\/div>\n\n\n\n<p><\/p>\n","protected":false},"excerpt":{"rendered":"<p>As ferramentas de qualidade dispon\u00edveis s\u00e3o muito \u00fateis para resolver problemas e falhas dentro de qualquer processo empresarial, mas elas exigem muita t\u00e9cnica e responsabilidade de quem as usa. Como o intuito destes recursos \u00e9 identificar a causa raiz dos problemas, exige-se do analista imparcialidade e objetividade para retirar qualquer autopreserva\u00e7\u00e3o. Do contr\u00e1rio, teremos uma [&hellip;]<\/p>\n","protected":false},"author":44,"featured_media":62567,"comment_status":"open","ping_status":"open","sticky":false,"template":"","format":"standard","meta":{"footnotes":""},"categories":[30078],"tags":[28526,28528,1680,28527,18246,4666,28529,688],"class_list":["post-62563","post","type-post","status-publish","format-standard","has-post-thumbnail","hentry","category-carreiras-negocios","tag-o-que","tag-por-que","tag-acolhimento","tag-dificuldade","tag-doenca-mental","tag-mudanca","tag-prioridades","tag-saude-mental"],"yoast_head":"<!-- This site is optimized with the Yoast SEO plugin v26.5 - https:\/\/yoast.com\/wordpress\/plugins\/seo\/ -->\n<title>Viciados em &quot;o qu\u00ea?&quot;, \u00f3rf\u00e3os de &quot;por qu\u00ea?\u201d - Jornal Fatos e Not\u00edcias<\/title>\n<meta name=\"robots\" content=\"index, follow, max-snippet:-1, max-image-preview:large, max-video-preview:-1\" \/>\n<link rel=\"canonical\" href=\"https:\/\/jornalfatosenoticias.com.br\/index.php\/2025\/10\/17\/viciados-em-o-que-orfaos-de-por-que\/\" \/>\n<meta property=\"og:locale\" content=\"pt_BR\" \/>\n<meta property=\"og:type\" content=\"article\" \/>\n<meta property=\"og:title\" content=\"Viciados em &quot;o qu\u00ea?&quot;, \u00f3rf\u00e3os de &quot;por qu\u00ea?\u201d - Jornal Fatos e Not\u00edcias\" \/>\n<meta property=\"og:description\" content=\"As ferramentas de qualidade dispon\u00edveis s\u00e3o muito \u00fateis para resolver problemas e falhas dentro de qualquer processo empresarial, mas elas exigem muita t\u00e9cnica e responsabilidade de quem as usa. Como o intuito destes recursos \u00e9 identificar a causa raiz dos problemas, exige-se do analista imparcialidade e objetividade para retirar qualquer autopreserva\u00e7\u00e3o. Do contr\u00e1rio, teremos uma [&hellip;]\" \/>\n<meta property=\"og:url\" content=\"https:\/\/jornalfatosenoticias.com.br\/index.php\/2025\/10\/17\/viciados-em-o-que-orfaos-de-por-que\/\" \/>\n<meta property=\"og:site_name\" content=\"Jornal Fatos e Not\u00edcias\" \/>\n<meta property=\"article:published_time\" content=\"2025-10-17T16:06:01+00:00\" \/>\n<meta property=\"article:modified_time\" content=\"2026-03-23T13:49:54+00:00\" \/>\n<meta property=\"og:image\" content=\"https:\/\/jornalfatosenoticias.com.br\/wp-content\/uploads\/2025\/10\/texto-Francisco-interrogacao_istock.jpg\" \/>\n\t<meta property=\"og:image:width\" content=\"911\" \/>\n\t<meta property=\"og:image:height\" content=\"572\" \/>\n\t<meta property=\"og:image:type\" content=\"image\/jpeg\" \/>\n<meta name=\"author\" content=\"Francisco Neto\" \/>\n<meta name=\"twitter:card\" content=\"summary_large_image\" \/>\n<meta name=\"twitter:label1\" content=\"Escrito por\" \/>\n\t<meta name=\"twitter:data1\" content=\"Francisco Neto\" \/>\n\t<meta name=\"twitter:label2\" content=\"Est. tempo de leitura\" \/>\n\t<meta name=\"twitter:data2\" content=\"7 minutos\" \/>\n<script type=\"application\/ld+json\" class=\"yoast-schema-graph\">{\"@context\":\"https:\/\/schema.org\",\"@graph\":[{\"@type\":\"Article\",\"@id\":\"https:\/\/jornalfatosenoticias.com.br\/index.php\/2025\/10\/17\/viciados-em-o-que-orfaos-de-por-que\/#article\",\"isPartOf\":{\"@id\":\"https:\/\/jornalfatosenoticias.com.br\/index.php\/2025\/10\/17\/viciados-em-o-que-orfaos-de-por-que\/\"},\"author\":{\"name\":\"Francisco Neto\",\"@id\":\"https:\/\/jornalfatosenoticias.com.br\/#\/schema\/person\/d3d464ddbcaf3c3ddfb099ca10ab2cc6\"},\"headline\":\"Viciados em &#8220;o qu\u00ea?&#8221;, \u00f3rf\u00e3os de &#8220;por qu\u00ea?\u201d\",\"datePublished\":\"2025-10-17T16:06:01+00:00\",\"dateModified\":\"2026-03-23T13:49:54+00:00\",\"mainEntityOfPage\":{\"@id\":\"https:\/\/jornalfatosenoticias.com.br\/index.php\/2025\/10\/17\/viciados-em-o-que-orfaos-de-por-que\/\"},\"wordCount\":778,\"commentCount\":0,\"publisher\":{\"@id\":\"https:\/\/jornalfatosenoticias.com.br\/#organization\"},\"image\":{\"@id\":\"https:\/\/jornalfatosenoticias.com.br\/index.php\/2025\/10\/17\/viciados-em-o-que-orfaos-de-por-que\/#primaryimage\"},\"thumbnailUrl\":\"https:\/\/jornalfatosenoticias.com.br\/wp-content\/uploads\/2025\/10\/texto-Francisco-interrogacao_istock.jpg\",\"keywords\":[\"&quot;o qu\u00ea?&quot;\",\"&quot;por qu\u00ea?\u201d\",\"acolhimento\",\"dificuldade\",\"doen\u00e7a mental\",\"mudan\u00e7a\",\"prioridades\",\"sa\u00fade mental\"],\"articleSection\":[\"Carreiras &amp; Neg\u00f3cios\"],\"inLanguage\":\"pt-BR\",\"potentialAction\":[{\"@type\":\"CommentAction\",\"name\":\"Comment\",\"target\":[\"https:\/\/jornalfatosenoticias.com.br\/index.php\/2025\/10\/17\/viciados-em-o-que-orfaos-de-por-que\/#respond\"]}]},{\"@type\":\"WebPage\",\"@id\":\"https:\/\/jornalfatosenoticias.com.br\/index.php\/2025\/10\/17\/viciados-em-o-que-orfaos-de-por-que\/\",\"url\":\"https:\/\/jornalfatosenoticias.com.br\/index.php\/2025\/10\/17\/viciados-em-o-que-orfaos-de-por-que\/\",\"name\":\"Viciados em \\\"o qu\u00ea?\\\", \u00f3rf\u00e3os de \\\"por qu\u00ea?\u201d - Jornal Fatos e Not\u00edcias\",\"isPartOf\":{\"@id\":\"https:\/\/jornalfatosenoticias.com.br\/#website\"},\"primaryImageOfPage\":{\"@id\":\"https:\/\/jornalfatosenoticias.com.br\/index.php\/2025\/10\/17\/viciados-em-o-que-orfaos-de-por-que\/#primaryimage\"},\"image\":{\"@id\":\"https:\/\/jornalfatosenoticias.com.br\/index.php\/2025\/10\/17\/viciados-em-o-que-orfaos-de-por-que\/#primaryimage\"},\"thumbnailUrl\":\"https:\/\/jornalfatosenoticias.com.br\/wp-content\/uploads\/2025\/10\/texto-Francisco-interrogacao_istock.jpg\",\"datePublished\":\"2025-10-17T16:06:01+00:00\",\"dateModified\":\"2026-03-23T13:49:54+00:00\",\"breadcrumb\":{\"@id\":\"https:\/\/jornalfatosenoticias.com.br\/index.php\/2025\/10\/17\/viciados-em-o-que-orfaos-de-por-que\/#breadcrumb\"},\"inLanguage\":\"pt-BR\",\"potentialAction\":[{\"@type\":\"ReadAction\",\"target\":[\"https:\/\/jornalfatosenoticias.com.br\/index.php\/2025\/10\/17\/viciados-em-o-que-orfaos-de-por-que\/\"]}]},{\"@type\":\"ImageObject\",\"inLanguage\":\"pt-BR\",\"@id\":\"https:\/\/jornalfatosenoticias.com.br\/index.php\/2025\/10\/17\/viciados-em-o-que-orfaos-de-por-que\/#primaryimage\",\"url\":\"https:\/\/jornalfatosenoticias.com.br\/wp-content\/uploads\/2025\/10\/texto-Francisco-interrogacao_istock.jpg\",\"contentUrl\":\"https:\/\/jornalfatosenoticias.com.br\/wp-content\/uploads\/2025\/10\/texto-Francisco-interrogacao_istock.jpg\",\"width\":911,\"height\":572,\"caption\":\"Man thinking on white color background\"},{\"@type\":\"BreadcrumbList\",\"@id\":\"https:\/\/jornalfatosenoticias.com.br\/index.php\/2025\/10\/17\/viciados-em-o-que-orfaos-de-por-que\/#breadcrumb\",\"itemListElement\":[{\"@type\":\"ListItem\",\"position\":1,\"name\":\"In\u00edcio\",\"item\":\"https:\/\/jornalfatosenoticias.com.br\/\"},{\"@type\":\"ListItem\",\"position\":2,\"name\":\"Viciados em &#8220;o qu\u00ea?&#8221;, \u00f3rf\u00e3os de &#8220;por qu\u00ea?\u201d\"}]},{\"@type\":\"WebSite\",\"@id\":\"https:\/\/jornalfatosenoticias.com.br\/#website\",\"url\":\"https:\/\/jornalfatosenoticias.com.br\/\",\"name\":\"Jornal Fatos e Not\u00edcias\",\"description\":\"Not\u00edcias em geral\",\"publisher\":{\"@id\":\"https:\/\/jornalfatosenoticias.com.br\/#organization\"},\"potentialAction\":[{\"@type\":\"SearchAction\",\"target\":{\"@type\":\"EntryPoint\",\"urlTemplate\":\"https:\/\/jornalfatosenoticias.com.br\/?s={search_term_string}\"},\"query-input\":{\"@type\":\"PropertyValueSpecification\",\"valueRequired\":true,\"valueName\":\"search_term_string\"}}],\"inLanguage\":\"pt-BR\"},{\"@type\":\"Organization\",\"@id\":\"https:\/\/jornalfatosenoticias.com.br\/#organization\",\"name\":\"Jornal Fatos e Not\u00edcias\",\"url\":\"https:\/\/jornalfatosenoticias.com.br\/\",\"logo\":{\"@type\":\"ImageObject\",\"inLanguage\":\"pt-BR\",\"@id\":\"https:\/\/jornalfatosenoticias.com.br\/#\/schema\/logo\/image\/\",\"url\":\"https:\/\/jornalfatosenoticias.com.br\/wp-content\/uploads\/2020\/02\/logo120.png\",\"contentUrl\":\"https:\/\/jornalfatosenoticias.com.br\/wp-content\/uploads\/2020\/02\/logo120.png\",\"width\":1227,\"height\":120,\"caption\":\"Jornal Fatos e Not\u00edcias\"},\"image\":{\"@id\":\"https:\/\/jornalfatosenoticias.com.br\/#\/schema\/logo\/image\/\"}},{\"@type\":\"Person\",\"@id\":\"https:\/\/jornalfatosenoticias.com.br\/#\/schema\/person\/d3d464ddbcaf3c3ddfb099ca10ab2cc6\",\"name\":\"Francisco Neto\",\"image\":{\"@type\":\"ImageObject\",\"inLanguage\":\"pt-BR\",\"@id\":\"https:\/\/jornalfatosenoticias.com.br\/#\/schema\/person\/image\/\",\"url\":\"https:\/\/jornalfatosenoticias.com.br\/wp-content\/uploads\/2025\/10\/Francisco.jpeg\",\"contentUrl\":\"https:\/\/jornalfatosenoticias.com.br\/wp-content\/uploads\/2025\/10\/Francisco.jpeg\",\"caption\":\"Francisco Neto\"},\"description\":\"Engenheiro eletricista da Conexa Engenharia Transformo solu\u00e7\u00f5es inteligentes em energia, efici\u00eancia e seguran\u00e7a. Instagram: @sou.conexa\",\"url\":\"https:\/\/jornalfatosenoticias.com.br\/index.php\/author\/francisco-neto\/\"}]}<\/script>\n<!-- \/ Yoast SEO plugin. -->","yoast_head_json":{"title":"Viciados em \"o qu\u00ea?\", \u00f3rf\u00e3os de \"por qu\u00ea?\u201d - Jornal Fatos e Not\u00edcias","robots":{"index":"index","follow":"follow","max-snippet":"max-snippet:-1","max-image-preview":"max-image-preview:large","max-video-preview":"max-video-preview:-1"},"canonical":"https:\/\/jornalfatosenoticias.com.br\/index.php\/2025\/10\/17\/viciados-em-o-que-orfaos-de-por-que\/","og_locale":"pt_BR","og_type":"article","og_title":"Viciados em \"o qu\u00ea?\", \u00f3rf\u00e3os de \"por qu\u00ea?\u201d - Jornal Fatos e Not\u00edcias","og_description":"As ferramentas de qualidade dispon\u00edveis s\u00e3o muito \u00fateis para resolver problemas e falhas dentro de qualquer processo empresarial, mas elas exigem muita t\u00e9cnica e responsabilidade de quem as usa. Como o intuito destes recursos \u00e9 identificar a causa raiz dos problemas, exige-se do analista imparcialidade e objetividade para retirar qualquer autopreserva\u00e7\u00e3o. Do contr\u00e1rio, teremos uma [&hellip;]","og_url":"https:\/\/jornalfatosenoticias.com.br\/index.php\/2025\/10\/17\/viciados-em-o-que-orfaos-de-por-que\/","og_site_name":"Jornal Fatos e Not\u00edcias","article_published_time":"2025-10-17T16:06:01+00:00","article_modified_time":"2026-03-23T13:49:54+00:00","og_image":[{"width":911,"height":572,"url":"https:\/\/jornalfatosenoticias.com.br\/wp-content\/uploads\/2025\/10\/texto-Francisco-interrogacao_istock.jpg","type":"image\/jpeg"}],"author":"Francisco Neto","twitter_card":"summary_large_image","twitter_misc":{"Escrito por":"Francisco Neto","Est. tempo de leitura":"7 minutos"},"schema":{"@context":"https:\/\/schema.org","@graph":[{"@type":"Article","@id":"https:\/\/jornalfatosenoticias.com.br\/index.php\/2025\/10\/17\/viciados-em-o-que-orfaos-de-por-que\/#article","isPartOf":{"@id":"https:\/\/jornalfatosenoticias.com.br\/index.php\/2025\/10\/17\/viciados-em-o-que-orfaos-de-por-que\/"},"author":{"name":"Francisco Neto","@id":"https:\/\/jornalfatosenoticias.com.br\/#\/schema\/person\/d3d464ddbcaf3c3ddfb099ca10ab2cc6"},"headline":"Viciados em &#8220;o qu\u00ea?&#8221;, \u00f3rf\u00e3os de &#8220;por qu\u00ea?\u201d","datePublished":"2025-10-17T16:06:01+00:00","dateModified":"2026-03-23T13:49:54+00:00","mainEntityOfPage":{"@id":"https:\/\/jornalfatosenoticias.com.br\/index.php\/2025\/10\/17\/viciados-em-o-que-orfaos-de-por-que\/"},"wordCount":778,"commentCount":0,"publisher":{"@id":"https:\/\/jornalfatosenoticias.com.br\/#organization"},"image":{"@id":"https:\/\/jornalfatosenoticias.com.br\/index.php\/2025\/10\/17\/viciados-em-o-que-orfaos-de-por-que\/#primaryimage"},"thumbnailUrl":"https:\/\/jornalfatosenoticias.com.br\/wp-content\/uploads\/2025\/10\/texto-Francisco-interrogacao_istock.jpg","keywords":["&quot;o qu\u00ea?&quot;","&quot;por qu\u00ea?\u201d","acolhimento","dificuldade","doen\u00e7a mental","mudan\u00e7a","prioridades","sa\u00fade mental"],"articleSection":["Carreiras &amp; Neg\u00f3cios"],"inLanguage":"pt-BR","potentialAction":[{"@type":"CommentAction","name":"Comment","target":["https:\/\/jornalfatosenoticias.com.br\/index.php\/2025\/10\/17\/viciados-em-o-que-orfaos-de-por-que\/#respond"]}]},{"@type":"WebPage","@id":"https:\/\/jornalfatosenoticias.com.br\/index.php\/2025\/10\/17\/viciados-em-o-que-orfaos-de-por-que\/","url":"https:\/\/jornalfatosenoticias.com.br\/index.php\/2025\/10\/17\/viciados-em-o-que-orfaos-de-por-que\/","name":"Viciados em \"o qu\u00ea?\", \u00f3rf\u00e3os de \"por qu\u00ea?\u201d - Jornal Fatos e Not\u00edcias","isPartOf":{"@id":"https:\/\/jornalfatosenoticias.com.br\/#website"},"primaryImageOfPage":{"@id":"https:\/\/jornalfatosenoticias.com.br\/index.php\/2025\/10\/17\/viciados-em-o-que-orfaos-de-por-que\/#primaryimage"},"image":{"@id":"https:\/\/jornalfatosenoticias.com.br\/index.php\/2025\/10\/17\/viciados-em-o-que-orfaos-de-por-que\/#primaryimage"},"thumbnailUrl":"https:\/\/jornalfatosenoticias.com.br\/wp-content\/uploads\/2025\/10\/texto-Francisco-interrogacao_istock.jpg","datePublished":"2025-10-17T16:06:01+00:00","dateModified":"2026-03-23T13:49:54+00:00","breadcrumb":{"@id":"https:\/\/jornalfatosenoticias.com.br\/index.php\/2025\/10\/17\/viciados-em-o-que-orfaos-de-por-que\/#breadcrumb"},"inLanguage":"pt-BR","potentialAction":[{"@type":"ReadAction","target":["https:\/\/jornalfatosenoticias.com.br\/index.php\/2025\/10\/17\/viciados-em-o-que-orfaos-de-por-que\/"]}]},{"@type":"ImageObject","inLanguage":"pt-BR","@id":"https:\/\/jornalfatosenoticias.com.br\/index.php\/2025\/10\/17\/viciados-em-o-que-orfaos-de-por-que\/#primaryimage","url":"https:\/\/jornalfatosenoticias.com.br\/wp-content\/uploads\/2025\/10\/texto-Francisco-interrogacao_istock.jpg","contentUrl":"https:\/\/jornalfatosenoticias.com.br\/wp-content\/uploads\/2025\/10\/texto-Francisco-interrogacao_istock.jpg","width":911,"height":572,"caption":"Man thinking on white color background"},{"@type":"BreadcrumbList","@id":"https:\/\/jornalfatosenoticias.com.br\/index.php\/2025\/10\/17\/viciados-em-o-que-orfaos-de-por-que\/#breadcrumb","itemListElement":[{"@type":"ListItem","position":1,"name":"In\u00edcio","item":"https:\/\/jornalfatosenoticias.com.br\/"},{"@type":"ListItem","position":2,"name":"Viciados em &#8220;o qu\u00ea?&#8221;, \u00f3rf\u00e3os de &#8220;por qu\u00ea?\u201d"}]},{"@type":"WebSite","@id":"https:\/\/jornalfatosenoticias.com.br\/#website","url":"https:\/\/jornalfatosenoticias.com.br\/","name":"Jornal Fatos e Not\u00edcias","description":"Not\u00edcias em geral","publisher":{"@id":"https:\/\/jornalfatosenoticias.com.br\/#organization"},"potentialAction":[{"@type":"SearchAction","target":{"@type":"EntryPoint","urlTemplate":"https:\/\/jornalfatosenoticias.com.br\/?s={search_term_string}"},"query-input":{"@type":"PropertyValueSpecification","valueRequired":true,"valueName":"search_term_string"}}],"inLanguage":"pt-BR"},{"@type":"Organization","@id":"https:\/\/jornalfatosenoticias.com.br\/#organization","name":"Jornal Fatos e Not\u00edcias","url":"https:\/\/jornalfatosenoticias.com.br\/","logo":{"@type":"ImageObject","inLanguage":"pt-BR","@id":"https:\/\/jornalfatosenoticias.com.br\/#\/schema\/logo\/image\/","url":"https:\/\/jornalfatosenoticias.com.br\/wp-content\/uploads\/2020\/02\/logo120.png","contentUrl":"https:\/\/jornalfatosenoticias.com.br\/wp-content\/uploads\/2020\/02\/logo120.png","width":1227,"height":120,"caption":"Jornal Fatos e Not\u00edcias"},"image":{"@id":"https:\/\/jornalfatosenoticias.com.br\/#\/schema\/logo\/image\/"}},{"@type":"Person","@id":"https:\/\/jornalfatosenoticias.com.br\/#\/schema\/person\/d3d464ddbcaf3c3ddfb099ca10ab2cc6","name":"Francisco Neto","image":{"@type":"ImageObject","inLanguage":"pt-BR","@id":"https:\/\/jornalfatosenoticias.com.br\/#\/schema\/person\/image\/","url":"https:\/\/jornalfatosenoticias.com.br\/wp-content\/uploads\/2025\/10\/Francisco.jpeg","contentUrl":"https:\/\/jornalfatosenoticias.com.br\/wp-content\/uploads\/2025\/10\/Francisco.jpeg","caption":"Francisco Neto"},"description":"Engenheiro eletricista da Conexa Engenharia Transformo solu\u00e7\u00f5es inteligentes em energia, efici\u00eancia e seguran\u00e7a. Instagram: @sou.conexa","url":"https:\/\/jornalfatosenoticias.com.br\/index.php\/author\/francisco-neto\/"}]}},"cc_featured_image_caption":{"caption_text":"(Foto: iStock)","source_text":"","source_url":""},"jetpack_featured_media_url":"https:\/\/jornalfatosenoticias.com.br\/wp-content\/uploads\/2025\/10\/texto-Francisco-interrogacao_istock.jpg","_links":{"self":[{"href":"https:\/\/jornalfatosenoticias.com.br\/index.php\/wp-json\/wp\/v2\/posts\/62563","targetHints":{"allow":["GET"]}}],"collection":[{"href":"https:\/\/jornalfatosenoticias.com.br\/index.php\/wp-json\/wp\/v2\/posts"}],"about":[{"href":"https:\/\/jornalfatosenoticias.com.br\/index.php\/wp-json\/wp\/v2\/types\/post"}],"author":[{"embeddable":true,"href":"https:\/\/jornalfatosenoticias.com.br\/index.php\/wp-json\/wp\/v2\/users\/44"}],"replies":[{"embeddable":true,"href":"https:\/\/jornalfatosenoticias.com.br\/index.php\/wp-json\/wp\/v2\/comments?post=62563"}],"version-history":[{"count":1,"href":"https:\/\/jornalfatosenoticias.com.br\/index.php\/wp-json\/wp\/v2\/posts\/62563\/revisions"}],"predecessor-version":[{"id":66141,"href":"https:\/\/jornalfatosenoticias.com.br\/index.php\/wp-json\/wp\/v2\/posts\/62563\/revisions\/66141"}],"wp:featuredmedia":[{"embeddable":true,"href":"https:\/\/jornalfatosenoticias.com.br\/index.php\/wp-json\/wp\/v2\/media\/62567"}],"wp:attachment":[{"href":"https:\/\/jornalfatosenoticias.com.br\/index.php\/wp-json\/wp\/v2\/media?parent=62563"}],"wp:term":[{"taxonomy":"category","embeddable":true,"href":"https:\/\/jornalfatosenoticias.com.br\/index.php\/wp-json\/wp\/v2\/categories?post=62563"},{"taxonomy":"post_tag","embeddable":true,"href":"https:\/\/jornalfatosenoticias.com.br\/index.php\/wp-json\/wp\/v2\/tags?post=62563"}],"curies":[{"name":"wp","href":"https:\/\/api.w.org\/{rel}","templated":true}]}}