{"id":62569,"date":"2025-10-17T13:15:24","date_gmt":"2025-10-17T16:15:24","guid":{"rendered":"https:\/\/jornalfatosenoticias.com.br\/?p=62569"},"modified":"2025-10-17T13:15:25","modified_gmt":"2025-10-17T16:15:25","slug":"as-aparencias-enganam-um-serial-estuprador-parte-iv","status":"publish","type":"post","link":"https:\/\/jornalfatosenoticias.com.br\/index.php\/2025\/10\/17\/as-aparencias-enganam-um-serial-estuprador-parte-iv\/","title":{"rendered":"As apar\u00eancias enganam, um serial estuprador \u2014 Parte IV"},"content":{"rendered":"\n<p><em><span class=\"has-inline-color has-black-color\">O psicopata \u00e9 o perverso que n\u00e3o sente empatia, n\u00e3o tem compaix\u00e3o e tem seu gozo supremo na domina\u00e7\u00e3o que esmaga o outro. E as apar\u00eancias continuam gozando de grande credibilidade<\/span><\/em><\/p>\n\n\n\n<div class=\"wp-block-image\"><figure class=\"aligncenter size-large is-resized\"><a href=\"https:\/\/www.facebook.com\/vetor.vix\/\"><img loading=\"lazy\" decoding=\"async\" src=\"https:\/\/jornalfatosenoticias.com.br\/wp-content\/uploads\/2023\/09\/vetorvix1024_1.jpg\" alt=\"\" class=\"wp-image-44868\" width=\"516\" height=\"137\" srcset=\"https:\/\/jornalfatosenoticias.com.br\/wp-content\/uploads\/2023\/09\/vetorvix1024_1.jpg 1024w, https:\/\/jornalfatosenoticias.com.br\/wp-content\/uploads\/2023\/09\/vetorvix1024_1-300x80.jpg 300w, https:\/\/jornalfatosenoticias.com.br\/wp-content\/uploads\/2023\/09\/vetorvix1024_1-768x205.jpg 768w\" sizes=\"auto, (max-width: 516px) 100vw, 516px\" \/><\/a><\/figure><\/div>\n\n\n\n<p>Uma pergunta n\u00e3o quer calar: por que nenhuma palavra sobre o caso do Professor de Direito de Fam\u00edlia acusado de estupros em s\u00e9rie? Por qu\u00ea? Ser\u00e1 que o Instituto Nacional a que ele pertencia e do qual era Presidente da Se\u00e7\u00e3o de seu Estado, tem tamanha for\u00e7a para impedir que a sociedade perca a oportunidade de tomar conhecimento de, pelo menos um exemplo, de dissimula\u00e7\u00e3o bem-sucedida por uns 12 anos? N\u00e3o podemos precisar o tempo e, menos ainda, o n\u00famero de v\u00edtimas desse \u00eaxito do professor. Talvez desde sempre. Talvez sejam centenas.<br>Alguns pensariam que \u00e9 o \u201csegredo de justi\u00e7a\u201d, que determina a preserva\u00e7\u00e3o de professor e v\u00edtimas, que vai proteger cada v\u00edtima. Mas por que h\u00e1 desigualdade nessa regra? Essa semana foi ampla a divulga\u00e7\u00e3o das imagens de uma \u201cserial killer\u201d. \u00c9 uma raridade ser uma assassina em s\u00e9rie, sabemos, mas esta estudante de Direito \u2014 curso que ocupa espa\u00e7o midi\u00e1tico ultimamente \u2014 teve sua vida escancarada. Talvez, justamente, por ser mulher? Mas a aus\u00eancia total de preserva\u00e7\u00e3o, sugere que h\u00e1 diferen\u00e7as e privil\u00e9gios. Segredo de Justi\u00e7a para uns, exposi\u00e7\u00e3o aberta para outros, ou outras.<\/p>\n\n\n\n<div class=\"wp-block-image\"><figure class=\"aligncenter size-large\"><img loading=\"lazy\" decoding=\"async\" width=\"667\" height=\"1000\" src=\"https:\/\/jornalfatosenoticias.com.br\/wp-content\/uploads\/2025\/10\/Iencarelli_freepik.jpg\" alt=\"\" class=\"wp-image-62570\" srcset=\"https:\/\/jornalfatosenoticias.com.br\/wp-content\/uploads\/2025\/10\/Iencarelli_freepik.jpg 667w, https:\/\/jornalfatosenoticias.com.br\/wp-content\/uploads\/2025\/10\/Iencarelli_freepik-200x300.jpg 200w\" sizes=\"auto, (max-width: 667px) 100vw, 667px\" \/><figcaption><em><span class=\"has-inline-color has-black-color\">(Foto: Freepik)<\/span><\/em><\/figcaption><\/figure><\/div>\n\n\n\n<p>Importante para toda a Sociedade saber quais pessoas s\u00e3o capazes de cometer atrocidades, suas fotos ser\u00e3o divulgadas. No Estado de Alagoas agora \u00e9 Lei. No Estado vizinho de Pernambuco, uma mulher que levava a filha crian\u00e7a no banco de tr\u00e1s do carro, foi parada numa blitz e o PM a levou para um \u201cquartinho\u201d no Posto da PM e a estuprou. Com a anu\u00eancia silenciosa de seus colegas. Mas o corporativismo seguiu. Quando foi \u00e0 delegacia denunciar, a colocaram em contato com a Corregedoria, que lhe mostrou fotos dos policiais poss\u00edveis do cometimento do crime, ela reconheceu seu agressor. Mas nada foi feito, ou comprometido com ela. Apenas a retirada desses policiais do servi\u00e7o das ruas, passando para o setor administrativo. E deixando a v\u00edtima desamparada. Ou algu\u00e9m teria sossego, sabendo que seu agressor, e companheiros, tem toda a possibilidade de achar e silenciar a denunciante. Quem estupra, mata. Vestido de Policial Militar, em exerc\u00edcio de seu trabalho, fiscalizar as vias p\u00fablicas para promover a seguran\u00e7a p\u00fablica, usando uma instala\u00e7\u00e3o do Posto da Pol\u00edcia Militar, \u00e9 demonstrativo do t\u00e3o \u00e0 vontade est\u00e1 para realizar sua crueldade. Impunidade garantida em escalas.<\/p>\n\n\n\n<div class=\"wp-block-image\"><figure class=\"aligncenter size-large\"><img loading=\"lazy\" decoding=\"async\" width=\"1000\" height=\"562\" src=\"https:\/\/jornalfatosenoticias.com.br\/wp-content\/uploads\/2025\/10\/Iencarelli_protecao-juridica-da-mulher.jpg\" alt=\"\" class=\"wp-image-62571\" srcset=\"https:\/\/jornalfatosenoticias.com.br\/wp-content\/uploads\/2025\/10\/Iencarelli_protecao-juridica-da-mulher.jpg 1000w, https:\/\/jornalfatosenoticias.com.br\/wp-content\/uploads\/2025\/10\/Iencarelli_protecao-juridica-da-mulher-300x169.jpg 300w, https:\/\/jornalfatosenoticias.com.br\/wp-content\/uploads\/2025\/10\/Iencarelli_protecao-juridica-da-mulher-768x432.jpg 768w\" sizes=\"auto, (max-width: 1000px) 100vw, 1000px\" \/><figcaption><em><span class=\"has-inline-color has-black-color\">(Foto: Depositphotos)<\/span><\/em><\/figcaption><\/figure><\/div>\n\n\n\n<p>Assim tamb\u00e9m o desembargador de Estado do Sul, que, numa audi\u00eancia de caso de Estupro de Vulner\u00e1vel, menina de 12 anos, resolve fazer discurso para expor sua avalia\u00e7\u00e3o das mulheres: \u201ca mulherada est\u00e1 louca, s\u00f3 est\u00e1 querendo um elogio, uma piscada de olho, elas \u00e9 que est\u00e3o assediando, atacando\u201d. Foi gravado em \u00e1udio e v\u00eddeo. E ele desinibido. J\u00e1 tinha sido denunciado por assediar suas secret\u00e1rias de gabinete, raz\u00e3o pela qual h\u00e1 uma regra entre elas, nunca ficar sozinha com o desembargador, s\u00f3 o atendem em dupla, depois que, inclusive, uma vez que tinha pedido um livro no alto da estante, a mo\u00e7a que subiu para pegar levou uma mordida no gl\u00fateo. As den\u00fancias chegaram ao Conselho Nacional de Justi\u00e7a (CNJ). E, seguia julgando, em 2.\u00aa Inst\u00e2ncia. Julgando? O discurso da \u201cmulherada\u201d assediadora, tarada, quando havia uma menina de 12 anos estuprada, pedindo prote\u00e7\u00e3o.<\/p>\n\n\n\n<div class=\"wp-block-image\"><figure class=\"aligncenter size-large\"><img loading=\"lazy\" decoding=\"async\" width=\"1000\" height=\"667\" src=\"https:\/\/jornalfatosenoticias.com.br\/wp-content\/uploads\/2025\/10\/Iencarelli2_freepik.jpg\" alt=\"\" class=\"wp-image-62572\" srcset=\"https:\/\/jornalfatosenoticias.com.br\/wp-content\/uploads\/2025\/10\/Iencarelli2_freepik.jpg 1000w, https:\/\/jornalfatosenoticias.com.br\/wp-content\/uploads\/2025\/10\/Iencarelli2_freepik-300x200.jpg 300w, https:\/\/jornalfatosenoticias.com.br\/wp-content\/uploads\/2025\/10\/Iencarelli2_freepik-768x512.jpg 768w\" sizes=\"auto, (max-width: 1000px) 100vw, 1000px\" \/><figcaption><em><span class=\"has-inline-color has-black-color\">(Foto: Freepik)<\/span><\/em><\/figcaption><\/figure><\/div>\n\n\n\n<p>\u00c9 muito dif\u00edcil lidar com um psicopata. Refiro-me n\u00e3o ao gen\u00e9rico que hoje foi disseminado como defini\u00e7\u00e3o para os portadores de dist\u00farbios mentais. O psicopata \u00e9 o perverso que n\u00e3o sente empatia, n\u00e3o tem compaix\u00e3o e tem seu gozo supremo na domina\u00e7\u00e3o que esmaga o outro. \u00c9 o prazer pela aniquila\u00e7\u00e3o do outro. N\u00e3o \u00e9 sexual. \u00c9 uma busca incessante de Poder cada vez mais absoluto. A Puls\u00e3o de Apoderamento \u00e9 compulsiva, se repete sempre no mesmo modus operandi. \u00c9 <strong>espantoso como agentes peritos e peritas afirmam que aquele homem n\u00e3o abusou a crian\u00e7a. <\/strong>E isso \u00e9 aceito. Quando \u00e9 uma den\u00fancia feita pela m\u00e3e, lhe \u00e9 pedido que apresente provas materiais. Mas a voz masculina prescinde de comprova\u00e7\u00e3o. A lei de aliena\u00e7\u00e3o parental que d\u00e1 respaldo aos genitores que praticam viol\u00eancia sexual ou f\u00edsica, \u00e9 uma lei testosterona que convence a per\u00edcia de que n\u00e3o houve abuso. Como se pode afirmar isso?<\/p>\n\n\n\n<div class=\"wp-block-image\"><figure class=\"aligncenter size-large is-resized\"><a href=\"https:\/\/hotelmarquetti.com.br\/\"><img loading=\"lazy\" decoding=\"async\" src=\"https:\/\/jornalfatosenoticias.com.br\/wp-content\/uploads\/2020\/02\/LOGO-MQ-1024x680.jpg\" alt=\"\" class=\"wp-image-58299\" width=\"324\" height=\"215\" srcset=\"https:\/\/jornalfatosenoticias.com.br\/wp-content\/uploads\/2020\/02\/LOGO-MQ-1024x680.jpg 1024w, https:\/\/jornalfatosenoticias.com.br\/wp-content\/uploads\/2020\/02\/LOGO-MQ-300x199.jpg 300w, https:\/\/jornalfatosenoticias.com.br\/wp-content\/uploads\/2020\/02\/LOGO-MQ-768x510.jpg 768w, https:\/\/jornalfatosenoticias.com.br\/wp-content\/uploads\/2020\/02\/LOGO-MQ-1536x1020.jpg 1536w, https:\/\/jornalfatosenoticias.com.br\/wp-content\/uploads\/2020\/02\/LOGO-MQ-2048x1360.jpg 2048w\" sizes=\"auto, (max-width: 324px) 100vw, 324px\" \/><\/a><\/figure><\/div>\n\n\n\n<p>Ali\u00e1s, um crime que n\u00e3o \u00e9 provado n\u00e3o quer dizer que ele n\u00e3o tenha acontecido. Ou o criminoso \u00e9 muito competente, ou os avaliadores e suas avalia\u00e7\u00f5es s\u00e3o prec\u00e1rios e falhos. Afinal, quem matou PC Farias e sua namorada? A resposta \u00e0 \u00e9poca, foi que um matou o outro, ao mesmo tempo, ele matou a namorada e a namorada o matou. Ent\u00e3o, se n\u00e3o se provou a autoria do assassinato dos dois, isso quer dizer que PC Farias e a namorada n\u00e3o morreram? N\u00e3o houve crime, ent\u00e3o? Essa \u00e9 uma il\u00f3gica maneira de avaliar e induzir o julgamento, frequente nas viol\u00eancias contra mulheres e crian\u00e7as.<br>E as apar\u00eancias continuam gozando de grande credibilidade.<\/p>\n\n\n\n<div class=\"wp-block-image\"><figure class=\"aligncenter size-large is-resized\"><a href=\"https:\/\/www.instagram.com\/restaurantepegoretti\/\"><img loading=\"lazy\" decoding=\"async\" src=\"https:\/\/jornalfatosenoticias.com.br\/wp-content\/uploads\/2023\/12\/pegoretti-logo-pdf-1024x389.jpg\" alt=\"\" class=\"wp-image-47536\" width=\"490\" height=\"186\" srcset=\"https:\/\/jornalfatosenoticias.com.br\/wp-content\/uploads\/2023\/12\/pegoretti-logo-pdf-1024x389.jpg 1024w, https:\/\/jornalfatosenoticias.com.br\/wp-content\/uploads\/2023\/12\/pegoretti-logo-pdf-300x114.jpg 300w, https:\/\/jornalfatosenoticias.com.br\/wp-content\/uploads\/2023\/12\/pegoretti-logo-pdf-768x291.jpg 768w, https:\/\/jornalfatosenoticias.com.br\/wp-content\/uploads\/2023\/12\/pegoretti-logo-pdf.jpg 1120w\" sizes=\"auto, (max-width: 490px) 100vw, 490px\" \/><\/a><\/figure><\/div>\n\n\n\n<p><\/p>\n","protected":false},"excerpt":{"rendered":"<p>O psicopata \u00e9 o perverso que n\u00e3o sente empatia, n\u00e3o tem compaix\u00e3o e tem seu gozo supremo na domina\u00e7\u00e3o que esmaga o outro. E as apar\u00eancias continuam gozando de grande credibilidade Uma pergunta n\u00e3o quer calar: por que nenhuma palavra sobre o caso do Professor de Direito de Fam\u00edlia acusado de estupros em s\u00e9rie? Por [&hellip;]<\/p>\n","protected":false},"author":8,"featured_media":62573,"comment_status":"open","ping_status":"open","sticky":false,"template":"","format":"standard","meta":{"footnotes":""},"categories":[2522],"tags":[5317,28484,342,26543,14736,28531,28530,28532],"class_list":["post-62569","post","type-post","status-publish","format-standard","has-post-thumbnail","hentry","category-comportamento","tag-abusos","tag-aparencias","tag-empatia","tag-estuprador","tag-perversidade","tag-psicopata","tag-psicopatia","tag-violencias-contra-mulheres-e-criancas"],"yoast_head":"<!-- This site is optimized with the Yoast SEO plugin v26.5 - https:\/\/yoast.com\/wordpress\/plugins\/seo\/ -->\n<title>As apar\u00eancias enganam, um serial estuprador \u2014 Parte IV - Jornal Fatos e Not\u00edcias<\/title>\n<meta name=\"robots\" content=\"index, follow, max-snippet:-1, max-image-preview:large, max-video-preview:-1\" \/>\n<link rel=\"canonical\" href=\"https:\/\/jornalfatosenoticias.com.br\/index.php\/2025\/10\/17\/as-aparencias-enganam-um-serial-estuprador-parte-iv\/\" \/>\n<meta property=\"og:locale\" content=\"pt_BR\" \/>\n<meta property=\"og:type\" content=\"article\" \/>\n<meta property=\"og:title\" content=\"As apar\u00eancias enganam, um serial estuprador \u2014 Parte IV - Jornal Fatos e Not\u00edcias\" \/>\n<meta property=\"og:description\" content=\"O psicopata \u00e9 o perverso que n\u00e3o sente empatia, n\u00e3o tem compaix\u00e3o e tem seu gozo supremo na domina\u00e7\u00e3o que esmaga o outro. E as apar\u00eancias continuam gozando de grande credibilidade Uma pergunta n\u00e3o quer calar: por que nenhuma palavra sobre o caso do Professor de Direito de Fam\u00edlia acusado de estupros em s\u00e9rie? Por [&hellip;]\" \/>\n<meta property=\"og:url\" content=\"https:\/\/jornalfatosenoticias.com.br\/index.php\/2025\/10\/17\/as-aparencias-enganam-um-serial-estuprador-parte-iv\/\" \/>\n<meta property=\"og:site_name\" content=\"Jornal Fatos e Not\u00edcias\" \/>\n<meta property=\"article:published_time\" content=\"2025-10-17T16:15:24+00:00\" \/>\n<meta property=\"article:modified_time\" content=\"2025-10-17T16:15:25+00:00\" \/>\n<meta property=\"og:image\" content=\"https:\/\/jornalfatosenoticias.com.br\/wp-content\/uploads\/2025\/10\/Iencarelli3_freepik.jpg\" \/>\n\t<meta property=\"og:image:width\" content=\"1000\" \/>\n\t<meta property=\"og:image:height\" content=\"666\" \/>\n\t<meta property=\"og:image:type\" content=\"image\/jpeg\" \/>\n<meta name=\"author\" content=\"Ana Maria Iencarelli\" \/>\n<meta name=\"twitter:card\" content=\"summary_large_image\" \/>\n<meta name=\"twitter:label1\" content=\"Escrito por\" \/>\n\t<meta name=\"twitter:data1\" content=\"Ana Maria Iencarelli\" \/>\n\t<meta name=\"twitter:label2\" content=\"Est. tempo de leitura\" \/>\n\t<meta name=\"twitter:data2\" content=\"4 minutos\" \/>\n<script type=\"application\/ld+json\" class=\"yoast-schema-graph\">{\"@context\":\"https:\/\/schema.org\",\"@graph\":[{\"@type\":\"Article\",\"@id\":\"https:\/\/jornalfatosenoticias.com.br\/index.php\/2025\/10\/17\/as-aparencias-enganam-um-serial-estuprador-parte-iv\/#article\",\"isPartOf\":{\"@id\":\"https:\/\/jornalfatosenoticias.com.br\/index.php\/2025\/10\/17\/as-aparencias-enganam-um-serial-estuprador-parte-iv\/\"},\"author\":{\"name\":\"Ana Maria Iencarelli\",\"@id\":\"https:\/\/jornalfatosenoticias.com.br\/#\/schema\/person\/c33fcf5fb02d729d3fec92c6737a22d1\"},\"headline\":\"As apar\u00eancias enganam, um serial estuprador \u2014 Parte IV\",\"datePublished\":\"2025-10-17T16:15:24+00:00\",\"dateModified\":\"2025-10-17T16:15:25+00:00\",\"mainEntityOfPage\":{\"@id\":\"https:\/\/jornalfatosenoticias.com.br\/index.php\/2025\/10\/17\/as-aparencias-enganam-um-serial-estuprador-parte-iv\/\"},\"wordCount\":899,\"commentCount\":0,\"publisher\":{\"@id\":\"https:\/\/jornalfatosenoticias.com.br\/#organization\"},\"image\":{\"@id\":\"https:\/\/jornalfatosenoticias.com.br\/index.php\/2025\/10\/17\/as-aparencias-enganam-um-serial-estuprador-parte-iv\/#primaryimage\"},\"thumbnailUrl\":\"https:\/\/jornalfatosenoticias.com.br\/wp-content\/uploads\/2025\/10\/Iencarelli3_freepik.jpg\",\"keywords\":[\"abusos\",\"apar\u00eancias\",\"empatia\",\"estuprador\",\"perversidade\",\"psicopata\",\"psicopatia\",\"viol\u00eancias contra mulheres e crian\u00e7as\"],\"articleSection\":[\"Comportamento &amp; Equil\u00edbrio\"],\"inLanguage\":\"pt-BR\",\"potentialAction\":[{\"@type\":\"CommentAction\",\"name\":\"Comment\",\"target\":[\"https:\/\/jornalfatosenoticias.com.br\/index.php\/2025\/10\/17\/as-aparencias-enganam-um-serial-estuprador-parte-iv\/#respond\"]}]},{\"@type\":\"WebPage\",\"@id\":\"https:\/\/jornalfatosenoticias.com.br\/index.php\/2025\/10\/17\/as-aparencias-enganam-um-serial-estuprador-parte-iv\/\",\"url\":\"https:\/\/jornalfatosenoticias.com.br\/index.php\/2025\/10\/17\/as-aparencias-enganam-um-serial-estuprador-parte-iv\/\",\"name\":\"As apar\u00eancias enganam, um serial estuprador \u2014 Parte IV - Jornal Fatos e Not\u00edcias\",\"isPartOf\":{\"@id\":\"https:\/\/jornalfatosenoticias.com.br\/#website\"},\"primaryImageOfPage\":{\"@id\":\"https:\/\/jornalfatosenoticias.com.br\/index.php\/2025\/10\/17\/as-aparencias-enganam-um-serial-estuprador-parte-iv\/#primaryimage\"},\"image\":{\"@id\":\"https:\/\/jornalfatosenoticias.com.br\/index.php\/2025\/10\/17\/as-aparencias-enganam-um-serial-estuprador-parte-iv\/#primaryimage\"},\"thumbnailUrl\":\"https:\/\/jornalfatosenoticias.com.br\/wp-content\/uploads\/2025\/10\/Iencarelli3_freepik.jpg\",\"datePublished\":\"2025-10-17T16:15:24+00:00\",\"dateModified\":\"2025-10-17T16:15:25+00:00\",\"breadcrumb\":{\"@id\":\"https:\/\/jornalfatosenoticias.com.br\/index.php\/2025\/10\/17\/as-aparencias-enganam-um-serial-estuprador-parte-iv\/#breadcrumb\"},\"inLanguage\":\"pt-BR\",\"potentialAction\":[{\"@type\":\"ReadAction\",\"target\":[\"https:\/\/jornalfatosenoticias.com.br\/index.php\/2025\/10\/17\/as-aparencias-enganam-um-serial-estuprador-parte-iv\/\"]}]},{\"@type\":\"ImageObject\",\"inLanguage\":\"pt-BR\",\"@id\":\"https:\/\/jornalfatosenoticias.com.br\/index.php\/2025\/10\/17\/as-aparencias-enganam-um-serial-estuprador-parte-iv\/#primaryimage\",\"url\":\"https:\/\/jornalfatosenoticias.com.br\/wp-content\/uploads\/2025\/10\/Iencarelli3_freepik.jpg\",\"contentUrl\":\"https:\/\/jornalfatosenoticias.com.br\/wp-content\/uploads\/2025\/10\/Iencarelli3_freepik.jpg\",\"width\":1000,\"height\":666,\"caption\":\"Depressed woman with cracked glass effect\"},{\"@type\":\"BreadcrumbList\",\"@id\":\"https:\/\/jornalfatosenoticias.com.br\/index.php\/2025\/10\/17\/as-aparencias-enganam-um-serial-estuprador-parte-iv\/#breadcrumb\",\"itemListElement\":[{\"@type\":\"ListItem\",\"position\":1,\"name\":\"In\u00edcio\",\"item\":\"https:\/\/jornalfatosenoticias.com.br\/\"},{\"@type\":\"ListItem\",\"position\":2,\"name\":\"As apar\u00eancias enganam, um serial estuprador \u2014 Parte IV\"}]},{\"@type\":\"WebSite\",\"@id\":\"https:\/\/jornalfatosenoticias.com.br\/#website\",\"url\":\"https:\/\/jornalfatosenoticias.com.br\/\",\"name\":\"Jornal Fatos e Not\u00edcias\",\"description\":\"Not\u00edcias em geral\",\"publisher\":{\"@id\":\"https:\/\/jornalfatosenoticias.com.br\/#organization\"},\"potentialAction\":[{\"@type\":\"SearchAction\",\"target\":{\"@type\":\"EntryPoint\",\"urlTemplate\":\"https:\/\/jornalfatosenoticias.com.br\/?s={search_term_string}\"},\"query-input\":{\"@type\":\"PropertyValueSpecification\",\"valueRequired\":true,\"valueName\":\"search_term_string\"}}],\"inLanguage\":\"pt-BR\"},{\"@type\":\"Organization\",\"@id\":\"https:\/\/jornalfatosenoticias.com.br\/#organization\",\"name\":\"Jornal Fatos e Not\u00edcias\",\"url\":\"https:\/\/jornalfatosenoticias.com.br\/\",\"logo\":{\"@type\":\"ImageObject\",\"inLanguage\":\"pt-BR\",\"@id\":\"https:\/\/jornalfatosenoticias.com.br\/#\/schema\/logo\/image\/\",\"url\":\"https:\/\/jornalfatosenoticias.com.br\/wp-content\/uploads\/2020\/02\/logo120.png\",\"contentUrl\":\"https:\/\/jornalfatosenoticias.com.br\/wp-content\/uploads\/2020\/02\/logo120.png\",\"width\":1227,\"height\":120,\"caption\":\"Jornal Fatos e Not\u00edcias\"},\"image\":{\"@id\":\"https:\/\/jornalfatosenoticias.com.br\/#\/schema\/logo\/image\/\"}},{\"@type\":\"Person\",\"@id\":\"https:\/\/jornalfatosenoticias.com.br\/#\/schema\/person\/c33fcf5fb02d729d3fec92c6737a22d1\",\"name\":\"Ana Maria Iencarelli\",\"image\":{\"@type\":\"ImageObject\",\"inLanguage\":\"pt-BR\",\"@id\":\"https:\/\/jornalfatosenoticias.com.br\/#\/schema\/person\/image\/\",\"url\":\"https:\/\/jornalfatosenoticias.com.br\/wp-content\/uploads\/2020\/02\/Ana-Maria-Iencarelli-1-150x150.jpg\",\"contentUrl\":\"https:\/\/jornalfatosenoticias.com.br\/wp-content\/uploads\/2020\/02\/Ana-Maria-Iencarelli-1-150x150.jpg\",\"caption\":\"Ana Maria Iencarelli\"},\"description\":\"Psicanalista Cl\u00ednica, especializada no atendimento a Crian\u00e7as e Adolescentes. Presidente da ONG Vozes de Anjos.\",\"url\":\"https:\/\/jornalfatosenoticias.com.br\/index.php\/author\/anamaria\/\"}]}<\/script>\n<!-- \/ Yoast SEO plugin. -->","yoast_head_json":{"title":"As apar\u00eancias enganam, um serial estuprador \u2014 Parte IV - Jornal Fatos e Not\u00edcias","robots":{"index":"index","follow":"follow","max-snippet":"max-snippet:-1","max-image-preview":"max-image-preview:large","max-video-preview":"max-video-preview:-1"},"canonical":"https:\/\/jornalfatosenoticias.com.br\/index.php\/2025\/10\/17\/as-aparencias-enganam-um-serial-estuprador-parte-iv\/","og_locale":"pt_BR","og_type":"article","og_title":"As apar\u00eancias enganam, um serial estuprador \u2014 Parte IV - Jornal Fatos e Not\u00edcias","og_description":"O psicopata \u00e9 o perverso que n\u00e3o sente empatia, n\u00e3o tem compaix\u00e3o e tem seu gozo supremo na domina\u00e7\u00e3o que esmaga o outro. E as apar\u00eancias continuam gozando de grande credibilidade Uma pergunta n\u00e3o quer calar: por que nenhuma palavra sobre o caso do Professor de Direito de Fam\u00edlia acusado de estupros em s\u00e9rie? Por [&hellip;]","og_url":"https:\/\/jornalfatosenoticias.com.br\/index.php\/2025\/10\/17\/as-aparencias-enganam-um-serial-estuprador-parte-iv\/","og_site_name":"Jornal Fatos e Not\u00edcias","article_published_time":"2025-10-17T16:15:24+00:00","article_modified_time":"2025-10-17T16:15:25+00:00","og_image":[{"width":1000,"height":666,"url":"https:\/\/jornalfatosenoticias.com.br\/wp-content\/uploads\/2025\/10\/Iencarelli3_freepik.jpg","type":"image\/jpeg"}],"author":"Ana Maria Iencarelli","twitter_card":"summary_large_image","twitter_misc":{"Escrito por":"Ana Maria Iencarelli","Est. tempo de leitura":"4 minutos"},"schema":{"@context":"https:\/\/schema.org","@graph":[{"@type":"Article","@id":"https:\/\/jornalfatosenoticias.com.br\/index.php\/2025\/10\/17\/as-aparencias-enganam-um-serial-estuprador-parte-iv\/#article","isPartOf":{"@id":"https:\/\/jornalfatosenoticias.com.br\/index.php\/2025\/10\/17\/as-aparencias-enganam-um-serial-estuprador-parte-iv\/"},"author":{"name":"Ana Maria Iencarelli","@id":"https:\/\/jornalfatosenoticias.com.br\/#\/schema\/person\/c33fcf5fb02d729d3fec92c6737a22d1"},"headline":"As apar\u00eancias enganam, um serial estuprador \u2014 Parte IV","datePublished":"2025-10-17T16:15:24+00:00","dateModified":"2025-10-17T16:15:25+00:00","mainEntityOfPage":{"@id":"https:\/\/jornalfatosenoticias.com.br\/index.php\/2025\/10\/17\/as-aparencias-enganam-um-serial-estuprador-parte-iv\/"},"wordCount":899,"commentCount":0,"publisher":{"@id":"https:\/\/jornalfatosenoticias.com.br\/#organization"},"image":{"@id":"https:\/\/jornalfatosenoticias.com.br\/index.php\/2025\/10\/17\/as-aparencias-enganam-um-serial-estuprador-parte-iv\/#primaryimage"},"thumbnailUrl":"https:\/\/jornalfatosenoticias.com.br\/wp-content\/uploads\/2025\/10\/Iencarelli3_freepik.jpg","keywords":["abusos","apar\u00eancias","empatia","estuprador","perversidade","psicopata","psicopatia","viol\u00eancias contra mulheres e crian\u00e7as"],"articleSection":["Comportamento &amp; Equil\u00edbrio"],"inLanguage":"pt-BR","potentialAction":[{"@type":"CommentAction","name":"Comment","target":["https:\/\/jornalfatosenoticias.com.br\/index.php\/2025\/10\/17\/as-aparencias-enganam-um-serial-estuprador-parte-iv\/#respond"]}]},{"@type":"WebPage","@id":"https:\/\/jornalfatosenoticias.com.br\/index.php\/2025\/10\/17\/as-aparencias-enganam-um-serial-estuprador-parte-iv\/","url":"https:\/\/jornalfatosenoticias.com.br\/index.php\/2025\/10\/17\/as-aparencias-enganam-um-serial-estuprador-parte-iv\/","name":"As apar\u00eancias enganam, um serial estuprador \u2014 Parte IV - Jornal Fatos e Not\u00edcias","isPartOf":{"@id":"https:\/\/jornalfatosenoticias.com.br\/#website"},"primaryImageOfPage":{"@id":"https:\/\/jornalfatosenoticias.com.br\/index.php\/2025\/10\/17\/as-aparencias-enganam-um-serial-estuprador-parte-iv\/#primaryimage"},"image":{"@id":"https:\/\/jornalfatosenoticias.com.br\/index.php\/2025\/10\/17\/as-aparencias-enganam-um-serial-estuprador-parte-iv\/#primaryimage"},"thumbnailUrl":"https:\/\/jornalfatosenoticias.com.br\/wp-content\/uploads\/2025\/10\/Iencarelli3_freepik.jpg","datePublished":"2025-10-17T16:15:24+00:00","dateModified":"2025-10-17T16:15:25+00:00","breadcrumb":{"@id":"https:\/\/jornalfatosenoticias.com.br\/index.php\/2025\/10\/17\/as-aparencias-enganam-um-serial-estuprador-parte-iv\/#breadcrumb"},"inLanguage":"pt-BR","potentialAction":[{"@type":"ReadAction","target":["https:\/\/jornalfatosenoticias.com.br\/index.php\/2025\/10\/17\/as-aparencias-enganam-um-serial-estuprador-parte-iv\/"]}]},{"@type":"ImageObject","inLanguage":"pt-BR","@id":"https:\/\/jornalfatosenoticias.com.br\/index.php\/2025\/10\/17\/as-aparencias-enganam-um-serial-estuprador-parte-iv\/#primaryimage","url":"https:\/\/jornalfatosenoticias.com.br\/wp-content\/uploads\/2025\/10\/Iencarelli3_freepik.jpg","contentUrl":"https:\/\/jornalfatosenoticias.com.br\/wp-content\/uploads\/2025\/10\/Iencarelli3_freepik.jpg","width":1000,"height":666,"caption":"Depressed woman with cracked glass effect"},{"@type":"BreadcrumbList","@id":"https:\/\/jornalfatosenoticias.com.br\/index.php\/2025\/10\/17\/as-aparencias-enganam-um-serial-estuprador-parte-iv\/#breadcrumb","itemListElement":[{"@type":"ListItem","position":1,"name":"In\u00edcio","item":"https:\/\/jornalfatosenoticias.com.br\/"},{"@type":"ListItem","position":2,"name":"As apar\u00eancias enganam, um serial estuprador \u2014 Parte IV"}]},{"@type":"WebSite","@id":"https:\/\/jornalfatosenoticias.com.br\/#website","url":"https:\/\/jornalfatosenoticias.com.br\/","name":"Jornal Fatos e Not\u00edcias","description":"Not\u00edcias em geral","publisher":{"@id":"https:\/\/jornalfatosenoticias.com.br\/#organization"},"potentialAction":[{"@type":"SearchAction","target":{"@type":"EntryPoint","urlTemplate":"https:\/\/jornalfatosenoticias.com.br\/?s={search_term_string}"},"query-input":{"@type":"PropertyValueSpecification","valueRequired":true,"valueName":"search_term_string"}}],"inLanguage":"pt-BR"},{"@type":"Organization","@id":"https:\/\/jornalfatosenoticias.com.br\/#organization","name":"Jornal Fatos e Not\u00edcias","url":"https:\/\/jornalfatosenoticias.com.br\/","logo":{"@type":"ImageObject","inLanguage":"pt-BR","@id":"https:\/\/jornalfatosenoticias.com.br\/#\/schema\/logo\/image\/","url":"https:\/\/jornalfatosenoticias.com.br\/wp-content\/uploads\/2020\/02\/logo120.png","contentUrl":"https:\/\/jornalfatosenoticias.com.br\/wp-content\/uploads\/2020\/02\/logo120.png","width":1227,"height":120,"caption":"Jornal Fatos e Not\u00edcias"},"image":{"@id":"https:\/\/jornalfatosenoticias.com.br\/#\/schema\/logo\/image\/"}},{"@type":"Person","@id":"https:\/\/jornalfatosenoticias.com.br\/#\/schema\/person\/c33fcf5fb02d729d3fec92c6737a22d1","name":"Ana Maria Iencarelli","image":{"@type":"ImageObject","inLanguage":"pt-BR","@id":"https:\/\/jornalfatosenoticias.com.br\/#\/schema\/person\/image\/","url":"https:\/\/jornalfatosenoticias.com.br\/wp-content\/uploads\/2020\/02\/Ana-Maria-Iencarelli-1-150x150.jpg","contentUrl":"https:\/\/jornalfatosenoticias.com.br\/wp-content\/uploads\/2020\/02\/Ana-Maria-Iencarelli-1-150x150.jpg","caption":"Ana Maria Iencarelli"},"description":"Psicanalista Cl\u00ednica, especializada no atendimento a Crian\u00e7as e Adolescentes. Presidente da ONG Vozes de Anjos.","url":"https:\/\/jornalfatosenoticias.com.br\/index.php\/author\/anamaria\/"}]}},"cc_featured_image_caption":{"caption_text":"(Foto: Freepik)","source_text":"","source_url":""},"jetpack_featured_media_url":"https:\/\/jornalfatosenoticias.com.br\/wp-content\/uploads\/2025\/10\/Iencarelli3_freepik.jpg","_links":{"self":[{"href":"https:\/\/jornalfatosenoticias.com.br\/index.php\/wp-json\/wp\/v2\/posts\/62569","targetHints":{"allow":["GET"]}}],"collection":[{"href":"https:\/\/jornalfatosenoticias.com.br\/index.php\/wp-json\/wp\/v2\/posts"}],"about":[{"href":"https:\/\/jornalfatosenoticias.com.br\/index.php\/wp-json\/wp\/v2\/types\/post"}],"author":[{"embeddable":true,"href":"https:\/\/jornalfatosenoticias.com.br\/index.php\/wp-json\/wp\/v2\/users\/8"}],"replies":[{"embeddable":true,"href":"https:\/\/jornalfatosenoticias.com.br\/index.php\/wp-json\/wp\/v2\/comments?post=62569"}],"version-history":[{"count":0,"href":"https:\/\/jornalfatosenoticias.com.br\/index.php\/wp-json\/wp\/v2\/posts\/62569\/revisions"}],"wp:featuredmedia":[{"embeddable":true,"href":"https:\/\/jornalfatosenoticias.com.br\/index.php\/wp-json\/wp\/v2\/media\/62573"}],"wp:attachment":[{"href":"https:\/\/jornalfatosenoticias.com.br\/index.php\/wp-json\/wp\/v2\/media?parent=62569"}],"wp:term":[{"taxonomy":"category","embeddable":true,"href":"https:\/\/jornalfatosenoticias.com.br\/index.php\/wp-json\/wp\/v2\/categories?post=62569"},{"taxonomy":"post_tag","embeddable":true,"href":"https:\/\/jornalfatosenoticias.com.br\/index.php\/wp-json\/wp\/v2\/tags?post=62569"}],"curies":[{"name":"wp","href":"https:\/\/api.w.org\/{rel}","templated":true}]}}