{"id":62575,"date":"2025-10-17T13:44:45","date_gmt":"2025-10-17T16:44:45","guid":{"rendered":"https:\/\/jornalfatosenoticias.com.br\/?p=62575"},"modified":"2025-10-17T13:44:48","modified_gmt":"2025-10-17T16:44:48","slug":"a-semana-no-brasil-e-no-mundo-fmi-projeta-divida-bruta-do-brasil-acima-de-98-do-pib-em-2030","status":"publish","type":"post","link":"https:\/\/jornalfatosenoticias.com.br\/index.php\/2025\/10\/17\/a-semana-no-brasil-e-no-mundo-fmi-projeta-divida-bruta-do-brasil-acima-de-98-do-pib-em-2030\/","title":{"rendered":"A Semana no Brasil e no Mundo \u2014 FMI projeta d\u00edvida bruta do Brasil acima de 98% do PIB em 2030"},"content":{"rendered":"\n<div class=\"wp-block-image\"><figure class=\"aligncenter size-large\"><a href=\"https:\/\/mizu.com.br\/\"><img loading=\"lazy\" decoding=\"async\" width=\"729\" height=\"90\" src=\"https:\/\/jornalfatosenoticias.com.br\/wp-content\/uploads\/2020\/02\/Logo_Mizu.png\" alt=\"\" class=\"wp-image-1441\" srcset=\"https:\/\/jornalfatosenoticias.com.br\/wp-content\/uploads\/2020\/02\/Logo_Mizu.png 729w, https:\/\/jornalfatosenoticias.com.br\/wp-content\/uploads\/2020\/02\/Logo_Mizu-300x37.png 300w\" sizes=\"auto, (max-width: 729px) 100vw, 729px\" \/><\/a><\/figure><\/div>\n\n\n\n<p>A d\u00edvida p\u00fablica bruta do Brasil deve continuar em trajet\u00f3ria de alta e atingir 98,1% do PIB em 2030, projeta o Fundo Monet\u00e1rio Internacional (FMI) no relat\u00f3rio Monitor Fiscal, divulgado nesta quarta-feira (15), durante a reuni\u00e3o anual do FMI e do Banco Mundial.<br>Para 2025, o Fundo estima d\u00edvida de 91,4% do PIB \u2014 bem acima da m\u00e9dia prevista para economias emergentes neste ano (73,9%). H\u00e1 seis meses, o FMI trabalhava com 92% para 2025 e 99,4% para 2030; a revis\u00e3o indica leve melhora, mas o organismo mant\u00e9m alerta sobre o n\u00edvel elevado.<\/p>\n\n\n\n<div class=\"wp-block-image\"><figure class=\"aligncenter size-large is-resized\"><a href=\"https:\/\/www.facebook.com\/profile.php?id=100069289606145\"><img loading=\"lazy\" decoding=\"async\" src=\"https:\/\/jornalfatosenoticias.com.br\/wp-content\/uploads\/2024\/11\/Guaitolini-Contabilidade-1024x714.jpeg\" alt=\"\" class=\"wp-image-55808\" width=\"309\" height=\"215\" srcset=\"https:\/\/jornalfatosenoticias.com.br\/wp-content\/uploads\/2024\/11\/Guaitolini-Contabilidade-1024x714.jpeg 1024w, https:\/\/jornalfatosenoticias.com.br\/wp-content\/uploads\/2024\/11\/Guaitolini-Contabilidade-300x209.jpeg 300w, https:\/\/jornalfatosenoticias.com.br\/wp-content\/uploads\/2024\/11\/Guaitolini-Contabilidade-768x535.jpeg 768w, https:\/\/jornalfatosenoticias.com.br\/wp-content\/uploads\/2024\/11\/Guaitolini-Contabilidade.jpeg 1280w\" sizes=\"auto, (max-width: 309px) 100vw, 309px\" \/><\/a><\/figure><\/div>\n\n\n\n<p>Entre 38 pa\u00edses emergentes com dados dispon\u00edveis, o Brasil teria em 2025 a 4.\u00aa maior rela\u00e7\u00e3o d\u00edvida\/PIB. \u00c0 frente, apenas Bahrein (142,5%), Ucr\u00e2nia (108,6%) e China (96,3%). O FMI manteve as proje\u00e7\u00f5es para o prim\u00e1rio: d\u00e9ficit de 0,6% do PIB em 2025 e 0,4% em 2026. A partir de 2027, primeiro ano do pr\u00f3ximo governo, o saldo passaria ao azul (super\u00e1vit de 0,3% do PIB), alcan\u00e7ando 1,4% do PIB em 2030.<\/p>\n\n\n\n<div class=\"wp-block-image\"><figure class=\"aligncenter size-large is-resized\"><a href=\"https:\/\/www.instagram.com\/esteio.churrascaria\/\"><img loading=\"lazy\" decoding=\"async\" src=\"https:\/\/jornalfatosenoticias.com.br\/wp-content\/uploads\/2022\/02\/LOGO-ESTEIO-1024x730.png\" alt=\"\" class=\"wp-image-27942\" width=\"303\" height=\"216\" srcset=\"https:\/\/jornalfatosenoticias.com.br\/wp-content\/uploads\/2022\/02\/LOGO-ESTEIO-1024x730.png 1024w, https:\/\/jornalfatosenoticias.com.br\/wp-content\/uploads\/2022\/02\/LOGO-ESTEIO-300x214.png 300w, https:\/\/jornalfatosenoticias.com.br\/wp-content\/uploads\/2022\/02\/LOGO-ESTEIO-768x548.png 768w, https:\/\/jornalfatosenoticias.com.br\/wp-content\/uploads\/2022\/02\/LOGO-ESTEIO.png 1123w\" sizes=\"auto, (max-width: 303px) 100vw, 303px\" \/><\/a><\/figure><\/div>\n\n\n\n<p>Resultado prim\u00e1rio \u00e9 a diferen\u00e7a entre receitas e despesas do governo, sem considerar juros da d\u00edvida. Super\u00e1vit indica que receitas superam despesas; d\u00e9ficit, o contr\u00e1rio. O relat\u00f3rio aponta que o desafio fiscal brasileiro segue relevante, mesmo com a expectativa de melhora gradual do prim\u00e1rio ao longo do pr\u00f3ximo ciclo de governo. <strong>(Fonte: Hora Bras\u00edlia)<\/strong><\/p>\n\n\n\n<div class=\"wp-block-image\"><figure class=\"aligncenter size-large is-resized\"><a href=\"https:\/\/legisjuris.com.br\/\"><img loading=\"lazy\" decoding=\"async\" src=\"https:\/\/jornalfatosenoticias.com.br\/wp-content\/uploads\/2024\/09\/Legis-Juris-Consultoria_logo.jpg\" alt=\"\" class=\"wp-image-53915\" width=\"470\" height=\"197\" srcset=\"https:\/\/jornalfatosenoticias.com.br\/wp-content\/uploads\/2024\/09\/Legis-Juris-Consultoria_logo.jpg 969w, https:\/\/jornalfatosenoticias.com.br\/wp-content\/uploads\/2024\/09\/Legis-Juris-Consultoria_logo-300x126.jpg 300w, https:\/\/jornalfatosenoticias.com.br\/wp-content\/uploads\/2024\/09\/Legis-Juris-Consultoria_logo-768x322.jpg 768w\" sizes=\"auto, (max-width: 470px) 100vw, 470px\" \/><\/a><\/figure><\/div>\n\n\n\n<hr class=\"wp-block-separator\"\/>\n\n\n\n<h4 class=\"wp-block-heading\"><span class=\"has-inline-color has-black-color\">Trump autoriza opera\u00e7\u00f5es secretas e \u2018a\u00e7\u00f5es letais\u2019 da CIA na Venezuela<\/span><\/h4>\n\n\n\n<div class=\"wp-block-image\"><figure class=\"aligncenter size-large\"><img loading=\"lazy\" decoding=\"async\" width=\"780\" height=\"470\" src=\"https:\/\/jornalfatosenoticias.com.br\/wp-content\/uploads\/2025\/10\/maduro-trump.jpg\" alt=\"\" class=\"wp-image-62580\" srcset=\"https:\/\/jornalfatosenoticias.com.br\/wp-content\/uploads\/2025\/10\/maduro-trump.jpg 780w, https:\/\/jornalfatosenoticias.com.br\/wp-content\/uploads\/2025\/10\/maduro-trump-300x181.jpg 300w, https:\/\/jornalfatosenoticias.com.br\/wp-content\/uploads\/2025\/10\/maduro-trump-768x463.jpg 768w\" sizes=\"auto, (max-width: 780px) 100vw, 780px\" \/><figcaption><em><span class=\"has-inline-color has-black-color\">(Foto: Reprodu\u00e7\u00e3o\/Redes Sociais)<\/span><\/em><\/figcaption><\/figure><\/div>\n\n\n\n<p>O governo dos Estados Unidos autorizou a Ag\u00eancia Central de Intelig\u00eancia (CIA) a conduzir opera\u00e7\u00f5es clandestinas na Venezuela, segundo reportagem do The New York Times publicada nesta quarta-feira (15). Horas depois, o presidente Donald Trump confirmou a autoriza\u00e7\u00e3o, afirmando que Caracas <em>\u201cenvia drogas e criminosos\u201d <\/em>aos EUA. Ele evitou responder se a intelig\u00eancia americana teria aval para eliminar Nicol\u00e1s Maduro: <em>\u201cseria uma pergunta rid\u00edcula para eu responder. A Venezuela est\u00e1 sentindo a press\u00e3o\u201d.<\/em><\/p>\n\n\n\n<div class=\"wp-block-image\"><figure class=\"aligncenter size-large is-resized\"><a href=\"https:\/\/www.controlsystems.com.br\/\"><img loading=\"lazy\" decoding=\"async\" src=\"https:\/\/jornalfatosenoticias.com.br\/wp-content\/uploads\/2020\/02\/CONTROL-CS.jpg\" alt=\"\" class=\"wp-image-44991\" width=\"270\" height=\"324\" srcset=\"https:\/\/jornalfatosenoticias.com.br\/wp-content\/uploads\/2020\/02\/CONTROL-CS.jpg 834w, https:\/\/jornalfatosenoticias.com.br\/wp-content\/uploads\/2020\/02\/CONTROL-CS-250x300.jpg 250w, https:\/\/jornalfatosenoticias.com.br\/wp-content\/uploads\/2020\/02\/CONTROL-CS-768x921.jpg 768w\" sizes=\"auto, (max-width: 270px) 100vw, 270px\" \/><\/a><\/figure><\/div>\n\n\n\n<p>De acordo com o jornal, o pacote aprovado contempla a\u00e7\u00f5es letais e outras iniciativas de intelig\u00eancia no Caribe, com eventuais alvos que podem incluir o governo venezuelano e estruturas associadas ao narcotr\u00e1fico. N\u00e3o h\u00e1 clareza sobre quando ou se alguma opera\u00e7\u00e3o foi ou ser\u00e1 executada. A medida amplia a escalada de press\u00e3o de Washington contra Maduro, acusado pelos EUA de chefiar o Cartel de los Soles, rotulado recentemente como organiza\u00e7\u00e3o terrorista internacional ligada ao tr\u00e1fico de drogas. No m\u00eas passado, a imprensa americana j\u00e1 havia noticiado que a Casa Branca avaliava opera\u00e7\u00e3o militar com ataques a alvos venezuelanos.<\/p>\n\n\n\n<div class=\"wp-block-image\"><figure class=\"aligncenter size-large is-resized\"><a href=\"https:\/\/panper.com.br\/\"><img loading=\"lazy\" decoding=\"async\" src=\"https:\/\/jornalfatosenoticias.com.br\/wp-content\/uploads\/2023\/03\/logo-Panper_portal.jpg\" alt=\"\" class=\"wp-image-40208\" width=\"322\" height=\"223\" srcset=\"https:\/\/jornalfatosenoticias.com.br\/wp-content\/uploads\/2023\/03\/logo-Panper_portal.jpg 400w, https:\/\/jornalfatosenoticias.com.br\/wp-content\/uploads\/2023\/03\/logo-Panper_portal-300x208.jpg 300w\" sizes=\"auto, (max-width: 322px) 100vw, 322px\" \/><\/a><\/figure><\/div>\n\n\n\n<p>O clima de tens\u00e3o inclui, ainda, o envio de navios e aeronaves militares para o Caribe e a oferta de recompensa por informa\u00e7\u00f5es que levem \u00e0 captura do presidente venezuelano. Em geral, opera\u00e7\u00f5es encobertas da CIA s\u00e3o comunicadas a portas fechadas a lideran\u00e7as do Congresso, que ficam proibidas de divulgar detalhes. Casos v\u00eam a p\u00fablico, como regra, ap\u00f3s conclu\u00eddos \u2014 a exemplo da a\u00e7\u00e3o que matou Osama bin Laden em 2011. <strong>(Fonte: Hora Bras\u00edlia)<\/strong><\/p>\n\n\n\n<div class=\"wp-block-image\"><figure class=\"aligncenter size-large is-resized\"><a href=\"https:\/\/www.instagram.com\/restaurantepegoretti\/\"><img loading=\"lazy\" decoding=\"async\" src=\"https:\/\/jornalfatosenoticias.com.br\/wp-content\/uploads\/2023\/12\/pegoretti-logo-pdf-1024x389.jpg\" alt=\"\" class=\"wp-image-47536\" width=\"485\" height=\"184\" srcset=\"https:\/\/jornalfatosenoticias.com.br\/wp-content\/uploads\/2023\/12\/pegoretti-logo-pdf-1024x389.jpg 1024w, https:\/\/jornalfatosenoticias.com.br\/wp-content\/uploads\/2023\/12\/pegoretti-logo-pdf-300x114.jpg 300w, https:\/\/jornalfatosenoticias.com.br\/wp-content\/uploads\/2023\/12\/pegoretti-logo-pdf-768x291.jpg 768w, https:\/\/jornalfatosenoticias.com.br\/wp-content\/uploads\/2023\/12\/pegoretti-logo-pdf.jpg 1120w\" sizes=\"auto, (max-width: 485px) 100vw, 485px\" \/><\/a><\/figure><\/div>\n\n\n\n<hr class=\"wp-block-separator\"\/>\n\n\n\n<h4 class=\"wp-block-heading\"><span class=\"has-inline-color has-black-color\">Correios triplicam preju\u00edzo no 1.\u00ba semestre e pedem empr\u00e9stimo de R$ 20 bi<\/span><\/h4>\n\n\n\n<div class=\"wp-block-image\"><figure class=\"aligncenter size-large\"><img loading=\"lazy\" decoding=\"async\" width=\"383\" height=\"394\" src=\"https:\/\/jornalfatosenoticias.com.br\/wp-content\/uploads\/2025\/10\/ROMBO-CORREIOS_REPRODUCAO-INSTAGRAM.jpg\" alt=\"\" class=\"wp-image-62579\" srcset=\"https:\/\/jornalfatosenoticias.com.br\/wp-content\/uploads\/2025\/10\/ROMBO-CORREIOS_REPRODUCAO-INSTAGRAM.jpg 383w, https:\/\/jornalfatosenoticias.com.br\/wp-content\/uploads\/2025\/10\/ROMBO-CORREIOS_REPRODUCAO-INSTAGRAM-292x300.jpg 292w\" sizes=\"auto, (max-width: 383px) 100vw, 383px\" \/><figcaption><em><span class=\"has-inline-color has-black-color\">(Foto: Reprodu\u00e7\u00e3o Instagram)<\/span><\/em><\/figcaption><\/figure><\/div>\n\n\n\n<p>Os Correios fecharam o 1.\u00ba semestre de 2025 com preju\u00edzo de R$ 4,37 bilh\u00f5es, tr\u00eas vezes o resultado negativo do mesmo per\u00edodo de 2024 (R$ 1,35 bi). Diante do rombo, a estatal prepara um plano de emerg\u00eancia para tentar reequilibrar as contas. Segundo a companhia, o presidente Emmanoel Schmidt Rondon apresentar\u00e1 nesta quarta (15) a 1.\u00aa fase da reestrutura\u00e7\u00e3o e um pacote de medidas imediatas de ajuste financeiro. A empresa busca apoio do governo federal para obter um empr\u00e9stimo de cerca de R$ 20 bilh\u00f5es \u2014 valor pr\u00f3ximo ao faturamento anual de 2024 (R$ 18,9 bi).<\/p>\n\n\n\n<div class=\"wp-block-image\"><figure class=\"aligncenter size-large is-resized\"><a href=\"https:\/\/www.instagram.com\/serra4x4cambioautomatico\/\"><img loading=\"lazy\" decoding=\"async\" src=\"https:\/\/jornalfatosenoticias.com.br\/wp-content\/uploads\/2024\/08\/Serra-4x4-1-886x1024.jpg\" alt=\"\" class=\"wp-image-53632\" width=\"282\" height=\"326\" srcset=\"https:\/\/jornalfatosenoticias.com.br\/wp-content\/uploads\/2024\/08\/Serra-4x4-1-886x1024.jpg 886w, https:\/\/jornalfatosenoticias.com.br\/wp-content\/uploads\/2024\/08\/Serra-4x4-1-260x300.jpg 260w, https:\/\/jornalfatosenoticias.com.br\/wp-content\/uploads\/2024\/08\/Serra-4x4-1-768x888.jpg 768w, https:\/\/jornalfatosenoticias.com.br\/wp-content\/uploads\/2024\/08\/Serra-4x4-1.jpg 1181w\" sizes=\"auto, (max-width: 282px) 100vw, 282px\" \/><\/a><\/figure><\/div>\n\n\n\n<p>No 2.\u00ba trimestre de 2025, a receita bruta somou R$ 4,4 bilh\u00f5es, queda nominal de 11,2% ante igual per\u00edodo do ano passado. Em nota, os Correios afirmam que, \u201capesar das medidas estrat\u00e9gicas\u201d, enfrentam restri\u00e7\u00f5es financeiras por fatores conjunturais externos que afetaram a gera\u00e7\u00e3o de receita. A estatal cita como principal motivo a retra\u00e7\u00e3o do segmento internacional, atribu\u00edda a altera\u00e7\u00f5es regulat\u00f3rias nas compras de produtos importados, que reduziram o volume de postagens. A empresa tamb\u00e9m menciona aumento da concorr\u00eancia, com impacto nas receitas ligadas a esse mercado. O detalhamento das a\u00e7\u00f5es de reestrutura\u00e7\u00e3o \u2014 e do eventual suporte do Tesouro ao pedido de financiamento \u2014 ser\u00e1 apresentado ap\u00f3s a divulga\u00e7\u00e3o do plano.<strong> (Fonte: Hora Bras\u00edlia)<\/strong><\/p>\n\n\n\n<div class=\"wp-block-image\"><figure class=\"aligncenter size-large is-resized\"><a href=\"https:\/\/www.instagram.com\/rcradiadores\/\"><img loading=\"lazy\" decoding=\"async\" src=\"https:\/\/jornalfatosenoticias.com.br\/wp-content\/uploads\/2022\/10\/RC_800x750_page-0001.jpg\" alt=\"\" class=\"wp-image-35338\" width=\"303\" height=\"284\" srcset=\"https:\/\/jornalfatosenoticias.com.br\/wp-content\/uploads\/2022\/10\/RC_800x750_page-0001.jpg 400w, https:\/\/jornalfatosenoticias.com.br\/wp-content\/uploads\/2022\/10\/RC_800x750_page-0001-300x281.jpg 300w\" sizes=\"auto, (max-width: 303px) 100vw, 303px\" \/><\/a><\/figure><\/div>\n\n\n\n<hr class=\"wp-block-separator\"\/>\n\n\n\n<h4 class=\"wp-block-heading\"><span class=\"has-inline-color has-black-color\">Nota da alf\u00e2ndega dos EUA fragiliza prova e pressiona Moraes a reavaliar decis\u00e3o no caso Filipe Martins<\/span><\/h4>\n\n\n\n<div class=\"wp-block-image\"><figure class=\"aligncenter size-large\"><img loading=\"lazy\" decoding=\"async\" width=\"780\" height=\"470\" src=\"https:\/\/jornalfatosenoticias.com.br\/wp-content\/uploads\/2025\/10\/fux-moraes-caso-Filipe-Martins.jpg\" alt=\"\" class=\"wp-image-62578\" srcset=\"https:\/\/jornalfatosenoticias.com.br\/wp-content\/uploads\/2025\/10\/fux-moraes-caso-Filipe-Martins.jpg 780w, https:\/\/jornalfatosenoticias.com.br\/wp-content\/uploads\/2025\/10\/fux-moraes-caso-Filipe-Martins-300x181.jpg 300w, https:\/\/jornalfatosenoticias.com.br\/wp-content\/uploads\/2025\/10\/fux-moraes-caso-Filipe-Martins-768x463.jpg 768w\" sizes=\"auto, (max-width: 780px) 100vw, 780px\" \/><figcaption><em><span class=\"has-inline-color has-black-color\">(Foto: Marcelo Camargo\/Ag\u00eancia Brasil)<\/span><\/em><\/figcaption><\/figure><\/div>\n\n\n\n<p>A declara\u00e7\u00e3o da U.S. Customs and Border Protection (CBP), segundo a qual Filipe Martins n\u00e3o entrou nos Estados Unidos em 30 de dezembro de 2022, atinge diretamente um dos pilares usados no Brasil para sustentar a pris\u00e3o preventiva do ex-assessor. O \u00f3rg\u00e3o americano afirmou ter identificado \u201cregistro err\u00f4neo\u201d e disse investigar a inclus\u00e3o do dado impreciso em seus sistemas, al\u00e9m de condenar o uso dessa entrada falsa para embasar pris\u00e3o ou condena\u00e7\u00e3o.<\/p>\n\n\n\n<div class=\"wp-block-image\"><figure class=\"aligncenter size-large is-resized\"><a href=\"https:\/\/www.instagram.com\/gruposei\/\"><img loading=\"lazy\" decoding=\"async\" src=\"https:\/\/jornalfatosenoticias.com.br\/wp-content\/uploads\/2022\/07\/Logo-Grupo-SEI.jpg\" alt=\"\" class=\"wp-image-31973\" width=\"345\" height=\"181\" srcset=\"https:\/\/jornalfatosenoticias.com.br\/wp-content\/uploads\/2022\/07\/Logo-Grupo-SEI.jpg 713w, https:\/\/jornalfatosenoticias.com.br\/wp-content\/uploads\/2022\/07\/Logo-Grupo-SEI-300x158.jpg 300w\" sizes=\"auto, (max-width: 345px) 100vw, 345px\" \/><\/a><\/figure><\/div>\n\n\n\n<p><strong><span class=\"has-inline-color has-black-color\">O ponto complica para o ministro Alexandre de Moraes, relator do caso no STF, por tr\u00eas raz\u00f5es:<br><\/span>1. Validade da prova \u2014<\/strong> se a informa\u00e7\u00e3o de viagem foi fundamento relevante para o decreto prisional, a admiss\u00e3o do erro pelo CBP fragiliza a cadeia de cust\u00f3dia e abre espa\u00e7o para incidente de falsidade, desentranhamento do documento e revis\u00e3o das cautelares.<br><strong>2. Contradit\u00f3rio e ampla defesa \u2014 <\/strong>a defesa j\u00e1 alega que houve inclus\u00e3o tardia de pe\u00e7as e dificuldade de contesta\u00e7\u00e3o. A confirma\u00e7\u00e3o de erro pelo \u00f3rg\u00e3o de origem tende a fortalecer pedidos de nulidade e questionamentos sobre a forma de produ\u00e7\u00e3o e verifica\u00e7\u00e3o das provas.<br><strong>3. Coopera\u00e7\u00e3o internacional \u2014 <\/strong>como se trata de dado estrangeiro, a confer\u00eancia de autenticidade \u00e9 requisito para seu uso processual. A nota do CBP imp\u00f5e ao relator a necessidade de checar oficialmente a informa\u00e7\u00e3o e delimitar responsabilidades sobre quem inseriu o registro incorreto.<\/p>\n\n\n\n<div class=\"wp-block-image\"><figure class=\"aligncenter size-large\"><a href=\"http:\/\/www.ferrarimaquinas.com.br\/\"><img loading=\"lazy\" decoding=\"async\" width=\"300\" height=\"250\" src=\"https:\/\/jornalfatosenoticias.com.br\/wp-content\/uploads\/2022\/02\/FERRARI_MAQUINAS-E-FERRAMENTAS2.jpg\" alt=\"\" class=\"wp-image-27860\"\/><\/a><\/figure><\/div>\n\n\n\n<p>Diante da repercuss\u00e3o, Moraes determinou que o Minist\u00e9rio da Justi\u00e7a solicite ao Departamento de Estado dos EUA esclarecimentos formais sobre a suposta entrada de Martins. A defesa pede nulidade das provas relacionadas \u00e0 viagem e a reavalia\u00e7\u00e3o das medidas impostas. <strong>(Fonte: Hora Bras\u00edlia)<\/strong><\/p>\n\n\n\n<div class=\"wp-block-image\"><figure class=\"aligncenter size-large is-resized\"><a href=\"https:\/\/www.facebook.com\/vetor.vix\/\"><img loading=\"lazy\" decoding=\"async\" src=\"https:\/\/jornalfatosenoticias.com.br\/wp-content\/uploads\/2023\/09\/vetorvix1024_1.jpg\" alt=\"\" class=\"wp-image-44868\" width=\"535\" height=\"142\" srcset=\"https:\/\/jornalfatosenoticias.com.br\/wp-content\/uploads\/2023\/09\/vetorvix1024_1.jpg 1024w, https:\/\/jornalfatosenoticias.com.br\/wp-content\/uploads\/2023\/09\/vetorvix1024_1-300x80.jpg 300w, https:\/\/jornalfatosenoticias.com.br\/wp-content\/uploads\/2023\/09\/vetorvix1024_1-768x205.jpg 768w\" sizes=\"auto, (max-width: 535px) 100vw, 535px\" \/><\/a><\/figure><\/div>\n\n\n\n<hr class=\"wp-block-separator\"\/>\n\n\n\n<h4 class=\"wp-block-heading\"><span class=\"has-inline-color has-black-color\">Governo Lula custeou cerca de 19 viagens da presidente da Contag<\/span><\/h4>\n\n\n\n<div class=\"wp-block-image\"><figure class=\"aligncenter size-large\"><img loading=\"lazy\" decoding=\"async\" width=\"770\" height=\"470\" src=\"https:\/\/jornalfatosenoticias.com.br\/wp-content\/uploads\/2025\/10\/NINE_CONTAG.jpg\" alt=\"\" class=\"wp-image-62577\" srcset=\"https:\/\/jornalfatosenoticias.com.br\/wp-content\/uploads\/2025\/10\/NINE_CONTAG.jpg 770w, https:\/\/jornalfatosenoticias.com.br\/wp-content\/uploads\/2025\/10\/NINE_CONTAG-300x183.jpg 300w, https:\/\/jornalfatosenoticias.com.br\/wp-content\/uploads\/2025\/10\/NINE_CONTAG-768x469.jpg 768w\" sizes=\"auto, (max-width: 770px) 100vw, 770px\" \/><figcaption><span class=\"has-inline-color has-black-color\"><em>(Foto: Ricardo Stuckert\/PR)<\/em><\/span><\/figcaption><\/figure><\/div>\n\n\n\n<p>Registros oficiais de deslocamentos a\u00e9reos apontam que o governo federal arcou com ao menos 19 viagens de V\u00e2nia Marques, presidente da Confedera\u00e7\u00e3o Nacional dos Trabalhadores na Agricultura (Contag), desde 2023. As agendas indicam participa\u00e7\u00f5es em reuni\u00f5es no Pal\u00e1cio do Planalto, f\u00f3runs setoriais e eventos ligados a pol\u00edticas p\u00fablicas, inclusive um encontro preparat\u00f3rio da COP30 em setembro, cujo trecho custou R$ 4.197.<\/p>\n\n\n\n<div class=\"wp-block-image\"><figure class=\"aligncenter size-large is-resized\"><a href=\"https:\/\/www.facebook.com\/postobkr\/?locale=pt_BR\"><img loading=\"lazy\" decoding=\"async\" src=\"https:\/\/jornalfatosenoticias.com.br\/wp-content\/uploads\/2023\/08\/BKR-1024x1021.jpg\" alt=\"\" class=\"wp-image-44494\" width=\"301\" height=\"300\" srcset=\"https:\/\/jornalfatosenoticias.com.br\/wp-content\/uploads\/2023\/08\/BKR-1024x1021.jpg 1024w, https:\/\/jornalfatosenoticias.com.br\/wp-content\/uploads\/2023\/08\/BKR-300x300.jpg 300w, https:\/\/jornalfatosenoticias.com.br\/wp-content\/uploads\/2023\/08\/BKR-150x150.jpg 150w, https:\/\/jornalfatosenoticias.com.br\/wp-content\/uploads\/2023\/08\/BKR-768x766.jpg 768w, https:\/\/jornalfatosenoticias.com.br\/wp-content\/uploads\/2023\/08\/BKR.jpg 1080w\" sizes=\"auto, (max-width: 301px) 100vw, 301px\" \/><\/a><\/figure><\/div>\n\n\n\n<p>Segundo os dados apresentados, o primeiro deslocamento ocorreu em junho de 2023 (Salvador\u2013Bras\u00edlia). Houve tr\u00eas viagens em 2023, quatro em 2024 e quatro neste ano. V\u00e2nia assumiu a presid\u00eancia da Contag em 3 de abril (em substitui\u00e7\u00e3o a Aristides Veras, irm\u00e3o do deputado Carlos Veras (PT-PE)). Vinte dias depois, a PF deflagrou a Opera\u00e7\u00e3o Sem Desconto, que apura descontos associativos n\u00e3o autorizados em benef\u00edcios do INSS. A Contag foi mencionada em discuss\u00f5es da CPMI do INSS, e a pr\u00f3pria entidade apareceu em despachos administrativos de credenciamento \u2014 a defesa da confedera\u00e7\u00e3o nega irregularidades.<\/p>\n\n\n\n<div class=\"wp-block-image\"><figure class=\"aligncenter size-large is-resized\"><a href=\"https:\/\/hotelmarquetti.com.br\/\"><img loading=\"lazy\" decoding=\"async\" src=\"https:\/\/jornalfatosenoticias.com.br\/wp-content\/uploads\/2020\/02\/LOGO-MQ-1024x680.jpg\" alt=\"\" class=\"wp-image-58299\" width=\"344\" height=\"228\" srcset=\"https:\/\/jornalfatosenoticias.com.br\/wp-content\/uploads\/2020\/02\/LOGO-MQ-1024x680.jpg 1024w, https:\/\/jornalfatosenoticias.com.br\/wp-content\/uploads\/2020\/02\/LOGO-MQ-300x199.jpg 300w, https:\/\/jornalfatosenoticias.com.br\/wp-content\/uploads\/2020\/02\/LOGO-MQ-768x510.jpg 768w, https:\/\/jornalfatosenoticias.com.br\/wp-content\/uploads\/2020\/02\/LOGO-MQ-1536x1020.jpg 1536w, https:\/\/jornalfatosenoticias.com.br\/wp-content\/uploads\/2020\/02\/LOGO-MQ-2048x1360.jpg 2048w\" sizes=\"auto, (max-width: 344px) 100vw, 344px\" \/><\/a><\/figure><\/div>\n\n\n\n<p>Parlamentares da oposi\u00e7\u00e3o afirmam que a Contag, historicamente alinhada ao PT, est\u00e1 entre as entidades que mais captaram recursos no ambiente associativo e cobram transpar\u00eancia sobre crit\u00e9rios, convites e fontes de custeio das viagens. Tamb\u00e9m questionam a participa\u00e7\u00e3o de V\u00e2nia em conselhos e comit\u00eas federais, como inst\u00e2ncias do Minha Casa, Minha Vida, alegando \u201caparelhamento\u201d de colegiados.<\/p>\n\n\n\n<div class=\"wp-block-image\"><figure class=\"aligncenter size-large\"><a href=\"https:\/\/www.cesconetto.com.br\/\"><img loading=\"lazy\" decoding=\"async\" width=\"300\" height=\"250\" src=\"https:\/\/jornalfatosenoticias.com.br\/wp-content\/uploads\/2022\/02\/Banner-2.png\" alt=\"\" class=\"wp-image-27877\"\/><\/a><\/figure><\/div>\n\n\n\n<p>A Opera\u00e7\u00e3o Sem Desconto (PF e CGU) identificou ampla ocorr\u00eancia de descontos sem autoriza\u00e7\u00e3o em contracheques de aposentados e pensionistas; a CPMI do INSS atribuiu a parte das entidades envolvidas falhas graves de governan\u00e7a. At\u00e9 aqui, n\u00e3o h\u00e1 decis\u00e3o judicial transitada em julgado que responsabilize a Contag no caso. A confedera\u00e7\u00e3o afirma que atua dentro da lei, com termos de ades\u00e3o regulares, e que apoia a auditoria dos cadastros.<\/p>\n\n\n\n<div class=\"wp-block-image\"><figure class=\"aligncenter size-large is-resized\"><a href=\"https:\/\/www.facebook.com\/profile.php?id=100069289606145\"><img loading=\"lazy\" decoding=\"async\" src=\"https:\/\/jornalfatosenoticias.com.br\/wp-content\/uploads\/2024\/11\/Guaitolini-Contabilidade-1024x714.jpeg\" alt=\"\" class=\"wp-image-55808\" width=\"339\" height=\"236\" srcset=\"https:\/\/jornalfatosenoticias.com.br\/wp-content\/uploads\/2024\/11\/Guaitolini-Contabilidade-1024x714.jpeg 1024w, https:\/\/jornalfatosenoticias.com.br\/wp-content\/uploads\/2024\/11\/Guaitolini-Contabilidade-300x209.jpeg 300w, https:\/\/jornalfatosenoticias.com.br\/wp-content\/uploads\/2024\/11\/Guaitolini-Contabilidade-768x535.jpeg 768w, https:\/\/jornalfatosenoticias.com.br\/wp-content\/uploads\/2024\/11\/Guaitolini-Contabilidade.jpeg 1280w\" sizes=\"auto, (max-width: 339px) 100vw, 339px\" \/><\/a><\/figure><\/div>\n\n\n\n<p>Procurados, o Pal\u00e1cio do Planalto, a Casa Civil e a Contag n\u00e3o responderam at\u00e9 a conclus\u00e3o desta edi\u00e7\u00e3o. A reportagem solicitou a planilha completa dos deslocamentos, com \u00f3rg\u00e3o demandante, objeto da miss\u00e3o, trechos, datas e valores, bem como as portarias que designaram a participa\u00e7\u00e3o da dirigente em conselhos e comit\u00eas.<\/p>\n\n\n\n<div class=\"wp-block-image\"><figure class=\"aligncenter size-large is-resized\"><a href=\"https:\/\/www.controlsystems.com.br\/\"><img loading=\"lazy\" decoding=\"async\" src=\"https:\/\/jornalfatosenoticias.com.br\/wp-content\/uploads\/2020\/02\/CONTROL-CS.jpg\" alt=\"\" class=\"wp-image-44991\" width=\"286\" height=\"343\" srcset=\"https:\/\/jornalfatosenoticias.com.br\/wp-content\/uploads\/2020\/02\/CONTROL-CS.jpg 834w, https:\/\/jornalfatosenoticias.com.br\/wp-content\/uploads\/2020\/02\/CONTROL-CS-250x300.jpg 250w, https:\/\/jornalfatosenoticias.com.br\/wp-content\/uploads\/2020\/02\/CONTROL-CS-768x921.jpg 768w\" sizes=\"auto, (max-width: 286px) 100vw, 286px\" \/><\/a><\/figure><\/div>\n\n\n\n<p>Pr\u00f3ximos passos \u2014 Deputados da oposi\u00e7\u00e3o informaram que apresentar\u00e3o pedidos de informa\u00e7\u00e3o e requerimentos ao TCU para auditar os gastos e os crit\u00e9rios de sele\u00e7\u00e3o de representantes da sociedade civil em colegiados federais. Integrantes do governo sustentam que a participa\u00e7\u00e3o da Contag em conselhos \u00e9 prevista em lei e que miss\u00f5es custeadas seguem normas de di\u00e1rias e passagens com justificativa funcional. <strong>(Fonte: Hora Bras\u00edlia)<\/strong><\/p>\n\n\n\n<div class=\"wp-block-image\"><figure class=\"aligncenter size-large is-resized\"><a href=\"https:\/\/www.instagram.com\/esteio.churrascaria\/\"><img loading=\"lazy\" decoding=\"async\" src=\"https:\/\/jornalfatosenoticias.com.br\/wp-content\/uploads\/2022\/02\/LOGO-ESTEIO-1024x730.png\" alt=\"\" class=\"wp-image-27942\" width=\"344\" height=\"245\" srcset=\"https:\/\/jornalfatosenoticias.com.br\/wp-content\/uploads\/2022\/02\/LOGO-ESTEIO-1024x730.png 1024w, https:\/\/jornalfatosenoticias.com.br\/wp-content\/uploads\/2022\/02\/LOGO-ESTEIO-300x214.png 300w, https:\/\/jornalfatosenoticias.com.br\/wp-content\/uploads\/2022\/02\/LOGO-ESTEIO-768x548.png 768w, https:\/\/jornalfatosenoticias.com.br\/wp-content\/uploads\/2022\/02\/LOGO-ESTEIO.png 1123w\" sizes=\"auto, (max-width: 344px) 100vw, 344px\" \/><\/a><\/figure><\/div>\n\n\n\n<hr class=\"wp-block-separator\"\/>\n\n\n\n<h4 class=\"wp-block-heading\"><span class=\"has-inline-color has-black-color\">Israel acusa Hamas de violar cessar-fogo ao cruzar \u201clinha amarela\u201d em Gaza<\/span><\/h4>\n\n\n\n<div class=\"wp-block-image\"><figure class=\"aligncenter size-large\"><img loading=\"lazy\" decoding=\"async\" width=\"612\" height=\"393\" src=\"https:\/\/jornalfatosenoticias.com.br\/wp-content\/uploads\/2025\/10\/Netanyahu_gettyimages.jpg\" alt=\"\" class=\"wp-image-62576\" srcset=\"https:\/\/jornalfatosenoticias.com.br\/wp-content\/uploads\/2025\/10\/Netanyahu_gettyimages.jpg 612w, https:\/\/jornalfatosenoticias.com.br\/wp-content\/uploads\/2025\/10\/Netanyahu_gettyimages-300x193.jpg 300w\" sizes=\"auto, (max-width: 612px) 100vw, 612px\" \/><figcaption><em><span class=\"has-inline-color has-black-color\">Benjamin Netanyahu, primeiro-ministro de Israel<\/span><\/em> <em><span class=\"has-inline-color has-black-color\">(Foto: Getty Images)<\/span><\/em><\/figcaption><\/figure><\/div>\n\n\n\n<p>As For\u00e7as de Defesa de Israel (FDI) afirmaram, nesta ter\u00e7a (14), que militantes do Hamas violaram o cessar-fogo ao cruzarem a \u201clinha amarela\u201d, zona de seguran\u00e7a que marca a retirada israelense no norte da Faixa de Gaza. Segundo comunicado, os soldados tentaram afastar os indiv\u00edduos e, diante da recusa, abriram fogo \u201cpara eliminar a amea\u00e7a\u201d.<\/p>\n\n\n\n<div class=\"wp-block-image\"><figure class=\"aligncenter size-large is-resized\"><a href=\"https:\/\/legisjuris.com.br\/\"><img loading=\"lazy\" decoding=\"async\" src=\"https:\/\/jornalfatosenoticias.com.br\/wp-content\/uploads\/2024\/09\/Legis-Juris-Consultoria_logo.jpg\" alt=\"\" class=\"wp-image-53915\" width=\"470\" height=\"197\" srcset=\"https:\/\/jornalfatosenoticias.com.br\/wp-content\/uploads\/2024\/09\/Legis-Juris-Consultoria_logo.jpg 969w, https:\/\/jornalfatosenoticias.com.br\/wp-content\/uploads\/2024\/09\/Legis-Juris-Consultoria_logo-300x126.jpg 300w, https:\/\/jornalfatosenoticias.com.br\/wp-content\/uploads\/2024\/09\/Legis-Juris-Consultoria_logo-768x322.jpg 768w\" sizes=\"auto, (max-width: 470px) 100vw, 470px\" \/><\/a><\/figure><\/div>\n\n\n\n<p>O Ex\u00e9rcito negou relatos de que terroristas teriam invadido uma posi\u00e7\u00e3o israelense, classificando a vers\u00e3o como incorreta. Israel tamb\u00e9m exortou civis de Gaza a manterem dist\u00e2ncia das tropas e a seguir instru\u00e7\u00f5es na \u00e1rea tamp\u00e3o, criada para impedir movimenta\u00e7\u00f5es n\u00e3o autorizadas e ataques-surpresa.<\/p>\n\n\n\n<div class=\"wp-block-image\"><figure class=\"aligncenter size-large is-resized\"><a href=\"https:\/\/www.instagram.com\/serra4x4cambioautomatico\/\"><img loading=\"lazy\" decoding=\"async\" src=\"https:\/\/jornalfatosenoticias.com.br\/wp-content\/uploads\/2024\/08\/Serra-4x4-1-886x1024.jpg\" alt=\"\" class=\"wp-image-53632\" width=\"286\" height=\"330\" srcset=\"https:\/\/jornalfatosenoticias.com.br\/wp-content\/uploads\/2024\/08\/Serra-4x4-1-886x1024.jpg 886w, https:\/\/jornalfatosenoticias.com.br\/wp-content\/uploads\/2024\/08\/Serra-4x4-1-260x300.jpg 260w, https:\/\/jornalfatosenoticias.com.br\/wp-content\/uploads\/2024\/08\/Serra-4x4-1-768x888.jpg 768w, https:\/\/jornalfatosenoticias.com.br\/wp-content\/uploads\/2024\/08\/Serra-4x4-1.jpg 1181w\" sizes=\"auto, (max-width: 286px) 100vw, 286px\" \/><\/a><\/figure><\/div>\n\n\n\n<p>Do lado palestino, fontes m\u00e9dicas ouvidas pela EFE relataram seis mortos em tr\u00eas incidentes pr\u00f3ximos \u00e0 \u00e1rea de seguran\u00e7a, quatro no bairro de Shejaiya, um em Al Shaaf e outro em Al Foujari. As circunst\u00e2ncias dos disparos n\u00e3o foram verificadas de forma independente. O epis\u00f3dio ocorre durante a fase de implementa\u00e7\u00e3o do cessar-fogo, que prev\u00ea paralisa\u00e7\u00e3o das hostilidades e mecanismos de verifica\u00e7\u00e3o. At\u00e9 o fechamento deste texto, Israel e autoridades locais em Gaza n\u00e3o haviam informado abertura de investiga\u00e7\u00f5es sobre os incidentes. <strong>(Fonte: Hora Bras\u00edlia)<\/strong><\/p>\n\n\n\n<div class=\"wp-block-image\"><figure class=\"aligncenter size-large is-resized\"><a href=\"https:\/\/www.instagram.com\/restaurantepegoretti\/\"><img loading=\"lazy\" decoding=\"async\" src=\"https:\/\/jornalfatosenoticias.com.br\/wp-content\/uploads\/2023\/12\/pegoretti-logo-pdf-1024x389.jpg\" alt=\"\" class=\"wp-image-47536\" width=\"522\" height=\"198\" srcset=\"https:\/\/jornalfatosenoticias.com.br\/wp-content\/uploads\/2023\/12\/pegoretti-logo-pdf-1024x389.jpg 1024w, https:\/\/jornalfatosenoticias.com.br\/wp-content\/uploads\/2023\/12\/pegoretti-logo-pdf-300x114.jpg 300w, https:\/\/jornalfatosenoticias.com.br\/wp-content\/uploads\/2023\/12\/pegoretti-logo-pdf-768x291.jpg 768w, https:\/\/jornalfatosenoticias.com.br\/wp-content\/uploads\/2023\/12\/pegoretti-logo-pdf.jpg 1120w\" sizes=\"auto, (max-width: 522px) 100vw, 522px\" \/><\/a><\/figure><\/div>\n\n\n\n<hr class=\"wp-block-separator\"\/>\n","protected":false},"excerpt":{"rendered":"<p>A d\u00edvida p\u00fablica bruta do Brasil deve continuar em trajet\u00f3ria de alta e atingir 98,1% do PIB em 2030, projeta o Fundo Monet\u00e1rio Internacional (FMI) no relat\u00f3rio Monitor Fiscal, divulgado nesta quarta-feira (15), durante a reuni\u00e3o anual do FMI e do Banco Mundial.Para 2025, o Fundo estima d\u00edvida de 91,4% do PIB \u2014 bem acima [&hellip;]<\/p>\n","protected":false},"author":3,"featured_media":62581,"comment_status":"open","ping_status":"open","sticky":false,"template":"","format":"standard","meta":{"footnotes":""},"categories":[10],"tags":[13889,28535,25524,28533,28537,3756,28536,2147,1751,13099,23861,20559,18343,21582,162,19097,27724,28534,8605],"class_list":["post-62575","post","type-post","status-publish","format-standard","has-post-thumbnail","hentry","category-politica","tag-alexandre-de-moraes","tag-alfandega-dos-eua","tag-cessar-fogo","tag-cia-na-venezuela","tag-contag","tag-correios","tag-divida-bruta-do-brasil","tag-donald-trump","tag-estados-unidos","tag-faixa-de-gaza","tag-filipe-martins","tag-fmi","tag-governo-lula","tag-hamas","tag-israel","tag-nicolas-maduro","tag-prejuizo-correios","tag-rombo-correios","tag-venezuela"],"yoast_head":"<!-- This site is optimized with the Yoast SEO plugin v26.5 - https:\/\/yoast.com\/wordpress\/plugins\/seo\/ -->\n<title>A Semana no Brasil e no Mundo \u2014 FMI projeta d\u00edvida bruta do Brasil acima de 98% do PIB em 2030 - Jornal Fatos e Not\u00edcias<\/title>\n<meta name=\"robots\" content=\"index, follow, max-snippet:-1, max-image-preview:large, max-video-preview:-1\" \/>\n<link rel=\"canonical\" href=\"https:\/\/jornalfatosenoticias.com.br\/index.php\/2025\/10\/17\/a-semana-no-brasil-e-no-mundo-fmi-projeta-divida-bruta-do-brasil-acima-de-98-do-pib-em-2030\/\" \/>\n<meta property=\"og:locale\" content=\"pt_BR\" \/>\n<meta property=\"og:type\" content=\"article\" \/>\n<meta property=\"og:title\" content=\"A Semana no Brasil e no Mundo \u2014 FMI projeta d\u00edvida bruta do Brasil acima de 98% do PIB em 2030 - Jornal Fatos e Not\u00edcias\" \/>\n<meta property=\"og:description\" content=\"A d\u00edvida p\u00fablica bruta do Brasil deve continuar em trajet\u00f3ria de alta e atingir 98,1% do PIB em 2030, projeta o Fundo Monet\u00e1rio Internacional (FMI) no relat\u00f3rio Monitor Fiscal, divulgado nesta quarta-feira (15), durante a reuni\u00e3o anual do FMI e do Banco Mundial.Para 2025, o Fundo estima d\u00edvida de 91,4% do PIB \u2014 bem acima [&hellip;]\" \/>\n<meta property=\"og:url\" content=\"https:\/\/jornalfatosenoticias.com.br\/index.php\/2025\/10\/17\/a-semana-no-brasil-e-no-mundo-fmi-projeta-divida-bruta-do-brasil-acima-de-98-do-pib-em-2030\/\" \/>\n<meta property=\"og:site_name\" content=\"Jornal Fatos e Not\u00edcias\" \/>\n<meta property=\"article:published_time\" content=\"2025-10-17T16:44:45+00:00\" \/>\n<meta property=\"article:modified_time\" content=\"2025-10-17T16:44:48+00:00\" \/>\n<meta property=\"og:image\" content=\"https:\/\/jornalfatosenoticias.com.br\/wp-content\/uploads\/2025\/10\/MOLUSCO-FMI_gettyimages.jpg\" \/>\n\t<meta property=\"og:image:width\" content=\"612\" \/>\n\t<meta property=\"og:image:height\" content=\"408\" \/>\n\t<meta property=\"og:image:type\" content=\"image\/jpeg\" \/>\n<meta name=\"author\" content=\"Haroldo Filho\" \/>\n<meta name=\"twitter:card\" content=\"summary_large_image\" \/>\n<meta name=\"twitter:label1\" content=\"Escrito por\" \/>\n\t<meta name=\"twitter:data1\" content=\"Haroldo Filho\" \/>\n\t<meta name=\"twitter:label2\" content=\"Est. tempo de leitura\" \/>\n\t<meta name=\"twitter:data2\" content=\"9 minutos\" \/>\n<script type=\"application\/ld+json\" class=\"yoast-schema-graph\">{\"@context\":\"https:\/\/schema.org\",\"@graph\":[{\"@type\":\"Article\",\"@id\":\"https:\/\/jornalfatosenoticias.com.br\/index.php\/2025\/10\/17\/a-semana-no-brasil-e-no-mundo-fmi-projeta-divida-bruta-do-brasil-acima-de-98-do-pib-em-2030\/#article\",\"isPartOf\":{\"@id\":\"https:\/\/jornalfatosenoticias.com.br\/index.php\/2025\/10\/17\/a-semana-no-brasil-e-no-mundo-fmi-projeta-divida-bruta-do-brasil-acima-de-98-do-pib-em-2030\/\"},\"author\":{\"name\":\"Haroldo Filho\",\"@id\":\"https:\/\/jornalfatosenoticias.com.br\/#\/schema\/person\/05c46cc25b42a5c27e004fb0fa6b4965\"},\"headline\":\"A Semana no Brasil e no Mundo \u2014 FMI projeta d\u00edvida bruta do Brasil acima de 98% do PIB em 2030\",\"datePublished\":\"2025-10-17T16:44:45+00:00\",\"dateModified\":\"2025-10-17T16:44:48+00:00\",\"mainEntityOfPage\":{\"@id\":\"https:\/\/jornalfatosenoticias.com.br\/index.php\/2025\/10\/17\/a-semana-no-brasil-e-no-mundo-fmi-projeta-divida-bruta-do-brasil-acima-de-98-do-pib-em-2030\/\"},\"wordCount\":1759,\"commentCount\":0,\"publisher\":{\"@id\":\"https:\/\/jornalfatosenoticias.com.br\/#organization\"},\"image\":{\"@id\":\"https:\/\/jornalfatosenoticias.com.br\/index.php\/2025\/10\/17\/a-semana-no-brasil-e-no-mundo-fmi-projeta-divida-bruta-do-brasil-acima-de-98-do-pib-em-2030\/#primaryimage\"},\"thumbnailUrl\":\"https:\/\/jornalfatosenoticias.com.br\/wp-content\/uploads\/2025\/10\/MOLUSCO-FMI_gettyimages.jpg\",\"keywords\":[\"Alexandre de Moraes\",\"alf\u00e2ndega dos EUA\",\"cessar-fogo\",\"CIA na Venezuela\",\"Contag\",\"Correios\",\"d\u00edvida bruta do Brasil\",\"Donald Trump\",\"Estados Unidos\",\"Faixa de Gaza\",\"Filipe Martins\",\"FMI\",\"governo Lula\",\"Hamas\",\"Israel\",\"Nicol\u00e1s Maduro\",\"preju\u00edzo Correios\",\"rombo Correios\",\"Venezuela\"],\"articleSection\":[\"Pol\u00edtica\"],\"inLanguage\":\"pt-BR\",\"potentialAction\":[{\"@type\":\"CommentAction\",\"name\":\"Comment\",\"target\":[\"https:\/\/jornalfatosenoticias.com.br\/index.php\/2025\/10\/17\/a-semana-no-brasil-e-no-mundo-fmi-projeta-divida-bruta-do-brasil-acima-de-98-do-pib-em-2030\/#respond\"]}]},{\"@type\":\"WebPage\",\"@id\":\"https:\/\/jornalfatosenoticias.com.br\/index.php\/2025\/10\/17\/a-semana-no-brasil-e-no-mundo-fmi-projeta-divida-bruta-do-brasil-acima-de-98-do-pib-em-2030\/\",\"url\":\"https:\/\/jornalfatosenoticias.com.br\/index.php\/2025\/10\/17\/a-semana-no-brasil-e-no-mundo-fmi-projeta-divida-bruta-do-brasil-acima-de-98-do-pib-em-2030\/\",\"name\":\"A Semana no Brasil e no Mundo \u2014 FMI projeta d\u00edvida bruta do Brasil acima de 98% do PIB em 2030 - Jornal Fatos e Not\u00edcias\",\"isPartOf\":{\"@id\":\"https:\/\/jornalfatosenoticias.com.br\/#website\"},\"primaryImageOfPage\":{\"@id\":\"https:\/\/jornalfatosenoticias.com.br\/index.php\/2025\/10\/17\/a-semana-no-brasil-e-no-mundo-fmi-projeta-divida-bruta-do-brasil-acima-de-98-do-pib-em-2030\/#primaryimage\"},\"image\":{\"@id\":\"https:\/\/jornalfatosenoticias.com.br\/index.php\/2025\/10\/17\/a-semana-no-brasil-e-no-mundo-fmi-projeta-divida-bruta-do-brasil-acima-de-98-do-pib-em-2030\/#primaryimage\"},\"thumbnailUrl\":\"https:\/\/jornalfatosenoticias.com.br\/wp-content\/uploads\/2025\/10\/MOLUSCO-FMI_gettyimages.jpg\",\"datePublished\":\"2025-10-17T16:44:45+00:00\",\"dateModified\":\"2025-10-17T16:44:48+00:00\",\"breadcrumb\":{\"@id\":\"https:\/\/jornalfatosenoticias.com.br\/index.php\/2025\/10\/17\/a-semana-no-brasil-e-no-mundo-fmi-projeta-divida-bruta-do-brasil-acima-de-98-do-pib-em-2030\/#breadcrumb\"},\"inLanguage\":\"pt-BR\",\"potentialAction\":[{\"@type\":\"ReadAction\",\"target\":[\"https:\/\/jornalfatosenoticias.com.br\/index.php\/2025\/10\/17\/a-semana-no-brasil-e-no-mundo-fmi-projeta-divida-bruta-do-brasil-acima-de-98-do-pib-em-2030\/\"]}]},{\"@type\":\"ImageObject\",\"inLanguage\":\"pt-BR\",\"@id\":\"https:\/\/jornalfatosenoticias.com.br\/index.php\/2025\/10\/17\/a-semana-no-brasil-e-no-mundo-fmi-projeta-divida-bruta-do-brasil-acima-de-98-do-pib-em-2030\/#primaryimage\",\"url\":\"https:\/\/jornalfatosenoticias.com.br\/wp-content\/uploads\/2025\/10\/MOLUSCO-FMI_gettyimages.jpg\",\"contentUrl\":\"https:\/\/jornalfatosenoticias.com.br\/wp-content\/uploads\/2025\/10\/MOLUSCO-FMI_gettyimages.jpg\",\"width\":612,\"height\":408,\"caption\":\"TOPSHOT - Brazil's President Luiz Inacio Lula da Silva thinks before going to his press conference in Tokyo on March 27, 2025. (Photo by Kazuhiro NOGI \/ AFP) (Photo by KAZUHIRO NOGI\/AFP via Getty Images)\"},{\"@type\":\"BreadcrumbList\",\"@id\":\"https:\/\/jornalfatosenoticias.com.br\/index.php\/2025\/10\/17\/a-semana-no-brasil-e-no-mundo-fmi-projeta-divida-bruta-do-brasil-acima-de-98-do-pib-em-2030\/#breadcrumb\",\"itemListElement\":[{\"@type\":\"ListItem\",\"position\":1,\"name\":\"In\u00edcio\",\"item\":\"https:\/\/jornalfatosenoticias.com.br\/\"},{\"@type\":\"ListItem\",\"position\":2,\"name\":\"A Semana no Brasil e no Mundo \u2014 FMI projeta d\u00edvida bruta do Brasil acima de 98% do PIB em 2030\"}]},{\"@type\":\"WebSite\",\"@id\":\"https:\/\/jornalfatosenoticias.com.br\/#website\",\"url\":\"https:\/\/jornalfatosenoticias.com.br\/\",\"name\":\"Jornal Fatos e Not\u00edcias\",\"description\":\"Not\u00edcias em geral\",\"publisher\":{\"@id\":\"https:\/\/jornalfatosenoticias.com.br\/#organization\"},\"potentialAction\":[{\"@type\":\"SearchAction\",\"target\":{\"@type\":\"EntryPoint\",\"urlTemplate\":\"https:\/\/jornalfatosenoticias.com.br\/?s={search_term_string}\"},\"query-input\":{\"@type\":\"PropertyValueSpecification\",\"valueRequired\":true,\"valueName\":\"search_term_string\"}}],\"inLanguage\":\"pt-BR\"},{\"@type\":\"Organization\",\"@id\":\"https:\/\/jornalfatosenoticias.com.br\/#organization\",\"name\":\"Jornal Fatos e Not\u00edcias\",\"url\":\"https:\/\/jornalfatosenoticias.com.br\/\",\"logo\":{\"@type\":\"ImageObject\",\"inLanguage\":\"pt-BR\",\"@id\":\"https:\/\/jornalfatosenoticias.com.br\/#\/schema\/logo\/image\/\",\"url\":\"https:\/\/jornalfatosenoticias.com.br\/wp-content\/uploads\/2020\/02\/logo120.png\",\"contentUrl\":\"https:\/\/jornalfatosenoticias.com.br\/wp-content\/uploads\/2020\/02\/logo120.png\",\"width\":1227,\"height\":120,\"caption\":\"Jornal Fatos e Not\u00edcias\"},\"image\":{\"@id\":\"https:\/\/jornalfatosenoticias.com.br\/#\/schema\/logo\/image\/\"}},{\"@type\":\"Person\",\"@id\":\"https:\/\/jornalfatosenoticias.com.br\/#\/schema\/person\/05c46cc25b42a5c27e004fb0fa6b4965\",\"name\":\"Haroldo Filho\",\"image\":{\"@type\":\"ImageObject\",\"inLanguage\":\"pt-BR\",\"@id\":\"https:\/\/jornalfatosenoticias.com.br\/#\/schema\/person\/image\/\",\"url\":\"https:\/\/jornalfatosenoticias.com.br\/wp-content\/uploads\/2025\/08\/WhatsApp-Image-2025-08-18-at-15.30.28-150x150.jpeg\",\"contentUrl\":\"https:\/\/jornalfatosenoticias.com.br\/wp-content\/uploads\/2025\/08\/WhatsApp-Image-2025-08-18-at-15.30.28-150x150.jpeg\",\"caption\":\"Haroldo Filho\"},\"description\":\"Jornalista \u2013 DRT: 0003818\/ES Coordenador-geral da ONG Educar para Crescer\",\"url\":\"https:\/\/jornalfatosenoticias.com.br\/index.php\/author\/haroldo\/\"}]}<\/script>\n<!-- \/ Yoast SEO plugin. -->","yoast_head_json":{"title":"A Semana no Brasil e no Mundo \u2014 FMI projeta d\u00edvida bruta do Brasil acima de 98% do PIB em 2030 - Jornal Fatos e Not\u00edcias","robots":{"index":"index","follow":"follow","max-snippet":"max-snippet:-1","max-image-preview":"max-image-preview:large","max-video-preview":"max-video-preview:-1"},"canonical":"https:\/\/jornalfatosenoticias.com.br\/index.php\/2025\/10\/17\/a-semana-no-brasil-e-no-mundo-fmi-projeta-divida-bruta-do-brasil-acima-de-98-do-pib-em-2030\/","og_locale":"pt_BR","og_type":"article","og_title":"A Semana no Brasil e no Mundo \u2014 FMI projeta d\u00edvida bruta do Brasil acima de 98% do PIB em 2030 - Jornal Fatos e Not\u00edcias","og_description":"A d\u00edvida p\u00fablica bruta do Brasil deve continuar em trajet\u00f3ria de alta e atingir 98,1% do PIB em 2030, projeta o Fundo Monet\u00e1rio Internacional (FMI) no relat\u00f3rio Monitor Fiscal, divulgado nesta quarta-feira (15), durante a reuni\u00e3o anual do FMI e do Banco Mundial.Para 2025, o Fundo estima d\u00edvida de 91,4% do PIB \u2014 bem acima [&hellip;]","og_url":"https:\/\/jornalfatosenoticias.com.br\/index.php\/2025\/10\/17\/a-semana-no-brasil-e-no-mundo-fmi-projeta-divida-bruta-do-brasil-acima-de-98-do-pib-em-2030\/","og_site_name":"Jornal Fatos e Not\u00edcias","article_published_time":"2025-10-17T16:44:45+00:00","article_modified_time":"2025-10-17T16:44:48+00:00","og_image":[{"width":612,"height":408,"url":"https:\/\/jornalfatosenoticias.com.br\/wp-content\/uploads\/2025\/10\/MOLUSCO-FMI_gettyimages.jpg","type":"image\/jpeg"}],"author":"Haroldo Filho","twitter_card":"summary_large_image","twitter_misc":{"Escrito por":"Haroldo Filho","Est. tempo de leitura":"9 minutos"},"schema":{"@context":"https:\/\/schema.org","@graph":[{"@type":"Article","@id":"https:\/\/jornalfatosenoticias.com.br\/index.php\/2025\/10\/17\/a-semana-no-brasil-e-no-mundo-fmi-projeta-divida-bruta-do-brasil-acima-de-98-do-pib-em-2030\/#article","isPartOf":{"@id":"https:\/\/jornalfatosenoticias.com.br\/index.php\/2025\/10\/17\/a-semana-no-brasil-e-no-mundo-fmi-projeta-divida-bruta-do-brasil-acima-de-98-do-pib-em-2030\/"},"author":{"name":"Haroldo Filho","@id":"https:\/\/jornalfatosenoticias.com.br\/#\/schema\/person\/05c46cc25b42a5c27e004fb0fa6b4965"},"headline":"A Semana no Brasil e no Mundo \u2014 FMI projeta d\u00edvida bruta do Brasil acima de 98% do PIB em 2030","datePublished":"2025-10-17T16:44:45+00:00","dateModified":"2025-10-17T16:44:48+00:00","mainEntityOfPage":{"@id":"https:\/\/jornalfatosenoticias.com.br\/index.php\/2025\/10\/17\/a-semana-no-brasil-e-no-mundo-fmi-projeta-divida-bruta-do-brasil-acima-de-98-do-pib-em-2030\/"},"wordCount":1759,"commentCount":0,"publisher":{"@id":"https:\/\/jornalfatosenoticias.com.br\/#organization"},"image":{"@id":"https:\/\/jornalfatosenoticias.com.br\/index.php\/2025\/10\/17\/a-semana-no-brasil-e-no-mundo-fmi-projeta-divida-bruta-do-brasil-acima-de-98-do-pib-em-2030\/#primaryimage"},"thumbnailUrl":"https:\/\/jornalfatosenoticias.com.br\/wp-content\/uploads\/2025\/10\/MOLUSCO-FMI_gettyimages.jpg","keywords":["Alexandre de Moraes","alf\u00e2ndega dos EUA","cessar-fogo","CIA na Venezuela","Contag","Correios","d\u00edvida bruta do Brasil","Donald Trump","Estados Unidos","Faixa de Gaza","Filipe Martins","FMI","governo Lula","Hamas","Israel","Nicol\u00e1s Maduro","preju\u00edzo Correios","rombo Correios","Venezuela"],"articleSection":["Pol\u00edtica"],"inLanguage":"pt-BR","potentialAction":[{"@type":"CommentAction","name":"Comment","target":["https:\/\/jornalfatosenoticias.com.br\/index.php\/2025\/10\/17\/a-semana-no-brasil-e-no-mundo-fmi-projeta-divida-bruta-do-brasil-acima-de-98-do-pib-em-2030\/#respond"]}]},{"@type":"WebPage","@id":"https:\/\/jornalfatosenoticias.com.br\/index.php\/2025\/10\/17\/a-semana-no-brasil-e-no-mundo-fmi-projeta-divida-bruta-do-brasil-acima-de-98-do-pib-em-2030\/","url":"https:\/\/jornalfatosenoticias.com.br\/index.php\/2025\/10\/17\/a-semana-no-brasil-e-no-mundo-fmi-projeta-divida-bruta-do-brasil-acima-de-98-do-pib-em-2030\/","name":"A Semana no Brasil e no Mundo \u2014 FMI projeta d\u00edvida bruta do Brasil acima de 98% do PIB em 2030 - Jornal Fatos e Not\u00edcias","isPartOf":{"@id":"https:\/\/jornalfatosenoticias.com.br\/#website"},"primaryImageOfPage":{"@id":"https:\/\/jornalfatosenoticias.com.br\/index.php\/2025\/10\/17\/a-semana-no-brasil-e-no-mundo-fmi-projeta-divida-bruta-do-brasil-acima-de-98-do-pib-em-2030\/#primaryimage"},"image":{"@id":"https:\/\/jornalfatosenoticias.com.br\/index.php\/2025\/10\/17\/a-semana-no-brasil-e-no-mundo-fmi-projeta-divida-bruta-do-brasil-acima-de-98-do-pib-em-2030\/#primaryimage"},"thumbnailUrl":"https:\/\/jornalfatosenoticias.com.br\/wp-content\/uploads\/2025\/10\/MOLUSCO-FMI_gettyimages.jpg","datePublished":"2025-10-17T16:44:45+00:00","dateModified":"2025-10-17T16:44:48+00:00","breadcrumb":{"@id":"https:\/\/jornalfatosenoticias.com.br\/index.php\/2025\/10\/17\/a-semana-no-brasil-e-no-mundo-fmi-projeta-divida-bruta-do-brasil-acima-de-98-do-pib-em-2030\/#breadcrumb"},"inLanguage":"pt-BR","potentialAction":[{"@type":"ReadAction","target":["https:\/\/jornalfatosenoticias.com.br\/index.php\/2025\/10\/17\/a-semana-no-brasil-e-no-mundo-fmi-projeta-divida-bruta-do-brasil-acima-de-98-do-pib-em-2030\/"]}]},{"@type":"ImageObject","inLanguage":"pt-BR","@id":"https:\/\/jornalfatosenoticias.com.br\/index.php\/2025\/10\/17\/a-semana-no-brasil-e-no-mundo-fmi-projeta-divida-bruta-do-brasil-acima-de-98-do-pib-em-2030\/#primaryimage","url":"https:\/\/jornalfatosenoticias.com.br\/wp-content\/uploads\/2025\/10\/MOLUSCO-FMI_gettyimages.jpg","contentUrl":"https:\/\/jornalfatosenoticias.com.br\/wp-content\/uploads\/2025\/10\/MOLUSCO-FMI_gettyimages.jpg","width":612,"height":408,"caption":"TOPSHOT - Brazil's President Luiz Inacio Lula da Silva thinks before going to his press conference in Tokyo on March 27, 2025. (Photo by Kazuhiro NOGI \/ AFP) (Photo by KAZUHIRO NOGI\/AFP via Getty Images)"},{"@type":"BreadcrumbList","@id":"https:\/\/jornalfatosenoticias.com.br\/index.php\/2025\/10\/17\/a-semana-no-brasil-e-no-mundo-fmi-projeta-divida-bruta-do-brasil-acima-de-98-do-pib-em-2030\/#breadcrumb","itemListElement":[{"@type":"ListItem","position":1,"name":"In\u00edcio","item":"https:\/\/jornalfatosenoticias.com.br\/"},{"@type":"ListItem","position":2,"name":"A Semana no Brasil e no Mundo \u2014 FMI projeta d\u00edvida bruta do Brasil acima de 98% do PIB em 2030"}]},{"@type":"WebSite","@id":"https:\/\/jornalfatosenoticias.com.br\/#website","url":"https:\/\/jornalfatosenoticias.com.br\/","name":"Jornal Fatos e Not\u00edcias","description":"Not\u00edcias em geral","publisher":{"@id":"https:\/\/jornalfatosenoticias.com.br\/#organization"},"potentialAction":[{"@type":"SearchAction","target":{"@type":"EntryPoint","urlTemplate":"https:\/\/jornalfatosenoticias.com.br\/?s={search_term_string}"},"query-input":{"@type":"PropertyValueSpecification","valueRequired":true,"valueName":"search_term_string"}}],"inLanguage":"pt-BR"},{"@type":"Organization","@id":"https:\/\/jornalfatosenoticias.com.br\/#organization","name":"Jornal Fatos e Not\u00edcias","url":"https:\/\/jornalfatosenoticias.com.br\/","logo":{"@type":"ImageObject","inLanguage":"pt-BR","@id":"https:\/\/jornalfatosenoticias.com.br\/#\/schema\/logo\/image\/","url":"https:\/\/jornalfatosenoticias.com.br\/wp-content\/uploads\/2020\/02\/logo120.png","contentUrl":"https:\/\/jornalfatosenoticias.com.br\/wp-content\/uploads\/2020\/02\/logo120.png","width":1227,"height":120,"caption":"Jornal Fatos e Not\u00edcias"},"image":{"@id":"https:\/\/jornalfatosenoticias.com.br\/#\/schema\/logo\/image\/"}},{"@type":"Person","@id":"https:\/\/jornalfatosenoticias.com.br\/#\/schema\/person\/05c46cc25b42a5c27e004fb0fa6b4965","name":"Haroldo Filho","image":{"@type":"ImageObject","inLanguage":"pt-BR","@id":"https:\/\/jornalfatosenoticias.com.br\/#\/schema\/person\/image\/","url":"https:\/\/jornalfatosenoticias.com.br\/wp-content\/uploads\/2025\/08\/WhatsApp-Image-2025-08-18-at-15.30.28-150x150.jpeg","contentUrl":"https:\/\/jornalfatosenoticias.com.br\/wp-content\/uploads\/2025\/08\/WhatsApp-Image-2025-08-18-at-15.30.28-150x150.jpeg","caption":"Haroldo Filho"},"description":"Jornalista \u2013 DRT: 0003818\/ES Coordenador-geral da ONG Educar para Crescer","url":"https:\/\/jornalfatosenoticias.com.br\/index.php\/author\/haroldo\/"}]}},"cc_featured_image_caption":{"caption_text":"(Foto: Getty Images)  ","source_text":"","source_url":""},"jetpack_featured_media_url":"https:\/\/jornalfatosenoticias.com.br\/wp-content\/uploads\/2025\/10\/MOLUSCO-FMI_gettyimages.jpg","_links":{"self":[{"href":"https:\/\/jornalfatosenoticias.com.br\/index.php\/wp-json\/wp\/v2\/posts\/62575","targetHints":{"allow":["GET"]}}],"collection":[{"href":"https:\/\/jornalfatosenoticias.com.br\/index.php\/wp-json\/wp\/v2\/posts"}],"about":[{"href":"https:\/\/jornalfatosenoticias.com.br\/index.php\/wp-json\/wp\/v2\/types\/post"}],"author":[{"embeddable":true,"href":"https:\/\/jornalfatosenoticias.com.br\/index.php\/wp-json\/wp\/v2\/users\/3"}],"replies":[{"embeddable":true,"href":"https:\/\/jornalfatosenoticias.com.br\/index.php\/wp-json\/wp\/v2\/comments?post=62575"}],"version-history":[{"count":0,"href":"https:\/\/jornalfatosenoticias.com.br\/index.php\/wp-json\/wp\/v2\/posts\/62575\/revisions"}],"wp:featuredmedia":[{"embeddable":true,"href":"https:\/\/jornalfatosenoticias.com.br\/index.php\/wp-json\/wp\/v2\/media\/62581"}],"wp:attachment":[{"href":"https:\/\/jornalfatosenoticias.com.br\/index.php\/wp-json\/wp\/v2\/media?parent=62575"}],"wp:term":[{"taxonomy":"category","embeddable":true,"href":"https:\/\/jornalfatosenoticias.com.br\/index.php\/wp-json\/wp\/v2\/categories?post=62575"},{"taxonomy":"post_tag","embeddable":true,"href":"https:\/\/jornalfatosenoticias.com.br\/index.php\/wp-json\/wp\/v2\/tags?post=62575"}],"curies":[{"name":"wp","href":"https:\/\/api.w.org\/{rel}","templated":true}]}}