{"id":62583,"date":"2025-10-17T13:59:25","date_gmt":"2025-10-17T16:59:25","guid":{"rendered":"https:\/\/jornalfatosenoticias.com.br\/?p=62583"},"modified":"2025-10-17T13:59:28","modified_gmt":"2025-10-17T16:59:28","slug":"a-exclusao-do-icms-na-base-de-calculo-dos-creditos-de-pis-e-cofins-e-o-dilema-dos-ativos-imobilizados","status":"publish","type":"post","link":"https:\/\/jornalfatosenoticias.com.br\/index.php\/2025\/10\/17\/a-exclusao-do-icms-na-base-de-calculo-dos-creditos-de-pis-e-cofins-e-o-dilema-dos-ativos-imobilizados\/","title":{"rendered":"A exclus\u00e3o do ICMS na base de c\u00e1lculo dos cr\u00e9ditos de PIS e COFINS e o dilema dos ativos imobilizados"},"content":{"rendered":"\n<div class=\"wp-block-image\"><figure class=\"aligncenter size-large is-resized\"><a href=\"https:\/\/www.facebook.com\/vetor.vix\/\"><img loading=\"lazy\" decoding=\"async\" src=\"https:\/\/jornalfatosenoticias.com.br\/wp-content\/uploads\/2023\/09\/vetorvix1024_1.jpg\" alt=\"\" class=\"wp-image-44868\" width=\"554\" height=\"147\" srcset=\"https:\/\/jornalfatosenoticias.com.br\/wp-content\/uploads\/2023\/09\/vetorvix1024_1.jpg 1024w, https:\/\/jornalfatosenoticias.com.br\/wp-content\/uploads\/2023\/09\/vetorvix1024_1-300x80.jpg 300w, https:\/\/jornalfatosenoticias.com.br\/wp-content\/uploads\/2023\/09\/vetorvix1024_1-768x205.jpg 768w\" sizes=\"auto, (max-width: 554px) 100vw, 554px\" \/><\/a><\/figure><\/div>\n\n\n\n<p>Nos \u00faltimos anos, o tema da exclus\u00e3o do ICMS da base de c\u00e1lculo do PIS e da COFINS se consolidou como um dos assuntos mais relevantes do direito tribut\u00e1rio brasileiro. Conhecida como a <strong>\u201ctese do s\u00e9culo\u201d,<\/strong> essa decis\u00e3o hist\u00f3rica do Supremo Tribunal Federal (STF) redefiniu o conceito de faturamento e garantiu aos contribuintes o direito de excluir o ICMS da base de c\u00e1lculo dessas contribui\u00e7\u00f5es federais.<br>Entretanto, a conquista que trouxe al\u00edvio \u00e0s empresas tamb\u00e9m abriu novas d\u00favidas especialmente ap\u00f3s a publica\u00e7\u00e3o da <strong>Lei n.\u00ba 14.592\/2023,<\/strong> que confirmou a exclus\u00e3o do imposto na apura\u00e7\u00e3o do PIS e da COFINS, mas <strong>mudou a forma de calcular os cr\u00e9ditos<\/strong> gerados nas opera\u00e7\u00f5es de compra de bens e servi\u00e7os.<\/p>\n\n\n\n<div class=\"wp-block-image\"><figure class=\"aligncenter size-large is-resized\"><a href=\"https:\/\/www.facebook.com\/profile.php?id=100069289606145\"><img loading=\"lazy\" decoding=\"async\" src=\"https:\/\/jornalfatosenoticias.com.br\/wp-content\/uploads\/2024\/11\/Guaitolini-Contabilidade-1024x714.jpeg\" alt=\"\" class=\"wp-image-55808\" width=\"322\" height=\"224\" srcset=\"https:\/\/jornalfatosenoticias.com.br\/wp-content\/uploads\/2024\/11\/Guaitolini-Contabilidade-1024x714.jpeg 1024w, https:\/\/jornalfatosenoticias.com.br\/wp-content\/uploads\/2024\/11\/Guaitolini-Contabilidade-300x209.jpeg 300w, https:\/\/jornalfatosenoticias.com.br\/wp-content\/uploads\/2024\/11\/Guaitolini-Contabilidade-768x535.jpeg 768w, https:\/\/jornalfatosenoticias.com.br\/wp-content\/uploads\/2024\/11\/Guaitolini-Contabilidade.jpeg 1280w\" sizes=\"auto, (max-width: 322px) 100vw, 322px\" \/><\/a><\/figure><\/div>\n\n\n\n<p><strong><span class=\"has-inline-color has-black-color\">O ponto central da controv\u00e9rsia<br><\/span><\/strong>A grande quest\u00e3o est\u00e1 na forma como as empresas devem tratar o <strong>ICMS embutido na aquisi\u00e7\u00e3o de bens do ativo imobilizado,<\/strong> como m\u00e1quinas e equipamentos. Antes da nova lei, era poss\u00edvel aproveitar cr\u00e9ditos de PIS e COFINS sobre o custo total do bem e esse custo naturalmente inclu\u00eda o valor do ICMS destacado na nota fiscal. Com a nova regra, a <strong>legisla\u00e7\u00e3o passou a vedar o cr\u00e9dito sobre o ICMS pago na aquisi\u00e7\u00e3o,<\/strong> o que levantou uma d\u00favida importante.<\/p>\n\n\n\n<div class=\"wp-block-image\"><figure class=\"aligncenter size-large\"><a href=\"http:\/\/www.ferrarimaquinas.com.br\/\"><img loading=\"lazy\" decoding=\"async\" width=\"300\" height=\"250\" src=\"https:\/\/jornalfatosenoticias.com.br\/wp-content\/uploads\/2022\/02\/FERRARI_MAQUINAS-E-FERRAMENTAS2.jpg\" alt=\"\" class=\"wp-image-27860\"\/><\/a><\/figure><\/div>\n\n\n\n<p>Essa veda\u00e7\u00e3o se aplica apenas ao momento da compra, ou tamb\u00e9m deve afetar os cr\u00e9ditos calculados m\u00eas a m\u00eas sobre a <strong>deprecia\u00e7\u00e3o<\/strong> desses ativos? A resposta a essa pergunta \u00e9 crucial, especialmente para <strong>ind\u00fastrias e empresas com alto investimento em bens de capital, <\/strong>j\u00e1 que a exclus\u00e3o do ICMS da base dos cr\u00e9ditos pode gerar <strong>impactos financeiros significativos<\/strong> no fluxo de caixa.<\/p>\n\n\n\n<div class=\"wp-block-image\"><figure class=\"aligncenter size-large is-resized\"><a href=\"https:\/\/www.instagram.com\/gruposei\/\"><img loading=\"lazy\" decoding=\"async\" src=\"https:\/\/jornalfatosenoticias.com.br\/wp-content\/uploads\/2022\/07\/Logo-Grupo-SEI.jpg\" alt=\"\" class=\"wp-image-31973\" width=\"375\" height=\"197\" srcset=\"https:\/\/jornalfatosenoticias.com.br\/wp-content\/uploads\/2022\/07\/Logo-Grupo-SEI.jpg 713w, https:\/\/jornalfatosenoticias.com.br\/wp-content\/uploads\/2022\/07\/Logo-Grupo-SEI-300x158.jpg 300w\" sizes=\"auto, (max-width: 375px) 100vw, 375px\" \/><\/a><\/figure><\/div>\n\n\n\n<p><strong><span class=\"has-inline-color has-black-color\">Duas correntes de interpreta\u00e7\u00e3o<br><\/span><\/strong>Com a nova legisla\u00e7\u00e3o, surgiram <strong>duas leituras poss\u00edveis:<\/strong><\/p>\n\n\n\n<div class=\"wp-block-image\"><figure class=\"aligncenter size-large\"><img loading=\"lazy\" decoding=\"async\" width=\"850\" height=\"551\" src=\"https:\/\/jornalfatosenoticias.com.br\/wp-content\/uploads\/2025\/10\/PIS_COFINS.gif\" alt=\"\" class=\"wp-image-62585\"\/><figcaption><em><span class=\"has-inline-color has-black-color\">(Foto: Reprodu\u00e7\u00e3o internet)<\/span><\/em><\/figcaption><\/figure><\/div>\n\n\n\n<ol class=\"wp-block-list\"><li><strong>Interpreta\u00e7\u00e3o restritiva (defendida pelo Fisco):<br><\/strong>O ICMS n\u00e3o pode gerar cr\u00e9dito em hip\u00f3tese alguma, nem na compra nem na deprecia\u00e7\u00e3o. Assim, o valor do ICMS deve ser retirado do custo do bem antes do c\u00e1lculo da deprecia\u00e7\u00e3o, reduzindo os cr\u00e9ditos de PIS e COFINS a cada m\u00eas.<\/li><li><strong>Interpreta\u00e7\u00e3o sistem\u00e1tica (defendida pelos contribuintes):<br><\/strong>A lei fala apenas em \u201copera\u00e7\u00e3o de aquisi\u00e7\u00e3o\u201d, e n\u00e3o em deprecia\u00e7\u00e3o. Portanto, os cr\u00e9ditos calculados sobre a deprecia\u00e7\u00e3o <strong>devem considerar o custo total do ativo, <\/strong>inclusive o ICMS que comp\u00f4s o valor pago. Essa vis\u00e3o busca preservar o princ\u00edpio da <strong>n\u00e3o cumulatividade,<\/strong> que evita o efeito cascata de tributos e protege o investimento produtivo.<\/li><\/ol>\n\n\n\n<div class=\"wp-block-image\"><figure class=\"aligncenter size-large is-resized\"><a href=\"https:\/\/www.instagram.com\/rcradiadores\/\"><img loading=\"lazy\" decoding=\"async\" src=\"https:\/\/jornalfatosenoticias.com.br\/wp-content\/uploads\/2022\/10\/RC_800x750_page-0001.jpg\" alt=\"\" class=\"wp-image-35338\" width=\"348\" height=\"326\" srcset=\"https:\/\/jornalfatosenoticias.com.br\/wp-content\/uploads\/2022\/10\/RC_800x750_page-0001.jpg 400w, https:\/\/jornalfatosenoticias.com.br\/wp-content\/uploads\/2022\/10\/RC_800x750_page-0001-300x281.jpg 300w\" sizes=\"auto, (max-width: 348px) 100vw, 348px\" \/><\/a><\/figure><\/div>\n\n\n\n<p><strong><span class=\"has-inline-color has-black-color\"><span style=\"text-decoration: underline;\">A palavra (aguardada) do STJ<br><\/span><\/span><\/strong>A disputa chegou ao <strong>Superior Tribunal de Justi\u00e7a (STJ)<\/strong> e foi reconhecida como <strong>Tema 1.364,<\/strong> a ser julgado sob o rito dos recursos repetitivos o que significa que a decis\u00e3o ter\u00e1 efeito vinculante para todos os tribunais do pa\u00eds.<br>O julgamento dever\u00e1 definir se o \u201ccusto de aquisi\u00e7\u00e3o\u201d para fins de cr\u00e9dito inclui o ICMS ou n\u00e3o. Enquanto o julgamento n\u00e3o ocorre, muitas empresas adotam <strong>estrat\u00e9gias distintas: <\/strong>algumas seguem a posi\u00e7\u00e3o mais conservadora do Fisco, enquanto outras mant\u00eam o cr\u00e9dito integral e se preparam para discutir o tema judicialmente, com base em pareceres e laudos t\u00e9cnicos.<\/p>\n\n\n\n<div class=\"wp-block-image\"><figure class=\"aligncenter size-large\"><a href=\"https:\/\/www.cesconetto.com.br\/\"><img loading=\"lazy\" decoding=\"async\" width=\"300\" height=\"250\" src=\"https:\/\/jornalfatosenoticias.com.br\/wp-content\/uploads\/2020\/02\/Banner-2.png\" alt=\"\" class=\"wp-image-43787\"\/><\/a><\/figure><\/div>\n\n\n\n<p><strong><span class=\"has-inline-color has-black-color\"><span style=\"text-decoration: underline;\">Orienta\u00e7\u00e3o pr\u00e1tica<br><\/span><\/span><\/strong>Independentemente da postura adotada, \u00e9 fundamental que as empresas:<br><strong>\u2022 Fa\u00e7am um diagn\u00f3stico tribut\u00e1rio detalhado,<\/strong> para medir o impacto financeiro da exclus\u00e3o do ICMS nos cr\u00e9ditos de deprecia\u00e7\u00e3o;<br><strong>\u2022 Organizem e guardem toda a documenta\u00e7\u00e3o fiscal,<\/strong> notas de aquisi\u00e7\u00e3o, mem\u00f3rias de c\u00e1lculo e registros cont\u00e1beis;<br><strong>\u2022<\/strong> E <strong>acompanhem de perto o andamento do julgamento do STJ, <\/strong>que trar\u00e1 a t\u00e3o esperada seguran\u00e7a jur\u00eddica sobre o tema.<\/p>\n\n\n\n<div class=\"wp-block-image\"><figure class=\"aligncenter size-large is-resized\"><a href=\"https:\/\/hotelmarquetti.com.br\/\"><img loading=\"lazy\" decoding=\"async\" src=\"https:\/\/jornalfatosenoticias.com.br\/wp-content\/uploads\/2020\/02\/LOGO-MQ-1024x680.jpg\" alt=\"\" class=\"wp-image-58299\" width=\"354\" height=\"235\" srcset=\"https:\/\/jornalfatosenoticias.com.br\/wp-content\/uploads\/2020\/02\/LOGO-MQ-1024x680.jpg 1024w, https:\/\/jornalfatosenoticias.com.br\/wp-content\/uploads\/2020\/02\/LOGO-MQ-300x199.jpg 300w, https:\/\/jornalfatosenoticias.com.br\/wp-content\/uploads\/2020\/02\/LOGO-MQ-768x510.jpg 768w, https:\/\/jornalfatosenoticias.com.br\/wp-content\/uploads\/2020\/02\/LOGO-MQ-1536x1020.jpg 1536w, https:\/\/jornalfatosenoticias.com.br\/wp-content\/uploads\/2020\/02\/LOGO-MQ-2048x1360.jpg 2048w\" sizes=\"auto, (max-width: 354px) 100vw, 354px\" \/><\/a><\/figure><\/div>\n\n\n\n<p><strong><span class=\"has-inline-color has-black-color\"><span style=\"text-decoration: underline;\">Um novo cap\u00edtulo na hist\u00f3ria tribut\u00e1ria<br><\/span><\/span><\/strong>A exclus\u00e3o do ICMS da base do PIS e da COFINS continua a gerar desdobramentos e incertezas. O que antes parecia uma vit\u00f3ria definitiva agora se transforma em mais um desafio de interpreta\u00e7\u00e3o e planejamento.<br>Enquanto o Judici\u00e1rio n\u00e3o d\u00e1 a palavra final, cabe \u00e0s empresas e profissionais da \u00e1rea tribut\u00e1ria manterem-se informados, prudentes e estrategicamente preparados pois o bom planejamento continua sendo a chave para a sustentabilidade financeira e o cumprimento seguro das obriga\u00e7\u00f5es fiscais.<\/p>\n\n\n\n<div class=\"wp-block-image\"><figure class=\"aligncenter size-large is-resized\"><a href=\"https:\/\/panper.com.br\/\"><img loading=\"lazy\" decoding=\"async\" src=\"https:\/\/jornalfatosenoticias.com.br\/wp-content\/uploads\/2023\/03\/logo-Panper_portal.jpg\" alt=\"\" class=\"wp-image-40208\" width=\"335\" height=\"232\" srcset=\"https:\/\/jornalfatosenoticias.com.br\/wp-content\/uploads\/2023\/03\/logo-Panper_portal.jpg 400w, https:\/\/jornalfatosenoticias.com.br\/wp-content\/uploads\/2023\/03\/logo-Panper_portal-300x208.jpg 300w\" sizes=\"auto, (max-width: 335px) 100vw, 335px\" \/><\/a><\/figure><\/div>\n\n\n\n<p><em><strong><span class=\"has-inline-color has-black-color\"><span style=\"text-decoration: underline;\">O direito tribut\u00e1rio est\u00e1 em constante evolu\u00e7\u00e3o, e compreender suas nuances \u00e9 o primeiro passo para transformar inseguran\u00e7a em oportunidade. Informa\u00e7\u00e3o e estrat\u00e9gia s\u00e3o, hoje, os maiores aliados da boa gest\u00e3o empresarial.<br>At\u00e9 a pr\u00f3xima semana com mais estrat\u00e9gicas para economizar tributos.<\/span><\/span><\/strong><\/em><\/p>\n\n\n\n<div class=\"wp-block-image\"><figure class=\"aligncenter size-large is-resized\"><a href=\"https:\/\/legisjuris.com.br\/\"><img loading=\"lazy\" decoding=\"async\" src=\"https:\/\/jornalfatosenoticias.com.br\/wp-content\/uploads\/2024\/09\/Legis-Juris-Consultoria_logo.jpg\" alt=\"\" class=\"wp-image-53915\" width=\"465\" height=\"195\" srcset=\"https:\/\/jornalfatosenoticias.com.br\/wp-content\/uploads\/2024\/09\/Legis-Juris-Consultoria_logo.jpg 969w, https:\/\/jornalfatosenoticias.com.br\/wp-content\/uploads\/2024\/09\/Legis-Juris-Consultoria_logo-300x126.jpg 300w, https:\/\/jornalfatosenoticias.com.br\/wp-content\/uploads\/2024\/09\/Legis-Juris-Consultoria_logo-768x322.jpg 768w\" sizes=\"auto, (max-width: 465px) 100vw, 465px\" \/><\/a><\/figure><\/div>\n","protected":false},"excerpt":{"rendered":"<p>Nos \u00faltimos anos, o tema da exclus\u00e3o do ICMS da base de c\u00e1lculo do PIS e da COFINS se consolidou como um dos assuntos mais relevantes do direito tribut\u00e1rio brasileiro. Conhecida como a \u201ctese do s\u00e9culo\u201d, essa decis\u00e3o hist\u00f3rica do Supremo Tribunal Federal (STF) redefiniu o conceito de faturamento e garantiu aos contribuintes o direito [&hellip;]<\/p>\n","protected":false},"author":39,"featured_media":62584,"comment_status":"open","ping_status":"open","sticky":false,"template":"","format":"standard","meta":{"footnotes":""},"categories":[9],"tags":[28538,28543,25331,28542,28281,602,28539,26318,28541,28540],"class_list":["post-62583","post","type-post","status-publish","format-standard","has-post-thumbnail","hentry","category-economia","tag-tese-do-seculo-2","tag-ativos-imobilizados","tag-creditos","tag-diagnostico-financeiro","tag-direito-tributario","tag-estrategias","tag-exclusao-do-icms-da-base-do-pis-e-da-cofins","tag-gestao-empresarial","tag-obrigacoes-fiscais","tag-sustentabilidade-financeira"],"yoast_head":"<!-- This site is optimized with the Yoast SEO plugin v26.5 - https:\/\/yoast.com\/wordpress\/plugins\/seo\/ -->\n<title>A exclus\u00e3o do ICMS na base de c\u00e1lculo dos cr\u00e9ditos de PIS e COFINS e o dilema dos ativos imobilizados - Jornal Fatos e Not\u00edcias<\/title>\n<meta name=\"robots\" content=\"index, follow, max-snippet:-1, max-image-preview:large, max-video-preview:-1\" \/>\n<link rel=\"canonical\" href=\"https:\/\/jornalfatosenoticias.com.br\/index.php\/2025\/10\/17\/a-exclusao-do-icms-na-base-de-calculo-dos-creditos-de-pis-e-cofins-e-o-dilema-dos-ativos-imobilizados\/\" \/>\n<meta property=\"og:locale\" content=\"pt_BR\" \/>\n<meta property=\"og:type\" content=\"article\" \/>\n<meta property=\"og:title\" content=\"A exclus\u00e3o do ICMS na base de c\u00e1lculo dos cr\u00e9ditos de PIS e COFINS e o dilema dos ativos imobilizados - Jornal Fatos e Not\u00edcias\" \/>\n<meta property=\"og:description\" content=\"Nos \u00faltimos anos, o tema da exclus\u00e3o do ICMS da base de c\u00e1lculo do PIS e da COFINS se consolidou como um dos assuntos mais relevantes do direito tribut\u00e1rio brasileiro. Conhecida como a \u201ctese do s\u00e9culo\u201d, essa decis\u00e3o hist\u00f3rica do Supremo Tribunal Federal (STF) redefiniu o conceito de faturamento e garantiu aos contribuintes o direito [&hellip;]\" \/>\n<meta property=\"og:url\" content=\"https:\/\/jornalfatosenoticias.com.br\/index.php\/2025\/10\/17\/a-exclusao-do-icms-na-base-de-calculo-dos-creditos-de-pis-e-cofins-e-o-dilema-dos-ativos-imobilizados\/\" \/>\n<meta property=\"og:site_name\" content=\"Jornal Fatos e Not\u00edcias\" \/>\n<meta property=\"article:published_time\" content=\"2025-10-17T16:59:25+00:00\" \/>\n<meta property=\"article:modified_time\" content=\"2025-10-17T16:59:28+00:00\" \/>\n<meta property=\"og:image\" content=\"https:\/\/jornalfatosenoticias.com.br\/wp-content\/uploads\/2025\/10\/PIS_COFINS_PINTEREST.jpg\" \/>\n\t<meta property=\"og:image:width\" content=\"1002\" \/>\n\t<meta property=\"og:image:height\" content=\"564\" \/>\n\t<meta property=\"og:image:type\" content=\"image\/jpeg\" \/>\n<meta name=\"author\" content=\"Rogerio Fernandes e Kalyne Calais\" \/>\n<meta name=\"twitter:card\" content=\"summary_large_image\" \/>\n<meta name=\"twitter:label1\" content=\"Escrito por\" \/>\n\t<meta name=\"twitter:data1\" content=\"Rogerio Fernandes e Kalyne Calais\" \/>\n\t<meta name=\"twitter:label2\" content=\"Est. tempo de leitura\" \/>\n\t<meta name=\"twitter:data2\" content=\"4 minutos\" \/>\n<script type=\"application\/ld+json\" class=\"yoast-schema-graph\">{\"@context\":\"https:\/\/schema.org\",\"@graph\":[{\"@type\":\"Article\",\"@id\":\"https:\/\/jornalfatosenoticias.com.br\/index.php\/2025\/10\/17\/a-exclusao-do-icms-na-base-de-calculo-dos-creditos-de-pis-e-cofins-e-o-dilema-dos-ativos-imobilizados\/#article\",\"isPartOf\":{\"@id\":\"https:\/\/jornalfatosenoticias.com.br\/index.php\/2025\/10\/17\/a-exclusao-do-icms-na-base-de-calculo-dos-creditos-de-pis-e-cofins-e-o-dilema-dos-ativos-imobilizados\/\"},\"author\":{\"name\":\"Rogerio Fernandes e Kalyne Calais\",\"@id\":\"https:\/\/jornalfatosenoticias.com.br\/#\/schema\/person\/dbe3a29c2a0ae01a892d7aef31d6c0b6\"},\"headline\":\"A exclus\u00e3o do ICMS na base de c\u00e1lculo dos cr\u00e9ditos de PIS e COFINS e o dilema dos ativos imobilizados\",\"datePublished\":\"2025-10-17T16:59:25+00:00\",\"dateModified\":\"2025-10-17T16:59:28+00:00\",\"mainEntityOfPage\":{\"@id\":\"https:\/\/jornalfatosenoticias.com.br\/index.php\/2025\/10\/17\/a-exclusao-do-icms-na-base-de-calculo-dos-creditos-de-pis-e-cofins-e-o-dilema-dos-ativos-imobilizados\/\"},\"wordCount\":802,\"commentCount\":0,\"publisher\":{\"@id\":\"https:\/\/jornalfatosenoticias.com.br\/#organization\"},\"image\":{\"@id\":\"https:\/\/jornalfatosenoticias.com.br\/index.php\/2025\/10\/17\/a-exclusao-do-icms-na-base-de-calculo-dos-creditos-de-pis-e-cofins-e-o-dilema-dos-ativos-imobilizados\/#primaryimage\"},\"thumbnailUrl\":\"https:\/\/jornalfatosenoticias.com.br\/wp-content\/uploads\/2025\/10\/PIS_COFINS_PINTEREST.jpg\",\"keywords\":[\"\u201ctese do s\u00e9culo\u201d\",\"ativos imobilizados\",\"cr\u00e9ditos\",\"diagn\u00f3stico financeiro\",\"direito tribut\u00e1rio\",\"estrat\u00e9gias\",\"exclus\u00e3o do ICMS da base do PIS e da COFINS\",\"gest\u00e3o empresarial\",\"obriga\u00e7\u00f5es fiscais\",\"sustentabilidade financeira\"],\"articleSection\":[\"Economia\"],\"inLanguage\":\"pt-BR\",\"potentialAction\":[{\"@type\":\"CommentAction\",\"name\":\"Comment\",\"target\":[\"https:\/\/jornalfatosenoticias.com.br\/index.php\/2025\/10\/17\/a-exclusao-do-icms-na-base-de-calculo-dos-creditos-de-pis-e-cofins-e-o-dilema-dos-ativos-imobilizados\/#respond\"]}]},{\"@type\":\"WebPage\",\"@id\":\"https:\/\/jornalfatosenoticias.com.br\/index.php\/2025\/10\/17\/a-exclusao-do-icms-na-base-de-calculo-dos-creditos-de-pis-e-cofins-e-o-dilema-dos-ativos-imobilizados\/\",\"url\":\"https:\/\/jornalfatosenoticias.com.br\/index.php\/2025\/10\/17\/a-exclusao-do-icms-na-base-de-calculo-dos-creditos-de-pis-e-cofins-e-o-dilema-dos-ativos-imobilizados\/\",\"name\":\"A exclus\u00e3o do ICMS na base de c\u00e1lculo dos cr\u00e9ditos de PIS e COFINS e o dilema dos ativos imobilizados - Jornal Fatos e Not\u00edcias\",\"isPartOf\":{\"@id\":\"https:\/\/jornalfatosenoticias.com.br\/#website\"},\"primaryImageOfPage\":{\"@id\":\"https:\/\/jornalfatosenoticias.com.br\/index.php\/2025\/10\/17\/a-exclusao-do-icms-na-base-de-calculo-dos-creditos-de-pis-e-cofins-e-o-dilema-dos-ativos-imobilizados\/#primaryimage\"},\"image\":{\"@id\":\"https:\/\/jornalfatosenoticias.com.br\/index.php\/2025\/10\/17\/a-exclusao-do-icms-na-base-de-calculo-dos-creditos-de-pis-e-cofins-e-o-dilema-dos-ativos-imobilizados\/#primaryimage\"},\"thumbnailUrl\":\"https:\/\/jornalfatosenoticias.com.br\/wp-content\/uploads\/2025\/10\/PIS_COFINS_PINTEREST.jpg\",\"datePublished\":\"2025-10-17T16:59:25+00:00\",\"dateModified\":\"2025-10-17T16:59:28+00:00\",\"breadcrumb\":{\"@id\":\"https:\/\/jornalfatosenoticias.com.br\/index.php\/2025\/10\/17\/a-exclusao-do-icms-na-base-de-calculo-dos-creditos-de-pis-e-cofins-e-o-dilema-dos-ativos-imobilizados\/#breadcrumb\"},\"inLanguage\":\"pt-BR\",\"potentialAction\":[{\"@type\":\"ReadAction\",\"target\":[\"https:\/\/jornalfatosenoticias.com.br\/index.php\/2025\/10\/17\/a-exclusao-do-icms-na-base-de-calculo-dos-creditos-de-pis-e-cofins-e-o-dilema-dos-ativos-imobilizados\/\"]}]},{\"@type\":\"ImageObject\",\"inLanguage\":\"pt-BR\",\"@id\":\"https:\/\/jornalfatosenoticias.com.br\/index.php\/2025\/10\/17\/a-exclusao-do-icms-na-base-de-calculo-dos-creditos-de-pis-e-cofins-e-o-dilema-dos-ativos-imobilizados\/#primaryimage\",\"url\":\"https:\/\/jornalfatosenoticias.com.br\/wp-content\/uploads\/2025\/10\/PIS_COFINS_PINTEREST.jpg\",\"contentUrl\":\"https:\/\/jornalfatosenoticias.com.br\/wp-content\/uploads\/2025\/10\/PIS_COFINS_PINTEREST.jpg\",\"width\":1002,\"height\":564},{\"@type\":\"BreadcrumbList\",\"@id\":\"https:\/\/jornalfatosenoticias.com.br\/index.php\/2025\/10\/17\/a-exclusao-do-icms-na-base-de-calculo-dos-creditos-de-pis-e-cofins-e-o-dilema-dos-ativos-imobilizados\/#breadcrumb\",\"itemListElement\":[{\"@type\":\"ListItem\",\"position\":1,\"name\":\"In\u00edcio\",\"item\":\"https:\/\/jornalfatosenoticias.com.br\/\"},{\"@type\":\"ListItem\",\"position\":2,\"name\":\"A exclus\u00e3o do ICMS na base de c\u00e1lculo dos cr\u00e9ditos de PIS e COFINS e o dilema dos ativos imobilizados\"}]},{\"@type\":\"WebSite\",\"@id\":\"https:\/\/jornalfatosenoticias.com.br\/#website\",\"url\":\"https:\/\/jornalfatosenoticias.com.br\/\",\"name\":\"Jornal Fatos e Not\u00edcias\",\"description\":\"Not\u00edcias em geral\",\"publisher\":{\"@id\":\"https:\/\/jornalfatosenoticias.com.br\/#organization\"},\"potentialAction\":[{\"@type\":\"SearchAction\",\"target\":{\"@type\":\"EntryPoint\",\"urlTemplate\":\"https:\/\/jornalfatosenoticias.com.br\/?s={search_term_string}\"},\"query-input\":{\"@type\":\"PropertyValueSpecification\",\"valueRequired\":true,\"valueName\":\"search_term_string\"}}],\"inLanguage\":\"pt-BR\"},{\"@type\":\"Organization\",\"@id\":\"https:\/\/jornalfatosenoticias.com.br\/#organization\",\"name\":\"Jornal Fatos e Not\u00edcias\",\"url\":\"https:\/\/jornalfatosenoticias.com.br\/\",\"logo\":{\"@type\":\"ImageObject\",\"inLanguage\":\"pt-BR\",\"@id\":\"https:\/\/jornalfatosenoticias.com.br\/#\/schema\/logo\/image\/\",\"url\":\"https:\/\/jornalfatosenoticias.com.br\/wp-content\/uploads\/2020\/02\/logo120.png\",\"contentUrl\":\"https:\/\/jornalfatosenoticias.com.br\/wp-content\/uploads\/2020\/02\/logo120.png\",\"width\":1227,\"height\":120,\"caption\":\"Jornal Fatos e Not\u00edcias\"},\"image\":{\"@id\":\"https:\/\/jornalfatosenoticias.com.br\/#\/schema\/logo\/image\/\"}},{\"@type\":\"Person\",\"@id\":\"https:\/\/jornalfatosenoticias.com.br\/#\/schema\/person\/dbe3a29c2a0ae01a892d7aef31d6c0b6\",\"name\":\"Rogerio Fernandes e Kalyne Calais\",\"image\":{\"@type\":\"ImageObject\",\"inLanguage\":\"pt-BR\",\"@id\":\"https:\/\/jornalfatosenoticias.com.br\/#\/schema\/person\/image\/\",\"url\":\"https:\/\/jornalfatosenoticias.com.br\/wp-content\/uploads\/2026\/01\/Rogerio-Kalyne_PORTAL-1-150x150.jpeg\",\"contentUrl\":\"https:\/\/jornalfatosenoticias.com.br\/wp-content\/uploads\/2026\/01\/Rogerio-Kalyne_PORTAL-1-150x150.jpeg\",\"caption\":\"Rogerio Fernandes e Kalyne Calais\"},\"description\":\"Especialistas em Direito Tribut\u00e1rio Legis Juris Consultoria https:\/\/www.instagram.com\/kalynecalais\/ https:\/\/www.linkedin.com\/company\/legis-juris\/\",\"url\":\"https:\/\/jornalfatosenoticias.com.br\/index.php\/author\/rogerio-e-kalyne\/\"}]}<\/script>\n<!-- \/ Yoast SEO plugin. -->","yoast_head_json":{"title":"A exclus\u00e3o do ICMS na base de c\u00e1lculo dos cr\u00e9ditos de PIS e COFINS e o dilema dos ativos imobilizados - Jornal Fatos e Not\u00edcias","robots":{"index":"index","follow":"follow","max-snippet":"max-snippet:-1","max-image-preview":"max-image-preview:large","max-video-preview":"max-video-preview:-1"},"canonical":"https:\/\/jornalfatosenoticias.com.br\/index.php\/2025\/10\/17\/a-exclusao-do-icms-na-base-de-calculo-dos-creditos-de-pis-e-cofins-e-o-dilema-dos-ativos-imobilizados\/","og_locale":"pt_BR","og_type":"article","og_title":"A exclus\u00e3o do ICMS na base de c\u00e1lculo dos cr\u00e9ditos de PIS e COFINS e o dilema dos ativos imobilizados - Jornal Fatos e Not\u00edcias","og_description":"Nos \u00faltimos anos, o tema da exclus\u00e3o do ICMS da base de c\u00e1lculo do PIS e da COFINS se consolidou como um dos assuntos mais relevantes do direito tribut\u00e1rio brasileiro. Conhecida como a \u201ctese do s\u00e9culo\u201d, essa decis\u00e3o hist\u00f3rica do Supremo Tribunal Federal (STF) redefiniu o conceito de faturamento e garantiu aos contribuintes o direito [&hellip;]","og_url":"https:\/\/jornalfatosenoticias.com.br\/index.php\/2025\/10\/17\/a-exclusao-do-icms-na-base-de-calculo-dos-creditos-de-pis-e-cofins-e-o-dilema-dos-ativos-imobilizados\/","og_site_name":"Jornal Fatos e Not\u00edcias","article_published_time":"2025-10-17T16:59:25+00:00","article_modified_time":"2025-10-17T16:59:28+00:00","og_image":[{"width":1002,"height":564,"url":"https:\/\/jornalfatosenoticias.com.br\/wp-content\/uploads\/2025\/10\/PIS_COFINS_PINTEREST.jpg","type":"image\/jpeg"}],"author":"Rogerio Fernandes e Kalyne Calais","twitter_card":"summary_large_image","twitter_misc":{"Escrito por":"Rogerio Fernandes e Kalyne Calais","Est. tempo de leitura":"4 minutos"},"schema":{"@context":"https:\/\/schema.org","@graph":[{"@type":"Article","@id":"https:\/\/jornalfatosenoticias.com.br\/index.php\/2025\/10\/17\/a-exclusao-do-icms-na-base-de-calculo-dos-creditos-de-pis-e-cofins-e-o-dilema-dos-ativos-imobilizados\/#article","isPartOf":{"@id":"https:\/\/jornalfatosenoticias.com.br\/index.php\/2025\/10\/17\/a-exclusao-do-icms-na-base-de-calculo-dos-creditos-de-pis-e-cofins-e-o-dilema-dos-ativos-imobilizados\/"},"author":{"name":"Rogerio Fernandes e Kalyne Calais","@id":"https:\/\/jornalfatosenoticias.com.br\/#\/schema\/person\/dbe3a29c2a0ae01a892d7aef31d6c0b6"},"headline":"A exclus\u00e3o do ICMS na base de c\u00e1lculo dos cr\u00e9ditos de PIS e COFINS e o dilema dos ativos imobilizados","datePublished":"2025-10-17T16:59:25+00:00","dateModified":"2025-10-17T16:59:28+00:00","mainEntityOfPage":{"@id":"https:\/\/jornalfatosenoticias.com.br\/index.php\/2025\/10\/17\/a-exclusao-do-icms-na-base-de-calculo-dos-creditos-de-pis-e-cofins-e-o-dilema-dos-ativos-imobilizados\/"},"wordCount":802,"commentCount":0,"publisher":{"@id":"https:\/\/jornalfatosenoticias.com.br\/#organization"},"image":{"@id":"https:\/\/jornalfatosenoticias.com.br\/index.php\/2025\/10\/17\/a-exclusao-do-icms-na-base-de-calculo-dos-creditos-de-pis-e-cofins-e-o-dilema-dos-ativos-imobilizados\/#primaryimage"},"thumbnailUrl":"https:\/\/jornalfatosenoticias.com.br\/wp-content\/uploads\/2025\/10\/PIS_COFINS_PINTEREST.jpg","keywords":["\u201ctese do s\u00e9culo\u201d","ativos imobilizados","cr\u00e9ditos","diagn\u00f3stico financeiro","direito tribut\u00e1rio","estrat\u00e9gias","exclus\u00e3o do ICMS da base do PIS e da COFINS","gest\u00e3o empresarial","obriga\u00e7\u00f5es fiscais","sustentabilidade financeira"],"articleSection":["Economia"],"inLanguage":"pt-BR","potentialAction":[{"@type":"CommentAction","name":"Comment","target":["https:\/\/jornalfatosenoticias.com.br\/index.php\/2025\/10\/17\/a-exclusao-do-icms-na-base-de-calculo-dos-creditos-de-pis-e-cofins-e-o-dilema-dos-ativos-imobilizados\/#respond"]}]},{"@type":"WebPage","@id":"https:\/\/jornalfatosenoticias.com.br\/index.php\/2025\/10\/17\/a-exclusao-do-icms-na-base-de-calculo-dos-creditos-de-pis-e-cofins-e-o-dilema-dos-ativos-imobilizados\/","url":"https:\/\/jornalfatosenoticias.com.br\/index.php\/2025\/10\/17\/a-exclusao-do-icms-na-base-de-calculo-dos-creditos-de-pis-e-cofins-e-o-dilema-dos-ativos-imobilizados\/","name":"A exclus\u00e3o do ICMS na base de c\u00e1lculo dos cr\u00e9ditos de PIS e COFINS e o dilema dos ativos imobilizados - Jornal Fatos e Not\u00edcias","isPartOf":{"@id":"https:\/\/jornalfatosenoticias.com.br\/#website"},"primaryImageOfPage":{"@id":"https:\/\/jornalfatosenoticias.com.br\/index.php\/2025\/10\/17\/a-exclusao-do-icms-na-base-de-calculo-dos-creditos-de-pis-e-cofins-e-o-dilema-dos-ativos-imobilizados\/#primaryimage"},"image":{"@id":"https:\/\/jornalfatosenoticias.com.br\/index.php\/2025\/10\/17\/a-exclusao-do-icms-na-base-de-calculo-dos-creditos-de-pis-e-cofins-e-o-dilema-dos-ativos-imobilizados\/#primaryimage"},"thumbnailUrl":"https:\/\/jornalfatosenoticias.com.br\/wp-content\/uploads\/2025\/10\/PIS_COFINS_PINTEREST.jpg","datePublished":"2025-10-17T16:59:25+00:00","dateModified":"2025-10-17T16:59:28+00:00","breadcrumb":{"@id":"https:\/\/jornalfatosenoticias.com.br\/index.php\/2025\/10\/17\/a-exclusao-do-icms-na-base-de-calculo-dos-creditos-de-pis-e-cofins-e-o-dilema-dos-ativos-imobilizados\/#breadcrumb"},"inLanguage":"pt-BR","potentialAction":[{"@type":"ReadAction","target":["https:\/\/jornalfatosenoticias.com.br\/index.php\/2025\/10\/17\/a-exclusao-do-icms-na-base-de-calculo-dos-creditos-de-pis-e-cofins-e-o-dilema-dos-ativos-imobilizados\/"]}]},{"@type":"ImageObject","inLanguage":"pt-BR","@id":"https:\/\/jornalfatosenoticias.com.br\/index.php\/2025\/10\/17\/a-exclusao-do-icms-na-base-de-calculo-dos-creditos-de-pis-e-cofins-e-o-dilema-dos-ativos-imobilizados\/#primaryimage","url":"https:\/\/jornalfatosenoticias.com.br\/wp-content\/uploads\/2025\/10\/PIS_COFINS_PINTEREST.jpg","contentUrl":"https:\/\/jornalfatosenoticias.com.br\/wp-content\/uploads\/2025\/10\/PIS_COFINS_PINTEREST.jpg","width":1002,"height":564},{"@type":"BreadcrumbList","@id":"https:\/\/jornalfatosenoticias.com.br\/index.php\/2025\/10\/17\/a-exclusao-do-icms-na-base-de-calculo-dos-creditos-de-pis-e-cofins-e-o-dilema-dos-ativos-imobilizados\/#breadcrumb","itemListElement":[{"@type":"ListItem","position":1,"name":"In\u00edcio","item":"https:\/\/jornalfatosenoticias.com.br\/"},{"@type":"ListItem","position":2,"name":"A exclus\u00e3o do ICMS na base de c\u00e1lculo dos cr\u00e9ditos de PIS e COFINS e o dilema dos ativos imobilizados"}]},{"@type":"WebSite","@id":"https:\/\/jornalfatosenoticias.com.br\/#website","url":"https:\/\/jornalfatosenoticias.com.br\/","name":"Jornal Fatos e Not\u00edcias","description":"Not\u00edcias em geral","publisher":{"@id":"https:\/\/jornalfatosenoticias.com.br\/#organization"},"potentialAction":[{"@type":"SearchAction","target":{"@type":"EntryPoint","urlTemplate":"https:\/\/jornalfatosenoticias.com.br\/?s={search_term_string}"},"query-input":{"@type":"PropertyValueSpecification","valueRequired":true,"valueName":"search_term_string"}}],"inLanguage":"pt-BR"},{"@type":"Organization","@id":"https:\/\/jornalfatosenoticias.com.br\/#organization","name":"Jornal Fatos e Not\u00edcias","url":"https:\/\/jornalfatosenoticias.com.br\/","logo":{"@type":"ImageObject","inLanguage":"pt-BR","@id":"https:\/\/jornalfatosenoticias.com.br\/#\/schema\/logo\/image\/","url":"https:\/\/jornalfatosenoticias.com.br\/wp-content\/uploads\/2020\/02\/logo120.png","contentUrl":"https:\/\/jornalfatosenoticias.com.br\/wp-content\/uploads\/2020\/02\/logo120.png","width":1227,"height":120,"caption":"Jornal Fatos e Not\u00edcias"},"image":{"@id":"https:\/\/jornalfatosenoticias.com.br\/#\/schema\/logo\/image\/"}},{"@type":"Person","@id":"https:\/\/jornalfatosenoticias.com.br\/#\/schema\/person\/dbe3a29c2a0ae01a892d7aef31d6c0b6","name":"Rogerio Fernandes e Kalyne Calais","image":{"@type":"ImageObject","inLanguage":"pt-BR","@id":"https:\/\/jornalfatosenoticias.com.br\/#\/schema\/person\/image\/","url":"https:\/\/jornalfatosenoticias.com.br\/wp-content\/uploads\/2026\/01\/Rogerio-Kalyne_PORTAL-1-150x150.jpeg","contentUrl":"https:\/\/jornalfatosenoticias.com.br\/wp-content\/uploads\/2026\/01\/Rogerio-Kalyne_PORTAL-1-150x150.jpeg","caption":"Rogerio Fernandes e Kalyne Calais"},"description":"Especialistas em Direito Tribut\u00e1rio Legis Juris Consultoria https:\/\/www.instagram.com\/kalynecalais\/ https:\/\/www.linkedin.com\/company\/legis-juris\/","url":"https:\/\/jornalfatosenoticias.com.br\/index.php\/author\/rogerio-e-kalyne\/"}]}},"cc_featured_image_caption":{"caption_text":"(Foto: Pinterest)","source_text":"","source_url":""},"jetpack_featured_media_url":"https:\/\/jornalfatosenoticias.com.br\/wp-content\/uploads\/2025\/10\/PIS_COFINS_PINTEREST.jpg","_links":{"self":[{"href":"https:\/\/jornalfatosenoticias.com.br\/index.php\/wp-json\/wp\/v2\/posts\/62583","targetHints":{"allow":["GET"]}}],"collection":[{"href":"https:\/\/jornalfatosenoticias.com.br\/index.php\/wp-json\/wp\/v2\/posts"}],"about":[{"href":"https:\/\/jornalfatosenoticias.com.br\/index.php\/wp-json\/wp\/v2\/types\/post"}],"author":[{"embeddable":true,"href":"https:\/\/jornalfatosenoticias.com.br\/index.php\/wp-json\/wp\/v2\/users\/39"}],"replies":[{"embeddable":true,"href":"https:\/\/jornalfatosenoticias.com.br\/index.php\/wp-json\/wp\/v2\/comments?post=62583"}],"version-history":[{"count":0,"href":"https:\/\/jornalfatosenoticias.com.br\/index.php\/wp-json\/wp\/v2\/posts\/62583\/revisions"}],"wp:featuredmedia":[{"embeddable":true,"href":"https:\/\/jornalfatosenoticias.com.br\/index.php\/wp-json\/wp\/v2\/media\/62584"}],"wp:attachment":[{"href":"https:\/\/jornalfatosenoticias.com.br\/index.php\/wp-json\/wp\/v2\/media?parent=62583"}],"wp:term":[{"taxonomy":"category","embeddable":true,"href":"https:\/\/jornalfatosenoticias.com.br\/index.php\/wp-json\/wp\/v2\/categories?post=62583"},{"taxonomy":"post_tag","embeddable":true,"href":"https:\/\/jornalfatosenoticias.com.br\/index.php\/wp-json\/wp\/v2\/tags?post=62583"}],"curies":[{"name":"wp","href":"https:\/\/api.w.org\/{rel}","templated":true}]}}