{"id":62613,"date":"2025-10-20T09:13:54","date_gmt":"2025-10-20T12:13:54","guid":{"rendered":"https:\/\/jornalfatosenoticias.com.br\/?p=62613"},"modified":"2025-10-20T09:13:55","modified_gmt":"2025-10-20T12:13:55","slug":"alunos-criam-sistema-que-resfria-ambientes-com-agua-da-maquina-de-lavar-roupas","status":"publish","type":"post","link":"https:\/\/jornalfatosenoticias.com.br\/index.php\/2025\/10\/20\/alunos-criam-sistema-que-resfria-ambientes-com-agua-da-maquina-de-lavar-roupas\/","title":{"rendered":"Alunos criam sistema que resfria ambientes com \u00e1gua da m\u00e1quina de lavar roupas"},"content":{"rendered":"\n<p><span class=\"has-inline-color has-black-color\">Por <strong>Monique de Carvalho<\/strong><\/span><\/p>\n\n\n\n<div class=\"wp-block-image\"><figure class=\"aligncenter size-large\"><a href=\"https:\/\/mizu.com.br\/\"><img loading=\"lazy\" decoding=\"async\" width=\"729\" height=\"90\" src=\"https:\/\/jornalfatosenoticias.com.br\/wp-content\/uploads\/2020\/02\/Logo_Mizu.png\" alt=\"\" class=\"wp-image-1441\" srcset=\"https:\/\/jornalfatosenoticias.com.br\/wp-content\/uploads\/2020\/02\/Logo_Mizu.png 729w, https:\/\/jornalfatosenoticias.com.br\/wp-content\/uploads\/2020\/02\/Logo_Mizu-300x37.png 300w\" sizes=\"auto, (max-width: 729px) 100vw, 729px\" \/><\/a><\/figure><\/div>\n\n\n\n<p>No calor intenso, dois jovens estudantes encontraram uma maneira criativa e sustent\u00e1vel de aliviar as altas temperaturas. Andressa Maria e Wenner Batista, alunos da rede p\u00fablica, desenvolveram um sistema que reaproveita a \u00e1gua da m\u00e1quina de lavar roupas e resfria telhados para reduzir o calor em ambientes. A ideia nasceu durante o projeto Pioneiros, promovido pela empresa \u00c1guas de Teresina, e chamou aten\u00e7\u00e3o pela simplicidade e efic\u00e1cia. Em testes, o sistema conseguiu diminuir em at\u00e9 8 \u00b0C a temperatura interna de uma resid\u00eancia, em compara\u00e7\u00e3o com o ambiente externo, e tudo isso em apenas dez minutos.<br>O projeto conquistou pr\u00eamios nacionais e internacionais e levou os estudantes a representar o Brasil na Genius Olympiad, nos Estados Unidos, evento mundial dedicado a solu\u00e7\u00f5es ambientais criadas para jovens. O processo \u00e9 simples, mas inovador. A \u00e1gua utilizada para lavar roupas, que normalmente seria descartada, \u00e9 armazenada e direcionada por canos at\u00e9 um reservat\u00f3rio. Em seguida, passe por um filtro que remova impurezas qu\u00edmicas e f\u00edsicas. Por fim, uma bomba leva o l\u00edquido at\u00e9 o telhado da casa, criando uma esp\u00e9cie de diretiva.<\/p>\n\n\n\n<div class=\"wp-block-image\"><figure class=\"aligncenter size-large\"><a href=\"https:\/\/www.cesconetto.com.br\/\"><img loading=\"lazy\" decoding=\"async\" width=\"300\" height=\"250\" src=\"https:\/\/jornalfatosenoticias.com.br\/wp-content\/uploads\/2022\/02\/Banner-2.png\" alt=\"\" class=\"wp-image-27877\"\/><\/a><\/figure><\/div>\n\n\n\n<p>Essa camada de \u00e1gua espalhada sobre o telhado ajuda a resfriar o ambiente interno rapidamente, melhorando a sensa\u00e7\u00e3o t\u00e9rmica. A quantidade utilizada pelo ciclo de lavagem, que varia entre 100 e 150 litros, \u00e9 suficiente para cobrir a superf\u00edcie e gerar o efeito desejado de redu\u00e7\u00e3o de calor.<\/p>\n\n\n\n<div class=\"wp-block-image\"><figure class=\"aligncenter size-large is-resized\"><a href=\"https:\/\/legisjuris.com.br\/\"><img loading=\"lazy\" decoding=\"async\" src=\"https:\/\/jornalfatosenoticias.com.br\/wp-content\/uploads\/2024\/09\/Legis-Juris-Consultoria_logo.jpg\" alt=\"\" class=\"wp-image-53915\" width=\"511\" height=\"214\" srcset=\"https:\/\/jornalfatosenoticias.com.br\/wp-content\/uploads\/2024\/09\/Legis-Juris-Consultoria_logo.jpg 969w, https:\/\/jornalfatosenoticias.com.br\/wp-content\/uploads\/2024\/09\/Legis-Juris-Consultoria_logo-300x126.jpg 300w, https:\/\/jornalfatosenoticias.com.br\/wp-content\/uploads\/2024\/09\/Legis-Juris-Consultoria_logo-768x322.jpg 768w\" sizes=\"auto, (max-width: 511px) 100vw, 511px\" \/><\/a><\/figure><\/div>\n\n\n\n<p><strong><span class=\"has-inline-color has-vivid-cyan-blue-color\">Uma ideia que nasceu do calor<br><\/span><\/strong>O projeto surgiu da observa\u00e7\u00e3o do dia a dia em Teresina, cidade conhecida pelas temperaturas elevadas, principalmente no per\u00edodo do BRO Br\u00f3, quando as temperaturas ultrapassaram os 40 \u00b0C. Segundo Wenner, a inspira\u00e7\u00e3o veio de pr\u00e1ticas populares. <\/p>\n\n\n\n<div class=\"wp-block-image\"><figure class=\"aligncenter size-large is-resized\"><a href=\"https:\/\/www.instagram.com\/esteio.churrascaria\/\"><img loading=\"lazy\" decoding=\"async\" src=\"https:\/\/jornalfatosenoticias.com.br\/wp-content\/uploads\/2022\/02\/LOGO-ESTEIO-1024x730.png\" alt=\"\" class=\"wp-image-27942\" width=\"309\" height=\"220\" srcset=\"https:\/\/jornalfatosenoticias.com.br\/wp-content\/uploads\/2022\/02\/LOGO-ESTEIO-1024x730.png 1024w, https:\/\/jornalfatosenoticias.com.br\/wp-content\/uploads\/2022\/02\/LOGO-ESTEIO-300x214.png 300w, https:\/\/jornalfatosenoticias.com.br\/wp-content\/uploads\/2022\/02\/LOGO-ESTEIO-768x548.png 768w, https:\/\/jornalfatosenoticias.com.br\/wp-content\/uploads\/2022\/02\/LOGO-ESTEIO.png 1123w\" sizes=\"auto, (max-width: 309px) 100vw, 309px\" \/><\/a><\/figure><\/div>\n\n\n\n<blockquote class=\"wp-block-quote is-layout-flow wp-block-quote-is-layout-flow\"><p><span class=\"has-inline-color has-luminous-vivid-orange-color\">Muita gente usava \u00e1gua no terra\u00e7o para amenizar o calor. Direcionamos a \u00e1gua usada na m\u00e1quina de lavar para o telhado e trabalhava\u201d, contou ao G1.<\/span><\/p><\/blockquote>\n\n\n\n<div class=\"wp-block-image\"><figure class=\"aligncenter size-large\"><a href=\"http:\/\/www.ferrarimaquinas.com.br\/\"><img loading=\"lazy\" decoding=\"async\" width=\"300\" height=\"250\" src=\"https:\/\/jornalfatosenoticias.com.br\/wp-content\/uploads\/2022\/02\/FERRARI_MAQUINAS-E-FERRAMENTAS2.jpg\" alt=\"\" class=\"wp-image-27860\"\/><\/a><\/figure><\/div>\n\n\n\n<p>Andressa refor\u00e7ou a import\u00e2ncia da proposta diante das mudan\u00e7as clim\u00e1ticas. \u201cO problema \u00e9 real, n\u00e3o s\u00f3 em Teresina, mas em muitos pa\u00edses. Nosso objetivo foi pensar em algo acess\u00edvel e sustent\u00e1vel\u201d, destacou. E o trabalho dos estudantes n\u00e3o ficou restrito ao Piau\u00ed. A iniciativa j\u00e1 soma mais de dez pr\u00eamios nacionais e internacionais, com destaque para a Genius Olympiad, realizada nos Estados Unidos. No evento, Andressa e Wenner realizaram o prot\u00f3tipo e os resultados obtidos, recebendo reconhecimento pela efici\u00eancia da solu\u00e7\u00e3o.<\/p>\n\n\n\n<div class=\"wp-block-image\"><figure class=\"aligncenter size-large is-resized\"><a href=\"https:\/\/www.instagram.com\/serra4x4cambioautomatico\/\"><img loading=\"lazy\" decoding=\"async\" src=\"https:\/\/jornalfatosenoticias.com.br\/wp-content\/uploads\/2024\/08\/Serra-4x4-1-886x1024.jpg\" alt=\"\" class=\"wp-image-53632\" width=\"251\" height=\"290\" srcset=\"https:\/\/jornalfatosenoticias.com.br\/wp-content\/uploads\/2024\/08\/Serra-4x4-1-886x1024.jpg 886w, https:\/\/jornalfatosenoticias.com.br\/wp-content\/uploads\/2024\/08\/Serra-4x4-1-260x300.jpg 260w, https:\/\/jornalfatosenoticias.com.br\/wp-content\/uploads\/2024\/08\/Serra-4x4-1-768x888.jpg 768w, https:\/\/jornalfatosenoticias.com.br\/wp-content\/uploads\/2024\/08\/Serra-4x4-1.jpg 1181w\" sizes=\"auto, (max-width: 251px) 100vw, 251px\" \/><\/a><\/figure><\/div>\n\n\n\n<p>Felipe Ara\u00fajo, monitor do projeto, celebrou o esfor\u00e7o dos jovens. \u201cVivemos numa regi\u00e3o muito quente, e eles trouxeram uma proposta simples, pr\u00e1tica e sustent\u00e1vel. \u00c9 uma alegria ver essa inova\u00e7\u00e3o ser mostrada para o mundo inteiro\u201d, comemorou.<\/p>\n\n\n\n<div class=\"wp-block-image\"><figure class=\"aligncenter size-large is-resized\"><a href=\"https:\/\/panper.com.br\/\"><img loading=\"lazy\" decoding=\"async\" src=\"https:\/\/jornalfatosenoticias.com.br\/wp-content\/uploads\/2023\/03\/logo-Panper_portal.jpg\" alt=\"\" class=\"wp-image-40208\" width=\"332\" height=\"230\" srcset=\"https:\/\/jornalfatosenoticias.com.br\/wp-content\/uploads\/2023\/03\/logo-Panper_portal.jpg 400w, https:\/\/jornalfatosenoticias.com.br\/wp-content\/uploads\/2023\/03\/logo-Panper_portal-300x208.jpg 300w\" sizes=\"auto, (max-width: 332px) 100vw, 332px\" \/><\/a><\/figure><\/div>\n\n\n\n<p><strong>Fonte: <a href=\"https:\/\/www.sonoticiaboa.com.br\/2025\/10\/03\/alunos-criam-sistema-resfria-ambientes-agua-maquina-lavar-roupas-premio\">S\u00f3 Not\u00edcia Boa<\/a><\/strong><\/p>\n","protected":false},"excerpt":{"rendered":"<p>Por Monique de Carvalho No calor intenso, dois jovens estudantes encontraram uma maneira criativa e sustent\u00e1vel de aliviar as altas temperaturas. Andressa Maria e Wenner Batista, alunos da rede p\u00fablica, desenvolveram um sistema que reaproveita a \u00e1gua da m\u00e1quina de lavar roupas e resfria telhados para reduzir o calor em ambientes. A ideia nasceu durante [&hellip;]<\/p>\n","protected":false},"author":2,"featured_media":62614,"comment_status":"open","ping_status":"open","sticky":false,"template":"","format":"standard","meta":{"footnotes":""},"categories":[7],"tags":[451,649,597,1751,28565,28564,6821,17275,28563],"class_list":["post-62613","post","type-post","status-publish","format-standard","has-post-thumbnail","hentry","category-educacao","tag-agua","tag-alunos","tag-brasil","tag-estados-unidos","tag-genius-olympiad","tag-maquina-de-lavar-roupas","tag-piaui","tag-sistema-de-resfriamento","tag-teresina"],"yoast_head":"<!-- This site is optimized with the Yoast SEO plugin v26.5 - https:\/\/yoast.com\/wordpress\/plugins\/seo\/ -->\n<title>Alunos criam sistema que resfria ambientes com \u00e1gua da m\u00e1quina de lavar roupas - Jornal Fatos e Not\u00edcias<\/title>\n<meta name=\"robots\" content=\"index, follow, max-snippet:-1, max-image-preview:large, max-video-preview:-1\" \/>\n<link rel=\"canonical\" href=\"https:\/\/jornalfatosenoticias.com.br\/index.php\/2025\/10\/20\/alunos-criam-sistema-que-resfria-ambientes-com-agua-da-maquina-de-lavar-roupas\/\" \/>\n<meta property=\"og:locale\" content=\"pt_BR\" \/>\n<meta property=\"og:type\" content=\"article\" \/>\n<meta property=\"og:title\" content=\"Alunos criam sistema que resfria ambientes com \u00e1gua da m\u00e1quina de lavar roupas - Jornal Fatos e Not\u00edcias\" \/>\n<meta property=\"og:description\" content=\"Por Monique de Carvalho No calor intenso, dois jovens estudantes encontraram uma maneira criativa e sustent\u00e1vel de aliviar as altas temperaturas. Andressa Maria e Wenner Batista, alunos da rede p\u00fablica, desenvolveram um sistema que reaproveita a \u00e1gua da m\u00e1quina de lavar roupas e resfria telhados para reduzir o calor em ambientes. A ideia nasceu durante [&hellip;]\" \/>\n<meta property=\"og:url\" content=\"https:\/\/jornalfatosenoticias.com.br\/index.php\/2025\/10\/20\/alunos-criam-sistema-que-resfria-ambientes-com-agua-da-maquina-de-lavar-roupas\/\" \/>\n<meta property=\"og:site_name\" content=\"Jornal Fatos e Not\u00edcias\" \/>\n<meta property=\"article:published_time\" content=\"2025-10-20T12:13:54+00:00\" \/>\n<meta property=\"article:modified_time\" content=\"2025-10-20T12:13:55+00:00\" \/>\n<meta property=\"og:image\" content=\"https:\/\/jornalfatosenoticias.com.br\/wp-content\/uploads\/2025\/10\/Alunos-criam-sistema-que-resfria-ambientes-com-agua-da-maquina-de-lavar-roupas.png\" \/>\n\t<meta property=\"og:image:width\" content=\"800\" \/>\n\t<meta property=\"og:image:height\" content=\"560\" \/>\n\t<meta property=\"og:image:type\" content=\"image\/png\" \/>\n<meta name=\"author\" content=\"Luzimara Fernandes\" \/>\n<meta name=\"twitter:card\" content=\"summary_large_image\" \/>\n<meta name=\"twitter:label1\" content=\"Escrito por\" \/>\n\t<meta name=\"twitter:data1\" content=\"Luzimara Fernandes\" \/>\n\t<meta name=\"twitter:label2\" content=\"Est. tempo de leitura\" \/>\n\t<meta name=\"twitter:data2\" content=\"2 minutos\" \/>\n<script type=\"application\/ld+json\" class=\"yoast-schema-graph\">{\"@context\":\"https:\/\/schema.org\",\"@graph\":[{\"@type\":\"Article\",\"@id\":\"https:\/\/jornalfatosenoticias.com.br\/index.php\/2025\/10\/20\/alunos-criam-sistema-que-resfria-ambientes-com-agua-da-maquina-de-lavar-roupas\/#article\",\"isPartOf\":{\"@id\":\"https:\/\/jornalfatosenoticias.com.br\/index.php\/2025\/10\/20\/alunos-criam-sistema-que-resfria-ambientes-com-agua-da-maquina-de-lavar-roupas\/\"},\"author\":{\"name\":\"Luzimara Fernandes\",\"@id\":\"https:\/\/jornalfatosenoticias.com.br\/#\/schema\/person\/d63837fa13ac8666eb9e74e0985d6f81\"},\"headline\":\"Alunos criam sistema que resfria ambientes com \u00e1gua da m\u00e1quina de lavar roupas\",\"datePublished\":\"2025-10-20T12:13:54+00:00\",\"dateModified\":\"2025-10-20T12:13:55+00:00\",\"mainEntityOfPage\":{\"@id\":\"https:\/\/jornalfatosenoticias.com.br\/index.php\/2025\/10\/20\/alunos-criam-sistema-que-resfria-ambientes-com-agua-da-maquina-de-lavar-roupas\/\"},\"wordCount\":472,\"commentCount\":0,\"publisher\":{\"@id\":\"https:\/\/jornalfatosenoticias.com.br\/#organization\"},\"image\":{\"@id\":\"https:\/\/jornalfatosenoticias.com.br\/index.php\/2025\/10\/20\/alunos-criam-sistema-que-resfria-ambientes-com-agua-da-maquina-de-lavar-roupas\/#primaryimage\"},\"thumbnailUrl\":\"https:\/\/jornalfatosenoticias.com.br\/wp-content\/uploads\/2025\/10\/Alunos-criam-sistema-que-resfria-ambientes-com-agua-da-maquina-de-lavar-roupas.png\",\"keywords\":[\"\u00e1gua\",\"alunos\",\"Brasil\",\"Estados Unidos\",\"Genius Olympiad\",\"m\u00e1quina de lavar roupas\",\"Piau\u00ed\",\"sistema de resfriamento\",\"Teresina\"],\"articleSection\":[\"Educa\u00e7\u00e3o\"],\"inLanguage\":\"pt-BR\",\"potentialAction\":[{\"@type\":\"CommentAction\",\"name\":\"Comment\",\"target\":[\"https:\/\/jornalfatosenoticias.com.br\/index.php\/2025\/10\/20\/alunos-criam-sistema-que-resfria-ambientes-com-agua-da-maquina-de-lavar-roupas\/#respond\"]}]},{\"@type\":\"WebPage\",\"@id\":\"https:\/\/jornalfatosenoticias.com.br\/index.php\/2025\/10\/20\/alunos-criam-sistema-que-resfria-ambientes-com-agua-da-maquina-de-lavar-roupas\/\",\"url\":\"https:\/\/jornalfatosenoticias.com.br\/index.php\/2025\/10\/20\/alunos-criam-sistema-que-resfria-ambientes-com-agua-da-maquina-de-lavar-roupas\/\",\"name\":\"Alunos criam sistema que resfria ambientes com \u00e1gua da m\u00e1quina de lavar roupas - Jornal Fatos e Not\u00edcias\",\"isPartOf\":{\"@id\":\"https:\/\/jornalfatosenoticias.com.br\/#website\"},\"primaryImageOfPage\":{\"@id\":\"https:\/\/jornalfatosenoticias.com.br\/index.php\/2025\/10\/20\/alunos-criam-sistema-que-resfria-ambientes-com-agua-da-maquina-de-lavar-roupas\/#primaryimage\"},\"image\":{\"@id\":\"https:\/\/jornalfatosenoticias.com.br\/index.php\/2025\/10\/20\/alunos-criam-sistema-que-resfria-ambientes-com-agua-da-maquina-de-lavar-roupas\/#primaryimage\"},\"thumbnailUrl\":\"https:\/\/jornalfatosenoticias.com.br\/wp-content\/uploads\/2025\/10\/Alunos-criam-sistema-que-resfria-ambientes-com-agua-da-maquina-de-lavar-roupas.png\",\"datePublished\":\"2025-10-20T12:13:54+00:00\",\"dateModified\":\"2025-10-20T12:13:55+00:00\",\"breadcrumb\":{\"@id\":\"https:\/\/jornalfatosenoticias.com.br\/index.php\/2025\/10\/20\/alunos-criam-sistema-que-resfria-ambientes-com-agua-da-maquina-de-lavar-roupas\/#breadcrumb\"},\"inLanguage\":\"pt-BR\",\"potentialAction\":[{\"@type\":\"ReadAction\",\"target\":[\"https:\/\/jornalfatosenoticias.com.br\/index.php\/2025\/10\/20\/alunos-criam-sistema-que-resfria-ambientes-com-agua-da-maquina-de-lavar-roupas\/\"]}]},{\"@type\":\"ImageObject\",\"inLanguage\":\"pt-BR\",\"@id\":\"https:\/\/jornalfatosenoticias.com.br\/index.php\/2025\/10\/20\/alunos-criam-sistema-que-resfria-ambientes-com-agua-da-maquina-de-lavar-roupas\/#primaryimage\",\"url\":\"https:\/\/jornalfatosenoticias.com.br\/wp-content\/uploads\/2025\/10\/Alunos-criam-sistema-que-resfria-ambientes-com-agua-da-maquina-de-lavar-roupas.png\",\"contentUrl\":\"https:\/\/jornalfatosenoticias.com.br\/wp-content\/uploads\/2025\/10\/Alunos-criam-sistema-que-resfria-ambientes-com-agua-da-maquina-de-lavar-roupas.png\",\"width\":800,\"height\":560},{\"@type\":\"BreadcrumbList\",\"@id\":\"https:\/\/jornalfatosenoticias.com.br\/index.php\/2025\/10\/20\/alunos-criam-sistema-que-resfria-ambientes-com-agua-da-maquina-de-lavar-roupas\/#breadcrumb\",\"itemListElement\":[{\"@type\":\"ListItem\",\"position\":1,\"name\":\"In\u00edcio\",\"item\":\"https:\/\/jornalfatosenoticias.com.br\/\"},{\"@type\":\"ListItem\",\"position\":2,\"name\":\"Alunos criam sistema que resfria ambientes com \u00e1gua da m\u00e1quina de lavar roupas\"}]},{\"@type\":\"WebSite\",\"@id\":\"https:\/\/jornalfatosenoticias.com.br\/#website\",\"url\":\"https:\/\/jornalfatosenoticias.com.br\/\",\"name\":\"Jornal Fatos e Not\u00edcias\",\"description\":\"Not\u00edcias em geral\",\"publisher\":{\"@id\":\"https:\/\/jornalfatosenoticias.com.br\/#organization\"},\"potentialAction\":[{\"@type\":\"SearchAction\",\"target\":{\"@type\":\"EntryPoint\",\"urlTemplate\":\"https:\/\/jornalfatosenoticias.com.br\/?s={search_term_string}\"},\"query-input\":{\"@type\":\"PropertyValueSpecification\",\"valueRequired\":true,\"valueName\":\"search_term_string\"}}],\"inLanguage\":\"pt-BR\"},{\"@type\":\"Organization\",\"@id\":\"https:\/\/jornalfatosenoticias.com.br\/#organization\",\"name\":\"Jornal Fatos e Not\u00edcias\",\"url\":\"https:\/\/jornalfatosenoticias.com.br\/\",\"logo\":{\"@type\":\"ImageObject\",\"inLanguage\":\"pt-BR\",\"@id\":\"https:\/\/jornalfatosenoticias.com.br\/#\/schema\/logo\/image\/\",\"url\":\"https:\/\/jornalfatosenoticias.com.br\/wp-content\/uploads\/2020\/02\/logo120.png\",\"contentUrl\":\"https:\/\/jornalfatosenoticias.com.br\/wp-content\/uploads\/2020\/02\/logo120.png\",\"width\":1227,\"height\":120,\"caption\":\"Jornal Fatos e Not\u00edcias\"},\"image\":{\"@id\":\"https:\/\/jornalfatosenoticias.com.br\/#\/schema\/logo\/image\/\"}},{\"@type\":\"Person\",\"@id\":\"https:\/\/jornalfatosenoticias.com.br\/#\/schema\/person\/d63837fa13ac8666eb9e74e0985d6f81\",\"name\":\"Luzimara Fernandes\",\"image\":{\"@type\":\"ImageObject\",\"inLanguage\":\"pt-BR\",\"@id\":\"https:\/\/jornalfatosenoticias.com.br\/#\/schema\/person\/image\/\",\"url\":\"https:\/\/jornalfatosenoticias.com.br\/wp-content\/uploads\/2025\/05\/EU_portal.jpg\",\"contentUrl\":\"https:\/\/jornalfatosenoticias.com.br\/wp-content\/uploads\/2025\/05\/EU_portal.jpg\",\"caption\":\"Luzimara Fernandes\"},\"description\":\"Jornalista MTB 2358-ES\",\"sameAs\":[\"https:\/\/jornalfatosenoticias.com.br\"],\"url\":\"https:\/\/jornalfatosenoticias.com.br\/index.php\/author\/luzimara\/\"}]}<\/script>\n<!-- \/ Yoast SEO plugin. -->","yoast_head_json":{"title":"Alunos criam sistema que resfria ambientes com \u00e1gua da m\u00e1quina de lavar roupas - Jornal Fatos e Not\u00edcias","robots":{"index":"index","follow":"follow","max-snippet":"max-snippet:-1","max-image-preview":"max-image-preview:large","max-video-preview":"max-video-preview:-1"},"canonical":"https:\/\/jornalfatosenoticias.com.br\/index.php\/2025\/10\/20\/alunos-criam-sistema-que-resfria-ambientes-com-agua-da-maquina-de-lavar-roupas\/","og_locale":"pt_BR","og_type":"article","og_title":"Alunos criam sistema que resfria ambientes com \u00e1gua da m\u00e1quina de lavar roupas - Jornal Fatos e Not\u00edcias","og_description":"Por Monique de Carvalho No calor intenso, dois jovens estudantes encontraram uma maneira criativa e sustent\u00e1vel de aliviar as altas temperaturas. Andressa Maria e Wenner Batista, alunos da rede p\u00fablica, desenvolveram um sistema que reaproveita a \u00e1gua da m\u00e1quina de lavar roupas e resfria telhados para reduzir o calor em ambientes. A ideia nasceu durante [&hellip;]","og_url":"https:\/\/jornalfatosenoticias.com.br\/index.php\/2025\/10\/20\/alunos-criam-sistema-que-resfria-ambientes-com-agua-da-maquina-de-lavar-roupas\/","og_site_name":"Jornal Fatos e Not\u00edcias","article_published_time":"2025-10-20T12:13:54+00:00","article_modified_time":"2025-10-20T12:13:55+00:00","og_image":[{"width":800,"height":560,"url":"https:\/\/jornalfatosenoticias.com.br\/wp-content\/uploads\/2025\/10\/Alunos-criam-sistema-que-resfria-ambientes-com-agua-da-maquina-de-lavar-roupas.png","type":"image\/png"}],"author":"Luzimara Fernandes","twitter_card":"summary_large_image","twitter_misc":{"Escrito por":"Luzimara Fernandes","Est. tempo de leitura":"2 minutos"},"schema":{"@context":"https:\/\/schema.org","@graph":[{"@type":"Article","@id":"https:\/\/jornalfatosenoticias.com.br\/index.php\/2025\/10\/20\/alunos-criam-sistema-que-resfria-ambientes-com-agua-da-maquina-de-lavar-roupas\/#article","isPartOf":{"@id":"https:\/\/jornalfatosenoticias.com.br\/index.php\/2025\/10\/20\/alunos-criam-sistema-que-resfria-ambientes-com-agua-da-maquina-de-lavar-roupas\/"},"author":{"name":"Luzimara Fernandes","@id":"https:\/\/jornalfatosenoticias.com.br\/#\/schema\/person\/d63837fa13ac8666eb9e74e0985d6f81"},"headline":"Alunos criam sistema que resfria ambientes com \u00e1gua da m\u00e1quina de lavar roupas","datePublished":"2025-10-20T12:13:54+00:00","dateModified":"2025-10-20T12:13:55+00:00","mainEntityOfPage":{"@id":"https:\/\/jornalfatosenoticias.com.br\/index.php\/2025\/10\/20\/alunos-criam-sistema-que-resfria-ambientes-com-agua-da-maquina-de-lavar-roupas\/"},"wordCount":472,"commentCount":0,"publisher":{"@id":"https:\/\/jornalfatosenoticias.com.br\/#organization"},"image":{"@id":"https:\/\/jornalfatosenoticias.com.br\/index.php\/2025\/10\/20\/alunos-criam-sistema-que-resfria-ambientes-com-agua-da-maquina-de-lavar-roupas\/#primaryimage"},"thumbnailUrl":"https:\/\/jornalfatosenoticias.com.br\/wp-content\/uploads\/2025\/10\/Alunos-criam-sistema-que-resfria-ambientes-com-agua-da-maquina-de-lavar-roupas.png","keywords":["\u00e1gua","alunos","Brasil","Estados Unidos","Genius Olympiad","m\u00e1quina de lavar roupas","Piau\u00ed","sistema de resfriamento","Teresina"],"articleSection":["Educa\u00e7\u00e3o"],"inLanguage":"pt-BR","potentialAction":[{"@type":"CommentAction","name":"Comment","target":["https:\/\/jornalfatosenoticias.com.br\/index.php\/2025\/10\/20\/alunos-criam-sistema-que-resfria-ambientes-com-agua-da-maquina-de-lavar-roupas\/#respond"]}]},{"@type":"WebPage","@id":"https:\/\/jornalfatosenoticias.com.br\/index.php\/2025\/10\/20\/alunos-criam-sistema-que-resfria-ambientes-com-agua-da-maquina-de-lavar-roupas\/","url":"https:\/\/jornalfatosenoticias.com.br\/index.php\/2025\/10\/20\/alunos-criam-sistema-que-resfria-ambientes-com-agua-da-maquina-de-lavar-roupas\/","name":"Alunos criam sistema que resfria ambientes com \u00e1gua da m\u00e1quina de lavar roupas - Jornal Fatos e Not\u00edcias","isPartOf":{"@id":"https:\/\/jornalfatosenoticias.com.br\/#website"},"primaryImageOfPage":{"@id":"https:\/\/jornalfatosenoticias.com.br\/index.php\/2025\/10\/20\/alunos-criam-sistema-que-resfria-ambientes-com-agua-da-maquina-de-lavar-roupas\/#primaryimage"},"image":{"@id":"https:\/\/jornalfatosenoticias.com.br\/index.php\/2025\/10\/20\/alunos-criam-sistema-que-resfria-ambientes-com-agua-da-maquina-de-lavar-roupas\/#primaryimage"},"thumbnailUrl":"https:\/\/jornalfatosenoticias.com.br\/wp-content\/uploads\/2025\/10\/Alunos-criam-sistema-que-resfria-ambientes-com-agua-da-maquina-de-lavar-roupas.png","datePublished":"2025-10-20T12:13:54+00:00","dateModified":"2025-10-20T12:13:55+00:00","breadcrumb":{"@id":"https:\/\/jornalfatosenoticias.com.br\/index.php\/2025\/10\/20\/alunos-criam-sistema-que-resfria-ambientes-com-agua-da-maquina-de-lavar-roupas\/#breadcrumb"},"inLanguage":"pt-BR","potentialAction":[{"@type":"ReadAction","target":["https:\/\/jornalfatosenoticias.com.br\/index.php\/2025\/10\/20\/alunos-criam-sistema-que-resfria-ambientes-com-agua-da-maquina-de-lavar-roupas\/"]}]},{"@type":"ImageObject","inLanguage":"pt-BR","@id":"https:\/\/jornalfatosenoticias.com.br\/index.php\/2025\/10\/20\/alunos-criam-sistema-que-resfria-ambientes-com-agua-da-maquina-de-lavar-roupas\/#primaryimage","url":"https:\/\/jornalfatosenoticias.com.br\/wp-content\/uploads\/2025\/10\/Alunos-criam-sistema-que-resfria-ambientes-com-agua-da-maquina-de-lavar-roupas.png","contentUrl":"https:\/\/jornalfatosenoticias.com.br\/wp-content\/uploads\/2025\/10\/Alunos-criam-sistema-que-resfria-ambientes-com-agua-da-maquina-de-lavar-roupas.png","width":800,"height":560},{"@type":"BreadcrumbList","@id":"https:\/\/jornalfatosenoticias.com.br\/index.php\/2025\/10\/20\/alunos-criam-sistema-que-resfria-ambientes-com-agua-da-maquina-de-lavar-roupas\/#breadcrumb","itemListElement":[{"@type":"ListItem","position":1,"name":"In\u00edcio","item":"https:\/\/jornalfatosenoticias.com.br\/"},{"@type":"ListItem","position":2,"name":"Alunos criam sistema que resfria ambientes com \u00e1gua da m\u00e1quina de lavar roupas"}]},{"@type":"WebSite","@id":"https:\/\/jornalfatosenoticias.com.br\/#website","url":"https:\/\/jornalfatosenoticias.com.br\/","name":"Jornal Fatos e Not\u00edcias","description":"Not\u00edcias em geral","publisher":{"@id":"https:\/\/jornalfatosenoticias.com.br\/#organization"},"potentialAction":[{"@type":"SearchAction","target":{"@type":"EntryPoint","urlTemplate":"https:\/\/jornalfatosenoticias.com.br\/?s={search_term_string}"},"query-input":{"@type":"PropertyValueSpecification","valueRequired":true,"valueName":"search_term_string"}}],"inLanguage":"pt-BR"},{"@type":"Organization","@id":"https:\/\/jornalfatosenoticias.com.br\/#organization","name":"Jornal Fatos e Not\u00edcias","url":"https:\/\/jornalfatosenoticias.com.br\/","logo":{"@type":"ImageObject","inLanguage":"pt-BR","@id":"https:\/\/jornalfatosenoticias.com.br\/#\/schema\/logo\/image\/","url":"https:\/\/jornalfatosenoticias.com.br\/wp-content\/uploads\/2020\/02\/logo120.png","contentUrl":"https:\/\/jornalfatosenoticias.com.br\/wp-content\/uploads\/2020\/02\/logo120.png","width":1227,"height":120,"caption":"Jornal Fatos e Not\u00edcias"},"image":{"@id":"https:\/\/jornalfatosenoticias.com.br\/#\/schema\/logo\/image\/"}},{"@type":"Person","@id":"https:\/\/jornalfatosenoticias.com.br\/#\/schema\/person\/d63837fa13ac8666eb9e74e0985d6f81","name":"Luzimara Fernandes","image":{"@type":"ImageObject","inLanguage":"pt-BR","@id":"https:\/\/jornalfatosenoticias.com.br\/#\/schema\/person\/image\/","url":"https:\/\/jornalfatosenoticias.com.br\/wp-content\/uploads\/2025\/05\/EU_portal.jpg","contentUrl":"https:\/\/jornalfatosenoticias.com.br\/wp-content\/uploads\/2025\/05\/EU_portal.jpg","caption":"Luzimara Fernandes"},"description":"Jornalista MTB 2358-ES","sameAs":["https:\/\/jornalfatosenoticias.com.br"],"url":"https:\/\/jornalfatosenoticias.com.br\/index.php\/author\/luzimara\/"}]}},"cc_featured_image_caption":{"caption_text":"(Foto: Reprodu\u00e7\u00e3o)  ","source_text":"","source_url":""},"jetpack_featured_media_url":"https:\/\/jornalfatosenoticias.com.br\/wp-content\/uploads\/2025\/10\/Alunos-criam-sistema-que-resfria-ambientes-com-agua-da-maquina-de-lavar-roupas.png","_links":{"self":[{"href":"https:\/\/jornalfatosenoticias.com.br\/index.php\/wp-json\/wp\/v2\/posts\/62613","targetHints":{"allow":["GET"]}}],"collection":[{"href":"https:\/\/jornalfatosenoticias.com.br\/index.php\/wp-json\/wp\/v2\/posts"}],"about":[{"href":"https:\/\/jornalfatosenoticias.com.br\/index.php\/wp-json\/wp\/v2\/types\/post"}],"author":[{"embeddable":true,"href":"https:\/\/jornalfatosenoticias.com.br\/index.php\/wp-json\/wp\/v2\/users\/2"}],"replies":[{"embeddable":true,"href":"https:\/\/jornalfatosenoticias.com.br\/index.php\/wp-json\/wp\/v2\/comments?post=62613"}],"version-history":[{"count":0,"href":"https:\/\/jornalfatosenoticias.com.br\/index.php\/wp-json\/wp\/v2\/posts\/62613\/revisions"}],"wp:featuredmedia":[{"embeddable":true,"href":"https:\/\/jornalfatosenoticias.com.br\/index.php\/wp-json\/wp\/v2\/media\/62614"}],"wp:attachment":[{"href":"https:\/\/jornalfatosenoticias.com.br\/index.php\/wp-json\/wp\/v2\/media?parent=62613"}],"wp:term":[{"taxonomy":"category","embeddable":true,"href":"https:\/\/jornalfatosenoticias.com.br\/index.php\/wp-json\/wp\/v2\/categories?post=62613"},{"taxonomy":"post_tag","embeddable":true,"href":"https:\/\/jornalfatosenoticias.com.br\/index.php\/wp-json\/wp\/v2\/tags?post=62613"}],"curies":[{"name":"wp","href":"https:\/\/api.w.org\/{rel}","templated":true}]}}