{"id":62619,"date":"2025-10-20T10:16:23","date_gmt":"2025-10-20T13:16:23","guid":{"rendered":"https:\/\/jornalfatosenoticias.com.br\/?p=62619"},"modified":"2025-10-20T10:16:25","modified_gmt":"2025-10-20T13:16:25","slug":"nasa-anuncia-data-da-1-a-missao-tripulada-a-lua-em-mais-de-50-anos","status":"publish","type":"post","link":"https:\/\/jornalfatosenoticias.com.br\/index.php\/2025\/10\/20\/nasa-anuncia-data-da-1-a-missao-tripulada-a-lua-em-mais-de-50-anos\/","title":{"rendered":"Nasa anuncia data da 1.\u00aa miss\u00e3o tripulada \u00e0 Lua em mais de 50 anos"},"content":{"rendered":"\n<p><em><span class=\"has-inline-color has-black-color\">Miss\u00e3o Artemis 2 sucede o lan\u00e7amento de sucesso do voo teste sem tripula\u00e7\u00e3o da Artemis I, em novembro de 2022<\/span><\/em><\/p>\n\n\n\n<p><span class=\"has-inline-color has-black-color\">Por <strong><a href=\"https:\/\/gizmodo.uol.com.br\/author\/isabela-oliveira\/\" rel=\"sponsored nofollow\">Isabela Oliveira<\/a><\/strong><\/span><\/p>\n\n\n\n<div class=\"wp-block-image\"><figure class=\"aligncenter size-large is-resized\"><a href=\"https:\/\/www.facebook.com\/vetor.vix\/\"><img loading=\"lazy\" decoding=\"async\" src=\"https:\/\/jornalfatosenoticias.com.br\/wp-content\/uploads\/2023\/09\/vetorvix1024_1.jpg\" alt=\"\" class=\"wp-image-44868\" width=\"557\" height=\"148\" srcset=\"https:\/\/jornalfatosenoticias.com.br\/wp-content\/uploads\/2023\/09\/vetorvix1024_1.jpg 1024w, https:\/\/jornalfatosenoticias.com.br\/wp-content\/uploads\/2023\/09\/vetorvix1024_1-300x80.jpg 300w, https:\/\/jornalfatosenoticias.com.br\/wp-content\/uploads\/2023\/09\/vetorvix1024_1-768x205.jpg 768w\" sizes=\"auto, (max-width: 557px) 100vw, 557px\" \/><\/a><\/figure><\/div>\n\n\n\n<p>A miss\u00e3o Artemis II, da Nasa, j\u00e1 tem lan\u00e7amento previsto: abril de 2026. Ap\u00f3s a humanidade pisar na Lua pela primeira vez na miss\u00e3o Apollo 11, em 1969, a \u00faltima miss\u00e3o tripulada ao sat\u00e9lite foi a Apollo 17, em 1972. Desde ent\u00e3o, nenhum ser humano foi \u00e0 Lua \u2014 apenas rob\u00f4s. Mas agora, mais de 50 anos depois, a Nasa est\u00e1 pronta para levar astronautas de volta com o programa Artemis, cujo nome \u00e9 uma homenagem \u00e0 deusa grega da lua e da ca\u00e7a. A nova miss\u00e3o sucede o lan\u00e7amento de sucesso do voo teste sem tripula\u00e7\u00e3o Artemis I, em novembro de 2022.<br>Apesar dos m\u00faltiplos <a href=\"https:\/\/gizmodo.uol.com.br\/artemis-nasa-adia-volta-de-astronautas-a-lua-saiba-o-motivo\/\">adiamentos<\/a>, no pr\u00f3ximo ano, a miss\u00e3o finalmente levar\u00e1 quatro astronautas para uma viagem de 10 dias. O objetivo \u00e9 realizar um sobrevoo lunar a fim de testar a nave espacial Orion e garantir seu funcionamento ideal, bem como solucionar poss\u00edveis problemas.<\/p>\n\n\n\n<div class=\"wp-block-image\"><figure class=\"aligncenter size-large is-resized\"><a href=\"https:\/\/www.controlsystems.com.br\/\"><img loading=\"lazy\" decoding=\"async\" src=\"https:\/\/jornalfatosenoticias.com.br\/wp-content\/uploads\/2020\/02\/CONTROL-CS.jpg\" alt=\"\" class=\"wp-image-44991\" width=\"251\" height=\"301\" srcset=\"https:\/\/jornalfatosenoticias.com.br\/wp-content\/uploads\/2020\/02\/CONTROL-CS.jpg 834w, https:\/\/jornalfatosenoticias.com.br\/wp-content\/uploads\/2020\/02\/CONTROL-CS-250x300.jpg 250w, https:\/\/jornalfatosenoticias.com.br\/wp-content\/uploads\/2020\/02\/CONTROL-CS-768x921.jpg 768w\" sizes=\"auto, (max-width: 251px) 100vw, 251px\" \/><\/a><\/figure><\/div>\n\n\n\n<p>O comandante da miss\u00e3o ser\u00e1 Reid Wiseman, veterano da Marinha e astronauta da Nasa desde 2009. J\u00e1 o piloto ser\u00e1 Victor Glover, astronauta desde 2013. Uma das especialistas da miss\u00e3o \u00e9 Christina Koch, astronauta desde 2013, doutora honor\u00e1ria e recordista de maior tempo no espa\u00e7o por uma mulher (328 dias). O outro especialista \u00e9 Jeremy Hansen, piloto de ca\u00e7a e o primeiro canadense a ir para a Lua.<\/p>\n\n\n\n<div class=\"wp-block-image\"><figure class=\"aligncenter size-large is-resized\"><a href=\"https:\/\/www.instagram.com\/gruposei\/\"><img loading=\"lazy\" decoding=\"async\" src=\"https:\/\/jornalfatosenoticias.com.br\/wp-content\/uploads\/2022\/07\/Logo-Grupo-SEI.jpg\" alt=\"\" class=\"wp-image-31973\" width=\"368\" height=\"193\" srcset=\"https:\/\/jornalfatosenoticias.com.br\/wp-content\/uploads\/2022\/07\/Logo-Grupo-SEI.jpg 713w, https:\/\/jornalfatosenoticias.com.br\/wp-content\/uploads\/2022\/07\/Logo-Grupo-SEI-300x158.jpg 300w\" sizes=\"auto, (max-width: 368px) 100vw, 368px\" \/><\/a><\/figure><\/div>\n\n\n\n<p>Antes e depois da partida, os astronautas ter\u00e3o amostras de sangue coletadas para verificar poss\u00edveis altera\u00e7\u00f5es biol\u00f3gicas e determinar como altera\u00e7\u00f5es na gravidade e na radia\u00e7\u00e3o podem impactar os futuros astronautas.<\/p>\n\n\n\n<div class=\"wp-block-image\"><figure class=\"aligncenter size-large is-resized\"><a href=\"https:\/\/www.instagram.com\/serra4x4cambioautomatico\/\"><img loading=\"lazy\" decoding=\"async\" src=\"https:\/\/jornalfatosenoticias.com.br\/wp-content\/uploads\/2024\/08\/Serra-4x4-1-886x1024.jpg\" alt=\"\" class=\"wp-image-53632\" width=\"278\" height=\"321\" srcset=\"https:\/\/jornalfatosenoticias.com.br\/wp-content\/uploads\/2024\/08\/Serra-4x4-1-886x1024.jpg 886w, https:\/\/jornalfatosenoticias.com.br\/wp-content\/uploads\/2024\/08\/Serra-4x4-1-260x300.jpg 260w, https:\/\/jornalfatosenoticias.com.br\/wp-content\/uploads\/2024\/08\/Serra-4x4-1-768x888.jpg 768w, https:\/\/jornalfatosenoticias.com.br\/wp-content\/uploads\/2024\/08\/Serra-4x4-1.jpg 1181w\" sizes=\"auto, (max-width: 278px) 100vw, 278px\" \/><\/a><\/figure><\/div>\n\n\n\n<p><strong><span class=\"has-inline-color has-black-color\">Futuras miss\u00f5es Artemis<br><\/span><\/strong>A depender do sucesso da miss\u00e3o, a Nasa pode lan\u00e7ar a Artemis III, <a href=\"https:\/\/gizmodo.uol.com.br\/pouso-da-artemis-3-so-deve-acontecer-em-2027-afirma-novo-relatorio\/\">a princ\u00edpio em meados de 2027<\/a>, pousando na Lua durante um m\u00eas. O grupo de quatro astronautas tamb\u00e9m deve permanecer uma semana na regi\u00e3o do Polo Sul lunar.<br>J\u00e1 na eventual Artemis IV, a inten\u00e7\u00e3o \u00e9 que os astronautas vivam na primeira esta\u00e7\u00e3o espacial lunar, Gateway, base permanente com portos de atraca\u00e7\u00e3o para naves espaciais. A complexa estrutura ser\u00e1 orquestrada por m\u00faltiplos lan\u00e7amentos n\u00e3o tripulados e parcerias comerciais.<\/p>\n\n\n\n<div class=\"wp-block-image\"><figure class=\"aligncenter size-large is-resized\"><a href=\"https:\/\/www.instagram.com\/rcradiadores\/\"><img loading=\"lazy\" decoding=\"async\" src=\"https:\/\/jornalfatosenoticias.com.br\/wp-content\/uploads\/2022\/10\/RC_800x750_page-0001.jpg\" alt=\"\" class=\"wp-image-35338\" width=\"293\" height=\"275\" srcset=\"https:\/\/jornalfatosenoticias.com.br\/wp-content\/uploads\/2022\/10\/RC_800x750_page-0001.jpg 400w, https:\/\/jornalfatosenoticias.com.br\/wp-content\/uploads\/2022\/10\/RC_800x750_page-0001-300x281.jpg 300w\" sizes=\"auto, (max-width: 293px) 100vw, 293px\" \/><\/a><\/figure><\/div>\n\n\n\n<p><strong>Fonte: <a href=\"https:\/\/gizmodo.uol.com.br\/nasa-anuncia-data-da-1a-missao-tripulada-a-lua-em-mais-de-50-anos\/\">Giz Brasil<\/a><\/strong><\/p>\n","protected":false},"excerpt":{"rendered":"<p>Miss\u00e3o Artemis 2 sucede o lan\u00e7amento de sucesso do voo teste sem tripula\u00e7\u00e3o da Artemis I, em novembro de 2022 Por Isabela Oliveira A miss\u00e3o Artemis II, da Nasa, j\u00e1 tem lan\u00e7amento previsto: abril de 2026. Ap\u00f3s a humanidade pisar na Lua pela primeira vez na miss\u00e3o Apollo 11, em 1969, a \u00faltima miss\u00e3o tripulada [&hellip;]<\/p>\n","protected":false},"author":2,"featured_media":62620,"comment_status":"open","ping_status":"open","sticky":false,"template":"","format":"standard","meta":{"footnotes":""},"categories":[2],"tags":[28566,2778,84,28567,164],"class_list":["post-62619","post","type-post","status-publish","format-standard","has-post-thumbnail","hentry","category-ciencia","tag-artemis-2","tag-astronautas","tag-lua","tag-missao-artemis-ii","tag-nasa"],"yoast_head":"<!-- This site is optimized with the Yoast SEO plugin v26.5 - https:\/\/yoast.com\/wordpress\/plugins\/seo\/ -->\n<title>Nasa anuncia data da 1.\u00aa miss\u00e3o tripulada \u00e0 Lua em mais de 50 anos - Jornal Fatos e Not\u00edcias<\/title>\n<meta name=\"robots\" content=\"index, follow, max-snippet:-1, max-image-preview:large, max-video-preview:-1\" \/>\n<link rel=\"canonical\" href=\"https:\/\/jornalfatosenoticias.com.br\/index.php\/2025\/10\/20\/nasa-anuncia-data-da-1-a-missao-tripulada-a-lua-em-mais-de-50-anos\/\" \/>\n<meta property=\"og:locale\" content=\"pt_BR\" \/>\n<meta property=\"og:type\" content=\"article\" \/>\n<meta property=\"og:title\" content=\"Nasa anuncia data da 1.\u00aa miss\u00e3o tripulada \u00e0 Lua em mais de 50 anos - Jornal Fatos e Not\u00edcias\" \/>\n<meta property=\"og:description\" content=\"Miss\u00e3o Artemis 2 sucede o lan\u00e7amento de sucesso do voo teste sem tripula\u00e7\u00e3o da Artemis I, em novembro de 2022 Por Isabela Oliveira A miss\u00e3o Artemis II, da Nasa, j\u00e1 tem lan\u00e7amento previsto: abril de 2026. Ap\u00f3s a humanidade pisar na Lua pela primeira vez na miss\u00e3o Apollo 11, em 1969, a \u00faltima miss\u00e3o tripulada [&hellip;]\" \/>\n<meta property=\"og:url\" content=\"https:\/\/jornalfatosenoticias.com.br\/index.php\/2025\/10\/20\/nasa-anuncia-data-da-1-a-missao-tripulada-a-lua-em-mais-de-50-anos\/\" \/>\n<meta property=\"og:site_name\" content=\"Jornal Fatos e Not\u00edcias\" \/>\n<meta property=\"article:published_time\" content=\"2025-10-20T13:16:23+00:00\" \/>\n<meta property=\"article:modified_time\" content=\"2025-10-20T13:16:25+00:00\" \/>\n<meta property=\"og:image\" content=\"https:\/\/jornalfatosenoticias.com.br\/wp-content\/uploads\/2025\/10\/missao-Artemis-II-Nasa.jpg\" \/>\n\t<meta property=\"og:image:width\" content=\"976\" \/>\n\t<meta property=\"og:image:height\" content=\"549\" \/>\n\t<meta property=\"og:image:type\" content=\"image\/jpeg\" \/>\n<meta name=\"author\" content=\"Luzimara Fernandes\" \/>\n<meta name=\"twitter:card\" content=\"summary_large_image\" \/>\n<meta name=\"twitter:label1\" content=\"Escrito por\" \/>\n\t<meta name=\"twitter:data1\" content=\"Luzimara Fernandes\" \/>\n\t<meta name=\"twitter:label2\" content=\"Est. tempo de leitura\" \/>\n\t<meta name=\"twitter:data2\" content=\"2 minutos\" \/>\n<script type=\"application\/ld+json\" class=\"yoast-schema-graph\">{\"@context\":\"https:\/\/schema.org\",\"@graph\":[{\"@type\":\"Article\",\"@id\":\"https:\/\/jornalfatosenoticias.com.br\/index.php\/2025\/10\/20\/nasa-anuncia-data-da-1-a-missao-tripulada-a-lua-em-mais-de-50-anos\/#article\",\"isPartOf\":{\"@id\":\"https:\/\/jornalfatosenoticias.com.br\/index.php\/2025\/10\/20\/nasa-anuncia-data-da-1-a-missao-tripulada-a-lua-em-mais-de-50-anos\/\"},\"author\":{\"name\":\"Luzimara Fernandes\",\"@id\":\"https:\/\/jornalfatosenoticias.com.br\/#\/schema\/person\/d63837fa13ac8666eb9e74e0985d6f81\"},\"headline\":\"Nasa anuncia data da 1.\u00aa miss\u00e3o tripulada \u00e0 Lua em mais de 50 anos\",\"datePublished\":\"2025-10-20T13:16:23+00:00\",\"dateModified\":\"2025-10-20T13:16:25+00:00\",\"mainEntityOfPage\":{\"@id\":\"https:\/\/jornalfatosenoticias.com.br\/index.php\/2025\/10\/20\/nasa-anuncia-data-da-1-a-missao-tripulada-a-lua-em-mais-de-50-anos\/\"},\"wordCount\":388,\"commentCount\":0,\"publisher\":{\"@id\":\"https:\/\/jornalfatosenoticias.com.br\/#organization\"},\"image\":{\"@id\":\"https:\/\/jornalfatosenoticias.com.br\/index.php\/2025\/10\/20\/nasa-anuncia-data-da-1-a-missao-tripulada-a-lua-em-mais-de-50-anos\/#primaryimage\"},\"thumbnailUrl\":\"https:\/\/jornalfatosenoticias.com.br\/wp-content\/uploads\/2025\/10\/missao-Artemis-II-Nasa.jpg\",\"keywords\":[\"Artemis 2\",\"astronautas\",\"lua\",\"miss\u00e3o Artemis II\",\"Nasa\"],\"articleSection\":[\"Ci\u00eancia\"],\"inLanguage\":\"pt-BR\",\"potentialAction\":[{\"@type\":\"CommentAction\",\"name\":\"Comment\",\"target\":[\"https:\/\/jornalfatosenoticias.com.br\/index.php\/2025\/10\/20\/nasa-anuncia-data-da-1-a-missao-tripulada-a-lua-em-mais-de-50-anos\/#respond\"]}]},{\"@type\":\"WebPage\",\"@id\":\"https:\/\/jornalfatosenoticias.com.br\/index.php\/2025\/10\/20\/nasa-anuncia-data-da-1-a-missao-tripulada-a-lua-em-mais-de-50-anos\/\",\"url\":\"https:\/\/jornalfatosenoticias.com.br\/index.php\/2025\/10\/20\/nasa-anuncia-data-da-1-a-missao-tripulada-a-lua-em-mais-de-50-anos\/\",\"name\":\"Nasa anuncia data da 1.\u00aa miss\u00e3o tripulada \u00e0 Lua em mais de 50 anos - Jornal Fatos e Not\u00edcias\",\"isPartOf\":{\"@id\":\"https:\/\/jornalfatosenoticias.com.br\/#website\"},\"primaryImageOfPage\":{\"@id\":\"https:\/\/jornalfatosenoticias.com.br\/index.php\/2025\/10\/20\/nasa-anuncia-data-da-1-a-missao-tripulada-a-lua-em-mais-de-50-anos\/#primaryimage\"},\"image\":{\"@id\":\"https:\/\/jornalfatosenoticias.com.br\/index.php\/2025\/10\/20\/nasa-anuncia-data-da-1-a-missao-tripulada-a-lua-em-mais-de-50-anos\/#primaryimage\"},\"thumbnailUrl\":\"https:\/\/jornalfatosenoticias.com.br\/wp-content\/uploads\/2025\/10\/missao-Artemis-II-Nasa.jpg\",\"datePublished\":\"2025-10-20T13:16:23+00:00\",\"dateModified\":\"2025-10-20T13:16:25+00:00\",\"breadcrumb\":{\"@id\":\"https:\/\/jornalfatosenoticias.com.br\/index.php\/2025\/10\/20\/nasa-anuncia-data-da-1-a-missao-tripulada-a-lua-em-mais-de-50-anos\/#breadcrumb\"},\"inLanguage\":\"pt-BR\",\"potentialAction\":[{\"@type\":\"ReadAction\",\"target\":[\"https:\/\/jornalfatosenoticias.com.br\/index.php\/2025\/10\/20\/nasa-anuncia-data-da-1-a-missao-tripulada-a-lua-em-mais-de-50-anos\/\"]}]},{\"@type\":\"ImageObject\",\"inLanguage\":\"pt-BR\",\"@id\":\"https:\/\/jornalfatosenoticias.com.br\/index.php\/2025\/10\/20\/nasa-anuncia-data-da-1-a-missao-tripulada-a-lua-em-mais-de-50-anos\/#primaryimage\",\"url\":\"https:\/\/jornalfatosenoticias.com.br\/wp-content\/uploads\/2025\/10\/missao-Artemis-II-Nasa.jpg\",\"contentUrl\":\"https:\/\/jornalfatosenoticias.com.br\/wp-content\/uploads\/2025\/10\/missao-Artemis-II-Nasa.jpg\",\"width\":976,\"height\":549},{\"@type\":\"BreadcrumbList\",\"@id\":\"https:\/\/jornalfatosenoticias.com.br\/index.php\/2025\/10\/20\/nasa-anuncia-data-da-1-a-missao-tripulada-a-lua-em-mais-de-50-anos\/#breadcrumb\",\"itemListElement\":[{\"@type\":\"ListItem\",\"position\":1,\"name\":\"In\u00edcio\",\"item\":\"https:\/\/jornalfatosenoticias.com.br\/\"},{\"@type\":\"ListItem\",\"position\":2,\"name\":\"Nasa anuncia data da 1.\u00aa miss\u00e3o tripulada \u00e0 Lua em mais de 50 anos\"}]},{\"@type\":\"WebSite\",\"@id\":\"https:\/\/jornalfatosenoticias.com.br\/#website\",\"url\":\"https:\/\/jornalfatosenoticias.com.br\/\",\"name\":\"Jornal Fatos e Not\u00edcias\",\"description\":\"Not\u00edcias em geral\",\"publisher\":{\"@id\":\"https:\/\/jornalfatosenoticias.com.br\/#organization\"},\"potentialAction\":[{\"@type\":\"SearchAction\",\"target\":{\"@type\":\"EntryPoint\",\"urlTemplate\":\"https:\/\/jornalfatosenoticias.com.br\/?s={search_term_string}\"},\"query-input\":{\"@type\":\"PropertyValueSpecification\",\"valueRequired\":true,\"valueName\":\"search_term_string\"}}],\"inLanguage\":\"pt-BR\"},{\"@type\":\"Organization\",\"@id\":\"https:\/\/jornalfatosenoticias.com.br\/#organization\",\"name\":\"Jornal Fatos e Not\u00edcias\",\"url\":\"https:\/\/jornalfatosenoticias.com.br\/\",\"logo\":{\"@type\":\"ImageObject\",\"inLanguage\":\"pt-BR\",\"@id\":\"https:\/\/jornalfatosenoticias.com.br\/#\/schema\/logo\/image\/\",\"url\":\"https:\/\/jornalfatosenoticias.com.br\/wp-content\/uploads\/2020\/02\/logo120.png\",\"contentUrl\":\"https:\/\/jornalfatosenoticias.com.br\/wp-content\/uploads\/2020\/02\/logo120.png\",\"width\":1227,\"height\":120,\"caption\":\"Jornal Fatos e Not\u00edcias\"},\"image\":{\"@id\":\"https:\/\/jornalfatosenoticias.com.br\/#\/schema\/logo\/image\/\"}},{\"@type\":\"Person\",\"@id\":\"https:\/\/jornalfatosenoticias.com.br\/#\/schema\/person\/d63837fa13ac8666eb9e74e0985d6f81\",\"name\":\"Luzimara Fernandes\",\"image\":{\"@type\":\"ImageObject\",\"inLanguage\":\"pt-BR\",\"@id\":\"https:\/\/jornalfatosenoticias.com.br\/#\/schema\/person\/image\/\",\"url\":\"https:\/\/jornalfatosenoticias.com.br\/wp-content\/uploads\/2025\/05\/EU_portal.jpg\",\"contentUrl\":\"https:\/\/jornalfatosenoticias.com.br\/wp-content\/uploads\/2025\/05\/EU_portal.jpg\",\"caption\":\"Luzimara Fernandes\"},\"description\":\"Jornalista MTB 2358-ES\",\"sameAs\":[\"https:\/\/jornalfatosenoticias.com.br\"],\"url\":\"https:\/\/jornalfatosenoticias.com.br\/index.php\/author\/luzimara\/\"}]}<\/script>\n<!-- \/ Yoast SEO plugin. -->","yoast_head_json":{"title":"Nasa anuncia data da 1.\u00aa miss\u00e3o tripulada \u00e0 Lua em mais de 50 anos - Jornal Fatos e Not\u00edcias","robots":{"index":"index","follow":"follow","max-snippet":"max-snippet:-1","max-image-preview":"max-image-preview:large","max-video-preview":"max-video-preview:-1"},"canonical":"https:\/\/jornalfatosenoticias.com.br\/index.php\/2025\/10\/20\/nasa-anuncia-data-da-1-a-missao-tripulada-a-lua-em-mais-de-50-anos\/","og_locale":"pt_BR","og_type":"article","og_title":"Nasa anuncia data da 1.\u00aa miss\u00e3o tripulada \u00e0 Lua em mais de 50 anos - Jornal Fatos e Not\u00edcias","og_description":"Miss\u00e3o Artemis 2 sucede o lan\u00e7amento de sucesso do voo teste sem tripula\u00e7\u00e3o da Artemis I, em novembro de 2022 Por Isabela Oliveira A miss\u00e3o Artemis II, da Nasa, j\u00e1 tem lan\u00e7amento previsto: abril de 2026. Ap\u00f3s a humanidade pisar na Lua pela primeira vez na miss\u00e3o Apollo 11, em 1969, a \u00faltima miss\u00e3o tripulada [&hellip;]","og_url":"https:\/\/jornalfatosenoticias.com.br\/index.php\/2025\/10\/20\/nasa-anuncia-data-da-1-a-missao-tripulada-a-lua-em-mais-de-50-anos\/","og_site_name":"Jornal Fatos e Not\u00edcias","article_published_time":"2025-10-20T13:16:23+00:00","article_modified_time":"2025-10-20T13:16:25+00:00","og_image":[{"width":976,"height":549,"url":"https:\/\/jornalfatosenoticias.com.br\/wp-content\/uploads\/2025\/10\/missao-Artemis-II-Nasa.jpg","type":"image\/jpeg"}],"author":"Luzimara Fernandes","twitter_card":"summary_large_image","twitter_misc":{"Escrito por":"Luzimara Fernandes","Est. tempo de leitura":"2 minutos"},"schema":{"@context":"https:\/\/schema.org","@graph":[{"@type":"Article","@id":"https:\/\/jornalfatosenoticias.com.br\/index.php\/2025\/10\/20\/nasa-anuncia-data-da-1-a-missao-tripulada-a-lua-em-mais-de-50-anos\/#article","isPartOf":{"@id":"https:\/\/jornalfatosenoticias.com.br\/index.php\/2025\/10\/20\/nasa-anuncia-data-da-1-a-missao-tripulada-a-lua-em-mais-de-50-anos\/"},"author":{"name":"Luzimara Fernandes","@id":"https:\/\/jornalfatosenoticias.com.br\/#\/schema\/person\/d63837fa13ac8666eb9e74e0985d6f81"},"headline":"Nasa anuncia data da 1.\u00aa miss\u00e3o tripulada \u00e0 Lua em mais de 50 anos","datePublished":"2025-10-20T13:16:23+00:00","dateModified":"2025-10-20T13:16:25+00:00","mainEntityOfPage":{"@id":"https:\/\/jornalfatosenoticias.com.br\/index.php\/2025\/10\/20\/nasa-anuncia-data-da-1-a-missao-tripulada-a-lua-em-mais-de-50-anos\/"},"wordCount":388,"commentCount":0,"publisher":{"@id":"https:\/\/jornalfatosenoticias.com.br\/#organization"},"image":{"@id":"https:\/\/jornalfatosenoticias.com.br\/index.php\/2025\/10\/20\/nasa-anuncia-data-da-1-a-missao-tripulada-a-lua-em-mais-de-50-anos\/#primaryimage"},"thumbnailUrl":"https:\/\/jornalfatosenoticias.com.br\/wp-content\/uploads\/2025\/10\/missao-Artemis-II-Nasa.jpg","keywords":["Artemis 2","astronautas","lua","miss\u00e3o Artemis II","Nasa"],"articleSection":["Ci\u00eancia"],"inLanguage":"pt-BR","potentialAction":[{"@type":"CommentAction","name":"Comment","target":["https:\/\/jornalfatosenoticias.com.br\/index.php\/2025\/10\/20\/nasa-anuncia-data-da-1-a-missao-tripulada-a-lua-em-mais-de-50-anos\/#respond"]}]},{"@type":"WebPage","@id":"https:\/\/jornalfatosenoticias.com.br\/index.php\/2025\/10\/20\/nasa-anuncia-data-da-1-a-missao-tripulada-a-lua-em-mais-de-50-anos\/","url":"https:\/\/jornalfatosenoticias.com.br\/index.php\/2025\/10\/20\/nasa-anuncia-data-da-1-a-missao-tripulada-a-lua-em-mais-de-50-anos\/","name":"Nasa anuncia data da 1.\u00aa miss\u00e3o tripulada \u00e0 Lua em mais de 50 anos - Jornal Fatos e Not\u00edcias","isPartOf":{"@id":"https:\/\/jornalfatosenoticias.com.br\/#website"},"primaryImageOfPage":{"@id":"https:\/\/jornalfatosenoticias.com.br\/index.php\/2025\/10\/20\/nasa-anuncia-data-da-1-a-missao-tripulada-a-lua-em-mais-de-50-anos\/#primaryimage"},"image":{"@id":"https:\/\/jornalfatosenoticias.com.br\/index.php\/2025\/10\/20\/nasa-anuncia-data-da-1-a-missao-tripulada-a-lua-em-mais-de-50-anos\/#primaryimage"},"thumbnailUrl":"https:\/\/jornalfatosenoticias.com.br\/wp-content\/uploads\/2025\/10\/missao-Artemis-II-Nasa.jpg","datePublished":"2025-10-20T13:16:23+00:00","dateModified":"2025-10-20T13:16:25+00:00","breadcrumb":{"@id":"https:\/\/jornalfatosenoticias.com.br\/index.php\/2025\/10\/20\/nasa-anuncia-data-da-1-a-missao-tripulada-a-lua-em-mais-de-50-anos\/#breadcrumb"},"inLanguage":"pt-BR","potentialAction":[{"@type":"ReadAction","target":["https:\/\/jornalfatosenoticias.com.br\/index.php\/2025\/10\/20\/nasa-anuncia-data-da-1-a-missao-tripulada-a-lua-em-mais-de-50-anos\/"]}]},{"@type":"ImageObject","inLanguage":"pt-BR","@id":"https:\/\/jornalfatosenoticias.com.br\/index.php\/2025\/10\/20\/nasa-anuncia-data-da-1-a-missao-tripulada-a-lua-em-mais-de-50-anos\/#primaryimage","url":"https:\/\/jornalfatosenoticias.com.br\/wp-content\/uploads\/2025\/10\/missao-Artemis-II-Nasa.jpg","contentUrl":"https:\/\/jornalfatosenoticias.com.br\/wp-content\/uploads\/2025\/10\/missao-Artemis-II-Nasa.jpg","width":976,"height":549},{"@type":"BreadcrumbList","@id":"https:\/\/jornalfatosenoticias.com.br\/index.php\/2025\/10\/20\/nasa-anuncia-data-da-1-a-missao-tripulada-a-lua-em-mais-de-50-anos\/#breadcrumb","itemListElement":[{"@type":"ListItem","position":1,"name":"In\u00edcio","item":"https:\/\/jornalfatosenoticias.com.br\/"},{"@type":"ListItem","position":2,"name":"Nasa anuncia data da 1.\u00aa miss\u00e3o tripulada \u00e0 Lua em mais de 50 anos"}]},{"@type":"WebSite","@id":"https:\/\/jornalfatosenoticias.com.br\/#website","url":"https:\/\/jornalfatosenoticias.com.br\/","name":"Jornal Fatos e Not\u00edcias","description":"Not\u00edcias em geral","publisher":{"@id":"https:\/\/jornalfatosenoticias.com.br\/#organization"},"potentialAction":[{"@type":"SearchAction","target":{"@type":"EntryPoint","urlTemplate":"https:\/\/jornalfatosenoticias.com.br\/?s={search_term_string}"},"query-input":{"@type":"PropertyValueSpecification","valueRequired":true,"valueName":"search_term_string"}}],"inLanguage":"pt-BR"},{"@type":"Organization","@id":"https:\/\/jornalfatosenoticias.com.br\/#organization","name":"Jornal Fatos e Not\u00edcias","url":"https:\/\/jornalfatosenoticias.com.br\/","logo":{"@type":"ImageObject","inLanguage":"pt-BR","@id":"https:\/\/jornalfatosenoticias.com.br\/#\/schema\/logo\/image\/","url":"https:\/\/jornalfatosenoticias.com.br\/wp-content\/uploads\/2020\/02\/logo120.png","contentUrl":"https:\/\/jornalfatosenoticias.com.br\/wp-content\/uploads\/2020\/02\/logo120.png","width":1227,"height":120,"caption":"Jornal Fatos e Not\u00edcias"},"image":{"@id":"https:\/\/jornalfatosenoticias.com.br\/#\/schema\/logo\/image\/"}},{"@type":"Person","@id":"https:\/\/jornalfatosenoticias.com.br\/#\/schema\/person\/d63837fa13ac8666eb9e74e0985d6f81","name":"Luzimara Fernandes","image":{"@type":"ImageObject","inLanguage":"pt-BR","@id":"https:\/\/jornalfatosenoticias.com.br\/#\/schema\/person\/image\/","url":"https:\/\/jornalfatosenoticias.com.br\/wp-content\/uploads\/2025\/05\/EU_portal.jpg","contentUrl":"https:\/\/jornalfatosenoticias.com.br\/wp-content\/uploads\/2025\/05\/EU_portal.jpg","caption":"Luzimara Fernandes"},"description":"Jornalista MTB 2358-ES","sameAs":["https:\/\/jornalfatosenoticias.com.br"],"url":"https:\/\/jornalfatosenoticias.com.br\/index.php\/author\/luzimara\/"}]}},"cc_featured_image_caption":{"caption_text":"(Foto: Divulga\u00e7\u00e3o\/Nasa) ","source_text":"","source_url":""},"jetpack_featured_media_url":"https:\/\/jornalfatosenoticias.com.br\/wp-content\/uploads\/2025\/10\/missao-Artemis-II-Nasa.jpg","_links":{"self":[{"href":"https:\/\/jornalfatosenoticias.com.br\/index.php\/wp-json\/wp\/v2\/posts\/62619","targetHints":{"allow":["GET"]}}],"collection":[{"href":"https:\/\/jornalfatosenoticias.com.br\/index.php\/wp-json\/wp\/v2\/posts"}],"about":[{"href":"https:\/\/jornalfatosenoticias.com.br\/index.php\/wp-json\/wp\/v2\/types\/post"}],"author":[{"embeddable":true,"href":"https:\/\/jornalfatosenoticias.com.br\/index.php\/wp-json\/wp\/v2\/users\/2"}],"replies":[{"embeddable":true,"href":"https:\/\/jornalfatosenoticias.com.br\/index.php\/wp-json\/wp\/v2\/comments?post=62619"}],"version-history":[{"count":0,"href":"https:\/\/jornalfatosenoticias.com.br\/index.php\/wp-json\/wp\/v2\/posts\/62619\/revisions"}],"wp:featuredmedia":[{"embeddable":true,"href":"https:\/\/jornalfatosenoticias.com.br\/index.php\/wp-json\/wp\/v2\/media\/62620"}],"wp:attachment":[{"href":"https:\/\/jornalfatosenoticias.com.br\/index.php\/wp-json\/wp\/v2\/media?parent=62619"}],"wp:term":[{"taxonomy":"category","embeddable":true,"href":"https:\/\/jornalfatosenoticias.com.br\/index.php\/wp-json\/wp\/v2\/categories?post=62619"},{"taxonomy":"post_tag","embeddable":true,"href":"https:\/\/jornalfatosenoticias.com.br\/index.php\/wp-json\/wp\/v2\/tags?post=62619"}],"curies":[{"name":"wp","href":"https:\/\/api.w.org\/{rel}","templated":true}]}}