{"id":62627,"date":"2025-10-20T10:52:01","date_gmt":"2025-10-20T13:52:01","guid":{"rendered":"https:\/\/jornalfatosenoticias.com.br\/?p=62627"},"modified":"2025-10-20T10:52:03","modified_gmt":"2025-10-20T13:52:03","slug":"oficina-de-tres-mil-anos-revela-os-primordios-da-idade-do-ferro","status":"publish","type":"post","link":"https:\/\/jornalfatosenoticias.com.br\/index.php\/2025\/10\/20\/oficina-de-tres-mil-anos-revela-os-primordios-da-idade-do-ferro\/","title":{"rendered":"Oficina de tr\u00eas mil anos revela os prim\u00f3rdios da Idade do Ferro"},"content":{"rendered":"\n<p><em><span class=\"has-inline-color has-black-color\">Arque\u00f3logos encontraram os primeiros sinais do uso do ferro em um s\u00edtio arqueol\u00f3gico de tr\u00eas mil anos, um marco da transi\u00e7\u00e3o entre eras<\/span><\/em><\/p>\n\n\n\n<p><span class=\"has-inline-color has-black-color\">Por <strong><a href=\"https:\/\/olhardigital.com.br\/author\/samuel-oliveira\/\">Samuel Amaral<\/a><\/strong><\/span><\/p>\n\n\n\n<div class=\"wp-block-image\"><figure class=\"aligncenter size-large\"><a href=\"https:\/\/mizu.com.br\/\"><img loading=\"lazy\" decoding=\"async\" width=\"729\" height=\"90\" src=\"https:\/\/jornalfatosenoticias.com.br\/wp-content\/uploads\/2020\/02\/Logo_Mizu.png\" alt=\"\" class=\"wp-image-1441\" srcset=\"https:\/\/jornalfatosenoticias.com.br\/wp-content\/uploads\/2020\/02\/Logo_Mizu.png 729w, https:\/\/jornalfatosenoticias.com.br\/wp-content\/uploads\/2020\/02\/Logo_Mizu-300x37.png 300w\" sizes=\"auto, (max-width: 729px) 100vw, 729px\" \/><\/a><\/figure><\/div>\n\n\n\n<p>Pesquisadores descobriram os primeiros ind\u00edcios de como a humanidade come\u00e7ou a trabalhar com o ferro. O material encontrado no s\u00edtio arqueol\u00f3gico Kvemo Bolnisi, na Georgia, com cerca de tr\u00eas mil anos, ajuda a entender a transi\u00e7\u00e3o da <a href=\"https:\/\/olhardigital.com.br\/tag\/idade-do-bronze\/\" target=\"_blank\" rel=\"noreferrer noopener\"><strong>Era do Bronze<\/strong><\/a>\u00a0para a\u00a0<strong>Idade do Ferro<\/strong>. O estudo foi publicado na revista cient\u00edfica\u00a0<strong><em><a href=\"https:\/\/www.sciencedirect.com\/science\/article\/pii\/S0305440325001876?via%3Dihub\" target=\"_blank\" rel=\"noreferrer noopener\">Journal of Archaeological Science<\/a><\/em>, <\/strong>em setembro.<br>As primeiras escava\u00e7\u00f5es nesse s\u00edtio ocorreram em 1950. Na \u00e9poca, um grupo de pesquisadores encontrou uma quantidade abundante de hematita no local, um mineral de \u00f3xido de ferro \u2014 composto geol\u00f3gico que logo seria usado na fundi\u00e7\u00e3o desse metal \u2014 e res\u00edduos de esc\u00f3ria. Isso os levou a concluir que Kvemo Bolnisi era uma oficina de fundi\u00e7\u00e3o de ferro.<\/p>\n\n\n\n<div class=\"wp-block-image\"><figure class=\"aligncenter size-large is-resized\"><a href=\"https:\/\/www.facebook.com\/postobkr\/?locale=pt_BR\"><img loading=\"lazy\" decoding=\"async\" src=\"https:\/\/jornalfatosenoticias.com.br\/wp-content\/uploads\/2023\/08\/BKR-1024x1021.jpg\" alt=\"\" class=\"wp-image-44494\" width=\"302\" height=\"301\" srcset=\"https:\/\/jornalfatosenoticias.com.br\/wp-content\/uploads\/2023\/08\/BKR-1024x1021.jpg 1024w, https:\/\/jornalfatosenoticias.com.br\/wp-content\/uploads\/2023\/08\/BKR-300x300.jpg 300w, https:\/\/jornalfatosenoticias.com.br\/wp-content\/uploads\/2023\/08\/BKR-150x150.jpg 150w, https:\/\/jornalfatosenoticias.com.br\/wp-content\/uploads\/2023\/08\/BKR-768x766.jpg 768w, https:\/\/jornalfatosenoticias.com.br\/wp-content\/uploads\/2023\/08\/BKR.jpg 1080w\" sizes=\"auto, (max-width: 302px) 100vw, 302px\" \/><\/a><\/figure><\/div>\n\n\n\n<p>Agora, uma nova equipe de arque\u00f3logos foi ao s\u00edtio e descobriu que todo esse metal tinha outra fun\u00e7\u00e3o. Com t\u00e9cnicas de an\u00e1lise qu\u00edmica e imagens microsc\u00f3picas, o grupo descobriu que o ferro servia como <strong>fundente,<\/strong> um composto adicionado aos fornos de fundi\u00e7\u00e3o para melhor a produ\u00e7\u00e3o. Nesse caso, a oficina estaria produzindo cobre, n\u00e3o ferro como se pensava. As descobertas indicam que a humanidade descobriu o ferro a partir de experimentos com a manipula\u00e7\u00e3o do cobre. <\/p>\n\n\n\n<div class=\"wp-block-image\"><figure class=\"aligncenter size-large is-resized\"><a href=\"https:\/\/www.facebook.com\/profile.php?id=100069289606145\"><img loading=\"lazy\" decoding=\"async\" src=\"https:\/\/jornalfatosenoticias.com.br\/wp-content\/uploads\/2024\/11\/Guaitolini-Contabilidade-1024x714.jpeg\" alt=\"\" class=\"wp-image-55808\" width=\"301\" height=\"210\" srcset=\"https:\/\/jornalfatosenoticias.com.br\/wp-content\/uploads\/2024\/11\/Guaitolini-Contabilidade-1024x714.jpeg 1024w, https:\/\/jornalfatosenoticias.com.br\/wp-content\/uploads\/2024\/11\/Guaitolini-Contabilidade-300x209.jpeg 300w, https:\/\/jornalfatosenoticias.com.br\/wp-content\/uploads\/2024\/11\/Guaitolini-Contabilidade-768x535.jpeg 768w, https:\/\/jornalfatosenoticias.com.br\/wp-content\/uploads\/2024\/11\/Guaitolini-Contabilidade.jpeg 1280w\" sizes=\"auto, (max-width: 301px) 100vw, 301px\" \/><\/a><\/figure><\/div>\n\n\n\n<blockquote class=\"wp-block-quote is-layout-flow wp-block-quote-is-layout-flow\"><p><span class=\"has-inline-color has-luminous-vivid-orange-color\">Isso mostra que esses metal\u00fargicos j\u00e1 conheciam o \u00f3xido de ferro como um material separado e testavam suas propriedades no forno\u201d, disse Nathaniel Erb-Satullo, membro do estudo e pesquisador na Universidade de Cranfield, em um <strong><a href=\"https:\/\/www.cranfield.ac.uk\/press\/news-2025\/how-a-3000-year-old-copper-smelting-site-could-be-key-to-understanding-the-origins-of-iron\" target=\"_blank\" rel=\"noreferrer noopener\">comunicado<\/a>.<\/strong><\/span><\/p><\/blockquote>\n\n\n\n<div class=\"wp-block-image\"><figure class=\"aligncenter size-large\"><a href=\"http:\/\/www.ferrarimaquinas.com.br\/\"><img loading=\"lazy\" decoding=\"async\" width=\"300\" height=\"250\" src=\"https:\/\/jornalfatosenoticias.com.br\/wp-content\/uploads\/2022\/02\/FERRARI_MAQUINAS-E-FERRAMENTAS2.jpg\" alt=\"\" class=\"wp-image-27860\"\/><\/a><\/figure><\/div>\n\n\n\n<p>Segundo os arque\u00f3logos, essa experimenta\u00e7\u00e3o foi crucial para o desenvolvimento da metalurgia do ferro e, consequentemente, para o in\u00edcio de uma nova era na hist\u00f3ria da humanidade.<\/p>\n\n\n\n<div class=\"wp-block-image\"><figure class=\"aligncenter size-large\"><img loading=\"lazy\" decoding=\"async\" width=\"535\" height=\"644\" src=\"https:\/\/jornalfatosenoticias.com.br\/wp-content\/uploads\/2025\/10\/oficina-idade-do-ferro2.jpg\" alt=\"\" class=\"wp-image-62628\" srcset=\"https:\/\/jornalfatosenoticias.com.br\/wp-content\/uploads\/2025\/10\/oficina-idade-do-ferro2.jpg 535w, https:\/\/jornalfatosenoticias.com.br\/wp-content\/uploads\/2025\/10\/oficina-idade-do-ferro2-249x300.jpg 249w\" sizes=\"auto, (max-width: 535px) 100vw, 535px\" \/><figcaption><em><span class=\"has-inline-color has-black-color\">A equipe analisou amostras de esc\u00f3ria e minerais para encontrar os vest\u00edgios de ferro (Imagem: Nathaniel L. Erb-Satullo 2025)<br><\/span><\/em><\/figcaption><\/figure><\/div>\n\n\n\n<p><strong><span class=\"has-inline-color has-vivid-purple-color\">Ferro e cobre est\u00e3o juntos em diferentes s\u00edtios pelo mundo<br><\/span><\/strong>Ao comparar o local com outros s\u00edtios arqueol\u00f3gicos, os pesquisadores notaram algo em comum: a presen\u00e7a constante de ferro nos dep\u00f3sitos de cobre. O achado indica que o metal pode ter sido usado com frequ\u00eancia nos antigos processos de fundi\u00e7\u00e3o do cobre.<\/p>\n\n\n\n<div class=\"wp-block-image\"><figure class=\"aligncenter size-large is-resized\"><a href=\"https:\/\/www.instagram.com\/gruposei\/\"><img loading=\"lazy\" decoding=\"async\" src=\"https:\/\/jornalfatosenoticias.com.br\/wp-content\/uploads\/2022\/07\/Logo-Grupo-SEI.jpg\" alt=\"\" class=\"wp-image-31973\" width=\"353\" height=\"185\" srcset=\"https:\/\/jornalfatosenoticias.com.br\/wp-content\/uploads\/2022\/07\/Logo-Grupo-SEI.jpg 713w, https:\/\/jornalfatosenoticias.com.br\/wp-content\/uploads\/2022\/07\/Logo-Grupo-SEI-300x158.jpg 300w\" sizes=\"auto, (max-width: 353px) 100vw, 353px\" \/><\/a><\/figure><\/div>\n\n\n\n<p>Embora abundante na hist\u00f3ria humana, o grupo percebeu que o ferro \u00e9 um material dif\u00edcil de se pesquisar. \u201cO ferro \u00e9 o metal industrial por excel\u00eancia do mundo, mas a falta de registros escritos, a tend\u00eancia \u00e0 ferrugem e a falta de estudos sobre os locais de produ\u00e7\u00e3o tornaram a busca por suas origens desafiadora. \u00c9 isso que torna este s\u00edtio em Kvemo Bolnisi t\u00e3o interessante\u201d, comentou Erb-Satullo.<\/p>\n\n\n\n<div class=\"wp-block-image\"><figure class=\"aligncenter size-large is-resized\"><a href=\"https:\/\/www.instagram.com\/serra4x4cambioautomatico\/\"><img loading=\"lazy\" decoding=\"async\" src=\"https:\/\/jornalfatosenoticias.com.br\/wp-content\/uploads\/2024\/08\/Serra-4x4-1-886x1024.jpg\" alt=\"\" class=\"wp-image-53632\" width=\"273\" height=\"315\" srcset=\"https:\/\/jornalfatosenoticias.com.br\/wp-content\/uploads\/2024\/08\/Serra-4x4-1-886x1024.jpg 886w, https:\/\/jornalfatosenoticias.com.br\/wp-content\/uploads\/2024\/08\/Serra-4x4-1-260x300.jpg 260w, https:\/\/jornalfatosenoticias.com.br\/wp-content\/uploads\/2024\/08\/Serra-4x4-1-768x888.jpg 768w, https:\/\/jornalfatosenoticias.com.br\/wp-content\/uploads\/2024\/08\/Serra-4x4-1.jpg 1181w\" sizes=\"auto, (max-width: 273px) 100vw, 273px\" \/><\/a><\/figure><\/div>\n\n\n\n<p>O novo estudo revela a import\u00e2ncia do retorno de pesquisadores para s\u00edtios arqueol\u00f3gicos j\u00e1 explorados, agora com novas tecnologias. \u201cH\u00e1 uma bela simetria nesse tipo de pesquisa. Podemos usar as t\u00e9cnicas da geologia moderna e da ci\u00eancia dos materiais para entrar na mente dos antigos cientistas de materiais\u201d, concluiu o pesquisador.<\/p>\n\n\n\n<div class=\"wp-block-image\"><figure class=\"aligncenter size-large\"><img loading=\"lazy\" decoding=\"async\" width=\"768\" height=\"432\" src=\"https:\/\/jornalfatosenoticias.com.br\/wp-content\/uploads\/2025\/10\/Idade-do-ferro-sitio-arqueologico.jpg\" alt=\"\" class=\"wp-image-62629\" srcset=\"https:\/\/jornalfatosenoticias.com.br\/wp-content\/uploads\/2025\/10\/Idade-do-ferro-sitio-arqueologico.jpg 768w, https:\/\/jornalfatosenoticias.com.br\/wp-content\/uploads\/2025\/10\/Idade-do-ferro-sitio-arqueologico-300x169.jpg 300w\" sizes=\"auto, (max-width: 768px) 100vw, 768px\" \/><figcaption><em><span class=\"has-inline-color has-black-color\">Foto do s\u00edtio arqueol\u00f3gico de Kvemo Bolnisi nos dias atuais (Foto: Divulga\u00e7\u00e3o\/Universidade de Cranfield)<\/span><\/em><\/figcaption><\/figure><\/div>\n\n\n\n<p><strong>Fonte: <a href=\"https:\/\/olhardigital.com.br\/2025\/10\/11\/ciencia-e-espaco\/oficina-de-3-mil-anos-revela-os-primordios-da-idade-do-ferro\/\">Olhar Digital<\/a><\/strong><\/p>\n","protected":false},"excerpt":{"rendered":"<p>Arque\u00f3logos encontraram os primeiros sinais do uso do ferro em um s\u00edtio arqueol\u00f3gico de tr\u00eas mil anos, um marco da transi\u00e7\u00e3o entre eras Por Samuel Amaral Pesquisadores descobriram os primeiros ind\u00edcios de como a humanidade come\u00e7ou a trabalhar com o ferro. O material encontrado no s\u00edtio arqueol\u00f3gico Kvemo Bolnisi, na Georgia, com cerca de tr\u00eas [&hellip;]<\/p>\n","protected":false},"author":2,"featured_media":62630,"comment_status":"open","ping_status":"open","sticky":false,"template":"","format":"standard","meta":{"footnotes":""},"categories":[9808],"tags":[761,5654,6845,12375,8981,476],"class_list":["post-62627","post","type-post","status-publish","format-standard","has-post-thumbnail","hentry","category-paleo-arqueologia","tag-arqueologos","tag-ferro","tag-idade-do-bronze","tag-idade-do-ferro","tag-oficina","tag-sitio-arqueologico"],"yoast_head":"<!-- This site is optimized with the Yoast SEO plugin v26.5 - https:\/\/yoast.com\/wordpress\/plugins\/seo\/ -->\n<title>Oficina de tr\u00eas mil anos revela os prim\u00f3rdios da Idade do Ferro - Jornal Fatos e Not\u00edcias<\/title>\n<meta name=\"robots\" content=\"index, follow, max-snippet:-1, max-image-preview:large, max-video-preview:-1\" \/>\n<link rel=\"canonical\" href=\"https:\/\/jornalfatosenoticias.com.br\/index.php\/2025\/10\/20\/oficina-de-tres-mil-anos-revela-os-primordios-da-idade-do-ferro\/\" \/>\n<meta property=\"og:locale\" content=\"pt_BR\" \/>\n<meta property=\"og:type\" content=\"article\" \/>\n<meta property=\"og:title\" content=\"Oficina de tr\u00eas mil anos revela os prim\u00f3rdios da Idade do Ferro - Jornal Fatos e Not\u00edcias\" \/>\n<meta property=\"og:description\" content=\"Arque\u00f3logos encontraram os primeiros sinais do uso do ferro em um s\u00edtio arqueol\u00f3gico de tr\u00eas mil anos, um marco da transi\u00e7\u00e3o entre eras Por Samuel Amaral Pesquisadores descobriram os primeiros ind\u00edcios de como a humanidade come\u00e7ou a trabalhar com o ferro. O material encontrado no s\u00edtio arqueol\u00f3gico Kvemo Bolnisi, na Georgia, com cerca de tr\u00eas [&hellip;]\" \/>\n<meta property=\"og:url\" content=\"https:\/\/jornalfatosenoticias.com.br\/index.php\/2025\/10\/20\/oficina-de-tres-mil-anos-revela-os-primordios-da-idade-do-ferro\/\" \/>\n<meta property=\"og:site_name\" content=\"Jornal Fatos e Not\u00edcias\" \/>\n<meta property=\"article:published_time\" content=\"2025-10-20T13:52:01+00:00\" \/>\n<meta property=\"article:modified_time\" content=\"2025-10-20T13:52:03+00:00\" \/>\n<meta property=\"og:image\" content=\"https:\/\/jornalfatosenoticias.com.br\/wp-content\/uploads\/2025\/10\/oficina-idade-do-ferro_istock.jpg\" \/>\n\t<meta property=\"og:image:width\" content=\"612\" \/>\n\t<meta property=\"og:image:height\" content=\"408\" \/>\n\t<meta property=\"og:image:type\" content=\"image\/jpeg\" \/>\n<meta name=\"author\" content=\"Luzimara Fernandes\" \/>\n<meta name=\"twitter:card\" content=\"summary_large_image\" \/>\n<meta name=\"twitter:label1\" content=\"Escrito por\" \/>\n\t<meta name=\"twitter:data1\" content=\"Luzimara Fernandes\" \/>\n\t<meta name=\"twitter:label2\" content=\"Est. tempo de leitura\" \/>\n\t<meta name=\"twitter:data2\" content=\"3 minutos\" \/>\n<script type=\"application\/ld+json\" class=\"yoast-schema-graph\">{\"@context\":\"https:\/\/schema.org\",\"@graph\":[{\"@type\":\"Article\",\"@id\":\"https:\/\/jornalfatosenoticias.com.br\/index.php\/2025\/10\/20\/oficina-de-tres-mil-anos-revela-os-primordios-da-idade-do-ferro\/#article\",\"isPartOf\":{\"@id\":\"https:\/\/jornalfatosenoticias.com.br\/index.php\/2025\/10\/20\/oficina-de-tres-mil-anos-revela-os-primordios-da-idade-do-ferro\/\"},\"author\":{\"name\":\"Luzimara Fernandes\",\"@id\":\"https:\/\/jornalfatosenoticias.com.br\/#\/schema\/person\/d63837fa13ac8666eb9e74e0985d6f81\"},\"headline\":\"Oficina de tr\u00eas mil anos revela os prim\u00f3rdios da Idade do Ferro\",\"datePublished\":\"2025-10-20T13:52:01+00:00\",\"dateModified\":\"2025-10-20T13:52:03+00:00\",\"mainEntityOfPage\":{\"@id\":\"https:\/\/jornalfatosenoticias.com.br\/index.php\/2025\/10\/20\/oficina-de-tres-mil-anos-revela-os-primordios-da-idade-do-ferro\/\"},\"wordCount\":556,\"commentCount\":0,\"publisher\":{\"@id\":\"https:\/\/jornalfatosenoticias.com.br\/#organization\"},\"image\":{\"@id\":\"https:\/\/jornalfatosenoticias.com.br\/index.php\/2025\/10\/20\/oficina-de-tres-mil-anos-revela-os-primordios-da-idade-do-ferro\/#primaryimage\"},\"thumbnailUrl\":\"https:\/\/jornalfatosenoticias.com.br\/wp-content\/uploads\/2025\/10\/oficina-idade-do-ferro_istock.jpg\",\"keywords\":[\"arque\u00f3logos\",\"ferro\",\"Idade do Bronze\",\"Idade do Ferro\",\"oficina\",\"s\u00edtio arqueol\u00f3gico\"],\"articleSection\":[\"Paleo &amp; Arqueologia\"],\"inLanguage\":\"pt-BR\",\"potentialAction\":[{\"@type\":\"CommentAction\",\"name\":\"Comment\",\"target\":[\"https:\/\/jornalfatosenoticias.com.br\/index.php\/2025\/10\/20\/oficina-de-tres-mil-anos-revela-os-primordios-da-idade-do-ferro\/#respond\"]}]},{\"@type\":\"WebPage\",\"@id\":\"https:\/\/jornalfatosenoticias.com.br\/index.php\/2025\/10\/20\/oficina-de-tres-mil-anos-revela-os-primordios-da-idade-do-ferro\/\",\"url\":\"https:\/\/jornalfatosenoticias.com.br\/index.php\/2025\/10\/20\/oficina-de-tres-mil-anos-revela-os-primordios-da-idade-do-ferro\/\",\"name\":\"Oficina de tr\u00eas mil anos revela os prim\u00f3rdios da Idade do Ferro - Jornal Fatos e Not\u00edcias\",\"isPartOf\":{\"@id\":\"https:\/\/jornalfatosenoticias.com.br\/#website\"},\"primaryImageOfPage\":{\"@id\":\"https:\/\/jornalfatosenoticias.com.br\/index.php\/2025\/10\/20\/oficina-de-tres-mil-anos-revela-os-primordios-da-idade-do-ferro\/#primaryimage\"},\"image\":{\"@id\":\"https:\/\/jornalfatosenoticias.com.br\/index.php\/2025\/10\/20\/oficina-de-tres-mil-anos-revela-os-primordios-da-idade-do-ferro\/#primaryimage\"},\"thumbnailUrl\":\"https:\/\/jornalfatosenoticias.com.br\/wp-content\/uploads\/2025\/10\/oficina-idade-do-ferro_istock.jpg\",\"datePublished\":\"2025-10-20T13:52:01+00:00\",\"dateModified\":\"2025-10-20T13:52:03+00:00\",\"breadcrumb\":{\"@id\":\"https:\/\/jornalfatosenoticias.com.br\/index.php\/2025\/10\/20\/oficina-de-tres-mil-anos-revela-os-primordios-da-idade-do-ferro\/#breadcrumb\"},\"inLanguage\":\"pt-BR\",\"potentialAction\":[{\"@type\":\"ReadAction\",\"target\":[\"https:\/\/jornalfatosenoticias.com.br\/index.php\/2025\/10\/20\/oficina-de-tres-mil-anos-revela-os-primordios-da-idade-do-ferro\/\"]}]},{\"@type\":\"ImageObject\",\"inLanguage\":\"pt-BR\",\"@id\":\"https:\/\/jornalfatosenoticias.com.br\/index.php\/2025\/10\/20\/oficina-de-tres-mil-anos-revela-os-primordios-da-idade-do-ferro\/#primaryimage\",\"url\":\"https:\/\/jornalfatosenoticias.com.br\/wp-content\/uploads\/2025\/10\/oficina-idade-do-ferro_istock.jpg\",\"contentUrl\":\"https:\/\/jornalfatosenoticias.com.br\/wp-content\/uploads\/2025\/10\/oficina-idade-do-ferro_istock.jpg\",\"width\":612,\"height\":408,\"caption\":\"Production of aluminium master alloys on a foundry\"},{\"@type\":\"BreadcrumbList\",\"@id\":\"https:\/\/jornalfatosenoticias.com.br\/index.php\/2025\/10\/20\/oficina-de-tres-mil-anos-revela-os-primordios-da-idade-do-ferro\/#breadcrumb\",\"itemListElement\":[{\"@type\":\"ListItem\",\"position\":1,\"name\":\"In\u00edcio\",\"item\":\"https:\/\/jornalfatosenoticias.com.br\/\"},{\"@type\":\"ListItem\",\"position\":2,\"name\":\"Oficina de tr\u00eas mil anos revela os prim\u00f3rdios da Idade do Ferro\"}]},{\"@type\":\"WebSite\",\"@id\":\"https:\/\/jornalfatosenoticias.com.br\/#website\",\"url\":\"https:\/\/jornalfatosenoticias.com.br\/\",\"name\":\"Jornal Fatos e Not\u00edcias\",\"description\":\"Not\u00edcias em geral\",\"publisher\":{\"@id\":\"https:\/\/jornalfatosenoticias.com.br\/#organization\"},\"potentialAction\":[{\"@type\":\"SearchAction\",\"target\":{\"@type\":\"EntryPoint\",\"urlTemplate\":\"https:\/\/jornalfatosenoticias.com.br\/?s={search_term_string}\"},\"query-input\":{\"@type\":\"PropertyValueSpecification\",\"valueRequired\":true,\"valueName\":\"search_term_string\"}}],\"inLanguage\":\"pt-BR\"},{\"@type\":\"Organization\",\"@id\":\"https:\/\/jornalfatosenoticias.com.br\/#organization\",\"name\":\"Jornal Fatos e Not\u00edcias\",\"url\":\"https:\/\/jornalfatosenoticias.com.br\/\",\"logo\":{\"@type\":\"ImageObject\",\"inLanguage\":\"pt-BR\",\"@id\":\"https:\/\/jornalfatosenoticias.com.br\/#\/schema\/logo\/image\/\",\"url\":\"https:\/\/jornalfatosenoticias.com.br\/wp-content\/uploads\/2020\/02\/logo120.png\",\"contentUrl\":\"https:\/\/jornalfatosenoticias.com.br\/wp-content\/uploads\/2020\/02\/logo120.png\",\"width\":1227,\"height\":120,\"caption\":\"Jornal Fatos e Not\u00edcias\"},\"image\":{\"@id\":\"https:\/\/jornalfatosenoticias.com.br\/#\/schema\/logo\/image\/\"}},{\"@type\":\"Person\",\"@id\":\"https:\/\/jornalfatosenoticias.com.br\/#\/schema\/person\/d63837fa13ac8666eb9e74e0985d6f81\",\"name\":\"Luzimara Fernandes\",\"image\":{\"@type\":\"ImageObject\",\"inLanguage\":\"pt-BR\",\"@id\":\"https:\/\/jornalfatosenoticias.com.br\/#\/schema\/person\/image\/\",\"url\":\"https:\/\/jornalfatosenoticias.com.br\/wp-content\/uploads\/2025\/05\/EU_portal.jpg\",\"contentUrl\":\"https:\/\/jornalfatosenoticias.com.br\/wp-content\/uploads\/2025\/05\/EU_portal.jpg\",\"caption\":\"Luzimara Fernandes\"},\"description\":\"Jornalista MTB 2358-ES\",\"sameAs\":[\"https:\/\/jornalfatosenoticias.com.br\"],\"url\":\"https:\/\/jornalfatosenoticias.com.br\/index.php\/author\/luzimara\/\"}]}<\/script>\n<!-- \/ Yoast SEO plugin. -->","yoast_head_json":{"title":"Oficina de tr\u00eas mil anos revela os prim\u00f3rdios da Idade do Ferro - Jornal Fatos e Not\u00edcias","robots":{"index":"index","follow":"follow","max-snippet":"max-snippet:-1","max-image-preview":"max-image-preview:large","max-video-preview":"max-video-preview:-1"},"canonical":"https:\/\/jornalfatosenoticias.com.br\/index.php\/2025\/10\/20\/oficina-de-tres-mil-anos-revela-os-primordios-da-idade-do-ferro\/","og_locale":"pt_BR","og_type":"article","og_title":"Oficina de tr\u00eas mil anos revela os prim\u00f3rdios da Idade do Ferro - Jornal Fatos e Not\u00edcias","og_description":"Arque\u00f3logos encontraram os primeiros sinais do uso do ferro em um s\u00edtio arqueol\u00f3gico de tr\u00eas mil anos, um marco da transi\u00e7\u00e3o entre eras Por Samuel Amaral Pesquisadores descobriram os primeiros ind\u00edcios de como a humanidade come\u00e7ou a trabalhar com o ferro. O material encontrado no s\u00edtio arqueol\u00f3gico Kvemo Bolnisi, na Georgia, com cerca de tr\u00eas [&hellip;]","og_url":"https:\/\/jornalfatosenoticias.com.br\/index.php\/2025\/10\/20\/oficina-de-tres-mil-anos-revela-os-primordios-da-idade-do-ferro\/","og_site_name":"Jornal Fatos e Not\u00edcias","article_published_time":"2025-10-20T13:52:01+00:00","article_modified_time":"2025-10-20T13:52:03+00:00","og_image":[{"width":612,"height":408,"url":"https:\/\/jornalfatosenoticias.com.br\/wp-content\/uploads\/2025\/10\/oficina-idade-do-ferro_istock.jpg","type":"image\/jpeg"}],"author":"Luzimara Fernandes","twitter_card":"summary_large_image","twitter_misc":{"Escrito por":"Luzimara Fernandes","Est. tempo de leitura":"3 minutos"},"schema":{"@context":"https:\/\/schema.org","@graph":[{"@type":"Article","@id":"https:\/\/jornalfatosenoticias.com.br\/index.php\/2025\/10\/20\/oficina-de-tres-mil-anos-revela-os-primordios-da-idade-do-ferro\/#article","isPartOf":{"@id":"https:\/\/jornalfatosenoticias.com.br\/index.php\/2025\/10\/20\/oficina-de-tres-mil-anos-revela-os-primordios-da-idade-do-ferro\/"},"author":{"name":"Luzimara Fernandes","@id":"https:\/\/jornalfatosenoticias.com.br\/#\/schema\/person\/d63837fa13ac8666eb9e74e0985d6f81"},"headline":"Oficina de tr\u00eas mil anos revela os prim\u00f3rdios da Idade do Ferro","datePublished":"2025-10-20T13:52:01+00:00","dateModified":"2025-10-20T13:52:03+00:00","mainEntityOfPage":{"@id":"https:\/\/jornalfatosenoticias.com.br\/index.php\/2025\/10\/20\/oficina-de-tres-mil-anos-revela-os-primordios-da-idade-do-ferro\/"},"wordCount":556,"commentCount":0,"publisher":{"@id":"https:\/\/jornalfatosenoticias.com.br\/#organization"},"image":{"@id":"https:\/\/jornalfatosenoticias.com.br\/index.php\/2025\/10\/20\/oficina-de-tres-mil-anos-revela-os-primordios-da-idade-do-ferro\/#primaryimage"},"thumbnailUrl":"https:\/\/jornalfatosenoticias.com.br\/wp-content\/uploads\/2025\/10\/oficina-idade-do-ferro_istock.jpg","keywords":["arque\u00f3logos","ferro","Idade do Bronze","Idade do Ferro","oficina","s\u00edtio arqueol\u00f3gico"],"articleSection":["Paleo &amp; Arqueologia"],"inLanguage":"pt-BR","potentialAction":[{"@type":"CommentAction","name":"Comment","target":["https:\/\/jornalfatosenoticias.com.br\/index.php\/2025\/10\/20\/oficina-de-tres-mil-anos-revela-os-primordios-da-idade-do-ferro\/#respond"]}]},{"@type":"WebPage","@id":"https:\/\/jornalfatosenoticias.com.br\/index.php\/2025\/10\/20\/oficina-de-tres-mil-anos-revela-os-primordios-da-idade-do-ferro\/","url":"https:\/\/jornalfatosenoticias.com.br\/index.php\/2025\/10\/20\/oficina-de-tres-mil-anos-revela-os-primordios-da-idade-do-ferro\/","name":"Oficina de tr\u00eas mil anos revela os prim\u00f3rdios da Idade do Ferro - Jornal Fatos e Not\u00edcias","isPartOf":{"@id":"https:\/\/jornalfatosenoticias.com.br\/#website"},"primaryImageOfPage":{"@id":"https:\/\/jornalfatosenoticias.com.br\/index.php\/2025\/10\/20\/oficina-de-tres-mil-anos-revela-os-primordios-da-idade-do-ferro\/#primaryimage"},"image":{"@id":"https:\/\/jornalfatosenoticias.com.br\/index.php\/2025\/10\/20\/oficina-de-tres-mil-anos-revela-os-primordios-da-idade-do-ferro\/#primaryimage"},"thumbnailUrl":"https:\/\/jornalfatosenoticias.com.br\/wp-content\/uploads\/2025\/10\/oficina-idade-do-ferro_istock.jpg","datePublished":"2025-10-20T13:52:01+00:00","dateModified":"2025-10-20T13:52:03+00:00","breadcrumb":{"@id":"https:\/\/jornalfatosenoticias.com.br\/index.php\/2025\/10\/20\/oficina-de-tres-mil-anos-revela-os-primordios-da-idade-do-ferro\/#breadcrumb"},"inLanguage":"pt-BR","potentialAction":[{"@type":"ReadAction","target":["https:\/\/jornalfatosenoticias.com.br\/index.php\/2025\/10\/20\/oficina-de-tres-mil-anos-revela-os-primordios-da-idade-do-ferro\/"]}]},{"@type":"ImageObject","inLanguage":"pt-BR","@id":"https:\/\/jornalfatosenoticias.com.br\/index.php\/2025\/10\/20\/oficina-de-tres-mil-anos-revela-os-primordios-da-idade-do-ferro\/#primaryimage","url":"https:\/\/jornalfatosenoticias.com.br\/wp-content\/uploads\/2025\/10\/oficina-idade-do-ferro_istock.jpg","contentUrl":"https:\/\/jornalfatosenoticias.com.br\/wp-content\/uploads\/2025\/10\/oficina-idade-do-ferro_istock.jpg","width":612,"height":408,"caption":"Production of aluminium master alloys on a foundry"},{"@type":"BreadcrumbList","@id":"https:\/\/jornalfatosenoticias.com.br\/index.php\/2025\/10\/20\/oficina-de-tres-mil-anos-revela-os-primordios-da-idade-do-ferro\/#breadcrumb","itemListElement":[{"@type":"ListItem","position":1,"name":"In\u00edcio","item":"https:\/\/jornalfatosenoticias.com.br\/"},{"@type":"ListItem","position":2,"name":"Oficina de tr\u00eas mil anos revela os prim\u00f3rdios da Idade do Ferro"}]},{"@type":"WebSite","@id":"https:\/\/jornalfatosenoticias.com.br\/#website","url":"https:\/\/jornalfatosenoticias.com.br\/","name":"Jornal Fatos e Not\u00edcias","description":"Not\u00edcias em geral","publisher":{"@id":"https:\/\/jornalfatosenoticias.com.br\/#organization"},"potentialAction":[{"@type":"SearchAction","target":{"@type":"EntryPoint","urlTemplate":"https:\/\/jornalfatosenoticias.com.br\/?s={search_term_string}"},"query-input":{"@type":"PropertyValueSpecification","valueRequired":true,"valueName":"search_term_string"}}],"inLanguage":"pt-BR"},{"@type":"Organization","@id":"https:\/\/jornalfatosenoticias.com.br\/#organization","name":"Jornal Fatos e Not\u00edcias","url":"https:\/\/jornalfatosenoticias.com.br\/","logo":{"@type":"ImageObject","inLanguage":"pt-BR","@id":"https:\/\/jornalfatosenoticias.com.br\/#\/schema\/logo\/image\/","url":"https:\/\/jornalfatosenoticias.com.br\/wp-content\/uploads\/2020\/02\/logo120.png","contentUrl":"https:\/\/jornalfatosenoticias.com.br\/wp-content\/uploads\/2020\/02\/logo120.png","width":1227,"height":120,"caption":"Jornal Fatos e Not\u00edcias"},"image":{"@id":"https:\/\/jornalfatosenoticias.com.br\/#\/schema\/logo\/image\/"}},{"@type":"Person","@id":"https:\/\/jornalfatosenoticias.com.br\/#\/schema\/person\/d63837fa13ac8666eb9e74e0985d6f81","name":"Luzimara Fernandes","image":{"@type":"ImageObject","inLanguage":"pt-BR","@id":"https:\/\/jornalfatosenoticias.com.br\/#\/schema\/person\/image\/","url":"https:\/\/jornalfatosenoticias.com.br\/wp-content\/uploads\/2025\/05\/EU_portal.jpg","contentUrl":"https:\/\/jornalfatosenoticias.com.br\/wp-content\/uploads\/2025\/05\/EU_portal.jpg","caption":"Luzimara Fernandes"},"description":"Jornalista MTB 2358-ES","sameAs":["https:\/\/jornalfatosenoticias.com.br"],"url":"https:\/\/jornalfatosenoticias.com.br\/index.php\/author\/luzimara\/"}]}},"cc_featured_image_caption":{"caption_text":"(Foto: iStock)  ","source_text":"","source_url":""},"jetpack_featured_media_url":"https:\/\/jornalfatosenoticias.com.br\/wp-content\/uploads\/2025\/10\/oficina-idade-do-ferro_istock.jpg","_links":{"self":[{"href":"https:\/\/jornalfatosenoticias.com.br\/index.php\/wp-json\/wp\/v2\/posts\/62627","targetHints":{"allow":["GET"]}}],"collection":[{"href":"https:\/\/jornalfatosenoticias.com.br\/index.php\/wp-json\/wp\/v2\/posts"}],"about":[{"href":"https:\/\/jornalfatosenoticias.com.br\/index.php\/wp-json\/wp\/v2\/types\/post"}],"author":[{"embeddable":true,"href":"https:\/\/jornalfatosenoticias.com.br\/index.php\/wp-json\/wp\/v2\/users\/2"}],"replies":[{"embeddable":true,"href":"https:\/\/jornalfatosenoticias.com.br\/index.php\/wp-json\/wp\/v2\/comments?post=62627"}],"version-history":[{"count":0,"href":"https:\/\/jornalfatosenoticias.com.br\/index.php\/wp-json\/wp\/v2\/posts\/62627\/revisions"}],"wp:featuredmedia":[{"embeddable":true,"href":"https:\/\/jornalfatosenoticias.com.br\/index.php\/wp-json\/wp\/v2\/media\/62630"}],"wp:attachment":[{"href":"https:\/\/jornalfatosenoticias.com.br\/index.php\/wp-json\/wp\/v2\/media?parent=62627"}],"wp:term":[{"taxonomy":"category","embeddable":true,"href":"https:\/\/jornalfatosenoticias.com.br\/index.php\/wp-json\/wp\/v2\/categories?post=62627"},{"taxonomy":"post_tag","embeddable":true,"href":"https:\/\/jornalfatosenoticias.com.br\/index.php\/wp-json\/wp\/v2\/tags?post=62627"}],"curies":[{"name":"wp","href":"https:\/\/api.w.org\/{rel}","templated":true}]}}