{"id":62632,"date":"2025-10-20T11:16:57","date_gmt":"2025-10-20T14:16:57","guid":{"rendered":"https:\/\/jornalfatosenoticias.com.br\/?p=62632"},"modified":"2025-10-20T11:17:12","modified_gmt":"2025-10-20T14:17:12","slug":"atividades-fisicas-sao-fundamentais-para-a-saude-mental-de-criancas-e-adolescentes","status":"publish","type":"post","link":"https:\/\/jornalfatosenoticias.com.br\/index.php\/2025\/10\/20\/atividades-fisicas-sao-fundamentais-para-a-saude-mental-de-criancas-e-adolescentes\/","title":{"rendered":"Atividades f\u00edsicas s\u00e3o fundamentais para a sa\u00fade mental de crian\u00e7as e adolescentes"},"content":{"rendered":"\n<p><em><span class=\"has-inline-color has-black-color\">Movimentar-se \u00e9 um investimento no desenvolvimento f\u00edsico, emocional e cognitivo de crian\u00e7as e adolescentes; saiba como e por que estimular esse h\u00e1bito desde cedo<\/span><\/em><\/p>\n\n\n\n<p><span class=\"has-inline-color has-black-color\">Por <strong><a href=\"https:\/\/www.bonsfluidos.com.br\/author\/isabella-bisordi\">Isabella Bisordi<\/a><\/strong><\/span><\/p>\n\n\n\n<div class=\"wp-block-image\"><figure class=\"aligncenter size-large\"><a href=\"https:\/\/panper.com.br\/\"><img loading=\"lazy\" decoding=\"async\" width=\"1024\" height=\"111\" src=\"https:\/\/jornalfatosenoticias.com.br\/wp-content\/uploads\/2020\/02\/WhatsApp-Image-2022-09-23-at-12.09.18-1024x111.jpeg\" alt=\"\" class=\"wp-image-34527\" srcset=\"https:\/\/jornalfatosenoticias.com.br\/wp-content\/uploads\/2020\/02\/WhatsApp-Image-2022-09-23-at-12.09.18-1024x111.jpeg 1024w, https:\/\/jornalfatosenoticias.com.br\/wp-content\/uploads\/2020\/02\/WhatsApp-Image-2022-09-23-at-12.09.18-300x32.jpeg 300w, https:\/\/jornalfatosenoticias.com.br\/wp-content\/uploads\/2020\/02\/WhatsApp-Image-2022-09-23-at-12.09.18-768x83.jpeg 768w, https:\/\/jornalfatosenoticias.com.br\/wp-content\/uploads\/2020\/02\/WhatsApp-Image-2022-09-23-at-12.09.18.jpeg 1121w\" sizes=\"auto, (max-width: 1024px) 100vw, 1024px\" \/><\/a><\/figure><\/div>\n\n\n\n<p>Em um mundo cada vez mais dominado por <a href=\"https:\/\/www.bonsfluidos.com.br\/bem-estar\/luz-azul-como-as-telas-afetam-seu-sono-ritmo-circadiano-e-saude.phtml\">telas<\/a>, o movimento vem perdendo espa\u00e7o na rotina das novas gera\u00e7\u00f5es. A Organiza\u00e7\u00e3o Mundial da Sa\u00fade (OMS) alerta que 78% das crian\u00e7as e 84% dos adolescentes n\u00e3o praticam nem uma hora de atividades f\u00edsicas por dia. Esse dado acende um sinal de alerta para a sa\u00fade f\u00edsica e mental dessa faixa et\u00e1ria.<br>Mais do que uma forma de lazer, movimentar-se \u00e9 essencial para o desenvolvimento global de <a href=\"https:\/\/www.bonsfluidos.com.br\/no-prato\/afinal-criancas-podem-ou-nao-comer-acucar-nos-primeiros-anos-de-vida.phtml\">crian\u00e7as<\/a> e adolescentes. O exerc\u00edcio regular fortalece o corpo, estimula o c\u00e9rebro e ensina habilidades emocionais e sociais que durar\u00e3o para a vida inteira. Os benef\u00edcios da atividade f\u00edsica v\u00e3o muito al\u00e9m da <a href=\"https:\/\/www.bonsfluidos.com.br\/saude\/cirurgias-plasticas-logo-apos-o-parto-preocupa-especialistas-nao-e-estetica-e-saude.phtml\">est\u00e9tica<\/a>. Durante a inf\u00e2ncia e adolesc\u00eancia, o corpo est\u00e1 em constante transforma\u00e7\u00e3o, e o movimento \u00e9 o combust\u00edvel desse processo.<\/p>\n\n\n\n<div class=\"wp-block-image\"><figure class=\"aligncenter size-large is-resized\"><a href=\"https:\/\/www.instagram.com\/esteio.churrascaria\/\"><img loading=\"lazy\" decoding=\"async\" src=\"https:\/\/jornalfatosenoticias.com.br\/wp-content\/uploads\/2022\/02\/LOGO-ESTEIO-1024x730.png\" alt=\"\" class=\"wp-image-27942\" width=\"301\" height=\"214\" srcset=\"https:\/\/jornalfatosenoticias.com.br\/wp-content\/uploads\/2022\/02\/LOGO-ESTEIO-1024x730.png 1024w, https:\/\/jornalfatosenoticias.com.br\/wp-content\/uploads\/2022\/02\/LOGO-ESTEIO-300x214.png 300w, https:\/\/jornalfatosenoticias.com.br\/wp-content\/uploads\/2022\/02\/LOGO-ESTEIO-768x548.png 768w, https:\/\/jornalfatosenoticias.com.br\/wp-content\/uploads\/2022\/02\/LOGO-ESTEIO.png 1123w\" sizes=\"auto, (max-width: 301px) 100vw, 301px\" \/><\/a><\/figure><\/div>\n\n\n\n<p><strong><span class=\"has-inline-color has-vivid-cyan-blue-color\">Entre as principais vantagens est\u00e3o:<br><\/span><\/strong>\u2705 Melhora da coordena\u00e7\u00e3o motora e da <a href=\"https:\/\/www.bonsfluidos.com.br\/bem-estar\/a-importancia-de-uma-boa-postura-corporal-para-a-saude-e-bem-estar.phtml\">postura<\/a>;<br>\u2705 Fortalecimento de ossos e <a href=\"https:\/\/www.bonsfluidos.com.br\/no-prato\/dieta-mediterranea-fortalece-musculos-e-reduz-risco-de-sarcopenia.phtml\">m\u00fasculos<\/a>;<br>\u2705 Aprimoramento do racioc\u00ednio, da concentra\u00e7\u00e3o e da <a href=\"https:\/\/www.bonsfluidos.com.br\/comportamento\/decifrando-a-memoria-como-a-neurociencia-explica-por-que-esquecemos-algo.phtml\">mem\u00f3ria<\/a>;<br>\u2705 Redu\u00e7\u00e3o do estresse, da ansiedade e da <a href=\"https:\/\/www.bonsfluidos.com.br\/autoconhecimento\/mulheres-tem-o-dobro-de-genes-associados-a-depressao-diz-estudo.phtml\">depress\u00e3o<\/a>;<br>\u2705 Aumento da <a href=\"https:\/\/www.bonsfluidos.com.br\/bem-estar\/como-o-esporte-pode-trazer-beneficios-para-a-autoestima-dos-adolescentes-descubra.phtml\">autoestima<\/a> e da confian\u00e7a.<\/p>\n\n\n\n<div class=\"wp-block-image\"><figure class=\"aligncenter size-large is-resized\"><a href=\"https:\/\/hotelmarquetti.com.br\/\"><img loading=\"lazy\" decoding=\"async\" src=\"https:\/\/jornalfatosenoticias.com.br\/wp-content\/uploads\/2020\/02\/LOGO-MQ-1024x680.jpg\" alt=\"\" class=\"wp-image-58299\" width=\"324\" height=\"215\" srcset=\"https:\/\/jornalfatosenoticias.com.br\/wp-content\/uploads\/2020\/02\/LOGO-MQ-1024x680.jpg 1024w, https:\/\/jornalfatosenoticias.com.br\/wp-content\/uploads\/2020\/02\/LOGO-MQ-300x199.jpg 300w, https:\/\/jornalfatosenoticias.com.br\/wp-content\/uploads\/2020\/02\/LOGO-MQ-768x510.jpg 768w, https:\/\/jornalfatosenoticias.com.br\/wp-content\/uploads\/2020\/02\/LOGO-MQ-1536x1020.jpg 1536w, https:\/\/jornalfatosenoticias.com.br\/wp-content\/uploads\/2020\/02\/LOGO-MQ-2048x1360.jpg 2048w\" sizes=\"auto, (max-width: 324px) 100vw, 324px\" \/><\/a><\/figure><\/div>\n\n\n\n<p>Al\u00e9m disso, uma rotina ativa previne doen\u00e7as cr\u00f4nicas, como obesidade, hipertens\u00e3o e diabetes, e estimula a socializa\u00e7\u00e3o, o trabalho em equipe e a empatia \u2014 compet\u00eancias fundamentais para a vida adulta. A atividade f\u00edsica deve ser incentivada desde os primeiros meses de vida. De acordo com o Minist\u00e9rio da Sa\u00fade, <a href=\"https:\/\/www.bonsfluidos.com.br\/gravidez\/gestantes-expostas-a-fumaca-de-cigarro-tem-ate-60-mais-risco-de-gerar-bebes-com-baixo-peso.phtml\">beb\u00eas<\/a> de at\u00e9 um ano precisam de pelo menos 30 minutos di\u00e1rios de est\u00edmulos, como deitar de bru\u00e7os, engatinhar e alcan\u00e7ar brinquedos.<\/p>\n\n\n\n<div class=\"wp-block-image\"><figure class=\"aligncenter size-large is-resized\"><a href=\"https:\/\/www.facebook.com\/postobkr\/?locale=pt_BR\"><img loading=\"lazy\" decoding=\"async\" src=\"https:\/\/jornalfatosenoticias.com.br\/wp-content\/uploads\/2023\/08\/BKR-1024x1021.jpg\" alt=\"\" class=\"wp-image-44494\" width=\"289\" height=\"288\" srcset=\"https:\/\/jornalfatosenoticias.com.br\/wp-content\/uploads\/2023\/08\/BKR-1024x1021.jpg 1024w, https:\/\/jornalfatosenoticias.com.br\/wp-content\/uploads\/2023\/08\/BKR-300x300.jpg 300w, https:\/\/jornalfatosenoticias.com.br\/wp-content\/uploads\/2023\/08\/BKR-150x150.jpg 150w, https:\/\/jornalfatosenoticias.com.br\/wp-content\/uploads\/2023\/08\/BKR-768x766.jpg 768w, https:\/\/jornalfatosenoticias.com.br\/wp-content\/uploads\/2023\/08\/BKR.jpg 1080w\" sizes=\"auto, (max-width: 289px) 100vw, 289px\" \/><\/a><\/figure><\/div>\n\n\n\n<p>A partir dos dois anos, o ideal \u00e9 que as crian\u00e7as passem tr\u00eas horas por dia em <a href=\"https:\/\/www.bonsfluidos.com.br\/no-prato\/dia-mundial-do-vegetarianismo-saiba-mais-sobre-a-data-e-motivos-para-aderir-ao-movimento.phtml\">movimento<\/a>, alternando entre atividades leves e intensas. Brincadeiras como correr, pular, andar de bicicleta e explorar o ambiente s\u00e3o excelentes formas de manter o corpo ativo e a mente curiosa.<\/p>\n\n\n\n<div class=\"wp-block-image\"><figure class=\"aligncenter size-large is-resized\"><a href=\"https:\/\/www.instagram.com\/restaurantepegoretti\/\"><img loading=\"lazy\" decoding=\"async\" src=\"https:\/\/jornalfatosenoticias.com.br\/wp-content\/uploads\/2023\/12\/pegoretti-logo-pdf-1024x389.jpg\" alt=\"\" class=\"wp-image-47536\" width=\"438\" height=\"166\" srcset=\"https:\/\/jornalfatosenoticias.com.br\/wp-content\/uploads\/2023\/12\/pegoretti-logo-pdf-1024x389.jpg 1024w, https:\/\/jornalfatosenoticias.com.br\/wp-content\/uploads\/2023\/12\/pegoretti-logo-pdf-300x114.jpg 300w, https:\/\/jornalfatosenoticias.com.br\/wp-content\/uploads\/2023\/12\/pegoretti-logo-pdf-768x291.jpg 768w, https:\/\/jornalfatosenoticias.com.br\/wp-content\/uploads\/2023\/12\/pegoretti-logo-pdf.jpg 1120w\" sizes=\"auto, (max-width: 438px) 100vw, 438px\" \/><\/a><\/figure><\/div>\n\n\n\n<p>Entre os seis e os 17 anos, a recomenda\u00e7\u00e3o \u00e9 de 60 minutos de atividade f\u00edsica moderada a vigorosa por dia, com pelo menos tr\u00eas dias na semana dedicados a pr\u00e1ticas que fortale\u00e7am <a href=\"https:\/\/www.bonsfluidos.com.br\/saude\/saude-dos-ossos-a-relacao-entre-dieta-exercicio-e-longevidade-ossea.phtml\">ossos<\/a> e m\u00fasculos. Mais importante do que o tipo de exerc\u00edcio \u00e9 o prazer que ele proporciona. O foco deve ser o movimento como divers\u00e3o e descoberta, e n\u00e3o a performance.<\/p>\n\n\n\n<div class=\"wp-block-image\"><figure class=\"aligncenter size-large is-resized\"><a href=\"https:\/\/www.facebook.com\/profile.php?id=100069289606145\"><img loading=\"lazy\" decoding=\"async\" src=\"https:\/\/jornalfatosenoticias.com.br\/wp-content\/uploads\/2024\/11\/Guaitolini-Contabilidade-1024x714.jpeg\" alt=\"\" class=\"wp-image-55808\" width=\"317\" height=\"221\" srcset=\"https:\/\/jornalfatosenoticias.com.br\/wp-content\/uploads\/2024\/11\/Guaitolini-Contabilidade-1024x714.jpeg 1024w, https:\/\/jornalfatosenoticias.com.br\/wp-content\/uploads\/2024\/11\/Guaitolini-Contabilidade-300x209.jpeg 300w, https:\/\/jornalfatosenoticias.com.br\/wp-content\/uploads\/2024\/11\/Guaitolini-Contabilidade-768x535.jpeg 768w, https:\/\/jornalfatosenoticias.com.br\/wp-content\/uploads\/2024\/11\/Guaitolini-Contabilidade.jpeg 1280w\" sizes=\"auto, (max-width: 317px) 100vw, 317px\" \/><\/a><\/figure><\/div>\n\n\n\n<p>O avan\u00e7o das tecnologias trouxe consigo uma nova amea\u00e7a: o <a href=\"https:\/\/www.bonsfluidos.com.br\/saude\/sedentarismo-faz-criancas-e-adolescentes-perderem-forca-muscular-aponta-estudo.phtml\">sedentarismo<\/a> digital. O tempo excessivo diante de telas substituiu as brincadeiras de rua e reduziu o espa\u00e7o para atividades f\u00edsicas ao ar livre. Al\u00e9m disso, a desigualdade social ainda \u00e9 um grande obst\u00e1culo. Muitas fam\u00edlias n\u00e3o t\u00eam acesso a espa\u00e7os seguros ou recursos para pagar aulas esportivas, transporte ou alimenta\u00e7\u00e3o adequada. Nesses casos, o papel da escola torna-se essencial.<\/p>\n\n\n\n<div class=\"wp-block-image\"><figure class=\"aligncenter size-large is-resized\"><a href=\"https:\/\/www.facebook.com\/vetor.vix\/\"><img loading=\"lazy\" decoding=\"async\" src=\"https:\/\/jornalfatosenoticias.com.br\/wp-content\/uploads\/2023\/09\/vetorvix1024_1.jpg\" alt=\"\" class=\"wp-image-44868\" width=\"505\" height=\"134\" srcset=\"https:\/\/jornalfatosenoticias.com.br\/wp-content\/uploads\/2023\/09\/vetorvix1024_1.jpg 1024w, https:\/\/jornalfatosenoticias.com.br\/wp-content\/uploads\/2023\/09\/vetorvix1024_1-300x80.jpg 300w, https:\/\/jornalfatosenoticias.com.br\/wp-content\/uploads\/2023\/09\/vetorvix1024_1-768x205.jpg 768w\" sizes=\"auto, (max-width: 505px) 100vw, 505px\" \/><\/a><\/figure><\/div>\n\n\n\n<p><strong>Fonte: <a href=\"https:\/\/www.bonsfluidos.com.br\/autoconhecimento\/a-importancia-das-atividades-fisicas-para-criancas-e-adolescentes.phtml\">Bons Fluidos<\/a><\/strong><\/p>\n","protected":false},"excerpt":{"rendered":"<p>Movimentar-se \u00e9 um investimento no desenvolvimento f\u00edsico, emocional e cognitivo de crian\u00e7as e adolescentes; saiba como e por que estimular esse h\u00e1bito desde cedo Por Isabella Bisordi Em um mundo cada vez mais dominado por telas, o movimento vem perdendo espa\u00e7o na rotina das novas gera\u00e7\u00f5es. A Organiza\u00e7\u00e3o Mundial da Sa\u00fade (OMS) alerta que 78% [&hellip;]<\/p>\n","protected":false},"author":2,"featured_media":62633,"comment_status":"open","ping_status":"open","sticky":false,"template":"","format":"standard","meta":{"footnotes":""},"categories":[2522,12],"tags":[2811,3622,242,670,27360,1056,2607,74,688],"class_list":["post-62632","post","type-post","status-publish","format-standard","has-post-thumbnail","hentry","category-comportamento","category-esportes","tag-adolescentes","tag-atividades-fisicas","tag-corpo","tag-criancas","tag-cuidados-com-o-corpo","tag-exercicios-fisicos","tag-infancia","tag-saude","tag-saude-mental"],"yoast_head":"<!-- This site is optimized with the Yoast SEO plugin v26.5 - https:\/\/yoast.com\/wordpress\/plugins\/seo\/ -->\n<title>Atividades f\u00edsicas s\u00e3o fundamentais para a sa\u00fade mental de crian\u00e7as e adolescentes - Jornal Fatos e Not\u00edcias<\/title>\n<meta name=\"robots\" content=\"index, follow, max-snippet:-1, max-image-preview:large, max-video-preview:-1\" \/>\n<link rel=\"canonical\" href=\"https:\/\/jornalfatosenoticias.com.br\/index.php\/2025\/10\/20\/atividades-fisicas-sao-fundamentais-para-a-saude-mental-de-criancas-e-adolescentes\/\" \/>\n<meta property=\"og:locale\" content=\"pt_BR\" \/>\n<meta property=\"og:type\" content=\"article\" \/>\n<meta property=\"og:title\" content=\"Atividades f\u00edsicas s\u00e3o fundamentais para a sa\u00fade mental de crian\u00e7as e adolescentes - Jornal Fatos e Not\u00edcias\" \/>\n<meta property=\"og:description\" content=\"Movimentar-se \u00e9 um investimento no desenvolvimento f\u00edsico, emocional e cognitivo de crian\u00e7as e adolescentes; saiba como e por que estimular esse h\u00e1bito desde cedo Por Isabella Bisordi Em um mundo cada vez mais dominado por telas, o movimento vem perdendo espa\u00e7o na rotina das novas gera\u00e7\u00f5es. A Organiza\u00e7\u00e3o Mundial da Sa\u00fade (OMS) alerta que 78% [&hellip;]\" \/>\n<meta property=\"og:url\" content=\"https:\/\/jornalfatosenoticias.com.br\/index.php\/2025\/10\/20\/atividades-fisicas-sao-fundamentais-para-a-saude-mental-de-criancas-e-adolescentes\/\" \/>\n<meta property=\"og:site_name\" content=\"Jornal Fatos e Not\u00edcias\" \/>\n<meta property=\"article:published_time\" content=\"2025-10-20T14:16:57+00:00\" \/>\n<meta property=\"article:modified_time\" content=\"2025-10-20T14:17:12+00:00\" \/>\n<meta property=\"og:image\" content=\"https:\/\/jornalfatosenoticias.com.br\/wp-content\/uploads\/2025\/10\/Atividades-fisicas-criancas-e-adolescentes_freepik.jpg\" \/>\n\t<meta property=\"og:image:width\" content=\"1000\" \/>\n\t<meta property=\"og:image:height\" content=\"666\" \/>\n\t<meta property=\"og:image:type\" content=\"image\/jpeg\" \/>\n<meta name=\"author\" content=\"Luzimara Fernandes\" \/>\n<meta name=\"twitter:card\" content=\"summary_large_image\" \/>\n<meta name=\"twitter:label1\" content=\"Escrito por\" \/>\n\t<meta name=\"twitter:data1\" content=\"Luzimara Fernandes\" \/>\n\t<meta name=\"twitter:label2\" content=\"Est. tempo de leitura\" \/>\n\t<meta name=\"twitter:data2\" content=\"3 minutos\" \/>\n<script type=\"application\/ld+json\" class=\"yoast-schema-graph\">{\"@context\":\"https:\/\/schema.org\",\"@graph\":[{\"@type\":\"Article\",\"@id\":\"https:\/\/jornalfatosenoticias.com.br\/index.php\/2025\/10\/20\/atividades-fisicas-sao-fundamentais-para-a-saude-mental-de-criancas-e-adolescentes\/#article\",\"isPartOf\":{\"@id\":\"https:\/\/jornalfatosenoticias.com.br\/index.php\/2025\/10\/20\/atividades-fisicas-sao-fundamentais-para-a-saude-mental-de-criancas-e-adolescentes\/\"},\"author\":{\"name\":\"Luzimara Fernandes\",\"@id\":\"https:\/\/jornalfatosenoticias.com.br\/#\/schema\/person\/d63837fa13ac8666eb9e74e0985d6f81\"},\"headline\":\"Atividades f\u00edsicas s\u00e3o fundamentais para a sa\u00fade mental de crian\u00e7as e adolescentes\",\"datePublished\":\"2025-10-20T14:16:57+00:00\",\"dateModified\":\"2025-10-20T14:17:12+00:00\",\"mainEntityOfPage\":{\"@id\":\"https:\/\/jornalfatosenoticias.com.br\/index.php\/2025\/10\/20\/atividades-fisicas-sao-fundamentais-para-a-saude-mental-de-criancas-e-adolescentes\/\"},\"wordCount\":524,\"commentCount\":0,\"publisher\":{\"@id\":\"https:\/\/jornalfatosenoticias.com.br\/#organization\"},\"image\":{\"@id\":\"https:\/\/jornalfatosenoticias.com.br\/index.php\/2025\/10\/20\/atividades-fisicas-sao-fundamentais-para-a-saude-mental-de-criancas-e-adolescentes\/#primaryimage\"},\"thumbnailUrl\":\"https:\/\/jornalfatosenoticias.com.br\/wp-content\/uploads\/2025\/10\/Atividades-fisicas-criancas-e-adolescentes_freepik.jpg\",\"keywords\":[\"adolescentes\",\"atividades f\u00edsicas\",\"corpo\",\"crian\u00e7as\",\"cuidados com o corpo\",\"exerc\u00edcios f\u00edsicos\",\"inf\u00e2ncia\",\"sa\u00fade\",\"sa\u00fade mental\"],\"articleSection\":[\"Comportamento &amp; Equil\u00edbrio\",\"Esportes\"],\"inLanguage\":\"pt-BR\",\"potentialAction\":[{\"@type\":\"CommentAction\",\"name\":\"Comment\",\"target\":[\"https:\/\/jornalfatosenoticias.com.br\/index.php\/2025\/10\/20\/atividades-fisicas-sao-fundamentais-para-a-saude-mental-de-criancas-e-adolescentes\/#respond\"]}]},{\"@type\":\"WebPage\",\"@id\":\"https:\/\/jornalfatosenoticias.com.br\/index.php\/2025\/10\/20\/atividades-fisicas-sao-fundamentais-para-a-saude-mental-de-criancas-e-adolescentes\/\",\"url\":\"https:\/\/jornalfatosenoticias.com.br\/index.php\/2025\/10\/20\/atividades-fisicas-sao-fundamentais-para-a-saude-mental-de-criancas-e-adolescentes\/\",\"name\":\"Atividades f\u00edsicas s\u00e3o fundamentais para a sa\u00fade mental de crian\u00e7as e adolescentes - Jornal Fatos e Not\u00edcias\",\"isPartOf\":{\"@id\":\"https:\/\/jornalfatosenoticias.com.br\/#website\"},\"primaryImageOfPage\":{\"@id\":\"https:\/\/jornalfatosenoticias.com.br\/index.php\/2025\/10\/20\/atividades-fisicas-sao-fundamentais-para-a-saude-mental-de-criancas-e-adolescentes\/#primaryimage\"},\"image\":{\"@id\":\"https:\/\/jornalfatosenoticias.com.br\/index.php\/2025\/10\/20\/atividades-fisicas-sao-fundamentais-para-a-saude-mental-de-criancas-e-adolescentes\/#primaryimage\"},\"thumbnailUrl\":\"https:\/\/jornalfatosenoticias.com.br\/wp-content\/uploads\/2025\/10\/Atividades-fisicas-criancas-e-adolescentes_freepik.jpg\",\"datePublished\":\"2025-10-20T14:16:57+00:00\",\"dateModified\":\"2025-10-20T14:17:12+00:00\",\"breadcrumb\":{\"@id\":\"https:\/\/jornalfatosenoticias.com.br\/index.php\/2025\/10\/20\/atividades-fisicas-sao-fundamentais-para-a-saude-mental-de-criancas-e-adolescentes\/#breadcrumb\"},\"inLanguage\":\"pt-BR\",\"potentialAction\":[{\"@type\":\"ReadAction\",\"target\":[\"https:\/\/jornalfatosenoticias.com.br\/index.php\/2025\/10\/20\/atividades-fisicas-sao-fundamentais-para-a-saude-mental-de-criancas-e-adolescentes\/\"]}]},{\"@type\":\"ImageObject\",\"inLanguage\":\"pt-BR\",\"@id\":\"https:\/\/jornalfatosenoticias.com.br\/index.php\/2025\/10\/20\/atividades-fisicas-sao-fundamentais-para-a-saude-mental-de-criancas-e-adolescentes\/#primaryimage\",\"url\":\"https:\/\/jornalfatosenoticias.com.br\/wp-content\/uploads\/2025\/10\/Atividades-fisicas-criancas-e-adolescentes_freepik.jpg\",\"contentUrl\":\"https:\/\/jornalfatosenoticias.com.br\/wp-content\/uploads\/2025\/10\/Atividades-fisicas-criancas-e-adolescentes_freepik.jpg\",\"width\":1000,\"height\":666},{\"@type\":\"BreadcrumbList\",\"@id\":\"https:\/\/jornalfatosenoticias.com.br\/index.php\/2025\/10\/20\/atividades-fisicas-sao-fundamentais-para-a-saude-mental-de-criancas-e-adolescentes\/#breadcrumb\",\"itemListElement\":[{\"@type\":\"ListItem\",\"position\":1,\"name\":\"In\u00edcio\",\"item\":\"https:\/\/jornalfatosenoticias.com.br\/\"},{\"@type\":\"ListItem\",\"position\":2,\"name\":\"Atividades f\u00edsicas s\u00e3o fundamentais para a sa\u00fade mental de crian\u00e7as e adolescentes\"}]},{\"@type\":\"WebSite\",\"@id\":\"https:\/\/jornalfatosenoticias.com.br\/#website\",\"url\":\"https:\/\/jornalfatosenoticias.com.br\/\",\"name\":\"Jornal Fatos e Not\u00edcias\",\"description\":\"Not\u00edcias em geral\",\"publisher\":{\"@id\":\"https:\/\/jornalfatosenoticias.com.br\/#organization\"},\"potentialAction\":[{\"@type\":\"SearchAction\",\"target\":{\"@type\":\"EntryPoint\",\"urlTemplate\":\"https:\/\/jornalfatosenoticias.com.br\/?s={search_term_string}\"},\"query-input\":{\"@type\":\"PropertyValueSpecification\",\"valueRequired\":true,\"valueName\":\"search_term_string\"}}],\"inLanguage\":\"pt-BR\"},{\"@type\":\"Organization\",\"@id\":\"https:\/\/jornalfatosenoticias.com.br\/#organization\",\"name\":\"Jornal Fatos e Not\u00edcias\",\"url\":\"https:\/\/jornalfatosenoticias.com.br\/\",\"logo\":{\"@type\":\"ImageObject\",\"inLanguage\":\"pt-BR\",\"@id\":\"https:\/\/jornalfatosenoticias.com.br\/#\/schema\/logo\/image\/\",\"url\":\"https:\/\/jornalfatosenoticias.com.br\/wp-content\/uploads\/2020\/02\/logo120.png\",\"contentUrl\":\"https:\/\/jornalfatosenoticias.com.br\/wp-content\/uploads\/2020\/02\/logo120.png\",\"width\":1227,\"height\":120,\"caption\":\"Jornal Fatos e Not\u00edcias\"},\"image\":{\"@id\":\"https:\/\/jornalfatosenoticias.com.br\/#\/schema\/logo\/image\/\"}},{\"@type\":\"Person\",\"@id\":\"https:\/\/jornalfatosenoticias.com.br\/#\/schema\/person\/d63837fa13ac8666eb9e74e0985d6f81\",\"name\":\"Luzimara Fernandes\",\"image\":{\"@type\":\"ImageObject\",\"inLanguage\":\"pt-BR\",\"@id\":\"https:\/\/jornalfatosenoticias.com.br\/#\/schema\/person\/image\/\",\"url\":\"https:\/\/jornalfatosenoticias.com.br\/wp-content\/uploads\/2025\/05\/EU_portal.jpg\",\"contentUrl\":\"https:\/\/jornalfatosenoticias.com.br\/wp-content\/uploads\/2025\/05\/EU_portal.jpg\",\"caption\":\"Luzimara Fernandes\"},\"description\":\"Jornalista MTB 2358-ES\",\"sameAs\":[\"https:\/\/jornalfatosenoticias.com.br\"],\"url\":\"https:\/\/jornalfatosenoticias.com.br\/index.php\/author\/luzimara\/\"}]}<\/script>\n<!-- \/ Yoast SEO plugin. -->","yoast_head_json":{"title":"Atividades f\u00edsicas s\u00e3o fundamentais para a sa\u00fade mental de crian\u00e7as e adolescentes - Jornal Fatos e Not\u00edcias","robots":{"index":"index","follow":"follow","max-snippet":"max-snippet:-1","max-image-preview":"max-image-preview:large","max-video-preview":"max-video-preview:-1"},"canonical":"https:\/\/jornalfatosenoticias.com.br\/index.php\/2025\/10\/20\/atividades-fisicas-sao-fundamentais-para-a-saude-mental-de-criancas-e-adolescentes\/","og_locale":"pt_BR","og_type":"article","og_title":"Atividades f\u00edsicas s\u00e3o fundamentais para a sa\u00fade mental de crian\u00e7as e adolescentes - Jornal Fatos e Not\u00edcias","og_description":"Movimentar-se \u00e9 um investimento no desenvolvimento f\u00edsico, emocional e cognitivo de crian\u00e7as e adolescentes; saiba como e por que estimular esse h\u00e1bito desde cedo Por Isabella Bisordi Em um mundo cada vez mais dominado por telas, o movimento vem perdendo espa\u00e7o na rotina das novas gera\u00e7\u00f5es. A Organiza\u00e7\u00e3o Mundial da Sa\u00fade (OMS) alerta que 78% [&hellip;]","og_url":"https:\/\/jornalfatosenoticias.com.br\/index.php\/2025\/10\/20\/atividades-fisicas-sao-fundamentais-para-a-saude-mental-de-criancas-e-adolescentes\/","og_site_name":"Jornal Fatos e Not\u00edcias","article_published_time":"2025-10-20T14:16:57+00:00","article_modified_time":"2025-10-20T14:17:12+00:00","og_image":[{"width":1000,"height":666,"url":"https:\/\/jornalfatosenoticias.com.br\/wp-content\/uploads\/2025\/10\/Atividades-fisicas-criancas-e-adolescentes_freepik.jpg","type":"image\/jpeg"}],"author":"Luzimara Fernandes","twitter_card":"summary_large_image","twitter_misc":{"Escrito por":"Luzimara Fernandes","Est. tempo de leitura":"3 minutos"},"schema":{"@context":"https:\/\/schema.org","@graph":[{"@type":"Article","@id":"https:\/\/jornalfatosenoticias.com.br\/index.php\/2025\/10\/20\/atividades-fisicas-sao-fundamentais-para-a-saude-mental-de-criancas-e-adolescentes\/#article","isPartOf":{"@id":"https:\/\/jornalfatosenoticias.com.br\/index.php\/2025\/10\/20\/atividades-fisicas-sao-fundamentais-para-a-saude-mental-de-criancas-e-adolescentes\/"},"author":{"name":"Luzimara Fernandes","@id":"https:\/\/jornalfatosenoticias.com.br\/#\/schema\/person\/d63837fa13ac8666eb9e74e0985d6f81"},"headline":"Atividades f\u00edsicas s\u00e3o fundamentais para a sa\u00fade mental de crian\u00e7as e adolescentes","datePublished":"2025-10-20T14:16:57+00:00","dateModified":"2025-10-20T14:17:12+00:00","mainEntityOfPage":{"@id":"https:\/\/jornalfatosenoticias.com.br\/index.php\/2025\/10\/20\/atividades-fisicas-sao-fundamentais-para-a-saude-mental-de-criancas-e-adolescentes\/"},"wordCount":524,"commentCount":0,"publisher":{"@id":"https:\/\/jornalfatosenoticias.com.br\/#organization"},"image":{"@id":"https:\/\/jornalfatosenoticias.com.br\/index.php\/2025\/10\/20\/atividades-fisicas-sao-fundamentais-para-a-saude-mental-de-criancas-e-adolescentes\/#primaryimage"},"thumbnailUrl":"https:\/\/jornalfatosenoticias.com.br\/wp-content\/uploads\/2025\/10\/Atividades-fisicas-criancas-e-adolescentes_freepik.jpg","keywords":["adolescentes","atividades f\u00edsicas","corpo","crian\u00e7as","cuidados com o corpo","exerc\u00edcios f\u00edsicos","inf\u00e2ncia","sa\u00fade","sa\u00fade mental"],"articleSection":["Comportamento &amp; Equil\u00edbrio","Esportes"],"inLanguage":"pt-BR","potentialAction":[{"@type":"CommentAction","name":"Comment","target":["https:\/\/jornalfatosenoticias.com.br\/index.php\/2025\/10\/20\/atividades-fisicas-sao-fundamentais-para-a-saude-mental-de-criancas-e-adolescentes\/#respond"]}]},{"@type":"WebPage","@id":"https:\/\/jornalfatosenoticias.com.br\/index.php\/2025\/10\/20\/atividades-fisicas-sao-fundamentais-para-a-saude-mental-de-criancas-e-adolescentes\/","url":"https:\/\/jornalfatosenoticias.com.br\/index.php\/2025\/10\/20\/atividades-fisicas-sao-fundamentais-para-a-saude-mental-de-criancas-e-adolescentes\/","name":"Atividades f\u00edsicas s\u00e3o fundamentais para a sa\u00fade mental de crian\u00e7as e adolescentes - Jornal Fatos e Not\u00edcias","isPartOf":{"@id":"https:\/\/jornalfatosenoticias.com.br\/#website"},"primaryImageOfPage":{"@id":"https:\/\/jornalfatosenoticias.com.br\/index.php\/2025\/10\/20\/atividades-fisicas-sao-fundamentais-para-a-saude-mental-de-criancas-e-adolescentes\/#primaryimage"},"image":{"@id":"https:\/\/jornalfatosenoticias.com.br\/index.php\/2025\/10\/20\/atividades-fisicas-sao-fundamentais-para-a-saude-mental-de-criancas-e-adolescentes\/#primaryimage"},"thumbnailUrl":"https:\/\/jornalfatosenoticias.com.br\/wp-content\/uploads\/2025\/10\/Atividades-fisicas-criancas-e-adolescentes_freepik.jpg","datePublished":"2025-10-20T14:16:57+00:00","dateModified":"2025-10-20T14:17:12+00:00","breadcrumb":{"@id":"https:\/\/jornalfatosenoticias.com.br\/index.php\/2025\/10\/20\/atividades-fisicas-sao-fundamentais-para-a-saude-mental-de-criancas-e-adolescentes\/#breadcrumb"},"inLanguage":"pt-BR","potentialAction":[{"@type":"ReadAction","target":["https:\/\/jornalfatosenoticias.com.br\/index.php\/2025\/10\/20\/atividades-fisicas-sao-fundamentais-para-a-saude-mental-de-criancas-e-adolescentes\/"]}]},{"@type":"ImageObject","inLanguage":"pt-BR","@id":"https:\/\/jornalfatosenoticias.com.br\/index.php\/2025\/10\/20\/atividades-fisicas-sao-fundamentais-para-a-saude-mental-de-criancas-e-adolescentes\/#primaryimage","url":"https:\/\/jornalfatosenoticias.com.br\/wp-content\/uploads\/2025\/10\/Atividades-fisicas-criancas-e-adolescentes_freepik.jpg","contentUrl":"https:\/\/jornalfatosenoticias.com.br\/wp-content\/uploads\/2025\/10\/Atividades-fisicas-criancas-e-adolescentes_freepik.jpg","width":1000,"height":666},{"@type":"BreadcrumbList","@id":"https:\/\/jornalfatosenoticias.com.br\/index.php\/2025\/10\/20\/atividades-fisicas-sao-fundamentais-para-a-saude-mental-de-criancas-e-adolescentes\/#breadcrumb","itemListElement":[{"@type":"ListItem","position":1,"name":"In\u00edcio","item":"https:\/\/jornalfatosenoticias.com.br\/"},{"@type":"ListItem","position":2,"name":"Atividades f\u00edsicas s\u00e3o fundamentais para a sa\u00fade mental de crian\u00e7as e adolescentes"}]},{"@type":"WebSite","@id":"https:\/\/jornalfatosenoticias.com.br\/#website","url":"https:\/\/jornalfatosenoticias.com.br\/","name":"Jornal Fatos e Not\u00edcias","description":"Not\u00edcias em geral","publisher":{"@id":"https:\/\/jornalfatosenoticias.com.br\/#organization"},"potentialAction":[{"@type":"SearchAction","target":{"@type":"EntryPoint","urlTemplate":"https:\/\/jornalfatosenoticias.com.br\/?s={search_term_string}"},"query-input":{"@type":"PropertyValueSpecification","valueRequired":true,"valueName":"search_term_string"}}],"inLanguage":"pt-BR"},{"@type":"Organization","@id":"https:\/\/jornalfatosenoticias.com.br\/#organization","name":"Jornal Fatos e Not\u00edcias","url":"https:\/\/jornalfatosenoticias.com.br\/","logo":{"@type":"ImageObject","inLanguage":"pt-BR","@id":"https:\/\/jornalfatosenoticias.com.br\/#\/schema\/logo\/image\/","url":"https:\/\/jornalfatosenoticias.com.br\/wp-content\/uploads\/2020\/02\/logo120.png","contentUrl":"https:\/\/jornalfatosenoticias.com.br\/wp-content\/uploads\/2020\/02\/logo120.png","width":1227,"height":120,"caption":"Jornal Fatos e Not\u00edcias"},"image":{"@id":"https:\/\/jornalfatosenoticias.com.br\/#\/schema\/logo\/image\/"}},{"@type":"Person","@id":"https:\/\/jornalfatosenoticias.com.br\/#\/schema\/person\/d63837fa13ac8666eb9e74e0985d6f81","name":"Luzimara Fernandes","image":{"@type":"ImageObject","inLanguage":"pt-BR","@id":"https:\/\/jornalfatosenoticias.com.br\/#\/schema\/person\/image\/","url":"https:\/\/jornalfatosenoticias.com.br\/wp-content\/uploads\/2025\/05\/EU_portal.jpg","contentUrl":"https:\/\/jornalfatosenoticias.com.br\/wp-content\/uploads\/2025\/05\/EU_portal.jpg","caption":"Luzimara Fernandes"},"description":"Jornalista MTB 2358-ES","sameAs":["https:\/\/jornalfatosenoticias.com.br"],"url":"https:\/\/jornalfatosenoticias.com.br\/index.php\/author\/luzimara\/"}]}},"cc_featured_image_caption":{"caption_text":"(Foto: Freepik)  ","source_text":"","source_url":""},"jetpack_featured_media_url":"https:\/\/jornalfatosenoticias.com.br\/wp-content\/uploads\/2025\/10\/Atividades-fisicas-criancas-e-adolescentes_freepik.jpg","_links":{"self":[{"href":"https:\/\/jornalfatosenoticias.com.br\/index.php\/wp-json\/wp\/v2\/posts\/62632","targetHints":{"allow":["GET"]}}],"collection":[{"href":"https:\/\/jornalfatosenoticias.com.br\/index.php\/wp-json\/wp\/v2\/posts"}],"about":[{"href":"https:\/\/jornalfatosenoticias.com.br\/index.php\/wp-json\/wp\/v2\/types\/post"}],"author":[{"embeddable":true,"href":"https:\/\/jornalfatosenoticias.com.br\/index.php\/wp-json\/wp\/v2\/users\/2"}],"replies":[{"embeddable":true,"href":"https:\/\/jornalfatosenoticias.com.br\/index.php\/wp-json\/wp\/v2\/comments?post=62632"}],"version-history":[{"count":0,"href":"https:\/\/jornalfatosenoticias.com.br\/index.php\/wp-json\/wp\/v2\/posts\/62632\/revisions"}],"wp:featuredmedia":[{"embeddable":true,"href":"https:\/\/jornalfatosenoticias.com.br\/index.php\/wp-json\/wp\/v2\/media\/62633"}],"wp:attachment":[{"href":"https:\/\/jornalfatosenoticias.com.br\/index.php\/wp-json\/wp\/v2\/media?parent=62632"}],"wp:term":[{"taxonomy":"category","embeddable":true,"href":"https:\/\/jornalfatosenoticias.com.br\/index.php\/wp-json\/wp\/v2\/categories?post=62632"},{"taxonomy":"post_tag","embeddable":true,"href":"https:\/\/jornalfatosenoticias.com.br\/index.php\/wp-json\/wp\/v2\/tags?post=62632"}],"curies":[{"name":"wp","href":"https:\/\/api.w.org\/{rel}","templated":true}]}}