{"id":62635,"date":"2025-10-20T11:29:36","date_gmt":"2025-10-20T14:29:36","guid":{"rendered":"https:\/\/jornalfatosenoticias.com.br\/?p=62635"},"modified":"2025-10-20T11:29:37","modified_gmt":"2025-10-20T14:29:37","slug":"identidade-da-moca-com-o-brinco-de-perola-pode-ter-sido-finalmente-descoberta","status":"publish","type":"post","link":"https:\/\/jornalfatosenoticias.com.br\/index.php\/2025\/10\/20\/identidade-da-moca-com-o-brinco-de-perola-pode-ter-sido-finalmente-descoberta\/","title":{"rendered":"Identidade da \u2018Mo\u00e7a com o Brinco de P\u00e9rola\u2019 pode ter sido finalmente descoberta"},"content":{"rendered":"\n<p><em><span class=\"has-inline-color has-black-color\">Famosa obra de Johannes Vermeer, &#8216;Mo\u00e7a com o Brinco de P\u00e9rola&#8217; pode ter tido identidade de musa inspiradora finalmente desvendada<\/span><\/em><\/p>\n\n\n\n<p><span class=\"has-inline-color has-black-color\">Por <strong><a href=\"https:\/\/aventurasnahistoria.com.br\/noticias\/author\/eric-moreira\">\u00c9ric Moreira<\/a><\/strong><\/span><\/p>\n\n\n\n<div class=\"wp-block-image\"><figure class=\"aligncenter size-large\"><a href=\"https:\/\/www.instagram.com\/rcradiadores\/\"><img loading=\"lazy\" decoding=\"async\" width=\"560\" height=\"60\" src=\"https:\/\/jornalfatosenoticias.com.br\/wp-content\/uploads\/2022\/10\/Propaganda-RC-Radiadores-Jornal_page-0001.jpg\" alt=\"\" class=\"wp-image-35270\" srcset=\"https:\/\/jornalfatosenoticias.com.br\/wp-content\/uploads\/2022\/10\/Propaganda-RC-Radiadores-Jornal_page-0001.jpg 560w, https:\/\/jornalfatosenoticias.com.br\/wp-content\/uploads\/2022\/10\/Propaganda-RC-Radiadores-Jornal_page-0001-300x32.jpg 300w\" sizes=\"auto, (max-width: 560px) 100vw, 560px\" \/><\/a><\/figure><\/div>\n\n\n\n<p>Ap\u00f3s mais de tr\u00eas s\u00e9culos, um historiador da arte alega ter desvendado um dos mist\u00e9rios mais intrigantes da hist\u00f3ria da arte: a identidade da jovem retratada na c\u00e9lebre pintura \u201c<mark>Mo\u00e7a com o Brinco de P\u00e9rola<\/mark>\u201d. No artigo, publicado recentemente no <a href=\"https:\/\/www.thetimes.com\/culture\/art\/article\/the-hidden-meaning-of-vermeers-art-l6vlxt9vf\">Times of London<\/a>,\u00a0<strong>Andrew Graham-Dixon<\/strong> revelou suas descobertas em antecipa\u00e7\u00e3o ao lan\u00e7amento de seu novo livro intitulado \u201cVermeer: A Life Lost and Found\u201d (Vermeer: Uma Vida Perdida e Encontrada).<br>Segundo o especialista, o artista que criou a ic\u00f4nica <a href=\"https:\/\/aventurasnahistoria.com.br\/noticias\/reportagem\/saga-para-proteger-moca-com-brinco-de-perolas-dos-nazistas.phtml\">obra<\/a>\u00a0em 1665,\u00a0<strong>Johannes Vermeer<\/strong>, trabalhou quase exclusivamente para o casal holand\u00eas\u00a0<strong>Pieter Claeszoon van Ruijven<\/strong>\u00a0e\u00a0<strong>Marie de Knuijt<\/strong>, residentes de Delft,\u00a0<a href=\"https:\/\/aventurasnahistoria.com.br\/noticias\/historia-hoje\/ativista-cola-sua-cabeca-pintura-moca-com-brinco-de-perola-na-holanda.phtml\">Pa\u00edses Baixos<\/a>. Este casal pertencia a uma seita crist\u00e3 radical conhecida como\u00a0<mark>Remonstrantes<\/mark>, conforme relatado pelo\u00a0<a href=\"https:\/\/www.telegraph.co.uk\/news\/2025\/10\/12\/identity-vermeer-girl-pearl-earring-discovered-claim\/\">Telegraph<\/a>.<\/p>\n\n\n\n<div class=\"wp-block-image\"><figure class=\"aligncenter size-large\"><a href=\"https:\/\/www.cesconetto.com.br\/\"><img loading=\"lazy\" decoding=\"async\" width=\"300\" height=\"250\" src=\"https:\/\/jornalfatosenoticias.com.br\/wp-content\/uploads\/2022\/02\/Banner-2.png\" alt=\"\" class=\"wp-image-27877\"\/><\/a><\/figure><\/div>\n\n\n\n<p>Com base nessa informa\u00e7\u00e3o, Graham-Dixon sugere que a menina pensativa na pintura \u2014 reconhecida pelo seu ex\u00f3tico turbante e pelo famoso brinco de p\u00e9rola \u2014 \u00e9 provavelmente a\u00a0<mark>filha do patrono<\/mark>, <strong>Magdalena,<\/strong> que na \u00e9poca tinha apenas 10 anos. O historiador observa que a jovem estava vestida como como\u00a0<a href=\"https:\/\/aventurasnahistoria.com.br\/noticias\/reportagem\/chosen-entenda-por-que-maria-madalena-tem-um-nome-diferente-na-serie.phtml\">Maria Madalena<\/a>, uma seguidora de Jesus; enquanto os Remonstrantes\u00a0<mark>modelavam suas vidas inspirando-se em figuras como Maria Madalena e outros disc\u00edpulos<\/mark>, conforme repercute o New York Post.<\/p>\n\n\n\n<div class=\"wp-block-image\"><figure class=\"aligncenter size-large is-resized\"><a href=\"https:\/\/www.instagram.com\/esteio.churrascaria\/\"><img loading=\"lazy\" decoding=\"async\" src=\"https:\/\/jornalfatosenoticias.com.br\/wp-content\/uploads\/2022\/02\/LOGO-ESTEIO-1024x730.png\" alt=\"\" class=\"wp-image-27942\" width=\"358\" height=\"255\" srcset=\"https:\/\/jornalfatosenoticias.com.br\/wp-content\/uploads\/2022\/02\/LOGO-ESTEIO-1024x730.png 1024w, https:\/\/jornalfatosenoticias.com.br\/wp-content\/uploads\/2022\/02\/LOGO-ESTEIO-300x214.png 300w, https:\/\/jornalfatosenoticias.com.br\/wp-content\/uploads\/2022\/02\/LOGO-ESTEIO-768x548.png 768w, https:\/\/jornalfatosenoticias.com.br\/wp-content\/uploads\/2022\/02\/LOGO-ESTEIO.png 1123w\" sizes=\"auto, (max-width: 358px) 100vw, 358px\" \/><\/a><\/figure><\/div>\n\n\n\n<blockquote class=\"wp-block-quote is-layout-flow wp-block-quote-is-layout-flow\"><p><span class=\"has-inline-color has-luminous-vivid-orange-color\">Ela (<strong>Magdalena<\/strong>) teria 12 anos no outono de 1667 e, supondo que fosse uma colegiada, uma ramifica\u00e7\u00e3o mais radical como seus pais, ela teria solenemente firmado seu compromisso com Cristo naquela idade\u201d, afirmou <strong>Graham-Dixon.<\/strong><\/span><\/p><\/blockquote>\n\n\n\n<div class=\"wp-block-image\"><figure class=\"aligncenter size-large is-resized\"><a href=\"https:\/\/legisjuris.com.br\/\"><img loading=\"lazy\" decoding=\"async\" src=\"https:\/\/jornalfatosenoticias.com.br\/wp-content\/uploads\/2024\/09\/Legis-Juris-Consultoria_logo.jpg\" alt=\"\" class=\"wp-image-53915\" width=\"513\" height=\"215\" srcset=\"https:\/\/jornalfatosenoticias.com.br\/wp-content\/uploads\/2024\/09\/Legis-Juris-Consultoria_logo.jpg 969w, https:\/\/jornalfatosenoticias.com.br\/wp-content\/uploads\/2024\/09\/Legis-Juris-Consultoria_logo-300x126.jpg 300w, https:\/\/jornalfatosenoticias.com.br\/wp-content\/uploads\/2024\/09\/Legis-Juris-Consultoria_logo-768x322.jpg 768w\" sizes=\"auto, (max-width: 513px) 100vw, 513px\" \/><\/a><\/figure><\/div>\n\n\n\n<p>Ademais, ele acrescentou que cada obra de Vermeer, que tamb\u00e9m foi educado dentro do contexto Remonstrante e participava de reuni\u00f5es Collegiant, \u201cfoi inspirada pelas cren\u00e7as religiosas valorizadas por Maria de Knuijt e por aqueles pr\u00f3ximos a ela, incluindo o pr\u00f3prio Vermeer\u201d.<\/p>\n\n\n\n<div class=\"wp-block-image\"><figure class=\"aligncenter size-large is-resized\"><a href=\"https:\/\/www.facebook.com\/postobkr\/?locale=pt_BR\"><img loading=\"lazy\" decoding=\"async\" src=\"https:\/\/jornalfatosenoticias.com.br\/wp-content\/uploads\/2023\/08\/BKR-1024x1021.jpg\" alt=\"\" class=\"wp-image-44494\" width=\"293\" height=\"292\" srcset=\"https:\/\/jornalfatosenoticias.com.br\/wp-content\/uploads\/2023\/08\/BKR-1024x1021.jpg 1024w, https:\/\/jornalfatosenoticias.com.br\/wp-content\/uploads\/2023\/08\/BKR-300x300.jpg 300w, https:\/\/jornalfatosenoticias.com.br\/wp-content\/uploads\/2023\/08\/BKR-150x150.jpg 150w, https:\/\/jornalfatosenoticias.com.br\/wp-content\/uploads\/2023\/08\/BKR-768x766.jpg 768w, https:\/\/jornalfatosenoticias.com.br\/wp-content\/uploads\/2023\/08\/BKR.jpg 1080w\" sizes=\"auto, (max-width: 293px) 100vw, 293px\" \/><\/a><\/figure><\/div>\n\n\n\n<p><strong><span class=\"has-inline-color has-black-color\">Debates sobre a descoberta<br><\/span><\/strong>No entanto, a afirma\u00e7\u00e3o de <strong>Graham-Dixon<\/strong>\u00a0suscita\u00a0<mark>debates<\/mark>\u00a0entre especialistas.\u00a0<strong>Ruth Millington<\/strong>, autora do livro \u201cMuse: Uncovering the Hidden Figures Behind Art History\u2019s Masterpieces\u201d, argumenta que a pintura n\u00e3o deve ser encarada simplesmente como uma imita\u00e7\u00e3o da vida real. <\/p>\n\n\n\n<blockquote class=\"wp-block-quote is-layout-flow wp-block-quote-is-layout-flow\"><p><span class=\"has-inline-color has-luminous-vivid-orange-color\">O fasc\u00ednio desta pintura \u00e9 o\u00a0<a href=\"https:\/\/aventurasnahistoria.com.br\/noticias\/historia-hoje\/moca-com-brinco-de-perola-misterio-da-obra-e-finalmente-revelado.phtml\">mist\u00e9rio<\/a>\u00a0da musa\u201d, declarou ao\u00a0<a href=\"https:\/\/www.dailymail.co.uk\/news\/article-15186729\/Identity-Girl-Pearl-Earring-revealed-Vermeer-daughter.html\">Daily Mail<\/a>. \u201cN\u00e3o se trata de um retrato direto de um modelo facilmente identific\u00e1vel, mas sim de um \u2018tronie\u2019, a\u00a0<mark>imagem de uma figura imagin\u00e1ria<\/mark>. Muitas vezes, as pessoas interpretam pinturas como puramente biogr\u00e1ficas, quando h\u00e1 mais complexidade nelas\u201d.<\/span><\/p><\/blockquote>\n\n\n\n<div class=\"wp-block-image\"><figure class=\"aligncenter size-large is-resized\"><a href=\"https:\/\/hotelmarquetti.com.br\/\"><img loading=\"lazy\" decoding=\"async\" src=\"https:\/\/jornalfatosenoticias.com.br\/wp-content\/uploads\/2020\/02\/LOGO-MQ-1024x680.jpg\" alt=\"\" class=\"wp-image-58299\" width=\"330\" height=\"219\" srcset=\"https:\/\/jornalfatosenoticias.com.br\/wp-content\/uploads\/2020\/02\/LOGO-MQ-1024x680.jpg 1024w, https:\/\/jornalfatosenoticias.com.br\/wp-content\/uploads\/2020\/02\/LOGO-MQ-300x199.jpg 300w, https:\/\/jornalfatosenoticias.com.br\/wp-content\/uploads\/2020\/02\/LOGO-MQ-768x510.jpg 768w, https:\/\/jornalfatosenoticias.com.br\/wp-content\/uploads\/2020\/02\/LOGO-MQ-1536x1020.jpg 1536w, https:\/\/jornalfatosenoticias.com.br\/wp-content\/uploads\/2020\/02\/LOGO-MQ-2048x1360.jpg 2048w\" sizes=\"auto, (max-width: 330px) 100vw, 330px\" \/><\/a><\/figure><\/div>\n\n\n\n<p>Diferente de alguns contempor\u00e2neos holandeses, Vermeer era conhecido por instigar os espectadores ao ocultar significados em sua arte, conforme reportado pela BBC. A autora <strong>Tracy Chevalier<\/strong>, respons\u00e1vel pelo romance \u201c<a href=\"https:\/\/aventurasnahistoria.com.br\/noticias\/reportagem\/5-detalhes-escondidos-na-obra-moca-com-brinco-de-perola.phtml\">A Mo\u00e7a com o Brinco de P\u00e9rola<\/a>\u201d (obra que inspirou o filme hom\u00f4nimo de 2003 com Scarlett Johansson), tamb\u00e9m comentou sobre a quest\u00e3o. Ela afirmou que \u201c<mark>a imagem funciona porque n\u00e3o \u00e9 resolvida<\/mark>\u201d.<\/p>\n\n\n\n<div class=\"wp-block-image\"><figure class=\"aligncenter size-large\"><a href=\"http:\/\/www.ferrarimaquinas.com.br\/\"><img loading=\"lazy\" decoding=\"async\" width=\"300\" height=\"250\" src=\"https:\/\/jornalfatosenoticias.com.br\/wp-content\/uploads\/2022\/02\/FERRARI_MAQUINAS-E-FERRAMENTAS2.jpg\" alt=\"\" class=\"wp-image-27860\"\/><\/a><\/figure><\/div>\n\n\n\n<blockquote class=\"wp-block-quote is-layout-flow wp-block-quote-is-layout-flow\"><p><span class=\"has-inline-color has-luminous-vivid-orange-color\">Voc\u00ea nunca consegue responder \u00e0 pergunta sobre o que ela est\u00e1 pensando ou como ela est\u00e1 se sentindo\u201d, disse <strong>Chevalier<\/strong> ao descrever a express\u00e3o serena da jovem retratada. \u201cSe a quest\u00e3o fosse resolvida, voc\u00ea passaria para a pr\u00f3xima pintura\u201d.<\/span><\/p><\/blockquote>\n\n\n\n<div class=\"wp-block-image\"><figure class=\"aligncenter size-large is-resized\"><a href=\"https:\/\/www.facebook.com\/vetor.vix\/\"><img loading=\"lazy\" decoding=\"async\" src=\"https:\/\/jornalfatosenoticias.com.br\/wp-content\/uploads\/2023\/09\/vetorvix1024_1.jpg\" alt=\"\" class=\"wp-image-44868\" width=\"543\" height=\"144\" srcset=\"https:\/\/jornalfatosenoticias.com.br\/wp-content\/uploads\/2023\/09\/vetorvix1024_1.jpg 1024w, https:\/\/jornalfatosenoticias.com.br\/wp-content\/uploads\/2023\/09\/vetorvix1024_1-300x80.jpg 300w, https:\/\/jornalfatosenoticias.com.br\/wp-content\/uploads\/2023\/09\/vetorvix1024_1-768x205.jpg 768w\" sizes=\"auto, (max-width: 543px) 100vw, 543px\" \/><\/a><\/figure><\/div>\n\n\n\n<p><strong>Fonte: Aventuras na Hist\u00f3ria<\/strong><\/p>\n","protected":false},"excerpt":{"rendered":"<p>Famosa obra de Johannes Vermeer, &#8216;Mo\u00e7a com o Brinco de P\u00e9rola&#8217; pode ter tido identidade de musa inspiradora finalmente desvendada Por \u00c9ric Moreira Ap\u00f3s mais de tr\u00eas s\u00e9culos, um historiador da arte alega ter desvendado um dos mist\u00e9rios mais intrigantes da hist\u00f3ria da arte: a identidade da jovem retratada na c\u00e9lebre pintura \u201cMo\u00e7a com o [&hellip;]<\/p>\n","protected":false},"author":2,"featured_media":62636,"comment_status":"open","ping_status":"open","sticky":false,"template":"","format":"standard","meta":{"footnotes":""},"categories":[4],"tags":[28570,3677,1850,714,249,8881,2347,322,115],"class_list":["post-62635","post","type-post","status-publish","format-standard","has-post-thumbnail","hentry","category-cultura","tag-moca-com-o-brinco-de-perola","tag-arte","tag-curiosidades","tag-estudo","tag-historia","tag-identidade","tag-johannes-vermeer","tag-mundo","tag-pesquisa"],"yoast_head":"<!-- This site is optimized with the Yoast SEO plugin v26.5 - https:\/\/yoast.com\/wordpress\/plugins\/seo\/ -->\n<title>Identidade da \u2018Mo\u00e7a com o Brinco de P\u00e9rola\u2019 pode ter sido finalmente descoberta - Jornal Fatos e Not\u00edcias<\/title>\n<meta name=\"robots\" content=\"index, follow, max-snippet:-1, max-image-preview:large, max-video-preview:-1\" \/>\n<link rel=\"canonical\" href=\"https:\/\/jornalfatosenoticias.com.br\/index.php\/2025\/10\/20\/identidade-da-moca-com-o-brinco-de-perola-pode-ter-sido-finalmente-descoberta\/\" \/>\n<meta property=\"og:locale\" content=\"pt_BR\" \/>\n<meta property=\"og:type\" content=\"article\" \/>\n<meta property=\"og:title\" content=\"Identidade da \u2018Mo\u00e7a com o Brinco de P\u00e9rola\u2019 pode ter sido finalmente descoberta - Jornal Fatos e Not\u00edcias\" \/>\n<meta property=\"og:description\" content=\"Famosa obra de Johannes Vermeer, &#8216;Mo\u00e7a com o Brinco de P\u00e9rola&#8217; pode ter tido identidade de musa inspiradora finalmente desvendada Por \u00c9ric Moreira Ap\u00f3s mais de tr\u00eas s\u00e9culos, um historiador da arte alega ter desvendado um dos mist\u00e9rios mais intrigantes da hist\u00f3ria da arte: a identidade da jovem retratada na c\u00e9lebre pintura \u201cMo\u00e7a com o [&hellip;]\" \/>\n<meta property=\"og:url\" content=\"https:\/\/jornalfatosenoticias.com.br\/index.php\/2025\/10\/20\/identidade-da-moca-com-o-brinco-de-perola-pode-ter-sido-finalmente-descoberta\/\" \/>\n<meta property=\"og:site_name\" content=\"Jornal Fatos e Not\u00edcias\" \/>\n<meta property=\"article:published_time\" content=\"2025-10-20T14:29:36+00:00\" \/>\n<meta property=\"article:modified_time\" content=\"2025-10-20T14:29:37+00:00\" \/>\n<meta property=\"og:image\" content=\"https:\/\/jornalfatosenoticias.com.br\/wp-content\/uploads\/2025\/10\/moca-com-brinco-de-perola-FOTO-DOMINIO-PUBLICO.jpg\" \/>\n\t<meta property=\"og:image:width\" content=\"800\" \/>\n\t<meta property=\"og:image:height\" content=\"450\" \/>\n\t<meta property=\"og:image:type\" content=\"image\/jpeg\" \/>\n<meta name=\"author\" content=\"Luzimara Fernandes\" \/>\n<meta name=\"twitter:card\" content=\"summary_large_image\" \/>\n<meta name=\"twitter:label1\" content=\"Escrito por\" \/>\n\t<meta name=\"twitter:data1\" content=\"Luzimara Fernandes\" \/>\n\t<meta name=\"twitter:label2\" content=\"Est. tempo de leitura\" \/>\n\t<meta name=\"twitter:data2\" content=\"3 minutos\" \/>\n<script type=\"application\/ld+json\" class=\"yoast-schema-graph\">{\"@context\":\"https:\/\/schema.org\",\"@graph\":[{\"@type\":\"Article\",\"@id\":\"https:\/\/jornalfatosenoticias.com.br\/index.php\/2025\/10\/20\/identidade-da-moca-com-o-brinco-de-perola-pode-ter-sido-finalmente-descoberta\/#article\",\"isPartOf\":{\"@id\":\"https:\/\/jornalfatosenoticias.com.br\/index.php\/2025\/10\/20\/identidade-da-moca-com-o-brinco-de-perola-pode-ter-sido-finalmente-descoberta\/\"},\"author\":{\"name\":\"Luzimara Fernandes\",\"@id\":\"https:\/\/jornalfatosenoticias.com.br\/#\/schema\/person\/d63837fa13ac8666eb9e74e0985d6f81\"},\"headline\":\"Identidade da \u2018Mo\u00e7a com o Brinco de P\u00e9rola\u2019 pode ter sido finalmente descoberta\",\"datePublished\":\"2025-10-20T14:29:36+00:00\",\"dateModified\":\"2025-10-20T14:29:37+00:00\",\"mainEntityOfPage\":{\"@id\":\"https:\/\/jornalfatosenoticias.com.br\/index.php\/2025\/10\/20\/identidade-da-moca-com-o-brinco-de-perola-pode-ter-sido-finalmente-descoberta\/\"},\"wordCount\":541,\"commentCount\":0,\"publisher\":{\"@id\":\"https:\/\/jornalfatosenoticias.com.br\/#organization\"},\"image\":{\"@id\":\"https:\/\/jornalfatosenoticias.com.br\/index.php\/2025\/10\/20\/identidade-da-moca-com-o-brinco-de-perola-pode-ter-sido-finalmente-descoberta\/#primaryimage\"},\"thumbnailUrl\":\"https:\/\/jornalfatosenoticias.com.br\/wp-content\/uploads\/2025\/10\/moca-com-brinco-de-perola-FOTO-DOMINIO-PUBLICO.jpg\",\"keywords\":[\"&quot;Mo\u00e7a com o Brinco de P\u00e9rola&quot;\",\"arte\",\"curiosidades\",\"Estudo\",\"hist\u00f3ria\",\"identidade\",\"Johannes Vermeer\",\"mundo\",\"pesquisa\"],\"articleSection\":[\"Cultura\"],\"inLanguage\":\"pt-BR\",\"potentialAction\":[{\"@type\":\"CommentAction\",\"name\":\"Comment\",\"target\":[\"https:\/\/jornalfatosenoticias.com.br\/index.php\/2025\/10\/20\/identidade-da-moca-com-o-brinco-de-perola-pode-ter-sido-finalmente-descoberta\/#respond\"]}]},{\"@type\":\"WebPage\",\"@id\":\"https:\/\/jornalfatosenoticias.com.br\/index.php\/2025\/10\/20\/identidade-da-moca-com-o-brinco-de-perola-pode-ter-sido-finalmente-descoberta\/\",\"url\":\"https:\/\/jornalfatosenoticias.com.br\/index.php\/2025\/10\/20\/identidade-da-moca-com-o-brinco-de-perola-pode-ter-sido-finalmente-descoberta\/\",\"name\":\"Identidade da \u2018Mo\u00e7a com o Brinco de P\u00e9rola\u2019 pode ter sido finalmente descoberta - Jornal Fatos e Not\u00edcias\",\"isPartOf\":{\"@id\":\"https:\/\/jornalfatosenoticias.com.br\/#website\"},\"primaryImageOfPage\":{\"@id\":\"https:\/\/jornalfatosenoticias.com.br\/index.php\/2025\/10\/20\/identidade-da-moca-com-o-brinco-de-perola-pode-ter-sido-finalmente-descoberta\/#primaryimage\"},\"image\":{\"@id\":\"https:\/\/jornalfatosenoticias.com.br\/index.php\/2025\/10\/20\/identidade-da-moca-com-o-brinco-de-perola-pode-ter-sido-finalmente-descoberta\/#primaryimage\"},\"thumbnailUrl\":\"https:\/\/jornalfatosenoticias.com.br\/wp-content\/uploads\/2025\/10\/moca-com-brinco-de-perola-FOTO-DOMINIO-PUBLICO.jpg\",\"datePublished\":\"2025-10-20T14:29:36+00:00\",\"dateModified\":\"2025-10-20T14:29:37+00:00\",\"breadcrumb\":{\"@id\":\"https:\/\/jornalfatosenoticias.com.br\/index.php\/2025\/10\/20\/identidade-da-moca-com-o-brinco-de-perola-pode-ter-sido-finalmente-descoberta\/#breadcrumb\"},\"inLanguage\":\"pt-BR\",\"potentialAction\":[{\"@type\":\"ReadAction\",\"target\":[\"https:\/\/jornalfatosenoticias.com.br\/index.php\/2025\/10\/20\/identidade-da-moca-com-o-brinco-de-perola-pode-ter-sido-finalmente-descoberta\/\"]}]},{\"@type\":\"ImageObject\",\"inLanguage\":\"pt-BR\",\"@id\":\"https:\/\/jornalfatosenoticias.com.br\/index.php\/2025\/10\/20\/identidade-da-moca-com-o-brinco-de-perola-pode-ter-sido-finalmente-descoberta\/#primaryimage\",\"url\":\"https:\/\/jornalfatosenoticias.com.br\/wp-content\/uploads\/2025\/10\/moca-com-brinco-de-perola-FOTO-DOMINIO-PUBLICO.jpg\",\"contentUrl\":\"https:\/\/jornalfatosenoticias.com.br\/wp-content\/uploads\/2025\/10\/moca-com-brinco-de-perola-FOTO-DOMINIO-PUBLICO.jpg\",\"width\":800,\"height\":450},{\"@type\":\"BreadcrumbList\",\"@id\":\"https:\/\/jornalfatosenoticias.com.br\/index.php\/2025\/10\/20\/identidade-da-moca-com-o-brinco-de-perola-pode-ter-sido-finalmente-descoberta\/#breadcrumb\",\"itemListElement\":[{\"@type\":\"ListItem\",\"position\":1,\"name\":\"In\u00edcio\",\"item\":\"https:\/\/jornalfatosenoticias.com.br\/\"},{\"@type\":\"ListItem\",\"position\":2,\"name\":\"Identidade da \u2018Mo\u00e7a com o Brinco de P\u00e9rola\u2019 pode ter sido finalmente descoberta\"}]},{\"@type\":\"WebSite\",\"@id\":\"https:\/\/jornalfatosenoticias.com.br\/#website\",\"url\":\"https:\/\/jornalfatosenoticias.com.br\/\",\"name\":\"Jornal Fatos e Not\u00edcias\",\"description\":\"Not\u00edcias em geral\",\"publisher\":{\"@id\":\"https:\/\/jornalfatosenoticias.com.br\/#organization\"},\"potentialAction\":[{\"@type\":\"SearchAction\",\"target\":{\"@type\":\"EntryPoint\",\"urlTemplate\":\"https:\/\/jornalfatosenoticias.com.br\/?s={search_term_string}\"},\"query-input\":{\"@type\":\"PropertyValueSpecification\",\"valueRequired\":true,\"valueName\":\"search_term_string\"}}],\"inLanguage\":\"pt-BR\"},{\"@type\":\"Organization\",\"@id\":\"https:\/\/jornalfatosenoticias.com.br\/#organization\",\"name\":\"Jornal Fatos e Not\u00edcias\",\"url\":\"https:\/\/jornalfatosenoticias.com.br\/\",\"logo\":{\"@type\":\"ImageObject\",\"inLanguage\":\"pt-BR\",\"@id\":\"https:\/\/jornalfatosenoticias.com.br\/#\/schema\/logo\/image\/\",\"url\":\"https:\/\/jornalfatosenoticias.com.br\/wp-content\/uploads\/2020\/02\/logo120.png\",\"contentUrl\":\"https:\/\/jornalfatosenoticias.com.br\/wp-content\/uploads\/2020\/02\/logo120.png\",\"width\":1227,\"height\":120,\"caption\":\"Jornal Fatos e Not\u00edcias\"},\"image\":{\"@id\":\"https:\/\/jornalfatosenoticias.com.br\/#\/schema\/logo\/image\/\"}},{\"@type\":\"Person\",\"@id\":\"https:\/\/jornalfatosenoticias.com.br\/#\/schema\/person\/d63837fa13ac8666eb9e74e0985d6f81\",\"name\":\"Luzimara Fernandes\",\"image\":{\"@type\":\"ImageObject\",\"inLanguage\":\"pt-BR\",\"@id\":\"https:\/\/jornalfatosenoticias.com.br\/#\/schema\/person\/image\/\",\"url\":\"https:\/\/jornalfatosenoticias.com.br\/wp-content\/uploads\/2025\/05\/EU_portal.jpg\",\"contentUrl\":\"https:\/\/jornalfatosenoticias.com.br\/wp-content\/uploads\/2025\/05\/EU_portal.jpg\",\"caption\":\"Luzimara Fernandes\"},\"description\":\"Jornalista MTB 2358-ES\",\"sameAs\":[\"https:\/\/jornalfatosenoticias.com.br\"],\"url\":\"https:\/\/jornalfatosenoticias.com.br\/index.php\/author\/luzimara\/\"}]}<\/script>\n<!-- \/ Yoast SEO plugin. -->","yoast_head_json":{"title":"Identidade da \u2018Mo\u00e7a com o Brinco de P\u00e9rola\u2019 pode ter sido finalmente descoberta - Jornal Fatos e Not\u00edcias","robots":{"index":"index","follow":"follow","max-snippet":"max-snippet:-1","max-image-preview":"max-image-preview:large","max-video-preview":"max-video-preview:-1"},"canonical":"https:\/\/jornalfatosenoticias.com.br\/index.php\/2025\/10\/20\/identidade-da-moca-com-o-brinco-de-perola-pode-ter-sido-finalmente-descoberta\/","og_locale":"pt_BR","og_type":"article","og_title":"Identidade da \u2018Mo\u00e7a com o Brinco de P\u00e9rola\u2019 pode ter sido finalmente descoberta - Jornal Fatos e Not\u00edcias","og_description":"Famosa obra de Johannes Vermeer, &#8216;Mo\u00e7a com o Brinco de P\u00e9rola&#8217; pode ter tido identidade de musa inspiradora finalmente desvendada Por \u00c9ric Moreira Ap\u00f3s mais de tr\u00eas s\u00e9culos, um historiador da arte alega ter desvendado um dos mist\u00e9rios mais intrigantes da hist\u00f3ria da arte: a identidade da jovem retratada na c\u00e9lebre pintura \u201cMo\u00e7a com o [&hellip;]","og_url":"https:\/\/jornalfatosenoticias.com.br\/index.php\/2025\/10\/20\/identidade-da-moca-com-o-brinco-de-perola-pode-ter-sido-finalmente-descoberta\/","og_site_name":"Jornal Fatos e Not\u00edcias","article_published_time":"2025-10-20T14:29:36+00:00","article_modified_time":"2025-10-20T14:29:37+00:00","og_image":[{"width":800,"height":450,"url":"https:\/\/jornalfatosenoticias.com.br\/wp-content\/uploads\/2025\/10\/moca-com-brinco-de-perola-FOTO-DOMINIO-PUBLICO.jpg","type":"image\/jpeg"}],"author":"Luzimara Fernandes","twitter_card":"summary_large_image","twitter_misc":{"Escrito por":"Luzimara Fernandes","Est. tempo de leitura":"3 minutos"},"schema":{"@context":"https:\/\/schema.org","@graph":[{"@type":"Article","@id":"https:\/\/jornalfatosenoticias.com.br\/index.php\/2025\/10\/20\/identidade-da-moca-com-o-brinco-de-perola-pode-ter-sido-finalmente-descoberta\/#article","isPartOf":{"@id":"https:\/\/jornalfatosenoticias.com.br\/index.php\/2025\/10\/20\/identidade-da-moca-com-o-brinco-de-perola-pode-ter-sido-finalmente-descoberta\/"},"author":{"name":"Luzimara Fernandes","@id":"https:\/\/jornalfatosenoticias.com.br\/#\/schema\/person\/d63837fa13ac8666eb9e74e0985d6f81"},"headline":"Identidade da \u2018Mo\u00e7a com o Brinco de P\u00e9rola\u2019 pode ter sido finalmente descoberta","datePublished":"2025-10-20T14:29:36+00:00","dateModified":"2025-10-20T14:29:37+00:00","mainEntityOfPage":{"@id":"https:\/\/jornalfatosenoticias.com.br\/index.php\/2025\/10\/20\/identidade-da-moca-com-o-brinco-de-perola-pode-ter-sido-finalmente-descoberta\/"},"wordCount":541,"commentCount":0,"publisher":{"@id":"https:\/\/jornalfatosenoticias.com.br\/#organization"},"image":{"@id":"https:\/\/jornalfatosenoticias.com.br\/index.php\/2025\/10\/20\/identidade-da-moca-com-o-brinco-de-perola-pode-ter-sido-finalmente-descoberta\/#primaryimage"},"thumbnailUrl":"https:\/\/jornalfatosenoticias.com.br\/wp-content\/uploads\/2025\/10\/moca-com-brinco-de-perola-FOTO-DOMINIO-PUBLICO.jpg","keywords":["&quot;Mo\u00e7a com o Brinco de P\u00e9rola&quot;","arte","curiosidades","Estudo","hist\u00f3ria","identidade","Johannes Vermeer","mundo","pesquisa"],"articleSection":["Cultura"],"inLanguage":"pt-BR","potentialAction":[{"@type":"CommentAction","name":"Comment","target":["https:\/\/jornalfatosenoticias.com.br\/index.php\/2025\/10\/20\/identidade-da-moca-com-o-brinco-de-perola-pode-ter-sido-finalmente-descoberta\/#respond"]}]},{"@type":"WebPage","@id":"https:\/\/jornalfatosenoticias.com.br\/index.php\/2025\/10\/20\/identidade-da-moca-com-o-brinco-de-perola-pode-ter-sido-finalmente-descoberta\/","url":"https:\/\/jornalfatosenoticias.com.br\/index.php\/2025\/10\/20\/identidade-da-moca-com-o-brinco-de-perola-pode-ter-sido-finalmente-descoberta\/","name":"Identidade da \u2018Mo\u00e7a com o Brinco de P\u00e9rola\u2019 pode ter sido finalmente descoberta - Jornal Fatos e Not\u00edcias","isPartOf":{"@id":"https:\/\/jornalfatosenoticias.com.br\/#website"},"primaryImageOfPage":{"@id":"https:\/\/jornalfatosenoticias.com.br\/index.php\/2025\/10\/20\/identidade-da-moca-com-o-brinco-de-perola-pode-ter-sido-finalmente-descoberta\/#primaryimage"},"image":{"@id":"https:\/\/jornalfatosenoticias.com.br\/index.php\/2025\/10\/20\/identidade-da-moca-com-o-brinco-de-perola-pode-ter-sido-finalmente-descoberta\/#primaryimage"},"thumbnailUrl":"https:\/\/jornalfatosenoticias.com.br\/wp-content\/uploads\/2025\/10\/moca-com-brinco-de-perola-FOTO-DOMINIO-PUBLICO.jpg","datePublished":"2025-10-20T14:29:36+00:00","dateModified":"2025-10-20T14:29:37+00:00","breadcrumb":{"@id":"https:\/\/jornalfatosenoticias.com.br\/index.php\/2025\/10\/20\/identidade-da-moca-com-o-brinco-de-perola-pode-ter-sido-finalmente-descoberta\/#breadcrumb"},"inLanguage":"pt-BR","potentialAction":[{"@type":"ReadAction","target":["https:\/\/jornalfatosenoticias.com.br\/index.php\/2025\/10\/20\/identidade-da-moca-com-o-brinco-de-perola-pode-ter-sido-finalmente-descoberta\/"]}]},{"@type":"ImageObject","inLanguage":"pt-BR","@id":"https:\/\/jornalfatosenoticias.com.br\/index.php\/2025\/10\/20\/identidade-da-moca-com-o-brinco-de-perola-pode-ter-sido-finalmente-descoberta\/#primaryimage","url":"https:\/\/jornalfatosenoticias.com.br\/wp-content\/uploads\/2025\/10\/moca-com-brinco-de-perola-FOTO-DOMINIO-PUBLICO.jpg","contentUrl":"https:\/\/jornalfatosenoticias.com.br\/wp-content\/uploads\/2025\/10\/moca-com-brinco-de-perola-FOTO-DOMINIO-PUBLICO.jpg","width":800,"height":450},{"@type":"BreadcrumbList","@id":"https:\/\/jornalfatosenoticias.com.br\/index.php\/2025\/10\/20\/identidade-da-moca-com-o-brinco-de-perola-pode-ter-sido-finalmente-descoberta\/#breadcrumb","itemListElement":[{"@type":"ListItem","position":1,"name":"In\u00edcio","item":"https:\/\/jornalfatosenoticias.com.br\/"},{"@type":"ListItem","position":2,"name":"Identidade da \u2018Mo\u00e7a com o Brinco de P\u00e9rola\u2019 pode ter sido finalmente descoberta"}]},{"@type":"WebSite","@id":"https:\/\/jornalfatosenoticias.com.br\/#website","url":"https:\/\/jornalfatosenoticias.com.br\/","name":"Jornal Fatos e Not\u00edcias","description":"Not\u00edcias em geral","publisher":{"@id":"https:\/\/jornalfatosenoticias.com.br\/#organization"},"potentialAction":[{"@type":"SearchAction","target":{"@type":"EntryPoint","urlTemplate":"https:\/\/jornalfatosenoticias.com.br\/?s={search_term_string}"},"query-input":{"@type":"PropertyValueSpecification","valueRequired":true,"valueName":"search_term_string"}}],"inLanguage":"pt-BR"},{"@type":"Organization","@id":"https:\/\/jornalfatosenoticias.com.br\/#organization","name":"Jornal Fatos e Not\u00edcias","url":"https:\/\/jornalfatosenoticias.com.br\/","logo":{"@type":"ImageObject","inLanguage":"pt-BR","@id":"https:\/\/jornalfatosenoticias.com.br\/#\/schema\/logo\/image\/","url":"https:\/\/jornalfatosenoticias.com.br\/wp-content\/uploads\/2020\/02\/logo120.png","contentUrl":"https:\/\/jornalfatosenoticias.com.br\/wp-content\/uploads\/2020\/02\/logo120.png","width":1227,"height":120,"caption":"Jornal Fatos e Not\u00edcias"},"image":{"@id":"https:\/\/jornalfatosenoticias.com.br\/#\/schema\/logo\/image\/"}},{"@type":"Person","@id":"https:\/\/jornalfatosenoticias.com.br\/#\/schema\/person\/d63837fa13ac8666eb9e74e0985d6f81","name":"Luzimara Fernandes","image":{"@type":"ImageObject","inLanguage":"pt-BR","@id":"https:\/\/jornalfatosenoticias.com.br\/#\/schema\/person\/image\/","url":"https:\/\/jornalfatosenoticias.com.br\/wp-content\/uploads\/2025\/05\/EU_portal.jpg","contentUrl":"https:\/\/jornalfatosenoticias.com.br\/wp-content\/uploads\/2025\/05\/EU_portal.jpg","caption":"Luzimara Fernandes"},"description":"Jornalista MTB 2358-ES","sameAs":["https:\/\/jornalfatosenoticias.com.br"],"url":"https:\/\/jornalfatosenoticias.com.br\/index.php\/author\/luzimara\/"}]}},"cc_featured_image_caption":{"caption_text":"(Foto: Dom\u00ednio P\u00fablico) ","source_text":"","source_url":""},"jetpack_featured_media_url":"https:\/\/jornalfatosenoticias.com.br\/wp-content\/uploads\/2025\/10\/moca-com-brinco-de-perola-FOTO-DOMINIO-PUBLICO.jpg","_links":{"self":[{"href":"https:\/\/jornalfatosenoticias.com.br\/index.php\/wp-json\/wp\/v2\/posts\/62635","targetHints":{"allow":["GET"]}}],"collection":[{"href":"https:\/\/jornalfatosenoticias.com.br\/index.php\/wp-json\/wp\/v2\/posts"}],"about":[{"href":"https:\/\/jornalfatosenoticias.com.br\/index.php\/wp-json\/wp\/v2\/types\/post"}],"author":[{"embeddable":true,"href":"https:\/\/jornalfatosenoticias.com.br\/index.php\/wp-json\/wp\/v2\/users\/2"}],"replies":[{"embeddable":true,"href":"https:\/\/jornalfatosenoticias.com.br\/index.php\/wp-json\/wp\/v2\/comments?post=62635"}],"version-history":[{"count":0,"href":"https:\/\/jornalfatosenoticias.com.br\/index.php\/wp-json\/wp\/v2\/posts\/62635\/revisions"}],"wp:featuredmedia":[{"embeddable":true,"href":"https:\/\/jornalfatosenoticias.com.br\/index.php\/wp-json\/wp\/v2\/media\/62636"}],"wp:attachment":[{"href":"https:\/\/jornalfatosenoticias.com.br\/index.php\/wp-json\/wp\/v2\/media?parent=62635"}],"wp:term":[{"taxonomy":"category","embeddable":true,"href":"https:\/\/jornalfatosenoticias.com.br\/index.php\/wp-json\/wp\/v2\/categories?post=62635"},{"taxonomy":"post_tag","embeddable":true,"href":"https:\/\/jornalfatosenoticias.com.br\/index.php\/wp-json\/wp\/v2\/tags?post=62635"}],"curies":[{"name":"wp","href":"https:\/\/api.w.org\/{rel}","templated":true}]}}