{"id":62647,"date":"2025-10-20T12:00:19","date_gmt":"2025-10-20T15:00:19","guid":{"rendered":"https:\/\/jornalfatosenoticias.com.br\/?p=62647"},"modified":"2025-10-20T12:00:20","modified_gmt":"2025-10-20T15:00:20","slug":"telescopio-espacial-flagra-pela-1-a-vez-o-nascimento-de-um-exoplaneta","status":"publish","type":"post","link":"https:\/\/jornalfatosenoticias.com.br\/index.php\/2025\/10\/20\/telescopio-espacial-flagra-pela-1-a-vez-o-nascimento-de-um-exoplaneta\/","title":{"rendered":"Telesc\u00f3pio espacial flagra pela 1.\u00aa vez o nascimento de um exoplaneta"},"content":{"rendered":"\n<div class=\"wp-block-image\"><figure class=\"aligncenter size-large\"><a href=\"https:\/\/panper.com.br\/\"><img loading=\"lazy\" decoding=\"async\" width=\"1024\" height=\"111\" src=\"https:\/\/jornalfatosenoticias.com.br\/wp-content\/uploads\/2020\/02\/WhatsApp-Image-2022-09-23-at-12.09.18-1024x111.jpeg\" alt=\"\" class=\"wp-image-34527\" srcset=\"https:\/\/jornalfatosenoticias.com.br\/wp-content\/uploads\/2020\/02\/WhatsApp-Image-2022-09-23-at-12.09.18-1024x111.jpeg 1024w, https:\/\/jornalfatosenoticias.com.br\/wp-content\/uploads\/2020\/02\/WhatsApp-Image-2022-09-23-at-12.09.18-300x32.jpeg 300w, https:\/\/jornalfatosenoticias.com.br\/wp-content\/uploads\/2020\/02\/WhatsApp-Image-2022-09-23-at-12.09.18-768x83.jpeg 768w, https:\/\/jornalfatosenoticias.com.br\/wp-content\/uploads\/2020\/02\/WhatsApp-Image-2022-09-23-at-12.09.18.jpeg 1121w\" sizes=\"auto, (max-width: 1024px) 100vw, 1024px\" \/><\/a><\/figure><\/div>\n\n\n\n<p>Astr\u00f4nomos captaram pela primeira vez a imagem de um planeta em forma\u00e7\u00e3o no interior de um disco protoplanet\u00e1rio. O gigante gasoso, de cinco vezes a massa de J\u00fapiter, revela como os mundos se formam ao reunir material em torno de estrelas jovens.<br>A <a href=\"https:\/\/noticiabrasil.net.br\/20251011\/astronomos-registram-pela-1-vez-imagem-de-2-buracos-negros-orbitando-juntos-em-quasar-distante-44126388.html\" target=\"_blank\" rel=\"noreferrer noopener\">imagem in\u00e9dita<\/a> de um planeta em forma\u00e7\u00e3o, chamado WISPIT 2b, aninhado dentro de um anel de poeira ao redor de sua jovem estrela-m\u00e3e, a WISPIT 2, foi capturada pela primeira vez por astr\u00f4nomos, oferecendo uma vis\u00e3o sem precedentes do processo de forma\u00e7\u00e3o planet\u00e1ria. Ap\u00f3s as primeiras an\u00e1lises das imagens, WISPIT 2b revelou ser um protoplaneta gasoso com cerca de cinco vezes a massa de J\u00fapiter e apenas cinco milh\u00f5es de anos.<\/p>\n\n\n\n<div class=\"wp-block-image\"><figure class=\"aligncenter size-large is-resized\"><a href=\"https:\/\/www.facebook.com\/postobkr\/?locale=pt_BR\"><img loading=\"lazy\" decoding=\"async\" src=\"https:\/\/jornalfatosenoticias.com.br\/wp-content\/uploads\/2023\/08\/BKR-1024x1021.jpg\" alt=\"\" class=\"wp-image-44494\" width=\"296\" height=\"295\" srcset=\"https:\/\/jornalfatosenoticias.com.br\/wp-content\/uploads\/2023\/08\/BKR-1024x1021.jpg 1024w, https:\/\/jornalfatosenoticias.com.br\/wp-content\/uploads\/2023\/08\/BKR-300x300.jpg 300w, https:\/\/jornalfatosenoticias.com.br\/wp-content\/uploads\/2023\/08\/BKR-150x150.jpg 150w, https:\/\/jornalfatosenoticias.com.br\/wp-content\/uploads\/2023\/08\/BKR-768x766.jpg 768w, https:\/\/jornalfatosenoticias.com.br\/wp-content\/uploads\/2023\/08\/BKR.jpg 1080w\" sizes=\"auto, (max-width: 296px) 100vw, 296px\" \/><\/a><\/figure><\/div>\n\n\n\n<p>Utilizando o Telesc\u00f3pio Magellan, no Chile, e o Grande Telesc\u00f3pio Binocular, no Arizona, os cientistas observaram o WISPIT 2b reunindo material dentro de uma lacuna em forma de anel no <a href=\"https:\/\/noticiabrasil.net.br\/20250830\/astronomos-detectam-1-exoplaneta-no-disco-de-multiplos-aneis-em-torno-de-uma-estrela-foto-42850707.html\" target=\"_blank\" rel=\"noreferrer noopener\">disco protoplanet\u00e1rio<\/a>. Essa imagem representa a primeira evid\u00eancia direta de um planeta em crescimento no espa\u00e7o que ele pr\u00f3prio est\u00e1 moldando, confirmando teorias antigas sobre a forma\u00e7\u00e3o de gigantes gasosos.<\/p>\n\n\n\n<div class=\"wp-block-image\"><figure class=\"aligncenter size-large\"><img loading=\"lazy\" decoding=\"async\" width=\"1000\" height=\"562\" src=\"https:\/\/jornalfatosenoticias.com.br\/wp-content\/uploads\/2025\/10\/nascimento-de-um-exoplaneta2.jpg\" alt=\"\" class=\"wp-image-62648\" srcset=\"https:\/\/jornalfatosenoticias.com.br\/wp-content\/uploads\/2025\/10\/nascimento-de-um-exoplaneta2.jpg 1000w, https:\/\/jornalfatosenoticias.com.br\/wp-content\/uploads\/2025\/10\/nascimento-de-um-exoplaneta2-300x169.jpg 300w, https:\/\/jornalfatosenoticias.com.br\/wp-content\/uploads\/2025\/10\/nascimento-de-um-exoplaneta2-768x432.jpg 768w\" sizes=\"auto, (max-width: 1000px) 100vw, 1000px\" \/><figcaption><em><span class=\"has-inline-color has-black-color\">Conceito art\u00edstico descreve o protoplaneta WISPIT 2b acumulando mat\u00e9ria enquanto orbita em torno de sua estrela, WISPIT 2 (Foto: Nasa\/JPL-Caltech\/R. Hurt (IPAC))<\/span><\/em><\/figcaption><\/figure><\/div>\n\n\n\n<p>Localizado a aproximadamente 437 anos-luz da Terra, o sistema WISPIT 2 est\u00e1 envolto por um disco de g\u00e1s e poeira \u2014 o ambiente ideal para o nascimento de planetas. As lacunas observadas nesses discos s\u00e3o interpretadas como sinais da <a href=\"https:\/\/noticiabrasil.net.br\/20250817\/moleculas-da-vida-sao-encontradas-ao-redor-de-estrela-jovem-desafiando-teorias-imagens-42443660.html\" target=\"_blank\" rel=\"noreferrer noopener\">presen\u00e7a de planetas em forma\u00e7\u00e3o<\/a>, que empurram o material ao seu redor enquanto crescem.<\/p>\n\n\n\n<div class=\"wp-block-image\"><figure class=\"aligncenter size-large is-resized\"><a href=\"https:\/\/www.instagram.com\/gruposei\/\"><img loading=\"lazy\" decoding=\"async\" src=\"https:\/\/jornalfatosenoticias.com.br\/wp-content\/uploads\/2022\/07\/Logo-Grupo-SEI.jpg\" alt=\"\" class=\"wp-image-31973\" width=\"378\" height=\"198\" srcset=\"https:\/\/jornalfatosenoticias.com.br\/wp-content\/uploads\/2022\/07\/Logo-Grupo-SEI.jpg 713w, https:\/\/jornalfatosenoticias.com.br\/wp-content\/uploads\/2022\/07\/Logo-Grupo-SEI-300x158.jpg 300w\" sizes=\"auto, (max-width: 378px) 100vw, 378px\" \/><\/a><\/figure><\/div>\n\n\n\n<p>A primeira detec\u00e7\u00e3o do WISPIT 2b ocorreu com o instrumento VLT-SPHERE, do Observat\u00f3rio Europeu do Sul, que revelou faixas em forma de anel e uma lacuna, sugestiva de atividade planet\u00e1ria. Posteriormente, o sistema MagAO-X da Magellan identificou a luz H-alfa, caracter\u00edstica do hidrog\u00eanio aquecido, <a href=\"https:\/\/iopscience.iop.org\/article\/10.3847\/2041-8213\/adf7a5\" target=\"_blank\" rel=\"noreferrer noopener\">confirmando<\/a> a presen\u00e7a de um planeta em processo de acre\u00e7\u00e3o.<\/p>\n\n\n\n<div class=\"wp-block-image\"><figure class=\"aligncenter size-large is-resized\"><a href=\"https:\/\/www.controlsystems.com.br\/\"><img loading=\"lazy\" decoding=\"async\" src=\"https:\/\/jornalfatosenoticias.com.br\/wp-content\/uploads\/2020\/02\/CONTROL-CS.jpg\" alt=\"\" class=\"wp-image-44991\" width=\"269\" height=\"323\" srcset=\"https:\/\/jornalfatosenoticias.com.br\/wp-content\/uploads\/2020\/02\/CONTROL-CS.jpg 834w, https:\/\/jornalfatosenoticias.com.br\/wp-content\/uploads\/2020\/02\/CONTROL-CS-250x300.jpg 250w, https:\/\/jornalfatosenoticias.com.br\/wp-content\/uploads\/2020\/02\/CONTROL-CS-768x921.jpg 768w\" sizes=\"auto, (max-width: 269px) 100vw, 269px\" \/><\/a><\/figure><\/div>\n\n\n\n<p>As c\u00e2meras infravermelhas do Grande Telesc\u00f3pio Binocular tamb\u00e9m registraram o WISPIT 2b no mesmo local, refor\u00e7ando que a emiss\u00e3o observada prov\u00e9m de um planeta em forma\u00e7\u00e3o. Na imagem divulgada pela Nasa, o protoplaneta aparece como um ponto roxo ao lado de um anel branco brilhante de poeira, com outro <a href=\"https:\/\/noticiabrasil.net.br\/20220725\/astronomos-divulgam-imagem-dos-aneis-de-jupiter-e-explicam-por-que-sao-diferentes-dos-de-saturno-23807192.html\" target=\"_blank\" rel=\"noreferrer noopener\">anel mais t\u00eanue<\/a> vis\u00edvel ao fundo.<\/p>\n\n\n\n<div class=\"wp-block-image\"><figure class=\"aligncenter size-large is-resized\"><a href=\"https:\/\/www.instagram.com\/rcradiadores\/\"><img loading=\"lazy\" decoding=\"async\" src=\"https:\/\/jornalfatosenoticias.com.br\/wp-content\/uploads\/2022\/10\/RC_800x750_page-0001.jpg\" alt=\"\" class=\"wp-image-35338\" width=\"299\" height=\"280\" srcset=\"https:\/\/jornalfatosenoticias.com.br\/wp-content\/uploads\/2022\/10\/RC_800x750_page-0001.jpg 400w, https:\/\/jornalfatosenoticias.com.br\/wp-content\/uploads\/2022\/10\/RC_800x750_page-0001-300x281.jpg 300w\" sizes=\"auto, (max-width: 299px) 100vw, 299px\" \/><\/a><\/figure><\/div>\n\n\n\n<p>A posi\u00e7\u00e3o do WISPIT 2b dentro da lacuna indica que ele est\u00e1 moldando ativamente seu ambiente, <a href=\"https:\/\/noticiabrasil.net.br\/20250528\/astronomos-flagram-estrela-orbitando-dentro-de-outra-estrela-em-fenomeno-inedito-imagens-39803367.html\" target=\"_blank\" rel=\"noreferrer noopener\">varrendo material<\/a> e influenciando a estrutura do disco. Al\u00e9m disso, os astr\u00f4nomos identificaram uma segunda fonte t\u00eanue em outra lacuna interna, possivelmente sinalizando a presen\u00e7a de um planeta irm\u00e3o.<\/p>\n\n\n\n<div class=\"wp-block-image\"><figure class=\"aligncenter size-large is-resized\"><a href=\"https:\/\/www.instagram.com\/serra4x4cambioautomatico\/\"><img loading=\"lazy\" decoding=\"async\" src=\"https:\/\/jornalfatosenoticias.com.br\/wp-content\/uploads\/2024\/08\/Serra-4x4-1-886x1024.jpg\" alt=\"\" class=\"wp-image-53632\" width=\"268\" height=\"309\" srcset=\"https:\/\/jornalfatosenoticias.com.br\/wp-content\/uploads\/2024\/08\/Serra-4x4-1-886x1024.jpg 886w, https:\/\/jornalfatosenoticias.com.br\/wp-content\/uploads\/2024\/08\/Serra-4x4-1-260x300.jpg 260w, https:\/\/jornalfatosenoticias.com.br\/wp-content\/uploads\/2024\/08\/Serra-4x4-1-768x888.jpg 768w, https:\/\/jornalfatosenoticias.com.br\/wp-content\/uploads\/2024\/08\/Serra-4x4-1.jpg 1181w\" sizes=\"auto, (max-width: 268px) 100vw, 268px\" \/><\/a><\/figure><\/div>\n\n\n\n<p><strong>Fonte: <a href=\"https:\/\/noticiabrasil.net.br\/20251013\/telescopio-espacial-flagra-pela-1-vez-o-nascimento-de-um-exoplaneta-imagens-44173540.html\">Sputnik News Brasil<\/a><\/strong><\/p>\n","protected":false},"excerpt":{"rendered":"<p>Astr\u00f4nomos captaram pela primeira vez a imagem de um planeta em forma\u00e7\u00e3o no interior de um disco protoplanet\u00e1rio. O gigante gasoso, de cinco vezes a massa de J\u00fapiter, revela como os mundos se formam ao reunir material em torno de estrelas jovens.A imagem in\u00e9dita de um planeta em forma\u00e7\u00e3o, chamado WISPIT 2b, aninhado dentro de [&hellip;]<\/p>\n","protected":false},"author":2,"featured_media":62649,"comment_status":"open","ping_status":"open","sticky":false,"template":"","format":"standard","meta":{"footnotes":""},"categories":[2],"tags":[24548,2519,472,1231,166,12009,1666,7533,16217,1745,446,115,786],"class_list":["post-62647","post","type-post","status-publish","format-standard","has-post-thumbnail","hentry","category-ciencia","tag-arizona","tag-astrofisica","tag-astronomia","tag-chile","tag-ciencia","tag-ciencia-e-tecnologia","tag-descoberta","tag-exoplaneta","tag-exploracao-do-espaco","tag-jupiter","tag-nascimento","tag-pesquisa","tag-telescopio"],"yoast_head":"<!-- This site is optimized with the Yoast SEO plugin v26.5 - https:\/\/yoast.com\/wordpress\/plugins\/seo\/ -->\n<title>Telesc\u00f3pio espacial flagra pela 1.\u00aa vez o nascimento de um exoplaneta - Jornal Fatos e Not\u00edcias<\/title>\n<meta name=\"robots\" content=\"index, follow, max-snippet:-1, max-image-preview:large, max-video-preview:-1\" \/>\n<link rel=\"canonical\" href=\"https:\/\/jornalfatosenoticias.com.br\/index.php\/2025\/10\/20\/telescopio-espacial-flagra-pela-1-a-vez-o-nascimento-de-um-exoplaneta\/\" \/>\n<meta property=\"og:locale\" content=\"pt_BR\" \/>\n<meta property=\"og:type\" content=\"article\" \/>\n<meta property=\"og:title\" content=\"Telesc\u00f3pio espacial flagra pela 1.\u00aa vez o nascimento de um exoplaneta - Jornal Fatos e Not\u00edcias\" \/>\n<meta property=\"og:description\" content=\"Astr\u00f4nomos captaram pela primeira vez a imagem de um planeta em forma\u00e7\u00e3o no interior de um disco protoplanet\u00e1rio. O gigante gasoso, de cinco vezes a massa de J\u00fapiter, revela como os mundos se formam ao reunir material em torno de estrelas jovens.A imagem in\u00e9dita de um planeta em forma\u00e7\u00e3o, chamado WISPIT 2b, aninhado dentro de [&hellip;]\" \/>\n<meta property=\"og:url\" content=\"https:\/\/jornalfatosenoticias.com.br\/index.php\/2025\/10\/20\/telescopio-espacial-flagra-pela-1-a-vez-o-nascimento-de-um-exoplaneta\/\" \/>\n<meta property=\"og:site_name\" content=\"Jornal Fatos e Not\u00edcias\" \/>\n<meta property=\"article:published_time\" content=\"2025-10-20T15:00:19+00:00\" \/>\n<meta property=\"article:modified_time\" content=\"2025-10-20T15:00:20+00:00\" \/>\n<meta property=\"og:image\" content=\"https:\/\/jornalfatosenoticias.com.br\/wp-content\/uploads\/2025\/10\/nascimento-de-um-exoplaneta.jpg\" \/>\n\t<meta property=\"og:image:width\" content=\"1000\" \/>\n\t<meta property=\"og:image:height\" content=\"562\" \/>\n\t<meta property=\"og:image:type\" content=\"image\/jpeg\" \/>\n<meta name=\"author\" content=\"Luzimara Fernandes\" \/>\n<meta name=\"twitter:card\" content=\"summary_large_image\" \/>\n<meta name=\"twitter:label1\" content=\"Escrito por\" \/>\n\t<meta name=\"twitter:data1\" content=\"Luzimara Fernandes\" \/>\n\t<meta name=\"twitter:label2\" content=\"Est. tempo de leitura\" \/>\n\t<meta name=\"twitter:data2\" content=\"2 minutos\" \/>\n<script type=\"application\/ld+json\" class=\"yoast-schema-graph\">{\"@context\":\"https:\/\/schema.org\",\"@graph\":[{\"@type\":\"Article\",\"@id\":\"https:\/\/jornalfatosenoticias.com.br\/index.php\/2025\/10\/20\/telescopio-espacial-flagra-pela-1-a-vez-o-nascimento-de-um-exoplaneta\/#article\",\"isPartOf\":{\"@id\":\"https:\/\/jornalfatosenoticias.com.br\/index.php\/2025\/10\/20\/telescopio-espacial-flagra-pela-1-a-vez-o-nascimento-de-um-exoplaneta\/\"},\"author\":{\"name\":\"Luzimara Fernandes\",\"@id\":\"https:\/\/jornalfatosenoticias.com.br\/#\/schema\/person\/d63837fa13ac8666eb9e74e0985d6f81\"},\"headline\":\"Telesc\u00f3pio espacial flagra pela 1.\u00aa vez o nascimento de um exoplaneta\",\"datePublished\":\"2025-10-20T15:00:19+00:00\",\"dateModified\":\"2025-10-20T15:00:20+00:00\",\"mainEntityOfPage\":{\"@id\":\"https:\/\/jornalfatosenoticias.com.br\/index.php\/2025\/10\/20\/telescopio-espacial-flagra-pela-1-a-vez-o-nascimento-de-um-exoplaneta\/\"},\"wordCount\":465,\"commentCount\":0,\"publisher\":{\"@id\":\"https:\/\/jornalfatosenoticias.com.br\/#organization\"},\"image\":{\"@id\":\"https:\/\/jornalfatosenoticias.com.br\/index.php\/2025\/10\/20\/telescopio-espacial-flagra-pela-1-a-vez-o-nascimento-de-um-exoplaneta\/#primaryimage\"},\"thumbnailUrl\":\"https:\/\/jornalfatosenoticias.com.br\/wp-content\/uploads\/2025\/10\/nascimento-de-um-exoplaneta.jpg\",\"keywords\":[\"Arizona\",\"astrof\u00edsica\",\"Astronomia\",\"Chile\",\"ci\u00eancia\",\"Ci\u00eancia e tecnologia\",\"descoberta\",\"exoplaneta\",\"explora\u00e7\u00e3o do espa\u00e7o\",\"J\u00fapiter\",\"nascimento\",\"pesquisa\",\"telesc\u00f3pio\"],\"articleSection\":[\"Ci\u00eancia\"],\"inLanguage\":\"pt-BR\",\"potentialAction\":[{\"@type\":\"CommentAction\",\"name\":\"Comment\",\"target\":[\"https:\/\/jornalfatosenoticias.com.br\/index.php\/2025\/10\/20\/telescopio-espacial-flagra-pela-1-a-vez-o-nascimento-de-um-exoplaneta\/#respond\"]}]},{\"@type\":\"WebPage\",\"@id\":\"https:\/\/jornalfatosenoticias.com.br\/index.php\/2025\/10\/20\/telescopio-espacial-flagra-pela-1-a-vez-o-nascimento-de-um-exoplaneta\/\",\"url\":\"https:\/\/jornalfatosenoticias.com.br\/index.php\/2025\/10\/20\/telescopio-espacial-flagra-pela-1-a-vez-o-nascimento-de-um-exoplaneta\/\",\"name\":\"Telesc\u00f3pio espacial flagra pela 1.\u00aa vez o nascimento de um exoplaneta - Jornal Fatos e Not\u00edcias\",\"isPartOf\":{\"@id\":\"https:\/\/jornalfatosenoticias.com.br\/#website\"},\"primaryImageOfPage\":{\"@id\":\"https:\/\/jornalfatosenoticias.com.br\/index.php\/2025\/10\/20\/telescopio-espacial-flagra-pela-1-a-vez-o-nascimento-de-um-exoplaneta\/#primaryimage\"},\"image\":{\"@id\":\"https:\/\/jornalfatosenoticias.com.br\/index.php\/2025\/10\/20\/telescopio-espacial-flagra-pela-1-a-vez-o-nascimento-de-um-exoplaneta\/#primaryimage\"},\"thumbnailUrl\":\"https:\/\/jornalfatosenoticias.com.br\/wp-content\/uploads\/2025\/10\/nascimento-de-um-exoplaneta.jpg\",\"datePublished\":\"2025-10-20T15:00:19+00:00\",\"dateModified\":\"2025-10-20T15:00:20+00:00\",\"breadcrumb\":{\"@id\":\"https:\/\/jornalfatosenoticias.com.br\/index.php\/2025\/10\/20\/telescopio-espacial-flagra-pela-1-a-vez-o-nascimento-de-um-exoplaneta\/#breadcrumb\"},\"inLanguage\":\"pt-BR\",\"potentialAction\":[{\"@type\":\"ReadAction\",\"target\":[\"https:\/\/jornalfatosenoticias.com.br\/index.php\/2025\/10\/20\/telescopio-espacial-flagra-pela-1-a-vez-o-nascimento-de-um-exoplaneta\/\"]}]},{\"@type\":\"ImageObject\",\"inLanguage\":\"pt-BR\",\"@id\":\"https:\/\/jornalfatosenoticias.com.br\/index.php\/2025\/10\/20\/telescopio-espacial-flagra-pela-1-a-vez-o-nascimento-de-um-exoplaneta\/#primaryimage\",\"url\":\"https:\/\/jornalfatosenoticias.com.br\/wp-content\/uploads\/2025\/10\/nascimento-de-um-exoplaneta.jpg\",\"contentUrl\":\"https:\/\/jornalfatosenoticias.com.br\/wp-content\/uploads\/2025\/10\/nascimento-de-um-exoplaneta.jpg\",\"width\":1000,\"height\":562},{\"@type\":\"BreadcrumbList\",\"@id\":\"https:\/\/jornalfatosenoticias.com.br\/index.php\/2025\/10\/20\/telescopio-espacial-flagra-pela-1-a-vez-o-nascimento-de-um-exoplaneta\/#breadcrumb\",\"itemListElement\":[{\"@type\":\"ListItem\",\"position\":1,\"name\":\"In\u00edcio\",\"item\":\"https:\/\/jornalfatosenoticias.com.br\/\"},{\"@type\":\"ListItem\",\"position\":2,\"name\":\"Telesc\u00f3pio espacial flagra pela 1.\u00aa vez o nascimento de um exoplaneta\"}]},{\"@type\":\"WebSite\",\"@id\":\"https:\/\/jornalfatosenoticias.com.br\/#website\",\"url\":\"https:\/\/jornalfatosenoticias.com.br\/\",\"name\":\"Jornal Fatos e Not\u00edcias\",\"description\":\"Not\u00edcias em geral\",\"publisher\":{\"@id\":\"https:\/\/jornalfatosenoticias.com.br\/#organization\"},\"potentialAction\":[{\"@type\":\"SearchAction\",\"target\":{\"@type\":\"EntryPoint\",\"urlTemplate\":\"https:\/\/jornalfatosenoticias.com.br\/?s={search_term_string}\"},\"query-input\":{\"@type\":\"PropertyValueSpecification\",\"valueRequired\":true,\"valueName\":\"search_term_string\"}}],\"inLanguage\":\"pt-BR\"},{\"@type\":\"Organization\",\"@id\":\"https:\/\/jornalfatosenoticias.com.br\/#organization\",\"name\":\"Jornal Fatos e Not\u00edcias\",\"url\":\"https:\/\/jornalfatosenoticias.com.br\/\",\"logo\":{\"@type\":\"ImageObject\",\"inLanguage\":\"pt-BR\",\"@id\":\"https:\/\/jornalfatosenoticias.com.br\/#\/schema\/logo\/image\/\",\"url\":\"https:\/\/jornalfatosenoticias.com.br\/wp-content\/uploads\/2020\/02\/logo120.png\",\"contentUrl\":\"https:\/\/jornalfatosenoticias.com.br\/wp-content\/uploads\/2020\/02\/logo120.png\",\"width\":1227,\"height\":120,\"caption\":\"Jornal Fatos e Not\u00edcias\"},\"image\":{\"@id\":\"https:\/\/jornalfatosenoticias.com.br\/#\/schema\/logo\/image\/\"}},{\"@type\":\"Person\",\"@id\":\"https:\/\/jornalfatosenoticias.com.br\/#\/schema\/person\/d63837fa13ac8666eb9e74e0985d6f81\",\"name\":\"Luzimara Fernandes\",\"image\":{\"@type\":\"ImageObject\",\"inLanguage\":\"pt-BR\",\"@id\":\"https:\/\/jornalfatosenoticias.com.br\/#\/schema\/person\/image\/\",\"url\":\"https:\/\/jornalfatosenoticias.com.br\/wp-content\/uploads\/2025\/05\/EU_portal.jpg\",\"contentUrl\":\"https:\/\/jornalfatosenoticias.com.br\/wp-content\/uploads\/2025\/05\/EU_portal.jpg\",\"caption\":\"Luzimara Fernandes\"},\"description\":\"Jornalista MTB 2358-ES\",\"sameAs\":[\"https:\/\/jornalfatosenoticias.com.br\"],\"url\":\"https:\/\/jornalfatosenoticias.com.br\/index.php\/author\/luzimara\/\"}]}<\/script>\n<!-- \/ Yoast SEO plugin. -->","yoast_head_json":{"title":"Telesc\u00f3pio espacial flagra pela 1.\u00aa vez o nascimento de um exoplaneta - Jornal Fatos e Not\u00edcias","robots":{"index":"index","follow":"follow","max-snippet":"max-snippet:-1","max-image-preview":"max-image-preview:large","max-video-preview":"max-video-preview:-1"},"canonical":"https:\/\/jornalfatosenoticias.com.br\/index.php\/2025\/10\/20\/telescopio-espacial-flagra-pela-1-a-vez-o-nascimento-de-um-exoplaneta\/","og_locale":"pt_BR","og_type":"article","og_title":"Telesc\u00f3pio espacial flagra pela 1.\u00aa vez o nascimento de um exoplaneta - Jornal Fatos e Not\u00edcias","og_description":"Astr\u00f4nomos captaram pela primeira vez a imagem de um planeta em forma\u00e7\u00e3o no interior de um disco protoplanet\u00e1rio. O gigante gasoso, de cinco vezes a massa de J\u00fapiter, revela como os mundos se formam ao reunir material em torno de estrelas jovens.A imagem in\u00e9dita de um planeta em forma\u00e7\u00e3o, chamado WISPIT 2b, aninhado dentro de [&hellip;]","og_url":"https:\/\/jornalfatosenoticias.com.br\/index.php\/2025\/10\/20\/telescopio-espacial-flagra-pela-1-a-vez-o-nascimento-de-um-exoplaneta\/","og_site_name":"Jornal Fatos e Not\u00edcias","article_published_time":"2025-10-20T15:00:19+00:00","article_modified_time":"2025-10-20T15:00:20+00:00","og_image":[{"width":1000,"height":562,"url":"https:\/\/jornalfatosenoticias.com.br\/wp-content\/uploads\/2025\/10\/nascimento-de-um-exoplaneta.jpg","type":"image\/jpeg"}],"author":"Luzimara Fernandes","twitter_card":"summary_large_image","twitter_misc":{"Escrito por":"Luzimara Fernandes","Est. tempo de leitura":"2 minutos"},"schema":{"@context":"https:\/\/schema.org","@graph":[{"@type":"Article","@id":"https:\/\/jornalfatosenoticias.com.br\/index.php\/2025\/10\/20\/telescopio-espacial-flagra-pela-1-a-vez-o-nascimento-de-um-exoplaneta\/#article","isPartOf":{"@id":"https:\/\/jornalfatosenoticias.com.br\/index.php\/2025\/10\/20\/telescopio-espacial-flagra-pela-1-a-vez-o-nascimento-de-um-exoplaneta\/"},"author":{"name":"Luzimara Fernandes","@id":"https:\/\/jornalfatosenoticias.com.br\/#\/schema\/person\/d63837fa13ac8666eb9e74e0985d6f81"},"headline":"Telesc\u00f3pio espacial flagra pela 1.\u00aa vez o nascimento de um exoplaneta","datePublished":"2025-10-20T15:00:19+00:00","dateModified":"2025-10-20T15:00:20+00:00","mainEntityOfPage":{"@id":"https:\/\/jornalfatosenoticias.com.br\/index.php\/2025\/10\/20\/telescopio-espacial-flagra-pela-1-a-vez-o-nascimento-de-um-exoplaneta\/"},"wordCount":465,"commentCount":0,"publisher":{"@id":"https:\/\/jornalfatosenoticias.com.br\/#organization"},"image":{"@id":"https:\/\/jornalfatosenoticias.com.br\/index.php\/2025\/10\/20\/telescopio-espacial-flagra-pela-1-a-vez-o-nascimento-de-um-exoplaneta\/#primaryimage"},"thumbnailUrl":"https:\/\/jornalfatosenoticias.com.br\/wp-content\/uploads\/2025\/10\/nascimento-de-um-exoplaneta.jpg","keywords":["Arizona","astrof\u00edsica","Astronomia","Chile","ci\u00eancia","Ci\u00eancia e tecnologia","descoberta","exoplaneta","explora\u00e7\u00e3o do espa\u00e7o","J\u00fapiter","nascimento","pesquisa","telesc\u00f3pio"],"articleSection":["Ci\u00eancia"],"inLanguage":"pt-BR","potentialAction":[{"@type":"CommentAction","name":"Comment","target":["https:\/\/jornalfatosenoticias.com.br\/index.php\/2025\/10\/20\/telescopio-espacial-flagra-pela-1-a-vez-o-nascimento-de-um-exoplaneta\/#respond"]}]},{"@type":"WebPage","@id":"https:\/\/jornalfatosenoticias.com.br\/index.php\/2025\/10\/20\/telescopio-espacial-flagra-pela-1-a-vez-o-nascimento-de-um-exoplaneta\/","url":"https:\/\/jornalfatosenoticias.com.br\/index.php\/2025\/10\/20\/telescopio-espacial-flagra-pela-1-a-vez-o-nascimento-de-um-exoplaneta\/","name":"Telesc\u00f3pio espacial flagra pela 1.\u00aa vez o nascimento de um exoplaneta - Jornal Fatos e Not\u00edcias","isPartOf":{"@id":"https:\/\/jornalfatosenoticias.com.br\/#website"},"primaryImageOfPage":{"@id":"https:\/\/jornalfatosenoticias.com.br\/index.php\/2025\/10\/20\/telescopio-espacial-flagra-pela-1-a-vez-o-nascimento-de-um-exoplaneta\/#primaryimage"},"image":{"@id":"https:\/\/jornalfatosenoticias.com.br\/index.php\/2025\/10\/20\/telescopio-espacial-flagra-pela-1-a-vez-o-nascimento-de-um-exoplaneta\/#primaryimage"},"thumbnailUrl":"https:\/\/jornalfatosenoticias.com.br\/wp-content\/uploads\/2025\/10\/nascimento-de-um-exoplaneta.jpg","datePublished":"2025-10-20T15:00:19+00:00","dateModified":"2025-10-20T15:00:20+00:00","breadcrumb":{"@id":"https:\/\/jornalfatosenoticias.com.br\/index.php\/2025\/10\/20\/telescopio-espacial-flagra-pela-1-a-vez-o-nascimento-de-um-exoplaneta\/#breadcrumb"},"inLanguage":"pt-BR","potentialAction":[{"@type":"ReadAction","target":["https:\/\/jornalfatosenoticias.com.br\/index.php\/2025\/10\/20\/telescopio-espacial-flagra-pela-1-a-vez-o-nascimento-de-um-exoplaneta\/"]}]},{"@type":"ImageObject","inLanguage":"pt-BR","@id":"https:\/\/jornalfatosenoticias.com.br\/index.php\/2025\/10\/20\/telescopio-espacial-flagra-pela-1-a-vez-o-nascimento-de-um-exoplaneta\/#primaryimage","url":"https:\/\/jornalfatosenoticias.com.br\/wp-content\/uploads\/2025\/10\/nascimento-de-um-exoplaneta.jpg","contentUrl":"https:\/\/jornalfatosenoticias.com.br\/wp-content\/uploads\/2025\/10\/nascimento-de-um-exoplaneta.jpg","width":1000,"height":562},{"@type":"BreadcrumbList","@id":"https:\/\/jornalfatosenoticias.com.br\/index.php\/2025\/10\/20\/telescopio-espacial-flagra-pela-1-a-vez-o-nascimento-de-um-exoplaneta\/#breadcrumb","itemListElement":[{"@type":"ListItem","position":1,"name":"In\u00edcio","item":"https:\/\/jornalfatosenoticias.com.br\/"},{"@type":"ListItem","position":2,"name":"Telesc\u00f3pio espacial flagra pela 1.\u00aa vez o nascimento de um exoplaneta"}]},{"@type":"WebSite","@id":"https:\/\/jornalfatosenoticias.com.br\/#website","url":"https:\/\/jornalfatosenoticias.com.br\/","name":"Jornal Fatos e Not\u00edcias","description":"Not\u00edcias em geral","publisher":{"@id":"https:\/\/jornalfatosenoticias.com.br\/#organization"},"potentialAction":[{"@type":"SearchAction","target":{"@type":"EntryPoint","urlTemplate":"https:\/\/jornalfatosenoticias.com.br\/?s={search_term_string}"},"query-input":{"@type":"PropertyValueSpecification","valueRequired":true,"valueName":"search_term_string"}}],"inLanguage":"pt-BR"},{"@type":"Organization","@id":"https:\/\/jornalfatosenoticias.com.br\/#organization","name":"Jornal Fatos e Not\u00edcias","url":"https:\/\/jornalfatosenoticias.com.br\/","logo":{"@type":"ImageObject","inLanguage":"pt-BR","@id":"https:\/\/jornalfatosenoticias.com.br\/#\/schema\/logo\/image\/","url":"https:\/\/jornalfatosenoticias.com.br\/wp-content\/uploads\/2020\/02\/logo120.png","contentUrl":"https:\/\/jornalfatosenoticias.com.br\/wp-content\/uploads\/2020\/02\/logo120.png","width":1227,"height":120,"caption":"Jornal Fatos e Not\u00edcias"},"image":{"@id":"https:\/\/jornalfatosenoticias.com.br\/#\/schema\/logo\/image\/"}},{"@type":"Person","@id":"https:\/\/jornalfatosenoticias.com.br\/#\/schema\/person\/d63837fa13ac8666eb9e74e0985d6f81","name":"Luzimara Fernandes","image":{"@type":"ImageObject","inLanguage":"pt-BR","@id":"https:\/\/jornalfatosenoticias.com.br\/#\/schema\/person\/image\/","url":"https:\/\/jornalfatosenoticias.com.br\/wp-content\/uploads\/2025\/05\/EU_portal.jpg","contentUrl":"https:\/\/jornalfatosenoticias.com.br\/wp-content\/uploads\/2025\/05\/EU_portal.jpg","caption":"Luzimara Fernandes"},"description":"Jornalista MTB 2358-ES","sameAs":["https:\/\/jornalfatosenoticias.com.br"],"url":"https:\/\/jornalfatosenoticias.com.br\/index.php\/author\/luzimara\/"}]}},"cc_featured_image_caption":{"caption_text":"(Foto: Universidade do Arizona) ","source_text":"","source_url":""},"jetpack_featured_media_url":"https:\/\/jornalfatosenoticias.com.br\/wp-content\/uploads\/2025\/10\/nascimento-de-um-exoplaneta.jpg","_links":{"self":[{"href":"https:\/\/jornalfatosenoticias.com.br\/index.php\/wp-json\/wp\/v2\/posts\/62647","targetHints":{"allow":["GET"]}}],"collection":[{"href":"https:\/\/jornalfatosenoticias.com.br\/index.php\/wp-json\/wp\/v2\/posts"}],"about":[{"href":"https:\/\/jornalfatosenoticias.com.br\/index.php\/wp-json\/wp\/v2\/types\/post"}],"author":[{"embeddable":true,"href":"https:\/\/jornalfatosenoticias.com.br\/index.php\/wp-json\/wp\/v2\/users\/2"}],"replies":[{"embeddable":true,"href":"https:\/\/jornalfatosenoticias.com.br\/index.php\/wp-json\/wp\/v2\/comments?post=62647"}],"version-history":[{"count":0,"href":"https:\/\/jornalfatosenoticias.com.br\/index.php\/wp-json\/wp\/v2\/posts\/62647\/revisions"}],"wp:featuredmedia":[{"embeddable":true,"href":"https:\/\/jornalfatosenoticias.com.br\/index.php\/wp-json\/wp\/v2\/media\/62649"}],"wp:attachment":[{"href":"https:\/\/jornalfatosenoticias.com.br\/index.php\/wp-json\/wp\/v2\/media?parent=62647"}],"wp:term":[{"taxonomy":"category","embeddable":true,"href":"https:\/\/jornalfatosenoticias.com.br\/index.php\/wp-json\/wp\/v2\/categories?post=62647"},{"taxonomy":"post_tag","embeddable":true,"href":"https:\/\/jornalfatosenoticias.com.br\/index.php\/wp-json\/wp\/v2\/tags?post=62647"}],"curies":[{"name":"wp","href":"https:\/\/api.w.org\/{rel}","templated":true}]}}