{"id":62667,"date":"2025-10-21T10:56:33","date_gmt":"2025-10-21T13:56:33","guid":{"rendered":"https:\/\/jornalfatosenoticias.com.br\/?p=62667"},"modified":"2025-10-21T10:56:34","modified_gmt":"2025-10-21T13:56:34","slug":"veja-cinco-tesouros-que-continuam-perdidos","status":"publish","type":"post","link":"https:\/\/jornalfatosenoticias.com.br\/index.php\/2025\/10\/21\/veja-cinco-tesouros-que-continuam-perdidos\/","title":{"rendered":"Veja cinco tesouros que continuam perdidos"},"content":{"rendered":"\n<p><em><span class=\"has-inline-color has-black-color\">Fotografia de George Mallory, escultura &#8216;Cabe\u00e7a de Fauno&#8217;, de Michelangelo, e pintura &#8216;A Arca passa pelo Jord\u00e3o&#8217;, de James Tissot<\/span><\/em><\/p>\n\n\n\n<p><span class=\"has-inline-color has-black-color\">Por <strong><a href=\"https:\/\/aventurasnahistoria.com.br\/noticias\/author\/eric-moreira\">\u00c9ric Moreira<\/a><\/strong><\/span><\/p>\n\n\n\n<div class=\"wp-block-image\"><figure class=\"aligncenter size-large\"><a href=\"https:\/\/panper.com.br\/\"><img loading=\"lazy\" decoding=\"async\" width=\"1024\" height=\"111\" src=\"https:\/\/jornalfatosenoticias.com.br\/wp-content\/uploads\/2020\/02\/WhatsApp-Image-2022-09-23-at-12.09.18-1024x111.jpeg\" alt=\"\" class=\"wp-image-34527\" srcset=\"https:\/\/jornalfatosenoticias.com.br\/wp-content\/uploads\/2020\/02\/WhatsApp-Image-2022-09-23-at-12.09.18-1024x111.jpeg 1024w, https:\/\/jornalfatosenoticias.com.br\/wp-content\/uploads\/2020\/02\/WhatsApp-Image-2022-09-23-at-12.09.18-300x32.jpeg 300w, https:\/\/jornalfatosenoticias.com.br\/wp-content\/uploads\/2020\/02\/WhatsApp-Image-2022-09-23-at-12.09.18-768x83.jpeg 768w, https:\/\/jornalfatosenoticias.com.br\/wp-content\/uploads\/2020\/02\/WhatsApp-Image-2022-09-23-at-12.09.18.jpeg 1121w\" sizes=\"auto, (max-width: 1024px) 100vw, 1024px\" \/><\/a><\/figure><\/div>\n\n\n\n<p>Ao longo da Hist\u00f3ria, muitos\u00a0<mark>mist\u00e9rios<\/mark> surgiram, e, como sabemos, os mais fascinantes s\u00e3o aqueles que permanecem sem solu\u00e7\u00e3o. Desde a identidade de assassinos em s\u00e9rie famosos at\u00e9 locais desaparecidos ou tesouros perdidos, essas hist\u00f3rias sempre despertam curiosidade. As raz\u00f5es para o desaparecimento destes artefatos podem variar, desde roubos, guerras ou desastres naturais. Isso quando n\u00e3o foram destru\u00eddos sem qualquer registro que confirme isso.<\/p>\n\n\n\n<p><span class=\"has-inline-color has-vivid-purple-color\"><strong>Confira a seguir\u00a0<mark>cinco tesouros famosos que se perderam<\/mark> e seguiram desaparecidos na Hist\u00f3ria:<\/strong><\/span><\/p>\n\n\n\n<p><strong><span class=\"has-inline-color has-black-color\">1. Arca da Alian\u00e7a<\/span><\/strong><\/p>\n\n\n\n<div class=\"wp-block-image\"><figure class=\"aligncenter size-large\"><img loading=\"lazy\" decoding=\"async\" width=\"1000\" height=\"562\" src=\"https:\/\/jornalfatosenoticias.com.br\/wp-content\/uploads\/2025\/10\/arca-da-alianca.jpg\" alt=\"\" class=\"wp-image-62668\" srcset=\"https:\/\/jornalfatosenoticias.com.br\/wp-content\/uploads\/2025\/10\/arca-da-alianca.jpg 1000w, https:\/\/jornalfatosenoticias.com.br\/wp-content\/uploads\/2025\/10\/arca-da-alianca-300x169.jpg 300w, https:\/\/jornalfatosenoticias.com.br\/wp-content\/uploads\/2025\/10\/arca-da-alianca-768x432.jpg 768w\" sizes=\"auto, (max-width: 1000px) 100vw, 1000px\" \/><figcaption><em><span class=\"has-inline-color has-black-color\">\u2018A Arca passa pelo Jord\u00e3o\u2019, de James Tissot (Foto: Dom\u00ednio P\u00fablico\/Wikimedia Commons)<\/span><\/em><\/figcaption><\/figure><\/div>\n\n\n\n<p>Segundo a antiga B\u00edblia hebraica, a\u00a0<a href=\"https:\/\/aventurasnahistoria.com.br\/noticias\/almanaque\/historia-pesquisador-afirma-ter-encontrado-arca-alianca-etiopia-bob-cornuke.phtml\">Arca da Alian\u00e7a<\/a>\u00a0era um ba\u00fa mantido em um tempo de Jerusal\u00e9m, no antigo Reino de Israel, que continha as\u00a0<mark>t\u00e1buas originais em que os 10 mandamentos estavam gravados<\/mark>. Esse local hist\u00f3rico, segundo o Live Science, tamb\u00e9m \u00e9 chamado de Primeiro Templo, foi constru\u00eddo pelo rei Salom\u00e3o, e era o local mais sagrado para o povo judeu. Por\u00e9m, foi destru\u00eddo em 587 a.C., quando o ex\u00e9rcito do rei Nabucodonosor II, do Imp\u00e9rio Neobabil\u00f4nico, conquistou Jerusal\u00e9m e saqueou a cidade. Desde ent\u00e3o, n\u00e3o se sabe o que aconteceu com a Arca da Alian\u00e7a, e sua localiza\u00e7\u00e3o at\u00e9 hoje \u00e9 desconhecida e debatida.<\/p>\n\n\n\n<div class=\"wp-block-image\"><figure class=\"aligncenter size-large\"><a href=\"https:\/\/www.cesconetto.com.br\/\"><img loading=\"lazy\" decoding=\"async\" width=\"300\" height=\"250\" src=\"https:\/\/jornalfatosenoticias.com.br\/wp-content\/uploads\/2020\/02\/Banner-2.png\" alt=\"\" class=\"wp-image-43787\"\/><\/a><\/figure><\/div>\n\n\n\n<p><strong><span class=\"has-inline-color has-black-color\">2. Cabe\u00e7a de Fauno<\/span><\/strong><\/p>\n\n\n\n<div class=\"wp-block-image\"><figure class=\"aligncenter size-large\"><img loading=\"lazy\" decoding=\"async\" width=\"1000\" height=\"562\" src=\"https:\/\/jornalfatosenoticias.com.br\/wp-content\/uploads\/2025\/10\/Cabeca-de-Fauno.jpg\" alt=\"\" class=\"wp-image-62669\" srcset=\"https:\/\/jornalfatosenoticias.com.br\/wp-content\/uploads\/2025\/10\/Cabeca-de-Fauno.jpg 1000w, https:\/\/jornalfatosenoticias.com.br\/wp-content\/uploads\/2025\/10\/Cabeca-de-Fauno-300x169.jpg 300w, https:\/\/jornalfatosenoticias.com.br\/wp-content\/uploads\/2025\/10\/Cabeca-de-Fauno-768x432.jpg 768w\" sizes=\"auto, (max-width: 1000px) 100vw, 1000px\" \/><figcaption><em><span class=\"has-inline-color has-black-color\">\u2018Cabe\u00e7a de Fauno\u2019 e retrato representando Michelangelo (Foto: Wikimedia Commons\/Dom\u00ednio P\u00fablico\/Wikimedia Commons)<\/span><\/em><\/figcaption><\/figure><\/div>\n\n\n\n<p>Qualquer obra relativa ao escultor renascentista <a href=\"https:\/\/aventurasnahistoria.com.br\/tags\/michelangelo_1\">Michelangelo<\/a>\u00a0\u00e9 digna de aten\u00e7\u00e3o. E \u00e9 por isso que, em 1944, a escultura \u2018<mark>Cabe\u00e7a de Fauno<\/mark>\u2019, que retrata o rosto de um fauno \u2014 uma criatura mitol\u00f3gica meio humano e meio bode \u2014 foi roubada do Castello di Poppi, um castelo na Toscana. Quem a levou, no caso, foram os soldados da 305.\u00aa divis\u00e3o do\u00a0<mark>ex\u00e9rcito alem\u00e3o<\/mark> em agosto de 1944. \u201cAp\u00f3s uma curta parada em Forli, It\u00e1lia, o caminh\u00e3o do 10.\u00ba Ex\u00e9rcito contendo esta obra de arte e outras continuou em 31 de agosto\u201d, descreve o site da Monuments Men and Women Foundation. Pode ter sido a \u00faltima vez que a obra foi vista, e at\u00e9 hoje a localiza\u00e7\u00e3o da \u201cm\u00e1scara\u201d \u00e9 desconhecida.<\/p>\n\n\n\n<div class=\"wp-block-image\"><figure class=\"aligncenter size-large is-resized\"><a href=\"https:\/\/hotelmarquetti.com.br\/\"><img loading=\"lazy\" decoding=\"async\" src=\"https:\/\/jornalfatosenoticias.com.br\/wp-content\/uploads\/2020\/02\/LOGO-MQ-1024x680.jpg\" alt=\"\" class=\"wp-image-58299\" width=\"351\" height=\"233\" srcset=\"https:\/\/jornalfatosenoticias.com.br\/wp-content\/uploads\/2020\/02\/LOGO-MQ-1024x680.jpg 1024w, https:\/\/jornalfatosenoticias.com.br\/wp-content\/uploads\/2020\/02\/LOGO-MQ-300x199.jpg 300w, https:\/\/jornalfatosenoticias.com.br\/wp-content\/uploads\/2020\/02\/LOGO-MQ-768x510.jpg 768w, https:\/\/jornalfatosenoticias.com.br\/wp-content\/uploads\/2020\/02\/LOGO-MQ-1536x1020.jpg 1536w, https:\/\/jornalfatosenoticias.com.br\/wp-content\/uploads\/2020\/02\/LOGO-MQ-2048x1360.jpg 2048w\" sizes=\"auto, (max-width: 351px) 100vw, 351px\" \/><\/a><\/figure><\/div>\n\n\n\n<p><strong><span class=\"has-inline-color has-black-color\">3. Tesouro asteca<\/span><\/strong><\/p>\n\n\n\n<div class=\"wp-block-image\"><figure class=\"aligncenter size-large\"><img loading=\"lazy\" decoding=\"async\" width=\"1000\" height=\"562\" src=\"https:\/\/jornalfatosenoticias.com.br\/wp-content\/uploads\/2025\/10\/astecas.jpg\" alt=\"\" class=\"wp-image-62670\" srcset=\"https:\/\/jornalfatosenoticias.com.br\/wp-content\/uploads\/2025\/10\/astecas.jpg 1000w, https:\/\/jornalfatosenoticias.com.br\/wp-content\/uploads\/2025\/10\/astecas-300x169.jpg 300w, https:\/\/jornalfatosenoticias.com.br\/wp-content\/uploads\/2025\/10\/astecas-768x432.jpg 768w\" sizes=\"auto, (max-width: 1000px) 100vw, 1000px\" \/><figcaption><em><span class=\"has-inline-color has-black-color\">\u2018A entrada de Hernan Cortes em Tenochtitl\u00e1n\u2019, de Augusto Ferrer-Dalmau (Foto: Creative Commons\/Wikimedia Commons)<\/span><\/em><\/figcaption><\/figure><\/div>\n\n\n\n<p>Quando Hern\u00e1n Cortes e os conquistadores espanh\u00f3is chegaram no atual M\u00e9xico em 1519, o Imp\u00e9rio Asteca e seu governante, Montezuma, foram sobrepujados, e o l\u00edder morreu no ano seguinte. Ap\u00f3s uma rebeli\u00e3o asteca, Cortes e seus aliados tentaram escapar na noite de 30 de junho de 1520 \u2014 que ficaria conhecida como \u201c<mark>La Noche Triste<\/mark>\u201c, ou \u201cA Noite Triste\u201d \u2014 com um enorme\u00a0<mark>carregamento de ouro asteca<\/mark>.<\/p>\n\n\n\n<div class=\"wp-block-image\"><figure class=\"aligncenter size-large is-resized\"><a href=\"https:\/\/www.facebook.com\/postobkr\/?locale=pt_BR\"><img loading=\"lazy\" decoding=\"async\" src=\"https:\/\/jornalfatosenoticias.com.br\/wp-content\/uploads\/2023\/08\/BKR-1024x1021.jpg\" alt=\"\" class=\"wp-image-44494\" width=\"277\" height=\"276\" srcset=\"https:\/\/jornalfatosenoticias.com.br\/wp-content\/uploads\/2023\/08\/BKR-1024x1021.jpg 1024w, https:\/\/jornalfatosenoticias.com.br\/wp-content\/uploads\/2023\/08\/BKR-300x300.jpg 300w, https:\/\/jornalfatosenoticias.com.br\/wp-content\/uploads\/2023\/08\/BKR-150x150.jpg 150w, https:\/\/jornalfatosenoticias.com.br\/wp-content\/uploads\/2023\/08\/BKR-768x766.jpg 768w, https:\/\/jornalfatosenoticias.com.br\/wp-content\/uploads\/2023\/08\/BKR.jpg 1080w\" sizes=\"auto, (max-width: 277px) 100vw, 277px\" \/><\/a><\/figure><\/div>\n\n\n\n<p>Por\u00e9m, um dos navios de Cortes afundou em um canal durante a fuga, resultando na morte de v\u00e1rios espanh\u00f3is e na perda de boa parte do ouro. Meses depois, espanh\u00f3is retornaram para tentar recuperar o ouro perdido, mas apenas descobriram parte dele; e at\u00e9 hoje, grande parte da valiosidade segue desaparecida.<\/p>\n\n\n\n<div class=\"wp-block-image\"><figure class=\"aligncenter size-large is-resized\"><a href=\"https:\/\/www.instagram.com\/esteio.churrascaria\/\"><img loading=\"lazy\" decoding=\"async\" src=\"https:\/\/jornalfatosenoticias.com.br\/wp-content\/uploads\/2022\/02\/LOGO-ESTEIO-1024x730.png\" alt=\"\" class=\"wp-image-27942\" width=\"302\" height=\"215\" srcset=\"https:\/\/jornalfatosenoticias.com.br\/wp-content\/uploads\/2022\/02\/LOGO-ESTEIO-1024x730.png 1024w, https:\/\/jornalfatosenoticias.com.br\/wp-content\/uploads\/2022\/02\/LOGO-ESTEIO-300x214.png 300w, https:\/\/jornalfatosenoticias.com.br\/wp-content\/uploads\/2022\/02\/LOGO-ESTEIO-768x548.png 768w, https:\/\/jornalfatosenoticias.com.br\/wp-content\/uploads\/2022\/02\/LOGO-ESTEIO.png 1123w\" sizes=\"auto, (max-width: 302px) 100vw, 302px\" \/><\/a><\/figure><\/div>\n\n\n\n<p><strong><span class=\"has-inline-color has-black-color\">4. Ouro nazista<\/span><\/strong><\/p>\n\n\n\n<div class=\"wp-block-image\"><figure class=\"aligncenter size-large\"><img loading=\"lazy\" decoding=\"async\" width=\"1000\" height=\"562\" src=\"https:\/\/jornalfatosenoticias.com.br\/wp-content\/uploads\/2025\/10\/hitler-ouro-nazista.jpg\" alt=\"\" class=\"wp-image-62671\" srcset=\"https:\/\/jornalfatosenoticias.com.br\/wp-content\/uploads\/2025\/10\/hitler-ouro-nazista.jpg 1000w, https:\/\/jornalfatosenoticias.com.br\/wp-content\/uploads\/2025\/10\/hitler-ouro-nazista-300x169.jpg 300w, https:\/\/jornalfatosenoticias.com.br\/wp-content\/uploads\/2025\/10\/hitler-ouro-nazista-768x432.jpg 768w\" sizes=\"auto, (max-width: 1000px) 100vw, 1000px\" \/><figcaption><em><span class=\"has-inline-color has-black-color\">Adolf Hitler, l\u00edder nazista (Foto: Dom\u00ednio P\u00fablico\/Wikimedia Commons)<\/span><\/em><\/figcaption><\/figure><\/div>\n\n\n\n<p>N\u00e3o \u00e9 somente no M\u00e9xico que h\u00e1 um tesouro perdido de ouro. Segundo uma lenda do s\u00e9culo passado, pr\u00f3ximo ao fim da\u00a0<a href=\"https:\/\/aventurasnahistoria.com.br\/tags\/segunda-guerra-mundial\">Segunda Guerra Mundial<\/a>, uma for\u00e7a nazista liderada pelo oficial da SS\u00a0<strong>Ernst Kaltenbrunner<\/strong>\u00a0afundou no Lago Toplitz, na \u00c1ustria, uma\u00a0<mark>grande quantidade de ouro<\/mark>, para que n\u00e3o fosse levado pelas for\u00e7as Aliadas que invadiam a regi\u00e3o. Embora in\u00fameras buscas pelo tesouro tenham sido feitas, nenhum vest\u00edgio foi encontrado.<\/p>\n\n\n\n<div class=\"wp-block-image\"><figure class=\"aligncenter size-large\"><a href=\"http:\/\/www.ferrarimaquinas.com.br\/\"><img loading=\"lazy\" decoding=\"async\" width=\"300\" height=\"250\" src=\"https:\/\/jornalfatosenoticias.com.br\/wp-content\/uploads\/2022\/02\/FERRARI_MAQUINAS-E-FERRAMENTAS2.jpg\" alt=\"\" class=\"wp-image-27860\"\/><\/a><\/figure><\/div>\n\n\n\n<p>Hoje, muitos acreditam que essa hist\u00f3ria seja apenas uma lenda, e que nunca tenha sido enterrado um tesouro nazista no local. Por\u00e9m, devido \u00e0 baixa visibilidade do lago e da grande quantidade de troncos e detritos, \u00e9 ineg\u00e1vel que as buscas pelo ouro s\u00e3o dificultadas e at\u00e9 mesmo perigosas.<\/p>\n\n\n\n<div class=\"wp-block-image\"><figure class=\"aligncenter size-large is-resized\"><a href=\"https:\/\/www.facebook.com\/vetor.vix\/\"><img loading=\"lazy\" decoding=\"async\" src=\"https:\/\/jornalfatosenoticias.com.br\/wp-content\/uploads\/2023\/09\/vetorvix1024_1.jpg\" alt=\"\" class=\"wp-image-44868\" width=\"528\" height=\"140\" srcset=\"https:\/\/jornalfatosenoticias.com.br\/wp-content\/uploads\/2023\/09\/vetorvix1024_1.jpg 1024w, https:\/\/jornalfatosenoticias.com.br\/wp-content\/uploads\/2023\/09\/vetorvix1024_1-300x80.jpg 300w, https:\/\/jornalfatosenoticias.com.br\/wp-content\/uploads\/2023\/09\/vetorvix1024_1-768x205.jpg 768w\" sizes=\"auto, (max-width: 528px) 100vw, 528px\" \/><\/a><\/figure><\/div>\n\n\n\n<p><strong><span class=\"has-inline-color has-black-color\">5. C\u00e2mera de George Mallory<\/span><\/strong><\/p>\n\n\n\n<div class=\"wp-block-image\"><figure class=\"aligncenter size-large\"><img loading=\"lazy\" decoding=\"async\" width=\"1000\" height=\"562\" src=\"https:\/\/jornalfatosenoticias.com.br\/wp-content\/uploads\/2025\/10\/george-mallory.jpg\" alt=\"\" class=\"wp-image-62672\" srcset=\"https:\/\/jornalfatosenoticias.com.br\/wp-content\/uploads\/2025\/10\/george-mallory.jpg 1000w, https:\/\/jornalfatosenoticias.com.br\/wp-content\/uploads\/2025\/10\/george-mallory-300x169.jpg 300w, https:\/\/jornalfatosenoticias.com.br\/wp-content\/uploads\/2025\/10\/george-mallory-768x432.jpg 768w\" sizes=\"auto, (max-width: 1000px) 100vw, 1000px\" \/><figcaption><em><span class=\"has-inline-color has-black-color\">George Mallory (Foto: Divulga\u00e7\u00e3o\/Altitude Films\/John Noel Collection)<\/span><\/em><\/figcaption><\/figure><\/div>\n\n\n\n<p>Em 8 de junho de 1924, os exploradores brit\u00e2nicos <strong>George Mallory<\/strong>\u00a0e\u00a0<strong>Andrew Irvine<\/strong>\u00a0foram considerados desaparecidos, enquanto se aproximavam do topo do Monte Everest, tentando ser\u00a0<mark>os primeiros a chegarem ao local<\/mark>. Acredita-se que uma tempestade pode ter condenado o destino dos dois homens, e n\u00e3o se sabe se eles conseguiram chegar ao topo. O sucesso da miss\u00e3o s\u00f3 foi oficializado pela primeira vez em 1953, por uma equipe liderada por <strong>Edmund Hillary.<\/strong><\/p>\n\n\n\n<div class=\"wp-block-image\"><figure class=\"aligncenter size-large is-resized\"><a href=\"https:\/\/www.facebook.com\/profile.php?id=100069289606145\"><img loading=\"lazy\" decoding=\"async\" src=\"https:\/\/jornalfatosenoticias.com.br\/wp-content\/uploads\/2024\/11\/Guaitolini-Contabilidade-1024x714.jpeg\" alt=\"\" class=\"wp-image-55808\" width=\"333\" height=\"232\" srcset=\"https:\/\/jornalfatosenoticias.com.br\/wp-content\/uploads\/2024\/11\/Guaitolini-Contabilidade-1024x714.jpeg 1024w, https:\/\/jornalfatosenoticias.com.br\/wp-content\/uploads\/2024\/11\/Guaitolini-Contabilidade-300x209.jpeg 300w, https:\/\/jornalfatosenoticias.com.br\/wp-content\/uploads\/2024\/11\/Guaitolini-Contabilidade-768x535.jpeg 768w, https:\/\/jornalfatosenoticias.com.br\/wp-content\/uploads\/2024\/11\/Guaitolini-Contabilidade.jpeg 1280w\" sizes=\"auto, (max-width: 333px) 100vw, 333px\" \/><\/a><\/figure><\/div>\n\n\n\n<p>Em 1999, o corpo de <strong>George Mallory<\/strong>\u00a0foi\u00a0<a href=\"https:\/\/aventurasnahistoria.com.br\/noticias\/reportagem\/a-impressionante-mumia-congelada-de-george-mallory-e-sua-missao-suicida.phtml\">descoberto<\/a>, e evid\u00eancias sugerem que ele morreu ap\u00f3s uma queda; j\u00e1 o corpo de\u00a0<strong>Irvine<\/strong>\u00a0nunca foi encontrado. Muitos acreditam que, caso o cad\u00e1ver de\u00a0<strong>Irvine<\/strong>\u00a0seja descoberto, \u00e9 poss\u00edvel que a\u00a0<mark>c\u00e2mera<\/mark> que levaram tamb\u00e9m seja revelada. Se o filme ainda estiver preservado, pode ser revelado e responder, de uma vez por todas, se Mallory e Irvine foram os primeiros ou n\u00e3o a chegar ao topo do Everest.<\/p>\n\n\n\n<div class=\"wp-block-image\"><figure class=\"aligncenter size-large is-resized\"><a href=\"https:\/\/legisjuris.com.br\/\"><img loading=\"lazy\" decoding=\"async\" src=\"https:\/\/jornalfatosenoticias.com.br\/wp-content\/uploads\/2024\/09\/Legis-Juris-Consultoria_logo.jpg\" alt=\"\" class=\"wp-image-53915\" width=\"501\" height=\"210\" srcset=\"https:\/\/jornalfatosenoticias.com.br\/wp-content\/uploads\/2024\/09\/Legis-Juris-Consultoria_logo.jpg 969w, https:\/\/jornalfatosenoticias.com.br\/wp-content\/uploads\/2024\/09\/Legis-Juris-Consultoria_logo-300x126.jpg 300w, https:\/\/jornalfatosenoticias.com.br\/wp-content\/uploads\/2024\/09\/Legis-Juris-Consultoria_logo-768x322.jpg 768w\" sizes=\"auto, (max-width: 501px) 100vw, 501px\" \/><\/a><\/figure><\/div>\n\n\n\n<p><strong><span class=\"has-inline-color has-black-color\"><em>(Foto de capa: Dom\u00ednio P\u00fablico\/Wikimedia Commons\/Wikimedia Commons)<\/em><\/span><\/strong><\/p>\n\n\n\n<p><strong>Fonte: <a href=\"https:\/\/aventurasnahistoria.com.br\/noticias\/almanaque\/da-arca-da-alianca-tesouro-nazista-veja-5-tesouros-que-continuam-perdidos.phtml\">Aventuras na Hist\u00f3ria<\/a><\/strong><\/p>\n","protected":false},"excerpt":{"rendered":"<p>Fotografia de George Mallory, escultura &#8216;Cabe\u00e7a de Fauno&#8217;, de Michelangelo, e pintura &#8216;A Arca passa pelo Jord\u00e3o&#8217;, de James Tissot Por \u00c9ric Moreira Ao longo da Hist\u00f3ria, muitos\u00a0mist\u00e9rios surgiram, e, como sabemos, os mais fascinantes s\u00e3o aqueles que permanecem sem solu\u00e7\u00e3o. Desde a identidade de assassinos em s\u00e9rie famosos at\u00e9 locais desaparecidos ou tesouros perdidos, [&hellip;]<\/p>\n","protected":false},"author":2,"featured_media":62673,"comment_status":"open","ping_status":"open","sticky":false,"template":"","format":"standard","meta":{"footnotes":""},"categories":[5],"tags":[8494,3677,3764,1850,125,4491,249,28577,1831,322,28578,6339],"class_list":["post-62667","post","type-post","status-publish","format-standard","has-post-thumbnail","hentry","category-geral","tag-america","tag-arte","tag-asteca","tag-curiosidades","tag-europa","tag-guerra","tag-historia","tag-michelangelo","tag-misterio","tag-mundo","tag-perdidos","tag-tesouros"],"yoast_head":"<!-- This site is optimized with the Yoast SEO plugin v26.5 - https:\/\/yoast.com\/wordpress\/plugins\/seo\/ -->\n<title>Veja cinco tesouros que continuam perdidos - Jornal Fatos e Not\u00edcias<\/title>\n<meta name=\"robots\" content=\"index, follow, max-snippet:-1, max-image-preview:large, max-video-preview:-1\" \/>\n<link rel=\"canonical\" href=\"https:\/\/jornalfatosenoticias.com.br\/index.php\/2025\/10\/21\/veja-cinco-tesouros-que-continuam-perdidos\/\" \/>\n<meta property=\"og:locale\" content=\"pt_BR\" \/>\n<meta property=\"og:type\" content=\"article\" \/>\n<meta property=\"og:title\" content=\"Veja cinco tesouros que continuam perdidos - Jornal Fatos e Not\u00edcias\" \/>\n<meta property=\"og:description\" content=\"Fotografia de George Mallory, escultura &#8216;Cabe\u00e7a de Fauno&#8217;, de Michelangelo, e pintura &#8216;A Arca passa pelo Jord\u00e3o&#8217;, de James Tissot Por \u00c9ric Moreira Ao longo da Hist\u00f3ria, muitos\u00a0mist\u00e9rios surgiram, e, como sabemos, os mais fascinantes s\u00e3o aqueles que permanecem sem solu\u00e7\u00e3o. Desde a identidade de assassinos em s\u00e9rie famosos at\u00e9 locais desaparecidos ou tesouros perdidos, [&hellip;]\" \/>\n<meta property=\"og:url\" content=\"https:\/\/jornalfatosenoticias.com.br\/index.php\/2025\/10\/21\/veja-cinco-tesouros-que-continuam-perdidos\/\" \/>\n<meta property=\"og:site_name\" content=\"Jornal Fatos e Not\u00edcias\" \/>\n<meta property=\"article:published_time\" content=\"2025-10-21T13:56:33+00:00\" \/>\n<meta property=\"article:modified_time\" content=\"2025-10-21T13:56:34+00:00\" \/>\n<meta property=\"og:image\" content=\"https:\/\/jornalfatosenoticias.com.br\/wp-content\/uploads\/2025\/10\/curiosidade_tesouros-perdidos.jpg\" \/>\n\t<meta property=\"og:image:width\" content=\"1000\" \/>\n\t<meta property=\"og:image:height\" content=\"562\" \/>\n\t<meta property=\"og:image:type\" content=\"image\/jpeg\" \/>\n<meta name=\"author\" content=\"Luzimara Fernandes\" \/>\n<meta name=\"twitter:card\" content=\"summary_large_image\" \/>\n<meta name=\"twitter:label1\" content=\"Escrito por\" \/>\n\t<meta name=\"twitter:data1\" content=\"Luzimara Fernandes\" \/>\n\t<meta name=\"twitter:label2\" content=\"Est. tempo de leitura\" \/>\n\t<meta name=\"twitter:data2\" content=\"4 minutos\" \/>\n<script type=\"application\/ld+json\" class=\"yoast-schema-graph\">{\"@context\":\"https:\/\/schema.org\",\"@graph\":[{\"@type\":\"Article\",\"@id\":\"https:\/\/jornalfatosenoticias.com.br\/index.php\/2025\/10\/21\/veja-cinco-tesouros-que-continuam-perdidos\/#article\",\"isPartOf\":{\"@id\":\"https:\/\/jornalfatosenoticias.com.br\/index.php\/2025\/10\/21\/veja-cinco-tesouros-que-continuam-perdidos\/\"},\"author\":{\"name\":\"Luzimara Fernandes\",\"@id\":\"https:\/\/jornalfatosenoticias.com.br\/#\/schema\/person\/d63837fa13ac8666eb9e74e0985d6f81\"},\"headline\":\"Veja cinco tesouros que continuam perdidos\",\"datePublished\":\"2025-10-21T13:56:33+00:00\",\"dateModified\":\"2025-10-21T13:56:34+00:00\",\"mainEntityOfPage\":{\"@id\":\"https:\/\/jornalfatosenoticias.com.br\/index.php\/2025\/10\/21\/veja-cinco-tesouros-que-continuam-perdidos\/\"},\"wordCount\":878,\"commentCount\":0,\"publisher\":{\"@id\":\"https:\/\/jornalfatosenoticias.com.br\/#organization\"},\"image\":{\"@id\":\"https:\/\/jornalfatosenoticias.com.br\/index.php\/2025\/10\/21\/veja-cinco-tesouros-que-continuam-perdidos\/#primaryimage\"},\"thumbnailUrl\":\"https:\/\/jornalfatosenoticias.com.br\/wp-content\/uploads\/2025\/10\/curiosidade_tesouros-perdidos.jpg\",\"keywords\":[\"Am\u00e9rica\",\"arte\",\"asteca\",\"curiosidades\",\"Europa\",\"guerra\",\"hist\u00f3ria\",\"Michelangelo\",\"mist\u00e9rio\",\"mundo\",\"perdidos\",\"tesouros\"],\"articleSection\":[\"Geral\"],\"inLanguage\":\"pt-BR\",\"potentialAction\":[{\"@type\":\"CommentAction\",\"name\":\"Comment\",\"target\":[\"https:\/\/jornalfatosenoticias.com.br\/index.php\/2025\/10\/21\/veja-cinco-tesouros-que-continuam-perdidos\/#respond\"]}]},{\"@type\":\"WebPage\",\"@id\":\"https:\/\/jornalfatosenoticias.com.br\/index.php\/2025\/10\/21\/veja-cinco-tesouros-que-continuam-perdidos\/\",\"url\":\"https:\/\/jornalfatosenoticias.com.br\/index.php\/2025\/10\/21\/veja-cinco-tesouros-que-continuam-perdidos\/\",\"name\":\"Veja cinco tesouros que continuam perdidos - Jornal Fatos e Not\u00edcias\",\"isPartOf\":{\"@id\":\"https:\/\/jornalfatosenoticias.com.br\/#website\"},\"primaryImageOfPage\":{\"@id\":\"https:\/\/jornalfatosenoticias.com.br\/index.php\/2025\/10\/21\/veja-cinco-tesouros-que-continuam-perdidos\/#primaryimage\"},\"image\":{\"@id\":\"https:\/\/jornalfatosenoticias.com.br\/index.php\/2025\/10\/21\/veja-cinco-tesouros-que-continuam-perdidos\/#primaryimage\"},\"thumbnailUrl\":\"https:\/\/jornalfatosenoticias.com.br\/wp-content\/uploads\/2025\/10\/curiosidade_tesouros-perdidos.jpg\",\"datePublished\":\"2025-10-21T13:56:33+00:00\",\"dateModified\":\"2025-10-21T13:56:34+00:00\",\"breadcrumb\":{\"@id\":\"https:\/\/jornalfatosenoticias.com.br\/index.php\/2025\/10\/21\/veja-cinco-tesouros-que-continuam-perdidos\/#breadcrumb\"},\"inLanguage\":\"pt-BR\",\"potentialAction\":[{\"@type\":\"ReadAction\",\"target\":[\"https:\/\/jornalfatosenoticias.com.br\/index.php\/2025\/10\/21\/veja-cinco-tesouros-que-continuam-perdidos\/\"]}]},{\"@type\":\"ImageObject\",\"inLanguage\":\"pt-BR\",\"@id\":\"https:\/\/jornalfatosenoticias.com.br\/index.php\/2025\/10\/21\/veja-cinco-tesouros-que-continuam-perdidos\/#primaryimage\",\"url\":\"https:\/\/jornalfatosenoticias.com.br\/wp-content\/uploads\/2025\/10\/curiosidade_tesouros-perdidos.jpg\",\"contentUrl\":\"https:\/\/jornalfatosenoticias.com.br\/wp-content\/uploads\/2025\/10\/curiosidade_tesouros-perdidos.jpg\",\"width\":1000,\"height\":562},{\"@type\":\"BreadcrumbList\",\"@id\":\"https:\/\/jornalfatosenoticias.com.br\/index.php\/2025\/10\/21\/veja-cinco-tesouros-que-continuam-perdidos\/#breadcrumb\",\"itemListElement\":[{\"@type\":\"ListItem\",\"position\":1,\"name\":\"In\u00edcio\",\"item\":\"https:\/\/jornalfatosenoticias.com.br\/\"},{\"@type\":\"ListItem\",\"position\":2,\"name\":\"Veja cinco tesouros que continuam perdidos\"}]},{\"@type\":\"WebSite\",\"@id\":\"https:\/\/jornalfatosenoticias.com.br\/#website\",\"url\":\"https:\/\/jornalfatosenoticias.com.br\/\",\"name\":\"Jornal Fatos e Not\u00edcias\",\"description\":\"Not\u00edcias em geral\",\"publisher\":{\"@id\":\"https:\/\/jornalfatosenoticias.com.br\/#organization\"},\"potentialAction\":[{\"@type\":\"SearchAction\",\"target\":{\"@type\":\"EntryPoint\",\"urlTemplate\":\"https:\/\/jornalfatosenoticias.com.br\/?s={search_term_string}\"},\"query-input\":{\"@type\":\"PropertyValueSpecification\",\"valueRequired\":true,\"valueName\":\"search_term_string\"}}],\"inLanguage\":\"pt-BR\"},{\"@type\":\"Organization\",\"@id\":\"https:\/\/jornalfatosenoticias.com.br\/#organization\",\"name\":\"Jornal Fatos e Not\u00edcias\",\"url\":\"https:\/\/jornalfatosenoticias.com.br\/\",\"logo\":{\"@type\":\"ImageObject\",\"inLanguage\":\"pt-BR\",\"@id\":\"https:\/\/jornalfatosenoticias.com.br\/#\/schema\/logo\/image\/\",\"url\":\"https:\/\/jornalfatosenoticias.com.br\/wp-content\/uploads\/2020\/02\/logo120.png\",\"contentUrl\":\"https:\/\/jornalfatosenoticias.com.br\/wp-content\/uploads\/2020\/02\/logo120.png\",\"width\":1227,\"height\":120,\"caption\":\"Jornal Fatos e Not\u00edcias\"},\"image\":{\"@id\":\"https:\/\/jornalfatosenoticias.com.br\/#\/schema\/logo\/image\/\"}},{\"@type\":\"Person\",\"@id\":\"https:\/\/jornalfatosenoticias.com.br\/#\/schema\/person\/d63837fa13ac8666eb9e74e0985d6f81\",\"name\":\"Luzimara Fernandes\",\"image\":{\"@type\":\"ImageObject\",\"inLanguage\":\"pt-BR\",\"@id\":\"https:\/\/jornalfatosenoticias.com.br\/#\/schema\/person\/image\/\",\"url\":\"https:\/\/jornalfatosenoticias.com.br\/wp-content\/uploads\/2025\/05\/EU_portal.jpg\",\"contentUrl\":\"https:\/\/jornalfatosenoticias.com.br\/wp-content\/uploads\/2025\/05\/EU_portal.jpg\",\"caption\":\"Luzimara Fernandes\"},\"description\":\"Jornalista MTB 2358-ES\",\"sameAs\":[\"https:\/\/jornalfatosenoticias.com.br\"],\"url\":\"https:\/\/jornalfatosenoticias.com.br\/index.php\/author\/luzimara\/\"}]}<\/script>\n<!-- \/ Yoast SEO plugin. -->","yoast_head_json":{"title":"Veja cinco tesouros que continuam perdidos - Jornal Fatos e Not\u00edcias","robots":{"index":"index","follow":"follow","max-snippet":"max-snippet:-1","max-image-preview":"max-image-preview:large","max-video-preview":"max-video-preview:-1"},"canonical":"https:\/\/jornalfatosenoticias.com.br\/index.php\/2025\/10\/21\/veja-cinco-tesouros-que-continuam-perdidos\/","og_locale":"pt_BR","og_type":"article","og_title":"Veja cinco tesouros que continuam perdidos - Jornal Fatos e Not\u00edcias","og_description":"Fotografia de George Mallory, escultura &#8216;Cabe\u00e7a de Fauno&#8217;, de Michelangelo, e pintura &#8216;A Arca passa pelo Jord\u00e3o&#8217;, de James Tissot Por \u00c9ric Moreira Ao longo da Hist\u00f3ria, muitos\u00a0mist\u00e9rios surgiram, e, como sabemos, os mais fascinantes s\u00e3o aqueles que permanecem sem solu\u00e7\u00e3o. Desde a identidade de assassinos em s\u00e9rie famosos at\u00e9 locais desaparecidos ou tesouros perdidos, [&hellip;]","og_url":"https:\/\/jornalfatosenoticias.com.br\/index.php\/2025\/10\/21\/veja-cinco-tesouros-que-continuam-perdidos\/","og_site_name":"Jornal Fatos e Not\u00edcias","article_published_time":"2025-10-21T13:56:33+00:00","article_modified_time":"2025-10-21T13:56:34+00:00","og_image":[{"width":1000,"height":562,"url":"https:\/\/jornalfatosenoticias.com.br\/wp-content\/uploads\/2025\/10\/curiosidade_tesouros-perdidos.jpg","type":"image\/jpeg"}],"author":"Luzimara Fernandes","twitter_card":"summary_large_image","twitter_misc":{"Escrito por":"Luzimara Fernandes","Est. tempo de leitura":"4 minutos"},"schema":{"@context":"https:\/\/schema.org","@graph":[{"@type":"Article","@id":"https:\/\/jornalfatosenoticias.com.br\/index.php\/2025\/10\/21\/veja-cinco-tesouros-que-continuam-perdidos\/#article","isPartOf":{"@id":"https:\/\/jornalfatosenoticias.com.br\/index.php\/2025\/10\/21\/veja-cinco-tesouros-que-continuam-perdidos\/"},"author":{"name":"Luzimara Fernandes","@id":"https:\/\/jornalfatosenoticias.com.br\/#\/schema\/person\/d63837fa13ac8666eb9e74e0985d6f81"},"headline":"Veja cinco tesouros que continuam perdidos","datePublished":"2025-10-21T13:56:33+00:00","dateModified":"2025-10-21T13:56:34+00:00","mainEntityOfPage":{"@id":"https:\/\/jornalfatosenoticias.com.br\/index.php\/2025\/10\/21\/veja-cinco-tesouros-que-continuam-perdidos\/"},"wordCount":878,"commentCount":0,"publisher":{"@id":"https:\/\/jornalfatosenoticias.com.br\/#organization"},"image":{"@id":"https:\/\/jornalfatosenoticias.com.br\/index.php\/2025\/10\/21\/veja-cinco-tesouros-que-continuam-perdidos\/#primaryimage"},"thumbnailUrl":"https:\/\/jornalfatosenoticias.com.br\/wp-content\/uploads\/2025\/10\/curiosidade_tesouros-perdidos.jpg","keywords":["Am\u00e9rica","arte","asteca","curiosidades","Europa","guerra","hist\u00f3ria","Michelangelo","mist\u00e9rio","mundo","perdidos","tesouros"],"articleSection":["Geral"],"inLanguage":"pt-BR","potentialAction":[{"@type":"CommentAction","name":"Comment","target":["https:\/\/jornalfatosenoticias.com.br\/index.php\/2025\/10\/21\/veja-cinco-tesouros-que-continuam-perdidos\/#respond"]}]},{"@type":"WebPage","@id":"https:\/\/jornalfatosenoticias.com.br\/index.php\/2025\/10\/21\/veja-cinco-tesouros-que-continuam-perdidos\/","url":"https:\/\/jornalfatosenoticias.com.br\/index.php\/2025\/10\/21\/veja-cinco-tesouros-que-continuam-perdidos\/","name":"Veja cinco tesouros que continuam perdidos - Jornal Fatos e Not\u00edcias","isPartOf":{"@id":"https:\/\/jornalfatosenoticias.com.br\/#website"},"primaryImageOfPage":{"@id":"https:\/\/jornalfatosenoticias.com.br\/index.php\/2025\/10\/21\/veja-cinco-tesouros-que-continuam-perdidos\/#primaryimage"},"image":{"@id":"https:\/\/jornalfatosenoticias.com.br\/index.php\/2025\/10\/21\/veja-cinco-tesouros-que-continuam-perdidos\/#primaryimage"},"thumbnailUrl":"https:\/\/jornalfatosenoticias.com.br\/wp-content\/uploads\/2025\/10\/curiosidade_tesouros-perdidos.jpg","datePublished":"2025-10-21T13:56:33+00:00","dateModified":"2025-10-21T13:56:34+00:00","breadcrumb":{"@id":"https:\/\/jornalfatosenoticias.com.br\/index.php\/2025\/10\/21\/veja-cinco-tesouros-que-continuam-perdidos\/#breadcrumb"},"inLanguage":"pt-BR","potentialAction":[{"@type":"ReadAction","target":["https:\/\/jornalfatosenoticias.com.br\/index.php\/2025\/10\/21\/veja-cinco-tesouros-que-continuam-perdidos\/"]}]},{"@type":"ImageObject","inLanguage":"pt-BR","@id":"https:\/\/jornalfatosenoticias.com.br\/index.php\/2025\/10\/21\/veja-cinco-tesouros-que-continuam-perdidos\/#primaryimage","url":"https:\/\/jornalfatosenoticias.com.br\/wp-content\/uploads\/2025\/10\/curiosidade_tesouros-perdidos.jpg","contentUrl":"https:\/\/jornalfatosenoticias.com.br\/wp-content\/uploads\/2025\/10\/curiosidade_tesouros-perdidos.jpg","width":1000,"height":562},{"@type":"BreadcrumbList","@id":"https:\/\/jornalfatosenoticias.com.br\/index.php\/2025\/10\/21\/veja-cinco-tesouros-que-continuam-perdidos\/#breadcrumb","itemListElement":[{"@type":"ListItem","position":1,"name":"In\u00edcio","item":"https:\/\/jornalfatosenoticias.com.br\/"},{"@type":"ListItem","position":2,"name":"Veja cinco tesouros que continuam perdidos"}]},{"@type":"WebSite","@id":"https:\/\/jornalfatosenoticias.com.br\/#website","url":"https:\/\/jornalfatosenoticias.com.br\/","name":"Jornal Fatos e Not\u00edcias","description":"Not\u00edcias em geral","publisher":{"@id":"https:\/\/jornalfatosenoticias.com.br\/#organization"},"potentialAction":[{"@type":"SearchAction","target":{"@type":"EntryPoint","urlTemplate":"https:\/\/jornalfatosenoticias.com.br\/?s={search_term_string}"},"query-input":{"@type":"PropertyValueSpecification","valueRequired":true,"valueName":"search_term_string"}}],"inLanguage":"pt-BR"},{"@type":"Organization","@id":"https:\/\/jornalfatosenoticias.com.br\/#organization","name":"Jornal Fatos e Not\u00edcias","url":"https:\/\/jornalfatosenoticias.com.br\/","logo":{"@type":"ImageObject","inLanguage":"pt-BR","@id":"https:\/\/jornalfatosenoticias.com.br\/#\/schema\/logo\/image\/","url":"https:\/\/jornalfatosenoticias.com.br\/wp-content\/uploads\/2020\/02\/logo120.png","contentUrl":"https:\/\/jornalfatosenoticias.com.br\/wp-content\/uploads\/2020\/02\/logo120.png","width":1227,"height":120,"caption":"Jornal Fatos e Not\u00edcias"},"image":{"@id":"https:\/\/jornalfatosenoticias.com.br\/#\/schema\/logo\/image\/"}},{"@type":"Person","@id":"https:\/\/jornalfatosenoticias.com.br\/#\/schema\/person\/d63837fa13ac8666eb9e74e0985d6f81","name":"Luzimara Fernandes","image":{"@type":"ImageObject","inLanguage":"pt-BR","@id":"https:\/\/jornalfatosenoticias.com.br\/#\/schema\/person\/image\/","url":"https:\/\/jornalfatosenoticias.com.br\/wp-content\/uploads\/2025\/05\/EU_portal.jpg","contentUrl":"https:\/\/jornalfatosenoticias.com.br\/wp-content\/uploads\/2025\/05\/EU_portal.jpg","caption":"Luzimara Fernandes"},"description":"Jornalista MTB 2358-ES","sameAs":["https:\/\/jornalfatosenoticias.com.br"],"url":"https:\/\/jornalfatosenoticias.com.br\/index.php\/author\/luzimara\/"}]}},"cc_featured_image_caption":{"caption_text":"","source_text":"","source_url":""},"jetpack_featured_media_url":"https:\/\/jornalfatosenoticias.com.br\/wp-content\/uploads\/2025\/10\/curiosidade_tesouros-perdidos.jpg","_links":{"self":[{"href":"https:\/\/jornalfatosenoticias.com.br\/index.php\/wp-json\/wp\/v2\/posts\/62667","targetHints":{"allow":["GET"]}}],"collection":[{"href":"https:\/\/jornalfatosenoticias.com.br\/index.php\/wp-json\/wp\/v2\/posts"}],"about":[{"href":"https:\/\/jornalfatosenoticias.com.br\/index.php\/wp-json\/wp\/v2\/types\/post"}],"author":[{"embeddable":true,"href":"https:\/\/jornalfatosenoticias.com.br\/index.php\/wp-json\/wp\/v2\/users\/2"}],"replies":[{"embeddable":true,"href":"https:\/\/jornalfatosenoticias.com.br\/index.php\/wp-json\/wp\/v2\/comments?post=62667"}],"version-history":[{"count":0,"href":"https:\/\/jornalfatosenoticias.com.br\/index.php\/wp-json\/wp\/v2\/posts\/62667\/revisions"}],"wp:featuredmedia":[{"embeddable":true,"href":"https:\/\/jornalfatosenoticias.com.br\/index.php\/wp-json\/wp\/v2\/media\/62673"}],"wp:attachment":[{"href":"https:\/\/jornalfatosenoticias.com.br\/index.php\/wp-json\/wp\/v2\/media?parent=62667"}],"wp:term":[{"taxonomy":"category","embeddable":true,"href":"https:\/\/jornalfatosenoticias.com.br\/index.php\/wp-json\/wp\/v2\/categories?post=62667"},{"taxonomy":"post_tag","embeddable":true,"href":"https:\/\/jornalfatosenoticias.com.br\/index.php\/wp-json\/wp\/v2\/tags?post=62667"}],"curies":[{"name":"wp","href":"https:\/\/api.w.org\/{rel}","templated":true}]}}