{"id":62675,"date":"2025-10-21T14:44:36","date_gmt":"2025-10-21T17:44:36","guid":{"rendered":"https:\/\/jornalfatosenoticias.com.br\/?p=62675"},"modified":"2025-10-21T14:44:37","modified_gmt":"2025-10-21T17:44:37","slug":"lobo-das-ilhas-malvinas-era-raposa-domesticada-na-america-do-sul","status":"publish","type":"post","link":"https:\/\/jornalfatosenoticias.com.br\/index.php\/2025\/10\/21\/lobo-das-ilhas-malvinas-era-raposa-domesticada-na-america-do-sul\/","title":{"rendered":"\u201cLobo\u201d das Ilhas Malvinas era raposa domesticada na Am\u00e9rica do Sul"},"content":{"rendered":"\n<p><em><span class=\"has-inline-color has-black-color\">Por muito tempo, acreditava-se que o animal, conhecido cientificamente como Dusicyon australis, fosse uma esp\u00e9cie pr\u00f3pria<\/span><\/em><\/p>\n\n\n\n<p><span class=\"has-inline-color has-black-color\">Por <strong><a href=\"https:\/\/olhardigital.com.br\/author\/rodrigo-mozelli\/\">Rodrigo Mozelli<\/a><\/strong><\/span><\/p>\n\n\n\n<div class=\"wp-block-image\"><figure class=\"aligncenter size-large\"><a href=\"https:\/\/mizu.com.br\/\"><img loading=\"lazy\" decoding=\"async\" width=\"729\" height=\"90\" src=\"https:\/\/jornalfatosenoticias.com.br\/wp-content\/uploads\/2020\/02\/Logo_Mizu.png\" alt=\"\" class=\"wp-image-1441\" srcset=\"https:\/\/jornalfatosenoticias.com.br\/wp-content\/uploads\/2020\/02\/Logo_Mizu.png 729w, https:\/\/jornalfatosenoticias.com.br\/wp-content\/uploads\/2020\/02\/Logo_Mizu-300x37.png 300w\" sizes=\"auto, (max-width: 729px) 100vw, 729px\" \/><\/a><\/figure><\/div>\n\n\n\n<p>Um novo estudo publicado no <em><a href=\"https:\/\/academic.oup.com\/biolinnean\/article-abstract\/146\/1\/blaf091\/8261579?redirectedFrom=fulltext\" target=\"_blank\" rel=\"noreferrer noopener\"><strong>Biological Journal of the Linnean Society<\/strong><\/a><\/em>\u00a0revelou que o chamado\u00a0<strong>\u201c<a href=\"https:\/\/olhardigital.com.br\/tag\/lobo\/\" target=\"_blank\" rel=\"noreferrer noopener\">lobo<\/a>\u201d das Ilhas Malvinas<\/strong> <strong>\u2014<\/strong> considerado o \u00fanico <strong><strong><a href=\"https:\/\/olhardigital.com.br\/tag\/mamiferos\/\" target=\"_blank\" rel=\"noreferrer noopener\">mam\u00edfero<\/a><\/strong><\/strong> nativo do arquip\u00e9lago \u2014 n\u00e3o era um lobo, mas, sim, a \u00faltima popula\u00e7\u00e3o sobrevivente de uma esp\u00e9cie de raposa domesticada na Am\u00e9rica do Sul.<br>Por muito tempo, acreditava-se que o <strong><a href=\"https:\/\/olhardigital.com.br\/tag\/animais\" target=\"_blank\" rel=\"noreferrer noopener\">animal<\/a><\/strong>, conhecido cientificamente como <em>Dusicyon australis, <\/em>fosse uma esp\u00e9cie pr\u00f3pria, que teria se separado das raposas sul-americanas h\u00e1 cerca de 16 mil anos. No entanto, novas an\u00e1lises gen\u00e9ticas e arqueol\u00f3gicas indicam que ele era descendente direto do <em>Dusicyon avus<\/em>, uma esp\u00e9cie domesticada por ca\u00e7adores-coletores sul-americanos antes mesmo da domestica\u00e7\u00e3o dos <strong><a href=\"https:\/\/olhardigital.com.br\/tag\/caes\/\" target=\"_blank\" rel=\"noreferrer noopener\">c\u00e3es<\/a>.<\/strong><\/p>\n\n\n\n<div class=\"wp-block-image\"><figure class=\"aligncenter size-large is-resized\"><a href=\"https:\/\/www.instagram.com\/rcradiadores\/\"><img loading=\"lazy\" decoding=\"async\" src=\"https:\/\/jornalfatosenoticias.com.br\/wp-content\/uploads\/2022\/10\/RC_800x750_page-0001.jpg\" alt=\"\" class=\"wp-image-35338\" width=\"270\" height=\"253\" srcset=\"https:\/\/jornalfatosenoticias.com.br\/wp-content\/uploads\/2022\/10\/RC_800x750_page-0001.jpg 400w, https:\/\/jornalfatosenoticias.com.br\/wp-content\/uploads\/2022\/10\/RC_800x750_page-0001-300x281.jpg 300w\" sizes=\"auto, (max-width: 270px) 100vw, 270px\" \/><\/a><\/figure><\/div>\n\n\n\n<blockquote class=\"wp-block-quote is-layout-flow wp-block-quote-is-layout-flow\"><p><span class=\"has-inline-color has-luminous-vivid-orange-color\">Quando colonos europeus chegaram \u00e0s praias das Malvinas, encontraram uma criatura de pelagem castanha, semelhante a um lobo, do tamanho de um pequeno labrador\u201d, afirmou o professor Samuel Turvey, pesquisador do Instituto de Zoologia da ZSL e autor principal do estudo, ao <strong><em><a href=\"https:\/\/www.iflscience.com\/friendly-falkland-islands-wolf-was-actually-the-last-stronghold-of-a-fox-domesticated-in-south-america-81051\" target=\"_blank\" rel=\"noreferrer noopener\">IFLScience<\/a><\/em>.<\/strong> \u201cAssim como o famoso dod\u00f4, acreditava-se que mil\u00eanios de evolu\u00e7\u00e3o sem predadores haviam gerado um animal completamente destemido diante das pessoas, mas a realidade era mais complexa \u2014 e mais tr\u00e1gica\u201d.<\/span><\/p><\/blockquote>\n\n\n\n<div class=\"wp-block-image\"><figure class=\"aligncenter size-large is-resized\"><a href=\"https:\/\/www.controlsystems.com.br\/\"><img loading=\"lazy\" decoding=\"async\" src=\"https:\/\/jornalfatosenoticias.com.br\/wp-content\/uploads\/2020\/02\/CONTROL-CS.jpg\" alt=\"\" class=\"wp-image-44991\" width=\"263\" height=\"316\" srcset=\"https:\/\/jornalfatosenoticias.com.br\/wp-content\/uploads\/2020\/02\/CONTROL-CS.jpg 834w, https:\/\/jornalfatosenoticias.com.br\/wp-content\/uploads\/2020\/02\/CONTROL-CS-250x300.jpg 250w, https:\/\/jornalfatosenoticias.com.br\/wp-content\/uploads\/2020\/02\/CONTROL-CS-768x921.jpg 768w\" sizes=\"auto, (max-width: 263px) 100vw, 263px\" \/><\/a><\/figure><\/div>\n\n\n\n<p>Segundo Turvey, \u201ca simpatia que tornou esse can\u00eddeo um alvo f\u00e1cil para ca\u00e7adores n\u00e3o se devia \u00e0 falta de contato com humanos, mas ao fato de que ele um dia viveu ao nosso lado\u201d. O pesquisador destacou ainda que essa descoberta \u201cn\u00e3o \u00e9 apenas um desfecho comovente para uma hist\u00f3ria tr\u00e1gica\u201d, mas, tamb\u00e9m, \u201cmuda fundamentalmente nossa compreens\u00e3o sobre o que levou essa esp\u00e9cie \u00e0 extin\u00e7\u00e3o e tem implica\u00e7\u00f5es mais amplas para o estudo de extin\u00e7\u00f5es causadas por humanos hoje\u201d.<\/p>\n\n\n\n<div class=\"wp-block-image\"><figure class=\"aligncenter size-large\"><img loading=\"lazy\" decoding=\"async\" width=\"1000\" height=\"652\" src=\"https:\/\/jornalfatosenoticias.com.br\/wp-content\/uploads\/2025\/10\/lobo-das-Ilhas-Malvinas2.jpg\" alt=\"\" class=\"wp-image-62676\" srcset=\"https:\/\/jornalfatosenoticias.com.br\/wp-content\/uploads\/2025\/10\/lobo-das-Ilhas-Malvinas2.jpg 1000w, https:\/\/jornalfatosenoticias.com.br\/wp-content\/uploads\/2025\/10\/lobo-das-Ilhas-Malvinas2-300x196.jpg 300w, https:\/\/jornalfatosenoticias.com.br\/wp-content\/uploads\/2025\/10\/lobo-das-Ilhas-Malvinas2-768x501.jpg 768w\" sizes=\"auto, (max-width: 1000px) 100vw, 1000px\" \/><figcaption><span class=\"has-inline-color has-black-color\"><em>Reconstru\u00e7\u00e3o art\u00edstica de um Dusicyon avus (Imagem: Juandertal\/CC BY-SA 4.0)<\/em><\/span><\/figcaption><\/figure><\/div>\n\n\n\n<p><strong><span class=\"has-inline-color has-vivid-green-cyan-color\">Renomear a esp\u00e9cie?<br><\/span><\/strong>Com a nova descoberta, os cientistas recomendam que a esp\u00e9cie <em>D. avus<\/em> passe a ser oficialmente chamada de <em>D. australis,<\/em> reconhecendo que se trata do mesmo animal. O entendimento revisado de sua hist\u00f3ria evolutiva pode ajudar a refinar estrat\u00e9gias de conserva\u00e7\u00e3o de esp\u00e9cies atuais.<\/p>\n\n\n\n<div class=\"wp-block-image\"><figure class=\"aligncenter size-large is-resized\"><a href=\"https:\/\/www.instagram.com\/serra4x4cambioautomatico\/\"><img loading=\"lazy\" decoding=\"async\" src=\"https:\/\/jornalfatosenoticias.com.br\/wp-content\/uploads\/2024\/08\/Serra-4x4-1-886x1024.jpg\" alt=\"\" class=\"wp-image-53632\" width=\"274\" height=\"317\" srcset=\"https:\/\/jornalfatosenoticias.com.br\/wp-content\/uploads\/2024\/08\/Serra-4x4-1-886x1024.jpg 886w, https:\/\/jornalfatosenoticias.com.br\/wp-content\/uploads\/2024\/08\/Serra-4x4-1-260x300.jpg 260w, https:\/\/jornalfatosenoticias.com.br\/wp-content\/uploads\/2024\/08\/Serra-4x4-1-768x888.jpg 768w, https:\/\/jornalfatosenoticias.com.br\/wp-content\/uploads\/2024\/08\/Serra-4x4-1.jpg 1181w\" sizes=\"auto, (max-width: 274px) 100vw, 274px\" \/><\/a><\/figure><\/div>\n\n\n\n<blockquote class=\"wp-block-quote is-layout-flow wp-block-quote-is-layout-flow\"><p><span class=\"has-inline-color has-luminous-vivid-orange-color\">N\u00e3o podemos trazer o lobo das Malvinas de volta, mas sua hist\u00f3ria nos ajuda a proteger a vida selvagem que ainda temos hoje\u201d, disse Turvey. \u201cAo aprimorar nossa base de conhecimento sobre a vulnerabilidade das esp\u00e9cies, podemos prever melhor como elas respondem \u00e0 press\u00e3o humana e planejar a\u00e7\u00f5es de conserva\u00e7\u00e3o de forma mais eficaz\u201d.<\/span><\/p><\/blockquote>\n\n\n\n<div class=\"wp-block-image\"><figure class=\"aligncenter size-large is-resized\"><a href=\"https:\/\/www.instagram.com\/gruposei\/\"><img loading=\"lazy\" decoding=\"async\" src=\"https:\/\/jornalfatosenoticias.com.br\/wp-content\/uploads\/2022\/07\/Logo-Grupo-SEI.jpg\" alt=\"\" class=\"wp-image-31973\" width=\"370\" height=\"194\" srcset=\"https:\/\/jornalfatosenoticias.com.br\/wp-content\/uploads\/2022\/07\/Logo-Grupo-SEI.jpg 713w, https:\/\/jornalfatosenoticias.com.br\/wp-content\/uploads\/2022\/07\/Logo-Grupo-SEI-300x158.jpg 300w\" sizes=\"auto, (max-width: 370px) 100vw, 370px\" \/><\/a><\/figure><\/div>\n\n\n\n<p><strong><span class=\"has-inline-color has-vivid-green-cyan-color\">Raposa sul-americana? Qual \u00e9 a hist\u00f3ria dela, ent\u00e3o?<br><\/span>\u2705<\/strong> Essas raposas foram encontradas em tumbas humanas, sugerindo que viviam como animais de estima\u00e7\u00e3o;<br><strong>\u2705<\/strong> Quando parte dessa popula\u00e7\u00e3o se estabeleceu nas Ilhas Malvinas, manteve o comportamento domesticado e a aus\u00eancia de medo dos humanos \u2014 o que acabou se tornando fatal com a chegada dos colonizadores europeus no s\u00e9culo XVII;<br>\u2705 Charles Darwin foi um dos poucos humanos a observar o chamado lobo-das-Malvinas em vida;<br>\u2705 Ele acreditava que o isolamento do animal o havia tornado destemido diante de pessoas e previu que essa caracter\u00edstica levaria \u00e0 sua extin\u00e7\u00e3o, o que, de fato, ocorreu;<br>\u2705 O que Darwin n\u00e3o sabia \u00e9 que a docilidade do animal n\u00e3o era fruto do isolamento, mas de um passado de conviv\u00eancia com os humanos.<\/p>\n\n\n\n<div class=\"wp-block-image\"><figure class=\"aligncenter size-large is-resized\"><a href=\"https:\/\/www.instagram.com\/restaurantepegoretti\/\"><img loading=\"lazy\" decoding=\"async\" src=\"https:\/\/jornalfatosenoticias.com.br\/wp-content\/uploads\/2023\/12\/pegoretti-logo-pdf-1024x389.jpg\" alt=\"\" class=\"wp-image-47536\" width=\"480\" height=\"182\" srcset=\"https:\/\/jornalfatosenoticias.com.br\/wp-content\/uploads\/2023\/12\/pegoretti-logo-pdf-1024x389.jpg 1024w, https:\/\/jornalfatosenoticias.com.br\/wp-content\/uploads\/2023\/12\/pegoretti-logo-pdf-300x114.jpg 300w, https:\/\/jornalfatosenoticias.com.br\/wp-content\/uploads\/2023\/12\/pegoretti-logo-pdf-768x291.jpg 768w, https:\/\/jornalfatosenoticias.com.br\/wp-content\/uploads\/2023\/12\/pegoretti-logo-pdf.jpg 1120w\" sizes=\"auto, (max-width: 480px) 100vw, 480px\" \/><\/a><\/figure><\/div>\n\n\n\n<p><strong>Fonte: <a href=\"https:\/\/olhardigital.com.br\/2025\/10\/06\/ciencia-e-espaco\/lobo-das-ilhas-malvinas-era-raposa-domesticada-na-america-do-sul\/\">Olhar Digital<\/a><\/strong><\/p>\n","protected":false},"excerpt":{"rendered":"<p>Por muito tempo, acreditava-se que o animal, conhecido cientificamente como Dusicyon australis, fosse uma esp\u00e9cie pr\u00f3pria Por Rodrigo Mozelli Um novo estudo publicado no Biological Journal of the Linnean Society\u00a0revelou que o chamado\u00a0\u201clobo\u201d das Ilhas Malvinas \u2014 considerado o \u00fanico mam\u00edfero nativo do arquip\u00e9lago \u2014 n\u00e3o era um lobo, mas, sim, a \u00faltima popula\u00e7\u00e3o sobrevivente [&hellip;]<\/p>\n","protected":false},"author":2,"featured_media":62677,"comment_status":"open","ping_status":"open","sticky":false,"template":"","format":"standard","meta":{"footnotes":""},"categories":[8],"tags":[208,28580,20438,28581,3298,19568,28579],"class_list":["post-62675","post","type-post","status-publish","format-standard","has-post-thumbnail","hentry","category-meio-ambiente","tag-america-do-sul","tag-ilhas-malvinas","tag-lobo","tag-lobo-das-ilhas-malvinas","tag-mamiferos","tag-raposa","tag-raposa-domesticada"],"yoast_head":"<!-- This site is optimized with the Yoast SEO plugin v26.5 - https:\/\/yoast.com\/wordpress\/plugins\/seo\/ -->\n<title>\u201cLobo\u201d das Ilhas Malvinas era raposa domesticada na Am\u00e9rica do Sul - Jornal Fatos e Not\u00edcias<\/title>\n<meta name=\"robots\" content=\"index, follow, max-snippet:-1, max-image-preview:large, max-video-preview:-1\" \/>\n<link rel=\"canonical\" href=\"https:\/\/jornalfatosenoticias.com.br\/index.php\/2025\/10\/21\/lobo-das-ilhas-malvinas-era-raposa-domesticada-na-america-do-sul\/\" \/>\n<meta property=\"og:locale\" content=\"pt_BR\" \/>\n<meta property=\"og:type\" content=\"article\" \/>\n<meta property=\"og:title\" content=\"\u201cLobo\u201d das Ilhas Malvinas era raposa domesticada na Am\u00e9rica do Sul - Jornal Fatos e Not\u00edcias\" \/>\n<meta property=\"og:description\" content=\"Por muito tempo, acreditava-se que o animal, conhecido cientificamente como Dusicyon australis, fosse uma esp\u00e9cie pr\u00f3pria Por Rodrigo Mozelli Um novo estudo publicado no Biological Journal of the Linnean Society\u00a0revelou que o chamado\u00a0\u201clobo\u201d das Ilhas Malvinas \u2014 considerado o \u00fanico mam\u00edfero nativo do arquip\u00e9lago \u2014 n\u00e3o era um lobo, mas, sim, a \u00faltima popula\u00e7\u00e3o sobrevivente [&hellip;]\" \/>\n<meta property=\"og:url\" content=\"https:\/\/jornalfatosenoticias.com.br\/index.php\/2025\/10\/21\/lobo-das-ilhas-malvinas-era-raposa-domesticada-na-america-do-sul\/\" \/>\n<meta property=\"og:site_name\" content=\"Jornal Fatos e Not\u00edcias\" \/>\n<meta property=\"article:published_time\" content=\"2025-10-21T17:44:36+00:00\" \/>\n<meta property=\"article:modified_time\" content=\"2025-10-21T17:44:37+00:00\" \/>\n<meta property=\"og:image\" content=\"https:\/\/jornalfatosenoticias.com.br\/wp-content\/uploads\/2025\/10\/lobo-das-Ilhas-Malvinas.png\" \/>\n\t<meta property=\"og:image:width\" content=\"1000\" \/>\n\t<meta property=\"og:image:height\" content=\"562\" \/>\n\t<meta property=\"og:image:type\" content=\"image\/png\" \/>\n<meta name=\"author\" content=\"Luzimara Fernandes\" \/>\n<meta name=\"twitter:card\" content=\"summary_large_image\" \/>\n<meta name=\"twitter:label1\" content=\"Escrito por\" \/>\n\t<meta name=\"twitter:data1\" content=\"Luzimara Fernandes\" \/>\n\t<meta name=\"twitter:label2\" content=\"Est. tempo de leitura\" \/>\n\t<meta name=\"twitter:data2\" content=\"3 minutos\" \/>\n<script type=\"application\/ld+json\" class=\"yoast-schema-graph\">{\"@context\":\"https:\/\/schema.org\",\"@graph\":[{\"@type\":\"Article\",\"@id\":\"https:\/\/jornalfatosenoticias.com.br\/index.php\/2025\/10\/21\/lobo-das-ilhas-malvinas-era-raposa-domesticada-na-america-do-sul\/#article\",\"isPartOf\":{\"@id\":\"https:\/\/jornalfatosenoticias.com.br\/index.php\/2025\/10\/21\/lobo-das-ilhas-malvinas-era-raposa-domesticada-na-america-do-sul\/\"},\"author\":{\"name\":\"Luzimara Fernandes\",\"@id\":\"https:\/\/jornalfatosenoticias.com.br\/#\/schema\/person\/d63837fa13ac8666eb9e74e0985d6f81\"},\"headline\":\"\u201cLobo\u201d das Ilhas Malvinas era raposa domesticada na Am\u00e9rica do Sul\",\"datePublished\":\"2025-10-21T17:44:36+00:00\",\"dateModified\":\"2025-10-21T17:44:37+00:00\",\"mainEntityOfPage\":{\"@id\":\"https:\/\/jornalfatosenoticias.com.br\/index.php\/2025\/10\/21\/lobo-das-ilhas-malvinas-era-raposa-domesticada-na-america-do-sul\/\"},\"wordCount\":574,\"commentCount\":0,\"publisher\":{\"@id\":\"https:\/\/jornalfatosenoticias.com.br\/#organization\"},\"image\":{\"@id\":\"https:\/\/jornalfatosenoticias.com.br\/index.php\/2025\/10\/21\/lobo-das-ilhas-malvinas-era-raposa-domesticada-na-america-do-sul\/#primaryimage\"},\"thumbnailUrl\":\"https:\/\/jornalfatosenoticias.com.br\/wp-content\/uploads\/2025\/10\/lobo-das-Ilhas-Malvinas.png\",\"keywords\":[\"Am\u00e9rica do Sul\",\"Ilhas Malvinas\",\"lobo\",\"lobo das Ilhas Malvinas\",\"mam\u00edferos\",\"raposa\",\"raposa domesticada\"],\"articleSection\":[\"Meio ambiente\"],\"inLanguage\":\"pt-BR\",\"potentialAction\":[{\"@type\":\"CommentAction\",\"name\":\"Comment\",\"target\":[\"https:\/\/jornalfatosenoticias.com.br\/index.php\/2025\/10\/21\/lobo-das-ilhas-malvinas-era-raposa-domesticada-na-america-do-sul\/#respond\"]}]},{\"@type\":\"WebPage\",\"@id\":\"https:\/\/jornalfatosenoticias.com.br\/index.php\/2025\/10\/21\/lobo-das-ilhas-malvinas-era-raposa-domesticada-na-america-do-sul\/\",\"url\":\"https:\/\/jornalfatosenoticias.com.br\/index.php\/2025\/10\/21\/lobo-das-ilhas-malvinas-era-raposa-domesticada-na-america-do-sul\/\",\"name\":\"\u201cLobo\u201d das Ilhas Malvinas era raposa domesticada na Am\u00e9rica do Sul - Jornal Fatos e Not\u00edcias\",\"isPartOf\":{\"@id\":\"https:\/\/jornalfatosenoticias.com.br\/#website\"},\"primaryImageOfPage\":{\"@id\":\"https:\/\/jornalfatosenoticias.com.br\/index.php\/2025\/10\/21\/lobo-das-ilhas-malvinas-era-raposa-domesticada-na-america-do-sul\/#primaryimage\"},\"image\":{\"@id\":\"https:\/\/jornalfatosenoticias.com.br\/index.php\/2025\/10\/21\/lobo-das-ilhas-malvinas-era-raposa-domesticada-na-america-do-sul\/#primaryimage\"},\"thumbnailUrl\":\"https:\/\/jornalfatosenoticias.com.br\/wp-content\/uploads\/2025\/10\/lobo-das-Ilhas-Malvinas.png\",\"datePublished\":\"2025-10-21T17:44:36+00:00\",\"dateModified\":\"2025-10-21T17:44:37+00:00\",\"breadcrumb\":{\"@id\":\"https:\/\/jornalfatosenoticias.com.br\/index.php\/2025\/10\/21\/lobo-das-ilhas-malvinas-era-raposa-domesticada-na-america-do-sul\/#breadcrumb\"},\"inLanguage\":\"pt-BR\",\"potentialAction\":[{\"@type\":\"ReadAction\",\"target\":[\"https:\/\/jornalfatosenoticias.com.br\/index.php\/2025\/10\/21\/lobo-das-ilhas-malvinas-era-raposa-domesticada-na-america-do-sul\/\"]}]},{\"@type\":\"ImageObject\",\"inLanguage\":\"pt-BR\",\"@id\":\"https:\/\/jornalfatosenoticias.com.br\/index.php\/2025\/10\/21\/lobo-das-ilhas-malvinas-era-raposa-domesticada-na-america-do-sul\/#primaryimage\",\"url\":\"https:\/\/jornalfatosenoticias.com.br\/wp-content\/uploads\/2025\/10\/lobo-das-Ilhas-Malvinas.png\",\"contentUrl\":\"https:\/\/jornalfatosenoticias.com.br\/wp-content\/uploads\/2025\/10\/lobo-das-Ilhas-Malvinas.png\",\"width\":1000,\"height\":562},{\"@type\":\"BreadcrumbList\",\"@id\":\"https:\/\/jornalfatosenoticias.com.br\/index.php\/2025\/10\/21\/lobo-das-ilhas-malvinas-era-raposa-domesticada-na-america-do-sul\/#breadcrumb\",\"itemListElement\":[{\"@type\":\"ListItem\",\"position\":1,\"name\":\"In\u00edcio\",\"item\":\"https:\/\/jornalfatosenoticias.com.br\/\"},{\"@type\":\"ListItem\",\"position\":2,\"name\":\"\u201cLobo\u201d das Ilhas Malvinas era raposa domesticada na Am\u00e9rica do Sul\"}]},{\"@type\":\"WebSite\",\"@id\":\"https:\/\/jornalfatosenoticias.com.br\/#website\",\"url\":\"https:\/\/jornalfatosenoticias.com.br\/\",\"name\":\"Jornal Fatos e Not\u00edcias\",\"description\":\"Not\u00edcias em geral\",\"publisher\":{\"@id\":\"https:\/\/jornalfatosenoticias.com.br\/#organization\"},\"potentialAction\":[{\"@type\":\"SearchAction\",\"target\":{\"@type\":\"EntryPoint\",\"urlTemplate\":\"https:\/\/jornalfatosenoticias.com.br\/?s={search_term_string}\"},\"query-input\":{\"@type\":\"PropertyValueSpecification\",\"valueRequired\":true,\"valueName\":\"search_term_string\"}}],\"inLanguage\":\"pt-BR\"},{\"@type\":\"Organization\",\"@id\":\"https:\/\/jornalfatosenoticias.com.br\/#organization\",\"name\":\"Jornal Fatos e Not\u00edcias\",\"url\":\"https:\/\/jornalfatosenoticias.com.br\/\",\"logo\":{\"@type\":\"ImageObject\",\"inLanguage\":\"pt-BR\",\"@id\":\"https:\/\/jornalfatosenoticias.com.br\/#\/schema\/logo\/image\/\",\"url\":\"https:\/\/jornalfatosenoticias.com.br\/wp-content\/uploads\/2020\/02\/logo120.png\",\"contentUrl\":\"https:\/\/jornalfatosenoticias.com.br\/wp-content\/uploads\/2020\/02\/logo120.png\",\"width\":1227,\"height\":120,\"caption\":\"Jornal Fatos e Not\u00edcias\"},\"image\":{\"@id\":\"https:\/\/jornalfatosenoticias.com.br\/#\/schema\/logo\/image\/\"}},{\"@type\":\"Person\",\"@id\":\"https:\/\/jornalfatosenoticias.com.br\/#\/schema\/person\/d63837fa13ac8666eb9e74e0985d6f81\",\"name\":\"Luzimara Fernandes\",\"image\":{\"@type\":\"ImageObject\",\"inLanguage\":\"pt-BR\",\"@id\":\"https:\/\/jornalfatosenoticias.com.br\/#\/schema\/person\/image\/\",\"url\":\"https:\/\/jornalfatosenoticias.com.br\/wp-content\/uploads\/2025\/05\/EU_portal.jpg\",\"contentUrl\":\"https:\/\/jornalfatosenoticias.com.br\/wp-content\/uploads\/2025\/05\/EU_portal.jpg\",\"caption\":\"Luzimara Fernandes\"},\"description\":\"Jornalista MTB 2358-ES\",\"sameAs\":[\"https:\/\/jornalfatosenoticias.com.br\"],\"url\":\"https:\/\/jornalfatosenoticias.com.br\/index.php\/author\/luzimara\/\"}]}<\/script>\n<!-- \/ Yoast SEO plugin. -->","yoast_head_json":{"title":"\u201cLobo\u201d das Ilhas Malvinas era raposa domesticada na Am\u00e9rica do Sul - Jornal Fatos e Not\u00edcias","robots":{"index":"index","follow":"follow","max-snippet":"max-snippet:-1","max-image-preview":"max-image-preview:large","max-video-preview":"max-video-preview:-1"},"canonical":"https:\/\/jornalfatosenoticias.com.br\/index.php\/2025\/10\/21\/lobo-das-ilhas-malvinas-era-raposa-domesticada-na-america-do-sul\/","og_locale":"pt_BR","og_type":"article","og_title":"\u201cLobo\u201d das Ilhas Malvinas era raposa domesticada na Am\u00e9rica do Sul - Jornal Fatos e Not\u00edcias","og_description":"Por muito tempo, acreditava-se que o animal, conhecido cientificamente como Dusicyon australis, fosse uma esp\u00e9cie pr\u00f3pria Por Rodrigo Mozelli Um novo estudo publicado no Biological Journal of the Linnean Society\u00a0revelou que o chamado\u00a0\u201clobo\u201d das Ilhas Malvinas \u2014 considerado o \u00fanico mam\u00edfero nativo do arquip\u00e9lago \u2014 n\u00e3o era um lobo, mas, sim, a \u00faltima popula\u00e7\u00e3o sobrevivente [&hellip;]","og_url":"https:\/\/jornalfatosenoticias.com.br\/index.php\/2025\/10\/21\/lobo-das-ilhas-malvinas-era-raposa-domesticada-na-america-do-sul\/","og_site_name":"Jornal Fatos e Not\u00edcias","article_published_time":"2025-10-21T17:44:36+00:00","article_modified_time":"2025-10-21T17:44:37+00:00","og_image":[{"width":1000,"height":562,"url":"https:\/\/jornalfatosenoticias.com.br\/wp-content\/uploads\/2025\/10\/lobo-das-Ilhas-Malvinas.png","type":"image\/png"}],"author":"Luzimara Fernandes","twitter_card":"summary_large_image","twitter_misc":{"Escrito por":"Luzimara Fernandes","Est. tempo de leitura":"3 minutos"},"schema":{"@context":"https:\/\/schema.org","@graph":[{"@type":"Article","@id":"https:\/\/jornalfatosenoticias.com.br\/index.php\/2025\/10\/21\/lobo-das-ilhas-malvinas-era-raposa-domesticada-na-america-do-sul\/#article","isPartOf":{"@id":"https:\/\/jornalfatosenoticias.com.br\/index.php\/2025\/10\/21\/lobo-das-ilhas-malvinas-era-raposa-domesticada-na-america-do-sul\/"},"author":{"name":"Luzimara Fernandes","@id":"https:\/\/jornalfatosenoticias.com.br\/#\/schema\/person\/d63837fa13ac8666eb9e74e0985d6f81"},"headline":"\u201cLobo\u201d das Ilhas Malvinas era raposa domesticada na Am\u00e9rica do Sul","datePublished":"2025-10-21T17:44:36+00:00","dateModified":"2025-10-21T17:44:37+00:00","mainEntityOfPage":{"@id":"https:\/\/jornalfatosenoticias.com.br\/index.php\/2025\/10\/21\/lobo-das-ilhas-malvinas-era-raposa-domesticada-na-america-do-sul\/"},"wordCount":574,"commentCount":0,"publisher":{"@id":"https:\/\/jornalfatosenoticias.com.br\/#organization"},"image":{"@id":"https:\/\/jornalfatosenoticias.com.br\/index.php\/2025\/10\/21\/lobo-das-ilhas-malvinas-era-raposa-domesticada-na-america-do-sul\/#primaryimage"},"thumbnailUrl":"https:\/\/jornalfatosenoticias.com.br\/wp-content\/uploads\/2025\/10\/lobo-das-Ilhas-Malvinas.png","keywords":["Am\u00e9rica do Sul","Ilhas Malvinas","lobo","lobo das Ilhas Malvinas","mam\u00edferos","raposa","raposa domesticada"],"articleSection":["Meio ambiente"],"inLanguage":"pt-BR","potentialAction":[{"@type":"CommentAction","name":"Comment","target":["https:\/\/jornalfatosenoticias.com.br\/index.php\/2025\/10\/21\/lobo-das-ilhas-malvinas-era-raposa-domesticada-na-america-do-sul\/#respond"]}]},{"@type":"WebPage","@id":"https:\/\/jornalfatosenoticias.com.br\/index.php\/2025\/10\/21\/lobo-das-ilhas-malvinas-era-raposa-domesticada-na-america-do-sul\/","url":"https:\/\/jornalfatosenoticias.com.br\/index.php\/2025\/10\/21\/lobo-das-ilhas-malvinas-era-raposa-domesticada-na-america-do-sul\/","name":"\u201cLobo\u201d das Ilhas Malvinas era raposa domesticada na Am\u00e9rica do Sul - Jornal Fatos e Not\u00edcias","isPartOf":{"@id":"https:\/\/jornalfatosenoticias.com.br\/#website"},"primaryImageOfPage":{"@id":"https:\/\/jornalfatosenoticias.com.br\/index.php\/2025\/10\/21\/lobo-das-ilhas-malvinas-era-raposa-domesticada-na-america-do-sul\/#primaryimage"},"image":{"@id":"https:\/\/jornalfatosenoticias.com.br\/index.php\/2025\/10\/21\/lobo-das-ilhas-malvinas-era-raposa-domesticada-na-america-do-sul\/#primaryimage"},"thumbnailUrl":"https:\/\/jornalfatosenoticias.com.br\/wp-content\/uploads\/2025\/10\/lobo-das-Ilhas-Malvinas.png","datePublished":"2025-10-21T17:44:36+00:00","dateModified":"2025-10-21T17:44:37+00:00","breadcrumb":{"@id":"https:\/\/jornalfatosenoticias.com.br\/index.php\/2025\/10\/21\/lobo-das-ilhas-malvinas-era-raposa-domesticada-na-america-do-sul\/#breadcrumb"},"inLanguage":"pt-BR","potentialAction":[{"@type":"ReadAction","target":["https:\/\/jornalfatosenoticias.com.br\/index.php\/2025\/10\/21\/lobo-das-ilhas-malvinas-era-raposa-domesticada-na-america-do-sul\/"]}]},{"@type":"ImageObject","inLanguage":"pt-BR","@id":"https:\/\/jornalfatosenoticias.com.br\/index.php\/2025\/10\/21\/lobo-das-ilhas-malvinas-era-raposa-domesticada-na-america-do-sul\/#primaryimage","url":"https:\/\/jornalfatosenoticias.com.br\/wp-content\/uploads\/2025\/10\/lobo-das-Ilhas-Malvinas.png","contentUrl":"https:\/\/jornalfatosenoticias.com.br\/wp-content\/uploads\/2025\/10\/lobo-das-Ilhas-Malvinas.png","width":1000,"height":562},{"@type":"BreadcrumbList","@id":"https:\/\/jornalfatosenoticias.com.br\/index.php\/2025\/10\/21\/lobo-das-ilhas-malvinas-era-raposa-domesticada-na-america-do-sul\/#breadcrumb","itemListElement":[{"@type":"ListItem","position":1,"name":"In\u00edcio","item":"https:\/\/jornalfatosenoticias.com.br\/"},{"@type":"ListItem","position":2,"name":"\u201cLobo\u201d das Ilhas Malvinas era raposa domesticada na Am\u00e9rica do Sul"}]},{"@type":"WebSite","@id":"https:\/\/jornalfatosenoticias.com.br\/#website","url":"https:\/\/jornalfatosenoticias.com.br\/","name":"Jornal Fatos e Not\u00edcias","description":"Not\u00edcias em geral","publisher":{"@id":"https:\/\/jornalfatosenoticias.com.br\/#organization"},"potentialAction":[{"@type":"SearchAction","target":{"@type":"EntryPoint","urlTemplate":"https:\/\/jornalfatosenoticias.com.br\/?s={search_term_string}"},"query-input":{"@type":"PropertyValueSpecification","valueRequired":true,"valueName":"search_term_string"}}],"inLanguage":"pt-BR"},{"@type":"Organization","@id":"https:\/\/jornalfatosenoticias.com.br\/#organization","name":"Jornal Fatos e Not\u00edcias","url":"https:\/\/jornalfatosenoticias.com.br\/","logo":{"@type":"ImageObject","inLanguage":"pt-BR","@id":"https:\/\/jornalfatosenoticias.com.br\/#\/schema\/logo\/image\/","url":"https:\/\/jornalfatosenoticias.com.br\/wp-content\/uploads\/2020\/02\/logo120.png","contentUrl":"https:\/\/jornalfatosenoticias.com.br\/wp-content\/uploads\/2020\/02\/logo120.png","width":1227,"height":120,"caption":"Jornal Fatos e Not\u00edcias"},"image":{"@id":"https:\/\/jornalfatosenoticias.com.br\/#\/schema\/logo\/image\/"}},{"@type":"Person","@id":"https:\/\/jornalfatosenoticias.com.br\/#\/schema\/person\/d63837fa13ac8666eb9e74e0985d6f81","name":"Luzimara Fernandes","image":{"@type":"ImageObject","inLanguage":"pt-BR","@id":"https:\/\/jornalfatosenoticias.com.br\/#\/schema\/person\/image\/","url":"https:\/\/jornalfatosenoticias.com.br\/wp-content\/uploads\/2025\/05\/EU_portal.jpg","contentUrl":"https:\/\/jornalfatosenoticias.com.br\/wp-content\/uploads\/2025\/05\/EU_portal.jpg","caption":"Luzimara Fernandes"},"description":"Jornalista MTB 2358-ES","sameAs":["https:\/\/jornalfatosenoticias.com.br"],"url":"https:\/\/jornalfatosenoticias.com.br\/index.php\/author\/luzimara\/"}]}},"cc_featured_image_caption":{"caption_text":"(Foto: Biblioteca ZSL)  ","source_text":"","source_url":""},"jetpack_featured_media_url":"https:\/\/jornalfatosenoticias.com.br\/wp-content\/uploads\/2025\/10\/lobo-das-Ilhas-Malvinas.png","_links":{"self":[{"href":"https:\/\/jornalfatosenoticias.com.br\/index.php\/wp-json\/wp\/v2\/posts\/62675","targetHints":{"allow":["GET"]}}],"collection":[{"href":"https:\/\/jornalfatosenoticias.com.br\/index.php\/wp-json\/wp\/v2\/posts"}],"about":[{"href":"https:\/\/jornalfatosenoticias.com.br\/index.php\/wp-json\/wp\/v2\/types\/post"}],"author":[{"embeddable":true,"href":"https:\/\/jornalfatosenoticias.com.br\/index.php\/wp-json\/wp\/v2\/users\/2"}],"replies":[{"embeddable":true,"href":"https:\/\/jornalfatosenoticias.com.br\/index.php\/wp-json\/wp\/v2\/comments?post=62675"}],"version-history":[{"count":0,"href":"https:\/\/jornalfatosenoticias.com.br\/index.php\/wp-json\/wp\/v2\/posts\/62675\/revisions"}],"wp:featuredmedia":[{"embeddable":true,"href":"https:\/\/jornalfatosenoticias.com.br\/index.php\/wp-json\/wp\/v2\/media\/62677"}],"wp:attachment":[{"href":"https:\/\/jornalfatosenoticias.com.br\/index.php\/wp-json\/wp\/v2\/media?parent=62675"}],"wp:term":[{"taxonomy":"category","embeddable":true,"href":"https:\/\/jornalfatosenoticias.com.br\/index.php\/wp-json\/wp\/v2\/categories?post=62675"},{"taxonomy":"post_tag","embeddable":true,"href":"https:\/\/jornalfatosenoticias.com.br\/index.php\/wp-json\/wp\/v2\/tags?post=62675"}],"curies":[{"name":"wp","href":"https:\/\/api.w.org\/{rel}","templated":true}]}}