{"id":62685,"date":"2025-10-22T09:46:41","date_gmt":"2025-10-22T12:46:41","guid":{"rendered":"https:\/\/jornalfatosenoticias.com.br\/?p=62685"},"modified":"2025-10-22T09:46:43","modified_gmt":"2025-10-22T12:46:43","slug":"australia-restringe-acesso-de-jovens-as-redes-sociais","status":"publish","type":"post","link":"https:\/\/jornalfatosenoticias.com.br\/index.php\/2025\/10\/22\/australia-restringe-acesso-de-jovens-as-redes-sociais\/","title":{"rendered":"Austr\u00e1lia restringe acesso de jovens \u00e0s redes sociais"},"content":{"rendered":"\n<p><em><span class=\"has-inline-color has-black-color\">Austr\u00e1lia pro\u00edbe acesso de menores \u00e0s redes sociais; nova lei estabelece idade m\u00ednima de 16 anos e gera pol\u00eamica entre especialistas<\/span><\/em><\/p>\n\n\n\n<p><span class=\"has-inline-color has-black-color\">Por <strong><a href=\"https:\/\/aventurasnahistoria.com.br\/noticias\/author\/gabrielmarin\">Gabriel Marin<\/a><\/strong><\/span><\/p>\n\n\n\n<div class=\"wp-block-image\"><figure class=\"aligncenter size-large\"><a href=\"https:\/\/panper.com.br\/\"><img loading=\"lazy\" decoding=\"async\" width=\"1024\" height=\"111\" src=\"https:\/\/jornalfatosenoticias.com.br\/wp-content\/uploads\/2020\/02\/WhatsApp-Image-2022-09-23-at-12.09.18-1024x111.jpeg\" alt=\"\" class=\"wp-image-34527\" srcset=\"https:\/\/jornalfatosenoticias.com.br\/wp-content\/uploads\/2020\/02\/WhatsApp-Image-2022-09-23-at-12.09.18-1024x111.jpeg 1024w, https:\/\/jornalfatosenoticias.com.br\/wp-content\/uploads\/2020\/02\/WhatsApp-Image-2022-09-23-at-12.09.18-300x32.jpeg 300w, https:\/\/jornalfatosenoticias.com.br\/wp-content\/uploads\/2020\/02\/WhatsApp-Image-2022-09-23-at-12.09.18-768x83.jpeg 768w, https:\/\/jornalfatosenoticias.com.br\/wp-content\/uploads\/2020\/02\/WhatsApp-Image-2022-09-23-at-12.09.18.jpeg 1121w\" sizes=\"auto, (max-width: 1024px) 100vw, 1024px\" \/><\/a><\/figure><\/div>\n\n\n\n<p>O governo australiano anunciou uma iniciativa significativa para promover uma nova legisla\u00e7\u00e3o que <mark>pro\u00edbe o acesso de crian\u00e7as e adolescentes \u00e0s redes sociais<\/mark>. Com o nome \u201cFor The Good Of\u201d (\u201cPara o Bem\u201d, em tradu\u00e7\u00e3o livre), a campanha visa orientar os adultos sobre as altera\u00e7\u00f5es que entrar\u00e3o em vigor em 10 de dezembro, data marcada pela implementa\u00e7\u00e3o da Lei de Idade M\u00ednima para Redes Sociais (SMMA).<br>Com um investimento estimado em\u00a0<mark>14 milh\u00f5es de d\u00f3lares australianos (aproximadamente 49,7 milh\u00f5es de reais)<\/mark>, a campanha publicit\u00e1ria come\u00e7ou a ser veiculada no \u00faltimo domingo (19), por meio de diversos canais, incluindo televis\u00e3o, r\u00e1dio, outdoors e, ironicamente, nas pr\u00f3prias <a href=\"https:\/\/aventurasnahistoria.com.br\/noticias\/reportagem\/arrebatamento-a-profecia-do-fim-do-mundo-que-viralizou-nas-redes-sociais.phtml\" target=\"_blank\" rel=\"noreferrer noopener\">redes sociais<\/a>. A nova legisla\u00e7\u00e3o, aprovada pelo parlamento australiano em novembro de 2024, estabelece que a idade m\u00ednima para a cria\u00e7\u00e3o de contas e utiliza\u00e7\u00e3o das redes sociais\u00a0<mark>ser\u00e1 elevada de 13 para 16 anos<\/mark>, exigindo comprova\u00e7\u00e3o de identidade. <\/p>\n\n\n\n<div class=\"wp-block-image\"><figure class=\"aligncenter size-large\"><a href=\"https:\/\/www.cesconetto.com.br\/\"><img loading=\"lazy\" decoding=\"async\" width=\"300\" height=\"250\" src=\"https:\/\/jornalfatosenoticias.com.br\/wp-content\/uploads\/2022\/02\/Banner-2.png\" alt=\"\" class=\"wp-image-27877\"\/><\/a><\/figure><\/div>\n\n\n\n<p>Essa norma afetar\u00e1 plataformas populares como Facebook, TikTok, Instagram, Snapchat, X (anteriormente Twitter) e YouTube. As empresas que n\u00e3o cumprirem as disposi\u00e7\u00f5es da lei poder\u00e3o enfrentar multas que podem chegar at\u00e9\u00a0<mark>50 milh\u00f5es de d\u00f3lares australianos (cerca de R$ 177 milh\u00f5es).<\/mark> De acordo com o primeiro-ministro da <a href=\"https:\/\/aventurasnahistoria.com.br\/noticias\/historia-hoje\/piloto-australiano-estuprou-enfermeira-de-schumacher-em-casa-da-lenda-da-f1.phtml\" target=\"_blank\" rel=\"noreferrer noopener\">Austr\u00e1lia<\/a>,\u00a0<strong>Anthony Albanese<\/strong>, a medida \u00e9 justificada pela necessidade de\u00a0<mark>proteger crian\u00e7as e adolescentes dos riscos associados ao uso das redes sociais<\/mark>, que incluem exposi\u00e7\u00e3o \u00e0 desinforma\u00e7\u00e3o, bullying e padr\u00f5es de beleza irreais.<\/p>\n\n\n\n<div class=\"wp-block-image\"><figure class=\"aligncenter size-large is-resized\"><a href=\"https:\/\/hotelmarquetti.com.br\/\"><img loading=\"lazy\" decoding=\"async\" src=\"https:\/\/jornalfatosenoticias.com.br\/wp-content\/uploads\/2020\/02\/LOGO-MQ-1024x680.jpg\" alt=\"\" class=\"wp-image-58299\" width=\"299\" height=\"198\" srcset=\"https:\/\/jornalfatosenoticias.com.br\/wp-content\/uploads\/2020\/02\/LOGO-MQ-1024x680.jpg 1024w, https:\/\/jornalfatosenoticias.com.br\/wp-content\/uploads\/2020\/02\/LOGO-MQ-300x199.jpg 300w, https:\/\/jornalfatosenoticias.com.br\/wp-content\/uploads\/2020\/02\/LOGO-MQ-768x510.jpg 768w, https:\/\/jornalfatosenoticias.com.br\/wp-content\/uploads\/2020\/02\/LOGO-MQ-1536x1020.jpg 1536w, https:\/\/jornalfatosenoticias.com.br\/wp-content\/uploads\/2020\/02\/LOGO-MQ-2048x1360.jpg 2048w\" sizes=\"auto, (max-width: 299px) 100vw, 299px\" \/><\/a><\/figure><\/div>\n\n\n\n<p>A ministra das Comunica\u00e7\u00f5es, <strong>Anika Wells,<\/strong>\u00a0enfatizou durante uma coletiva que o objetivo da campanha \u00e9\u00a0<mark>preparar as fam\u00edlias para as mudan\u00e7as<\/mark>. \u201cA inten\u00e7\u00e3o desta lei \u00e9 clara \u2014 promover uma mudan\u00e7a cultural que permita aos jovens australianos mais tr\u00eas anos para estabelecer conex\u00f5es no mundo real e desenvolver resili\u00eancia on-line\u201d, afirmou.<\/p>\n\n\n\n<div class=\"wp-block-image\"><figure class=\"aligncenter size-large is-resized\"><a href=\"https:\/\/www.facebook.com\/postobkr\/?locale=pt_BR\"><img loading=\"lazy\" decoding=\"async\" src=\"https:\/\/jornalfatosenoticias.com.br\/wp-content\/uploads\/2023\/08\/BKR-1024x1021.jpg\" alt=\"\" class=\"wp-image-44494\" width=\"294\" height=\"293\" srcset=\"https:\/\/jornalfatosenoticias.com.br\/wp-content\/uploads\/2023\/08\/BKR-1024x1021.jpg 1024w, https:\/\/jornalfatosenoticias.com.br\/wp-content\/uploads\/2023\/08\/BKR-300x300.jpg 300w, https:\/\/jornalfatosenoticias.com.br\/wp-content\/uploads\/2023\/08\/BKR-150x150.jpg 150w, https:\/\/jornalfatosenoticias.com.br\/wp-content\/uploads\/2023\/08\/BKR-768x766.jpg 768w, https:\/\/jornalfatosenoticias.com.br\/wp-content\/uploads\/2023\/08\/BKR.jpg 1080w\" sizes=\"auto, (max-width: 294px) 100vw, 294px\" \/><\/a><\/figure><\/div>\n\n\n\n<p>A campanha educacional ser\u00e1 complementada com a distribui\u00e7\u00e3o de um guia sobre\u00a0<mark>novas diretrizes para pol\u00edticas voltadas ao p\u00fablico jovem nas redes sociais<\/mark>. O documento foi elaborado pelo Office of the Australian Information Commissioner (OAIC), uma entidade independente respons\u00e1vel pela regulamenta\u00e7\u00e3o da privacidade na Austr\u00e1lia.<\/p>\n\n\n\n<div class=\"wp-block-image\"><figure class=\"aligncenter size-large is-resized\"><a href=\"https:\/\/www.facebook.com\/profile.php?id=100069289606145\"><img loading=\"lazy\" decoding=\"async\" src=\"https:\/\/jornalfatosenoticias.com.br\/wp-content\/uploads\/2024\/11\/Guaitolini-Contabilidade-1024x714.jpeg\" alt=\"\" class=\"wp-image-55808\" width=\"323\" height=\"225\" srcset=\"https:\/\/jornalfatosenoticias.com.br\/wp-content\/uploads\/2024\/11\/Guaitolini-Contabilidade-1024x714.jpeg 1024w, https:\/\/jornalfatosenoticias.com.br\/wp-content\/uploads\/2024\/11\/Guaitolini-Contabilidade-300x209.jpeg 300w, https:\/\/jornalfatosenoticias.com.br\/wp-content\/uploads\/2024\/11\/Guaitolini-Contabilidade-768x535.jpeg 768w, https:\/\/jornalfatosenoticias.com.br\/wp-content\/uploads\/2024\/11\/Guaitolini-Contabilidade.jpeg 1280w\" sizes=\"auto, (max-width: 323px) 100vw, 323px\" \/><\/a><\/figure><\/div>\n\n\n\n<p>O material orienta as organiza\u00e7\u00f5es de redes sociais a adotarem m\u00e9todos adequados e proporcionais para verifica\u00e7\u00e3o de idade, al\u00e9m de minimizar a coleta de dados sens\u00edveis. A transpar\u00eancia e o consentimento no uso dos dados coletados tamb\u00e9m s\u00e3o destacados.<\/p>\n\n\n\n<div class=\"wp-block-image\"><figure class=\"aligncenter size-large is-resized\"><a href=\"https:\/\/www.instagram.com\/serra4x4cambioautomatico\/\"><img loading=\"lazy\" decoding=\"async\" src=\"https:\/\/jornalfatosenoticias.com.br\/wp-content\/uploads\/2024\/08\/Serra-4x4-1-886x1024.jpg\" alt=\"\" class=\"wp-image-53632\" width=\"275\" height=\"317\" srcset=\"https:\/\/jornalfatosenoticias.com.br\/wp-content\/uploads\/2024\/08\/Serra-4x4-1-886x1024.jpg 886w, https:\/\/jornalfatosenoticias.com.br\/wp-content\/uploads\/2024\/08\/Serra-4x4-1-260x300.jpg 260w, https:\/\/jornalfatosenoticias.com.br\/wp-content\/uploads\/2024\/08\/Serra-4x4-1-768x888.jpg 768w, https:\/\/jornalfatosenoticias.com.br\/wp-content\/uploads\/2024\/08\/Serra-4x4-1.jpg 1181w\" sizes=\"auto, (max-width: 275px) 100vw, 275px\" \/><\/a><\/figure><\/div>\n\n\n\n<p>Durante a coletiva, Anika Wells tamb\u00e9m mencionou que reuni\u00f5es est\u00e3o agendadas entre o minist\u00e9rio das Comunica\u00e7\u00f5es e representantes das plataformas digitais nesta semana. O intuito \u00e9 reafirmar as expectativas governamentais quanto ao cumprimento da nova legisla\u00e7\u00e3o. Essa iniciativa pode ser considerada pioneira no cen\u00e1rio global ao <mark>estabelecer um controle t\u00e3o rigoroso sobre o acesso \u00e0s plataformas digitais<\/mark>\u00a0por faixa et\u00e1ria. Recentemente, a\u00a0<a href=\"https:\/\/aventurasnahistoria.com.br\/noticias\/historia-hoje\/arqueologos-investigam-assentamentos-submersos-na-dinamarca.phtml\" target=\"_blank\" rel=\"noreferrer noopener\">Dinamarca<\/a> anunciou estar considerando medidas semelhantes, elevando a idade m\u00ednima para 15 anos.<\/p>\n\n\n\n<div class=\"wp-block-image\"><figure class=\"aligncenter size-large\"><a href=\"https:\/\/www.cesconetto.com.br\/\"><img loading=\"lazy\" decoding=\"async\" width=\"300\" height=\"250\" src=\"https:\/\/jornalfatosenoticias.com.br\/wp-content\/uploads\/2020\/02\/Banner-2.png\" alt=\"\" class=\"wp-image-43787\"\/><\/a><\/figure><\/div>\n\n\n\n<p><strong><span class=\"has-inline-color has-vivid-purple-color\">Cr\u00edticas<br><\/span><\/strong>No entanto, enquanto governos internacionais ponderam sobre legisla\u00e7\u00f5es inspiradas na abordagem australiana, <mark>as plataformas digitais j\u00e1 expressaram sua oposi\u00e7\u00e3o \u00e0s restri\u00e7\u00f5es impostas.<\/mark>\u00a0<strong>Rachel Lord<\/strong>, representante do Google na Austr\u00e1lia, declarou em audi\u00eancia no senado que a implementa\u00e7\u00e3o da nova lei ser\u00e1 desafiadora tanto em termos pr\u00e1ticos quanto t\u00e9cnicos. Ela argumentou que \u201cproibir o acesso n\u00e3o \u00e9 a solu\u00e7\u00e3o adequada para garantir a seguran\u00e7a das crian\u00e7as on-line\u201d.<\/p>\n\n\n\n<div class=\"wp-block-image\"><figure class=\"aligncenter size-large is-resized\"><a href=\"https:\/\/www.instagram.com\/restaurantepegoretti\/\"><img loading=\"lazy\" decoding=\"async\" src=\"https:\/\/jornalfatosenoticias.com.br\/wp-content\/uploads\/2023\/12\/pegoretti-logo-pdf-1024x389.jpg\" alt=\"\" class=\"wp-image-47536\" width=\"488\" height=\"185\" srcset=\"https:\/\/jornalfatosenoticias.com.br\/wp-content\/uploads\/2023\/12\/pegoretti-logo-pdf-1024x389.jpg 1024w, https:\/\/jornalfatosenoticias.com.br\/wp-content\/uploads\/2023\/12\/pegoretti-logo-pdf-300x114.jpg 300w, https:\/\/jornalfatosenoticias.com.br\/wp-content\/uploads\/2023\/12\/pegoretti-logo-pdf-768x291.jpg 768w, https:\/\/jornalfatosenoticias.com.br\/wp-content\/uploads\/2023\/12\/pegoretti-logo-pdf.jpg 1120w\" sizes=\"auto, (max-width: 488px) 100vw, 488px\" \/><\/a><\/figure><\/div>\n\n\n\n<p>Al\u00e9m disso, segundo o UOL, Inman Grant, ex-executivo do X (Twitter), apontou que a legisla\u00e7\u00e3o deveria ser elaborada sem comprometer as oportunidades digitais para jovens vindos de comunidades vulner\u00e1veis ou aqueles que se sentem mais seguros no ambiente on-line.<\/p>\n\n\n\n<div class=\"wp-block-image\"><figure class=\"aligncenter size-large is-resized\"><a href=\"https:\/\/www.instagram.com\/esteio.churrascaria\/\"><img loading=\"lazy\" decoding=\"async\" src=\"https:\/\/jornalfatosenoticias.com.br\/wp-content\/uploads\/2022\/02\/LOGO-ESTEIO-1024x730.png\" alt=\"\" class=\"wp-image-27942\" width=\"322\" height=\"229\" srcset=\"https:\/\/jornalfatosenoticias.com.br\/wp-content\/uploads\/2022\/02\/LOGO-ESTEIO-1024x730.png 1024w, https:\/\/jornalfatosenoticias.com.br\/wp-content\/uploads\/2022\/02\/LOGO-ESTEIO-300x214.png 300w, https:\/\/jornalfatosenoticias.com.br\/wp-content\/uploads\/2022\/02\/LOGO-ESTEIO-768x548.png 768w, https:\/\/jornalfatosenoticias.com.br\/wp-content\/uploads\/2022\/02\/LOGO-ESTEIO.png 1123w\" sizes=\"auto, (max-width: 322px) 100vw, 322px\" \/><\/a><\/figure><\/div>\n\n\n\n<p><mark>Cr\u00edticas por parte de organiza\u00e7\u00f5es de direitos humanos tamb\u00e9m surgiram.<\/mark>\u00a0<strong>John Pane<\/strong>, membro do Electronic Frontiers Australia e ex-participante da comiss\u00e3o t\u00e9cnica da lei, expressou suas preocupa\u00e7\u00f5es relacionadas \u00e0 privacidade dos usu\u00e1rios e \u00e0 falta de clareza na proposta: \u201cas preocupa\u00e7\u00f5es em rela\u00e7\u00e3o \u00e0 privacidade e ao que est\u00e1 sendo divulgado s\u00e3o significativas,\u201d disse ele ao The Sydney Morning Herald.<\/p>\n\n\n\n<div class=\"wp-block-image\"><figure class=\"aligncenter size-large is-resized\"><a href=\"https:\/\/legisjuris.com.br\/\"><img loading=\"lazy\" decoding=\"async\" src=\"https:\/\/jornalfatosenoticias.com.br\/wp-content\/uploads\/2024\/09\/Legis-Juris-Consultoria_logo.jpg\" alt=\"\" class=\"wp-image-53915\" width=\"516\" height=\"216\" srcset=\"https:\/\/jornalfatosenoticias.com.br\/wp-content\/uploads\/2024\/09\/Legis-Juris-Consultoria_logo.jpg 969w, https:\/\/jornalfatosenoticias.com.br\/wp-content\/uploads\/2024\/09\/Legis-Juris-Consultoria_logo-300x126.jpg 300w, https:\/\/jornalfatosenoticias.com.br\/wp-content\/uploads\/2024\/09\/Legis-Juris-Consultoria_logo-768x322.jpg 768w\" sizes=\"auto, (max-width: 516px) 100vw, 516px\" \/><\/a><\/figure><\/div>\n\n\n\n<p>A Anistia Internacional tamb\u00e9m se manifestou contra a medida, advertindo que tais restri\u00e7\u00f5es poderiam levar os jovens a\u00a0<mark>acessar conte\u00fados na dark web ou aumentar seu isolamento social<\/mark>. A organiza\u00e7\u00e3o observou: \u201cembora os impactos negativos das m\u00eddias sociais sobre os direitos humanos sejam evidentes, elas tamb\u00e9m oferecem aos jovens oportunidades valiosas para se conectar e se expressar\u201d.<\/p>\n\n\n\n<div class=\"wp-block-image\"><figure class=\"aligncenter size-large is-resized\"><a href=\"https:\/\/www.controlsystems.com.br\/\"><img loading=\"lazy\" decoding=\"async\" src=\"https:\/\/jornalfatosenoticias.com.br\/wp-content\/uploads\/2020\/02\/CONTROL-CS.jpg\" alt=\"\" class=\"wp-image-44991\" width=\"280\" height=\"335\" srcset=\"https:\/\/jornalfatosenoticias.com.br\/wp-content\/uploads\/2020\/02\/CONTROL-CS.jpg 834w, https:\/\/jornalfatosenoticias.com.br\/wp-content\/uploads\/2020\/02\/CONTROL-CS-250x300.jpg 250w, https:\/\/jornalfatosenoticias.com.br\/wp-content\/uploads\/2020\/02\/CONTROL-CS-768x921.jpg 768w\" sizes=\"auto, (max-width: 280px) 100vw, 280px\" \/><\/a><\/figure><\/div>\n\n\n\n<p><strong>Fonte: <a href=\"https:\/\/aventurasnahistoria.com.br\/noticias\/historia-hoje\/australia-restringe-acesso-de-jovens-as-redes-sociais.phtml\">Aventuras na Hist\u00f3ria<\/a><\/strong><\/p>\n","protected":false},"excerpt":{"rendered":"<p>Austr\u00e1lia pro\u00edbe acesso de menores \u00e0s redes sociais; nova lei estabelece idade m\u00ednima de 16 anos e gera pol\u00eamica entre especialistas Por Gabriel Marin O governo australiano anunciou uma iniciativa significativa para promover uma nova legisla\u00e7\u00e3o que pro\u00edbe o acesso de crian\u00e7as e adolescentes \u00e0s redes sociais. Com o nome \u201cFor The Good Of\u201d (\u201cPara [&hellip;]<\/p>\n","protected":false},"author":2,"featured_media":62686,"comment_status":"open","ping_status":"open","sticky":false,"template":"","format":"standard","meta":{"footnotes":""},"categories":[2522],"tags":[5997,1375,1400,1564,3498,464,322,1563,28585],"class_list":["post-62685","post","type-post","status-publish","format-standard","has-post-thumbnail","hentry","category-comportamento","tag-adultos","tag-australia","tag-comportamento","tag-internet","tag-jovens","tag-lei","tag-mundo","tag-redes-sociais","tag-restricao"],"yoast_head":"<!-- This site is optimized with the Yoast SEO plugin v26.5 - https:\/\/yoast.com\/wordpress\/plugins\/seo\/ -->\n<title>Austr\u00e1lia restringe acesso de jovens \u00e0s redes sociais - Jornal Fatos e Not\u00edcias<\/title>\n<meta name=\"robots\" content=\"index, follow, max-snippet:-1, max-image-preview:large, max-video-preview:-1\" \/>\n<link rel=\"canonical\" href=\"https:\/\/jornalfatosenoticias.com.br\/index.php\/2025\/10\/22\/australia-restringe-acesso-de-jovens-as-redes-sociais\/\" \/>\n<meta property=\"og:locale\" content=\"pt_BR\" \/>\n<meta property=\"og:type\" content=\"article\" \/>\n<meta property=\"og:title\" content=\"Austr\u00e1lia restringe acesso de jovens \u00e0s redes sociais - Jornal Fatos e Not\u00edcias\" \/>\n<meta property=\"og:description\" content=\"Austr\u00e1lia pro\u00edbe acesso de menores \u00e0s redes sociais; nova lei estabelece idade m\u00ednima de 16 anos e gera pol\u00eamica entre especialistas Por Gabriel Marin O governo australiano anunciou uma iniciativa significativa para promover uma nova legisla\u00e7\u00e3o que pro\u00edbe o acesso de crian\u00e7as e adolescentes \u00e0s redes sociais. Com o nome \u201cFor The Good Of\u201d (\u201cPara [&hellip;]\" \/>\n<meta property=\"og:url\" content=\"https:\/\/jornalfatosenoticias.com.br\/index.php\/2025\/10\/22\/australia-restringe-acesso-de-jovens-as-redes-sociais\/\" \/>\n<meta property=\"og:site_name\" content=\"Jornal Fatos e Not\u00edcias\" \/>\n<meta property=\"article:published_time\" content=\"2025-10-22T12:46:41+00:00\" \/>\n<meta property=\"article:modified_time\" content=\"2025-10-22T12:46:43+00:00\" \/>\n<meta property=\"og:image\" content=\"https:\/\/jornalfatosenoticias.com.br\/wp-content\/uploads\/2025\/10\/adolescentes-e-redes-sociais-Australia_istock.jpg\" \/>\n\t<meta property=\"og:image:width\" content=\"612\" \/>\n\t<meta property=\"og:image:height\" content=\"408\" \/>\n\t<meta property=\"og:image:type\" content=\"image\/jpeg\" \/>\n<meta name=\"author\" content=\"Luzimara Fernandes\" \/>\n<meta name=\"twitter:card\" content=\"summary_large_image\" \/>\n<meta name=\"twitter:label1\" content=\"Escrito por\" \/>\n\t<meta name=\"twitter:data1\" content=\"Luzimara Fernandes\" \/>\n\t<meta name=\"twitter:label2\" content=\"Est. tempo de leitura\" \/>\n\t<meta name=\"twitter:data2\" content=\"4 minutos\" \/>\n<script type=\"application\/ld+json\" class=\"yoast-schema-graph\">{\"@context\":\"https:\/\/schema.org\",\"@graph\":[{\"@type\":\"Article\",\"@id\":\"https:\/\/jornalfatosenoticias.com.br\/index.php\/2025\/10\/22\/australia-restringe-acesso-de-jovens-as-redes-sociais\/#article\",\"isPartOf\":{\"@id\":\"https:\/\/jornalfatosenoticias.com.br\/index.php\/2025\/10\/22\/australia-restringe-acesso-de-jovens-as-redes-sociais\/\"},\"author\":{\"name\":\"Luzimara Fernandes\",\"@id\":\"https:\/\/jornalfatosenoticias.com.br\/#\/schema\/person\/d63837fa13ac8666eb9e74e0985d6f81\"},\"headline\":\"Austr\u00e1lia restringe acesso de jovens \u00e0s redes sociais\",\"datePublished\":\"2025-10-22T12:46:41+00:00\",\"dateModified\":\"2025-10-22T12:46:43+00:00\",\"mainEntityOfPage\":{\"@id\":\"https:\/\/jornalfatosenoticias.com.br\/index.php\/2025\/10\/22\/australia-restringe-acesso-de-jovens-as-redes-sociais\/\"},\"wordCount\":775,\"commentCount\":0,\"publisher\":{\"@id\":\"https:\/\/jornalfatosenoticias.com.br\/#organization\"},\"image\":{\"@id\":\"https:\/\/jornalfatosenoticias.com.br\/index.php\/2025\/10\/22\/australia-restringe-acesso-de-jovens-as-redes-sociais\/#primaryimage\"},\"thumbnailUrl\":\"https:\/\/jornalfatosenoticias.com.br\/wp-content\/uploads\/2025\/10\/adolescentes-e-redes-sociais-Australia_istock.jpg\",\"keywords\":[\"adultos\",\"Austr\u00e1lia\",\"comportamento\",\"internet\",\"jovens\",\"lei\",\"mundo\",\"redes sociais\",\"restri\u00e7\u00e3o\"],\"articleSection\":[\"Comportamento &amp; Equil\u00edbrio\"],\"inLanguage\":\"pt-BR\",\"potentialAction\":[{\"@type\":\"CommentAction\",\"name\":\"Comment\",\"target\":[\"https:\/\/jornalfatosenoticias.com.br\/index.php\/2025\/10\/22\/australia-restringe-acesso-de-jovens-as-redes-sociais\/#respond\"]}]},{\"@type\":\"WebPage\",\"@id\":\"https:\/\/jornalfatosenoticias.com.br\/index.php\/2025\/10\/22\/australia-restringe-acesso-de-jovens-as-redes-sociais\/\",\"url\":\"https:\/\/jornalfatosenoticias.com.br\/index.php\/2025\/10\/22\/australia-restringe-acesso-de-jovens-as-redes-sociais\/\",\"name\":\"Austr\u00e1lia restringe acesso de jovens \u00e0s redes sociais - Jornal Fatos e Not\u00edcias\",\"isPartOf\":{\"@id\":\"https:\/\/jornalfatosenoticias.com.br\/#website\"},\"primaryImageOfPage\":{\"@id\":\"https:\/\/jornalfatosenoticias.com.br\/index.php\/2025\/10\/22\/australia-restringe-acesso-de-jovens-as-redes-sociais\/#primaryimage\"},\"image\":{\"@id\":\"https:\/\/jornalfatosenoticias.com.br\/index.php\/2025\/10\/22\/australia-restringe-acesso-de-jovens-as-redes-sociais\/#primaryimage\"},\"thumbnailUrl\":\"https:\/\/jornalfatosenoticias.com.br\/wp-content\/uploads\/2025\/10\/adolescentes-e-redes-sociais-Australia_istock.jpg\",\"datePublished\":\"2025-10-22T12:46:41+00:00\",\"dateModified\":\"2025-10-22T12:46:43+00:00\",\"breadcrumb\":{\"@id\":\"https:\/\/jornalfatosenoticias.com.br\/index.php\/2025\/10\/22\/australia-restringe-acesso-de-jovens-as-redes-sociais\/#breadcrumb\"},\"inLanguage\":\"pt-BR\",\"potentialAction\":[{\"@type\":\"ReadAction\",\"target\":[\"https:\/\/jornalfatosenoticias.com.br\/index.php\/2025\/10\/22\/australia-restringe-acesso-de-jovens-as-redes-sociais\/\"]}]},{\"@type\":\"ImageObject\",\"inLanguage\":\"pt-BR\",\"@id\":\"https:\/\/jornalfatosenoticias.com.br\/index.php\/2025\/10\/22\/australia-restringe-acesso-de-jovens-as-redes-sociais\/#primaryimage\",\"url\":\"https:\/\/jornalfatosenoticias.com.br\/wp-content\/uploads\/2025\/10\/adolescentes-e-redes-sociais-Australia_istock.jpg\",\"contentUrl\":\"https:\/\/jornalfatosenoticias.com.br\/wp-content\/uploads\/2025\/10\/adolescentes-e-redes-sociais-Australia_istock.jpg\",\"width\":612,\"height\":408,\"caption\":\"Teenage students are standing in the school hallway, all looking at their phones.\"},{\"@type\":\"BreadcrumbList\",\"@id\":\"https:\/\/jornalfatosenoticias.com.br\/index.php\/2025\/10\/22\/australia-restringe-acesso-de-jovens-as-redes-sociais\/#breadcrumb\",\"itemListElement\":[{\"@type\":\"ListItem\",\"position\":1,\"name\":\"In\u00edcio\",\"item\":\"https:\/\/jornalfatosenoticias.com.br\/\"},{\"@type\":\"ListItem\",\"position\":2,\"name\":\"Austr\u00e1lia restringe acesso de jovens \u00e0s redes sociais\"}]},{\"@type\":\"WebSite\",\"@id\":\"https:\/\/jornalfatosenoticias.com.br\/#website\",\"url\":\"https:\/\/jornalfatosenoticias.com.br\/\",\"name\":\"Jornal Fatos e Not\u00edcias\",\"description\":\"Not\u00edcias em geral\",\"publisher\":{\"@id\":\"https:\/\/jornalfatosenoticias.com.br\/#organization\"},\"potentialAction\":[{\"@type\":\"SearchAction\",\"target\":{\"@type\":\"EntryPoint\",\"urlTemplate\":\"https:\/\/jornalfatosenoticias.com.br\/?s={search_term_string}\"},\"query-input\":{\"@type\":\"PropertyValueSpecification\",\"valueRequired\":true,\"valueName\":\"search_term_string\"}}],\"inLanguage\":\"pt-BR\"},{\"@type\":\"Organization\",\"@id\":\"https:\/\/jornalfatosenoticias.com.br\/#organization\",\"name\":\"Jornal Fatos e Not\u00edcias\",\"url\":\"https:\/\/jornalfatosenoticias.com.br\/\",\"logo\":{\"@type\":\"ImageObject\",\"inLanguage\":\"pt-BR\",\"@id\":\"https:\/\/jornalfatosenoticias.com.br\/#\/schema\/logo\/image\/\",\"url\":\"https:\/\/jornalfatosenoticias.com.br\/wp-content\/uploads\/2020\/02\/logo120.png\",\"contentUrl\":\"https:\/\/jornalfatosenoticias.com.br\/wp-content\/uploads\/2020\/02\/logo120.png\",\"width\":1227,\"height\":120,\"caption\":\"Jornal Fatos e Not\u00edcias\"},\"image\":{\"@id\":\"https:\/\/jornalfatosenoticias.com.br\/#\/schema\/logo\/image\/\"}},{\"@type\":\"Person\",\"@id\":\"https:\/\/jornalfatosenoticias.com.br\/#\/schema\/person\/d63837fa13ac8666eb9e74e0985d6f81\",\"name\":\"Luzimara Fernandes\",\"image\":{\"@type\":\"ImageObject\",\"inLanguage\":\"pt-BR\",\"@id\":\"https:\/\/jornalfatosenoticias.com.br\/#\/schema\/person\/image\/\",\"url\":\"https:\/\/jornalfatosenoticias.com.br\/wp-content\/uploads\/2025\/05\/EU_portal.jpg\",\"contentUrl\":\"https:\/\/jornalfatosenoticias.com.br\/wp-content\/uploads\/2025\/05\/EU_portal.jpg\",\"caption\":\"Luzimara Fernandes\"},\"description\":\"Jornalista MTB 2358-ES\",\"sameAs\":[\"https:\/\/jornalfatosenoticias.com.br\"],\"url\":\"https:\/\/jornalfatosenoticias.com.br\/index.php\/author\/luzimara\/\"}]}<\/script>\n<!-- \/ Yoast SEO plugin. -->","yoast_head_json":{"title":"Austr\u00e1lia restringe acesso de jovens \u00e0s redes sociais - Jornal Fatos e Not\u00edcias","robots":{"index":"index","follow":"follow","max-snippet":"max-snippet:-1","max-image-preview":"max-image-preview:large","max-video-preview":"max-video-preview:-1"},"canonical":"https:\/\/jornalfatosenoticias.com.br\/index.php\/2025\/10\/22\/australia-restringe-acesso-de-jovens-as-redes-sociais\/","og_locale":"pt_BR","og_type":"article","og_title":"Austr\u00e1lia restringe acesso de jovens \u00e0s redes sociais - Jornal Fatos e Not\u00edcias","og_description":"Austr\u00e1lia pro\u00edbe acesso de menores \u00e0s redes sociais; nova lei estabelece idade m\u00ednima de 16 anos e gera pol\u00eamica entre especialistas Por Gabriel Marin O governo australiano anunciou uma iniciativa significativa para promover uma nova legisla\u00e7\u00e3o que pro\u00edbe o acesso de crian\u00e7as e adolescentes \u00e0s redes sociais. Com o nome \u201cFor The Good Of\u201d (\u201cPara [&hellip;]","og_url":"https:\/\/jornalfatosenoticias.com.br\/index.php\/2025\/10\/22\/australia-restringe-acesso-de-jovens-as-redes-sociais\/","og_site_name":"Jornal Fatos e Not\u00edcias","article_published_time":"2025-10-22T12:46:41+00:00","article_modified_time":"2025-10-22T12:46:43+00:00","og_image":[{"width":612,"height":408,"url":"https:\/\/jornalfatosenoticias.com.br\/wp-content\/uploads\/2025\/10\/adolescentes-e-redes-sociais-Australia_istock.jpg","type":"image\/jpeg"}],"author":"Luzimara Fernandes","twitter_card":"summary_large_image","twitter_misc":{"Escrito por":"Luzimara Fernandes","Est. tempo de leitura":"4 minutos"},"schema":{"@context":"https:\/\/schema.org","@graph":[{"@type":"Article","@id":"https:\/\/jornalfatosenoticias.com.br\/index.php\/2025\/10\/22\/australia-restringe-acesso-de-jovens-as-redes-sociais\/#article","isPartOf":{"@id":"https:\/\/jornalfatosenoticias.com.br\/index.php\/2025\/10\/22\/australia-restringe-acesso-de-jovens-as-redes-sociais\/"},"author":{"name":"Luzimara Fernandes","@id":"https:\/\/jornalfatosenoticias.com.br\/#\/schema\/person\/d63837fa13ac8666eb9e74e0985d6f81"},"headline":"Austr\u00e1lia restringe acesso de jovens \u00e0s redes sociais","datePublished":"2025-10-22T12:46:41+00:00","dateModified":"2025-10-22T12:46:43+00:00","mainEntityOfPage":{"@id":"https:\/\/jornalfatosenoticias.com.br\/index.php\/2025\/10\/22\/australia-restringe-acesso-de-jovens-as-redes-sociais\/"},"wordCount":775,"commentCount":0,"publisher":{"@id":"https:\/\/jornalfatosenoticias.com.br\/#organization"},"image":{"@id":"https:\/\/jornalfatosenoticias.com.br\/index.php\/2025\/10\/22\/australia-restringe-acesso-de-jovens-as-redes-sociais\/#primaryimage"},"thumbnailUrl":"https:\/\/jornalfatosenoticias.com.br\/wp-content\/uploads\/2025\/10\/adolescentes-e-redes-sociais-Australia_istock.jpg","keywords":["adultos","Austr\u00e1lia","comportamento","internet","jovens","lei","mundo","redes sociais","restri\u00e7\u00e3o"],"articleSection":["Comportamento &amp; Equil\u00edbrio"],"inLanguage":"pt-BR","potentialAction":[{"@type":"CommentAction","name":"Comment","target":["https:\/\/jornalfatosenoticias.com.br\/index.php\/2025\/10\/22\/australia-restringe-acesso-de-jovens-as-redes-sociais\/#respond"]}]},{"@type":"WebPage","@id":"https:\/\/jornalfatosenoticias.com.br\/index.php\/2025\/10\/22\/australia-restringe-acesso-de-jovens-as-redes-sociais\/","url":"https:\/\/jornalfatosenoticias.com.br\/index.php\/2025\/10\/22\/australia-restringe-acesso-de-jovens-as-redes-sociais\/","name":"Austr\u00e1lia restringe acesso de jovens \u00e0s redes sociais - Jornal Fatos e Not\u00edcias","isPartOf":{"@id":"https:\/\/jornalfatosenoticias.com.br\/#website"},"primaryImageOfPage":{"@id":"https:\/\/jornalfatosenoticias.com.br\/index.php\/2025\/10\/22\/australia-restringe-acesso-de-jovens-as-redes-sociais\/#primaryimage"},"image":{"@id":"https:\/\/jornalfatosenoticias.com.br\/index.php\/2025\/10\/22\/australia-restringe-acesso-de-jovens-as-redes-sociais\/#primaryimage"},"thumbnailUrl":"https:\/\/jornalfatosenoticias.com.br\/wp-content\/uploads\/2025\/10\/adolescentes-e-redes-sociais-Australia_istock.jpg","datePublished":"2025-10-22T12:46:41+00:00","dateModified":"2025-10-22T12:46:43+00:00","breadcrumb":{"@id":"https:\/\/jornalfatosenoticias.com.br\/index.php\/2025\/10\/22\/australia-restringe-acesso-de-jovens-as-redes-sociais\/#breadcrumb"},"inLanguage":"pt-BR","potentialAction":[{"@type":"ReadAction","target":["https:\/\/jornalfatosenoticias.com.br\/index.php\/2025\/10\/22\/australia-restringe-acesso-de-jovens-as-redes-sociais\/"]}]},{"@type":"ImageObject","inLanguage":"pt-BR","@id":"https:\/\/jornalfatosenoticias.com.br\/index.php\/2025\/10\/22\/australia-restringe-acesso-de-jovens-as-redes-sociais\/#primaryimage","url":"https:\/\/jornalfatosenoticias.com.br\/wp-content\/uploads\/2025\/10\/adolescentes-e-redes-sociais-Australia_istock.jpg","contentUrl":"https:\/\/jornalfatosenoticias.com.br\/wp-content\/uploads\/2025\/10\/adolescentes-e-redes-sociais-Australia_istock.jpg","width":612,"height":408,"caption":"Teenage students are standing in the school hallway, all looking at their phones."},{"@type":"BreadcrumbList","@id":"https:\/\/jornalfatosenoticias.com.br\/index.php\/2025\/10\/22\/australia-restringe-acesso-de-jovens-as-redes-sociais\/#breadcrumb","itemListElement":[{"@type":"ListItem","position":1,"name":"In\u00edcio","item":"https:\/\/jornalfatosenoticias.com.br\/"},{"@type":"ListItem","position":2,"name":"Austr\u00e1lia restringe acesso de jovens \u00e0s redes sociais"}]},{"@type":"WebSite","@id":"https:\/\/jornalfatosenoticias.com.br\/#website","url":"https:\/\/jornalfatosenoticias.com.br\/","name":"Jornal Fatos e Not\u00edcias","description":"Not\u00edcias em geral","publisher":{"@id":"https:\/\/jornalfatosenoticias.com.br\/#organization"},"potentialAction":[{"@type":"SearchAction","target":{"@type":"EntryPoint","urlTemplate":"https:\/\/jornalfatosenoticias.com.br\/?s={search_term_string}"},"query-input":{"@type":"PropertyValueSpecification","valueRequired":true,"valueName":"search_term_string"}}],"inLanguage":"pt-BR"},{"@type":"Organization","@id":"https:\/\/jornalfatosenoticias.com.br\/#organization","name":"Jornal Fatos e Not\u00edcias","url":"https:\/\/jornalfatosenoticias.com.br\/","logo":{"@type":"ImageObject","inLanguage":"pt-BR","@id":"https:\/\/jornalfatosenoticias.com.br\/#\/schema\/logo\/image\/","url":"https:\/\/jornalfatosenoticias.com.br\/wp-content\/uploads\/2020\/02\/logo120.png","contentUrl":"https:\/\/jornalfatosenoticias.com.br\/wp-content\/uploads\/2020\/02\/logo120.png","width":1227,"height":120,"caption":"Jornal Fatos e Not\u00edcias"},"image":{"@id":"https:\/\/jornalfatosenoticias.com.br\/#\/schema\/logo\/image\/"}},{"@type":"Person","@id":"https:\/\/jornalfatosenoticias.com.br\/#\/schema\/person\/d63837fa13ac8666eb9e74e0985d6f81","name":"Luzimara Fernandes","image":{"@type":"ImageObject","inLanguage":"pt-BR","@id":"https:\/\/jornalfatosenoticias.com.br\/#\/schema\/person\/image\/","url":"https:\/\/jornalfatosenoticias.com.br\/wp-content\/uploads\/2025\/05\/EU_portal.jpg","contentUrl":"https:\/\/jornalfatosenoticias.com.br\/wp-content\/uploads\/2025\/05\/EU_portal.jpg","caption":"Luzimara Fernandes"},"description":"Jornalista MTB 2358-ES","sameAs":["https:\/\/jornalfatosenoticias.com.br"],"url":"https:\/\/jornalfatosenoticias.com.br\/index.php\/author\/luzimara\/"}]}},"cc_featured_image_caption":{"caption_text":"(Foto: iStock)","source_text":"","source_url":""},"jetpack_featured_media_url":"https:\/\/jornalfatosenoticias.com.br\/wp-content\/uploads\/2025\/10\/adolescentes-e-redes-sociais-Australia_istock.jpg","_links":{"self":[{"href":"https:\/\/jornalfatosenoticias.com.br\/index.php\/wp-json\/wp\/v2\/posts\/62685","targetHints":{"allow":["GET"]}}],"collection":[{"href":"https:\/\/jornalfatosenoticias.com.br\/index.php\/wp-json\/wp\/v2\/posts"}],"about":[{"href":"https:\/\/jornalfatosenoticias.com.br\/index.php\/wp-json\/wp\/v2\/types\/post"}],"author":[{"embeddable":true,"href":"https:\/\/jornalfatosenoticias.com.br\/index.php\/wp-json\/wp\/v2\/users\/2"}],"replies":[{"embeddable":true,"href":"https:\/\/jornalfatosenoticias.com.br\/index.php\/wp-json\/wp\/v2\/comments?post=62685"}],"version-history":[{"count":0,"href":"https:\/\/jornalfatosenoticias.com.br\/index.php\/wp-json\/wp\/v2\/posts\/62685\/revisions"}],"wp:featuredmedia":[{"embeddable":true,"href":"https:\/\/jornalfatosenoticias.com.br\/index.php\/wp-json\/wp\/v2\/media\/62686"}],"wp:attachment":[{"href":"https:\/\/jornalfatosenoticias.com.br\/index.php\/wp-json\/wp\/v2\/media?parent=62685"}],"wp:term":[{"taxonomy":"category","embeddable":true,"href":"https:\/\/jornalfatosenoticias.com.br\/index.php\/wp-json\/wp\/v2\/categories?post=62685"},{"taxonomy":"post_tag","embeddable":true,"href":"https:\/\/jornalfatosenoticias.com.br\/index.php\/wp-json\/wp\/v2\/tags?post=62685"}],"curies":[{"name":"wp","href":"https:\/\/api.w.org\/{rel}","templated":true}]}}