{"id":62691,"date":"2025-10-22T10:03:50","date_gmt":"2025-10-22T13:03:50","guid":{"rendered":"https:\/\/jornalfatosenoticias.com.br\/?p=62691"},"modified":"2025-10-22T10:03:52","modified_gmt":"2025-10-22T13:03:52","slug":"o-composto-quimico-descoberto-em-amostras-da-lua","status":"publish","type":"post","link":"https:\/\/jornalfatosenoticias.com.br\/index.php\/2025\/10\/22\/o-composto-quimico-descoberto-em-amostras-da-lua\/","title":{"rendered":"O composto qu\u00edmico descoberto em amostras da lua"},"content":{"rendered":"\n<p><em><span class=\"has-inline-color has-black-color\">Em miss\u00e3o para decifrar fragmentos da lua coletados em 1972, a Nasa se deparou com um composto qu\u00edmico inesperado<\/span><\/em><\/p>\n\n\n\n<p><span class=\"has-inline-color has-black-color\">Por <strong><a href=\"https:\/\/aventurasnahistoria.com.br\/noticias\/author\/felipesales\">Felipe Sales Gomes<\/a><\/strong><\/span><\/p>\n\n\n\n<div class=\"wp-block-image\"><figure class=\"aligncenter size-large is-resized\"><a href=\"https:\/\/www.facebook.com\/vetor.vix\/\"><img loading=\"lazy\" decoding=\"async\" src=\"https:\/\/jornalfatosenoticias.com.br\/wp-content\/uploads\/2023\/09\/vetorvix1024_1.jpg\" alt=\"\" class=\"wp-image-44868\" width=\"558\" height=\"148\" srcset=\"https:\/\/jornalfatosenoticias.com.br\/wp-content\/uploads\/2023\/09\/vetorvix1024_1.jpg 1024w, https:\/\/jornalfatosenoticias.com.br\/wp-content\/uploads\/2023\/09\/vetorvix1024_1-300x80.jpg 300w, https:\/\/jornalfatosenoticias.com.br\/wp-content\/uploads\/2023\/09\/vetorvix1024_1-768x205.jpg 768w\" sizes=\"auto, (max-width: 558px) 100vw, 558px\" \/><\/a><\/figure><\/div>\n\n\n\n<p>Cientistas divulgaram resultados de uma <a href=\"https:\/\/aventurasnahistoria.com.br\/noticias\/historia-hoje\/o-que-revelaram-as-amostras-da-lua-apos-50-anos.phtml\">investiga\u00e7\u00e3o sobre fragmentos de solo lunar<\/a>\u00a0trazidos pela miss\u00e3o\u00a0<strong>Apollo 17<\/strong>, conclu\u00edda em dezembro de 1972. O estudo indica que as rochas\u00a0<mark>n\u00e3o compartilham exatamente a mesma composi\u00e7\u00e3o que as terrestres<\/mark>, o que levanta novas quest\u00f5es sobre como a Lua se formou e evoluiu.<br>Os pesquisadores trabalharam com amostras seladas em tubos de h\u00e9lio e guardadas por d\u00e9cadas nas instala\u00e7\u00f5es da <a href=\"https:\/\/aventurasnahistoria.com.br\/noticias\/historia-hoje\/sonda-psyche-da-nasa-envia-dados-a-350-milhoes-de-km.phtml\">ag\u00eancia espacial norte-americana<\/a>, com o objetivo de usar tecnologias modernas para an\u00e1lise mais detalhada. Eles avaliaram is\u00f3topos de\u00a0<strong>enxofre-33 (\u00b3\u00b3S)<\/strong>\u00a0nas amostras e descobriram\u00a0<mark>propor\u00e7\u00f5es diferentes das encontradas na Terra<\/mark>, o que sugere que os processos qu\u00edmicos que a Lua viveu no passado diferiram dos terrestres.<\/p>\n\n\n\n<div class=\"wp-block-image\"><figure class=\"aligncenter size-large is-resized\"><a href=\"https:\/\/www.instagram.com\/rcradiadores\/\"><img loading=\"lazy\" decoding=\"async\" src=\"https:\/\/jornalfatosenoticias.com.br\/wp-content\/uploads\/2022\/10\/RC_800x750_page-0001.jpg\" alt=\"\" class=\"wp-image-35338\" width=\"301\" height=\"282\" srcset=\"https:\/\/jornalfatosenoticias.com.br\/wp-content\/uploads\/2022\/10\/RC_800x750_page-0001.jpg 400w, https:\/\/jornalfatosenoticias.com.br\/wp-content\/uploads\/2022\/10\/RC_800x750_page-0001-300x281.jpg 300w\" sizes=\"auto, (max-width: 301px) 100vw, 301px\" \/><\/a><\/figure><\/div>\n\n\n\n<p>Uma hip\u00f3tese \u00e9 que essas diferen\u00e7as se originaram nas <a href=\"https:\/\/aventurasnahistoria.com.br\/noticias\/historia-hoje\/a-ciencia-estava-errada-sobre-como-cratera-mais-antiga-da-lua-se-formou.phtml\">etapas iniciais da forma\u00e7\u00e3o lunar<\/a> \u2014 por exemplo, quando um objeto de tamanho pr\u00f3ximo ao de Marte colidiu com a Terra e deu origem ao sat\u00e9lite, segundo o modelo mais aceito. Alternativamente, os elementos observados poderiam ter sido alterados por processos geol\u00f3gicos internos da Lua em sua juventude. Em ambos os casos, a descoberta refor\u00e7a a ideia de que a Lua tem uma hist\u00f3ria geol\u00f3gica mais complexa e menos similar \u00e0 da Terra do que se imaginava at\u00e9 agora.<\/p>\n\n\n\n<div class=\"wp-block-image\"><figure class=\"aligncenter size-large\"><a href=\"http:\/\/www.ferrarimaquinas.com.br\/\"><img loading=\"lazy\" decoding=\"async\" width=\"300\" height=\"250\" src=\"https:\/\/jornalfatosenoticias.com.br\/wp-content\/uploads\/2022\/02\/FERRARI_MAQUINAS-E-FERRAMENTAS2.jpg\" alt=\"\" class=\"wp-image-27860\"\/><\/a><\/figure><\/div>\n\n\n\n<p>Com essas novas evid\u00eancias, a comunidade cient\u00edfica avalia a necessidade de <mark>revisar modelos de origem da Lua<\/mark>, de estudar com mais profundidade o solo lunar e de\u00a0<a href=\"https:\/\/aventurasnahistoria.com.br\/noticias\/historia-hoje\/10-novos-astronautas-sao-selecionados-para-missoes-na-lua-e-em-marte.phtml\">planejar futuras miss\u00f5es<\/a> para coletar amostras de regi\u00f5es ainda pouco exploradas \u2014 como o polo sul lunar. As an\u00e1lises das amostras da Apollo 17 mostram que mesmo materiais coletados h\u00e1 d\u00e9cadas ainda podem gerar impactos nos nossos entendimentos sobre o sistema solar.<\/p>\n\n\n\n<div class=\"wp-block-image\"><figure class=\"aligncenter size-large is-resized\"><a href=\"https:\/\/legisjuris.com.br\/\"><img loading=\"lazy\" decoding=\"async\" src=\"https:\/\/jornalfatosenoticias.com.br\/wp-content\/uploads\/2024\/09\/Legis-Juris-Consultoria_logo.jpg\" alt=\"\" class=\"wp-image-53915\" width=\"477\" height=\"200\" srcset=\"https:\/\/jornalfatosenoticias.com.br\/wp-content\/uploads\/2024\/09\/Legis-Juris-Consultoria_logo.jpg 969w, https:\/\/jornalfatosenoticias.com.br\/wp-content\/uploads\/2024\/09\/Legis-Juris-Consultoria_logo-300x126.jpg 300w, https:\/\/jornalfatosenoticias.com.br\/wp-content\/uploads\/2024\/09\/Legis-Juris-Consultoria_logo-768x322.jpg 768w\" sizes=\"auto, (max-width: 477px) 100vw, 477px\" \/><\/a><\/figure><\/div>\n\n\n\n<p><strong>Fonte: <a href=\"https:\/\/aventurasnahistoria.com.br\/noticias\/historia-hoje\/o-composto-quimico-descoberto-em-amostras-da-lua.phtml\">Aventuras na Hist\u00f3ria<\/a><\/strong><\/p>\n","protected":false},"excerpt":{"rendered":"<p>Em miss\u00e3o para decifrar fragmentos da lua coletados em 1972, a Nasa se deparou com um composto qu\u00edmico inesperado Por Felipe Sales Gomes Cientistas divulgaram resultados de uma investiga\u00e7\u00e3o sobre fragmentos de solo lunar\u00a0trazidos pela miss\u00e3o\u00a0Apollo 17, conclu\u00edda em dezembro de 1972. O estudo indica que as rochas\u00a0n\u00e3o compartilham exatamente a mesma composi\u00e7\u00e3o que as [&hellip;]<\/p>\n","protected":false},"author":2,"featured_media":62692,"comment_status":"open","ping_status":"open","sticky":false,"template":"","format":"standard","meta":{"footnotes":""},"categories":[2],"tags":[14396,472,1666,28586,86,714,84,164,268],"class_list":["post-62691","post","type-post","status-publish","format-standard","has-post-thumbnail","hentry","category-ciencia","tag-apollo-17","tag-astronomia","tag-descoberta","tag-enxofre","tag-espaco","tag-estudo","tag-lua","tag-nasa","tag-quimica"],"yoast_head":"<!-- This site is optimized with the Yoast SEO plugin v26.5 - https:\/\/yoast.com\/wordpress\/plugins\/seo\/ -->\n<title>O composto qu\u00edmico descoberto em amostras da lua - Jornal Fatos e Not\u00edcias<\/title>\n<meta name=\"robots\" content=\"index, follow, max-snippet:-1, max-image-preview:large, max-video-preview:-1\" \/>\n<link rel=\"canonical\" href=\"https:\/\/jornalfatosenoticias.com.br\/index.php\/2025\/10\/22\/o-composto-quimico-descoberto-em-amostras-da-lua\/\" \/>\n<meta property=\"og:locale\" content=\"pt_BR\" \/>\n<meta property=\"og:type\" content=\"article\" \/>\n<meta property=\"og:title\" content=\"O composto qu\u00edmico descoberto em amostras da lua - Jornal Fatos e Not\u00edcias\" \/>\n<meta property=\"og:description\" content=\"Em miss\u00e3o para decifrar fragmentos da lua coletados em 1972, a Nasa se deparou com um composto qu\u00edmico inesperado Por Felipe Sales Gomes Cientistas divulgaram resultados de uma investiga\u00e7\u00e3o sobre fragmentos de solo lunar\u00a0trazidos pela miss\u00e3o\u00a0Apollo 17, conclu\u00edda em dezembro de 1972. O estudo indica que as rochas\u00a0n\u00e3o compartilham exatamente a mesma composi\u00e7\u00e3o que as [&hellip;]\" \/>\n<meta property=\"og:url\" content=\"https:\/\/jornalfatosenoticias.com.br\/index.php\/2025\/10\/22\/o-composto-quimico-descoberto-em-amostras-da-lua\/\" \/>\n<meta property=\"og:site_name\" content=\"Jornal Fatos e Not\u00edcias\" \/>\n<meta property=\"article:published_time\" content=\"2025-10-22T13:03:50+00:00\" \/>\n<meta property=\"article:modified_time\" content=\"2025-10-22T13:03:52+00:00\" \/>\n<meta property=\"og:image\" content=\"https:\/\/jornalfatosenoticias.com.br\/wp-content\/uploads\/2025\/10\/composto-quimico-lua_freepik.jpg\" \/>\n\t<meta property=\"og:image:width\" content=\"1000\" \/>\n\t<meta property=\"og:image:height\" content=\"725\" \/>\n\t<meta property=\"og:image:type\" content=\"image\/jpeg\" \/>\n<meta name=\"author\" content=\"Luzimara Fernandes\" \/>\n<meta name=\"twitter:card\" content=\"summary_large_image\" \/>\n<meta name=\"twitter:label1\" content=\"Escrito por\" \/>\n\t<meta name=\"twitter:data1\" content=\"Luzimara Fernandes\" \/>\n\t<meta name=\"twitter:label2\" content=\"Est. tempo de leitura\" \/>\n\t<meta name=\"twitter:data2\" content=\"2 minutos\" \/>\n<script type=\"application\/ld+json\" class=\"yoast-schema-graph\">{\"@context\":\"https:\/\/schema.org\",\"@graph\":[{\"@type\":\"Article\",\"@id\":\"https:\/\/jornalfatosenoticias.com.br\/index.php\/2025\/10\/22\/o-composto-quimico-descoberto-em-amostras-da-lua\/#article\",\"isPartOf\":{\"@id\":\"https:\/\/jornalfatosenoticias.com.br\/index.php\/2025\/10\/22\/o-composto-quimico-descoberto-em-amostras-da-lua\/\"},\"author\":{\"name\":\"Luzimara Fernandes\",\"@id\":\"https:\/\/jornalfatosenoticias.com.br\/#\/schema\/person\/d63837fa13ac8666eb9e74e0985d6f81\"},\"headline\":\"O composto qu\u00edmico descoberto em amostras da lua\",\"datePublished\":\"2025-10-22T13:03:50+00:00\",\"dateModified\":\"2025-10-22T13:03:52+00:00\",\"mainEntityOfPage\":{\"@id\":\"https:\/\/jornalfatosenoticias.com.br\/index.php\/2025\/10\/22\/o-composto-quimico-descoberto-em-amostras-da-lua\/\"},\"wordCount\":329,\"commentCount\":0,\"publisher\":{\"@id\":\"https:\/\/jornalfatosenoticias.com.br\/#organization\"},\"image\":{\"@id\":\"https:\/\/jornalfatosenoticias.com.br\/index.php\/2025\/10\/22\/o-composto-quimico-descoberto-em-amostras-da-lua\/#primaryimage\"},\"thumbnailUrl\":\"https:\/\/jornalfatosenoticias.com.br\/wp-content\/uploads\/2025\/10\/composto-quimico-lua_freepik.jpg\",\"keywords\":[\"Apollo 17\",\"Astronomia\",\"descoberta\",\"enxofre\",\"espa\u00e7o\",\"Estudo\",\"lua\",\"Nasa\",\"qu\u00edmica\"],\"articleSection\":[\"Ci\u00eancia\"],\"inLanguage\":\"pt-BR\",\"potentialAction\":[{\"@type\":\"CommentAction\",\"name\":\"Comment\",\"target\":[\"https:\/\/jornalfatosenoticias.com.br\/index.php\/2025\/10\/22\/o-composto-quimico-descoberto-em-amostras-da-lua\/#respond\"]}]},{\"@type\":\"WebPage\",\"@id\":\"https:\/\/jornalfatosenoticias.com.br\/index.php\/2025\/10\/22\/o-composto-quimico-descoberto-em-amostras-da-lua\/\",\"url\":\"https:\/\/jornalfatosenoticias.com.br\/index.php\/2025\/10\/22\/o-composto-quimico-descoberto-em-amostras-da-lua\/\",\"name\":\"O composto qu\u00edmico descoberto em amostras da lua - Jornal Fatos e Not\u00edcias\",\"isPartOf\":{\"@id\":\"https:\/\/jornalfatosenoticias.com.br\/#website\"},\"primaryImageOfPage\":{\"@id\":\"https:\/\/jornalfatosenoticias.com.br\/index.php\/2025\/10\/22\/o-composto-quimico-descoberto-em-amostras-da-lua\/#primaryimage\"},\"image\":{\"@id\":\"https:\/\/jornalfatosenoticias.com.br\/index.php\/2025\/10\/22\/o-composto-quimico-descoberto-em-amostras-da-lua\/#primaryimage\"},\"thumbnailUrl\":\"https:\/\/jornalfatosenoticias.com.br\/wp-content\/uploads\/2025\/10\/composto-quimico-lua_freepik.jpg\",\"datePublished\":\"2025-10-22T13:03:50+00:00\",\"dateModified\":\"2025-10-22T13:03:52+00:00\",\"breadcrumb\":{\"@id\":\"https:\/\/jornalfatosenoticias.com.br\/index.php\/2025\/10\/22\/o-composto-quimico-descoberto-em-amostras-da-lua\/#breadcrumb\"},\"inLanguage\":\"pt-BR\",\"potentialAction\":[{\"@type\":\"ReadAction\",\"target\":[\"https:\/\/jornalfatosenoticias.com.br\/index.php\/2025\/10\/22\/o-composto-quimico-descoberto-em-amostras-da-lua\/\"]}]},{\"@type\":\"ImageObject\",\"inLanguage\":\"pt-BR\",\"@id\":\"https:\/\/jornalfatosenoticias.com.br\/index.php\/2025\/10\/22\/o-composto-quimico-descoberto-em-amostras-da-lua\/#primaryimage\",\"url\":\"https:\/\/jornalfatosenoticias.com.br\/wp-content\/uploads\/2025\/10\/composto-quimico-lua_freepik.jpg\",\"contentUrl\":\"https:\/\/jornalfatosenoticias.com.br\/wp-content\/uploads\/2025\/10\/composto-quimico-lua_freepik.jpg\",\"width\":1000,\"height\":725,\"caption\":\"A closeup shot of the moon isolated on a black background - great for articles about space\"},{\"@type\":\"BreadcrumbList\",\"@id\":\"https:\/\/jornalfatosenoticias.com.br\/index.php\/2025\/10\/22\/o-composto-quimico-descoberto-em-amostras-da-lua\/#breadcrumb\",\"itemListElement\":[{\"@type\":\"ListItem\",\"position\":1,\"name\":\"In\u00edcio\",\"item\":\"https:\/\/jornalfatosenoticias.com.br\/\"},{\"@type\":\"ListItem\",\"position\":2,\"name\":\"O composto qu\u00edmico descoberto em amostras da lua\"}]},{\"@type\":\"WebSite\",\"@id\":\"https:\/\/jornalfatosenoticias.com.br\/#website\",\"url\":\"https:\/\/jornalfatosenoticias.com.br\/\",\"name\":\"Jornal Fatos e Not\u00edcias\",\"description\":\"Not\u00edcias em geral\",\"publisher\":{\"@id\":\"https:\/\/jornalfatosenoticias.com.br\/#organization\"},\"potentialAction\":[{\"@type\":\"SearchAction\",\"target\":{\"@type\":\"EntryPoint\",\"urlTemplate\":\"https:\/\/jornalfatosenoticias.com.br\/?s={search_term_string}\"},\"query-input\":{\"@type\":\"PropertyValueSpecification\",\"valueRequired\":true,\"valueName\":\"search_term_string\"}}],\"inLanguage\":\"pt-BR\"},{\"@type\":\"Organization\",\"@id\":\"https:\/\/jornalfatosenoticias.com.br\/#organization\",\"name\":\"Jornal Fatos e Not\u00edcias\",\"url\":\"https:\/\/jornalfatosenoticias.com.br\/\",\"logo\":{\"@type\":\"ImageObject\",\"inLanguage\":\"pt-BR\",\"@id\":\"https:\/\/jornalfatosenoticias.com.br\/#\/schema\/logo\/image\/\",\"url\":\"https:\/\/jornalfatosenoticias.com.br\/wp-content\/uploads\/2020\/02\/logo120.png\",\"contentUrl\":\"https:\/\/jornalfatosenoticias.com.br\/wp-content\/uploads\/2020\/02\/logo120.png\",\"width\":1227,\"height\":120,\"caption\":\"Jornal Fatos e Not\u00edcias\"},\"image\":{\"@id\":\"https:\/\/jornalfatosenoticias.com.br\/#\/schema\/logo\/image\/\"}},{\"@type\":\"Person\",\"@id\":\"https:\/\/jornalfatosenoticias.com.br\/#\/schema\/person\/d63837fa13ac8666eb9e74e0985d6f81\",\"name\":\"Luzimara Fernandes\",\"image\":{\"@type\":\"ImageObject\",\"inLanguage\":\"pt-BR\",\"@id\":\"https:\/\/jornalfatosenoticias.com.br\/#\/schema\/person\/image\/\",\"url\":\"https:\/\/jornalfatosenoticias.com.br\/wp-content\/uploads\/2025\/05\/EU_portal.jpg\",\"contentUrl\":\"https:\/\/jornalfatosenoticias.com.br\/wp-content\/uploads\/2025\/05\/EU_portal.jpg\",\"caption\":\"Luzimara Fernandes\"},\"description\":\"Jornalista MTB 2358-ES\",\"sameAs\":[\"https:\/\/jornalfatosenoticias.com.br\"],\"url\":\"https:\/\/jornalfatosenoticias.com.br\/index.php\/author\/luzimara\/\"}]}<\/script>\n<!-- \/ Yoast SEO plugin. -->","yoast_head_json":{"title":"O composto qu\u00edmico descoberto em amostras da lua - Jornal Fatos e Not\u00edcias","robots":{"index":"index","follow":"follow","max-snippet":"max-snippet:-1","max-image-preview":"max-image-preview:large","max-video-preview":"max-video-preview:-1"},"canonical":"https:\/\/jornalfatosenoticias.com.br\/index.php\/2025\/10\/22\/o-composto-quimico-descoberto-em-amostras-da-lua\/","og_locale":"pt_BR","og_type":"article","og_title":"O composto qu\u00edmico descoberto em amostras da lua - Jornal Fatos e Not\u00edcias","og_description":"Em miss\u00e3o para decifrar fragmentos da lua coletados em 1972, a Nasa se deparou com um composto qu\u00edmico inesperado Por Felipe Sales Gomes Cientistas divulgaram resultados de uma investiga\u00e7\u00e3o sobre fragmentos de solo lunar\u00a0trazidos pela miss\u00e3o\u00a0Apollo 17, conclu\u00edda em dezembro de 1972. O estudo indica que as rochas\u00a0n\u00e3o compartilham exatamente a mesma composi\u00e7\u00e3o que as [&hellip;]","og_url":"https:\/\/jornalfatosenoticias.com.br\/index.php\/2025\/10\/22\/o-composto-quimico-descoberto-em-amostras-da-lua\/","og_site_name":"Jornal Fatos e Not\u00edcias","article_published_time":"2025-10-22T13:03:50+00:00","article_modified_time":"2025-10-22T13:03:52+00:00","og_image":[{"width":1000,"height":725,"url":"https:\/\/jornalfatosenoticias.com.br\/wp-content\/uploads\/2025\/10\/composto-quimico-lua_freepik.jpg","type":"image\/jpeg"}],"author":"Luzimara Fernandes","twitter_card":"summary_large_image","twitter_misc":{"Escrito por":"Luzimara Fernandes","Est. tempo de leitura":"2 minutos"},"schema":{"@context":"https:\/\/schema.org","@graph":[{"@type":"Article","@id":"https:\/\/jornalfatosenoticias.com.br\/index.php\/2025\/10\/22\/o-composto-quimico-descoberto-em-amostras-da-lua\/#article","isPartOf":{"@id":"https:\/\/jornalfatosenoticias.com.br\/index.php\/2025\/10\/22\/o-composto-quimico-descoberto-em-amostras-da-lua\/"},"author":{"name":"Luzimara Fernandes","@id":"https:\/\/jornalfatosenoticias.com.br\/#\/schema\/person\/d63837fa13ac8666eb9e74e0985d6f81"},"headline":"O composto qu\u00edmico descoberto em amostras da lua","datePublished":"2025-10-22T13:03:50+00:00","dateModified":"2025-10-22T13:03:52+00:00","mainEntityOfPage":{"@id":"https:\/\/jornalfatosenoticias.com.br\/index.php\/2025\/10\/22\/o-composto-quimico-descoberto-em-amostras-da-lua\/"},"wordCount":329,"commentCount":0,"publisher":{"@id":"https:\/\/jornalfatosenoticias.com.br\/#organization"},"image":{"@id":"https:\/\/jornalfatosenoticias.com.br\/index.php\/2025\/10\/22\/o-composto-quimico-descoberto-em-amostras-da-lua\/#primaryimage"},"thumbnailUrl":"https:\/\/jornalfatosenoticias.com.br\/wp-content\/uploads\/2025\/10\/composto-quimico-lua_freepik.jpg","keywords":["Apollo 17","Astronomia","descoberta","enxofre","espa\u00e7o","Estudo","lua","Nasa","qu\u00edmica"],"articleSection":["Ci\u00eancia"],"inLanguage":"pt-BR","potentialAction":[{"@type":"CommentAction","name":"Comment","target":["https:\/\/jornalfatosenoticias.com.br\/index.php\/2025\/10\/22\/o-composto-quimico-descoberto-em-amostras-da-lua\/#respond"]}]},{"@type":"WebPage","@id":"https:\/\/jornalfatosenoticias.com.br\/index.php\/2025\/10\/22\/o-composto-quimico-descoberto-em-amostras-da-lua\/","url":"https:\/\/jornalfatosenoticias.com.br\/index.php\/2025\/10\/22\/o-composto-quimico-descoberto-em-amostras-da-lua\/","name":"O composto qu\u00edmico descoberto em amostras da lua - Jornal Fatos e Not\u00edcias","isPartOf":{"@id":"https:\/\/jornalfatosenoticias.com.br\/#website"},"primaryImageOfPage":{"@id":"https:\/\/jornalfatosenoticias.com.br\/index.php\/2025\/10\/22\/o-composto-quimico-descoberto-em-amostras-da-lua\/#primaryimage"},"image":{"@id":"https:\/\/jornalfatosenoticias.com.br\/index.php\/2025\/10\/22\/o-composto-quimico-descoberto-em-amostras-da-lua\/#primaryimage"},"thumbnailUrl":"https:\/\/jornalfatosenoticias.com.br\/wp-content\/uploads\/2025\/10\/composto-quimico-lua_freepik.jpg","datePublished":"2025-10-22T13:03:50+00:00","dateModified":"2025-10-22T13:03:52+00:00","breadcrumb":{"@id":"https:\/\/jornalfatosenoticias.com.br\/index.php\/2025\/10\/22\/o-composto-quimico-descoberto-em-amostras-da-lua\/#breadcrumb"},"inLanguage":"pt-BR","potentialAction":[{"@type":"ReadAction","target":["https:\/\/jornalfatosenoticias.com.br\/index.php\/2025\/10\/22\/o-composto-quimico-descoberto-em-amostras-da-lua\/"]}]},{"@type":"ImageObject","inLanguage":"pt-BR","@id":"https:\/\/jornalfatosenoticias.com.br\/index.php\/2025\/10\/22\/o-composto-quimico-descoberto-em-amostras-da-lua\/#primaryimage","url":"https:\/\/jornalfatosenoticias.com.br\/wp-content\/uploads\/2025\/10\/composto-quimico-lua_freepik.jpg","contentUrl":"https:\/\/jornalfatosenoticias.com.br\/wp-content\/uploads\/2025\/10\/composto-quimico-lua_freepik.jpg","width":1000,"height":725,"caption":"A closeup shot of the moon isolated on a black background - great for articles about space"},{"@type":"BreadcrumbList","@id":"https:\/\/jornalfatosenoticias.com.br\/index.php\/2025\/10\/22\/o-composto-quimico-descoberto-em-amostras-da-lua\/#breadcrumb","itemListElement":[{"@type":"ListItem","position":1,"name":"In\u00edcio","item":"https:\/\/jornalfatosenoticias.com.br\/"},{"@type":"ListItem","position":2,"name":"O composto qu\u00edmico descoberto em amostras da lua"}]},{"@type":"WebSite","@id":"https:\/\/jornalfatosenoticias.com.br\/#website","url":"https:\/\/jornalfatosenoticias.com.br\/","name":"Jornal Fatos e Not\u00edcias","description":"Not\u00edcias em geral","publisher":{"@id":"https:\/\/jornalfatosenoticias.com.br\/#organization"},"potentialAction":[{"@type":"SearchAction","target":{"@type":"EntryPoint","urlTemplate":"https:\/\/jornalfatosenoticias.com.br\/?s={search_term_string}"},"query-input":{"@type":"PropertyValueSpecification","valueRequired":true,"valueName":"search_term_string"}}],"inLanguage":"pt-BR"},{"@type":"Organization","@id":"https:\/\/jornalfatosenoticias.com.br\/#organization","name":"Jornal Fatos e Not\u00edcias","url":"https:\/\/jornalfatosenoticias.com.br\/","logo":{"@type":"ImageObject","inLanguage":"pt-BR","@id":"https:\/\/jornalfatosenoticias.com.br\/#\/schema\/logo\/image\/","url":"https:\/\/jornalfatosenoticias.com.br\/wp-content\/uploads\/2020\/02\/logo120.png","contentUrl":"https:\/\/jornalfatosenoticias.com.br\/wp-content\/uploads\/2020\/02\/logo120.png","width":1227,"height":120,"caption":"Jornal Fatos e Not\u00edcias"},"image":{"@id":"https:\/\/jornalfatosenoticias.com.br\/#\/schema\/logo\/image\/"}},{"@type":"Person","@id":"https:\/\/jornalfatosenoticias.com.br\/#\/schema\/person\/d63837fa13ac8666eb9e74e0985d6f81","name":"Luzimara Fernandes","image":{"@type":"ImageObject","inLanguage":"pt-BR","@id":"https:\/\/jornalfatosenoticias.com.br\/#\/schema\/person\/image\/","url":"https:\/\/jornalfatosenoticias.com.br\/wp-content\/uploads\/2025\/05\/EU_portal.jpg","contentUrl":"https:\/\/jornalfatosenoticias.com.br\/wp-content\/uploads\/2025\/05\/EU_portal.jpg","caption":"Luzimara Fernandes"},"description":"Jornalista MTB 2358-ES","sameAs":["https:\/\/jornalfatosenoticias.com.br"],"url":"https:\/\/jornalfatosenoticias.com.br\/index.php\/author\/luzimara\/"}]}},"cc_featured_image_caption":{"caption_text":"(Foto: Freepik)  ","source_text":"","source_url":""},"jetpack_featured_media_url":"https:\/\/jornalfatosenoticias.com.br\/wp-content\/uploads\/2025\/10\/composto-quimico-lua_freepik.jpg","_links":{"self":[{"href":"https:\/\/jornalfatosenoticias.com.br\/index.php\/wp-json\/wp\/v2\/posts\/62691","targetHints":{"allow":["GET"]}}],"collection":[{"href":"https:\/\/jornalfatosenoticias.com.br\/index.php\/wp-json\/wp\/v2\/posts"}],"about":[{"href":"https:\/\/jornalfatosenoticias.com.br\/index.php\/wp-json\/wp\/v2\/types\/post"}],"author":[{"embeddable":true,"href":"https:\/\/jornalfatosenoticias.com.br\/index.php\/wp-json\/wp\/v2\/users\/2"}],"replies":[{"embeddable":true,"href":"https:\/\/jornalfatosenoticias.com.br\/index.php\/wp-json\/wp\/v2\/comments?post=62691"}],"version-history":[{"count":0,"href":"https:\/\/jornalfatosenoticias.com.br\/index.php\/wp-json\/wp\/v2\/posts\/62691\/revisions"}],"wp:featuredmedia":[{"embeddable":true,"href":"https:\/\/jornalfatosenoticias.com.br\/index.php\/wp-json\/wp\/v2\/media\/62692"}],"wp:attachment":[{"href":"https:\/\/jornalfatosenoticias.com.br\/index.php\/wp-json\/wp\/v2\/media?parent=62691"}],"wp:term":[{"taxonomy":"category","embeddable":true,"href":"https:\/\/jornalfatosenoticias.com.br\/index.php\/wp-json\/wp\/v2\/categories?post=62691"},{"taxonomy":"post_tag","embeddable":true,"href":"https:\/\/jornalfatosenoticias.com.br\/index.php\/wp-json\/wp\/v2\/tags?post=62691"}],"curies":[{"name":"wp","href":"https:\/\/api.w.org\/{rel}","templated":true}]}}