{"id":62701,"date":"2025-10-22T11:00:31","date_gmt":"2025-10-22T14:00:31","guid":{"rendered":"https:\/\/jornalfatosenoticias.com.br\/?p=62701"},"modified":"2025-10-22T11:00:33","modified_gmt":"2025-10-22T14:00:33","slug":"direita-articula-derrotas-ao-governo-em-meio-a-crise-e-ataques-de-lula-contra-o-centrao","status":"publish","type":"post","link":"https:\/\/jornalfatosenoticias.com.br\/index.php\/2025\/10\/22\/direita-articula-derrotas-ao-governo-em-meio-a-crise-e-ataques-de-lula-contra-o-centrao\/","title":{"rendered":"Direita articula derrotas ao governo em meio \u00e0 crise e ataques de Lula contra o Centr\u00e3o"},"content":{"rendered":"\n<p><span class=\"has-inline-color has-black-color\">Por <strong><a href=\"https:\/\/www.gazetadopovo.com.br\/autor\/wesley-oliveira\/\">Wesley Oliveira<\/a><\/strong><\/span><\/p>\n\n\n\n<div class=\"wp-block-image\"><figure class=\"aligncenter size-large\"><a href=\"https:\/\/mizu.com.br\/\"><img loading=\"lazy\" decoding=\"async\" width=\"729\" height=\"90\" src=\"https:\/\/jornalfatosenoticias.com.br\/wp-content\/uploads\/2020\/02\/Logo_Mizu.png\" alt=\"\" class=\"wp-image-1441\" srcset=\"https:\/\/jornalfatosenoticias.com.br\/wp-content\/uploads\/2020\/02\/Logo_Mizu.png 729w, https:\/\/jornalfatosenoticias.com.br\/wp-content\/uploads\/2020\/02\/Logo_Mizu-300x37.png 300w\" sizes=\"auto, (max-width: 729px) 100vw, 729px\" \/><\/a><\/figure><\/div>\n\n\n\n<p>A bancada da oposi\u00e7\u00e3o, liderada pelo PL do ex-presidente Jair Bolsonaro, aproveita o clima de tens\u00e3o entre o Pal\u00e1cio do Planalto e o Centr\u00e3o para articular uma sequ\u00eancia de derrotas ao governo de Luiz In\u00e1cio Lula da Silva (PT), que enfrenta desgaste ap\u00f3s os recentes ataques do petista ao Congresso e a \u201cfaxina\u201d em cargos indicados por partidos aliados. O movimento mira temas sens\u00edveis para o petista, como o decreto que amplia a estrutura ligada \u00e0 Janja, a PEC da Seguran\u00e7a P\u00fablica e os vetos \u00e0 Lei Geral do Licenciamento Ambiental.<br>A principal articula\u00e7\u00e3o ocorre em torno do decreto assinado em agosto pelo Executivo, que ampliou o acesso da mulher de Lula aos servi\u00e7os do Gabinete Pessoal da Presid\u00eancia. O texto, firmado por Lula e pelos ministros Rui Costa (Casa Civil) e Esther Dweck (Gest\u00e3o), determina que o gabinete deve \u201capoiar o c\u00f4njuge do presidente da Rep\u00fablica no exerc\u00edcio de atividades de interesse p\u00fablico\u201d.<\/p>\n\n\n\n<div class=\"wp-block-image\"><figure class=\"aligncenter size-large is-resized\"><a href=\"https:\/\/www.facebook.com\/postobkr\/?locale=pt_BR\"><img loading=\"lazy\" decoding=\"async\" src=\"https:\/\/jornalfatosenoticias.com.br\/wp-content\/uploads\/2023\/08\/BKR-1024x1021.jpg\" alt=\"\" class=\"wp-image-44494\" width=\"304\" height=\"303\" srcset=\"https:\/\/jornalfatosenoticias.com.br\/wp-content\/uploads\/2023\/08\/BKR-1024x1021.jpg 1024w, https:\/\/jornalfatosenoticias.com.br\/wp-content\/uploads\/2023\/08\/BKR-300x300.jpg 300w, https:\/\/jornalfatosenoticias.com.br\/wp-content\/uploads\/2023\/08\/BKR-150x150.jpg 150w, https:\/\/jornalfatosenoticias.com.br\/wp-content\/uploads\/2023\/08\/BKR-768x766.jpg 768w, https:\/\/jornalfatosenoticias.com.br\/wp-content\/uploads\/2023\/08\/BKR.jpg 1080w\" sizes=\"auto, (max-width: 304px) 100vw, 304px\" \/><\/a><\/figure><\/div>\n\n\n\n<blockquote class=\"wp-block-quote is-layout-flow wp-block-quote-is-layout-flow\"><p><span class=\"has-inline-color has-luminous-vivid-orange-color\">A primeira-dama n\u00e3o concorreu a qualquer cargo e, muito menos, foi eleita ou autorizada pela Constitui\u00e7\u00e3o Federal ou por qualquer lei em sentido estrito a ter verba, funcion\u00e1rios p\u00fablicos \u00e0 sua disposi\u00e7\u00e3o e, o pior, representar o chefe do Executivo em atividades de car\u00e1ter cultural, social ou cerimonial\u201d, afirmou o l\u00edder do PL na C\u00e2mara, S\u00f3stenes Cavalcante.<\/span><\/p><\/blockquote>\n\n\n\n<div class=\"wp-block-image\"><figure class=\"aligncenter size-large is-resized\"><a href=\"https:\/\/www.facebook.com\/profile.php?id=100069289606145\"><img loading=\"lazy\" decoding=\"async\" src=\"https:\/\/jornalfatosenoticias.com.br\/wp-content\/uploads\/2024\/11\/Guaitolini-Contabilidade-1024x714.jpeg\" alt=\"\" class=\"wp-image-55808\" width=\"341\" height=\"238\" srcset=\"https:\/\/jornalfatosenoticias.com.br\/wp-content\/uploads\/2024\/11\/Guaitolini-Contabilidade-1024x714.jpeg 1024w, https:\/\/jornalfatosenoticias.com.br\/wp-content\/uploads\/2024\/11\/Guaitolini-Contabilidade-300x209.jpeg 300w, https:\/\/jornalfatosenoticias.com.br\/wp-content\/uploads\/2024\/11\/Guaitolini-Contabilidade-768x535.jpeg 768w, https:\/\/jornalfatosenoticias.com.br\/wp-content\/uploads\/2024\/11\/Guaitolini-Contabilidade.jpeg 1280w\" sizes=\"auto, (max-width: 341px) 100vw, 341px\" \/><\/a><\/figure><\/div>\n\n\n\n<p>Nesta semana<a href=\"https:\/\/www.gazetadopovo.com.br\/republica\/oposicao-propoe-derrubar-decreto-de-lula-que-aumenta-poder-de-janja\/\" target=\"_blank\" rel=\"noreferrer noopener\">, integrantes da oposi\u00e7\u00e3o apresentaram ao menos 12 Projetos de Decreto Legislativo (PDLs)<\/a> para sustar o ato presidencial. Para o l\u00edder da bancada, Luciano Zucco (PL-RS), o decreto \u201cinstitucionaliza uma estrutura p\u00fablica de apoio \u00e0 primeira-dama, conferindo-lhe status administrativo sem amparo legal\u201d.<\/p>\n\n\n\n<div class=\"wp-block-image\"><figure class=\"aligncenter size-large\"><a href=\"http:\/\/www.ferrarimaquinas.com.br\/\"><img loading=\"lazy\" decoding=\"async\" width=\"300\" height=\"250\" src=\"https:\/\/jornalfatosenoticias.com.br\/wp-content\/uploads\/2022\/02\/FERRARI_MAQUINAS-E-FERRAMENTAS2.jpg\" alt=\"\" class=\"wp-image-27860\"\/><\/a><\/figure><\/div>\n\n\n\n<p><strong><span class=\"has-inline-color has-black-color\">Oposi\u00e7\u00e3o quer aproveitar crise do Centr\u00e3o com o governo ap\u00f3s ataques de Lula ao Congresso<br><\/span><\/strong>Parlamentares do PL avaliam que o momento \u00e9 de \u201cdesgaste\u201d para Lula junto ao Centr\u00e3o, e por isso acreditam ter uma \u201cjanela de oportunidade\u201d para barrar projetos de interesse do Executivo. A crise pol\u00edtica se agravou depois que o Planalto promoveu uma \u201cfaxina\u201d em aproximadamente 100 cargos federais ligados a PP, Uni\u00e3o Brasil, PSD, MDB e Republicanos, em resposta \u00e0 derrota na vota\u00e7\u00e3o da Medida Provis\u00f3ria 1303, que tratava da tributa\u00e7\u00e3o de fundos de investimento.<\/p>\n\n\n\n<div class=\"wp-block-image\"><figure class=\"aligncenter size-large is-resized\"><a href=\"https:\/\/www.controlsystems.com.br\/\"><img loading=\"lazy\" decoding=\"async\" src=\"https:\/\/jornalfatosenoticias.com.br\/wp-content\/uploads\/2020\/02\/CONTROL-CS.jpg\" alt=\"\" class=\"wp-image-44991\" width=\"319\" height=\"382\" srcset=\"https:\/\/jornalfatosenoticias.com.br\/wp-content\/uploads\/2020\/02\/CONTROL-CS.jpg 834w, https:\/\/jornalfatosenoticias.com.br\/wp-content\/uploads\/2020\/02\/CONTROL-CS-250x300.jpg 250w, https:\/\/jornalfatosenoticias.com.br\/wp-content\/uploads\/2020\/02\/CONTROL-CS-768x921.jpg 768w\" sizes=\"auto, (max-width: 319px) 100vw, 319px\" \/><\/a><\/figure><\/div>\n\n\n\n<p>O embate se intensificou ap\u00f3s Lula afirmar, no \u00faltimo dia 15, que o Congresso Nacional \u201cnunca teve t\u00e3o baixo n\u00edvel\u201d quanto o atual. O coment\u00e1rio foi feito diante do presidente da C\u00e2mara, Hugo Motta (Republicanos-PB), durante visita ao Rio de Janeiro.<\/p>\n\n\n\n<blockquote class=\"wp-block-quote is-layout-flow wp-block-quote-is-layout-flow\"><p><span class=\"has-inline-color has-luminous-vivid-orange-color\">O Hugo \u00e9 presidente desse Congresso, ele sabe que esse Congresso nunca teve a qualidade de baixo n\u00edvel como tem agora. Aquela extrema-direita que se elegeu na elei\u00e7\u00e3o passada \u00e9 o que existe de pior\u201d, disse Lula, em tom de ironia.<\/span><\/p><\/blockquote>\n\n\n\n<div class=\"wp-block-image\"><figure class=\"aligncenter size-large is-resized\"><a href=\"https:\/\/www.instagram.com\/gruposei\/\"><img loading=\"lazy\" decoding=\"async\" src=\"https:\/\/jornalfatosenoticias.com.br\/wp-content\/uploads\/2022\/07\/Logo-Grupo-SEI.jpg\" alt=\"\" class=\"wp-image-31973\" width=\"377\" height=\"198\" srcset=\"https:\/\/jornalfatosenoticias.com.br\/wp-content\/uploads\/2022\/07\/Logo-Grupo-SEI.jpg 713w, https:\/\/jornalfatosenoticias.com.br\/wp-content\/uploads\/2022\/07\/Logo-Grupo-SEI-300x158.jpg 300w\" sizes=\"auto, (max-width: 377px) 100vw, 377px\" \/><\/a><\/figure><\/div>\n\n\n\n<p>A declara\u00e7\u00e3o gerou mal-estar imediato entre deputados e senadores, inclusive entre aliados do Centr\u00e3o que ainda mantinham di\u00e1logo com o governo. Parlamentares afirmam que Motta deveria ter reagido publicamente \u00e0 cr\u00edtica, interpretada como um ataque institucional ao Legislativo. Em entrevista \u00e0 <em>GloboNews<\/em>,\u00a0<a href=\"https:\/\/www.gazetadopovo.com.br\/republica\/apos-climao-motta-rebate-critica-de-lula-ao-congresso\/\" target=\"_blank\" rel=\"noreferrer noopener\">o presidente da C\u00e2mara minimizou o epis\u00f3dio<\/a> e disse acreditar que o petista se referiu apenas \u00e0 &#8220;extrema-direita&#8221;.<\/p>\n\n\n\n<div class=\"wp-block-image\"><figure class=\"aligncenter size-large\"><a href=\"https:\/\/www.cesconetto.com.br\/\"><img loading=\"lazy\" decoding=\"async\" width=\"300\" height=\"250\" src=\"https:\/\/jornalfatosenoticias.com.br\/wp-content\/uploads\/2022\/02\/Banner-2.png\" alt=\"\" class=\"wp-image-27877\"\/><\/a><\/figure><\/div>\n\n\n\n<blockquote class=\"wp-block-quote is-layout-flow wp-block-quote-is-layout-flow\"><p><span class=\"has-inline-color has-luminous-vivid-orange-color\">Quando o presidente se dirigiu ao Congresso, penso que ele quis fazer uma cr\u00edtica \u00e0 extrema-direita. Se o presidente tiver falado sobre o Congresso \u2014 que eu acredito que ele n\u00e3o falou \u2014 quero dizer que discordo plenamente, porque foi esse Congresso que aprovou quase tudo o que o governo enviou, claro, com modifica\u00e7\u00f5es\u201d, afirmou Motta.<\/span><\/p><\/blockquote>\n\n\n\n<div class=\"wp-block-image\"><figure class=\"aligncenter size-large is-resized\"><a href=\"https:\/\/panper.com.br\/\"><img loading=\"lazy\" decoding=\"async\" src=\"https:\/\/jornalfatosenoticias.com.br\/wp-content\/uploads\/2023\/03\/logo-Panper_portal.jpg\" alt=\"\" class=\"wp-image-40208\" width=\"332\" height=\"230\" srcset=\"https:\/\/jornalfatosenoticias.com.br\/wp-content\/uploads\/2023\/03\/logo-Panper_portal.jpg 400w, https:\/\/jornalfatosenoticias.com.br\/wp-content\/uploads\/2023\/03\/logo-Panper_portal-300x208.jpg 300w\" sizes=\"auto, (max-width: 332px) 100vw, 332px\" \/><\/a><\/figure><\/div>\n\n\n\n<p><strong><span class=\"has-inline-color has-black-color\">PEC da Seguran\u00e7a pode ser esvaziada e vetos ao licenciamento ambiental ampliam press\u00e3o sobre o governo<br><\/span><\/strong>Al\u00e9m da crise pol\u00edtica provocada pelas declara\u00e7\u00f5es de Lula e pela \u201cfaxina\u201d em cargos do Centr\u00e3o, o governo enfrenta duas frentes simult\u00e2neas de press\u00e3o no Congresso: o risco de esvaziamento da PEC da Seguran\u00e7a P\u00fablica e a tentativa de derrubada dos vetos \u00e0 Lei Geral do Licenciamento Ambiental. Ambos os temas mobilizam amplas bancadas e amea\u00e7am impor novas derrotas ao Planalto.<\/p>\n\n\n\n<div class=\"wp-block-image\"><figure class=\"aligncenter size-large is-resized\"><a href=\"https:\/\/www.instagram.com\/serra4x4cambioautomatico\/\"><img loading=\"lazy\" decoding=\"async\" src=\"https:\/\/jornalfatosenoticias.com.br\/wp-content\/uploads\/2024\/08\/Serra-4x4-1-886x1024.jpg\" alt=\"\" class=\"wp-image-53632\" width=\"275\" height=\"318\" srcset=\"https:\/\/jornalfatosenoticias.com.br\/wp-content\/uploads\/2024\/08\/Serra-4x4-1-886x1024.jpg 886w, https:\/\/jornalfatosenoticias.com.br\/wp-content\/uploads\/2024\/08\/Serra-4x4-1-260x300.jpg 260w, https:\/\/jornalfatosenoticias.com.br\/wp-content\/uploads\/2024\/08\/Serra-4x4-1-768x888.jpg 768w, https:\/\/jornalfatosenoticias.com.br\/wp-content\/uploads\/2024\/08\/Serra-4x4-1.jpg 1181w\" sizes=\"auto, (max-width: 275px) 100vw, 275px\" \/><\/a><\/figure><\/div>\n\n\n\n<p>A PEC da Seguran\u00e7a, proposta apresentada pelo governo, inclui na Constitui\u00e7\u00e3o o Fundo Nacional de Seguran\u00e7a P\u00fablica (FNSP) e o Fundo Penitenci\u00e1rio Nacional, mas \u00e9 criticada por governadores, secret\u00e1rios estaduais e parlamentares da oposi\u00e7\u00e3o, que acusam o Planalto de tentar centralizar recursos e decis\u00f5es sobre pol\u00edticas de seguran\u00e7a. O secret\u00e1rio de Seguran\u00e7a P\u00fablica de S\u00e3o Paulo, Guilherme Derrite, afirmou que a proposta \u201cengessa\u201d o acesso de estados e munic\u00edpios aos fundos nacionais e fere o princ\u00edpio federativo.<\/p>\n\n\n\n<div class=\"wp-block-image\"><figure class=\"aligncenter size-large is-resized\"><a href=\"https:\/\/www.instagram.com\/esteio.churrascaria\/\"><img loading=\"lazy\" decoding=\"async\" src=\"https:\/\/jornalfatosenoticias.com.br\/wp-content\/uploads\/2022\/02\/LOGO-ESTEIO-1024x730.png\" alt=\"\" class=\"wp-image-27942\" width=\"351\" height=\"250\" srcset=\"https:\/\/jornalfatosenoticias.com.br\/wp-content\/uploads\/2022\/02\/LOGO-ESTEIO-1024x730.png 1024w, https:\/\/jornalfatosenoticias.com.br\/wp-content\/uploads\/2022\/02\/LOGO-ESTEIO-300x214.png 300w, https:\/\/jornalfatosenoticias.com.br\/wp-content\/uploads\/2022\/02\/LOGO-ESTEIO-768x548.png 768w, https:\/\/jornalfatosenoticias.com.br\/wp-content\/uploads\/2022\/02\/LOGO-ESTEIO.png 1123w\" sizes=\"auto, (max-width: 351px) 100vw, 351px\" \/><\/a><\/figure><\/div>\n\n\n\n<blockquote class=\"wp-block-quote is-layout-flow wp-block-quote-is-layout-flow\"><p><span class=\"has-inline-color has-luminous-vivid-orange-color\">O governo n\u00e3o pode centralizar tudo, ditando diretrizes baseadas em um conselho nomeado pelo pr\u00f3prio governo. Hoje, o financiamento da seguran\u00e7a recai sobre os estados, que arcam com cerca de 80% dos custos. O fundo nacional traz valores irris\u00f3rios\u201d, disse Derrite, deputado federal licenciado e cotado para disputar o Senado em 2026 com apoio do ex-presidente Jair Bolsonaro.<\/span><\/p><\/blockquote>\n\n\n\n<div class=\"wp-block-image\"><figure class=\"aligncenter size-large is-resized\"><a href=\"https:\/\/legisjuris.com.br\/\"><img loading=\"lazy\" decoding=\"async\" src=\"https:\/\/jornalfatosenoticias.com.br\/wp-content\/uploads\/2024\/09\/Legis-Juris-Consultoria_logo.jpg\" alt=\"\" class=\"wp-image-53915\" width=\"494\" height=\"207\" srcset=\"https:\/\/jornalfatosenoticias.com.br\/wp-content\/uploads\/2024\/09\/Legis-Juris-Consultoria_logo.jpg 969w, https:\/\/jornalfatosenoticias.com.br\/wp-content\/uploads\/2024\/09\/Legis-Juris-Consultoria_logo-300x126.jpg 300w, https:\/\/jornalfatosenoticias.com.br\/wp-content\/uploads\/2024\/09\/Legis-Juris-Consultoria_logo-768x322.jpg 768w\" sizes=\"auto, (max-width: 494px) 100vw, 494px\" \/><\/a><\/figure><\/div>\n\n\n\n<p>O relator da PEC, Mendon\u00e7a Filho (Uni\u00e3o-PE), alterou o texto na Comiss\u00e3o de Constitui\u00e7\u00e3o e Justi\u00e7a (CCJ), mas ainda enfrenta resist\u00eancia dentro da pr\u00f3pria comiss\u00e3o e entre l\u00edderes do Centr\u00e3o. A inten\u00e7\u00e3o \u00e9 levar o texto ao plen\u00e1rio na primeira semana de novembro, mas deputados admitem que o governo corre o risco de ver a proposta desidratada \u2014 ou at\u00e9 rejeitada \u2014 caso n\u00e3o consiga recompor sua base.<\/p>\n\n\n\n<div class=\"wp-block-image\"><figure class=\"aligncenter size-large is-resized\"><a href=\"https:\/\/www.instagram.com\/rcradiadores\/\"><img loading=\"lazy\" decoding=\"async\" src=\"https:\/\/jornalfatosenoticias.com.br\/wp-content\/uploads\/2022\/10\/RC_800x750_page-0001.jpg\" alt=\"\" class=\"wp-image-35338\" width=\"293\" height=\"275\" srcset=\"https:\/\/jornalfatosenoticias.com.br\/wp-content\/uploads\/2022\/10\/RC_800x750_page-0001.jpg 400w, https:\/\/jornalfatosenoticias.com.br\/wp-content\/uploads\/2022\/10\/RC_800x750_page-0001-300x281.jpg 300w\" sizes=\"auto, (max-width: 293px) 100vw, 293px\" \/><\/a><\/figure><\/div>\n\n\n\n<p>Paralelamente, o Planalto tenta conter uma nova crise em torno dos vetos presidenciais \u00e0 Lei do Licenciamento Ambiental, <a href=\"https:\/\/www.gazetadopovo.com.br\/republica\/congresso-cancela-analise-vetos-lula-pedido-governo\/\" target=\"_blank\" rel=\"noreferrer noopener\">cuja sess\u00e3o de an\u00e1lise no Congresso foi adiada por decis\u00e3o do presidente do Senado, Davi Alcolumbre (Uni\u00e3o-AP)<\/a>, a pedido do governo. A medida foi vista como uma manobra para evitar uma derrota certa, j\u00e1 que h\u00e1 maioria consolidada para derrubar parte dos 63 vetos feitos \u00e0 lei, sobretudo os que flexibilizam regras e ampliam compet\u00eancias de estados e munic\u00edpios.<\/p>\n\n\n\n<div class=\"wp-block-image\"><figure class=\"aligncenter size-large is-resized\"><a href=\"https:\/\/hotelmarquetti.com.br\/\"><img loading=\"lazy\" decoding=\"async\" src=\"https:\/\/jornalfatosenoticias.com.br\/wp-content\/uploads\/2020\/02\/LOGO-MQ-1024x680.jpg\" alt=\"\" class=\"wp-image-58299\" width=\"370\" height=\"246\" srcset=\"https:\/\/jornalfatosenoticias.com.br\/wp-content\/uploads\/2020\/02\/LOGO-MQ-1024x680.jpg 1024w, https:\/\/jornalfatosenoticias.com.br\/wp-content\/uploads\/2020\/02\/LOGO-MQ-300x199.jpg 300w, https:\/\/jornalfatosenoticias.com.br\/wp-content\/uploads\/2020\/02\/LOGO-MQ-768x510.jpg 768w, https:\/\/jornalfatosenoticias.com.br\/wp-content\/uploads\/2020\/02\/LOGO-MQ-1536x1020.jpg 1536w, https:\/\/jornalfatosenoticias.com.br\/wp-content\/uploads\/2020\/02\/LOGO-MQ-2048x1360.jpg 2048w\" sizes=\"auto, (max-width: 370px) 100vw, 370px\" \/><\/a><\/figure><\/div>\n\n\n\n<p>O governo teme que a derrubada dos vetos tenha repercuss\u00e3o negativa na COP 30, que ser\u00e1 realizada em Bel\u00e9m (PA), e tenta ganhar tempo para construir um acordo. \u201cFica o caminho mais pavimentado para o eventual acordo, e alguns temas que eu considero que s\u00e3o incompat\u00edveis, s\u00e3o antag\u00f4nicos para acordo, a\u00ed vamos \u00e0 aprecia\u00e7\u00e3o e vamos ao voto, e o governo vai sustentar a posi\u00e7\u00e3o de manuten\u00e7\u00e3o do veto\u201d, afirmou o senador Randolfe Rodrigues (PT-AP), l\u00edder do governo no Congresso, ap\u00f3s o adiamento da sess\u00e3o.<\/p>\n\n\n\n<div class=\"wp-block-image\"><figure class=\"aligncenter size-large is-resized\"><a href=\"https:\/\/www.instagram.com\/restaurantepegoretti\/\"><img loading=\"lazy\" decoding=\"async\" src=\"https:\/\/jornalfatosenoticias.com.br\/wp-content\/uploads\/2023\/12\/pegoretti-logo-pdf-1024x389.jpg\" alt=\"\" class=\"wp-image-47536\" width=\"464\" height=\"176\" srcset=\"https:\/\/jornalfatosenoticias.com.br\/wp-content\/uploads\/2023\/12\/pegoretti-logo-pdf-1024x389.jpg 1024w, https:\/\/jornalfatosenoticias.com.br\/wp-content\/uploads\/2023\/12\/pegoretti-logo-pdf-300x114.jpg 300w, https:\/\/jornalfatosenoticias.com.br\/wp-content\/uploads\/2023\/12\/pegoretti-logo-pdf-768x291.jpg 768w, https:\/\/jornalfatosenoticias.com.br\/wp-content\/uploads\/2023\/12\/pegoretti-logo-pdf.jpg 1120w\" sizes=\"auto, (max-width: 464px) 100vw, 464px\" \/><\/a><\/figure><\/div>\n\n\n\n<p>A <a href=\"https:\/\/www.gazetadopovo.com.br\/republica\/setor-produtivo-reage-a-adiamento-de-sessao-para-votacao-de-vetos-do-licenciamento-ambiental\/\" target=\"_blank\" rel=\"noreferrer noopener\">Coaliz\u00e3o das Frentes Produtivas<\/a>, formada por 12 frentes parlamentares \u2014 entre elas as da Agropecu\u00e1ria, do Livre Mercado, do Empreendedorismo e do Saneamento B\u00e1sico \u2014 criticou o adiamento e afirmou que o impasse \u201cfrustra os esfor\u00e7os de di\u00e1logo e posterga solu\u00e7\u00f5es para o desenvolvimento com responsabilidade ambiental\u201d.<\/p>\n\n\n\n<div class=\"wp-block-image\"><figure class=\"aligncenter size-large is-resized\"><a href=\"https:\/\/www.facebook.com\/vetor.vix\/\"><img loading=\"lazy\" decoding=\"async\" src=\"https:\/\/jornalfatosenoticias.com.br\/wp-content\/uploads\/2023\/09\/vetorvix1024_1.jpg\" alt=\"\" class=\"wp-image-44868\" width=\"535\" height=\"142\" srcset=\"https:\/\/jornalfatosenoticias.com.br\/wp-content\/uploads\/2023\/09\/vetorvix1024_1.jpg 1024w, https:\/\/jornalfatosenoticias.com.br\/wp-content\/uploads\/2023\/09\/vetorvix1024_1-300x80.jpg 300w, https:\/\/jornalfatosenoticias.com.br\/wp-content\/uploads\/2023\/09\/vetorvix1024_1-768x205.jpg 768w\" sizes=\"auto, (max-width: 535px) 100vw, 535px\" \/><\/a><\/figure><\/div>\n\n\n\n<p><strong>Fonte: <a href=\"https:\/\/www.gazetadopovo.com.br\/republica\/direita-articula-derrotas-ao-governo-em-meio-a-crise-e-ataques-de-lula-contra-o-centrao\/\">Gazeta do Povo<\/a><\/strong><\/p>\n","protected":false},"excerpt":{"rendered":"<p>Por Wesley Oliveira A bancada da oposi\u00e7\u00e3o, liderada pelo PL do ex-presidente Jair Bolsonaro, aproveita o clima de tens\u00e3o entre o Pal\u00e1cio do Planalto e o Centr\u00e3o para articular uma sequ\u00eancia de derrotas ao governo de Luiz In\u00e1cio Lula da Silva (PT), que enfrenta desgaste ap\u00f3s os recentes ataques do petista ao Congresso e a [&hellip;]<\/p>\n","protected":false},"author":2,"featured_media":62702,"comment_status":"open","ping_status":"open","sticky":false,"template":"","format":"standard","meta":{"footnotes":""},"categories":[10],"tags":[22742,20244,10224,26609,19435,25620,1795,18997,11517,7580,4101,26598],"class_list":["post-62701","post","type-post","status-publish","format-standard","has-post-thumbnail","hentry","category-politica","tag-capitao-derrite","tag-centrao","tag-congresso-nacional","tag-cop-30","tag-davi-alcolumbre","tag-hugo-motta","tag-jair-bolsonaro","tag-janja","tag-licenciamento-ambiental","tag-lula","tag-seguranca-publica","tag-sostenes-cavalcante"],"yoast_head":"<!-- This site is optimized with the Yoast SEO plugin v26.5 - https:\/\/yoast.com\/wordpress\/plugins\/seo\/ -->\n<title>Direita articula derrotas ao governo em meio \u00e0 crise e ataques de Lula contra o Centr\u00e3o - Jornal Fatos e Not\u00edcias<\/title>\n<meta name=\"robots\" content=\"index, follow, max-snippet:-1, max-image-preview:large, max-video-preview:-1\" \/>\n<link rel=\"canonical\" href=\"https:\/\/jornalfatosenoticias.com.br\/index.php\/2025\/10\/22\/direita-articula-derrotas-ao-governo-em-meio-a-crise-e-ataques-de-lula-contra-o-centrao\/\" \/>\n<meta property=\"og:locale\" content=\"pt_BR\" \/>\n<meta property=\"og:type\" content=\"article\" \/>\n<meta property=\"og:title\" content=\"Direita articula derrotas ao governo em meio \u00e0 crise e ataques de Lula contra o Centr\u00e3o - Jornal Fatos e Not\u00edcias\" \/>\n<meta property=\"og:description\" content=\"Por Wesley Oliveira A bancada da oposi\u00e7\u00e3o, liderada pelo PL do ex-presidente Jair Bolsonaro, aproveita o clima de tens\u00e3o entre o Pal\u00e1cio do Planalto e o Centr\u00e3o para articular uma sequ\u00eancia de derrotas ao governo de Luiz In\u00e1cio Lula da Silva (PT), que enfrenta desgaste ap\u00f3s os recentes ataques do petista ao Congresso e a [&hellip;]\" \/>\n<meta property=\"og:url\" content=\"https:\/\/jornalfatosenoticias.com.br\/index.php\/2025\/10\/22\/direita-articula-derrotas-ao-governo-em-meio-a-crise-e-ataques-de-lula-contra-o-centrao\/\" \/>\n<meta property=\"og:site_name\" content=\"Jornal Fatos e Not\u00edcias\" \/>\n<meta property=\"article:published_time\" content=\"2025-10-22T14:00:31+00:00\" \/>\n<meta property=\"article:modified_time\" content=\"2025-10-22T14:00:33+00:00\" \/>\n<meta property=\"og:image\" content=\"https:\/\/jornalfatosenoticias.com.br\/wp-content\/uploads\/2025\/10\/Direita-articula-derrotas-ao-governo-em-meio-a-crise-e-ataques-de-Lula-contra-o-Centrao.jpg\" \/>\n\t<meta property=\"og:image:width\" content=\"1000\" \/>\n\t<meta property=\"og:image:height\" content=\"632\" \/>\n\t<meta property=\"og:image:type\" content=\"image\/jpeg\" \/>\n<meta name=\"author\" content=\"Luzimara Fernandes\" \/>\n<meta name=\"twitter:card\" content=\"summary_large_image\" \/>\n<meta name=\"twitter:label1\" content=\"Escrito por\" \/>\n\t<meta name=\"twitter:data1\" content=\"Luzimara Fernandes\" \/>\n\t<meta name=\"twitter:label2\" content=\"Est. tempo de leitura\" \/>\n\t<meta name=\"twitter:data2\" content=\"6 minutos\" \/>\n<script type=\"application\/ld+json\" class=\"yoast-schema-graph\">{\"@context\":\"https:\/\/schema.org\",\"@graph\":[{\"@type\":\"Article\",\"@id\":\"https:\/\/jornalfatosenoticias.com.br\/index.php\/2025\/10\/22\/direita-articula-derrotas-ao-governo-em-meio-a-crise-e-ataques-de-lula-contra-o-centrao\/#article\",\"isPartOf\":{\"@id\":\"https:\/\/jornalfatosenoticias.com.br\/index.php\/2025\/10\/22\/direita-articula-derrotas-ao-governo-em-meio-a-crise-e-ataques-de-lula-contra-o-centrao\/\"},\"author\":{\"name\":\"Luzimara Fernandes\",\"@id\":\"https:\/\/jornalfatosenoticias.com.br\/#\/schema\/person\/d63837fa13ac8666eb9e74e0985d6f81\"},\"headline\":\"Direita articula derrotas ao governo em meio \u00e0 crise e ataques de Lula contra o Centr\u00e3o\",\"datePublished\":\"2025-10-22T14:00:31+00:00\",\"dateModified\":\"2025-10-22T14:00:33+00:00\",\"mainEntityOfPage\":{\"@id\":\"https:\/\/jornalfatosenoticias.com.br\/index.php\/2025\/10\/22\/direita-articula-derrotas-ao-governo-em-meio-a-crise-e-ataques-de-lula-contra-o-centrao\/\"},\"wordCount\":1145,\"commentCount\":0,\"publisher\":{\"@id\":\"https:\/\/jornalfatosenoticias.com.br\/#organization\"},\"image\":{\"@id\":\"https:\/\/jornalfatosenoticias.com.br\/index.php\/2025\/10\/22\/direita-articula-derrotas-ao-governo-em-meio-a-crise-e-ataques-de-lula-contra-o-centrao\/#primaryimage\"},\"thumbnailUrl\":\"https:\/\/jornalfatosenoticias.com.br\/wp-content\/uploads\/2025\/10\/Direita-articula-derrotas-ao-governo-em-meio-a-crise-e-ataques-de-Lula-contra-o-Centrao.jpg\",\"keywords\":[\"Capit\u00e3o Derrite\",\"Centr\u00e3o\",\"Congresso Nacional\",\"COP-30\",\"Davi Alcolumbre\",\"Hugo Motta\",\"Jair Bolsonaro\",\"Janja\",\"licenciamento ambiental\",\"Lula\",\"seguran\u00e7a p\u00fablica\",\"S\u00f3stenes Cavalcante\"],\"articleSection\":[\"Pol\u00edtica\"],\"inLanguage\":\"pt-BR\",\"potentialAction\":[{\"@type\":\"CommentAction\",\"name\":\"Comment\",\"target\":[\"https:\/\/jornalfatosenoticias.com.br\/index.php\/2025\/10\/22\/direita-articula-derrotas-ao-governo-em-meio-a-crise-e-ataques-de-lula-contra-o-centrao\/#respond\"]}]},{\"@type\":\"WebPage\",\"@id\":\"https:\/\/jornalfatosenoticias.com.br\/index.php\/2025\/10\/22\/direita-articula-derrotas-ao-governo-em-meio-a-crise-e-ataques-de-lula-contra-o-centrao\/\",\"url\":\"https:\/\/jornalfatosenoticias.com.br\/index.php\/2025\/10\/22\/direita-articula-derrotas-ao-governo-em-meio-a-crise-e-ataques-de-lula-contra-o-centrao\/\",\"name\":\"Direita articula derrotas ao governo em meio \u00e0 crise e ataques de Lula contra o Centr\u00e3o - Jornal Fatos e Not\u00edcias\",\"isPartOf\":{\"@id\":\"https:\/\/jornalfatosenoticias.com.br\/#website\"},\"primaryImageOfPage\":{\"@id\":\"https:\/\/jornalfatosenoticias.com.br\/index.php\/2025\/10\/22\/direita-articula-derrotas-ao-governo-em-meio-a-crise-e-ataques-de-lula-contra-o-centrao\/#primaryimage\"},\"image\":{\"@id\":\"https:\/\/jornalfatosenoticias.com.br\/index.php\/2025\/10\/22\/direita-articula-derrotas-ao-governo-em-meio-a-crise-e-ataques-de-lula-contra-o-centrao\/#primaryimage\"},\"thumbnailUrl\":\"https:\/\/jornalfatosenoticias.com.br\/wp-content\/uploads\/2025\/10\/Direita-articula-derrotas-ao-governo-em-meio-a-crise-e-ataques-de-Lula-contra-o-Centrao.jpg\",\"datePublished\":\"2025-10-22T14:00:31+00:00\",\"dateModified\":\"2025-10-22T14:00:33+00:00\",\"breadcrumb\":{\"@id\":\"https:\/\/jornalfatosenoticias.com.br\/index.php\/2025\/10\/22\/direita-articula-derrotas-ao-governo-em-meio-a-crise-e-ataques-de-lula-contra-o-centrao\/#breadcrumb\"},\"inLanguage\":\"pt-BR\",\"potentialAction\":[{\"@type\":\"ReadAction\",\"target\":[\"https:\/\/jornalfatosenoticias.com.br\/index.php\/2025\/10\/22\/direita-articula-derrotas-ao-governo-em-meio-a-crise-e-ataques-de-lula-contra-o-centrao\/\"]}]},{\"@type\":\"ImageObject\",\"inLanguage\":\"pt-BR\",\"@id\":\"https:\/\/jornalfatosenoticias.com.br\/index.php\/2025\/10\/22\/direita-articula-derrotas-ao-governo-em-meio-a-crise-e-ataques-de-lula-contra-o-centrao\/#primaryimage\",\"url\":\"https:\/\/jornalfatosenoticias.com.br\/wp-content\/uploads\/2025\/10\/Direita-articula-derrotas-ao-governo-em-meio-a-crise-e-ataques-de-Lula-contra-o-Centrao.jpg\",\"contentUrl\":\"https:\/\/jornalfatosenoticias.com.br\/wp-content\/uploads\/2025\/10\/Direita-articula-derrotas-ao-governo-em-meio-a-crise-e-ataques-de-Lula-contra-o-Centrao.jpg\",\"width\":1000,\"height\":632},{\"@type\":\"BreadcrumbList\",\"@id\":\"https:\/\/jornalfatosenoticias.com.br\/index.php\/2025\/10\/22\/direita-articula-derrotas-ao-governo-em-meio-a-crise-e-ataques-de-lula-contra-o-centrao\/#breadcrumb\",\"itemListElement\":[{\"@type\":\"ListItem\",\"position\":1,\"name\":\"In\u00edcio\",\"item\":\"https:\/\/jornalfatosenoticias.com.br\/\"},{\"@type\":\"ListItem\",\"position\":2,\"name\":\"Direita articula derrotas ao governo em meio \u00e0 crise e ataques de Lula contra o Centr\u00e3o\"}]},{\"@type\":\"WebSite\",\"@id\":\"https:\/\/jornalfatosenoticias.com.br\/#website\",\"url\":\"https:\/\/jornalfatosenoticias.com.br\/\",\"name\":\"Jornal Fatos e Not\u00edcias\",\"description\":\"Not\u00edcias em geral\",\"publisher\":{\"@id\":\"https:\/\/jornalfatosenoticias.com.br\/#organization\"},\"potentialAction\":[{\"@type\":\"SearchAction\",\"target\":{\"@type\":\"EntryPoint\",\"urlTemplate\":\"https:\/\/jornalfatosenoticias.com.br\/?s={search_term_string}\"},\"query-input\":{\"@type\":\"PropertyValueSpecification\",\"valueRequired\":true,\"valueName\":\"search_term_string\"}}],\"inLanguage\":\"pt-BR\"},{\"@type\":\"Organization\",\"@id\":\"https:\/\/jornalfatosenoticias.com.br\/#organization\",\"name\":\"Jornal Fatos e Not\u00edcias\",\"url\":\"https:\/\/jornalfatosenoticias.com.br\/\",\"logo\":{\"@type\":\"ImageObject\",\"inLanguage\":\"pt-BR\",\"@id\":\"https:\/\/jornalfatosenoticias.com.br\/#\/schema\/logo\/image\/\",\"url\":\"https:\/\/jornalfatosenoticias.com.br\/wp-content\/uploads\/2020\/02\/logo120.png\",\"contentUrl\":\"https:\/\/jornalfatosenoticias.com.br\/wp-content\/uploads\/2020\/02\/logo120.png\",\"width\":1227,\"height\":120,\"caption\":\"Jornal Fatos e Not\u00edcias\"},\"image\":{\"@id\":\"https:\/\/jornalfatosenoticias.com.br\/#\/schema\/logo\/image\/\"}},{\"@type\":\"Person\",\"@id\":\"https:\/\/jornalfatosenoticias.com.br\/#\/schema\/person\/d63837fa13ac8666eb9e74e0985d6f81\",\"name\":\"Luzimara Fernandes\",\"image\":{\"@type\":\"ImageObject\",\"inLanguage\":\"pt-BR\",\"@id\":\"https:\/\/jornalfatosenoticias.com.br\/#\/schema\/person\/image\/\",\"url\":\"https:\/\/jornalfatosenoticias.com.br\/wp-content\/uploads\/2025\/05\/EU_portal.jpg\",\"contentUrl\":\"https:\/\/jornalfatosenoticias.com.br\/wp-content\/uploads\/2025\/05\/EU_portal.jpg\",\"caption\":\"Luzimara Fernandes\"},\"description\":\"Jornalista MTB 2358-ES\",\"sameAs\":[\"https:\/\/jornalfatosenoticias.com.br\"],\"url\":\"https:\/\/jornalfatosenoticias.com.br\/index.php\/author\/luzimara\/\"}]}<\/script>\n<!-- \/ Yoast SEO plugin. -->","yoast_head_json":{"title":"Direita articula derrotas ao governo em meio \u00e0 crise e ataques de Lula contra o Centr\u00e3o - Jornal Fatos e Not\u00edcias","robots":{"index":"index","follow":"follow","max-snippet":"max-snippet:-1","max-image-preview":"max-image-preview:large","max-video-preview":"max-video-preview:-1"},"canonical":"https:\/\/jornalfatosenoticias.com.br\/index.php\/2025\/10\/22\/direita-articula-derrotas-ao-governo-em-meio-a-crise-e-ataques-de-lula-contra-o-centrao\/","og_locale":"pt_BR","og_type":"article","og_title":"Direita articula derrotas ao governo em meio \u00e0 crise e ataques de Lula contra o Centr\u00e3o - Jornal Fatos e Not\u00edcias","og_description":"Por Wesley Oliveira A bancada da oposi\u00e7\u00e3o, liderada pelo PL do ex-presidente Jair Bolsonaro, aproveita o clima de tens\u00e3o entre o Pal\u00e1cio do Planalto e o Centr\u00e3o para articular uma sequ\u00eancia de derrotas ao governo de Luiz In\u00e1cio Lula da Silva (PT), que enfrenta desgaste ap\u00f3s os recentes ataques do petista ao Congresso e a [&hellip;]","og_url":"https:\/\/jornalfatosenoticias.com.br\/index.php\/2025\/10\/22\/direita-articula-derrotas-ao-governo-em-meio-a-crise-e-ataques-de-lula-contra-o-centrao\/","og_site_name":"Jornal Fatos e Not\u00edcias","article_published_time":"2025-10-22T14:00:31+00:00","article_modified_time":"2025-10-22T14:00:33+00:00","og_image":[{"width":1000,"height":632,"url":"https:\/\/jornalfatosenoticias.com.br\/wp-content\/uploads\/2025\/10\/Direita-articula-derrotas-ao-governo-em-meio-a-crise-e-ataques-de-Lula-contra-o-Centrao.jpg","type":"image\/jpeg"}],"author":"Luzimara Fernandes","twitter_card":"summary_large_image","twitter_misc":{"Escrito por":"Luzimara Fernandes","Est. tempo de leitura":"6 minutos"},"schema":{"@context":"https:\/\/schema.org","@graph":[{"@type":"Article","@id":"https:\/\/jornalfatosenoticias.com.br\/index.php\/2025\/10\/22\/direita-articula-derrotas-ao-governo-em-meio-a-crise-e-ataques-de-lula-contra-o-centrao\/#article","isPartOf":{"@id":"https:\/\/jornalfatosenoticias.com.br\/index.php\/2025\/10\/22\/direita-articula-derrotas-ao-governo-em-meio-a-crise-e-ataques-de-lula-contra-o-centrao\/"},"author":{"name":"Luzimara Fernandes","@id":"https:\/\/jornalfatosenoticias.com.br\/#\/schema\/person\/d63837fa13ac8666eb9e74e0985d6f81"},"headline":"Direita articula derrotas ao governo em meio \u00e0 crise e ataques de Lula contra o Centr\u00e3o","datePublished":"2025-10-22T14:00:31+00:00","dateModified":"2025-10-22T14:00:33+00:00","mainEntityOfPage":{"@id":"https:\/\/jornalfatosenoticias.com.br\/index.php\/2025\/10\/22\/direita-articula-derrotas-ao-governo-em-meio-a-crise-e-ataques-de-lula-contra-o-centrao\/"},"wordCount":1145,"commentCount":0,"publisher":{"@id":"https:\/\/jornalfatosenoticias.com.br\/#organization"},"image":{"@id":"https:\/\/jornalfatosenoticias.com.br\/index.php\/2025\/10\/22\/direita-articula-derrotas-ao-governo-em-meio-a-crise-e-ataques-de-lula-contra-o-centrao\/#primaryimage"},"thumbnailUrl":"https:\/\/jornalfatosenoticias.com.br\/wp-content\/uploads\/2025\/10\/Direita-articula-derrotas-ao-governo-em-meio-a-crise-e-ataques-de-Lula-contra-o-Centrao.jpg","keywords":["Capit\u00e3o Derrite","Centr\u00e3o","Congresso Nacional","COP-30","Davi Alcolumbre","Hugo Motta","Jair Bolsonaro","Janja","licenciamento ambiental","Lula","seguran\u00e7a p\u00fablica","S\u00f3stenes Cavalcante"],"articleSection":["Pol\u00edtica"],"inLanguage":"pt-BR","potentialAction":[{"@type":"CommentAction","name":"Comment","target":["https:\/\/jornalfatosenoticias.com.br\/index.php\/2025\/10\/22\/direita-articula-derrotas-ao-governo-em-meio-a-crise-e-ataques-de-lula-contra-o-centrao\/#respond"]}]},{"@type":"WebPage","@id":"https:\/\/jornalfatosenoticias.com.br\/index.php\/2025\/10\/22\/direita-articula-derrotas-ao-governo-em-meio-a-crise-e-ataques-de-lula-contra-o-centrao\/","url":"https:\/\/jornalfatosenoticias.com.br\/index.php\/2025\/10\/22\/direita-articula-derrotas-ao-governo-em-meio-a-crise-e-ataques-de-lula-contra-o-centrao\/","name":"Direita articula derrotas ao governo em meio \u00e0 crise e ataques de Lula contra o Centr\u00e3o - Jornal Fatos e Not\u00edcias","isPartOf":{"@id":"https:\/\/jornalfatosenoticias.com.br\/#website"},"primaryImageOfPage":{"@id":"https:\/\/jornalfatosenoticias.com.br\/index.php\/2025\/10\/22\/direita-articula-derrotas-ao-governo-em-meio-a-crise-e-ataques-de-lula-contra-o-centrao\/#primaryimage"},"image":{"@id":"https:\/\/jornalfatosenoticias.com.br\/index.php\/2025\/10\/22\/direita-articula-derrotas-ao-governo-em-meio-a-crise-e-ataques-de-lula-contra-o-centrao\/#primaryimage"},"thumbnailUrl":"https:\/\/jornalfatosenoticias.com.br\/wp-content\/uploads\/2025\/10\/Direita-articula-derrotas-ao-governo-em-meio-a-crise-e-ataques-de-Lula-contra-o-Centrao.jpg","datePublished":"2025-10-22T14:00:31+00:00","dateModified":"2025-10-22T14:00:33+00:00","breadcrumb":{"@id":"https:\/\/jornalfatosenoticias.com.br\/index.php\/2025\/10\/22\/direita-articula-derrotas-ao-governo-em-meio-a-crise-e-ataques-de-lula-contra-o-centrao\/#breadcrumb"},"inLanguage":"pt-BR","potentialAction":[{"@type":"ReadAction","target":["https:\/\/jornalfatosenoticias.com.br\/index.php\/2025\/10\/22\/direita-articula-derrotas-ao-governo-em-meio-a-crise-e-ataques-de-lula-contra-o-centrao\/"]}]},{"@type":"ImageObject","inLanguage":"pt-BR","@id":"https:\/\/jornalfatosenoticias.com.br\/index.php\/2025\/10\/22\/direita-articula-derrotas-ao-governo-em-meio-a-crise-e-ataques-de-lula-contra-o-centrao\/#primaryimage","url":"https:\/\/jornalfatosenoticias.com.br\/wp-content\/uploads\/2025\/10\/Direita-articula-derrotas-ao-governo-em-meio-a-crise-e-ataques-de-Lula-contra-o-Centrao.jpg","contentUrl":"https:\/\/jornalfatosenoticias.com.br\/wp-content\/uploads\/2025\/10\/Direita-articula-derrotas-ao-governo-em-meio-a-crise-e-ataques-de-Lula-contra-o-Centrao.jpg","width":1000,"height":632},{"@type":"BreadcrumbList","@id":"https:\/\/jornalfatosenoticias.com.br\/index.php\/2025\/10\/22\/direita-articula-derrotas-ao-governo-em-meio-a-crise-e-ataques-de-lula-contra-o-centrao\/#breadcrumb","itemListElement":[{"@type":"ListItem","position":1,"name":"In\u00edcio","item":"https:\/\/jornalfatosenoticias.com.br\/"},{"@type":"ListItem","position":2,"name":"Direita articula derrotas ao governo em meio \u00e0 crise e ataques de Lula contra o Centr\u00e3o"}]},{"@type":"WebSite","@id":"https:\/\/jornalfatosenoticias.com.br\/#website","url":"https:\/\/jornalfatosenoticias.com.br\/","name":"Jornal Fatos e Not\u00edcias","description":"Not\u00edcias em geral","publisher":{"@id":"https:\/\/jornalfatosenoticias.com.br\/#organization"},"potentialAction":[{"@type":"SearchAction","target":{"@type":"EntryPoint","urlTemplate":"https:\/\/jornalfatosenoticias.com.br\/?s={search_term_string}"},"query-input":{"@type":"PropertyValueSpecification","valueRequired":true,"valueName":"search_term_string"}}],"inLanguage":"pt-BR"},{"@type":"Organization","@id":"https:\/\/jornalfatosenoticias.com.br\/#organization","name":"Jornal Fatos e Not\u00edcias","url":"https:\/\/jornalfatosenoticias.com.br\/","logo":{"@type":"ImageObject","inLanguage":"pt-BR","@id":"https:\/\/jornalfatosenoticias.com.br\/#\/schema\/logo\/image\/","url":"https:\/\/jornalfatosenoticias.com.br\/wp-content\/uploads\/2020\/02\/logo120.png","contentUrl":"https:\/\/jornalfatosenoticias.com.br\/wp-content\/uploads\/2020\/02\/logo120.png","width":1227,"height":120,"caption":"Jornal Fatos e Not\u00edcias"},"image":{"@id":"https:\/\/jornalfatosenoticias.com.br\/#\/schema\/logo\/image\/"}},{"@type":"Person","@id":"https:\/\/jornalfatosenoticias.com.br\/#\/schema\/person\/d63837fa13ac8666eb9e74e0985d6f81","name":"Luzimara Fernandes","image":{"@type":"ImageObject","inLanguage":"pt-BR","@id":"https:\/\/jornalfatosenoticias.com.br\/#\/schema\/person\/image\/","url":"https:\/\/jornalfatosenoticias.com.br\/wp-content\/uploads\/2025\/05\/EU_portal.jpg","contentUrl":"https:\/\/jornalfatosenoticias.com.br\/wp-content\/uploads\/2025\/05\/EU_portal.jpg","caption":"Luzimara Fernandes"},"description":"Jornalista MTB 2358-ES","sameAs":["https:\/\/jornalfatosenoticias.com.br"],"url":"https:\/\/jornalfatosenoticias.com.br\/index.php\/author\/luzimara\/"}]}},"cc_featured_image_caption":{"caption_text":"(Foto: Lula Marques\/Ag\u00eancia Brasil) ","source_text":"","source_url":""},"jetpack_featured_media_url":"https:\/\/jornalfatosenoticias.com.br\/wp-content\/uploads\/2025\/10\/Direita-articula-derrotas-ao-governo-em-meio-a-crise-e-ataques-de-Lula-contra-o-Centrao.jpg","_links":{"self":[{"href":"https:\/\/jornalfatosenoticias.com.br\/index.php\/wp-json\/wp\/v2\/posts\/62701","targetHints":{"allow":["GET"]}}],"collection":[{"href":"https:\/\/jornalfatosenoticias.com.br\/index.php\/wp-json\/wp\/v2\/posts"}],"about":[{"href":"https:\/\/jornalfatosenoticias.com.br\/index.php\/wp-json\/wp\/v2\/types\/post"}],"author":[{"embeddable":true,"href":"https:\/\/jornalfatosenoticias.com.br\/index.php\/wp-json\/wp\/v2\/users\/2"}],"replies":[{"embeddable":true,"href":"https:\/\/jornalfatosenoticias.com.br\/index.php\/wp-json\/wp\/v2\/comments?post=62701"}],"version-history":[{"count":0,"href":"https:\/\/jornalfatosenoticias.com.br\/index.php\/wp-json\/wp\/v2\/posts\/62701\/revisions"}],"wp:featuredmedia":[{"embeddable":true,"href":"https:\/\/jornalfatosenoticias.com.br\/index.php\/wp-json\/wp\/v2\/media\/62702"}],"wp:attachment":[{"href":"https:\/\/jornalfatosenoticias.com.br\/index.php\/wp-json\/wp\/v2\/media?parent=62701"}],"wp:term":[{"taxonomy":"category","embeddable":true,"href":"https:\/\/jornalfatosenoticias.com.br\/index.php\/wp-json\/wp\/v2\/categories?post=62701"},{"taxonomy":"post_tag","embeddable":true,"href":"https:\/\/jornalfatosenoticias.com.br\/index.php\/wp-json\/wp\/v2\/tags?post=62701"}],"curies":[{"name":"wp","href":"https:\/\/api.w.org\/{rel}","templated":true}]}}