{"id":62704,"date":"2025-10-22T11:27:12","date_gmt":"2025-10-22T14:27:12","guid":{"rendered":"https:\/\/jornalfatosenoticias.com.br\/?p=62704"},"modified":"2025-10-22T11:27:14","modified_gmt":"2025-10-22T14:27:14","slug":"transparencia-internacional-repudia-ataque-virulento-de-gilmar-mendes","status":"publish","type":"post","link":"https:\/\/jornalfatosenoticias.com.br\/index.php\/2025\/10\/22\/transparencia-internacional-repudia-ataque-virulento-de-gilmar-mendes\/","title":{"rendered":"Transpar\u00eancia Internacional repudia \u201cataque virulento\u201d de Gilmar Mendes"},"content":{"rendered":"\n<p><em><span class=\"has-inline-color has-black-color\">A organiza\u00e7\u00e3o Transpar\u00eancia Internacional criticou o que classificou como &#8220;ataques virulentos&#8221; do ministro<\/span><\/em><\/p>\n\n\n\n<p><span class=\"has-inline-color has-black-color\">Por <strong><a href=\"https:\/\/www.gazetadopovo.com.br\/autor\/vinicius-macia\/\">Vinicius Macia<\/a><\/strong><\/span><\/p>\n\n\n\n<div class=\"wp-block-image\"><figure class=\"aligncenter size-large\"><a href=\"https:\/\/mizu.com.br\/\"><img loading=\"lazy\" decoding=\"async\" width=\"729\" height=\"90\" src=\"https:\/\/jornalfatosenoticias.com.br\/wp-content\/uploads\/2020\/02\/Logo_Mizu.png\" alt=\"\" class=\"wp-image-1441\" srcset=\"https:\/\/jornalfatosenoticias.com.br\/wp-content\/uploads\/2020\/02\/Logo_Mizu.png 729w, https:\/\/jornalfatosenoticias.com.br\/wp-content\/uploads\/2020\/02\/Logo_Mizu-300x37.png 300w\" sizes=\"auto, (max-width: 729px) 100vw, 729px\" \/><\/a><\/figure><\/div>\n\n\n\n<p>A organiza\u00e7\u00e3o <strong>Transpar\u00eancia Internacional<\/strong>\u00a0emitiu\u00a0<a href=\"https:\/\/transparenciainternacional.org.br\/posts\/transparencia-internacional-enfrenta-novos-ataques-no-brasil\/\" target=\"_blank\" rel=\"noreferrer noopener\">nota<\/a>, na \u00faltima ter\u00e7a-feira (21), repudiando o que considerou como \u201cataque virulento\u201d do ministro do Supremo Tribunal Federal Gilmar Mendes. Durante a sess\u00e3o da \u00faltima quarta-feira (15), Gilmar chamou a organiza\u00e7\u00e3o de \u201cverdadeira c\u00famplice da for\u00e7a-tarefa da Lava Jato nos abusos perpetrados no modelo da Justi\u00e7a criminal brasileira\u201d.<br>Em resposta, a organiza\u00e7\u00e3o diz que \u201ctodas as alega\u00e7\u00f5es de que a Transpar\u00eancia Internacional receberia ou gerenciaria recursos provenientes de acordos de leni\u00eancia no Brasil <a href=\"https:\/\/transparenciainternacional.org.br\/posts\/parecer-tecnico-do-tcu-desmonta-fake-news-de-que-transparencia-internacional-receberia-recurso-de-acordo-de-leniencia\/\" target=\"_blank\" rel=\"noreferrer noopener\">j\u00e1 foram categoricamente e repetidamente refutadas<\/a>\u00a0\u2014 n\u00e3o apenas pela Transpar\u00eancia Internacional em comunicados p\u00fablicos, mas tamb\u00e9m oficialmente por autoridades brasileiras, incluindo membros do Minist\u00e9rio P\u00fablico Federal, a\u00a0<a href=\"https:\/\/transparenciainternacional.org.br\/posts\/pgr-promove-o-arquivamento-de-investigacao-baseada-em-falsas-alegacoes-contra-a-transparencia-internacional\/\" target=\"_blank\" rel=\"noreferrer noopener\">Procuradoria-Geral da Rep\u00fablica<\/a> e, mais recentemente, o Tribunal de Contas da Uni\u00e3o\u201d.<\/p>\n\n\n\n<div class=\"wp-block-image\"><figure class=\"aligncenter size-large\"><a href=\"http:\/\/www.ferrarimaquinas.com.br\/\"><img loading=\"lazy\" decoding=\"async\" width=\"300\" height=\"250\" src=\"https:\/\/jornalfatosenoticias.com.br\/wp-content\/uploads\/2022\/02\/FERRARI_MAQUINAS-E-FERRAMENTAS2.jpg\" alt=\"\" class=\"wp-image-27860\"\/><\/a><\/figure><\/div>\n\n\n\n<p>O comunicado ainda traz uma declara\u00e7\u00e3o do presidente da Transpar\u00eancia Internacional, Fran\u00e7ois Val\u00e9rian. Ele afirma que \u201ctentativas de intimidar ou desacreditar aqueles que combatem a corrup\u00e7\u00e3o apenas fortalecem nossa determina\u00e7\u00e3o compartilhada de defender a transpar\u00eancia, a justi\u00e7a e a responsabiliza\u00e7\u00e3o no Brasil e em todo o mundo\u201d.<\/p>\n\n\n\n<div class=\"wp-block-image\"><figure class=\"aligncenter size-large is-resized\"><a href=\"https:\/\/www.instagram.com\/gruposei\/\"><img loading=\"lazy\" decoding=\"async\" src=\"https:\/\/jornalfatosenoticias.com.br\/wp-content\/uploads\/2022\/07\/Logo-Grupo-SEI.jpg\" alt=\"\" class=\"wp-image-31973\" width=\"339\" height=\"178\" srcset=\"https:\/\/jornalfatosenoticias.com.br\/wp-content\/uploads\/2022\/07\/Logo-Grupo-SEI.jpg 713w, https:\/\/jornalfatosenoticias.com.br\/wp-content\/uploads\/2022\/07\/Logo-Grupo-SEI-300x158.jpg 300w\" sizes=\"auto, (max-width: 339px) 100vw, 339px\" \/><\/a><\/figure><\/div>\n\n\n\n<p><strong><span class=\"has-inline-color has-black-color\">Transpar\u00eancia Internacional \u00e9 alvo de a\u00e7\u00e3o no STF<br><\/span><\/strong>Em 2024, o ministro do Supremo Tribunal Federal Dias Toffoli determinou abertura de investiga\u00e7\u00e3o contra a Transpar\u00eancia Internacional. O processo vem do Superior Tribunal de Justi\u00e7a (STJ). L\u00e1, a a\u00e7\u00e3o teve in\u00edcio por iniciativa do deputado federal Rui Falc\u00e3o (PT-SP). Ele acusa a organiza\u00e7\u00e3o internacional de receber recursos p\u00fablicos provenientes da opera\u00e7\u00e3o Lava Jato.<\/p>\n\n\n\n<div class=\"wp-block-image\"><figure class=\"aligncenter size-large is-resized\"><a href=\"https:\/\/www.facebook.com\/postobkr\/?locale=pt_BR\"><img loading=\"lazy\" decoding=\"async\" src=\"https:\/\/jornalfatosenoticias.com.br\/wp-content\/uploads\/2023\/08\/BKR-1024x1021.jpg\" alt=\"\" class=\"wp-image-44494\" width=\"300\" height=\"299\" srcset=\"https:\/\/jornalfatosenoticias.com.br\/wp-content\/uploads\/2023\/08\/BKR-1024x1021.jpg 1024w, https:\/\/jornalfatosenoticias.com.br\/wp-content\/uploads\/2023\/08\/BKR-300x300.jpg 300w, https:\/\/jornalfatosenoticias.com.br\/wp-content\/uploads\/2023\/08\/BKR-150x150.jpg 150w, https:\/\/jornalfatosenoticias.com.br\/wp-content\/uploads\/2023\/08\/BKR-768x766.jpg 768w, https:\/\/jornalfatosenoticias.com.br\/wp-content\/uploads\/2023\/08\/BKR.jpg 1080w\" sizes=\"auto, (max-width: 300px) 100vw, 300px\" \/><\/a><\/figure><\/div>\n\n\n\n<p>A Transpar\u00eancia Internacional nega qualquer envolvimento em atividades il\u00edcitas, e diz que tais acusa\u00e7\u00f5es prov\u00eam de informa\u00e7\u00f5es falsas divulgadas desde 2018. A Procuradoria-Geral da Rep\u00fablica pediu o arquivamento, mas o processo segue em andamento no STF.<\/p>\n\n\n\n<div class=\"wp-block-image\"><figure class=\"aligncenter size-large is-resized\"><a href=\"https:\/\/www.controlsystems.com.br\/\"><img loading=\"lazy\" decoding=\"async\" src=\"https:\/\/jornalfatosenoticias.com.br\/wp-content\/uploads\/2020\/02\/CONTROL-CS.jpg\" alt=\"\" class=\"wp-image-44991\" width=\"287\" height=\"344\" srcset=\"https:\/\/jornalfatosenoticias.com.br\/wp-content\/uploads\/2020\/02\/CONTROL-CS.jpg 834w, https:\/\/jornalfatosenoticias.com.br\/wp-content\/uploads\/2020\/02\/CONTROL-CS-250x300.jpg 250w, https:\/\/jornalfatosenoticias.com.br\/wp-content\/uploads\/2020\/02\/CONTROL-CS-768x921.jpg 768w\" sizes=\"auto, (max-width: 287px) 100vw, 287px\" \/><\/a><\/figure><\/div>\n\n\n\n<p><strong><span class=\"has-inline-color has-black-color\">Leia a nota na \u00edntegra<br><\/span><\/strong><em>\u201cA Transpar\u00eancia Internacional e sua lideran\u00e7a global expressam profunda preocupa\u00e7\u00e3o e consterna\u00e7\u00e3o com as declara\u00e7\u00f5es feitas durante a sess\u00e3o do Supremo Tribunal Federal brasileiro em 15 de outubro de 2025, quando o ministro Gilmar Mendes lan\u00e7ou novamente um ataque virulento contra nossa organiza\u00e7\u00e3o, seu cap\u00edtulo brasileiro e sua equipe.<br>Todas as alega\u00e7\u00f5es de que a Transpar\u00eancia Internacional receberia ou gerenciaria recursos provenientes de acordos de leni\u00eancia no Brasil <a href=\"https:\/\/transparenciainternacional.org.br\/posts\/parecer-tecnico-do-tcu-desmonta-fake-news-de-que-transparencia-internacional-receberia-recurso-de-acordo-de-leniencia\/\" target=\"_blank\" rel=\"noreferrer noopener\">j\u00e1 foram categoricamente e repetidamente refutadas<\/a>\u00a0\u2014 n\u00e3o apenas pela Transpar\u00eancia Internacional em comunicados p\u00fablicos, mas tamb\u00e9m oficialmente por autoridades brasileiras, incluindo membros do Minist\u00e9rio P\u00fablico Federal, a\u00a0<a href=\"https:\/\/transparenciainternacional.org.br\/posts\/pgr-promove-o-arquivamento-de-investigacao-baseada-em-falsas-alegacoes-contra-a-transparencia-internacional\/\" target=\"_blank\" rel=\"noreferrer noopener\">Procuradoria-Geral da Rep\u00fablica<\/a> e, mais recentemente, o Tribunal de Contas da Uni\u00e3o.<\/em><\/p>\n\n\n\n<div class=\"wp-block-image\"><figure class=\"aligncenter size-large is-resized\"><a href=\"https:\/\/www.facebook.com\/profile.php?id=100069289606145\"><img loading=\"lazy\" decoding=\"async\" src=\"https:\/\/jornalfatosenoticias.com.br\/wp-content\/uploads\/2024\/11\/Guaitolini-Contabilidade-1024x714.jpeg\" alt=\"\" class=\"wp-image-55808\" width=\"359\" height=\"250\" srcset=\"https:\/\/jornalfatosenoticias.com.br\/wp-content\/uploads\/2024\/11\/Guaitolini-Contabilidade-1024x714.jpeg 1024w, https:\/\/jornalfatosenoticias.com.br\/wp-content\/uploads\/2024\/11\/Guaitolini-Contabilidade-300x209.jpeg 300w, https:\/\/jornalfatosenoticias.com.br\/wp-content\/uploads\/2024\/11\/Guaitolini-Contabilidade-768x535.jpeg 768w, https:\/\/jornalfatosenoticias.com.br\/wp-content\/uploads\/2024\/11\/Guaitolini-Contabilidade.jpeg 1280w\" sizes=\"auto, (max-width: 359px) 100vw, 359px\" \/><\/a><\/figure><\/div>\n\n\n\n<p><em>As acusa\u00e7\u00f5es foram feitas sem qualquer oportunidade de defesa, a partir de uma posi\u00e7\u00e3o de poder institucional preponderante e em termos incompat\u00edveis com o decoro judicial \u2014 especialmente quando se trata do decano da Corte constitucional de um pa\u00eds democr\u00e1tico.<br>Desde 2019, o ministro Mendes tem reiterado as mesmas alega\u00e7\u00f5es difamat\u00f3rias contra a Transpar\u00eancia Internacional, seu cap\u00edtulo brasileiro e sua lideran\u00e7a, promovendo desinforma\u00e7\u00e3o sobre nosso trabalho. \u00c9 estarrecedor que essa campanha contra uma organiza\u00e7\u00e3o da sociedade civil emane justamente do decano da Corte que tamb\u00e9m tem sido v\u00edtima de fake news e que se apresenta ao mundo como campe\u00e3 no combate \u00e0 desinforma\u00e7\u00e3o.<\/em><\/p>\n\n\n\n<div class=\"wp-block-image\"><figure class=\"aligncenter size-large is-resized\"><a href=\"https:\/\/www.instagram.com\/serra4x4cambioautomatico\/\"><img loading=\"lazy\" decoding=\"async\" src=\"https:\/\/jornalfatosenoticias.com.br\/wp-content\/uploads\/2024\/08\/Serra-4x4-1-886x1024.jpg\" alt=\"\" class=\"wp-image-53632\" width=\"282\" height=\"325\" srcset=\"https:\/\/jornalfatosenoticias.com.br\/wp-content\/uploads\/2024\/08\/Serra-4x4-1-886x1024.jpg 886w, https:\/\/jornalfatosenoticias.com.br\/wp-content\/uploads\/2024\/08\/Serra-4x4-1-260x300.jpg 260w, https:\/\/jornalfatosenoticias.com.br\/wp-content\/uploads\/2024\/08\/Serra-4x4-1-768x888.jpg 768w, https:\/\/jornalfatosenoticias.com.br\/wp-content\/uploads\/2024\/08\/Serra-4x4-1.jpg 1181w\" sizes=\"auto, (max-width: 282px) 100vw, 282px\" \/><\/a><\/figure><\/div>\n\n\n\n<p><em>Como se isso n\u00e3o fosse grave o suficiente, a Transpar\u00eancia Internacional Brasil continua submetida a uma investiga\u00e7\u00e3o criminal ordenada por outro ministro desta Corte, apesar de a Procuradoria-Geral da Rep\u00fablica ter solicitado formalmente seu arquivamento \u2014 primeiro em outubro de 2024 e novamente em janeiro de 2025 \u2014 citando a completa aus\u00eancia de provas, fatos concretos ou elementos m\u00ednimos que indiquem a ocorr\u00eancia de qualquer crime, al\u00e9m da falta de compet\u00eancia da Corte para o caso. At\u00e9 o momento, o relator n\u00e3o respondeu, e a investiga\u00e7\u00e3o segue aberta\u201d.<\/em><\/p>\n\n\n\n<div class=\"wp-block-image\"><figure class=\"aligncenter size-large is-resized\"><a href=\"https:\/\/panper.com.br\/\"><img loading=\"lazy\" decoding=\"async\" src=\"https:\/\/jornalfatosenoticias.com.br\/wp-content\/uploads\/2023\/03\/logo-Panper_portal.jpg\" alt=\"\" class=\"wp-image-40208\" width=\"326\" height=\"226\" srcset=\"https:\/\/jornalfatosenoticias.com.br\/wp-content\/uploads\/2023\/03\/logo-Panper_portal.jpg 400w, https:\/\/jornalfatosenoticias.com.br\/wp-content\/uploads\/2023\/03\/logo-Panper_portal-300x208.jpg 300w\" sizes=\"auto, (max-width: 326px) 100vw, 326px\" \/><\/a><\/figure><\/div>\n\n\n\n<p><strong><em>Essa situa\u00e7\u00e3o foi recentemente destacada no Terceiro Relat\u00f3rio Regional da Comiss\u00e3o Interamericana de Direitos Humanos sobre a Situa\u00e7\u00e3o de Defensores de Direitos Humanos nas Am\u00e9ricas, que afirma:<br><\/em><\/strong><em>\u201cA criminaliza\u00e7\u00e3o de defensores de direitos humanos pode assumir a forma de acusa\u00e7\u00f5es criminais destinadas a penalizar diretamente suas atividades, como aquelas relacionadas ao direito \u00e0 liberdade de express\u00e3o. No Brasil, a Comiss\u00e3o tomou conhecimento da abertura de uma investiga\u00e7\u00e3o contra a Transpar\u00eancia Internacional ordenada por um ministro do Supremo Tribunal Federal em fevereiro de 2024 por suposta apropria\u00e7\u00e3o indevida de recursos p\u00fablicos, ap\u00f3s a publica\u00e7\u00e3o de seu relat\u00f3rio de corrup\u00e7\u00e3o de 2023, que destaca retrocessos no combate \u00e0 corrup\u00e7\u00e3o no pa\u00eds. Segundo informa\u00e7\u00f5es dispon\u00edveis, em outubro de 2024 a Procuradoria-Geral da Rep\u00fablica teria solicitado o encerramento dessa investiga\u00e7\u00e3o devido \u00e0 falta de provas, fatos concretos e elementos m\u00ednimos que indiquem a ocorr\u00eancia de um ato criminoso. No entanto, segundo informa\u00e7\u00f5es dispon\u00edveis, essa investiga\u00e7\u00e3o permanece aberta\u201d.<\/em><\/p>\n\n\n\n<div class=\"wp-block-image\"><figure class=\"aligncenter size-large is-resized\"><a href=\"https:\/\/www.instagram.com\/rcradiadores\/\"><img loading=\"lazy\" decoding=\"async\" src=\"https:\/\/jornalfatosenoticias.com.br\/wp-content\/uploads\/2022\/10\/RC_800x750_page-0001.jpg\" alt=\"\" class=\"wp-image-35338\" width=\"302\" height=\"283\" srcset=\"https:\/\/jornalfatosenoticias.com.br\/wp-content\/uploads\/2022\/10\/RC_800x750_page-0001.jpg 400w, https:\/\/jornalfatosenoticias.com.br\/wp-content\/uploads\/2022\/10\/RC_800x750_page-0001-300x281.jpg 300w\" sizes=\"auto, (max-width: 302px) 100vw, 302px\" \/><\/a><\/figure><\/div>\n\n\n\n<p><em><strong>Fran\u00e7ois Val\u00e9rian, presidente da Transpar\u00eancia Internacional, declarou:<br><\/strong>\u201cA Transpar\u00eancia Internacional condena veementemente os recentes ataques \u2014 inclusive aqueles originados dentro do Judici\u00e1rio \u2014 contra a Transpar\u00eancia Internacional Brasil. Reafirmamos nossa total confian\u00e7a em nosso cap\u00edtulo brasileiro e expressamos nosso apoio inabal\u00e1vel e admira\u00e7\u00e3o pelo seu trabalho corajoso e \u00edntegro. A diretoria executiva, os membros e ex-membros do Conselho e toda a equipe exemplificam a integridade, independ\u00eancia e compromisso com o interesse p\u00fablico que definem nosso movimento global. Tentativas de intimidar ou desacreditar aqueles que combatem a corrup\u00e7\u00e3o apenas fortalecem nossa determina\u00e7\u00e3o compartilhada de defender a transpar\u00eancia, a justi\u00e7a e a responsabiliza\u00e7\u00e3o no Brasil e em todo o mundo. A Transpar\u00eancia Internacional continuar\u00e1 firme em sua miss\u00e3o de combater a corrup\u00e7\u00e3o e defender o espa\u00e7o c\u00edvico. Reafirmamos tamb\u00e9m nossa confian\u00e7a no Poder Judici\u00e1rio brasileiro, composto em sua ampla maioria por magistrados \u00e9ticos e comprometidos com a democracia e a prote\u00e7\u00e3o das liberdades fundamentais\u201d.<\/em><\/p>\n\n\n\n<div class=\"wp-block-image\"><figure class=\"aligncenter size-large is-resized\"><a href=\"https:\/\/legisjuris.com.br\/\"><img loading=\"lazy\" decoding=\"async\" src=\"https:\/\/jornalfatosenoticias.com.br\/wp-content\/uploads\/2024\/09\/Legis-Juris-Consultoria_logo.jpg\" alt=\"\" class=\"wp-image-53915\" width=\"456\" height=\"191\" srcset=\"https:\/\/jornalfatosenoticias.com.br\/wp-content\/uploads\/2024\/09\/Legis-Juris-Consultoria_logo.jpg 969w, https:\/\/jornalfatosenoticias.com.br\/wp-content\/uploads\/2024\/09\/Legis-Juris-Consultoria_logo-300x126.jpg 300w, https:\/\/jornalfatosenoticias.com.br\/wp-content\/uploads\/2024\/09\/Legis-Juris-Consultoria_logo-768x322.jpg 768w\" sizes=\"auto, (max-width: 456px) 100vw, 456px\" \/><\/a><\/figure><\/div>\n\n\n\n<p><strong>Fonte: <a href=\"https:\/\/www.gazetadopovo.com.br\/republica\/transparencia-internacional-repudia-ataque-de-gilmar-mendes\/\">Gazeta do Povo<\/a><\/strong><\/p>\n","protected":false},"excerpt":{"rendered":"<p>A organiza\u00e7\u00e3o Transpar\u00eancia Internacional criticou o que classificou como &#8220;ataques virulentos&#8221; do ministro Por Vinicius Macia A organiza\u00e7\u00e3o Transpar\u00eancia Internacional\u00a0emitiu\u00a0nota, na \u00faltima ter\u00e7a-feira (21), repudiando o que considerou como \u201cataque virulento\u201d do ministro do Supremo Tribunal Federal Gilmar Mendes. Durante a sess\u00e3o da \u00faltima quarta-feira (15), Gilmar chamou a organiza\u00e7\u00e3o de \u201cverdadeira c\u00famplice da for\u00e7a-tarefa [&hellip;]<\/p>\n","protected":false},"author":2,"featured_media":62705,"comment_status":"open","ping_status":"open","sticky":false,"template":"","format":"standard","meta":{"footnotes":""},"categories":[5],"tags":[20900,1344,23097,296,7581,28589],"class_list":["post-62704","post","type-post","status-publish","format-standard","has-post-thumbnail","hentry","category-geral","tag-combate-a-corrupcao","tag-democracia","tag-deputado-federal","tag-dias-toffoli","tag-gilmar-mendes","tag-transparencia-internacional"],"yoast_head":"<!-- This site is optimized with the Yoast SEO plugin v26.5 - https:\/\/yoast.com\/wordpress\/plugins\/seo\/ -->\n<title>Transpar\u00eancia Internacional repudia \u201cataque virulento\u201d de Gilmar Mendes - Jornal Fatos e Not\u00edcias<\/title>\n<meta name=\"robots\" content=\"index, follow, max-snippet:-1, max-image-preview:large, max-video-preview:-1\" \/>\n<link rel=\"canonical\" href=\"https:\/\/jornalfatosenoticias.com.br\/index.php\/2025\/10\/22\/transparencia-internacional-repudia-ataque-virulento-de-gilmar-mendes\/\" \/>\n<meta property=\"og:locale\" content=\"pt_BR\" \/>\n<meta property=\"og:type\" content=\"article\" \/>\n<meta property=\"og:title\" content=\"Transpar\u00eancia Internacional repudia \u201cataque virulento\u201d de Gilmar Mendes - Jornal Fatos e Not\u00edcias\" \/>\n<meta property=\"og:description\" content=\"A organiza\u00e7\u00e3o Transpar\u00eancia Internacional criticou o que classificou como &#8220;ataques virulentos&#8221; do ministro Por Vinicius Macia A organiza\u00e7\u00e3o Transpar\u00eancia Internacional\u00a0emitiu\u00a0nota, na \u00faltima ter\u00e7a-feira (21), repudiando o que considerou como \u201cataque virulento\u201d do ministro do Supremo Tribunal Federal Gilmar Mendes. Durante a sess\u00e3o da \u00faltima quarta-feira (15), Gilmar chamou a organiza\u00e7\u00e3o de \u201cverdadeira c\u00famplice da for\u00e7a-tarefa [&hellip;]\" \/>\n<meta property=\"og:url\" content=\"https:\/\/jornalfatosenoticias.com.br\/index.php\/2025\/10\/22\/transparencia-internacional-repudia-ataque-virulento-de-gilmar-mendes\/\" \/>\n<meta property=\"og:site_name\" content=\"Jornal Fatos e Not\u00edcias\" \/>\n<meta property=\"article:published_time\" content=\"2025-10-22T14:27:12+00:00\" \/>\n<meta property=\"article:modified_time\" content=\"2025-10-22T14:27:14+00:00\" \/>\n<meta property=\"og:image\" content=\"https:\/\/jornalfatosenoticias.com.br\/wp-content\/uploads\/2025\/10\/gilmar-boca-de-cacapa.jpg\" \/>\n\t<meta property=\"og:image:width\" content=\"799\" \/>\n\t<meta property=\"og:image:height\" content=\"533\" \/>\n\t<meta property=\"og:image:type\" content=\"image\/jpeg\" \/>\n<meta name=\"author\" content=\"Luzimara Fernandes\" \/>\n<meta name=\"twitter:card\" content=\"summary_large_image\" \/>\n<meta name=\"twitter:label1\" content=\"Escrito por\" \/>\n\t<meta name=\"twitter:data1\" content=\"Luzimara Fernandes\" \/>\n\t<meta name=\"twitter:label2\" content=\"Est. tempo de leitura\" \/>\n\t<meta name=\"twitter:data2\" content=\"5 minutos\" \/>\n<script type=\"application\/ld+json\" class=\"yoast-schema-graph\">{\"@context\":\"https:\/\/schema.org\",\"@graph\":[{\"@type\":\"Article\",\"@id\":\"https:\/\/jornalfatosenoticias.com.br\/index.php\/2025\/10\/22\/transparencia-internacional-repudia-ataque-virulento-de-gilmar-mendes\/#article\",\"isPartOf\":{\"@id\":\"https:\/\/jornalfatosenoticias.com.br\/index.php\/2025\/10\/22\/transparencia-internacional-repudia-ataque-virulento-de-gilmar-mendes\/\"},\"author\":{\"name\":\"Luzimara Fernandes\",\"@id\":\"https:\/\/jornalfatosenoticias.com.br\/#\/schema\/person\/d63837fa13ac8666eb9e74e0985d6f81\"},\"headline\":\"Transpar\u00eancia Internacional repudia \u201cataque virulento\u201d de Gilmar Mendes\",\"datePublished\":\"2025-10-22T14:27:12+00:00\",\"dateModified\":\"2025-10-22T14:27:14+00:00\",\"mainEntityOfPage\":{\"@id\":\"https:\/\/jornalfatosenoticias.com.br\/index.php\/2025\/10\/22\/transparencia-internacional-repudia-ataque-virulento-de-gilmar-mendes\/\"},\"wordCount\":1024,\"commentCount\":0,\"publisher\":{\"@id\":\"https:\/\/jornalfatosenoticias.com.br\/#organization\"},\"image\":{\"@id\":\"https:\/\/jornalfatosenoticias.com.br\/index.php\/2025\/10\/22\/transparencia-internacional-repudia-ataque-virulento-de-gilmar-mendes\/#primaryimage\"},\"thumbnailUrl\":\"https:\/\/jornalfatosenoticias.com.br\/wp-content\/uploads\/2025\/10\/gilmar-boca-de-cacapa.jpg\",\"keywords\":[\"combate \u00e0 corrup\u00e7\u00e3o\",\"democracia\",\"Deputado Federal\",\"Dias Toffoli\",\"Gilmar Mendes\",\"Transpar\u00eancia Internacional\"],\"articleSection\":[\"Geral\"],\"inLanguage\":\"pt-BR\",\"potentialAction\":[{\"@type\":\"CommentAction\",\"name\":\"Comment\",\"target\":[\"https:\/\/jornalfatosenoticias.com.br\/index.php\/2025\/10\/22\/transparencia-internacional-repudia-ataque-virulento-de-gilmar-mendes\/#respond\"]}]},{\"@type\":\"WebPage\",\"@id\":\"https:\/\/jornalfatosenoticias.com.br\/index.php\/2025\/10\/22\/transparencia-internacional-repudia-ataque-virulento-de-gilmar-mendes\/\",\"url\":\"https:\/\/jornalfatosenoticias.com.br\/index.php\/2025\/10\/22\/transparencia-internacional-repudia-ataque-virulento-de-gilmar-mendes\/\",\"name\":\"Transpar\u00eancia Internacional repudia \u201cataque virulento\u201d de Gilmar Mendes - Jornal Fatos e Not\u00edcias\",\"isPartOf\":{\"@id\":\"https:\/\/jornalfatosenoticias.com.br\/#website\"},\"primaryImageOfPage\":{\"@id\":\"https:\/\/jornalfatosenoticias.com.br\/index.php\/2025\/10\/22\/transparencia-internacional-repudia-ataque-virulento-de-gilmar-mendes\/#primaryimage\"},\"image\":{\"@id\":\"https:\/\/jornalfatosenoticias.com.br\/index.php\/2025\/10\/22\/transparencia-internacional-repudia-ataque-virulento-de-gilmar-mendes\/#primaryimage\"},\"thumbnailUrl\":\"https:\/\/jornalfatosenoticias.com.br\/wp-content\/uploads\/2025\/10\/gilmar-boca-de-cacapa.jpg\",\"datePublished\":\"2025-10-22T14:27:12+00:00\",\"dateModified\":\"2025-10-22T14:27:14+00:00\",\"breadcrumb\":{\"@id\":\"https:\/\/jornalfatosenoticias.com.br\/index.php\/2025\/10\/22\/transparencia-internacional-repudia-ataque-virulento-de-gilmar-mendes\/#breadcrumb\"},\"inLanguage\":\"pt-BR\",\"potentialAction\":[{\"@type\":\"ReadAction\",\"target\":[\"https:\/\/jornalfatosenoticias.com.br\/index.php\/2025\/10\/22\/transparencia-internacional-repudia-ataque-virulento-de-gilmar-mendes\/\"]}]},{\"@type\":\"ImageObject\",\"inLanguage\":\"pt-BR\",\"@id\":\"https:\/\/jornalfatosenoticias.com.br\/index.php\/2025\/10\/22\/transparencia-internacional-repudia-ataque-virulento-de-gilmar-mendes\/#primaryimage\",\"url\":\"https:\/\/jornalfatosenoticias.com.br\/wp-content\/uploads\/2025\/10\/gilmar-boca-de-cacapa.jpg\",\"contentUrl\":\"https:\/\/jornalfatosenoticias.com.br\/wp-content\/uploads\/2025\/10\/gilmar-boca-de-cacapa.jpg\",\"width\":799,\"height\":533},{\"@type\":\"BreadcrumbList\",\"@id\":\"https:\/\/jornalfatosenoticias.com.br\/index.php\/2025\/10\/22\/transparencia-internacional-repudia-ataque-virulento-de-gilmar-mendes\/#breadcrumb\",\"itemListElement\":[{\"@type\":\"ListItem\",\"position\":1,\"name\":\"In\u00edcio\",\"item\":\"https:\/\/jornalfatosenoticias.com.br\/\"},{\"@type\":\"ListItem\",\"position\":2,\"name\":\"Transpar\u00eancia Internacional repudia \u201cataque virulento\u201d de Gilmar Mendes\"}]},{\"@type\":\"WebSite\",\"@id\":\"https:\/\/jornalfatosenoticias.com.br\/#website\",\"url\":\"https:\/\/jornalfatosenoticias.com.br\/\",\"name\":\"Jornal Fatos e Not\u00edcias\",\"description\":\"Not\u00edcias em geral\",\"publisher\":{\"@id\":\"https:\/\/jornalfatosenoticias.com.br\/#organization\"},\"potentialAction\":[{\"@type\":\"SearchAction\",\"target\":{\"@type\":\"EntryPoint\",\"urlTemplate\":\"https:\/\/jornalfatosenoticias.com.br\/?s={search_term_string}\"},\"query-input\":{\"@type\":\"PropertyValueSpecification\",\"valueRequired\":true,\"valueName\":\"search_term_string\"}}],\"inLanguage\":\"pt-BR\"},{\"@type\":\"Organization\",\"@id\":\"https:\/\/jornalfatosenoticias.com.br\/#organization\",\"name\":\"Jornal Fatos e Not\u00edcias\",\"url\":\"https:\/\/jornalfatosenoticias.com.br\/\",\"logo\":{\"@type\":\"ImageObject\",\"inLanguage\":\"pt-BR\",\"@id\":\"https:\/\/jornalfatosenoticias.com.br\/#\/schema\/logo\/image\/\",\"url\":\"https:\/\/jornalfatosenoticias.com.br\/wp-content\/uploads\/2020\/02\/logo120.png\",\"contentUrl\":\"https:\/\/jornalfatosenoticias.com.br\/wp-content\/uploads\/2020\/02\/logo120.png\",\"width\":1227,\"height\":120,\"caption\":\"Jornal Fatos e Not\u00edcias\"},\"image\":{\"@id\":\"https:\/\/jornalfatosenoticias.com.br\/#\/schema\/logo\/image\/\"}},{\"@type\":\"Person\",\"@id\":\"https:\/\/jornalfatosenoticias.com.br\/#\/schema\/person\/d63837fa13ac8666eb9e74e0985d6f81\",\"name\":\"Luzimara Fernandes\",\"image\":{\"@type\":\"ImageObject\",\"inLanguage\":\"pt-BR\",\"@id\":\"https:\/\/jornalfatosenoticias.com.br\/#\/schema\/person\/image\/\",\"url\":\"https:\/\/jornalfatosenoticias.com.br\/wp-content\/uploads\/2025\/05\/EU_portal.jpg\",\"contentUrl\":\"https:\/\/jornalfatosenoticias.com.br\/wp-content\/uploads\/2025\/05\/EU_portal.jpg\",\"caption\":\"Luzimara Fernandes\"},\"description\":\"Jornalista MTB 2358-ES\",\"sameAs\":[\"https:\/\/jornalfatosenoticias.com.br\"],\"url\":\"https:\/\/jornalfatosenoticias.com.br\/index.php\/author\/luzimara\/\"}]}<\/script>\n<!-- \/ Yoast SEO plugin. -->","yoast_head_json":{"title":"Transpar\u00eancia Internacional repudia \u201cataque virulento\u201d de Gilmar Mendes - Jornal Fatos e Not\u00edcias","robots":{"index":"index","follow":"follow","max-snippet":"max-snippet:-1","max-image-preview":"max-image-preview:large","max-video-preview":"max-video-preview:-1"},"canonical":"https:\/\/jornalfatosenoticias.com.br\/index.php\/2025\/10\/22\/transparencia-internacional-repudia-ataque-virulento-de-gilmar-mendes\/","og_locale":"pt_BR","og_type":"article","og_title":"Transpar\u00eancia Internacional repudia \u201cataque virulento\u201d de Gilmar Mendes - Jornal Fatos e Not\u00edcias","og_description":"A organiza\u00e7\u00e3o Transpar\u00eancia Internacional criticou o que classificou como &#8220;ataques virulentos&#8221; do ministro Por Vinicius Macia A organiza\u00e7\u00e3o Transpar\u00eancia Internacional\u00a0emitiu\u00a0nota, na \u00faltima ter\u00e7a-feira (21), repudiando o que considerou como \u201cataque virulento\u201d do ministro do Supremo Tribunal Federal Gilmar Mendes. Durante a sess\u00e3o da \u00faltima quarta-feira (15), Gilmar chamou a organiza\u00e7\u00e3o de \u201cverdadeira c\u00famplice da for\u00e7a-tarefa [&hellip;]","og_url":"https:\/\/jornalfatosenoticias.com.br\/index.php\/2025\/10\/22\/transparencia-internacional-repudia-ataque-virulento-de-gilmar-mendes\/","og_site_name":"Jornal Fatos e Not\u00edcias","article_published_time":"2025-10-22T14:27:12+00:00","article_modified_time":"2025-10-22T14:27:14+00:00","og_image":[{"width":799,"height":533,"url":"https:\/\/jornalfatosenoticias.com.br\/wp-content\/uploads\/2025\/10\/gilmar-boca-de-cacapa.jpg","type":"image\/jpeg"}],"author":"Luzimara Fernandes","twitter_card":"summary_large_image","twitter_misc":{"Escrito por":"Luzimara Fernandes","Est. tempo de leitura":"5 minutos"},"schema":{"@context":"https:\/\/schema.org","@graph":[{"@type":"Article","@id":"https:\/\/jornalfatosenoticias.com.br\/index.php\/2025\/10\/22\/transparencia-internacional-repudia-ataque-virulento-de-gilmar-mendes\/#article","isPartOf":{"@id":"https:\/\/jornalfatosenoticias.com.br\/index.php\/2025\/10\/22\/transparencia-internacional-repudia-ataque-virulento-de-gilmar-mendes\/"},"author":{"name":"Luzimara Fernandes","@id":"https:\/\/jornalfatosenoticias.com.br\/#\/schema\/person\/d63837fa13ac8666eb9e74e0985d6f81"},"headline":"Transpar\u00eancia Internacional repudia \u201cataque virulento\u201d de Gilmar Mendes","datePublished":"2025-10-22T14:27:12+00:00","dateModified":"2025-10-22T14:27:14+00:00","mainEntityOfPage":{"@id":"https:\/\/jornalfatosenoticias.com.br\/index.php\/2025\/10\/22\/transparencia-internacional-repudia-ataque-virulento-de-gilmar-mendes\/"},"wordCount":1024,"commentCount":0,"publisher":{"@id":"https:\/\/jornalfatosenoticias.com.br\/#organization"},"image":{"@id":"https:\/\/jornalfatosenoticias.com.br\/index.php\/2025\/10\/22\/transparencia-internacional-repudia-ataque-virulento-de-gilmar-mendes\/#primaryimage"},"thumbnailUrl":"https:\/\/jornalfatosenoticias.com.br\/wp-content\/uploads\/2025\/10\/gilmar-boca-de-cacapa.jpg","keywords":["combate \u00e0 corrup\u00e7\u00e3o","democracia","Deputado Federal","Dias Toffoli","Gilmar Mendes","Transpar\u00eancia Internacional"],"articleSection":["Geral"],"inLanguage":"pt-BR","potentialAction":[{"@type":"CommentAction","name":"Comment","target":["https:\/\/jornalfatosenoticias.com.br\/index.php\/2025\/10\/22\/transparencia-internacional-repudia-ataque-virulento-de-gilmar-mendes\/#respond"]}]},{"@type":"WebPage","@id":"https:\/\/jornalfatosenoticias.com.br\/index.php\/2025\/10\/22\/transparencia-internacional-repudia-ataque-virulento-de-gilmar-mendes\/","url":"https:\/\/jornalfatosenoticias.com.br\/index.php\/2025\/10\/22\/transparencia-internacional-repudia-ataque-virulento-de-gilmar-mendes\/","name":"Transpar\u00eancia Internacional repudia \u201cataque virulento\u201d de Gilmar Mendes - Jornal Fatos e Not\u00edcias","isPartOf":{"@id":"https:\/\/jornalfatosenoticias.com.br\/#website"},"primaryImageOfPage":{"@id":"https:\/\/jornalfatosenoticias.com.br\/index.php\/2025\/10\/22\/transparencia-internacional-repudia-ataque-virulento-de-gilmar-mendes\/#primaryimage"},"image":{"@id":"https:\/\/jornalfatosenoticias.com.br\/index.php\/2025\/10\/22\/transparencia-internacional-repudia-ataque-virulento-de-gilmar-mendes\/#primaryimage"},"thumbnailUrl":"https:\/\/jornalfatosenoticias.com.br\/wp-content\/uploads\/2025\/10\/gilmar-boca-de-cacapa.jpg","datePublished":"2025-10-22T14:27:12+00:00","dateModified":"2025-10-22T14:27:14+00:00","breadcrumb":{"@id":"https:\/\/jornalfatosenoticias.com.br\/index.php\/2025\/10\/22\/transparencia-internacional-repudia-ataque-virulento-de-gilmar-mendes\/#breadcrumb"},"inLanguage":"pt-BR","potentialAction":[{"@type":"ReadAction","target":["https:\/\/jornalfatosenoticias.com.br\/index.php\/2025\/10\/22\/transparencia-internacional-repudia-ataque-virulento-de-gilmar-mendes\/"]}]},{"@type":"ImageObject","inLanguage":"pt-BR","@id":"https:\/\/jornalfatosenoticias.com.br\/index.php\/2025\/10\/22\/transparencia-internacional-repudia-ataque-virulento-de-gilmar-mendes\/#primaryimage","url":"https:\/\/jornalfatosenoticias.com.br\/wp-content\/uploads\/2025\/10\/gilmar-boca-de-cacapa.jpg","contentUrl":"https:\/\/jornalfatosenoticias.com.br\/wp-content\/uploads\/2025\/10\/gilmar-boca-de-cacapa.jpg","width":799,"height":533},{"@type":"BreadcrumbList","@id":"https:\/\/jornalfatosenoticias.com.br\/index.php\/2025\/10\/22\/transparencia-internacional-repudia-ataque-virulento-de-gilmar-mendes\/#breadcrumb","itemListElement":[{"@type":"ListItem","position":1,"name":"In\u00edcio","item":"https:\/\/jornalfatosenoticias.com.br\/"},{"@type":"ListItem","position":2,"name":"Transpar\u00eancia Internacional repudia \u201cataque virulento\u201d de Gilmar Mendes"}]},{"@type":"WebSite","@id":"https:\/\/jornalfatosenoticias.com.br\/#website","url":"https:\/\/jornalfatosenoticias.com.br\/","name":"Jornal Fatos e Not\u00edcias","description":"Not\u00edcias em geral","publisher":{"@id":"https:\/\/jornalfatosenoticias.com.br\/#organization"},"potentialAction":[{"@type":"SearchAction","target":{"@type":"EntryPoint","urlTemplate":"https:\/\/jornalfatosenoticias.com.br\/?s={search_term_string}"},"query-input":{"@type":"PropertyValueSpecification","valueRequired":true,"valueName":"search_term_string"}}],"inLanguage":"pt-BR"},{"@type":"Organization","@id":"https:\/\/jornalfatosenoticias.com.br\/#organization","name":"Jornal Fatos e Not\u00edcias","url":"https:\/\/jornalfatosenoticias.com.br\/","logo":{"@type":"ImageObject","inLanguage":"pt-BR","@id":"https:\/\/jornalfatosenoticias.com.br\/#\/schema\/logo\/image\/","url":"https:\/\/jornalfatosenoticias.com.br\/wp-content\/uploads\/2020\/02\/logo120.png","contentUrl":"https:\/\/jornalfatosenoticias.com.br\/wp-content\/uploads\/2020\/02\/logo120.png","width":1227,"height":120,"caption":"Jornal Fatos e Not\u00edcias"},"image":{"@id":"https:\/\/jornalfatosenoticias.com.br\/#\/schema\/logo\/image\/"}},{"@type":"Person","@id":"https:\/\/jornalfatosenoticias.com.br\/#\/schema\/person\/d63837fa13ac8666eb9e74e0985d6f81","name":"Luzimara Fernandes","image":{"@type":"ImageObject","inLanguage":"pt-BR","@id":"https:\/\/jornalfatosenoticias.com.br\/#\/schema\/person\/image\/","url":"https:\/\/jornalfatosenoticias.com.br\/wp-content\/uploads\/2025\/05\/EU_portal.jpg","contentUrl":"https:\/\/jornalfatosenoticias.com.br\/wp-content\/uploads\/2025\/05\/EU_portal.jpg","caption":"Luzimara Fernandes"},"description":"Jornalista MTB 2358-ES","sameAs":["https:\/\/jornalfatosenoticias.com.br"],"url":"https:\/\/jornalfatosenoticias.com.br\/index.php\/author\/luzimara\/"}]}},"cc_featured_image_caption":{"caption_text":"(Foto: Gustavo Moreno\/STF)","source_text":"","source_url":""},"jetpack_featured_media_url":"https:\/\/jornalfatosenoticias.com.br\/wp-content\/uploads\/2025\/10\/gilmar-boca-de-cacapa.jpg","_links":{"self":[{"href":"https:\/\/jornalfatosenoticias.com.br\/index.php\/wp-json\/wp\/v2\/posts\/62704","targetHints":{"allow":["GET"]}}],"collection":[{"href":"https:\/\/jornalfatosenoticias.com.br\/index.php\/wp-json\/wp\/v2\/posts"}],"about":[{"href":"https:\/\/jornalfatosenoticias.com.br\/index.php\/wp-json\/wp\/v2\/types\/post"}],"author":[{"embeddable":true,"href":"https:\/\/jornalfatosenoticias.com.br\/index.php\/wp-json\/wp\/v2\/users\/2"}],"replies":[{"embeddable":true,"href":"https:\/\/jornalfatosenoticias.com.br\/index.php\/wp-json\/wp\/v2\/comments?post=62704"}],"version-history":[{"count":0,"href":"https:\/\/jornalfatosenoticias.com.br\/index.php\/wp-json\/wp\/v2\/posts\/62704\/revisions"}],"wp:featuredmedia":[{"embeddable":true,"href":"https:\/\/jornalfatosenoticias.com.br\/index.php\/wp-json\/wp\/v2\/media\/62705"}],"wp:attachment":[{"href":"https:\/\/jornalfatosenoticias.com.br\/index.php\/wp-json\/wp\/v2\/media?parent=62704"}],"wp:term":[{"taxonomy":"category","embeddable":true,"href":"https:\/\/jornalfatosenoticias.com.br\/index.php\/wp-json\/wp\/v2\/categories?post=62704"},{"taxonomy":"post_tag","embeddable":true,"href":"https:\/\/jornalfatosenoticias.com.br\/index.php\/wp-json\/wp\/v2\/tags?post=62704"}],"curies":[{"name":"wp","href":"https:\/\/api.w.org\/{rel}","templated":true}]}}