{"id":62707,"date":"2025-10-22T11:44:35","date_gmt":"2025-10-22T14:44:35","guid":{"rendered":"https:\/\/jornalfatosenoticias.com.br\/?p=62707"},"modified":"2025-10-22T11:44:37","modified_gmt":"2025-10-22T14:44:37","slug":"apos-pressionar-brasil-marco-rubio-lidera-campanha-para-enfraquecer-ditadura-de-maduro","status":"publish","type":"post","link":"https:\/\/jornalfatosenoticias.com.br\/index.php\/2025\/10\/22\/apos-pressionar-brasil-marco-rubio-lidera-campanha-para-enfraquecer-ditadura-de-maduro\/","title":{"rendered":"Ap\u00f3s pressionar Brasil, Marco Rubio lidera campanha para enfraquecer ditadura de Maduro"},"content":{"rendered":"\n<p><em><span class=\"has-inline-color has-black-color\">O secret\u00e1rio de Estado dos EUA, Marco Rubio, foi escolhido por Trump para assumir negocia\u00e7\u00f5es com Brasil e avaliar medidas para enfraquecer a ditadura de Nicol\u00e1s Maduro na Venezuela<\/span><\/em><\/p>\n\n\n\n<p><span class=\"has-inline-color has-black-color\">Por <strong><a href=\"https:\/\/www.gazetadopovo.com.br\/autor\/isabella-de-paula\/\">Isabella de Paula<\/a><\/strong><\/span><\/p>\n\n\n\n<div class=\"wp-block-image\"><figure class=\"aligncenter size-large\"><a href=\"https:\/\/mizu.com.br\/\"><img loading=\"lazy\" decoding=\"async\" width=\"729\" height=\"90\" src=\"https:\/\/jornalfatosenoticias.com.br\/wp-content\/uploads\/2020\/02\/Logo_Mizu.png\" alt=\"\" class=\"wp-image-1441\" srcset=\"https:\/\/jornalfatosenoticias.com.br\/wp-content\/uploads\/2020\/02\/Logo_Mizu.png 729w, https:\/\/jornalfatosenoticias.com.br\/wp-content\/uploads\/2020\/02\/Logo_Mizu-300x37.png 300w\" sizes=\"auto, (max-width: 729px) 100vw, 729px\" \/><\/a><\/figure><\/div>\n\n\n\n<p>Desde que assumiu o cargo de secret\u00e1rio de Estado no governo de Donald Trump, Marco Rubio vem se destacando por liderar campanhas importantes para os Estados Unidos no cen\u00e1rio internacional, especialmente na Am\u00e9rica do Sul. \u00c9 o caso das negocia\u00e7\u00f5es com o Brasil, cujo governo tenta reverter o tarifa\u00e7o anunciado em julho pela Casa Branca e as san\u00e7\u00f5es a autoridades brasileiras, <a href=\"https:\/\/www.gazetadopovo.com.br\/mundo\/eua-incluem-moraes-lei-magnitsky-punir-estrangeiros\/\" target=\"_blank\" rel=\"noreferrer noopener\">como as aplicadas ao ministro Alexandre de Moraes<\/a>, do Supremo Tribunal Federal (STF), que est\u00e1 impedido de entrar no territ\u00f3rio norte-americano e de realizar neg\u00f3cios com empresas do pa\u00eds. Outro caso emblem\u00e1tico que conta com a lideran\u00e7a de Rubio \u00e9 o da Venezuela, que nos \u00faltimos dias sentiu a crescente press\u00e3o para a deposi\u00e7\u00e3o do ditador Nicol\u00e1s Maduro.<br>Antes mesmo de assumir a chefia do Departamento de Estado e o cargo de conselheiro de seguran\u00e7a de Trump, quando ainda era senador, Rubio j\u00e1 se destacava por suas cr\u00edticas e iniciativas no Congresso para p\u00f4r fim aos anos de autoritarismo e decad\u00eancia da democracia na Venezuela. Ele foi autor de projetos para sancionar Maduro e outros l\u00edderes autorit\u00e1rios da Am\u00e9rica Latina.<\/p>\n\n\n\n<div class=\"wp-block-image\"><figure class=\"aligncenter size-large\"><a href=\"http:\/\/www.ferrarimaquinas.com.br\/\"><img loading=\"lazy\" decoding=\"async\" width=\"300\" height=\"250\" src=\"https:\/\/jornalfatosenoticias.com.br\/wp-content\/uploads\/2022\/02\/FERRARI_MAQUINAS-E-FERRAMENTAS2.jpg\" alt=\"\" class=\"wp-image-27860\"\/><\/a><\/figure><\/div>\n\n\n\n<p>Agora, em uma alta posi\u00e7\u00e3o no governo de Donald Trump, ele tem a oportunidade de liderar uma campanha de press\u00e3o para enfraquecer de vez a ditadura imposta por Nicol\u00e1s Maduro e o chavismo. Fontes familiarizadas com as recentes opera\u00e7\u00f5es militares dos Estados Unidos no Caribe contra o narcotr\u00e1fico apontam Marco Rubio como o principal respons\u00e1vel pelo planejamento das a\u00e7\u00f5es. De acordo com o <em>Wall Street Journal,<\/em> o que come\u00e7ou como uma campanha contra narc\u00f3ticos, ganhou uma amplitude para pressionar Maduro a deixar o Pal\u00e1cio de Miraflores, que ocupa de forma ileg\u00edtima, segundo boa parte da comunidade internacional, incluindo a Casa Branca.<\/p>\n\n\n\n<div class=\"wp-block-image\"><figure class=\"aligncenter size-large is-resized\"><a href=\"https:\/\/www.controlsystems.com.br\/\"><img loading=\"lazy\" decoding=\"async\" src=\"https:\/\/jornalfatosenoticias.com.br\/wp-content\/uploads\/2020\/02\/CONTROL-CS.jpg\" alt=\"\" class=\"wp-image-44991\" width=\"266\" height=\"319\" srcset=\"https:\/\/jornalfatosenoticias.com.br\/wp-content\/uploads\/2020\/02\/CONTROL-CS.jpg 834w, https:\/\/jornalfatosenoticias.com.br\/wp-content\/uploads\/2020\/02\/CONTROL-CS-250x300.jpg 250w, https:\/\/jornalfatosenoticias.com.br\/wp-content\/uploads\/2020\/02\/CONTROL-CS-768x921.jpg 768w\" sizes=\"auto, (max-width: 266px) 100vw, 266px\" \/><\/a><\/figure><\/div>\n\n\n\n<p>Um alto funcion\u00e1rio do governo americano disse ao jornal conservador que Trump encarregou Rubio, juntamente ao vice-chefe de gabinete da Casa Branca, Stephen Miller, a chefe de gabinete, Susie Wiles, e a procuradora-geral do pa\u00eds, Pamela Bondi, de implementar a campanha de press\u00e3o contra o regime venezuelano.<\/p>\n\n\n\n<div class=\"wp-block-image\"><figure class=\"aligncenter size-large is-resized\"><a href=\"https:\/\/www.instagram.com\/gruposei\/\"><img loading=\"lazy\" decoding=\"async\" src=\"https:\/\/jornalfatosenoticias.com.br\/wp-content\/uploads\/2022\/07\/Logo-Grupo-SEI.jpg\" alt=\"\" class=\"wp-image-31973\" width=\"379\" height=\"199\" srcset=\"https:\/\/jornalfatosenoticias.com.br\/wp-content\/uploads\/2022\/07\/Logo-Grupo-SEI.jpg 713w, https:\/\/jornalfatosenoticias.com.br\/wp-content\/uploads\/2022\/07\/Logo-Grupo-SEI-300x158.jpg 300w\" sizes=\"auto, (max-width: 379px) 100vw, 379px\" \/><\/a><\/figure><\/div>\n\n\n\n<p>Em agosto, o governo republicano, por meio de Bondi, dobrou o valor da recompensa pela captura de Maduro \u2014 agora, essa valor chega a US$ 50 milh\u00f5es. O ditador chavista \u00e9 considerado por Washington como um dos l\u00edderes do <a href=\"https:\/\/www.gazetadopovo.com.br\/mundo\/o-que-e-o-cartel-de-los-soles-que-os-eua-acusam-maduro-de-chefiar\/\" target=\"_blank\" rel=\"noreferrer noopener\">Cartel de Los Soles<\/a>, envolvido com o tr\u00e1fico de drogas internacional. A campanha encabe\u00e7ada por Rubio conta com um forte apoio militar. Nos \u00faltimos meses, o Pent\u00e1gono enviou oito navios de guerra da Marinha, um submarino de ataque, ca\u00e7as F-35B, avi\u00f5es espi\u00f5es P-8 Poseidon e drones MQ-9 Reaper para o Caribe, pr\u00f3ximo \u00e0 costa venezuelana.<\/p>\n\n\n\n<div class=\"wp-block-image\"><figure class=\"aligncenter size-large is-resized\"><a href=\"https:\/\/panper.com.br\/\"><img loading=\"lazy\" decoding=\"async\" src=\"https:\/\/jornalfatosenoticias.com.br\/wp-content\/uploads\/2023\/03\/logo-Panper_portal.jpg\" alt=\"\" class=\"wp-image-40208\" width=\"329\" height=\"228\" srcset=\"https:\/\/jornalfatosenoticias.com.br\/wp-content\/uploads\/2023\/03\/logo-Panper_portal.jpg 400w, https:\/\/jornalfatosenoticias.com.br\/wp-content\/uploads\/2023\/03\/logo-Panper_portal-300x208.jpg 300w\" sizes=\"auto, (max-width: 329px) 100vw, 329px\" \/><\/a><\/figure><\/div>\n\n\n\n<p>Mais recentemente, nas \u00faltimas semanas, o Departamento de Guerra \u2014 antigo Departamento de Defesa \u2014 tamb\u00e9m enviou for\u00e7as de opera\u00e7\u00f5es especiais de elite, incluindo o secreto 160.\u00ba Regimento de Avia\u00e7\u00e3o de Opera\u00e7\u00f5es Especiais do Ex\u00e9rcito, os &#8220;Perseguidores Noturnos&#8221;, para treinamento perto da costa da Venezuela.<\/p>\n\n\n\n<div class=\"wp-block-image\"><figure class=\"aligncenter size-large is-resized\"><a href=\"https:\/\/hotelmarquetti.com.br\/\"><img loading=\"lazy\" decoding=\"async\" src=\"https:\/\/jornalfatosenoticias.com.br\/wp-content\/uploads\/2020\/02\/LOGO-MQ-1024x680.jpg\" alt=\"\" class=\"wp-image-58299\" width=\"355\" height=\"236\" srcset=\"https:\/\/jornalfatosenoticias.com.br\/wp-content\/uploads\/2020\/02\/LOGO-MQ-1024x680.jpg 1024w, https:\/\/jornalfatosenoticias.com.br\/wp-content\/uploads\/2020\/02\/LOGO-MQ-300x199.jpg 300w, https:\/\/jornalfatosenoticias.com.br\/wp-content\/uploads\/2020\/02\/LOGO-MQ-768x510.jpg 768w, https:\/\/jornalfatosenoticias.com.br\/wp-content\/uploads\/2020\/02\/LOGO-MQ-1536x1020.jpg 1536w, https:\/\/jornalfatosenoticias.com.br\/wp-content\/uploads\/2020\/02\/LOGO-MQ-2048x1360.jpg 2048w\" sizes=\"auto, (max-width: 355px) 100vw, 355px\" \/><\/a><\/figure><\/div>\n\n\n\n<p>Toda essa mobiliza\u00e7\u00e3o tem gerado um caos dentro do alto escal\u00e3o do regime chavista. No s\u00e1bado (18), o jornal brit\u00e2nico <em>Financial Times<\/em>\u00a0publicou uma\u00a0<a href=\"https:\/\/www.gazetadopovo.com.br\/mundo\/venezuela-membros-regime-nicolas-maduro-estao-em-paranoia-financial-times\/\" target=\"_blank\" rel=\"noreferrer noopener\">reportagem\u00a0<\/a>na qual revelou que figuras pr\u00f3ximas de Maduro chegaram a mudar suas rotinas nos \u00faltimos dias com o an\u00fancio de que\u00a0<a href=\"https:\/\/www.gazetadopovo.com.br\/mundo\/o-que-a-entrada-da-cia-significa-no-plano-de-trump-contra-o-regime-de-maduro\/\" target=\"_blank\" rel=\"noreferrer noopener\">Trump autorizou a CIA<\/a> a realizar opera\u00e7\u00f5es secretas dentro da Venezuela.<\/p>\n\n\n\n<div class=\"wp-block-image\"><figure class=\"aligncenter size-large\"><a href=\"https:\/\/www.cesconetto.com.br\/\"><img loading=\"lazy\" decoding=\"async\" width=\"300\" height=\"250\" src=\"https:\/\/jornalfatosenoticias.com.br\/wp-content\/uploads\/2022\/02\/Banner-2.png\" alt=\"\" class=\"wp-image-27877\"\/><\/a><\/figure><\/div>\n\n\n\n<p>Assim que foi assumiu a chefia do Departamento de Estado, Rubio deixou claro qual seria uma de suas prioridades: \u201cgarantir que a pol\u00edtica externa dos EUA envie um sinal de que \u00e9 melhor ser um amigo do que um inimigo\u201d. A declara\u00e7\u00e3o foi feita durante uma viagem oficial \u00e0 Costa Rica. Em seguida, ele acrescentou que atualmente as ditaduras de Venezuela, Cuba e Nicar\u00e1gua s\u00e3o consideradas \u201cinimigas da humanidade\u201d.<\/p>\n\n\n\n<div class=\"wp-block-image\"><figure class=\"aligncenter size-large is-resized\"><a href=\"https:\/\/www.instagram.com\/serra4x4cambioautomatico\/\"><img loading=\"lazy\" decoding=\"async\" src=\"https:\/\/jornalfatosenoticias.com.br\/wp-content\/uploads\/2024\/08\/Serra-4x4-1-886x1024.jpg\" alt=\"\" class=\"wp-image-53632\" width=\"289\" height=\"333\" srcset=\"https:\/\/jornalfatosenoticias.com.br\/wp-content\/uploads\/2024\/08\/Serra-4x4-1-886x1024.jpg 886w, https:\/\/jornalfatosenoticias.com.br\/wp-content\/uploads\/2024\/08\/Serra-4x4-1-260x300.jpg 260w, https:\/\/jornalfatosenoticias.com.br\/wp-content\/uploads\/2024\/08\/Serra-4x4-1-768x888.jpg 768w, https:\/\/jornalfatosenoticias.com.br\/wp-content\/uploads\/2024\/08\/Serra-4x4-1.jpg 1181w\" sizes=\"auto, (max-width: 289px) 100vw, 289px\" \/><\/a><\/figure><\/div>\n\n\n\n<p>No m\u00eas passado, Maduro chegou a mencionar Rubio em uma declara\u00e7\u00e3o direcionada a Trump, chamando-o de \u201csenhor da guerra\u201d. <em>\u201cPresidente Donald Trump, voc\u00ea deve ter cuidado porque Marco Rubio quer manchar suas m\u00e3os com sangue\u201d, <\/em>disse o ditador na ocasi\u00e3o.<\/p>\n\n\n\n<div class=\"wp-block-image\"><figure class=\"aligncenter size-large is-resized\"><a href=\"https:\/\/www.facebook.com\/profile.php?id=100069289606145\"><img loading=\"lazy\" decoding=\"async\" src=\"https:\/\/jornalfatosenoticias.com.br\/wp-content\/uploads\/2024\/11\/Guaitolini-Contabilidade-1024x714.jpeg\" alt=\"\" class=\"wp-image-55808\" width=\"325\" height=\"226\" srcset=\"https:\/\/jornalfatosenoticias.com.br\/wp-content\/uploads\/2024\/11\/Guaitolini-Contabilidade-1024x714.jpeg 1024w, https:\/\/jornalfatosenoticias.com.br\/wp-content\/uploads\/2024\/11\/Guaitolini-Contabilidade-300x209.jpeg 300w, https:\/\/jornalfatosenoticias.com.br\/wp-content\/uploads\/2024\/11\/Guaitolini-Contabilidade-768x535.jpeg 768w, https:\/\/jornalfatosenoticias.com.br\/wp-content\/uploads\/2024\/11\/Guaitolini-Contabilidade.jpeg 1280w\" sizes=\"auto, (max-width: 325px) 100vw, 325px\" \/><\/a><\/figure><\/div>\n\n\n\n<p>Com a dupla fun\u00e7\u00e3o no governo americano \u2014 de secret\u00e1rio de Estado e conselheiro de seguran\u00e7a \u2014 Marco Rubio finalmente poder\u00e1 colher frutos de d\u00e9cadas de esfor\u00e7o no Congresso em busca de tirar o governo ileg\u00edtimo de Maduro do poder na Venezuela e devolver a dignidade ao povo venezuelano.<\/p>\n\n\n\n<div class=\"wp-block-image\"><figure class=\"aligncenter size-large is-resized\"><a href=\"https:\/\/www.facebook.com\/vetor.vix\/\"><img loading=\"lazy\" decoding=\"async\" src=\"https:\/\/jornalfatosenoticias.com.br\/wp-content\/uploads\/2023\/09\/vetorvix1024_1.jpg\" alt=\"\" class=\"wp-image-44868\" width=\"531\" height=\"141\" srcset=\"https:\/\/jornalfatosenoticias.com.br\/wp-content\/uploads\/2023\/09\/vetorvix1024_1.jpg 1024w, https:\/\/jornalfatosenoticias.com.br\/wp-content\/uploads\/2023\/09\/vetorvix1024_1-300x80.jpg 300w, https:\/\/jornalfatosenoticias.com.br\/wp-content\/uploads\/2023\/09\/vetorvix1024_1-768x205.jpg 768w\" sizes=\"auto, (max-width: 531px) 100vw, 531px\" \/><\/a><\/figure><\/div>\n\n\n\n<p><strong>Fonte: <a href=\"https:\/\/www.gazetadopovo.com.br\/mundo\/apos-brasil-marco-rubio-lidera-campanha-pressao-enfraquecer-ditadura-maduro\/\">Gazeta do Povo<\/a><\/strong><\/p>\n","protected":false},"excerpt":{"rendered":"<p>O secret\u00e1rio de Estado dos EUA, Marco Rubio, foi escolhido por Trump para assumir negocia\u00e7\u00f5es com Brasil e avaliar medidas para enfraquecer a ditadura de Nicol\u00e1s Maduro na Venezuela Por Isabella de Paula Desde que assumiu o cargo de secret\u00e1rio de Estado no governo de Donald Trump, Marco Rubio vem se destacando por liderar campanhas [&hellip;]<\/p>\n","protected":false},"author":2,"featured_media":62708,"comment_status":"open","ping_status":"open","sticky":false,"template":"","format":"standard","meta":{"footnotes":""},"categories":[41],"tags":[13889,2147,159,26356,19097,8605],"class_list":["post-62707","post","type-post","status-publish","format-standard","has-post-thumbnail","hentry","category-internacional","tag-alexandre-de-moraes","tag-donald-trump","tag-eua","tag-marco-rubio","tag-nicolas-maduro","tag-venezuela"],"yoast_head":"<!-- This site is optimized with the Yoast SEO plugin v26.5 - https:\/\/yoast.com\/wordpress\/plugins\/seo\/ -->\n<title>Ap\u00f3s pressionar Brasil, Marco Rubio lidera campanha para enfraquecer ditadura de Maduro - Jornal Fatos e Not\u00edcias<\/title>\n<meta name=\"robots\" content=\"index, follow, max-snippet:-1, max-image-preview:large, max-video-preview:-1\" \/>\n<link rel=\"canonical\" href=\"https:\/\/jornalfatosenoticias.com.br\/index.php\/2025\/10\/22\/apos-pressionar-brasil-marco-rubio-lidera-campanha-para-enfraquecer-ditadura-de-maduro\/\" \/>\n<meta property=\"og:locale\" content=\"pt_BR\" \/>\n<meta property=\"og:type\" content=\"article\" \/>\n<meta property=\"og:title\" content=\"Ap\u00f3s pressionar Brasil, Marco Rubio lidera campanha para enfraquecer ditadura de Maduro - Jornal Fatos e Not\u00edcias\" \/>\n<meta property=\"og:description\" content=\"O secret\u00e1rio de Estado dos EUA, Marco Rubio, foi escolhido por Trump para assumir negocia\u00e7\u00f5es com Brasil e avaliar medidas para enfraquecer a ditadura de Nicol\u00e1s Maduro na Venezuela Por Isabella de Paula Desde que assumiu o cargo de secret\u00e1rio de Estado no governo de Donald Trump, Marco Rubio vem se destacando por liderar campanhas [&hellip;]\" \/>\n<meta property=\"og:url\" content=\"https:\/\/jornalfatosenoticias.com.br\/index.php\/2025\/10\/22\/apos-pressionar-brasil-marco-rubio-lidera-campanha-para-enfraquecer-ditadura-de-maduro\/\" \/>\n<meta property=\"og:site_name\" content=\"Jornal Fatos e Not\u00edcias\" \/>\n<meta property=\"article:published_time\" content=\"2025-10-22T14:44:35+00:00\" \/>\n<meta property=\"article:modified_time\" content=\"2025-10-22T14:44:37+00:00\" \/>\n<meta property=\"og:image\" content=\"https:\/\/jornalfatosenoticias.com.br\/wp-content\/uploads\/2025\/10\/Marco-Rubio-e-Trump_gettyimages.jpg\" \/>\n\t<meta property=\"og:image:width\" content=\"612\" \/>\n\t<meta property=\"og:image:height\" content=\"408\" \/>\n\t<meta property=\"og:image:type\" content=\"image\/jpeg\" \/>\n<meta name=\"author\" content=\"Luzimara Fernandes\" \/>\n<meta name=\"twitter:card\" content=\"summary_large_image\" \/>\n<meta name=\"twitter:label1\" content=\"Escrito por\" \/>\n\t<meta name=\"twitter:data1\" content=\"Luzimara Fernandes\" \/>\n\t<meta name=\"twitter:label2\" content=\"Est. tempo de leitura\" \/>\n\t<meta name=\"twitter:data2\" content=\"4 minutos\" \/>\n<script type=\"application\/ld+json\" class=\"yoast-schema-graph\">{\"@context\":\"https:\/\/schema.org\",\"@graph\":[{\"@type\":\"Article\",\"@id\":\"https:\/\/jornalfatosenoticias.com.br\/index.php\/2025\/10\/22\/apos-pressionar-brasil-marco-rubio-lidera-campanha-para-enfraquecer-ditadura-de-maduro\/#article\",\"isPartOf\":{\"@id\":\"https:\/\/jornalfatosenoticias.com.br\/index.php\/2025\/10\/22\/apos-pressionar-brasil-marco-rubio-lidera-campanha-para-enfraquecer-ditadura-de-maduro\/\"},\"author\":{\"name\":\"Luzimara Fernandes\",\"@id\":\"https:\/\/jornalfatosenoticias.com.br\/#\/schema\/person\/d63837fa13ac8666eb9e74e0985d6f81\"},\"headline\":\"Ap\u00f3s pressionar Brasil, Marco Rubio lidera campanha para enfraquecer ditadura de Maduro\",\"datePublished\":\"2025-10-22T14:44:35+00:00\",\"dateModified\":\"2025-10-22T14:44:37+00:00\",\"mainEntityOfPage\":{\"@id\":\"https:\/\/jornalfatosenoticias.com.br\/index.php\/2025\/10\/22\/apos-pressionar-brasil-marco-rubio-lidera-campanha-para-enfraquecer-ditadura-de-maduro\/\"},\"wordCount\":794,\"commentCount\":0,\"publisher\":{\"@id\":\"https:\/\/jornalfatosenoticias.com.br\/#organization\"},\"image\":{\"@id\":\"https:\/\/jornalfatosenoticias.com.br\/index.php\/2025\/10\/22\/apos-pressionar-brasil-marco-rubio-lidera-campanha-para-enfraquecer-ditadura-de-maduro\/#primaryimage\"},\"thumbnailUrl\":\"https:\/\/jornalfatosenoticias.com.br\/wp-content\/uploads\/2025\/10\/Marco-Rubio-e-Trump_gettyimages.jpg\",\"keywords\":[\"Alexandre de Moraes\",\"Donald Trump\",\"EUA\",\"Marco Rubio\",\"Nicol\u00e1s Maduro\",\"Venezuela\"],\"articleSection\":[\"Internacional\"],\"inLanguage\":\"pt-BR\",\"potentialAction\":[{\"@type\":\"CommentAction\",\"name\":\"Comment\",\"target\":[\"https:\/\/jornalfatosenoticias.com.br\/index.php\/2025\/10\/22\/apos-pressionar-brasil-marco-rubio-lidera-campanha-para-enfraquecer-ditadura-de-maduro\/#respond\"]}]},{\"@type\":\"WebPage\",\"@id\":\"https:\/\/jornalfatosenoticias.com.br\/index.php\/2025\/10\/22\/apos-pressionar-brasil-marco-rubio-lidera-campanha-para-enfraquecer-ditadura-de-maduro\/\",\"url\":\"https:\/\/jornalfatosenoticias.com.br\/index.php\/2025\/10\/22\/apos-pressionar-brasil-marco-rubio-lidera-campanha-para-enfraquecer-ditadura-de-maduro\/\",\"name\":\"Ap\u00f3s pressionar Brasil, Marco Rubio lidera campanha para enfraquecer ditadura de Maduro - Jornal Fatos e Not\u00edcias\",\"isPartOf\":{\"@id\":\"https:\/\/jornalfatosenoticias.com.br\/#website\"},\"primaryImageOfPage\":{\"@id\":\"https:\/\/jornalfatosenoticias.com.br\/index.php\/2025\/10\/22\/apos-pressionar-brasil-marco-rubio-lidera-campanha-para-enfraquecer-ditadura-de-maduro\/#primaryimage\"},\"image\":{\"@id\":\"https:\/\/jornalfatosenoticias.com.br\/index.php\/2025\/10\/22\/apos-pressionar-brasil-marco-rubio-lidera-campanha-para-enfraquecer-ditadura-de-maduro\/#primaryimage\"},\"thumbnailUrl\":\"https:\/\/jornalfatosenoticias.com.br\/wp-content\/uploads\/2025\/10\/Marco-Rubio-e-Trump_gettyimages.jpg\",\"datePublished\":\"2025-10-22T14:44:35+00:00\",\"dateModified\":\"2025-10-22T14:44:37+00:00\",\"breadcrumb\":{\"@id\":\"https:\/\/jornalfatosenoticias.com.br\/index.php\/2025\/10\/22\/apos-pressionar-brasil-marco-rubio-lidera-campanha-para-enfraquecer-ditadura-de-maduro\/#breadcrumb\"},\"inLanguage\":\"pt-BR\",\"potentialAction\":[{\"@type\":\"ReadAction\",\"target\":[\"https:\/\/jornalfatosenoticias.com.br\/index.php\/2025\/10\/22\/apos-pressionar-brasil-marco-rubio-lidera-campanha-para-enfraquecer-ditadura-de-maduro\/\"]}]},{\"@type\":\"ImageObject\",\"inLanguage\":\"pt-BR\",\"@id\":\"https:\/\/jornalfatosenoticias.com.br\/index.php\/2025\/10\/22\/apos-pressionar-brasil-marco-rubio-lidera-campanha-para-enfraquecer-ditadura-de-maduro\/#primaryimage\",\"url\":\"https:\/\/jornalfatosenoticias.com.br\/wp-content\/uploads\/2025\/10\/Marco-Rubio-e-Trump_gettyimages.jpg\",\"contentUrl\":\"https:\/\/jornalfatosenoticias.com.br\/wp-content\/uploads\/2025\/10\/Marco-Rubio-e-Trump_gettyimages.jpg\",\"width\":612,\"height\":408,\"caption\":\"Marco Rubio, US secretary of state, left, and US President Donald Trump during a cabinet meeting at the White House in Washington, DC, US, on Thursday, Oct. 9, 2025. Trump's plan to send hundreds of troops to Oregon and Illinois to counter protests against his immigration crackdown faces two major tests in court Thursday, as state officials continue to raise the alarm about the White House's domestic use of the military. Photographer: Samuel Corum\/Sipa\/Bloomberg via Getty Images\"},{\"@type\":\"BreadcrumbList\",\"@id\":\"https:\/\/jornalfatosenoticias.com.br\/index.php\/2025\/10\/22\/apos-pressionar-brasil-marco-rubio-lidera-campanha-para-enfraquecer-ditadura-de-maduro\/#breadcrumb\",\"itemListElement\":[{\"@type\":\"ListItem\",\"position\":1,\"name\":\"In\u00edcio\",\"item\":\"https:\/\/jornalfatosenoticias.com.br\/\"},{\"@type\":\"ListItem\",\"position\":2,\"name\":\"Ap\u00f3s pressionar Brasil, Marco Rubio lidera campanha para enfraquecer ditadura de Maduro\"}]},{\"@type\":\"WebSite\",\"@id\":\"https:\/\/jornalfatosenoticias.com.br\/#website\",\"url\":\"https:\/\/jornalfatosenoticias.com.br\/\",\"name\":\"Jornal Fatos e Not\u00edcias\",\"description\":\"Not\u00edcias em geral\",\"publisher\":{\"@id\":\"https:\/\/jornalfatosenoticias.com.br\/#organization\"},\"potentialAction\":[{\"@type\":\"SearchAction\",\"target\":{\"@type\":\"EntryPoint\",\"urlTemplate\":\"https:\/\/jornalfatosenoticias.com.br\/?s={search_term_string}\"},\"query-input\":{\"@type\":\"PropertyValueSpecification\",\"valueRequired\":true,\"valueName\":\"search_term_string\"}}],\"inLanguage\":\"pt-BR\"},{\"@type\":\"Organization\",\"@id\":\"https:\/\/jornalfatosenoticias.com.br\/#organization\",\"name\":\"Jornal Fatos e Not\u00edcias\",\"url\":\"https:\/\/jornalfatosenoticias.com.br\/\",\"logo\":{\"@type\":\"ImageObject\",\"inLanguage\":\"pt-BR\",\"@id\":\"https:\/\/jornalfatosenoticias.com.br\/#\/schema\/logo\/image\/\",\"url\":\"https:\/\/jornalfatosenoticias.com.br\/wp-content\/uploads\/2020\/02\/logo120.png\",\"contentUrl\":\"https:\/\/jornalfatosenoticias.com.br\/wp-content\/uploads\/2020\/02\/logo120.png\",\"width\":1227,\"height\":120,\"caption\":\"Jornal Fatos e Not\u00edcias\"},\"image\":{\"@id\":\"https:\/\/jornalfatosenoticias.com.br\/#\/schema\/logo\/image\/\"}},{\"@type\":\"Person\",\"@id\":\"https:\/\/jornalfatosenoticias.com.br\/#\/schema\/person\/d63837fa13ac8666eb9e74e0985d6f81\",\"name\":\"Luzimara Fernandes\",\"image\":{\"@type\":\"ImageObject\",\"inLanguage\":\"pt-BR\",\"@id\":\"https:\/\/jornalfatosenoticias.com.br\/#\/schema\/person\/image\/\",\"url\":\"https:\/\/jornalfatosenoticias.com.br\/wp-content\/uploads\/2025\/05\/EU_portal.jpg\",\"contentUrl\":\"https:\/\/jornalfatosenoticias.com.br\/wp-content\/uploads\/2025\/05\/EU_portal.jpg\",\"caption\":\"Luzimara Fernandes\"},\"description\":\"Jornalista MTB 2358-ES\",\"sameAs\":[\"https:\/\/jornalfatosenoticias.com.br\"],\"url\":\"https:\/\/jornalfatosenoticias.com.br\/index.php\/author\/luzimara\/\"}]}<\/script>\n<!-- \/ Yoast SEO plugin. -->","yoast_head_json":{"title":"Ap\u00f3s pressionar Brasil, Marco Rubio lidera campanha para enfraquecer ditadura de Maduro - Jornal Fatos e Not\u00edcias","robots":{"index":"index","follow":"follow","max-snippet":"max-snippet:-1","max-image-preview":"max-image-preview:large","max-video-preview":"max-video-preview:-1"},"canonical":"https:\/\/jornalfatosenoticias.com.br\/index.php\/2025\/10\/22\/apos-pressionar-brasil-marco-rubio-lidera-campanha-para-enfraquecer-ditadura-de-maduro\/","og_locale":"pt_BR","og_type":"article","og_title":"Ap\u00f3s pressionar Brasil, Marco Rubio lidera campanha para enfraquecer ditadura de Maduro - Jornal Fatos e Not\u00edcias","og_description":"O secret\u00e1rio de Estado dos EUA, Marco Rubio, foi escolhido por Trump para assumir negocia\u00e7\u00f5es com Brasil e avaliar medidas para enfraquecer a ditadura de Nicol\u00e1s Maduro na Venezuela Por Isabella de Paula Desde que assumiu o cargo de secret\u00e1rio de Estado no governo de Donald Trump, Marco Rubio vem se destacando por liderar campanhas [&hellip;]","og_url":"https:\/\/jornalfatosenoticias.com.br\/index.php\/2025\/10\/22\/apos-pressionar-brasil-marco-rubio-lidera-campanha-para-enfraquecer-ditadura-de-maduro\/","og_site_name":"Jornal Fatos e Not\u00edcias","article_published_time":"2025-10-22T14:44:35+00:00","article_modified_time":"2025-10-22T14:44:37+00:00","og_image":[{"width":612,"height":408,"url":"https:\/\/jornalfatosenoticias.com.br\/wp-content\/uploads\/2025\/10\/Marco-Rubio-e-Trump_gettyimages.jpg","type":"image\/jpeg"}],"author":"Luzimara Fernandes","twitter_card":"summary_large_image","twitter_misc":{"Escrito por":"Luzimara Fernandes","Est. tempo de leitura":"4 minutos"},"schema":{"@context":"https:\/\/schema.org","@graph":[{"@type":"Article","@id":"https:\/\/jornalfatosenoticias.com.br\/index.php\/2025\/10\/22\/apos-pressionar-brasil-marco-rubio-lidera-campanha-para-enfraquecer-ditadura-de-maduro\/#article","isPartOf":{"@id":"https:\/\/jornalfatosenoticias.com.br\/index.php\/2025\/10\/22\/apos-pressionar-brasil-marco-rubio-lidera-campanha-para-enfraquecer-ditadura-de-maduro\/"},"author":{"name":"Luzimara Fernandes","@id":"https:\/\/jornalfatosenoticias.com.br\/#\/schema\/person\/d63837fa13ac8666eb9e74e0985d6f81"},"headline":"Ap\u00f3s pressionar Brasil, Marco Rubio lidera campanha para enfraquecer ditadura de Maduro","datePublished":"2025-10-22T14:44:35+00:00","dateModified":"2025-10-22T14:44:37+00:00","mainEntityOfPage":{"@id":"https:\/\/jornalfatosenoticias.com.br\/index.php\/2025\/10\/22\/apos-pressionar-brasil-marco-rubio-lidera-campanha-para-enfraquecer-ditadura-de-maduro\/"},"wordCount":794,"commentCount":0,"publisher":{"@id":"https:\/\/jornalfatosenoticias.com.br\/#organization"},"image":{"@id":"https:\/\/jornalfatosenoticias.com.br\/index.php\/2025\/10\/22\/apos-pressionar-brasil-marco-rubio-lidera-campanha-para-enfraquecer-ditadura-de-maduro\/#primaryimage"},"thumbnailUrl":"https:\/\/jornalfatosenoticias.com.br\/wp-content\/uploads\/2025\/10\/Marco-Rubio-e-Trump_gettyimages.jpg","keywords":["Alexandre de Moraes","Donald Trump","EUA","Marco Rubio","Nicol\u00e1s Maduro","Venezuela"],"articleSection":["Internacional"],"inLanguage":"pt-BR","potentialAction":[{"@type":"CommentAction","name":"Comment","target":["https:\/\/jornalfatosenoticias.com.br\/index.php\/2025\/10\/22\/apos-pressionar-brasil-marco-rubio-lidera-campanha-para-enfraquecer-ditadura-de-maduro\/#respond"]}]},{"@type":"WebPage","@id":"https:\/\/jornalfatosenoticias.com.br\/index.php\/2025\/10\/22\/apos-pressionar-brasil-marco-rubio-lidera-campanha-para-enfraquecer-ditadura-de-maduro\/","url":"https:\/\/jornalfatosenoticias.com.br\/index.php\/2025\/10\/22\/apos-pressionar-brasil-marco-rubio-lidera-campanha-para-enfraquecer-ditadura-de-maduro\/","name":"Ap\u00f3s pressionar Brasil, Marco Rubio lidera campanha para enfraquecer ditadura de Maduro - Jornal Fatos e Not\u00edcias","isPartOf":{"@id":"https:\/\/jornalfatosenoticias.com.br\/#website"},"primaryImageOfPage":{"@id":"https:\/\/jornalfatosenoticias.com.br\/index.php\/2025\/10\/22\/apos-pressionar-brasil-marco-rubio-lidera-campanha-para-enfraquecer-ditadura-de-maduro\/#primaryimage"},"image":{"@id":"https:\/\/jornalfatosenoticias.com.br\/index.php\/2025\/10\/22\/apos-pressionar-brasil-marco-rubio-lidera-campanha-para-enfraquecer-ditadura-de-maduro\/#primaryimage"},"thumbnailUrl":"https:\/\/jornalfatosenoticias.com.br\/wp-content\/uploads\/2025\/10\/Marco-Rubio-e-Trump_gettyimages.jpg","datePublished":"2025-10-22T14:44:35+00:00","dateModified":"2025-10-22T14:44:37+00:00","breadcrumb":{"@id":"https:\/\/jornalfatosenoticias.com.br\/index.php\/2025\/10\/22\/apos-pressionar-brasil-marco-rubio-lidera-campanha-para-enfraquecer-ditadura-de-maduro\/#breadcrumb"},"inLanguage":"pt-BR","potentialAction":[{"@type":"ReadAction","target":["https:\/\/jornalfatosenoticias.com.br\/index.php\/2025\/10\/22\/apos-pressionar-brasil-marco-rubio-lidera-campanha-para-enfraquecer-ditadura-de-maduro\/"]}]},{"@type":"ImageObject","inLanguage":"pt-BR","@id":"https:\/\/jornalfatosenoticias.com.br\/index.php\/2025\/10\/22\/apos-pressionar-brasil-marco-rubio-lidera-campanha-para-enfraquecer-ditadura-de-maduro\/#primaryimage","url":"https:\/\/jornalfatosenoticias.com.br\/wp-content\/uploads\/2025\/10\/Marco-Rubio-e-Trump_gettyimages.jpg","contentUrl":"https:\/\/jornalfatosenoticias.com.br\/wp-content\/uploads\/2025\/10\/Marco-Rubio-e-Trump_gettyimages.jpg","width":612,"height":408,"caption":"Marco Rubio, US secretary of state, left, and US President Donald Trump during a cabinet meeting at the White House in Washington, DC, US, on Thursday, Oct. 9, 2025. Trump's plan to send hundreds of troops to Oregon and Illinois to counter protests against his immigration crackdown faces two major tests in court Thursday, as state officials continue to raise the alarm about the White House's domestic use of the military. Photographer: Samuel Corum\/Sipa\/Bloomberg via Getty Images"},{"@type":"BreadcrumbList","@id":"https:\/\/jornalfatosenoticias.com.br\/index.php\/2025\/10\/22\/apos-pressionar-brasil-marco-rubio-lidera-campanha-para-enfraquecer-ditadura-de-maduro\/#breadcrumb","itemListElement":[{"@type":"ListItem","position":1,"name":"In\u00edcio","item":"https:\/\/jornalfatosenoticias.com.br\/"},{"@type":"ListItem","position":2,"name":"Ap\u00f3s pressionar Brasil, Marco Rubio lidera campanha para enfraquecer ditadura de Maduro"}]},{"@type":"WebSite","@id":"https:\/\/jornalfatosenoticias.com.br\/#website","url":"https:\/\/jornalfatosenoticias.com.br\/","name":"Jornal Fatos e Not\u00edcias","description":"Not\u00edcias em geral","publisher":{"@id":"https:\/\/jornalfatosenoticias.com.br\/#organization"},"potentialAction":[{"@type":"SearchAction","target":{"@type":"EntryPoint","urlTemplate":"https:\/\/jornalfatosenoticias.com.br\/?s={search_term_string}"},"query-input":{"@type":"PropertyValueSpecification","valueRequired":true,"valueName":"search_term_string"}}],"inLanguage":"pt-BR"},{"@type":"Organization","@id":"https:\/\/jornalfatosenoticias.com.br\/#organization","name":"Jornal Fatos e Not\u00edcias","url":"https:\/\/jornalfatosenoticias.com.br\/","logo":{"@type":"ImageObject","inLanguage":"pt-BR","@id":"https:\/\/jornalfatosenoticias.com.br\/#\/schema\/logo\/image\/","url":"https:\/\/jornalfatosenoticias.com.br\/wp-content\/uploads\/2020\/02\/logo120.png","contentUrl":"https:\/\/jornalfatosenoticias.com.br\/wp-content\/uploads\/2020\/02\/logo120.png","width":1227,"height":120,"caption":"Jornal Fatos e Not\u00edcias"},"image":{"@id":"https:\/\/jornalfatosenoticias.com.br\/#\/schema\/logo\/image\/"}},{"@type":"Person","@id":"https:\/\/jornalfatosenoticias.com.br\/#\/schema\/person\/d63837fa13ac8666eb9e74e0985d6f81","name":"Luzimara Fernandes","image":{"@type":"ImageObject","inLanguage":"pt-BR","@id":"https:\/\/jornalfatosenoticias.com.br\/#\/schema\/person\/image\/","url":"https:\/\/jornalfatosenoticias.com.br\/wp-content\/uploads\/2025\/05\/EU_portal.jpg","contentUrl":"https:\/\/jornalfatosenoticias.com.br\/wp-content\/uploads\/2025\/05\/EU_portal.jpg","caption":"Luzimara Fernandes"},"description":"Jornalista MTB 2358-ES","sameAs":["https:\/\/jornalfatosenoticias.com.br"],"url":"https:\/\/jornalfatosenoticias.com.br\/index.php\/author\/luzimara\/"}]}},"cc_featured_image_caption":{"caption_text":"(Foto: Getty Images)","source_text":"","source_url":""},"jetpack_featured_media_url":"https:\/\/jornalfatosenoticias.com.br\/wp-content\/uploads\/2025\/10\/Marco-Rubio-e-Trump_gettyimages.jpg","_links":{"self":[{"href":"https:\/\/jornalfatosenoticias.com.br\/index.php\/wp-json\/wp\/v2\/posts\/62707","targetHints":{"allow":["GET"]}}],"collection":[{"href":"https:\/\/jornalfatosenoticias.com.br\/index.php\/wp-json\/wp\/v2\/posts"}],"about":[{"href":"https:\/\/jornalfatosenoticias.com.br\/index.php\/wp-json\/wp\/v2\/types\/post"}],"author":[{"embeddable":true,"href":"https:\/\/jornalfatosenoticias.com.br\/index.php\/wp-json\/wp\/v2\/users\/2"}],"replies":[{"embeddable":true,"href":"https:\/\/jornalfatosenoticias.com.br\/index.php\/wp-json\/wp\/v2\/comments?post=62707"}],"version-history":[{"count":0,"href":"https:\/\/jornalfatosenoticias.com.br\/index.php\/wp-json\/wp\/v2\/posts\/62707\/revisions"}],"wp:featuredmedia":[{"embeddable":true,"href":"https:\/\/jornalfatosenoticias.com.br\/index.php\/wp-json\/wp\/v2\/media\/62708"}],"wp:attachment":[{"href":"https:\/\/jornalfatosenoticias.com.br\/index.php\/wp-json\/wp\/v2\/media?parent=62707"}],"wp:term":[{"taxonomy":"category","embeddable":true,"href":"https:\/\/jornalfatosenoticias.com.br\/index.php\/wp-json\/wp\/v2\/categories?post=62707"},{"taxonomy":"post_tag","embeddable":true,"href":"https:\/\/jornalfatosenoticias.com.br\/index.php\/wp-json\/wp\/v2\/tags?post=62707"}],"curies":[{"name":"wp","href":"https:\/\/api.w.org\/{rel}","templated":true}]}}