{"id":62710,"date":"2025-10-22T11:55:25","date_gmt":"2025-10-22T14:55:25","guid":{"rendered":"https:\/\/jornalfatosenoticias.com.br\/?p=62710"},"modified":"2025-10-22T11:55:26","modified_gmt":"2025-10-22T14:55:26","slug":"clima-entre-trump-e-putin-amarga-e-russia-mira-creche-na-ucrania","status":"publish","type":"post","link":"https:\/\/jornalfatosenoticias.com.br\/index.php\/2025\/10\/22\/clima-entre-trump-e-putin-amarga-e-russia-mira-creche-na-ucrania\/","title":{"rendered":"Clima entre Trump e Putin amarga e R\u00fassia mira creche na Ucr\u00e2nia"},"content":{"rendered":"\n<p><em><span class=\"has-inline-color has-black-color\">O presidente dos EUA, Donald Trump, e o ditador russo, Vladimir Putin, durante encontro no Alasca, em agosto<\/span><\/em><\/p>\n\n\n\n<p><span class=\"has-inline-color has-black-color\">Por <strong><a href=\"https:\/\/www.gazetadopovo.com.br\/autor\/isabella-de-paula\/\">Isabella de Paula<\/a><\/strong><\/span><\/p>\n\n\n\n<div class=\"wp-block-image\"><figure class=\"aligncenter size-large\"><a href=\"http:\/\/www.ferrarimaquinas.com.br\/\"><img loading=\"lazy\" decoding=\"async\" width=\"1024\" height=\"100\" src=\"https:\/\/jornalfatosenoticias.com.br\/wp-content\/uploads\/2020\/02\/banner_ferramentas-1024x100.jpg\" alt=\"\" class=\"wp-image-1258\" srcset=\"https:\/\/jornalfatosenoticias.com.br\/wp-content\/uploads\/2020\/02\/banner_ferramentas-1024x100.jpg 1024w, https:\/\/jornalfatosenoticias.com.br\/wp-content\/uploads\/2020\/02\/banner_ferramentas-300x29.jpg 300w, https:\/\/jornalfatosenoticias.com.br\/wp-content\/uploads\/2020\/02\/banner_ferramentas-768x75.jpg 768w, https:\/\/jornalfatosenoticias.com.br\/wp-content\/uploads\/2020\/02\/banner_ferramentas.jpg 1227w\" sizes=\"auto, (max-width: 1024px) 100vw, 1024px\" \/><\/a><\/figure><\/div>\n\n\n\n<p>Horas ap\u00f3s o presidente dos Estados Unidos, Donald Trump, anunciar o adiamento de uma c\u00fapula programada em Budapeste no final do m\u00eas com o ditador da R\u00fassia, Vladimir Putin, Moscou lan\u00e7ou um ataque mortal contra usinas de energia e uma creche na Ucr\u00e2nia, deixando pelo menos seis v\u00edtimas fatais at\u00e9 o momento.<br>O l\u00edder da Casa Branca justificou, na ter\u00e7a-feira, que o encontro com Putin seria um desperd\u00edcio de tempo, visto que o chefe do Kremlin n\u00e3o est\u00e1 disposto a negociar com o governo da Ucr\u00e2nia o fim da guerra, recusando novamente uma proposta de cessar-fogo no conflito de tr\u00eas anos.<\/p>\n\n\n\n<div class=\"wp-block-image\"><figure class=\"aligncenter size-large is-resized\"><a href=\"https:\/\/www.instagram.com\/esteio.churrascaria\/\"><img loading=\"lazy\" decoding=\"async\" src=\"https:\/\/jornalfatosenoticias.com.br\/wp-content\/uploads\/2022\/02\/LOGO-ESTEIO-1024x730.png\" alt=\"\" class=\"wp-image-27942\" width=\"330\" height=\"235\" srcset=\"https:\/\/jornalfatosenoticias.com.br\/wp-content\/uploads\/2022\/02\/LOGO-ESTEIO-1024x730.png 1024w, https:\/\/jornalfatosenoticias.com.br\/wp-content\/uploads\/2022\/02\/LOGO-ESTEIO-300x214.png 300w, https:\/\/jornalfatosenoticias.com.br\/wp-content\/uploads\/2022\/02\/LOGO-ESTEIO-768x548.png 768w, https:\/\/jornalfatosenoticias.com.br\/wp-content\/uploads\/2022\/02\/LOGO-ESTEIO.png 1123w\" sizes=\"auto, (max-width: 330px) 100vw, 330px\" \/><\/a><\/figure><\/div>\n\n\n\n<blockquote class=\"wp-block-quote is-layout-flow wp-block-quote-is-layout-flow\"><p><span class=\"has-inline-color has-luminous-vivid-orange-color\">N\u00e3o quero uma reuni\u00e3o in\u00fatil. N\u00e3o quero perder tempo&#8221;, disse Trump ao ser perguntado por jornalistas na Casa Branca sobre os motivos do adiamento do encontro com Putin, previsto inicialmente para daqui a cerca de duas semanas. O Kremlin retrucou nesta quarta dizendo que &#8220;ningu\u00e9m quer perder tempo&#8221;.<\/span><\/p><\/blockquote>\n\n\n\n<div class=\"wp-block-image\"><figure class=\"aligncenter size-large is-resized\"><a href=\"https:\/\/www.instagram.com\/restaurantepegoretti\/\"><img loading=\"lazy\" decoding=\"async\" src=\"https:\/\/jornalfatosenoticias.com.br\/wp-content\/uploads\/2023\/12\/pegoretti-logo-pdf-1024x389.jpg\" alt=\"\" class=\"wp-image-47536\" width=\"511\" height=\"194\" srcset=\"https:\/\/jornalfatosenoticias.com.br\/wp-content\/uploads\/2023\/12\/pegoretti-logo-pdf-1024x389.jpg 1024w, https:\/\/jornalfatosenoticias.com.br\/wp-content\/uploads\/2023\/12\/pegoretti-logo-pdf-300x114.jpg 300w, https:\/\/jornalfatosenoticias.com.br\/wp-content\/uploads\/2023\/12\/pegoretti-logo-pdf-768x291.jpg 768w, https:\/\/jornalfatosenoticias.com.br\/wp-content\/uploads\/2023\/12\/pegoretti-logo-pdf.jpg 1120w\" sizes=\"auto, (max-width: 511px) 100vw, 511px\" \/><\/a><\/figure><\/div>\n\n\n\n<p>Com o adiamento da c\u00fapula, a R\u00fassia voltou a bombardear \u00e1reas civis do territ\u00f3rio ucraniano, incluindo uma creche. Autoridades ucranianas divulgaram imagens de equipes de emerg\u00eancia carregando crian\u00e7as pequenas de um jardim de inf\u00e2ncia em chamas na cidade de Kharkiv, no nordeste do pa\u00eds. De acordo com os dados preliminares, o bombardeio ao jardim de inf\u00e2ncia matou uma pessoa e feriu v\u00e1rias outras.<\/p>\n\n\n\n<div class=\"wp-block-image\"><figure class=\"aligncenter size-large is-resized\"><a href=\"https:\/\/www.facebook.com\/postobkr\/?locale=pt_BR\"><img loading=\"lazy\" decoding=\"async\" src=\"https:\/\/jornalfatosenoticias.com.br\/wp-content\/uploads\/2023\/08\/BKR-1024x1021.jpg\" alt=\"\" class=\"wp-image-44494\" width=\"310\" height=\"309\" srcset=\"https:\/\/jornalfatosenoticias.com.br\/wp-content\/uploads\/2023\/08\/BKR-1024x1021.jpg 1024w, https:\/\/jornalfatosenoticias.com.br\/wp-content\/uploads\/2023\/08\/BKR-300x300.jpg 300w, https:\/\/jornalfatosenoticias.com.br\/wp-content\/uploads\/2023\/08\/BKR-150x150.jpg 150w, https:\/\/jornalfatosenoticias.com.br\/wp-content\/uploads\/2023\/08\/BKR-768x766.jpg 768w, https:\/\/jornalfatosenoticias.com.br\/wp-content\/uploads\/2023\/08\/BKR.jpg 1080w\" sizes=\"auto, (max-width: 310px) 100vw, 310px\" \/><\/a><\/figure><\/div>\n\n\n\n<p>Al\u00e9m da creche, usinas de energia foram atingidas no ataque, deixando parte da popula\u00e7\u00e3o ucraniana sem energia em todo o pa\u00eds, incluindo na capital, Kiev. O presidente Volodymyr Zelensky se manifestou sobre o mais recente ataque russo, dizendo que isso apenas prova que Putin &#8220;claramente n\u00e3o sente press\u00e3o suficiente para parar de prolongar a guerra\u201d.<\/p>\n\n\n\n<div class=\"wp-block-image\"><figure class=\"aligncenter size-large is-resized\"><a href=\"https:\/\/legisjuris.com.br\/\"><img loading=\"lazy\" decoding=\"async\" src=\"https:\/\/jornalfatosenoticias.com.br\/wp-content\/uploads\/2024\/09\/Legis-Juris-Consultoria_logo.jpg\" alt=\"\" class=\"wp-image-53915\" width=\"499\" height=\"209\" srcset=\"https:\/\/jornalfatosenoticias.com.br\/wp-content\/uploads\/2024\/09\/Legis-Juris-Consultoria_logo.jpg 969w, https:\/\/jornalfatosenoticias.com.br\/wp-content\/uploads\/2024\/09\/Legis-Juris-Consultoria_logo-300x126.jpg 300w, https:\/\/jornalfatosenoticias.com.br\/wp-content\/uploads\/2024\/09\/Legis-Juris-Consultoria_logo-768x322.jpg 768w\" sizes=\"auto, (max-width: 499px) 100vw, 499px\" \/><\/a><\/figure><\/div>\n\n\n\n<p>Al\u00e9m dos novos ataques \u00e0 Ucr\u00e2nia, Putin ordenou exerc\u00edcios envolvendo armas nucleares nesta quarta-feira. A iniciativa militar incluiu manobras terrestres, mar\u00edtimas e a\u00e9reas de for\u00e7as nucleares, logo ap\u00f3s o adiamento da c\u00fapula de Budapeste com Donald Trump. Especificamente, as for\u00e7as nucleares lan\u00e7aram um m\u00edssil bal\u00edstico intercontinental Yars \u2014 com alcance de at\u00e9 12 mil quil\u00f4metros \u2014 do Cosm\u00f3dromo de Plesetsk, localizado a quase 800 quil\u00f4metros ao norte de Moscou. O m\u00edssil foi lan\u00e7ado em dire\u00e7\u00e3o ao local de testes de Kura, na Pen\u00ednsula de Kamchatka, a mais de seis mil quil\u00f4metros do local de lan\u00e7amento. Tamb\u00e9m participaram o submarino nuclear Bryansk, que lan\u00e7ou um m\u00edssil bal\u00edstico Sineva do Mar de Barents, e v\u00e1rios bombardeiros estrat\u00e9gicos Tu-95C, que dispararam m\u00edsseis de cruzeiro.<\/p>\n\n\n\n<div class=\"wp-block-image\"><figure class=\"aligncenter size-large is-resized\"><a href=\"https:\/\/www.controlsystems.com.br\/\"><img loading=\"lazy\" decoding=\"async\" src=\"https:\/\/jornalfatosenoticias.com.br\/wp-content\/uploads\/2020\/02\/CONTROL-CS.jpg\" alt=\"\" class=\"wp-image-44991\" width=\"271\" height=\"325\" srcset=\"https:\/\/jornalfatosenoticias.com.br\/wp-content\/uploads\/2020\/02\/CONTROL-CS.jpg 834w, https:\/\/jornalfatosenoticias.com.br\/wp-content\/uploads\/2020\/02\/CONTROL-CS-250x300.jpg 250w, https:\/\/jornalfatosenoticias.com.br\/wp-content\/uploads\/2020\/02\/CONTROL-CS-768x921.jpg 768w\" sizes=\"auto, (max-width: 271px) 100vw, 271px\" \/><\/a><\/figure><\/div>\n\n\n\n<p><strong>Fonte: <a href=\"https:\/\/www.gazetadopovo.com.br\/mundo\/clima-entre-trump-putin-amarga-e-russia-mira-usina-creche-ucrania\/\">Gazeta do Povo<\/a><\/strong><\/p>\n","protected":false},"excerpt":{"rendered":"<p>O presidente dos EUA, Donald Trump, e o ditador russo, Vladimir Putin, durante encontro no Alasca, em agosto Por Isabella de Paula Horas ap\u00f3s o presidente dos Estados Unidos, Donald Trump, anunciar o adiamento de uma c\u00fapula programada em Budapeste no final do m\u00eas com o ditador da R\u00fassia, Vladimir Putin, Moscou lan\u00e7ou um ataque [&hellip;]<\/p>\n","protected":false},"author":2,"featured_media":62711,"comment_status":"open","ping_status":"open","sticky":false,"template":"","format":"standard","meta":{"footnotes":""},"categories":[21374],"tags":[27762,2147,1751,991,10577,1920],"class_list":["post-62710","post","type-post","status-publish","format-standard","has-post-thumbnail","hentry","category-relacoes-internacionais","tag-ditador-russo","tag-donald-trump","tag-estados-unidos","tag-russia","tag-ucrania","tag-vladimir-putin"],"yoast_head":"<!-- This site is optimized with the Yoast SEO plugin v26.5 - https:\/\/yoast.com\/wordpress\/plugins\/seo\/ -->\n<title>Clima entre Trump e Putin amarga e R\u00fassia mira creche na Ucr\u00e2nia - Jornal Fatos e Not\u00edcias<\/title>\n<meta name=\"robots\" content=\"index, follow, max-snippet:-1, max-image-preview:large, max-video-preview:-1\" \/>\n<link rel=\"canonical\" href=\"https:\/\/jornalfatosenoticias.com.br\/index.php\/2025\/10\/22\/clima-entre-trump-e-putin-amarga-e-russia-mira-creche-na-ucrania\/\" \/>\n<meta property=\"og:locale\" content=\"pt_BR\" \/>\n<meta property=\"og:type\" content=\"article\" \/>\n<meta property=\"og:title\" content=\"Clima entre Trump e Putin amarga e R\u00fassia mira creche na Ucr\u00e2nia - Jornal Fatos e Not\u00edcias\" \/>\n<meta property=\"og:description\" content=\"O presidente dos EUA, Donald Trump, e o ditador russo, Vladimir Putin, durante encontro no Alasca, em agosto Por Isabella de Paula Horas ap\u00f3s o presidente dos Estados Unidos, Donald Trump, anunciar o adiamento de uma c\u00fapula programada em Budapeste no final do m\u00eas com o ditador da R\u00fassia, Vladimir Putin, Moscou lan\u00e7ou um ataque [&hellip;]\" \/>\n<meta property=\"og:url\" content=\"https:\/\/jornalfatosenoticias.com.br\/index.php\/2025\/10\/22\/clima-entre-trump-e-putin-amarga-e-russia-mira-creche-na-ucrania\/\" \/>\n<meta property=\"og:site_name\" content=\"Jornal Fatos e Not\u00edcias\" \/>\n<meta property=\"article:published_time\" content=\"2025-10-22T14:55:25+00:00\" \/>\n<meta property=\"article:modified_time\" content=\"2025-10-22T14:55:26+00:00\" \/>\n<meta property=\"og:image\" content=\"https:\/\/jornalfatosenoticias.com.br\/wp-content\/uploads\/2025\/10\/putin-e-trump_gettyimages.jpg\" \/>\n\t<meta property=\"og:image:width\" content=\"612\" \/>\n\t<meta property=\"og:image:height\" content=\"424\" \/>\n\t<meta property=\"og:image:type\" content=\"image\/jpeg\" \/>\n<meta name=\"author\" content=\"Luzimara Fernandes\" \/>\n<meta name=\"twitter:card\" content=\"summary_large_image\" \/>\n<meta name=\"twitter:label1\" content=\"Escrito por\" \/>\n\t<meta name=\"twitter:data1\" content=\"Luzimara Fernandes\" \/>\n\t<meta name=\"twitter:label2\" content=\"Est. tempo de leitura\" \/>\n\t<meta name=\"twitter:data2\" content=\"2 minutos\" \/>\n<script type=\"application\/ld+json\" class=\"yoast-schema-graph\">{\"@context\":\"https:\/\/schema.org\",\"@graph\":[{\"@type\":\"Article\",\"@id\":\"https:\/\/jornalfatosenoticias.com.br\/index.php\/2025\/10\/22\/clima-entre-trump-e-putin-amarga-e-russia-mira-creche-na-ucrania\/#article\",\"isPartOf\":{\"@id\":\"https:\/\/jornalfatosenoticias.com.br\/index.php\/2025\/10\/22\/clima-entre-trump-e-putin-amarga-e-russia-mira-creche-na-ucrania\/\"},\"author\":{\"name\":\"Luzimara Fernandes\",\"@id\":\"https:\/\/jornalfatosenoticias.com.br\/#\/schema\/person\/d63837fa13ac8666eb9e74e0985d6f81\"},\"headline\":\"Clima entre Trump e Putin amarga e R\u00fassia mira creche na Ucr\u00e2nia\",\"datePublished\":\"2025-10-22T14:55:25+00:00\",\"dateModified\":\"2025-10-22T14:55:26+00:00\",\"mainEntityOfPage\":{\"@id\":\"https:\/\/jornalfatosenoticias.com.br\/index.php\/2025\/10\/22\/clima-entre-trump-e-putin-amarga-e-russia-mira-creche-na-ucrania\/\"},\"wordCount\":484,\"commentCount\":0,\"publisher\":{\"@id\":\"https:\/\/jornalfatosenoticias.com.br\/#organization\"},\"image\":{\"@id\":\"https:\/\/jornalfatosenoticias.com.br\/index.php\/2025\/10\/22\/clima-entre-trump-e-putin-amarga-e-russia-mira-creche-na-ucrania\/#primaryimage\"},\"thumbnailUrl\":\"https:\/\/jornalfatosenoticias.com.br\/wp-content\/uploads\/2025\/10\/putin-e-trump_gettyimages.jpg\",\"keywords\":[\"ditador russo\",\"Donald Trump\",\"Estados Unidos\",\"R\u00fassia\",\"Ucr\u00e2nia\",\"Vladimir Putin\"],\"articleSection\":[\"Rela\u00e7\u00f5es Internacionais\"],\"inLanguage\":\"pt-BR\",\"potentialAction\":[{\"@type\":\"CommentAction\",\"name\":\"Comment\",\"target\":[\"https:\/\/jornalfatosenoticias.com.br\/index.php\/2025\/10\/22\/clima-entre-trump-e-putin-amarga-e-russia-mira-creche-na-ucrania\/#respond\"]}]},{\"@type\":\"WebPage\",\"@id\":\"https:\/\/jornalfatosenoticias.com.br\/index.php\/2025\/10\/22\/clima-entre-trump-e-putin-amarga-e-russia-mira-creche-na-ucrania\/\",\"url\":\"https:\/\/jornalfatosenoticias.com.br\/index.php\/2025\/10\/22\/clima-entre-trump-e-putin-amarga-e-russia-mira-creche-na-ucrania\/\",\"name\":\"Clima entre Trump e Putin amarga e R\u00fassia mira creche na Ucr\u00e2nia - Jornal Fatos e Not\u00edcias\",\"isPartOf\":{\"@id\":\"https:\/\/jornalfatosenoticias.com.br\/#website\"},\"primaryImageOfPage\":{\"@id\":\"https:\/\/jornalfatosenoticias.com.br\/index.php\/2025\/10\/22\/clima-entre-trump-e-putin-amarga-e-russia-mira-creche-na-ucrania\/#primaryimage\"},\"image\":{\"@id\":\"https:\/\/jornalfatosenoticias.com.br\/index.php\/2025\/10\/22\/clima-entre-trump-e-putin-amarga-e-russia-mira-creche-na-ucrania\/#primaryimage\"},\"thumbnailUrl\":\"https:\/\/jornalfatosenoticias.com.br\/wp-content\/uploads\/2025\/10\/putin-e-trump_gettyimages.jpg\",\"datePublished\":\"2025-10-22T14:55:25+00:00\",\"dateModified\":\"2025-10-22T14:55:26+00:00\",\"breadcrumb\":{\"@id\":\"https:\/\/jornalfatosenoticias.com.br\/index.php\/2025\/10\/22\/clima-entre-trump-e-putin-amarga-e-russia-mira-creche-na-ucrania\/#breadcrumb\"},\"inLanguage\":\"pt-BR\",\"potentialAction\":[{\"@type\":\"ReadAction\",\"target\":[\"https:\/\/jornalfatosenoticias.com.br\/index.php\/2025\/10\/22\/clima-entre-trump-e-putin-amarga-e-russia-mira-creche-na-ucrania\/\"]}]},{\"@type\":\"ImageObject\",\"inLanguage\":\"pt-BR\",\"@id\":\"https:\/\/jornalfatosenoticias.com.br\/index.php\/2025\/10\/22\/clima-entre-trump-e-putin-amarga-e-russia-mira-creche-na-ucrania\/#primaryimage\",\"url\":\"https:\/\/jornalfatosenoticias.com.br\/wp-content\/uploads\/2025\/10\/putin-e-trump_gettyimages.jpg\",\"contentUrl\":\"https:\/\/jornalfatosenoticias.com.br\/wp-content\/uploads\/2025\/10\/putin-e-trump_gettyimages.jpg\",\"width\":612,\"height\":424,\"caption\":\"ANCHORAGE, ALASKA - AUGUST 15: U.S. President Donald Trump (R) greets Russian President Vladimir Putin as he arrives at Joint Base Elmendorf-Richardson on August 15, 2025 in Anchorage, Alaska. The two leaders are meeting for peace talks aimed at ending the war in Ukraine. (Photo by Andrew Harnik\/Getty Images)\"},{\"@type\":\"BreadcrumbList\",\"@id\":\"https:\/\/jornalfatosenoticias.com.br\/index.php\/2025\/10\/22\/clima-entre-trump-e-putin-amarga-e-russia-mira-creche-na-ucrania\/#breadcrumb\",\"itemListElement\":[{\"@type\":\"ListItem\",\"position\":1,\"name\":\"In\u00edcio\",\"item\":\"https:\/\/jornalfatosenoticias.com.br\/\"},{\"@type\":\"ListItem\",\"position\":2,\"name\":\"Clima entre Trump e Putin amarga e R\u00fassia mira creche na Ucr\u00e2nia\"}]},{\"@type\":\"WebSite\",\"@id\":\"https:\/\/jornalfatosenoticias.com.br\/#website\",\"url\":\"https:\/\/jornalfatosenoticias.com.br\/\",\"name\":\"Jornal Fatos e Not\u00edcias\",\"description\":\"Not\u00edcias em geral\",\"publisher\":{\"@id\":\"https:\/\/jornalfatosenoticias.com.br\/#organization\"},\"potentialAction\":[{\"@type\":\"SearchAction\",\"target\":{\"@type\":\"EntryPoint\",\"urlTemplate\":\"https:\/\/jornalfatosenoticias.com.br\/?s={search_term_string}\"},\"query-input\":{\"@type\":\"PropertyValueSpecification\",\"valueRequired\":true,\"valueName\":\"search_term_string\"}}],\"inLanguage\":\"pt-BR\"},{\"@type\":\"Organization\",\"@id\":\"https:\/\/jornalfatosenoticias.com.br\/#organization\",\"name\":\"Jornal Fatos e Not\u00edcias\",\"url\":\"https:\/\/jornalfatosenoticias.com.br\/\",\"logo\":{\"@type\":\"ImageObject\",\"inLanguage\":\"pt-BR\",\"@id\":\"https:\/\/jornalfatosenoticias.com.br\/#\/schema\/logo\/image\/\",\"url\":\"https:\/\/jornalfatosenoticias.com.br\/wp-content\/uploads\/2020\/02\/logo120.png\",\"contentUrl\":\"https:\/\/jornalfatosenoticias.com.br\/wp-content\/uploads\/2020\/02\/logo120.png\",\"width\":1227,\"height\":120,\"caption\":\"Jornal Fatos e Not\u00edcias\"},\"image\":{\"@id\":\"https:\/\/jornalfatosenoticias.com.br\/#\/schema\/logo\/image\/\"}},{\"@type\":\"Person\",\"@id\":\"https:\/\/jornalfatosenoticias.com.br\/#\/schema\/person\/d63837fa13ac8666eb9e74e0985d6f81\",\"name\":\"Luzimara Fernandes\",\"image\":{\"@type\":\"ImageObject\",\"inLanguage\":\"pt-BR\",\"@id\":\"https:\/\/jornalfatosenoticias.com.br\/#\/schema\/person\/image\/\",\"url\":\"https:\/\/jornalfatosenoticias.com.br\/wp-content\/uploads\/2025\/05\/EU_portal.jpg\",\"contentUrl\":\"https:\/\/jornalfatosenoticias.com.br\/wp-content\/uploads\/2025\/05\/EU_portal.jpg\",\"caption\":\"Luzimara Fernandes\"},\"description\":\"Jornalista MTB 2358-ES\",\"sameAs\":[\"https:\/\/jornalfatosenoticias.com.br\"],\"url\":\"https:\/\/jornalfatosenoticias.com.br\/index.php\/author\/luzimara\/\"}]}<\/script>\n<!-- \/ Yoast SEO plugin. -->","yoast_head_json":{"title":"Clima entre Trump e Putin amarga e R\u00fassia mira creche na Ucr\u00e2nia - Jornal Fatos e Not\u00edcias","robots":{"index":"index","follow":"follow","max-snippet":"max-snippet:-1","max-image-preview":"max-image-preview:large","max-video-preview":"max-video-preview:-1"},"canonical":"https:\/\/jornalfatosenoticias.com.br\/index.php\/2025\/10\/22\/clima-entre-trump-e-putin-amarga-e-russia-mira-creche-na-ucrania\/","og_locale":"pt_BR","og_type":"article","og_title":"Clima entre Trump e Putin amarga e R\u00fassia mira creche na Ucr\u00e2nia - Jornal Fatos e Not\u00edcias","og_description":"O presidente dos EUA, Donald Trump, e o ditador russo, Vladimir Putin, durante encontro no Alasca, em agosto Por Isabella de Paula Horas ap\u00f3s o presidente dos Estados Unidos, Donald Trump, anunciar o adiamento de uma c\u00fapula programada em Budapeste no final do m\u00eas com o ditador da R\u00fassia, Vladimir Putin, Moscou lan\u00e7ou um ataque [&hellip;]","og_url":"https:\/\/jornalfatosenoticias.com.br\/index.php\/2025\/10\/22\/clima-entre-trump-e-putin-amarga-e-russia-mira-creche-na-ucrania\/","og_site_name":"Jornal Fatos e Not\u00edcias","article_published_time":"2025-10-22T14:55:25+00:00","article_modified_time":"2025-10-22T14:55:26+00:00","og_image":[{"width":612,"height":424,"url":"https:\/\/jornalfatosenoticias.com.br\/wp-content\/uploads\/2025\/10\/putin-e-trump_gettyimages.jpg","type":"image\/jpeg"}],"author":"Luzimara Fernandes","twitter_card":"summary_large_image","twitter_misc":{"Escrito por":"Luzimara Fernandes","Est. tempo de leitura":"2 minutos"},"schema":{"@context":"https:\/\/schema.org","@graph":[{"@type":"Article","@id":"https:\/\/jornalfatosenoticias.com.br\/index.php\/2025\/10\/22\/clima-entre-trump-e-putin-amarga-e-russia-mira-creche-na-ucrania\/#article","isPartOf":{"@id":"https:\/\/jornalfatosenoticias.com.br\/index.php\/2025\/10\/22\/clima-entre-trump-e-putin-amarga-e-russia-mira-creche-na-ucrania\/"},"author":{"name":"Luzimara Fernandes","@id":"https:\/\/jornalfatosenoticias.com.br\/#\/schema\/person\/d63837fa13ac8666eb9e74e0985d6f81"},"headline":"Clima entre Trump e Putin amarga e R\u00fassia mira creche na Ucr\u00e2nia","datePublished":"2025-10-22T14:55:25+00:00","dateModified":"2025-10-22T14:55:26+00:00","mainEntityOfPage":{"@id":"https:\/\/jornalfatosenoticias.com.br\/index.php\/2025\/10\/22\/clima-entre-trump-e-putin-amarga-e-russia-mira-creche-na-ucrania\/"},"wordCount":484,"commentCount":0,"publisher":{"@id":"https:\/\/jornalfatosenoticias.com.br\/#organization"},"image":{"@id":"https:\/\/jornalfatosenoticias.com.br\/index.php\/2025\/10\/22\/clima-entre-trump-e-putin-amarga-e-russia-mira-creche-na-ucrania\/#primaryimage"},"thumbnailUrl":"https:\/\/jornalfatosenoticias.com.br\/wp-content\/uploads\/2025\/10\/putin-e-trump_gettyimages.jpg","keywords":["ditador russo","Donald Trump","Estados Unidos","R\u00fassia","Ucr\u00e2nia","Vladimir Putin"],"articleSection":["Rela\u00e7\u00f5es Internacionais"],"inLanguage":"pt-BR","potentialAction":[{"@type":"CommentAction","name":"Comment","target":["https:\/\/jornalfatosenoticias.com.br\/index.php\/2025\/10\/22\/clima-entre-trump-e-putin-amarga-e-russia-mira-creche-na-ucrania\/#respond"]}]},{"@type":"WebPage","@id":"https:\/\/jornalfatosenoticias.com.br\/index.php\/2025\/10\/22\/clima-entre-trump-e-putin-amarga-e-russia-mira-creche-na-ucrania\/","url":"https:\/\/jornalfatosenoticias.com.br\/index.php\/2025\/10\/22\/clima-entre-trump-e-putin-amarga-e-russia-mira-creche-na-ucrania\/","name":"Clima entre Trump e Putin amarga e R\u00fassia mira creche na Ucr\u00e2nia - Jornal Fatos e Not\u00edcias","isPartOf":{"@id":"https:\/\/jornalfatosenoticias.com.br\/#website"},"primaryImageOfPage":{"@id":"https:\/\/jornalfatosenoticias.com.br\/index.php\/2025\/10\/22\/clima-entre-trump-e-putin-amarga-e-russia-mira-creche-na-ucrania\/#primaryimage"},"image":{"@id":"https:\/\/jornalfatosenoticias.com.br\/index.php\/2025\/10\/22\/clima-entre-trump-e-putin-amarga-e-russia-mira-creche-na-ucrania\/#primaryimage"},"thumbnailUrl":"https:\/\/jornalfatosenoticias.com.br\/wp-content\/uploads\/2025\/10\/putin-e-trump_gettyimages.jpg","datePublished":"2025-10-22T14:55:25+00:00","dateModified":"2025-10-22T14:55:26+00:00","breadcrumb":{"@id":"https:\/\/jornalfatosenoticias.com.br\/index.php\/2025\/10\/22\/clima-entre-trump-e-putin-amarga-e-russia-mira-creche-na-ucrania\/#breadcrumb"},"inLanguage":"pt-BR","potentialAction":[{"@type":"ReadAction","target":["https:\/\/jornalfatosenoticias.com.br\/index.php\/2025\/10\/22\/clima-entre-trump-e-putin-amarga-e-russia-mira-creche-na-ucrania\/"]}]},{"@type":"ImageObject","inLanguage":"pt-BR","@id":"https:\/\/jornalfatosenoticias.com.br\/index.php\/2025\/10\/22\/clima-entre-trump-e-putin-amarga-e-russia-mira-creche-na-ucrania\/#primaryimage","url":"https:\/\/jornalfatosenoticias.com.br\/wp-content\/uploads\/2025\/10\/putin-e-trump_gettyimages.jpg","contentUrl":"https:\/\/jornalfatosenoticias.com.br\/wp-content\/uploads\/2025\/10\/putin-e-trump_gettyimages.jpg","width":612,"height":424,"caption":"ANCHORAGE, ALASKA - AUGUST 15: U.S. President Donald Trump (R) greets Russian President Vladimir Putin as he arrives at Joint Base Elmendorf-Richardson on August 15, 2025 in Anchorage, Alaska. The two leaders are meeting for peace talks aimed at ending the war in Ukraine. (Photo by Andrew Harnik\/Getty Images)"},{"@type":"BreadcrumbList","@id":"https:\/\/jornalfatosenoticias.com.br\/index.php\/2025\/10\/22\/clima-entre-trump-e-putin-amarga-e-russia-mira-creche-na-ucrania\/#breadcrumb","itemListElement":[{"@type":"ListItem","position":1,"name":"In\u00edcio","item":"https:\/\/jornalfatosenoticias.com.br\/"},{"@type":"ListItem","position":2,"name":"Clima entre Trump e Putin amarga e R\u00fassia mira creche na Ucr\u00e2nia"}]},{"@type":"WebSite","@id":"https:\/\/jornalfatosenoticias.com.br\/#website","url":"https:\/\/jornalfatosenoticias.com.br\/","name":"Jornal Fatos e Not\u00edcias","description":"Not\u00edcias em geral","publisher":{"@id":"https:\/\/jornalfatosenoticias.com.br\/#organization"},"potentialAction":[{"@type":"SearchAction","target":{"@type":"EntryPoint","urlTemplate":"https:\/\/jornalfatosenoticias.com.br\/?s={search_term_string}"},"query-input":{"@type":"PropertyValueSpecification","valueRequired":true,"valueName":"search_term_string"}}],"inLanguage":"pt-BR"},{"@type":"Organization","@id":"https:\/\/jornalfatosenoticias.com.br\/#organization","name":"Jornal Fatos e Not\u00edcias","url":"https:\/\/jornalfatosenoticias.com.br\/","logo":{"@type":"ImageObject","inLanguage":"pt-BR","@id":"https:\/\/jornalfatosenoticias.com.br\/#\/schema\/logo\/image\/","url":"https:\/\/jornalfatosenoticias.com.br\/wp-content\/uploads\/2020\/02\/logo120.png","contentUrl":"https:\/\/jornalfatosenoticias.com.br\/wp-content\/uploads\/2020\/02\/logo120.png","width":1227,"height":120,"caption":"Jornal Fatos e Not\u00edcias"},"image":{"@id":"https:\/\/jornalfatosenoticias.com.br\/#\/schema\/logo\/image\/"}},{"@type":"Person","@id":"https:\/\/jornalfatosenoticias.com.br\/#\/schema\/person\/d63837fa13ac8666eb9e74e0985d6f81","name":"Luzimara Fernandes","image":{"@type":"ImageObject","inLanguage":"pt-BR","@id":"https:\/\/jornalfatosenoticias.com.br\/#\/schema\/person\/image\/","url":"https:\/\/jornalfatosenoticias.com.br\/wp-content\/uploads\/2025\/05\/EU_portal.jpg","contentUrl":"https:\/\/jornalfatosenoticias.com.br\/wp-content\/uploads\/2025\/05\/EU_portal.jpg","caption":"Luzimara Fernandes"},"description":"Jornalista MTB 2358-ES","sameAs":["https:\/\/jornalfatosenoticias.com.br"],"url":"https:\/\/jornalfatosenoticias.com.br\/index.php\/author\/luzimara\/"}]}},"cc_featured_image_caption":{"caption_text":"(Foto: Getty Images)","source_text":"","source_url":""},"jetpack_featured_media_url":"https:\/\/jornalfatosenoticias.com.br\/wp-content\/uploads\/2025\/10\/putin-e-trump_gettyimages.jpg","_links":{"self":[{"href":"https:\/\/jornalfatosenoticias.com.br\/index.php\/wp-json\/wp\/v2\/posts\/62710","targetHints":{"allow":["GET"]}}],"collection":[{"href":"https:\/\/jornalfatosenoticias.com.br\/index.php\/wp-json\/wp\/v2\/posts"}],"about":[{"href":"https:\/\/jornalfatosenoticias.com.br\/index.php\/wp-json\/wp\/v2\/types\/post"}],"author":[{"embeddable":true,"href":"https:\/\/jornalfatosenoticias.com.br\/index.php\/wp-json\/wp\/v2\/users\/2"}],"replies":[{"embeddable":true,"href":"https:\/\/jornalfatosenoticias.com.br\/index.php\/wp-json\/wp\/v2\/comments?post=62710"}],"version-history":[{"count":0,"href":"https:\/\/jornalfatosenoticias.com.br\/index.php\/wp-json\/wp\/v2\/posts\/62710\/revisions"}],"wp:featuredmedia":[{"embeddable":true,"href":"https:\/\/jornalfatosenoticias.com.br\/index.php\/wp-json\/wp\/v2\/media\/62711"}],"wp:attachment":[{"href":"https:\/\/jornalfatosenoticias.com.br\/index.php\/wp-json\/wp\/v2\/media?parent=62710"}],"wp:term":[{"taxonomy":"category","embeddable":true,"href":"https:\/\/jornalfatosenoticias.com.br\/index.php\/wp-json\/wp\/v2\/categories?post=62710"},{"taxonomy":"post_tag","embeddable":true,"href":"https:\/\/jornalfatosenoticias.com.br\/index.php\/wp-json\/wp\/v2\/tags?post=62710"}],"curies":[{"name":"wp","href":"https:\/\/api.w.org\/{rel}","templated":true}]}}