{"id":62720,"date":"2025-10-23T15:54:39","date_gmt":"2025-10-23T18:54:39","guid":{"rendered":"https:\/\/jornalfatosenoticias.com.br\/?p=62720"},"modified":"2025-10-23T15:57:48","modified_gmt":"2025-10-23T18:57:48","slug":"a-semana-no-brasil-e-no-mundo-gastos-com-diarias-e-passagens-no-governo-lula-saltam-para-r-48-milhoes-por-dia-aponta-transparencia","status":"publish","type":"post","link":"https:\/\/jornalfatosenoticias.com.br\/index.php\/2025\/10\/23\/a-semana-no-brasil-e-no-mundo-gastos-com-diarias-e-passagens-no-governo-lula-saltam-para-r-48-milhoes-por-dia-aponta-transparencia\/","title":{"rendered":"A Semana no Brasil e no Mundo \u2014 Gastos com di\u00e1rias e passagens no governo Lula saltam para R$ 4,8 milh\u00f5es por dia, aponta Transpar\u00eancia"},"content":{"rendered":"\n<div class=\"wp-block-image\"><figure class=\"aligncenter size-large\"><a href=\"https:\/\/mizu.com.br\/\"><img loading=\"lazy\" decoding=\"async\" width=\"729\" height=\"90\" src=\"https:\/\/jornalfatosenoticias.com.br\/wp-content\/uploads\/2020\/02\/Logo_Mizu.png\" alt=\"\" class=\"wp-image-1441\" srcset=\"https:\/\/jornalfatosenoticias.com.br\/wp-content\/uploads\/2020\/02\/Logo_Mizu.png 729w, https:\/\/jornalfatosenoticias.com.br\/wp-content\/uploads\/2020\/02\/Logo_Mizu-300x37.png 300w\" sizes=\"auto, (max-width: 729px) 100vw, 729px\" \/><\/a><\/figure><\/div>\n\n\n\n<p>Os desembolsos federais com di\u00e1rias e passagens mais do que quadruplicaram ao longo de 2025. Levantamento no Portal da Transpar\u00eancia indica que, ap\u00f3s m\u00e9dia di\u00e1ria pr\u00f3xima de R$ 1 milh\u00e3o nos 45 primeiros dias do ano (jan.\u2013fev.), a despesa passou, de mar\u00e7o a meados de outubro, para mais de R$ 4,8 milh\u00f5es por dia. A informa\u00e7\u00e3o \u00e9 do Di\u00e1rio do Poder.<br>No acumulado do ano at\u00e9 a metade de outubro, o governo federal gastou mais de R$ 1,4 bilh\u00e3o com deslocamentos e hospedagens de servidores e ocupantes de cargos em comiss\u00e3o. Os valores n\u00e3o incluem os custos com o uso de aeronaves da For\u00e7a A\u00e9rea Brasileira (FAB) por autoridades \u2014 entre elas Luiz In\u00e1cio Lula da Silva, Janja, e outros 45 agentes com prerrogativa de voo oficial.<\/p>\n\n\n\n<div class=\"wp-block-image\"><figure class=\"aligncenter size-large is-resized\"><a href=\"https:\/\/www.facebook.com\/profile.php?id=100069289606145\"><img loading=\"lazy\" decoding=\"async\" src=\"https:\/\/jornalfatosenoticias.com.br\/wp-content\/uploads\/2024\/11\/Guaitolini-Contabilidade-1024x714.jpeg\" alt=\"\" class=\"wp-image-55808\" width=\"283\" height=\"197\" srcset=\"https:\/\/jornalfatosenoticias.com.br\/wp-content\/uploads\/2024\/11\/Guaitolini-Contabilidade-1024x714.jpeg 1024w, https:\/\/jornalfatosenoticias.com.br\/wp-content\/uploads\/2024\/11\/Guaitolini-Contabilidade-300x209.jpeg 300w, https:\/\/jornalfatosenoticias.com.br\/wp-content\/uploads\/2024\/11\/Guaitolini-Contabilidade-768x535.jpeg 768w, https:\/\/jornalfatosenoticias.com.br\/wp-content\/uploads\/2024\/11\/Guaitolini-Contabilidade.jpeg 1280w\" sizes=\"auto, (max-width: 283px) 100vw, 283px\" \/><\/a><\/figure><\/div>\n\n\n\n<p>A escalada das despesas ocorre em um contexto de ampla disponibilidade de ferramentas de videoconfer\u00eancia, que reduziram a necessidade de deslocamentos em diversas \u00e1reas da administra\u00e7\u00e3o p\u00fablica. Procurado por dados p\u00fablicos, o Portal da Transpar\u00eancia registra apenas os n\u00fameros; at\u00e9 a publica\u00e7\u00e3o deste texto n\u00e3o h\u00e1 justificativa detalhada no sistema para a varia\u00e7\u00e3o das despesas. <strong>(Fonte: Hora Bras\u00edlia)<\/strong><\/p>\n\n\n\n<div class=\"wp-block-image\"><figure class=\"aligncenter size-large is-resized\"><a href=\"https:\/\/www.instagram.com\/esteio.churrascaria\/\"><img loading=\"lazy\" decoding=\"async\" src=\"https:\/\/jornalfatosenoticias.com.br\/wp-content\/uploads\/2022\/02\/LOGO-ESTEIO-1024x730.png\" alt=\"\" class=\"wp-image-27942\" width=\"337\" height=\"240\" srcset=\"https:\/\/jornalfatosenoticias.com.br\/wp-content\/uploads\/2022\/02\/LOGO-ESTEIO-1024x730.png 1024w, https:\/\/jornalfatosenoticias.com.br\/wp-content\/uploads\/2022\/02\/LOGO-ESTEIO-300x214.png 300w, https:\/\/jornalfatosenoticias.com.br\/wp-content\/uploads\/2022\/02\/LOGO-ESTEIO-768x548.png 768w, https:\/\/jornalfatosenoticias.com.br\/wp-content\/uploads\/2022\/02\/LOGO-ESTEIO.png 1123w\" sizes=\"auto, (max-width: 337px) 100vw, 337px\" \/><\/a><\/figure><\/div>\n\n\n\n<hr class=\"wp-block-separator\"\/>\n\n\n\n<h4 class=\"wp-block-heading\"><span class=\"has-inline-color has-black-color\">Enviados de Trump se re\u00fanem com Netanyahu para conter risco de colapso do cessar-fogo em Gaza<\/span><\/h4>\n\n\n\n<div class=\"wp-block-image\"><figure class=\"aligncenter size-large\"><img loading=\"lazy\" decoding=\"async\" width=\"612\" height=\"408\" src=\"https:\/\/jornalfatosenoticias.com.br\/wp-content\/uploads\/2025\/10\/Donal-Trump-e-Benjamin-Netanyahu_gettyimages.jpg\" alt=\"\" class=\"wp-image-62725\" srcset=\"https:\/\/jornalfatosenoticias.com.br\/wp-content\/uploads\/2025\/10\/Donal-Trump-e-Benjamin-Netanyahu_gettyimages.jpg 612w, https:\/\/jornalfatosenoticias.com.br\/wp-content\/uploads\/2025\/10\/Donal-Trump-e-Benjamin-Netanyahu_gettyimages-300x200.jpg 300w\" sizes=\"auto, (max-width: 612px) 100vw, 612px\" \/><figcaption><em><span class=\"has-inline-color has-black-color\">(Foto: Getty Images)<\/span><\/em><\/figcaption><\/figure><\/div>\n\n\n\n<p>O enviado especial da Casa Branca para o Oriente M\u00e9dio, Steve Witkoff, e Jared Kushner, genro do presidente Donald Trump, reuniram-se, na segunda-feira (20), com o primeiro-ministro de Israel, Benjamin Netanyahu, em meio \u00e0 escalada de tens\u00e3o na Faixa de Gaza que amea\u00e7ou o fr\u00e1gil acordo de cessar-fogo. Segundo autoridades israelenses, os negociadores norte-americanos discutem a implementa\u00e7\u00e3o da tr\u00e9gua e, ainda hoje, se encontrar\u00e3o com mediadores do Egito e do Catar. Esta \u00e9 a segunda visita da equipe de Trump \u00e0 regi\u00e3o pouco mais de uma semana ap\u00f3s a entrada em vigor do acordo, que permitiu o retorno dos \u00faltimos 20 sobreviventes mantidos ref\u00e9ns pelo Hamas.<\/p>\n\n\n\n<div class=\"wp-block-image\"><figure class=\"aligncenter size-large is-resized\"><a href=\"https:\/\/www.instagram.com\/serra4x4cambioautomatico\/\"><img loading=\"lazy\" decoding=\"async\" src=\"https:\/\/jornalfatosenoticias.com.br\/wp-content\/uploads\/2024\/08\/Serra-4x4-1-886x1024.jpg\" alt=\"\" class=\"wp-image-53632\" width=\"272\" height=\"314\" srcset=\"https:\/\/jornalfatosenoticias.com.br\/wp-content\/uploads\/2024\/08\/Serra-4x4-1-886x1024.jpg 886w, https:\/\/jornalfatosenoticias.com.br\/wp-content\/uploads\/2024\/08\/Serra-4x4-1-260x300.jpg 260w, https:\/\/jornalfatosenoticias.com.br\/wp-content\/uploads\/2024\/08\/Serra-4x4-1-768x888.jpg 768w, https:\/\/jornalfatosenoticias.com.br\/wp-content\/uploads\/2024\/08\/Serra-4x4-1.jpg 1181w\" sizes=\"auto, (max-width: 272px) 100vw, 272px\" \/><\/a><\/figure><\/div>\n\n\n\n<p>Apesar dos resgates, 16 corpos de ref\u00e9ns que, pelo cronograma, j\u00e1 deveriam ter sido entregues \u00e0s fam\u00edlias ainda n\u00e3o foram repatriados, informaram autoridades israelenses. O Hamas sinalizou que liberar\u00e1 mais um corpo nesta segunda; a Cruz Vermelha confirmou. Mais cedo, as For\u00e7as de Defesa de Israel (FDI) relataram ter eliminado combatentes que cruzaram a \u201cLinha Amarela\u201d \u2014 zona tamp\u00e3o definida no acordo e para a qual tropas israelenses se retiraram \u2014 em Khan Younis, no sul de Gaza. Conforme comunicado, os indiv\u00edduos se aproximaram \u201cde forma a representar amea\u00e7a iminente\u201d, o que levou ao acionamento da For\u00e7a A\u00e9rea para o ataque. Desde o in\u00edcio da tr\u00e9gua, ambos os lados trocam acusa\u00e7\u00f5es de viola\u00e7\u00e3o.<\/p>\n\n\n\n<div class=\"wp-block-image\"><figure class=\"aligncenter size-large\"><a href=\"http:\/\/www.ferrarimaquinas.com.br\/\"><img loading=\"lazy\" decoding=\"async\" width=\"300\" height=\"250\" src=\"https:\/\/jornalfatosenoticias.com.br\/wp-content\/uploads\/2022\/02\/FERRARI_MAQUINAS-E-FERRAMENTAS2.jpg\" alt=\"\" class=\"wp-image-27860\"\/><\/a><\/figure><\/div>\n\n\n\n<p>O vice-presidente dos EUA, J.D. Vance, deve visitar Israel ainda nesta semana para monitorar a implementa\u00e7\u00e3o do cessar-fogo e refor\u00e7ar os mecanismos de verifica\u00e7\u00e3o. Ap\u00f3s a agenda com Netanyahu, Witkoff e Kushner buscar\u00e3o alinhamento com Egito e Catar para evitar ruptura do acordo, considerado central para a estabilidade regional e a devolu\u00e7\u00e3o integral dos ref\u00e9ns \u2014 vivos e falecidos. <strong>(Fonte: Hora Bras\u00edlia)<\/strong><\/p>\n\n\n\n<div class=\"wp-block-image\"><figure class=\"aligncenter size-large is-resized\"><a href=\"https:\/\/www.instagram.com\/restaurantepegoretti\/\"><img loading=\"lazy\" decoding=\"async\" src=\"https:\/\/jornalfatosenoticias.com.br\/wp-content\/uploads\/2023\/12\/pegoretti-logo-pdf-1024x389.jpg\" alt=\"\" class=\"wp-image-47536\" width=\"499\" height=\"189\" srcset=\"https:\/\/jornalfatosenoticias.com.br\/wp-content\/uploads\/2023\/12\/pegoretti-logo-pdf-1024x389.jpg 1024w, https:\/\/jornalfatosenoticias.com.br\/wp-content\/uploads\/2023\/12\/pegoretti-logo-pdf-300x114.jpg 300w, https:\/\/jornalfatosenoticias.com.br\/wp-content\/uploads\/2023\/12\/pegoretti-logo-pdf-768x291.jpg 768w, https:\/\/jornalfatosenoticias.com.br\/wp-content\/uploads\/2023\/12\/pegoretti-logo-pdf.jpg 1120w\" sizes=\"auto, (max-width: 499px) 100vw, 499px\" \/><\/a><\/figure><\/div>\n\n\n\n<hr class=\"wp-block-separator\"\/>\n\n\n\n<h4 class=\"wp-block-heading\"><span class=\"has-inline-color has-black-color\">Governo Lula corta Bolsa Fam\u00edlia de 2,7 milh\u00f5es de benefici\u00e1rios que recebiam sob Bolsonaro<\/span><\/h4>\n\n\n\n<div class=\"wp-block-image\"><figure class=\"aligncenter size-large\"><img loading=\"lazy\" decoding=\"async\" width=\"1000\" height=\"666\" src=\"https:\/\/jornalfatosenoticias.com.br\/wp-content\/uploads\/2025\/10\/CORTES-BOLSA-FAMILIA.jpeg\" alt=\"\" class=\"wp-image-62724\" srcset=\"https:\/\/jornalfatosenoticias.com.br\/wp-content\/uploads\/2025\/10\/CORTES-BOLSA-FAMILIA.jpeg 1000w, https:\/\/jornalfatosenoticias.com.br\/wp-content\/uploads\/2025\/10\/CORTES-BOLSA-FAMILIA-300x200.jpeg 300w, https:\/\/jornalfatosenoticias.com.br\/wp-content\/uploads\/2025\/10\/CORTES-BOLSA-FAMILIA-768x511.jpeg 768w\" sizes=\"auto, (max-width: 1000px) 100vw, 1000px\" \/><figcaption><em><span class=\"has-inline-color has-black-color\">(Foto: Ricardo Stuckert\/PR)<\/span><\/em><\/figcaption><\/figure><\/div>\n\n\n\n<p><span class=\"has-inline-color has-black-color\">Por <strong>Raul Holderf Nascimento<\/strong><br><\/span>O n\u00famero de fam\u00edlias atendidas pelo Bolsa Fam\u00edlia caiu para 18,9 milh\u00f5es em outubro, atingindo o menor n\u00edvel registrado durante o terceiro mandato de Luiz In\u00e1cio Lula da Silva (PT), conforme levantamento do Poder360. O patamar atual \u00e9 o mais baixo desde julho de 2022, quando o programa contabilizava 18,1 milh\u00f5es de benefici\u00e1rios. Desde o fim do governo Jair Bolsonaro (PL), em dezembro de 2022, o saldo negativo \u00e9 de 2,7 milh\u00f5es de cadastros. As exclus\u00f5es se intensificaram a partir de julho deste ano.<\/p>\n\n\n\n<div class=\"wp-block-image\"><figure class=\"aligncenter size-large is-resized\"><a href=\"https:\/\/www.controlsystems.com.br\/\"><img loading=\"lazy\" decoding=\"async\" src=\"https:\/\/jornalfatosenoticias.com.br\/wp-content\/uploads\/2020\/02\/CONTROL-CS.jpg\" alt=\"\" class=\"wp-image-44991\" width=\"278\" height=\"334\" srcset=\"https:\/\/jornalfatosenoticias.com.br\/wp-content\/uploads\/2020\/02\/CONTROL-CS.jpg 834w, https:\/\/jornalfatosenoticias.com.br\/wp-content\/uploads\/2020\/02\/CONTROL-CS-250x300.jpg 250w, https:\/\/jornalfatosenoticias.com.br\/wp-content\/uploads\/2020\/02\/CONTROL-CS-768x921.jpg 768w\" sizes=\"auto, (max-width: 278px) 100vw, 278px\" \/><\/a><\/figure><\/div>\n\n\n\n<p>Segundo o governo, a redu\u00e7\u00e3o decorre de um pente-fino no Cadastro \u00danico, iniciado ap\u00f3s uma reformula\u00e7\u00e3o do sistema em mar\u00e7o de 2025. A atualiza\u00e7\u00e3o autom\u00e1tica de dados de renda passou a ser utilizada como ferramenta para identificar o que a gest\u00e3o lulopetista chama de \u2018inconsist\u00eancias\u2019 no programa. A justificativa oficial \u00e9 de que muitos benefici\u00e1rios foram desligados por j\u00e1 n\u00e3o atenderem mais aos crit\u00e9rios de elegibilidade, seja por aumento da renda familiar ou por informa\u00e7\u00f5es supostamente irregulares. O Planalto, apesar disso, n\u00e3o detalha quantas exclus\u00f5es ocorreram por motivo de renda versus desligamentos autom\u00e1ticos ou contestados.<\/p>\n\n\n\n<div class=\"wp-block-image\"><figure class=\"aligncenter size-large is-resized\"><a href=\"https:\/\/panper.com.br\/\"><img loading=\"lazy\" decoding=\"async\" src=\"https:\/\/jornalfatosenoticias.com.br\/wp-content\/uploads\/2023\/03\/logo-Panper_portal.jpg\" alt=\"\" class=\"wp-image-40208\" width=\"319\" height=\"221\" srcset=\"https:\/\/jornalfatosenoticias.com.br\/wp-content\/uploads\/2023\/03\/logo-Panper_portal.jpg 400w, https:\/\/jornalfatosenoticias.com.br\/wp-content\/uploads\/2023\/03\/logo-Panper_portal-300x208.jpg 300w\" sizes=\"auto, (max-width: 319px) 100vw, 319px\" \/><\/a><\/figure><\/div>\n\n\n\n<p>Atualmente, o valor m\u00e9dio pago pelo programa \u00e9 de R$ 683,42. Em dezembro de 2019, antes da pandemia, o benef\u00edcio m\u00e9dio era de R$ 191,77, o que representa um aumento de 256,4% no per\u00edodo, bem acima da infla\u00e7\u00e3o acumulada, que foi de 39,9%. Em termos fiscais, o custo do Bolsa Fam\u00edlia em outubro foi de R$ 12,9 bilh\u00f5es. Para compara\u00e7\u00e3o, em janeiro de 2022, o programa representava uma despesa mensal de R$ 3,7 bilh\u00f5es, diferen\u00e7a de quase R$ 10 bilh\u00f5es.<\/p>\n\n\n\n<div class=\"wp-block-image\"><figure class=\"aligncenter size-large is-resized\"><a href=\"https:\/\/www.facebook.com\/postobkr\/?locale=pt_BR\"><img loading=\"lazy\" decoding=\"async\" src=\"https:\/\/jornalfatosenoticias.com.br\/wp-content\/uploads\/2023\/08\/BKR-1024x1021.jpg\" alt=\"\" class=\"wp-image-44494\" width=\"282\" height=\"281\" srcset=\"https:\/\/jornalfatosenoticias.com.br\/wp-content\/uploads\/2023\/08\/BKR-1024x1021.jpg 1024w, https:\/\/jornalfatosenoticias.com.br\/wp-content\/uploads\/2023\/08\/BKR-300x300.jpg 300w, https:\/\/jornalfatosenoticias.com.br\/wp-content\/uploads\/2023\/08\/BKR-150x150.jpg 150w, https:\/\/jornalfatosenoticias.com.br\/wp-content\/uploads\/2023\/08\/BKR-768x766.jpg 768w, https:\/\/jornalfatosenoticias.com.br\/wp-content\/uploads\/2023\/08\/BKR.jpg 1080w\" sizes=\"auto, (max-width: 282px) 100vw, 282px\" \/><\/a><\/figure><\/div>\n\n\n\n<p>A distribui\u00e7\u00e3o regional dos atuais benefici\u00e1rios mostra maior concentra\u00e7\u00e3o no Nordeste e Sudeste. Segundo o Minist\u00e9rio do Desenvolvimento Social, o Nordeste conta com 8,8 milh\u00f5es de fam\u00edlias atendidas, seguido pelo Sudeste com 5,3 milh\u00f5es, o Norte com 2,5 milh\u00f5es, o Sul com 1,3 milh\u00e3o e o Centro-Oeste com 994 mil fam\u00edlias. A maior redu\u00e7\u00e3o no n\u00famero de inscritos tamb\u00e9m ocorreu no Nordeste e no Sudeste, com recuo de 1,1 milh\u00e3o em cada uma das regi\u00f5es. O Sul teve 181,4 mil exclus\u00f5es, o Norte 159,4 mil e o Centro-Oeste 157,4 mil.<strong> (Fonte: Conex\u00e3o Pol\u00edtica)<\/strong><\/p>\n\n\n\n<div class=\"wp-block-image\"><figure class=\"aligncenter size-large is-resized\"><a href=\"https:\/\/www.facebook.com\/vetor.vix\/\"><img loading=\"lazy\" decoding=\"async\" src=\"https:\/\/jornalfatosenoticias.com.br\/wp-content\/uploads\/2023\/09\/vetorvix1024_1.jpg\" alt=\"\" class=\"wp-image-44868\" width=\"543\" height=\"144\" srcset=\"https:\/\/jornalfatosenoticias.com.br\/wp-content\/uploads\/2023\/09\/vetorvix1024_1.jpg 1024w, https:\/\/jornalfatosenoticias.com.br\/wp-content\/uploads\/2023\/09\/vetorvix1024_1-300x80.jpg 300w, https:\/\/jornalfatosenoticias.com.br\/wp-content\/uploads\/2023\/09\/vetorvix1024_1-768x205.jpg 768w\" sizes=\"auto, (max-width: 543px) 100vw, 543px\" \/><\/a><\/figure><\/div>\n\n\n\n<hr class=\"wp-block-separator\"\/>\n\n\n\n<h4 class=\"wp-block-heading\"><span class=\"has-inline-color has-black-color\">Peru declara estado de emerg\u00eancia para combater o crime organizado<\/span><\/h4>\n\n\n\n<div class=\"wp-block-image\"><figure class=\"aligncenter size-large\"><img loading=\"lazy\" decoding=\"async\" width=\"1024\" height=\"550\" src=\"https:\/\/jornalfatosenoticias.com.br\/wp-content\/uploads\/2025\/10\/presidente-Peru-1024x550.jpg\" alt=\"\" class=\"wp-image-62723\" srcset=\"https:\/\/jornalfatosenoticias.com.br\/wp-content\/uploads\/2025\/10\/presidente-Peru-1024x550.jpg 1024w, https:\/\/jornalfatosenoticias.com.br\/wp-content\/uploads\/2025\/10\/presidente-Peru-300x161.jpg 300w, https:\/\/jornalfatosenoticias.com.br\/wp-content\/uploads\/2025\/10\/presidente-Peru-768x413.jpg 768w, https:\/\/jornalfatosenoticias.com.br\/wp-content\/uploads\/2025\/10\/presidente-Peru.jpg 1033w\" sizes=\"auto, (max-width: 1024px) 100vw, 1024px\" \/><figcaption><span class=\"has-inline-color has-black-color\"><em>(Foto: Reprodu\u00e7\u00e3o)<\/em><\/span><\/figcaption><\/figure><\/div>\n\n\n\n<p>O presidente do Peru, Jos\u00e9 Jer\u00ed, decretou, na ter\u00e7a-feira (21), estado de emerg\u00eancia em Lima e na cidade de Callao, vizinha \u00e0 capital, para deter a onda de viol\u00eancia e extors\u00f5es atribu\u00eddas ao crime organizado. \u201cHoje come\u00e7amos a mudar a hist\u00f3ria na luta contra a inseguran\u00e7a no Peru\u201d, acrescentou o presidente rec\u00e9m-chegado ao poder.<\/p>\n\n\n\n<div class=\"wp-block-image\"><figure class=\"aligncenter size-large\"><a href=\"https:\/\/www.cesconetto.com.br\/\"><img loading=\"lazy\" decoding=\"async\" width=\"300\" height=\"250\" src=\"https:\/\/jornalfatosenoticias.com.br\/wp-content\/uploads\/2020\/02\/Banner-2.png\" alt=\"\" class=\"wp-image-43787\"\/><\/a><\/figure><\/div>\n\n\n\n<p>Sob o estado de emerg\u00eancia, o governo pode ordenar que as for\u00e7as armadas saiam \u00e0s ruas para patrulhar a cidade e colaborar com a pol\u00edcia na manuten\u00e7\u00e3o da ordem. O governo tamb\u00e9m pode restringir ou suspender determinadas liberdades p\u00fablicas, como o direito de reuni\u00e3o e a inviolabilidade do domic\u00edlio. A medida \u00e9 a primeira a\u00e7\u00e3o de grande escala tomada pelo governo em quase duas semanas no poder, em um pa\u00eds que considera a inseguran\u00e7a uma de suas principais preocupa\u00e7\u00f5es.<\/p>\n\n\n\n<div class=\"wp-block-image\"><figure class=\"aligncenter size-large is-resized\"><a href=\"https:\/\/www.instagram.com\/rcradiadores\/\"><img loading=\"lazy\" decoding=\"async\" src=\"https:\/\/jornalfatosenoticias.com.br\/wp-content\/uploads\/2022\/10\/RC_800x750_page-0001.jpg\" alt=\"\" class=\"wp-image-35338\" width=\"297\" height=\"278\" srcset=\"https:\/\/jornalfatosenoticias.com.br\/wp-content\/uploads\/2022\/10\/RC_800x750_page-0001.jpg 400w, https:\/\/jornalfatosenoticias.com.br\/wp-content\/uploads\/2022\/10\/RC_800x750_page-0001-300x281.jpg 300w\" sizes=\"auto, (max-width: 297px) 100vw, 297px\" \/><\/a><\/figure><\/div>\n\n\n\n<p>\u201cPassamos da defensiva para a ofensiva na luta contra o crime, uma luta que nos permitir\u00e1 recuperar a paz, a tranquilidade e a confian\u00e7a de milh\u00f5es de peruanos\u201d, afirmou Jer\u00ed, cercado por seu gabinete ministerial. A capital peruana j\u00e1 esteve parcialmente sob estado de emerg\u00eancia entre mar\u00e7o e julho do ano passado, ap\u00f3s o assassinato de um cantor popular. Em Lima e Callao vivem mais de 10 milh\u00f5es de pessoas. <strong>(Fonte: O Antagonista)<\/strong><\/p>\n\n\n\n<div class=\"wp-block-image\"><figure class=\"aligncenter size-large is-resized\"><a href=\"https:\/\/hotelmarquetti.com.br\/\"><img loading=\"lazy\" decoding=\"async\" src=\"https:\/\/jornalfatosenoticias.com.br\/wp-content\/uploads\/2020\/02\/LOGO-MQ-1024x680.jpg\" alt=\"\" class=\"wp-image-58299\" width=\"343\" height=\"228\" srcset=\"https:\/\/jornalfatosenoticias.com.br\/wp-content\/uploads\/2020\/02\/LOGO-MQ-1024x680.jpg 1024w, https:\/\/jornalfatosenoticias.com.br\/wp-content\/uploads\/2020\/02\/LOGO-MQ-300x199.jpg 300w, https:\/\/jornalfatosenoticias.com.br\/wp-content\/uploads\/2020\/02\/LOGO-MQ-768x510.jpg 768w, https:\/\/jornalfatosenoticias.com.br\/wp-content\/uploads\/2020\/02\/LOGO-MQ-1536x1020.jpg 1536w, https:\/\/jornalfatosenoticias.com.br\/wp-content\/uploads\/2020\/02\/LOGO-MQ-2048x1360.jpg 2048w\" sizes=\"auto, (max-width: 343px) 100vw, 343px\" \/><\/a><\/figure><\/div>\n\n\n\n<hr class=\"wp-block-separator\"\/>\n\n\n\n<h4 class=\"wp-block-heading\"><span class=\"has-inline-color has-black-color\">Com rombo e contas externas deterioradas, Brasil sob Lula vive \u2018terrorismo fiscal\u2019 semelhante ao fim de 2014<\/span><\/h4>\n\n\n\n<div class=\"wp-block-image\"><figure class=\"aligncenter size-large\"><img loading=\"lazy\" decoding=\"async\" width=\"1000\" height=\"666\" src=\"https:\/\/jornalfatosenoticias.com.br\/wp-content\/uploads\/2025\/10\/rombo-nas-contas-publicas-nine-e-anta.jpg\" alt=\"\" class=\"wp-image-62722\" srcset=\"https:\/\/jornalfatosenoticias.com.br\/wp-content\/uploads\/2025\/10\/rombo-nas-contas-publicas-nine-e-anta.jpg 1000w, https:\/\/jornalfatosenoticias.com.br\/wp-content\/uploads\/2025\/10\/rombo-nas-contas-publicas-nine-e-anta-300x200.jpg 300w, https:\/\/jornalfatosenoticias.com.br\/wp-content\/uploads\/2025\/10\/rombo-nas-contas-publicas-nine-e-anta-768x511.jpg 768w\" sizes=\"auto, (max-width: 1000px) 100vw, 1000px\" \/><figcaption><em><span class=\"has-inline-color has-black-color\">(Foto: Ricardo Stuckert\/PR)<\/span><\/em><\/figcaption><\/figure><\/div>\n\n\n\n<p><span class=\"has-inline-color has-black-color\">Por <strong>Raul Holderf Nascimento<\/strong><br><\/span>A pouco mais de um ano das elei\u00e7\u00f5es de 2026, o Brasil volta a enfrentar um quadro de desequil\u00edbrio macroecon\u00f4mico, com a deteriora\u00e7\u00e3o simult\u00e2nea das contas p\u00fablicas e externas, revivendo os chamados \u201cd\u00e9ficits g\u00eameos\u201d. O momento, segundo especialistas ouvidos pela <em>Folha de S.Paulo<\/em>, guarda semelhan\u00e7as com a conjuntura observada no segundo mandato de Dilma Rousseff, antes da crise fiscal e do impeachment.<\/p>\n\n\n\n<div class=\"wp-block-image\"><figure class=\"aligncenter size-large is-resized\"><a href=\"https:\/\/legisjuris.com.br\/\"><img loading=\"lazy\" decoding=\"async\" src=\"https:\/\/jornalfatosenoticias.com.br\/wp-content\/uploads\/2024\/09\/Legis-Juris-Consultoria_logo.jpg\" alt=\"\" class=\"wp-image-53915\" width=\"513\" height=\"215\" srcset=\"https:\/\/jornalfatosenoticias.com.br\/wp-content\/uploads\/2024\/09\/Legis-Juris-Consultoria_logo.jpg 969w, https:\/\/jornalfatosenoticias.com.br\/wp-content\/uploads\/2024\/09\/Legis-Juris-Consultoria_logo-300x126.jpg 300w, https:\/\/jornalfatosenoticias.com.br\/wp-content\/uploads\/2024\/09\/Legis-Juris-Consultoria_logo-768x322.jpg 768w\" sizes=\"auto, (max-width: 513px) 100vw, 513px\" \/><\/a><\/figure><\/div>\n\n\n\n<p>Os d\u00e9ficits g\u00eameos ocorrem quando um pa\u00eds apresenta, ao mesmo tempo, um d\u00e9ficit nominal elevado (no resultado fiscal) e um d\u00e9ficit em conta corrente (nas transa\u00e7\u00f5es com o exterior). Ambos os indicadores se agravaram durante o terceiro mandato de Luiz In\u00e1cio Lula da Silva (PT), impulsionados por um aumento dos gastos p\u00fablicos e um aquecimento econ\u00f4mico considerado artificial por analistas.<\/p>\n\n\n\n<div class=\"wp-block-image\"><figure class=\"aligncenter size-large is-resized\"><a href=\"https:\/\/www.facebook.com\/profile.php?id=100069289606145\"><img loading=\"lazy\" decoding=\"async\" src=\"https:\/\/jornalfatosenoticias.com.br\/wp-content\/uploads\/2024\/11\/Guaitolini-Contabilidade-1024x714.jpeg\" alt=\"\" class=\"wp-image-55808\" width=\"342\" height=\"238\" srcset=\"https:\/\/jornalfatosenoticias.com.br\/wp-content\/uploads\/2024\/11\/Guaitolini-Contabilidade-1024x714.jpeg 1024w, https:\/\/jornalfatosenoticias.com.br\/wp-content\/uploads\/2024\/11\/Guaitolini-Contabilidade-300x209.jpeg 300w, https:\/\/jornalfatosenoticias.com.br\/wp-content\/uploads\/2024\/11\/Guaitolini-Contabilidade-768x535.jpeg 768w, https:\/\/jornalfatosenoticias.com.br\/wp-content\/uploads\/2024\/11\/Guaitolini-Contabilidade.jpeg 1280w\" sizes=\"auto, (max-width: 342px) 100vw, 342px\" \/><\/a><\/figure><\/div>\n\n\n\n<p>No campo fiscal, os dados mostram acelera\u00e7\u00e3o das despesas com juros da d\u00edvida p\u00fablica, que se aproximaram de R$ 1 trilh\u00e3o nos 12 meses encerrados em julho. A taxa Selic em 15% tem elevado o custo da rolagem da d\u00edvida, resultando em um d\u00e9ficit nominal de 7,12% do PIB no governo central. O n\u00famero sobe para 8,5% ao considerar estados e munic\u00edpios. Destes, 8 pontos percentuais s\u00e3o atribu\u00eddos exclusivamente aos juros.<\/p>\n\n\n\n<div class=\"wp-block-image\"><figure class=\"aligncenter size-large is-resized\"><a href=\"https:\/\/www.instagram.com\/gruposei\/\"><img loading=\"lazy\" decoding=\"async\" src=\"https:\/\/jornalfatosenoticias.com.br\/wp-content\/uploads\/2022\/07\/Logo-Grupo-SEI.jpg\" alt=\"\" class=\"wp-image-31973\" width=\"377\" height=\"198\" srcset=\"https:\/\/jornalfatosenoticias.com.br\/wp-content\/uploads\/2022\/07\/Logo-Grupo-SEI.jpg 713w, https:\/\/jornalfatosenoticias.com.br\/wp-content\/uploads\/2022\/07\/Logo-Grupo-SEI-300x158.jpg 300w\" sizes=\"auto, (max-width: 377px) 100vw, 377px\" \/><\/a><\/figure><\/div>\n\n\n\n<p>A d\u00edvida p\u00fablica bruta tamb\u00e9m avan\u00e7ou. Em julho, atingiu 77,5% do PIB, com alta de seis pontos percentuais desde o in\u00edcio do atual governo. Para os analistas, poucos pa\u00edses aumentaram tanto seu endividamento em t\u00e3o pouco tempo. A aus\u00eancia de super\u00e1vits prim\u00e1rios recorrentes impede que o pa\u00eds abata parte desse passivo, agravando o quadro estrutural. <strong>(Fonte: Conex\u00e3o Pol\u00edtica)<\/strong><\/p>\n\n\n\n<div class=\"wp-block-image\"><figure class=\"aligncenter size-large is-resized\"><a href=\"https:\/\/www.instagram.com\/esteio.churrascaria\/\"><img loading=\"lazy\" decoding=\"async\" src=\"https:\/\/jornalfatosenoticias.com.br\/wp-content\/uploads\/2022\/02\/LOGO-ESTEIO-1024x730.png\" alt=\"\" class=\"wp-image-27942\" width=\"289\" height=\"206\" srcset=\"https:\/\/jornalfatosenoticias.com.br\/wp-content\/uploads\/2022\/02\/LOGO-ESTEIO-1024x730.png 1024w, https:\/\/jornalfatosenoticias.com.br\/wp-content\/uploads\/2022\/02\/LOGO-ESTEIO-300x214.png 300w, https:\/\/jornalfatosenoticias.com.br\/wp-content\/uploads\/2022\/02\/LOGO-ESTEIO-768x548.png 768w, https:\/\/jornalfatosenoticias.com.br\/wp-content\/uploads\/2022\/02\/LOGO-ESTEIO.png 1123w\" sizes=\"auto, (max-width: 289px) 100vw, 289px\" \/><\/a><\/figure><\/div>\n\n\n\n<hr class=\"wp-block-separator\"\/>\n\n\n\n<h4 class=\"wp-block-heading\"><span class=\"has-inline-color has-black-color\">Justi\u00e7a dos EUA adia senten\u00e7a de \u2018El Pollo\u2019 e aponta colabora\u00e7\u00e3o maior que a esperada com as autoridades<\/span><\/h4>\n\n\n\n<div class=\"wp-block-image\"><figure class=\"aligncenter size-large\"><img loading=\"lazy\" decoding=\"async\" width=\"1000\" height=\"668\" src=\"https:\/\/jornalfatosenoticias.com.br\/wp-content\/uploads\/2025\/10\/El-Pollo-delacao-eua.jpg\" alt=\"\" class=\"wp-image-62721\" srcset=\"https:\/\/jornalfatosenoticias.com.br\/wp-content\/uploads\/2025\/10\/El-Pollo-delacao-eua.jpg 1000w, https:\/\/jornalfatosenoticias.com.br\/wp-content\/uploads\/2025\/10\/El-Pollo-delacao-eua-300x200.jpg 300w, https:\/\/jornalfatosenoticias.com.br\/wp-content\/uploads\/2025\/10\/El-Pollo-delacao-eua-768x513.jpg 768w\" sizes=\"auto, (max-width: 1000px) 100vw, 1000px\" \/><figcaption><em><span class=\"has-inline-color has-black-color\">(Foto: Presid\u00eancias da Rep\u00fablica)<\/span><\/em><\/figcaption><\/figure><\/div>\n\n\n\n<p><span class=\"has-inline-color has-black-color\">Por <strong>Raul Holderf Nascimento<\/strong><br><\/span>A Justi\u00e7a dos Estados Unidos decidiu adiar o julgamento de Hugo Armando Carvajal-Barrios, ex-general e chefe da intelig\u00eancia militar da Venezuela, de 29 de outubro para 19 de novembro de 2025. A altera\u00e7\u00e3o consta em despacho oficial assinado pelo juiz Alvin K. Hellerstein, da Corte do Distrito Sul de Nova York, conforme documento registrado no sistema judicial norte-americano em 17 de outubro.<\/p>\n\n\n\n<div class=\"wp-block-image\"><figure class=\"aligncenter size-large is-resized\"><a href=\"https:\/\/www.instagram.com\/restaurantepegoretti\/\"><img loading=\"lazy\" decoding=\"async\" src=\"https:\/\/jornalfatosenoticias.com.br\/wp-content\/uploads\/2023\/12\/pegoretti-logo-pdf-1024x389.jpg\" alt=\"\" class=\"wp-image-47536\" width=\"538\" height=\"204\" srcset=\"https:\/\/jornalfatosenoticias.com.br\/wp-content\/uploads\/2023\/12\/pegoretti-logo-pdf-1024x389.jpg 1024w, https:\/\/jornalfatosenoticias.com.br\/wp-content\/uploads\/2023\/12\/pegoretti-logo-pdf-300x114.jpg 300w, https:\/\/jornalfatosenoticias.com.br\/wp-content\/uploads\/2023\/12\/pegoretti-logo-pdf-768x291.jpg 768w, https:\/\/jornalfatosenoticias.com.br\/wp-content\/uploads\/2023\/12\/pegoretti-logo-pdf.jpg 1120w\" sizes=\"auto, (max-width: 538px) 100vw, 538px\" \/><\/a><\/figure><\/div>\n\n\n\n<p>A nova data turbina os ind\u00edcios de que Carvajal, conhecido como \u201cEl Pollo\u201d, esteja colaborando com as autoridades americanas em uma escala maior do que inicialmente divulgado. A expectativa \u00e9 que ele forne\u00e7a provas adicionais em troca de uma poss\u00edvel redu\u00e7\u00e3o de pena. Preso nos Estados Unidos desde sua extradi\u00e7\u00e3o da Espanha em 2023, Carvajal se declarou culpado em audi\u00eancia recente por quatro acusa\u00e7\u00f5es ligadas ao narcotr\u00e1fico e ao narcoterrorismo. Ele admitiu fazer parte do chamado Cartel de los Soles, organiza\u00e7\u00e3o criminosa infiltrada nas For\u00e7as Armadas venezuelanas e rotulada como grupo terrorista pelo governo norte-americano. Tamb\u00e9m reconheceu colabora\u00e7\u00e3o com as For\u00e7as Armadas Revolucion\u00e1rias da Col\u00f4mbia (FARCs) e participa\u00e7\u00e3o no transporte de grandes carregamentos de coca\u00edna destinados ao mercado da Am\u00e9rica do Norte.<\/p>\n\n\n\n<div class=\"wp-block-image\"><figure class=\"aligncenter size-large is-resized\"><a href=\"https:\/\/www.instagram.com\/serra4x4cambioautomatico\/\"><img loading=\"lazy\" decoding=\"async\" src=\"https:\/\/jornalfatosenoticias.com.br\/wp-content\/uploads\/2024\/08\/Serra-4x4-1-886x1024.jpg\" alt=\"\" class=\"wp-image-53632\" width=\"258\" height=\"298\" srcset=\"https:\/\/jornalfatosenoticias.com.br\/wp-content\/uploads\/2024\/08\/Serra-4x4-1-886x1024.jpg 886w, https:\/\/jornalfatosenoticias.com.br\/wp-content\/uploads\/2024\/08\/Serra-4x4-1-260x300.jpg 260w, https:\/\/jornalfatosenoticias.com.br\/wp-content\/uploads\/2024\/08\/Serra-4x4-1-768x888.jpg 768w, https:\/\/jornalfatosenoticias.com.br\/wp-content\/uploads\/2024\/08\/Serra-4x4-1.jpg 1181w\" sizes=\"auto, (max-width: 258px) 100vw, 258px\" \/><\/a><\/figure><\/div>\n\n\n\n<p>Com a confiss\u00e3o, o tribunal abriu espa\u00e7o para uma nova audi\u00eancia, permitindo que Carvajal apresente informa\u00e7\u00f5es complementares que possam contribuir para investiga\u00e7\u00f5es em curso. A pena estimada de at\u00e9 20 anos de pris\u00e3o poder\u00e1 ser reconsiderada caso sua coopera\u00e7\u00e3o seja considerada decisiva pelos promotores.<br>Al\u00e9m dos v\u00ednculos com o tr\u00e1fico de drogas, Carvajal est\u00e1 fornecendo detalhes sobre o uso pol\u00edtico de recursos da estatal petroleira PDVSA em opera\u00e7\u00f5es de financiamento a partidos e lideran\u00e7as de esquerda em diferentes pa\u00edses.<\/p>\n\n\n\n<div class=\"wp-block-image\"><figure class=\"aligncenter size-large is-resized\"><a href=\"https:\/\/panper.com.br\/\"><img loading=\"lazy\" decoding=\"async\" src=\"https:\/\/jornalfatosenoticias.com.br\/wp-content\/uploads\/2023\/03\/logo-Panper_portal.jpg\" alt=\"\" class=\"wp-image-40208\" width=\"303\" height=\"210\" srcset=\"https:\/\/jornalfatosenoticias.com.br\/wp-content\/uploads\/2023\/03\/logo-Panper_portal.jpg 400w, https:\/\/jornalfatosenoticias.com.br\/wp-content\/uploads\/2023\/03\/logo-Panper_portal-300x208.jpg 300w\" sizes=\"auto, (max-width: 303px) 100vw, 303px\" \/><\/a><\/figure><\/div>\n\n\n\n<p>Segundo reportagens publicadas pelos portais The Objective, da Espanha, e Infobae, da Argentina, ele afirma possuir documentos que comprovam os repasses internacionais. Entre os benefici\u00e1rios citados est\u00e3o os ex-presidentes N\u00e9stor Kirchner (Argentina), Evo Morales (Bol\u00edvia), Luiz In\u00e1cio Lula da Silva (Brasil), Fernando Lugo (Paraguai), Ollanta Humala (Peru), Manuel Zelaya (Honduras) e o atual presidente colombiano Gustavo Petro. Tamb\u00e9m foram mencionados o partido Podemos (Espanha), o Movimento 5 Estrelas (It\u00e1lia) e o ide\u00f3logo italiano Gianroberto Casaleggio, que teria recebido 3,5 milh\u00f5es de euros por meio de mala diplom\u00e1tica, com autoriza\u00e7\u00e3o de Nicol\u00e1s Maduro e execu\u00e7\u00e3o do ent\u00e3o ministro do Interior, Tareck El Aissami.<\/p>\n\n\n\n<div class=\"wp-block-image\"><figure class=\"aligncenter size-large is-resized\"><a href=\"https:\/\/www.facebook.com\/postobkr\/?locale=pt_BR\"><img loading=\"lazy\" decoding=\"async\" src=\"https:\/\/jornalfatosenoticias.com.br\/wp-content\/uploads\/2023\/08\/BKR-1024x1021.jpg\" alt=\"\" class=\"wp-image-44494\" width=\"261\" height=\"260\" srcset=\"https:\/\/jornalfatosenoticias.com.br\/wp-content\/uploads\/2023\/08\/BKR-1024x1021.jpg 1024w, https:\/\/jornalfatosenoticias.com.br\/wp-content\/uploads\/2023\/08\/BKR-300x300.jpg 300w, https:\/\/jornalfatosenoticias.com.br\/wp-content\/uploads\/2023\/08\/BKR-150x150.jpg 150w, https:\/\/jornalfatosenoticias.com.br\/wp-content\/uploads\/2023\/08\/BKR-768x766.jpg 768w, https:\/\/jornalfatosenoticias.com.br\/wp-content\/uploads\/2023\/08\/BKR.jpg 1080w\" sizes=\"auto, (max-width: 261px) 100vw, 261px\" \/><\/a><\/figure><\/div>\n\n\n\n<p>A continuidade dessa colabora\u00e7\u00e3o pode ampliar o escopo do caso Carvajal e fortalecer investiga\u00e7\u00f5es internacionais sobre conex\u00f5es entre tr\u00e1fico de drogas, corrup\u00e7\u00e3o e financiamento pol\u00edtico transnacional. <strong>(Fonte: Conex\u00e3o Pol\u00edtica)<\/strong><\/p>\n\n\n\n<div class=\"wp-block-image\"><figure class=\"aligncenter size-large\"><a href=\"https:\/\/mizu.com.br\/\"><img loading=\"lazy\" decoding=\"async\" width=\"729\" height=\"90\" src=\"https:\/\/jornalfatosenoticias.com.br\/wp-content\/uploads\/2020\/02\/Logo_Mizu.png\" alt=\"\" class=\"wp-image-1441\" srcset=\"https:\/\/jornalfatosenoticias.com.br\/wp-content\/uploads\/2020\/02\/Logo_Mizu.png 729w, https:\/\/jornalfatosenoticias.com.br\/wp-content\/uploads\/2020\/02\/Logo_Mizu-300x37.png 300w\" sizes=\"auto, (max-width: 729px) 100vw, 729px\" \/><\/a><\/figure><\/div>\n\n\n\n<hr class=\"wp-block-separator\"\/>\n","protected":false},"excerpt":{"rendered":"<p>Os desembolsos federais com di\u00e1rias e passagens mais do que quadruplicaram ao longo de 2025. Levantamento no Portal da Transpar\u00eancia indica que, ap\u00f3s m\u00e9dia di\u00e1ria pr\u00f3xima de R$ 1 milh\u00e3o nos 45 primeiros dias do ano (jan.\u2013fev.), a despesa passou, de mar\u00e7o a meados de outubro, para mais de R$ 4,8 milh\u00f5es por dia. A [&hellip;]<\/p>\n","protected":false},"author":3,"featured_media":62727,"comment_status":"open","ping_status":"open","sticky":false,"template":"","format":"standard","meta":{"footnotes":""},"categories":[10],"tags":[28596,28599,22480,597,25524,28603,28604,28602,14689,14144,13991,2147,240,5472,13099,28601,16691,28595,20664,21582,1795,18997,28600,13870,28598,28597,19097,28594,147,1001,8961,18849],"class_list":["post-62720","post","type-post","status-publish","format-standard","has-post-thumbnail","hentry","category-politica","tag-terrorismo-fiscal","tag-el-pollo","tag-benjamin-netanyahu","tag-brasil","tag-cessar-fogo","tag-contas-externas-deterioradas","tag-cortes-bolsa-familia","tag-crime-organizado-peru","tag-deficit","tag-dilma","tag-dilma-rousseff","tag-donald-trump","tag-economia","tag-evo-morales","tag-faixa-de-gaza","tag-fernando-lugo","tag-forcas-de-defesa-de-israel","tag-gastos-no-governo-lula","tag-gustavo-petro","tag-hamas","tag-jair-bolsonaro","tag-janja","tag-jose-jeri","tag-luiz-inacio-lula-da-silva","tag-manuel-zelaya","tag-nestor-kirchner","tag-nicolas-maduro","tag-ollanta-humala","tag-oriente-medio","tag-peru","tag-portal-da-transparencia","tag-rombo-nas-contas-publicas"],"yoast_head":"<!-- This site is optimized with the Yoast SEO plugin v26.5 - https:\/\/yoast.com\/wordpress\/plugins\/seo\/ -->\n<title>A Semana no Brasil e no Mundo \u2014 Gastos com di\u00e1rias e passagens no governo Lula saltam para R$ 4,8 milh\u00f5es por dia, aponta Transpar\u00eancia - Jornal Fatos e Not\u00edcias<\/title>\n<meta name=\"robots\" content=\"index, follow, max-snippet:-1, max-image-preview:large, max-video-preview:-1\" \/>\n<link rel=\"canonical\" href=\"https:\/\/jornalfatosenoticias.com.br\/index.php\/2025\/10\/23\/a-semana-no-brasil-e-no-mundo-gastos-com-diarias-e-passagens-no-governo-lula-saltam-para-r-48-milhoes-por-dia-aponta-transparencia\/\" \/>\n<meta property=\"og:locale\" content=\"pt_BR\" \/>\n<meta property=\"og:type\" content=\"article\" \/>\n<meta property=\"og:title\" content=\"A Semana no Brasil e no Mundo \u2014 Gastos com di\u00e1rias e passagens no governo Lula saltam para R$ 4,8 milh\u00f5es por dia, aponta Transpar\u00eancia - Jornal Fatos e Not\u00edcias\" \/>\n<meta property=\"og:description\" content=\"Os desembolsos federais com di\u00e1rias e passagens mais do que quadruplicaram ao longo de 2025. Levantamento no Portal da Transpar\u00eancia indica que, ap\u00f3s m\u00e9dia di\u00e1ria pr\u00f3xima de R$ 1 milh\u00e3o nos 45 primeiros dias do ano (jan.\u2013fev.), a despesa passou, de mar\u00e7o a meados de outubro, para mais de R$ 4,8 milh\u00f5es por dia. A [&hellip;]\" \/>\n<meta property=\"og:url\" content=\"https:\/\/jornalfatosenoticias.com.br\/index.php\/2025\/10\/23\/a-semana-no-brasil-e-no-mundo-gastos-com-diarias-e-passagens-no-governo-lula-saltam-para-r-48-milhoes-por-dia-aponta-transparencia\/\" \/>\n<meta property=\"og:site_name\" content=\"Jornal Fatos e Not\u00edcias\" \/>\n<meta property=\"article:published_time\" content=\"2025-10-23T18:54:39+00:00\" \/>\n<meta property=\"article:modified_time\" content=\"2025-10-23T18:57:48+00:00\" \/>\n<meta property=\"og:image\" content=\"https:\/\/jornalfatosenoticias.com.br\/wp-content\/uploads\/2025\/10\/Gastos-com-diarias-e-passagens-no-governo-Lula_ABr.jpg\" \/>\n\t<meta property=\"og:image:width\" content=\"780\" \/>\n\t<meta property=\"og:image:height\" content=\"470\" \/>\n\t<meta property=\"og:image:type\" content=\"image\/jpeg\" \/>\n<meta name=\"author\" content=\"Haroldo Filho\" \/>\n<meta name=\"twitter:card\" content=\"summary_large_image\" \/>\n<meta name=\"twitter:label1\" content=\"Escrito por\" \/>\n\t<meta name=\"twitter:data1\" content=\"Haroldo Filho\" \/>\n\t<meta name=\"twitter:label2\" content=\"Est. tempo de leitura\" \/>\n\t<meta name=\"twitter:data2\" content=\"10 minutos\" \/>\n<script type=\"application\/ld+json\" class=\"yoast-schema-graph\">{\"@context\":\"https:\/\/schema.org\",\"@graph\":[{\"@type\":\"Article\",\"@id\":\"https:\/\/jornalfatosenoticias.com.br\/index.php\/2025\/10\/23\/a-semana-no-brasil-e-no-mundo-gastos-com-diarias-e-passagens-no-governo-lula-saltam-para-r-48-milhoes-por-dia-aponta-transparencia\/#article\",\"isPartOf\":{\"@id\":\"https:\/\/jornalfatosenoticias.com.br\/index.php\/2025\/10\/23\/a-semana-no-brasil-e-no-mundo-gastos-com-diarias-e-passagens-no-governo-lula-saltam-para-r-48-milhoes-por-dia-aponta-transparencia\/\"},\"author\":{\"name\":\"Haroldo Filho\",\"@id\":\"https:\/\/jornalfatosenoticias.com.br\/#\/schema\/person\/05c46cc25b42a5c27e004fb0fa6b4965\"},\"headline\":\"A Semana no Brasil e no Mundo \u2014 Gastos com di\u00e1rias e passagens no governo Lula saltam para R$ 4,8 milh\u00f5es por dia, aponta Transpar\u00eancia\",\"datePublished\":\"2025-10-23T18:54:39+00:00\",\"dateModified\":\"2025-10-23T18:57:48+00:00\",\"mainEntityOfPage\":{\"@id\":\"https:\/\/jornalfatosenoticias.com.br\/index.php\/2025\/10\/23\/a-semana-no-brasil-e-no-mundo-gastos-com-diarias-e-passagens-no-governo-lula-saltam-para-r-48-milhoes-por-dia-aponta-transparencia\/\"},\"wordCount\":1982,\"commentCount\":0,\"publisher\":{\"@id\":\"https:\/\/jornalfatosenoticias.com.br\/#organization\"},\"image\":{\"@id\":\"https:\/\/jornalfatosenoticias.com.br\/index.php\/2025\/10\/23\/a-semana-no-brasil-e-no-mundo-gastos-com-diarias-e-passagens-no-governo-lula-saltam-para-r-48-milhoes-por-dia-aponta-transparencia\/#primaryimage\"},\"thumbnailUrl\":\"https:\/\/jornalfatosenoticias.com.br\/wp-content\/uploads\/2025\/10\/Gastos-com-diarias-e-passagens-no-governo-Lula_ABr.jpg\",\"keywords\":[\"\u2018terrorismo fiscal\u2019\",\"\u201cEl Pollo\u201d\",\"Benjamin Netanyahu\",\"Brasil\",\"cessar-fogo\",\"contas externas deterioradas\",\"cortes Bolsa Fam\u00edlia\",\"crime organizado Peru\",\"d\u00e9ficit\",\"Dilma\",\"Dilma Rousseff\",\"Donald Trump\",\"economia\",\"Evo Morales\",\"Faixa de Gaza\",\"Fernando Lugo\",\"For\u00e7as de Defesa de Israel\",\"gastos no governo Lula\",\"Gustavo Petro\",\"Hamas\",\"Jair Bolsonaro\",\"Janja\",\"Jos\u00e9 Jer\u00ed\",\"Luiz In\u00e1cio Lula da Silva\",\"Manuel Zelaya\",\"N\u00e9stor Kirchner\",\"Nicol\u00e1s Maduro\",\"Ollanta Humala\",\"Oriente M\u00e9dio\",\"Peru\",\"Portal da Transpar\u00eancia\",\"rombo nas contas p\u00fablicas\"],\"articleSection\":[\"Pol\u00edtica\"],\"inLanguage\":\"pt-BR\",\"potentialAction\":[{\"@type\":\"CommentAction\",\"name\":\"Comment\",\"target\":[\"https:\/\/jornalfatosenoticias.com.br\/index.php\/2025\/10\/23\/a-semana-no-brasil-e-no-mundo-gastos-com-diarias-e-passagens-no-governo-lula-saltam-para-r-48-milhoes-por-dia-aponta-transparencia\/#respond\"]}]},{\"@type\":\"WebPage\",\"@id\":\"https:\/\/jornalfatosenoticias.com.br\/index.php\/2025\/10\/23\/a-semana-no-brasil-e-no-mundo-gastos-com-diarias-e-passagens-no-governo-lula-saltam-para-r-48-milhoes-por-dia-aponta-transparencia\/\",\"url\":\"https:\/\/jornalfatosenoticias.com.br\/index.php\/2025\/10\/23\/a-semana-no-brasil-e-no-mundo-gastos-com-diarias-e-passagens-no-governo-lula-saltam-para-r-48-milhoes-por-dia-aponta-transparencia\/\",\"name\":\"A Semana no Brasil e no Mundo \u2014 Gastos com di\u00e1rias e passagens no governo Lula saltam para R$ 4,8 milh\u00f5es por dia, aponta Transpar\u00eancia - Jornal Fatos e Not\u00edcias\",\"isPartOf\":{\"@id\":\"https:\/\/jornalfatosenoticias.com.br\/#website\"},\"primaryImageOfPage\":{\"@id\":\"https:\/\/jornalfatosenoticias.com.br\/index.php\/2025\/10\/23\/a-semana-no-brasil-e-no-mundo-gastos-com-diarias-e-passagens-no-governo-lula-saltam-para-r-48-milhoes-por-dia-aponta-transparencia\/#primaryimage\"},\"image\":{\"@id\":\"https:\/\/jornalfatosenoticias.com.br\/index.php\/2025\/10\/23\/a-semana-no-brasil-e-no-mundo-gastos-com-diarias-e-passagens-no-governo-lula-saltam-para-r-48-milhoes-por-dia-aponta-transparencia\/#primaryimage\"},\"thumbnailUrl\":\"https:\/\/jornalfatosenoticias.com.br\/wp-content\/uploads\/2025\/10\/Gastos-com-diarias-e-passagens-no-governo-Lula_ABr.jpg\",\"datePublished\":\"2025-10-23T18:54:39+00:00\",\"dateModified\":\"2025-10-23T18:57:48+00:00\",\"breadcrumb\":{\"@id\":\"https:\/\/jornalfatosenoticias.com.br\/index.php\/2025\/10\/23\/a-semana-no-brasil-e-no-mundo-gastos-com-diarias-e-passagens-no-governo-lula-saltam-para-r-48-milhoes-por-dia-aponta-transparencia\/#breadcrumb\"},\"inLanguage\":\"pt-BR\",\"potentialAction\":[{\"@type\":\"ReadAction\",\"target\":[\"https:\/\/jornalfatosenoticias.com.br\/index.php\/2025\/10\/23\/a-semana-no-brasil-e-no-mundo-gastos-com-diarias-e-passagens-no-governo-lula-saltam-para-r-48-milhoes-por-dia-aponta-transparencia\/\"]}]},{\"@type\":\"ImageObject\",\"inLanguage\":\"pt-BR\",\"@id\":\"https:\/\/jornalfatosenoticias.com.br\/index.php\/2025\/10\/23\/a-semana-no-brasil-e-no-mundo-gastos-com-diarias-e-passagens-no-governo-lula-saltam-para-r-48-milhoes-por-dia-aponta-transparencia\/#primaryimage\",\"url\":\"https:\/\/jornalfatosenoticias.com.br\/wp-content\/uploads\/2025\/10\/Gastos-com-diarias-e-passagens-no-governo-Lula_ABr.jpg\",\"contentUrl\":\"https:\/\/jornalfatosenoticias.com.br\/wp-content\/uploads\/2025\/10\/Gastos-com-diarias-e-passagens-no-governo-Lula_ABr.jpg\",\"width\":780,\"height\":470},{\"@type\":\"BreadcrumbList\",\"@id\":\"https:\/\/jornalfatosenoticias.com.br\/index.php\/2025\/10\/23\/a-semana-no-brasil-e-no-mundo-gastos-com-diarias-e-passagens-no-governo-lula-saltam-para-r-48-milhoes-por-dia-aponta-transparencia\/#breadcrumb\",\"itemListElement\":[{\"@type\":\"ListItem\",\"position\":1,\"name\":\"In\u00edcio\",\"item\":\"https:\/\/jornalfatosenoticias.com.br\/\"},{\"@type\":\"ListItem\",\"position\":2,\"name\":\"A Semana no Brasil e no Mundo \u2014 Gastos com di\u00e1rias e passagens no governo Lula saltam para R$ 4,8 milh\u00f5es por dia, aponta Transpar\u00eancia\"}]},{\"@type\":\"WebSite\",\"@id\":\"https:\/\/jornalfatosenoticias.com.br\/#website\",\"url\":\"https:\/\/jornalfatosenoticias.com.br\/\",\"name\":\"Jornal Fatos e Not\u00edcias\",\"description\":\"Not\u00edcias em geral\",\"publisher\":{\"@id\":\"https:\/\/jornalfatosenoticias.com.br\/#organization\"},\"potentialAction\":[{\"@type\":\"SearchAction\",\"target\":{\"@type\":\"EntryPoint\",\"urlTemplate\":\"https:\/\/jornalfatosenoticias.com.br\/?s={search_term_string}\"},\"query-input\":{\"@type\":\"PropertyValueSpecification\",\"valueRequired\":true,\"valueName\":\"search_term_string\"}}],\"inLanguage\":\"pt-BR\"},{\"@type\":\"Organization\",\"@id\":\"https:\/\/jornalfatosenoticias.com.br\/#organization\",\"name\":\"Jornal Fatos e Not\u00edcias\",\"url\":\"https:\/\/jornalfatosenoticias.com.br\/\",\"logo\":{\"@type\":\"ImageObject\",\"inLanguage\":\"pt-BR\",\"@id\":\"https:\/\/jornalfatosenoticias.com.br\/#\/schema\/logo\/image\/\",\"url\":\"https:\/\/jornalfatosenoticias.com.br\/wp-content\/uploads\/2020\/02\/logo120.png\",\"contentUrl\":\"https:\/\/jornalfatosenoticias.com.br\/wp-content\/uploads\/2020\/02\/logo120.png\",\"width\":1227,\"height\":120,\"caption\":\"Jornal Fatos e Not\u00edcias\"},\"image\":{\"@id\":\"https:\/\/jornalfatosenoticias.com.br\/#\/schema\/logo\/image\/\"}},{\"@type\":\"Person\",\"@id\":\"https:\/\/jornalfatosenoticias.com.br\/#\/schema\/person\/05c46cc25b42a5c27e004fb0fa6b4965\",\"name\":\"Haroldo Filho\",\"image\":{\"@type\":\"ImageObject\",\"inLanguage\":\"pt-BR\",\"@id\":\"https:\/\/jornalfatosenoticias.com.br\/#\/schema\/person\/image\/\",\"url\":\"https:\/\/jornalfatosenoticias.com.br\/wp-content\/uploads\/2025\/08\/WhatsApp-Image-2025-08-18-at-15.30.28-150x150.jpeg\",\"contentUrl\":\"https:\/\/jornalfatosenoticias.com.br\/wp-content\/uploads\/2025\/08\/WhatsApp-Image-2025-08-18-at-15.30.28-150x150.jpeg\",\"caption\":\"Haroldo Filho\"},\"description\":\"Jornalista \u2013 DRT: 0003818\/ES Coordenador-geral da ONG Educar para Crescer\",\"url\":\"https:\/\/jornalfatosenoticias.com.br\/index.php\/author\/haroldo\/\"}]}<\/script>\n<!-- \/ Yoast SEO plugin. -->","yoast_head_json":{"title":"A Semana no Brasil e no Mundo \u2014 Gastos com di\u00e1rias e passagens no governo Lula saltam para R$ 4,8 milh\u00f5es por dia, aponta Transpar\u00eancia - Jornal Fatos e Not\u00edcias","robots":{"index":"index","follow":"follow","max-snippet":"max-snippet:-1","max-image-preview":"max-image-preview:large","max-video-preview":"max-video-preview:-1"},"canonical":"https:\/\/jornalfatosenoticias.com.br\/index.php\/2025\/10\/23\/a-semana-no-brasil-e-no-mundo-gastos-com-diarias-e-passagens-no-governo-lula-saltam-para-r-48-milhoes-por-dia-aponta-transparencia\/","og_locale":"pt_BR","og_type":"article","og_title":"A Semana no Brasil e no Mundo \u2014 Gastos com di\u00e1rias e passagens no governo Lula saltam para R$ 4,8 milh\u00f5es por dia, aponta Transpar\u00eancia - Jornal Fatos e Not\u00edcias","og_description":"Os desembolsos federais com di\u00e1rias e passagens mais do que quadruplicaram ao longo de 2025. Levantamento no Portal da Transpar\u00eancia indica que, ap\u00f3s m\u00e9dia di\u00e1ria pr\u00f3xima de R$ 1 milh\u00e3o nos 45 primeiros dias do ano (jan.\u2013fev.), a despesa passou, de mar\u00e7o a meados de outubro, para mais de R$ 4,8 milh\u00f5es por dia. A [&hellip;]","og_url":"https:\/\/jornalfatosenoticias.com.br\/index.php\/2025\/10\/23\/a-semana-no-brasil-e-no-mundo-gastos-com-diarias-e-passagens-no-governo-lula-saltam-para-r-48-milhoes-por-dia-aponta-transparencia\/","og_site_name":"Jornal Fatos e Not\u00edcias","article_published_time":"2025-10-23T18:54:39+00:00","article_modified_time":"2025-10-23T18:57:48+00:00","og_image":[{"width":780,"height":470,"url":"https:\/\/jornalfatosenoticias.com.br\/wp-content\/uploads\/2025\/10\/Gastos-com-diarias-e-passagens-no-governo-Lula_ABr.jpg","type":"image\/jpeg"}],"author":"Haroldo Filho","twitter_card":"summary_large_image","twitter_misc":{"Escrito por":"Haroldo Filho","Est. tempo de leitura":"10 minutos"},"schema":{"@context":"https:\/\/schema.org","@graph":[{"@type":"Article","@id":"https:\/\/jornalfatosenoticias.com.br\/index.php\/2025\/10\/23\/a-semana-no-brasil-e-no-mundo-gastos-com-diarias-e-passagens-no-governo-lula-saltam-para-r-48-milhoes-por-dia-aponta-transparencia\/#article","isPartOf":{"@id":"https:\/\/jornalfatosenoticias.com.br\/index.php\/2025\/10\/23\/a-semana-no-brasil-e-no-mundo-gastos-com-diarias-e-passagens-no-governo-lula-saltam-para-r-48-milhoes-por-dia-aponta-transparencia\/"},"author":{"name":"Haroldo Filho","@id":"https:\/\/jornalfatosenoticias.com.br\/#\/schema\/person\/05c46cc25b42a5c27e004fb0fa6b4965"},"headline":"A Semana no Brasil e no Mundo \u2014 Gastos com di\u00e1rias e passagens no governo Lula saltam para R$ 4,8 milh\u00f5es por dia, aponta Transpar\u00eancia","datePublished":"2025-10-23T18:54:39+00:00","dateModified":"2025-10-23T18:57:48+00:00","mainEntityOfPage":{"@id":"https:\/\/jornalfatosenoticias.com.br\/index.php\/2025\/10\/23\/a-semana-no-brasil-e-no-mundo-gastos-com-diarias-e-passagens-no-governo-lula-saltam-para-r-48-milhoes-por-dia-aponta-transparencia\/"},"wordCount":1982,"commentCount":0,"publisher":{"@id":"https:\/\/jornalfatosenoticias.com.br\/#organization"},"image":{"@id":"https:\/\/jornalfatosenoticias.com.br\/index.php\/2025\/10\/23\/a-semana-no-brasil-e-no-mundo-gastos-com-diarias-e-passagens-no-governo-lula-saltam-para-r-48-milhoes-por-dia-aponta-transparencia\/#primaryimage"},"thumbnailUrl":"https:\/\/jornalfatosenoticias.com.br\/wp-content\/uploads\/2025\/10\/Gastos-com-diarias-e-passagens-no-governo-Lula_ABr.jpg","keywords":["\u2018terrorismo fiscal\u2019","\u201cEl Pollo\u201d","Benjamin Netanyahu","Brasil","cessar-fogo","contas externas deterioradas","cortes Bolsa Fam\u00edlia","crime organizado Peru","d\u00e9ficit","Dilma","Dilma Rousseff","Donald Trump","economia","Evo Morales","Faixa de Gaza","Fernando Lugo","For\u00e7as de Defesa de Israel","gastos no governo Lula","Gustavo Petro","Hamas","Jair Bolsonaro","Janja","Jos\u00e9 Jer\u00ed","Luiz In\u00e1cio Lula da Silva","Manuel Zelaya","N\u00e9stor Kirchner","Nicol\u00e1s Maduro","Ollanta Humala","Oriente M\u00e9dio","Peru","Portal da Transpar\u00eancia","rombo nas contas p\u00fablicas"],"articleSection":["Pol\u00edtica"],"inLanguage":"pt-BR","potentialAction":[{"@type":"CommentAction","name":"Comment","target":["https:\/\/jornalfatosenoticias.com.br\/index.php\/2025\/10\/23\/a-semana-no-brasil-e-no-mundo-gastos-com-diarias-e-passagens-no-governo-lula-saltam-para-r-48-milhoes-por-dia-aponta-transparencia\/#respond"]}]},{"@type":"WebPage","@id":"https:\/\/jornalfatosenoticias.com.br\/index.php\/2025\/10\/23\/a-semana-no-brasil-e-no-mundo-gastos-com-diarias-e-passagens-no-governo-lula-saltam-para-r-48-milhoes-por-dia-aponta-transparencia\/","url":"https:\/\/jornalfatosenoticias.com.br\/index.php\/2025\/10\/23\/a-semana-no-brasil-e-no-mundo-gastos-com-diarias-e-passagens-no-governo-lula-saltam-para-r-48-milhoes-por-dia-aponta-transparencia\/","name":"A Semana no Brasil e no Mundo \u2014 Gastos com di\u00e1rias e passagens no governo Lula saltam para R$ 4,8 milh\u00f5es por dia, aponta Transpar\u00eancia - Jornal Fatos e Not\u00edcias","isPartOf":{"@id":"https:\/\/jornalfatosenoticias.com.br\/#website"},"primaryImageOfPage":{"@id":"https:\/\/jornalfatosenoticias.com.br\/index.php\/2025\/10\/23\/a-semana-no-brasil-e-no-mundo-gastos-com-diarias-e-passagens-no-governo-lula-saltam-para-r-48-milhoes-por-dia-aponta-transparencia\/#primaryimage"},"image":{"@id":"https:\/\/jornalfatosenoticias.com.br\/index.php\/2025\/10\/23\/a-semana-no-brasil-e-no-mundo-gastos-com-diarias-e-passagens-no-governo-lula-saltam-para-r-48-milhoes-por-dia-aponta-transparencia\/#primaryimage"},"thumbnailUrl":"https:\/\/jornalfatosenoticias.com.br\/wp-content\/uploads\/2025\/10\/Gastos-com-diarias-e-passagens-no-governo-Lula_ABr.jpg","datePublished":"2025-10-23T18:54:39+00:00","dateModified":"2025-10-23T18:57:48+00:00","breadcrumb":{"@id":"https:\/\/jornalfatosenoticias.com.br\/index.php\/2025\/10\/23\/a-semana-no-brasil-e-no-mundo-gastos-com-diarias-e-passagens-no-governo-lula-saltam-para-r-48-milhoes-por-dia-aponta-transparencia\/#breadcrumb"},"inLanguage":"pt-BR","potentialAction":[{"@type":"ReadAction","target":["https:\/\/jornalfatosenoticias.com.br\/index.php\/2025\/10\/23\/a-semana-no-brasil-e-no-mundo-gastos-com-diarias-e-passagens-no-governo-lula-saltam-para-r-48-milhoes-por-dia-aponta-transparencia\/"]}]},{"@type":"ImageObject","inLanguage":"pt-BR","@id":"https:\/\/jornalfatosenoticias.com.br\/index.php\/2025\/10\/23\/a-semana-no-brasil-e-no-mundo-gastos-com-diarias-e-passagens-no-governo-lula-saltam-para-r-48-milhoes-por-dia-aponta-transparencia\/#primaryimage","url":"https:\/\/jornalfatosenoticias.com.br\/wp-content\/uploads\/2025\/10\/Gastos-com-diarias-e-passagens-no-governo-Lula_ABr.jpg","contentUrl":"https:\/\/jornalfatosenoticias.com.br\/wp-content\/uploads\/2025\/10\/Gastos-com-diarias-e-passagens-no-governo-Lula_ABr.jpg","width":780,"height":470},{"@type":"BreadcrumbList","@id":"https:\/\/jornalfatosenoticias.com.br\/index.php\/2025\/10\/23\/a-semana-no-brasil-e-no-mundo-gastos-com-diarias-e-passagens-no-governo-lula-saltam-para-r-48-milhoes-por-dia-aponta-transparencia\/#breadcrumb","itemListElement":[{"@type":"ListItem","position":1,"name":"In\u00edcio","item":"https:\/\/jornalfatosenoticias.com.br\/"},{"@type":"ListItem","position":2,"name":"A Semana no Brasil e no Mundo \u2014 Gastos com di\u00e1rias e passagens no governo Lula saltam para R$ 4,8 milh\u00f5es por dia, aponta Transpar\u00eancia"}]},{"@type":"WebSite","@id":"https:\/\/jornalfatosenoticias.com.br\/#website","url":"https:\/\/jornalfatosenoticias.com.br\/","name":"Jornal Fatos e Not\u00edcias","description":"Not\u00edcias em geral","publisher":{"@id":"https:\/\/jornalfatosenoticias.com.br\/#organization"},"potentialAction":[{"@type":"SearchAction","target":{"@type":"EntryPoint","urlTemplate":"https:\/\/jornalfatosenoticias.com.br\/?s={search_term_string}"},"query-input":{"@type":"PropertyValueSpecification","valueRequired":true,"valueName":"search_term_string"}}],"inLanguage":"pt-BR"},{"@type":"Organization","@id":"https:\/\/jornalfatosenoticias.com.br\/#organization","name":"Jornal Fatos e Not\u00edcias","url":"https:\/\/jornalfatosenoticias.com.br\/","logo":{"@type":"ImageObject","inLanguage":"pt-BR","@id":"https:\/\/jornalfatosenoticias.com.br\/#\/schema\/logo\/image\/","url":"https:\/\/jornalfatosenoticias.com.br\/wp-content\/uploads\/2020\/02\/logo120.png","contentUrl":"https:\/\/jornalfatosenoticias.com.br\/wp-content\/uploads\/2020\/02\/logo120.png","width":1227,"height":120,"caption":"Jornal Fatos e Not\u00edcias"},"image":{"@id":"https:\/\/jornalfatosenoticias.com.br\/#\/schema\/logo\/image\/"}},{"@type":"Person","@id":"https:\/\/jornalfatosenoticias.com.br\/#\/schema\/person\/05c46cc25b42a5c27e004fb0fa6b4965","name":"Haroldo Filho","image":{"@type":"ImageObject","inLanguage":"pt-BR","@id":"https:\/\/jornalfatosenoticias.com.br\/#\/schema\/person\/image\/","url":"https:\/\/jornalfatosenoticias.com.br\/wp-content\/uploads\/2025\/08\/WhatsApp-Image-2025-08-18-at-15.30.28-150x150.jpeg","contentUrl":"https:\/\/jornalfatosenoticias.com.br\/wp-content\/uploads\/2025\/08\/WhatsApp-Image-2025-08-18-at-15.30.28-150x150.jpeg","caption":"Haroldo Filho"},"description":"Jornalista \u2013 DRT: 0003818\/ES Coordenador-geral da ONG Educar para Crescer","url":"https:\/\/jornalfatosenoticias.com.br\/index.php\/author\/haroldo\/"}]}},"cc_featured_image_caption":{"caption_text":"(Foto: Marcelo Camargo\/Ag\u00eancia Brasil) ","source_text":"","source_url":""},"jetpack_featured_media_url":"https:\/\/jornalfatosenoticias.com.br\/wp-content\/uploads\/2025\/10\/Gastos-com-diarias-e-passagens-no-governo-Lula_ABr.jpg","_links":{"self":[{"href":"https:\/\/jornalfatosenoticias.com.br\/index.php\/wp-json\/wp\/v2\/posts\/62720","targetHints":{"allow":["GET"]}}],"collection":[{"href":"https:\/\/jornalfatosenoticias.com.br\/index.php\/wp-json\/wp\/v2\/posts"}],"about":[{"href":"https:\/\/jornalfatosenoticias.com.br\/index.php\/wp-json\/wp\/v2\/types\/post"}],"author":[{"embeddable":true,"href":"https:\/\/jornalfatosenoticias.com.br\/index.php\/wp-json\/wp\/v2\/users\/3"}],"replies":[{"embeddable":true,"href":"https:\/\/jornalfatosenoticias.com.br\/index.php\/wp-json\/wp\/v2\/comments?post=62720"}],"version-history":[{"count":0,"href":"https:\/\/jornalfatosenoticias.com.br\/index.php\/wp-json\/wp\/v2\/posts\/62720\/revisions"}],"wp:featuredmedia":[{"embeddable":true,"href":"https:\/\/jornalfatosenoticias.com.br\/index.php\/wp-json\/wp\/v2\/media\/62727"}],"wp:attachment":[{"href":"https:\/\/jornalfatosenoticias.com.br\/index.php\/wp-json\/wp\/v2\/media?parent=62720"}],"wp:term":[{"taxonomy":"category","embeddable":true,"href":"https:\/\/jornalfatosenoticias.com.br\/index.php\/wp-json\/wp\/v2\/categories?post=62720"},{"taxonomy":"post_tag","embeddable":true,"href":"https:\/\/jornalfatosenoticias.com.br\/index.php\/wp-json\/wp\/v2\/tags?post=62720"}],"curies":[{"name":"wp","href":"https:\/\/api.w.org\/{rel}","templated":true}]}}