{"id":62728,"date":"2025-10-23T16:05:12","date_gmt":"2025-10-23T19:05:12","guid":{"rendered":"https:\/\/jornalfatosenoticias.com.br\/?p=62728"},"modified":"2026-03-23T10:33:06","modified_gmt":"2026-03-23T13:33:06","slug":"pmi-descomplicado-tres-pilares-para-o-empreendedor","status":"publish","type":"post","link":"https:\/\/jornalfatosenoticias.com.br\/index.php\/2025\/10\/23\/pmi-descomplicado-tres-pilares-para-o-empreendedor\/","title":{"rendered":"PMI descomplicado: tr\u00eas pilares para o empreendedor"},"content":{"rendered":"\n<div class=\"wp-block-image\"><figure class=\"aligncenter size-large\"><a href=\"https:\/\/www.facebook.com\/vetor.vix\/\"><img loading=\"lazy\" decoding=\"async\" width=\"1024\" height=\"273\" src=\"https:\/\/jornalfatosenoticias.com.br\/wp-content\/uploads\/2023\/09\/vetorvix1024_1.jpg\" alt=\"\" class=\"wp-image-44868\" srcset=\"https:\/\/jornalfatosenoticias.com.br\/wp-content\/uploads\/2023\/09\/vetorvix1024_1.jpg 1024w, https:\/\/jornalfatosenoticias.com.br\/wp-content\/uploads\/2023\/09\/vetorvix1024_1-300x80.jpg 300w, https:\/\/jornalfatosenoticias.com.br\/wp-content\/uploads\/2023\/09\/vetorvix1024_1-768x205.jpg 768w\" sizes=\"auto, (max-width: 1024px) 100vw, 1024px\" \/><\/a><\/figure><\/div>\n\n\n\n<p>A metodologia do Project Management Institute (PMI) \u00e9 consagrada no mundo de profissionais que lidam com projetos (\u201cprojetistas\u201d) por prover ferramentas \u00fanicas de compreens\u00e3o de atividades e sistemas, padronizando tratamento de informa\u00e7\u00f5es e desmembrando o alvo da an\u00e1lise em v\u00e1rias \u00e1reas de conhecimento. \u00c9 uma leitura e organiza\u00e7\u00e3o de melhores pr\u00e1ticas que costumam enquadrar pessoas e seus resultados em processos muito bem delineados e com pouca margem para customiza\u00e7\u00e3o.<br>E, curiosamente, talvez seja esta justamente a maior limita\u00e7\u00e3o de sua utiliza\u00e7\u00e3o na vida real: em um ambiente que proporciona caos criativo, \u00e9 necess\u00e1rio flexibilidade para lidar com as constantes inconst\u00e2ncias que por vezes s\u00e3o diferentes em projetos convencionais. E os \u201cn\u00e3o projetistas\u201d, que n\u00e3o est\u00e3o acostumados a lidar com este tipo de desafio, tendem a se afastar da metodologia ou buscam \u201croupagens\u201d enganosas ou simpl\u00f3rias que n\u00e3o agregam valor em nada.<\/p>\n\n\n\n<div class=\"wp-block-image\"><figure class=\"aligncenter size-large\"><img loading=\"lazy\" decoding=\"async\" width=\"1000\" height=\"1000\" src=\"https:\/\/jornalfatosenoticias.com.br\/wp-content\/uploads\/2025\/10\/Imagem-gerada-por-IA_Franscisco.jpg\" alt=\"\" class=\"wp-image-62729\" srcset=\"https:\/\/jornalfatosenoticias.com.br\/wp-content\/uploads\/2025\/10\/Imagem-gerada-por-IA_Franscisco.jpg 1000w, https:\/\/jornalfatosenoticias.com.br\/wp-content\/uploads\/2025\/10\/Imagem-gerada-por-IA_Franscisco-300x300.jpg 300w, https:\/\/jornalfatosenoticias.com.br\/wp-content\/uploads\/2025\/10\/Imagem-gerada-por-IA_Franscisco-150x150.jpg 150w, https:\/\/jornalfatosenoticias.com.br\/wp-content\/uploads\/2025\/10\/Imagem-gerada-por-IA_Franscisco-768x768.jpg 768w\" sizes=\"auto, (max-width: 1000px) 100vw, 1000px\" \/><figcaption><em><span class=\"has-inline-color has-black-color\">(Foto: Gerada por IA)<\/span><\/em><\/figcaption><\/figure><\/div>\n\n\n\n<p>Essa realidade (compreens\u00edvel sob o ponto de vista pr\u00e1tico) afasta n\u00e3o projetistas de uma metodologia eficaz que possui recursos e processos que podem ajudar em sua jornada. \u00c9 necess\u00e1rio apresentar uma releitura que mostra como, por exemplo, dividir a metodologia do PMI em tr\u00eas pilares acess\u00edveis a todos e que s\u00e3o aliados na resolu\u00e7\u00e3o de suas afli\u00e7\u00f5es.<\/p>\n\n\n\n<div class=\"wp-block-image\"><figure class=\"aligncenter size-large\"><a href=\"https:\/\/www.cesconetto.com.br\/\"><img loading=\"lazy\" decoding=\"async\" width=\"300\" height=\"250\" src=\"https:\/\/jornalfatosenoticias.com.br\/wp-content\/uploads\/2022\/02\/Banner-2.png\" alt=\"\" class=\"wp-image-27877\"\/><\/a><\/figure><\/div>\n\n\n\n<p>O primeiro pilar \u00e9 o <em>Pilar da Inicia\u00e7\u00e3o<\/em>, aquele que sustenta \u201co qu\u00ea\u201d e \u201cpor qu\u00ea\u201d daquele processo. Se n\u00e3o existe a clareza do que \u00e9 importante e os motivos pelos quais estes s\u00e3o importantes, tudo se torna superficial. Um projetista definiria esses conceitos como carga m\u00e1xima de um piso e o material que completaria a viga de sustenta\u00e7\u00e3o; um n\u00e3o projetista concluiria que trata-se de separar os produtos ou servi\u00e7os entre aqueles que n\u00e3o agregam valor entre aqueles que curam determinada dor, al\u00e9m de estabelecer pontos inegoci\u00e1veis de sucesso.<\/p>\n\n\n\n<div class=\"wp-block-image\"><figure class=\"aligncenter size-large is-resized\"><a href=\"https:\/\/www.controlsystems.com.br\/\"><img loading=\"lazy\" decoding=\"async\" src=\"https:\/\/jornalfatosenoticias.com.br\/wp-content\/uploads\/2020\/02\/CONTROL-CS.jpg\" alt=\"\" class=\"wp-image-44991\" width=\"317\" height=\"379\" srcset=\"https:\/\/jornalfatosenoticias.com.br\/wp-content\/uploads\/2020\/02\/CONTROL-CS.jpg 834w, https:\/\/jornalfatosenoticias.com.br\/wp-content\/uploads\/2020\/02\/CONTROL-CS-250x300.jpg 250w, https:\/\/jornalfatosenoticias.com.br\/wp-content\/uploads\/2020\/02\/CONTROL-CS-768x921.jpg 768w\" sizes=\"auto, (max-width: 317px) 100vw, 317px\" \/><\/a><\/figure><\/div>\n\n\n\n<p>A seguir temos o <em>Pilar do Planejamento<\/em>. Neste ponto todos os lados concordam: \u00e9 a parte mais desafiadora de se fazer por envolver an\u00e1lise cr\u00edtica intensa e pode se tornar enfadonha sem um m\u00e9todo adequado. Requer desmembramento do trabalho em pequenas partes logicamente sequenciadas e internamente interligadas para lograr o \u00eaxito final. Em termos com os quais um n\u00e3o projetista se conecta melhor, faz-se a sequ\u00eancia Projeto -&gt; Entreg\u00e1veis Principais -&gt; Pacotes de Trabalho -&gt; Atividades -&gt; Tarefas. Este caminho \u00e9 perfeitamente adequado para lan\u00e7amentos de produtos e consegue esclarecer passos concretos e mensur\u00e1veis. E conversa essencialmente com os processos de Gerenciamento de Tempo conhecidos pelos projetistas.<\/p>\n\n\n\n<div class=\"wp-block-image\"><figure class=\"aligncenter size-large is-resized\"><img loading=\"lazy\" decoding=\"async\" src=\"https:\/\/jornalfatosenoticias.com.br\/wp-content\/uploads\/2025\/10\/pilar-de-planejamento_Francisco.jpg\" alt=\"\" class=\"wp-image-62730\" width=\"614\" height=\"344\" srcset=\"https:\/\/jornalfatosenoticias.com.br\/wp-content\/uploads\/2025\/10\/pilar-de-planejamento_Francisco.jpg 1000w, https:\/\/jornalfatosenoticias.com.br\/wp-content\/uploads\/2025\/10\/pilar-de-planejamento_Francisco-300x169.jpg 300w, https:\/\/jornalfatosenoticias.com.br\/wp-content\/uploads\/2025\/10\/pilar-de-planejamento_Francisco-768x432.jpg 768w\" sizes=\"auto, (max-width: 614px) 100vw, 614px\" \/><figcaption><em><span class=\"has-inline-color has-black-color\">Elabora\u00e7\u00e3o: Francisco Neto<\/span><\/em><\/figcaption><\/figure><\/div>\n\n\n\n<p>Agora deve-se esclarecer o <em>Pilar de Execu\u00e7\u00e3o e Monitoramento<\/em>. \u00c9 o momento de muito foco nos resultados obtidos para identificar se a proposta est\u00e1 sendo realizada e, mais importante ainda, se desvios est\u00e3o sendo mensurados e corrigidos em um ciclo de melhoria cont\u00ednua. O projetista, neste momento, apropria-se das melhores pr\u00e1ticas de gerenciamento de escopo, de comunica\u00e7\u00e3o, de partes interessadas e outras \u00e1reas do conhecimento, se sentindo em casa. Ao mesmo tempo, o n\u00e3o projetista pode adotar resolu\u00e7\u00f5es pr\u00e1ticas como reuni\u00f5es pr\u00e1ticas de 15 minutos para alinhar estrat\u00e9gias ou registrar ocorr\u00eancias de forma simples para analis\u00e1-las sem julgamento, mas com intuito de aprendizado.<\/p>\n\n\n\n<div class=\"wp-block-image\"><figure class=\"aligncenter size-large\"><a href=\"http:\/\/www.ferrarimaquinas.com.br\/\"><img loading=\"lazy\" decoding=\"async\" width=\"300\" height=\"250\" src=\"https:\/\/jornalfatosenoticias.com.br\/wp-content\/uploads\/2022\/02\/FERRARI_MAQUINAS-E-FERRAMENTAS2.jpg\" alt=\"\" class=\"wp-image-27860\"\/><\/a><\/figure><\/div>\n\n\n\n<p>Gerenciamento adequado de projetos n\u00e3o \u00e9 um freio no caminho para o sucesso, muito menos um c\u00f3digo secreto acess\u00edvel a poucos. \u00c9 uma poderosa ferramenta de gest\u00e3o que, cada vez mais, deveria ser desmembrada e tornada acess\u00edvel para que qualquer perfil profissional possa se beneficiar de sua metodologia. O resultado do sucesso \u00e9 a agilidade do empreendedor com a solidez metodol\u00f3gica de um projetista. Ensin\u00e1vel, transmiss\u00edvel, aprend\u00edvel: longe de ser f\u00e1cil, mas nada inating\u00edvel.<\/p>\n\n\n\n<div class=\"wp-block-image\"><figure class=\"aligncenter size-large is-resized\"><a href=\"https:\/\/legisjuris.com.br\/\"><img loading=\"lazy\" decoding=\"async\" src=\"https:\/\/jornalfatosenoticias.com.br\/wp-content\/uploads\/2024\/09\/Legis-Juris-Consultoria_logo.jpg\" alt=\"\" class=\"wp-image-53915\" width=\"520\" height=\"218\" srcset=\"https:\/\/jornalfatosenoticias.com.br\/wp-content\/uploads\/2024\/09\/Legis-Juris-Consultoria_logo.jpg 969w, https:\/\/jornalfatosenoticias.com.br\/wp-content\/uploads\/2024\/09\/Legis-Juris-Consultoria_logo-300x126.jpg 300w, https:\/\/jornalfatosenoticias.com.br\/wp-content\/uploads\/2024\/09\/Legis-Juris-Consultoria_logo-768x322.jpg 768w\" sizes=\"auto, (max-width: 520px) 100vw, 520px\" \/><\/a><\/figure><\/div>\n","protected":false},"excerpt":{"rendered":"<p>A metodologia do Project Management Institute (PMI) \u00e9 consagrada no mundo de profissionais que lidam com projetos (\u201cprojetistas\u201d) por prover ferramentas \u00fanicas de compreens\u00e3o de atividades e sistemas, padronizando tratamento de informa\u00e7\u00f5es e desmembrando o alvo da an\u00e1lise em v\u00e1rias \u00e1reas de conhecimento. \u00c9 uma leitura e organiza\u00e7\u00e3o de melhores pr\u00e1ticas que costumam enquadrar pessoas [&hellip;]<\/p>\n","protected":false},"author":44,"featured_media":62731,"comment_status":"open","ping_status":"open","sticky":false,"template":"","format":"standard","meta":{"footnotes":""},"categories":[30078],"tags":[2633,11854,28606,12822,28605,1767],"class_list":["post-62728","post","type-post","status-publish","format-standard","has-post-thumbnail","hentry","category-carreiras-negocios","tag-empreendedor","tag-metodologias","tag-pilares","tag-planejamento","tag-pmi","tag-projetos"],"yoast_head":"<!-- This site is optimized with the Yoast SEO plugin v26.5 - https:\/\/yoast.com\/wordpress\/plugins\/seo\/ -->\n<title>PMI descomplicado: tr\u00eas pilares para o empreendedor - Jornal Fatos e Not\u00edcias<\/title>\n<meta name=\"robots\" content=\"index, follow, max-snippet:-1, max-image-preview:large, max-video-preview:-1\" \/>\n<link rel=\"canonical\" href=\"https:\/\/jornalfatosenoticias.com.br\/index.php\/2025\/10\/23\/pmi-descomplicado-tres-pilares-para-o-empreendedor\/\" \/>\n<meta property=\"og:locale\" content=\"pt_BR\" \/>\n<meta property=\"og:type\" content=\"article\" \/>\n<meta property=\"og:title\" content=\"PMI descomplicado: tr\u00eas pilares para o empreendedor - Jornal Fatos e Not\u00edcias\" \/>\n<meta property=\"og:description\" content=\"A metodologia do Project Management Institute (PMI) \u00e9 consagrada no mundo de profissionais que lidam com projetos (\u201cprojetistas\u201d) por prover ferramentas \u00fanicas de compreens\u00e3o de atividades e sistemas, padronizando tratamento de informa\u00e7\u00f5es e desmembrando o alvo da an\u00e1lise em v\u00e1rias \u00e1reas de conhecimento. \u00c9 uma leitura e organiza\u00e7\u00e3o de melhores pr\u00e1ticas que costumam enquadrar pessoas [&hellip;]\" \/>\n<meta property=\"og:url\" content=\"https:\/\/jornalfatosenoticias.com.br\/index.php\/2025\/10\/23\/pmi-descomplicado-tres-pilares-para-o-empreendedor\/\" \/>\n<meta property=\"og:site_name\" content=\"Jornal Fatos e Not\u00edcias\" \/>\n<meta property=\"article:published_time\" content=\"2025-10-23T19:05:12+00:00\" \/>\n<meta property=\"article:modified_time\" content=\"2026-03-23T13:33:06+00:00\" \/>\n<meta property=\"og:image\" content=\"https:\/\/jornalfatosenoticias.com.br\/wp-content\/uploads\/2025\/10\/os-3-pilares-empreendedorismo_istock.jpg\" \/>\n\t<meta property=\"og:image:width\" content=\"612\" \/>\n\t<meta property=\"og:image:height\" content=\"405\" \/>\n\t<meta property=\"og:image:type\" content=\"image\/jpeg\" \/>\n<meta name=\"author\" content=\"Francisco Neto\" \/>\n<meta name=\"twitter:card\" content=\"summary_large_image\" \/>\n<meta name=\"twitter:label1\" content=\"Escrito por\" \/>\n\t<meta name=\"twitter:data1\" content=\"Francisco Neto\" \/>\n\t<meta name=\"twitter:label2\" content=\"Est. tempo de leitura\" \/>\n\t<meta name=\"twitter:data2\" content=\"3 minutos\" \/>\n<script type=\"application\/ld+json\" class=\"yoast-schema-graph\">{\"@context\":\"https:\/\/schema.org\",\"@graph\":[{\"@type\":\"Article\",\"@id\":\"https:\/\/jornalfatosenoticias.com.br\/index.php\/2025\/10\/23\/pmi-descomplicado-tres-pilares-para-o-empreendedor\/#article\",\"isPartOf\":{\"@id\":\"https:\/\/jornalfatosenoticias.com.br\/index.php\/2025\/10\/23\/pmi-descomplicado-tres-pilares-para-o-empreendedor\/\"},\"author\":{\"name\":\"Francisco Neto\",\"@id\":\"https:\/\/jornalfatosenoticias.com.br\/#\/schema\/person\/d3d464ddbcaf3c3ddfb099ca10ab2cc6\"},\"headline\":\"PMI descomplicado: tr\u00eas pilares para o empreendedor\",\"datePublished\":\"2025-10-23T19:05:12+00:00\",\"dateModified\":\"2026-03-23T13:33:06+00:00\",\"mainEntityOfPage\":{\"@id\":\"https:\/\/jornalfatosenoticias.com.br\/index.php\/2025\/10\/23\/pmi-descomplicado-tres-pilares-para-o-empreendedor\/\"},\"wordCount\":647,\"commentCount\":0,\"publisher\":{\"@id\":\"https:\/\/jornalfatosenoticias.com.br\/#organization\"},\"image\":{\"@id\":\"https:\/\/jornalfatosenoticias.com.br\/index.php\/2025\/10\/23\/pmi-descomplicado-tres-pilares-para-o-empreendedor\/#primaryimage\"},\"thumbnailUrl\":\"https:\/\/jornalfatosenoticias.com.br\/wp-content\/uploads\/2025\/10\/os-3-pilares-empreendedorismo_istock.jpg\",\"keywords\":[\"empreendedor\",\"metodologias\",\"pilares\",\"planejamento\",\"PMI\",\"projetos\"],\"articleSection\":[\"Carreiras &amp; Neg\u00f3cios\"],\"inLanguage\":\"pt-BR\",\"potentialAction\":[{\"@type\":\"CommentAction\",\"name\":\"Comment\",\"target\":[\"https:\/\/jornalfatosenoticias.com.br\/index.php\/2025\/10\/23\/pmi-descomplicado-tres-pilares-para-o-empreendedor\/#respond\"]}]},{\"@type\":\"WebPage\",\"@id\":\"https:\/\/jornalfatosenoticias.com.br\/index.php\/2025\/10\/23\/pmi-descomplicado-tres-pilares-para-o-empreendedor\/\",\"url\":\"https:\/\/jornalfatosenoticias.com.br\/index.php\/2025\/10\/23\/pmi-descomplicado-tres-pilares-para-o-empreendedor\/\",\"name\":\"PMI descomplicado: tr\u00eas pilares para o empreendedor - Jornal Fatos e Not\u00edcias\",\"isPartOf\":{\"@id\":\"https:\/\/jornalfatosenoticias.com.br\/#website\"},\"primaryImageOfPage\":{\"@id\":\"https:\/\/jornalfatosenoticias.com.br\/index.php\/2025\/10\/23\/pmi-descomplicado-tres-pilares-para-o-empreendedor\/#primaryimage\"},\"image\":{\"@id\":\"https:\/\/jornalfatosenoticias.com.br\/index.php\/2025\/10\/23\/pmi-descomplicado-tres-pilares-para-o-empreendedor\/#primaryimage\"},\"thumbnailUrl\":\"https:\/\/jornalfatosenoticias.com.br\/wp-content\/uploads\/2025\/10\/os-3-pilares-empreendedorismo_istock.jpg\",\"datePublished\":\"2025-10-23T19:05:12+00:00\",\"dateModified\":\"2026-03-23T13:33:06+00:00\",\"breadcrumb\":{\"@id\":\"https:\/\/jornalfatosenoticias.com.br\/index.php\/2025\/10\/23\/pmi-descomplicado-tres-pilares-para-o-empreendedor\/#breadcrumb\"},\"inLanguage\":\"pt-BR\",\"potentialAction\":[{\"@type\":\"ReadAction\",\"target\":[\"https:\/\/jornalfatosenoticias.com.br\/index.php\/2025\/10\/23\/pmi-descomplicado-tres-pilares-para-o-empreendedor\/\"]}]},{\"@type\":\"ImageObject\",\"inLanguage\":\"pt-BR\",\"@id\":\"https:\/\/jornalfatosenoticias.com.br\/index.php\/2025\/10\/23\/pmi-descomplicado-tres-pilares-para-o-empreendedor\/#primaryimage\",\"url\":\"https:\/\/jornalfatosenoticias.com.br\/wp-content\/uploads\/2025\/10\/os-3-pilares-empreendedorismo_istock.jpg\",\"contentUrl\":\"https:\/\/jornalfatosenoticias.com.br\/wp-content\/uploads\/2025\/10\/os-3-pilares-empreendedorismo_istock.jpg\",\"width\":612,\"height\":405,\"caption\":\"Business Concepts\"},{\"@type\":\"BreadcrumbList\",\"@id\":\"https:\/\/jornalfatosenoticias.com.br\/index.php\/2025\/10\/23\/pmi-descomplicado-tres-pilares-para-o-empreendedor\/#breadcrumb\",\"itemListElement\":[{\"@type\":\"ListItem\",\"position\":1,\"name\":\"In\u00edcio\",\"item\":\"https:\/\/jornalfatosenoticias.com.br\/\"},{\"@type\":\"ListItem\",\"position\":2,\"name\":\"PMI descomplicado: tr\u00eas pilares para o empreendedor\"}]},{\"@type\":\"WebSite\",\"@id\":\"https:\/\/jornalfatosenoticias.com.br\/#website\",\"url\":\"https:\/\/jornalfatosenoticias.com.br\/\",\"name\":\"Jornal Fatos e Not\u00edcias\",\"description\":\"Not\u00edcias em geral\",\"publisher\":{\"@id\":\"https:\/\/jornalfatosenoticias.com.br\/#organization\"},\"potentialAction\":[{\"@type\":\"SearchAction\",\"target\":{\"@type\":\"EntryPoint\",\"urlTemplate\":\"https:\/\/jornalfatosenoticias.com.br\/?s={search_term_string}\"},\"query-input\":{\"@type\":\"PropertyValueSpecification\",\"valueRequired\":true,\"valueName\":\"search_term_string\"}}],\"inLanguage\":\"pt-BR\"},{\"@type\":\"Organization\",\"@id\":\"https:\/\/jornalfatosenoticias.com.br\/#organization\",\"name\":\"Jornal Fatos e Not\u00edcias\",\"url\":\"https:\/\/jornalfatosenoticias.com.br\/\",\"logo\":{\"@type\":\"ImageObject\",\"inLanguage\":\"pt-BR\",\"@id\":\"https:\/\/jornalfatosenoticias.com.br\/#\/schema\/logo\/image\/\",\"url\":\"https:\/\/jornalfatosenoticias.com.br\/wp-content\/uploads\/2020\/02\/logo120.png\",\"contentUrl\":\"https:\/\/jornalfatosenoticias.com.br\/wp-content\/uploads\/2020\/02\/logo120.png\",\"width\":1227,\"height\":120,\"caption\":\"Jornal Fatos e Not\u00edcias\"},\"image\":{\"@id\":\"https:\/\/jornalfatosenoticias.com.br\/#\/schema\/logo\/image\/\"}},{\"@type\":\"Person\",\"@id\":\"https:\/\/jornalfatosenoticias.com.br\/#\/schema\/person\/d3d464ddbcaf3c3ddfb099ca10ab2cc6\",\"name\":\"Francisco Neto\",\"image\":{\"@type\":\"ImageObject\",\"inLanguage\":\"pt-BR\",\"@id\":\"https:\/\/jornalfatosenoticias.com.br\/#\/schema\/person\/image\/\",\"url\":\"https:\/\/jornalfatosenoticias.com.br\/wp-content\/uploads\/2025\/10\/Francisco.jpeg\",\"contentUrl\":\"https:\/\/jornalfatosenoticias.com.br\/wp-content\/uploads\/2025\/10\/Francisco.jpeg\",\"caption\":\"Francisco Neto\"},\"description\":\"Engenheiro eletricista da Conexa Engenharia Transformo solu\u00e7\u00f5es inteligentes em energia, efici\u00eancia e seguran\u00e7a. Instagram: @sou.conexa\",\"url\":\"https:\/\/jornalfatosenoticias.com.br\/index.php\/author\/francisco-neto\/\"}]}<\/script>\n<!-- \/ Yoast SEO plugin. -->","yoast_head_json":{"title":"PMI descomplicado: tr\u00eas pilares para o empreendedor - Jornal Fatos e Not\u00edcias","robots":{"index":"index","follow":"follow","max-snippet":"max-snippet:-1","max-image-preview":"max-image-preview:large","max-video-preview":"max-video-preview:-1"},"canonical":"https:\/\/jornalfatosenoticias.com.br\/index.php\/2025\/10\/23\/pmi-descomplicado-tres-pilares-para-o-empreendedor\/","og_locale":"pt_BR","og_type":"article","og_title":"PMI descomplicado: tr\u00eas pilares para o empreendedor - Jornal Fatos e Not\u00edcias","og_description":"A metodologia do Project Management Institute (PMI) \u00e9 consagrada no mundo de profissionais que lidam com projetos (\u201cprojetistas\u201d) por prover ferramentas \u00fanicas de compreens\u00e3o de atividades e sistemas, padronizando tratamento de informa\u00e7\u00f5es e desmembrando o alvo da an\u00e1lise em v\u00e1rias \u00e1reas de conhecimento. \u00c9 uma leitura e organiza\u00e7\u00e3o de melhores pr\u00e1ticas que costumam enquadrar pessoas [&hellip;]","og_url":"https:\/\/jornalfatosenoticias.com.br\/index.php\/2025\/10\/23\/pmi-descomplicado-tres-pilares-para-o-empreendedor\/","og_site_name":"Jornal Fatos e Not\u00edcias","article_published_time":"2025-10-23T19:05:12+00:00","article_modified_time":"2026-03-23T13:33:06+00:00","og_image":[{"width":612,"height":405,"url":"https:\/\/jornalfatosenoticias.com.br\/wp-content\/uploads\/2025\/10\/os-3-pilares-empreendedorismo_istock.jpg","type":"image\/jpeg"}],"author":"Francisco Neto","twitter_card":"summary_large_image","twitter_misc":{"Escrito por":"Francisco Neto","Est. tempo de leitura":"3 minutos"},"schema":{"@context":"https:\/\/schema.org","@graph":[{"@type":"Article","@id":"https:\/\/jornalfatosenoticias.com.br\/index.php\/2025\/10\/23\/pmi-descomplicado-tres-pilares-para-o-empreendedor\/#article","isPartOf":{"@id":"https:\/\/jornalfatosenoticias.com.br\/index.php\/2025\/10\/23\/pmi-descomplicado-tres-pilares-para-o-empreendedor\/"},"author":{"name":"Francisco Neto","@id":"https:\/\/jornalfatosenoticias.com.br\/#\/schema\/person\/d3d464ddbcaf3c3ddfb099ca10ab2cc6"},"headline":"PMI descomplicado: tr\u00eas pilares para o empreendedor","datePublished":"2025-10-23T19:05:12+00:00","dateModified":"2026-03-23T13:33:06+00:00","mainEntityOfPage":{"@id":"https:\/\/jornalfatosenoticias.com.br\/index.php\/2025\/10\/23\/pmi-descomplicado-tres-pilares-para-o-empreendedor\/"},"wordCount":647,"commentCount":0,"publisher":{"@id":"https:\/\/jornalfatosenoticias.com.br\/#organization"},"image":{"@id":"https:\/\/jornalfatosenoticias.com.br\/index.php\/2025\/10\/23\/pmi-descomplicado-tres-pilares-para-o-empreendedor\/#primaryimage"},"thumbnailUrl":"https:\/\/jornalfatosenoticias.com.br\/wp-content\/uploads\/2025\/10\/os-3-pilares-empreendedorismo_istock.jpg","keywords":["empreendedor","metodologias","pilares","planejamento","PMI","projetos"],"articleSection":["Carreiras &amp; Neg\u00f3cios"],"inLanguage":"pt-BR","potentialAction":[{"@type":"CommentAction","name":"Comment","target":["https:\/\/jornalfatosenoticias.com.br\/index.php\/2025\/10\/23\/pmi-descomplicado-tres-pilares-para-o-empreendedor\/#respond"]}]},{"@type":"WebPage","@id":"https:\/\/jornalfatosenoticias.com.br\/index.php\/2025\/10\/23\/pmi-descomplicado-tres-pilares-para-o-empreendedor\/","url":"https:\/\/jornalfatosenoticias.com.br\/index.php\/2025\/10\/23\/pmi-descomplicado-tres-pilares-para-o-empreendedor\/","name":"PMI descomplicado: tr\u00eas pilares para o empreendedor - Jornal Fatos e Not\u00edcias","isPartOf":{"@id":"https:\/\/jornalfatosenoticias.com.br\/#website"},"primaryImageOfPage":{"@id":"https:\/\/jornalfatosenoticias.com.br\/index.php\/2025\/10\/23\/pmi-descomplicado-tres-pilares-para-o-empreendedor\/#primaryimage"},"image":{"@id":"https:\/\/jornalfatosenoticias.com.br\/index.php\/2025\/10\/23\/pmi-descomplicado-tres-pilares-para-o-empreendedor\/#primaryimage"},"thumbnailUrl":"https:\/\/jornalfatosenoticias.com.br\/wp-content\/uploads\/2025\/10\/os-3-pilares-empreendedorismo_istock.jpg","datePublished":"2025-10-23T19:05:12+00:00","dateModified":"2026-03-23T13:33:06+00:00","breadcrumb":{"@id":"https:\/\/jornalfatosenoticias.com.br\/index.php\/2025\/10\/23\/pmi-descomplicado-tres-pilares-para-o-empreendedor\/#breadcrumb"},"inLanguage":"pt-BR","potentialAction":[{"@type":"ReadAction","target":["https:\/\/jornalfatosenoticias.com.br\/index.php\/2025\/10\/23\/pmi-descomplicado-tres-pilares-para-o-empreendedor\/"]}]},{"@type":"ImageObject","inLanguage":"pt-BR","@id":"https:\/\/jornalfatosenoticias.com.br\/index.php\/2025\/10\/23\/pmi-descomplicado-tres-pilares-para-o-empreendedor\/#primaryimage","url":"https:\/\/jornalfatosenoticias.com.br\/wp-content\/uploads\/2025\/10\/os-3-pilares-empreendedorismo_istock.jpg","contentUrl":"https:\/\/jornalfatosenoticias.com.br\/wp-content\/uploads\/2025\/10\/os-3-pilares-empreendedorismo_istock.jpg","width":612,"height":405,"caption":"Business Concepts"},{"@type":"BreadcrumbList","@id":"https:\/\/jornalfatosenoticias.com.br\/index.php\/2025\/10\/23\/pmi-descomplicado-tres-pilares-para-o-empreendedor\/#breadcrumb","itemListElement":[{"@type":"ListItem","position":1,"name":"In\u00edcio","item":"https:\/\/jornalfatosenoticias.com.br\/"},{"@type":"ListItem","position":2,"name":"PMI descomplicado: tr\u00eas pilares para o empreendedor"}]},{"@type":"WebSite","@id":"https:\/\/jornalfatosenoticias.com.br\/#website","url":"https:\/\/jornalfatosenoticias.com.br\/","name":"Jornal Fatos e Not\u00edcias","description":"Not\u00edcias em geral","publisher":{"@id":"https:\/\/jornalfatosenoticias.com.br\/#organization"},"potentialAction":[{"@type":"SearchAction","target":{"@type":"EntryPoint","urlTemplate":"https:\/\/jornalfatosenoticias.com.br\/?s={search_term_string}"},"query-input":{"@type":"PropertyValueSpecification","valueRequired":true,"valueName":"search_term_string"}}],"inLanguage":"pt-BR"},{"@type":"Organization","@id":"https:\/\/jornalfatosenoticias.com.br\/#organization","name":"Jornal Fatos e Not\u00edcias","url":"https:\/\/jornalfatosenoticias.com.br\/","logo":{"@type":"ImageObject","inLanguage":"pt-BR","@id":"https:\/\/jornalfatosenoticias.com.br\/#\/schema\/logo\/image\/","url":"https:\/\/jornalfatosenoticias.com.br\/wp-content\/uploads\/2020\/02\/logo120.png","contentUrl":"https:\/\/jornalfatosenoticias.com.br\/wp-content\/uploads\/2020\/02\/logo120.png","width":1227,"height":120,"caption":"Jornal Fatos e Not\u00edcias"},"image":{"@id":"https:\/\/jornalfatosenoticias.com.br\/#\/schema\/logo\/image\/"}},{"@type":"Person","@id":"https:\/\/jornalfatosenoticias.com.br\/#\/schema\/person\/d3d464ddbcaf3c3ddfb099ca10ab2cc6","name":"Francisco Neto","image":{"@type":"ImageObject","inLanguage":"pt-BR","@id":"https:\/\/jornalfatosenoticias.com.br\/#\/schema\/person\/image\/","url":"https:\/\/jornalfatosenoticias.com.br\/wp-content\/uploads\/2025\/10\/Francisco.jpeg","contentUrl":"https:\/\/jornalfatosenoticias.com.br\/wp-content\/uploads\/2025\/10\/Francisco.jpeg","caption":"Francisco Neto"},"description":"Engenheiro eletricista da Conexa Engenharia Transformo solu\u00e7\u00f5es inteligentes em energia, efici\u00eancia e seguran\u00e7a. Instagram: @sou.conexa","url":"https:\/\/jornalfatosenoticias.com.br\/index.php\/author\/francisco-neto\/"}]}},"cc_featured_image_caption":{"caption_text":"(Foto: iStock)","source_text":"","source_url":""},"jetpack_featured_media_url":"https:\/\/jornalfatosenoticias.com.br\/wp-content\/uploads\/2025\/10\/os-3-pilares-empreendedorismo_istock.jpg","_links":{"self":[{"href":"https:\/\/jornalfatosenoticias.com.br\/index.php\/wp-json\/wp\/v2\/posts\/62728","targetHints":{"allow":["GET"]}}],"collection":[{"href":"https:\/\/jornalfatosenoticias.com.br\/index.php\/wp-json\/wp\/v2\/posts"}],"about":[{"href":"https:\/\/jornalfatosenoticias.com.br\/index.php\/wp-json\/wp\/v2\/types\/post"}],"author":[{"embeddable":true,"href":"https:\/\/jornalfatosenoticias.com.br\/index.php\/wp-json\/wp\/v2\/users\/44"}],"replies":[{"embeddable":true,"href":"https:\/\/jornalfatosenoticias.com.br\/index.php\/wp-json\/wp\/v2\/comments?post=62728"}],"version-history":[{"count":1,"href":"https:\/\/jornalfatosenoticias.com.br\/index.php\/wp-json\/wp\/v2\/posts\/62728\/revisions"}],"predecessor-version":[{"id":66134,"href":"https:\/\/jornalfatosenoticias.com.br\/index.php\/wp-json\/wp\/v2\/posts\/62728\/revisions\/66134"}],"wp:featuredmedia":[{"embeddable":true,"href":"https:\/\/jornalfatosenoticias.com.br\/index.php\/wp-json\/wp\/v2\/media\/62731"}],"wp:attachment":[{"href":"https:\/\/jornalfatosenoticias.com.br\/index.php\/wp-json\/wp\/v2\/media?parent=62728"}],"wp:term":[{"taxonomy":"category","embeddable":true,"href":"https:\/\/jornalfatosenoticias.com.br\/index.php\/wp-json\/wp\/v2\/categories?post=62728"},{"taxonomy":"post_tag","embeddable":true,"href":"https:\/\/jornalfatosenoticias.com.br\/index.php\/wp-json\/wp\/v2\/tags?post=62728"}],"curies":[{"name":"wp","href":"https:\/\/api.w.org\/{rel}","templated":true}]}}