{"id":62744,"date":"2025-10-23T19:08:51","date_gmt":"2025-10-23T22:08:51","guid":{"rendered":"https:\/\/jornalfatosenoticias.com.br\/?p=62744"},"modified":"2025-10-23T19:08:52","modified_gmt":"2025-10-23T22:08:52","slug":"a-forca-da-atitude-mental-positiva","status":"publish","type":"post","link":"https:\/\/jornalfatosenoticias.com.br\/index.php\/2025\/10\/23\/a-forca-da-atitude-mental-positiva\/","title":{"rendered":"A for\u00e7a da atitude mental positiva"},"content":{"rendered":"\n<p><em><span class=\"has-inline-color has-black-color\">Como o pensamento influencia diretamente os resultados pessoais e profissionais<\/span><\/em><\/p>\n\n\n\n<div class=\"wp-block-image\"><figure class=\"aligncenter size-large\"><a href=\"https:\/\/mizu.com.br\/\"><img loading=\"lazy\" decoding=\"async\" width=\"729\" height=\"90\" src=\"https:\/\/jornalfatosenoticias.com.br\/wp-content\/uploads\/2020\/02\/Logo_Mizu.png\" alt=\"\" class=\"wp-image-1441\" srcset=\"https:\/\/jornalfatosenoticias.com.br\/wp-content\/uploads\/2020\/02\/Logo_Mizu.png 729w, https:\/\/jornalfatosenoticias.com.br\/wp-content\/uploads\/2020\/02\/Logo_Mizu-300x37.png 300w\" sizes=\"auto, (max-width: 729px) 100vw, 729px\" \/><\/a><\/figure><\/div>\n\n\n\n<p>Tudo come\u00e7a na mente. Antes de qualquer conquista, mudan\u00e7a ou supera\u00e7\u00e3o, existe um pensamento \u2014 uma semente silenciosa que define o rumo de tudo. Napoleon Hill, autor do cl\u00e1ssico <em>\u201cPense e Enrique\u00e7a\u201d<\/em> e criador da filosofia do sucesso que inspira l\u00edderes no mundo todo, ensinava que <strong>a atitude mental positiva \u00e9 o ponto de partida de toda realiza\u00e7\u00e3o duradoura.<\/strong><br>N\u00e3o se trata de otimismo ing\u00eanuo, mas de uma <strong>postura mental consciente,<\/strong> capaz de transformar desafios em oportunidades e obst\u00e1culos em degraus. No mundo pessoal e profissional, a diferen\u00e7a entre quem vence e quem desiste raramente \u00e9 talento ou sorte \u2014 \u00e9 <strong>mentalidade.<\/strong> A pessoa que escolhe manter pensamentos construtivos, mesmo diante das dificuldades, abre caminhos onde outros veem muros.<\/p>\n\n\n\n<div class=\"wp-block-image\"><figure class=\"aligncenter size-large is-resized\"><a href=\"https:\/\/www.facebook.com\/postobkr\/?locale=pt_BR\"><img loading=\"lazy\" decoding=\"async\" src=\"https:\/\/jornalfatosenoticias.com.br\/wp-content\/uploads\/2023\/08\/BKR-1024x1021.jpg\" alt=\"\" class=\"wp-image-44494\" width=\"296\" height=\"295\" srcset=\"https:\/\/jornalfatosenoticias.com.br\/wp-content\/uploads\/2023\/08\/BKR-1024x1021.jpg 1024w, https:\/\/jornalfatosenoticias.com.br\/wp-content\/uploads\/2023\/08\/BKR-300x300.jpg 300w, https:\/\/jornalfatosenoticias.com.br\/wp-content\/uploads\/2023\/08\/BKR-150x150.jpg 150w, https:\/\/jornalfatosenoticias.com.br\/wp-content\/uploads\/2023\/08\/BKR-768x766.jpg 768w, https:\/\/jornalfatosenoticias.com.br\/wp-content\/uploads\/2023\/08\/BKR.jpg 1080w\" sizes=\"auto, (max-width: 296px) 100vw, 296px\" \/><\/a><\/figure><\/div>\n\n\n\n<p><strong><span class=\"has-inline-color has-vivid-purple-color\">Pensar bem \u00e9 agir melhor<br><\/span><\/strong>A mente \u00e9 como um im\u00e3. Quando cultivamos pensamentos de confian\u00e7a, coragem e prop\u00f3sito, atra\u00edmos ideias, pessoas e circunst\u00e2ncias que fortalecem nossos objetivos. Em contrapartida, quem se entrega ao pessimismo acaba bloqueando sua pr\u00f3pria criatividade, desperdi\u00e7ando energia e limitando as possibilidades. Ter uma <strong>atitude mental positiva,<\/strong> como ensina Napoleon Hill, \u00e9 manter o foco na solu\u00e7\u00e3o, n\u00e3o no problema. \u00c9 enxergar o que pode ser feito \u2014 e fazer \u2014 mesmo quando as condi\u00e7\u00f5es parecem desfavor\u00e1veis.<\/p>\n\n\n\n<div class=\"wp-block-image\"><figure class=\"aligncenter size-large\"><img loading=\"lazy\" decoding=\"async\" width=\"666\" height=\"1000\" src=\"https:\/\/jornalfatosenoticias.com.br\/wp-content\/uploads\/2025\/10\/a-forca-da-atitude-mental4_freepik.jpg\" alt=\"\" class=\"wp-image-62747\" srcset=\"https:\/\/jornalfatosenoticias.com.br\/wp-content\/uploads\/2025\/10\/a-forca-da-atitude-mental4_freepik.jpg 666w, https:\/\/jornalfatosenoticias.com.br\/wp-content\/uploads\/2025\/10\/a-forca-da-atitude-mental4_freepik-200x300.jpg 200w\" sizes=\"auto, (max-width: 666px) 100vw, 666px\" \/><figcaption><em><span class=\"has-inline-color has-black-color\">(Foto: Freepik)<\/span><\/em><\/figcaption><\/figure><\/div>\n\n\n\n<p><strong><span class=\"has-inline-color has-vivid-purple-color\">A diferen\u00e7a que come\u00e7a dentro<br><\/span><\/strong>Empresas e profissionais de alta performance t\u00eam algo em comum: <strong>pensam de forma diferente. <\/strong>Diante de um desafio, n\u00e3o perguntam \u201cpor qu\u00ea?\u201d, mas sim \u201cpara qu\u00ea?\u201d e \u201ccomo podemos resolver?\u201d. Essa mentalidade construtiva \u00e9 contagiante. Um l\u00edder com atitude positiva inspira sua equipe, melhora o clima organizacional e cria uma cultura de resultados. Da mesma forma, uma pessoa que pensa com f\u00e9 e determina\u00e7\u00e3o contagia o ambiente e abre portas que pareciam fechadas.<\/p>\n\n\n\n<div class=\"wp-block-image\"><figure class=\"aligncenter size-large\"><img loading=\"lazy\" decoding=\"async\" width=\"1000\" height=\"716\" src=\"https:\/\/jornalfatosenoticias.com.br\/wp-content\/uploads\/2025\/10\/a-forca-da-atitude-mental2_pixabay.png\" alt=\"\" class=\"wp-image-62746\" srcset=\"https:\/\/jornalfatosenoticias.com.br\/wp-content\/uploads\/2025\/10\/a-forca-da-atitude-mental2_pixabay.png 1000w, https:\/\/jornalfatosenoticias.com.br\/wp-content\/uploads\/2025\/10\/a-forca-da-atitude-mental2_pixabay-300x215.png 300w, https:\/\/jornalfatosenoticias.com.br\/wp-content\/uploads\/2025\/10\/a-forca-da-atitude-mental2_pixabay-768x550.png 768w\" sizes=\"auto, (max-width: 1000px) 100vw, 1000px\" \/><figcaption><em><span class=\"has-inline-color has-black-color\">(Foto: Pixabay)<\/span><\/em><\/figcaption><\/figure><\/div>\n\n\n\n<p><strong><span class=\"has-inline-color has-vivid-purple-color\">A mente cria o destino<br><\/span><\/strong>Napoleon Hill afirmava: \u201ctudo o que a mente humana pode conceber e acreditar, ela pode conquistar\u201d. Essa n\u00e3o \u00e9 apenas uma frase inspiradora \u2014 \u00e9 uma <strong>lei mental poderosa.<\/strong> Nossos pensamentos moldam nossas a\u00e7\u00f5es, e nossas a\u00e7\u00f5es definem nossos resultados. Quem acredita que pode, age com coragem. Quem acredita que n\u00e3o pode, nem tenta.<\/p>\n\n\n\n<div class=\"wp-block-image\"><figure class=\"aligncenter size-large is-resized\"><a href=\"https:\/\/hotelmarquetti.com.br\/\"><img loading=\"lazy\" decoding=\"async\" src=\"https:\/\/jornalfatosenoticias.com.br\/wp-content\/uploads\/2020\/02\/LOGO-MQ-1024x680.jpg\" alt=\"\" class=\"wp-image-58299\" width=\"309\" height=\"205\" srcset=\"https:\/\/jornalfatosenoticias.com.br\/wp-content\/uploads\/2020\/02\/LOGO-MQ-1024x680.jpg 1024w, https:\/\/jornalfatosenoticias.com.br\/wp-content\/uploads\/2020\/02\/LOGO-MQ-300x199.jpg 300w, https:\/\/jornalfatosenoticias.com.br\/wp-content\/uploads\/2020\/02\/LOGO-MQ-768x510.jpg 768w, https:\/\/jornalfatosenoticias.com.br\/wp-content\/uploads\/2020\/02\/LOGO-MQ-1536x1020.jpg 1536w, https:\/\/jornalfatosenoticias.com.br\/wp-content\/uploads\/2020\/02\/LOGO-MQ-2048x1360.jpg 2048w\" sizes=\"auto, (max-width: 309px) 100vw, 309px\" \/><\/a><\/figure><\/div>\n\n\n\n<p><strong><span class=\"has-inline-color has-vivid-purple-color\">Escolher pensar bem \u00e9 um ato de lideran\u00e7a<br><\/span><\/strong>Manter uma atitude mental positiva \u00e9 uma escolha di\u00e1ria \u2014 especialmente nos dias dif\u00edceis. \u00c9 escolher ser a causa, e n\u00e3o o efeito. \u00c9 decidir que, independentemente do que acontece fora, nada vai abalar o que est\u00e1 dentro.<br>Essa postura mental n\u00e3o elimina os problemas, mas nos torna <strong>maiores do que eles.<\/strong><\/p>\n\n\n\n<div class=\"wp-block-image\"><figure class=\"aligncenter size-large\"><a href=\"http:\/\/www.ferrarimaquinas.com.br\/\"><img loading=\"lazy\" decoding=\"async\" width=\"300\" height=\"250\" src=\"https:\/\/jornalfatosenoticias.com.br\/wp-content\/uploads\/2022\/02\/FERRARI_MAQUINAS-E-FERRAMENTAS2.jpg\" alt=\"\" class=\"wp-image-27860\"\/><\/a><\/figure><\/div>\n\n\n\n<p>Em tempos de tanta incerteza, a atitude mental positiva \u00e9 mais do que um diferencial: \u00e9 uma necessidade. Por que, no fim, o sucesso \u2014 seja nos neg\u00f3cios ou na vida \u2014 <strong>n\u00e3o \u00e9 resultado das circunst\u00e2ncias, mas da maneira como pensamos diante delas.<\/strong><\/p>\n","protected":false},"excerpt":{"rendered":"<p>Como o pensamento influencia diretamente os resultados pessoais e profissionais Tudo come\u00e7a na mente. Antes de qualquer conquista, mudan\u00e7a ou supera\u00e7\u00e3o, existe um pensamento \u2014 uma semente silenciosa que define o rumo de tudo. Napoleon Hill, autor do cl\u00e1ssico \u201cPense e Enrique\u00e7a\u201d e criador da filosofia do sucesso que inspira l\u00edderes no mundo todo, ensinava [&hellip;]<\/p>\n","protected":false},"author":37,"featured_media":62745,"comment_status":"open","ping_status":"open","sticky":false,"template":"","format":"standard","meta":{"footnotes":""},"categories":[42,2522],"tags":[28612,28614,2373,19550,15735,28613],"class_list":["post-62744","post","type-post","status-publish","format-standard","has-post-thumbnail","hentry","category-bem-estar","category-comportamento","tag-atitude-mental","tag-atitude-mental-positiva","tag-mente","tag-napoleon-hill","tag-pensar","tag-postura-mental"],"yoast_head":"<!-- This site is optimized with the Yoast SEO plugin v26.5 - https:\/\/yoast.com\/wordpress\/plugins\/seo\/ -->\n<title>A for\u00e7a da atitude mental positiva - Jornal Fatos e Not\u00edcias<\/title>\n<meta name=\"robots\" content=\"index, follow, max-snippet:-1, max-image-preview:large, max-video-preview:-1\" \/>\n<link rel=\"canonical\" href=\"https:\/\/jornalfatosenoticias.com.br\/index.php\/2025\/10\/23\/a-forca-da-atitude-mental-positiva\/\" \/>\n<meta property=\"og:locale\" content=\"pt_BR\" \/>\n<meta property=\"og:type\" content=\"article\" \/>\n<meta property=\"og:title\" content=\"A for\u00e7a da atitude mental positiva - Jornal Fatos e Not\u00edcias\" \/>\n<meta property=\"og:description\" content=\"Como o pensamento influencia diretamente os resultados pessoais e profissionais Tudo come\u00e7a na mente. Antes de qualquer conquista, mudan\u00e7a ou supera\u00e7\u00e3o, existe um pensamento \u2014 uma semente silenciosa que define o rumo de tudo. Napoleon Hill, autor do cl\u00e1ssico \u201cPense e Enrique\u00e7a\u201d e criador da filosofia do sucesso que inspira l\u00edderes no mundo todo, ensinava [&hellip;]\" \/>\n<meta property=\"og:url\" content=\"https:\/\/jornalfatosenoticias.com.br\/index.php\/2025\/10\/23\/a-forca-da-atitude-mental-positiva\/\" \/>\n<meta property=\"og:site_name\" content=\"Jornal Fatos e Not\u00edcias\" \/>\n<meta property=\"article:published_time\" content=\"2025-10-23T22:08:51+00:00\" \/>\n<meta property=\"article:modified_time\" content=\"2025-10-23T22:08:52+00:00\" \/>\n<meta property=\"og:image\" content=\"https:\/\/jornalfatosenoticias.com.br\/wp-content\/uploads\/2025\/10\/a-forca-da-atitude-mental_freepik.jpg\" \/>\n\t<meta property=\"og:image:width\" content=\"1000\" \/>\n\t<meta property=\"og:image:height\" content=\"675\" \/>\n\t<meta property=\"og:image:type\" content=\"image\/jpeg\" \/>\n<meta name=\"author\" content=\"Milena Rohr\" \/>\n<meta name=\"twitter:card\" content=\"summary_large_image\" \/>\n<meta name=\"twitter:label1\" content=\"Escrito por\" \/>\n\t<meta name=\"twitter:data1\" content=\"Milena Rohr\" \/>\n\t<meta name=\"twitter:label2\" content=\"Est. tempo de leitura\" \/>\n\t<meta name=\"twitter:data2\" content=\"2 minutos\" \/>\n<script type=\"application\/ld+json\" class=\"yoast-schema-graph\">{\"@context\":\"https:\/\/schema.org\",\"@graph\":[{\"@type\":\"Article\",\"@id\":\"https:\/\/jornalfatosenoticias.com.br\/index.php\/2025\/10\/23\/a-forca-da-atitude-mental-positiva\/#article\",\"isPartOf\":{\"@id\":\"https:\/\/jornalfatosenoticias.com.br\/index.php\/2025\/10\/23\/a-forca-da-atitude-mental-positiva\/\"},\"author\":{\"name\":\"Milena Rohr\",\"@id\":\"https:\/\/jornalfatosenoticias.com.br\/#\/schema\/person\/bd76a40517f387e41cc072b0d3c7d627\"},\"headline\":\"A for\u00e7a da atitude mental positiva\",\"datePublished\":\"2025-10-23T22:08:51+00:00\",\"dateModified\":\"2025-10-23T22:08:52+00:00\",\"mainEntityOfPage\":{\"@id\":\"https:\/\/jornalfatosenoticias.com.br\/index.php\/2025\/10\/23\/a-forca-da-atitude-mental-positiva\/\"},\"wordCount\":476,\"commentCount\":0,\"publisher\":{\"@id\":\"https:\/\/jornalfatosenoticias.com.br\/#organization\"},\"image\":{\"@id\":\"https:\/\/jornalfatosenoticias.com.br\/index.php\/2025\/10\/23\/a-forca-da-atitude-mental-positiva\/#primaryimage\"},\"thumbnailUrl\":\"https:\/\/jornalfatosenoticias.com.br\/wp-content\/uploads\/2025\/10\/a-forca-da-atitude-mental_freepik.jpg\",\"keywords\":[\"atitude mental\",\"atitude mental positiva\",\"mente\",\"Napoleon Hill\",\"pensar\",\"postura mental\"],\"articleSection\":[\"Bem-estar\",\"Comportamento &amp; Equil\u00edbrio\"],\"inLanguage\":\"pt-BR\",\"potentialAction\":[{\"@type\":\"CommentAction\",\"name\":\"Comment\",\"target\":[\"https:\/\/jornalfatosenoticias.com.br\/index.php\/2025\/10\/23\/a-forca-da-atitude-mental-positiva\/#respond\"]}]},{\"@type\":\"WebPage\",\"@id\":\"https:\/\/jornalfatosenoticias.com.br\/index.php\/2025\/10\/23\/a-forca-da-atitude-mental-positiva\/\",\"url\":\"https:\/\/jornalfatosenoticias.com.br\/index.php\/2025\/10\/23\/a-forca-da-atitude-mental-positiva\/\",\"name\":\"A for\u00e7a da atitude mental positiva - Jornal Fatos e Not\u00edcias\",\"isPartOf\":{\"@id\":\"https:\/\/jornalfatosenoticias.com.br\/#website\"},\"primaryImageOfPage\":{\"@id\":\"https:\/\/jornalfatosenoticias.com.br\/index.php\/2025\/10\/23\/a-forca-da-atitude-mental-positiva\/#primaryimage\"},\"image\":{\"@id\":\"https:\/\/jornalfatosenoticias.com.br\/index.php\/2025\/10\/23\/a-forca-da-atitude-mental-positiva\/#primaryimage\"},\"thumbnailUrl\":\"https:\/\/jornalfatosenoticias.com.br\/wp-content\/uploads\/2025\/10\/a-forca-da-atitude-mental_freepik.jpg\",\"datePublished\":\"2025-10-23T22:08:51+00:00\",\"dateModified\":\"2025-10-23T22:08:52+00:00\",\"breadcrumb\":{\"@id\":\"https:\/\/jornalfatosenoticias.com.br\/index.php\/2025\/10\/23\/a-forca-da-atitude-mental-positiva\/#breadcrumb\"},\"inLanguage\":\"pt-BR\",\"potentialAction\":[{\"@type\":\"ReadAction\",\"target\":[\"https:\/\/jornalfatosenoticias.com.br\/index.php\/2025\/10\/23\/a-forca-da-atitude-mental-positiva\/\"]}]},{\"@type\":\"ImageObject\",\"inLanguage\":\"pt-BR\",\"@id\":\"https:\/\/jornalfatosenoticias.com.br\/index.php\/2025\/10\/23\/a-forca-da-atitude-mental-positiva\/#primaryimage\",\"url\":\"https:\/\/jornalfatosenoticias.com.br\/wp-content\/uploads\/2025\/10\/a-forca-da-atitude-mental_freepik.jpg\",\"contentUrl\":\"https:\/\/jornalfatosenoticias.com.br\/wp-content\/uploads\/2025\/10\/a-forca-da-atitude-mental_freepik.jpg\",\"width\":1000,\"height\":675,\"caption\":\"Positive Thinking Happiness Lifestyle Concept\"},{\"@type\":\"BreadcrumbList\",\"@id\":\"https:\/\/jornalfatosenoticias.com.br\/index.php\/2025\/10\/23\/a-forca-da-atitude-mental-positiva\/#breadcrumb\",\"itemListElement\":[{\"@type\":\"ListItem\",\"position\":1,\"name\":\"In\u00edcio\",\"item\":\"https:\/\/jornalfatosenoticias.com.br\/\"},{\"@type\":\"ListItem\",\"position\":2,\"name\":\"A for\u00e7a da atitude mental positiva\"}]},{\"@type\":\"WebSite\",\"@id\":\"https:\/\/jornalfatosenoticias.com.br\/#website\",\"url\":\"https:\/\/jornalfatosenoticias.com.br\/\",\"name\":\"Jornal Fatos e Not\u00edcias\",\"description\":\"Not\u00edcias em geral\",\"publisher\":{\"@id\":\"https:\/\/jornalfatosenoticias.com.br\/#organization\"},\"potentialAction\":[{\"@type\":\"SearchAction\",\"target\":{\"@type\":\"EntryPoint\",\"urlTemplate\":\"https:\/\/jornalfatosenoticias.com.br\/?s={search_term_string}\"},\"query-input\":{\"@type\":\"PropertyValueSpecification\",\"valueRequired\":true,\"valueName\":\"search_term_string\"}}],\"inLanguage\":\"pt-BR\"},{\"@type\":\"Organization\",\"@id\":\"https:\/\/jornalfatosenoticias.com.br\/#organization\",\"name\":\"Jornal Fatos e Not\u00edcias\",\"url\":\"https:\/\/jornalfatosenoticias.com.br\/\",\"logo\":{\"@type\":\"ImageObject\",\"inLanguage\":\"pt-BR\",\"@id\":\"https:\/\/jornalfatosenoticias.com.br\/#\/schema\/logo\/image\/\",\"url\":\"https:\/\/jornalfatosenoticias.com.br\/wp-content\/uploads\/2020\/02\/logo120.png\",\"contentUrl\":\"https:\/\/jornalfatosenoticias.com.br\/wp-content\/uploads\/2020\/02\/logo120.png\",\"width\":1227,\"height\":120,\"caption\":\"Jornal Fatos e Not\u00edcias\"},\"image\":{\"@id\":\"https:\/\/jornalfatosenoticias.com.br\/#\/schema\/logo\/image\/\"}},{\"@type\":\"Person\",\"@id\":\"https:\/\/jornalfatosenoticias.com.br\/#\/schema\/person\/bd76a40517f387e41cc072b0d3c7d627\",\"name\":\"Milena Rohr\",\"image\":{\"@type\":\"ImageObject\",\"inLanguage\":\"pt-BR\",\"@id\":\"https:\/\/jornalfatosenoticias.com.br\/#\/schema\/person\/image\/\",\"url\":\"https:\/\/jornalfatosenoticias.com.br\/wp-content\/uploads\/2026\/03\/Milena-Rohr_portal-150x150.jpg\",\"contentUrl\":\"https:\/\/jornalfatosenoticias.com.br\/wp-content\/uploads\/2026\/03\/Milena-Rohr_portal-150x150.jpg\",\"caption\":\"Milena Rohr\"},\"description\":\"Milena Rohr S\u00f3cia e diretora do MasterMind (Funda\u00e7\u00e3o Napoleon Hill), Gestora Empresarial, Embaixadora do BNI, Palestrante, Escritora, Colunista e Mentora FRST do Grupo Falconi\",\"url\":\"https:\/\/jornalfatosenoticias.com.br\/index.php\/author\/milena-rhor\/\"}]}<\/script>\n<!-- \/ Yoast SEO plugin. -->","yoast_head_json":{"title":"A for\u00e7a da atitude mental positiva - Jornal Fatos e Not\u00edcias","robots":{"index":"index","follow":"follow","max-snippet":"max-snippet:-1","max-image-preview":"max-image-preview:large","max-video-preview":"max-video-preview:-1"},"canonical":"https:\/\/jornalfatosenoticias.com.br\/index.php\/2025\/10\/23\/a-forca-da-atitude-mental-positiva\/","og_locale":"pt_BR","og_type":"article","og_title":"A for\u00e7a da atitude mental positiva - Jornal Fatos e Not\u00edcias","og_description":"Como o pensamento influencia diretamente os resultados pessoais e profissionais Tudo come\u00e7a na mente. Antes de qualquer conquista, mudan\u00e7a ou supera\u00e7\u00e3o, existe um pensamento \u2014 uma semente silenciosa que define o rumo de tudo. Napoleon Hill, autor do cl\u00e1ssico \u201cPense e Enrique\u00e7a\u201d e criador da filosofia do sucesso que inspira l\u00edderes no mundo todo, ensinava [&hellip;]","og_url":"https:\/\/jornalfatosenoticias.com.br\/index.php\/2025\/10\/23\/a-forca-da-atitude-mental-positiva\/","og_site_name":"Jornal Fatos e Not\u00edcias","article_published_time":"2025-10-23T22:08:51+00:00","article_modified_time":"2025-10-23T22:08:52+00:00","og_image":[{"width":1000,"height":675,"url":"https:\/\/jornalfatosenoticias.com.br\/wp-content\/uploads\/2025\/10\/a-forca-da-atitude-mental_freepik.jpg","type":"image\/jpeg"}],"author":"Milena Rohr","twitter_card":"summary_large_image","twitter_misc":{"Escrito por":"Milena Rohr","Est. tempo de leitura":"2 minutos"},"schema":{"@context":"https:\/\/schema.org","@graph":[{"@type":"Article","@id":"https:\/\/jornalfatosenoticias.com.br\/index.php\/2025\/10\/23\/a-forca-da-atitude-mental-positiva\/#article","isPartOf":{"@id":"https:\/\/jornalfatosenoticias.com.br\/index.php\/2025\/10\/23\/a-forca-da-atitude-mental-positiva\/"},"author":{"name":"Milena Rohr","@id":"https:\/\/jornalfatosenoticias.com.br\/#\/schema\/person\/bd76a40517f387e41cc072b0d3c7d627"},"headline":"A for\u00e7a da atitude mental positiva","datePublished":"2025-10-23T22:08:51+00:00","dateModified":"2025-10-23T22:08:52+00:00","mainEntityOfPage":{"@id":"https:\/\/jornalfatosenoticias.com.br\/index.php\/2025\/10\/23\/a-forca-da-atitude-mental-positiva\/"},"wordCount":476,"commentCount":0,"publisher":{"@id":"https:\/\/jornalfatosenoticias.com.br\/#organization"},"image":{"@id":"https:\/\/jornalfatosenoticias.com.br\/index.php\/2025\/10\/23\/a-forca-da-atitude-mental-positiva\/#primaryimage"},"thumbnailUrl":"https:\/\/jornalfatosenoticias.com.br\/wp-content\/uploads\/2025\/10\/a-forca-da-atitude-mental_freepik.jpg","keywords":["atitude mental","atitude mental positiva","mente","Napoleon Hill","pensar","postura mental"],"articleSection":["Bem-estar","Comportamento &amp; Equil\u00edbrio"],"inLanguage":"pt-BR","potentialAction":[{"@type":"CommentAction","name":"Comment","target":["https:\/\/jornalfatosenoticias.com.br\/index.php\/2025\/10\/23\/a-forca-da-atitude-mental-positiva\/#respond"]}]},{"@type":"WebPage","@id":"https:\/\/jornalfatosenoticias.com.br\/index.php\/2025\/10\/23\/a-forca-da-atitude-mental-positiva\/","url":"https:\/\/jornalfatosenoticias.com.br\/index.php\/2025\/10\/23\/a-forca-da-atitude-mental-positiva\/","name":"A for\u00e7a da atitude mental positiva - Jornal Fatos e Not\u00edcias","isPartOf":{"@id":"https:\/\/jornalfatosenoticias.com.br\/#website"},"primaryImageOfPage":{"@id":"https:\/\/jornalfatosenoticias.com.br\/index.php\/2025\/10\/23\/a-forca-da-atitude-mental-positiva\/#primaryimage"},"image":{"@id":"https:\/\/jornalfatosenoticias.com.br\/index.php\/2025\/10\/23\/a-forca-da-atitude-mental-positiva\/#primaryimage"},"thumbnailUrl":"https:\/\/jornalfatosenoticias.com.br\/wp-content\/uploads\/2025\/10\/a-forca-da-atitude-mental_freepik.jpg","datePublished":"2025-10-23T22:08:51+00:00","dateModified":"2025-10-23T22:08:52+00:00","breadcrumb":{"@id":"https:\/\/jornalfatosenoticias.com.br\/index.php\/2025\/10\/23\/a-forca-da-atitude-mental-positiva\/#breadcrumb"},"inLanguage":"pt-BR","potentialAction":[{"@type":"ReadAction","target":["https:\/\/jornalfatosenoticias.com.br\/index.php\/2025\/10\/23\/a-forca-da-atitude-mental-positiva\/"]}]},{"@type":"ImageObject","inLanguage":"pt-BR","@id":"https:\/\/jornalfatosenoticias.com.br\/index.php\/2025\/10\/23\/a-forca-da-atitude-mental-positiva\/#primaryimage","url":"https:\/\/jornalfatosenoticias.com.br\/wp-content\/uploads\/2025\/10\/a-forca-da-atitude-mental_freepik.jpg","contentUrl":"https:\/\/jornalfatosenoticias.com.br\/wp-content\/uploads\/2025\/10\/a-forca-da-atitude-mental_freepik.jpg","width":1000,"height":675,"caption":"Positive Thinking Happiness Lifestyle Concept"},{"@type":"BreadcrumbList","@id":"https:\/\/jornalfatosenoticias.com.br\/index.php\/2025\/10\/23\/a-forca-da-atitude-mental-positiva\/#breadcrumb","itemListElement":[{"@type":"ListItem","position":1,"name":"In\u00edcio","item":"https:\/\/jornalfatosenoticias.com.br\/"},{"@type":"ListItem","position":2,"name":"A for\u00e7a da atitude mental positiva"}]},{"@type":"WebSite","@id":"https:\/\/jornalfatosenoticias.com.br\/#website","url":"https:\/\/jornalfatosenoticias.com.br\/","name":"Jornal Fatos e Not\u00edcias","description":"Not\u00edcias em geral","publisher":{"@id":"https:\/\/jornalfatosenoticias.com.br\/#organization"},"potentialAction":[{"@type":"SearchAction","target":{"@type":"EntryPoint","urlTemplate":"https:\/\/jornalfatosenoticias.com.br\/?s={search_term_string}"},"query-input":{"@type":"PropertyValueSpecification","valueRequired":true,"valueName":"search_term_string"}}],"inLanguage":"pt-BR"},{"@type":"Organization","@id":"https:\/\/jornalfatosenoticias.com.br\/#organization","name":"Jornal Fatos e Not\u00edcias","url":"https:\/\/jornalfatosenoticias.com.br\/","logo":{"@type":"ImageObject","inLanguage":"pt-BR","@id":"https:\/\/jornalfatosenoticias.com.br\/#\/schema\/logo\/image\/","url":"https:\/\/jornalfatosenoticias.com.br\/wp-content\/uploads\/2020\/02\/logo120.png","contentUrl":"https:\/\/jornalfatosenoticias.com.br\/wp-content\/uploads\/2020\/02\/logo120.png","width":1227,"height":120,"caption":"Jornal Fatos e Not\u00edcias"},"image":{"@id":"https:\/\/jornalfatosenoticias.com.br\/#\/schema\/logo\/image\/"}},{"@type":"Person","@id":"https:\/\/jornalfatosenoticias.com.br\/#\/schema\/person\/bd76a40517f387e41cc072b0d3c7d627","name":"Milena Rohr","image":{"@type":"ImageObject","inLanguage":"pt-BR","@id":"https:\/\/jornalfatosenoticias.com.br\/#\/schema\/person\/image\/","url":"https:\/\/jornalfatosenoticias.com.br\/wp-content\/uploads\/2026\/03\/Milena-Rohr_portal-150x150.jpg","contentUrl":"https:\/\/jornalfatosenoticias.com.br\/wp-content\/uploads\/2026\/03\/Milena-Rohr_portal-150x150.jpg","caption":"Milena Rohr"},"description":"Milena Rohr S\u00f3cia e diretora do MasterMind (Funda\u00e7\u00e3o Napoleon Hill), Gestora Empresarial, Embaixadora do BNI, Palestrante, Escritora, Colunista e Mentora FRST do Grupo Falconi","url":"https:\/\/jornalfatosenoticias.com.br\/index.php\/author\/milena-rhor\/"}]}},"cc_featured_image_caption":{"caption_text":"(Foto: Freepik)","source_text":"","source_url":""},"jetpack_featured_media_url":"https:\/\/jornalfatosenoticias.com.br\/wp-content\/uploads\/2025\/10\/a-forca-da-atitude-mental_freepik.jpg","_links":{"self":[{"href":"https:\/\/jornalfatosenoticias.com.br\/index.php\/wp-json\/wp\/v2\/posts\/62744","targetHints":{"allow":["GET"]}}],"collection":[{"href":"https:\/\/jornalfatosenoticias.com.br\/index.php\/wp-json\/wp\/v2\/posts"}],"about":[{"href":"https:\/\/jornalfatosenoticias.com.br\/index.php\/wp-json\/wp\/v2\/types\/post"}],"author":[{"embeddable":true,"href":"https:\/\/jornalfatosenoticias.com.br\/index.php\/wp-json\/wp\/v2\/users\/37"}],"replies":[{"embeddable":true,"href":"https:\/\/jornalfatosenoticias.com.br\/index.php\/wp-json\/wp\/v2\/comments?post=62744"}],"version-history":[{"count":0,"href":"https:\/\/jornalfatosenoticias.com.br\/index.php\/wp-json\/wp\/v2\/posts\/62744\/revisions"}],"wp:featuredmedia":[{"embeddable":true,"href":"https:\/\/jornalfatosenoticias.com.br\/index.php\/wp-json\/wp\/v2\/media\/62745"}],"wp:attachment":[{"href":"https:\/\/jornalfatosenoticias.com.br\/index.php\/wp-json\/wp\/v2\/media?parent=62744"}],"wp:term":[{"taxonomy":"category","embeddable":true,"href":"https:\/\/jornalfatosenoticias.com.br\/index.php\/wp-json\/wp\/v2\/categories?post=62744"},{"taxonomy":"post_tag","embeddable":true,"href":"https:\/\/jornalfatosenoticias.com.br\/index.php\/wp-json\/wp\/v2\/tags?post=62744"}],"curies":[{"name":"wp","href":"https:\/\/api.w.org\/{rel}","templated":true}]}}