{"id":62755,"date":"2025-10-23T19:29:38","date_gmt":"2025-10-23T22:29:38","guid":{"rendered":"https:\/\/jornalfatosenoticias.com.br\/?p=62755"},"modified":"2025-10-23T19:29:39","modified_gmt":"2025-10-23T22:29:39","slug":"devocional-do-dia-salvos-pela-graca","status":"publish","type":"post","link":"https:\/\/jornalfatosenoticias.com.br\/index.php\/2025\/10\/23\/devocional-do-dia-salvos-pela-graca\/","title":{"rendered":"Devocional do Dia \u2014 salvos pela gra\u00e7a"},"content":{"rendered":"\n<p><em><span class=\"has-inline-color has-black-color\">\u2018Porque pela gra\u00e7a sois salvos, mediante a f\u00e9; e isto n\u00e3o vem de v\u00f3s; \u00e9 dom de Deus; n\u00e3o de obras, para que ningu\u00e9m se glorie\u2019, Ef\u00e9sios 2:8-9<\/span><\/em><\/p>\n\n\n\n<div class=\"wp-block-image\"><figure class=\"aligncenter size-large\"><a href=\"https:\/\/panper.com.br\/\"><img loading=\"lazy\" decoding=\"async\" width=\"1024\" height=\"111\" src=\"https:\/\/jornalfatosenoticias.com.br\/wp-content\/uploads\/2020\/02\/WhatsApp-Image-2022-09-23-at-12.09.18-1024x111.jpeg\" alt=\"\" class=\"wp-image-34527\" srcset=\"https:\/\/jornalfatosenoticias.com.br\/wp-content\/uploads\/2020\/02\/WhatsApp-Image-2022-09-23-at-12.09.18-1024x111.jpeg 1024w, https:\/\/jornalfatosenoticias.com.br\/wp-content\/uploads\/2020\/02\/WhatsApp-Image-2022-09-23-at-12.09.18-300x32.jpeg 300w, https:\/\/jornalfatosenoticias.com.br\/wp-content\/uploads\/2020\/02\/WhatsApp-Image-2022-09-23-at-12.09.18-768x83.jpeg 768w, https:\/\/jornalfatosenoticias.com.br\/wp-content\/uploads\/2020\/02\/WhatsApp-Image-2022-09-23-at-12.09.18.jpeg 1121w\" sizes=\"auto, (max-width: 1024px) 100vw, 1024px\" \/><\/a><\/figure><\/div>\n\n\n\n<p>H\u00e1 um grande engano no mundo hoje, muitas pessoas creem que a salva\u00e7\u00e3o est\u00e1 ligada a boas obras e caridade, acreditando que, para entrar no Reino de Deus basta ajudar os necessitados. A B\u00edblia recomenda sim amar ao pr\u00f3ximo, \u00e9 dever ajud\u00e1-los, mas no entanto, n\u00e3o podemos considerar isso como crit\u00e9rio de salva\u00e7\u00e3o, pois a gra\u00e7a de Deus \u00e9 que nos salvou, um favor n\u00e3o merecido, foi Cristo crucificado em nosso lugar, que nos trouxe a salva\u00e7\u00e3o. Por isso toda honra e toda gl\u00f3ria a Ele.<\/p>\n\n\n\n<div class=\"wp-block-image\"><figure class=\"aligncenter size-large is-resized\"><a href=\"https:\/\/www.ithbrasil.com.br\/\"><img loading=\"lazy\" decoding=\"async\" src=\"https:\/\/jornalfatosenoticias.com.br\/wp-content\/uploads\/2023\/08\/ITH.jpeg\" alt=\"\" class=\"wp-image-44638\" width=\"291\" height=\"236\" srcset=\"https:\/\/jornalfatosenoticias.com.br\/wp-content\/uploads\/2023\/08\/ITH.jpeg 800w, https:\/\/jornalfatosenoticias.com.br\/wp-content\/uploads\/2023\/08\/ITH-300x244.jpeg 300w, https:\/\/jornalfatosenoticias.com.br\/wp-content\/uploads\/2023\/08\/ITH-768x624.jpeg 768w\" sizes=\"auto, (max-width: 291px) 100vw, 291px\" \/><\/a><\/figure><\/div>\n\n\n\n<p><strong><span class=\"has-inline-color has-black-color\">ORA\u00c7\u00c3O:<\/span><\/strong> Deus obrigado, pois o Senhor nos trouxe a salva\u00e7\u00e3o por meio da gra\u00e7a, e hoje posso ter meu nome escrito no livro da vida gra\u00e7as ao sacrif\u00edcio de Jesus na cruz. Sei que n\u00e3o h\u00e1 nada que eu possa fazer para retribuir ao Senhor por t\u00e3o grande coisa. Mas o m\u00ednimo que eu devo fazer \u00e9 obedecer ao Senhor, seguir suas recomenda\u00e7\u00f5es e permanecer fiel \u00e0 Sua vontade. Obrigado Senhor. Em nome de Jesus. Am\u00e9m!<br>Baixe voc\u00ea tamb\u00e9m a B\u00edblia Sagrada do Crist\u00e3o <a href=\"https:\/\/play.google.com\/store\/apps\/details?id=com.harpacristagratuitaportuguesbrmasterfiveapps\"><strong>https:\/\/goo.gl\/2icbB6<\/strong><\/a>.<\/p>\n\n\n\n<div class=\"wp-block-image\"><figure class=\"aligncenter size-large is-resized\"><a href=\"https:\/\/www.facebook.com\/vetor.vix\/\"><img loading=\"lazy\" decoding=\"async\" src=\"https:\/\/jornalfatosenoticias.com.br\/wp-content\/uploads\/2023\/09\/vetorvix1024_1.jpg\" alt=\"\" class=\"wp-image-44868\" width=\"539\" height=\"143\" srcset=\"https:\/\/jornalfatosenoticias.com.br\/wp-content\/uploads\/2023\/09\/vetorvix1024_1.jpg 1024w, https:\/\/jornalfatosenoticias.com.br\/wp-content\/uploads\/2023\/09\/vetorvix1024_1-300x80.jpg 300w, https:\/\/jornalfatosenoticias.com.br\/wp-content\/uploads\/2023\/09\/vetorvix1024_1-768x205.jpg 768w\" sizes=\"auto, (max-width: 539px) 100vw, 539px\" \/><\/a><\/figure><\/div>\n","protected":false},"excerpt":{"rendered":"<p>\u2018Porque pela gra\u00e7a sois salvos, mediante a f\u00e9; e isto n\u00e3o vem de v\u00f3s; \u00e9 dom de Deus; n\u00e3o de obras, para que ningu\u00e9m se glorie\u2019, Ef\u00e9sios 2:8-9 H\u00e1 um grande engano no mundo hoje, muitas pessoas creem que a salva\u00e7\u00e3o est\u00e1 ligada a boas obras e caridade, acreditando que, para entrar no Reino de [&hellip;]<\/p>\n","protected":false},"author":40,"featured_media":62756,"comment_status":"open","ping_status":"open","sticky":false,"template":"","format":"standard","meta":{"footnotes":""},"categories":[21140],"tags":[27403,3385,22454,1310,28621],"class_list":["post-62755","post","type-post","status-publish","format-standard","has-post-thumbnail","hentry","category-religiao","tag-dom-de-deus","tag-fe","tag-graca","tag-obras","tag-salvos-pela-graca"],"yoast_head":"<!-- This site is optimized with the Yoast SEO plugin v26.5 - https:\/\/yoast.com\/wordpress\/plugins\/seo\/ -->\n<title>Devocional do Dia \u2014 salvos pela gra\u00e7a - Jornal Fatos e Not\u00edcias<\/title>\n<meta name=\"robots\" content=\"index, follow, max-snippet:-1, max-image-preview:large, max-video-preview:-1\" \/>\n<link rel=\"canonical\" href=\"https:\/\/jornalfatosenoticias.com.br\/index.php\/2025\/10\/23\/devocional-do-dia-salvos-pela-graca\/\" \/>\n<meta property=\"og:locale\" content=\"pt_BR\" \/>\n<meta property=\"og:type\" content=\"article\" \/>\n<meta property=\"og:title\" content=\"Devocional do Dia \u2014 salvos pela gra\u00e7a - Jornal Fatos e Not\u00edcias\" \/>\n<meta property=\"og:description\" content=\"\u2018Porque pela gra\u00e7a sois salvos, mediante a f\u00e9; e isto n\u00e3o vem de v\u00f3s; \u00e9 dom de Deus; n\u00e3o de obras, para que ningu\u00e9m se glorie\u2019, Ef\u00e9sios 2:8-9 H\u00e1 um grande engano no mundo hoje, muitas pessoas creem que a salva\u00e7\u00e3o est\u00e1 ligada a boas obras e caridade, acreditando que, para entrar no Reino de [&hellip;]\" \/>\n<meta property=\"og:url\" content=\"https:\/\/jornalfatosenoticias.com.br\/index.php\/2025\/10\/23\/devocional-do-dia-salvos-pela-graca\/\" \/>\n<meta property=\"og:site_name\" content=\"Jornal Fatos e Not\u00edcias\" \/>\n<meta property=\"article:published_time\" content=\"2025-10-23T22:29:38+00:00\" \/>\n<meta property=\"article:modified_time\" content=\"2025-10-23T22:29:39+00:00\" \/>\n<meta property=\"og:image\" content=\"https:\/\/jornalfatosenoticias.com.br\/wp-content\/uploads\/2025\/10\/devocional_Pinterest-1.jpg\" \/>\n\t<meta property=\"og:image:width\" content=\"640\" \/>\n\t<meta property=\"og:image:height\" content=\"400\" \/>\n\t<meta property=\"og:image:type\" content=\"image\/jpeg\" \/>\n<meta name=\"author\" content=\"Luciene Cordeiro\" \/>\n<meta name=\"twitter:card\" content=\"summary_large_image\" \/>\n<meta name=\"twitter:label1\" content=\"Escrito por\" \/>\n\t<meta name=\"twitter:data1\" content=\"Luciene Cordeiro\" \/>\n\t<meta name=\"twitter:label2\" content=\"Est. tempo de leitura\" \/>\n\t<meta name=\"twitter:data2\" content=\"1 minuto\" \/>\n<script type=\"application\/ld+json\" class=\"yoast-schema-graph\">{\"@context\":\"https:\/\/schema.org\",\"@graph\":[{\"@type\":\"Article\",\"@id\":\"https:\/\/jornalfatosenoticias.com.br\/index.php\/2025\/10\/23\/devocional-do-dia-salvos-pela-graca\/#article\",\"isPartOf\":{\"@id\":\"https:\/\/jornalfatosenoticias.com.br\/index.php\/2025\/10\/23\/devocional-do-dia-salvos-pela-graca\/\"},\"author\":{\"name\":\"Luciene Cordeiro\",\"@id\":\"https:\/\/jornalfatosenoticias.com.br\/#\/schema\/person\/8275f6d2f10c1e6d8cba9e6304291ee1\"},\"headline\":\"Devocional do Dia \u2014 salvos pela gra\u00e7a\",\"datePublished\":\"2025-10-23T22:29:38+00:00\",\"dateModified\":\"2025-10-23T22:29:39+00:00\",\"mainEntityOfPage\":{\"@id\":\"https:\/\/jornalfatosenoticias.com.br\/index.php\/2025\/10\/23\/devocional-do-dia-salvos-pela-graca\/\"},\"wordCount\":234,\"commentCount\":0,\"publisher\":{\"@id\":\"https:\/\/jornalfatosenoticias.com.br\/#organization\"},\"image\":{\"@id\":\"https:\/\/jornalfatosenoticias.com.br\/index.php\/2025\/10\/23\/devocional-do-dia-salvos-pela-graca\/#primaryimage\"},\"thumbnailUrl\":\"https:\/\/jornalfatosenoticias.com.br\/wp-content\/uploads\/2025\/10\/devocional_Pinterest-1.jpg\",\"keywords\":[\"dom de Deus\",\"f\u00e9\",\"gra\u00e7a\",\"obras\",\"salvos pela gra\u00e7a\"],\"articleSection\":[\"Religi\u00e3o\"],\"inLanguage\":\"pt-BR\",\"potentialAction\":[{\"@type\":\"CommentAction\",\"name\":\"Comment\",\"target\":[\"https:\/\/jornalfatosenoticias.com.br\/index.php\/2025\/10\/23\/devocional-do-dia-salvos-pela-graca\/#respond\"]}]},{\"@type\":\"WebPage\",\"@id\":\"https:\/\/jornalfatosenoticias.com.br\/index.php\/2025\/10\/23\/devocional-do-dia-salvos-pela-graca\/\",\"url\":\"https:\/\/jornalfatosenoticias.com.br\/index.php\/2025\/10\/23\/devocional-do-dia-salvos-pela-graca\/\",\"name\":\"Devocional do Dia \u2014 salvos pela gra\u00e7a - Jornal Fatos e Not\u00edcias\",\"isPartOf\":{\"@id\":\"https:\/\/jornalfatosenoticias.com.br\/#website\"},\"primaryImageOfPage\":{\"@id\":\"https:\/\/jornalfatosenoticias.com.br\/index.php\/2025\/10\/23\/devocional-do-dia-salvos-pela-graca\/#primaryimage\"},\"image\":{\"@id\":\"https:\/\/jornalfatosenoticias.com.br\/index.php\/2025\/10\/23\/devocional-do-dia-salvos-pela-graca\/#primaryimage\"},\"thumbnailUrl\":\"https:\/\/jornalfatosenoticias.com.br\/wp-content\/uploads\/2025\/10\/devocional_Pinterest-1.jpg\",\"datePublished\":\"2025-10-23T22:29:38+00:00\",\"dateModified\":\"2025-10-23T22:29:39+00:00\",\"breadcrumb\":{\"@id\":\"https:\/\/jornalfatosenoticias.com.br\/index.php\/2025\/10\/23\/devocional-do-dia-salvos-pela-graca\/#breadcrumb\"},\"inLanguage\":\"pt-BR\",\"potentialAction\":[{\"@type\":\"ReadAction\",\"target\":[\"https:\/\/jornalfatosenoticias.com.br\/index.php\/2025\/10\/23\/devocional-do-dia-salvos-pela-graca\/\"]}]},{\"@type\":\"ImageObject\",\"inLanguage\":\"pt-BR\",\"@id\":\"https:\/\/jornalfatosenoticias.com.br\/index.php\/2025\/10\/23\/devocional-do-dia-salvos-pela-graca\/#primaryimage\",\"url\":\"https:\/\/jornalfatosenoticias.com.br\/wp-content\/uploads\/2025\/10\/devocional_Pinterest-1.jpg\",\"contentUrl\":\"https:\/\/jornalfatosenoticias.com.br\/wp-content\/uploads\/2025\/10\/devocional_Pinterest-1.jpg\",\"width\":640,\"height\":400},{\"@type\":\"BreadcrumbList\",\"@id\":\"https:\/\/jornalfatosenoticias.com.br\/index.php\/2025\/10\/23\/devocional-do-dia-salvos-pela-graca\/#breadcrumb\",\"itemListElement\":[{\"@type\":\"ListItem\",\"position\":1,\"name\":\"In\u00edcio\",\"item\":\"https:\/\/jornalfatosenoticias.com.br\/\"},{\"@type\":\"ListItem\",\"position\":2,\"name\":\"Devocional do Dia \u2014 salvos pela gra\u00e7a\"}]},{\"@type\":\"WebSite\",\"@id\":\"https:\/\/jornalfatosenoticias.com.br\/#website\",\"url\":\"https:\/\/jornalfatosenoticias.com.br\/\",\"name\":\"Jornal Fatos e Not\u00edcias\",\"description\":\"Not\u00edcias em geral\",\"publisher\":{\"@id\":\"https:\/\/jornalfatosenoticias.com.br\/#organization\"},\"potentialAction\":[{\"@type\":\"SearchAction\",\"target\":{\"@type\":\"EntryPoint\",\"urlTemplate\":\"https:\/\/jornalfatosenoticias.com.br\/?s={search_term_string}\"},\"query-input\":{\"@type\":\"PropertyValueSpecification\",\"valueRequired\":true,\"valueName\":\"search_term_string\"}}],\"inLanguage\":\"pt-BR\"},{\"@type\":\"Organization\",\"@id\":\"https:\/\/jornalfatosenoticias.com.br\/#organization\",\"name\":\"Jornal Fatos e Not\u00edcias\",\"url\":\"https:\/\/jornalfatosenoticias.com.br\/\",\"logo\":{\"@type\":\"ImageObject\",\"inLanguage\":\"pt-BR\",\"@id\":\"https:\/\/jornalfatosenoticias.com.br\/#\/schema\/logo\/image\/\",\"url\":\"https:\/\/jornalfatosenoticias.com.br\/wp-content\/uploads\/2020\/02\/logo120.png\",\"contentUrl\":\"https:\/\/jornalfatosenoticias.com.br\/wp-content\/uploads\/2020\/02\/logo120.png\",\"width\":1227,\"height\":120,\"caption\":\"Jornal Fatos e Not\u00edcias\"},\"image\":{\"@id\":\"https:\/\/jornalfatosenoticias.com.br\/#\/schema\/logo\/image\/\"}},{\"@type\":\"Person\",\"@id\":\"https:\/\/jornalfatosenoticias.com.br\/#\/schema\/person\/8275f6d2f10c1e6d8cba9e6304291ee1\",\"name\":\"Luciene Cordeiro\",\"image\":{\"@type\":\"ImageObject\",\"inLanguage\":\"pt-BR\",\"@id\":\"https:\/\/jornalfatosenoticias.com.br\/#\/schema\/person\/image\/\",\"url\":\"https:\/\/jornalfatosenoticias.com.br\/wp-content\/uploads\/2025\/06\/Pra.-Luciene_portal-120x150.jpg\",\"contentUrl\":\"https:\/\/jornalfatosenoticias.com.br\/wp-content\/uploads\/2025\/06\/Pra.-Luciene_portal-120x150.jpg\",\"caption\":\"Luciene Cordeiro\"},\"description\":\"Pastora Luciene da Silva Cordeiro Igreja Minist\u00e9rio Mission\u00e1rio de Intercess\u00e3o a Servi\u00e7o do Reino de Deus\",\"url\":\"https:\/\/jornalfatosenoticias.com.br\/index.php\/author\/luciene\/\"}]}<\/script>\n<!-- \/ Yoast SEO plugin. -->","yoast_head_json":{"title":"Devocional do Dia \u2014 salvos pela gra\u00e7a - Jornal Fatos e Not\u00edcias","robots":{"index":"index","follow":"follow","max-snippet":"max-snippet:-1","max-image-preview":"max-image-preview:large","max-video-preview":"max-video-preview:-1"},"canonical":"https:\/\/jornalfatosenoticias.com.br\/index.php\/2025\/10\/23\/devocional-do-dia-salvos-pela-graca\/","og_locale":"pt_BR","og_type":"article","og_title":"Devocional do Dia \u2014 salvos pela gra\u00e7a - Jornal Fatos e Not\u00edcias","og_description":"\u2018Porque pela gra\u00e7a sois salvos, mediante a f\u00e9; e isto n\u00e3o vem de v\u00f3s; \u00e9 dom de Deus; n\u00e3o de obras, para que ningu\u00e9m se glorie\u2019, Ef\u00e9sios 2:8-9 H\u00e1 um grande engano no mundo hoje, muitas pessoas creem que a salva\u00e7\u00e3o est\u00e1 ligada a boas obras e caridade, acreditando que, para entrar no Reino de [&hellip;]","og_url":"https:\/\/jornalfatosenoticias.com.br\/index.php\/2025\/10\/23\/devocional-do-dia-salvos-pela-graca\/","og_site_name":"Jornal Fatos e Not\u00edcias","article_published_time":"2025-10-23T22:29:38+00:00","article_modified_time":"2025-10-23T22:29:39+00:00","og_image":[{"width":640,"height":400,"url":"https:\/\/jornalfatosenoticias.com.br\/wp-content\/uploads\/2025\/10\/devocional_Pinterest-1.jpg","type":"image\/jpeg"}],"author":"Luciene Cordeiro","twitter_card":"summary_large_image","twitter_misc":{"Escrito por":"Luciene Cordeiro","Est. tempo de leitura":"1 minuto"},"schema":{"@context":"https:\/\/schema.org","@graph":[{"@type":"Article","@id":"https:\/\/jornalfatosenoticias.com.br\/index.php\/2025\/10\/23\/devocional-do-dia-salvos-pela-graca\/#article","isPartOf":{"@id":"https:\/\/jornalfatosenoticias.com.br\/index.php\/2025\/10\/23\/devocional-do-dia-salvos-pela-graca\/"},"author":{"name":"Luciene Cordeiro","@id":"https:\/\/jornalfatosenoticias.com.br\/#\/schema\/person\/8275f6d2f10c1e6d8cba9e6304291ee1"},"headline":"Devocional do Dia \u2014 salvos pela gra\u00e7a","datePublished":"2025-10-23T22:29:38+00:00","dateModified":"2025-10-23T22:29:39+00:00","mainEntityOfPage":{"@id":"https:\/\/jornalfatosenoticias.com.br\/index.php\/2025\/10\/23\/devocional-do-dia-salvos-pela-graca\/"},"wordCount":234,"commentCount":0,"publisher":{"@id":"https:\/\/jornalfatosenoticias.com.br\/#organization"},"image":{"@id":"https:\/\/jornalfatosenoticias.com.br\/index.php\/2025\/10\/23\/devocional-do-dia-salvos-pela-graca\/#primaryimage"},"thumbnailUrl":"https:\/\/jornalfatosenoticias.com.br\/wp-content\/uploads\/2025\/10\/devocional_Pinterest-1.jpg","keywords":["dom de Deus","f\u00e9","gra\u00e7a","obras","salvos pela gra\u00e7a"],"articleSection":["Religi\u00e3o"],"inLanguage":"pt-BR","potentialAction":[{"@type":"CommentAction","name":"Comment","target":["https:\/\/jornalfatosenoticias.com.br\/index.php\/2025\/10\/23\/devocional-do-dia-salvos-pela-graca\/#respond"]}]},{"@type":"WebPage","@id":"https:\/\/jornalfatosenoticias.com.br\/index.php\/2025\/10\/23\/devocional-do-dia-salvos-pela-graca\/","url":"https:\/\/jornalfatosenoticias.com.br\/index.php\/2025\/10\/23\/devocional-do-dia-salvos-pela-graca\/","name":"Devocional do Dia \u2014 salvos pela gra\u00e7a - Jornal Fatos e Not\u00edcias","isPartOf":{"@id":"https:\/\/jornalfatosenoticias.com.br\/#website"},"primaryImageOfPage":{"@id":"https:\/\/jornalfatosenoticias.com.br\/index.php\/2025\/10\/23\/devocional-do-dia-salvos-pela-graca\/#primaryimage"},"image":{"@id":"https:\/\/jornalfatosenoticias.com.br\/index.php\/2025\/10\/23\/devocional-do-dia-salvos-pela-graca\/#primaryimage"},"thumbnailUrl":"https:\/\/jornalfatosenoticias.com.br\/wp-content\/uploads\/2025\/10\/devocional_Pinterest-1.jpg","datePublished":"2025-10-23T22:29:38+00:00","dateModified":"2025-10-23T22:29:39+00:00","breadcrumb":{"@id":"https:\/\/jornalfatosenoticias.com.br\/index.php\/2025\/10\/23\/devocional-do-dia-salvos-pela-graca\/#breadcrumb"},"inLanguage":"pt-BR","potentialAction":[{"@type":"ReadAction","target":["https:\/\/jornalfatosenoticias.com.br\/index.php\/2025\/10\/23\/devocional-do-dia-salvos-pela-graca\/"]}]},{"@type":"ImageObject","inLanguage":"pt-BR","@id":"https:\/\/jornalfatosenoticias.com.br\/index.php\/2025\/10\/23\/devocional-do-dia-salvos-pela-graca\/#primaryimage","url":"https:\/\/jornalfatosenoticias.com.br\/wp-content\/uploads\/2025\/10\/devocional_Pinterest-1.jpg","contentUrl":"https:\/\/jornalfatosenoticias.com.br\/wp-content\/uploads\/2025\/10\/devocional_Pinterest-1.jpg","width":640,"height":400},{"@type":"BreadcrumbList","@id":"https:\/\/jornalfatosenoticias.com.br\/index.php\/2025\/10\/23\/devocional-do-dia-salvos-pela-graca\/#breadcrumb","itemListElement":[{"@type":"ListItem","position":1,"name":"In\u00edcio","item":"https:\/\/jornalfatosenoticias.com.br\/"},{"@type":"ListItem","position":2,"name":"Devocional do Dia \u2014 salvos pela gra\u00e7a"}]},{"@type":"WebSite","@id":"https:\/\/jornalfatosenoticias.com.br\/#website","url":"https:\/\/jornalfatosenoticias.com.br\/","name":"Jornal Fatos e Not\u00edcias","description":"Not\u00edcias em geral","publisher":{"@id":"https:\/\/jornalfatosenoticias.com.br\/#organization"},"potentialAction":[{"@type":"SearchAction","target":{"@type":"EntryPoint","urlTemplate":"https:\/\/jornalfatosenoticias.com.br\/?s={search_term_string}"},"query-input":{"@type":"PropertyValueSpecification","valueRequired":true,"valueName":"search_term_string"}}],"inLanguage":"pt-BR"},{"@type":"Organization","@id":"https:\/\/jornalfatosenoticias.com.br\/#organization","name":"Jornal Fatos e Not\u00edcias","url":"https:\/\/jornalfatosenoticias.com.br\/","logo":{"@type":"ImageObject","inLanguage":"pt-BR","@id":"https:\/\/jornalfatosenoticias.com.br\/#\/schema\/logo\/image\/","url":"https:\/\/jornalfatosenoticias.com.br\/wp-content\/uploads\/2020\/02\/logo120.png","contentUrl":"https:\/\/jornalfatosenoticias.com.br\/wp-content\/uploads\/2020\/02\/logo120.png","width":1227,"height":120,"caption":"Jornal Fatos e Not\u00edcias"},"image":{"@id":"https:\/\/jornalfatosenoticias.com.br\/#\/schema\/logo\/image\/"}},{"@type":"Person","@id":"https:\/\/jornalfatosenoticias.com.br\/#\/schema\/person\/8275f6d2f10c1e6d8cba9e6304291ee1","name":"Luciene Cordeiro","image":{"@type":"ImageObject","inLanguage":"pt-BR","@id":"https:\/\/jornalfatosenoticias.com.br\/#\/schema\/person\/image\/","url":"https:\/\/jornalfatosenoticias.com.br\/wp-content\/uploads\/2025\/06\/Pra.-Luciene_portal-120x150.jpg","contentUrl":"https:\/\/jornalfatosenoticias.com.br\/wp-content\/uploads\/2025\/06\/Pra.-Luciene_portal-120x150.jpg","caption":"Luciene Cordeiro"},"description":"Pastora Luciene da Silva Cordeiro Igreja Minist\u00e9rio Mission\u00e1rio de Intercess\u00e3o a Servi\u00e7o do Reino de Deus","url":"https:\/\/jornalfatosenoticias.com.br\/index.php\/author\/luciene\/"}]}},"cc_featured_image_caption":{"caption_text":"(Foto: Pinterest) ","source_text":"","source_url":""},"jetpack_featured_media_url":"https:\/\/jornalfatosenoticias.com.br\/wp-content\/uploads\/2025\/10\/devocional_Pinterest-1.jpg","_links":{"self":[{"href":"https:\/\/jornalfatosenoticias.com.br\/index.php\/wp-json\/wp\/v2\/posts\/62755","targetHints":{"allow":["GET"]}}],"collection":[{"href":"https:\/\/jornalfatosenoticias.com.br\/index.php\/wp-json\/wp\/v2\/posts"}],"about":[{"href":"https:\/\/jornalfatosenoticias.com.br\/index.php\/wp-json\/wp\/v2\/types\/post"}],"author":[{"embeddable":true,"href":"https:\/\/jornalfatosenoticias.com.br\/index.php\/wp-json\/wp\/v2\/users\/40"}],"replies":[{"embeddable":true,"href":"https:\/\/jornalfatosenoticias.com.br\/index.php\/wp-json\/wp\/v2\/comments?post=62755"}],"version-history":[{"count":0,"href":"https:\/\/jornalfatosenoticias.com.br\/index.php\/wp-json\/wp\/v2\/posts\/62755\/revisions"}],"wp:featuredmedia":[{"embeddable":true,"href":"https:\/\/jornalfatosenoticias.com.br\/index.php\/wp-json\/wp\/v2\/media\/62756"}],"wp:attachment":[{"href":"https:\/\/jornalfatosenoticias.com.br\/index.php\/wp-json\/wp\/v2\/media?parent=62755"}],"wp:term":[{"taxonomy":"category","embeddable":true,"href":"https:\/\/jornalfatosenoticias.com.br\/index.php\/wp-json\/wp\/v2\/categories?post=62755"},{"taxonomy":"post_tag","embeddable":true,"href":"https:\/\/jornalfatosenoticias.com.br\/index.php\/wp-json\/wp\/v2\/tags?post=62755"}],"curies":[{"name":"wp","href":"https:\/\/api.w.org\/{rel}","templated":true}]}}