{"id":62758,"date":"2025-10-23T19:41:25","date_gmt":"2025-10-23T22:41:25","guid":{"rendered":"https:\/\/jornalfatosenoticias.com.br\/?p=62758"},"modified":"2025-10-23T19:41:26","modified_gmt":"2025-10-23T22:41:26","slug":"da-autorregeneracao-a-nanotecnologia-seminario-do-sindifer-apresenta-solucoes-inteligentes-contra-a-corrosao","status":"publish","type":"post","link":"https:\/\/jornalfatosenoticias.com.br\/index.php\/2025\/10\/23\/da-autorregeneracao-a-nanotecnologia-seminario-do-sindifer-apresenta-solucoes-inteligentes-contra-a-corrosao\/","title":{"rendered":"Da autorregenera\u00e7\u00e3o \u00e0 nanotecnologia, semin\u00e1rio do Sindifer apresenta solu\u00e7\u00f5es inteligentes contra a corros\u00e3o"},"content":{"rendered":"\n<p><em><span class=\"has-inline-color has-black-color\">Christian Canales e Caroline Barreto participaram dos pain\u00e9is do semin\u00e1rio, que trouxe orienta\u00e7\u00f5es para empresas da ind\u00fastria capixaba sobre as novas tecnologias do mercado<\/span><\/em><\/p>\n\n\n\n<p><span class=\"has-inline-color has-black-color\">Por <strong>Assessoria de Comunica\u00e7\u00e3o<\/strong><\/span><\/p>\n\n\n\n<div class=\"wp-block-image\"><figure class=\"aligncenter size-large is-resized\"><a href=\"https:\/\/www.facebook.com\/vetor.vix\/\"><img loading=\"lazy\" decoding=\"async\" src=\"https:\/\/jornalfatosenoticias.com.br\/wp-content\/uploads\/2023\/09\/vetorvix1024_1.jpg\" alt=\"\" class=\"wp-image-44868\" width=\"546\" height=\"145\" srcset=\"https:\/\/jornalfatosenoticias.com.br\/wp-content\/uploads\/2023\/09\/vetorvix1024_1.jpg 1024w, https:\/\/jornalfatosenoticias.com.br\/wp-content\/uploads\/2023\/09\/vetorvix1024_1-300x80.jpg 300w, https:\/\/jornalfatosenoticias.com.br\/wp-content\/uploads\/2023\/09\/vetorvix1024_1-768x205.jpg 768w\" sizes=\"auto, (max-width: 546px) 100vw, 546px\" \/><\/a><\/figure><\/div>\n\n\n\n<p>Quando o assunto \u00e9 corros\u00e3o marinha, ou seja, um dos principais desafios enfrentados por ind\u00fastrias localizadas em regi\u00f5es costeiras e litor\u00e2neas, inova\u00e7\u00e3o e tecnologias de ponta se unem na busca por solu\u00e7\u00f5es contra esse desgaste. Este foi um dos temas do <strong>10.\u00ba Semin\u00e1rio Esp\u00edrito-Santense de Corros\u00e3o, <\/strong>promovido pelo <strong>Sindifer.<\/strong><br>A iniciativa chegou \u00e0 sua d\u00e9cima edi\u00e7\u00e3o e aconteceu nos dias 15 e 16 deste m\u00eas, no Centro de Conven\u00e7\u00f5es de Vit\u00f3ria. O evento buscou destacar temas como a competitividade industrial e a seguran\u00e7a operacional da ind\u00fastria capixaba ligados ao tema da corros\u00e3o. <\/p>\n\n\n\n<div class=\"wp-block-image\"><figure class=\"aligncenter size-large is-resized\"><a href=\"https:\/\/www.controlsystems.com.br\/\"><img loading=\"lazy\" decoding=\"async\" src=\"https:\/\/jornalfatosenoticias.com.br\/wp-content\/uploads\/2020\/02\/CONTROL-CS.jpg\" alt=\"\" class=\"wp-image-44991\" width=\"250\" height=\"299\" srcset=\"https:\/\/jornalfatosenoticias.com.br\/wp-content\/uploads\/2020\/02\/CONTROL-CS.jpg 834w, https:\/\/jornalfatosenoticias.com.br\/wp-content\/uploads\/2020\/02\/CONTROL-CS-250x300.jpg 250w, https:\/\/jornalfatosenoticias.com.br\/wp-content\/uploads\/2020\/02\/CONTROL-CS-768x921.jpg 768w\" sizes=\"auto, (max-width: 250px) 100vw, 250px\" \/><\/a><\/figure><\/div>\n\n\n\n<p>Com o objetivo de apresentar os mecanismos inteligentes que est\u00e3o revolucionando o controle da corros\u00e3o, palestrantes como Caroline Ferreira Barreto, pesquisadora Smart Materiais do ISI Eletroqu\u00edmica do Senai e do IST; e Christian Canales, gerente galvanizado da BBosch, apresentaram aos participantes um olhar inovador e sustent\u00e1vel sobre o assunto.<\/p>\n\n\n\n<div class=\"wp-block-image\"><figure class=\"aligncenter size-large\"><a href=\"http:\/\/www.ferrarimaquinas.com.br\/\"><img loading=\"lazy\" decoding=\"async\" width=\"300\" height=\"250\" src=\"https:\/\/jornalfatosenoticias.com.br\/wp-content\/uploads\/2022\/02\/FERRARI_MAQUINAS-E-FERRAMENTAS2.jpg\" alt=\"\" class=\"wp-image-27860\"\/><\/a><\/figure><\/div>\n\n\n\n<p>Caroline citou revestimentos autorreparadores, ou <em>self healing, <\/em>constitu\u00eddos de materiais que t\u00eam a capacidade de reparar automaticamente pequenos danos e inibir a corros\u00e3o. A pesquisadora apresentou alguns cases de sucesso da ISI Eletroqu\u00edmica que comprovaram a efic\u00e1cia da tecnologia.<\/p>\n\n\n\n<blockquote class=\"wp-block-quote is-layout-flow wp-block-quote-is-layout-flow\"><p><span class=\"has-inline-color has-luminous-vivid-orange-color\">Os revestimentos inteligentes t\u00eam propriedades diferenciadas aos revestimentos comuns. Por exemplo, se o problema de uma ind\u00fastria \u00e9 a umidade, vamos fazer com que ele responda \u00e0 umidade. Se o problema de outra ind\u00fastria for a temperatura, vamos tratar a quest\u00e3o da temperatura. Ent\u00e3o, a depender da condi\u00e7\u00e3o do meio externo, vamos tratar de um revestimento diferente\u201d, destacou.<\/span><\/p><\/blockquote>\n\n\n\n<div class=\"wp-block-image\"><figure class=\"aligncenter size-large is-resized\"><a href=\"https:\/\/www.instagram.com\/gruposei\/\"><img loading=\"lazy\" decoding=\"async\" src=\"https:\/\/jornalfatosenoticias.com.br\/wp-content\/uploads\/2022\/07\/Logo-Grupo-SEI.jpg\" alt=\"\" class=\"wp-image-31973\" width=\"392\" height=\"206\" srcset=\"https:\/\/jornalfatosenoticias.com.br\/wp-content\/uploads\/2022\/07\/Logo-Grupo-SEI.jpg 713w, https:\/\/jornalfatosenoticias.com.br\/wp-content\/uploads\/2022\/07\/Logo-Grupo-SEI-300x158.jpg 300w\" sizes=\"auto, (max-width: 392px) 100vw, 392px\" \/><\/a><\/figure><\/div>\n\n\n\n<p>J\u00e1 Christian Canales destacou a import\u00e2ncia do processo de galvaniza\u00e7\u00e3o \u00e0 quente para proteger estruturas met\u00e1licas. A\u00e7o-carbono e materiais ferrosos s\u00e3o submetidos a tanques de zinco em uma temperatura acima de 450\u00b0 e criam uma camada revestidora que corr\u00f3i no lugar do material-base. <\/p>\n\n\n\n<blockquote class=\"wp-block-quote is-layout-flow wp-block-quote-is-layout-flow\"><p><span class=\"has-inline-color has-luminous-vivid-orange-color\">O a\u00e7o n\u00e3o pode estar diretamente exposto ao ambiente. Quando ele se conecta com o zinco, o comportamento \u00e9 diferente. Ent\u00e3o a nossa miss\u00e3o \u00e9 levar essa cultura da galvaniza\u00e7\u00e3o nos anos \u00e0 frente\u201d.<\/span><\/p><\/blockquote>\n\n\n\n<div class=\"wp-block-image\"><figure class=\"aligncenter size-large is-resized\"><a href=\"https:\/\/www.instagram.com\/serra4x4cambioautomatico\/\"><img loading=\"lazy\" decoding=\"async\" src=\"https:\/\/jornalfatosenoticias.com.br\/wp-content\/uploads\/2024\/08\/Serra-4x4-1-886x1024.jpg\" alt=\"\" class=\"wp-image-53632\" width=\"268\" height=\"309\" srcset=\"https:\/\/jornalfatosenoticias.com.br\/wp-content\/uploads\/2024\/08\/Serra-4x4-1-886x1024.jpg 886w, https:\/\/jornalfatosenoticias.com.br\/wp-content\/uploads\/2024\/08\/Serra-4x4-1-260x300.jpg 260w, https:\/\/jornalfatosenoticias.com.br\/wp-content\/uploads\/2024\/08\/Serra-4x4-1-768x888.jpg 768w, https:\/\/jornalfatosenoticias.com.br\/wp-content\/uploads\/2024\/08\/Serra-4x4-1.jpg 1181w\" sizes=\"auto, (max-width: 268px) 100vw, 268px\" \/><\/a><\/figure><\/div>\n\n\n\n<p>Outra frente inovadora no combate \u00e0 corros\u00e3o marinha \u00e9 o uso da nanotecnologia, que vem se consolidando como uma solu\u00e7\u00e3o promissora para proteger estruturas expostas \u00e0 oxida\u00e7\u00e3o marinha. Por meio da aplica\u00e7\u00e3o de nanomateriais e revestimentos com part\u00edculas em escala nanom\u00e9trica, \u00e9 poss\u00edvel criar barreiras eficazes contra a penetra\u00e7\u00e3o de umidade, sal e oxig\u00eanio. \u201cO investimento de nanomateriais de carbono tem, sim, um potencial grande neste ambiente corrosivo\u201d, disse Caroline em sua palestra.<\/p>\n\n\n\n<div class=\"wp-block-image\"><figure class=\"aligncenter size-large is-resized\"><a href=\"https:\/\/www.facebook.com\/postobkr\/?locale=pt_BR\"><img loading=\"lazy\" decoding=\"async\" src=\"https:\/\/jornalfatosenoticias.com.br\/wp-content\/uploads\/2023\/08\/BKR-1024x1021.jpg\" alt=\"\" class=\"wp-image-44494\" width=\"303\" height=\"302\" srcset=\"https:\/\/jornalfatosenoticias.com.br\/wp-content\/uploads\/2023\/08\/BKR-1024x1021.jpg 1024w, https:\/\/jornalfatosenoticias.com.br\/wp-content\/uploads\/2023\/08\/BKR-300x300.jpg 300w, https:\/\/jornalfatosenoticias.com.br\/wp-content\/uploads\/2023\/08\/BKR-150x150.jpg 150w, https:\/\/jornalfatosenoticias.com.br\/wp-content\/uploads\/2023\/08\/BKR-768x766.jpg 768w, https:\/\/jornalfatosenoticias.com.br\/wp-content\/uploads\/2023\/08\/BKR.jpg 1080w\" sizes=\"auto, (max-width: 303px) 100vw, 303px\" \/><\/a><\/figure><\/div>\n\n\n\n<p><strong><span class=\"has-inline-color has-black-color\">Redu\u00e7\u00e3o de custos e desenvolvimento sustent\u00e1vel<br><\/span><\/strong>As inova\u00e7\u00f5es apresentadas durante o 10.\u00ba Semin\u00e1rio Esp\u00edrito-Santense de Corros\u00e3o refor\u00e7am como a ado\u00e7\u00e3o de tecnologias avan\u00e7adas contribuem diretamente para a redu\u00e7\u00e3o de custos operacionais e o aumento da vida \u00fatil das estruturas. Para o presidente do Sindifer, Luiz Alberto Carvalho, o semin\u00e1rio busca agregar valor a esse esfor\u00e7o.<\/p>\n\n\n\n<div class=\"wp-block-image\"><figure class=\"aligncenter size-large is-resized\"><a href=\"https:\/\/www.facebook.com\/profile.php?id=100069289606145\"><img loading=\"lazy\" decoding=\"async\" src=\"https:\/\/jornalfatosenoticias.com.br\/wp-content\/uploads\/2024\/11\/Guaitolini-Contabilidade-1024x714.jpeg\" alt=\"\" class=\"wp-image-55808\" width=\"307\" height=\"214\" srcset=\"https:\/\/jornalfatosenoticias.com.br\/wp-content\/uploads\/2024\/11\/Guaitolini-Contabilidade-1024x714.jpeg 1024w, https:\/\/jornalfatosenoticias.com.br\/wp-content\/uploads\/2024\/11\/Guaitolini-Contabilidade-300x209.jpeg 300w, https:\/\/jornalfatosenoticias.com.br\/wp-content\/uploads\/2024\/11\/Guaitolini-Contabilidade-768x535.jpeg 768w, https:\/\/jornalfatosenoticias.com.br\/wp-content\/uploads\/2024\/11\/Guaitolini-Contabilidade.jpeg 1280w\" sizes=\"auto, (max-width: 307px) 100vw, 307px\" \/><\/a><\/figure><\/div>\n\n\n\n<blockquote class=\"wp-block-quote is-layout-flow wp-block-quote-is-layout-flow\"><p><span class=\"has-inline-color has-luminous-vivid-orange-color\">A corros\u00e3o demanda em torno de R$ 2,5 trilh\u00f5es de custos no mundo s\u00f3 para a integridade das ind\u00fastrias ser mantida. Ent\u00e3o, as nossas ind\u00fastrias sider\u00fargicas, de minera\u00e7\u00e3o e celulose, precisam estar o tempo todo fazendo servi\u00e7os e pesquisas na \u00e1rea de combate \u00e0 corros\u00e3o. O semin\u00e1rio entra nesse contexto de reunirmos um grupo de especialistas, de pesquisadores e de empresas que fornecem e desenvolvem produtos para o combate \u00e0 corros\u00e3o\u201d.<\/span><\/p><\/blockquote>\n\n\n\n<div class=\"wp-block-image\"><figure class=\"aligncenter size-large is-resized\"><a href=\"https:\/\/sindiferes.com.br\/\"><img loading=\"lazy\" decoding=\"async\" src=\"https:\/\/jornalfatosenoticias.com.br\/wp-content\/uploads\/2025\/10\/sindifer.jpg\" alt=\"\" class=\"wp-image-62609\" width=\"483\" height=\"134\" srcset=\"https:\/\/jornalfatosenoticias.com.br\/wp-content\/uploads\/2025\/10\/sindifer.jpg 657w, https:\/\/jornalfatosenoticias.com.br\/wp-content\/uploads\/2025\/10\/sindifer-300x84.jpg 300w\" sizes=\"auto, (max-width: 483px) 100vw, 483px\" \/><\/a><\/figure><\/div>\n\n\n\n<p><\/p>\n","protected":false},"excerpt":{"rendered":"<p>Christian Canales e Caroline Barreto participaram dos pain\u00e9is do semin\u00e1rio, que trouxe orienta\u00e7\u00f5es para empresas da ind\u00fastria capixaba sobre as novas tecnologias do mercado Por Assessoria de Comunica\u00e7\u00e3o Quando o assunto \u00e9 corros\u00e3o marinha, ou seja, um dos principais desafios enfrentados por ind\u00fastrias localizadas em regi\u00f5es costeiras e litor\u00e2neas, inova\u00e7\u00e3o e tecnologias de ponta se [&hellip;]<\/p>\n","protected":false},"author":3,"featured_media":62759,"comment_status":"open","ping_status":"open","sticky":false,"template":"","format":"standard","meta":{"footnotes":""},"categories":[9],"tags":[28626,10780,28624,28623,28627,28625,28628,28622,4926,199,25249,1092],"class_list":["post-62758","post","type-post","status-publish","format-standard","has-post-thumbnail","hentry","category-economia","tag-10-o-seminario-espirito-santense-de-corrosao","tag-aco","tag-autorregeneracao","tag-caroline-barreto","tag-christian-canales","tag-corrosao-marinha","tag-galvanizacao","tag-industria-capixaba","tag-nanotecnologia","tag-paineis","tag-sindifer","tag-tecnologias"],"yoast_head":"<!-- This site is optimized with the Yoast SEO plugin v26.5 - https:\/\/yoast.com\/wordpress\/plugins\/seo\/ -->\n<title>Da autorregenera\u00e7\u00e3o \u00e0 nanotecnologia, semin\u00e1rio do Sindifer apresenta solu\u00e7\u00f5es inteligentes contra a corros\u00e3o - Jornal Fatos e Not\u00edcias<\/title>\n<meta name=\"robots\" content=\"index, follow, max-snippet:-1, max-image-preview:large, max-video-preview:-1\" \/>\n<link rel=\"canonical\" href=\"https:\/\/jornalfatosenoticias.com.br\/index.php\/2025\/10\/23\/da-autorregeneracao-a-nanotecnologia-seminario-do-sindifer-apresenta-solucoes-inteligentes-contra-a-corrosao\/\" \/>\n<meta property=\"og:locale\" content=\"pt_BR\" \/>\n<meta property=\"og:type\" content=\"article\" \/>\n<meta property=\"og:title\" content=\"Da autorregenera\u00e7\u00e3o \u00e0 nanotecnologia, semin\u00e1rio do Sindifer apresenta solu\u00e7\u00f5es inteligentes contra a corros\u00e3o - Jornal Fatos e Not\u00edcias\" \/>\n<meta property=\"og:description\" content=\"Christian Canales e Caroline Barreto participaram dos pain\u00e9is do semin\u00e1rio, que trouxe orienta\u00e7\u00f5es para empresas da ind\u00fastria capixaba sobre as novas tecnologias do mercado Por Assessoria de Comunica\u00e7\u00e3o Quando o assunto \u00e9 corros\u00e3o marinha, ou seja, um dos principais desafios enfrentados por ind\u00fastrias localizadas em regi\u00f5es costeiras e litor\u00e2neas, inova\u00e7\u00e3o e tecnologias de ponta se [&hellip;]\" \/>\n<meta property=\"og:url\" content=\"https:\/\/jornalfatosenoticias.com.br\/index.php\/2025\/10\/23\/da-autorregeneracao-a-nanotecnologia-seminario-do-sindifer-apresenta-solucoes-inteligentes-contra-a-corrosao\/\" \/>\n<meta property=\"og:site_name\" content=\"Jornal Fatos e Not\u00edcias\" \/>\n<meta property=\"article:published_time\" content=\"2025-10-23T22:41:25+00:00\" \/>\n<meta property=\"article:modified_time\" content=\"2025-10-23T22:41:26+00:00\" \/>\n<meta property=\"og:image\" content=\"https:\/\/jornalfatosenoticias.com.br\/wp-content\/uploads\/2025\/10\/seminario-sindifer.jpg\" \/>\n\t<meta property=\"og:image:width\" content=\"1600\" \/>\n\t<meta property=\"og:image:height\" content=\"1069\" \/>\n\t<meta property=\"og:image:type\" content=\"image\/jpeg\" \/>\n<meta name=\"author\" content=\"Haroldo Filho\" \/>\n<meta name=\"twitter:card\" content=\"summary_large_image\" \/>\n<meta name=\"twitter:label1\" content=\"Escrito por\" \/>\n\t<meta name=\"twitter:data1\" content=\"Haroldo Filho\" \/>\n\t<meta name=\"twitter:label2\" content=\"Est. tempo de leitura\" \/>\n\t<meta name=\"twitter:data2\" content=\"3 minutos\" \/>\n<script type=\"application\/ld+json\" class=\"yoast-schema-graph\">{\"@context\":\"https:\/\/schema.org\",\"@graph\":[{\"@type\":\"Article\",\"@id\":\"https:\/\/jornalfatosenoticias.com.br\/index.php\/2025\/10\/23\/da-autorregeneracao-a-nanotecnologia-seminario-do-sindifer-apresenta-solucoes-inteligentes-contra-a-corrosao\/#article\",\"isPartOf\":{\"@id\":\"https:\/\/jornalfatosenoticias.com.br\/index.php\/2025\/10\/23\/da-autorregeneracao-a-nanotecnologia-seminario-do-sindifer-apresenta-solucoes-inteligentes-contra-a-corrosao\/\"},\"author\":{\"name\":\"Haroldo Filho\",\"@id\":\"https:\/\/jornalfatosenoticias.com.br\/#\/schema\/person\/05c46cc25b42a5c27e004fb0fa6b4965\"},\"headline\":\"Da autorregenera\u00e7\u00e3o \u00e0 nanotecnologia, semin\u00e1rio do Sindifer apresenta solu\u00e7\u00f5es inteligentes contra a corros\u00e3o\",\"datePublished\":\"2025-10-23T22:41:25+00:00\",\"dateModified\":\"2025-10-23T22:41:26+00:00\",\"mainEntityOfPage\":{\"@id\":\"https:\/\/jornalfatosenoticias.com.br\/index.php\/2025\/10\/23\/da-autorregeneracao-a-nanotecnologia-seminario-do-sindifer-apresenta-solucoes-inteligentes-contra-a-corrosao\/\"},\"wordCount\":618,\"commentCount\":0,\"publisher\":{\"@id\":\"https:\/\/jornalfatosenoticias.com.br\/#organization\"},\"image\":{\"@id\":\"https:\/\/jornalfatosenoticias.com.br\/index.php\/2025\/10\/23\/da-autorregeneracao-a-nanotecnologia-seminario-do-sindifer-apresenta-solucoes-inteligentes-contra-a-corrosao\/#primaryimage\"},\"thumbnailUrl\":\"https:\/\/jornalfatosenoticias.com.br\/wp-content\/uploads\/2025\/10\/seminario-sindifer.jpg\",\"keywords\":[\"10.\u00ba Semin\u00e1rio Esp\u00edrito-Santense de Corros\u00e3o\",\"a\u00e7o\",\"autorregenera\u00e7\u00e3o\",\"Caroline Barreto\",\"Christian Canales\",\"corros\u00e3o marinha\",\"galvaniza\u00e7\u00e3o\",\"ind\u00fastria capixaba\",\"nanotecnologia\",\"pain\u00e9is\",\"Sindifer\",\"tecnologias\"],\"articleSection\":[\"Economia\"],\"inLanguage\":\"pt-BR\",\"potentialAction\":[{\"@type\":\"CommentAction\",\"name\":\"Comment\",\"target\":[\"https:\/\/jornalfatosenoticias.com.br\/index.php\/2025\/10\/23\/da-autorregeneracao-a-nanotecnologia-seminario-do-sindifer-apresenta-solucoes-inteligentes-contra-a-corrosao\/#respond\"]}]},{\"@type\":\"WebPage\",\"@id\":\"https:\/\/jornalfatosenoticias.com.br\/index.php\/2025\/10\/23\/da-autorregeneracao-a-nanotecnologia-seminario-do-sindifer-apresenta-solucoes-inteligentes-contra-a-corrosao\/\",\"url\":\"https:\/\/jornalfatosenoticias.com.br\/index.php\/2025\/10\/23\/da-autorregeneracao-a-nanotecnologia-seminario-do-sindifer-apresenta-solucoes-inteligentes-contra-a-corrosao\/\",\"name\":\"Da autorregenera\u00e7\u00e3o \u00e0 nanotecnologia, semin\u00e1rio do Sindifer apresenta solu\u00e7\u00f5es inteligentes contra a corros\u00e3o - Jornal Fatos e Not\u00edcias\",\"isPartOf\":{\"@id\":\"https:\/\/jornalfatosenoticias.com.br\/#website\"},\"primaryImageOfPage\":{\"@id\":\"https:\/\/jornalfatosenoticias.com.br\/index.php\/2025\/10\/23\/da-autorregeneracao-a-nanotecnologia-seminario-do-sindifer-apresenta-solucoes-inteligentes-contra-a-corrosao\/#primaryimage\"},\"image\":{\"@id\":\"https:\/\/jornalfatosenoticias.com.br\/index.php\/2025\/10\/23\/da-autorregeneracao-a-nanotecnologia-seminario-do-sindifer-apresenta-solucoes-inteligentes-contra-a-corrosao\/#primaryimage\"},\"thumbnailUrl\":\"https:\/\/jornalfatosenoticias.com.br\/wp-content\/uploads\/2025\/10\/seminario-sindifer.jpg\",\"datePublished\":\"2025-10-23T22:41:25+00:00\",\"dateModified\":\"2025-10-23T22:41:26+00:00\",\"breadcrumb\":{\"@id\":\"https:\/\/jornalfatosenoticias.com.br\/index.php\/2025\/10\/23\/da-autorregeneracao-a-nanotecnologia-seminario-do-sindifer-apresenta-solucoes-inteligentes-contra-a-corrosao\/#breadcrumb\"},\"inLanguage\":\"pt-BR\",\"potentialAction\":[{\"@type\":\"ReadAction\",\"target\":[\"https:\/\/jornalfatosenoticias.com.br\/index.php\/2025\/10\/23\/da-autorregeneracao-a-nanotecnologia-seminario-do-sindifer-apresenta-solucoes-inteligentes-contra-a-corrosao\/\"]}]},{\"@type\":\"ImageObject\",\"inLanguage\":\"pt-BR\",\"@id\":\"https:\/\/jornalfatosenoticias.com.br\/index.php\/2025\/10\/23\/da-autorregeneracao-a-nanotecnologia-seminario-do-sindifer-apresenta-solucoes-inteligentes-contra-a-corrosao\/#primaryimage\",\"url\":\"https:\/\/jornalfatosenoticias.com.br\/wp-content\/uploads\/2025\/10\/seminario-sindifer.jpg\",\"contentUrl\":\"https:\/\/jornalfatosenoticias.com.br\/wp-content\/uploads\/2025\/10\/seminario-sindifer.jpg\",\"width\":1600,\"height\":1069},{\"@type\":\"BreadcrumbList\",\"@id\":\"https:\/\/jornalfatosenoticias.com.br\/index.php\/2025\/10\/23\/da-autorregeneracao-a-nanotecnologia-seminario-do-sindifer-apresenta-solucoes-inteligentes-contra-a-corrosao\/#breadcrumb\",\"itemListElement\":[{\"@type\":\"ListItem\",\"position\":1,\"name\":\"In\u00edcio\",\"item\":\"https:\/\/jornalfatosenoticias.com.br\/\"},{\"@type\":\"ListItem\",\"position\":2,\"name\":\"Da autorregenera\u00e7\u00e3o \u00e0 nanotecnologia, semin\u00e1rio do Sindifer apresenta solu\u00e7\u00f5es inteligentes contra a corros\u00e3o\"}]},{\"@type\":\"WebSite\",\"@id\":\"https:\/\/jornalfatosenoticias.com.br\/#website\",\"url\":\"https:\/\/jornalfatosenoticias.com.br\/\",\"name\":\"Jornal Fatos e Not\u00edcias\",\"description\":\"Not\u00edcias em geral\",\"publisher\":{\"@id\":\"https:\/\/jornalfatosenoticias.com.br\/#organization\"},\"potentialAction\":[{\"@type\":\"SearchAction\",\"target\":{\"@type\":\"EntryPoint\",\"urlTemplate\":\"https:\/\/jornalfatosenoticias.com.br\/?s={search_term_string}\"},\"query-input\":{\"@type\":\"PropertyValueSpecification\",\"valueRequired\":true,\"valueName\":\"search_term_string\"}}],\"inLanguage\":\"pt-BR\"},{\"@type\":\"Organization\",\"@id\":\"https:\/\/jornalfatosenoticias.com.br\/#organization\",\"name\":\"Jornal Fatos e Not\u00edcias\",\"url\":\"https:\/\/jornalfatosenoticias.com.br\/\",\"logo\":{\"@type\":\"ImageObject\",\"inLanguage\":\"pt-BR\",\"@id\":\"https:\/\/jornalfatosenoticias.com.br\/#\/schema\/logo\/image\/\",\"url\":\"https:\/\/jornalfatosenoticias.com.br\/wp-content\/uploads\/2020\/02\/logo120.png\",\"contentUrl\":\"https:\/\/jornalfatosenoticias.com.br\/wp-content\/uploads\/2020\/02\/logo120.png\",\"width\":1227,\"height\":120,\"caption\":\"Jornal Fatos e Not\u00edcias\"},\"image\":{\"@id\":\"https:\/\/jornalfatosenoticias.com.br\/#\/schema\/logo\/image\/\"}},{\"@type\":\"Person\",\"@id\":\"https:\/\/jornalfatosenoticias.com.br\/#\/schema\/person\/05c46cc25b42a5c27e004fb0fa6b4965\",\"name\":\"Haroldo Filho\",\"image\":{\"@type\":\"ImageObject\",\"inLanguage\":\"pt-BR\",\"@id\":\"https:\/\/jornalfatosenoticias.com.br\/#\/schema\/person\/image\/\",\"url\":\"https:\/\/jornalfatosenoticias.com.br\/wp-content\/uploads\/2025\/08\/WhatsApp-Image-2025-08-18-at-15.30.28-150x150.jpeg\",\"contentUrl\":\"https:\/\/jornalfatosenoticias.com.br\/wp-content\/uploads\/2025\/08\/WhatsApp-Image-2025-08-18-at-15.30.28-150x150.jpeg\",\"caption\":\"Haroldo Filho\"},\"description\":\"Jornalista \u2013 DRT: 0003818\/ES Coordenador-geral da ONG Educar para Crescer\",\"url\":\"https:\/\/jornalfatosenoticias.com.br\/index.php\/author\/haroldo\/\"}]}<\/script>\n<!-- \/ Yoast SEO plugin. -->","yoast_head_json":{"title":"Da autorregenera\u00e7\u00e3o \u00e0 nanotecnologia, semin\u00e1rio do Sindifer apresenta solu\u00e7\u00f5es inteligentes contra a corros\u00e3o - Jornal Fatos e Not\u00edcias","robots":{"index":"index","follow":"follow","max-snippet":"max-snippet:-1","max-image-preview":"max-image-preview:large","max-video-preview":"max-video-preview:-1"},"canonical":"https:\/\/jornalfatosenoticias.com.br\/index.php\/2025\/10\/23\/da-autorregeneracao-a-nanotecnologia-seminario-do-sindifer-apresenta-solucoes-inteligentes-contra-a-corrosao\/","og_locale":"pt_BR","og_type":"article","og_title":"Da autorregenera\u00e7\u00e3o \u00e0 nanotecnologia, semin\u00e1rio do Sindifer apresenta solu\u00e7\u00f5es inteligentes contra a corros\u00e3o - Jornal Fatos e Not\u00edcias","og_description":"Christian Canales e Caroline Barreto participaram dos pain\u00e9is do semin\u00e1rio, que trouxe orienta\u00e7\u00f5es para empresas da ind\u00fastria capixaba sobre as novas tecnologias do mercado Por Assessoria de Comunica\u00e7\u00e3o Quando o assunto \u00e9 corros\u00e3o marinha, ou seja, um dos principais desafios enfrentados por ind\u00fastrias localizadas em regi\u00f5es costeiras e litor\u00e2neas, inova\u00e7\u00e3o e tecnologias de ponta se [&hellip;]","og_url":"https:\/\/jornalfatosenoticias.com.br\/index.php\/2025\/10\/23\/da-autorregeneracao-a-nanotecnologia-seminario-do-sindifer-apresenta-solucoes-inteligentes-contra-a-corrosao\/","og_site_name":"Jornal Fatos e Not\u00edcias","article_published_time":"2025-10-23T22:41:25+00:00","article_modified_time":"2025-10-23T22:41:26+00:00","og_image":[{"width":1600,"height":1069,"url":"https:\/\/jornalfatosenoticias.com.br\/wp-content\/uploads\/2025\/10\/seminario-sindifer.jpg","type":"image\/jpeg"}],"author":"Haroldo Filho","twitter_card":"summary_large_image","twitter_misc":{"Escrito por":"Haroldo Filho","Est. tempo de leitura":"3 minutos"},"schema":{"@context":"https:\/\/schema.org","@graph":[{"@type":"Article","@id":"https:\/\/jornalfatosenoticias.com.br\/index.php\/2025\/10\/23\/da-autorregeneracao-a-nanotecnologia-seminario-do-sindifer-apresenta-solucoes-inteligentes-contra-a-corrosao\/#article","isPartOf":{"@id":"https:\/\/jornalfatosenoticias.com.br\/index.php\/2025\/10\/23\/da-autorregeneracao-a-nanotecnologia-seminario-do-sindifer-apresenta-solucoes-inteligentes-contra-a-corrosao\/"},"author":{"name":"Haroldo Filho","@id":"https:\/\/jornalfatosenoticias.com.br\/#\/schema\/person\/05c46cc25b42a5c27e004fb0fa6b4965"},"headline":"Da autorregenera\u00e7\u00e3o \u00e0 nanotecnologia, semin\u00e1rio do Sindifer apresenta solu\u00e7\u00f5es inteligentes contra a corros\u00e3o","datePublished":"2025-10-23T22:41:25+00:00","dateModified":"2025-10-23T22:41:26+00:00","mainEntityOfPage":{"@id":"https:\/\/jornalfatosenoticias.com.br\/index.php\/2025\/10\/23\/da-autorregeneracao-a-nanotecnologia-seminario-do-sindifer-apresenta-solucoes-inteligentes-contra-a-corrosao\/"},"wordCount":618,"commentCount":0,"publisher":{"@id":"https:\/\/jornalfatosenoticias.com.br\/#organization"},"image":{"@id":"https:\/\/jornalfatosenoticias.com.br\/index.php\/2025\/10\/23\/da-autorregeneracao-a-nanotecnologia-seminario-do-sindifer-apresenta-solucoes-inteligentes-contra-a-corrosao\/#primaryimage"},"thumbnailUrl":"https:\/\/jornalfatosenoticias.com.br\/wp-content\/uploads\/2025\/10\/seminario-sindifer.jpg","keywords":["10.\u00ba Semin\u00e1rio Esp\u00edrito-Santense de Corros\u00e3o","a\u00e7o","autorregenera\u00e7\u00e3o","Caroline Barreto","Christian Canales","corros\u00e3o marinha","galvaniza\u00e7\u00e3o","ind\u00fastria capixaba","nanotecnologia","pain\u00e9is","Sindifer","tecnologias"],"articleSection":["Economia"],"inLanguage":"pt-BR","potentialAction":[{"@type":"CommentAction","name":"Comment","target":["https:\/\/jornalfatosenoticias.com.br\/index.php\/2025\/10\/23\/da-autorregeneracao-a-nanotecnologia-seminario-do-sindifer-apresenta-solucoes-inteligentes-contra-a-corrosao\/#respond"]}]},{"@type":"WebPage","@id":"https:\/\/jornalfatosenoticias.com.br\/index.php\/2025\/10\/23\/da-autorregeneracao-a-nanotecnologia-seminario-do-sindifer-apresenta-solucoes-inteligentes-contra-a-corrosao\/","url":"https:\/\/jornalfatosenoticias.com.br\/index.php\/2025\/10\/23\/da-autorregeneracao-a-nanotecnologia-seminario-do-sindifer-apresenta-solucoes-inteligentes-contra-a-corrosao\/","name":"Da autorregenera\u00e7\u00e3o \u00e0 nanotecnologia, semin\u00e1rio do Sindifer apresenta solu\u00e7\u00f5es inteligentes contra a corros\u00e3o - Jornal Fatos e Not\u00edcias","isPartOf":{"@id":"https:\/\/jornalfatosenoticias.com.br\/#website"},"primaryImageOfPage":{"@id":"https:\/\/jornalfatosenoticias.com.br\/index.php\/2025\/10\/23\/da-autorregeneracao-a-nanotecnologia-seminario-do-sindifer-apresenta-solucoes-inteligentes-contra-a-corrosao\/#primaryimage"},"image":{"@id":"https:\/\/jornalfatosenoticias.com.br\/index.php\/2025\/10\/23\/da-autorregeneracao-a-nanotecnologia-seminario-do-sindifer-apresenta-solucoes-inteligentes-contra-a-corrosao\/#primaryimage"},"thumbnailUrl":"https:\/\/jornalfatosenoticias.com.br\/wp-content\/uploads\/2025\/10\/seminario-sindifer.jpg","datePublished":"2025-10-23T22:41:25+00:00","dateModified":"2025-10-23T22:41:26+00:00","breadcrumb":{"@id":"https:\/\/jornalfatosenoticias.com.br\/index.php\/2025\/10\/23\/da-autorregeneracao-a-nanotecnologia-seminario-do-sindifer-apresenta-solucoes-inteligentes-contra-a-corrosao\/#breadcrumb"},"inLanguage":"pt-BR","potentialAction":[{"@type":"ReadAction","target":["https:\/\/jornalfatosenoticias.com.br\/index.php\/2025\/10\/23\/da-autorregeneracao-a-nanotecnologia-seminario-do-sindifer-apresenta-solucoes-inteligentes-contra-a-corrosao\/"]}]},{"@type":"ImageObject","inLanguage":"pt-BR","@id":"https:\/\/jornalfatosenoticias.com.br\/index.php\/2025\/10\/23\/da-autorregeneracao-a-nanotecnologia-seminario-do-sindifer-apresenta-solucoes-inteligentes-contra-a-corrosao\/#primaryimage","url":"https:\/\/jornalfatosenoticias.com.br\/wp-content\/uploads\/2025\/10\/seminario-sindifer.jpg","contentUrl":"https:\/\/jornalfatosenoticias.com.br\/wp-content\/uploads\/2025\/10\/seminario-sindifer.jpg","width":1600,"height":1069},{"@type":"BreadcrumbList","@id":"https:\/\/jornalfatosenoticias.com.br\/index.php\/2025\/10\/23\/da-autorregeneracao-a-nanotecnologia-seminario-do-sindifer-apresenta-solucoes-inteligentes-contra-a-corrosao\/#breadcrumb","itemListElement":[{"@type":"ListItem","position":1,"name":"In\u00edcio","item":"https:\/\/jornalfatosenoticias.com.br\/"},{"@type":"ListItem","position":2,"name":"Da autorregenera\u00e7\u00e3o \u00e0 nanotecnologia, semin\u00e1rio do Sindifer apresenta solu\u00e7\u00f5es inteligentes contra a corros\u00e3o"}]},{"@type":"WebSite","@id":"https:\/\/jornalfatosenoticias.com.br\/#website","url":"https:\/\/jornalfatosenoticias.com.br\/","name":"Jornal Fatos e Not\u00edcias","description":"Not\u00edcias em geral","publisher":{"@id":"https:\/\/jornalfatosenoticias.com.br\/#organization"},"potentialAction":[{"@type":"SearchAction","target":{"@type":"EntryPoint","urlTemplate":"https:\/\/jornalfatosenoticias.com.br\/?s={search_term_string}"},"query-input":{"@type":"PropertyValueSpecification","valueRequired":true,"valueName":"search_term_string"}}],"inLanguage":"pt-BR"},{"@type":"Organization","@id":"https:\/\/jornalfatosenoticias.com.br\/#organization","name":"Jornal Fatos e Not\u00edcias","url":"https:\/\/jornalfatosenoticias.com.br\/","logo":{"@type":"ImageObject","inLanguage":"pt-BR","@id":"https:\/\/jornalfatosenoticias.com.br\/#\/schema\/logo\/image\/","url":"https:\/\/jornalfatosenoticias.com.br\/wp-content\/uploads\/2020\/02\/logo120.png","contentUrl":"https:\/\/jornalfatosenoticias.com.br\/wp-content\/uploads\/2020\/02\/logo120.png","width":1227,"height":120,"caption":"Jornal Fatos e Not\u00edcias"},"image":{"@id":"https:\/\/jornalfatosenoticias.com.br\/#\/schema\/logo\/image\/"}},{"@type":"Person","@id":"https:\/\/jornalfatosenoticias.com.br\/#\/schema\/person\/05c46cc25b42a5c27e004fb0fa6b4965","name":"Haroldo Filho","image":{"@type":"ImageObject","inLanguage":"pt-BR","@id":"https:\/\/jornalfatosenoticias.com.br\/#\/schema\/person\/image\/","url":"https:\/\/jornalfatosenoticias.com.br\/wp-content\/uploads\/2025\/08\/WhatsApp-Image-2025-08-18-at-15.30.28-150x150.jpeg","contentUrl":"https:\/\/jornalfatosenoticias.com.br\/wp-content\/uploads\/2025\/08\/WhatsApp-Image-2025-08-18-at-15.30.28-150x150.jpeg","caption":"Haroldo Filho"},"description":"Jornalista \u2013 DRT: 0003818\/ES Coordenador-geral da ONG Educar para Crescer","url":"https:\/\/jornalfatosenoticias.com.br\/index.php\/author\/haroldo\/"}]}},"cc_featured_image_caption":{"caption_text":"(Foto: Wagner Breciani)","source_text":"","source_url":""},"jetpack_featured_media_url":"https:\/\/jornalfatosenoticias.com.br\/wp-content\/uploads\/2025\/10\/seminario-sindifer.jpg","_links":{"self":[{"href":"https:\/\/jornalfatosenoticias.com.br\/index.php\/wp-json\/wp\/v2\/posts\/62758","targetHints":{"allow":["GET"]}}],"collection":[{"href":"https:\/\/jornalfatosenoticias.com.br\/index.php\/wp-json\/wp\/v2\/posts"}],"about":[{"href":"https:\/\/jornalfatosenoticias.com.br\/index.php\/wp-json\/wp\/v2\/types\/post"}],"author":[{"embeddable":true,"href":"https:\/\/jornalfatosenoticias.com.br\/index.php\/wp-json\/wp\/v2\/users\/3"}],"replies":[{"embeddable":true,"href":"https:\/\/jornalfatosenoticias.com.br\/index.php\/wp-json\/wp\/v2\/comments?post=62758"}],"version-history":[{"count":0,"href":"https:\/\/jornalfatosenoticias.com.br\/index.php\/wp-json\/wp\/v2\/posts\/62758\/revisions"}],"wp:featuredmedia":[{"embeddable":true,"href":"https:\/\/jornalfatosenoticias.com.br\/index.php\/wp-json\/wp\/v2\/media\/62759"}],"wp:attachment":[{"href":"https:\/\/jornalfatosenoticias.com.br\/index.php\/wp-json\/wp\/v2\/media?parent=62758"}],"wp:term":[{"taxonomy":"category","embeddable":true,"href":"https:\/\/jornalfatosenoticias.com.br\/index.php\/wp-json\/wp\/v2\/categories?post=62758"},{"taxonomy":"post_tag","embeddable":true,"href":"https:\/\/jornalfatosenoticias.com.br\/index.php\/wp-json\/wp\/v2\/tags?post=62758"}],"curies":[{"name":"wp","href":"https:\/\/api.w.org\/{rel}","templated":true}]}}