{"id":62788,"date":"2025-10-27T11:15:54","date_gmt":"2025-10-27T14:15:54","guid":{"rendered":"https:\/\/jornalfatosenoticias.com.br\/?p=62788"},"modified":"2025-10-27T11:15:55","modified_gmt":"2025-10-27T14:15:55","slug":"o-que-significa-ter-vontade-de-chorar-do-nada-saiba-que-nao-e-drama","status":"publish","type":"post","link":"https:\/\/jornalfatosenoticias.com.br\/index.php\/2025\/10\/27\/o-que-significa-ter-vontade-de-chorar-do-nada-saiba-que-nao-e-drama\/","title":{"rendered":"O que significa ter vontade de chorar do nada? Saiba que n\u00e3o \u00e9 drama"},"content":{"rendered":"\n<p><em><span class=\"has-inline-color has-black-color\">Na superf\u00edcie, pode ser sem motivo, mas o choro \u00e9 uma das respostas emocionais mais complexas; saiba por que<\/span><\/em><\/p>\n\n\n\n<p><span class=\"has-inline-color has-black-color\">Por <strong><a href=\"https:\/\/www.bonsfluidos.com.br\/author\/helena-gomes\">Helena Gomes<\/a><\/strong><\/span><\/p>\n\n\n\n<div class=\"wp-block-image\"><figure class=\"aligncenter size-large\"><a href=\"https:\/\/panper.com.br\/\"><img loading=\"lazy\" decoding=\"async\" width=\"1024\" height=\"111\" src=\"https:\/\/jornalfatosenoticias.com.br\/wp-content\/uploads\/2020\/02\/WhatsApp-Image-2022-09-23-at-12.09.18-1024x111.jpeg\" alt=\"\" class=\"wp-image-34527\" srcset=\"https:\/\/jornalfatosenoticias.com.br\/wp-content\/uploads\/2020\/02\/WhatsApp-Image-2022-09-23-at-12.09.18-1024x111.jpeg 1024w, https:\/\/jornalfatosenoticias.com.br\/wp-content\/uploads\/2020\/02\/WhatsApp-Image-2022-09-23-at-12.09.18-300x32.jpeg 300w, https:\/\/jornalfatosenoticias.com.br\/wp-content\/uploads\/2020\/02\/WhatsApp-Image-2022-09-23-at-12.09.18-768x83.jpeg 768w, https:\/\/jornalfatosenoticias.com.br\/wp-content\/uploads\/2020\/02\/WhatsApp-Image-2022-09-23-at-12.09.18.jpeg 1121w\" sizes=\"auto, (max-width: 1024px) 100vw, 1024px\" \/><\/a><\/figure><\/div>\n\n\n\n<p>Talvez, no seu dia mais feliz e tranquilo, voc\u00ea pode ter sentido uma vontade de chorar incontrol\u00e1vel e ficou sem entender o porqu\u00ea. Primeiramente, j\u00e1 vamos te avisar, <strong><a href=\"https:\/\/www.bonsfluidos.com.br\/comportamento\/o-que-significa-chorar-vendo-filmes-descubra-tres-motivos.phtml\">n\u00e3o \u00e9 drama<\/a><\/strong>, nem uma sensibilidade al\u00e9m do normal. Na superf\u00edcie, pode ser sem motivo, mas o <strong><a href=\"https:\/\/www.bonsfluidos.com.br\/bem-estar\/voce-sabia-que-chorar-faz-bem-para-a-saude-descubra-o-motivo.phtml\">choro<\/a><\/strong> \u00e9 a resposta emocional, e uma das mais complexas, que est\u00e1 ligada aos horm\u00f4nios \u2014 tais quais cortisol e adrenalina \u2014 e regula\u00e7\u00e3o de emo\u00e7\u00f5es guardadas. Dessa forma, segundo os especialistas, este impulso pode ter suas explica\u00e7\u00f5es.<br>Por exemplo, a vontade de chorar tende a estar relacionada ao estresse cr\u00f4nico, sobrecarga, fadiga emocional, ansiedade, depress\u00e3o, <strong><a href=\"https:\/\/www.bonsfluidos.com.br\/saude\/voce-sabia-mulheres-sentem-mais-sono-que-os-homens.phtml\"><strong>TPM<\/strong><\/a>,<\/strong> perimenopausa e tamb\u00e9m \u00e0 sensibilidade e est\u00edmulos sensoriais\/emocionais. Ent\u00e3o esta \u00e9 a maneira que o corpo encontra para aliviar o que est\u00e1 desencaixado internamente, acalmando o sistema nervoso e melhorando o humor.<\/p>\n\n\n\n<div class=\"wp-block-image\"><figure class=\"aligncenter size-large\"><a href=\"https:\/\/www.cesconetto.com.br\/\"><img loading=\"lazy\" decoding=\"async\" width=\"300\" height=\"250\" src=\"https:\/\/jornalfatosenoticias.com.br\/wp-content\/uploads\/2020\/02\/Banner-2.png\" alt=\"\" class=\"wp-image-43787\"\/><\/a><\/figure><\/div>\n\n\n\n<p>Assim, se esta vontade de chorar tornar-se algo frequente, \u00e9 aconselh\u00e1vel procurar um especialista da sa\u00fade mental. Tamb\u00e9m vale ficar de olho se ela vier acompanhada de ins\u00f4nia, <strong><a href=\"https:\/\/www.bonsfluidos.com.br\/saude\/fadiga-do-ping-o-impacto-silencioso-das-notificacoes-digitais-na-saude-mental.phtml\">cansa\u00e7o<\/a><\/strong> e falta de motiva\u00e7\u00e3o. Voc\u00ea se considera uma pessoa chorona? Se sim, n\u00e3o fique mal por isso, pois, segundo estudos, <strong><a href=\"https:\/\/www.bonsfluidos.com.br\/comportamento\/nao-segure-as-lagrimas-chorar-faz-bem-e-e-necessario-para-a-saude-mental-afirma-especialista.phtml\">chorar<\/a><\/strong> faz bem para nosso corpo.<\/p>\n\n\n\n<div class=\"wp-block-image\"><figure class=\"aligncenter size-large is-resized\"><a href=\"https:\/\/www.instagram.com\/esteio.churrascaria\/\"><img loading=\"lazy\" decoding=\"async\" src=\"https:\/\/jornalfatosenoticias.com.br\/wp-content\/uploads\/2022\/02\/LOGO-ESTEIO-1024x730.png\" alt=\"\" class=\"wp-image-27942\" width=\"333\" height=\"237\" srcset=\"https:\/\/jornalfatosenoticias.com.br\/wp-content\/uploads\/2022\/02\/LOGO-ESTEIO-1024x730.png 1024w, https:\/\/jornalfatosenoticias.com.br\/wp-content\/uploads\/2022\/02\/LOGO-ESTEIO-300x214.png 300w, https:\/\/jornalfatosenoticias.com.br\/wp-content\/uploads\/2022\/02\/LOGO-ESTEIO-768x548.png 768w, https:\/\/jornalfatosenoticias.com.br\/wp-content\/uploads\/2022\/02\/LOGO-ESTEIO.png 1123w\" sizes=\"auto, (max-width: 333px) 100vw, 333px\" \/><\/a><\/figure><\/div>\n\n\n\n<p>H\u00e1 alguns estudos sobre o assunto, mas o mais recente deles \u00e9 do mestre das l\u00e1grimas. \u00c9 assim que \u00e9 chamado Hidefumi Yoshida, que viaja pelo Jap\u00e3o com frequ\u00eancia para ensinar as pessoas a induzirem as <strong><a href=\"https:\/\/www.bonsfluidos.com.br\/comportamento\/estudo-revela-porque-as-lagrimas-sao-catalisadores-do-novo-coronavirus.phtml\">l\u00e1grimas<\/a><\/strong> com facilidade. Ele afirma que<em> \u201cchorar \u00e9 mais eficiente do que rir ou dormir para reduzir o estresse. Se voc\u00ea chorar uma vez por semana, pode viver uma vida sem estresse\u201d.<\/em><\/p>\n\n\n\n<div class=\"wp-block-image\"><figure class=\"aligncenter size-large is-resized\"><a href=\"https:\/\/hotelmarquetti.com.br\/\"><img loading=\"lazy\" decoding=\"async\" src=\"https:\/\/jornalfatosenoticias.com.br\/wp-content\/uploads\/2020\/02\/LOGO-MQ-1024x680.jpg\" alt=\"\" class=\"wp-image-58299\" width=\"356\" height=\"236\" srcset=\"https:\/\/jornalfatosenoticias.com.br\/wp-content\/uploads\/2020\/02\/LOGO-MQ-1024x680.jpg 1024w, https:\/\/jornalfatosenoticias.com.br\/wp-content\/uploads\/2020\/02\/LOGO-MQ-300x199.jpg 300w, https:\/\/jornalfatosenoticias.com.br\/wp-content\/uploads\/2020\/02\/LOGO-MQ-768x510.jpg 768w, https:\/\/jornalfatosenoticias.com.br\/wp-content\/uploads\/2020\/02\/LOGO-MQ-1536x1020.jpg 1536w, https:\/\/jornalfatosenoticias.com.br\/wp-content\/uploads\/2020\/02\/LOGO-MQ-2048x1360.jpg 2048w\" sizes=\"auto, (max-width: 356px) 100vw, 356px\" \/><\/a><\/figure><\/div>\n\n\n\n<p><strong>Fonte: <a href=\"https:\/\/www.bonsfluidos.com.br\/comportamento\/o-que-significa-ter-vontade-de-chorar-do-nada-saiba-que-nao-e-drama.phtml\">Bons Fluidos<\/a><\/strong><\/p>\n","protected":false},"excerpt":{"rendered":"<p>Na superf\u00edcie, pode ser sem motivo, mas o choro \u00e9 uma das respostas emocionais mais complexas; saiba por que Por Helena Gomes Talvez, no seu dia mais feliz e tranquilo, voc\u00ea pode ter sentido uma vontade de chorar incontrol\u00e1vel e ficou sem entender o porqu\u00ea. Primeiramente, j\u00e1 vamos te avisar, n\u00e3o \u00e9 drama, nem uma [&hellip;]<\/p>\n","protected":false},"author":2,"featured_media":62789,"comment_status":"open","ping_status":"open","sticky":false,"template":"","format":"standard","meta":{"footnotes":""},"categories":[2522],"tags":[16334,4862,28642,5096,4206,688,3852,28643],"class_list":["post-62788","post","type-post","status-publish","format-standard","has-post-thumbnail","hentry","category-comportamento","tag-chorar","tag-choro","tag-drama","tag-emocoes","tag-mental","tag-saude-mental","tag-sensibilidade","tag-vontade-de-chorar"],"yoast_head":"<!-- This site is optimized with the Yoast SEO plugin v26.5 - https:\/\/yoast.com\/wordpress\/plugins\/seo\/ -->\n<title>O que significa ter vontade de chorar do nada? Saiba que n\u00e3o \u00e9 drama - Jornal Fatos e Not\u00edcias<\/title>\n<meta name=\"robots\" content=\"index, follow, max-snippet:-1, max-image-preview:large, max-video-preview:-1\" \/>\n<link rel=\"canonical\" href=\"https:\/\/jornalfatosenoticias.com.br\/index.php\/2025\/10\/27\/o-que-significa-ter-vontade-de-chorar-do-nada-saiba-que-nao-e-drama\/\" \/>\n<meta property=\"og:locale\" content=\"pt_BR\" \/>\n<meta property=\"og:type\" content=\"article\" \/>\n<meta property=\"og:title\" content=\"O que significa ter vontade de chorar do nada? Saiba que n\u00e3o \u00e9 drama - Jornal Fatos e Not\u00edcias\" \/>\n<meta property=\"og:description\" content=\"Na superf\u00edcie, pode ser sem motivo, mas o choro \u00e9 uma das respostas emocionais mais complexas; saiba por que Por Helena Gomes Talvez, no seu dia mais feliz e tranquilo, voc\u00ea pode ter sentido uma vontade de chorar incontrol\u00e1vel e ficou sem entender o porqu\u00ea. Primeiramente, j\u00e1 vamos te avisar, n\u00e3o \u00e9 drama, nem uma [&hellip;]\" \/>\n<meta property=\"og:url\" content=\"https:\/\/jornalfatosenoticias.com.br\/index.php\/2025\/10\/27\/o-que-significa-ter-vontade-de-chorar-do-nada-saiba-que-nao-e-drama\/\" \/>\n<meta property=\"og:site_name\" content=\"Jornal Fatos e Not\u00edcias\" \/>\n<meta property=\"article:published_time\" content=\"2025-10-27T14:15:54+00:00\" \/>\n<meta property=\"article:modified_time\" content=\"2025-10-27T14:15:55+00:00\" \/>\n<meta property=\"og:image\" content=\"https:\/\/jornalfatosenoticias.com.br\/wp-content\/uploads\/2025\/10\/nao-e-drama_istock.jpg\" \/>\n\t<meta property=\"og:image:width\" content=\"612\" \/>\n\t<meta property=\"og:image:height\" content=\"408\" \/>\n\t<meta property=\"og:image:type\" content=\"image\/jpeg\" \/>\n<meta name=\"author\" content=\"Luzimara Fernandes\" \/>\n<meta name=\"twitter:card\" content=\"summary_large_image\" \/>\n<meta name=\"twitter:label1\" content=\"Escrito por\" \/>\n\t<meta name=\"twitter:data1\" content=\"Luzimara Fernandes\" \/>\n\t<meta name=\"twitter:label2\" content=\"Est. tempo de leitura\" \/>\n\t<meta name=\"twitter:data2\" content=\"1 minuto\" \/>\n<script type=\"application\/ld+json\" class=\"yoast-schema-graph\">{\"@context\":\"https:\/\/schema.org\",\"@graph\":[{\"@type\":\"Article\",\"@id\":\"https:\/\/jornalfatosenoticias.com.br\/index.php\/2025\/10\/27\/o-que-significa-ter-vontade-de-chorar-do-nada-saiba-que-nao-e-drama\/#article\",\"isPartOf\":{\"@id\":\"https:\/\/jornalfatosenoticias.com.br\/index.php\/2025\/10\/27\/o-que-significa-ter-vontade-de-chorar-do-nada-saiba-que-nao-e-drama\/\"},\"author\":{\"name\":\"Luzimara Fernandes\",\"@id\":\"https:\/\/jornalfatosenoticias.com.br\/#\/schema\/person\/d63837fa13ac8666eb9e74e0985d6f81\"},\"headline\":\"O que significa ter vontade de chorar do nada? Saiba que n\u00e3o \u00e9 drama\",\"datePublished\":\"2025-10-27T14:15:54+00:00\",\"dateModified\":\"2025-10-27T14:15:55+00:00\",\"mainEntityOfPage\":{\"@id\":\"https:\/\/jornalfatosenoticias.com.br\/index.php\/2025\/10\/27\/o-que-significa-ter-vontade-de-chorar-do-nada-saiba-que-nao-e-drama\/\"},\"wordCount\":310,\"commentCount\":0,\"publisher\":{\"@id\":\"https:\/\/jornalfatosenoticias.com.br\/#organization\"},\"image\":{\"@id\":\"https:\/\/jornalfatosenoticias.com.br\/index.php\/2025\/10\/27\/o-que-significa-ter-vontade-de-chorar-do-nada-saiba-que-nao-e-drama\/#primaryimage\"},\"thumbnailUrl\":\"https:\/\/jornalfatosenoticias.com.br\/wp-content\/uploads\/2025\/10\/nao-e-drama_istock.jpg\",\"keywords\":[\"chorar\",\"choro\",\"drama\",\"emo\u00e7\u00f5es\",\"mental\",\"sa\u00fade mental\",\"sensibilidade\",\"vontade de chorar\"],\"articleSection\":[\"Comportamento &amp; Equil\u00edbrio\"],\"inLanguage\":\"pt-BR\",\"potentialAction\":[{\"@type\":\"CommentAction\",\"name\":\"Comment\",\"target\":[\"https:\/\/jornalfatosenoticias.com.br\/index.php\/2025\/10\/27\/o-que-significa-ter-vontade-de-chorar-do-nada-saiba-que-nao-e-drama\/#respond\"]}]},{\"@type\":\"WebPage\",\"@id\":\"https:\/\/jornalfatosenoticias.com.br\/index.php\/2025\/10\/27\/o-que-significa-ter-vontade-de-chorar-do-nada-saiba-que-nao-e-drama\/\",\"url\":\"https:\/\/jornalfatosenoticias.com.br\/index.php\/2025\/10\/27\/o-que-significa-ter-vontade-de-chorar-do-nada-saiba-que-nao-e-drama\/\",\"name\":\"O que significa ter vontade de chorar do nada? Saiba que n\u00e3o \u00e9 drama - Jornal Fatos e Not\u00edcias\",\"isPartOf\":{\"@id\":\"https:\/\/jornalfatosenoticias.com.br\/#website\"},\"primaryImageOfPage\":{\"@id\":\"https:\/\/jornalfatosenoticias.com.br\/index.php\/2025\/10\/27\/o-que-significa-ter-vontade-de-chorar-do-nada-saiba-que-nao-e-drama\/#primaryimage\"},\"image\":{\"@id\":\"https:\/\/jornalfatosenoticias.com.br\/index.php\/2025\/10\/27\/o-que-significa-ter-vontade-de-chorar-do-nada-saiba-que-nao-e-drama\/#primaryimage\"},\"thumbnailUrl\":\"https:\/\/jornalfatosenoticias.com.br\/wp-content\/uploads\/2025\/10\/nao-e-drama_istock.jpg\",\"datePublished\":\"2025-10-27T14:15:54+00:00\",\"dateModified\":\"2025-10-27T14:15:55+00:00\",\"breadcrumb\":{\"@id\":\"https:\/\/jornalfatosenoticias.com.br\/index.php\/2025\/10\/27\/o-que-significa-ter-vontade-de-chorar-do-nada-saiba-que-nao-e-drama\/#breadcrumb\"},\"inLanguage\":\"pt-BR\",\"potentialAction\":[{\"@type\":\"ReadAction\",\"target\":[\"https:\/\/jornalfatosenoticias.com.br\/index.php\/2025\/10\/27\/o-que-significa-ter-vontade-de-chorar-do-nada-saiba-que-nao-e-drama\/\"]}]},{\"@type\":\"ImageObject\",\"inLanguage\":\"pt-BR\",\"@id\":\"https:\/\/jornalfatosenoticias.com.br\/index.php\/2025\/10\/27\/o-que-significa-ter-vontade-de-chorar-do-nada-saiba-que-nao-e-drama\/#primaryimage\",\"url\":\"https:\/\/jornalfatosenoticias.com.br\/wp-content\/uploads\/2025\/10\/nao-e-drama_istock.jpg\",\"contentUrl\":\"https:\/\/jornalfatosenoticias.com.br\/wp-content\/uploads\/2025\/10\/nao-e-drama_istock.jpg\",\"width\":612,\"height\":408,\"caption\":\"beauty girl cry\"},{\"@type\":\"BreadcrumbList\",\"@id\":\"https:\/\/jornalfatosenoticias.com.br\/index.php\/2025\/10\/27\/o-que-significa-ter-vontade-de-chorar-do-nada-saiba-que-nao-e-drama\/#breadcrumb\",\"itemListElement\":[{\"@type\":\"ListItem\",\"position\":1,\"name\":\"In\u00edcio\",\"item\":\"https:\/\/jornalfatosenoticias.com.br\/\"},{\"@type\":\"ListItem\",\"position\":2,\"name\":\"O que significa ter vontade de chorar do nada? Saiba que n\u00e3o \u00e9 drama\"}]},{\"@type\":\"WebSite\",\"@id\":\"https:\/\/jornalfatosenoticias.com.br\/#website\",\"url\":\"https:\/\/jornalfatosenoticias.com.br\/\",\"name\":\"Jornal Fatos e Not\u00edcias\",\"description\":\"Not\u00edcias em geral\",\"publisher\":{\"@id\":\"https:\/\/jornalfatosenoticias.com.br\/#organization\"},\"potentialAction\":[{\"@type\":\"SearchAction\",\"target\":{\"@type\":\"EntryPoint\",\"urlTemplate\":\"https:\/\/jornalfatosenoticias.com.br\/?s={search_term_string}\"},\"query-input\":{\"@type\":\"PropertyValueSpecification\",\"valueRequired\":true,\"valueName\":\"search_term_string\"}}],\"inLanguage\":\"pt-BR\"},{\"@type\":\"Organization\",\"@id\":\"https:\/\/jornalfatosenoticias.com.br\/#organization\",\"name\":\"Jornal Fatos e Not\u00edcias\",\"url\":\"https:\/\/jornalfatosenoticias.com.br\/\",\"logo\":{\"@type\":\"ImageObject\",\"inLanguage\":\"pt-BR\",\"@id\":\"https:\/\/jornalfatosenoticias.com.br\/#\/schema\/logo\/image\/\",\"url\":\"https:\/\/jornalfatosenoticias.com.br\/wp-content\/uploads\/2020\/02\/logo120.png\",\"contentUrl\":\"https:\/\/jornalfatosenoticias.com.br\/wp-content\/uploads\/2020\/02\/logo120.png\",\"width\":1227,\"height\":120,\"caption\":\"Jornal Fatos e Not\u00edcias\"},\"image\":{\"@id\":\"https:\/\/jornalfatosenoticias.com.br\/#\/schema\/logo\/image\/\"}},{\"@type\":\"Person\",\"@id\":\"https:\/\/jornalfatosenoticias.com.br\/#\/schema\/person\/d63837fa13ac8666eb9e74e0985d6f81\",\"name\":\"Luzimara Fernandes\",\"image\":{\"@type\":\"ImageObject\",\"inLanguage\":\"pt-BR\",\"@id\":\"https:\/\/jornalfatosenoticias.com.br\/#\/schema\/person\/image\/\",\"url\":\"https:\/\/jornalfatosenoticias.com.br\/wp-content\/uploads\/2025\/05\/EU_portal.jpg\",\"contentUrl\":\"https:\/\/jornalfatosenoticias.com.br\/wp-content\/uploads\/2025\/05\/EU_portal.jpg\",\"caption\":\"Luzimara Fernandes\"},\"description\":\"Jornalista MTB 2358-ES\",\"sameAs\":[\"https:\/\/jornalfatosenoticias.com.br\"],\"url\":\"https:\/\/jornalfatosenoticias.com.br\/index.php\/author\/luzimara\/\"}]}<\/script>\n<!-- \/ Yoast SEO plugin. -->","yoast_head_json":{"title":"O que significa ter vontade de chorar do nada? Saiba que n\u00e3o \u00e9 drama - Jornal Fatos e Not\u00edcias","robots":{"index":"index","follow":"follow","max-snippet":"max-snippet:-1","max-image-preview":"max-image-preview:large","max-video-preview":"max-video-preview:-1"},"canonical":"https:\/\/jornalfatosenoticias.com.br\/index.php\/2025\/10\/27\/o-que-significa-ter-vontade-de-chorar-do-nada-saiba-que-nao-e-drama\/","og_locale":"pt_BR","og_type":"article","og_title":"O que significa ter vontade de chorar do nada? Saiba que n\u00e3o \u00e9 drama - Jornal Fatos e Not\u00edcias","og_description":"Na superf\u00edcie, pode ser sem motivo, mas o choro \u00e9 uma das respostas emocionais mais complexas; saiba por que Por Helena Gomes Talvez, no seu dia mais feliz e tranquilo, voc\u00ea pode ter sentido uma vontade de chorar incontrol\u00e1vel e ficou sem entender o porqu\u00ea. Primeiramente, j\u00e1 vamos te avisar, n\u00e3o \u00e9 drama, nem uma [&hellip;]","og_url":"https:\/\/jornalfatosenoticias.com.br\/index.php\/2025\/10\/27\/o-que-significa-ter-vontade-de-chorar-do-nada-saiba-que-nao-e-drama\/","og_site_name":"Jornal Fatos e Not\u00edcias","article_published_time":"2025-10-27T14:15:54+00:00","article_modified_time":"2025-10-27T14:15:55+00:00","og_image":[{"width":612,"height":408,"url":"https:\/\/jornalfatosenoticias.com.br\/wp-content\/uploads\/2025\/10\/nao-e-drama_istock.jpg","type":"image\/jpeg"}],"author":"Luzimara Fernandes","twitter_card":"summary_large_image","twitter_misc":{"Escrito por":"Luzimara Fernandes","Est. tempo de leitura":"1 minuto"},"schema":{"@context":"https:\/\/schema.org","@graph":[{"@type":"Article","@id":"https:\/\/jornalfatosenoticias.com.br\/index.php\/2025\/10\/27\/o-que-significa-ter-vontade-de-chorar-do-nada-saiba-que-nao-e-drama\/#article","isPartOf":{"@id":"https:\/\/jornalfatosenoticias.com.br\/index.php\/2025\/10\/27\/o-que-significa-ter-vontade-de-chorar-do-nada-saiba-que-nao-e-drama\/"},"author":{"name":"Luzimara Fernandes","@id":"https:\/\/jornalfatosenoticias.com.br\/#\/schema\/person\/d63837fa13ac8666eb9e74e0985d6f81"},"headline":"O que significa ter vontade de chorar do nada? Saiba que n\u00e3o \u00e9 drama","datePublished":"2025-10-27T14:15:54+00:00","dateModified":"2025-10-27T14:15:55+00:00","mainEntityOfPage":{"@id":"https:\/\/jornalfatosenoticias.com.br\/index.php\/2025\/10\/27\/o-que-significa-ter-vontade-de-chorar-do-nada-saiba-que-nao-e-drama\/"},"wordCount":310,"commentCount":0,"publisher":{"@id":"https:\/\/jornalfatosenoticias.com.br\/#organization"},"image":{"@id":"https:\/\/jornalfatosenoticias.com.br\/index.php\/2025\/10\/27\/o-que-significa-ter-vontade-de-chorar-do-nada-saiba-que-nao-e-drama\/#primaryimage"},"thumbnailUrl":"https:\/\/jornalfatosenoticias.com.br\/wp-content\/uploads\/2025\/10\/nao-e-drama_istock.jpg","keywords":["chorar","choro","drama","emo\u00e7\u00f5es","mental","sa\u00fade mental","sensibilidade","vontade de chorar"],"articleSection":["Comportamento &amp; Equil\u00edbrio"],"inLanguage":"pt-BR","potentialAction":[{"@type":"CommentAction","name":"Comment","target":["https:\/\/jornalfatosenoticias.com.br\/index.php\/2025\/10\/27\/o-que-significa-ter-vontade-de-chorar-do-nada-saiba-que-nao-e-drama\/#respond"]}]},{"@type":"WebPage","@id":"https:\/\/jornalfatosenoticias.com.br\/index.php\/2025\/10\/27\/o-que-significa-ter-vontade-de-chorar-do-nada-saiba-que-nao-e-drama\/","url":"https:\/\/jornalfatosenoticias.com.br\/index.php\/2025\/10\/27\/o-que-significa-ter-vontade-de-chorar-do-nada-saiba-que-nao-e-drama\/","name":"O que significa ter vontade de chorar do nada? Saiba que n\u00e3o \u00e9 drama - Jornal Fatos e Not\u00edcias","isPartOf":{"@id":"https:\/\/jornalfatosenoticias.com.br\/#website"},"primaryImageOfPage":{"@id":"https:\/\/jornalfatosenoticias.com.br\/index.php\/2025\/10\/27\/o-que-significa-ter-vontade-de-chorar-do-nada-saiba-que-nao-e-drama\/#primaryimage"},"image":{"@id":"https:\/\/jornalfatosenoticias.com.br\/index.php\/2025\/10\/27\/o-que-significa-ter-vontade-de-chorar-do-nada-saiba-que-nao-e-drama\/#primaryimage"},"thumbnailUrl":"https:\/\/jornalfatosenoticias.com.br\/wp-content\/uploads\/2025\/10\/nao-e-drama_istock.jpg","datePublished":"2025-10-27T14:15:54+00:00","dateModified":"2025-10-27T14:15:55+00:00","breadcrumb":{"@id":"https:\/\/jornalfatosenoticias.com.br\/index.php\/2025\/10\/27\/o-que-significa-ter-vontade-de-chorar-do-nada-saiba-que-nao-e-drama\/#breadcrumb"},"inLanguage":"pt-BR","potentialAction":[{"@type":"ReadAction","target":["https:\/\/jornalfatosenoticias.com.br\/index.php\/2025\/10\/27\/o-que-significa-ter-vontade-de-chorar-do-nada-saiba-que-nao-e-drama\/"]}]},{"@type":"ImageObject","inLanguage":"pt-BR","@id":"https:\/\/jornalfatosenoticias.com.br\/index.php\/2025\/10\/27\/o-que-significa-ter-vontade-de-chorar-do-nada-saiba-que-nao-e-drama\/#primaryimage","url":"https:\/\/jornalfatosenoticias.com.br\/wp-content\/uploads\/2025\/10\/nao-e-drama_istock.jpg","contentUrl":"https:\/\/jornalfatosenoticias.com.br\/wp-content\/uploads\/2025\/10\/nao-e-drama_istock.jpg","width":612,"height":408,"caption":"beauty girl cry"},{"@type":"BreadcrumbList","@id":"https:\/\/jornalfatosenoticias.com.br\/index.php\/2025\/10\/27\/o-que-significa-ter-vontade-de-chorar-do-nada-saiba-que-nao-e-drama\/#breadcrumb","itemListElement":[{"@type":"ListItem","position":1,"name":"In\u00edcio","item":"https:\/\/jornalfatosenoticias.com.br\/"},{"@type":"ListItem","position":2,"name":"O que significa ter vontade de chorar do nada? Saiba que n\u00e3o \u00e9 drama"}]},{"@type":"WebSite","@id":"https:\/\/jornalfatosenoticias.com.br\/#website","url":"https:\/\/jornalfatosenoticias.com.br\/","name":"Jornal Fatos e Not\u00edcias","description":"Not\u00edcias em geral","publisher":{"@id":"https:\/\/jornalfatosenoticias.com.br\/#organization"},"potentialAction":[{"@type":"SearchAction","target":{"@type":"EntryPoint","urlTemplate":"https:\/\/jornalfatosenoticias.com.br\/?s={search_term_string}"},"query-input":{"@type":"PropertyValueSpecification","valueRequired":true,"valueName":"search_term_string"}}],"inLanguage":"pt-BR"},{"@type":"Organization","@id":"https:\/\/jornalfatosenoticias.com.br\/#organization","name":"Jornal Fatos e Not\u00edcias","url":"https:\/\/jornalfatosenoticias.com.br\/","logo":{"@type":"ImageObject","inLanguage":"pt-BR","@id":"https:\/\/jornalfatosenoticias.com.br\/#\/schema\/logo\/image\/","url":"https:\/\/jornalfatosenoticias.com.br\/wp-content\/uploads\/2020\/02\/logo120.png","contentUrl":"https:\/\/jornalfatosenoticias.com.br\/wp-content\/uploads\/2020\/02\/logo120.png","width":1227,"height":120,"caption":"Jornal Fatos e Not\u00edcias"},"image":{"@id":"https:\/\/jornalfatosenoticias.com.br\/#\/schema\/logo\/image\/"}},{"@type":"Person","@id":"https:\/\/jornalfatosenoticias.com.br\/#\/schema\/person\/d63837fa13ac8666eb9e74e0985d6f81","name":"Luzimara Fernandes","image":{"@type":"ImageObject","inLanguage":"pt-BR","@id":"https:\/\/jornalfatosenoticias.com.br\/#\/schema\/person\/image\/","url":"https:\/\/jornalfatosenoticias.com.br\/wp-content\/uploads\/2025\/05\/EU_portal.jpg","contentUrl":"https:\/\/jornalfatosenoticias.com.br\/wp-content\/uploads\/2025\/05\/EU_portal.jpg","caption":"Luzimara Fernandes"},"description":"Jornalista MTB 2358-ES","sameAs":["https:\/\/jornalfatosenoticias.com.br"],"url":"https:\/\/jornalfatosenoticias.com.br\/index.php\/author\/luzimara\/"}]}},"cc_featured_image_caption":{"caption_text":"(Foto: iStock)  ","source_text":"","source_url":""},"jetpack_featured_media_url":"https:\/\/jornalfatosenoticias.com.br\/wp-content\/uploads\/2025\/10\/nao-e-drama_istock.jpg","_links":{"self":[{"href":"https:\/\/jornalfatosenoticias.com.br\/index.php\/wp-json\/wp\/v2\/posts\/62788","targetHints":{"allow":["GET"]}}],"collection":[{"href":"https:\/\/jornalfatosenoticias.com.br\/index.php\/wp-json\/wp\/v2\/posts"}],"about":[{"href":"https:\/\/jornalfatosenoticias.com.br\/index.php\/wp-json\/wp\/v2\/types\/post"}],"author":[{"embeddable":true,"href":"https:\/\/jornalfatosenoticias.com.br\/index.php\/wp-json\/wp\/v2\/users\/2"}],"replies":[{"embeddable":true,"href":"https:\/\/jornalfatosenoticias.com.br\/index.php\/wp-json\/wp\/v2\/comments?post=62788"}],"version-history":[{"count":0,"href":"https:\/\/jornalfatosenoticias.com.br\/index.php\/wp-json\/wp\/v2\/posts\/62788\/revisions"}],"wp:featuredmedia":[{"embeddable":true,"href":"https:\/\/jornalfatosenoticias.com.br\/index.php\/wp-json\/wp\/v2\/media\/62789"}],"wp:attachment":[{"href":"https:\/\/jornalfatosenoticias.com.br\/index.php\/wp-json\/wp\/v2\/media?parent=62788"}],"wp:term":[{"taxonomy":"category","embeddable":true,"href":"https:\/\/jornalfatosenoticias.com.br\/index.php\/wp-json\/wp\/v2\/categories?post=62788"},{"taxonomy":"post_tag","embeddable":true,"href":"https:\/\/jornalfatosenoticias.com.br\/index.php\/wp-json\/wp\/v2\/tags?post=62788"}],"curies":[{"name":"wp","href":"https:\/\/api.w.org\/{rel}","templated":true}]}}