{"id":6279,"date":"2020-07-09T16:29:46","date_gmt":"2020-07-09T19:29:46","guid":{"rendered":"https:\/\/jornalfatosenoticias.com.br\/?p=6279"},"modified":"2020-07-09T16:29:49","modified_gmt":"2020-07-09T19:29:49","slug":"e-isso-ai-poe-o-cracha-tira-o-cracha-poe-o-cracha-iii","status":"publish","type":"post","link":"https:\/\/jornalfatosenoticias.com.br\/index.php\/2020\/07\/09\/e-isso-ai-poe-o-cracha-tira-o-cracha-poe-o-cracha-iii\/","title":{"rendered":"\u00c9 Isso A\u00ed \u2014 P\u00f5e o crach\u00e1&#8230; tira o crach\u00e1&#8230; p\u00f5e o crach\u00e1&#8230; III"},"content":{"rendered":"\n<p>N\u00e3o \u00e9 que a hist\u00f3ria vem se repetindo l\u00e1 no Planalto? Pois \u00e9, verdade verdadeira! E o nosso saudoso Paulo Silvino, l\u00e1 onde estiver, deve estar sorrindo muito com aquela boca cheia de dentes, e falando: \u201cAH COMO ERA GRANDE!\u201d. Naturalmente se referindo ao drama\/com\u00e9dia dos ares palacianos.<br>Amigos, estou de volta a este modesto Blog e, como sempre, acompanhando com muita aten\u00e7\u00e3o a movimenta\u00e7\u00e3o pol\u00edtica no Planalto. E n\u00e3o \u00e9 que por l\u00e1 continua, como eu j\u00e1 disse antes: Est\u00e1 tudo como dantes no quartel (?) de Abrantes!<br>Havia decidido dividir esse blog em duas partes com o mesmo assunto: as decis\u00f5es do Planalto. Sempre com tomadas e apagadas!!! Mas, me parece que, l\u00e1 quem manda n\u00e3o sabe de nada mesmo. Por isso terei que me desdobar em mais alguns cap\u00edtulos.<br>Pois \u00c9 Isso A\u00ed, o nosso \u201creizinho\u201d esta semana j\u00e1 fez o an\u00fancio. \u201cPazuello n\u00e3o ficar\u00e1 no cargo de ministro da Sa\u00fade\u201d. Jair Bolsonaro afirmou que o general Eduardo Pazuello n\u00e3o ficar\u00e1 no cargo de ministro da Sa\u00fade, que ocupa como interino. Falou, mas n\u00e3o afirmou sobre outro nome. Ou seja, continua nas indecis\u00f5es de sempre! Em plena pandemia de covid-19, o minist\u00e9rio est\u00e1 h\u00e1 53 dias sem um titular. E o infernal bichinho \u2014 o da gripinha do \u201creizinho\u201d \u2014 j\u00e1 tendo provocado 66.093 mortes no Brasil, at\u00e9 a tarde desta ter\u00e7a-feira (7), relacionadas \u00e0 Covid. O Brasil tem 1.254 mortes e 45,3 mil novos casos em 24h.<br>Mas n\u00e3o \u00e9 que aquele velho ditado, creio que l\u00e1 das Minas Gerais, apeou no Planalto? Bolsonaro, com m\u00e1scara e tudo, diz ter tomado a 3\u00aa dose de hidroxicloroquina: \u201cEst\u00e1 dando certo\u201d.<\/p>\n\n\n\n<figure class=\"wp-block-image size-large\"><img loading=\"lazy\" decoding=\"async\" width=\"1000\" height=\"666\" src=\"https:\/\/jornalfatosenoticias.com.br\/wp-content\/uploads\/2020\/07\/BOLSONARO_HIDROXICLOROQUINA.jpg\" alt=\"\" class=\"wp-image-6280\" srcset=\"https:\/\/jornalfatosenoticias.com.br\/wp-content\/uploads\/2020\/07\/BOLSONARO_HIDROXICLOROQUINA.jpg 1000w, https:\/\/jornalfatosenoticias.com.br\/wp-content\/uploads\/2020\/07\/BOLSONARO_HIDROXICLOROQUINA-300x200.jpg 300w, https:\/\/jornalfatosenoticias.com.br\/wp-content\/uploads\/2020\/07\/BOLSONARO_HIDROXICLOROQUINA-768x511.jpg 768w\" sizes=\"auto, (max-width: 1000px) 100vw, 1000px\" \/><figcaption><em>Com covid-19, Bolsonaro toma hidroxicloroquina (Foto: Reprodu\u00e7\u00e3o)<\/em><\/figcaption><\/figure>\n\n\n\n<p>\u00c9 necess\u00e1rio dizer que nem a Organiza\u00e7\u00e3o Mundial da Sa\u00fade (OMS) nem o Minist\u00e9rio da Sa\u00fade reconhecem algum f\u00e1rmaco ou vacina como cura para a doen\u00e7a.<br>Finalizando nossas reflex\u00f5es que este momento pol\u00edtico est\u00e1 nos presenteando, vamos parafraseando o ex-deputado federal, Ulysses Guimar\u00e3es (MDB), morto em 1992, sempre muito bem lembrado, no discurso de encerramento da Assembleia Constituinte.<br>Celso de Mello incluiu na decis\u00e3o um trecho do emocionante discurso do ent\u00e3o presidente do Congresso no encerramento da Assembleia Constituinte, em outubro de 1988: &#8220;A Constitui\u00e7\u00e3o certamente n\u00e3o \u00e9 perfeita. Ela pr\u00f3pria o confessa ao admitir a reforma. Quanto a ela, discordar, sim. Divergir, sim. Descumprir, jamais. Afront\u00e1-la, nunca. Traidor da Constitui\u00e7\u00e3o \u00e9 traidor da P\u00e1tria. Conhecemos o caminho maldito. Rasgar a Constitui\u00e7\u00e3o, trancar as portas do Parlamento, garrotear a liberdade, mandar os patriotas para a cadeia, o ex\u00edlio e o cemit\u00e9rio&#8221;.<br>E continuamos com a mesma Moral da hist\u00f3ria: Para quem sabe ler um pingo \u00e9 letra! Mas ser\u00e1 que o \u201creizinho\u201d sabe?<\/p>\n\n\n\n<p><strong><em>\u00c9 Isso A\u00ed<\/em><\/strong><\/p>\n","protected":false},"excerpt":{"rendered":"<p>N\u00e3o \u00e9 que a hist\u00f3ria vem se repetindo l\u00e1 no Planalto? Pois \u00e9, verdade verdadeira! E o nosso saudoso Paulo Silvino, l\u00e1 onde estiver, deve estar sorrindo muito com aquela boca cheia de dentes, e falando: \u201cAH COMO ERA GRANDE!\u201d. Naturalmente se referindo ao drama\/com\u00e9dia dos ares palacianos.Amigos, estou de volta a este modesto Blog [&hellip;]<\/p>\n","protected":false},"author":6,"featured_media":6281,"comment_status":"open","ping_status":"open","sticky":false,"template":"","format":"standard","meta":{"footnotes":""},"categories":[10],"tags":[239,447,89],"class_list":["post-6279","post","type-post","status-publish","format-standard","has-post-thumbnail","hentry","category-politica","tag-bolsonaro","tag-ministerio-da-saude","tag-oms"],"yoast_head":"<!-- This site is optimized with the Yoast SEO plugin v26.5 - https:\/\/yoast.com\/wordpress\/plugins\/seo\/ -->\n<title>\u00c9 Isso A\u00ed \u2014 P\u00f5e o crach\u00e1... tira o crach\u00e1... p\u00f5e o crach\u00e1... III - Jornal Fatos e Not\u00edcias<\/title>\n<meta name=\"robots\" content=\"index, follow, max-snippet:-1, max-image-preview:large, max-video-preview:-1\" \/>\n<link rel=\"canonical\" href=\"https:\/\/jornalfatosenoticias.com.br\/index.php\/2020\/07\/09\/e-isso-ai-poe-o-cracha-tira-o-cracha-poe-o-cracha-iii\/\" \/>\n<meta property=\"og:locale\" content=\"pt_BR\" \/>\n<meta property=\"og:type\" content=\"article\" \/>\n<meta property=\"og:title\" content=\"\u00c9 Isso A\u00ed \u2014 P\u00f5e o crach\u00e1... tira o crach\u00e1... p\u00f5e o crach\u00e1... III - Jornal Fatos e Not\u00edcias\" \/>\n<meta property=\"og:description\" content=\"N\u00e3o \u00e9 que a hist\u00f3ria vem se repetindo l\u00e1 no Planalto? Pois \u00e9, verdade verdadeira! E o nosso saudoso Paulo Silvino, l\u00e1 onde estiver, deve estar sorrindo muito com aquela boca cheia de dentes, e falando: \u201cAH COMO ERA GRANDE!\u201d. Naturalmente se referindo ao drama\/com\u00e9dia dos ares palacianos.Amigos, estou de volta a este modesto Blog [&hellip;]\" \/>\n<meta property=\"og:url\" content=\"https:\/\/jornalfatosenoticias.com.br\/index.php\/2020\/07\/09\/e-isso-ai-poe-o-cracha-tira-o-cracha-poe-o-cracha-iii\/\" \/>\n<meta property=\"og:site_name\" content=\"Jornal Fatos e Not\u00edcias\" \/>\n<meta property=\"article:published_time\" content=\"2020-07-09T19:29:46+00:00\" \/>\n<meta property=\"article:modified_time\" content=\"2020-07-09T19:29:49+00:00\" \/>\n<meta property=\"og:image\" content=\"https:\/\/jornalfatosenoticias.com.br\/wp-content\/uploads\/2020\/07\/BOLSONARO-E-PAZUELLO.jpg\" \/>\n\t<meta property=\"og:image:width\" content=\"1000\" \/>\n\t<meta property=\"og:image:height\" content=\"479\" \/>\n\t<meta property=\"og:image:type\" content=\"image\/jpeg\" \/>\n<meta name=\"author\" content=\"Jorge Rodrigues Pacheco\" \/>\n<meta name=\"twitter:card\" content=\"summary_large_image\" \/>\n<meta name=\"twitter:label1\" content=\"Escrito por\" \/>\n\t<meta name=\"twitter:data1\" content=\"Jorge Rodrigues Pacheco\" \/>\n\t<meta name=\"twitter:label2\" content=\"Est. tempo de leitura\" \/>\n\t<meta name=\"twitter:data2\" content=\"2 minutos\" \/>\n<script type=\"application\/ld+json\" class=\"yoast-schema-graph\">{\"@context\":\"https:\/\/schema.org\",\"@graph\":[{\"@type\":\"Article\",\"@id\":\"https:\/\/jornalfatosenoticias.com.br\/index.php\/2020\/07\/09\/e-isso-ai-poe-o-cracha-tira-o-cracha-poe-o-cracha-iii\/#article\",\"isPartOf\":{\"@id\":\"https:\/\/jornalfatosenoticias.com.br\/index.php\/2020\/07\/09\/e-isso-ai-poe-o-cracha-tira-o-cracha-poe-o-cracha-iii\/\"},\"author\":{\"name\":\"Jorge Rodrigues Pacheco\",\"@id\":\"https:\/\/jornalfatosenoticias.com.br\/#\/schema\/person\/14f3ce803c6ccf68a7d8fd0ab749dbb4\"},\"headline\":\"\u00c9 Isso A\u00ed \u2014 P\u00f5e o crach\u00e1&#8230; tira o crach\u00e1&#8230; p\u00f5e o crach\u00e1&#8230; III\",\"datePublished\":\"2020-07-09T19:29:46+00:00\",\"dateModified\":\"2020-07-09T19:29:49+00:00\",\"mainEntityOfPage\":{\"@id\":\"https:\/\/jornalfatosenoticias.com.br\/index.php\/2020\/07\/09\/e-isso-ai-poe-o-cracha-tira-o-cracha-poe-o-cracha-iii\/\"},\"wordCount\":483,\"commentCount\":0,\"publisher\":{\"@id\":\"https:\/\/jornalfatosenoticias.com.br\/#organization\"},\"image\":{\"@id\":\"https:\/\/jornalfatosenoticias.com.br\/index.php\/2020\/07\/09\/e-isso-ai-poe-o-cracha-tira-o-cracha-poe-o-cracha-iii\/#primaryimage\"},\"thumbnailUrl\":\"https:\/\/jornalfatosenoticias.com.br\/wp-content\/uploads\/2020\/07\/BOLSONARO-E-PAZUELLO.jpg\",\"keywords\":[\"Bolsonaro\",\"Minist\u00e9rio da Sa\u00fade\",\"oms\"],\"articleSection\":[\"Pol\u00edtica\"],\"inLanguage\":\"pt-BR\",\"potentialAction\":[{\"@type\":\"CommentAction\",\"name\":\"Comment\",\"target\":[\"https:\/\/jornalfatosenoticias.com.br\/index.php\/2020\/07\/09\/e-isso-ai-poe-o-cracha-tira-o-cracha-poe-o-cracha-iii\/#respond\"]}]},{\"@type\":\"WebPage\",\"@id\":\"https:\/\/jornalfatosenoticias.com.br\/index.php\/2020\/07\/09\/e-isso-ai-poe-o-cracha-tira-o-cracha-poe-o-cracha-iii\/\",\"url\":\"https:\/\/jornalfatosenoticias.com.br\/index.php\/2020\/07\/09\/e-isso-ai-poe-o-cracha-tira-o-cracha-poe-o-cracha-iii\/\",\"name\":\"\u00c9 Isso A\u00ed \u2014 P\u00f5e o crach\u00e1... tira o crach\u00e1... p\u00f5e o crach\u00e1... III - Jornal Fatos e Not\u00edcias\",\"isPartOf\":{\"@id\":\"https:\/\/jornalfatosenoticias.com.br\/#website\"},\"primaryImageOfPage\":{\"@id\":\"https:\/\/jornalfatosenoticias.com.br\/index.php\/2020\/07\/09\/e-isso-ai-poe-o-cracha-tira-o-cracha-poe-o-cracha-iii\/#primaryimage\"},\"image\":{\"@id\":\"https:\/\/jornalfatosenoticias.com.br\/index.php\/2020\/07\/09\/e-isso-ai-poe-o-cracha-tira-o-cracha-poe-o-cracha-iii\/#primaryimage\"},\"thumbnailUrl\":\"https:\/\/jornalfatosenoticias.com.br\/wp-content\/uploads\/2020\/07\/BOLSONARO-E-PAZUELLO.jpg\",\"datePublished\":\"2020-07-09T19:29:46+00:00\",\"dateModified\":\"2020-07-09T19:29:49+00:00\",\"breadcrumb\":{\"@id\":\"https:\/\/jornalfatosenoticias.com.br\/index.php\/2020\/07\/09\/e-isso-ai-poe-o-cracha-tira-o-cracha-poe-o-cracha-iii\/#breadcrumb\"},\"inLanguage\":\"pt-BR\",\"potentialAction\":[{\"@type\":\"ReadAction\",\"target\":[\"https:\/\/jornalfatosenoticias.com.br\/index.php\/2020\/07\/09\/e-isso-ai-poe-o-cracha-tira-o-cracha-poe-o-cracha-iii\/\"]}]},{\"@type\":\"ImageObject\",\"inLanguage\":\"pt-BR\",\"@id\":\"https:\/\/jornalfatosenoticias.com.br\/index.php\/2020\/07\/09\/e-isso-ai-poe-o-cracha-tira-o-cracha-poe-o-cracha-iii\/#primaryimage\",\"url\":\"https:\/\/jornalfatosenoticias.com.br\/wp-content\/uploads\/2020\/07\/BOLSONARO-E-PAZUELLO.jpg\",\"contentUrl\":\"https:\/\/jornalfatosenoticias.com.br\/wp-content\/uploads\/2020\/07\/BOLSONARO-E-PAZUELLO.jpg\",\"width\":1000,\"height\":479},{\"@type\":\"BreadcrumbList\",\"@id\":\"https:\/\/jornalfatosenoticias.com.br\/index.php\/2020\/07\/09\/e-isso-ai-poe-o-cracha-tira-o-cracha-poe-o-cracha-iii\/#breadcrumb\",\"itemListElement\":[{\"@type\":\"ListItem\",\"position\":1,\"name\":\"In\u00edcio\",\"item\":\"https:\/\/jornalfatosenoticias.com.br\/\"},{\"@type\":\"ListItem\",\"position\":2,\"name\":\"\u00c9 Isso A\u00ed \u2014 P\u00f5e o crach\u00e1&#8230; tira o crach\u00e1&#8230; p\u00f5e o crach\u00e1&#8230; III\"}]},{\"@type\":\"WebSite\",\"@id\":\"https:\/\/jornalfatosenoticias.com.br\/#website\",\"url\":\"https:\/\/jornalfatosenoticias.com.br\/\",\"name\":\"Jornal Fatos e Not\u00edcias\",\"description\":\"Not\u00edcias em geral\",\"publisher\":{\"@id\":\"https:\/\/jornalfatosenoticias.com.br\/#organization\"},\"potentialAction\":[{\"@type\":\"SearchAction\",\"target\":{\"@type\":\"EntryPoint\",\"urlTemplate\":\"https:\/\/jornalfatosenoticias.com.br\/?s={search_term_string}\"},\"query-input\":{\"@type\":\"PropertyValueSpecification\",\"valueRequired\":true,\"valueName\":\"search_term_string\"}}],\"inLanguage\":\"pt-BR\"},{\"@type\":\"Organization\",\"@id\":\"https:\/\/jornalfatosenoticias.com.br\/#organization\",\"name\":\"Jornal Fatos e Not\u00edcias\",\"url\":\"https:\/\/jornalfatosenoticias.com.br\/\",\"logo\":{\"@type\":\"ImageObject\",\"inLanguage\":\"pt-BR\",\"@id\":\"https:\/\/jornalfatosenoticias.com.br\/#\/schema\/logo\/image\/\",\"url\":\"https:\/\/jornalfatosenoticias.com.br\/wp-content\/uploads\/2020\/02\/logo120.png\",\"contentUrl\":\"https:\/\/jornalfatosenoticias.com.br\/wp-content\/uploads\/2020\/02\/logo120.png\",\"width\":1227,\"height\":120,\"caption\":\"Jornal Fatos e Not\u00edcias\"},\"image\":{\"@id\":\"https:\/\/jornalfatosenoticias.com.br\/#\/schema\/logo\/image\/\"}},{\"@type\":\"Person\",\"@id\":\"https:\/\/jornalfatosenoticias.com.br\/#\/schema\/person\/14f3ce803c6ccf68a7d8fd0ab749dbb4\",\"name\":\"Jorge Rodrigues Pacheco\",\"image\":{\"@type\":\"ImageObject\",\"inLanguage\":\"pt-BR\",\"@id\":\"https:\/\/jornalfatosenoticias.com.br\/#\/schema\/person\/image\/\",\"url\":\"https:\/\/jornalfatosenoticias.com.br\/wp-content\/uploads\/2020\/02\/Pacheco-2-150x150.png\",\"contentUrl\":\"https:\/\/jornalfatosenoticias.com.br\/wp-content\/uploads\/2020\/02\/Pacheco-2-150x150.png\",\"caption\":\"Jorge Rodrigues Pacheco\"},\"description\":\"Analista pol\u00edtica Advogado, Jornalista e Radialista\",\"url\":\"https:\/\/jornalfatosenoticias.com.br\/index.php\/author\/jorge\/\"}]}<\/script>\n<!-- \/ Yoast SEO plugin. -->","yoast_head_json":{"title":"\u00c9 Isso A\u00ed \u2014 P\u00f5e o crach\u00e1... tira o crach\u00e1... p\u00f5e o crach\u00e1... III - Jornal Fatos e Not\u00edcias","robots":{"index":"index","follow":"follow","max-snippet":"max-snippet:-1","max-image-preview":"max-image-preview:large","max-video-preview":"max-video-preview:-1"},"canonical":"https:\/\/jornalfatosenoticias.com.br\/index.php\/2020\/07\/09\/e-isso-ai-poe-o-cracha-tira-o-cracha-poe-o-cracha-iii\/","og_locale":"pt_BR","og_type":"article","og_title":"\u00c9 Isso A\u00ed \u2014 P\u00f5e o crach\u00e1... tira o crach\u00e1... p\u00f5e o crach\u00e1... III - Jornal Fatos e Not\u00edcias","og_description":"N\u00e3o \u00e9 que a hist\u00f3ria vem se repetindo l\u00e1 no Planalto? Pois \u00e9, verdade verdadeira! E o nosso saudoso Paulo Silvino, l\u00e1 onde estiver, deve estar sorrindo muito com aquela boca cheia de dentes, e falando: \u201cAH COMO ERA GRANDE!\u201d. Naturalmente se referindo ao drama\/com\u00e9dia dos ares palacianos.Amigos, estou de volta a este modesto Blog [&hellip;]","og_url":"https:\/\/jornalfatosenoticias.com.br\/index.php\/2020\/07\/09\/e-isso-ai-poe-o-cracha-tira-o-cracha-poe-o-cracha-iii\/","og_site_name":"Jornal Fatos e Not\u00edcias","article_published_time":"2020-07-09T19:29:46+00:00","article_modified_time":"2020-07-09T19:29:49+00:00","og_image":[{"width":1000,"height":479,"url":"https:\/\/jornalfatosenoticias.com.br\/wp-content\/uploads\/2020\/07\/BOLSONARO-E-PAZUELLO.jpg","type":"image\/jpeg"}],"author":"Jorge Rodrigues Pacheco","twitter_card":"summary_large_image","twitter_misc":{"Escrito por":"Jorge Rodrigues Pacheco","Est. tempo de leitura":"2 minutos"},"schema":{"@context":"https:\/\/schema.org","@graph":[{"@type":"Article","@id":"https:\/\/jornalfatosenoticias.com.br\/index.php\/2020\/07\/09\/e-isso-ai-poe-o-cracha-tira-o-cracha-poe-o-cracha-iii\/#article","isPartOf":{"@id":"https:\/\/jornalfatosenoticias.com.br\/index.php\/2020\/07\/09\/e-isso-ai-poe-o-cracha-tira-o-cracha-poe-o-cracha-iii\/"},"author":{"name":"Jorge Rodrigues Pacheco","@id":"https:\/\/jornalfatosenoticias.com.br\/#\/schema\/person\/14f3ce803c6ccf68a7d8fd0ab749dbb4"},"headline":"\u00c9 Isso A\u00ed \u2014 P\u00f5e o crach\u00e1&#8230; tira o crach\u00e1&#8230; p\u00f5e o crach\u00e1&#8230; III","datePublished":"2020-07-09T19:29:46+00:00","dateModified":"2020-07-09T19:29:49+00:00","mainEntityOfPage":{"@id":"https:\/\/jornalfatosenoticias.com.br\/index.php\/2020\/07\/09\/e-isso-ai-poe-o-cracha-tira-o-cracha-poe-o-cracha-iii\/"},"wordCount":483,"commentCount":0,"publisher":{"@id":"https:\/\/jornalfatosenoticias.com.br\/#organization"},"image":{"@id":"https:\/\/jornalfatosenoticias.com.br\/index.php\/2020\/07\/09\/e-isso-ai-poe-o-cracha-tira-o-cracha-poe-o-cracha-iii\/#primaryimage"},"thumbnailUrl":"https:\/\/jornalfatosenoticias.com.br\/wp-content\/uploads\/2020\/07\/BOLSONARO-E-PAZUELLO.jpg","keywords":["Bolsonaro","Minist\u00e9rio da Sa\u00fade","oms"],"articleSection":["Pol\u00edtica"],"inLanguage":"pt-BR","potentialAction":[{"@type":"CommentAction","name":"Comment","target":["https:\/\/jornalfatosenoticias.com.br\/index.php\/2020\/07\/09\/e-isso-ai-poe-o-cracha-tira-o-cracha-poe-o-cracha-iii\/#respond"]}]},{"@type":"WebPage","@id":"https:\/\/jornalfatosenoticias.com.br\/index.php\/2020\/07\/09\/e-isso-ai-poe-o-cracha-tira-o-cracha-poe-o-cracha-iii\/","url":"https:\/\/jornalfatosenoticias.com.br\/index.php\/2020\/07\/09\/e-isso-ai-poe-o-cracha-tira-o-cracha-poe-o-cracha-iii\/","name":"\u00c9 Isso A\u00ed \u2014 P\u00f5e o crach\u00e1... tira o crach\u00e1... p\u00f5e o crach\u00e1... III - Jornal Fatos e Not\u00edcias","isPartOf":{"@id":"https:\/\/jornalfatosenoticias.com.br\/#website"},"primaryImageOfPage":{"@id":"https:\/\/jornalfatosenoticias.com.br\/index.php\/2020\/07\/09\/e-isso-ai-poe-o-cracha-tira-o-cracha-poe-o-cracha-iii\/#primaryimage"},"image":{"@id":"https:\/\/jornalfatosenoticias.com.br\/index.php\/2020\/07\/09\/e-isso-ai-poe-o-cracha-tira-o-cracha-poe-o-cracha-iii\/#primaryimage"},"thumbnailUrl":"https:\/\/jornalfatosenoticias.com.br\/wp-content\/uploads\/2020\/07\/BOLSONARO-E-PAZUELLO.jpg","datePublished":"2020-07-09T19:29:46+00:00","dateModified":"2020-07-09T19:29:49+00:00","breadcrumb":{"@id":"https:\/\/jornalfatosenoticias.com.br\/index.php\/2020\/07\/09\/e-isso-ai-poe-o-cracha-tira-o-cracha-poe-o-cracha-iii\/#breadcrumb"},"inLanguage":"pt-BR","potentialAction":[{"@type":"ReadAction","target":["https:\/\/jornalfatosenoticias.com.br\/index.php\/2020\/07\/09\/e-isso-ai-poe-o-cracha-tira-o-cracha-poe-o-cracha-iii\/"]}]},{"@type":"ImageObject","inLanguage":"pt-BR","@id":"https:\/\/jornalfatosenoticias.com.br\/index.php\/2020\/07\/09\/e-isso-ai-poe-o-cracha-tira-o-cracha-poe-o-cracha-iii\/#primaryimage","url":"https:\/\/jornalfatosenoticias.com.br\/wp-content\/uploads\/2020\/07\/BOLSONARO-E-PAZUELLO.jpg","contentUrl":"https:\/\/jornalfatosenoticias.com.br\/wp-content\/uploads\/2020\/07\/BOLSONARO-E-PAZUELLO.jpg","width":1000,"height":479},{"@type":"BreadcrumbList","@id":"https:\/\/jornalfatosenoticias.com.br\/index.php\/2020\/07\/09\/e-isso-ai-poe-o-cracha-tira-o-cracha-poe-o-cracha-iii\/#breadcrumb","itemListElement":[{"@type":"ListItem","position":1,"name":"In\u00edcio","item":"https:\/\/jornalfatosenoticias.com.br\/"},{"@type":"ListItem","position":2,"name":"\u00c9 Isso A\u00ed \u2014 P\u00f5e o crach\u00e1&#8230; tira o crach\u00e1&#8230; p\u00f5e o crach\u00e1&#8230; III"}]},{"@type":"WebSite","@id":"https:\/\/jornalfatosenoticias.com.br\/#website","url":"https:\/\/jornalfatosenoticias.com.br\/","name":"Jornal Fatos e Not\u00edcias","description":"Not\u00edcias em geral","publisher":{"@id":"https:\/\/jornalfatosenoticias.com.br\/#organization"},"potentialAction":[{"@type":"SearchAction","target":{"@type":"EntryPoint","urlTemplate":"https:\/\/jornalfatosenoticias.com.br\/?s={search_term_string}"},"query-input":{"@type":"PropertyValueSpecification","valueRequired":true,"valueName":"search_term_string"}}],"inLanguage":"pt-BR"},{"@type":"Organization","@id":"https:\/\/jornalfatosenoticias.com.br\/#organization","name":"Jornal Fatos e Not\u00edcias","url":"https:\/\/jornalfatosenoticias.com.br\/","logo":{"@type":"ImageObject","inLanguage":"pt-BR","@id":"https:\/\/jornalfatosenoticias.com.br\/#\/schema\/logo\/image\/","url":"https:\/\/jornalfatosenoticias.com.br\/wp-content\/uploads\/2020\/02\/logo120.png","contentUrl":"https:\/\/jornalfatosenoticias.com.br\/wp-content\/uploads\/2020\/02\/logo120.png","width":1227,"height":120,"caption":"Jornal Fatos e Not\u00edcias"},"image":{"@id":"https:\/\/jornalfatosenoticias.com.br\/#\/schema\/logo\/image\/"}},{"@type":"Person","@id":"https:\/\/jornalfatosenoticias.com.br\/#\/schema\/person\/14f3ce803c6ccf68a7d8fd0ab749dbb4","name":"Jorge Rodrigues Pacheco","image":{"@type":"ImageObject","inLanguage":"pt-BR","@id":"https:\/\/jornalfatosenoticias.com.br\/#\/schema\/person\/image\/","url":"https:\/\/jornalfatosenoticias.com.br\/wp-content\/uploads\/2020\/02\/Pacheco-2-150x150.png","contentUrl":"https:\/\/jornalfatosenoticias.com.br\/wp-content\/uploads\/2020\/02\/Pacheco-2-150x150.png","caption":"Jorge Rodrigues Pacheco"},"description":"Analista pol\u00edtica Advogado, Jornalista e Radialista","url":"https:\/\/jornalfatosenoticias.com.br\/index.php\/author\/jorge\/"}]}},"cc_featured_image_caption":{"caption_text":"Jair Bolsonaro e Eduardo Pazuello","source_text":"","source_url":""},"jetpack_featured_media_url":"https:\/\/jornalfatosenoticias.com.br\/wp-content\/uploads\/2020\/07\/BOLSONARO-E-PAZUELLO.jpg","_links":{"self":[{"href":"https:\/\/jornalfatosenoticias.com.br\/index.php\/wp-json\/wp\/v2\/posts\/6279","targetHints":{"allow":["GET"]}}],"collection":[{"href":"https:\/\/jornalfatosenoticias.com.br\/index.php\/wp-json\/wp\/v2\/posts"}],"about":[{"href":"https:\/\/jornalfatosenoticias.com.br\/index.php\/wp-json\/wp\/v2\/types\/post"}],"author":[{"embeddable":true,"href":"https:\/\/jornalfatosenoticias.com.br\/index.php\/wp-json\/wp\/v2\/users\/6"}],"replies":[{"embeddable":true,"href":"https:\/\/jornalfatosenoticias.com.br\/index.php\/wp-json\/wp\/v2\/comments?post=6279"}],"version-history":[{"count":0,"href":"https:\/\/jornalfatosenoticias.com.br\/index.php\/wp-json\/wp\/v2\/posts\/6279\/revisions"}],"wp:featuredmedia":[{"embeddable":true,"href":"https:\/\/jornalfatosenoticias.com.br\/index.php\/wp-json\/wp\/v2\/media\/6281"}],"wp:attachment":[{"href":"https:\/\/jornalfatosenoticias.com.br\/index.php\/wp-json\/wp\/v2\/media?parent=6279"}],"wp:term":[{"taxonomy":"category","embeddable":true,"href":"https:\/\/jornalfatosenoticias.com.br\/index.php\/wp-json\/wp\/v2\/categories?post=6279"},{"taxonomy":"post_tag","embeddable":true,"href":"https:\/\/jornalfatosenoticias.com.br\/index.php\/wp-json\/wp\/v2\/tags?post=6279"}],"curies":[{"name":"wp","href":"https:\/\/api.w.org\/{rel}","templated":true}]}}