{"id":62855,"date":"2025-10-28T15:18:22","date_gmt":"2025-10-28T18:18:22","guid":{"rendered":"https:\/\/jornalfatosenoticias.com.br\/?p=62855"},"modified":"2025-10-28T15:18:24","modified_gmt":"2025-10-28T18:18:24","slug":"regime-de-maduro-fala-em-conflito-regional-contra-os-eua-e-bom-que-o-brasil-se-preocupe","status":"publish","type":"post","link":"https:\/\/jornalfatosenoticias.com.br\/index.php\/2025\/10\/28\/regime-de-maduro-fala-em-conflito-regional-contra-os-eua-e-bom-que-o-brasil-se-preocupe\/","title":{"rendered":"Regime de Maduro fala em conflito regional contra os EUA: \u201c\u00e9 bom que o Brasil se preocupe\u201d"},"content":{"rendered":"\n<p><em><span class=\"has-inline-color has-black-color\">Lula e Maduro durante visita do ditador venezuelano ao Brasil em 2023<\/span><\/em><\/p>\n\n\n\n<p><span class=\"has-inline-color has-black-color\">Por <strong><a href=\"https:\/\/www.gazetadopovo.com.br\/autor\/isabella-de-paula\/\">Isabella de Paula<\/a><\/strong><\/span><\/p>\n\n\n\n<div class=\"wp-block-image\"><figure class=\"aligncenter size-large\"><a href=\"https:\/\/mizu.com.br\/\"><img loading=\"lazy\" decoding=\"async\" width=\"729\" height=\"90\" src=\"https:\/\/jornalfatosenoticias.com.br\/wp-content\/uploads\/2020\/02\/Logo_Mizu.png\" alt=\"\" class=\"wp-image-1441\" srcset=\"https:\/\/jornalfatosenoticias.com.br\/wp-content\/uploads\/2020\/02\/Logo_Mizu.png 729w, https:\/\/jornalfatosenoticias.com.br\/wp-content\/uploads\/2020\/02\/Logo_Mizu-300x37.png 300w\" sizes=\"auto, (max-width: 729px) 100vw, 729px\" \/><\/a><\/figure><\/div>\n\n\n\n<p>O ministro do Interior da Venezuela, Diosdado Cabello, avaliou de forma positiva a inten\u00e7\u00e3o de Luiz In\u00e1cio Lula da Silva (PT) de ser mediador da crise entre o pa\u00eds sul-americano e os Estados Unidos, que mant\u00eam uma grande mobiliza\u00e7\u00e3o naval em \u00e1guas pr\u00f3ximas ao litoral venezuelano.<br>Cabello disse que &#8220;\u00e9 bom&#8221; e &#8220;l\u00f3gico&#8221; que Lula &#8220;tenha preocupa\u00e7\u00e3o&#8221;, j\u00e1 que, segundo o ministro, quem &#8220;pensa que um conflito com a Venezuela se limita apenas \u00e0 Venezuela n\u00e3o est\u00e1 lendo bem a hist\u00f3ria real&#8221;. &#8220;N\u00f3s somos vizinhos do Brasil, \u00e9 bom que se preocupe, sim, concordo, que levante sua voz. N\u00e3o que diga &#8216;yes, sir&#8217; (sim, senhor), n\u00e3o, n\u00e3o, que levante sua voz para defender a nossa Am\u00e9rica, para defender a p\u00e1tria grande, completa. Al\u00e9m disso, \u00e9 o maior pa\u00eds de toda essa regi\u00e3o&#8221;, afirmou Cabello em entrevista coletiva do Partido Socialista Unido da Venezuela (PSUV), legenda do ditador venezuelano, Nicol\u00e1s Maduro.<\/p>\n\n\n\n<div class=\"wp-block-image\"><figure class=\"aligncenter size-large is-resized\"><a href=\"https:\/\/www.facebook.com\/postobkr\/?locale=pt_BR\"><img loading=\"lazy\" decoding=\"async\" src=\"https:\/\/jornalfatosenoticias.com.br\/wp-content\/uploads\/2023\/08\/BKR-1024x1021.jpg\" alt=\"\" class=\"wp-image-44494\" width=\"279\" height=\"278\" srcset=\"https:\/\/jornalfatosenoticias.com.br\/wp-content\/uploads\/2023\/08\/BKR-1024x1021.jpg 1024w, https:\/\/jornalfatosenoticias.com.br\/wp-content\/uploads\/2023\/08\/BKR-300x300.jpg 300w, https:\/\/jornalfatosenoticias.com.br\/wp-content\/uploads\/2023\/08\/BKR-150x150.jpg 150w, https:\/\/jornalfatosenoticias.com.br\/wp-content\/uploads\/2023\/08\/BKR-768x766.jpg 768w, https:\/\/jornalfatosenoticias.com.br\/wp-content\/uploads\/2023\/08\/BKR.jpg 1080w\" sizes=\"auto, (max-width: 279px) 100vw, 279px\" \/><\/a><\/figure><\/div>\n\n\n\n<p>Cabello, que tamb\u00e9m \u00e9 secret\u00e1rio-geral do regime chavista, alegou que a ditadura de Maduro recebe &#8220;todos os dias&#8221; pedidos de &#8220;pessoas de outros lugares do mundo&#8221; que querem, segundo ele, &#8220;se incorporar \u00e0 defesa&#8221; da Venezuela. O aliado do ditador disse ainda que &#8220;mexer com a Venezuela&#8221; pode &#8220;ser uma luta continental e mais al\u00e9m&#8221;.<\/p>\n\n\n\n<div class=\"wp-block-image\"><figure class=\"aligncenter size-large is-resized\"><a href=\"https:\/\/legisjuris.com.br\/\"><img loading=\"lazy\" decoding=\"async\" src=\"https:\/\/jornalfatosenoticias.com.br\/wp-content\/uploads\/2024\/09\/Legis-Juris-Consultoria_logo.jpg\" alt=\"\" class=\"wp-image-53915\" width=\"475\" height=\"199\" srcset=\"https:\/\/jornalfatosenoticias.com.br\/wp-content\/uploads\/2024\/09\/Legis-Juris-Consultoria_logo.jpg 969w, https:\/\/jornalfatosenoticias.com.br\/wp-content\/uploads\/2024\/09\/Legis-Juris-Consultoria_logo-300x126.jpg 300w, https:\/\/jornalfatosenoticias.com.br\/wp-content\/uploads\/2024\/09\/Legis-Juris-Consultoria_logo-768x322.jpg 768w\" sizes=\"auto, (max-width: 475px) 100vw, 475px\" \/><\/a><\/figure><\/div>\n\n\n\n<p>No domingo, <a href=\"https:\/\/www.gazetadopovo.com.br\/republica\/lula-se-ofereceu-como-mediador-entre-eua-e-venezuela-em-meio-a-escalada-de-tensoes\/\" target=\"_blank\" rel=\"noreferrer noopener\">Lula se ofereceu<\/a> para atuar como interlocutor na crise entre os EUA e a Venezuela, segundo informou o ministro das Rela\u00e7\u00f5es Exteriores, Mauro Vieira, ap\u00f3s a reuni\u00e3o entre o presidente brasileiro e o presidente americano, Donald Trump, na Mal\u00e1sia.<\/p>\n\n\n\n<div class=\"wp-block-image\"><figure class=\"aligncenter size-large is-resized\"><a href=\"https:\/\/panper.com.br\/\"><img loading=\"lazy\" decoding=\"async\" src=\"https:\/\/jornalfatosenoticias.com.br\/wp-content\/uploads\/2023\/03\/logo-Panper_portal.jpg\" alt=\"\" class=\"wp-image-40208\" width=\"308\" height=\"213\" srcset=\"https:\/\/jornalfatosenoticias.com.br\/wp-content\/uploads\/2023\/03\/logo-Panper_portal.jpg 400w, https:\/\/jornalfatosenoticias.com.br\/wp-content\/uploads\/2023\/03\/logo-Panper_portal-300x208.jpg 300w\" sizes=\"auto, (max-width: 308px) 100vw, 308px\" \/><\/a><\/figure><\/div>\n\n\n\n<p>Na segunda-feira (27), Lula reiterou que &#8220;se os EUA precisarem do apoio do Brasil para abordar o problema da Venezuela&#8221;, est\u00e1 disposto a ajudar para &#8220;manter a paz&#8221; na regi\u00e3o. Os EUA, com o argumento de combater o narcotr\u00e1fico, mant\u00eam forte presen\u00e7a militar no mar do Caribe, \u00e0 qual se somar\u00e1 nos pr\u00f3ximos dias o <a href=\"https:\/\/www.gazetadopovo.com.br\/mundo\/conheca-o-uss-gerald-ford-porta-avioes-enviado-por-trump-para-combater-o-narcotrafico-na-america-latina\/\" target=\"_blank\" rel=\"noreferrer noopener\">porta-avi\u00f5es USS Gerald Ford<\/a>, o mais moderno e importante da frota americana.<br>Os aliados de Maduro alegam, por sua vez, que se trata de uma &#8220;amea\u00e7a&#8221; contra sua soberania para propiciar uma &#8220;mudan\u00e7a de regime&#8221;.<\/p>\n\n\n\n<div class=\"wp-block-image\"><figure class=\"aligncenter size-large is-resized\"><a href=\"https:\/\/www.instagram.com\/restaurantepegoretti\/\"><img loading=\"lazy\" decoding=\"async\" src=\"https:\/\/jornalfatosenoticias.com.br\/wp-content\/uploads\/2023\/12\/pegoretti-logo-pdf-1024x389.jpg\" alt=\"\" class=\"wp-image-47536\" width=\"477\" height=\"181\" srcset=\"https:\/\/jornalfatosenoticias.com.br\/wp-content\/uploads\/2023\/12\/pegoretti-logo-pdf-1024x389.jpg 1024w, https:\/\/jornalfatosenoticias.com.br\/wp-content\/uploads\/2023\/12\/pegoretti-logo-pdf-300x114.jpg 300w, https:\/\/jornalfatosenoticias.com.br\/wp-content\/uploads\/2023\/12\/pegoretti-logo-pdf-768x291.jpg 768w, https:\/\/jornalfatosenoticias.com.br\/wp-content\/uploads\/2023\/12\/pegoretti-logo-pdf.jpg 1120w\" sizes=\"auto, (max-width: 477px) 100vw, 477px\" \/><\/a><\/figure><\/div>\n\n\n\n<p><strong><span class=\"has-inline-color has-black-color\">Trump volta a defender &#8220;guerra&#8221; contra cart\u00e9is de drogas<br><\/span><\/strong>O presidente dos EUA, Donald Trump, defendeu nesta ter\u00e7a-feira (28), durante um discurso a tropas americanas no Jap\u00e3o, os ataques que seu pa\u00eds tem realizado no Mar do Caribe e no Oceano Pac\u00edfico contra embarca\u00e7\u00f5es que estariam carregadas de drogas.<\/p>\n\n\n\n<blockquote class=\"wp-block-quote is-layout-flow wp-block-quote-is-layout-flow\"><p><span class=\"has-inline-color has-luminous-vivid-orange-color\">Os democratas da esquerda radical disseram que s\u00f3 estavam pescando. Bem, submarinos n\u00e3o pescam, certo? Voc\u00eas sabem mais sobre submarinos do que eu&#8221;, declarou Trump a bordo do porta-avi\u00f5es USS George Washington, na base naval de Yokosuka.<\/span><\/p><\/blockquote>\n\n\n\n<div class=\"wp-block-image\"><figure class=\"aligncenter size-large is-resized\"><a href=\"https:\/\/hotelmarquetti.com.br\/\"><img loading=\"lazy\" decoding=\"async\" src=\"https:\/\/jornalfatosenoticias.com.br\/wp-content\/uploads\/2020\/02\/LOGO-MQ-1024x680.jpg\" alt=\"\" class=\"wp-image-58299\" width=\"307\" height=\"204\" srcset=\"https:\/\/jornalfatosenoticias.com.br\/wp-content\/uploads\/2020\/02\/LOGO-MQ-1024x680.jpg 1024w, https:\/\/jornalfatosenoticias.com.br\/wp-content\/uploads\/2020\/02\/LOGO-MQ-300x199.jpg 300w, https:\/\/jornalfatosenoticias.com.br\/wp-content\/uploads\/2020\/02\/LOGO-MQ-768x510.jpg 768w, https:\/\/jornalfatosenoticias.com.br\/wp-content\/uploads\/2020\/02\/LOGO-MQ-1536x1020.jpg 1536w, https:\/\/jornalfatosenoticias.com.br\/wp-content\/uploads\/2020\/02\/LOGO-MQ-2048x1360.jpg 2048w\" sizes=\"auto, (max-width: 307px) 100vw, 307px\" \/><\/a><\/figure><\/div>\n\n\n\n<p>O l\u00edder republicano declarou que as for\u00e7as americanas est\u00e3o destruindo embarca\u00e7\u00f5es projetadas para traficar drogas e que carregam quantidades suficientes para &#8220;matar 25 mil americanos&#8221; por overdose.<\/p>\n\n\n\n<blockquote class=\"wp-block-quote is-layout-flow wp-block-quote-is-layout-flow\"><p><span class=\"has-inline-color has-luminous-vivid-orange-color\">Finalmente estamos travando uma guerra contra os cart\u00e9is. Estamos travando uma guerra como nunca viram antes, e vamos vencer essa batalha. J\u00e1 estamos vencendo no mar&#8221;, frisou Trump, que tamb\u00e9m garantiu que ir\u00e1 deter a entrada de drogas &#8220;por terra&#8221;.<\/span><\/p><\/blockquote>\n\n\n\n<div class=\"wp-block-image\"><figure class=\"aligncenter size-large is-resized\"><a href=\"https:\/\/www.controlsystems.com.br\/\"><img loading=\"lazy\" decoding=\"async\" src=\"https:\/\/jornalfatosenoticias.com.br\/wp-content\/uploads\/2020\/02\/CONTROL-CS.jpg\" alt=\"\" class=\"wp-image-44991\" width=\"270\" height=\"324\" srcset=\"https:\/\/jornalfatosenoticias.com.br\/wp-content\/uploads\/2020\/02\/CONTROL-CS.jpg 834w, https:\/\/jornalfatosenoticias.com.br\/wp-content\/uploads\/2020\/02\/CONTROL-CS-250x300.jpg 250w, https:\/\/jornalfatosenoticias.com.br\/wp-content\/uploads\/2020\/02\/CONTROL-CS-768x921.jpg 768w\" sizes=\"auto, (max-width: 270px) 100vw, 270px\" \/><\/a><\/figure><\/div>\n\n\n\n<p>Nas \u00faltimas semanas, os EUA destru\u00edram uma dezena de lanchas e embarca\u00e7\u00f5es semissubmers\u00edveis no Caribe e no Pac\u00edfico, perto das costas da Venezuela e da Col\u00f4mbia.<\/p>\n\n\n\n<p><strong>Fonte: <a href=\"https:\/\/www.gazetadopovo.com.br\/mundo\/regim-maduro-fala-conflito-regional-contra-eua-bom-que-brasil-se-preocupe\/\">Gazeta do Povo<\/a><\/strong><\/p>\n","protected":false},"excerpt":{"rendered":"<p>Lula e Maduro durante visita do ditador venezuelano ao Brasil em 2023 Por Isabella de Paula O ministro do Interior da Venezuela, Diosdado Cabello, avaliou de forma positiva a inten\u00e7\u00e3o de Luiz In\u00e1cio Lula da Silva (PT) de ser mediador da crise entre o pa\u00eds sul-americano e os Estados Unidos, que mant\u00eam uma grande mobiliza\u00e7\u00e3o [&hellip;]<\/p>\n","protected":false},"author":2,"featured_media":62856,"comment_status":"open","ping_status":"open","sticky":false,"template":"","format":"standard","meta":{"footnotes":""},"categories":[41],"tags":[2147,159,7580,19097,8605],"class_list":["post-62855","post","type-post","status-publish","format-standard","has-post-thumbnail","hentry","category-internacional","tag-donald-trump","tag-eua","tag-lula","tag-nicolas-maduro","tag-venezuela"],"yoast_head":"<!-- This site is optimized with the Yoast SEO plugin v26.5 - https:\/\/yoast.com\/wordpress\/plugins\/seo\/ -->\n<title>Regime de Maduro fala em conflito regional contra os EUA: \u201c\u00e9 bom que o Brasil se preocupe\u201d - Jornal Fatos e Not\u00edcias<\/title>\n<meta name=\"robots\" content=\"index, follow, max-snippet:-1, max-image-preview:large, max-video-preview:-1\" \/>\n<link rel=\"canonical\" href=\"https:\/\/jornalfatosenoticias.com.br\/index.php\/2025\/10\/28\/regime-de-maduro-fala-em-conflito-regional-contra-os-eua-e-bom-que-o-brasil-se-preocupe\/\" \/>\n<meta property=\"og:locale\" content=\"pt_BR\" \/>\n<meta property=\"og:type\" content=\"article\" \/>\n<meta property=\"og:title\" content=\"Regime de Maduro fala em conflito regional contra os EUA: \u201c\u00e9 bom que o Brasil se preocupe\u201d - Jornal Fatos e Not\u00edcias\" \/>\n<meta property=\"og:description\" content=\"Lula e Maduro durante visita do ditador venezuelano ao Brasil em 2023 Por Isabella de Paula O ministro do Interior da Venezuela, Diosdado Cabello, avaliou de forma positiva a inten\u00e7\u00e3o de Luiz In\u00e1cio Lula da Silva (PT) de ser mediador da crise entre o pa\u00eds sul-americano e os Estados Unidos, que mant\u00eam uma grande mobiliza\u00e7\u00e3o [&hellip;]\" \/>\n<meta property=\"og:url\" content=\"https:\/\/jornalfatosenoticias.com.br\/index.php\/2025\/10\/28\/regime-de-maduro-fala-em-conflito-regional-contra-os-eua-e-bom-que-o-brasil-se-preocupe\/\" \/>\n<meta property=\"og:site_name\" content=\"Jornal Fatos e Not\u00edcias\" \/>\n<meta property=\"article:published_time\" content=\"2025-10-28T18:18:22+00:00\" \/>\n<meta property=\"article:modified_time\" content=\"2025-10-28T18:18:24+00:00\" \/>\n<meta property=\"og:image\" content=\"https:\/\/jornalfatosenoticias.com.br\/wp-content\/uploads\/2025\/10\/fruta-podre-e-molusco.jpg\" \/>\n\t<meta property=\"og:image:width\" content=\"745\" \/>\n\t<meta property=\"og:image:height\" content=\"429\" \/>\n\t<meta property=\"og:image:type\" content=\"image\/jpeg\" \/>\n<meta name=\"author\" content=\"Luzimara Fernandes\" \/>\n<meta name=\"twitter:card\" content=\"summary_large_image\" \/>\n<meta name=\"twitter:label1\" content=\"Escrito por\" \/>\n\t<meta name=\"twitter:data1\" content=\"Luzimara Fernandes\" \/>\n\t<meta name=\"twitter:label2\" content=\"Est. tempo de leitura\" \/>\n\t<meta name=\"twitter:data2\" content=\"3 minutos\" \/>\n<script type=\"application\/ld+json\" class=\"yoast-schema-graph\">{\"@context\":\"https:\/\/schema.org\",\"@graph\":[{\"@type\":\"Article\",\"@id\":\"https:\/\/jornalfatosenoticias.com.br\/index.php\/2025\/10\/28\/regime-de-maduro-fala-em-conflito-regional-contra-os-eua-e-bom-que-o-brasil-se-preocupe\/#article\",\"isPartOf\":{\"@id\":\"https:\/\/jornalfatosenoticias.com.br\/index.php\/2025\/10\/28\/regime-de-maduro-fala-em-conflito-regional-contra-os-eua-e-bom-que-o-brasil-se-preocupe\/\"},\"author\":{\"name\":\"Luzimara Fernandes\",\"@id\":\"https:\/\/jornalfatosenoticias.com.br\/#\/schema\/person\/d63837fa13ac8666eb9e74e0985d6f81\"},\"headline\":\"Regime de Maduro fala em conflito regional contra os EUA: \u201c\u00e9 bom que o Brasil se preocupe\u201d\",\"datePublished\":\"2025-10-28T18:18:22+00:00\",\"dateModified\":\"2025-10-28T18:18:24+00:00\",\"mainEntityOfPage\":{\"@id\":\"https:\/\/jornalfatosenoticias.com.br\/index.php\/2025\/10\/28\/regime-de-maduro-fala-em-conflito-regional-contra-os-eua-e-bom-que-o-brasil-se-preocupe\/\"},\"wordCount\":595,\"commentCount\":0,\"publisher\":{\"@id\":\"https:\/\/jornalfatosenoticias.com.br\/#organization\"},\"image\":{\"@id\":\"https:\/\/jornalfatosenoticias.com.br\/index.php\/2025\/10\/28\/regime-de-maduro-fala-em-conflito-regional-contra-os-eua-e-bom-que-o-brasil-se-preocupe\/#primaryimage\"},\"thumbnailUrl\":\"https:\/\/jornalfatosenoticias.com.br\/wp-content\/uploads\/2025\/10\/fruta-podre-e-molusco.jpg\",\"keywords\":[\"Donald Trump\",\"EUA\",\"Lula\",\"Nicol\u00e1s Maduro\",\"Venezuela\"],\"articleSection\":[\"Internacional\"],\"inLanguage\":\"pt-BR\",\"potentialAction\":[{\"@type\":\"CommentAction\",\"name\":\"Comment\",\"target\":[\"https:\/\/jornalfatosenoticias.com.br\/index.php\/2025\/10\/28\/regime-de-maduro-fala-em-conflito-regional-contra-os-eua-e-bom-que-o-brasil-se-preocupe\/#respond\"]}]},{\"@type\":\"WebPage\",\"@id\":\"https:\/\/jornalfatosenoticias.com.br\/index.php\/2025\/10\/28\/regime-de-maduro-fala-em-conflito-regional-contra-os-eua-e-bom-que-o-brasil-se-preocupe\/\",\"url\":\"https:\/\/jornalfatosenoticias.com.br\/index.php\/2025\/10\/28\/regime-de-maduro-fala-em-conflito-regional-contra-os-eua-e-bom-que-o-brasil-se-preocupe\/\",\"name\":\"Regime de Maduro fala em conflito regional contra os EUA: \u201c\u00e9 bom que o Brasil se preocupe\u201d - Jornal Fatos e Not\u00edcias\",\"isPartOf\":{\"@id\":\"https:\/\/jornalfatosenoticias.com.br\/#website\"},\"primaryImageOfPage\":{\"@id\":\"https:\/\/jornalfatosenoticias.com.br\/index.php\/2025\/10\/28\/regime-de-maduro-fala-em-conflito-regional-contra-os-eua-e-bom-que-o-brasil-se-preocupe\/#primaryimage\"},\"image\":{\"@id\":\"https:\/\/jornalfatosenoticias.com.br\/index.php\/2025\/10\/28\/regime-de-maduro-fala-em-conflito-regional-contra-os-eua-e-bom-que-o-brasil-se-preocupe\/#primaryimage\"},\"thumbnailUrl\":\"https:\/\/jornalfatosenoticias.com.br\/wp-content\/uploads\/2025\/10\/fruta-podre-e-molusco.jpg\",\"datePublished\":\"2025-10-28T18:18:22+00:00\",\"dateModified\":\"2025-10-28T18:18:24+00:00\",\"breadcrumb\":{\"@id\":\"https:\/\/jornalfatosenoticias.com.br\/index.php\/2025\/10\/28\/regime-de-maduro-fala-em-conflito-regional-contra-os-eua-e-bom-que-o-brasil-se-preocupe\/#breadcrumb\"},\"inLanguage\":\"pt-BR\",\"potentialAction\":[{\"@type\":\"ReadAction\",\"target\":[\"https:\/\/jornalfatosenoticias.com.br\/index.php\/2025\/10\/28\/regime-de-maduro-fala-em-conflito-regional-contra-os-eua-e-bom-que-o-brasil-se-preocupe\/\"]}]},{\"@type\":\"ImageObject\",\"inLanguage\":\"pt-BR\",\"@id\":\"https:\/\/jornalfatosenoticias.com.br\/index.php\/2025\/10\/28\/regime-de-maduro-fala-em-conflito-regional-contra-os-eua-e-bom-que-o-brasil-se-preocupe\/#primaryimage\",\"url\":\"https:\/\/jornalfatosenoticias.com.br\/wp-content\/uploads\/2025\/10\/fruta-podre-e-molusco.jpg\",\"contentUrl\":\"https:\/\/jornalfatosenoticias.com.br\/wp-content\/uploads\/2025\/10\/fruta-podre-e-molusco.jpg\",\"width\":745,\"height\":429},{\"@type\":\"BreadcrumbList\",\"@id\":\"https:\/\/jornalfatosenoticias.com.br\/index.php\/2025\/10\/28\/regime-de-maduro-fala-em-conflito-regional-contra-os-eua-e-bom-que-o-brasil-se-preocupe\/#breadcrumb\",\"itemListElement\":[{\"@type\":\"ListItem\",\"position\":1,\"name\":\"In\u00edcio\",\"item\":\"https:\/\/jornalfatosenoticias.com.br\/\"},{\"@type\":\"ListItem\",\"position\":2,\"name\":\"Regime de Maduro fala em conflito regional contra os EUA: \u201c\u00e9 bom que o Brasil se preocupe\u201d\"}]},{\"@type\":\"WebSite\",\"@id\":\"https:\/\/jornalfatosenoticias.com.br\/#website\",\"url\":\"https:\/\/jornalfatosenoticias.com.br\/\",\"name\":\"Jornal Fatos e Not\u00edcias\",\"description\":\"Not\u00edcias em geral\",\"publisher\":{\"@id\":\"https:\/\/jornalfatosenoticias.com.br\/#organization\"},\"potentialAction\":[{\"@type\":\"SearchAction\",\"target\":{\"@type\":\"EntryPoint\",\"urlTemplate\":\"https:\/\/jornalfatosenoticias.com.br\/?s={search_term_string}\"},\"query-input\":{\"@type\":\"PropertyValueSpecification\",\"valueRequired\":true,\"valueName\":\"search_term_string\"}}],\"inLanguage\":\"pt-BR\"},{\"@type\":\"Organization\",\"@id\":\"https:\/\/jornalfatosenoticias.com.br\/#organization\",\"name\":\"Jornal Fatos e Not\u00edcias\",\"url\":\"https:\/\/jornalfatosenoticias.com.br\/\",\"logo\":{\"@type\":\"ImageObject\",\"inLanguage\":\"pt-BR\",\"@id\":\"https:\/\/jornalfatosenoticias.com.br\/#\/schema\/logo\/image\/\",\"url\":\"https:\/\/jornalfatosenoticias.com.br\/wp-content\/uploads\/2020\/02\/logo120.png\",\"contentUrl\":\"https:\/\/jornalfatosenoticias.com.br\/wp-content\/uploads\/2020\/02\/logo120.png\",\"width\":1227,\"height\":120,\"caption\":\"Jornal Fatos e Not\u00edcias\"},\"image\":{\"@id\":\"https:\/\/jornalfatosenoticias.com.br\/#\/schema\/logo\/image\/\"}},{\"@type\":\"Person\",\"@id\":\"https:\/\/jornalfatosenoticias.com.br\/#\/schema\/person\/d63837fa13ac8666eb9e74e0985d6f81\",\"name\":\"Luzimara Fernandes\",\"image\":{\"@type\":\"ImageObject\",\"inLanguage\":\"pt-BR\",\"@id\":\"https:\/\/jornalfatosenoticias.com.br\/#\/schema\/person\/image\/\",\"url\":\"https:\/\/jornalfatosenoticias.com.br\/wp-content\/uploads\/2025\/05\/EU_portal.jpg\",\"contentUrl\":\"https:\/\/jornalfatosenoticias.com.br\/wp-content\/uploads\/2025\/05\/EU_portal.jpg\",\"caption\":\"Luzimara Fernandes\"},\"description\":\"Jornalista MTB 2358-ES\",\"sameAs\":[\"https:\/\/jornalfatosenoticias.com.br\"],\"url\":\"https:\/\/jornalfatosenoticias.com.br\/index.php\/author\/luzimara\/\"}]}<\/script>\n<!-- \/ Yoast SEO plugin. -->","yoast_head_json":{"title":"Regime de Maduro fala em conflito regional contra os EUA: \u201c\u00e9 bom que o Brasil se preocupe\u201d - Jornal Fatos e Not\u00edcias","robots":{"index":"index","follow":"follow","max-snippet":"max-snippet:-1","max-image-preview":"max-image-preview:large","max-video-preview":"max-video-preview:-1"},"canonical":"https:\/\/jornalfatosenoticias.com.br\/index.php\/2025\/10\/28\/regime-de-maduro-fala-em-conflito-regional-contra-os-eua-e-bom-que-o-brasil-se-preocupe\/","og_locale":"pt_BR","og_type":"article","og_title":"Regime de Maduro fala em conflito regional contra os EUA: \u201c\u00e9 bom que o Brasil se preocupe\u201d - Jornal Fatos e Not\u00edcias","og_description":"Lula e Maduro durante visita do ditador venezuelano ao Brasil em 2023 Por Isabella de Paula O ministro do Interior da Venezuela, Diosdado Cabello, avaliou de forma positiva a inten\u00e7\u00e3o de Luiz In\u00e1cio Lula da Silva (PT) de ser mediador da crise entre o pa\u00eds sul-americano e os Estados Unidos, que mant\u00eam uma grande mobiliza\u00e7\u00e3o [&hellip;]","og_url":"https:\/\/jornalfatosenoticias.com.br\/index.php\/2025\/10\/28\/regime-de-maduro-fala-em-conflito-regional-contra-os-eua-e-bom-que-o-brasil-se-preocupe\/","og_site_name":"Jornal Fatos e Not\u00edcias","article_published_time":"2025-10-28T18:18:22+00:00","article_modified_time":"2025-10-28T18:18:24+00:00","og_image":[{"width":745,"height":429,"url":"https:\/\/jornalfatosenoticias.com.br\/wp-content\/uploads\/2025\/10\/fruta-podre-e-molusco.jpg","type":"image\/jpeg"}],"author":"Luzimara Fernandes","twitter_card":"summary_large_image","twitter_misc":{"Escrito por":"Luzimara Fernandes","Est. tempo de leitura":"3 minutos"},"schema":{"@context":"https:\/\/schema.org","@graph":[{"@type":"Article","@id":"https:\/\/jornalfatosenoticias.com.br\/index.php\/2025\/10\/28\/regime-de-maduro-fala-em-conflito-regional-contra-os-eua-e-bom-que-o-brasil-se-preocupe\/#article","isPartOf":{"@id":"https:\/\/jornalfatosenoticias.com.br\/index.php\/2025\/10\/28\/regime-de-maduro-fala-em-conflito-regional-contra-os-eua-e-bom-que-o-brasil-se-preocupe\/"},"author":{"name":"Luzimara Fernandes","@id":"https:\/\/jornalfatosenoticias.com.br\/#\/schema\/person\/d63837fa13ac8666eb9e74e0985d6f81"},"headline":"Regime de Maduro fala em conflito regional contra os EUA: \u201c\u00e9 bom que o Brasil se preocupe\u201d","datePublished":"2025-10-28T18:18:22+00:00","dateModified":"2025-10-28T18:18:24+00:00","mainEntityOfPage":{"@id":"https:\/\/jornalfatosenoticias.com.br\/index.php\/2025\/10\/28\/regime-de-maduro-fala-em-conflito-regional-contra-os-eua-e-bom-que-o-brasil-se-preocupe\/"},"wordCount":595,"commentCount":0,"publisher":{"@id":"https:\/\/jornalfatosenoticias.com.br\/#organization"},"image":{"@id":"https:\/\/jornalfatosenoticias.com.br\/index.php\/2025\/10\/28\/regime-de-maduro-fala-em-conflito-regional-contra-os-eua-e-bom-que-o-brasil-se-preocupe\/#primaryimage"},"thumbnailUrl":"https:\/\/jornalfatosenoticias.com.br\/wp-content\/uploads\/2025\/10\/fruta-podre-e-molusco.jpg","keywords":["Donald Trump","EUA","Lula","Nicol\u00e1s Maduro","Venezuela"],"articleSection":["Internacional"],"inLanguage":"pt-BR","potentialAction":[{"@type":"CommentAction","name":"Comment","target":["https:\/\/jornalfatosenoticias.com.br\/index.php\/2025\/10\/28\/regime-de-maduro-fala-em-conflito-regional-contra-os-eua-e-bom-que-o-brasil-se-preocupe\/#respond"]}]},{"@type":"WebPage","@id":"https:\/\/jornalfatosenoticias.com.br\/index.php\/2025\/10\/28\/regime-de-maduro-fala-em-conflito-regional-contra-os-eua-e-bom-que-o-brasil-se-preocupe\/","url":"https:\/\/jornalfatosenoticias.com.br\/index.php\/2025\/10\/28\/regime-de-maduro-fala-em-conflito-regional-contra-os-eua-e-bom-que-o-brasil-se-preocupe\/","name":"Regime de Maduro fala em conflito regional contra os EUA: \u201c\u00e9 bom que o Brasil se preocupe\u201d - Jornal Fatos e Not\u00edcias","isPartOf":{"@id":"https:\/\/jornalfatosenoticias.com.br\/#website"},"primaryImageOfPage":{"@id":"https:\/\/jornalfatosenoticias.com.br\/index.php\/2025\/10\/28\/regime-de-maduro-fala-em-conflito-regional-contra-os-eua-e-bom-que-o-brasil-se-preocupe\/#primaryimage"},"image":{"@id":"https:\/\/jornalfatosenoticias.com.br\/index.php\/2025\/10\/28\/regime-de-maduro-fala-em-conflito-regional-contra-os-eua-e-bom-que-o-brasil-se-preocupe\/#primaryimage"},"thumbnailUrl":"https:\/\/jornalfatosenoticias.com.br\/wp-content\/uploads\/2025\/10\/fruta-podre-e-molusco.jpg","datePublished":"2025-10-28T18:18:22+00:00","dateModified":"2025-10-28T18:18:24+00:00","breadcrumb":{"@id":"https:\/\/jornalfatosenoticias.com.br\/index.php\/2025\/10\/28\/regime-de-maduro-fala-em-conflito-regional-contra-os-eua-e-bom-que-o-brasil-se-preocupe\/#breadcrumb"},"inLanguage":"pt-BR","potentialAction":[{"@type":"ReadAction","target":["https:\/\/jornalfatosenoticias.com.br\/index.php\/2025\/10\/28\/regime-de-maduro-fala-em-conflito-regional-contra-os-eua-e-bom-que-o-brasil-se-preocupe\/"]}]},{"@type":"ImageObject","inLanguage":"pt-BR","@id":"https:\/\/jornalfatosenoticias.com.br\/index.php\/2025\/10\/28\/regime-de-maduro-fala-em-conflito-regional-contra-os-eua-e-bom-que-o-brasil-se-preocupe\/#primaryimage","url":"https:\/\/jornalfatosenoticias.com.br\/wp-content\/uploads\/2025\/10\/fruta-podre-e-molusco.jpg","contentUrl":"https:\/\/jornalfatosenoticias.com.br\/wp-content\/uploads\/2025\/10\/fruta-podre-e-molusco.jpg","width":745,"height":429},{"@type":"BreadcrumbList","@id":"https:\/\/jornalfatosenoticias.com.br\/index.php\/2025\/10\/28\/regime-de-maduro-fala-em-conflito-regional-contra-os-eua-e-bom-que-o-brasil-se-preocupe\/#breadcrumb","itemListElement":[{"@type":"ListItem","position":1,"name":"In\u00edcio","item":"https:\/\/jornalfatosenoticias.com.br\/"},{"@type":"ListItem","position":2,"name":"Regime de Maduro fala em conflito regional contra os EUA: \u201c\u00e9 bom que o Brasil se preocupe\u201d"}]},{"@type":"WebSite","@id":"https:\/\/jornalfatosenoticias.com.br\/#website","url":"https:\/\/jornalfatosenoticias.com.br\/","name":"Jornal Fatos e Not\u00edcias","description":"Not\u00edcias em geral","publisher":{"@id":"https:\/\/jornalfatosenoticias.com.br\/#organization"},"potentialAction":[{"@type":"SearchAction","target":{"@type":"EntryPoint","urlTemplate":"https:\/\/jornalfatosenoticias.com.br\/?s={search_term_string}"},"query-input":{"@type":"PropertyValueSpecification","valueRequired":true,"valueName":"search_term_string"}}],"inLanguage":"pt-BR"},{"@type":"Organization","@id":"https:\/\/jornalfatosenoticias.com.br\/#organization","name":"Jornal Fatos e Not\u00edcias","url":"https:\/\/jornalfatosenoticias.com.br\/","logo":{"@type":"ImageObject","inLanguage":"pt-BR","@id":"https:\/\/jornalfatosenoticias.com.br\/#\/schema\/logo\/image\/","url":"https:\/\/jornalfatosenoticias.com.br\/wp-content\/uploads\/2020\/02\/logo120.png","contentUrl":"https:\/\/jornalfatosenoticias.com.br\/wp-content\/uploads\/2020\/02\/logo120.png","width":1227,"height":120,"caption":"Jornal Fatos e Not\u00edcias"},"image":{"@id":"https:\/\/jornalfatosenoticias.com.br\/#\/schema\/logo\/image\/"}},{"@type":"Person","@id":"https:\/\/jornalfatosenoticias.com.br\/#\/schema\/person\/d63837fa13ac8666eb9e74e0985d6f81","name":"Luzimara Fernandes","image":{"@type":"ImageObject","inLanguage":"pt-BR","@id":"https:\/\/jornalfatosenoticias.com.br\/#\/schema\/person\/image\/","url":"https:\/\/jornalfatosenoticias.com.br\/wp-content\/uploads\/2025\/05\/EU_portal.jpg","contentUrl":"https:\/\/jornalfatosenoticias.com.br\/wp-content\/uploads\/2025\/05\/EU_portal.jpg","caption":"Luzimara Fernandes"},"description":"Jornalista MTB 2358-ES","sameAs":["https:\/\/jornalfatosenoticias.com.br"],"url":"https:\/\/jornalfatosenoticias.com.br\/index.php\/author\/luzimara\/"}]}},"cc_featured_image_caption":{"caption_text":"(Foto: Ricardo Stuckert\/Presid\u00eancia da Rep\u00fablica)","source_text":"","source_url":""},"jetpack_featured_media_url":"https:\/\/jornalfatosenoticias.com.br\/wp-content\/uploads\/2025\/10\/fruta-podre-e-molusco.jpg","_links":{"self":[{"href":"https:\/\/jornalfatosenoticias.com.br\/index.php\/wp-json\/wp\/v2\/posts\/62855","targetHints":{"allow":["GET"]}}],"collection":[{"href":"https:\/\/jornalfatosenoticias.com.br\/index.php\/wp-json\/wp\/v2\/posts"}],"about":[{"href":"https:\/\/jornalfatosenoticias.com.br\/index.php\/wp-json\/wp\/v2\/types\/post"}],"author":[{"embeddable":true,"href":"https:\/\/jornalfatosenoticias.com.br\/index.php\/wp-json\/wp\/v2\/users\/2"}],"replies":[{"embeddable":true,"href":"https:\/\/jornalfatosenoticias.com.br\/index.php\/wp-json\/wp\/v2\/comments?post=62855"}],"version-history":[{"count":0,"href":"https:\/\/jornalfatosenoticias.com.br\/index.php\/wp-json\/wp\/v2\/posts\/62855\/revisions"}],"wp:featuredmedia":[{"embeddable":true,"href":"https:\/\/jornalfatosenoticias.com.br\/index.php\/wp-json\/wp\/v2\/media\/62856"}],"wp:attachment":[{"href":"https:\/\/jornalfatosenoticias.com.br\/index.php\/wp-json\/wp\/v2\/media?parent=62855"}],"wp:term":[{"taxonomy":"category","embeddable":true,"href":"https:\/\/jornalfatosenoticias.com.br\/index.php\/wp-json\/wp\/v2\/categories?post=62855"},{"taxonomy":"post_tag","embeddable":true,"href":"https:\/\/jornalfatosenoticias.com.br\/index.php\/wp-json\/wp\/v2\/tags?post=62855"}],"curies":[{"name":"wp","href":"https:\/\/api.w.org\/{rel}","templated":true}]}}