{"id":62889,"date":"2025-10-29T12:39:14","date_gmt":"2025-10-29T15:39:14","guid":{"rendered":"https:\/\/jornalfatosenoticias.com.br\/?p=62889"},"modified":"2025-10-29T12:39:15","modified_gmt":"2025-10-29T15:39:15","slug":"alerta-producao-automotiva-no-brasil-corre-risco-de-parar-devido-a-escassez-de-semicondutores","status":"publish","type":"post","link":"https:\/\/jornalfatosenoticias.com.br\/index.php\/2025\/10\/29\/alerta-producao-automotiva-no-brasil-corre-risco-de-parar-devido-a-escassez-de-semicondutores\/","title":{"rendered":"Alerta: produ\u00e7\u00e3o automotiva no Brasil corre risco de parar devido \u00e0 escassez de semicondutores"},"content":{"rendered":"\n<p><em><span class=\"has-inline-color has-black-color\">Associa\u00e7\u00e3o que representa montadoras alertou o governo de que a escassez de semicondutores pode paralisar a produ\u00e7\u00e3o no Brasil<\/span><\/em><\/p>\n\n\n\n<p><span class=\"has-inline-color has-black-color\">Por <strong><a href=\"https:\/\/olhardigital.com.br\/author\/vitoria-gomez\/\">Vitoria Lopes Gomez<\/a><\/strong><\/span><\/p>\n\n\n\n<div class=\"wp-block-image\"><figure class=\"aligncenter size-large is-resized\"><a href=\"https:\/\/www.facebook.com\/vetor.vix\/\"><img loading=\"lazy\" decoding=\"async\" src=\"https:\/\/jornalfatosenoticias.com.br\/wp-content\/uploads\/2023\/09\/vetorvix1024_1.jpg\" alt=\"\" class=\"wp-image-44868\" width=\"558\" height=\"148\" srcset=\"https:\/\/jornalfatosenoticias.com.br\/wp-content\/uploads\/2023\/09\/vetorvix1024_1.jpg 1024w, https:\/\/jornalfatosenoticias.com.br\/wp-content\/uploads\/2023\/09\/vetorvix1024_1-300x80.jpg 300w, https:\/\/jornalfatosenoticias.com.br\/wp-content\/uploads\/2023\/09\/vetorvix1024_1-768x205.jpg 768w\" sizes=\"auto, (max-width: 558px) 100vw, 558px\" \/><\/a><\/figure><\/div>\n\n\n\n<p>A Associa\u00e7\u00e3o Nacional dos Fabricantes de Ve\u00edculos Automotores (Anfavea) fez um alerta ao governo federal: a produ\u00e7\u00e3o automotiva no Brasil corre risco de parar devido \u00e0 escassez de <strong><a href=\"https:\/\/olhardigital.com.br\/tag\/semicondutores\/\" target=\"_blank\" rel=\"noreferrer noopener\">semicondutores<\/a><\/strong>. Isso pode acontecer dentro de semanas.<br>A associa\u00e7\u00e3o, que representa as montadoras, pede que o governo tome medidas para impedir o desabastecimento dos componentes eletr\u00f4nicos.<br>A Anfavea demonstrou preocupa\u00e7\u00e3o com o risco de escassez de semicondutores, um cen\u00e1rio de crise semelhante ao que aconteceu na pandemia. Na \u00e9poca, montadoras tiveram que paralisar a produ\u00e7\u00e3o por falta dos componentes. Isso porque, conforme explicou a associa\u00e7\u00e3o, um \u00fanico ve\u00edculo moderno usa, em m\u00e9dia, de mil a tr\u00eas mil chips. As tecnologias s\u00e3o essenciais em v\u00e1rias partes dos modelos, desde os freios ABS e airbags at\u00e9 inje\u00e7\u00e3o eletr\u00f4nica, controle de motor e sensores. Sem eles, as fabricantes n\u00e3o conseguem manter a linha de produ\u00e7\u00e3o.<br>Em nota, a associa\u00e7\u00e3o alertou que est\u00e1 \u201catenta e preocupada\u201d com o risco de paralisa\u00e7\u00e3o, que \u201cpode afetar opera\u00e7\u00f5es fabris em quest\u00e3o de semanas\u201d. Ainda, pediu que o governo federal adote medidas \u201cr\u00e1pidas e decisivas\u201d para impedir o desabastecimento.<\/p>\n\n\n\n<div class=\"wp-block-image\"><figure class=\"aligncenter size-large is-resized\"><a href=\"https:\/\/www.instagram.com\/rcradiadores\/\"><img loading=\"lazy\" decoding=\"async\" src=\"https:\/\/jornalfatosenoticias.com.br\/wp-content\/uploads\/2022\/10\/RC_800x750_page-0001.jpg\" alt=\"\" class=\"wp-image-35338\" width=\"298\" height=\"279\" srcset=\"https:\/\/jornalfatosenoticias.com.br\/wp-content\/uploads\/2022\/10\/RC_800x750_page-0001.jpg 400w, https:\/\/jornalfatosenoticias.com.br\/wp-content\/uploads\/2022\/10\/RC_800x750_page-0001-300x281.jpg 300w\" sizes=\"auto, (max-width: 298px) 100vw, 298px\" \/><\/a><\/figure><\/div>\n\n\n\n<blockquote class=\"wp-block-quote is-layout-flow wp-block-quote-is-layout-flow\"><p><span class=\"has-inline-color has-luminous-vivid-orange-color\">Com 1,3 milh\u00e3o de empregos em jogo em toda a cadeia automotiva, \u00e9 fundamental que se busque uma solu\u00e7\u00e3o em um momento j\u00e1 desafiador, marcado por altos juros e desaquecimento da demanda. A urg\u00eancia \u00e9 evidente, e a mobiliza\u00e7\u00e3o se faz necess\u00e1ria para evitar um colapso na ind\u00fastria&#8221;, cobra Igor Calvet, presidente da Anfavea, em nota.<\/span><\/p><\/blockquote>\n\n\n\n<div class=\"wp-block-image\"><figure class=\"aligncenter size-large\"><img loading=\"lazy\" decoding=\"async\" width=\"1000\" height=\"666\" src=\"https:\/\/jornalfatosenoticias.com.br\/wp-content\/uploads\/2025\/10\/escassez-de-semicondutores_shutterstock.jpg\" alt=\"\" class=\"wp-image-62891\" srcset=\"https:\/\/jornalfatosenoticias.com.br\/wp-content\/uploads\/2025\/10\/escassez-de-semicondutores_shutterstock.jpg 1000w, https:\/\/jornalfatosenoticias.com.br\/wp-content\/uploads\/2025\/10\/escassez-de-semicondutores_shutterstock-300x200.jpg 300w, https:\/\/jornalfatosenoticias.com.br\/wp-content\/uploads\/2025\/10\/escassez-de-semicondutores_shutterstock-768x511.jpg 768w\" sizes=\"auto, (max-width: 1000px) 100vw, 1000px\" \/><figcaption><em><span class=\"has-inline-color has-black-color\">Escassez de semicondutores pode colocar produ\u00e7\u00e3o de carros em risco (Foto: Shutterstock)<\/span><\/em><\/figcaption><\/figure><\/div>\n\n\n\n<p>O Olhar Digital tamb\u00e9m entrou em contato com o Minist\u00e9rio da Ind\u00fastria para mais detalhes sobre a situa\u00e7\u00e3o. Em resposta, a assessoria de imprensa da pasta disse que o governo \u201cest\u00e1 acompanhando os eventuais efeitos de interrup\u00e7\u00f5es da cadeia global de suprimento de semicondutores e est\u00e1 em di\u00e1logo com a ind\u00fastria brasileira para buscar solu\u00e7\u00f5es que evitem danos \u00e0s empresas e aos empregos\u201d.<\/p>\n\n\n\n<div class=\"wp-block-image\"><figure class=\"aligncenter size-large is-resized\"><a href=\"https:\/\/www.facebook.com\/postobkr\/?locale=pt_BR\"><img loading=\"lazy\" decoding=\"async\" src=\"https:\/\/jornalfatosenoticias.com.br\/wp-content\/uploads\/2023\/08\/BKR-1024x1021.jpg\" alt=\"\" class=\"wp-image-44494\" width=\"300\" height=\"299\" srcset=\"https:\/\/jornalfatosenoticias.com.br\/wp-content\/uploads\/2023\/08\/BKR-1024x1021.jpg 1024w, https:\/\/jornalfatosenoticias.com.br\/wp-content\/uploads\/2023\/08\/BKR-300x300.jpg 300w, https:\/\/jornalfatosenoticias.com.br\/wp-content\/uploads\/2023\/08\/BKR-150x150.jpg 150w, https:\/\/jornalfatosenoticias.com.br\/wp-content\/uploads\/2023\/08\/BKR-768x766.jpg 768w, https:\/\/jornalfatosenoticias.com.br\/wp-content\/uploads\/2023\/08\/BKR.jpg 1080w\" sizes=\"auto, (max-width: 300px) 100vw, 300px\" \/><\/a><\/figure><\/div>\n\n\n\n<p>A Associa\u00e7\u00e3o Brasileira da Ind\u00fastria de Autope\u00e7as (Abipe\u00e7as) e o Sindicato Nacional da Ind\u00fastria de Componentes para Ve\u00edculos Automotores (Sindipe\u00e7as) tamb\u00e9m manifestaram preocupa\u00e7\u00e3o. Em carta enviada ao vice-presidente e ministro do Desenvolvimento, Ind\u00fastria, Com\u00e9rcio e Servi\u00e7os (MDIC), Geraldo Alckmin, as associa\u00e7\u00f5es escreveram que observaram uma \u201credu\u00e7\u00e3o significativa na disponibilidade de componentes eletr\u00f4nicos essenciais para m\u00f3dulos de controle, sistemas de inje\u00e7\u00e3o e produtos de alta tecnologia aplicados em ve\u00edculos leves, comerciais e industriais\u201d.<\/p>\n\n\n\n<div class=\"wp-block-image\"><figure class=\"aligncenter size-large is-resized\"><a href=\"https:\/\/www.instagram.com\/serra4x4cambioautomatico\/\"><img loading=\"lazy\" decoding=\"async\" src=\"https:\/\/jornalfatosenoticias.com.br\/wp-content\/uploads\/2024\/08\/Serra-4x4-1-886x1024.jpg\" alt=\"\" class=\"wp-image-53632\" width=\"310\" height=\"358\" srcset=\"https:\/\/jornalfatosenoticias.com.br\/wp-content\/uploads\/2024\/08\/Serra-4x4-1-886x1024.jpg 886w, https:\/\/jornalfatosenoticias.com.br\/wp-content\/uploads\/2024\/08\/Serra-4x4-1-260x300.jpg 260w, https:\/\/jornalfatosenoticias.com.br\/wp-content\/uploads\/2024\/08\/Serra-4x4-1-768x888.jpg 768w, https:\/\/jornalfatosenoticias.com.br\/wp-content\/uploads\/2024\/08\/Serra-4x4-1.jpg 1181w\" sizes=\"auto, (max-width: 310px) 100vw, 310px\" \/><\/a><\/figure><\/div>\n\n\n\n<p>As institui\u00e7\u00f5es ainda destacaram que n\u00e3o h\u00e1 alternativas de fornecimento local ou regional de semicondutores a curto prazo, o que poderia afetar montadoras como Volkswagen, Stellantis, GM, Toyota, Hyundai, BYD e outras. Ambas pediram apoio do governo federal para garantir o abastecimento.<\/p>\n\n\n\n<div class=\"wp-block-image\"><figure class=\"aligncenter size-large is-resized\"><a href=\"https:\/\/www.instagram.com\/gruposei\/\"><img loading=\"lazy\" decoding=\"async\" src=\"https:\/\/jornalfatosenoticias.com.br\/wp-content\/uploads\/2022\/07\/Logo-Grupo-SEI.jpg\" alt=\"\" class=\"wp-image-31973\" width=\"383\" height=\"201\" srcset=\"https:\/\/jornalfatosenoticias.com.br\/wp-content\/uploads\/2022\/07\/Logo-Grupo-SEI.jpg 713w, https:\/\/jornalfatosenoticias.com.br\/wp-content\/uploads\/2022\/07\/Logo-Grupo-SEI-300x158.jpg 300w\" sizes=\"auto, (max-width: 383px) 100vw, 383px\" \/><\/a><\/figure><\/div>\n\n\n\n<p>O Olhar Digital entrou em contato com as montadoras citadas para entender se h\u00e1 algum mapeamento da situa\u00e7\u00e3o. Em resposta, a BYD refor\u00e7ou que, \u201cpor sua forte estrat\u00e9gia de integra\u00e7\u00e3o vertical, produzindo internamente a maior parte dos componentes essenciais, o abastecimento de semicondutores n\u00e3o ser\u00e1 afetado\u201d. A Hyundai afirmou que \u201cest\u00e1 atenta aos acontecimentos internacionais que afetam, em algumas regi\u00f5es, o abastecimento de chips e semicondutores eletr\u00f4nicos. At\u00e9 este momento, n\u00e3o h\u00e1 risco de interrup\u00e7\u00e3o da produ\u00e7\u00e3o na f\u00e1brica de Piracicaba (SP)\u201d.<\/p>\n\n\n\n<div class=\"wp-block-image\"><figure class=\"aligncenter size-large is-resized\"><a href=\"https:\/\/www.controlsystems.com.br\/\"><img loading=\"lazy\" decoding=\"async\" src=\"https:\/\/jornalfatosenoticias.com.br\/wp-content\/uploads\/2020\/02\/CONTROL-CS.jpg\" alt=\"\" class=\"wp-image-44991\" width=\"301\" height=\"361\" srcset=\"https:\/\/jornalfatosenoticias.com.br\/wp-content\/uploads\/2020\/02\/CONTROL-CS.jpg 834w, https:\/\/jornalfatosenoticias.com.br\/wp-content\/uploads\/2020\/02\/CONTROL-CS-250x300.jpg 250w, https:\/\/jornalfatosenoticias.com.br\/wp-content\/uploads\/2020\/02\/CONTROL-CS-768x921.jpg 768w\" sizes=\"auto, (max-width: 301px) 100vw, 301px\" \/><\/a><\/figure><\/div>\n\n\n\n<p>A Volkswagen respondeu que \u201cest\u00e1 atenta \u00e0s movimenta\u00e7\u00f5es sobre a cadeia fornecedora de semicondutores. A escassez de fornecimento de chips continua, por enquanto, sem impacto na produ\u00e7\u00e3o das f\u00e1bricas de ve\u00edculos da marca Volkswagen no Pa\u00eds. No entanto, em vista da situa\u00e7\u00e3o din\u00e2mica, impactos de curto prazo na produ\u00e7\u00e3o n\u00e3o podem ser descartados. Estamos analisando op\u00e7\u00f5es alternativas de fornecimento para minimizar a situa\u00e7\u00e3o\u201d.<\/p>\n\n\n\n<div class=\"wp-block-image\"><figure class=\"aligncenter size-large\"><a href=\"http:\/\/www.ferrarimaquinas.com.br\/\"><img loading=\"lazy\" decoding=\"async\" width=\"300\" height=\"250\" src=\"https:\/\/jornalfatosenoticias.com.br\/wp-content\/uploads\/2022\/02\/FERRARI_MAQUINAS-E-FERRAMENTAS2.jpg\" alt=\"\" class=\"wp-image-27860\"\/><\/a><\/figure><\/div>\n\n\n\n<p>A Toyota escreveu que \u201cest\u00e1 avaliando os poss\u00edveis impactos relacionados \u00e0 situa\u00e7\u00e3o de fornecimento de componentes envolvendo a Nexperia. At\u00e9 o momento, n\u00e3o foram identificados impactos significativos no curto prazo para as opera\u00e7\u00f5es. A empresa segue monitorando de forma cont\u00ednua a situa\u00e7\u00e3o junto a seus fornecedores, a fim de antecipar eventuais riscos e garantir a sustentabilidade do neg\u00f3cio\u201d.<\/p>\n\n\n\n<div class=\"wp-block-image\"><figure class=\"aligncenter size-large\"><img loading=\"lazy\" decoding=\"async\" width=\"1000\" height=\"562\" src=\"https:\/\/jornalfatosenoticias.com.br\/wp-content\/uploads\/2025\/10\/nexperia_shutterstock.jpg\" alt=\"\" class=\"wp-image-62890\" srcset=\"https:\/\/jornalfatosenoticias.com.br\/wp-content\/uploads\/2025\/10\/nexperia_shutterstock.jpg 1000w, https:\/\/jornalfatosenoticias.com.br\/wp-content\/uploads\/2025\/10\/nexperia_shutterstock-300x169.jpg 300w, https:\/\/jornalfatosenoticias.com.br\/wp-content\/uploads\/2025\/10\/nexperia_shutterstock-768x432.jpg 768w\" sizes=\"auto, (max-width: 1000px) 100vw, 1000px\" \/><figcaption><em><span class=\"has-inline-color has-black-color\">Crise tem a ver com a Nexperia, fabricante de semicondutores holandesa com forte conex\u00e3o com a China (Foto: Shutterstock)<\/span><\/em><\/figcaption><\/figure><\/div>\n\n\n\n<p>A crise deste ano tem a ver com disputas pol\u00edticas envolvendo a Nexperia, fabricante de semicondutores holandesa que era subsidi\u00e1ria da chinesa Wingtech Technology. Inclusive, parte da cadeia de produ\u00e7\u00e3o fica na China. O trabalho da fabricante \u00e9 essencial para manter o funcionamento das cadeias de suprimentos em toda a zona do euro, incluindo no setor de carros. <strong><a href=\"https:\/\/olhardigital.com.br\/2025\/10\/13\/pro\/holanda-usa-nova-lei-para-assumir-controle-da-nexperia-fabricante-chinesa-de-semicondutores\/\" target=\"_blank\" rel=\"noreferrer noopener\">Conforme reportado<\/a><\/strong> pelo Olhar Digital, h\u00e1 pouco mais de uma semana, o governo holand\u00eas assumiu o controle da empresa para \u201cgarantir que um suprimento suficiente de seus chips permane\u00e7a dispon\u00edvel na Europa\u201d. <\/p>\n\n\n\n<div class=\"wp-block-image\"><figure class=\"aligncenter size-large is-resized\"><a href=\"https:\/\/legisjuris.com.br\/\"><img loading=\"lazy\" decoding=\"async\" src=\"https:\/\/jornalfatosenoticias.com.br\/wp-content\/uploads\/2024\/09\/Legis-Juris-Consultoria_logo.jpg\" alt=\"\" class=\"wp-image-53915\" width=\"530\" height=\"222\" srcset=\"https:\/\/jornalfatosenoticias.com.br\/wp-content\/uploads\/2024\/09\/Legis-Juris-Consultoria_logo.jpg 969w, https:\/\/jornalfatosenoticias.com.br\/wp-content\/uploads\/2024\/09\/Legis-Juris-Consultoria_logo-300x126.jpg 300w, https:\/\/jornalfatosenoticias.com.br\/wp-content\/uploads\/2024\/09\/Legis-Juris-Consultoria_logo-768x322.jpg 768w\" sizes=\"auto, (max-width: 530px) 100vw, 530px\" \/><\/a><\/figure><\/div>\n\n\n\n<p>O objetivo \u00e9 evitar que os semicondutores da Nexperia ficassem indispon\u00edveis para os europeus em caso de uma emerg\u00eancia. Em comunicado, o Minist\u00e9rio da Economia holand\u00eas explicou que a medida foi \u201caltamente excepcional\u201d e tomada devido aos \u201csinais recentes e agudos de graves defici\u00eancias e a\u00e7\u00f5es de governan\u00e7a\u201d por parte da empresa chinesa.<\/p>\n\n\n\n<div class=\"wp-block-image\"><figure class=\"aligncenter size-large is-resized\"><a href=\"https:\/\/www.ithbrasil.com.br\/\"><img loading=\"lazy\" decoding=\"async\" src=\"https:\/\/jornalfatosenoticias.com.br\/wp-content\/uploads\/2023\/08\/ITH.jpeg\" alt=\"\" class=\"wp-image-44638\" width=\"286\" height=\"232\" srcset=\"https:\/\/jornalfatosenoticias.com.br\/wp-content\/uploads\/2023\/08\/ITH.jpeg 800w, https:\/\/jornalfatosenoticias.com.br\/wp-content\/uploads\/2023\/08\/ITH-300x244.jpeg 300w, https:\/\/jornalfatosenoticias.com.br\/wp-content\/uploads\/2023\/08\/ITH-768x624.jpeg 768w\" sizes=\"auto, (max-width: 286px) 100vw, 286px\" \/><\/a><\/figure><\/div>\n\n\n\n<p>A China reagiu. Pequim bloqueou a comunica\u00e7\u00e3o entre a Nexperia e a f\u00e1brica chinesa, restringindo a exporta\u00e7\u00e3o dos componentes eletr\u00f4nicos. Este cen\u00e1rio minou o acesso das montadoras europeias aos semicondutores e corre risco de paralisar a produ\u00e7\u00e3o por l\u00e1. Volkswagen e Stellantis podem ser algumas das afetadas caso a situa\u00e7\u00e3o n\u00e3o se resolve rapidamente.<\/p>\n\n\n\n<div class=\"wp-block-image\"><figure class=\"aligncenter size-large is-resized\"><a href=\"https:\/\/panper.com.br\/\"><img loading=\"lazy\" decoding=\"async\" src=\"https:\/\/jornalfatosenoticias.com.br\/wp-content\/uploads\/2023\/03\/logo-Panper_portal.jpg\" alt=\"\" class=\"wp-image-40208\" width=\"336\" height=\"233\" srcset=\"https:\/\/jornalfatosenoticias.com.br\/wp-content\/uploads\/2023\/03\/logo-Panper_portal.jpg 400w, https:\/\/jornalfatosenoticias.com.br\/wp-content\/uploads\/2023\/03\/logo-Panper_portal-300x208.jpg 300w\" sizes=\"auto, (max-width: 336px) 100vw, 336px\" \/><\/a><\/figure><\/div>\n\n\n\n<p>De acordo com a ag\u00eancia de not\u00edcias <strong><em><a href=\"https:\/\/www.reuters.com\/world\/china\/nexperias-china-unit-resumes-chip-sales-domestic-distributors-sources-say-2025-10-23\/\" target=\"_blank\" rel=\"noreferrer noopener\">Reuters<\/a><\/em><\/strong>, a unidade chinesa da Nexperia retomou a produ\u00e7\u00e3o e distribui\u00e7\u00e3o para fornecedores locais. No entanto, agora todas as vendas ser\u00e3o na moeda chinesa, o yuan, em vez de moedas estrangeiras, como acontecia antes. A unidade chinesa tamb\u00e9m instruiu as compradoras a vender os semicondutores apenas em yuans, de forma a estabelecer uma opera\u00e7\u00e3o independente da unidade da Nexperia na Holanda. Por outro lado, a unidade holandesa estaria procurando parcerias fora da China e alertou os consumidores de que n\u00e3o garante a qualidade da produ\u00e7\u00e3o na subsidi\u00e1ria chinesa.<\/p>\n\n\n\n<div class=\"wp-block-image\"><figure class=\"aligncenter size-large is-resized\"><a href=\"https:\/\/www.facebook.com\/profile.php?id=100069289606145\"><img loading=\"lazy\" decoding=\"async\" src=\"https:\/\/jornalfatosenoticias.com.br\/wp-content\/uploads\/2024\/11\/Guaitolini-Contabilidade-1024x714.jpeg\" alt=\"\" class=\"wp-image-55808\" width=\"319\" height=\"222\" srcset=\"https:\/\/jornalfatosenoticias.com.br\/wp-content\/uploads\/2024\/11\/Guaitolini-Contabilidade-1024x714.jpeg 1024w, https:\/\/jornalfatosenoticias.com.br\/wp-content\/uploads\/2024\/11\/Guaitolini-Contabilidade-300x209.jpeg 300w, https:\/\/jornalfatosenoticias.com.br\/wp-content\/uploads\/2024\/11\/Guaitolini-Contabilidade-768x535.jpeg 768w, https:\/\/jornalfatosenoticias.com.br\/wp-content\/uploads\/2024\/11\/Guaitolini-Contabilidade.jpeg 1280w\" sizes=\"auto, (max-width: 319px) 100vw, 319px\" \/><\/a><\/figure><\/div>\n\n\n\n<p><strong>Fonte: <a href=\"https:\/\/olhardigital.com.br\/2025\/10\/23\/carros-e-tecnologia\/alerta-producao-automotiva-no-brasil-corre-risco-de-parar-devido-a-escassez-de-semicondutores\/\">Olhar Digital<\/a><\/strong><\/p>\n","protected":false},"excerpt":{"rendered":"<p>Associa\u00e7\u00e3o que representa montadoras alertou o governo de que a escassez de semicondutores pode paralisar a produ\u00e7\u00e3o no Brasil Por Vitoria Lopes Gomez A Associa\u00e7\u00e3o Nacional dos Fabricantes de Ve\u00edculos Automotores (Anfavea) fez um alerta ao governo federal: a produ\u00e7\u00e3o automotiva no Brasil corre risco de parar devido \u00e0 escassez de semicondutores. Isso pode acontecer [&hellip;]<\/p>\n","protected":false},"author":2,"featured_media":62892,"comment_status":"open","ping_status":"open","sticky":false,"template":"","format":"standard","meta":{"footnotes":""},"categories":[9],"tags":[28693,26076,4515,7702,28692,13009,28694,7704,28695],"class_list":["post-62889","post","type-post","status-publish","format-standard","has-post-thumbnail","hentry","category-economia","tag-abipecas","tag-anfavea","tag-carros","tag-chips","tag-escassez-de-componentes","tag-montadoras","tag-nexperia","tag-semicondutores","tag-sindipecas"],"yoast_head":"<!-- This site is optimized with the Yoast SEO plugin v26.5 - https:\/\/yoast.com\/wordpress\/plugins\/seo\/ -->\n<title>Alerta: produ\u00e7\u00e3o automotiva no Brasil corre risco de parar devido \u00e0 escassez de semicondutores - Jornal Fatos e Not\u00edcias<\/title>\n<meta name=\"robots\" content=\"index, follow, max-snippet:-1, max-image-preview:large, max-video-preview:-1\" \/>\n<link rel=\"canonical\" href=\"https:\/\/jornalfatosenoticias.com.br\/index.php\/2025\/10\/29\/alerta-producao-automotiva-no-brasil-corre-risco-de-parar-devido-a-escassez-de-semicondutores\/\" \/>\n<meta property=\"og:locale\" content=\"pt_BR\" \/>\n<meta property=\"og:type\" content=\"article\" \/>\n<meta property=\"og:title\" content=\"Alerta: produ\u00e7\u00e3o automotiva no Brasil corre risco de parar devido \u00e0 escassez de semicondutores - Jornal Fatos e Not\u00edcias\" \/>\n<meta property=\"og:description\" content=\"Associa\u00e7\u00e3o que representa montadoras alertou o governo de que a escassez de semicondutores pode paralisar a produ\u00e7\u00e3o no Brasil Por Vitoria Lopes Gomez A Associa\u00e7\u00e3o Nacional dos Fabricantes de Ve\u00edculos Automotores (Anfavea) fez um alerta ao governo federal: a produ\u00e7\u00e3o automotiva no Brasil corre risco de parar devido \u00e0 escassez de semicondutores. Isso pode acontecer [&hellip;]\" \/>\n<meta property=\"og:url\" content=\"https:\/\/jornalfatosenoticias.com.br\/index.php\/2025\/10\/29\/alerta-producao-automotiva-no-brasil-corre-risco-de-parar-devido-a-escassez-de-semicondutores\/\" \/>\n<meta property=\"og:site_name\" content=\"Jornal Fatos e Not\u00edcias\" \/>\n<meta property=\"article:published_time\" content=\"2025-10-29T15:39:14+00:00\" \/>\n<meta property=\"article:modified_time\" content=\"2025-10-29T15:39:15+00:00\" \/>\n<meta property=\"og:image\" content=\"https:\/\/jornalfatosenoticias.com.br\/wp-content\/uploads\/2025\/10\/escassez-de-semicondutores2_freepik.jpg\" \/>\n\t<meta property=\"og:image:width\" content=\"626\" \/>\n\t<meta property=\"og:image:height\" content=\"313\" \/>\n\t<meta property=\"og:image:type\" content=\"image\/jpeg\" \/>\n<meta name=\"author\" content=\"Luzimara Fernandes\" \/>\n<meta name=\"twitter:card\" content=\"summary_large_image\" \/>\n<meta name=\"twitter:label1\" content=\"Escrito por\" \/>\n\t<meta name=\"twitter:data1\" content=\"Luzimara Fernandes\" \/>\n\t<meta name=\"twitter:label2\" content=\"Est. tempo de leitura\" \/>\n\t<meta name=\"twitter:data2\" content=\"5 minutos\" \/>\n<script type=\"application\/ld+json\" class=\"yoast-schema-graph\">{\"@context\":\"https:\/\/schema.org\",\"@graph\":[{\"@type\":\"Article\",\"@id\":\"https:\/\/jornalfatosenoticias.com.br\/index.php\/2025\/10\/29\/alerta-producao-automotiva-no-brasil-corre-risco-de-parar-devido-a-escassez-de-semicondutores\/#article\",\"isPartOf\":{\"@id\":\"https:\/\/jornalfatosenoticias.com.br\/index.php\/2025\/10\/29\/alerta-producao-automotiva-no-brasil-corre-risco-de-parar-devido-a-escassez-de-semicondutores\/\"},\"author\":{\"name\":\"Luzimara Fernandes\",\"@id\":\"https:\/\/jornalfatosenoticias.com.br\/#\/schema\/person\/d63837fa13ac8666eb9e74e0985d6f81\"},\"headline\":\"Alerta: produ\u00e7\u00e3o automotiva no Brasil corre risco de parar devido \u00e0 escassez de semicondutores\",\"datePublished\":\"2025-10-29T15:39:14+00:00\",\"dateModified\":\"2025-10-29T15:39:15+00:00\",\"mainEntityOfPage\":{\"@id\":\"https:\/\/jornalfatosenoticias.com.br\/index.php\/2025\/10\/29\/alerta-producao-automotiva-no-brasil-corre-risco-de-parar-devido-a-escassez-de-semicondutores\/\"},\"wordCount\":1092,\"commentCount\":0,\"publisher\":{\"@id\":\"https:\/\/jornalfatosenoticias.com.br\/#organization\"},\"image\":{\"@id\":\"https:\/\/jornalfatosenoticias.com.br\/index.php\/2025\/10\/29\/alerta-producao-automotiva-no-brasil-corre-risco-de-parar-devido-a-escassez-de-semicondutores\/#primaryimage\"},\"thumbnailUrl\":\"https:\/\/jornalfatosenoticias.com.br\/wp-content\/uploads\/2025\/10\/escassez-de-semicondutores2_freepik.jpg\",\"keywords\":[\"Abipe\u00e7as\",\"Anfavea\",\"carros\",\"chips\",\"escassez de componentes\",\"montadoras\",\"Nexperia\",\"semicondutores\",\"Sindipe\u00e7as\"],\"articleSection\":[\"Economia\"],\"inLanguage\":\"pt-BR\",\"potentialAction\":[{\"@type\":\"CommentAction\",\"name\":\"Comment\",\"target\":[\"https:\/\/jornalfatosenoticias.com.br\/index.php\/2025\/10\/29\/alerta-producao-automotiva-no-brasil-corre-risco-de-parar-devido-a-escassez-de-semicondutores\/#respond\"]}]},{\"@type\":\"WebPage\",\"@id\":\"https:\/\/jornalfatosenoticias.com.br\/index.php\/2025\/10\/29\/alerta-producao-automotiva-no-brasil-corre-risco-de-parar-devido-a-escassez-de-semicondutores\/\",\"url\":\"https:\/\/jornalfatosenoticias.com.br\/index.php\/2025\/10\/29\/alerta-producao-automotiva-no-brasil-corre-risco-de-parar-devido-a-escassez-de-semicondutores\/\",\"name\":\"Alerta: produ\u00e7\u00e3o automotiva no Brasil corre risco de parar devido \u00e0 escassez de semicondutores - Jornal Fatos e Not\u00edcias\",\"isPartOf\":{\"@id\":\"https:\/\/jornalfatosenoticias.com.br\/#website\"},\"primaryImageOfPage\":{\"@id\":\"https:\/\/jornalfatosenoticias.com.br\/index.php\/2025\/10\/29\/alerta-producao-automotiva-no-brasil-corre-risco-de-parar-devido-a-escassez-de-semicondutores\/#primaryimage\"},\"image\":{\"@id\":\"https:\/\/jornalfatosenoticias.com.br\/index.php\/2025\/10\/29\/alerta-producao-automotiva-no-brasil-corre-risco-de-parar-devido-a-escassez-de-semicondutores\/#primaryimage\"},\"thumbnailUrl\":\"https:\/\/jornalfatosenoticias.com.br\/wp-content\/uploads\/2025\/10\/escassez-de-semicondutores2_freepik.jpg\",\"datePublished\":\"2025-10-29T15:39:14+00:00\",\"dateModified\":\"2025-10-29T15:39:15+00:00\",\"breadcrumb\":{\"@id\":\"https:\/\/jornalfatosenoticias.com.br\/index.php\/2025\/10\/29\/alerta-producao-automotiva-no-brasil-corre-risco-de-parar-devido-a-escassez-de-semicondutores\/#breadcrumb\"},\"inLanguage\":\"pt-BR\",\"potentialAction\":[{\"@type\":\"ReadAction\",\"target\":[\"https:\/\/jornalfatosenoticias.com.br\/index.php\/2025\/10\/29\/alerta-producao-automotiva-no-brasil-corre-risco-de-parar-devido-a-escassez-de-semicondutores\/\"]}]},{\"@type\":\"ImageObject\",\"inLanguage\":\"pt-BR\",\"@id\":\"https:\/\/jornalfatosenoticias.com.br\/index.php\/2025\/10\/29\/alerta-producao-automotiva-no-brasil-corre-risco-de-parar-devido-a-escassez-de-semicondutores\/#primaryimage\",\"url\":\"https:\/\/jornalfatosenoticias.com.br\/wp-content\/uploads\/2025\/10\/escassez-de-semicondutores2_freepik.jpg\",\"contentUrl\":\"https:\/\/jornalfatosenoticias.com.br\/wp-content\/uploads\/2025\/10\/escassez-de-semicondutores2_freepik.jpg\",\"width\":626,\"height\":313},{\"@type\":\"BreadcrumbList\",\"@id\":\"https:\/\/jornalfatosenoticias.com.br\/index.php\/2025\/10\/29\/alerta-producao-automotiva-no-brasil-corre-risco-de-parar-devido-a-escassez-de-semicondutores\/#breadcrumb\",\"itemListElement\":[{\"@type\":\"ListItem\",\"position\":1,\"name\":\"In\u00edcio\",\"item\":\"https:\/\/jornalfatosenoticias.com.br\/\"},{\"@type\":\"ListItem\",\"position\":2,\"name\":\"Alerta: produ\u00e7\u00e3o automotiva no Brasil corre risco de parar devido \u00e0 escassez de semicondutores\"}]},{\"@type\":\"WebSite\",\"@id\":\"https:\/\/jornalfatosenoticias.com.br\/#website\",\"url\":\"https:\/\/jornalfatosenoticias.com.br\/\",\"name\":\"Jornal Fatos e Not\u00edcias\",\"description\":\"Not\u00edcias em geral\",\"publisher\":{\"@id\":\"https:\/\/jornalfatosenoticias.com.br\/#organization\"},\"potentialAction\":[{\"@type\":\"SearchAction\",\"target\":{\"@type\":\"EntryPoint\",\"urlTemplate\":\"https:\/\/jornalfatosenoticias.com.br\/?s={search_term_string}\"},\"query-input\":{\"@type\":\"PropertyValueSpecification\",\"valueRequired\":true,\"valueName\":\"search_term_string\"}}],\"inLanguage\":\"pt-BR\"},{\"@type\":\"Organization\",\"@id\":\"https:\/\/jornalfatosenoticias.com.br\/#organization\",\"name\":\"Jornal Fatos e Not\u00edcias\",\"url\":\"https:\/\/jornalfatosenoticias.com.br\/\",\"logo\":{\"@type\":\"ImageObject\",\"inLanguage\":\"pt-BR\",\"@id\":\"https:\/\/jornalfatosenoticias.com.br\/#\/schema\/logo\/image\/\",\"url\":\"https:\/\/jornalfatosenoticias.com.br\/wp-content\/uploads\/2020\/02\/logo120.png\",\"contentUrl\":\"https:\/\/jornalfatosenoticias.com.br\/wp-content\/uploads\/2020\/02\/logo120.png\",\"width\":1227,\"height\":120,\"caption\":\"Jornal Fatos e Not\u00edcias\"},\"image\":{\"@id\":\"https:\/\/jornalfatosenoticias.com.br\/#\/schema\/logo\/image\/\"}},{\"@type\":\"Person\",\"@id\":\"https:\/\/jornalfatosenoticias.com.br\/#\/schema\/person\/d63837fa13ac8666eb9e74e0985d6f81\",\"name\":\"Luzimara Fernandes\",\"image\":{\"@type\":\"ImageObject\",\"inLanguage\":\"pt-BR\",\"@id\":\"https:\/\/jornalfatosenoticias.com.br\/#\/schema\/person\/image\/\",\"url\":\"https:\/\/jornalfatosenoticias.com.br\/wp-content\/uploads\/2025\/05\/EU_portal.jpg\",\"contentUrl\":\"https:\/\/jornalfatosenoticias.com.br\/wp-content\/uploads\/2025\/05\/EU_portal.jpg\",\"caption\":\"Luzimara Fernandes\"},\"description\":\"Jornalista MTB 2358-ES\",\"sameAs\":[\"https:\/\/jornalfatosenoticias.com.br\"],\"url\":\"https:\/\/jornalfatosenoticias.com.br\/index.php\/author\/luzimara\/\"}]}<\/script>\n<!-- \/ Yoast SEO plugin. -->","yoast_head_json":{"title":"Alerta: produ\u00e7\u00e3o automotiva no Brasil corre risco de parar devido \u00e0 escassez de semicondutores - Jornal Fatos e Not\u00edcias","robots":{"index":"index","follow":"follow","max-snippet":"max-snippet:-1","max-image-preview":"max-image-preview:large","max-video-preview":"max-video-preview:-1"},"canonical":"https:\/\/jornalfatosenoticias.com.br\/index.php\/2025\/10\/29\/alerta-producao-automotiva-no-brasil-corre-risco-de-parar-devido-a-escassez-de-semicondutores\/","og_locale":"pt_BR","og_type":"article","og_title":"Alerta: produ\u00e7\u00e3o automotiva no Brasil corre risco de parar devido \u00e0 escassez de semicondutores - Jornal Fatos e Not\u00edcias","og_description":"Associa\u00e7\u00e3o que representa montadoras alertou o governo de que a escassez de semicondutores pode paralisar a produ\u00e7\u00e3o no Brasil Por Vitoria Lopes Gomez A Associa\u00e7\u00e3o Nacional dos Fabricantes de Ve\u00edculos Automotores (Anfavea) fez um alerta ao governo federal: a produ\u00e7\u00e3o automotiva no Brasil corre risco de parar devido \u00e0 escassez de semicondutores. Isso pode acontecer [&hellip;]","og_url":"https:\/\/jornalfatosenoticias.com.br\/index.php\/2025\/10\/29\/alerta-producao-automotiva-no-brasil-corre-risco-de-parar-devido-a-escassez-de-semicondutores\/","og_site_name":"Jornal Fatos e Not\u00edcias","article_published_time":"2025-10-29T15:39:14+00:00","article_modified_time":"2025-10-29T15:39:15+00:00","og_image":[{"width":626,"height":313,"url":"https:\/\/jornalfatosenoticias.com.br\/wp-content\/uploads\/2025\/10\/escassez-de-semicondutores2_freepik.jpg","type":"image\/jpeg"}],"author":"Luzimara Fernandes","twitter_card":"summary_large_image","twitter_misc":{"Escrito por":"Luzimara Fernandes","Est. tempo de leitura":"5 minutos"},"schema":{"@context":"https:\/\/schema.org","@graph":[{"@type":"Article","@id":"https:\/\/jornalfatosenoticias.com.br\/index.php\/2025\/10\/29\/alerta-producao-automotiva-no-brasil-corre-risco-de-parar-devido-a-escassez-de-semicondutores\/#article","isPartOf":{"@id":"https:\/\/jornalfatosenoticias.com.br\/index.php\/2025\/10\/29\/alerta-producao-automotiva-no-brasil-corre-risco-de-parar-devido-a-escassez-de-semicondutores\/"},"author":{"name":"Luzimara Fernandes","@id":"https:\/\/jornalfatosenoticias.com.br\/#\/schema\/person\/d63837fa13ac8666eb9e74e0985d6f81"},"headline":"Alerta: produ\u00e7\u00e3o automotiva no Brasil corre risco de parar devido \u00e0 escassez de semicondutores","datePublished":"2025-10-29T15:39:14+00:00","dateModified":"2025-10-29T15:39:15+00:00","mainEntityOfPage":{"@id":"https:\/\/jornalfatosenoticias.com.br\/index.php\/2025\/10\/29\/alerta-producao-automotiva-no-brasil-corre-risco-de-parar-devido-a-escassez-de-semicondutores\/"},"wordCount":1092,"commentCount":0,"publisher":{"@id":"https:\/\/jornalfatosenoticias.com.br\/#organization"},"image":{"@id":"https:\/\/jornalfatosenoticias.com.br\/index.php\/2025\/10\/29\/alerta-producao-automotiva-no-brasil-corre-risco-de-parar-devido-a-escassez-de-semicondutores\/#primaryimage"},"thumbnailUrl":"https:\/\/jornalfatosenoticias.com.br\/wp-content\/uploads\/2025\/10\/escassez-de-semicondutores2_freepik.jpg","keywords":["Abipe\u00e7as","Anfavea","carros","chips","escassez de componentes","montadoras","Nexperia","semicondutores","Sindipe\u00e7as"],"articleSection":["Economia"],"inLanguage":"pt-BR","potentialAction":[{"@type":"CommentAction","name":"Comment","target":["https:\/\/jornalfatosenoticias.com.br\/index.php\/2025\/10\/29\/alerta-producao-automotiva-no-brasil-corre-risco-de-parar-devido-a-escassez-de-semicondutores\/#respond"]}]},{"@type":"WebPage","@id":"https:\/\/jornalfatosenoticias.com.br\/index.php\/2025\/10\/29\/alerta-producao-automotiva-no-brasil-corre-risco-de-parar-devido-a-escassez-de-semicondutores\/","url":"https:\/\/jornalfatosenoticias.com.br\/index.php\/2025\/10\/29\/alerta-producao-automotiva-no-brasil-corre-risco-de-parar-devido-a-escassez-de-semicondutores\/","name":"Alerta: produ\u00e7\u00e3o automotiva no Brasil corre risco de parar devido \u00e0 escassez de semicondutores - Jornal Fatos e Not\u00edcias","isPartOf":{"@id":"https:\/\/jornalfatosenoticias.com.br\/#website"},"primaryImageOfPage":{"@id":"https:\/\/jornalfatosenoticias.com.br\/index.php\/2025\/10\/29\/alerta-producao-automotiva-no-brasil-corre-risco-de-parar-devido-a-escassez-de-semicondutores\/#primaryimage"},"image":{"@id":"https:\/\/jornalfatosenoticias.com.br\/index.php\/2025\/10\/29\/alerta-producao-automotiva-no-brasil-corre-risco-de-parar-devido-a-escassez-de-semicondutores\/#primaryimage"},"thumbnailUrl":"https:\/\/jornalfatosenoticias.com.br\/wp-content\/uploads\/2025\/10\/escassez-de-semicondutores2_freepik.jpg","datePublished":"2025-10-29T15:39:14+00:00","dateModified":"2025-10-29T15:39:15+00:00","breadcrumb":{"@id":"https:\/\/jornalfatosenoticias.com.br\/index.php\/2025\/10\/29\/alerta-producao-automotiva-no-brasil-corre-risco-de-parar-devido-a-escassez-de-semicondutores\/#breadcrumb"},"inLanguage":"pt-BR","potentialAction":[{"@type":"ReadAction","target":["https:\/\/jornalfatosenoticias.com.br\/index.php\/2025\/10\/29\/alerta-producao-automotiva-no-brasil-corre-risco-de-parar-devido-a-escassez-de-semicondutores\/"]}]},{"@type":"ImageObject","inLanguage":"pt-BR","@id":"https:\/\/jornalfatosenoticias.com.br\/index.php\/2025\/10\/29\/alerta-producao-automotiva-no-brasil-corre-risco-de-parar-devido-a-escassez-de-semicondutores\/#primaryimage","url":"https:\/\/jornalfatosenoticias.com.br\/wp-content\/uploads\/2025\/10\/escassez-de-semicondutores2_freepik.jpg","contentUrl":"https:\/\/jornalfatosenoticias.com.br\/wp-content\/uploads\/2025\/10\/escassez-de-semicondutores2_freepik.jpg","width":626,"height":313},{"@type":"BreadcrumbList","@id":"https:\/\/jornalfatosenoticias.com.br\/index.php\/2025\/10\/29\/alerta-producao-automotiva-no-brasil-corre-risco-de-parar-devido-a-escassez-de-semicondutores\/#breadcrumb","itemListElement":[{"@type":"ListItem","position":1,"name":"In\u00edcio","item":"https:\/\/jornalfatosenoticias.com.br\/"},{"@type":"ListItem","position":2,"name":"Alerta: produ\u00e7\u00e3o automotiva no Brasil corre risco de parar devido \u00e0 escassez de semicondutores"}]},{"@type":"WebSite","@id":"https:\/\/jornalfatosenoticias.com.br\/#website","url":"https:\/\/jornalfatosenoticias.com.br\/","name":"Jornal Fatos e Not\u00edcias","description":"Not\u00edcias em geral","publisher":{"@id":"https:\/\/jornalfatosenoticias.com.br\/#organization"},"potentialAction":[{"@type":"SearchAction","target":{"@type":"EntryPoint","urlTemplate":"https:\/\/jornalfatosenoticias.com.br\/?s={search_term_string}"},"query-input":{"@type":"PropertyValueSpecification","valueRequired":true,"valueName":"search_term_string"}}],"inLanguage":"pt-BR"},{"@type":"Organization","@id":"https:\/\/jornalfatosenoticias.com.br\/#organization","name":"Jornal Fatos e Not\u00edcias","url":"https:\/\/jornalfatosenoticias.com.br\/","logo":{"@type":"ImageObject","inLanguage":"pt-BR","@id":"https:\/\/jornalfatosenoticias.com.br\/#\/schema\/logo\/image\/","url":"https:\/\/jornalfatosenoticias.com.br\/wp-content\/uploads\/2020\/02\/logo120.png","contentUrl":"https:\/\/jornalfatosenoticias.com.br\/wp-content\/uploads\/2020\/02\/logo120.png","width":1227,"height":120,"caption":"Jornal Fatos e Not\u00edcias"},"image":{"@id":"https:\/\/jornalfatosenoticias.com.br\/#\/schema\/logo\/image\/"}},{"@type":"Person","@id":"https:\/\/jornalfatosenoticias.com.br\/#\/schema\/person\/d63837fa13ac8666eb9e74e0985d6f81","name":"Luzimara Fernandes","image":{"@type":"ImageObject","inLanguage":"pt-BR","@id":"https:\/\/jornalfatosenoticias.com.br\/#\/schema\/person\/image\/","url":"https:\/\/jornalfatosenoticias.com.br\/wp-content\/uploads\/2025\/05\/EU_portal.jpg","contentUrl":"https:\/\/jornalfatosenoticias.com.br\/wp-content\/uploads\/2025\/05\/EU_portal.jpg","caption":"Luzimara Fernandes"},"description":"Jornalista MTB 2358-ES","sameAs":["https:\/\/jornalfatosenoticias.com.br"],"url":"https:\/\/jornalfatosenoticias.com.br\/index.php\/author\/luzimara\/"}]}},"cc_featured_image_caption":{"caption_text":"(Foto: Freepik)  ","source_text":"","source_url":""},"jetpack_featured_media_url":"https:\/\/jornalfatosenoticias.com.br\/wp-content\/uploads\/2025\/10\/escassez-de-semicondutores2_freepik.jpg","_links":{"self":[{"href":"https:\/\/jornalfatosenoticias.com.br\/index.php\/wp-json\/wp\/v2\/posts\/62889","targetHints":{"allow":["GET"]}}],"collection":[{"href":"https:\/\/jornalfatosenoticias.com.br\/index.php\/wp-json\/wp\/v2\/posts"}],"about":[{"href":"https:\/\/jornalfatosenoticias.com.br\/index.php\/wp-json\/wp\/v2\/types\/post"}],"author":[{"embeddable":true,"href":"https:\/\/jornalfatosenoticias.com.br\/index.php\/wp-json\/wp\/v2\/users\/2"}],"replies":[{"embeddable":true,"href":"https:\/\/jornalfatosenoticias.com.br\/index.php\/wp-json\/wp\/v2\/comments?post=62889"}],"version-history":[{"count":0,"href":"https:\/\/jornalfatosenoticias.com.br\/index.php\/wp-json\/wp\/v2\/posts\/62889\/revisions"}],"wp:featuredmedia":[{"embeddable":true,"href":"https:\/\/jornalfatosenoticias.com.br\/index.php\/wp-json\/wp\/v2\/media\/62892"}],"wp:attachment":[{"href":"https:\/\/jornalfatosenoticias.com.br\/index.php\/wp-json\/wp\/v2\/media?parent=62889"}],"wp:term":[{"taxonomy":"category","embeddable":true,"href":"https:\/\/jornalfatosenoticias.com.br\/index.php\/wp-json\/wp\/v2\/categories?post=62889"},{"taxonomy":"post_tag","embeddable":true,"href":"https:\/\/jornalfatosenoticias.com.br\/index.php\/wp-json\/wp\/v2\/tags?post=62889"}],"curies":[{"name":"wp","href":"https:\/\/api.w.org\/{rel}","templated":true}]}}