{"id":62954,"date":"2025-10-30T14:56:55","date_gmt":"2025-10-30T17:56:55","guid":{"rendered":"https:\/\/jornalfatosenoticias.com.br\/?p=62954"},"modified":"2026-03-23T10:32:29","modified_gmt":"2026-03-23T13:32:29","slug":"lider-que-ve-o-farol-nao-apenas-o-feed","status":"publish","type":"post","link":"https:\/\/jornalfatosenoticias.com.br\/index.php\/2025\/10\/30\/lider-que-ve-o-farol-nao-apenas-o-feed\/","title":{"rendered":"L\u00edder que v\u00ea o farol, n\u00e3o apenas o feed"},"content":{"rendered":"\n<div class=\"wp-block-image\"><figure class=\"aligncenter size-large is-resized\"><a href=\"https:\/\/www.facebook.com\/vetor.vix\/\"><img loading=\"lazy\" decoding=\"async\" src=\"https:\/\/jornalfatosenoticias.com.br\/wp-content\/uploads\/2023\/09\/vetorvix1024_1.jpg\" alt=\"\" class=\"wp-image-44868\" width=\"535\" height=\"142\" srcset=\"https:\/\/jornalfatosenoticias.com.br\/wp-content\/uploads\/2023\/09\/vetorvix1024_1.jpg 1024w, https:\/\/jornalfatosenoticias.com.br\/wp-content\/uploads\/2023\/09\/vetorvix1024_1-300x80.jpg 300w, https:\/\/jornalfatosenoticias.com.br\/wp-content\/uploads\/2023\/09\/vetorvix1024_1-768x205.jpg 768w\" sizes=\"auto, (max-width: 535px) 100vw, 535px\" \/><\/a><\/figure><\/div>\n\n\n\n<p>No mundo cada vez mais impactado pelo mercado digital e por IA, ficou comum terceirizar para um computador as an\u00e1lises e avalia\u00e7\u00f5es que antes eram exclusivas de humanos. Cada vez mais profissionais de todos os setores aplicam essas ferramentas com o intuito de alcan\u00e7ar resultados melhores e mais diferenciados.<br>At\u00e9 a\u00ed, tudo bem, mas seria negligente n\u00e3o pontuar que determinadas situa\u00e7\u00f5es (ainda) pedem um olhar humano para identificar alternativas mais adequadas aos seus resultados. Por exemplo, no marketing digital explora-se muito termos como <em>\u201cbig data\u201d<\/em>, \u201calgoritmo\u201d, \u201ctransforma\u00e7\u00e3o digital\u201d. Estes s\u00e3o vendidos como a solu\u00e7\u00e3o definitiva para qualquer neg\u00f3cio. Mas ser\u00e1 que uma ferramenta consegue atender do MEI \u00e0 multinacional sem nenhuma adapta\u00e7\u00e3o ou ajuste? Como se espera que a lideran\u00e7a trabalhe com essa contradi\u00e7\u00e3o?<\/p>\n\n\n\n<div class=\"wp-block-image\"><figure class=\"aligncenter size-large is-resized\"><a href=\"https:\/\/www.instagram.com\/serra4x4cambioautomatico\/\"><img loading=\"lazy\" decoding=\"async\" src=\"https:\/\/jornalfatosenoticias.com.br\/wp-content\/uploads\/2024\/08\/Serra-4x4-1-886x1024.jpg\" alt=\"\" class=\"wp-image-53632\" width=\"277\" height=\"320\" srcset=\"https:\/\/jornalfatosenoticias.com.br\/wp-content\/uploads\/2024\/08\/Serra-4x4-1-886x1024.jpg 886w, https:\/\/jornalfatosenoticias.com.br\/wp-content\/uploads\/2024\/08\/Serra-4x4-1-260x300.jpg 260w, https:\/\/jornalfatosenoticias.com.br\/wp-content\/uploads\/2024\/08\/Serra-4x4-1-768x888.jpg 768w, https:\/\/jornalfatosenoticias.com.br\/wp-content\/uploads\/2024\/08\/Serra-4x4-1.jpg 1181w\" sizes=\"auto, (max-width: 277px) 100vw, 277px\" \/><\/a><\/figure><\/div>\n\n\n\n<p>Essas perguntas s\u00e3o pertinentes porque evidenciam a import\u00e2ncia de o l\u00edder se guiar por um farol de resultados. Este n\u00e3o \u00e9 apenas uma luz; \u00e9 o guia que impede a embarca\u00e7\u00e3o de bater nas pedras, orientando a gest\u00e3o para a efic\u00e1cia nas rotinas (execu\u00e7\u00e3o, vendas, comercial, financeiro). E, dentro desta janela espec\u00edfica do marketing, este farol pode demandar uma solu\u00e7\u00e3o que muitas vezes diverge do senso comum e exige uma abordagem h\u00edbrida, como o casamento do <em>marketing<\/em> f\u00edsico (panfleto, carro de som) com o <em>marketing<\/em> digital (redes sociais).<\/p>\n\n\n\n<div class=\"wp-block-image\"><figure class=\"aligncenter size-large\"><img loading=\"lazy\" decoding=\"async\" width=\"1000\" height=\"1000\" src=\"https:\/\/jornalfatosenoticias.com.br\/wp-content\/uploads\/2025\/10\/texto-Francisco-1.jpg\" alt=\"\" class=\"wp-image-62956\" srcset=\"https:\/\/jornalfatosenoticias.com.br\/wp-content\/uploads\/2025\/10\/texto-Francisco-1.jpg 1000w, https:\/\/jornalfatosenoticias.com.br\/wp-content\/uploads\/2025\/10\/texto-Francisco-1-300x300.jpg 300w, https:\/\/jornalfatosenoticias.com.br\/wp-content\/uploads\/2025\/10\/texto-Francisco-1-150x150.jpg 150w, https:\/\/jornalfatosenoticias.com.br\/wp-content\/uploads\/2025\/10\/texto-Francisco-1-768x768.jpg 768w\" sizes=\"auto, (max-width: 1000px) 100vw, 1000px\" \/><figcaption><em><span class=\"has-inline-color has-black-color\">(Foto: Gerada por IA)<\/span><\/em><\/figcaption><\/figure><\/div>\n\n\n\n<p>Um papel fundamental da lideran\u00e7a \u00e9 sempre estar atento n\u00e3o somente aos resultados em si, mas tamb\u00e9m ao<em> timing<\/em> e ao caminho a ser percorrido para alcan\u00e7\u00e1-los. Existe a ambi\u00e7\u00e3o de ter o seu neg\u00f3cio como uma grande usina solar gerando energia e economias da conta de luz durante d\u00e9cadas. Mas, antes de chegar l\u00e1, \u00e9 necess\u00e1rio AGORA um disjuntor bem dimensionado para proteger as instala\u00e7\u00f5es. Se o empres\u00e1rio precisa criar sustentabilidade para que sua padaria seja a maior do Estado em cinco anos, antes ele deve lan\u00e7ar m\u00e3o de um carro de som divulgando seu neg\u00f3cio ao redor das quatro quadras mais pr\u00f3ximas \u00e0 loja. Quando bem gerido, o b\u00e1sico da divulga\u00e7\u00e3o garante o Produto M\u00ednimo Vi\u00e1vel (MVP) do neg\u00f3cio e proporciona o in\u00edcio da prosperidade desejada.<\/p>\n\n\n\n<div class=\"wp-block-image\"><figure class=\"aligncenter size-large is-resized\"><a href=\"https:\/\/www.instagram.com\/gruposei\/\"><img loading=\"lazy\" decoding=\"async\" src=\"https:\/\/jornalfatosenoticias.com.br\/wp-content\/uploads\/2022\/07\/Logo-Grupo-SEI.jpg\" alt=\"\" class=\"wp-image-31973\" width=\"360\" height=\"189\" srcset=\"https:\/\/jornalfatosenoticias.com.br\/wp-content\/uploads\/2022\/07\/Logo-Grupo-SEI.jpg 713w, https:\/\/jornalfatosenoticias.com.br\/wp-content\/uploads\/2022\/07\/Logo-Grupo-SEI-300x158.jpg 300w\" sizes=\"auto, (max-width: 360px) 100vw, 360px\" \/><\/a><\/figure><\/div>\n\n\n\n<p>E \u00e9 realmente s\u00f3 o in\u00edcio, pois conex\u00f5es e ajustes devem ser proporcionados pelo l\u00edder para o pr\u00f3ximo n\u00edvel. \u00c9 aquele momento de transfer\u00eancia do objetivo que se inicia como tang\u00edvel e que, para evoluir, precisa se tornar mensur\u00e1vel. O panfleto ou o <em>outdoor<\/em> n\u00e3o \u00e9 mais o fim da comunica\u00e7\u00e3o, \u00e9 o \u00edm\u00e3. O marketing f\u00edsico faz o barulho; o digital faz a reten\u00e7\u00e3o e a mensura\u00e7\u00e3o. Por exemplo, o panfleto (f\u00edsico) possui informa\u00e7\u00f5es (<em>QR code<\/em>, telefone, endere\u00e7o) que afirmam, sem titubear: \u201cestamos aqui. Voc\u00ea precisa disso. Entre em contato agora\u201d. Ele atrai o consumidor como um \u00edm\u00e3, sem filtros, no mundo real.<\/p>\n\n\n\n<div class=\"wp-block-image\"><figure class=\"aligncenter size-large\"><a href=\"http:\/\/www.ferrarimaquinas.com.br\/\"><img loading=\"lazy\" decoding=\"async\" width=\"300\" height=\"250\" src=\"https:\/\/jornalfatosenoticias.com.br\/wp-content\/uploads\/2022\/02\/FERRARI_MAQUINAS-E-FERRAMENTAS2.jpg\" alt=\"\" class=\"wp-image-27860\"\/><\/a><\/figure><\/div>\n\n\n\n<p>Cabe ao pr\u00f3ximo n\u00edvel <strong>reter<\/strong> os interessados e transform\u00e1-los em clientes. Essa convers\u00e3o exige outras ferramentas que o l\u00edder deve <strong>aplicar<\/strong> no momento adequado. O pr\u00f3ximo passo da venda \u00e9 a reten\u00e7\u00e3o e a mensura\u00e7\u00e3o de resultados, e aqui exige-se do empres\u00e1rio somente pragmatismo: funciona ou n\u00e3o?<br>\u2022 Este tr\u00e1fego pago est\u00e1 sendo eficaz, como aquele curso pregou?<br>\u2022 E as estrat\u00e9gias de divulga\u00e7\u00e3o, quanto custam e o que trazem de retorno para que eu possa arcar com o custo do marketing?<br>\u2022 A cadeia de prospec\u00e7\u00e3o est\u00e1 em resson\u00e2ncia ou algo est\u00e1 vibrando em desarmonia?<\/p>\n\n\n\n<div class=\"wp-block-image\"><figure class=\"aligncenter size-large\"><img loading=\"lazy\" decoding=\"async\" width=\"1000\" height=\"1000\" src=\"https:\/\/jornalfatosenoticias.com.br\/wp-content\/uploads\/2025\/10\/usina-e-disjuntor_texto-Francisco.png\" alt=\"\" class=\"wp-image-62957\" srcset=\"https:\/\/jornalfatosenoticias.com.br\/wp-content\/uploads\/2025\/10\/usina-e-disjuntor_texto-Francisco.png 1000w, https:\/\/jornalfatosenoticias.com.br\/wp-content\/uploads\/2025\/10\/usina-e-disjuntor_texto-Francisco-300x300.png 300w, https:\/\/jornalfatosenoticias.com.br\/wp-content\/uploads\/2025\/10\/usina-e-disjuntor_texto-Francisco-150x150.png 150w, https:\/\/jornalfatosenoticias.com.br\/wp-content\/uploads\/2025\/10\/usina-e-disjuntor_texto-Francisco-768x768.png 768w\" sizes=\"auto, (max-width: 1000px) 100vw, 1000px\" \/><figcaption><em><span class=\"has-inline-color has-black-color\">Usina e disjuntor (Foto: Gerada por IA\/Francisco Neto)<\/span><\/em><\/figcaption><\/figure><\/div>\n\n\n\n<p>A lideran\u00e7a eficaz \u00e9 aquela que entende que o b\u00e1sico (a distribui\u00e7\u00e3o daquele panfleto, a rota do carro de som) precisa ser gerenciado com a mesma precis\u00e3o e rigor que uma campanha digital de R$ 10.000. \u00c9 a\u00ed que a gest\u00e3o faz a diferen\u00e7a, n\u00e3o a tecnologia.<\/p>\n\n\n\n<div class=\"wp-block-image\"><figure class=\"aligncenter size-large is-resized\"><a href=\"https:\/\/www.controlsystems.com.br\/\"><img loading=\"lazy\" decoding=\"async\" src=\"https:\/\/jornalfatosenoticias.com.br\/wp-content\/uploads\/2020\/02\/CONTROL-CS.jpg\" alt=\"\" class=\"wp-image-44991\" width=\"257\" height=\"308\" srcset=\"https:\/\/jornalfatosenoticias.com.br\/wp-content\/uploads\/2020\/02\/CONTROL-CS.jpg 834w, https:\/\/jornalfatosenoticias.com.br\/wp-content\/uploads\/2020\/02\/CONTROL-CS-250x300.jpg 250w, https:\/\/jornalfatosenoticias.com.br\/wp-content\/uploads\/2020\/02\/CONTROL-CS-768x921.jpg 768w\" sizes=\"auto, (max-width: 257px) 100vw, 257px\" \/><\/a><\/figure><\/div>\n\n\n\n<p>N\u00e3o \u00e9 uma quest\u00e3o de ser \u201craiz\u201d ou reviver a nostalgia, essa vaidade n\u00e3o tem espa\u00e7o nos neg\u00f3cios. Exige-se de um l\u00edder transformador aplicar as ferramentas adequadas para a realidade, o objetivo final e a vis\u00e3o de curto, m\u00e9dio e longo prazo necess\u00e1rias para unir o sonho com a mat\u00e9ria. O gestor precisa se atentar ao farol de neg\u00f3cios e n\u00e3o somente ao seu <em>feed<\/em> para alavancar sua empresa, ou do contr\u00e1rio deixar\u00e1 passar grandes oportunidades por ignor\u00e2ncia ou falta de humildade t\u00e1tica. Quem triunfa em 2025 \u00e9 aquele que, finalmente, aprendeu a conectar o papel na m\u00e3o do cliente com os dados na tela do computador.<\/p>\n\n\n\n<div class=\"wp-block-image\"><figure class=\"aligncenter size-large is-resized\"><a href=\"https:\/\/www.instagram.com\/restaurantepegoretti\/\"><img loading=\"lazy\" decoding=\"async\" src=\"https:\/\/jornalfatosenoticias.com.br\/wp-content\/uploads\/2023\/12\/pegoretti-logo-pdf-1024x389.jpg\" alt=\"\" class=\"wp-image-47536\" width=\"530\" height=\"201\" srcset=\"https:\/\/jornalfatosenoticias.com.br\/wp-content\/uploads\/2023\/12\/pegoretti-logo-pdf-1024x389.jpg 1024w, https:\/\/jornalfatosenoticias.com.br\/wp-content\/uploads\/2023\/12\/pegoretti-logo-pdf-300x114.jpg 300w, https:\/\/jornalfatosenoticias.com.br\/wp-content\/uploads\/2023\/12\/pegoretti-logo-pdf-768x291.jpg 768w, https:\/\/jornalfatosenoticias.com.br\/wp-content\/uploads\/2023\/12\/pegoretti-logo-pdf.jpg 1120w\" sizes=\"auto, (max-width: 530px) 100vw, 530px\" \/><\/a><\/figure><\/div>\n\n\n\n<p><\/p>\n","protected":false},"excerpt":{"rendered":"<p>No mundo cada vez mais impactado pelo mercado digital e por IA, ficou comum terceirizar para um computador as an\u00e1lises e avalia\u00e7\u00f5es que antes eram exclusivas de humanos. Cada vez mais profissionais de todos os setores aplicam essas ferramentas com o intuito de alcan\u00e7ar resultados melhores e mais diferenciados.At\u00e9 a\u00ed, tudo bem, mas seria negligente [&hellip;]<\/p>\n","protected":false},"author":44,"featured_media":62958,"comment_status":"open","ping_status":"open","sticky":false,"template":"","format":"standard","meta":{"footnotes":""},"categories":[30078],"tags":[1835,28722,28723,28721,4523,7727,1059,11159,556,198,17471],"class_list":["post-62954","post","type-post","status-publish","format-standard","has-post-thumbnail","hentry","category-carreiras-negocios","tag-algoritmo","tag-big-data","tag-farol","tag-feed","tag-gestor","tag-ia","tag-lider","tag-lideranca","tag-marketing","tag-tecnologia","tag-transformacao-digital"],"yoast_head":"<!-- This site is optimized with the Yoast SEO plugin v26.5 - https:\/\/yoast.com\/wordpress\/plugins\/seo\/ -->\n<title>L\u00edder que v\u00ea o farol, n\u00e3o apenas o feed - Jornal Fatos e Not\u00edcias<\/title>\n<meta name=\"robots\" content=\"index, follow, max-snippet:-1, max-image-preview:large, max-video-preview:-1\" \/>\n<link rel=\"canonical\" href=\"https:\/\/jornalfatosenoticias.com.br\/index.php\/2025\/10\/30\/lider-que-ve-o-farol-nao-apenas-o-feed\/\" \/>\n<meta property=\"og:locale\" content=\"pt_BR\" \/>\n<meta property=\"og:type\" content=\"article\" \/>\n<meta property=\"og:title\" content=\"L\u00edder que v\u00ea o farol, n\u00e3o apenas o feed - Jornal Fatos e Not\u00edcias\" \/>\n<meta property=\"og:description\" content=\"No mundo cada vez mais impactado pelo mercado digital e por IA, ficou comum terceirizar para um computador as an\u00e1lises e avalia\u00e7\u00f5es que antes eram exclusivas de humanos. Cada vez mais profissionais de todos os setores aplicam essas ferramentas com o intuito de alcan\u00e7ar resultados melhores e mais diferenciados.At\u00e9 a\u00ed, tudo bem, mas seria negligente [&hellip;]\" \/>\n<meta property=\"og:url\" content=\"https:\/\/jornalfatosenoticias.com.br\/index.php\/2025\/10\/30\/lider-que-ve-o-farol-nao-apenas-o-feed\/\" \/>\n<meta property=\"og:site_name\" content=\"Jornal Fatos e Not\u00edcias\" \/>\n<meta property=\"article:published_time\" content=\"2025-10-30T17:56:55+00:00\" \/>\n<meta property=\"article:modified_time\" content=\"2026-03-23T13:32:29+00:00\" \/>\n<meta property=\"og:image\" content=\"https:\/\/jornalfatosenoticias.com.br\/wp-content\/uploads\/2025\/10\/lider_texto-Francisco_freepik.jpg\" \/>\n\t<meta property=\"og:image:width\" content=\"1000\" \/>\n\t<meta property=\"og:image:height\" content=\"666\" \/>\n\t<meta property=\"og:image:type\" content=\"image\/jpeg\" \/>\n<meta name=\"author\" content=\"Francisco Neto\" \/>\n<meta name=\"twitter:card\" content=\"summary_large_image\" \/>\n<meta name=\"twitter:label1\" content=\"Escrito por\" \/>\n\t<meta name=\"twitter:data1\" content=\"Francisco Neto\" \/>\n<script type=\"application\/ld+json\" class=\"yoast-schema-graph\">{\"@context\":\"https:\/\/schema.org\",\"@graph\":[{\"@type\":\"Article\",\"@id\":\"https:\/\/jornalfatosenoticias.com.br\/index.php\/2025\/10\/30\/lider-que-ve-o-farol-nao-apenas-o-feed\/#article\",\"isPartOf\":{\"@id\":\"https:\/\/jornalfatosenoticias.com.br\/index.php\/2025\/10\/30\/lider-que-ve-o-farol-nao-apenas-o-feed\/\"},\"author\":{\"name\":\"Francisco Neto\",\"@id\":\"https:\/\/jornalfatosenoticias.com.br\/#\/schema\/person\/d3d464ddbcaf3c3ddfb099ca10ab2cc6\"},\"headline\":\"L\u00edder que v\u00ea o farol, n\u00e3o apenas o feed\",\"datePublished\":\"2025-10-30T17:56:55+00:00\",\"dateModified\":\"2026-03-23T13:32:29+00:00\",\"mainEntityOfPage\":{\"@id\":\"https:\/\/jornalfatosenoticias.com.br\/index.php\/2025\/10\/30\/lider-que-ve-o-farol-nao-apenas-o-feed\/\"},\"wordCount\":796,\"commentCount\":0,\"publisher\":{\"@id\":\"https:\/\/jornalfatosenoticias.com.br\/#organization\"},\"image\":{\"@id\":\"https:\/\/jornalfatosenoticias.com.br\/index.php\/2025\/10\/30\/lider-que-ve-o-farol-nao-apenas-o-feed\/#primaryimage\"},\"thumbnailUrl\":\"https:\/\/jornalfatosenoticias.com.br\/wp-content\/uploads\/2025\/10\/lider_texto-Francisco_freepik.jpg\",\"keywords\":[\"algoritmo\",\"big data\",\"farol\",\"feed\",\"gestor\",\"IA\",\"l\u00edder\",\"lideran\u00e7a\",\"marketing\",\"tecnologia\",\"transforma\u00e7\u00e3o digital\"],\"articleSection\":[\"Carreiras &amp; Neg\u00f3cios\"],\"inLanguage\":\"pt-BR\",\"potentialAction\":[{\"@type\":\"CommentAction\",\"name\":\"Comment\",\"target\":[\"https:\/\/jornalfatosenoticias.com.br\/index.php\/2025\/10\/30\/lider-que-ve-o-farol-nao-apenas-o-feed\/#respond\"]}]},{\"@type\":\"WebPage\",\"@id\":\"https:\/\/jornalfatosenoticias.com.br\/index.php\/2025\/10\/30\/lider-que-ve-o-farol-nao-apenas-o-feed\/\",\"url\":\"https:\/\/jornalfatosenoticias.com.br\/index.php\/2025\/10\/30\/lider-que-ve-o-farol-nao-apenas-o-feed\/\",\"name\":\"L\u00edder que v\u00ea o farol, n\u00e3o apenas o feed - Jornal Fatos e Not\u00edcias\",\"isPartOf\":{\"@id\":\"https:\/\/jornalfatosenoticias.com.br\/#website\"},\"primaryImageOfPage\":{\"@id\":\"https:\/\/jornalfatosenoticias.com.br\/index.php\/2025\/10\/30\/lider-que-ve-o-farol-nao-apenas-o-feed\/#primaryimage\"},\"image\":{\"@id\":\"https:\/\/jornalfatosenoticias.com.br\/index.php\/2025\/10\/30\/lider-que-ve-o-farol-nao-apenas-o-feed\/#primaryimage\"},\"thumbnailUrl\":\"https:\/\/jornalfatosenoticias.com.br\/wp-content\/uploads\/2025\/10\/lider_texto-Francisco_freepik.jpg\",\"datePublished\":\"2025-10-30T17:56:55+00:00\",\"dateModified\":\"2026-03-23T13:32:29+00:00\",\"breadcrumb\":{\"@id\":\"https:\/\/jornalfatosenoticias.com.br\/index.php\/2025\/10\/30\/lider-que-ve-o-farol-nao-apenas-o-feed\/#breadcrumb\"},\"inLanguage\":\"pt-BR\",\"potentialAction\":[{\"@type\":\"ReadAction\",\"target\":[\"https:\/\/jornalfatosenoticias.com.br\/index.php\/2025\/10\/30\/lider-que-ve-o-farol-nao-apenas-o-feed\/\"]}]},{\"@type\":\"ImageObject\",\"inLanguage\":\"pt-BR\",\"@id\":\"https:\/\/jornalfatosenoticias.com.br\/index.php\/2025\/10\/30\/lider-que-ve-o-farol-nao-apenas-o-feed\/#primaryimage\",\"url\":\"https:\/\/jornalfatosenoticias.com.br\/wp-content\/uploads\/2025\/10\/lider_texto-Francisco_freepik.jpg\",\"contentUrl\":\"https:\/\/jornalfatosenoticias.com.br\/wp-content\/uploads\/2025\/10\/lider_texto-Francisco_freepik.jpg\",\"width\":1000,\"height\":666,\"caption\":\"blond businessman happy expression\"},{\"@type\":\"BreadcrumbList\",\"@id\":\"https:\/\/jornalfatosenoticias.com.br\/index.php\/2025\/10\/30\/lider-que-ve-o-farol-nao-apenas-o-feed\/#breadcrumb\",\"itemListElement\":[{\"@type\":\"ListItem\",\"position\":1,\"name\":\"In\u00edcio\",\"item\":\"https:\/\/jornalfatosenoticias.com.br\/\"},{\"@type\":\"ListItem\",\"position\":2,\"name\":\"L\u00edder que v\u00ea o farol, n\u00e3o apenas o feed\"}]},{\"@type\":\"WebSite\",\"@id\":\"https:\/\/jornalfatosenoticias.com.br\/#website\",\"url\":\"https:\/\/jornalfatosenoticias.com.br\/\",\"name\":\"Jornal Fatos e Not\u00edcias\",\"description\":\"Not\u00edcias em geral\",\"publisher\":{\"@id\":\"https:\/\/jornalfatosenoticias.com.br\/#organization\"},\"potentialAction\":[{\"@type\":\"SearchAction\",\"target\":{\"@type\":\"EntryPoint\",\"urlTemplate\":\"https:\/\/jornalfatosenoticias.com.br\/?s={search_term_string}\"},\"query-input\":{\"@type\":\"PropertyValueSpecification\",\"valueRequired\":true,\"valueName\":\"search_term_string\"}}],\"inLanguage\":\"pt-BR\"},{\"@type\":\"Organization\",\"@id\":\"https:\/\/jornalfatosenoticias.com.br\/#organization\",\"name\":\"Jornal Fatos e Not\u00edcias\",\"url\":\"https:\/\/jornalfatosenoticias.com.br\/\",\"logo\":{\"@type\":\"ImageObject\",\"inLanguage\":\"pt-BR\",\"@id\":\"https:\/\/jornalfatosenoticias.com.br\/#\/schema\/logo\/image\/\",\"url\":\"https:\/\/jornalfatosenoticias.com.br\/wp-content\/uploads\/2020\/02\/logo120.png\",\"contentUrl\":\"https:\/\/jornalfatosenoticias.com.br\/wp-content\/uploads\/2020\/02\/logo120.png\",\"width\":1227,\"height\":120,\"caption\":\"Jornal Fatos e Not\u00edcias\"},\"image\":{\"@id\":\"https:\/\/jornalfatosenoticias.com.br\/#\/schema\/logo\/image\/\"}},{\"@type\":\"Person\",\"@id\":\"https:\/\/jornalfatosenoticias.com.br\/#\/schema\/person\/d3d464ddbcaf3c3ddfb099ca10ab2cc6\",\"name\":\"Francisco Neto\",\"image\":{\"@type\":\"ImageObject\",\"inLanguage\":\"pt-BR\",\"@id\":\"https:\/\/jornalfatosenoticias.com.br\/#\/schema\/person\/image\/\",\"url\":\"https:\/\/jornalfatosenoticias.com.br\/wp-content\/uploads\/2025\/10\/Francisco.jpeg\",\"contentUrl\":\"https:\/\/jornalfatosenoticias.com.br\/wp-content\/uploads\/2025\/10\/Francisco.jpeg\",\"caption\":\"Francisco Neto\"},\"description\":\"Engenheiro eletricista da Conexa Engenharia Transformo solu\u00e7\u00f5es inteligentes em energia, efici\u00eancia e seguran\u00e7a. Instagram: @sou.conexa\",\"url\":\"https:\/\/jornalfatosenoticias.com.br\/index.php\/author\/francisco-neto\/\"}]}<\/script>\n<!-- \/ Yoast SEO plugin. -->","yoast_head_json":{"title":"L\u00edder que v\u00ea o farol, n\u00e3o apenas o feed - Jornal Fatos e Not\u00edcias","robots":{"index":"index","follow":"follow","max-snippet":"max-snippet:-1","max-image-preview":"max-image-preview:large","max-video-preview":"max-video-preview:-1"},"canonical":"https:\/\/jornalfatosenoticias.com.br\/index.php\/2025\/10\/30\/lider-que-ve-o-farol-nao-apenas-o-feed\/","og_locale":"pt_BR","og_type":"article","og_title":"L\u00edder que v\u00ea o farol, n\u00e3o apenas o feed - Jornal Fatos e Not\u00edcias","og_description":"No mundo cada vez mais impactado pelo mercado digital e por IA, ficou comum terceirizar para um computador as an\u00e1lises e avalia\u00e7\u00f5es que antes eram exclusivas de humanos. Cada vez mais profissionais de todos os setores aplicam essas ferramentas com o intuito de alcan\u00e7ar resultados melhores e mais diferenciados.At\u00e9 a\u00ed, tudo bem, mas seria negligente [&hellip;]","og_url":"https:\/\/jornalfatosenoticias.com.br\/index.php\/2025\/10\/30\/lider-que-ve-o-farol-nao-apenas-o-feed\/","og_site_name":"Jornal Fatos e Not\u00edcias","article_published_time":"2025-10-30T17:56:55+00:00","article_modified_time":"2026-03-23T13:32:29+00:00","og_image":[{"width":1000,"height":666,"url":"https:\/\/jornalfatosenoticias.com.br\/wp-content\/uploads\/2025\/10\/lider_texto-Francisco_freepik.jpg","type":"image\/jpeg"}],"author":"Francisco Neto","twitter_card":"summary_large_image","twitter_misc":{"Escrito por":"Francisco Neto"},"schema":{"@context":"https:\/\/schema.org","@graph":[{"@type":"Article","@id":"https:\/\/jornalfatosenoticias.com.br\/index.php\/2025\/10\/30\/lider-que-ve-o-farol-nao-apenas-o-feed\/#article","isPartOf":{"@id":"https:\/\/jornalfatosenoticias.com.br\/index.php\/2025\/10\/30\/lider-que-ve-o-farol-nao-apenas-o-feed\/"},"author":{"name":"Francisco Neto","@id":"https:\/\/jornalfatosenoticias.com.br\/#\/schema\/person\/d3d464ddbcaf3c3ddfb099ca10ab2cc6"},"headline":"L\u00edder que v\u00ea o farol, n\u00e3o apenas o feed","datePublished":"2025-10-30T17:56:55+00:00","dateModified":"2026-03-23T13:32:29+00:00","mainEntityOfPage":{"@id":"https:\/\/jornalfatosenoticias.com.br\/index.php\/2025\/10\/30\/lider-que-ve-o-farol-nao-apenas-o-feed\/"},"wordCount":796,"commentCount":0,"publisher":{"@id":"https:\/\/jornalfatosenoticias.com.br\/#organization"},"image":{"@id":"https:\/\/jornalfatosenoticias.com.br\/index.php\/2025\/10\/30\/lider-que-ve-o-farol-nao-apenas-o-feed\/#primaryimage"},"thumbnailUrl":"https:\/\/jornalfatosenoticias.com.br\/wp-content\/uploads\/2025\/10\/lider_texto-Francisco_freepik.jpg","keywords":["algoritmo","big data","farol","feed","gestor","IA","l\u00edder","lideran\u00e7a","marketing","tecnologia","transforma\u00e7\u00e3o digital"],"articleSection":["Carreiras &amp; Neg\u00f3cios"],"inLanguage":"pt-BR","potentialAction":[{"@type":"CommentAction","name":"Comment","target":["https:\/\/jornalfatosenoticias.com.br\/index.php\/2025\/10\/30\/lider-que-ve-o-farol-nao-apenas-o-feed\/#respond"]}]},{"@type":"WebPage","@id":"https:\/\/jornalfatosenoticias.com.br\/index.php\/2025\/10\/30\/lider-que-ve-o-farol-nao-apenas-o-feed\/","url":"https:\/\/jornalfatosenoticias.com.br\/index.php\/2025\/10\/30\/lider-que-ve-o-farol-nao-apenas-o-feed\/","name":"L\u00edder que v\u00ea o farol, n\u00e3o apenas o feed - Jornal Fatos e Not\u00edcias","isPartOf":{"@id":"https:\/\/jornalfatosenoticias.com.br\/#website"},"primaryImageOfPage":{"@id":"https:\/\/jornalfatosenoticias.com.br\/index.php\/2025\/10\/30\/lider-que-ve-o-farol-nao-apenas-o-feed\/#primaryimage"},"image":{"@id":"https:\/\/jornalfatosenoticias.com.br\/index.php\/2025\/10\/30\/lider-que-ve-o-farol-nao-apenas-o-feed\/#primaryimage"},"thumbnailUrl":"https:\/\/jornalfatosenoticias.com.br\/wp-content\/uploads\/2025\/10\/lider_texto-Francisco_freepik.jpg","datePublished":"2025-10-30T17:56:55+00:00","dateModified":"2026-03-23T13:32:29+00:00","breadcrumb":{"@id":"https:\/\/jornalfatosenoticias.com.br\/index.php\/2025\/10\/30\/lider-que-ve-o-farol-nao-apenas-o-feed\/#breadcrumb"},"inLanguage":"pt-BR","potentialAction":[{"@type":"ReadAction","target":["https:\/\/jornalfatosenoticias.com.br\/index.php\/2025\/10\/30\/lider-que-ve-o-farol-nao-apenas-o-feed\/"]}]},{"@type":"ImageObject","inLanguage":"pt-BR","@id":"https:\/\/jornalfatosenoticias.com.br\/index.php\/2025\/10\/30\/lider-que-ve-o-farol-nao-apenas-o-feed\/#primaryimage","url":"https:\/\/jornalfatosenoticias.com.br\/wp-content\/uploads\/2025\/10\/lider_texto-Francisco_freepik.jpg","contentUrl":"https:\/\/jornalfatosenoticias.com.br\/wp-content\/uploads\/2025\/10\/lider_texto-Francisco_freepik.jpg","width":1000,"height":666,"caption":"blond businessman happy expression"},{"@type":"BreadcrumbList","@id":"https:\/\/jornalfatosenoticias.com.br\/index.php\/2025\/10\/30\/lider-que-ve-o-farol-nao-apenas-o-feed\/#breadcrumb","itemListElement":[{"@type":"ListItem","position":1,"name":"In\u00edcio","item":"https:\/\/jornalfatosenoticias.com.br\/"},{"@type":"ListItem","position":2,"name":"L\u00edder que v\u00ea o farol, n\u00e3o apenas o feed"}]},{"@type":"WebSite","@id":"https:\/\/jornalfatosenoticias.com.br\/#website","url":"https:\/\/jornalfatosenoticias.com.br\/","name":"Jornal Fatos e Not\u00edcias","description":"Not\u00edcias em geral","publisher":{"@id":"https:\/\/jornalfatosenoticias.com.br\/#organization"},"potentialAction":[{"@type":"SearchAction","target":{"@type":"EntryPoint","urlTemplate":"https:\/\/jornalfatosenoticias.com.br\/?s={search_term_string}"},"query-input":{"@type":"PropertyValueSpecification","valueRequired":true,"valueName":"search_term_string"}}],"inLanguage":"pt-BR"},{"@type":"Organization","@id":"https:\/\/jornalfatosenoticias.com.br\/#organization","name":"Jornal Fatos e Not\u00edcias","url":"https:\/\/jornalfatosenoticias.com.br\/","logo":{"@type":"ImageObject","inLanguage":"pt-BR","@id":"https:\/\/jornalfatosenoticias.com.br\/#\/schema\/logo\/image\/","url":"https:\/\/jornalfatosenoticias.com.br\/wp-content\/uploads\/2020\/02\/logo120.png","contentUrl":"https:\/\/jornalfatosenoticias.com.br\/wp-content\/uploads\/2020\/02\/logo120.png","width":1227,"height":120,"caption":"Jornal Fatos e Not\u00edcias"},"image":{"@id":"https:\/\/jornalfatosenoticias.com.br\/#\/schema\/logo\/image\/"}},{"@type":"Person","@id":"https:\/\/jornalfatosenoticias.com.br\/#\/schema\/person\/d3d464ddbcaf3c3ddfb099ca10ab2cc6","name":"Francisco Neto","image":{"@type":"ImageObject","inLanguage":"pt-BR","@id":"https:\/\/jornalfatosenoticias.com.br\/#\/schema\/person\/image\/","url":"https:\/\/jornalfatosenoticias.com.br\/wp-content\/uploads\/2025\/10\/Francisco.jpeg","contentUrl":"https:\/\/jornalfatosenoticias.com.br\/wp-content\/uploads\/2025\/10\/Francisco.jpeg","caption":"Francisco Neto"},"description":"Engenheiro eletricista da Conexa Engenharia Transformo solu\u00e7\u00f5es inteligentes em energia, efici\u00eancia e seguran\u00e7a. Instagram: @sou.conexa","url":"https:\/\/jornalfatosenoticias.com.br\/index.php\/author\/francisco-neto\/"}]}},"cc_featured_image_caption":{"caption_text":"(Foto: Freepik)","source_text":"","source_url":""},"jetpack_featured_media_url":"https:\/\/jornalfatosenoticias.com.br\/wp-content\/uploads\/2025\/10\/lider_texto-Francisco_freepik.jpg","_links":{"self":[{"href":"https:\/\/jornalfatosenoticias.com.br\/index.php\/wp-json\/wp\/v2\/posts\/62954","targetHints":{"allow":["GET"]}}],"collection":[{"href":"https:\/\/jornalfatosenoticias.com.br\/index.php\/wp-json\/wp\/v2\/posts"}],"about":[{"href":"https:\/\/jornalfatosenoticias.com.br\/index.php\/wp-json\/wp\/v2\/types\/post"}],"author":[{"embeddable":true,"href":"https:\/\/jornalfatosenoticias.com.br\/index.php\/wp-json\/wp\/v2\/users\/44"}],"replies":[{"embeddable":true,"href":"https:\/\/jornalfatosenoticias.com.br\/index.php\/wp-json\/wp\/v2\/comments?post=62954"}],"version-history":[{"count":1,"href":"https:\/\/jornalfatosenoticias.com.br\/index.php\/wp-json\/wp\/v2\/posts\/62954\/revisions"}],"predecessor-version":[{"id":66133,"href":"https:\/\/jornalfatosenoticias.com.br\/index.php\/wp-json\/wp\/v2\/posts\/62954\/revisions\/66133"}],"wp:featuredmedia":[{"embeddable":true,"href":"https:\/\/jornalfatosenoticias.com.br\/index.php\/wp-json\/wp\/v2\/media\/62958"}],"wp:attachment":[{"href":"https:\/\/jornalfatosenoticias.com.br\/index.php\/wp-json\/wp\/v2\/media?parent=62954"}],"wp:term":[{"taxonomy":"category","embeddable":true,"href":"https:\/\/jornalfatosenoticias.com.br\/index.php\/wp-json\/wp\/v2\/categories?post=62954"},{"taxonomy":"post_tag","embeddable":true,"href":"https:\/\/jornalfatosenoticias.com.br\/index.php\/wp-json\/wp\/v2\/tags?post=62954"}],"curies":[{"name":"wp","href":"https:\/\/api.w.org\/{rel}","templated":true}]}}