{"id":63002,"date":"2025-11-03T14:26:13","date_gmt":"2025-11-03T17:26:13","guid":{"rendered":"https:\/\/jornalfatosenoticias.com.br\/?p=63002"},"modified":"2025-11-03T14:26:14","modified_gmt":"2025-11-03T17:26:14","slug":"baleia-ameacada-de-extincao-esta-dando-a-volta-por-cima","status":"publish","type":"post","link":"https:\/\/jornalfatosenoticias.com.br\/index.php\/2025\/11\/03\/baleia-ameacada-de-extincao-esta-dando-a-volta-por-cima\/","title":{"rendered":"Baleia amea\u00e7ada de extin\u00e7\u00e3o est\u00e1 dando a volta por cima"},"content":{"rendered":"\n<p><em><span class=\"has-inline-color has-black-color\">Desde 2020, a quantidade de baleias-francas-do-atl\u00e2ntico-norte aumentou mais de 7%, o que mostra sinais de recupera\u00e7\u00e3o da esp\u00e9cie<\/span><\/em><\/p>\n\n\n\n<p><span class=\"has-inline-color has-black-color\">Por <strong><a href=\"https:\/\/olhardigital.com.br\/author\/alessandro-lorenzo\/\">Alessandro Di Lorenzo<\/a><\/strong><\/span><\/p>\n\n\n\n<div class=\"wp-block-image\"><figure class=\"aligncenter size-large\"><a href=\"https:\/\/mizu.com.br\/\"><img loading=\"lazy\" decoding=\"async\" width=\"729\" height=\"90\" src=\"https:\/\/jornalfatosenoticias.com.br\/wp-content\/uploads\/2020\/02\/Logo_Mizu.png\" alt=\"\" class=\"wp-image-1441\" srcset=\"https:\/\/jornalfatosenoticias.com.br\/wp-content\/uploads\/2020\/02\/Logo_Mizu.png 729w, https:\/\/jornalfatosenoticias.com.br\/wp-content\/uploads\/2020\/02\/Logo_Mizu-300x37.png 300w\" sizes=\"auto, (max-width: 729px) 100vw, 729px\" \/><\/a><\/figure><\/div>\n\n\n\n<p>A <a href=\"https:\/\/olhardigital.com.br\/tag\/baleia\/\" target=\"_blank\" rel=\"noreferrer noopener\"><strong>baleia<\/strong><\/a>-franca-do-atl\u00e2ntico-norte (Eubalaena glacialis) \u00e9 considerada criticamente em perigo de\u00a0<a href=\"https:\/\/olhardigital.com.br\/tag\/extincao\/\" target=\"_blank\" rel=\"noreferrer noopener\"><strong>extin\u00e7\u00e3o<\/strong><\/a>. As principais amea\u00e7as s\u00e3o o emaranhamento em equipamentos de pesca, colis\u00f5es com embarca\u00e7\u00f5es e as mudan\u00e7as clim\u00e1ticas que afetam suas fontes de alimento. A boa not\u00edcia, no entanto, \u00e9 que a popula\u00e7\u00e3o destes enormes mam\u00edferos tem voltado a crescer nos \u00faltimos anos. S\u00e3o n\u00fameros que revelam alguns sinais de uma lenta, mas importante recupera\u00e7\u00e3o da esp\u00e9cie.<br>De acordo com informa\u00e7\u00f5es do portal <strong><a href=\"https:\/\/www.sciencealert.com\/one-of-the-most-endangered-whales-is-swimming-back-from-the-brink-of-extinction\" target=\"_blank\" rel=\"noreferrer noopener\">ScienceAlert<\/a>,<\/strong> a popula\u00e7\u00e3o destas baleias aumentou pouco mais de 2% em 2024 em compara\u00e7\u00e3o com os dados de 2023. Foram oito novos filhotes, elevando o n\u00famero total de animais para cerca de 384.<br>Embora os n\u00fameros sejam pequenos, essa \u00e9 considerada uma importante reviravolta para a esp\u00e9cie. Desde 2020, a quantidade de baleias-francas-do-atl\u00e2ntico-norte aumentou mais de 7%. Na d\u00e9cada anterior, por outro lado, a popula\u00e7\u00e3o havia despencado cerca de 25%.<\/p>\n\n\n\n<div class=\"wp-block-image\"><figure class=\"aligncenter size-large\"><a href=\"https:\/\/www.cesconetto.com.br\/\"><img loading=\"lazy\" decoding=\"async\" width=\"300\" height=\"250\" src=\"https:\/\/jornalfatosenoticias.com.br\/wp-content\/uploads\/2020\/02\/Banner-2.png\" alt=\"\" class=\"wp-image-43787\"\/><\/a><\/figure><\/div>\n\n\n\n<blockquote class=\"wp-block-quote is-layout-flow wp-block-quote-is-layout-flow\"><p><span class=\"has-inline-color has-luminous-vivid-orange-color\">\u00c9 sempre uma \u00f3tima sensa\u00e7\u00e3o quando podemos compartilhar not\u00edcias positivas sobre essa esp\u00e9cie criticamente amea\u00e7ada. O ligeiro aumento na estimativa da popula\u00e7\u00e3o, juntamente com nenhuma mortalidade detectada e menos ferimentos detectados do que nos \u00faltimos anos, nos deixa cautelosamente otimistas sobre o futuro das baleias-francas-do-atl\u00e2ntico-norte&#8221;, afirma Heather Pettis, l\u00edder do programa de pesquisa de baleias francas no Aqu\u00e1rio da Nova Inglaterra.<\/span><\/p><\/blockquote>\n\n\n\n<div class=\"wp-block-image\"><figure class=\"aligncenter size-large is-resized\"><a href=\"https:\/\/legisjuris.com.br\/\"><img loading=\"lazy\" decoding=\"async\" src=\"https:\/\/jornalfatosenoticias.com.br\/wp-content\/uploads\/2024\/09\/Legis-Juris-Consultoria_logo.jpg\" alt=\"\" class=\"wp-image-53915\" width=\"516\" height=\"216\" srcset=\"https:\/\/jornalfatosenoticias.com.br\/wp-content\/uploads\/2024\/09\/Legis-Juris-Consultoria_logo.jpg 969w, https:\/\/jornalfatosenoticias.com.br\/wp-content\/uploads\/2024\/09\/Legis-Juris-Consultoria_logo-300x126.jpg 300w, https:\/\/jornalfatosenoticias.com.br\/wp-content\/uploads\/2024\/09\/Legis-Juris-Consultoria_logo-768x322.jpg 768w\" sizes=\"auto, (max-width: 516px) 100vw, 516px\" \/><\/a><\/figure><\/div>\n\n\n\n<p>Apesar da recupera\u00e7\u00e3o, ainda h\u00e1 muito a ser feito. Mesmo que n\u00e3o tenham sido registradas novas mortes, muitas baleias est\u00e3o feridas ou apresentam s\u00e9rios problemas de sa\u00fade. Al\u00e9m disso, a taxa de novos nascimentos \u00e9 baixa.<\/p>\n\n\n\n<div class=\"wp-block-image\"><figure class=\"aligncenter size-large is-resized\"><a href=\"https:\/\/www.controlsystems.com.br\/\"><img loading=\"lazy\" decoding=\"async\" src=\"https:\/\/jornalfatosenoticias.com.br\/wp-content\/uploads\/2020\/02\/CONTROL-CS.jpg\" alt=\"\" class=\"wp-image-44991\" width=\"267\" height=\"319\" srcset=\"https:\/\/jornalfatosenoticias.com.br\/wp-content\/uploads\/2020\/02\/CONTROL-CS.jpg 834w, https:\/\/jornalfatosenoticias.com.br\/wp-content\/uploads\/2020\/02\/CONTROL-CS-250x300.jpg 250w, https:\/\/jornalfatosenoticias.com.br\/wp-content\/uploads\/2020\/02\/CONTROL-CS-768x921.jpg 768w\" sizes=\"auto, (max-width: 267px) 100vw, 267px\" \/><\/a><\/figure><\/div>\n\n\n\n<p><strong><span class=\"has-inline-color has-vivid-green-cyan-color\">Amea\u00e7as ainda existem<br>\u2022<\/span><\/strong> No in\u00edcio da d\u00e9cada de 1890, a esp\u00e9cie foi ca\u00e7ada quase at\u00e9 a extin\u00e7\u00e3o.<br><strong><span class=\"has-inline-color has-vivid-green-cyan-color\">\u2022<\/span><\/strong> Hoje, a popula\u00e7\u00e3o destes mam\u00edferos est\u00e1 protegida, mas ainda enfrenta muitas amea\u00e7as.<br><span class=\"has-inline-color has-vivid-green-cyan-color\"><strong>\u2022<\/strong><\/span> As baleias correm o risco de morrer por colis\u00f5es com embarca\u00e7\u00f5es e por emaranhamento em equipamentos de pesca.<br><strong><span class=\"has-inline-color has-vivid-green-cyan-color\">\u2022<\/span><\/strong> De acordo com a organiza\u00e7\u00e3o ambiental sem fins lucrativos Oceana, a cada ano, estes materiais envolvem cerca de um quarto da popula\u00e7\u00e3o de baleias-francas-do-atl\u00e2ntico-norte nos EUA e Canad\u00e1.<br><strong><span class=\"has-inline-color has-vivid-green-cyan-color\">\u2022<\/span><\/strong> As mudan\u00e7as clim\u00e1ticas tamb\u00e9m impactam estes animais, reduzindo a quantidade de alimento dispon\u00edvel.<br><span class=\"has-inline-color has-vivid-green-cyan-color\"><strong>\u2022<\/strong><\/span> Em resumo, os trabalhos de conserva\u00e7\u00e3o n\u00e3o podem parar.<\/p>\n\n\n\n<div class=\"wp-block-image\"><figure class=\"aligncenter size-large is-resized\"><a href=\"https:\/\/hotelmarquetti.com.br\/\"><img loading=\"lazy\" decoding=\"async\" src=\"https:\/\/jornalfatosenoticias.com.br\/wp-content\/uploads\/2020\/02\/LOGO-MQ-1024x680.jpg\" alt=\"\" class=\"wp-image-58299\" width=\"346\" height=\"230\" srcset=\"https:\/\/jornalfatosenoticias.com.br\/wp-content\/uploads\/2020\/02\/LOGO-MQ-1024x680.jpg 1024w, https:\/\/jornalfatosenoticias.com.br\/wp-content\/uploads\/2020\/02\/LOGO-MQ-300x199.jpg 300w, https:\/\/jornalfatosenoticias.com.br\/wp-content\/uploads\/2020\/02\/LOGO-MQ-768x510.jpg 768w, https:\/\/jornalfatosenoticias.com.br\/wp-content\/uploads\/2020\/02\/LOGO-MQ-1536x1020.jpg 1536w, https:\/\/jornalfatosenoticias.com.br\/wp-content\/uploads\/2020\/02\/LOGO-MQ-2048x1360.jpg 2048w\" sizes=\"auto, (max-width: 346px) 100vw, 346px\" \/><\/a><\/figure><\/div>\n\n\n\n<p><strong>Fonte: <a href=\"https:\/\/olhardigital.com.br\/2025\/10\/24\/ciencia-e-espaco\/baleia-ameacada-de-extincao-esta-dando-a-volta-por-cima\/\">Olhar Digital<\/a><\/strong><\/p>\n","protected":false},"excerpt":{"rendered":"<p>Desde 2020, a quantidade de baleias-francas-do-atl\u00e2ntico-norte aumentou mais de 7%, o que mostra sinais de recupera\u00e7\u00e3o da esp\u00e9cie Por Alessandro Di Lorenzo A baleia-franca-do-atl\u00e2ntico-norte (Eubalaena glacialis) \u00e9 considerada criticamente em perigo de\u00a0extin\u00e7\u00e3o. As principais amea\u00e7as s\u00e3o o emaranhamento em equipamentos de pesca, colis\u00f5es com embarca\u00e7\u00f5es e as mudan\u00e7as clim\u00e1ticas que afetam suas fontes de alimento. [&hellip;]<\/p>\n","protected":false},"author":2,"featured_media":63003,"comment_status":"open","ping_status":"open","sticky":false,"template":"","format":"standard","meta":{"footnotes":""},"categories":[8],"tags":[28745,49,3298,19985,28746],"class_list":["post-63002","post","type-post","status-publish","format-standard","has-post-thumbnail","hentry","category-meio-ambiente","tag-baleia-franca-do-atlantico-norte","tag-baleias","tag-mamiferos","tag-perigo-de-extincao","tag-recuperacao-da-especie"],"yoast_head":"<!-- This site is optimized with the Yoast SEO plugin v26.5 - https:\/\/yoast.com\/wordpress\/plugins\/seo\/ -->\n<title>Baleia amea\u00e7ada de extin\u00e7\u00e3o est\u00e1 dando a volta por cima - Jornal Fatos e Not\u00edcias<\/title>\n<meta name=\"robots\" content=\"index, follow, max-snippet:-1, max-image-preview:large, max-video-preview:-1\" \/>\n<link rel=\"canonical\" href=\"https:\/\/jornalfatosenoticias.com.br\/index.php\/2025\/11\/03\/baleia-ameacada-de-extincao-esta-dando-a-volta-por-cima\/\" \/>\n<meta property=\"og:locale\" content=\"pt_BR\" \/>\n<meta property=\"og:type\" content=\"article\" \/>\n<meta property=\"og:title\" content=\"Baleia amea\u00e7ada de extin\u00e7\u00e3o est\u00e1 dando a volta por cima - Jornal Fatos e Not\u00edcias\" \/>\n<meta property=\"og:description\" content=\"Desde 2020, a quantidade de baleias-francas-do-atl\u00e2ntico-norte aumentou mais de 7%, o que mostra sinais de recupera\u00e7\u00e3o da esp\u00e9cie Por Alessandro Di Lorenzo A baleia-franca-do-atl\u00e2ntico-norte (Eubalaena glacialis) \u00e9 considerada criticamente em perigo de\u00a0extin\u00e7\u00e3o. As principais amea\u00e7as s\u00e3o o emaranhamento em equipamentos de pesca, colis\u00f5es com embarca\u00e7\u00f5es e as mudan\u00e7as clim\u00e1ticas que afetam suas fontes de alimento. [&hellip;]\" \/>\n<meta property=\"og:url\" content=\"https:\/\/jornalfatosenoticias.com.br\/index.php\/2025\/11\/03\/baleia-ameacada-de-extincao-esta-dando-a-volta-por-cima\/\" \/>\n<meta property=\"og:site_name\" content=\"Jornal Fatos e Not\u00edcias\" \/>\n<meta property=\"article:published_time\" content=\"2025-11-03T17:26:13+00:00\" \/>\n<meta property=\"article:modified_time\" content=\"2025-11-03T17:26:14+00:00\" \/>\n<meta property=\"og:image\" content=\"https:\/\/jornalfatosenoticias.com.br\/wp-content\/uploads\/2025\/11\/baleias-francas-do-atlantico-norte_freepik.jpg\" \/>\n\t<meta property=\"og:image:width\" content=\"1000\" \/>\n\t<meta property=\"og:image:height\" content=\"666\" \/>\n\t<meta property=\"og:image:type\" content=\"image\/jpeg\" \/>\n<meta name=\"author\" content=\"Luzimara Fernandes\" \/>\n<meta name=\"twitter:card\" content=\"summary_large_image\" \/>\n<meta name=\"twitter:label1\" content=\"Escrito por\" \/>\n\t<meta name=\"twitter:data1\" content=\"Luzimara Fernandes\" \/>\n\t<meta name=\"twitter:label2\" content=\"Est. tempo de leitura\" \/>\n\t<meta name=\"twitter:data2\" content=\"2 minutos\" \/>\n<script type=\"application\/ld+json\" class=\"yoast-schema-graph\">{\"@context\":\"https:\/\/schema.org\",\"@graph\":[{\"@type\":\"Article\",\"@id\":\"https:\/\/jornalfatosenoticias.com.br\/index.php\/2025\/11\/03\/baleia-ameacada-de-extincao-esta-dando-a-volta-por-cima\/#article\",\"isPartOf\":{\"@id\":\"https:\/\/jornalfatosenoticias.com.br\/index.php\/2025\/11\/03\/baleia-ameacada-de-extincao-esta-dando-a-volta-por-cima\/\"},\"author\":{\"name\":\"Luzimara Fernandes\",\"@id\":\"https:\/\/jornalfatosenoticias.com.br\/#\/schema\/person\/d63837fa13ac8666eb9e74e0985d6f81\"},\"headline\":\"Baleia amea\u00e7ada de extin\u00e7\u00e3o est\u00e1 dando a volta por cima\",\"datePublished\":\"2025-11-03T17:26:13+00:00\",\"dateModified\":\"2025-11-03T17:26:14+00:00\",\"mainEntityOfPage\":{\"@id\":\"https:\/\/jornalfatosenoticias.com.br\/index.php\/2025\/11\/03\/baleia-ameacada-de-extincao-esta-dando-a-volta-por-cima\/\"},\"wordCount\":421,\"commentCount\":0,\"publisher\":{\"@id\":\"https:\/\/jornalfatosenoticias.com.br\/#organization\"},\"image\":{\"@id\":\"https:\/\/jornalfatosenoticias.com.br\/index.php\/2025\/11\/03\/baleia-ameacada-de-extincao-esta-dando-a-volta-por-cima\/#primaryimage\"},\"thumbnailUrl\":\"https:\/\/jornalfatosenoticias.com.br\/wp-content\/uploads\/2025\/11\/baleias-francas-do-atlantico-norte_freepik.jpg\",\"keywords\":[\"baleia-franca-do-atl\u00e2ntico-norte\",\"baleias\",\"mam\u00edferos\",\"perigo de extin\u00e7\u00e3o\",\"recupera\u00e7\u00e3o da esp\u00e9cie\"],\"articleSection\":[\"Meio ambiente\"],\"inLanguage\":\"pt-BR\",\"potentialAction\":[{\"@type\":\"CommentAction\",\"name\":\"Comment\",\"target\":[\"https:\/\/jornalfatosenoticias.com.br\/index.php\/2025\/11\/03\/baleia-ameacada-de-extincao-esta-dando-a-volta-por-cima\/#respond\"]}]},{\"@type\":\"WebPage\",\"@id\":\"https:\/\/jornalfatosenoticias.com.br\/index.php\/2025\/11\/03\/baleia-ameacada-de-extincao-esta-dando-a-volta-por-cima\/\",\"url\":\"https:\/\/jornalfatosenoticias.com.br\/index.php\/2025\/11\/03\/baleia-ameacada-de-extincao-esta-dando-a-volta-por-cima\/\",\"name\":\"Baleia amea\u00e7ada de extin\u00e7\u00e3o est\u00e1 dando a volta por cima - Jornal Fatos e Not\u00edcias\",\"isPartOf\":{\"@id\":\"https:\/\/jornalfatosenoticias.com.br\/#website\"},\"primaryImageOfPage\":{\"@id\":\"https:\/\/jornalfatosenoticias.com.br\/index.php\/2025\/11\/03\/baleia-ameacada-de-extincao-esta-dando-a-volta-por-cima\/#primaryimage\"},\"image\":{\"@id\":\"https:\/\/jornalfatosenoticias.com.br\/index.php\/2025\/11\/03\/baleia-ameacada-de-extincao-esta-dando-a-volta-por-cima\/#primaryimage\"},\"thumbnailUrl\":\"https:\/\/jornalfatosenoticias.com.br\/wp-content\/uploads\/2025\/11\/baleias-francas-do-atlantico-norte_freepik.jpg\",\"datePublished\":\"2025-11-03T17:26:13+00:00\",\"dateModified\":\"2025-11-03T17:26:14+00:00\",\"breadcrumb\":{\"@id\":\"https:\/\/jornalfatosenoticias.com.br\/index.php\/2025\/11\/03\/baleia-ameacada-de-extincao-esta-dando-a-volta-por-cima\/#breadcrumb\"},\"inLanguage\":\"pt-BR\",\"potentialAction\":[{\"@type\":\"ReadAction\",\"target\":[\"https:\/\/jornalfatosenoticias.com.br\/index.php\/2025\/11\/03\/baleia-ameacada-de-extincao-esta-dando-a-volta-por-cima\/\"]}]},{\"@type\":\"ImageObject\",\"inLanguage\":\"pt-BR\",\"@id\":\"https:\/\/jornalfatosenoticias.com.br\/index.php\/2025\/11\/03\/baleia-ameacada-de-extincao-esta-dando-a-volta-por-cima\/#primaryimage\",\"url\":\"https:\/\/jornalfatosenoticias.com.br\/wp-content\/uploads\/2025\/11\/baleias-francas-do-atlantico-norte_freepik.jpg\",\"contentUrl\":\"https:\/\/jornalfatosenoticias.com.br\/wp-content\/uploads\/2025\/11\/baleias-francas-do-atlantico-norte_freepik.jpg\",\"width\":1000,\"height\":666},{\"@type\":\"BreadcrumbList\",\"@id\":\"https:\/\/jornalfatosenoticias.com.br\/index.php\/2025\/11\/03\/baleia-ameacada-de-extincao-esta-dando-a-volta-por-cima\/#breadcrumb\",\"itemListElement\":[{\"@type\":\"ListItem\",\"position\":1,\"name\":\"In\u00edcio\",\"item\":\"https:\/\/jornalfatosenoticias.com.br\/\"},{\"@type\":\"ListItem\",\"position\":2,\"name\":\"Baleia amea\u00e7ada de extin\u00e7\u00e3o est\u00e1 dando a volta por cima\"}]},{\"@type\":\"WebSite\",\"@id\":\"https:\/\/jornalfatosenoticias.com.br\/#website\",\"url\":\"https:\/\/jornalfatosenoticias.com.br\/\",\"name\":\"Jornal Fatos e Not\u00edcias\",\"description\":\"Not\u00edcias em geral\",\"publisher\":{\"@id\":\"https:\/\/jornalfatosenoticias.com.br\/#organization\"},\"potentialAction\":[{\"@type\":\"SearchAction\",\"target\":{\"@type\":\"EntryPoint\",\"urlTemplate\":\"https:\/\/jornalfatosenoticias.com.br\/?s={search_term_string}\"},\"query-input\":{\"@type\":\"PropertyValueSpecification\",\"valueRequired\":true,\"valueName\":\"search_term_string\"}}],\"inLanguage\":\"pt-BR\"},{\"@type\":\"Organization\",\"@id\":\"https:\/\/jornalfatosenoticias.com.br\/#organization\",\"name\":\"Jornal Fatos e Not\u00edcias\",\"url\":\"https:\/\/jornalfatosenoticias.com.br\/\",\"logo\":{\"@type\":\"ImageObject\",\"inLanguage\":\"pt-BR\",\"@id\":\"https:\/\/jornalfatosenoticias.com.br\/#\/schema\/logo\/image\/\",\"url\":\"https:\/\/jornalfatosenoticias.com.br\/wp-content\/uploads\/2020\/02\/logo120.png\",\"contentUrl\":\"https:\/\/jornalfatosenoticias.com.br\/wp-content\/uploads\/2020\/02\/logo120.png\",\"width\":1227,\"height\":120,\"caption\":\"Jornal Fatos e Not\u00edcias\"},\"image\":{\"@id\":\"https:\/\/jornalfatosenoticias.com.br\/#\/schema\/logo\/image\/\"}},{\"@type\":\"Person\",\"@id\":\"https:\/\/jornalfatosenoticias.com.br\/#\/schema\/person\/d63837fa13ac8666eb9e74e0985d6f81\",\"name\":\"Luzimara Fernandes\",\"image\":{\"@type\":\"ImageObject\",\"inLanguage\":\"pt-BR\",\"@id\":\"https:\/\/jornalfatosenoticias.com.br\/#\/schema\/person\/image\/\",\"url\":\"https:\/\/jornalfatosenoticias.com.br\/wp-content\/uploads\/2025\/05\/EU_portal.jpg\",\"contentUrl\":\"https:\/\/jornalfatosenoticias.com.br\/wp-content\/uploads\/2025\/05\/EU_portal.jpg\",\"caption\":\"Luzimara Fernandes\"},\"description\":\"Jornalista MTB 2358-ES\",\"sameAs\":[\"https:\/\/jornalfatosenoticias.com.br\"],\"url\":\"https:\/\/jornalfatosenoticias.com.br\/index.php\/author\/luzimara\/\"}]}<\/script>\n<!-- \/ Yoast SEO plugin. -->","yoast_head_json":{"title":"Baleia amea\u00e7ada de extin\u00e7\u00e3o est\u00e1 dando a volta por cima - Jornal Fatos e Not\u00edcias","robots":{"index":"index","follow":"follow","max-snippet":"max-snippet:-1","max-image-preview":"max-image-preview:large","max-video-preview":"max-video-preview:-1"},"canonical":"https:\/\/jornalfatosenoticias.com.br\/index.php\/2025\/11\/03\/baleia-ameacada-de-extincao-esta-dando-a-volta-por-cima\/","og_locale":"pt_BR","og_type":"article","og_title":"Baleia amea\u00e7ada de extin\u00e7\u00e3o est\u00e1 dando a volta por cima - Jornal Fatos e Not\u00edcias","og_description":"Desde 2020, a quantidade de baleias-francas-do-atl\u00e2ntico-norte aumentou mais de 7%, o que mostra sinais de recupera\u00e7\u00e3o da esp\u00e9cie Por Alessandro Di Lorenzo A baleia-franca-do-atl\u00e2ntico-norte (Eubalaena glacialis) \u00e9 considerada criticamente em perigo de\u00a0extin\u00e7\u00e3o. As principais amea\u00e7as s\u00e3o o emaranhamento em equipamentos de pesca, colis\u00f5es com embarca\u00e7\u00f5es e as mudan\u00e7as clim\u00e1ticas que afetam suas fontes de alimento. [&hellip;]","og_url":"https:\/\/jornalfatosenoticias.com.br\/index.php\/2025\/11\/03\/baleia-ameacada-de-extincao-esta-dando-a-volta-por-cima\/","og_site_name":"Jornal Fatos e Not\u00edcias","article_published_time":"2025-11-03T17:26:13+00:00","article_modified_time":"2025-11-03T17:26:14+00:00","og_image":[{"width":1000,"height":666,"url":"https:\/\/jornalfatosenoticias.com.br\/wp-content\/uploads\/2025\/11\/baleias-francas-do-atlantico-norte_freepik.jpg","type":"image\/jpeg"}],"author":"Luzimara Fernandes","twitter_card":"summary_large_image","twitter_misc":{"Escrito por":"Luzimara Fernandes","Est. tempo de leitura":"2 minutos"},"schema":{"@context":"https:\/\/schema.org","@graph":[{"@type":"Article","@id":"https:\/\/jornalfatosenoticias.com.br\/index.php\/2025\/11\/03\/baleia-ameacada-de-extincao-esta-dando-a-volta-por-cima\/#article","isPartOf":{"@id":"https:\/\/jornalfatosenoticias.com.br\/index.php\/2025\/11\/03\/baleia-ameacada-de-extincao-esta-dando-a-volta-por-cima\/"},"author":{"name":"Luzimara Fernandes","@id":"https:\/\/jornalfatosenoticias.com.br\/#\/schema\/person\/d63837fa13ac8666eb9e74e0985d6f81"},"headline":"Baleia amea\u00e7ada de extin\u00e7\u00e3o est\u00e1 dando a volta por cima","datePublished":"2025-11-03T17:26:13+00:00","dateModified":"2025-11-03T17:26:14+00:00","mainEntityOfPage":{"@id":"https:\/\/jornalfatosenoticias.com.br\/index.php\/2025\/11\/03\/baleia-ameacada-de-extincao-esta-dando-a-volta-por-cima\/"},"wordCount":421,"commentCount":0,"publisher":{"@id":"https:\/\/jornalfatosenoticias.com.br\/#organization"},"image":{"@id":"https:\/\/jornalfatosenoticias.com.br\/index.php\/2025\/11\/03\/baleia-ameacada-de-extincao-esta-dando-a-volta-por-cima\/#primaryimage"},"thumbnailUrl":"https:\/\/jornalfatosenoticias.com.br\/wp-content\/uploads\/2025\/11\/baleias-francas-do-atlantico-norte_freepik.jpg","keywords":["baleia-franca-do-atl\u00e2ntico-norte","baleias","mam\u00edferos","perigo de extin\u00e7\u00e3o","recupera\u00e7\u00e3o da esp\u00e9cie"],"articleSection":["Meio ambiente"],"inLanguage":"pt-BR","potentialAction":[{"@type":"CommentAction","name":"Comment","target":["https:\/\/jornalfatosenoticias.com.br\/index.php\/2025\/11\/03\/baleia-ameacada-de-extincao-esta-dando-a-volta-por-cima\/#respond"]}]},{"@type":"WebPage","@id":"https:\/\/jornalfatosenoticias.com.br\/index.php\/2025\/11\/03\/baleia-ameacada-de-extincao-esta-dando-a-volta-por-cima\/","url":"https:\/\/jornalfatosenoticias.com.br\/index.php\/2025\/11\/03\/baleia-ameacada-de-extincao-esta-dando-a-volta-por-cima\/","name":"Baleia amea\u00e7ada de extin\u00e7\u00e3o est\u00e1 dando a volta por cima - Jornal Fatos e Not\u00edcias","isPartOf":{"@id":"https:\/\/jornalfatosenoticias.com.br\/#website"},"primaryImageOfPage":{"@id":"https:\/\/jornalfatosenoticias.com.br\/index.php\/2025\/11\/03\/baleia-ameacada-de-extincao-esta-dando-a-volta-por-cima\/#primaryimage"},"image":{"@id":"https:\/\/jornalfatosenoticias.com.br\/index.php\/2025\/11\/03\/baleia-ameacada-de-extincao-esta-dando-a-volta-por-cima\/#primaryimage"},"thumbnailUrl":"https:\/\/jornalfatosenoticias.com.br\/wp-content\/uploads\/2025\/11\/baleias-francas-do-atlantico-norte_freepik.jpg","datePublished":"2025-11-03T17:26:13+00:00","dateModified":"2025-11-03T17:26:14+00:00","breadcrumb":{"@id":"https:\/\/jornalfatosenoticias.com.br\/index.php\/2025\/11\/03\/baleia-ameacada-de-extincao-esta-dando-a-volta-por-cima\/#breadcrumb"},"inLanguage":"pt-BR","potentialAction":[{"@type":"ReadAction","target":["https:\/\/jornalfatosenoticias.com.br\/index.php\/2025\/11\/03\/baleia-ameacada-de-extincao-esta-dando-a-volta-por-cima\/"]}]},{"@type":"ImageObject","inLanguage":"pt-BR","@id":"https:\/\/jornalfatosenoticias.com.br\/index.php\/2025\/11\/03\/baleia-ameacada-de-extincao-esta-dando-a-volta-por-cima\/#primaryimage","url":"https:\/\/jornalfatosenoticias.com.br\/wp-content\/uploads\/2025\/11\/baleias-francas-do-atlantico-norte_freepik.jpg","contentUrl":"https:\/\/jornalfatosenoticias.com.br\/wp-content\/uploads\/2025\/11\/baleias-francas-do-atlantico-norte_freepik.jpg","width":1000,"height":666},{"@type":"BreadcrumbList","@id":"https:\/\/jornalfatosenoticias.com.br\/index.php\/2025\/11\/03\/baleia-ameacada-de-extincao-esta-dando-a-volta-por-cima\/#breadcrumb","itemListElement":[{"@type":"ListItem","position":1,"name":"In\u00edcio","item":"https:\/\/jornalfatosenoticias.com.br\/"},{"@type":"ListItem","position":2,"name":"Baleia amea\u00e7ada de extin\u00e7\u00e3o est\u00e1 dando a volta por cima"}]},{"@type":"WebSite","@id":"https:\/\/jornalfatosenoticias.com.br\/#website","url":"https:\/\/jornalfatosenoticias.com.br\/","name":"Jornal Fatos e Not\u00edcias","description":"Not\u00edcias em geral","publisher":{"@id":"https:\/\/jornalfatosenoticias.com.br\/#organization"},"potentialAction":[{"@type":"SearchAction","target":{"@type":"EntryPoint","urlTemplate":"https:\/\/jornalfatosenoticias.com.br\/?s={search_term_string}"},"query-input":{"@type":"PropertyValueSpecification","valueRequired":true,"valueName":"search_term_string"}}],"inLanguage":"pt-BR"},{"@type":"Organization","@id":"https:\/\/jornalfatosenoticias.com.br\/#organization","name":"Jornal Fatos e Not\u00edcias","url":"https:\/\/jornalfatosenoticias.com.br\/","logo":{"@type":"ImageObject","inLanguage":"pt-BR","@id":"https:\/\/jornalfatosenoticias.com.br\/#\/schema\/logo\/image\/","url":"https:\/\/jornalfatosenoticias.com.br\/wp-content\/uploads\/2020\/02\/logo120.png","contentUrl":"https:\/\/jornalfatosenoticias.com.br\/wp-content\/uploads\/2020\/02\/logo120.png","width":1227,"height":120,"caption":"Jornal Fatos e Not\u00edcias"},"image":{"@id":"https:\/\/jornalfatosenoticias.com.br\/#\/schema\/logo\/image\/"}},{"@type":"Person","@id":"https:\/\/jornalfatosenoticias.com.br\/#\/schema\/person\/d63837fa13ac8666eb9e74e0985d6f81","name":"Luzimara Fernandes","image":{"@type":"ImageObject","inLanguage":"pt-BR","@id":"https:\/\/jornalfatosenoticias.com.br\/#\/schema\/person\/image\/","url":"https:\/\/jornalfatosenoticias.com.br\/wp-content\/uploads\/2025\/05\/EU_portal.jpg","contentUrl":"https:\/\/jornalfatosenoticias.com.br\/wp-content\/uploads\/2025\/05\/EU_portal.jpg","caption":"Luzimara Fernandes"},"description":"Jornalista MTB 2358-ES","sameAs":["https:\/\/jornalfatosenoticias.com.br"],"url":"https:\/\/jornalfatosenoticias.com.br\/index.php\/author\/luzimara\/"}]}},"cc_featured_image_caption":{"caption_text":"(Foto: Freepik) ","source_text":"","source_url":""},"jetpack_featured_media_url":"https:\/\/jornalfatosenoticias.com.br\/wp-content\/uploads\/2025\/11\/baleias-francas-do-atlantico-norte_freepik.jpg","_links":{"self":[{"href":"https:\/\/jornalfatosenoticias.com.br\/index.php\/wp-json\/wp\/v2\/posts\/63002","targetHints":{"allow":["GET"]}}],"collection":[{"href":"https:\/\/jornalfatosenoticias.com.br\/index.php\/wp-json\/wp\/v2\/posts"}],"about":[{"href":"https:\/\/jornalfatosenoticias.com.br\/index.php\/wp-json\/wp\/v2\/types\/post"}],"author":[{"embeddable":true,"href":"https:\/\/jornalfatosenoticias.com.br\/index.php\/wp-json\/wp\/v2\/users\/2"}],"replies":[{"embeddable":true,"href":"https:\/\/jornalfatosenoticias.com.br\/index.php\/wp-json\/wp\/v2\/comments?post=63002"}],"version-history":[{"count":0,"href":"https:\/\/jornalfatosenoticias.com.br\/index.php\/wp-json\/wp\/v2\/posts\/63002\/revisions"}],"wp:featuredmedia":[{"embeddable":true,"href":"https:\/\/jornalfatosenoticias.com.br\/index.php\/wp-json\/wp\/v2\/media\/63003"}],"wp:attachment":[{"href":"https:\/\/jornalfatosenoticias.com.br\/index.php\/wp-json\/wp\/v2\/media?parent=63002"}],"wp:term":[{"taxonomy":"category","embeddable":true,"href":"https:\/\/jornalfatosenoticias.com.br\/index.php\/wp-json\/wp\/v2\/categories?post=63002"},{"taxonomy":"post_tag","embeddable":true,"href":"https:\/\/jornalfatosenoticias.com.br\/index.php\/wp-json\/wp\/v2\/tags?post=63002"}],"curies":[{"name":"wp","href":"https:\/\/api.w.org\/{rel}","templated":true}]}}