{"id":63009,"date":"2025-11-03T14:59:52","date_gmt":"2025-11-03T17:59:52","guid":{"rendered":"https:\/\/jornalfatosenoticias.com.br\/?p=63009"},"modified":"2025-11-03T14:59:55","modified_gmt":"2025-11-03T17:59:55","slug":"a-ciencia-das-emocoes-por-tras-da-procrastinacao","status":"publish","type":"post","link":"https:\/\/jornalfatosenoticias.com.br\/index.php\/2025\/11\/03\/a-ciencia-das-emocoes-por-tras-da-procrastinacao\/","title":{"rendered":"A ci\u00eancia das emo\u00e7\u00f5es por tr\u00e1s da procrastina\u00e7\u00e3o"},"content":{"rendered":"\n<p><span class=\"has-inline-color has-black-color\"><em>Em \u201cA psicologia da procrastina\u00e7\u00e3o\u201d, o psic\u00f3logo Marcelo Hugo da Rocha explora como os mecanismos mentais de autodefesa influenciam o comportamento de adiar tarefas<\/em><\/span><\/p>\n\n\n\n<div class=\"wp-block-image\"><figure class=\"aligncenter size-large\"><a href=\"http:\/\/www.ferrarimaquinas.com.br\/\"><img loading=\"lazy\" decoding=\"async\" width=\"1024\" height=\"100\" src=\"https:\/\/jornalfatosenoticias.com.br\/wp-content\/uploads\/2020\/02\/banner_ferramentas-1024x100.jpg\" alt=\"\" class=\"wp-image-1258\" srcset=\"https:\/\/jornalfatosenoticias.com.br\/wp-content\/uploads\/2020\/02\/banner_ferramentas-1024x100.jpg 1024w, https:\/\/jornalfatosenoticias.com.br\/wp-content\/uploads\/2020\/02\/banner_ferramentas-300x29.jpg 300w, https:\/\/jornalfatosenoticias.com.br\/wp-content\/uploads\/2020\/02\/banner_ferramentas-768x75.jpg 768w, https:\/\/jornalfatosenoticias.com.br\/wp-content\/uploads\/2020\/02\/banner_ferramentas.jpg 1227w\" sizes=\"auto, (max-width: 1024px) 100vw, 1024px\" \/><\/a><\/figure><\/div>\n\n\n\n<p>Cerca de 40 milh\u00f5es de brasileiros s\u00e3o procrastinadores cr\u00f4nicos. Diante disso, enquanto a sociedade busca compreender sua rela\u00e7\u00e3o com o tempo e a forma como o administra, a ci\u00eancia se dedica a investigar como as <a href=\"https:\/\/www.bonsfluidos.com.br\/autoconhecimento\/decifrando-os-sonhos-o-papel-do-sono-rem-no-processamento-de-emocoes.phtml\">emo\u00e7\u00f5es<\/a> interferem diretamente no comportamento da procrastina\u00e7\u00e3o.<br>Com base em mais de 200 publica\u00e7\u00f5es cient\u00edficas, o psic\u00f3logo cl\u00ednico Marcelo Hugo da Rocha apresenta \u201cA psicologia da procrastina\u00e7\u00e3o\u201d. A obra combina fundamentos te\u00f3ricos e exemplos pr\u00e1ticos para demonstrar que adiar tarefas vai muito al\u00e9m da falta de <a href=\"https:\/\/www.bonsfluidos.com.br\/coluna-halu-gamashi\/a-prece-traz-harmonia-a-vida-ensina-sobre-disciplina-gratidao-e-ativa-cakra-cardiaco.phtml\">disciplina<\/a>, sendo resultado de mecanismos mentais de autodefesa e da busca por al\u00edvio emocional imediato.<\/p>\n\n\n\n<div class=\"wp-block-image\"><figure class=\"aligncenter size-large is-resized\"><a href=\"https:\/\/www.instagram.com\/serra4x4cambioautomatico\/\"><img loading=\"lazy\" decoding=\"async\" src=\"https:\/\/jornalfatosenoticias.com.br\/wp-content\/uploads\/2024\/08\/Serra-4x4-1-886x1024.jpg\" alt=\"\" class=\"wp-image-53632\" width=\"260\" height=\"300\" srcset=\"https:\/\/jornalfatosenoticias.com.br\/wp-content\/uploads\/2024\/08\/Serra-4x4-1-886x1024.jpg 886w, https:\/\/jornalfatosenoticias.com.br\/wp-content\/uploads\/2024\/08\/Serra-4x4-1-260x300.jpg 260w, https:\/\/jornalfatosenoticias.com.br\/wp-content\/uploads\/2024\/08\/Serra-4x4-1-768x888.jpg 768w, https:\/\/jornalfatosenoticias.com.br\/wp-content\/uploads\/2024\/08\/Serra-4x4-1.jpg 1181w\" sizes=\"auto, (max-width: 260px) 100vw, 260px\" \/><\/a><\/figure><\/div>\n\n\n\n<p>Especialista em <a href=\"https:\/\/www.bonsfluidos.com.br\/comportamento\/terapia-cognitivo-comportamental-pode-alterar-a-estrutura-do-cerebro-veja-estudo.phtml\">Terapia Cognitivo-Comportamental<\/a>, o autor explica que a procrastina\u00e7\u00e3o \u00e9 uma resposta inconsciente a emo\u00e7\u00f5es negativas como medo, culpa, ansiedade e inseguran\u00e7a, levando o indiv\u00edduo a substitu\u00ed-las por atividades prazerosas e de recompensa r\u00e1pida. Esse processo cria um ciclo de fuga emocional que bloqueia a a\u00e7\u00e3o e refor\u00e7a o h\u00e1bito de adiar.<\/p>\n\n\n\n<div class=\"wp-block-image\"><figure class=\"aligncenter size-large is-resized\"><a href=\"https:\/\/www.instagram.com\/restaurantepegoretti\/\"><img loading=\"lazy\" decoding=\"async\" src=\"https:\/\/jornalfatosenoticias.com.br\/wp-content\/uploads\/2023\/12\/pegoretti-logo-pdf-1024x389.jpg\" alt=\"\" class=\"wp-image-47536\" width=\"511\" height=\"194\" srcset=\"https:\/\/jornalfatosenoticias.com.br\/wp-content\/uploads\/2023\/12\/pegoretti-logo-pdf-1024x389.jpg 1024w, https:\/\/jornalfatosenoticias.com.br\/wp-content\/uploads\/2023\/12\/pegoretti-logo-pdf-300x114.jpg 300w, https:\/\/jornalfatosenoticias.com.br\/wp-content\/uploads\/2023\/12\/pegoretti-logo-pdf-768x291.jpg 768w, https:\/\/jornalfatosenoticias.com.br\/wp-content\/uploads\/2023\/12\/pegoretti-logo-pdf.jpg 1120w\" sizes=\"auto, (max-width: 511px) 100vw, 511px\" \/><\/a><\/figure><\/div>\n\n\n\n<p>Para romper esse padr\u00e3o, ele prop\u00f5e quatro pilares fundamentais: for\u00e7a de vontade, <a href=\"https:\/\/www.bonsfluidos.com.br\/inspiracao\/beth-goulart-transforma-saudade-da-mae-em-motivacao-me-peguei-sorrindo.phtml\">motiva\u00e7\u00e3o<\/a>, forma\u00e7\u00e3o de h\u00e1bitos e regula\u00e7\u00e3o emocional. S\u00e3o elementos que, juntos, promovem o equil\u00edbrio entre a raz\u00e3o e a emo\u00e7\u00e3o. <\/p>\n\n\n\n<div class=\"wp-block-image\"><figure class=\"aligncenter size-large is-resized\"><a href=\"https:\/\/www.instagram.com\/esteio.churrascaria\/\"><img loading=\"lazy\" decoding=\"async\" src=\"https:\/\/jornalfatosenoticias.com.br\/wp-content\/uploads\/2022\/02\/LOGO-ESTEIO-1024x730.png\" alt=\"\" class=\"wp-image-27942\" width=\"303\" height=\"216\" srcset=\"https:\/\/jornalfatosenoticias.com.br\/wp-content\/uploads\/2022\/02\/LOGO-ESTEIO-1024x730.png 1024w, https:\/\/jornalfatosenoticias.com.br\/wp-content\/uploads\/2022\/02\/LOGO-ESTEIO-300x214.png 300w, https:\/\/jornalfatosenoticias.com.br\/wp-content\/uploads\/2022\/02\/LOGO-ESTEIO-768x548.png 768w, https:\/\/jornalfatosenoticias.com.br\/wp-content\/uploads\/2022\/02\/LOGO-ESTEIO.png 1123w\" sizes=\"auto, (max-width: 303px) 100vw, 303px\" \/><\/a><\/figure><\/div>\n\n\n\n<blockquote class=\"wp-block-quote is-layout-flow wp-block-quote-is-layout-flow\"><p><span class=\"has-inline-color has-luminous-vivid-orange-color\">\u00c9 necess\u00e1rio mergulhar nas emo\u00e7\u00f5es subjacentes que, muitas vezes, est\u00e3o no controle silencioso, guiando nossas a\u00e7\u00f5es ou, melhor dizendo, nossas ina\u00e7\u00f5es\u201d, diz trecho da obra.<\/span><\/p><\/blockquote>\n\n\n\n<div class=\"wp-block-image\"><figure class=\"aligncenter size-large is-resized\"><a href=\"https:\/\/www.instagram.com\/gruposei\/\"><img loading=\"lazy\" decoding=\"async\" src=\"https:\/\/jornalfatosenoticias.com.br\/wp-content\/uploads\/2022\/07\/Logo-Grupo-SEI.jpg\" alt=\"\" class=\"wp-image-31973\" width=\"347\" height=\"182\" srcset=\"https:\/\/jornalfatosenoticias.com.br\/wp-content\/uploads\/2022\/07\/Logo-Grupo-SEI.jpg 713w, https:\/\/jornalfatosenoticias.com.br\/wp-content\/uploads\/2022\/07\/Logo-Grupo-SEI-300x158.jpg 300w\" sizes=\"auto, (max-width: 347px) 100vw, 347px\" \/><\/a><\/figure><\/div>\n\n\n\n<p>Por meio de met\u00e1foras, o escritor mostra que compreender o pr\u00f3prio comportamento \u00e9 o primeiro passo para retomar o controle da vida. O segundo passo \u00e9 aplicar estrat\u00e9gias pr\u00e1ticas e terap\u00eauticas, como definir metas realistas, planejar o tempo de modo estruturado e desenvolver a <a href=\"https:\/\/www.bonsfluidos.com.br\/esoterismo\/sol-entra-em-leao-saiba-como-aproveitar-esta-fase-de-brilho-e-autoconfianca.phtml\">autoconfian\u00e7a<\/a>. Ele compara esses princ\u00edpios \u00e0s resolu\u00e7\u00f5es de fim de ano. Muitas vezes, elas s\u00e3o criadas com boas inten\u00e7\u00f5es, mas abandonadas rapidamente por falta de planejamento e consist\u00eancia emocional. Portanto, ao aplicar m\u00e9todos sustent\u00e1veis, o leitor aprende a transformar promessas passageiras em mudan\u00e7as duradouras.<\/p>\n\n\n\n<div class=\"wp-block-image\"><figure class=\"aligncenter size-large is-resized\"><a href=\"https:\/\/panper.com.br\/\"><img loading=\"lazy\" decoding=\"async\" src=\"https:\/\/jornalfatosenoticias.com.br\/wp-content\/uploads\/2023\/03\/logo-Panper_portal.jpg\" alt=\"\" class=\"wp-image-40208\" width=\"335\" height=\"232\" srcset=\"https:\/\/jornalfatosenoticias.com.br\/wp-content\/uploads\/2023\/03\/logo-Panper_portal.jpg 400w, https:\/\/jornalfatosenoticias.com.br\/wp-content\/uploads\/2023\/03\/logo-Panper_portal-300x208.jpg 300w\" sizes=\"auto, (max-width: 335px) 100vw, 335px\" \/><\/a><\/figure><\/div>\n\n\n\n<p>Mais do que oferecer teoria, a obra apresenta um guia pr\u00e1tico de transforma\u00e7\u00e3o pessoal, trazendo recursos como o Question\u00e1rio de Avalia\u00e7\u00e3o da Procrastina\u00e7\u00e3o, o Invent\u00e1rio de Resolu\u00e7\u00f5es de Ano Novo, o plano de a\u00e7\u00e3o ITA (identificar, tolerar, agir) e exerc\u00edcios baseados na Terapia Cognitivo-Comportamental (TCC) e na Terapia de Aceita\u00e7\u00e3o e Compromisso (ACT). <\/p>\n\n\n\n<div class=\"wp-block-image\"><figure class=\"aligncenter size-large\"><a href=\"https:\/\/www.cesconetto.com.br\/\"><img loading=\"lazy\" decoding=\"async\" width=\"300\" height=\"250\" src=\"https:\/\/jornalfatosenoticias.com.br\/wp-content\/uploads\/2022\/02\/Banner-2.png\" alt=\"\" class=\"wp-image-27877\"\/><\/a><\/figure><\/div>\n\n\n\n<blockquote class=\"wp-block-quote is-layout-flow wp-block-quote-is-layout-flow\"><p><span class=\"has-inline-color has-luminous-vivid-orange-color\">N\u00e3o \u00e9 apenas um livro, mas o pontap\u00e9 inicial para uma vida com mais clareza, <em><a href=\"https:\/\/www.bonsfluidos.com.br\/autoconhecimento\/musicas-instrumentais-podem-ajudar-no-foco-de-criancas-com-tdah-diz-estudo.phtml\">foco<\/a><\/em> e realiza\u00e7\u00e3o. Cada p\u00e1gina pode ser o passo que faltava para transformar seu potencial em resultados\u201d, conclui.<\/span><\/p><\/blockquote>\n\n\n\n<div class=\"wp-block-image\"><figure class=\"aligncenter size-large is-resized\"><a href=\"https:\/\/hotelmarquetti.com.br\/\"><img loading=\"lazy\" decoding=\"async\" src=\"https:\/\/jornalfatosenoticias.com.br\/wp-content\/uploads\/2020\/02\/LOGO-MQ-1024x680.jpg\" alt=\"\" class=\"wp-image-58299\" width=\"336\" height=\"223\" srcset=\"https:\/\/jornalfatosenoticias.com.br\/wp-content\/uploads\/2020\/02\/LOGO-MQ-1024x680.jpg 1024w, https:\/\/jornalfatosenoticias.com.br\/wp-content\/uploads\/2020\/02\/LOGO-MQ-300x199.jpg 300w, https:\/\/jornalfatosenoticias.com.br\/wp-content\/uploads\/2020\/02\/LOGO-MQ-768x510.jpg 768w, https:\/\/jornalfatosenoticias.com.br\/wp-content\/uploads\/2020\/02\/LOGO-MQ-1536x1020.jpg 1536w, https:\/\/jornalfatosenoticias.com.br\/wp-content\/uploads\/2020\/02\/LOGO-MQ-2048x1360.jpg 2048w\" sizes=\"auto, (max-width: 336px) 100vw, 336px\" \/><\/a><\/figure><\/div>\n\n\n\n<p><strong>Fonte: <a href=\"https:\/\/www.bonsfluidos.com.br\/comportamento\/a-ciencia-das-emocoes-por-tras-da-procrastinacao.phtml\">Bons Fluidos<\/a><\/strong><\/p>\n","protected":false},"excerpt":{"rendered":"<p>Em \u201cA psicologia da procrastina\u00e7\u00e3o\u201d, o psic\u00f3logo Marcelo Hugo da Rocha explora como os mecanismos mentais de autodefesa influenciam o comportamento de adiar tarefas Cerca de 40 milh\u00f5es de brasileiros s\u00e3o procrastinadores cr\u00f4nicos. Diante disso, enquanto a sociedade busca compreender sua rela\u00e7\u00e3o com o tempo e a forma como o administra, a ci\u00eancia se dedica [&hellip;]<\/p>\n","protected":false},"author":2,"featured_media":63010,"comment_status":"open","ping_status":"open","sticky":false,"template":"","format":"standard","meta":{"footnotes":""},"categories":[2522],"tags":[2336,1400,5096,24657,1986,688,5094],"class_list":["post-63009","post","type-post","status-publish","format-standard","has-post-thumbnail","hentry","category-comportamento","tag-cerebro","tag-comportamento","tag-emocoes","tag-procrastinacao","tag-psicologia","tag-saude-mental","tag-sentimentos"],"yoast_head":"<!-- This site is optimized with the Yoast SEO plugin v26.5 - https:\/\/yoast.com\/wordpress\/plugins\/seo\/ -->\n<title>A ci\u00eancia das emo\u00e7\u00f5es por tr\u00e1s da procrastina\u00e7\u00e3o - Jornal Fatos e Not\u00edcias<\/title>\n<meta name=\"robots\" content=\"index, follow, max-snippet:-1, max-image-preview:large, max-video-preview:-1\" \/>\n<link rel=\"canonical\" href=\"https:\/\/jornalfatosenoticias.com.br\/index.php\/2025\/11\/03\/a-ciencia-das-emocoes-por-tras-da-procrastinacao\/\" \/>\n<meta property=\"og:locale\" content=\"pt_BR\" \/>\n<meta property=\"og:type\" content=\"article\" \/>\n<meta property=\"og:title\" content=\"A ci\u00eancia das emo\u00e7\u00f5es por tr\u00e1s da procrastina\u00e7\u00e3o - Jornal Fatos e Not\u00edcias\" \/>\n<meta property=\"og:description\" content=\"Em \u201cA psicologia da procrastina\u00e7\u00e3o\u201d, o psic\u00f3logo Marcelo Hugo da Rocha explora como os mecanismos mentais de autodefesa influenciam o comportamento de adiar tarefas Cerca de 40 milh\u00f5es de brasileiros s\u00e3o procrastinadores cr\u00f4nicos. Diante disso, enquanto a sociedade busca compreender sua rela\u00e7\u00e3o com o tempo e a forma como o administra, a ci\u00eancia se dedica [&hellip;]\" \/>\n<meta property=\"og:url\" content=\"https:\/\/jornalfatosenoticias.com.br\/index.php\/2025\/11\/03\/a-ciencia-das-emocoes-por-tras-da-procrastinacao\/\" \/>\n<meta property=\"og:site_name\" content=\"Jornal Fatos e Not\u00edcias\" \/>\n<meta property=\"article:published_time\" content=\"2025-11-03T17:59:52+00:00\" \/>\n<meta property=\"article:modified_time\" content=\"2025-11-03T17:59:55+00:00\" \/>\n<meta property=\"og:image\" content=\"https:\/\/jornalfatosenoticias.com.br\/wp-content\/uploads\/2025\/11\/procrastinacao_freepik.jpg\" \/>\n\t<meta property=\"og:image:width\" content=\"1000\" \/>\n\t<meta property=\"og:image:height\" content=\"562\" \/>\n\t<meta property=\"og:image:type\" content=\"image\/jpeg\" \/>\n<meta name=\"author\" content=\"Luzimara Fernandes\" \/>\n<meta name=\"twitter:card\" content=\"summary_large_image\" \/>\n<meta name=\"twitter:label1\" content=\"Escrito por\" \/>\n\t<meta name=\"twitter:data1\" content=\"Luzimara Fernandes\" \/>\n\t<meta name=\"twitter:label2\" content=\"Est. tempo de leitura\" \/>\n\t<meta name=\"twitter:data2\" content=\"2 minutos\" \/>\n<script type=\"application\/ld+json\" class=\"yoast-schema-graph\">{\"@context\":\"https:\/\/schema.org\",\"@graph\":[{\"@type\":\"Article\",\"@id\":\"https:\/\/jornalfatosenoticias.com.br\/index.php\/2025\/11\/03\/a-ciencia-das-emocoes-por-tras-da-procrastinacao\/#article\",\"isPartOf\":{\"@id\":\"https:\/\/jornalfatosenoticias.com.br\/index.php\/2025\/11\/03\/a-ciencia-das-emocoes-por-tras-da-procrastinacao\/\"},\"author\":{\"name\":\"Luzimara Fernandes\",\"@id\":\"https:\/\/jornalfatosenoticias.com.br\/#\/schema\/person\/d63837fa13ac8666eb9e74e0985d6f81\"},\"headline\":\"A ci\u00eancia das emo\u00e7\u00f5es por tr\u00e1s da procrastina\u00e7\u00e3o\",\"datePublished\":\"2025-11-03T17:59:52+00:00\",\"dateModified\":\"2025-11-03T17:59:55+00:00\",\"mainEntityOfPage\":{\"@id\":\"https:\/\/jornalfatosenoticias.com.br\/index.php\/2025\/11\/03\/a-ciencia-das-emocoes-por-tras-da-procrastinacao\/\"},\"wordCount\":482,\"commentCount\":0,\"publisher\":{\"@id\":\"https:\/\/jornalfatosenoticias.com.br\/#organization\"},\"image\":{\"@id\":\"https:\/\/jornalfatosenoticias.com.br\/index.php\/2025\/11\/03\/a-ciencia-das-emocoes-por-tras-da-procrastinacao\/#primaryimage\"},\"thumbnailUrl\":\"https:\/\/jornalfatosenoticias.com.br\/wp-content\/uploads\/2025\/11\/procrastinacao_freepik.jpg\",\"keywords\":[\"c\u00e9rebro\",\"comportamento\",\"emo\u00e7\u00f5es\",\"procrastina\u00e7\u00e3o\",\"psicologia\",\"sa\u00fade mental\",\"sentimentos\"],\"articleSection\":[\"Comportamento &amp; Equil\u00edbrio\"],\"inLanguage\":\"pt-BR\",\"potentialAction\":[{\"@type\":\"CommentAction\",\"name\":\"Comment\",\"target\":[\"https:\/\/jornalfatosenoticias.com.br\/index.php\/2025\/11\/03\/a-ciencia-das-emocoes-por-tras-da-procrastinacao\/#respond\"]}]},{\"@type\":\"WebPage\",\"@id\":\"https:\/\/jornalfatosenoticias.com.br\/index.php\/2025\/11\/03\/a-ciencia-das-emocoes-por-tras-da-procrastinacao\/\",\"url\":\"https:\/\/jornalfatosenoticias.com.br\/index.php\/2025\/11\/03\/a-ciencia-das-emocoes-por-tras-da-procrastinacao\/\",\"name\":\"A ci\u00eancia das emo\u00e7\u00f5es por tr\u00e1s da procrastina\u00e7\u00e3o - Jornal Fatos e Not\u00edcias\",\"isPartOf\":{\"@id\":\"https:\/\/jornalfatosenoticias.com.br\/#website\"},\"primaryImageOfPage\":{\"@id\":\"https:\/\/jornalfatosenoticias.com.br\/index.php\/2025\/11\/03\/a-ciencia-das-emocoes-por-tras-da-procrastinacao\/#primaryimage\"},\"image\":{\"@id\":\"https:\/\/jornalfatosenoticias.com.br\/index.php\/2025\/11\/03\/a-ciencia-das-emocoes-por-tras-da-procrastinacao\/#primaryimage\"},\"thumbnailUrl\":\"https:\/\/jornalfatosenoticias.com.br\/wp-content\/uploads\/2025\/11\/procrastinacao_freepik.jpg\",\"datePublished\":\"2025-11-03T17:59:52+00:00\",\"dateModified\":\"2025-11-03T17:59:55+00:00\",\"breadcrumb\":{\"@id\":\"https:\/\/jornalfatosenoticias.com.br\/index.php\/2025\/11\/03\/a-ciencia-das-emocoes-por-tras-da-procrastinacao\/#breadcrumb\"},\"inLanguage\":\"pt-BR\",\"potentialAction\":[{\"@type\":\"ReadAction\",\"target\":[\"https:\/\/jornalfatosenoticias.com.br\/index.php\/2025\/11\/03\/a-ciencia-das-emocoes-por-tras-da-procrastinacao\/\"]}]},{\"@type\":\"ImageObject\",\"inLanguage\":\"pt-BR\",\"@id\":\"https:\/\/jornalfatosenoticias.com.br\/index.php\/2025\/11\/03\/a-ciencia-das-emocoes-por-tras-da-procrastinacao\/#primaryimage\",\"url\":\"https:\/\/jornalfatosenoticias.com.br\/wp-content\/uploads\/2025\/11\/procrastinacao_freepik.jpg\",\"contentUrl\":\"https:\/\/jornalfatosenoticias.com.br\/wp-content\/uploads\/2025\/11\/procrastinacao_freepik.jpg\",\"width\":1000,\"height\":562},{\"@type\":\"BreadcrumbList\",\"@id\":\"https:\/\/jornalfatosenoticias.com.br\/index.php\/2025\/11\/03\/a-ciencia-das-emocoes-por-tras-da-procrastinacao\/#breadcrumb\",\"itemListElement\":[{\"@type\":\"ListItem\",\"position\":1,\"name\":\"In\u00edcio\",\"item\":\"https:\/\/jornalfatosenoticias.com.br\/\"},{\"@type\":\"ListItem\",\"position\":2,\"name\":\"A ci\u00eancia das emo\u00e7\u00f5es por tr\u00e1s da procrastina\u00e7\u00e3o\"}]},{\"@type\":\"WebSite\",\"@id\":\"https:\/\/jornalfatosenoticias.com.br\/#website\",\"url\":\"https:\/\/jornalfatosenoticias.com.br\/\",\"name\":\"Jornal Fatos e Not\u00edcias\",\"description\":\"Not\u00edcias em geral\",\"publisher\":{\"@id\":\"https:\/\/jornalfatosenoticias.com.br\/#organization\"},\"potentialAction\":[{\"@type\":\"SearchAction\",\"target\":{\"@type\":\"EntryPoint\",\"urlTemplate\":\"https:\/\/jornalfatosenoticias.com.br\/?s={search_term_string}\"},\"query-input\":{\"@type\":\"PropertyValueSpecification\",\"valueRequired\":true,\"valueName\":\"search_term_string\"}}],\"inLanguage\":\"pt-BR\"},{\"@type\":\"Organization\",\"@id\":\"https:\/\/jornalfatosenoticias.com.br\/#organization\",\"name\":\"Jornal Fatos e Not\u00edcias\",\"url\":\"https:\/\/jornalfatosenoticias.com.br\/\",\"logo\":{\"@type\":\"ImageObject\",\"inLanguage\":\"pt-BR\",\"@id\":\"https:\/\/jornalfatosenoticias.com.br\/#\/schema\/logo\/image\/\",\"url\":\"https:\/\/jornalfatosenoticias.com.br\/wp-content\/uploads\/2020\/02\/logo120.png\",\"contentUrl\":\"https:\/\/jornalfatosenoticias.com.br\/wp-content\/uploads\/2020\/02\/logo120.png\",\"width\":1227,\"height\":120,\"caption\":\"Jornal Fatos e Not\u00edcias\"},\"image\":{\"@id\":\"https:\/\/jornalfatosenoticias.com.br\/#\/schema\/logo\/image\/\"}},{\"@type\":\"Person\",\"@id\":\"https:\/\/jornalfatosenoticias.com.br\/#\/schema\/person\/d63837fa13ac8666eb9e74e0985d6f81\",\"name\":\"Luzimara Fernandes\",\"image\":{\"@type\":\"ImageObject\",\"inLanguage\":\"pt-BR\",\"@id\":\"https:\/\/jornalfatosenoticias.com.br\/#\/schema\/person\/image\/\",\"url\":\"https:\/\/jornalfatosenoticias.com.br\/wp-content\/uploads\/2025\/05\/EU_portal.jpg\",\"contentUrl\":\"https:\/\/jornalfatosenoticias.com.br\/wp-content\/uploads\/2025\/05\/EU_portal.jpg\",\"caption\":\"Luzimara Fernandes\"},\"description\":\"Jornalista MTB 2358-ES\",\"sameAs\":[\"https:\/\/jornalfatosenoticias.com.br\"],\"url\":\"https:\/\/jornalfatosenoticias.com.br\/index.php\/author\/luzimara\/\"}]}<\/script>\n<!-- \/ Yoast SEO plugin. -->","yoast_head_json":{"title":"A ci\u00eancia das emo\u00e7\u00f5es por tr\u00e1s da procrastina\u00e7\u00e3o - Jornal Fatos e Not\u00edcias","robots":{"index":"index","follow":"follow","max-snippet":"max-snippet:-1","max-image-preview":"max-image-preview:large","max-video-preview":"max-video-preview:-1"},"canonical":"https:\/\/jornalfatosenoticias.com.br\/index.php\/2025\/11\/03\/a-ciencia-das-emocoes-por-tras-da-procrastinacao\/","og_locale":"pt_BR","og_type":"article","og_title":"A ci\u00eancia das emo\u00e7\u00f5es por tr\u00e1s da procrastina\u00e7\u00e3o - Jornal Fatos e Not\u00edcias","og_description":"Em \u201cA psicologia da procrastina\u00e7\u00e3o\u201d, o psic\u00f3logo Marcelo Hugo da Rocha explora como os mecanismos mentais de autodefesa influenciam o comportamento de adiar tarefas Cerca de 40 milh\u00f5es de brasileiros s\u00e3o procrastinadores cr\u00f4nicos. Diante disso, enquanto a sociedade busca compreender sua rela\u00e7\u00e3o com o tempo e a forma como o administra, a ci\u00eancia se dedica [&hellip;]","og_url":"https:\/\/jornalfatosenoticias.com.br\/index.php\/2025\/11\/03\/a-ciencia-das-emocoes-por-tras-da-procrastinacao\/","og_site_name":"Jornal Fatos e Not\u00edcias","article_published_time":"2025-11-03T17:59:52+00:00","article_modified_time":"2025-11-03T17:59:55+00:00","og_image":[{"width":1000,"height":562,"url":"https:\/\/jornalfatosenoticias.com.br\/wp-content\/uploads\/2025\/11\/procrastinacao_freepik.jpg","type":"image\/jpeg"}],"author":"Luzimara Fernandes","twitter_card":"summary_large_image","twitter_misc":{"Escrito por":"Luzimara Fernandes","Est. tempo de leitura":"2 minutos"},"schema":{"@context":"https:\/\/schema.org","@graph":[{"@type":"Article","@id":"https:\/\/jornalfatosenoticias.com.br\/index.php\/2025\/11\/03\/a-ciencia-das-emocoes-por-tras-da-procrastinacao\/#article","isPartOf":{"@id":"https:\/\/jornalfatosenoticias.com.br\/index.php\/2025\/11\/03\/a-ciencia-das-emocoes-por-tras-da-procrastinacao\/"},"author":{"name":"Luzimara Fernandes","@id":"https:\/\/jornalfatosenoticias.com.br\/#\/schema\/person\/d63837fa13ac8666eb9e74e0985d6f81"},"headline":"A ci\u00eancia das emo\u00e7\u00f5es por tr\u00e1s da procrastina\u00e7\u00e3o","datePublished":"2025-11-03T17:59:52+00:00","dateModified":"2025-11-03T17:59:55+00:00","mainEntityOfPage":{"@id":"https:\/\/jornalfatosenoticias.com.br\/index.php\/2025\/11\/03\/a-ciencia-das-emocoes-por-tras-da-procrastinacao\/"},"wordCount":482,"commentCount":0,"publisher":{"@id":"https:\/\/jornalfatosenoticias.com.br\/#organization"},"image":{"@id":"https:\/\/jornalfatosenoticias.com.br\/index.php\/2025\/11\/03\/a-ciencia-das-emocoes-por-tras-da-procrastinacao\/#primaryimage"},"thumbnailUrl":"https:\/\/jornalfatosenoticias.com.br\/wp-content\/uploads\/2025\/11\/procrastinacao_freepik.jpg","keywords":["c\u00e9rebro","comportamento","emo\u00e7\u00f5es","procrastina\u00e7\u00e3o","psicologia","sa\u00fade mental","sentimentos"],"articleSection":["Comportamento &amp; Equil\u00edbrio"],"inLanguage":"pt-BR","potentialAction":[{"@type":"CommentAction","name":"Comment","target":["https:\/\/jornalfatosenoticias.com.br\/index.php\/2025\/11\/03\/a-ciencia-das-emocoes-por-tras-da-procrastinacao\/#respond"]}]},{"@type":"WebPage","@id":"https:\/\/jornalfatosenoticias.com.br\/index.php\/2025\/11\/03\/a-ciencia-das-emocoes-por-tras-da-procrastinacao\/","url":"https:\/\/jornalfatosenoticias.com.br\/index.php\/2025\/11\/03\/a-ciencia-das-emocoes-por-tras-da-procrastinacao\/","name":"A ci\u00eancia das emo\u00e7\u00f5es por tr\u00e1s da procrastina\u00e7\u00e3o - Jornal Fatos e Not\u00edcias","isPartOf":{"@id":"https:\/\/jornalfatosenoticias.com.br\/#website"},"primaryImageOfPage":{"@id":"https:\/\/jornalfatosenoticias.com.br\/index.php\/2025\/11\/03\/a-ciencia-das-emocoes-por-tras-da-procrastinacao\/#primaryimage"},"image":{"@id":"https:\/\/jornalfatosenoticias.com.br\/index.php\/2025\/11\/03\/a-ciencia-das-emocoes-por-tras-da-procrastinacao\/#primaryimage"},"thumbnailUrl":"https:\/\/jornalfatosenoticias.com.br\/wp-content\/uploads\/2025\/11\/procrastinacao_freepik.jpg","datePublished":"2025-11-03T17:59:52+00:00","dateModified":"2025-11-03T17:59:55+00:00","breadcrumb":{"@id":"https:\/\/jornalfatosenoticias.com.br\/index.php\/2025\/11\/03\/a-ciencia-das-emocoes-por-tras-da-procrastinacao\/#breadcrumb"},"inLanguage":"pt-BR","potentialAction":[{"@type":"ReadAction","target":["https:\/\/jornalfatosenoticias.com.br\/index.php\/2025\/11\/03\/a-ciencia-das-emocoes-por-tras-da-procrastinacao\/"]}]},{"@type":"ImageObject","inLanguage":"pt-BR","@id":"https:\/\/jornalfatosenoticias.com.br\/index.php\/2025\/11\/03\/a-ciencia-das-emocoes-por-tras-da-procrastinacao\/#primaryimage","url":"https:\/\/jornalfatosenoticias.com.br\/wp-content\/uploads\/2025\/11\/procrastinacao_freepik.jpg","contentUrl":"https:\/\/jornalfatosenoticias.com.br\/wp-content\/uploads\/2025\/11\/procrastinacao_freepik.jpg","width":1000,"height":562},{"@type":"BreadcrumbList","@id":"https:\/\/jornalfatosenoticias.com.br\/index.php\/2025\/11\/03\/a-ciencia-das-emocoes-por-tras-da-procrastinacao\/#breadcrumb","itemListElement":[{"@type":"ListItem","position":1,"name":"In\u00edcio","item":"https:\/\/jornalfatosenoticias.com.br\/"},{"@type":"ListItem","position":2,"name":"A ci\u00eancia das emo\u00e7\u00f5es por tr\u00e1s da procrastina\u00e7\u00e3o"}]},{"@type":"WebSite","@id":"https:\/\/jornalfatosenoticias.com.br\/#website","url":"https:\/\/jornalfatosenoticias.com.br\/","name":"Jornal Fatos e Not\u00edcias","description":"Not\u00edcias em geral","publisher":{"@id":"https:\/\/jornalfatosenoticias.com.br\/#organization"},"potentialAction":[{"@type":"SearchAction","target":{"@type":"EntryPoint","urlTemplate":"https:\/\/jornalfatosenoticias.com.br\/?s={search_term_string}"},"query-input":{"@type":"PropertyValueSpecification","valueRequired":true,"valueName":"search_term_string"}}],"inLanguage":"pt-BR"},{"@type":"Organization","@id":"https:\/\/jornalfatosenoticias.com.br\/#organization","name":"Jornal Fatos e Not\u00edcias","url":"https:\/\/jornalfatosenoticias.com.br\/","logo":{"@type":"ImageObject","inLanguage":"pt-BR","@id":"https:\/\/jornalfatosenoticias.com.br\/#\/schema\/logo\/image\/","url":"https:\/\/jornalfatosenoticias.com.br\/wp-content\/uploads\/2020\/02\/logo120.png","contentUrl":"https:\/\/jornalfatosenoticias.com.br\/wp-content\/uploads\/2020\/02\/logo120.png","width":1227,"height":120,"caption":"Jornal Fatos e Not\u00edcias"},"image":{"@id":"https:\/\/jornalfatosenoticias.com.br\/#\/schema\/logo\/image\/"}},{"@type":"Person","@id":"https:\/\/jornalfatosenoticias.com.br\/#\/schema\/person\/d63837fa13ac8666eb9e74e0985d6f81","name":"Luzimara Fernandes","image":{"@type":"ImageObject","inLanguage":"pt-BR","@id":"https:\/\/jornalfatosenoticias.com.br\/#\/schema\/person\/image\/","url":"https:\/\/jornalfatosenoticias.com.br\/wp-content\/uploads\/2025\/05\/EU_portal.jpg","contentUrl":"https:\/\/jornalfatosenoticias.com.br\/wp-content\/uploads\/2025\/05\/EU_portal.jpg","caption":"Luzimara Fernandes"},"description":"Jornalista MTB 2358-ES","sameAs":["https:\/\/jornalfatosenoticias.com.br"],"url":"https:\/\/jornalfatosenoticias.com.br\/index.php\/author\/luzimara\/"}]}},"cc_featured_image_caption":{"caption_text":"(Foto: Freepik)  ","source_text":"","source_url":""},"jetpack_featured_media_url":"https:\/\/jornalfatosenoticias.com.br\/wp-content\/uploads\/2025\/11\/procrastinacao_freepik.jpg","_links":{"self":[{"href":"https:\/\/jornalfatosenoticias.com.br\/index.php\/wp-json\/wp\/v2\/posts\/63009","targetHints":{"allow":["GET"]}}],"collection":[{"href":"https:\/\/jornalfatosenoticias.com.br\/index.php\/wp-json\/wp\/v2\/posts"}],"about":[{"href":"https:\/\/jornalfatosenoticias.com.br\/index.php\/wp-json\/wp\/v2\/types\/post"}],"author":[{"embeddable":true,"href":"https:\/\/jornalfatosenoticias.com.br\/index.php\/wp-json\/wp\/v2\/users\/2"}],"replies":[{"embeddable":true,"href":"https:\/\/jornalfatosenoticias.com.br\/index.php\/wp-json\/wp\/v2\/comments?post=63009"}],"version-history":[{"count":0,"href":"https:\/\/jornalfatosenoticias.com.br\/index.php\/wp-json\/wp\/v2\/posts\/63009\/revisions"}],"wp:featuredmedia":[{"embeddable":true,"href":"https:\/\/jornalfatosenoticias.com.br\/index.php\/wp-json\/wp\/v2\/media\/63010"}],"wp:attachment":[{"href":"https:\/\/jornalfatosenoticias.com.br\/index.php\/wp-json\/wp\/v2\/media?parent=63009"}],"wp:term":[{"taxonomy":"category","embeddable":true,"href":"https:\/\/jornalfatosenoticias.com.br\/index.php\/wp-json\/wp\/v2\/categories?post=63009"},{"taxonomy":"post_tag","embeddable":true,"href":"https:\/\/jornalfatosenoticias.com.br\/index.php\/wp-json\/wp\/v2\/tags?post=63009"}],"curies":[{"name":"wp","href":"https:\/\/api.w.org\/{rel}","templated":true}]}}