{"id":63085,"date":"2025-11-05T10:28:01","date_gmt":"2025-11-05T13:28:01","guid":{"rendered":"https:\/\/jornalfatosenoticias.com.br\/?p=63085"},"modified":"2025-11-05T10:28:02","modified_gmt":"2025-11-05T13:28:02","slug":"sedu-da-inicio-a-chamada-escolar-2026","status":"publish","type":"post","link":"https:\/\/jornalfatosenoticias.com.br\/index.php\/2025\/11\/05\/sedu-da-inicio-a-chamada-escolar-2026\/","title":{"rendered":"Sedu d\u00e1 in\u00edcio \u00e0 Chamada Escolar 2026"},"content":{"rendered":"\n<div class=\"wp-block-image\"><figure class=\"aligncenter size-large\"><a href=\"https:\/\/mizu.com.br\/\"><img loading=\"lazy\" decoding=\"async\" width=\"729\" height=\"90\" src=\"https:\/\/jornalfatosenoticias.com.br\/wp-content\/uploads\/2020\/02\/Logo_Mizu.png\" alt=\"\" class=\"wp-image-1441\" srcset=\"https:\/\/jornalfatosenoticias.com.br\/wp-content\/uploads\/2020\/02\/Logo_Mizu.png 729w, https:\/\/jornalfatosenoticias.com.br\/wp-content\/uploads\/2020\/02\/Logo_Mizu-300x37.png 300w\" sizes=\"auto, (max-width: 729px) 100vw, 729px\" \/><\/a><\/figure><\/div>\n\n\n\n<p>O governo do Estado, por meio da Secretaria da Educa\u00e7\u00e3o (Sedu), deu in\u00edcio, nesta ter\u00e7a-feira (4), ao per\u00edodo da <a href=\"https:\/\/chamadaescolar.sedu.es.gov.br\/\" target=\"_blank\" rel=\"noreferrer noopener\">Chamada Escolar 2026 da Rede P\u00fablica Estadual <\/a><strong><a href=\"https:\/\/chamadaescolar.sedu.es.gov.br\/\" target=\"_blank\" rel=\"noreferrer noopener\">(clique aqui para solicitar uma vaga)<\/a>.<\/strong> Pela primeira vez, rematr\u00edculas, mudan\u00e7as de escola e solicita\u00e7\u00f5es de novas matr\u00edculas ocorrer\u00e3o de forma simult\u00e2nea, at\u00e9 o dia 12 de dezembro. A unifica\u00e7\u00e3o dos processos facilita o planejamento das fam\u00edlias e da Rede Estadual, garantindo maior organiza\u00e7\u00e3o, agilidade e transpar\u00eancia para o in\u00edcio do pr\u00f3ximo ano letivo.<br>Ao todo, ser\u00e3o ofertadas mais de 230 mil vagas distribu\u00eddas em todo o Esp\u00edrito Santo, sendo 80 mil destinadas ao ensino fundamental, 130 mil ao ensino m\u00e9dio e 20 mil \u00e0 educa\u00e7\u00e3o de jovens e adultos (EJA). Entre as vagas do ensino m\u00e9dio, 33 mil ser\u00e3o integradas a cursos t\u00e9cnicos, fortalecendo a forma\u00e7\u00e3o profissional dos estudantes capixabas.<\/p>\n\n\n\n<div class=\"wp-block-image\"><figure class=\"aligncenter size-large\"><a href=\"https:\/\/www.cesconetto.com.br\/\"><img loading=\"lazy\" decoding=\"async\" width=\"300\" height=\"250\" src=\"https:\/\/jornalfatosenoticias.com.br\/wp-content\/uploads\/2020\/02\/Banner-2.png\" alt=\"\" class=\"wp-image-43787\"\/><\/a><\/figure><\/div>\n\n\n\n<p>O secret\u00e1rio de Estado da Educa\u00e7\u00e3o, Vitor de Angelo, frisou que a abertura da Chamada Escolar representa uma etapa essencial para assegurar o acesso e a perman\u00eancia de estudantes na Rede Estadual. \u201cAs novas vagas reafirmam o compromisso do governo do Estado em garantir mais tempo de aprendizagem, forma\u00e7\u00e3o integral e oportunidades de desenvolvimento para os estudantes\u201d, afirmou o secret\u00e1rio.<\/p>\n\n\n\n<div class=\"wp-block-image\"><figure class=\"aligncenter size-large is-resized\"><a href=\"https:\/\/www.facebook.com\/profile.php?id=100069289606145\"><img loading=\"lazy\" decoding=\"async\" src=\"https:\/\/jornalfatosenoticias.com.br\/wp-content\/uploads\/2024\/11\/Guaitolini-Contabilidade-1024x714.jpeg\" alt=\"\" class=\"wp-image-55808\" width=\"320\" height=\"223\" srcset=\"https:\/\/jornalfatosenoticias.com.br\/wp-content\/uploads\/2024\/11\/Guaitolini-Contabilidade-1024x714.jpeg 1024w, https:\/\/jornalfatosenoticias.com.br\/wp-content\/uploads\/2024\/11\/Guaitolini-Contabilidade-300x209.jpeg 300w, https:\/\/jornalfatosenoticias.com.br\/wp-content\/uploads\/2024\/11\/Guaitolini-Contabilidade-768x535.jpeg 768w, https:\/\/jornalfatosenoticias.com.br\/wp-content\/uploads\/2024\/11\/Guaitolini-Contabilidade.jpeg 1280w\" sizes=\"auto, (max-width: 320px) 100vw, 320px\" \/><\/a><\/figure><\/div>\n\n\n\n<p>Ainda segundo Vitor de Angelo, a Rede Estadual segue avan\u00e7ando, principalmente, em duas frentes estrat\u00e9gicas em 2026: a amplia\u00e7\u00e3o da educa\u00e7\u00e3o em tempo integral e o fortalecimento do Programa Escola do Futuro. \u201cSer\u00e3o mais 20 escolas estaduais ofertando Tempo Integral e outras 60 unidades inseridas no Programa Escola do Futuro. Esse \u00e9 um passo significativo para elevar ainda mais a qualidade da educa\u00e7\u00e3o capixaba\u201d.<\/p>\n\n\n\n<div class=\"wp-block-image\"><figure class=\"aligncenter size-large is-resized\"><a href=\"https:\/\/legisjuris.com.br\/\"><img loading=\"lazy\" decoding=\"async\" src=\"https:\/\/jornalfatosenoticias.com.br\/wp-content\/uploads\/2024\/09\/Legis-Juris-Consultoria_logo.jpg\" alt=\"\" class=\"wp-image-53915\" width=\"513\" height=\"215\" srcset=\"https:\/\/jornalfatosenoticias.com.br\/wp-content\/uploads\/2024\/09\/Legis-Juris-Consultoria_logo.jpg 969w, https:\/\/jornalfatosenoticias.com.br\/wp-content\/uploads\/2024\/09\/Legis-Juris-Consultoria_logo-300x126.jpg 300w, https:\/\/jornalfatosenoticias.com.br\/wp-content\/uploads\/2024\/09\/Legis-Juris-Consultoria_logo-768x322.jpg 768w\" sizes=\"auto, (max-width: 513px) 100vw, 513px\" \/><\/a><\/figure><\/div>\n\n\n\n<p><strong>Fonte: <a href=\"https:\/\/sedu.es.gov.br\/Not%C3%ADcia\/sedu-da-inicio-a-chamada-escolar-2026\">Sedu-ES<\/a><\/strong><\/p>\n","protected":false},"excerpt":{"rendered":"<p>O governo do Estado, por meio da Secretaria da Educa\u00e7\u00e3o (Sedu), deu in\u00edcio, nesta ter\u00e7a-feira (4), ao per\u00edodo da Chamada Escolar 2026 da Rede P\u00fablica Estadual (clique aqui para solicitar uma vaga). Pela primeira vez, rematr\u00edculas, mudan\u00e7as de escola e solicita\u00e7\u00f5es de novas matr\u00edculas ocorrer\u00e3o de forma simult\u00e2nea, at\u00e9 o dia 12 de dezembro. A [&hellip;]<\/p>\n","protected":false},"author":2,"featured_media":63086,"comment_status":"open","ping_status":"open","sticky":false,"template":"","format":"standard","meta":{"footnotes":""},"categories":[7],"tags":[28793,345,2203,9651,100,852,13064,10166,409],"class_list":["post-63085","post","type-post","status-publish","format-standard","has-post-thumbnail","hentry","category-educacao","tag-chamada-escolar-2026","tag-educacao","tag-ensino-fundamental","tag-ensino-medio","tag-espirito-santo","tag-estudantes","tag-estudantes-capixabas","tag-rede-estadual-de-ensino","tag-sedu"],"yoast_head":"<!-- This site is optimized with the Yoast SEO plugin v26.5 - https:\/\/yoast.com\/wordpress\/plugins\/seo\/ -->\n<title>Sedu d\u00e1 in\u00edcio \u00e0 Chamada Escolar 2026 - Jornal Fatos e Not\u00edcias<\/title>\n<meta name=\"robots\" content=\"index, follow, max-snippet:-1, max-image-preview:large, max-video-preview:-1\" \/>\n<link rel=\"canonical\" href=\"https:\/\/jornalfatosenoticias.com.br\/index.php\/2025\/11\/05\/sedu-da-inicio-a-chamada-escolar-2026\/\" \/>\n<meta property=\"og:locale\" content=\"pt_BR\" \/>\n<meta property=\"og:type\" content=\"article\" \/>\n<meta property=\"og:title\" content=\"Sedu d\u00e1 in\u00edcio \u00e0 Chamada Escolar 2026 - Jornal Fatos e Not\u00edcias\" \/>\n<meta property=\"og:description\" content=\"O governo do Estado, por meio da Secretaria da Educa\u00e7\u00e3o (Sedu), deu in\u00edcio, nesta ter\u00e7a-feira (4), ao per\u00edodo da Chamada Escolar 2026 da Rede P\u00fablica Estadual (clique aqui para solicitar uma vaga). Pela primeira vez, rematr\u00edculas, mudan\u00e7as de escola e solicita\u00e7\u00f5es de novas matr\u00edculas ocorrer\u00e3o de forma simult\u00e2nea, at\u00e9 o dia 12 de dezembro. A [&hellip;]\" \/>\n<meta property=\"og:url\" content=\"https:\/\/jornalfatosenoticias.com.br\/index.php\/2025\/11\/05\/sedu-da-inicio-a-chamada-escolar-2026\/\" \/>\n<meta property=\"og:site_name\" content=\"Jornal Fatos e Not\u00edcias\" \/>\n<meta property=\"article:published_time\" content=\"2025-11-05T13:28:01+00:00\" \/>\n<meta property=\"article:modified_time\" content=\"2025-11-05T13:28:02+00:00\" \/>\n<meta property=\"og:image\" content=\"https:\/\/jornalfatosenoticias.com.br\/wp-content\/uploads\/2025\/11\/chamada-escolar-sedu-2026.jpeg\" \/>\n\t<meta property=\"og:image:width\" content=\"960\" \/>\n\t<meta property=\"og:image:height\" content=\"432\" \/>\n\t<meta property=\"og:image:type\" content=\"image\/jpeg\" \/>\n<meta name=\"author\" content=\"Luzimara Fernandes\" \/>\n<meta name=\"twitter:card\" content=\"summary_large_image\" \/>\n<meta name=\"twitter:label1\" content=\"Escrito por\" \/>\n\t<meta name=\"twitter:data1\" content=\"Luzimara Fernandes\" \/>\n\t<meta name=\"twitter:label2\" content=\"Est. tempo de leitura\" \/>\n\t<meta name=\"twitter:data2\" content=\"1 minuto\" \/>\n<script type=\"application\/ld+json\" class=\"yoast-schema-graph\">{\"@context\":\"https:\/\/schema.org\",\"@graph\":[{\"@type\":\"Article\",\"@id\":\"https:\/\/jornalfatosenoticias.com.br\/index.php\/2025\/11\/05\/sedu-da-inicio-a-chamada-escolar-2026\/#article\",\"isPartOf\":{\"@id\":\"https:\/\/jornalfatosenoticias.com.br\/index.php\/2025\/11\/05\/sedu-da-inicio-a-chamada-escolar-2026\/\"},\"author\":{\"name\":\"Luzimara Fernandes\",\"@id\":\"https:\/\/jornalfatosenoticias.com.br\/#\/schema\/person\/d63837fa13ac8666eb9e74e0985d6f81\"},\"headline\":\"Sedu d\u00e1 in\u00edcio \u00e0 Chamada Escolar 2026\",\"datePublished\":\"2025-11-05T13:28:01+00:00\",\"dateModified\":\"2025-11-05T13:28:02+00:00\",\"mainEntityOfPage\":{\"@id\":\"https:\/\/jornalfatosenoticias.com.br\/index.php\/2025\/11\/05\/sedu-da-inicio-a-chamada-escolar-2026\/\"},\"wordCount\":293,\"commentCount\":0,\"publisher\":{\"@id\":\"https:\/\/jornalfatosenoticias.com.br\/#organization\"},\"image\":{\"@id\":\"https:\/\/jornalfatosenoticias.com.br\/index.php\/2025\/11\/05\/sedu-da-inicio-a-chamada-escolar-2026\/#primaryimage\"},\"thumbnailUrl\":\"https:\/\/jornalfatosenoticias.com.br\/wp-content\/uploads\/2025\/11\/chamada-escolar-sedu-2026.jpeg\",\"keywords\":[\"Chamada Escolar 2026\",\"educa\u00e7\u00e3o\",\"ensino fundamental\",\"ensino m\u00e9dio\",\"Esp\u00edrito Santo\",\"estudantes\",\"estudantes capixabas\",\"rede estadual de ensino\",\"Sedu\"],\"articleSection\":[\"Educa\u00e7\u00e3o\"],\"inLanguage\":\"pt-BR\",\"potentialAction\":[{\"@type\":\"CommentAction\",\"name\":\"Comment\",\"target\":[\"https:\/\/jornalfatosenoticias.com.br\/index.php\/2025\/11\/05\/sedu-da-inicio-a-chamada-escolar-2026\/#respond\"]}]},{\"@type\":\"WebPage\",\"@id\":\"https:\/\/jornalfatosenoticias.com.br\/index.php\/2025\/11\/05\/sedu-da-inicio-a-chamada-escolar-2026\/\",\"url\":\"https:\/\/jornalfatosenoticias.com.br\/index.php\/2025\/11\/05\/sedu-da-inicio-a-chamada-escolar-2026\/\",\"name\":\"Sedu d\u00e1 in\u00edcio \u00e0 Chamada Escolar 2026 - Jornal Fatos e Not\u00edcias\",\"isPartOf\":{\"@id\":\"https:\/\/jornalfatosenoticias.com.br\/#website\"},\"primaryImageOfPage\":{\"@id\":\"https:\/\/jornalfatosenoticias.com.br\/index.php\/2025\/11\/05\/sedu-da-inicio-a-chamada-escolar-2026\/#primaryimage\"},\"image\":{\"@id\":\"https:\/\/jornalfatosenoticias.com.br\/index.php\/2025\/11\/05\/sedu-da-inicio-a-chamada-escolar-2026\/#primaryimage\"},\"thumbnailUrl\":\"https:\/\/jornalfatosenoticias.com.br\/wp-content\/uploads\/2025\/11\/chamada-escolar-sedu-2026.jpeg\",\"datePublished\":\"2025-11-05T13:28:01+00:00\",\"dateModified\":\"2025-11-05T13:28:02+00:00\",\"breadcrumb\":{\"@id\":\"https:\/\/jornalfatosenoticias.com.br\/index.php\/2025\/11\/05\/sedu-da-inicio-a-chamada-escolar-2026\/#breadcrumb\"},\"inLanguage\":\"pt-BR\",\"potentialAction\":[{\"@type\":\"ReadAction\",\"target\":[\"https:\/\/jornalfatosenoticias.com.br\/index.php\/2025\/11\/05\/sedu-da-inicio-a-chamada-escolar-2026\/\"]}]},{\"@type\":\"ImageObject\",\"inLanguage\":\"pt-BR\",\"@id\":\"https:\/\/jornalfatosenoticias.com.br\/index.php\/2025\/11\/05\/sedu-da-inicio-a-chamada-escolar-2026\/#primaryimage\",\"url\":\"https:\/\/jornalfatosenoticias.com.br\/wp-content\/uploads\/2025\/11\/chamada-escolar-sedu-2026.jpeg\",\"contentUrl\":\"https:\/\/jornalfatosenoticias.com.br\/wp-content\/uploads\/2025\/11\/chamada-escolar-sedu-2026.jpeg\",\"width\":960,\"height\":432},{\"@type\":\"BreadcrumbList\",\"@id\":\"https:\/\/jornalfatosenoticias.com.br\/index.php\/2025\/11\/05\/sedu-da-inicio-a-chamada-escolar-2026\/#breadcrumb\",\"itemListElement\":[{\"@type\":\"ListItem\",\"position\":1,\"name\":\"In\u00edcio\",\"item\":\"https:\/\/jornalfatosenoticias.com.br\/\"},{\"@type\":\"ListItem\",\"position\":2,\"name\":\"Sedu d\u00e1 in\u00edcio \u00e0 Chamada Escolar 2026\"}]},{\"@type\":\"WebSite\",\"@id\":\"https:\/\/jornalfatosenoticias.com.br\/#website\",\"url\":\"https:\/\/jornalfatosenoticias.com.br\/\",\"name\":\"Jornal Fatos e Not\u00edcias\",\"description\":\"Not\u00edcias em geral\",\"publisher\":{\"@id\":\"https:\/\/jornalfatosenoticias.com.br\/#organization\"},\"potentialAction\":[{\"@type\":\"SearchAction\",\"target\":{\"@type\":\"EntryPoint\",\"urlTemplate\":\"https:\/\/jornalfatosenoticias.com.br\/?s={search_term_string}\"},\"query-input\":{\"@type\":\"PropertyValueSpecification\",\"valueRequired\":true,\"valueName\":\"search_term_string\"}}],\"inLanguage\":\"pt-BR\"},{\"@type\":\"Organization\",\"@id\":\"https:\/\/jornalfatosenoticias.com.br\/#organization\",\"name\":\"Jornal Fatos e Not\u00edcias\",\"url\":\"https:\/\/jornalfatosenoticias.com.br\/\",\"logo\":{\"@type\":\"ImageObject\",\"inLanguage\":\"pt-BR\",\"@id\":\"https:\/\/jornalfatosenoticias.com.br\/#\/schema\/logo\/image\/\",\"url\":\"https:\/\/jornalfatosenoticias.com.br\/wp-content\/uploads\/2020\/02\/logo120.png\",\"contentUrl\":\"https:\/\/jornalfatosenoticias.com.br\/wp-content\/uploads\/2020\/02\/logo120.png\",\"width\":1227,\"height\":120,\"caption\":\"Jornal Fatos e Not\u00edcias\"},\"image\":{\"@id\":\"https:\/\/jornalfatosenoticias.com.br\/#\/schema\/logo\/image\/\"}},{\"@type\":\"Person\",\"@id\":\"https:\/\/jornalfatosenoticias.com.br\/#\/schema\/person\/d63837fa13ac8666eb9e74e0985d6f81\",\"name\":\"Luzimara Fernandes\",\"image\":{\"@type\":\"ImageObject\",\"inLanguage\":\"pt-BR\",\"@id\":\"https:\/\/jornalfatosenoticias.com.br\/#\/schema\/person\/image\/\",\"url\":\"https:\/\/jornalfatosenoticias.com.br\/wp-content\/uploads\/2025\/05\/EU_portal.jpg\",\"contentUrl\":\"https:\/\/jornalfatosenoticias.com.br\/wp-content\/uploads\/2025\/05\/EU_portal.jpg\",\"caption\":\"Luzimara Fernandes\"},\"description\":\"Jornalista MTB 2358-ES\",\"sameAs\":[\"https:\/\/jornalfatosenoticias.com.br\"],\"url\":\"https:\/\/jornalfatosenoticias.com.br\/index.php\/author\/luzimara\/\"}]}<\/script>\n<!-- \/ Yoast SEO plugin. -->","yoast_head_json":{"title":"Sedu d\u00e1 in\u00edcio \u00e0 Chamada Escolar 2026 - Jornal Fatos e Not\u00edcias","robots":{"index":"index","follow":"follow","max-snippet":"max-snippet:-1","max-image-preview":"max-image-preview:large","max-video-preview":"max-video-preview:-1"},"canonical":"https:\/\/jornalfatosenoticias.com.br\/index.php\/2025\/11\/05\/sedu-da-inicio-a-chamada-escolar-2026\/","og_locale":"pt_BR","og_type":"article","og_title":"Sedu d\u00e1 in\u00edcio \u00e0 Chamada Escolar 2026 - Jornal Fatos e Not\u00edcias","og_description":"O governo do Estado, por meio da Secretaria da Educa\u00e7\u00e3o (Sedu), deu in\u00edcio, nesta ter\u00e7a-feira (4), ao per\u00edodo da Chamada Escolar 2026 da Rede P\u00fablica Estadual (clique aqui para solicitar uma vaga). Pela primeira vez, rematr\u00edculas, mudan\u00e7as de escola e solicita\u00e7\u00f5es de novas matr\u00edculas ocorrer\u00e3o de forma simult\u00e2nea, at\u00e9 o dia 12 de dezembro. A [&hellip;]","og_url":"https:\/\/jornalfatosenoticias.com.br\/index.php\/2025\/11\/05\/sedu-da-inicio-a-chamada-escolar-2026\/","og_site_name":"Jornal Fatos e Not\u00edcias","article_published_time":"2025-11-05T13:28:01+00:00","article_modified_time":"2025-11-05T13:28:02+00:00","og_image":[{"width":960,"height":432,"url":"https:\/\/jornalfatosenoticias.com.br\/wp-content\/uploads\/2025\/11\/chamada-escolar-sedu-2026.jpeg","type":"image\/jpeg"}],"author":"Luzimara Fernandes","twitter_card":"summary_large_image","twitter_misc":{"Escrito por":"Luzimara Fernandes","Est. tempo de leitura":"1 minuto"},"schema":{"@context":"https:\/\/schema.org","@graph":[{"@type":"Article","@id":"https:\/\/jornalfatosenoticias.com.br\/index.php\/2025\/11\/05\/sedu-da-inicio-a-chamada-escolar-2026\/#article","isPartOf":{"@id":"https:\/\/jornalfatosenoticias.com.br\/index.php\/2025\/11\/05\/sedu-da-inicio-a-chamada-escolar-2026\/"},"author":{"name":"Luzimara Fernandes","@id":"https:\/\/jornalfatosenoticias.com.br\/#\/schema\/person\/d63837fa13ac8666eb9e74e0985d6f81"},"headline":"Sedu d\u00e1 in\u00edcio \u00e0 Chamada Escolar 2026","datePublished":"2025-11-05T13:28:01+00:00","dateModified":"2025-11-05T13:28:02+00:00","mainEntityOfPage":{"@id":"https:\/\/jornalfatosenoticias.com.br\/index.php\/2025\/11\/05\/sedu-da-inicio-a-chamada-escolar-2026\/"},"wordCount":293,"commentCount":0,"publisher":{"@id":"https:\/\/jornalfatosenoticias.com.br\/#organization"},"image":{"@id":"https:\/\/jornalfatosenoticias.com.br\/index.php\/2025\/11\/05\/sedu-da-inicio-a-chamada-escolar-2026\/#primaryimage"},"thumbnailUrl":"https:\/\/jornalfatosenoticias.com.br\/wp-content\/uploads\/2025\/11\/chamada-escolar-sedu-2026.jpeg","keywords":["Chamada Escolar 2026","educa\u00e7\u00e3o","ensino fundamental","ensino m\u00e9dio","Esp\u00edrito Santo","estudantes","estudantes capixabas","rede estadual de ensino","Sedu"],"articleSection":["Educa\u00e7\u00e3o"],"inLanguage":"pt-BR","potentialAction":[{"@type":"CommentAction","name":"Comment","target":["https:\/\/jornalfatosenoticias.com.br\/index.php\/2025\/11\/05\/sedu-da-inicio-a-chamada-escolar-2026\/#respond"]}]},{"@type":"WebPage","@id":"https:\/\/jornalfatosenoticias.com.br\/index.php\/2025\/11\/05\/sedu-da-inicio-a-chamada-escolar-2026\/","url":"https:\/\/jornalfatosenoticias.com.br\/index.php\/2025\/11\/05\/sedu-da-inicio-a-chamada-escolar-2026\/","name":"Sedu d\u00e1 in\u00edcio \u00e0 Chamada Escolar 2026 - Jornal Fatos e Not\u00edcias","isPartOf":{"@id":"https:\/\/jornalfatosenoticias.com.br\/#website"},"primaryImageOfPage":{"@id":"https:\/\/jornalfatosenoticias.com.br\/index.php\/2025\/11\/05\/sedu-da-inicio-a-chamada-escolar-2026\/#primaryimage"},"image":{"@id":"https:\/\/jornalfatosenoticias.com.br\/index.php\/2025\/11\/05\/sedu-da-inicio-a-chamada-escolar-2026\/#primaryimage"},"thumbnailUrl":"https:\/\/jornalfatosenoticias.com.br\/wp-content\/uploads\/2025\/11\/chamada-escolar-sedu-2026.jpeg","datePublished":"2025-11-05T13:28:01+00:00","dateModified":"2025-11-05T13:28:02+00:00","breadcrumb":{"@id":"https:\/\/jornalfatosenoticias.com.br\/index.php\/2025\/11\/05\/sedu-da-inicio-a-chamada-escolar-2026\/#breadcrumb"},"inLanguage":"pt-BR","potentialAction":[{"@type":"ReadAction","target":["https:\/\/jornalfatosenoticias.com.br\/index.php\/2025\/11\/05\/sedu-da-inicio-a-chamada-escolar-2026\/"]}]},{"@type":"ImageObject","inLanguage":"pt-BR","@id":"https:\/\/jornalfatosenoticias.com.br\/index.php\/2025\/11\/05\/sedu-da-inicio-a-chamada-escolar-2026\/#primaryimage","url":"https:\/\/jornalfatosenoticias.com.br\/wp-content\/uploads\/2025\/11\/chamada-escolar-sedu-2026.jpeg","contentUrl":"https:\/\/jornalfatosenoticias.com.br\/wp-content\/uploads\/2025\/11\/chamada-escolar-sedu-2026.jpeg","width":960,"height":432},{"@type":"BreadcrumbList","@id":"https:\/\/jornalfatosenoticias.com.br\/index.php\/2025\/11\/05\/sedu-da-inicio-a-chamada-escolar-2026\/#breadcrumb","itemListElement":[{"@type":"ListItem","position":1,"name":"In\u00edcio","item":"https:\/\/jornalfatosenoticias.com.br\/"},{"@type":"ListItem","position":2,"name":"Sedu d\u00e1 in\u00edcio \u00e0 Chamada Escolar 2026"}]},{"@type":"WebSite","@id":"https:\/\/jornalfatosenoticias.com.br\/#website","url":"https:\/\/jornalfatosenoticias.com.br\/","name":"Jornal Fatos e Not\u00edcias","description":"Not\u00edcias em geral","publisher":{"@id":"https:\/\/jornalfatosenoticias.com.br\/#organization"},"potentialAction":[{"@type":"SearchAction","target":{"@type":"EntryPoint","urlTemplate":"https:\/\/jornalfatosenoticias.com.br\/?s={search_term_string}"},"query-input":{"@type":"PropertyValueSpecification","valueRequired":true,"valueName":"search_term_string"}}],"inLanguage":"pt-BR"},{"@type":"Organization","@id":"https:\/\/jornalfatosenoticias.com.br\/#organization","name":"Jornal Fatos e Not\u00edcias","url":"https:\/\/jornalfatosenoticias.com.br\/","logo":{"@type":"ImageObject","inLanguage":"pt-BR","@id":"https:\/\/jornalfatosenoticias.com.br\/#\/schema\/logo\/image\/","url":"https:\/\/jornalfatosenoticias.com.br\/wp-content\/uploads\/2020\/02\/logo120.png","contentUrl":"https:\/\/jornalfatosenoticias.com.br\/wp-content\/uploads\/2020\/02\/logo120.png","width":1227,"height":120,"caption":"Jornal Fatos e Not\u00edcias"},"image":{"@id":"https:\/\/jornalfatosenoticias.com.br\/#\/schema\/logo\/image\/"}},{"@type":"Person","@id":"https:\/\/jornalfatosenoticias.com.br\/#\/schema\/person\/d63837fa13ac8666eb9e74e0985d6f81","name":"Luzimara Fernandes","image":{"@type":"ImageObject","inLanguage":"pt-BR","@id":"https:\/\/jornalfatosenoticias.com.br\/#\/schema\/person\/image\/","url":"https:\/\/jornalfatosenoticias.com.br\/wp-content\/uploads\/2025\/05\/EU_portal.jpg","contentUrl":"https:\/\/jornalfatosenoticias.com.br\/wp-content\/uploads\/2025\/05\/EU_portal.jpg","caption":"Luzimara Fernandes"},"description":"Jornalista MTB 2358-ES","sameAs":["https:\/\/jornalfatosenoticias.com.br"],"url":"https:\/\/jornalfatosenoticias.com.br\/index.php\/author\/luzimara\/"}]}},"cc_featured_image_caption":{"caption_text":"(Foto: Ascom Sedu-ES) ","source_text":"","source_url":""},"jetpack_featured_media_url":"https:\/\/jornalfatosenoticias.com.br\/wp-content\/uploads\/2025\/11\/chamada-escolar-sedu-2026.jpeg","_links":{"self":[{"href":"https:\/\/jornalfatosenoticias.com.br\/index.php\/wp-json\/wp\/v2\/posts\/63085","targetHints":{"allow":["GET"]}}],"collection":[{"href":"https:\/\/jornalfatosenoticias.com.br\/index.php\/wp-json\/wp\/v2\/posts"}],"about":[{"href":"https:\/\/jornalfatosenoticias.com.br\/index.php\/wp-json\/wp\/v2\/types\/post"}],"author":[{"embeddable":true,"href":"https:\/\/jornalfatosenoticias.com.br\/index.php\/wp-json\/wp\/v2\/users\/2"}],"replies":[{"embeddable":true,"href":"https:\/\/jornalfatosenoticias.com.br\/index.php\/wp-json\/wp\/v2\/comments?post=63085"}],"version-history":[{"count":0,"href":"https:\/\/jornalfatosenoticias.com.br\/index.php\/wp-json\/wp\/v2\/posts\/63085\/revisions"}],"wp:featuredmedia":[{"embeddable":true,"href":"https:\/\/jornalfatosenoticias.com.br\/index.php\/wp-json\/wp\/v2\/media\/63086"}],"wp:attachment":[{"href":"https:\/\/jornalfatosenoticias.com.br\/index.php\/wp-json\/wp\/v2\/media?parent=63085"}],"wp:term":[{"taxonomy":"category","embeddable":true,"href":"https:\/\/jornalfatosenoticias.com.br\/index.php\/wp-json\/wp\/v2\/categories?post=63085"},{"taxonomy":"post_tag","embeddable":true,"href":"https:\/\/jornalfatosenoticias.com.br\/index.php\/wp-json\/wp\/v2\/tags?post=63085"}],"curies":[{"name":"wp","href":"https:\/\/api.w.org\/{rel}","templated":true}]}}