{"id":63101,"date":"2025-11-05T14:13:32","date_gmt":"2025-11-05T17:13:32","guid":{"rendered":"https:\/\/jornalfatosenoticias.com.br\/?p=63101"},"modified":"2025-11-05T14:13:33","modified_gmt":"2025-11-05T17:13:33","slug":"governo-mira-seu-bolso-com-novas-taxas-e-libera-gastos-publicos","status":"publish","type":"post","link":"https:\/\/jornalfatosenoticias.com.br\/index.php\/2025\/11\/05\/governo-mira-seu-bolso-com-novas-taxas-e-libera-gastos-publicos\/","title":{"rendered":"Governo mira seu bolso com novas taxas e libera gastos p\u00fablicos"},"content":{"rendered":"\n<p><em><span class=\"has-inline-color has-black-color\">C\u00e2mara aprovou o projeto de lei apresentado pelo STF que garante 24% de reajuste salarial para os servidores do Judici\u00e1rio<\/span><\/em><\/p>\n\n\n\n<p><span class=\"has-inline-color has-black-color\">Por <strong><a href=\"https:\/\/www.gazetadopovo.com.br\/autor\/gazeta-do-povo-lab\/\">Gazeta do Povo Lab*<\/a><\/strong><\/span><\/p>\n\n\n\n<div class=\"wp-block-image\"><figure class=\"aligncenter size-large\"><a href=\"https:\/\/www.instagram.com\/rcradiadores\/\"><img loading=\"lazy\" decoding=\"async\" width=\"560\" height=\"60\" src=\"https:\/\/jornalfatosenoticias.com.br\/wp-content\/uploads\/2022\/10\/Propaganda-RC-Radiadores-Jornal_page-0001.jpg\" alt=\"\" class=\"wp-image-35270\" srcset=\"https:\/\/jornalfatosenoticias.com.br\/wp-content\/uploads\/2022\/10\/Propaganda-RC-Radiadores-Jornal_page-0001.jpg 560w, https:\/\/jornalfatosenoticias.com.br\/wp-content\/uploads\/2022\/10\/Propaganda-RC-Radiadores-Jornal_page-0001-300x32.jpg 300w\" sizes=\"auto, (max-width: 560px) 100vw, 560px\" \/><\/a><\/figure><\/div>\n\n\n\n<p>O cen\u00e1rio econ\u00f4mico \u00e9 marcado por um forte avan\u00e7o do governo sobre arrecada\u00e7\u00e3o e despesas. Enquanto a C\u00e2mara aprova a taxa\u00e7\u00e3o de streamings e um reajuste de 24% para o Judici\u00e1rio, novas discuss\u00f5es sobre o trabalho por aplicativo e o crescimento da renda de aut\u00f4nomos redefinem o mercado de trabalho. No plano macroecon\u00f4mico, a expectativa \u00e9 de manuten\u00e7\u00e3o da taxa Selic diante do risco fiscal e da infla\u00e7\u00e3o.<\/p>\n\n\n\n<div class=\"wp-block-image\"><figure class=\"aligncenter size-large\"><a href=\"http:\/\/www.ferrarimaquinas.com.br\/\"><img loading=\"lazy\" decoding=\"async\" width=\"300\" height=\"250\" src=\"https:\/\/jornalfatosenoticias.com.br\/wp-content\/uploads\/2022\/02\/FERRARI_MAQUINAS-E-FERRAMENTAS2.jpg\" alt=\"\" class=\"wp-image-27860\"\/><\/a><\/figure><\/div>\n\n\n\n<p><strong><span class=\"has-inline-color has-black-color\">Governo avan\u00e7a com novas taxas e aumento de gastos<br><\/span><\/strong>A C\u00e2mara dos Deputados aprovou o texto-base para tributar streamings. Servi\u00e7os como a Netflix passar\u00e3o a ser taxados. Paralelamente, o senador Renan Calheiros prop\u00f4s uma manobra para o governo taxar fintechs e empresas de apostas. A medida est\u00e1 atrelada a uma proposta de isen\u00e7\u00e3o de Imposto de Renda.<\/p>\n\n\n\n<div class=\"wp-block-image\"><figure class=\"aligncenter size-large is-resized\"><a href=\"https:\/\/panper.com.br\/\"><img loading=\"lazy\" decoding=\"async\" src=\"https:\/\/jornalfatosenoticias.com.br\/wp-content\/uploads\/2023\/03\/logo-Panper_portal.jpg\" alt=\"\" class=\"wp-image-40208\" width=\"323\" height=\"224\" srcset=\"https:\/\/jornalfatosenoticias.com.br\/wp-content\/uploads\/2023\/03\/logo-Panper_portal.jpg 400w, https:\/\/jornalfatosenoticias.com.br\/wp-content\/uploads\/2023\/03\/logo-Panper_portal-300x208.jpg 300w\" sizes=\"auto, (max-width: 323px) 100vw, 323px\" \/><\/a><\/figure><\/div>\n\n\n\n<p>Do lado das despesas, <strong>a C\u00e2mara aprovou<\/strong> duas medidas importantes. Foi autorizado <strong>um estouro bilion\u00e1rio para gastos com a defesa do governo.<\/strong> Al\u00e9m disso, foi aprovado um reajuste de 24% para os servidores do Judici\u00e1rio. A proposta de aumento salarial partiu originalmente do STF. Por fim, a reforma tribut\u00e1ria segue em pauta com poss\u00edveis impactos. A cria\u00e7\u00e3o de um &#8220;CPF dos im\u00f3veis&#8221; pode aumentar o valor do IPTU em todo o pa\u00eds.<\/p>\n\n\n\n<div class=\"wp-block-image\"><figure class=\"aligncenter size-large\"><a href=\"https:\/\/www.cesconetto.com.br\/\"><img loading=\"lazy\" decoding=\"async\" width=\"300\" height=\"250\" src=\"https:\/\/jornalfatosenoticias.com.br\/wp-content\/uploads\/2022\/02\/Banner-2.png\" alt=\"\" class=\"wp-image-27877\"\/><\/a><\/figure><\/div>\n\n\n\n<p><strong><span class=\"has-inline-color has-black-color\">Mercado de trabalho tem novas discuss\u00f5es e mudan\u00e7as na renda<br><\/span><\/strong>O debate sobre a regulamenta\u00e7\u00e3o do trabalho por aplicativo teve novidades. O deputado federal Guilherme Boulos admitiu erros da esquerda na abordagem do tema. Ele sinalizou a necessidade de uma nova perspectiva para a discuss\u00e3o.<br>Enquanto isso, a renda dos trabalhadores aut\u00f4nomos cresce mais r\u00e1pido. O aumento supera o de trabalhadores com carteira assinada. No setor corporativo, a Petrobras anunciou um novo plano de demiss\u00e3o volunt\u00e1ria (PDV). O programa definir\u00e1 quantos funcion\u00e1rios poder\u00e3o aderir.<\/p>\n\n\n\n<div class=\"wp-block-image\"><figure class=\"aligncenter size-large is-resized\"><a href=\"https:\/\/www.facebook.com\/profile.php?id=100069289606145\"><img loading=\"lazy\" decoding=\"async\" src=\"https:\/\/jornalfatosenoticias.com.br\/wp-content\/uploads\/2024\/11\/Guaitolini-Contabilidade-1024x714.jpeg\" alt=\"\" class=\"wp-image-55808\" width=\"312\" height=\"217\" srcset=\"https:\/\/jornalfatosenoticias.com.br\/wp-content\/uploads\/2024\/11\/Guaitolini-Contabilidade-1024x714.jpeg 1024w, https:\/\/jornalfatosenoticias.com.br\/wp-content\/uploads\/2024\/11\/Guaitolini-Contabilidade-300x209.jpeg 300w, https:\/\/jornalfatosenoticias.com.br\/wp-content\/uploads\/2024\/11\/Guaitolini-Contabilidade-768x535.jpeg 768w, https:\/\/jornalfatosenoticias.com.br\/wp-content\/uploads\/2024\/11\/Guaitolini-Contabilidade.jpeg 1280w\" sizes=\"auto, (max-width: 312px) 100vw, 312px\" \/><\/a><\/figure><\/div>\n\n\n\n<p><strong><span class=\"has-inline-color has-black-color\">Rela\u00e7\u00f5es com EUA e juros marcam o cen\u00e1rio econ\u00f4mico<br><\/span><\/strong>No cen\u00e1rio internacional, o Brasil continua sob tarifas de 50%. Elas foram impostas aos produtos brasileiros pelo governo do presidente dos EUA, Donald Trump.<br>Internamente, a expectativa \u00e9 de manuten\u00e7\u00e3o da taxa Selic. A infla\u00e7\u00e3o e o risco fiscal devem impedir uma queda dos juros pelo Copom. A decis\u00e3o ser\u00e1 tomada na pr\u00f3xima reuni\u00e3o do comit\u00ea.<\/p>\n\n\n\n<div class=\"wp-block-image\"><figure class=\"aligncenter size-large is-resized\"><a href=\"https:\/\/www.facebook.com\/postobkr\/?locale=pt_BR\"><img loading=\"lazy\" decoding=\"async\" src=\"https:\/\/jornalfatosenoticias.com.br\/wp-content\/uploads\/2023\/08\/BKR-1024x1021.jpg\" alt=\"\" class=\"wp-image-44494\" width=\"277\" height=\"276\" srcset=\"https:\/\/jornalfatosenoticias.com.br\/wp-content\/uploads\/2023\/08\/BKR-1024x1021.jpg 1024w, https:\/\/jornalfatosenoticias.com.br\/wp-content\/uploads\/2023\/08\/BKR-300x300.jpg 300w, https:\/\/jornalfatosenoticias.com.br\/wp-content\/uploads\/2023\/08\/BKR-150x150.jpg 150w, https:\/\/jornalfatosenoticias.com.br\/wp-content\/uploads\/2023\/08\/BKR-768x766.jpg 768w, https:\/\/jornalfatosenoticias.com.br\/wp-content\/uploads\/2023\/08\/BKR.jpg 1080w\" sizes=\"auto, (max-width: 277px) 100vw, 277px\" \/><\/a><\/figure><\/div>\n\n\n\n<p><em>*Conte\u00fado gerado por intelig\u00eancia artificial com base em material da Gazeta do Povo, e submetido a revis\u00e3o factual. Por se tratar de uma tecnologia experimental, podem ocorrer imprecis\u00f5es. Relate qualquer erro para: [<a href=\"mailto:lab@gazetadopovo.com.br\">lab@gazetadopovo.com.br<\/a>].<\/em><\/p>\n\n\n\n<div class=\"wp-block-image\"><figure class=\"aligncenter size-large is-resized\"><a href=\"https:\/\/www.instagram.com\/gruposei\/\"><img loading=\"lazy\" decoding=\"async\" src=\"https:\/\/jornalfatosenoticias.com.br\/wp-content\/uploads\/2022\/07\/Logo-Grupo-SEI.jpg\" alt=\"\" class=\"wp-image-31973\" width=\"301\" height=\"158\" srcset=\"https:\/\/jornalfatosenoticias.com.br\/wp-content\/uploads\/2022\/07\/Logo-Grupo-SEI.jpg 713w, https:\/\/jornalfatosenoticias.com.br\/wp-content\/uploads\/2022\/07\/Logo-Grupo-SEI-300x158.jpg 300w\" sizes=\"auto, (max-width: 301px) 100vw, 301px\" \/><\/a><\/figure><\/div>\n\n\n\n<p><strong>Fonte: <a href=\"https:\/\/www.gazetadopovo.com.br\/economia\/economia-em-foco-governo-mira-seu-bolso-com-novas-taxas-e-libera-gastos-publicos\/\">Gazeta do Povo<\/a><\/strong><\/p>\n","protected":false},"excerpt":{"rendered":"<p>C\u00e2mara aprovou o projeto de lei apresentado pelo STF que garante 24% de reajuste salarial para os servidores do Judici\u00e1rio Por Gazeta do Povo Lab* O cen\u00e1rio econ\u00f4mico \u00e9 marcado por um forte avan\u00e7o do governo sobre arrecada\u00e7\u00e3o e despesas. Enquanto a C\u00e2mara aprova a taxa\u00e7\u00e3o de streamings e um reajuste de 24% para o [&hellip;]<\/p>\n","protected":false},"author":2,"featured_media":63102,"comment_status":"open","ping_status":"open","sticky":false,"template":"","format":"standard","meta":{"footnotes":""},"categories":[9,10],"tags":[489,13295,28801,19246,982,85,15837,8163,2147,159,18155,24414,22783,8257,4182,1564,17895,3516,7580,26356,3553,924,28802,308,10239,294,9776,245,8611,2421],"class_list":["post-63101","post","type-post","status-publish","format-standard","has-post-thumbnail","hentry","category-economia","category-politica","tag-banco-central","tag-bancos","tag-bets","tag-big-techs","tag-camara-dos-deputados","tag-china","tag-comercio-exterior","tag-contas-publicas","tag-donald-trump","tag-eua","tag-fernando-haddad","tag-fintechs","tag-guilherme-boulos","tag-impostos","tag-inflacao","tag-internet","tag-judiciario","tag-luis-roberto-barroso","tag-lula","tag-marco-rubio","tag-mercado","tag-netflix","tag-nubank","tag-petrobras","tag-renan-calheiros","tag-stf","tag-taxa-selic","tag-trabalho","tag-tributacao","tag-washington"],"yoast_head":"<!-- This site is optimized with the Yoast SEO plugin v26.5 - https:\/\/yoast.com\/wordpress\/plugins\/seo\/ -->\n<title>Governo mira seu bolso com novas taxas e libera gastos p\u00fablicos - Jornal Fatos e Not\u00edcias<\/title>\n<meta name=\"robots\" content=\"index, follow, max-snippet:-1, max-image-preview:large, max-video-preview:-1\" \/>\n<link rel=\"canonical\" href=\"https:\/\/jornalfatosenoticias.com.br\/index.php\/2025\/11\/05\/governo-mira-seu-bolso-com-novas-taxas-e-libera-gastos-publicos\/\" \/>\n<meta property=\"og:locale\" content=\"pt_BR\" \/>\n<meta property=\"og:type\" content=\"article\" \/>\n<meta property=\"og:title\" content=\"Governo mira seu bolso com novas taxas e libera gastos p\u00fablicos - Jornal Fatos e Not\u00edcias\" \/>\n<meta property=\"og:description\" content=\"C\u00e2mara aprovou o projeto de lei apresentado pelo STF que garante 24% de reajuste salarial para os servidores do Judici\u00e1rio Por Gazeta do Povo Lab* O cen\u00e1rio econ\u00f4mico \u00e9 marcado por um forte avan\u00e7o do governo sobre arrecada\u00e7\u00e3o e despesas. Enquanto a C\u00e2mara aprova a taxa\u00e7\u00e3o de streamings e um reajuste de 24% para o [&hellip;]\" \/>\n<meta property=\"og:url\" content=\"https:\/\/jornalfatosenoticias.com.br\/index.php\/2025\/11\/05\/governo-mira-seu-bolso-com-novas-taxas-e-libera-gastos-publicos\/\" \/>\n<meta property=\"og:site_name\" content=\"Jornal Fatos e Not\u00edcias\" \/>\n<meta property=\"article:published_time\" content=\"2025-11-05T17:13:32+00:00\" \/>\n<meta property=\"article:modified_time\" content=\"2025-11-05T17:13:33+00:00\" \/>\n<meta property=\"og:image\" content=\"https:\/\/jornalfatosenoticias.com.br\/wp-content\/uploads\/2025\/11\/camara-reajuste-servidores-stf-1.jpg\" \/>\n\t<meta property=\"og:image:width\" content=\"1000\" \/>\n\t<meta property=\"og:image:height\" content=\"616\" \/>\n\t<meta property=\"og:image:type\" content=\"image\/jpeg\" \/>\n<meta name=\"author\" content=\"Luzimara Fernandes\" \/>\n<meta name=\"twitter:card\" content=\"summary_large_image\" \/>\n<meta name=\"twitter:label1\" content=\"Escrito por\" \/>\n\t<meta name=\"twitter:data1\" content=\"Luzimara Fernandes\" \/>\n\t<meta name=\"twitter:label2\" content=\"Est. tempo de leitura\" \/>\n\t<meta name=\"twitter:data2\" content=\"2 minutos\" \/>\n<script type=\"application\/ld+json\" class=\"yoast-schema-graph\">{\"@context\":\"https:\/\/schema.org\",\"@graph\":[{\"@type\":\"Article\",\"@id\":\"https:\/\/jornalfatosenoticias.com.br\/index.php\/2025\/11\/05\/governo-mira-seu-bolso-com-novas-taxas-e-libera-gastos-publicos\/#article\",\"isPartOf\":{\"@id\":\"https:\/\/jornalfatosenoticias.com.br\/index.php\/2025\/11\/05\/governo-mira-seu-bolso-com-novas-taxas-e-libera-gastos-publicos\/\"},\"author\":{\"name\":\"Luzimara Fernandes\",\"@id\":\"https:\/\/jornalfatosenoticias.com.br\/#\/schema\/person\/d63837fa13ac8666eb9e74e0985d6f81\"},\"headline\":\"Governo mira seu bolso com novas taxas e libera gastos p\u00fablicos\",\"datePublished\":\"2025-11-05T17:13:32+00:00\",\"dateModified\":\"2025-11-05T17:13:33+00:00\",\"mainEntityOfPage\":{\"@id\":\"https:\/\/jornalfatosenoticias.com.br\/index.php\/2025\/11\/05\/governo-mira-seu-bolso-com-novas-taxas-e-libera-gastos-publicos\/\"},\"wordCount\":468,\"commentCount\":0,\"publisher\":{\"@id\":\"https:\/\/jornalfatosenoticias.com.br\/#organization\"},\"image\":{\"@id\":\"https:\/\/jornalfatosenoticias.com.br\/index.php\/2025\/11\/05\/governo-mira-seu-bolso-com-novas-taxas-e-libera-gastos-publicos\/#primaryimage\"},\"thumbnailUrl\":\"https:\/\/jornalfatosenoticias.com.br\/wp-content\/uploads\/2025\/11\/camara-reajuste-servidores-stf-1.jpg\",\"keywords\":[\"Banco Central\",\"bancos\",\"bets\",\"big techs\",\"C\u00e2mara dos Deputados\",\"china\",\"com\u00e9rcio exterior\",\"contas p\u00fablicas\",\"Donald Trump\",\"EUA\",\"Fernando Haddad\",\"fintechs\",\"Guilherme Boulos\",\"impostos\",\"infla\u00e7\u00e3o\",\"internet\",\"Judici\u00e1rio\",\"Lu\u00eds Roberto Barroso\",\"Lula\",\"Marco Rubio\",\"mercado\",\"Netflix\",\"Nubank\",\"Petrobras\",\"Renan Calheiros\",\"STF\",\"Taxa Selic\",\"trabalho\",\"tributa\u00e7\u00e3o\",\"Washington\"],\"articleSection\":[\"Economia\",\"Pol\u00edtica\"],\"inLanguage\":\"pt-BR\",\"potentialAction\":[{\"@type\":\"CommentAction\",\"name\":\"Comment\",\"target\":[\"https:\/\/jornalfatosenoticias.com.br\/index.php\/2025\/11\/05\/governo-mira-seu-bolso-com-novas-taxas-e-libera-gastos-publicos\/#respond\"]}]},{\"@type\":\"WebPage\",\"@id\":\"https:\/\/jornalfatosenoticias.com.br\/index.php\/2025\/11\/05\/governo-mira-seu-bolso-com-novas-taxas-e-libera-gastos-publicos\/\",\"url\":\"https:\/\/jornalfatosenoticias.com.br\/index.php\/2025\/11\/05\/governo-mira-seu-bolso-com-novas-taxas-e-libera-gastos-publicos\/\",\"name\":\"Governo mira seu bolso com novas taxas e libera gastos p\u00fablicos - Jornal Fatos e Not\u00edcias\",\"isPartOf\":{\"@id\":\"https:\/\/jornalfatosenoticias.com.br\/#website\"},\"primaryImageOfPage\":{\"@id\":\"https:\/\/jornalfatosenoticias.com.br\/index.php\/2025\/11\/05\/governo-mira-seu-bolso-com-novas-taxas-e-libera-gastos-publicos\/#primaryimage\"},\"image\":{\"@id\":\"https:\/\/jornalfatosenoticias.com.br\/index.php\/2025\/11\/05\/governo-mira-seu-bolso-com-novas-taxas-e-libera-gastos-publicos\/#primaryimage\"},\"thumbnailUrl\":\"https:\/\/jornalfatosenoticias.com.br\/wp-content\/uploads\/2025\/11\/camara-reajuste-servidores-stf-1.jpg\",\"datePublished\":\"2025-11-05T17:13:32+00:00\",\"dateModified\":\"2025-11-05T17:13:33+00:00\",\"breadcrumb\":{\"@id\":\"https:\/\/jornalfatosenoticias.com.br\/index.php\/2025\/11\/05\/governo-mira-seu-bolso-com-novas-taxas-e-libera-gastos-publicos\/#breadcrumb\"},\"inLanguage\":\"pt-BR\",\"potentialAction\":[{\"@type\":\"ReadAction\",\"target\":[\"https:\/\/jornalfatosenoticias.com.br\/index.php\/2025\/11\/05\/governo-mira-seu-bolso-com-novas-taxas-e-libera-gastos-publicos\/\"]}]},{\"@type\":\"ImageObject\",\"inLanguage\":\"pt-BR\",\"@id\":\"https:\/\/jornalfatosenoticias.com.br\/index.php\/2025\/11\/05\/governo-mira-seu-bolso-com-novas-taxas-e-libera-gastos-publicos\/#primaryimage\",\"url\":\"https:\/\/jornalfatosenoticias.com.br\/wp-content\/uploads\/2025\/11\/camara-reajuste-servidores-stf-1.jpg\",\"contentUrl\":\"https:\/\/jornalfatosenoticias.com.br\/wp-content\/uploads\/2025\/11\/camara-reajuste-servidores-stf-1.jpg\",\"width\":1000,\"height\":616},{\"@type\":\"BreadcrumbList\",\"@id\":\"https:\/\/jornalfatosenoticias.com.br\/index.php\/2025\/11\/05\/governo-mira-seu-bolso-com-novas-taxas-e-libera-gastos-publicos\/#breadcrumb\",\"itemListElement\":[{\"@type\":\"ListItem\",\"position\":1,\"name\":\"In\u00edcio\",\"item\":\"https:\/\/jornalfatosenoticias.com.br\/\"},{\"@type\":\"ListItem\",\"position\":2,\"name\":\"Governo mira seu bolso com novas taxas e libera gastos p\u00fablicos\"}]},{\"@type\":\"WebSite\",\"@id\":\"https:\/\/jornalfatosenoticias.com.br\/#website\",\"url\":\"https:\/\/jornalfatosenoticias.com.br\/\",\"name\":\"Jornal Fatos e Not\u00edcias\",\"description\":\"Not\u00edcias em geral\",\"publisher\":{\"@id\":\"https:\/\/jornalfatosenoticias.com.br\/#organization\"},\"potentialAction\":[{\"@type\":\"SearchAction\",\"target\":{\"@type\":\"EntryPoint\",\"urlTemplate\":\"https:\/\/jornalfatosenoticias.com.br\/?s={search_term_string}\"},\"query-input\":{\"@type\":\"PropertyValueSpecification\",\"valueRequired\":true,\"valueName\":\"search_term_string\"}}],\"inLanguage\":\"pt-BR\"},{\"@type\":\"Organization\",\"@id\":\"https:\/\/jornalfatosenoticias.com.br\/#organization\",\"name\":\"Jornal Fatos e Not\u00edcias\",\"url\":\"https:\/\/jornalfatosenoticias.com.br\/\",\"logo\":{\"@type\":\"ImageObject\",\"inLanguage\":\"pt-BR\",\"@id\":\"https:\/\/jornalfatosenoticias.com.br\/#\/schema\/logo\/image\/\",\"url\":\"https:\/\/jornalfatosenoticias.com.br\/wp-content\/uploads\/2020\/02\/logo120.png\",\"contentUrl\":\"https:\/\/jornalfatosenoticias.com.br\/wp-content\/uploads\/2020\/02\/logo120.png\",\"width\":1227,\"height\":120,\"caption\":\"Jornal Fatos e Not\u00edcias\"},\"image\":{\"@id\":\"https:\/\/jornalfatosenoticias.com.br\/#\/schema\/logo\/image\/\"}},{\"@type\":\"Person\",\"@id\":\"https:\/\/jornalfatosenoticias.com.br\/#\/schema\/person\/d63837fa13ac8666eb9e74e0985d6f81\",\"name\":\"Luzimara Fernandes\",\"image\":{\"@type\":\"ImageObject\",\"inLanguage\":\"pt-BR\",\"@id\":\"https:\/\/jornalfatosenoticias.com.br\/#\/schema\/person\/image\/\",\"url\":\"https:\/\/jornalfatosenoticias.com.br\/wp-content\/uploads\/2025\/05\/EU_portal.jpg\",\"contentUrl\":\"https:\/\/jornalfatosenoticias.com.br\/wp-content\/uploads\/2025\/05\/EU_portal.jpg\",\"caption\":\"Luzimara Fernandes\"},\"description\":\"Jornalista MTB 2358-ES\",\"sameAs\":[\"https:\/\/jornalfatosenoticias.com.br\"],\"url\":\"https:\/\/jornalfatosenoticias.com.br\/index.php\/author\/luzimara\/\"}]}<\/script>\n<!-- \/ Yoast SEO plugin. -->","yoast_head_json":{"title":"Governo mira seu bolso com novas taxas e libera gastos p\u00fablicos - Jornal Fatos e Not\u00edcias","robots":{"index":"index","follow":"follow","max-snippet":"max-snippet:-1","max-image-preview":"max-image-preview:large","max-video-preview":"max-video-preview:-1"},"canonical":"https:\/\/jornalfatosenoticias.com.br\/index.php\/2025\/11\/05\/governo-mira-seu-bolso-com-novas-taxas-e-libera-gastos-publicos\/","og_locale":"pt_BR","og_type":"article","og_title":"Governo mira seu bolso com novas taxas e libera gastos p\u00fablicos - Jornal Fatos e Not\u00edcias","og_description":"C\u00e2mara aprovou o projeto de lei apresentado pelo STF que garante 24% de reajuste salarial para os servidores do Judici\u00e1rio Por Gazeta do Povo Lab* O cen\u00e1rio econ\u00f4mico \u00e9 marcado por um forte avan\u00e7o do governo sobre arrecada\u00e7\u00e3o e despesas. Enquanto a C\u00e2mara aprova a taxa\u00e7\u00e3o de streamings e um reajuste de 24% para o [&hellip;]","og_url":"https:\/\/jornalfatosenoticias.com.br\/index.php\/2025\/11\/05\/governo-mira-seu-bolso-com-novas-taxas-e-libera-gastos-publicos\/","og_site_name":"Jornal Fatos e Not\u00edcias","article_published_time":"2025-11-05T17:13:32+00:00","article_modified_time":"2025-11-05T17:13:33+00:00","og_image":[{"width":1000,"height":616,"url":"https:\/\/jornalfatosenoticias.com.br\/wp-content\/uploads\/2025\/11\/camara-reajuste-servidores-stf-1.jpg","type":"image\/jpeg"}],"author":"Luzimara Fernandes","twitter_card":"summary_large_image","twitter_misc":{"Escrito por":"Luzimara Fernandes","Est. tempo de leitura":"2 minutos"},"schema":{"@context":"https:\/\/schema.org","@graph":[{"@type":"Article","@id":"https:\/\/jornalfatosenoticias.com.br\/index.php\/2025\/11\/05\/governo-mira-seu-bolso-com-novas-taxas-e-libera-gastos-publicos\/#article","isPartOf":{"@id":"https:\/\/jornalfatosenoticias.com.br\/index.php\/2025\/11\/05\/governo-mira-seu-bolso-com-novas-taxas-e-libera-gastos-publicos\/"},"author":{"name":"Luzimara Fernandes","@id":"https:\/\/jornalfatosenoticias.com.br\/#\/schema\/person\/d63837fa13ac8666eb9e74e0985d6f81"},"headline":"Governo mira seu bolso com novas taxas e libera gastos p\u00fablicos","datePublished":"2025-11-05T17:13:32+00:00","dateModified":"2025-11-05T17:13:33+00:00","mainEntityOfPage":{"@id":"https:\/\/jornalfatosenoticias.com.br\/index.php\/2025\/11\/05\/governo-mira-seu-bolso-com-novas-taxas-e-libera-gastos-publicos\/"},"wordCount":468,"commentCount":0,"publisher":{"@id":"https:\/\/jornalfatosenoticias.com.br\/#organization"},"image":{"@id":"https:\/\/jornalfatosenoticias.com.br\/index.php\/2025\/11\/05\/governo-mira-seu-bolso-com-novas-taxas-e-libera-gastos-publicos\/#primaryimage"},"thumbnailUrl":"https:\/\/jornalfatosenoticias.com.br\/wp-content\/uploads\/2025\/11\/camara-reajuste-servidores-stf-1.jpg","keywords":["Banco Central","bancos","bets","big techs","C\u00e2mara dos Deputados","china","com\u00e9rcio exterior","contas p\u00fablicas","Donald Trump","EUA","Fernando Haddad","fintechs","Guilherme Boulos","impostos","infla\u00e7\u00e3o","internet","Judici\u00e1rio","Lu\u00eds Roberto Barroso","Lula","Marco Rubio","mercado","Netflix","Nubank","Petrobras","Renan Calheiros","STF","Taxa Selic","trabalho","tributa\u00e7\u00e3o","Washington"],"articleSection":["Economia","Pol\u00edtica"],"inLanguage":"pt-BR","potentialAction":[{"@type":"CommentAction","name":"Comment","target":["https:\/\/jornalfatosenoticias.com.br\/index.php\/2025\/11\/05\/governo-mira-seu-bolso-com-novas-taxas-e-libera-gastos-publicos\/#respond"]}]},{"@type":"WebPage","@id":"https:\/\/jornalfatosenoticias.com.br\/index.php\/2025\/11\/05\/governo-mira-seu-bolso-com-novas-taxas-e-libera-gastos-publicos\/","url":"https:\/\/jornalfatosenoticias.com.br\/index.php\/2025\/11\/05\/governo-mira-seu-bolso-com-novas-taxas-e-libera-gastos-publicos\/","name":"Governo mira seu bolso com novas taxas e libera gastos p\u00fablicos - Jornal Fatos e Not\u00edcias","isPartOf":{"@id":"https:\/\/jornalfatosenoticias.com.br\/#website"},"primaryImageOfPage":{"@id":"https:\/\/jornalfatosenoticias.com.br\/index.php\/2025\/11\/05\/governo-mira-seu-bolso-com-novas-taxas-e-libera-gastos-publicos\/#primaryimage"},"image":{"@id":"https:\/\/jornalfatosenoticias.com.br\/index.php\/2025\/11\/05\/governo-mira-seu-bolso-com-novas-taxas-e-libera-gastos-publicos\/#primaryimage"},"thumbnailUrl":"https:\/\/jornalfatosenoticias.com.br\/wp-content\/uploads\/2025\/11\/camara-reajuste-servidores-stf-1.jpg","datePublished":"2025-11-05T17:13:32+00:00","dateModified":"2025-11-05T17:13:33+00:00","breadcrumb":{"@id":"https:\/\/jornalfatosenoticias.com.br\/index.php\/2025\/11\/05\/governo-mira-seu-bolso-com-novas-taxas-e-libera-gastos-publicos\/#breadcrumb"},"inLanguage":"pt-BR","potentialAction":[{"@type":"ReadAction","target":["https:\/\/jornalfatosenoticias.com.br\/index.php\/2025\/11\/05\/governo-mira-seu-bolso-com-novas-taxas-e-libera-gastos-publicos\/"]}]},{"@type":"ImageObject","inLanguage":"pt-BR","@id":"https:\/\/jornalfatosenoticias.com.br\/index.php\/2025\/11\/05\/governo-mira-seu-bolso-com-novas-taxas-e-libera-gastos-publicos\/#primaryimage","url":"https:\/\/jornalfatosenoticias.com.br\/wp-content\/uploads\/2025\/11\/camara-reajuste-servidores-stf-1.jpg","contentUrl":"https:\/\/jornalfatosenoticias.com.br\/wp-content\/uploads\/2025\/11\/camara-reajuste-servidores-stf-1.jpg","width":1000,"height":616},{"@type":"BreadcrumbList","@id":"https:\/\/jornalfatosenoticias.com.br\/index.php\/2025\/11\/05\/governo-mira-seu-bolso-com-novas-taxas-e-libera-gastos-publicos\/#breadcrumb","itemListElement":[{"@type":"ListItem","position":1,"name":"In\u00edcio","item":"https:\/\/jornalfatosenoticias.com.br\/"},{"@type":"ListItem","position":2,"name":"Governo mira seu bolso com novas taxas e libera gastos p\u00fablicos"}]},{"@type":"WebSite","@id":"https:\/\/jornalfatosenoticias.com.br\/#website","url":"https:\/\/jornalfatosenoticias.com.br\/","name":"Jornal Fatos e Not\u00edcias","description":"Not\u00edcias em geral","publisher":{"@id":"https:\/\/jornalfatosenoticias.com.br\/#organization"},"potentialAction":[{"@type":"SearchAction","target":{"@type":"EntryPoint","urlTemplate":"https:\/\/jornalfatosenoticias.com.br\/?s={search_term_string}"},"query-input":{"@type":"PropertyValueSpecification","valueRequired":true,"valueName":"search_term_string"}}],"inLanguage":"pt-BR"},{"@type":"Organization","@id":"https:\/\/jornalfatosenoticias.com.br\/#organization","name":"Jornal Fatos e Not\u00edcias","url":"https:\/\/jornalfatosenoticias.com.br\/","logo":{"@type":"ImageObject","inLanguage":"pt-BR","@id":"https:\/\/jornalfatosenoticias.com.br\/#\/schema\/logo\/image\/","url":"https:\/\/jornalfatosenoticias.com.br\/wp-content\/uploads\/2020\/02\/logo120.png","contentUrl":"https:\/\/jornalfatosenoticias.com.br\/wp-content\/uploads\/2020\/02\/logo120.png","width":1227,"height":120,"caption":"Jornal Fatos e Not\u00edcias"},"image":{"@id":"https:\/\/jornalfatosenoticias.com.br\/#\/schema\/logo\/image\/"}},{"@type":"Person","@id":"https:\/\/jornalfatosenoticias.com.br\/#\/schema\/person\/d63837fa13ac8666eb9e74e0985d6f81","name":"Luzimara Fernandes","image":{"@type":"ImageObject","inLanguage":"pt-BR","@id":"https:\/\/jornalfatosenoticias.com.br\/#\/schema\/person\/image\/","url":"https:\/\/jornalfatosenoticias.com.br\/wp-content\/uploads\/2025\/05\/EU_portal.jpg","contentUrl":"https:\/\/jornalfatosenoticias.com.br\/wp-content\/uploads\/2025\/05\/EU_portal.jpg","caption":"Luzimara Fernandes"},"description":"Jornalista MTB 2358-ES","sameAs":["https:\/\/jornalfatosenoticias.com.br"],"url":"https:\/\/jornalfatosenoticias.com.br\/index.php\/author\/luzimara\/"}]}},"cc_featured_image_caption":{"caption_text":"(Foto: Kayo Magalh\u00e3es\/C\u00e2mara dos Deputados) ","source_text":"","source_url":""},"jetpack_featured_media_url":"https:\/\/jornalfatosenoticias.com.br\/wp-content\/uploads\/2025\/11\/camara-reajuste-servidores-stf-1.jpg","_links":{"self":[{"href":"https:\/\/jornalfatosenoticias.com.br\/index.php\/wp-json\/wp\/v2\/posts\/63101","targetHints":{"allow":["GET"]}}],"collection":[{"href":"https:\/\/jornalfatosenoticias.com.br\/index.php\/wp-json\/wp\/v2\/posts"}],"about":[{"href":"https:\/\/jornalfatosenoticias.com.br\/index.php\/wp-json\/wp\/v2\/types\/post"}],"author":[{"embeddable":true,"href":"https:\/\/jornalfatosenoticias.com.br\/index.php\/wp-json\/wp\/v2\/users\/2"}],"replies":[{"embeddable":true,"href":"https:\/\/jornalfatosenoticias.com.br\/index.php\/wp-json\/wp\/v2\/comments?post=63101"}],"version-history":[{"count":0,"href":"https:\/\/jornalfatosenoticias.com.br\/index.php\/wp-json\/wp\/v2\/posts\/63101\/revisions"}],"wp:featuredmedia":[{"embeddable":true,"href":"https:\/\/jornalfatosenoticias.com.br\/index.php\/wp-json\/wp\/v2\/media\/63102"}],"wp:attachment":[{"href":"https:\/\/jornalfatosenoticias.com.br\/index.php\/wp-json\/wp\/v2\/media?parent=63101"}],"wp:term":[{"taxonomy":"category","embeddable":true,"href":"https:\/\/jornalfatosenoticias.com.br\/index.php\/wp-json\/wp\/v2\/categories?post=63101"},{"taxonomy":"post_tag","embeddable":true,"href":"https:\/\/jornalfatosenoticias.com.br\/index.php\/wp-json\/wp\/v2\/tags?post=63101"}],"curies":[{"name":"wp","href":"https:\/\/api.w.org\/{rel}","templated":true}]}}