{"id":6316,"date":"2020-07-09T17:13:58","date_gmt":"2020-07-09T20:13:58","guid":{"rendered":"https:\/\/jornalfatosenoticias.com.br\/?p=6316"},"modified":"2020-07-09T17:14:02","modified_gmt":"2020-07-09T20:14:02","slug":"nasa-cria-colar-que-vibra-quando-a-pessoa-tenta-tocar-o-proprio-rosto","status":"publish","type":"post","link":"https:\/\/jornalfatosenoticias.com.br\/index.php\/2020\/07\/09\/nasa-cria-colar-que-vibra-quando-a-pessoa-tenta-tocar-o-proprio-rosto\/","title":{"rendered":"Nasa cria colar que vibra quando a pessoa tenta tocar o pr\u00f3prio rosto"},"content":{"rendered":"\n<h6 class=\"wp-block-heading\"><em>A ag\u00eancia espacial est\u00e1 disponibilizando gratuitamente as instru\u00e7\u00f5es e o c\u00f3digo para criar o dispositivo, refor\u00e7ando m\u00e9todos de preven\u00e7\u00e3o \u00e0 Covid-19<\/em><\/h6>\n\n\n\n<p>Tocar no pr\u00f3prio rosto sem higienizar as m\u00e3os pode ser uma via perigosa para a entrada de microrganismos nocivos ao nosso corpo \u2014 principalmente durante a pandemia de Covid-19. Pensando nisso, a Nasa criou o Pulse, um colar que impede o usu\u00e1rio de tocar o rosto. Felizmente, ele n\u00e3o se parece em nada com o colar elizabetano (ou cone da vergonha) usado por c\u00e3es ou gatos.<br>Para refor\u00e7ar medidas como a lavagem de m\u00e3os, o uso da m\u00e1scara e o distanciamento social, uma equipe do Laborat\u00f3rio de Propuls\u00e3o a Jato (JPL) da Nasa desenvolveu o dispositivo vest\u00edvel impresso em 3D que pulsa ou vibra quando o usu\u00e1rio tenta aproximar as m\u00e3os do rosto. Vale refor\u00e7ar que o uso do colar n\u00e3o dispensa qualquer uma dos m\u00e9todos preventivos contra o novo coronav\u00edrus citados acima.<br>O colar, que possui uma tecnologia f\u00e1cil, simples e acess\u00edvel, foi criado para ser usado por qualquer pessoa. \u00c9 poss\u00edvel fabric\u00e1-lo a partir da lista de pe\u00e7as, arquivos STL e instru\u00e7\u00f5es de montagem que est\u00e3o dispon\u00edveis em c\u00f3digo-fonte aberto no GitHub da Nasa.<\/p>\n\n\n\n<p><strong><em>Fonte: <a href=\"https:\/\/revistagalileu.globo.com\/Tecnologia\/noticia\/2020\/07\/nasa-cria-colar-que-vibra-quando-pessoa-tenta-tocar-o-proprio-rosto.html\">Revista Galileu<\/a><\/em><\/strong><\/p>\n","protected":false},"excerpt":{"rendered":"<p>A ag\u00eancia espacial est\u00e1 disponibilizando gratuitamente as instru\u00e7\u00f5es e o c\u00f3digo para criar o dispositivo, refor\u00e7ando m\u00e9todos de preven\u00e7\u00e3o \u00e0 Covid-19 Tocar no pr\u00f3prio rosto sem higienizar as m\u00e3os pode ser uma via perigosa para a entrada de microrganismos nocivos ao nosso corpo \u2014 principalmente durante a pandemia de Covid-19. Pensando nisso, a Nasa criou [&hellip;]<\/p>\n","protected":false},"author":2,"featured_media":6317,"comment_status":"open","ping_status":"open","sticky":false,"template":"","format":"standard","meta":{"footnotes":""},"categories":[3],"tags":[3734,273,3633,164,3735],"class_list":["post-6316","post","type-post","status-publish","format-standard","has-post-thumbnail","hentry","category-tecnologia","tag-colar-vibrante","tag-covid-19","tag-exclusao-escolar","tag-nasa","tag-pulse"],"yoast_head":"<!-- This site is optimized with the Yoast SEO plugin v26.5 - https:\/\/yoast.com\/wordpress\/plugins\/seo\/ -->\n<title>Nasa cria colar que vibra quando a pessoa tenta tocar o pr\u00f3prio rosto - Jornal Fatos e Not\u00edcias<\/title>\n<meta name=\"robots\" content=\"index, follow, max-snippet:-1, max-image-preview:large, max-video-preview:-1\" \/>\n<link rel=\"canonical\" href=\"https:\/\/jornalfatosenoticias.com.br\/index.php\/2020\/07\/09\/nasa-cria-colar-que-vibra-quando-a-pessoa-tenta-tocar-o-proprio-rosto\/\" \/>\n<meta property=\"og:locale\" content=\"pt_BR\" \/>\n<meta property=\"og:type\" content=\"article\" \/>\n<meta property=\"og:title\" content=\"Nasa cria colar que vibra quando a pessoa tenta tocar o pr\u00f3prio rosto - Jornal Fatos e Not\u00edcias\" \/>\n<meta property=\"og:description\" content=\"A ag\u00eancia espacial est\u00e1 disponibilizando gratuitamente as instru\u00e7\u00f5es e o c\u00f3digo para criar o dispositivo, refor\u00e7ando m\u00e9todos de preven\u00e7\u00e3o \u00e0 Covid-19 Tocar no pr\u00f3prio rosto sem higienizar as m\u00e3os pode ser uma via perigosa para a entrada de microrganismos nocivos ao nosso corpo \u2014 principalmente durante a pandemia de Covid-19. Pensando nisso, a Nasa criou [&hellip;]\" \/>\n<meta property=\"og:url\" content=\"https:\/\/jornalfatosenoticias.com.br\/index.php\/2020\/07\/09\/nasa-cria-colar-que-vibra-quando-a-pessoa-tenta-tocar-o-proprio-rosto\/\" \/>\n<meta property=\"og:site_name\" content=\"Jornal Fatos e Not\u00edcias\" \/>\n<meta property=\"article:published_time\" content=\"2020-07-09T20:13:58+00:00\" \/>\n<meta property=\"article:modified_time\" content=\"2020-07-09T20:14:02+00:00\" \/>\n<meta property=\"og:image\" content=\"https:\/\/jornalfatosenoticias.com.br\/wp-content\/uploads\/2020\/07\/colar-criado-pela-Nasa.jpg\" \/>\n\t<meta property=\"og:image:width\" content=\"1000\" \/>\n\t<meta property=\"og:image:height\" content=\"614\" \/>\n\t<meta property=\"og:image:type\" content=\"image\/jpeg\" \/>\n<meta name=\"author\" content=\"Luzimara Fernandes\" \/>\n<meta name=\"twitter:card\" content=\"summary_large_image\" \/>\n<meta name=\"twitter:label1\" content=\"Escrito por\" \/>\n\t<meta name=\"twitter:data1\" content=\"Luzimara Fernandes\" \/>\n\t<meta name=\"twitter:label2\" content=\"Est. tempo de leitura\" \/>\n\t<meta name=\"twitter:data2\" content=\"1 minuto\" \/>\n<script type=\"application\/ld+json\" class=\"yoast-schema-graph\">{\"@context\":\"https:\/\/schema.org\",\"@graph\":[{\"@type\":\"Article\",\"@id\":\"https:\/\/jornalfatosenoticias.com.br\/index.php\/2020\/07\/09\/nasa-cria-colar-que-vibra-quando-a-pessoa-tenta-tocar-o-proprio-rosto\/#article\",\"isPartOf\":{\"@id\":\"https:\/\/jornalfatosenoticias.com.br\/index.php\/2020\/07\/09\/nasa-cria-colar-que-vibra-quando-a-pessoa-tenta-tocar-o-proprio-rosto\/\"},\"author\":{\"name\":\"Luzimara Fernandes\",\"@id\":\"https:\/\/jornalfatosenoticias.com.br\/#\/schema\/person\/d63837fa13ac8666eb9e74e0985d6f81\"},\"headline\":\"Nasa cria colar que vibra quando a pessoa tenta tocar o pr\u00f3prio rosto\",\"datePublished\":\"2020-07-09T20:13:58+00:00\",\"dateModified\":\"2020-07-09T20:14:02+00:00\",\"mainEntityOfPage\":{\"@id\":\"https:\/\/jornalfatosenoticias.com.br\/index.php\/2020\/07\/09\/nasa-cria-colar-que-vibra-quando-a-pessoa-tenta-tocar-o-proprio-rosto\/\"},\"wordCount\":243,\"commentCount\":0,\"publisher\":{\"@id\":\"https:\/\/jornalfatosenoticias.com.br\/#organization\"},\"image\":{\"@id\":\"https:\/\/jornalfatosenoticias.com.br\/index.php\/2020\/07\/09\/nasa-cria-colar-que-vibra-quando-a-pessoa-tenta-tocar-o-proprio-rosto\/#primaryimage\"},\"thumbnailUrl\":\"https:\/\/jornalfatosenoticias.com.br\/wp-content\/uploads\/2020\/07\/colar-criado-pela-Nasa.jpg\",\"keywords\":[\"colar vibrante\",\"covid-19\",\"exclus\u00e3o escolar\",\"Nasa\",\"Pulse\"],\"articleSection\":[\"Tecnologia &amp; Inova\u00e7\u00e3o\"],\"inLanguage\":\"pt-BR\",\"potentialAction\":[{\"@type\":\"CommentAction\",\"name\":\"Comment\",\"target\":[\"https:\/\/jornalfatosenoticias.com.br\/index.php\/2020\/07\/09\/nasa-cria-colar-que-vibra-quando-a-pessoa-tenta-tocar-o-proprio-rosto\/#respond\"]}]},{\"@type\":\"WebPage\",\"@id\":\"https:\/\/jornalfatosenoticias.com.br\/index.php\/2020\/07\/09\/nasa-cria-colar-que-vibra-quando-a-pessoa-tenta-tocar-o-proprio-rosto\/\",\"url\":\"https:\/\/jornalfatosenoticias.com.br\/index.php\/2020\/07\/09\/nasa-cria-colar-que-vibra-quando-a-pessoa-tenta-tocar-o-proprio-rosto\/\",\"name\":\"Nasa cria colar que vibra quando a pessoa tenta tocar o pr\u00f3prio rosto - Jornal Fatos e Not\u00edcias\",\"isPartOf\":{\"@id\":\"https:\/\/jornalfatosenoticias.com.br\/#website\"},\"primaryImageOfPage\":{\"@id\":\"https:\/\/jornalfatosenoticias.com.br\/index.php\/2020\/07\/09\/nasa-cria-colar-que-vibra-quando-a-pessoa-tenta-tocar-o-proprio-rosto\/#primaryimage\"},\"image\":{\"@id\":\"https:\/\/jornalfatosenoticias.com.br\/index.php\/2020\/07\/09\/nasa-cria-colar-que-vibra-quando-a-pessoa-tenta-tocar-o-proprio-rosto\/#primaryimage\"},\"thumbnailUrl\":\"https:\/\/jornalfatosenoticias.com.br\/wp-content\/uploads\/2020\/07\/colar-criado-pela-Nasa.jpg\",\"datePublished\":\"2020-07-09T20:13:58+00:00\",\"dateModified\":\"2020-07-09T20:14:02+00:00\",\"breadcrumb\":{\"@id\":\"https:\/\/jornalfatosenoticias.com.br\/index.php\/2020\/07\/09\/nasa-cria-colar-que-vibra-quando-a-pessoa-tenta-tocar-o-proprio-rosto\/#breadcrumb\"},\"inLanguage\":\"pt-BR\",\"potentialAction\":[{\"@type\":\"ReadAction\",\"target\":[\"https:\/\/jornalfatosenoticias.com.br\/index.php\/2020\/07\/09\/nasa-cria-colar-que-vibra-quando-a-pessoa-tenta-tocar-o-proprio-rosto\/\"]}]},{\"@type\":\"ImageObject\",\"inLanguage\":\"pt-BR\",\"@id\":\"https:\/\/jornalfatosenoticias.com.br\/index.php\/2020\/07\/09\/nasa-cria-colar-que-vibra-quando-a-pessoa-tenta-tocar-o-proprio-rosto\/#primaryimage\",\"url\":\"https:\/\/jornalfatosenoticias.com.br\/wp-content\/uploads\/2020\/07\/colar-criado-pela-Nasa.jpg\",\"contentUrl\":\"https:\/\/jornalfatosenoticias.com.br\/wp-content\/uploads\/2020\/07\/colar-criado-pela-Nasa.jpg\",\"width\":1000,\"height\":614},{\"@type\":\"BreadcrumbList\",\"@id\":\"https:\/\/jornalfatosenoticias.com.br\/index.php\/2020\/07\/09\/nasa-cria-colar-que-vibra-quando-a-pessoa-tenta-tocar-o-proprio-rosto\/#breadcrumb\",\"itemListElement\":[{\"@type\":\"ListItem\",\"position\":1,\"name\":\"In\u00edcio\",\"item\":\"https:\/\/jornalfatosenoticias.com.br\/\"},{\"@type\":\"ListItem\",\"position\":2,\"name\":\"Nasa cria colar que vibra quando a pessoa tenta tocar o pr\u00f3prio rosto\"}]},{\"@type\":\"WebSite\",\"@id\":\"https:\/\/jornalfatosenoticias.com.br\/#website\",\"url\":\"https:\/\/jornalfatosenoticias.com.br\/\",\"name\":\"Jornal Fatos e Not\u00edcias\",\"description\":\"Not\u00edcias em geral\",\"publisher\":{\"@id\":\"https:\/\/jornalfatosenoticias.com.br\/#organization\"},\"potentialAction\":[{\"@type\":\"SearchAction\",\"target\":{\"@type\":\"EntryPoint\",\"urlTemplate\":\"https:\/\/jornalfatosenoticias.com.br\/?s={search_term_string}\"},\"query-input\":{\"@type\":\"PropertyValueSpecification\",\"valueRequired\":true,\"valueName\":\"search_term_string\"}}],\"inLanguage\":\"pt-BR\"},{\"@type\":\"Organization\",\"@id\":\"https:\/\/jornalfatosenoticias.com.br\/#organization\",\"name\":\"Jornal Fatos e Not\u00edcias\",\"url\":\"https:\/\/jornalfatosenoticias.com.br\/\",\"logo\":{\"@type\":\"ImageObject\",\"inLanguage\":\"pt-BR\",\"@id\":\"https:\/\/jornalfatosenoticias.com.br\/#\/schema\/logo\/image\/\",\"url\":\"https:\/\/jornalfatosenoticias.com.br\/wp-content\/uploads\/2020\/02\/logo120.png\",\"contentUrl\":\"https:\/\/jornalfatosenoticias.com.br\/wp-content\/uploads\/2020\/02\/logo120.png\",\"width\":1227,\"height\":120,\"caption\":\"Jornal Fatos e Not\u00edcias\"},\"image\":{\"@id\":\"https:\/\/jornalfatosenoticias.com.br\/#\/schema\/logo\/image\/\"}},{\"@type\":\"Person\",\"@id\":\"https:\/\/jornalfatosenoticias.com.br\/#\/schema\/person\/d63837fa13ac8666eb9e74e0985d6f81\",\"name\":\"Luzimara Fernandes\",\"image\":{\"@type\":\"ImageObject\",\"inLanguage\":\"pt-BR\",\"@id\":\"https:\/\/jornalfatosenoticias.com.br\/#\/schema\/person\/image\/\",\"url\":\"https:\/\/jornalfatosenoticias.com.br\/wp-content\/uploads\/2025\/05\/EU_portal.jpg\",\"contentUrl\":\"https:\/\/jornalfatosenoticias.com.br\/wp-content\/uploads\/2025\/05\/EU_portal.jpg\",\"caption\":\"Luzimara Fernandes\"},\"description\":\"Jornalista MTB 2358-ES\",\"sameAs\":[\"https:\/\/jornalfatosenoticias.com.br\"],\"url\":\"https:\/\/jornalfatosenoticias.com.br\/index.php\/author\/luzimara\/\"}]}<\/script>\n<!-- \/ Yoast SEO plugin. -->","yoast_head_json":{"title":"Nasa cria colar que vibra quando a pessoa tenta tocar o pr\u00f3prio rosto - Jornal Fatos e Not\u00edcias","robots":{"index":"index","follow":"follow","max-snippet":"max-snippet:-1","max-image-preview":"max-image-preview:large","max-video-preview":"max-video-preview:-1"},"canonical":"https:\/\/jornalfatosenoticias.com.br\/index.php\/2020\/07\/09\/nasa-cria-colar-que-vibra-quando-a-pessoa-tenta-tocar-o-proprio-rosto\/","og_locale":"pt_BR","og_type":"article","og_title":"Nasa cria colar que vibra quando a pessoa tenta tocar o pr\u00f3prio rosto - Jornal Fatos e Not\u00edcias","og_description":"A ag\u00eancia espacial est\u00e1 disponibilizando gratuitamente as instru\u00e7\u00f5es e o c\u00f3digo para criar o dispositivo, refor\u00e7ando m\u00e9todos de preven\u00e7\u00e3o \u00e0 Covid-19 Tocar no pr\u00f3prio rosto sem higienizar as m\u00e3os pode ser uma via perigosa para a entrada de microrganismos nocivos ao nosso corpo \u2014 principalmente durante a pandemia de Covid-19. Pensando nisso, a Nasa criou [&hellip;]","og_url":"https:\/\/jornalfatosenoticias.com.br\/index.php\/2020\/07\/09\/nasa-cria-colar-que-vibra-quando-a-pessoa-tenta-tocar-o-proprio-rosto\/","og_site_name":"Jornal Fatos e Not\u00edcias","article_published_time":"2020-07-09T20:13:58+00:00","article_modified_time":"2020-07-09T20:14:02+00:00","og_image":[{"width":1000,"height":614,"url":"https:\/\/jornalfatosenoticias.com.br\/wp-content\/uploads\/2020\/07\/colar-criado-pela-Nasa.jpg","type":"image\/jpeg"}],"author":"Luzimara Fernandes","twitter_card":"summary_large_image","twitter_misc":{"Escrito por":"Luzimara Fernandes","Est. tempo de leitura":"1 minuto"},"schema":{"@context":"https:\/\/schema.org","@graph":[{"@type":"Article","@id":"https:\/\/jornalfatosenoticias.com.br\/index.php\/2020\/07\/09\/nasa-cria-colar-que-vibra-quando-a-pessoa-tenta-tocar-o-proprio-rosto\/#article","isPartOf":{"@id":"https:\/\/jornalfatosenoticias.com.br\/index.php\/2020\/07\/09\/nasa-cria-colar-que-vibra-quando-a-pessoa-tenta-tocar-o-proprio-rosto\/"},"author":{"name":"Luzimara Fernandes","@id":"https:\/\/jornalfatosenoticias.com.br\/#\/schema\/person\/d63837fa13ac8666eb9e74e0985d6f81"},"headline":"Nasa cria colar que vibra quando a pessoa tenta tocar o pr\u00f3prio rosto","datePublished":"2020-07-09T20:13:58+00:00","dateModified":"2020-07-09T20:14:02+00:00","mainEntityOfPage":{"@id":"https:\/\/jornalfatosenoticias.com.br\/index.php\/2020\/07\/09\/nasa-cria-colar-que-vibra-quando-a-pessoa-tenta-tocar-o-proprio-rosto\/"},"wordCount":243,"commentCount":0,"publisher":{"@id":"https:\/\/jornalfatosenoticias.com.br\/#organization"},"image":{"@id":"https:\/\/jornalfatosenoticias.com.br\/index.php\/2020\/07\/09\/nasa-cria-colar-que-vibra-quando-a-pessoa-tenta-tocar-o-proprio-rosto\/#primaryimage"},"thumbnailUrl":"https:\/\/jornalfatosenoticias.com.br\/wp-content\/uploads\/2020\/07\/colar-criado-pela-Nasa.jpg","keywords":["colar vibrante","covid-19","exclus\u00e3o escolar","Nasa","Pulse"],"articleSection":["Tecnologia &amp; Inova\u00e7\u00e3o"],"inLanguage":"pt-BR","potentialAction":[{"@type":"CommentAction","name":"Comment","target":["https:\/\/jornalfatosenoticias.com.br\/index.php\/2020\/07\/09\/nasa-cria-colar-que-vibra-quando-a-pessoa-tenta-tocar-o-proprio-rosto\/#respond"]}]},{"@type":"WebPage","@id":"https:\/\/jornalfatosenoticias.com.br\/index.php\/2020\/07\/09\/nasa-cria-colar-que-vibra-quando-a-pessoa-tenta-tocar-o-proprio-rosto\/","url":"https:\/\/jornalfatosenoticias.com.br\/index.php\/2020\/07\/09\/nasa-cria-colar-que-vibra-quando-a-pessoa-tenta-tocar-o-proprio-rosto\/","name":"Nasa cria colar que vibra quando a pessoa tenta tocar o pr\u00f3prio rosto - Jornal Fatos e Not\u00edcias","isPartOf":{"@id":"https:\/\/jornalfatosenoticias.com.br\/#website"},"primaryImageOfPage":{"@id":"https:\/\/jornalfatosenoticias.com.br\/index.php\/2020\/07\/09\/nasa-cria-colar-que-vibra-quando-a-pessoa-tenta-tocar-o-proprio-rosto\/#primaryimage"},"image":{"@id":"https:\/\/jornalfatosenoticias.com.br\/index.php\/2020\/07\/09\/nasa-cria-colar-que-vibra-quando-a-pessoa-tenta-tocar-o-proprio-rosto\/#primaryimage"},"thumbnailUrl":"https:\/\/jornalfatosenoticias.com.br\/wp-content\/uploads\/2020\/07\/colar-criado-pela-Nasa.jpg","datePublished":"2020-07-09T20:13:58+00:00","dateModified":"2020-07-09T20:14:02+00:00","breadcrumb":{"@id":"https:\/\/jornalfatosenoticias.com.br\/index.php\/2020\/07\/09\/nasa-cria-colar-que-vibra-quando-a-pessoa-tenta-tocar-o-proprio-rosto\/#breadcrumb"},"inLanguage":"pt-BR","potentialAction":[{"@type":"ReadAction","target":["https:\/\/jornalfatosenoticias.com.br\/index.php\/2020\/07\/09\/nasa-cria-colar-que-vibra-quando-a-pessoa-tenta-tocar-o-proprio-rosto\/"]}]},{"@type":"ImageObject","inLanguage":"pt-BR","@id":"https:\/\/jornalfatosenoticias.com.br\/index.php\/2020\/07\/09\/nasa-cria-colar-que-vibra-quando-a-pessoa-tenta-tocar-o-proprio-rosto\/#primaryimage","url":"https:\/\/jornalfatosenoticias.com.br\/wp-content\/uploads\/2020\/07\/colar-criado-pela-Nasa.jpg","contentUrl":"https:\/\/jornalfatosenoticias.com.br\/wp-content\/uploads\/2020\/07\/colar-criado-pela-Nasa.jpg","width":1000,"height":614},{"@type":"BreadcrumbList","@id":"https:\/\/jornalfatosenoticias.com.br\/index.php\/2020\/07\/09\/nasa-cria-colar-que-vibra-quando-a-pessoa-tenta-tocar-o-proprio-rosto\/#breadcrumb","itemListElement":[{"@type":"ListItem","position":1,"name":"In\u00edcio","item":"https:\/\/jornalfatosenoticias.com.br\/"},{"@type":"ListItem","position":2,"name":"Nasa cria colar que vibra quando a pessoa tenta tocar o pr\u00f3prio rosto"}]},{"@type":"WebSite","@id":"https:\/\/jornalfatosenoticias.com.br\/#website","url":"https:\/\/jornalfatosenoticias.com.br\/","name":"Jornal Fatos e Not\u00edcias","description":"Not\u00edcias em geral","publisher":{"@id":"https:\/\/jornalfatosenoticias.com.br\/#organization"},"potentialAction":[{"@type":"SearchAction","target":{"@type":"EntryPoint","urlTemplate":"https:\/\/jornalfatosenoticias.com.br\/?s={search_term_string}"},"query-input":{"@type":"PropertyValueSpecification","valueRequired":true,"valueName":"search_term_string"}}],"inLanguage":"pt-BR"},{"@type":"Organization","@id":"https:\/\/jornalfatosenoticias.com.br\/#organization","name":"Jornal Fatos e Not\u00edcias","url":"https:\/\/jornalfatosenoticias.com.br\/","logo":{"@type":"ImageObject","inLanguage":"pt-BR","@id":"https:\/\/jornalfatosenoticias.com.br\/#\/schema\/logo\/image\/","url":"https:\/\/jornalfatosenoticias.com.br\/wp-content\/uploads\/2020\/02\/logo120.png","contentUrl":"https:\/\/jornalfatosenoticias.com.br\/wp-content\/uploads\/2020\/02\/logo120.png","width":1227,"height":120,"caption":"Jornal Fatos e Not\u00edcias"},"image":{"@id":"https:\/\/jornalfatosenoticias.com.br\/#\/schema\/logo\/image\/"}},{"@type":"Person","@id":"https:\/\/jornalfatosenoticias.com.br\/#\/schema\/person\/d63837fa13ac8666eb9e74e0985d6f81","name":"Luzimara Fernandes","image":{"@type":"ImageObject","inLanguage":"pt-BR","@id":"https:\/\/jornalfatosenoticias.com.br\/#\/schema\/person\/image\/","url":"https:\/\/jornalfatosenoticias.com.br\/wp-content\/uploads\/2025\/05\/EU_portal.jpg","contentUrl":"https:\/\/jornalfatosenoticias.com.br\/wp-content\/uploads\/2025\/05\/EU_portal.jpg","caption":"Luzimara Fernandes"},"description":"Jornalista MTB 2358-ES","sameAs":["https:\/\/jornalfatosenoticias.com.br"],"url":"https:\/\/jornalfatosenoticias.com.br\/index.php\/author\/luzimara\/"}]}},"cc_featured_image_caption":{"caption_text":"Colar que vibra (Foto: Nasa) ","source_text":"","source_url":""},"jetpack_featured_media_url":"https:\/\/jornalfatosenoticias.com.br\/wp-content\/uploads\/2020\/07\/colar-criado-pela-Nasa.jpg","_links":{"self":[{"href":"https:\/\/jornalfatosenoticias.com.br\/index.php\/wp-json\/wp\/v2\/posts\/6316","targetHints":{"allow":["GET"]}}],"collection":[{"href":"https:\/\/jornalfatosenoticias.com.br\/index.php\/wp-json\/wp\/v2\/posts"}],"about":[{"href":"https:\/\/jornalfatosenoticias.com.br\/index.php\/wp-json\/wp\/v2\/types\/post"}],"author":[{"embeddable":true,"href":"https:\/\/jornalfatosenoticias.com.br\/index.php\/wp-json\/wp\/v2\/users\/2"}],"replies":[{"embeddable":true,"href":"https:\/\/jornalfatosenoticias.com.br\/index.php\/wp-json\/wp\/v2\/comments?post=6316"}],"version-history":[{"count":0,"href":"https:\/\/jornalfatosenoticias.com.br\/index.php\/wp-json\/wp\/v2\/posts\/6316\/revisions"}],"wp:featuredmedia":[{"embeddable":true,"href":"https:\/\/jornalfatosenoticias.com.br\/index.php\/wp-json\/wp\/v2\/media\/6317"}],"wp:attachment":[{"href":"https:\/\/jornalfatosenoticias.com.br\/index.php\/wp-json\/wp\/v2\/media?parent=6316"}],"wp:term":[{"taxonomy":"category","embeddable":true,"href":"https:\/\/jornalfatosenoticias.com.br\/index.php\/wp-json\/wp\/v2\/categories?post=6316"},{"taxonomy":"post_tag","embeddable":true,"href":"https:\/\/jornalfatosenoticias.com.br\/index.php\/wp-json\/wp\/v2\/tags?post=6316"}],"curies":[{"name":"wp","href":"https:\/\/api.w.org\/{rel}","templated":true}]}}