{"id":6319,"date":"2020-07-09T17:17:42","date_gmt":"2020-07-09T20:17:42","guid":{"rendered":"https:\/\/jornalfatosenoticias.com.br\/?p=6319"},"modified":"2020-07-09T17:17:46","modified_gmt":"2020-07-09T20:17:46","slug":"criancas-negras-sao-mais-vistas-como-bravas-por-professores-em-estudo","status":"publish","type":"post","link":"https:\/\/jornalfatosenoticias.com.br\/index.php\/2020\/07\/09\/criancas-negras-sao-mais-vistas-como-bravas-por-professores-em-estudo\/","title":{"rendered":"Crian\u00e7as negras s\u00e3o mais vistas como &#8220;bravas&#8221; por professores em estudo"},"content":{"rendered":"\n<h6 class=\"wp-block-heading\"><em>Pesquisa norte-americana tamb\u00e9m mostra que meninas negras s\u00e3o mais propensas a ser vistas como sentindo raiva (mesmo quando n\u00e3o est\u00e3o) do que os meninos<\/em><\/h6>\n\n\n\n<p>Em um novo estudo a ser publicado no peri\u00f3dico Emotion, pesquisadores da Universidade Estadual da Carolina do Norte, nos Estados Unidos, perceberam que crian\u00e7as negras correm maior risco de serem vistas como &#8220;bravas&#8221; no ambiente escolar, mesmo quando n\u00e3o apresentam essa caracter\u00edstica. Segundo Amy Halberstadt, primeira autora do estudo, isso j\u00e1 havia sido identificado tamb\u00e9m em adultos negros.<br>Para realizar a pesquisa, a equipe reuniu 178 futuros professores e mostrou 72 v\u00eddeos de crian\u00e7as atuando com emo\u00e7\u00f5es diferentes. Os cientistas pediram que os volunt\u00e1rios identificassem as express\u00f5es que viam. Cada clipe foi cuidadosamente pensado para garantir que as crian\u00e7as n\u00e3o estivessem demonstrando qualquer sentimento de raiva. Os participantes tamb\u00e9m foram convidados a responder a uma s\u00e9rie de perguntas destinadas a avaliar seus preconceitos raciais, expl\u00edcitos e impl\u00edcitos.<br>O resultado mostrou que a probabilidade de uma crian\u00e7a negra ter sua express\u00e3o mal-interpretada \u00e9 1,36 vez maior do que uma crian\u00e7a branca. Al\u00e9m disso, se o professor tiver n\u00edveis mais altos de preconceito racial, \u00e9 mais prov\u00e1vel que ele beneficie as crian\u00e7as brancas do que as negras.<br>A pesquisa tamb\u00e9m revela que as meninas negras s\u00e3o mais incompreendidas do que os meninos \u2014 enquanto os professores t\u00eam 1,74 vez mais chance de acharem que elas est\u00e3o bravas (mesmo que n\u00e3o estejam), entre os garotos esse \u00edndice \u00e9 de 1,16. &#8220;Embora nunca tenham sido estatisticamente examinadas antes, as percep\u00e7\u00f5es err\u00f4neas da raiva de meninas negras comprovam a pesquisa qualitativa das experi\u00eancias de meninas e mulheres negras, de que elas tamb\u00e9m s\u00e3o vistas como bravas mesmo quando n\u00e3o s\u00e3o&#8221;, diz Halberstadt, em comunicado.<\/p>\n\n\n\n<figure class=\"wp-block-image size-large\"><img loading=\"lazy\" decoding=\"async\" width=\"1000\" height=\"666\" src=\"https:\/\/jornalfatosenoticias.com.br\/wp-content\/uploads\/2020\/07\/criancas-negras_comportamento-unsplash.jpg\" alt=\"\" class=\"wp-image-6320\" srcset=\"https:\/\/jornalfatosenoticias.com.br\/wp-content\/uploads\/2020\/07\/criancas-negras_comportamento-unsplash.jpg 1000w, https:\/\/jornalfatosenoticias.com.br\/wp-content\/uploads\/2020\/07\/criancas-negras_comportamento-unsplash-300x200.jpg 300w, https:\/\/jornalfatosenoticias.com.br\/wp-content\/uploads\/2020\/07\/criancas-negras_comportamento-unsplash-768x511.jpg 768w\" sizes=\"auto, (max-width: 1000px) 100vw, 1000px\" \/><figcaption><em>Crian\u00e7as negras s\u00e3o mais vistas como bravas por professores em estudo (Foto: Segun Osunyomi\/Unsplash)<\/em><\/figcaption><\/figure>\n\n\n\n<p>As conclus\u00f5es evidenciam que o racismo \u00e9 prejudicial \u00e0s crian\u00e7as e pode afetar seu ensino desde muito jovens. &#8220;J\u00e1 sabemos que os estudantes negros experimentam mais suspens\u00f5es, expuls\u00f5es e a\u00e7\u00f5es disciplinares do que os estudantes brancos, muitas vezes pelo mesmo comportamento. A percep\u00e7\u00e3o err\u00f4nea da raiva, mesmo no n\u00edvel inconsciente, pode desempenhar um papel significativo nessa disparidade&#8221;, conclui a cientista.<\/p>\n\n\n\n<p><em><strong>Fonte:<a href=\"https:\/\/revistagalileu.globo.com\/Sociedade\/Comportamento\/noticia\/2020\/07\/criancas-negras-sao-mais-vistas-como-bravas-por-professores-em-estudo.html\"> Revista Galileu<\/a><\/strong><\/em><\/p>\n","protected":false},"excerpt":{"rendered":"<p>Pesquisa norte-americana tamb\u00e9m mostra que meninas negras s\u00e3o mais propensas a ser vistas como sentindo raiva (mesmo quando n\u00e3o est\u00e3o) do que os meninos Em um novo estudo a ser publicado no peri\u00f3dico Emotion, pesquisadores da Universidade Estadual da Carolina do Norte, nos Estados Unidos, perceberam que crian\u00e7as negras correm maior risco de serem vistas [&hellip;]<\/p>\n","protected":false},"author":2,"featured_media":6321,"comment_status":"open","ping_status":"open","sticky":false,"template":"","format":"standard","meta":{"footnotes":""},"categories":[2522],"tags":[3736,1148,1147],"class_list":["post-6319","post","type-post","status-publish","format-standard","has-post-thumbnail","hentry","category-comportamento","tag-criancas-negras","tag-preconceito","tag-racismo"],"yoast_head":"<!-- This site is optimized with the Yoast SEO plugin v26.5 - https:\/\/yoast.com\/wordpress\/plugins\/seo\/ -->\n<title>Crian\u00e7as negras s\u00e3o mais vistas como &quot;bravas&quot; por professores em estudo - Jornal Fatos e Not\u00edcias<\/title>\n<meta name=\"robots\" content=\"index, follow, max-snippet:-1, max-image-preview:large, max-video-preview:-1\" \/>\n<link rel=\"canonical\" href=\"https:\/\/jornalfatosenoticias.com.br\/index.php\/2020\/07\/09\/criancas-negras-sao-mais-vistas-como-bravas-por-professores-em-estudo\/\" \/>\n<meta property=\"og:locale\" content=\"pt_BR\" \/>\n<meta property=\"og:type\" content=\"article\" \/>\n<meta property=\"og:title\" content=\"Crian\u00e7as negras s\u00e3o mais vistas como &quot;bravas&quot; por professores em estudo - Jornal Fatos e Not\u00edcias\" \/>\n<meta property=\"og:description\" content=\"Pesquisa norte-americana tamb\u00e9m mostra que meninas negras s\u00e3o mais propensas a ser vistas como sentindo raiva (mesmo quando n\u00e3o est\u00e3o) do que os meninos Em um novo estudo a ser publicado no peri\u00f3dico Emotion, pesquisadores da Universidade Estadual da Carolina do Norte, nos Estados Unidos, perceberam que crian\u00e7as negras correm maior risco de serem vistas [&hellip;]\" \/>\n<meta property=\"og:url\" content=\"https:\/\/jornalfatosenoticias.com.br\/index.php\/2020\/07\/09\/criancas-negras-sao-mais-vistas-como-bravas-por-professores-em-estudo\/\" \/>\n<meta property=\"og:site_name\" content=\"Jornal Fatos e Not\u00edcias\" \/>\n<meta property=\"article:published_time\" content=\"2020-07-09T20:17:42+00:00\" \/>\n<meta property=\"article:modified_time\" content=\"2020-07-09T20:17:46+00:00\" \/>\n<meta property=\"og:image\" content=\"https:\/\/jornalfatosenoticias.com.br\/wp-content\/uploads\/2020\/07\/KidsAfroPuffs10.jpg\" \/>\n\t<meta property=\"og:image:width\" content=\"1000\" \/>\n\t<meta property=\"og:image:height\" content=\"1057\" \/>\n\t<meta property=\"og:image:type\" content=\"image\/jpeg\" \/>\n<meta name=\"author\" content=\"Luzimara Fernandes\" \/>\n<meta name=\"twitter:card\" content=\"summary_large_image\" \/>\n<meta name=\"twitter:label1\" content=\"Escrito por\" \/>\n\t<meta name=\"twitter:data1\" content=\"Luzimara Fernandes\" \/>\n\t<meta name=\"twitter:label2\" content=\"Est. tempo de leitura\" \/>\n\t<meta name=\"twitter:data2\" content=\"2 minutos\" \/>\n<script type=\"application\/ld+json\" class=\"yoast-schema-graph\">{\"@context\":\"https:\/\/schema.org\",\"@graph\":[{\"@type\":\"Article\",\"@id\":\"https:\/\/jornalfatosenoticias.com.br\/index.php\/2020\/07\/09\/criancas-negras-sao-mais-vistas-como-bravas-por-professores-em-estudo\/#article\",\"isPartOf\":{\"@id\":\"https:\/\/jornalfatosenoticias.com.br\/index.php\/2020\/07\/09\/criancas-negras-sao-mais-vistas-como-bravas-por-professores-em-estudo\/\"},\"author\":{\"name\":\"Luzimara Fernandes\",\"@id\":\"https:\/\/jornalfatosenoticias.com.br\/#\/schema\/person\/d63837fa13ac8666eb9e74e0985d6f81\"},\"headline\":\"Crian\u00e7as negras s\u00e3o mais vistas como &#8220;bravas&#8221; por professores em estudo\",\"datePublished\":\"2020-07-09T20:17:42+00:00\",\"dateModified\":\"2020-07-09T20:17:46+00:00\",\"mainEntityOfPage\":{\"@id\":\"https:\/\/jornalfatosenoticias.com.br\/index.php\/2020\/07\/09\/criancas-negras-sao-mais-vistas-como-bravas-por-professores-em-estudo\/\"},\"wordCount\":413,\"commentCount\":0,\"publisher\":{\"@id\":\"https:\/\/jornalfatosenoticias.com.br\/#organization\"},\"image\":{\"@id\":\"https:\/\/jornalfatosenoticias.com.br\/index.php\/2020\/07\/09\/criancas-negras-sao-mais-vistas-como-bravas-por-professores-em-estudo\/#primaryimage\"},\"thumbnailUrl\":\"https:\/\/jornalfatosenoticias.com.br\/wp-content\/uploads\/2020\/07\/KidsAfroPuffs10.jpg\",\"keywords\":[\"crian\u00e7as negras\",\"preconceito\",\"racismo\"],\"articleSection\":[\"Comportamento &amp; Equil\u00edbrio\"],\"inLanguage\":\"pt-BR\",\"potentialAction\":[{\"@type\":\"CommentAction\",\"name\":\"Comment\",\"target\":[\"https:\/\/jornalfatosenoticias.com.br\/index.php\/2020\/07\/09\/criancas-negras-sao-mais-vistas-como-bravas-por-professores-em-estudo\/#respond\"]}]},{\"@type\":\"WebPage\",\"@id\":\"https:\/\/jornalfatosenoticias.com.br\/index.php\/2020\/07\/09\/criancas-negras-sao-mais-vistas-como-bravas-por-professores-em-estudo\/\",\"url\":\"https:\/\/jornalfatosenoticias.com.br\/index.php\/2020\/07\/09\/criancas-negras-sao-mais-vistas-como-bravas-por-professores-em-estudo\/\",\"name\":\"Crian\u00e7as negras s\u00e3o mais vistas como \\\"bravas\\\" por professores em estudo - Jornal Fatos e Not\u00edcias\",\"isPartOf\":{\"@id\":\"https:\/\/jornalfatosenoticias.com.br\/#website\"},\"primaryImageOfPage\":{\"@id\":\"https:\/\/jornalfatosenoticias.com.br\/index.php\/2020\/07\/09\/criancas-negras-sao-mais-vistas-como-bravas-por-professores-em-estudo\/#primaryimage\"},\"image\":{\"@id\":\"https:\/\/jornalfatosenoticias.com.br\/index.php\/2020\/07\/09\/criancas-negras-sao-mais-vistas-como-bravas-por-professores-em-estudo\/#primaryimage\"},\"thumbnailUrl\":\"https:\/\/jornalfatosenoticias.com.br\/wp-content\/uploads\/2020\/07\/KidsAfroPuffs10.jpg\",\"datePublished\":\"2020-07-09T20:17:42+00:00\",\"dateModified\":\"2020-07-09T20:17:46+00:00\",\"breadcrumb\":{\"@id\":\"https:\/\/jornalfatosenoticias.com.br\/index.php\/2020\/07\/09\/criancas-negras-sao-mais-vistas-como-bravas-por-professores-em-estudo\/#breadcrumb\"},\"inLanguage\":\"pt-BR\",\"potentialAction\":[{\"@type\":\"ReadAction\",\"target\":[\"https:\/\/jornalfatosenoticias.com.br\/index.php\/2020\/07\/09\/criancas-negras-sao-mais-vistas-como-bravas-por-professores-em-estudo\/\"]}]},{\"@type\":\"ImageObject\",\"inLanguage\":\"pt-BR\",\"@id\":\"https:\/\/jornalfatosenoticias.com.br\/index.php\/2020\/07\/09\/criancas-negras-sao-mais-vistas-como-bravas-por-professores-em-estudo\/#primaryimage\",\"url\":\"https:\/\/jornalfatosenoticias.com.br\/wp-content\/uploads\/2020\/07\/KidsAfroPuffs10.jpg\",\"contentUrl\":\"https:\/\/jornalfatosenoticias.com.br\/wp-content\/uploads\/2020\/07\/KidsAfroPuffs10.jpg\",\"width\":1000,\"height\":1057},{\"@type\":\"BreadcrumbList\",\"@id\":\"https:\/\/jornalfatosenoticias.com.br\/index.php\/2020\/07\/09\/criancas-negras-sao-mais-vistas-como-bravas-por-professores-em-estudo\/#breadcrumb\",\"itemListElement\":[{\"@type\":\"ListItem\",\"position\":1,\"name\":\"In\u00edcio\",\"item\":\"https:\/\/jornalfatosenoticias.com.br\/\"},{\"@type\":\"ListItem\",\"position\":2,\"name\":\"Crian\u00e7as negras s\u00e3o mais vistas como &#8220;bravas&#8221; por professores em estudo\"}]},{\"@type\":\"WebSite\",\"@id\":\"https:\/\/jornalfatosenoticias.com.br\/#website\",\"url\":\"https:\/\/jornalfatosenoticias.com.br\/\",\"name\":\"Jornal Fatos e Not\u00edcias\",\"description\":\"Not\u00edcias em geral\",\"publisher\":{\"@id\":\"https:\/\/jornalfatosenoticias.com.br\/#organization\"},\"potentialAction\":[{\"@type\":\"SearchAction\",\"target\":{\"@type\":\"EntryPoint\",\"urlTemplate\":\"https:\/\/jornalfatosenoticias.com.br\/?s={search_term_string}\"},\"query-input\":{\"@type\":\"PropertyValueSpecification\",\"valueRequired\":true,\"valueName\":\"search_term_string\"}}],\"inLanguage\":\"pt-BR\"},{\"@type\":\"Organization\",\"@id\":\"https:\/\/jornalfatosenoticias.com.br\/#organization\",\"name\":\"Jornal Fatos e Not\u00edcias\",\"url\":\"https:\/\/jornalfatosenoticias.com.br\/\",\"logo\":{\"@type\":\"ImageObject\",\"inLanguage\":\"pt-BR\",\"@id\":\"https:\/\/jornalfatosenoticias.com.br\/#\/schema\/logo\/image\/\",\"url\":\"https:\/\/jornalfatosenoticias.com.br\/wp-content\/uploads\/2020\/02\/logo120.png\",\"contentUrl\":\"https:\/\/jornalfatosenoticias.com.br\/wp-content\/uploads\/2020\/02\/logo120.png\",\"width\":1227,\"height\":120,\"caption\":\"Jornal Fatos e Not\u00edcias\"},\"image\":{\"@id\":\"https:\/\/jornalfatosenoticias.com.br\/#\/schema\/logo\/image\/\"}},{\"@type\":\"Person\",\"@id\":\"https:\/\/jornalfatosenoticias.com.br\/#\/schema\/person\/d63837fa13ac8666eb9e74e0985d6f81\",\"name\":\"Luzimara Fernandes\",\"image\":{\"@type\":\"ImageObject\",\"inLanguage\":\"pt-BR\",\"@id\":\"https:\/\/jornalfatosenoticias.com.br\/#\/schema\/person\/image\/\",\"url\":\"https:\/\/jornalfatosenoticias.com.br\/wp-content\/uploads\/2025\/05\/EU_portal.jpg\",\"contentUrl\":\"https:\/\/jornalfatosenoticias.com.br\/wp-content\/uploads\/2025\/05\/EU_portal.jpg\",\"caption\":\"Luzimara Fernandes\"},\"description\":\"Jornalista MTB 2358-ES\",\"sameAs\":[\"https:\/\/jornalfatosenoticias.com.br\"],\"url\":\"https:\/\/jornalfatosenoticias.com.br\/index.php\/author\/luzimara\/\"}]}<\/script>\n<!-- \/ Yoast SEO plugin. -->","yoast_head_json":{"title":"Crian\u00e7as negras s\u00e3o mais vistas como \"bravas\" por professores em estudo - Jornal Fatos e Not\u00edcias","robots":{"index":"index","follow":"follow","max-snippet":"max-snippet:-1","max-image-preview":"max-image-preview:large","max-video-preview":"max-video-preview:-1"},"canonical":"https:\/\/jornalfatosenoticias.com.br\/index.php\/2020\/07\/09\/criancas-negras-sao-mais-vistas-como-bravas-por-professores-em-estudo\/","og_locale":"pt_BR","og_type":"article","og_title":"Crian\u00e7as negras s\u00e3o mais vistas como \"bravas\" por professores em estudo - Jornal Fatos e Not\u00edcias","og_description":"Pesquisa norte-americana tamb\u00e9m mostra que meninas negras s\u00e3o mais propensas a ser vistas como sentindo raiva (mesmo quando n\u00e3o est\u00e3o) do que os meninos Em um novo estudo a ser publicado no peri\u00f3dico Emotion, pesquisadores da Universidade Estadual da Carolina do Norte, nos Estados Unidos, perceberam que crian\u00e7as negras correm maior risco de serem vistas [&hellip;]","og_url":"https:\/\/jornalfatosenoticias.com.br\/index.php\/2020\/07\/09\/criancas-negras-sao-mais-vistas-como-bravas-por-professores-em-estudo\/","og_site_name":"Jornal Fatos e Not\u00edcias","article_published_time":"2020-07-09T20:17:42+00:00","article_modified_time":"2020-07-09T20:17:46+00:00","og_image":[{"width":1000,"height":1057,"url":"https:\/\/jornalfatosenoticias.com.br\/wp-content\/uploads\/2020\/07\/KidsAfroPuffs10.jpg","type":"image\/jpeg"}],"author":"Luzimara Fernandes","twitter_card":"summary_large_image","twitter_misc":{"Escrito por":"Luzimara Fernandes","Est. tempo de leitura":"2 minutos"},"schema":{"@context":"https:\/\/schema.org","@graph":[{"@type":"Article","@id":"https:\/\/jornalfatosenoticias.com.br\/index.php\/2020\/07\/09\/criancas-negras-sao-mais-vistas-como-bravas-por-professores-em-estudo\/#article","isPartOf":{"@id":"https:\/\/jornalfatosenoticias.com.br\/index.php\/2020\/07\/09\/criancas-negras-sao-mais-vistas-como-bravas-por-professores-em-estudo\/"},"author":{"name":"Luzimara Fernandes","@id":"https:\/\/jornalfatosenoticias.com.br\/#\/schema\/person\/d63837fa13ac8666eb9e74e0985d6f81"},"headline":"Crian\u00e7as negras s\u00e3o mais vistas como &#8220;bravas&#8221; por professores em estudo","datePublished":"2020-07-09T20:17:42+00:00","dateModified":"2020-07-09T20:17:46+00:00","mainEntityOfPage":{"@id":"https:\/\/jornalfatosenoticias.com.br\/index.php\/2020\/07\/09\/criancas-negras-sao-mais-vistas-como-bravas-por-professores-em-estudo\/"},"wordCount":413,"commentCount":0,"publisher":{"@id":"https:\/\/jornalfatosenoticias.com.br\/#organization"},"image":{"@id":"https:\/\/jornalfatosenoticias.com.br\/index.php\/2020\/07\/09\/criancas-negras-sao-mais-vistas-como-bravas-por-professores-em-estudo\/#primaryimage"},"thumbnailUrl":"https:\/\/jornalfatosenoticias.com.br\/wp-content\/uploads\/2020\/07\/KidsAfroPuffs10.jpg","keywords":["crian\u00e7as negras","preconceito","racismo"],"articleSection":["Comportamento &amp; Equil\u00edbrio"],"inLanguage":"pt-BR","potentialAction":[{"@type":"CommentAction","name":"Comment","target":["https:\/\/jornalfatosenoticias.com.br\/index.php\/2020\/07\/09\/criancas-negras-sao-mais-vistas-como-bravas-por-professores-em-estudo\/#respond"]}]},{"@type":"WebPage","@id":"https:\/\/jornalfatosenoticias.com.br\/index.php\/2020\/07\/09\/criancas-negras-sao-mais-vistas-como-bravas-por-professores-em-estudo\/","url":"https:\/\/jornalfatosenoticias.com.br\/index.php\/2020\/07\/09\/criancas-negras-sao-mais-vistas-como-bravas-por-professores-em-estudo\/","name":"Crian\u00e7as negras s\u00e3o mais vistas como \"bravas\" por professores em estudo - Jornal Fatos e Not\u00edcias","isPartOf":{"@id":"https:\/\/jornalfatosenoticias.com.br\/#website"},"primaryImageOfPage":{"@id":"https:\/\/jornalfatosenoticias.com.br\/index.php\/2020\/07\/09\/criancas-negras-sao-mais-vistas-como-bravas-por-professores-em-estudo\/#primaryimage"},"image":{"@id":"https:\/\/jornalfatosenoticias.com.br\/index.php\/2020\/07\/09\/criancas-negras-sao-mais-vistas-como-bravas-por-professores-em-estudo\/#primaryimage"},"thumbnailUrl":"https:\/\/jornalfatosenoticias.com.br\/wp-content\/uploads\/2020\/07\/KidsAfroPuffs10.jpg","datePublished":"2020-07-09T20:17:42+00:00","dateModified":"2020-07-09T20:17:46+00:00","breadcrumb":{"@id":"https:\/\/jornalfatosenoticias.com.br\/index.php\/2020\/07\/09\/criancas-negras-sao-mais-vistas-como-bravas-por-professores-em-estudo\/#breadcrumb"},"inLanguage":"pt-BR","potentialAction":[{"@type":"ReadAction","target":["https:\/\/jornalfatosenoticias.com.br\/index.php\/2020\/07\/09\/criancas-negras-sao-mais-vistas-como-bravas-por-professores-em-estudo\/"]}]},{"@type":"ImageObject","inLanguage":"pt-BR","@id":"https:\/\/jornalfatosenoticias.com.br\/index.php\/2020\/07\/09\/criancas-negras-sao-mais-vistas-como-bravas-por-professores-em-estudo\/#primaryimage","url":"https:\/\/jornalfatosenoticias.com.br\/wp-content\/uploads\/2020\/07\/KidsAfroPuffs10.jpg","contentUrl":"https:\/\/jornalfatosenoticias.com.br\/wp-content\/uploads\/2020\/07\/KidsAfroPuffs10.jpg","width":1000,"height":1057},{"@type":"BreadcrumbList","@id":"https:\/\/jornalfatosenoticias.com.br\/index.php\/2020\/07\/09\/criancas-negras-sao-mais-vistas-como-bravas-por-professores-em-estudo\/#breadcrumb","itemListElement":[{"@type":"ListItem","position":1,"name":"In\u00edcio","item":"https:\/\/jornalfatosenoticias.com.br\/"},{"@type":"ListItem","position":2,"name":"Crian\u00e7as negras s\u00e3o mais vistas como &#8220;bravas&#8221; por professores em estudo"}]},{"@type":"WebSite","@id":"https:\/\/jornalfatosenoticias.com.br\/#website","url":"https:\/\/jornalfatosenoticias.com.br\/","name":"Jornal Fatos e Not\u00edcias","description":"Not\u00edcias em geral","publisher":{"@id":"https:\/\/jornalfatosenoticias.com.br\/#organization"},"potentialAction":[{"@type":"SearchAction","target":{"@type":"EntryPoint","urlTemplate":"https:\/\/jornalfatosenoticias.com.br\/?s={search_term_string}"},"query-input":{"@type":"PropertyValueSpecification","valueRequired":true,"valueName":"search_term_string"}}],"inLanguage":"pt-BR"},{"@type":"Organization","@id":"https:\/\/jornalfatosenoticias.com.br\/#organization","name":"Jornal Fatos e Not\u00edcias","url":"https:\/\/jornalfatosenoticias.com.br\/","logo":{"@type":"ImageObject","inLanguage":"pt-BR","@id":"https:\/\/jornalfatosenoticias.com.br\/#\/schema\/logo\/image\/","url":"https:\/\/jornalfatosenoticias.com.br\/wp-content\/uploads\/2020\/02\/logo120.png","contentUrl":"https:\/\/jornalfatosenoticias.com.br\/wp-content\/uploads\/2020\/02\/logo120.png","width":1227,"height":120,"caption":"Jornal Fatos e Not\u00edcias"},"image":{"@id":"https:\/\/jornalfatosenoticias.com.br\/#\/schema\/logo\/image\/"}},{"@type":"Person","@id":"https:\/\/jornalfatosenoticias.com.br\/#\/schema\/person\/d63837fa13ac8666eb9e74e0985d6f81","name":"Luzimara Fernandes","image":{"@type":"ImageObject","inLanguage":"pt-BR","@id":"https:\/\/jornalfatosenoticias.com.br\/#\/schema\/person\/image\/","url":"https:\/\/jornalfatosenoticias.com.br\/wp-content\/uploads\/2025\/05\/EU_portal.jpg","contentUrl":"https:\/\/jornalfatosenoticias.com.br\/wp-content\/uploads\/2025\/05\/EU_portal.jpg","caption":"Luzimara Fernandes"},"description":"Jornalista MTB 2358-ES","sameAs":["https:\/\/jornalfatosenoticias.com.br"],"url":"https:\/\/jornalfatosenoticias.com.br\/index.php\/author\/luzimara\/"}]}},"cc_featured_image_caption":{"caption_text":"(Foto: Google Imagens) \r\n","source_text":"","source_url":""},"jetpack_featured_media_url":"https:\/\/jornalfatosenoticias.com.br\/wp-content\/uploads\/2020\/07\/KidsAfroPuffs10.jpg","_links":{"self":[{"href":"https:\/\/jornalfatosenoticias.com.br\/index.php\/wp-json\/wp\/v2\/posts\/6319","targetHints":{"allow":["GET"]}}],"collection":[{"href":"https:\/\/jornalfatosenoticias.com.br\/index.php\/wp-json\/wp\/v2\/posts"}],"about":[{"href":"https:\/\/jornalfatosenoticias.com.br\/index.php\/wp-json\/wp\/v2\/types\/post"}],"author":[{"embeddable":true,"href":"https:\/\/jornalfatosenoticias.com.br\/index.php\/wp-json\/wp\/v2\/users\/2"}],"replies":[{"embeddable":true,"href":"https:\/\/jornalfatosenoticias.com.br\/index.php\/wp-json\/wp\/v2\/comments?post=6319"}],"version-history":[{"count":0,"href":"https:\/\/jornalfatosenoticias.com.br\/index.php\/wp-json\/wp\/v2\/posts\/6319\/revisions"}],"wp:featuredmedia":[{"embeddable":true,"href":"https:\/\/jornalfatosenoticias.com.br\/index.php\/wp-json\/wp\/v2\/media\/6321"}],"wp:attachment":[{"href":"https:\/\/jornalfatosenoticias.com.br\/index.php\/wp-json\/wp\/v2\/media?parent=6319"}],"wp:term":[{"taxonomy":"category","embeddable":true,"href":"https:\/\/jornalfatosenoticias.com.br\/index.php\/wp-json\/wp\/v2\/categories?post=6319"},{"taxonomy":"post_tag","embeddable":true,"href":"https:\/\/jornalfatosenoticias.com.br\/index.php\/wp-json\/wp\/v2\/tags?post=6319"}],"curies":[{"name":"wp","href":"https:\/\/api.w.org\/{rel}","templated":true}]}}