{"id":63231,"date":"2025-11-12T10:17:26","date_gmt":"2025-11-12T13:17:26","guid":{"rendered":"https:\/\/jornalfatosenoticias.com.br\/?p=63231"},"modified":"2025-11-12T10:17:27","modified_gmt":"2025-11-12T13:17:27","slug":"ziraldo-o-artista-de-multiplos-talentos-que-conquistou-geracoes","status":"publish","type":"post","link":"https:\/\/jornalfatosenoticias.com.br\/index.php\/2025\/11\/12\/ziraldo-o-artista-de-multiplos-talentos-que-conquistou-geracoes\/","title":{"rendered":"Ziraldo: o artista de m\u00faltiplos talentos que conquistou gera\u00e7\u00f5es"},"content":{"rendered":"\n<p><em><span class=\"has-inline-color has-black-color\">Nascido em Minas Gerais, Ziraldo foi um dos maiores nomes da cultura brasileira e eternizou-se por meio de obras como &#8216;O Menino Maluquinho&#8217;<\/span><\/em><\/p>\n\n\n\n<p><span class=\"has-inline-color has-black-color\">Por <strong><a href=\"https:\/\/aventurasnahistoria.com.br\/noticias\/author\/giovanna-gomes\">Giovanna Gomes<\/a><\/strong><\/span><\/p>\n\n\n\n<div class=\"wp-block-image\"><figure class=\"aligncenter size-large\"><a href=\"https:\/\/mizu.com.br\/\"><img loading=\"lazy\" decoding=\"async\" width=\"729\" height=\"90\" src=\"https:\/\/jornalfatosenoticias.com.br\/wp-content\/uploads\/2020\/02\/Logo_Mizu.png\" alt=\"\" class=\"wp-image-1441\" srcset=\"https:\/\/jornalfatosenoticias.com.br\/wp-content\/uploads\/2020\/02\/Logo_Mizu.png 729w, https:\/\/jornalfatosenoticias.com.br\/wp-content\/uploads\/2020\/02\/Logo_Mizu-300x37.png 300w\" sizes=\"auto, (max-width: 729px) 100vw, 729px\" \/><\/a><\/figure><\/div>\n\n\n\n<p><strong>Ziraldo Alves Pinto<\/strong>, mais conhecido como\u00a0<mark>Ziraldo<\/mark>, foi um dos maiores nomes da cultura brasileira no s\u00e9culo 20, com uma carreira multifacetada que se destacou no humor gr\u00e1fico, na literatura infantil, no jornalismo e nas artes visuais. Nascido em\u00a0<a href=\"https:\/\/pt.wikipedia.org\/wiki\/Caratinga\">Caratinga<\/a>, Minas Gerais, em 1932, mostrou, desde cedo, talento para o desenho e o humor e, j\u00e1 com seis anos de idade, teve uma ilustra\u00e7\u00e3o publicada no jornal Folha de Minas.<br>Nos anos 1950, <strong>Ziraldo<\/strong>\u00a0passaria a colaborar com revistas e jornais de grande circula\u00e7\u00e3o, produzindo\u00a0<mark>charges<\/mark>, ilustra\u00e7\u00f5es e cartuns que rapidamente conquistariam o p\u00fablico. Mais tarde, alcan\u00e7ou grande notoriedade ao participar do seman\u00e1rio\u00a0<a href=\"https:\/\/pt.wikipedia.org\/wiki\/O_Pasquim\">O Pasquim<\/a>, fundado em 1969, que se tornou um s\u00edmbolo da resist\u00eancia cultural durante a ditadura militar.<\/p>\n\n\n\n<div class=\"wp-block-image\"><figure class=\"aligncenter size-large is-resized\"><a href=\"https:\/\/www.facebook.com\/postobkr\/?locale=pt_BR\"><img loading=\"lazy\" decoding=\"async\" src=\"https:\/\/jornalfatosenoticias.com.br\/wp-content\/uploads\/2023\/08\/BKR-1024x1021.jpg\" alt=\"\" class=\"wp-image-44494\" width=\"314\" height=\"313\" srcset=\"https:\/\/jornalfatosenoticias.com.br\/wp-content\/uploads\/2023\/08\/BKR-1024x1021.jpg 1024w, https:\/\/jornalfatosenoticias.com.br\/wp-content\/uploads\/2023\/08\/BKR-300x300.jpg 300w, https:\/\/jornalfatosenoticias.com.br\/wp-content\/uploads\/2023\/08\/BKR-150x150.jpg 150w, https:\/\/jornalfatosenoticias.com.br\/wp-content\/uploads\/2023\/08\/BKR-768x766.jpg 768w, https:\/\/jornalfatosenoticias.com.br\/wp-content\/uploads\/2023\/08\/BKR.jpg 1080w\" sizes=\"auto, (max-width: 314px) 100vw, 314px\" \/><\/a><\/figure><\/div>\n\n\n\n<p>Engajado politicamente, o cartunista chegou a ser preso tr\u00eas vezes. A primeira delas se deu em dezembro de 1968, apenas um dia ap\u00f3s a decreta\u00e7\u00e3o do Ato Institucional N\u00famero 5 (AI-5), marco do endurecimento do regime. At\u00e9 o fim da ditadura, O Pasquim sofreria diversos ataques, incluindo bombas na reda\u00e7\u00e3o e em bancas de jornal. Apesar das pris\u00f5es e persegui\u00e7\u00f5es, <strong>Ziraldo<\/strong> foi agraciado com o pr\u00eamio principal do 32.\u00ba Sal\u00e3o Internacional de Caricaturas de Bruxelas \u2014 considerado o \u201cOscar do humor\u201d \u2014 ap\u00f3s ter suas obras publicadas em revistas na Europa e nos Estados Unidos.<\/p>\n\n\n\n<div class=\"wp-block-image\"><figure class=\"aligncenter size-large\"><img loading=\"lazy\" decoding=\"async\" width=\"612\" height=\"408\" src=\"https:\/\/jornalfatosenoticias.com.br\/wp-content\/uploads\/2025\/11\/ZIRALDO_gettyimages.jpg\" alt=\"\" class=\"wp-image-63232\" srcset=\"https:\/\/jornalfatosenoticias.com.br\/wp-content\/uploads\/2025\/11\/ZIRALDO_gettyimages.jpg 612w, https:\/\/jornalfatosenoticias.com.br\/wp-content\/uploads\/2025\/11\/ZIRALDO_gettyimages-300x200.jpg 300w\" sizes=\"auto, (max-width: 612px) 100vw, 612px\" \/><figcaption><em><span class=\"has-inline-color has-black-color\">Ziraldo durante a Bienal do Livro em 12 de agosto de 2012, em S\u00e3o Paulo (Foto: Getty Images)<\/span><\/em><\/figcaption><\/figure><\/div>\n\n\n\n<p><strong><span class=\"has-inline-color has-vivid-cyan-blue-color\">Literatura infantil<br><\/span><\/strong>Paralelamente \u00e0 sua atua\u00e7\u00e3o no humor gr\u00e1fico, Ziraldo consolidou-se como um dos autores mais influentes da <a href=\"https:\/\/pt.wikipedia.org\/wiki\/Literatura\">literatura<\/a> infantil brasileira. Ainda em 1969, publicou Flicts, obra revolucion\u00e1ria tanto pelo conte\u00fado po\u00e9tico quanto pela ousadia gr\u00e1fica, que colocou o Brasil no mapa da literatura infantil contempor\u00e2nea. A f\u00e1bula po\u00e9tica sobre uma cor que n\u00e3o encontrava seu lugar no mundo encantou leitores de todas as idades, at\u00e9 mesmo os astronautas da miss\u00e3o Apollo 11, que receberam exemplares durante visita ao Brasil. <strong>Neil Armstrong<\/strong> chegou a escrever ao autor, dizendo: \u201cA lua \u00e9 Flicts\u201d.<\/p>\n\n\n\n<div class=\"wp-block-image\"><figure class=\"aligncenter size-large is-resized\"><a href=\"https:\/\/www.instagram.com\/serra4x4cambioautomatico\/\"><img loading=\"lazy\" decoding=\"async\" src=\"https:\/\/jornalfatosenoticias.com.br\/wp-content\/uploads\/2024\/08\/Serra-4x4-1-886x1024.jpg\" alt=\"\" class=\"wp-image-53632\" width=\"282\" height=\"326\" srcset=\"https:\/\/jornalfatosenoticias.com.br\/wp-content\/uploads\/2024\/08\/Serra-4x4-1-886x1024.jpg 886w, https:\/\/jornalfatosenoticias.com.br\/wp-content\/uploads\/2024\/08\/Serra-4x4-1-260x300.jpg 260w, https:\/\/jornalfatosenoticias.com.br\/wp-content\/uploads\/2024\/08\/Serra-4x4-1-768x888.jpg 768w, https:\/\/jornalfatosenoticias.com.br\/wp-content\/uploads\/2024\/08\/Serra-4x4-1.jpg 1181w\" sizes=\"auto, (max-width: 282px) 100vw, 282px\" \/><\/a><\/figure><\/div>\n\n\n\n<p>Em 1980, lan\u00e7ou seu maior sucesso, <mark>O Menino Maluquinho<\/mark>, que se tornaria um <a href=\"https:\/\/aventurasnahistoria.com.br\/noticias\/vitrine\/classicos-da-literatura-12-titulos-incriveis-para-voce-garantir.phtml\">cl\u00e1ssico<\/a> absoluto. <strong>Ziraldo<\/strong> contava que inventou o Menino Maluquinho enquanto fazia a barba e conversava consigo mesmo em frente ao espelho. Muito tempo antes j\u00e1 ruminavam em sua cabe\u00e7a as mem\u00f3rias de inf\u00e2ncia, as rela\u00e7\u00f5es com a fam\u00edlia, a vida de menino\u2026 As demais caracter\u00edsticas foram surgindo aos poucos: a panela na cabe\u00e7a, o gosto pela poesia, e o talento de goleiro que agarra tudo, menos o fim da inf\u00e2ncia. Quando o personagem ganhou vida, o sucesso surpreendeu seu pr\u00f3prio criador.<\/p>\n\n\n\n<div class=\"wp-block-image\"><figure class=\"aligncenter size-large\"><img loading=\"lazy\" decoding=\"async\" width=\"924\" height=\"693\" src=\"https:\/\/jornalfatosenoticias.com.br\/wp-content\/uploads\/2025\/11\/o-menino-maluquinho.jpeg\" alt=\"\" class=\"wp-image-63233\" srcset=\"https:\/\/jornalfatosenoticias.com.br\/wp-content\/uploads\/2025\/11\/o-menino-maluquinho.jpeg 924w, https:\/\/jornalfatosenoticias.com.br\/wp-content\/uploads\/2025\/11\/o-menino-maluquinho-300x225.jpeg 300w, https:\/\/jornalfatosenoticias.com.br\/wp-content\/uploads\/2025\/11\/o-menino-maluquinho-768x576.jpeg 768w\" sizes=\"auto, (max-width: 924px) 100vw, 924px\" \/><figcaption><em><span class=\"has-inline-color has-black-color\">O Menino Maluquinho, personagem de Ziraldo (Foto: Ziraldo)<\/span><\/em><\/figcaption><\/figure><\/div>\n\n\n\n<p>\u201cEra vez um menino maluquinho. Ele tinha o olho maior que a barriga. Tinha fogo no rabo, tinha vento nos p\u00e9s\u201d, diz a abertura do livro \u201cO Menino Maluquinho\u201d, que esgotou em quatro meses. Maluquinho ganhou uma turma inteira para brincar: sua namoradinha Julieta, a Juju (ela estrelou at\u00e9 uma revistinha pr\u00f3pria no come\u00e7o nos anos 2000); Boc\u00e3o, seu melhor amigo; a certinha e rom\u00e2ntica Carolina; L\u00facio, o intelectual da turma; o baixinho Junim, que fica chateado quando implicam com ele; a bela e cobi\u00e7ada Shirley Val\u00e9ria; e o valent\u00e3o Herman.<\/p>\n\n\n\n<div class=\"wp-block-image\"><figure class=\"aligncenter size-large is-resized\"><a href=\"https:\/\/www.instagram.com\/gruposei\/\"><img loading=\"lazy\" decoding=\"async\" src=\"https:\/\/jornalfatosenoticias.com.br\/wp-content\/uploads\/2022\/07\/Logo-Grupo-SEI.jpg\" alt=\"\" class=\"wp-image-31973\" width=\"341\" height=\"179\" srcset=\"https:\/\/jornalfatosenoticias.com.br\/wp-content\/uploads\/2022\/07\/Logo-Grupo-SEI.jpg 713w, https:\/\/jornalfatosenoticias.com.br\/wp-content\/uploads\/2022\/07\/Logo-Grupo-SEI-300x158.jpg 300w\" sizes=\"auto, (max-width: 341px) 100vw, 341px\" \/><\/a><\/figure><\/div>\n\n\n\n<p>Em 2020, quando se tornou um respeit\u00e1vel quarent\u00e3o, Maluquinho j\u00e1 havia tido 129 edi\u00e7\u00f5es, vendido quatro milh\u00f5es de exemplares e viajado para mais de uma dezena de pa\u00edses. Tamb\u00e9m conquistou f\u00e3s renomados, como o poeta Carlos Drummond de Andrade, cujas colunas no Jornal do Brasil eram ilustradas por <strong>Ziraldo.<\/strong><\/p>\n\n\n\n<div class=\"wp-block-image\"><figure class=\"aligncenter size-large\"><a href=\"http:\/\/www.ferrarimaquinas.com.br\/\"><img loading=\"lazy\" decoding=\"async\" width=\"300\" height=\"250\" src=\"https:\/\/jornalfatosenoticias.com.br\/wp-content\/uploads\/2022\/02\/FERRARI_MAQUINAS-E-FERRAMENTAS2.jpg\" alt=\"\" class=\"wp-image-27860\"\/><\/a><\/figure><\/div>\n\n\n\n<p>\u201cO Menino Maluquinho\u201d foi adaptado para cinema, teatro, \u00f3pera, hist\u00f3rias em quadrinhos e uma s\u00e9rie animada da Netflix. A Melhoramentos, editora do Menino, tamb\u00e9m publicou v\u00e1rias hist\u00f3rias do Beb\u00ea Maluquinho, al\u00e9m de livros de piadas, de receitas, de jogos, de dietas, de inform\u00e1tica e at\u00e9 de hai-kais estrelados pelo moleque e sua panela-chap\u00e9u.<\/p>\n\n\n\n<div class=\"wp-block-image\"><figure class=\"aligncenter size-large is-resized\"><a href=\"https:\/\/panper.com.br\/\"><img loading=\"lazy\" decoding=\"async\" src=\"https:\/\/jornalfatosenoticias.com.br\/wp-content\/uploads\/2023\/03\/logo-Panper_portal.jpg\" alt=\"\" class=\"wp-image-40208\" width=\"344\" height=\"238\" srcset=\"https:\/\/jornalfatosenoticias.com.br\/wp-content\/uploads\/2023\/03\/logo-Panper_portal.jpg 400w, https:\/\/jornalfatosenoticias.com.br\/wp-content\/uploads\/2023\/03\/logo-Panper_portal-300x208.jpg 300w\" sizes=\"auto, (max-width: 344px) 100vw, 344px\" \/><\/a><\/figure><\/div>\n\n\n\n<p>Ao longo de sua carreira, <strong>Ziraldo<\/strong> publicou mais de cem livros como autor, colaborador ou ilustrador, muitos dos quais se tornaram best-sellers. Suas hist\u00f3rias alcan\u00e7aram crian\u00e7as em diversos pa\u00edses, sendo traduzidas para idiomas como espanhol, italiano, ingl\u00eas, alem\u00e3o e franc\u00eas. <strong>Ziraldo<\/strong> faleceu em 6 de abril de 2024, aos 91 anos de idade, em sua casa no Rio de Janeiro, ap\u00f3s anos de sa\u00fade debilitada em raz\u00e3o de acidentes vasculares cerebrais.<\/p>\n\n\n\n<div class=\"wp-block-image\"><figure class=\"aligncenter size-large is-resized\"><a href=\"https:\/\/www.facebook.com\/vetor.vix\/\"><img loading=\"lazy\" decoding=\"async\" src=\"https:\/\/jornalfatosenoticias.com.br\/wp-content\/uploads\/2023\/09\/vetorvix1024_1.jpg\" alt=\"\" class=\"wp-image-44868\" width=\"566\" height=\"150\" srcset=\"https:\/\/jornalfatosenoticias.com.br\/wp-content\/uploads\/2023\/09\/vetorvix1024_1.jpg 1024w, https:\/\/jornalfatosenoticias.com.br\/wp-content\/uploads\/2023\/09\/vetorvix1024_1-300x80.jpg 300w, https:\/\/jornalfatosenoticias.com.br\/wp-content\/uploads\/2023\/09\/vetorvix1024_1-768x205.jpg 768w\" sizes=\"auto, (max-width: 566px) 100vw, 566px\" \/><\/a><\/figure><\/div>\n\n\n\n<p><strong>Fonte: <a href=\"https:\/\/aventurasnahistoria.com.br\/noticias\/reportagem\/ziraldo-o-artista-de-multiplos-talentos-que-conquistou-geracoes.phtml\">Aventuras na Hist\u00f3ria<\/a><\/strong><\/p>\n","protected":false},"excerpt":{"rendered":"<p>Nascido em Minas Gerais, Ziraldo foi um dos maiores nomes da cultura brasileira e eternizou-se por meio de obras como &#8216;O Menino Maluquinho&#8217; Por Giovanna Gomes Ziraldo Alves Pinto, mais conhecido como\u00a0Ziraldo, foi um dos maiores nomes da cultura brasileira no s\u00e9culo 20, com uma carreira multifacetada que se destacou no humor gr\u00e1fico, na literatura [&hellip;]<\/p>\n","protected":false},"author":2,"featured_media":63234,"comment_status":"open","ping_status":"open","sticky":false,"template":"","format":"standard","meta":{"footnotes":""},"categories":[4],"tags":[28863],"class_list":["post-63231","post","type-post","status-publish","format-standard","has-post-thumbnail","hentry","category-cultura","tag-literatura-infantil-brasileira"],"yoast_head":"<!-- This site is optimized with the Yoast SEO plugin v26.5 - https:\/\/yoast.com\/wordpress\/plugins\/seo\/ -->\n<title>Ziraldo: o artista de m\u00faltiplos talentos que conquistou gera\u00e7\u00f5es - Jornal Fatos e Not\u00edcias<\/title>\n<meta name=\"robots\" content=\"index, follow, max-snippet:-1, max-image-preview:large, max-video-preview:-1\" \/>\n<link rel=\"canonical\" href=\"https:\/\/jornalfatosenoticias.com.br\/index.php\/2025\/11\/12\/ziraldo-o-artista-de-multiplos-talentos-que-conquistou-geracoes\/\" \/>\n<meta property=\"og:locale\" content=\"pt_BR\" \/>\n<meta property=\"og:type\" content=\"article\" \/>\n<meta property=\"og:title\" content=\"Ziraldo: o artista de m\u00faltiplos talentos que conquistou gera\u00e7\u00f5es - Jornal Fatos e Not\u00edcias\" \/>\n<meta property=\"og:description\" content=\"Nascido em Minas Gerais, Ziraldo foi um dos maiores nomes da cultura brasileira e eternizou-se por meio de obras como &#8216;O Menino Maluquinho&#8217; Por Giovanna Gomes Ziraldo Alves Pinto, mais conhecido como\u00a0Ziraldo, foi um dos maiores nomes da cultura brasileira no s\u00e9culo 20, com uma carreira multifacetada que se destacou no humor gr\u00e1fico, na literatura [&hellip;]\" \/>\n<meta property=\"og:url\" content=\"https:\/\/jornalfatosenoticias.com.br\/index.php\/2025\/11\/12\/ziraldo-o-artista-de-multiplos-talentos-que-conquistou-geracoes\/\" \/>\n<meta property=\"og:site_name\" content=\"Jornal Fatos e Not\u00edcias\" \/>\n<meta property=\"article:published_time\" content=\"2025-11-12T13:17:26+00:00\" \/>\n<meta property=\"article:modified_time\" content=\"2025-11-12T13:17:27+00:00\" \/>\n<meta property=\"og:image\" content=\"https:\/\/jornalfatosenoticias.com.br\/wp-content\/uploads\/2025\/11\/ziraldo-e-menino-maluquinho.jpg\" \/>\n\t<meta property=\"og:image:width\" content=\"796\" \/>\n\t<meta property=\"og:image:height\" content=\"548\" \/>\n\t<meta property=\"og:image:type\" content=\"image\/jpeg\" \/>\n<meta name=\"author\" content=\"Luzimara Fernandes\" \/>\n<meta name=\"twitter:card\" content=\"summary_large_image\" \/>\n<meta name=\"twitter:label1\" content=\"Escrito por\" \/>\n\t<meta name=\"twitter:data1\" content=\"Luzimara Fernandes\" \/>\n\t<meta name=\"twitter:label2\" content=\"Est. tempo de leitura\" \/>\n\t<meta name=\"twitter:data2\" content=\"4 minutos\" \/>\n<script type=\"application\/ld+json\" class=\"yoast-schema-graph\">{\"@context\":\"https:\/\/schema.org\",\"@graph\":[{\"@type\":\"Article\",\"@id\":\"https:\/\/jornalfatosenoticias.com.br\/index.php\/2025\/11\/12\/ziraldo-o-artista-de-multiplos-talentos-que-conquistou-geracoes\/#article\",\"isPartOf\":{\"@id\":\"https:\/\/jornalfatosenoticias.com.br\/index.php\/2025\/11\/12\/ziraldo-o-artista-de-multiplos-talentos-que-conquistou-geracoes\/\"},\"author\":{\"name\":\"Luzimara Fernandes\",\"@id\":\"https:\/\/jornalfatosenoticias.com.br\/#\/schema\/person\/d63837fa13ac8666eb9e74e0985d6f81\"},\"headline\":\"Ziraldo: o artista de m\u00faltiplos talentos que conquistou gera\u00e7\u00f5es\",\"datePublished\":\"2025-11-12T13:17:26+00:00\",\"dateModified\":\"2025-11-12T13:17:27+00:00\",\"mainEntityOfPage\":{\"@id\":\"https:\/\/jornalfatosenoticias.com.br\/index.php\/2025\/11\/12\/ziraldo-o-artista-de-multiplos-talentos-que-conquistou-geracoes\/\"},\"wordCount\":788,\"commentCount\":0,\"publisher\":{\"@id\":\"https:\/\/jornalfatosenoticias.com.br\/#organization\"},\"image\":{\"@id\":\"https:\/\/jornalfatosenoticias.com.br\/index.php\/2025\/11\/12\/ziraldo-o-artista-de-multiplos-talentos-que-conquistou-geracoes\/#primaryimage\"},\"thumbnailUrl\":\"https:\/\/jornalfatosenoticias.com.br\/wp-content\/uploads\/2025\/11\/ziraldo-e-menino-maluquinho.jpg\",\"keywords\":[\"literatura infantil brasileira\"],\"articleSection\":[\"Cultura\"],\"inLanguage\":\"pt-BR\",\"potentialAction\":[{\"@type\":\"CommentAction\",\"name\":\"Comment\",\"target\":[\"https:\/\/jornalfatosenoticias.com.br\/index.php\/2025\/11\/12\/ziraldo-o-artista-de-multiplos-talentos-que-conquistou-geracoes\/#respond\"]}]},{\"@type\":\"WebPage\",\"@id\":\"https:\/\/jornalfatosenoticias.com.br\/index.php\/2025\/11\/12\/ziraldo-o-artista-de-multiplos-talentos-que-conquistou-geracoes\/\",\"url\":\"https:\/\/jornalfatosenoticias.com.br\/index.php\/2025\/11\/12\/ziraldo-o-artista-de-multiplos-talentos-que-conquistou-geracoes\/\",\"name\":\"Ziraldo: o artista de m\u00faltiplos talentos que conquistou gera\u00e7\u00f5es - Jornal Fatos e Not\u00edcias\",\"isPartOf\":{\"@id\":\"https:\/\/jornalfatosenoticias.com.br\/#website\"},\"primaryImageOfPage\":{\"@id\":\"https:\/\/jornalfatosenoticias.com.br\/index.php\/2025\/11\/12\/ziraldo-o-artista-de-multiplos-talentos-que-conquistou-geracoes\/#primaryimage\"},\"image\":{\"@id\":\"https:\/\/jornalfatosenoticias.com.br\/index.php\/2025\/11\/12\/ziraldo-o-artista-de-multiplos-talentos-que-conquistou-geracoes\/#primaryimage\"},\"thumbnailUrl\":\"https:\/\/jornalfatosenoticias.com.br\/wp-content\/uploads\/2025\/11\/ziraldo-e-menino-maluquinho.jpg\",\"datePublished\":\"2025-11-12T13:17:26+00:00\",\"dateModified\":\"2025-11-12T13:17:27+00:00\",\"breadcrumb\":{\"@id\":\"https:\/\/jornalfatosenoticias.com.br\/index.php\/2025\/11\/12\/ziraldo-o-artista-de-multiplos-talentos-que-conquistou-geracoes\/#breadcrumb\"},\"inLanguage\":\"pt-BR\",\"potentialAction\":[{\"@type\":\"ReadAction\",\"target\":[\"https:\/\/jornalfatosenoticias.com.br\/index.php\/2025\/11\/12\/ziraldo-o-artista-de-multiplos-talentos-que-conquistou-geracoes\/\"]}]},{\"@type\":\"ImageObject\",\"inLanguage\":\"pt-BR\",\"@id\":\"https:\/\/jornalfatosenoticias.com.br\/index.php\/2025\/11\/12\/ziraldo-o-artista-de-multiplos-talentos-que-conquistou-geracoes\/#primaryimage\",\"url\":\"https:\/\/jornalfatosenoticias.com.br\/wp-content\/uploads\/2025\/11\/ziraldo-e-menino-maluquinho.jpg\",\"contentUrl\":\"https:\/\/jornalfatosenoticias.com.br\/wp-content\/uploads\/2025\/11\/ziraldo-e-menino-maluquinho.jpg\",\"width\":796,\"height\":548},{\"@type\":\"BreadcrumbList\",\"@id\":\"https:\/\/jornalfatosenoticias.com.br\/index.php\/2025\/11\/12\/ziraldo-o-artista-de-multiplos-talentos-que-conquistou-geracoes\/#breadcrumb\",\"itemListElement\":[{\"@type\":\"ListItem\",\"position\":1,\"name\":\"In\u00edcio\",\"item\":\"https:\/\/jornalfatosenoticias.com.br\/\"},{\"@type\":\"ListItem\",\"position\":2,\"name\":\"Ziraldo: o artista de m\u00faltiplos talentos que conquistou gera\u00e7\u00f5es\"}]},{\"@type\":\"WebSite\",\"@id\":\"https:\/\/jornalfatosenoticias.com.br\/#website\",\"url\":\"https:\/\/jornalfatosenoticias.com.br\/\",\"name\":\"Jornal Fatos e Not\u00edcias\",\"description\":\"Not\u00edcias em geral\",\"publisher\":{\"@id\":\"https:\/\/jornalfatosenoticias.com.br\/#organization\"},\"potentialAction\":[{\"@type\":\"SearchAction\",\"target\":{\"@type\":\"EntryPoint\",\"urlTemplate\":\"https:\/\/jornalfatosenoticias.com.br\/?s={search_term_string}\"},\"query-input\":{\"@type\":\"PropertyValueSpecification\",\"valueRequired\":true,\"valueName\":\"search_term_string\"}}],\"inLanguage\":\"pt-BR\"},{\"@type\":\"Organization\",\"@id\":\"https:\/\/jornalfatosenoticias.com.br\/#organization\",\"name\":\"Jornal Fatos e Not\u00edcias\",\"url\":\"https:\/\/jornalfatosenoticias.com.br\/\",\"logo\":{\"@type\":\"ImageObject\",\"inLanguage\":\"pt-BR\",\"@id\":\"https:\/\/jornalfatosenoticias.com.br\/#\/schema\/logo\/image\/\",\"url\":\"https:\/\/jornalfatosenoticias.com.br\/wp-content\/uploads\/2020\/02\/logo120.png\",\"contentUrl\":\"https:\/\/jornalfatosenoticias.com.br\/wp-content\/uploads\/2020\/02\/logo120.png\",\"width\":1227,\"height\":120,\"caption\":\"Jornal Fatos e Not\u00edcias\"},\"image\":{\"@id\":\"https:\/\/jornalfatosenoticias.com.br\/#\/schema\/logo\/image\/\"}},{\"@type\":\"Person\",\"@id\":\"https:\/\/jornalfatosenoticias.com.br\/#\/schema\/person\/d63837fa13ac8666eb9e74e0985d6f81\",\"name\":\"Luzimara Fernandes\",\"image\":{\"@type\":\"ImageObject\",\"inLanguage\":\"pt-BR\",\"@id\":\"https:\/\/jornalfatosenoticias.com.br\/#\/schema\/person\/image\/\",\"url\":\"https:\/\/jornalfatosenoticias.com.br\/wp-content\/uploads\/2025\/05\/EU_portal.jpg\",\"contentUrl\":\"https:\/\/jornalfatosenoticias.com.br\/wp-content\/uploads\/2025\/05\/EU_portal.jpg\",\"caption\":\"Luzimara Fernandes\"},\"description\":\"Jornalista MTB 2358-ES\",\"sameAs\":[\"https:\/\/jornalfatosenoticias.com.br\"],\"url\":\"https:\/\/jornalfatosenoticias.com.br\/index.php\/author\/luzimara\/\"}]}<\/script>\n<!-- \/ Yoast SEO plugin. -->","yoast_head_json":{"title":"Ziraldo: o artista de m\u00faltiplos talentos que conquistou gera\u00e7\u00f5es - Jornal Fatos e Not\u00edcias","robots":{"index":"index","follow":"follow","max-snippet":"max-snippet:-1","max-image-preview":"max-image-preview:large","max-video-preview":"max-video-preview:-1"},"canonical":"https:\/\/jornalfatosenoticias.com.br\/index.php\/2025\/11\/12\/ziraldo-o-artista-de-multiplos-talentos-que-conquistou-geracoes\/","og_locale":"pt_BR","og_type":"article","og_title":"Ziraldo: o artista de m\u00faltiplos talentos que conquistou gera\u00e7\u00f5es - Jornal Fatos e Not\u00edcias","og_description":"Nascido em Minas Gerais, Ziraldo foi um dos maiores nomes da cultura brasileira e eternizou-se por meio de obras como &#8216;O Menino Maluquinho&#8217; Por Giovanna Gomes Ziraldo Alves Pinto, mais conhecido como\u00a0Ziraldo, foi um dos maiores nomes da cultura brasileira no s\u00e9culo 20, com uma carreira multifacetada que se destacou no humor gr\u00e1fico, na literatura [&hellip;]","og_url":"https:\/\/jornalfatosenoticias.com.br\/index.php\/2025\/11\/12\/ziraldo-o-artista-de-multiplos-talentos-que-conquistou-geracoes\/","og_site_name":"Jornal Fatos e Not\u00edcias","article_published_time":"2025-11-12T13:17:26+00:00","article_modified_time":"2025-11-12T13:17:27+00:00","og_image":[{"width":796,"height":548,"url":"https:\/\/jornalfatosenoticias.com.br\/wp-content\/uploads\/2025\/11\/ziraldo-e-menino-maluquinho.jpg","type":"image\/jpeg"}],"author":"Luzimara Fernandes","twitter_card":"summary_large_image","twitter_misc":{"Escrito por":"Luzimara Fernandes","Est. tempo de leitura":"4 minutos"},"schema":{"@context":"https:\/\/schema.org","@graph":[{"@type":"Article","@id":"https:\/\/jornalfatosenoticias.com.br\/index.php\/2025\/11\/12\/ziraldo-o-artista-de-multiplos-talentos-que-conquistou-geracoes\/#article","isPartOf":{"@id":"https:\/\/jornalfatosenoticias.com.br\/index.php\/2025\/11\/12\/ziraldo-o-artista-de-multiplos-talentos-que-conquistou-geracoes\/"},"author":{"name":"Luzimara Fernandes","@id":"https:\/\/jornalfatosenoticias.com.br\/#\/schema\/person\/d63837fa13ac8666eb9e74e0985d6f81"},"headline":"Ziraldo: o artista de m\u00faltiplos talentos que conquistou gera\u00e7\u00f5es","datePublished":"2025-11-12T13:17:26+00:00","dateModified":"2025-11-12T13:17:27+00:00","mainEntityOfPage":{"@id":"https:\/\/jornalfatosenoticias.com.br\/index.php\/2025\/11\/12\/ziraldo-o-artista-de-multiplos-talentos-que-conquistou-geracoes\/"},"wordCount":788,"commentCount":0,"publisher":{"@id":"https:\/\/jornalfatosenoticias.com.br\/#organization"},"image":{"@id":"https:\/\/jornalfatosenoticias.com.br\/index.php\/2025\/11\/12\/ziraldo-o-artista-de-multiplos-talentos-que-conquistou-geracoes\/#primaryimage"},"thumbnailUrl":"https:\/\/jornalfatosenoticias.com.br\/wp-content\/uploads\/2025\/11\/ziraldo-e-menino-maluquinho.jpg","keywords":["literatura infantil brasileira"],"articleSection":["Cultura"],"inLanguage":"pt-BR","potentialAction":[{"@type":"CommentAction","name":"Comment","target":["https:\/\/jornalfatosenoticias.com.br\/index.php\/2025\/11\/12\/ziraldo-o-artista-de-multiplos-talentos-que-conquistou-geracoes\/#respond"]}]},{"@type":"WebPage","@id":"https:\/\/jornalfatosenoticias.com.br\/index.php\/2025\/11\/12\/ziraldo-o-artista-de-multiplos-talentos-que-conquistou-geracoes\/","url":"https:\/\/jornalfatosenoticias.com.br\/index.php\/2025\/11\/12\/ziraldo-o-artista-de-multiplos-talentos-que-conquistou-geracoes\/","name":"Ziraldo: o artista de m\u00faltiplos talentos que conquistou gera\u00e7\u00f5es - Jornal Fatos e Not\u00edcias","isPartOf":{"@id":"https:\/\/jornalfatosenoticias.com.br\/#website"},"primaryImageOfPage":{"@id":"https:\/\/jornalfatosenoticias.com.br\/index.php\/2025\/11\/12\/ziraldo-o-artista-de-multiplos-talentos-que-conquistou-geracoes\/#primaryimage"},"image":{"@id":"https:\/\/jornalfatosenoticias.com.br\/index.php\/2025\/11\/12\/ziraldo-o-artista-de-multiplos-talentos-que-conquistou-geracoes\/#primaryimage"},"thumbnailUrl":"https:\/\/jornalfatosenoticias.com.br\/wp-content\/uploads\/2025\/11\/ziraldo-e-menino-maluquinho.jpg","datePublished":"2025-11-12T13:17:26+00:00","dateModified":"2025-11-12T13:17:27+00:00","breadcrumb":{"@id":"https:\/\/jornalfatosenoticias.com.br\/index.php\/2025\/11\/12\/ziraldo-o-artista-de-multiplos-talentos-que-conquistou-geracoes\/#breadcrumb"},"inLanguage":"pt-BR","potentialAction":[{"@type":"ReadAction","target":["https:\/\/jornalfatosenoticias.com.br\/index.php\/2025\/11\/12\/ziraldo-o-artista-de-multiplos-talentos-que-conquistou-geracoes\/"]}]},{"@type":"ImageObject","inLanguage":"pt-BR","@id":"https:\/\/jornalfatosenoticias.com.br\/index.php\/2025\/11\/12\/ziraldo-o-artista-de-multiplos-talentos-que-conquistou-geracoes\/#primaryimage","url":"https:\/\/jornalfatosenoticias.com.br\/wp-content\/uploads\/2025\/11\/ziraldo-e-menino-maluquinho.jpg","contentUrl":"https:\/\/jornalfatosenoticias.com.br\/wp-content\/uploads\/2025\/11\/ziraldo-e-menino-maluquinho.jpg","width":796,"height":548},{"@type":"BreadcrumbList","@id":"https:\/\/jornalfatosenoticias.com.br\/index.php\/2025\/11\/12\/ziraldo-o-artista-de-multiplos-talentos-que-conquistou-geracoes\/#breadcrumb","itemListElement":[{"@type":"ListItem","position":1,"name":"In\u00edcio","item":"https:\/\/jornalfatosenoticias.com.br\/"},{"@type":"ListItem","position":2,"name":"Ziraldo: o artista de m\u00faltiplos talentos que conquistou gera\u00e7\u00f5es"}]},{"@type":"WebSite","@id":"https:\/\/jornalfatosenoticias.com.br\/#website","url":"https:\/\/jornalfatosenoticias.com.br\/","name":"Jornal Fatos e Not\u00edcias","description":"Not\u00edcias em geral","publisher":{"@id":"https:\/\/jornalfatosenoticias.com.br\/#organization"},"potentialAction":[{"@type":"SearchAction","target":{"@type":"EntryPoint","urlTemplate":"https:\/\/jornalfatosenoticias.com.br\/?s={search_term_string}"},"query-input":{"@type":"PropertyValueSpecification","valueRequired":true,"valueName":"search_term_string"}}],"inLanguage":"pt-BR"},{"@type":"Organization","@id":"https:\/\/jornalfatosenoticias.com.br\/#organization","name":"Jornal Fatos e Not\u00edcias","url":"https:\/\/jornalfatosenoticias.com.br\/","logo":{"@type":"ImageObject","inLanguage":"pt-BR","@id":"https:\/\/jornalfatosenoticias.com.br\/#\/schema\/logo\/image\/","url":"https:\/\/jornalfatosenoticias.com.br\/wp-content\/uploads\/2020\/02\/logo120.png","contentUrl":"https:\/\/jornalfatosenoticias.com.br\/wp-content\/uploads\/2020\/02\/logo120.png","width":1227,"height":120,"caption":"Jornal Fatos e Not\u00edcias"},"image":{"@id":"https:\/\/jornalfatosenoticias.com.br\/#\/schema\/logo\/image\/"}},{"@type":"Person","@id":"https:\/\/jornalfatosenoticias.com.br\/#\/schema\/person\/d63837fa13ac8666eb9e74e0985d6f81","name":"Luzimara Fernandes","image":{"@type":"ImageObject","inLanguage":"pt-BR","@id":"https:\/\/jornalfatosenoticias.com.br\/#\/schema\/person\/image\/","url":"https:\/\/jornalfatosenoticias.com.br\/wp-content\/uploads\/2025\/05\/EU_portal.jpg","contentUrl":"https:\/\/jornalfatosenoticias.com.br\/wp-content\/uploads\/2025\/05\/EU_portal.jpg","caption":"Luzimara Fernandes"},"description":"Jornalista MTB 2358-ES","sameAs":["https:\/\/jornalfatosenoticias.com.br"],"url":"https:\/\/jornalfatosenoticias.com.br\/index.php\/author\/luzimara\/"}]}},"cc_featured_image_caption":{"caption_text":"Ziraldo e o Menino Maluquinho (Foto: Divulga\u00e7\u00e3o)  ","source_text":"","source_url":""},"jetpack_featured_media_url":"https:\/\/jornalfatosenoticias.com.br\/wp-content\/uploads\/2025\/11\/ziraldo-e-menino-maluquinho.jpg","_links":{"self":[{"href":"https:\/\/jornalfatosenoticias.com.br\/index.php\/wp-json\/wp\/v2\/posts\/63231","targetHints":{"allow":["GET"]}}],"collection":[{"href":"https:\/\/jornalfatosenoticias.com.br\/index.php\/wp-json\/wp\/v2\/posts"}],"about":[{"href":"https:\/\/jornalfatosenoticias.com.br\/index.php\/wp-json\/wp\/v2\/types\/post"}],"author":[{"embeddable":true,"href":"https:\/\/jornalfatosenoticias.com.br\/index.php\/wp-json\/wp\/v2\/users\/2"}],"replies":[{"embeddable":true,"href":"https:\/\/jornalfatosenoticias.com.br\/index.php\/wp-json\/wp\/v2\/comments?post=63231"}],"version-history":[{"count":0,"href":"https:\/\/jornalfatosenoticias.com.br\/index.php\/wp-json\/wp\/v2\/posts\/63231\/revisions"}],"wp:featuredmedia":[{"embeddable":true,"href":"https:\/\/jornalfatosenoticias.com.br\/index.php\/wp-json\/wp\/v2\/media\/63234"}],"wp:attachment":[{"href":"https:\/\/jornalfatosenoticias.com.br\/index.php\/wp-json\/wp\/v2\/media?parent=63231"}],"wp:term":[{"taxonomy":"category","embeddable":true,"href":"https:\/\/jornalfatosenoticias.com.br\/index.php\/wp-json\/wp\/v2\/categories?post=63231"},{"taxonomy":"post_tag","embeddable":true,"href":"https:\/\/jornalfatosenoticias.com.br\/index.php\/wp-json\/wp\/v2\/tags?post=63231"}],"curies":[{"name":"wp","href":"https:\/\/api.w.org\/{rel}","templated":true}]}}