{"id":63255,"date":"2025-11-12T14:19:41","date_gmt":"2025-11-12T17:19:41","guid":{"rendered":"https:\/\/jornalfatosenoticias.com.br\/?p=63255"},"modified":"2025-11-12T14:19:43","modified_gmt":"2025-11-12T17:19:43","slug":"maduro-pede-prontidao-para-luta-armada-apos-chegada-de-porta-avioes-dos-eua","status":"publish","type":"post","link":"https:\/\/jornalfatosenoticias.com.br\/index.php\/2025\/11\/12\/maduro-pede-prontidao-para-luta-armada-apos-chegada-de-porta-avioes-dos-eua\/","title":{"rendered":"Maduro pede \u201cprontid\u00e3o\u201d para luta armada ap\u00f3s chegada de porta-avi\u00f5es dos EUA"},"content":{"rendered":"\n<p><em><span class=\"has-inline-color has-black-color\">Nicol\u00e1s Maduro, ditador da Venezuela<\/span><\/em><\/p>\n\n\n\n<p><span class=\"has-inline-color has-black-color\">Por <strong><a href=\"https:\/\/www.gazetadopovo.com.br\/autor\/isabella-de-paula\/\">Isabella de Paula<\/a><\/strong><\/span><\/p>\n\n\n\n<div class=\"wp-block-image\"><figure class=\"aligncenter size-large\"><a href=\"https:\/\/mizu.com.br\/\"><img loading=\"lazy\" decoding=\"async\" width=\"729\" height=\"90\" src=\"https:\/\/jornalfatosenoticias.com.br\/wp-content\/uploads\/2020\/02\/Logo_Mizu.png\" alt=\"\" class=\"wp-image-1441\" srcset=\"https:\/\/jornalfatosenoticias.com.br\/wp-content\/uploads\/2020\/02\/Logo_Mizu.png 729w, https:\/\/jornalfatosenoticias.com.br\/wp-content\/uploads\/2020\/02\/Logo_Mizu-300x37.png 300w\" sizes=\"auto, (max-width: 729px) 100vw, 729px\" \/><\/a><\/figure><\/div>\n\n\n\n<p>O ditador da Venezuela, Nicol\u00e1s Maduro, ordenou na ter\u00e7a-feira (11) a cria\u00e7\u00e3o de comandos de defesa abrangentes \u2014 que reunir\u00e3o cidad\u00e3os, militares e funcion\u00e1rios p\u00fablicos \u2014 para estarem \u201cpreparados\u201d em caso de uma \u201cluta armada\u201d, em um contexto marcado pela amea\u00e7a crescente que, segundo o chavista, \u00e9 representada pelo destacamento militar dos Estados Unidos no Mar do Caribe, pr\u00f3ximo ao pa\u00eds.<br>O ditador emitiu a ordem ao assinar a \u201cLei do Comando para a Defesa Integral da Na\u00e7\u00e3o\u201d, aprovada na ter\u00e7a-feira pela Assembleia Nacional (AN, Parlamento), controlada pelo chavismo, que estabelece os objetivos, caracter\u00edsticas e fun\u00e7\u00f5es desses \u00f3rg\u00e3os.<\/p>\n\n\n\n<div class=\"wp-block-image\"><figure class=\"aligncenter size-large is-resized\"><a href=\"https:\/\/www.facebook.com\/postobkr\/?locale=pt_BR\"><img loading=\"lazy\" decoding=\"async\" src=\"https:\/\/jornalfatosenoticias.com.br\/wp-content\/uploads\/2023\/08\/BKR-1024x1021.jpg\" alt=\"\" class=\"wp-image-44494\" width=\"282\" height=\"281\" srcset=\"https:\/\/jornalfatosenoticias.com.br\/wp-content\/uploads\/2023\/08\/BKR-1024x1021.jpg 1024w, https:\/\/jornalfatosenoticias.com.br\/wp-content\/uploads\/2023\/08\/BKR-300x300.jpg 300w, https:\/\/jornalfatosenoticias.com.br\/wp-content\/uploads\/2023\/08\/BKR-150x150.jpg 150w, https:\/\/jornalfatosenoticias.com.br\/wp-content\/uploads\/2023\/08\/BKR-768x766.jpg 768w, https:\/\/jornalfatosenoticias.com.br\/wp-content\/uploads\/2023\/08\/BKR.jpg 1080w\" sizes=\"auto, (max-width: 282px) 100vw, 282px\" \/><\/a><\/figure><\/div>\n\n\n\n<blockquote class=\"wp-block-quote is-layout-flow wp-block-quote-is-layout-flow\"><p><span class=\"has-inline-color has-luminous-vivid-orange-color\">A ordem deve ser acionada para que os comandos de defesa abrangentes sejam estabelecidos, estruturados e comecem a funcionar para estarmos preparados, caso n\u00f3s, como rep\u00fablica, como povo, tenhamos que nos engajar em luta armada para defender este patrim\u00f4nio sagrado dos libertadores, para estarmos prontos para vencer, para triunfar, atrav\u00e9s do patriotismo e da coragem\u201d, declarou Maduro.<\/span><\/p><\/blockquote>\n\n\n\n<div class=\"wp-block-image\"><figure class=\"aligncenter size-large is-resized\"><a href=\"https:\/\/legisjuris.com.br\/\"><img loading=\"lazy\" decoding=\"async\" src=\"https:\/\/jornalfatosenoticias.com.br\/wp-content\/uploads\/2024\/09\/Legis-Juris-Consultoria_logo.jpg\" alt=\"\" class=\"wp-image-53915\" width=\"508\" height=\"213\" srcset=\"https:\/\/jornalfatosenoticias.com.br\/wp-content\/uploads\/2024\/09\/Legis-Juris-Consultoria_logo.jpg 969w, https:\/\/jornalfatosenoticias.com.br\/wp-content\/uploads\/2024\/09\/Legis-Juris-Consultoria_logo-300x126.jpg 300w, https:\/\/jornalfatosenoticias.com.br\/wp-content\/uploads\/2024\/09\/Legis-Juris-Consultoria_logo-768x322.jpg 768w\" sizes=\"auto, (max-width: 508px) 100vw, 508px\" \/><\/a><\/figure><\/div>\n\n\n\n<p>Em um evento no Pal\u00e1cio de Miraflores \u2014 sede do Poder Executivo em Caracas \u2014 transmitido pela emissora estatal Venezolana de Televisi\u00f3n (VTV), o l\u00edder do chavismo afirmou que, nestas \u00faltimas &#8220;quatorze semanas de loucura imperial criminosa&#8221; e &#8220;guerra psicol\u00f3gica permanente&#8221;, o pa\u00eds sul-americano &#8220;tomou medidas&#8221; nas esferas militar e institucional.<\/p>\n\n\n\n<div class=\"wp-block-image\"><figure class=\"aligncenter size-large is-resized\"><a href=\"https:\/\/www.instagram.com\/esteio.churrascaria\/\"><img loading=\"lazy\" decoding=\"async\" src=\"https:\/\/jornalfatosenoticias.com.br\/wp-content\/uploads\/2022\/02\/LOGO-ESTEIO-1024x730.png\" alt=\"\" class=\"wp-image-27942\" width=\"336\" height=\"239\" srcset=\"https:\/\/jornalfatosenoticias.com.br\/wp-content\/uploads\/2022\/02\/LOGO-ESTEIO-1024x730.png 1024w, https:\/\/jornalfatosenoticias.com.br\/wp-content\/uploads\/2022\/02\/LOGO-ESTEIO-300x214.png 300w, https:\/\/jornalfatosenoticias.com.br\/wp-content\/uploads\/2022\/02\/LOGO-ESTEIO-768x548.png 768w, https:\/\/jornalfatosenoticias.com.br\/wp-content\/uploads\/2022\/02\/LOGO-ESTEIO.png 1123w\" sizes=\"auto, (max-width: 336px) 100vw, 336px\" \/><\/a><\/figure><\/div>\n\n\n\n<p>Diante dessas amea\u00e7as, segundo Maduro, a capacidade das For\u00e7as Armadas Nacionais Bolivarianas (FANB) foi refor\u00e7ada para &#8220;qualquer cen\u00e1rio&#8221;, e &#8220;todo o pa\u00eds foi preparado, em perfeita fus\u00e3o popular-militar-policial&#8221;, com o objetivo, afirmou, de &#8220;estar pronto, disposto e preparado&#8221; para &#8220;passar da luta desarmada para a luta armada libertadora e vitoriosa&#8221;.<\/p>\n\n\n\n<div class=\"wp-block-image\"><figure class=\"aligncenter size-large is-resized\"><a href=\"https:\/\/www.controlsystems.com.br\/\"><img loading=\"lazy\" decoding=\"async\" src=\"https:\/\/jornalfatosenoticias.com.br\/wp-content\/uploads\/2020\/02\/CONTROL-CS.jpg\" alt=\"\" class=\"wp-image-44991\" width=\"274\" height=\"329\" srcset=\"https:\/\/jornalfatosenoticias.com.br\/wp-content\/uploads\/2020\/02\/CONTROL-CS.jpg 834w, https:\/\/jornalfatosenoticias.com.br\/wp-content\/uploads\/2020\/02\/CONTROL-CS-250x300.jpg 250w, https:\/\/jornalfatosenoticias.com.br\/wp-content\/uploads\/2020\/02\/CONTROL-CS-768x921.jpg 768w\" sizes=\"auto, (max-width: 274px) 100vw, 274px\" \/><\/a><\/figure><\/div>\n\n\n\n<p>Nesse processo, ele destacou que &#8220;mais de oito&#8221; milh\u00f5es de venezuelanos se alistaram na Mil\u00edcia, e que houve treinamentos para cidad\u00e3os sobre &#8220;t\u00e9cnicas militares&#8221; e opera\u00e7\u00f5es da FANB &#8220;estado por estado&#8221;. A nova lei, conforme lida durante o processo de discuss\u00e3o, indica que um comando integrado de defesa \u00e9 uma unidade vinculada ao Comando Operacional Estrat\u00e9gico das For\u00e7as Armadas (Ceofanb), cuja miss\u00e3o \u00e9 &#8220;integrar, planejar, coordenar, dirigir, supervisionar e exercer controle&#8221; dos chamados \u00d3rg\u00e3os da Diretoria de Defesa Integrada (ODDI).<\/p>\n\n\n\n<div class=\"wp-block-image\"><figure class=\"aligncenter size-large is-resized\"><a href=\"https:\/\/hotelmarquetti.com.br\/\"><img loading=\"lazy\" decoding=\"async\" src=\"https:\/\/jornalfatosenoticias.com.br\/wp-content\/uploads\/2020\/02\/LOGO-MQ-1024x680.jpg\" alt=\"\" class=\"wp-image-58299\" width=\"316\" height=\"210\" srcset=\"https:\/\/jornalfatosenoticias.com.br\/wp-content\/uploads\/2020\/02\/LOGO-MQ-1024x680.jpg 1024w, https:\/\/jornalfatosenoticias.com.br\/wp-content\/uploads\/2020\/02\/LOGO-MQ-300x199.jpg 300w, https:\/\/jornalfatosenoticias.com.br\/wp-content\/uploads\/2020\/02\/LOGO-MQ-768x510.jpg 768w, https:\/\/jornalfatosenoticias.com.br\/wp-content\/uploads\/2020\/02\/LOGO-MQ-1536x1020.jpg 1536w, https:\/\/jornalfatosenoticias.com.br\/wp-content\/uploads\/2020\/02\/LOGO-MQ-2048x1360.jpg 2048w\" sizes=\"auto, (max-width: 316px) 100vw, 316px\" \/><\/a><\/figure><\/div>\n\n\n\n<p>Entre suas atividades, consta &#8220;apoiar opera\u00e7\u00f5es militares&#8221;, bem como &#8220;garantir a continuidade das atividades produtivas e o funcionamento dos servi\u00e7os p\u00fablicos essenciais e da infraestrutura cr\u00edtica, uma vez decretada a mobiliza\u00e7\u00e3o&#8221;. O regime venezuelano anunciou na ter\u00e7a-feira um novo destacamento militar que inclui &#8220;recursos terrestres, a\u00e9reos, navais e fluviais&#8221;, bem como sistemas de armas e outros recursos para enfrentar o que considera &#8220;amea\u00e7as imperialistas&#8221;.<\/p>\n\n\n\n<div class=\"wp-block-image\"><figure class=\"aligncenter size-large is-resized\"><a href=\"https:\/\/www.facebook.com\/profile.php?id=100069289606145\"><img loading=\"lazy\" decoding=\"async\" src=\"https:\/\/jornalfatosenoticias.com.br\/wp-content\/uploads\/2024\/11\/Guaitolini-Contabilidade-1024x714.jpeg\" alt=\"\" class=\"wp-image-55808\" width=\"316\" height=\"220\" srcset=\"https:\/\/jornalfatosenoticias.com.br\/wp-content\/uploads\/2024\/11\/Guaitolini-Contabilidade-1024x714.jpeg 1024w, https:\/\/jornalfatosenoticias.com.br\/wp-content\/uploads\/2024\/11\/Guaitolini-Contabilidade-300x209.jpeg 300w, https:\/\/jornalfatosenoticias.com.br\/wp-content\/uploads\/2024\/11\/Guaitolini-Contabilidade-768x535.jpeg 768w, https:\/\/jornalfatosenoticias.com.br\/wp-content\/uploads\/2024\/11\/Guaitolini-Contabilidade.jpeg 1280w\" sizes=\"auto, (max-width: 316px) 100vw, 316px\" \/><\/a><\/figure><\/div>\n\n\n\n<p>Os Estados Unidos mant\u00eam uma presen\u00e7a militar no Caribe desde agosto, ostensivamente para combater o narcotr\u00e1fico, mas Caracas insiste que se trata de uma &#8220;amea\u00e7a&#8221; destinada a provocar uma &#8220;mudan\u00e7a de regime&#8221;. Segundo a Marinha dos EUA, <a href=\"https:\/\/www.gazetadopovo.com.br\/mundo\/eua-anunciam-chegada-maior-porta-avioes-do-mundo-america-latina\/\" target=\"_blank\" rel=\"noreferrer noopener\">o maior porta-avi\u00f5es do Pent\u00e1gono, o USS Gerald R. Ford<\/a>, e seu grupo de ataque \u2014 composto por mais de 4.000 marinheiros e dezenas de aeronaves t\u00e1ticas \u2014 chegaram \u00e0 Am\u00e9rica Latina nesta ter\u00e7a-feira.<\/p>\n\n\n\n<div class=\"wp-block-image\"><figure class=\"aligncenter size-large is-resized\"><a href=\"https:\/\/www.instagram.com\/gruposei\/\"><img loading=\"lazy\" decoding=\"async\" src=\"https:\/\/jornalfatosenoticias.com.br\/wp-content\/uploads\/2022\/07\/Logo-Grupo-SEI.jpg\" alt=\"\" class=\"wp-image-31973\" width=\"335\" height=\"176\" srcset=\"https:\/\/jornalfatosenoticias.com.br\/wp-content\/uploads\/2022\/07\/Logo-Grupo-SEI.jpg 713w, https:\/\/jornalfatosenoticias.com.br\/wp-content\/uploads\/2022\/07\/Logo-Grupo-SEI-300x158.jpg 300w\" sizes=\"auto, (max-width: 335px) 100vw, 335px\" \/><\/a><\/figure><\/div>\n\n\n\n<p><strong>Fonte: <a href=\"https:\/\/www.gazetadopovo.com.br\/mundo\/maduro-pede-prontidao-para-luta-armada-apos-chegada-porta-avioes-eua\/\">Gazeta do Povo<\/a><\/strong><\/p>\n","protected":false},"excerpt":{"rendered":"<p>Nicol\u00e1s Maduro, ditador da Venezuela Por Isabella de Paula O ditador da Venezuela, Nicol\u00e1s Maduro, ordenou na ter\u00e7a-feira (11) a cria\u00e7\u00e3o de comandos de defesa abrangentes \u2014 que reunir\u00e3o cidad\u00e3os, militares e funcion\u00e1rios p\u00fablicos \u2014 para estarem \u201cpreparados\u201d em caso de uma \u201cluta armada\u201d, em um contexto marcado pela amea\u00e7a crescente que, segundo o chavista, [&hellip;]<\/p>\n","protected":false},"author":2,"featured_media":63256,"comment_status":"open","ping_status":"open","sticky":false,"template":"","format":"standard","meta":{"footnotes":""},"categories":[41],"tags":[28872,260,510,1751,28875,28873,19097,28876,28874,8605],"class_list":["post-63255","post","type-post","status-publish","format-standard","has-post-thumbnail","hentry","category-internacional","tag-alerta-maximo","tag-america-latina","tag-caribe","tag-estados-unidos","tag-forcas-armadas-nacionais-bolivarianas","tag-marinha-dos-eua","tag-nicolas-maduro","tag-porta-avioes","tag-uss-gerald-r-ford","tag-venezuela"],"yoast_head":"<!-- This site is optimized with the Yoast SEO plugin v26.5 - https:\/\/yoast.com\/wordpress\/plugins\/seo\/ -->\n<title>Maduro pede \u201cprontid\u00e3o\u201d para luta armada ap\u00f3s chegada de porta-avi\u00f5es dos EUA - Jornal Fatos e Not\u00edcias<\/title>\n<meta name=\"robots\" content=\"index, follow, max-snippet:-1, max-image-preview:large, max-video-preview:-1\" \/>\n<link rel=\"canonical\" href=\"https:\/\/jornalfatosenoticias.com.br\/index.php\/2025\/11\/12\/maduro-pede-prontidao-para-luta-armada-apos-chegada-de-porta-avioes-dos-eua\/\" \/>\n<meta property=\"og:locale\" content=\"pt_BR\" \/>\n<meta property=\"og:type\" content=\"article\" \/>\n<meta property=\"og:title\" content=\"Maduro pede \u201cprontid\u00e3o\u201d para luta armada ap\u00f3s chegada de porta-avi\u00f5es dos EUA - Jornal Fatos e Not\u00edcias\" \/>\n<meta property=\"og:description\" content=\"Nicol\u00e1s Maduro, ditador da Venezuela Por Isabella de Paula O ditador da Venezuela, Nicol\u00e1s Maduro, ordenou na ter\u00e7a-feira (11) a cria\u00e7\u00e3o de comandos de defesa abrangentes \u2014 que reunir\u00e3o cidad\u00e3os, militares e funcion\u00e1rios p\u00fablicos \u2014 para estarem \u201cpreparados\u201d em caso de uma \u201cluta armada\u201d, em um contexto marcado pela amea\u00e7a crescente que, segundo o chavista, [&hellip;]\" \/>\n<meta property=\"og:url\" content=\"https:\/\/jornalfatosenoticias.com.br\/index.php\/2025\/11\/12\/maduro-pede-prontidao-para-luta-armada-apos-chegada-de-porta-avioes-dos-eua\/\" \/>\n<meta property=\"og:site_name\" content=\"Jornal Fatos e Not\u00edcias\" \/>\n<meta property=\"article:published_time\" content=\"2025-11-12T17:19:41+00:00\" \/>\n<meta property=\"article:modified_time\" content=\"2025-11-12T17:19:43+00:00\" \/>\n<meta property=\"og:image\" content=\"https:\/\/jornalfatosenoticias.com.br\/wp-content\/uploads\/2025\/11\/fruta-podre_gettyimages.jpg\" \/>\n\t<meta property=\"og:image:width\" content=\"612\" \/>\n\t<meta property=\"og:image:height\" content=\"408\" \/>\n\t<meta property=\"og:image:type\" content=\"image\/jpeg\" \/>\n<meta name=\"author\" content=\"Luzimara Fernandes\" \/>\n<meta name=\"twitter:card\" content=\"summary_large_image\" \/>\n<meta name=\"twitter:label1\" content=\"Escrito por\" \/>\n\t<meta name=\"twitter:data1\" content=\"Luzimara Fernandes\" \/>\n\t<meta name=\"twitter:label2\" content=\"Est. tempo de leitura\" \/>\n\t<meta name=\"twitter:data2\" content=\"3 minutos\" \/>\n<script type=\"application\/ld+json\" class=\"yoast-schema-graph\">{\"@context\":\"https:\/\/schema.org\",\"@graph\":[{\"@type\":\"Article\",\"@id\":\"https:\/\/jornalfatosenoticias.com.br\/index.php\/2025\/11\/12\/maduro-pede-prontidao-para-luta-armada-apos-chegada-de-porta-avioes-dos-eua\/#article\",\"isPartOf\":{\"@id\":\"https:\/\/jornalfatosenoticias.com.br\/index.php\/2025\/11\/12\/maduro-pede-prontidao-para-luta-armada-apos-chegada-de-porta-avioes-dos-eua\/\"},\"author\":{\"name\":\"Luzimara Fernandes\",\"@id\":\"https:\/\/jornalfatosenoticias.com.br\/#\/schema\/person\/d63837fa13ac8666eb9e74e0985d6f81\"},\"headline\":\"Maduro pede \u201cprontid\u00e3o\u201d para luta armada ap\u00f3s chegada de porta-avi\u00f5es dos EUA\",\"datePublished\":\"2025-11-12T17:19:41+00:00\",\"dateModified\":\"2025-11-12T17:19:43+00:00\",\"mainEntityOfPage\":{\"@id\":\"https:\/\/jornalfatosenoticias.com.br\/index.php\/2025\/11\/12\/maduro-pede-prontidao-para-luta-armada-apos-chegada-de-porta-avioes-dos-eua\/\"},\"wordCount\":546,\"commentCount\":0,\"publisher\":{\"@id\":\"https:\/\/jornalfatosenoticias.com.br\/#organization\"},\"image\":{\"@id\":\"https:\/\/jornalfatosenoticias.com.br\/index.php\/2025\/11\/12\/maduro-pede-prontidao-para-luta-armada-apos-chegada-de-porta-avioes-dos-eua\/#primaryimage\"},\"thumbnailUrl\":\"https:\/\/jornalfatosenoticias.com.br\/wp-content\/uploads\/2025\/11\/fruta-podre_gettyimages.jpg\",\"keywords\":[\"alerta m\u00e1ximo\",\"Am\u00e9rica latina\",\"Caribe\",\"Estados Unidos\",\"For\u00e7as Armadas Nacionais Bolivarianas\",\"Marinha dos EUA\",\"Nicol\u00e1s Maduro\",\"porta-avi\u00f5es\",\"USS Gerald R. Ford\",\"Venezuela\"],\"articleSection\":[\"Internacional\"],\"inLanguage\":\"pt-BR\",\"potentialAction\":[{\"@type\":\"CommentAction\",\"name\":\"Comment\",\"target\":[\"https:\/\/jornalfatosenoticias.com.br\/index.php\/2025\/11\/12\/maduro-pede-prontidao-para-luta-armada-apos-chegada-de-porta-avioes-dos-eua\/#respond\"]}]},{\"@type\":\"WebPage\",\"@id\":\"https:\/\/jornalfatosenoticias.com.br\/index.php\/2025\/11\/12\/maduro-pede-prontidao-para-luta-armada-apos-chegada-de-porta-avioes-dos-eua\/\",\"url\":\"https:\/\/jornalfatosenoticias.com.br\/index.php\/2025\/11\/12\/maduro-pede-prontidao-para-luta-armada-apos-chegada-de-porta-avioes-dos-eua\/\",\"name\":\"Maduro pede \u201cprontid\u00e3o\u201d para luta armada ap\u00f3s chegada de porta-avi\u00f5es dos EUA - Jornal Fatos e Not\u00edcias\",\"isPartOf\":{\"@id\":\"https:\/\/jornalfatosenoticias.com.br\/#website\"},\"primaryImageOfPage\":{\"@id\":\"https:\/\/jornalfatosenoticias.com.br\/index.php\/2025\/11\/12\/maduro-pede-prontidao-para-luta-armada-apos-chegada-de-porta-avioes-dos-eua\/#primaryimage\"},\"image\":{\"@id\":\"https:\/\/jornalfatosenoticias.com.br\/index.php\/2025\/11\/12\/maduro-pede-prontidao-para-luta-armada-apos-chegada-de-porta-avioes-dos-eua\/#primaryimage\"},\"thumbnailUrl\":\"https:\/\/jornalfatosenoticias.com.br\/wp-content\/uploads\/2025\/11\/fruta-podre_gettyimages.jpg\",\"datePublished\":\"2025-11-12T17:19:41+00:00\",\"dateModified\":\"2025-11-12T17:19:43+00:00\",\"breadcrumb\":{\"@id\":\"https:\/\/jornalfatosenoticias.com.br\/index.php\/2025\/11\/12\/maduro-pede-prontidao-para-luta-armada-apos-chegada-de-porta-avioes-dos-eua\/#breadcrumb\"},\"inLanguage\":\"pt-BR\",\"potentialAction\":[{\"@type\":\"ReadAction\",\"target\":[\"https:\/\/jornalfatosenoticias.com.br\/index.php\/2025\/11\/12\/maduro-pede-prontidao-para-luta-armada-apos-chegada-de-porta-avioes-dos-eua\/\"]}]},{\"@type\":\"ImageObject\",\"inLanguage\":\"pt-BR\",\"@id\":\"https:\/\/jornalfatosenoticias.com.br\/index.php\/2025\/11\/12\/maduro-pede-prontidao-para-luta-armada-apos-chegada-de-porta-avioes-dos-eua\/#primaryimage\",\"url\":\"https:\/\/jornalfatosenoticias.com.br\/wp-content\/uploads\/2025\/11\/fruta-podre_gettyimages.jpg\",\"contentUrl\":\"https:\/\/jornalfatosenoticias.com.br\/wp-content\/uploads\/2025\/11\/fruta-podre_gettyimages.jpg\",\"width\":612,\"height\":408,\"caption\":\"Venezuela's President Nicolas Maduro speaks during a press conference with international media at Hotel Eurobuilding in Caracas on September 15, 2025. (Photo by Federico PARRA \/ AFP) (Photo by FEDERICO PARRA\/AFP via Getty Images)\"},{\"@type\":\"BreadcrumbList\",\"@id\":\"https:\/\/jornalfatosenoticias.com.br\/index.php\/2025\/11\/12\/maduro-pede-prontidao-para-luta-armada-apos-chegada-de-porta-avioes-dos-eua\/#breadcrumb\",\"itemListElement\":[{\"@type\":\"ListItem\",\"position\":1,\"name\":\"In\u00edcio\",\"item\":\"https:\/\/jornalfatosenoticias.com.br\/\"},{\"@type\":\"ListItem\",\"position\":2,\"name\":\"Maduro pede \u201cprontid\u00e3o\u201d para luta armada ap\u00f3s chegada de porta-avi\u00f5es dos EUA\"}]},{\"@type\":\"WebSite\",\"@id\":\"https:\/\/jornalfatosenoticias.com.br\/#website\",\"url\":\"https:\/\/jornalfatosenoticias.com.br\/\",\"name\":\"Jornal Fatos e Not\u00edcias\",\"description\":\"Not\u00edcias em geral\",\"publisher\":{\"@id\":\"https:\/\/jornalfatosenoticias.com.br\/#organization\"},\"potentialAction\":[{\"@type\":\"SearchAction\",\"target\":{\"@type\":\"EntryPoint\",\"urlTemplate\":\"https:\/\/jornalfatosenoticias.com.br\/?s={search_term_string}\"},\"query-input\":{\"@type\":\"PropertyValueSpecification\",\"valueRequired\":true,\"valueName\":\"search_term_string\"}}],\"inLanguage\":\"pt-BR\"},{\"@type\":\"Organization\",\"@id\":\"https:\/\/jornalfatosenoticias.com.br\/#organization\",\"name\":\"Jornal Fatos e Not\u00edcias\",\"url\":\"https:\/\/jornalfatosenoticias.com.br\/\",\"logo\":{\"@type\":\"ImageObject\",\"inLanguage\":\"pt-BR\",\"@id\":\"https:\/\/jornalfatosenoticias.com.br\/#\/schema\/logo\/image\/\",\"url\":\"https:\/\/jornalfatosenoticias.com.br\/wp-content\/uploads\/2020\/02\/logo120.png\",\"contentUrl\":\"https:\/\/jornalfatosenoticias.com.br\/wp-content\/uploads\/2020\/02\/logo120.png\",\"width\":1227,\"height\":120,\"caption\":\"Jornal Fatos e Not\u00edcias\"},\"image\":{\"@id\":\"https:\/\/jornalfatosenoticias.com.br\/#\/schema\/logo\/image\/\"}},{\"@type\":\"Person\",\"@id\":\"https:\/\/jornalfatosenoticias.com.br\/#\/schema\/person\/d63837fa13ac8666eb9e74e0985d6f81\",\"name\":\"Luzimara Fernandes\",\"image\":{\"@type\":\"ImageObject\",\"inLanguage\":\"pt-BR\",\"@id\":\"https:\/\/jornalfatosenoticias.com.br\/#\/schema\/person\/image\/\",\"url\":\"https:\/\/jornalfatosenoticias.com.br\/wp-content\/uploads\/2025\/05\/EU_portal.jpg\",\"contentUrl\":\"https:\/\/jornalfatosenoticias.com.br\/wp-content\/uploads\/2025\/05\/EU_portal.jpg\",\"caption\":\"Luzimara Fernandes\"},\"description\":\"Jornalista MTB 2358-ES\",\"sameAs\":[\"https:\/\/jornalfatosenoticias.com.br\"],\"url\":\"https:\/\/jornalfatosenoticias.com.br\/index.php\/author\/luzimara\/\"}]}<\/script>\n<!-- \/ Yoast SEO plugin. -->","yoast_head_json":{"title":"Maduro pede \u201cprontid\u00e3o\u201d para luta armada ap\u00f3s chegada de porta-avi\u00f5es dos EUA - Jornal Fatos e Not\u00edcias","robots":{"index":"index","follow":"follow","max-snippet":"max-snippet:-1","max-image-preview":"max-image-preview:large","max-video-preview":"max-video-preview:-1"},"canonical":"https:\/\/jornalfatosenoticias.com.br\/index.php\/2025\/11\/12\/maduro-pede-prontidao-para-luta-armada-apos-chegada-de-porta-avioes-dos-eua\/","og_locale":"pt_BR","og_type":"article","og_title":"Maduro pede \u201cprontid\u00e3o\u201d para luta armada ap\u00f3s chegada de porta-avi\u00f5es dos EUA - Jornal Fatos e Not\u00edcias","og_description":"Nicol\u00e1s Maduro, ditador da Venezuela Por Isabella de Paula O ditador da Venezuela, Nicol\u00e1s Maduro, ordenou na ter\u00e7a-feira (11) a cria\u00e7\u00e3o de comandos de defesa abrangentes \u2014 que reunir\u00e3o cidad\u00e3os, militares e funcion\u00e1rios p\u00fablicos \u2014 para estarem \u201cpreparados\u201d em caso de uma \u201cluta armada\u201d, em um contexto marcado pela amea\u00e7a crescente que, segundo o chavista, [&hellip;]","og_url":"https:\/\/jornalfatosenoticias.com.br\/index.php\/2025\/11\/12\/maduro-pede-prontidao-para-luta-armada-apos-chegada-de-porta-avioes-dos-eua\/","og_site_name":"Jornal Fatos e Not\u00edcias","article_published_time":"2025-11-12T17:19:41+00:00","article_modified_time":"2025-11-12T17:19:43+00:00","og_image":[{"width":612,"height":408,"url":"https:\/\/jornalfatosenoticias.com.br\/wp-content\/uploads\/2025\/11\/fruta-podre_gettyimages.jpg","type":"image\/jpeg"}],"author":"Luzimara Fernandes","twitter_card":"summary_large_image","twitter_misc":{"Escrito por":"Luzimara Fernandes","Est. tempo de leitura":"3 minutos"},"schema":{"@context":"https:\/\/schema.org","@graph":[{"@type":"Article","@id":"https:\/\/jornalfatosenoticias.com.br\/index.php\/2025\/11\/12\/maduro-pede-prontidao-para-luta-armada-apos-chegada-de-porta-avioes-dos-eua\/#article","isPartOf":{"@id":"https:\/\/jornalfatosenoticias.com.br\/index.php\/2025\/11\/12\/maduro-pede-prontidao-para-luta-armada-apos-chegada-de-porta-avioes-dos-eua\/"},"author":{"name":"Luzimara Fernandes","@id":"https:\/\/jornalfatosenoticias.com.br\/#\/schema\/person\/d63837fa13ac8666eb9e74e0985d6f81"},"headline":"Maduro pede \u201cprontid\u00e3o\u201d para luta armada ap\u00f3s chegada de porta-avi\u00f5es dos EUA","datePublished":"2025-11-12T17:19:41+00:00","dateModified":"2025-11-12T17:19:43+00:00","mainEntityOfPage":{"@id":"https:\/\/jornalfatosenoticias.com.br\/index.php\/2025\/11\/12\/maduro-pede-prontidao-para-luta-armada-apos-chegada-de-porta-avioes-dos-eua\/"},"wordCount":546,"commentCount":0,"publisher":{"@id":"https:\/\/jornalfatosenoticias.com.br\/#organization"},"image":{"@id":"https:\/\/jornalfatosenoticias.com.br\/index.php\/2025\/11\/12\/maduro-pede-prontidao-para-luta-armada-apos-chegada-de-porta-avioes-dos-eua\/#primaryimage"},"thumbnailUrl":"https:\/\/jornalfatosenoticias.com.br\/wp-content\/uploads\/2025\/11\/fruta-podre_gettyimages.jpg","keywords":["alerta m\u00e1ximo","Am\u00e9rica latina","Caribe","Estados Unidos","For\u00e7as Armadas Nacionais Bolivarianas","Marinha dos EUA","Nicol\u00e1s Maduro","porta-avi\u00f5es","USS Gerald R. Ford","Venezuela"],"articleSection":["Internacional"],"inLanguage":"pt-BR","potentialAction":[{"@type":"CommentAction","name":"Comment","target":["https:\/\/jornalfatosenoticias.com.br\/index.php\/2025\/11\/12\/maduro-pede-prontidao-para-luta-armada-apos-chegada-de-porta-avioes-dos-eua\/#respond"]}]},{"@type":"WebPage","@id":"https:\/\/jornalfatosenoticias.com.br\/index.php\/2025\/11\/12\/maduro-pede-prontidao-para-luta-armada-apos-chegada-de-porta-avioes-dos-eua\/","url":"https:\/\/jornalfatosenoticias.com.br\/index.php\/2025\/11\/12\/maduro-pede-prontidao-para-luta-armada-apos-chegada-de-porta-avioes-dos-eua\/","name":"Maduro pede \u201cprontid\u00e3o\u201d para luta armada ap\u00f3s chegada de porta-avi\u00f5es dos EUA - Jornal Fatos e Not\u00edcias","isPartOf":{"@id":"https:\/\/jornalfatosenoticias.com.br\/#website"},"primaryImageOfPage":{"@id":"https:\/\/jornalfatosenoticias.com.br\/index.php\/2025\/11\/12\/maduro-pede-prontidao-para-luta-armada-apos-chegada-de-porta-avioes-dos-eua\/#primaryimage"},"image":{"@id":"https:\/\/jornalfatosenoticias.com.br\/index.php\/2025\/11\/12\/maduro-pede-prontidao-para-luta-armada-apos-chegada-de-porta-avioes-dos-eua\/#primaryimage"},"thumbnailUrl":"https:\/\/jornalfatosenoticias.com.br\/wp-content\/uploads\/2025\/11\/fruta-podre_gettyimages.jpg","datePublished":"2025-11-12T17:19:41+00:00","dateModified":"2025-11-12T17:19:43+00:00","breadcrumb":{"@id":"https:\/\/jornalfatosenoticias.com.br\/index.php\/2025\/11\/12\/maduro-pede-prontidao-para-luta-armada-apos-chegada-de-porta-avioes-dos-eua\/#breadcrumb"},"inLanguage":"pt-BR","potentialAction":[{"@type":"ReadAction","target":["https:\/\/jornalfatosenoticias.com.br\/index.php\/2025\/11\/12\/maduro-pede-prontidao-para-luta-armada-apos-chegada-de-porta-avioes-dos-eua\/"]}]},{"@type":"ImageObject","inLanguage":"pt-BR","@id":"https:\/\/jornalfatosenoticias.com.br\/index.php\/2025\/11\/12\/maduro-pede-prontidao-para-luta-armada-apos-chegada-de-porta-avioes-dos-eua\/#primaryimage","url":"https:\/\/jornalfatosenoticias.com.br\/wp-content\/uploads\/2025\/11\/fruta-podre_gettyimages.jpg","contentUrl":"https:\/\/jornalfatosenoticias.com.br\/wp-content\/uploads\/2025\/11\/fruta-podre_gettyimages.jpg","width":612,"height":408,"caption":"Venezuela's President Nicolas Maduro speaks during a press conference with international media at Hotel Eurobuilding in Caracas on September 15, 2025. (Photo by Federico PARRA \/ AFP) (Photo by FEDERICO PARRA\/AFP via Getty Images)"},{"@type":"BreadcrumbList","@id":"https:\/\/jornalfatosenoticias.com.br\/index.php\/2025\/11\/12\/maduro-pede-prontidao-para-luta-armada-apos-chegada-de-porta-avioes-dos-eua\/#breadcrumb","itemListElement":[{"@type":"ListItem","position":1,"name":"In\u00edcio","item":"https:\/\/jornalfatosenoticias.com.br\/"},{"@type":"ListItem","position":2,"name":"Maduro pede \u201cprontid\u00e3o\u201d para luta armada ap\u00f3s chegada de porta-avi\u00f5es dos EUA"}]},{"@type":"WebSite","@id":"https:\/\/jornalfatosenoticias.com.br\/#website","url":"https:\/\/jornalfatosenoticias.com.br\/","name":"Jornal Fatos e Not\u00edcias","description":"Not\u00edcias em geral","publisher":{"@id":"https:\/\/jornalfatosenoticias.com.br\/#organization"},"potentialAction":[{"@type":"SearchAction","target":{"@type":"EntryPoint","urlTemplate":"https:\/\/jornalfatosenoticias.com.br\/?s={search_term_string}"},"query-input":{"@type":"PropertyValueSpecification","valueRequired":true,"valueName":"search_term_string"}}],"inLanguage":"pt-BR"},{"@type":"Organization","@id":"https:\/\/jornalfatosenoticias.com.br\/#organization","name":"Jornal Fatos e Not\u00edcias","url":"https:\/\/jornalfatosenoticias.com.br\/","logo":{"@type":"ImageObject","inLanguage":"pt-BR","@id":"https:\/\/jornalfatosenoticias.com.br\/#\/schema\/logo\/image\/","url":"https:\/\/jornalfatosenoticias.com.br\/wp-content\/uploads\/2020\/02\/logo120.png","contentUrl":"https:\/\/jornalfatosenoticias.com.br\/wp-content\/uploads\/2020\/02\/logo120.png","width":1227,"height":120,"caption":"Jornal Fatos e Not\u00edcias"},"image":{"@id":"https:\/\/jornalfatosenoticias.com.br\/#\/schema\/logo\/image\/"}},{"@type":"Person","@id":"https:\/\/jornalfatosenoticias.com.br\/#\/schema\/person\/d63837fa13ac8666eb9e74e0985d6f81","name":"Luzimara Fernandes","image":{"@type":"ImageObject","inLanguage":"pt-BR","@id":"https:\/\/jornalfatosenoticias.com.br\/#\/schema\/person\/image\/","url":"https:\/\/jornalfatosenoticias.com.br\/wp-content\/uploads\/2025\/05\/EU_portal.jpg","contentUrl":"https:\/\/jornalfatosenoticias.com.br\/wp-content\/uploads\/2025\/05\/EU_portal.jpg","caption":"Luzimara Fernandes"},"description":"Jornalista MTB 2358-ES","sameAs":["https:\/\/jornalfatosenoticias.com.br"],"url":"https:\/\/jornalfatosenoticias.com.br\/index.php\/author\/luzimara\/"}]}},"cc_featured_image_caption":{"caption_text":"(Foto: Getty Images)  ","source_text":"","source_url":""},"jetpack_featured_media_url":"https:\/\/jornalfatosenoticias.com.br\/wp-content\/uploads\/2025\/11\/fruta-podre_gettyimages.jpg","_links":{"self":[{"href":"https:\/\/jornalfatosenoticias.com.br\/index.php\/wp-json\/wp\/v2\/posts\/63255","targetHints":{"allow":["GET"]}}],"collection":[{"href":"https:\/\/jornalfatosenoticias.com.br\/index.php\/wp-json\/wp\/v2\/posts"}],"about":[{"href":"https:\/\/jornalfatosenoticias.com.br\/index.php\/wp-json\/wp\/v2\/types\/post"}],"author":[{"embeddable":true,"href":"https:\/\/jornalfatosenoticias.com.br\/index.php\/wp-json\/wp\/v2\/users\/2"}],"replies":[{"embeddable":true,"href":"https:\/\/jornalfatosenoticias.com.br\/index.php\/wp-json\/wp\/v2\/comments?post=63255"}],"version-history":[{"count":0,"href":"https:\/\/jornalfatosenoticias.com.br\/index.php\/wp-json\/wp\/v2\/posts\/63255\/revisions"}],"wp:featuredmedia":[{"embeddable":true,"href":"https:\/\/jornalfatosenoticias.com.br\/index.php\/wp-json\/wp\/v2\/media\/63256"}],"wp:attachment":[{"href":"https:\/\/jornalfatosenoticias.com.br\/index.php\/wp-json\/wp\/v2\/media?parent=63255"}],"wp:term":[{"taxonomy":"category","embeddable":true,"href":"https:\/\/jornalfatosenoticias.com.br\/index.php\/wp-json\/wp\/v2\/categories?post=63255"},{"taxonomy":"post_tag","embeddable":true,"href":"https:\/\/jornalfatosenoticias.com.br\/index.php\/wp-json\/wp\/v2\/tags?post=63255"}],"curies":[{"name":"wp","href":"https:\/\/api.w.org\/{rel}","templated":true}]}}