{"id":63350,"date":"2025-11-17T13:23:40","date_gmt":"2025-11-17T16:23:40","guid":{"rendered":"https:\/\/jornalfatosenoticias.com.br\/?p=63350"},"modified":"2025-11-17T13:23:41","modified_gmt":"2025-11-17T16:23:41","slug":"avanco-do-cancer-no-brasil-pode-torna-lo-a-principal-causa-de-morte-ate-2029","status":"publish","type":"post","link":"https:\/\/jornalfatosenoticias.com.br\/index.php\/2025\/11\/17\/avanco-do-cancer-no-brasil-pode-torna-lo-a-principal-causa-de-morte-ate-2029\/","title":{"rendered":"Avan\u00e7o do c\u00e2ncer no Brasil pode torn\u00e1-lo a principal causa de morte at\u00e9 2029"},"content":{"rendered":"\n<p><em><span class=\"has-inline-color has-black-color\">Observat\u00f3rio de Oncologia alerta que o c\u00e2ncer j\u00e1 domina registros de morte em 12% das cidades brasileiras<\/span><\/em><\/p>\n\n\n\n<p><span class=\"has-inline-color has-black-color\">Por <strong><a href=\"https:\/\/olhardigital.com.br\/author\/mauricio-thomaz\/\">Maur\u00edcio Thomaz<\/a><\/strong><\/span><\/p>\n\n\n\n<div class=\"wp-block-image\"><figure class=\"aligncenter size-large is-resized\"><a href=\"https:\/\/www.facebook.com\/vetor.vix\/\"><img loading=\"lazy\" decoding=\"async\" src=\"https:\/\/jornalfatosenoticias.com.br\/wp-content\/uploads\/2023\/09\/vetorvix1024_1.jpg\" alt=\"\" class=\"wp-image-44868\" width=\"543\" height=\"144\" srcset=\"https:\/\/jornalfatosenoticias.com.br\/wp-content\/uploads\/2023\/09\/vetorvix1024_1.jpg 1024w, https:\/\/jornalfatosenoticias.com.br\/wp-content\/uploads\/2023\/09\/vetorvix1024_1-300x80.jpg 300w, https:\/\/jornalfatosenoticias.com.br\/wp-content\/uploads\/2023\/09\/vetorvix1024_1-768x205.jpg 768w\" sizes=\"auto, (max-width: 543px) 100vw, 543px\" \/><\/a><\/figure><\/div>\n\n\n\n<p>O <a href=\"https:\/\/olhardigital.com.br\/tag\/cancer\/\" target=\"_blank\" rel=\"noreferrer noopener\"><strong>c\u00e2ncer<\/strong><\/a>\u00a0j\u00e1 superou as\u00a0<a href=\"https:\/\/olhardigital.com.br\/tag\/doencas-cardiovasculares\/\" target=\"_blank\" rel=\"noreferrer noopener\"><strong>doen\u00e7as cardiovasculares<\/strong><\/a>\u00a0como principal causa de\u00a0<a href=\"https:\/\/olhardigital.com.br\/tag\/morte\/\" target=\"_blank\" rel=\"noreferrer noopener\"><strong>morte<\/strong><\/a>\u00a0em 670 munic\u00edpios brasileiros, de acordo com levantamento do Observat\u00f3rio de Oncologia apresentado no F\u00f3rum Big Data em Oncologia e divulgado pelo\u00a0<a href=\"https:\/\/g1.globo.com\/saude\/noticia\/2025\/11\/05\/cancer-e-a-principal-causa-de-morte-em-670-cidades-do-brasil-e-pode-liderar-o-ranking-ate-2029-diz-observatorio.ghtml\" target=\"_blank\" rel=\"noreferrer noopener\"><em><strong>G1<\/strong><\/em><\/a>. O n\u00famero representa 12% das cidades do pa\u00eds e indica um aumento de 30% em oito anos. Se a tend\u00eancia continuar, o c\u00e2ncer pode se tornar, at\u00e9 2029, a principal causa de morte no Brasil.<br>O estudo analisou 26 anos de registros do Minist\u00e9rio da Sa\u00fade e aponta que as mortes por tumores cresceram 120% desde 1998, ritmo mais que o dobro do aumento observado nas doen\u00e7as cardiovasculares (51%). O avan\u00e7o reflete tanto o envelhecimento da popula\u00e7\u00e3o quanto desigualdades regionais no acesso a diagn\u00f3stico e tratamento.<\/p>\n\n\n\n<div class=\"wp-block-image\"><figure class=\"aligncenter size-large is-resized\"><a href=\"https:\/\/www.instagram.com\/esteio.churrascaria\/\"><img loading=\"lazy\" decoding=\"async\" src=\"https:\/\/jornalfatosenoticias.com.br\/wp-content\/uploads\/2022\/02\/LOGO-ESTEIO-1024x730.png\" alt=\"\" class=\"wp-image-27942\" width=\"333\" height=\"237\" srcset=\"https:\/\/jornalfatosenoticias.com.br\/wp-content\/uploads\/2022\/02\/LOGO-ESTEIO-1024x730.png 1024w, https:\/\/jornalfatosenoticias.com.br\/wp-content\/uploads\/2022\/02\/LOGO-ESTEIO-300x214.png 300w, https:\/\/jornalfatosenoticias.com.br\/wp-content\/uploads\/2022\/02\/LOGO-ESTEIO-768x548.png 768w, https:\/\/jornalfatosenoticias.com.br\/wp-content\/uploads\/2022\/02\/LOGO-ESTEIO.png 1123w\" sizes=\"auto, (max-width: 333px) 100vw, 333px\" \/><\/a><\/figure><\/div>\n\n\n\n<p>O levantamento mostra que o Sul \u00e9 o epicentro do avan\u00e7o da doen\u00e7a. Dos 670 munic\u00edpios onde o c\u00e2ncer j\u00e1 lidera as causas de morte, 310 est\u00e3o concentrados na regi\u00e3o, o equivalente a quase metade do total. O Rio Grande do Sul aparece em primeiro lugar, com 168 cidades nessa condi\u00e7\u00e3o, e 22% das mortes atribu\u00eddas a tumores \u2014 \u00edndice superior \u00e0 m\u00e9dia nacional, de 17%.<\/p>\n\n\n\n<div class=\"wp-block-image\"><figure class=\"aligncenter size-large is-resized\"><a href=\"https:\/\/www.instagram.com\/serra4x4cambioautomatico\/\"><img loading=\"lazy\" decoding=\"async\" src=\"https:\/\/jornalfatosenoticias.com.br\/wp-content\/uploads\/2024\/08\/Serra-4x4-1-886x1024.jpg\" alt=\"\" class=\"wp-image-53632\" width=\"245\" height=\"283\" srcset=\"https:\/\/jornalfatosenoticias.com.br\/wp-content\/uploads\/2024\/08\/Serra-4x4-1-886x1024.jpg 886w, https:\/\/jornalfatosenoticias.com.br\/wp-content\/uploads\/2024\/08\/Serra-4x4-1-260x300.jpg 260w, https:\/\/jornalfatosenoticias.com.br\/wp-content\/uploads\/2024\/08\/Serra-4x4-1-768x888.jpg 768w, https:\/\/jornalfatosenoticias.com.br\/wp-content\/uploads\/2024\/08\/Serra-4x4-1.jpg 1181w\" sizes=\"auto, (max-width: 245px) 100vw, 245px\" \/><\/a><\/figure><\/div>\n\n\n\n<p>Entre os fatores que explicam esse cen\u00e1rio est\u00e3o a maior expectativa de vida, o melhor registro de diagn\u00f3sticos e condi\u00e7\u00f5es ambientais espec\u00edficas, como o uso de agrot\u00f3xicos e a predomin\u00e2ncia de caracter\u00edsticas gen\u00e9ticas mais suscet\u00edveis a certos tipos de c\u00e2ncer, como o de pele. O estudo aponta ainda que boa parte das cidades afetadas tem menos de 25 mil habitantes. Isso mostra que o c\u00e2ncer deixou de ser um problema restrito \u00e0s capitais e vem se tornando cada vez mais comum em munic\u00edpios menores, onde faltam estrutura de atendimento e acesso a exames preventivos.<\/p>\n\n\n\n<div class=\"wp-block-image\"><figure class=\"aligncenter size-large is-resized\"><a href=\"https:\/\/legisjuris.com.br\/\"><img loading=\"lazy\" decoding=\"async\" src=\"https:\/\/jornalfatosenoticias.com.br\/wp-content\/uploads\/2024\/09\/Legis-Juris-Consultoria_logo.jpg\" alt=\"\" class=\"wp-image-53915\" width=\"511\" height=\"214\" srcset=\"https:\/\/jornalfatosenoticias.com.br\/wp-content\/uploads\/2024\/09\/Legis-Juris-Consultoria_logo.jpg 969w, https:\/\/jornalfatosenoticias.com.br\/wp-content\/uploads\/2024\/09\/Legis-Juris-Consultoria_logo-300x126.jpg 300w, https:\/\/jornalfatosenoticias.com.br\/wp-content\/uploads\/2024\/09\/Legis-Juris-Consultoria_logo-768x322.jpg 768w\" sizes=\"auto, (max-width: 511px) 100vw, 511px\" \/><\/a><\/figure><\/div>\n\n\n\n<p>A pesquisa indica que quase metade das cidades com maior n\u00famero de mortes por c\u00e2ncer est\u00e1 em \u00e1reas de pequeno porte, onde o diagn\u00f3stico \u00e9 mais tardio e o in\u00edcio do tratamento costuma demorar. Essa realidade exp\u00f5e as defici\u00eancias do sistema de sa\u00fade em regi\u00f5es distantes dos grandes centros. Essas limita\u00e7\u00f5es reduzem as chances de cura e ampliam as desigualdades regionais, especialmente entre o Sul e o Sudeste, onde h\u00e1 mais infraestrutura, e o Norte e Nordeste, onde o acesso a servi\u00e7os de sa\u00fade \u00e9 mais prec\u00e1rio.<\/p>\n\n\n\n<div class=\"wp-block-image\"><figure class=\"aligncenter size-large\"><img loading=\"lazy\" decoding=\"async\" width=\"1000\" height=\"666\" src=\"https:\/\/jornalfatosenoticias.com.br\/wp-content\/uploads\/2025\/11\/cancer-no-Brasil_ChatGPT.png\" alt=\"\" class=\"wp-image-63351\" srcset=\"https:\/\/jornalfatosenoticias.com.br\/wp-content\/uploads\/2025\/11\/cancer-no-Brasil_ChatGPT.png 1000w, https:\/\/jornalfatosenoticias.com.br\/wp-content\/uploads\/2025\/11\/cancer-no-Brasil_ChatGPT-300x200.png 300w, https:\/\/jornalfatosenoticias.com.br\/wp-content\/uploads\/2025\/11\/cancer-no-Brasil_ChatGPT-768x511.png 768w\" sizes=\"auto, (max-width: 1000px) 100vw, 1000px\" \/><figcaption><em><span class=\"has-inline-color has-black-color\">Escassez de centros de tratamento oncol\u00f3gico em cidades do interior \u00e9 um dos desafios do sistema p\u00fablico de sa\u00fade (Foto: Gerada por IA)<\/span><\/em><\/figcaption><\/figure><\/div>\n\n\n\n<p><strong><span class=\"has-inline-color has-black-color\">Os principais entraves enfrentados nessas localidades incluem:<br><\/span>\u2022<\/strong> Escassez de centros de tratamento oncol\u00f3gico;<br><strong>\u2022<\/strong> Longas dist\u00e2ncias at\u00e9 hospitais com radioterapia e cirurgia especializada;<br><strong>\u2022<\/strong> Demora no diagn\u00f3stico e na confirma\u00e7\u00e3o do tipo de tumor;<br><strong>\u2022<\/strong> Dificuldade de cumprir a Lei dos 60 dias, que garante in\u00edcio do tratamento em at\u00e9 dois meses ap\u00f3s o diagn\u00f3stico.<\/p>\n\n\n\n<div class=\"wp-block-image\"><figure class=\"aligncenter size-large is-resized\"><a href=\"https:\/\/www.instagram.com\/rcradiadores\/\"><img loading=\"lazy\" decoding=\"async\" src=\"https:\/\/jornalfatosenoticias.com.br\/wp-content\/uploads\/2022\/10\/RC_800x750_page-0001.jpg\" alt=\"\" class=\"wp-image-35338\" width=\"313\" height=\"294\" srcset=\"https:\/\/jornalfatosenoticias.com.br\/wp-content\/uploads\/2022\/10\/RC_800x750_page-0001.jpg 400w, https:\/\/jornalfatosenoticias.com.br\/wp-content\/uploads\/2022\/10\/RC_800x750_page-0001-300x281.jpg 300w\" sizes=\"auto, (max-width: 313px) 100vw, 313px\" \/><\/a><\/figure><\/div>\n\n\n\n<p><strong><span class=\"has-inline-color has-black-color\">Envelhecimento e desigualdade intensificam a crise oncol\u00f3gica<br><\/span><\/strong>Segundo o Observat\u00f3rio de Oncologia, 77% das mortes por c\u00e2ncer no Brasil ocorrem em pessoas com mais de 60 anos, e 56% s\u00e3o entre homens. Os tipos mais letais continuam sendo pulm\u00e3o, mama e pr\u00f3stata. O envelhecimento da popula\u00e7\u00e3o \u00e9 um dos principais fatores que explicam o aumento dos casos, j\u00e1 que o c\u00e2ncer \u00e9 uma doen\u00e7a associada \u00e0 degenera\u00e7\u00e3o celular com o passar do tempo. Al\u00e9m disso, os homens ainda realizam menos exames preventivos, o que agrava o quadro.<\/p>\n\n\n\n<div class=\"wp-block-image\"><figure class=\"aligncenter size-large is-resized\"><a href=\"https:\/\/www.instagram.com\/restaurantepegoretti\/\"><img loading=\"lazy\" decoding=\"async\" src=\"https:\/\/jornalfatosenoticias.com.br\/wp-content\/uploads\/2023\/12\/pegoretti-logo-pdf-1024x389.jpg\" alt=\"\" class=\"wp-image-47536\" width=\"504\" height=\"191\" srcset=\"https:\/\/jornalfatosenoticias.com.br\/wp-content\/uploads\/2023\/12\/pegoretti-logo-pdf-1024x389.jpg 1024w, https:\/\/jornalfatosenoticias.com.br\/wp-content\/uploads\/2023\/12\/pegoretti-logo-pdf-300x114.jpg 300w, https:\/\/jornalfatosenoticias.com.br\/wp-content\/uploads\/2023\/12\/pegoretti-logo-pdf-768x291.jpg 768w, https:\/\/jornalfatosenoticias.com.br\/wp-content\/uploads\/2023\/12\/pegoretti-logo-pdf.jpg 1120w\" sizes=\"auto, (max-width: 504px) 100vw, 504px\" \/><\/a><\/figure><\/div>\n\n\n\n<p>A desigualdade regional tamb\u00e9m \u00e9 determinante. No Norte e Nordeste, o c\u00e2ncer de colo do \u00fatero (evit\u00e1vel com vacina\u00e7\u00e3o e exames preventivos) continua sendo o que mais mata mulheres. A falta de acesso a exames como o Papanicolau e \u00e0 vacina contra o HPV refor\u00e7a o impacto das diferen\u00e7as socioecon\u00f4micas no avan\u00e7o da doen\u00e7a.<\/p>\n\n\n\n<div class=\"wp-block-image\"><figure class=\"aligncenter size-large is-resized\"><a href=\"https:\/\/www.facebook.com\/profile.php?id=100069289606145\"><img loading=\"lazy\" decoding=\"async\" src=\"https:\/\/jornalfatosenoticias.com.br\/wp-content\/uploads\/2024\/11\/Guaitolini-Contabilidade-1024x714.jpeg\" alt=\"\" class=\"wp-image-55808\" width=\"311\" height=\"217\" srcset=\"https:\/\/jornalfatosenoticias.com.br\/wp-content\/uploads\/2024\/11\/Guaitolini-Contabilidade-1024x714.jpeg 1024w, https:\/\/jornalfatosenoticias.com.br\/wp-content\/uploads\/2024\/11\/Guaitolini-Contabilidade-300x209.jpeg 300w, https:\/\/jornalfatosenoticias.com.br\/wp-content\/uploads\/2024\/11\/Guaitolini-Contabilidade-768x535.jpeg 768w, https:\/\/jornalfatosenoticias.com.br\/wp-content\/uploads\/2024\/11\/Guaitolini-Contabilidade.jpeg 1280w\" sizes=\"auto, (max-width: 311px) 100vw, 311px\" \/><\/a><\/figure><\/div>\n\n\n\n<p>Mesmo com leis que estabelecem prazos para o in\u00edcio do tratamento, muitos pacientes enfrentam longas esperas no Sistema \u00danico de Sa\u00fade. Quando o tratamento come\u00e7a, o tumor j\u00e1 est\u00e1 em est\u00e1gio avan\u00e7ado, o que reduz as chances de cura. O estudo conclui que o c\u00e2ncer j\u00e1 representa uma mudan\u00e7a profunda no perfil de mortalidade do Brasil. Com o envelhecimento populacional e a desigualdade no acesso \u00e0 sa\u00fade, o pa\u00eds se aproxima de uma virada epidemiol\u00f3gica que exige novas pol\u00edticas p\u00fablicas e investimentos estruturais.<\/p>\n\n\n\n<div class=\"wp-block-image\"><figure class=\"aligncenter size-large is-resized\"><a href=\"https:\/\/www.ithbrasil.com.br\/\"><img loading=\"lazy\" decoding=\"async\" src=\"https:\/\/jornalfatosenoticias.com.br\/wp-content\/uploads\/2023\/08\/ITH.jpeg\" alt=\"\" class=\"wp-image-44638\" width=\"281\" height=\"228\" srcset=\"https:\/\/jornalfatosenoticias.com.br\/wp-content\/uploads\/2023\/08\/ITH.jpeg 800w, https:\/\/jornalfatosenoticias.com.br\/wp-content\/uploads\/2023\/08\/ITH-300x244.jpeg 300w, https:\/\/jornalfatosenoticias.com.br\/wp-content\/uploads\/2023\/08\/ITH-768x624.jpeg 768w\" sizes=\"auto, (max-width: 281px) 100vw, 281px\" \/><\/a><\/figure><\/div>\n\n\n\n<p><strong>Fonte: <a href=\"https:\/\/olhardigital.com.br\/2025\/11\/06\/medicina-e-saude\/avanco-do-cancer-no-brasil-pode-torna-lo-a-principal-causa-de-morte-ate-2029\/\">Olhar Digital<\/a><\/strong><\/p>\n","protected":false},"excerpt":{"rendered":"<p>Observat\u00f3rio de Oncologia alerta que o c\u00e2ncer j\u00e1 domina registros de morte em 12% das cidades brasileiras Por Maur\u00edcio Thomaz O c\u00e2ncer\u00a0j\u00e1 superou as\u00a0doen\u00e7as cardiovasculares\u00a0como principal causa de\u00a0morte\u00a0em 670 munic\u00edpios brasileiros, de acordo com levantamento do Observat\u00f3rio de Oncologia apresentado no F\u00f3rum Big Data em Oncologia e divulgado pelo\u00a0G1. O n\u00famero representa 12% das cidades [&hellip;]<\/p>\n","protected":false},"author":2,"featured_media":63352,"comment_status":"open","ping_status":"open","sticky":false,"template":"","format":"standard","meta":{"footnotes":""},"categories":[11],"tags":[642,2617,447,771],"class_list":["post-63350","post","type-post","status-publish","format-standard","has-post-thumbnail","hentry","category-saude","tag-cancer","tag-doencas-cardiovasculares","tag-ministerio-da-saude","tag-morte"],"yoast_head":"<!-- This site is optimized with the Yoast SEO plugin v26.5 - https:\/\/yoast.com\/wordpress\/plugins\/seo\/ -->\n<title>Avan\u00e7o do c\u00e2ncer no Brasil pode torn\u00e1-lo a principal causa de morte at\u00e9 2029 - Jornal Fatos e Not\u00edcias<\/title>\n<meta name=\"robots\" content=\"index, follow, max-snippet:-1, max-image-preview:large, max-video-preview:-1\" \/>\n<link rel=\"canonical\" href=\"https:\/\/jornalfatosenoticias.com.br\/index.php\/2025\/11\/17\/avanco-do-cancer-no-brasil-pode-torna-lo-a-principal-causa-de-morte-ate-2029\/\" \/>\n<meta property=\"og:locale\" content=\"pt_BR\" \/>\n<meta property=\"og:type\" content=\"article\" \/>\n<meta property=\"og:title\" content=\"Avan\u00e7o do c\u00e2ncer no Brasil pode torn\u00e1-lo a principal causa de morte at\u00e9 2029 - Jornal Fatos e Not\u00edcias\" \/>\n<meta property=\"og:description\" content=\"Observat\u00f3rio de Oncologia alerta que o c\u00e2ncer j\u00e1 domina registros de morte em 12% das cidades brasileiras Por Maur\u00edcio Thomaz O c\u00e2ncer\u00a0j\u00e1 superou as\u00a0doen\u00e7as cardiovasculares\u00a0como principal causa de\u00a0morte\u00a0em 670 munic\u00edpios brasileiros, de acordo com levantamento do Observat\u00f3rio de Oncologia apresentado no F\u00f3rum Big Data em Oncologia e divulgado pelo\u00a0G1. O n\u00famero representa 12% das cidades [&hellip;]\" \/>\n<meta property=\"og:url\" content=\"https:\/\/jornalfatosenoticias.com.br\/index.php\/2025\/11\/17\/avanco-do-cancer-no-brasil-pode-torna-lo-a-principal-causa-de-morte-ate-2029\/\" \/>\n<meta property=\"og:site_name\" content=\"Jornal Fatos e Not\u00edcias\" \/>\n<meta property=\"article:published_time\" content=\"2025-11-17T16:23:40+00:00\" \/>\n<meta property=\"article:modified_time\" content=\"2025-11-17T16:23:41+00:00\" \/>\n<meta property=\"og:image\" content=\"https:\/\/jornalfatosenoticias.com.br\/wp-content\/uploads\/2025\/11\/cancer_istock.jpg\" \/>\n\t<meta property=\"og:image:width\" content=\"612\" \/>\n\t<meta property=\"og:image:height\" content=\"331\" \/>\n\t<meta property=\"og:image:type\" content=\"image\/jpeg\" \/>\n<meta name=\"author\" content=\"Luzimara Fernandes\" \/>\n<meta name=\"twitter:card\" content=\"summary_large_image\" \/>\n<meta name=\"twitter:label1\" content=\"Escrito por\" \/>\n\t<meta name=\"twitter:data1\" content=\"Luzimara Fernandes\" \/>\n\t<meta name=\"twitter:label2\" content=\"Est. tempo de leitura\" \/>\n\t<meta name=\"twitter:data2\" content=\"4 minutos\" \/>\n<script type=\"application\/ld+json\" class=\"yoast-schema-graph\">{\"@context\":\"https:\/\/schema.org\",\"@graph\":[{\"@type\":\"Article\",\"@id\":\"https:\/\/jornalfatosenoticias.com.br\/index.php\/2025\/11\/17\/avanco-do-cancer-no-brasil-pode-torna-lo-a-principal-causa-de-morte-ate-2029\/#article\",\"isPartOf\":{\"@id\":\"https:\/\/jornalfatosenoticias.com.br\/index.php\/2025\/11\/17\/avanco-do-cancer-no-brasil-pode-torna-lo-a-principal-causa-de-morte-ate-2029\/\"},\"author\":{\"name\":\"Luzimara Fernandes\",\"@id\":\"https:\/\/jornalfatosenoticias.com.br\/#\/schema\/person\/d63837fa13ac8666eb9e74e0985d6f81\"},\"headline\":\"Avan\u00e7o do c\u00e2ncer no Brasil pode torn\u00e1-lo a principal causa de morte at\u00e9 2029\",\"datePublished\":\"2025-11-17T16:23:40+00:00\",\"dateModified\":\"2025-11-17T16:23:41+00:00\",\"mainEntityOfPage\":{\"@id\":\"https:\/\/jornalfatosenoticias.com.br\/index.php\/2025\/11\/17\/avanco-do-cancer-no-brasil-pode-torna-lo-a-principal-causa-de-morte-ate-2029\/\"},\"wordCount\":769,\"commentCount\":0,\"publisher\":{\"@id\":\"https:\/\/jornalfatosenoticias.com.br\/#organization\"},\"image\":{\"@id\":\"https:\/\/jornalfatosenoticias.com.br\/index.php\/2025\/11\/17\/avanco-do-cancer-no-brasil-pode-torna-lo-a-principal-causa-de-morte-ate-2029\/#primaryimage\"},\"thumbnailUrl\":\"https:\/\/jornalfatosenoticias.com.br\/wp-content\/uploads\/2025\/11\/cancer_istock.jpg\",\"keywords\":[\"c\u00e2ncer\",\"doen\u00e7as cardiovasculares\",\"Minist\u00e9rio da Sa\u00fade\",\"morte\"],\"articleSection\":[\"Sa\u00fade\"],\"inLanguage\":\"pt-BR\",\"potentialAction\":[{\"@type\":\"CommentAction\",\"name\":\"Comment\",\"target\":[\"https:\/\/jornalfatosenoticias.com.br\/index.php\/2025\/11\/17\/avanco-do-cancer-no-brasil-pode-torna-lo-a-principal-causa-de-morte-ate-2029\/#respond\"]}]},{\"@type\":\"WebPage\",\"@id\":\"https:\/\/jornalfatosenoticias.com.br\/index.php\/2025\/11\/17\/avanco-do-cancer-no-brasil-pode-torna-lo-a-principal-causa-de-morte-ate-2029\/\",\"url\":\"https:\/\/jornalfatosenoticias.com.br\/index.php\/2025\/11\/17\/avanco-do-cancer-no-brasil-pode-torna-lo-a-principal-causa-de-morte-ate-2029\/\",\"name\":\"Avan\u00e7o do c\u00e2ncer no Brasil pode torn\u00e1-lo a principal causa de morte at\u00e9 2029 - Jornal Fatos e Not\u00edcias\",\"isPartOf\":{\"@id\":\"https:\/\/jornalfatosenoticias.com.br\/#website\"},\"primaryImageOfPage\":{\"@id\":\"https:\/\/jornalfatosenoticias.com.br\/index.php\/2025\/11\/17\/avanco-do-cancer-no-brasil-pode-torna-lo-a-principal-causa-de-morte-ate-2029\/#primaryimage\"},\"image\":{\"@id\":\"https:\/\/jornalfatosenoticias.com.br\/index.php\/2025\/11\/17\/avanco-do-cancer-no-brasil-pode-torna-lo-a-principal-causa-de-morte-ate-2029\/#primaryimage\"},\"thumbnailUrl\":\"https:\/\/jornalfatosenoticias.com.br\/wp-content\/uploads\/2025\/11\/cancer_istock.jpg\",\"datePublished\":\"2025-11-17T16:23:40+00:00\",\"dateModified\":\"2025-11-17T16:23:41+00:00\",\"breadcrumb\":{\"@id\":\"https:\/\/jornalfatosenoticias.com.br\/index.php\/2025\/11\/17\/avanco-do-cancer-no-brasil-pode-torna-lo-a-principal-causa-de-morte-ate-2029\/#breadcrumb\"},\"inLanguage\":\"pt-BR\",\"potentialAction\":[{\"@type\":\"ReadAction\",\"target\":[\"https:\/\/jornalfatosenoticias.com.br\/index.php\/2025\/11\/17\/avanco-do-cancer-no-brasil-pode-torna-lo-a-principal-causa-de-morte-ate-2029\/\"]}]},{\"@type\":\"ImageObject\",\"inLanguage\":\"pt-BR\",\"@id\":\"https:\/\/jornalfatosenoticias.com.br\/index.php\/2025\/11\/17\/avanco-do-cancer-no-brasil-pode-torna-lo-a-principal-causa-de-morte-ate-2029\/#primaryimage\",\"url\":\"https:\/\/jornalfatosenoticias.com.br\/wp-content\/uploads\/2025\/11\/cancer_istock.jpg\",\"contentUrl\":\"https:\/\/jornalfatosenoticias.com.br\/wp-content\/uploads\/2025\/11\/cancer_istock.jpg\",\"width\":612,\"height\":331,\"caption\":\"Lymphocytes, immune cells, white blood cells. Adaptive immune system, showcasing T-cells, B-cells, NK cells. Human lymphocytes combating infections. Medical 3D blood structure scientific illustration\"},{\"@type\":\"BreadcrumbList\",\"@id\":\"https:\/\/jornalfatosenoticias.com.br\/index.php\/2025\/11\/17\/avanco-do-cancer-no-brasil-pode-torna-lo-a-principal-causa-de-morte-ate-2029\/#breadcrumb\",\"itemListElement\":[{\"@type\":\"ListItem\",\"position\":1,\"name\":\"In\u00edcio\",\"item\":\"https:\/\/jornalfatosenoticias.com.br\/\"},{\"@type\":\"ListItem\",\"position\":2,\"name\":\"Avan\u00e7o do c\u00e2ncer no Brasil pode torn\u00e1-lo a principal causa de morte at\u00e9 2029\"}]},{\"@type\":\"WebSite\",\"@id\":\"https:\/\/jornalfatosenoticias.com.br\/#website\",\"url\":\"https:\/\/jornalfatosenoticias.com.br\/\",\"name\":\"Jornal Fatos e Not\u00edcias\",\"description\":\"Not\u00edcias em geral\",\"publisher\":{\"@id\":\"https:\/\/jornalfatosenoticias.com.br\/#organization\"},\"potentialAction\":[{\"@type\":\"SearchAction\",\"target\":{\"@type\":\"EntryPoint\",\"urlTemplate\":\"https:\/\/jornalfatosenoticias.com.br\/?s={search_term_string}\"},\"query-input\":{\"@type\":\"PropertyValueSpecification\",\"valueRequired\":true,\"valueName\":\"search_term_string\"}}],\"inLanguage\":\"pt-BR\"},{\"@type\":\"Organization\",\"@id\":\"https:\/\/jornalfatosenoticias.com.br\/#organization\",\"name\":\"Jornal Fatos e Not\u00edcias\",\"url\":\"https:\/\/jornalfatosenoticias.com.br\/\",\"logo\":{\"@type\":\"ImageObject\",\"inLanguage\":\"pt-BR\",\"@id\":\"https:\/\/jornalfatosenoticias.com.br\/#\/schema\/logo\/image\/\",\"url\":\"https:\/\/jornalfatosenoticias.com.br\/wp-content\/uploads\/2020\/02\/logo120.png\",\"contentUrl\":\"https:\/\/jornalfatosenoticias.com.br\/wp-content\/uploads\/2020\/02\/logo120.png\",\"width\":1227,\"height\":120,\"caption\":\"Jornal Fatos e Not\u00edcias\"},\"image\":{\"@id\":\"https:\/\/jornalfatosenoticias.com.br\/#\/schema\/logo\/image\/\"}},{\"@type\":\"Person\",\"@id\":\"https:\/\/jornalfatosenoticias.com.br\/#\/schema\/person\/d63837fa13ac8666eb9e74e0985d6f81\",\"name\":\"Luzimara Fernandes\",\"image\":{\"@type\":\"ImageObject\",\"inLanguage\":\"pt-BR\",\"@id\":\"https:\/\/jornalfatosenoticias.com.br\/#\/schema\/person\/image\/\",\"url\":\"https:\/\/jornalfatosenoticias.com.br\/wp-content\/uploads\/2025\/05\/EU_portal.jpg\",\"contentUrl\":\"https:\/\/jornalfatosenoticias.com.br\/wp-content\/uploads\/2025\/05\/EU_portal.jpg\",\"caption\":\"Luzimara Fernandes\"},\"description\":\"Jornalista MTB 2358-ES\",\"sameAs\":[\"https:\/\/jornalfatosenoticias.com.br\"],\"url\":\"https:\/\/jornalfatosenoticias.com.br\/index.php\/author\/luzimara\/\"}]}<\/script>\n<!-- \/ Yoast SEO plugin. -->","yoast_head_json":{"title":"Avan\u00e7o do c\u00e2ncer no Brasil pode torn\u00e1-lo a principal causa de morte at\u00e9 2029 - Jornal Fatos e Not\u00edcias","robots":{"index":"index","follow":"follow","max-snippet":"max-snippet:-1","max-image-preview":"max-image-preview:large","max-video-preview":"max-video-preview:-1"},"canonical":"https:\/\/jornalfatosenoticias.com.br\/index.php\/2025\/11\/17\/avanco-do-cancer-no-brasil-pode-torna-lo-a-principal-causa-de-morte-ate-2029\/","og_locale":"pt_BR","og_type":"article","og_title":"Avan\u00e7o do c\u00e2ncer no Brasil pode torn\u00e1-lo a principal causa de morte at\u00e9 2029 - Jornal Fatos e Not\u00edcias","og_description":"Observat\u00f3rio de Oncologia alerta que o c\u00e2ncer j\u00e1 domina registros de morte em 12% das cidades brasileiras Por Maur\u00edcio Thomaz O c\u00e2ncer\u00a0j\u00e1 superou as\u00a0doen\u00e7as cardiovasculares\u00a0como principal causa de\u00a0morte\u00a0em 670 munic\u00edpios brasileiros, de acordo com levantamento do Observat\u00f3rio de Oncologia apresentado no F\u00f3rum Big Data em Oncologia e divulgado pelo\u00a0G1. O n\u00famero representa 12% das cidades [&hellip;]","og_url":"https:\/\/jornalfatosenoticias.com.br\/index.php\/2025\/11\/17\/avanco-do-cancer-no-brasil-pode-torna-lo-a-principal-causa-de-morte-ate-2029\/","og_site_name":"Jornal Fatos e Not\u00edcias","article_published_time":"2025-11-17T16:23:40+00:00","article_modified_time":"2025-11-17T16:23:41+00:00","og_image":[{"width":612,"height":331,"url":"https:\/\/jornalfatosenoticias.com.br\/wp-content\/uploads\/2025\/11\/cancer_istock.jpg","type":"image\/jpeg"}],"author":"Luzimara Fernandes","twitter_card":"summary_large_image","twitter_misc":{"Escrito por":"Luzimara Fernandes","Est. tempo de leitura":"4 minutos"},"schema":{"@context":"https:\/\/schema.org","@graph":[{"@type":"Article","@id":"https:\/\/jornalfatosenoticias.com.br\/index.php\/2025\/11\/17\/avanco-do-cancer-no-brasil-pode-torna-lo-a-principal-causa-de-morte-ate-2029\/#article","isPartOf":{"@id":"https:\/\/jornalfatosenoticias.com.br\/index.php\/2025\/11\/17\/avanco-do-cancer-no-brasil-pode-torna-lo-a-principal-causa-de-morte-ate-2029\/"},"author":{"name":"Luzimara Fernandes","@id":"https:\/\/jornalfatosenoticias.com.br\/#\/schema\/person\/d63837fa13ac8666eb9e74e0985d6f81"},"headline":"Avan\u00e7o do c\u00e2ncer no Brasil pode torn\u00e1-lo a principal causa de morte at\u00e9 2029","datePublished":"2025-11-17T16:23:40+00:00","dateModified":"2025-11-17T16:23:41+00:00","mainEntityOfPage":{"@id":"https:\/\/jornalfatosenoticias.com.br\/index.php\/2025\/11\/17\/avanco-do-cancer-no-brasil-pode-torna-lo-a-principal-causa-de-morte-ate-2029\/"},"wordCount":769,"commentCount":0,"publisher":{"@id":"https:\/\/jornalfatosenoticias.com.br\/#organization"},"image":{"@id":"https:\/\/jornalfatosenoticias.com.br\/index.php\/2025\/11\/17\/avanco-do-cancer-no-brasil-pode-torna-lo-a-principal-causa-de-morte-ate-2029\/#primaryimage"},"thumbnailUrl":"https:\/\/jornalfatosenoticias.com.br\/wp-content\/uploads\/2025\/11\/cancer_istock.jpg","keywords":["c\u00e2ncer","doen\u00e7as cardiovasculares","Minist\u00e9rio da Sa\u00fade","morte"],"articleSection":["Sa\u00fade"],"inLanguage":"pt-BR","potentialAction":[{"@type":"CommentAction","name":"Comment","target":["https:\/\/jornalfatosenoticias.com.br\/index.php\/2025\/11\/17\/avanco-do-cancer-no-brasil-pode-torna-lo-a-principal-causa-de-morte-ate-2029\/#respond"]}]},{"@type":"WebPage","@id":"https:\/\/jornalfatosenoticias.com.br\/index.php\/2025\/11\/17\/avanco-do-cancer-no-brasil-pode-torna-lo-a-principal-causa-de-morte-ate-2029\/","url":"https:\/\/jornalfatosenoticias.com.br\/index.php\/2025\/11\/17\/avanco-do-cancer-no-brasil-pode-torna-lo-a-principal-causa-de-morte-ate-2029\/","name":"Avan\u00e7o do c\u00e2ncer no Brasil pode torn\u00e1-lo a principal causa de morte at\u00e9 2029 - Jornal Fatos e Not\u00edcias","isPartOf":{"@id":"https:\/\/jornalfatosenoticias.com.br\/#website"},"primaryImageOfPage":{"@id":"https:\/\/jornalfatosenoticias.com.br\/index.php\/2025\/11\/17\/avanco-do-cancer-no-brasil-pode-torna-lo-a-principal-causa-de-morte-ate-2029\/#primaryimage"},"image":{"@id":"https:\/\/jornalfatosenoticias.com.br\/index.php\/2025\/11\/17\/avanco-do-cancer-no-brasil-pode-torna-lo-a-principal-causa-de-morte-ate-2029\/#primaryimage"},"thumbnailUrl":"https:\/\/jornalfatosenoticias.com.br\/wp-content\/uploads\/2025\/11\/cancer_istock.jpg","datePublished":"2025-11-17T16:23:40+00:00","dateModified":"2025-11-17T16:23:41+00:00","breadcrumb":{"@id":"https:\/\/jornalfatosenoticias.com.br\/index.php\/2025\/11\/17\/avanco-do-cancer-no-brasil-pode-torna-lo-a-principal-causa-de-morte-ate-2029\/#breadcrumb"},"inLanguage":"pt-BR","potentialAction":[{"@type":"ReadAction","target":["https:\/\/jornalfatosenoticias.com.br\/index.php\/2025\/11\/17\/avanco-do-cancer-no-brasil-pode-torna-lo-a-principal-causa-de-morte-ate-2029\/"]}]},{"@type":"ImageObject","inLanguage":"pt-BR","@id":"https:\/\/jornalfatosenoticias.com.br\/index.php\/2025\/11\/17\/avanco-do-cancer-no-brasil-pode-torna-lo-a-principal-causa-de-morte-ate-2029\/#primaryimage","url":"https:\/\/jornalfatosenoticias.com.br\/wp-content\/uploads\/2025\/11\/cancer_istock.jpg","contentUrl":"https:\/\/jornalfatosenoticias.com.br\/wp-content\/uploads\/2025\/11\/cancer_istock.jpg","width":612,"height":331,"caption":"Lymphocytes, immune cells, white blood cells. Adaptive immune system, showcasing T-cells, B-cells, NK cells. Human lymphocytes combating infections. Medical 3D blood structure scientific illustration"},{"@type":"BreadcrumbList","@id":"https:\/\/jornalfatosenoticias.com.br\/index.php\/2025\/11\/17\/avanco-do-cancer-no-brasil-pode-torna-lo-a-principal-causa-de-morte-ate-2029\/#breadcrumb","itemListElement":[{"@type":"ListItem","position":1,"name":"In\u00edcio","item":"https:\/\/jornalfatosenoticias.com.br\/"},{"@type":"ListItem","position":2,"name":"Avan\u00e7o do c\u00e2ncer no Brasil pode torn\u00e1-lo a principal causa de morte at\u00e9 2029"}]},{"@type":"WebSite","@id":"https:\/\/jornalfatosenoticias.com.br\/#website","url":"https:\/\/jornalfatosenoticias.com.br\/","name":"Jornal Fatos e Not\u00edcias","description":"Not\u00edcias em geral","publisher":{"@id":"https:\/\/jornalfatosenoticias.com.br\/#organization"},"potentialAction":[{"@type":"SearchAction","target":{"@type":"EntryPoint","urlTemplate":"https:\/\/jornalfatosenoticias.com.br\/?s={search_term_string}"},"query-input":{"@type":"PropertyValueSpecification","valueRequired":true,"valueName":"search_term_string"}}],"inLanguage":"pt-BR"},{"@type":"Organization","@id":"https:\/\/jornalfatosenoticias.com.br\/#organization","name":"Jornal Fatos e Not\u00edcias","url":"https:\/\/jornalfatosenoticias.com.br\/","logo":{"@type":"ImageObject","inLanguage":"pt-BR","@id":"https:\/\/jornalfatosenoticias.com.br\/#\/schema\/logo\/image\/","url":"https:\/\/jornalfatosenoticias.com.br\/wp-content\/uploads\/2020\/02\/logo120.png","contentUrl":"https:\/\/jornalfatosenoticias.com.br\/wp-content\/uploads\/2020\/02\/logo120.png","width":1227,"height":120,"caption":"Jornal Fatos e Not\u00edcias"},"image":{"@id":"https:\/\/jornalfatosenoticias.com.br\/#\/schema\/logo\/image\/"}},{"@type":"Person","@id":"https:\/\/jornalfatosenoticias.com.br\/#\/schema\/person\/d63837fa13ac8666eb9e74e0985d6f81","name":"Luzimara Fernandes","image":{"@type":"ImageObject","inLanguage":"pt-BR","@id":"https:\/\/jornalfatosenoticias.com.br\/#\/schema\/person\/image\/","url":"https:\/\/jornalfatosenoticias.com.br\/wp-content\/uploads\/2025\/05\/EU_portal.jpg","contentUrl":"https:\/\/jornalfatosenoticias.com.br\/wp-content\/uploads\/2025\/05\/EU_portal.jpg","caption":"Luzimara Fernandes"},"description":"Jornalista MTB 2358-ES","sameAs":["https:\/\/jornalfatosenoticias.com.br"],"url":"https:\/\/jornalfatosenoticias.com.br\/index.php\/author\/luzimara\/"}]}},"cc_featured_image_caption":{"caption_text":"(Foto: iStock) ","source_text":"","source_url":""},"jetpack_featured_media_url":"https:\/\/jornalfatosenoticias.com.br\/wp-content\/uploads\/2025\/11\/cancer_istock.jpg","_links":{"self":[{"href":"https:\/\/jornalfatosenoticias.com.br\/index.php\/wp-json\/wp\/v2\/posts\/63350","targetHints":{"allow":["GET"]}}],"collection":[{"href":"https:\/\/jornalfatosenoticias.com.br\/index.php\/wp-json\/wp\/v2\/posts"}],"about":[{"href":"https:\/\/jornalfatosenoticias.com.br\/index.php\/wp-json\/wp\/v2\/types\/post"}],"author":[{"embeddable":true,"href":"https:\/\/jornalfatosenoticias.com.br\/index.php\/wp-json\/wp\/v2\/users\/2"}],"replies":[{"embeddable":true,"href":"https:\/\/jornalfatosenoticias.com.br\/index.php\/wp-json\/wp\/v2\/comments?post=63350"}],"version-history":[{"count":0,"href":"https:\/\/jornalfatosenoticias.com.br\/index.php\/wp-json\/wp\/v2\/posts\/63350\/revisions"}],"wp:featuredmedia":[{"embeddable":true,"href":"https:\/\/jornalfatosenoticias.com.br\/index.php\/wp-json\/wp\/v2\/media\/63352"}],"wp:attachment":[{"href":"https:\/\/jornalfatosenoticias.com.br\/index.php\/wp-json\/wp\/v2\/media?parent=63350"}],"wp:term":[{"taxonomy":"category","embeddable":true,"href":"https:\/\/jornalfatosenoticias.com.br\/index.php\/wp-json\/wp\/v2\/categories?post=63350"},{"taxonomy":"post_tag","embeddable":true,"href":"https:\/\/jornalfatosenoticias.com.br\/index.php\/wp-json\/wp\/v2\/tags?post=63350"}],"curies":[{"name":"wp","href":"https:\/\/api.w.org\/{rel}","templated":true}]}}