{"id":6340,"date":"2020-07-13T10:09:21","date_gmt":"2020-07-13T13:09:21","guid":{"rendered":"https:\/\/jornalfatosenoticias.com.br\/?p=6340"},"modified":"2020-07-13T10:09:25","modified_gmt":"2020-07-13T13:09:25","slug":"fiscais-apreendem-redes-e-tarrafas-irregulares-em-areas-de-protecao-ambiental-em-vitoria","status":"publish","type":"post","link":"https:\/\/jornalfatosenoticias.com.br\/index.php\/2020\/07\/13\/fiscais-apreendem-redes-e-tarrafas-irregulares-em-areas-de-protecao-ambiental-em-vitoria\/","title":{"rendered":"Fiscais apreendem redes e tarrafas irregulares em \u00e1reas de prote\u00e7\u00e3o ambiental em Vit\u00f3ria"},"content":{"rendered":"\n<h6 class=\"wp-block-heading\"><em>Fiscais da Semmam e policiais do Batalh\u00e3o Ambiental apreenderam 800m de redes e quatro tarrafas, na manh\u00e3 deste domingo (12)<\/em><\/h6>\n\n\n\n<p>Fiscais da Secretaria Municipal de Meio Ambiente (Semmam) e policiais militares do Batalh\u00e3o Ambiental apreenderam 800 m de redes e quatro tarrafas em a\u00e7\u00e3o realizada na manh\u00e3 deste domingo (12). A opera\u00e7\u00e3o n\u00e1utica resultou ainda em tr\u00eas autos de infra\u00e7\u00e3o.<br>&#8220;As tarrafas estavam com malha abaixo do limite m\u00ednimo permitido por lei, que \u00e9 de 70 mm. Al\u00e9m disso, os pescadores n\u00e3o apresentaram as carteiras profissionais para pesca, necess\u00e1rias para a pr\u00e1tica com tarrafa&#8221;, explicou a gerente de Fiscaliza\u00e7\u00e3o da Semmam, Priscila L\u00edgia Alvarino.<br>O secret\u00e1rio de Meio Ambiente de Vit\u00f3ria, Ademir Barbosa Filho, ressaltou que a multa para quem for flagrado pescando com qualquer tipo de rede em \u00e1reas ambientais proibidas varia de R$ 700 a R$ 100 mil. Al\u00e9m disso, o respons\u00e1vel poder\u00e1 responder processo por crime ambiental, segundo a Lei 9.077\/17.<br>Foram apreendidas duas tarrafas na Ba\u00eda das Tartarugas e outras duas na Esta\u00e7\u00e3o Ecol\u00f3gica Municipal Ilha do Lameir\u00e3o; duas redes de espera, de 300 m e 500 m, no canal principal da Ba\u00eda de Vit\u00f3ria, nas proximidades da Ilha das Caieiras; e expedidos tr\u00eas autos de apreens\u00e3o e seis autos de infra\u00e7\u00e3o.<\/p>\n\n\n\n<p><strong><em>Fonte: <a href=\"https:\/\/www.vitoria.es.gov.br\/noticia\/fiscais-apreendem-redes-e-tarrafas-irregulares-em-areas-de-protecao-ambiental-41161\">PMV<\/a><\/em><\/strong><\/p>\n","protected":false},"excerpt":{"rendered":"<p>Fiscais da Semmam e policiais do Batalh\u00e3o Ambiental apreenderam 800m de redes e quatro tarrafas, na manh\u00e3 deste domingo (12) Fiscais da Secretaria Municipal de Meio Ambiente (Semmam) e policiais militares do Batalh\u00e3o Ambiental apreenderam 800 m de redes e quatro tarrafas em a\u00e7\u00e3o realizada na manh\u00e3 deste domingo (12). A opera\u00e7\u00e3o n\u00e1utica resultou ainda [&hellip;]<\/p>\n","protected":false},"author":2,"featured_media":6341,"comment_status":"open","ping_status":"open","sticky":false,"template":"","format":"standard","meta":{"footnotes":""},"categories":[8],"tags":[2383,3741,1563,2733,3742,882],"class_list":["post-6340","post","type-post","status-publish","format-standard","has-post-thumbnail","hentry","category-meio-ambiente","tag-apreensao","tag-pesca-irregular","tag-redes-sociais","tag-semmam","tag-tarrafas","tag-vitoria"],"yoast_head":"<!-- This site is optimized with the Yoast SEO plugin v26.5 - https:\/\/yoast.com\/wordpress\/plugins\/seo\/ -->\n<title>Fiscais apreendem redes e tarrafas irregulares em \u00e1reas de prote\u00e7\u00e3o ambiental em Vit\u00f3ria - Jornal Fatos e Not\u00edcias<\/title>\n<meta name=\"robots\" content=\"index, follow, max-snippet:-1, max-image-preview:large, max-video-preview:-1\" \/>\n<link rel=\"canonical\" href=\"https:\/\/jornalfatosenoticias.com.br\/index.php\/2020\/07\/13\/fiscais-apreendem-redes-e-tarrafas-irregulares-em-areas-de-protecao-ambiental-em-vitoria\/\" \/>\n<meta property=\"og:locale\" content=\"pt_BR\" \/>\n<meta property=\"og:type\" content=\"article\" \/>\n<meta property=\"og:title\" content=\"Fiscais apreendem redes e tarrafas irregulares em \u00e1reas de prote\u00e7\u00e3o ambiental em Vit\u00f3ria - Jornal Fatos e Not\u00edcias\" \/>\n<meta property=\"og:description\" content=\"Fiscais da Semmam e policiais do Batalh\u00e3o Ambiental apreenderam 800m de redes e quatro tarrafas, na manh\u00e3 deste domingo (12) Fiscais da Secretaria Municipal de Meio Ambiente (Semmam) e policiais militares do Batalh\u00e3o Ambiental apreenderam 800 m de redes e quatro tarrafas em a\u00e7\u00e3o realizada na manh\u00e3 deste domingo (12). A opera\u00e7\u00e3o n\u00e1utica resultou ainda [&hellip;]\" \/>\n<meta property=\"og:url\" content=\"https:\/\/jornalfatosenoticias.com.br\/index.php\/2020\/07\/13\/fiscais-apreendem-redes-e-tarrafas-irregulares-em-areas-de-protecao-ambiental-em-vitoria\/\" \/>\n<meta property=\"og:site_name\" content=\"Jornal Fatos e Not\u00edcias\" \/>\n<meta property=\"article:published_time\" content=\"2020-07-13T13:09:21+00:00\" \/>\n<meta property=\"article:modified_time\" content=\"2020-07-13T13:09:25+00:00\" \/>\n<meta property=\"og:image\" content=\"https:\/\/jornalfatosenoticias.com.br\/wp-content\/uploads\/2020\/07\/SEMMAM.jpg\" \/>\n\t<meta property=\"og:image:width\" content=\"980\" \/>\n\t<meta property=\"og:image:height\" content=\"736\" \/>\n\t<meta property=\"og:image:type\" content=\"image\/jpeg\" \/>\n<meta name=\"author\" content=\"Luzimara Fernandes\" \/>\n<meta name=\"twitter:card\" content=\"summary_large_image\" \/>\n<meta name=\"twitter:label1\" content=\"Escrito por\" \/>\n\t<meta name=\"twitter:data1\" content=\"Luzimara Fernandes\" \/>\n\t<meta name=\"twitter:label2\" content=\"Est. tempo de leitura\" \/>\n\t<meta name=\"twitter:data2\" content=\"1 minuto\" \/>\n<script type=\"application\/ld+json\" class=\"yoast-schema-graph\">{\"@context\":\"https:\/\/schema.org\",\"@graph\":[{\"@type\":\"Article\",\"@id\":\"https:\/\/jornalfatosenoticias.com.br\/index.php\/2020\/07\/13\/fiscais-apreendem-redes-e-tarrafas-irregulares-em-areas-de-protecao-ambiental-em-vitoria\/#article\",\"isPartOf\":{\"@id\":\"https:\/\/jornalfatosenoticias.com.br\/index.php\/2020\/07\/13\/fiscais-apreendem-redes-e-tarrafas-irregulares-em-areas-de-protecao-ambiental-em-vitoria\/\"},\"author\":{\"name\":\"Luzimara Fernandes\",\"@id\":\"https:\/\/jornalfatosenoticias.com.br\/#\/schema\/person\/d63837fa13ac8666eb9e74e0985d6f81\"},\"headline\":\"Fiscais apreendem redes e tarrafas irregulares em \u00e1reas de prote\u00e7\u00e3o ambiental em Vit\u00f3ria\",\"datePublished\":\"2020-07-13T13:09:21+00:00\",\"dateModified\":\"2020-07-13T13:09:25+00:00\",\"mainEntityOfPage\":{\"@id\":\"https:\/\/jornalfatosenoticias.com.br\/index.php\/2020\/07\/13\/fiscais-apreendem-redes-e-tarrafas-irregulares-em-areas-de-protecao-ambiental-em-vitoria\/\"},\"wordCount\":240,\"commentCount\":0,\"publisher\":{\"@id\":\"https:\/\/jornalfatosenoticias.com.br\/#organization\"},\"image\":{\"@id\":\"https:\/\/jornalfatosenoticias.com.br\/index.php\/2020\/07\/13\/fiscais-apreendem-redes-e-tarrafas-irregulares-em-areas-de-protecao-ambiental-em-vitoria\/#primaryimage\"},\"thumbnailUrl\":\"https:\/\/jornalfatosenoticias.com.br\/wp-content\/uploads\/2020\/07\/SEMMAM.jpg\",\"keywords\":[\"apreens\u00e3o\",\"pesca irregular\",\"redes sociais\",\"Semmam\",\"tarrafas\",\"Vit\u00f3ria\"],\"articleSection\":[\"Meio ambiente\"],\"inLanguage\":\"pt-BR\",\"potentialAction\":[{\"@type\":\"CommentAction\",\"name\":\"Comment\",\"target\":[\"https:\/\/jornalfatosenoticias.com.br\/index.php\/2020\/07\/13\/fiscais-apreendem-redes-e-tarrafas-irregulares-em-areas-de-protecao-ambiental-em-vitoria\/#respond\"]}]},{\"@type\":\"WebPage\",\"@id\":\"https:\/\/jornalfatosenoticias.com.br\/index.php\/2020\/07\/13\/fiscais-apreendem-redes-e-tarrafas-irregulares-em-areas-de-protecao-ambiental-em-vitoria\/\",\"url\":\"https:\/\/jornalfatosenoticias.com.br\/index.php\/2020\/07\/13\/fiscais-apreendem-redes-e-tarrafas-irregulares-em-areas-de-protecao-ambiental-em-vitoria\/\",\"name\":\"Fiscais apreendem redes e tarrafas irregulares em \u00e1reas de prote\u00e7\u00e3o ambiental em Vit\u00f3ria - Jornal Fatos e Not\u00edcias\",\"isPartOf\":{\"@id\":\"https:\/\/jornalfatosenoticias.com.br\/#website\"},\"primaryImageOfPage\":{\"@id\":\"https:\/\/jornalfatosenoticias.com.br\/index.php\/2020\/07\/13\/fiscais-apreendem-redes-e-tarrafas-irregulares-em-areas-de-protecao-ambiental-em-vitoria\/#primaryimage\"},\"image\":{\"@id\":\"https:\/\/jornalfatosenoticias.com.br\/index.php\/2020\/07\/13\/fiscais-apreendem-redes-e-tarrafas-irregulares-em-areas-de-protecao-ambiental-em-vitoria\/#primaryimage\"},\"thumbnailUrl\":\"https:\/\/jornalfatosenoticias.com.br\/wp-content\/uploads\/2020\/07\/SEMMAM.jpg\",\"datePublished\":\"2020-07-13T13:09:21+00:00\",\"dateModified\":\"2020-07-13T13:09:25+00:00\",\"breadcrumb\":{\"@id\":\"https:\/\/jornalfatosenoticias.com.br\/index.php\/2020\/07\/13\/fiscais-apreendem-redes-e-tarrafas-irregulares-em-areas-de-protecao-ambiental-em-vitoria\/#breadcrumb\"},\"inLanguage\":\"pt-BR\",\"potentialAction\":[{\"@type\":\"ReadAction\",\"target\":[\"https:\/\/jornalfatosenoticias.com.br\/index.php\/2020\/07\/13\/fiscais-apreendem-redes-e-tarrafas-irregulares-em-areas-de-protecao-ambiental-em-vitoria\/\"]}]},{\"@type\":\"ImageObject\",\"inLanguage\":\"pt-BR\",\"@id\":\"https:\/\/jornalfatosenoticias.com.br\/index.php\/2020\/07\/13\/fiscais-apreendem-redes-e-tarrafas-irregulares-em-areas-de-protecao-ambiental-em-vitoria\/#primaryimage\",\"url\":\"https:\/\/jornalfatosenoticias.com.br\/wp-content\/uploads\/2020\/07\/SEMMAM.jpg\",\"contentUrl\":\"https:\/\/jornalfatosenoticias.com.br\/wp-content\/uploads\/2020\/07\/SEMMAM.jpg\",\"width\":980,\"height\":736},{\"@type\":\"BreadcrumbList\",\"@id\":\"https:\/\/jornalfatosenoticias.com.br\/index.php\/2020\/07\/13\/fiscais-apreendem-redes-e-tarrafas-irregulares-em-areas-de-protecao-ambiental-em-vitoria\/#breadcrumb\",\"itemListElement\":[{\"@type\":\"ListItem\",\"position\":1,\"name\":\"In\u00edcio\",\"item\":\"https:\/\/jornalfatosenoticias.com.br\/\"},{\"@type\":\"ListItem\",\"position\":2,\"name\":\"Fiscais apreendem redes e tarrafas irregulares em \u00e1reas de prote\u00e7\u00e3o ambiental em Vit\u00f3ria\"}]},{\"@type\":\"WebSite\",\"@id\":\"https:\/\/jornalfatosenoticias.com.br\/#website\",\"url\":\"https:\/\/jornalfatosenoticias.com.br\/\",\"name\":\"Jornal Fatos e Not\u00edcias\",\"description\":\"Not\u00edcias em geral\",\"publisher\":{\"@id\":\"https:\/\/jornalfatosenoticias.com.br\/#organization\"},\"potentialAction\":[{\"@type\":\"SearchAction\",\"target\":{\"@type\":\"EntryPoint\",\"urlTemplate\":\"https:\/\/jornalfatosenoticias.com.br\/?s={search_term_string}\"},\"query-input\":{\"@type\":\"PropertyValueSpecification\",\"valueRequired\":true,\"valueName\":\"search_term_string\"}}],\"inLanguage\":\"pt-BR\"},{\"@type\":\"Organization\",\"@id\":\"https:\/\/jornalfatosenoticias.com.br\/#organization\",\"name\":\"Jornal Fatos e Not\u00edcias\",\"url\":\"https:\/\/jornalfatosenoticias.com.br\/\",\"logo\":{\"@type\":\"ImageObject\",\"inLanguage\":\"pt-BR\",\"@id\":\"https:\/\/jornalfatosenoticias.com.br\/#\/schema\/logo\/image\/\",\"url\":\"https:\/\/jornalfatosenoticias.com.br\/wp-content\/uploads\/2020\/02\/logo120.png\",\"contentUrl\":\"https:\/\/jornalfatosenoticias.com.br\/wp-content\/uploads\/2020\/02\/logo120.png\",\"width\":1227,\"height\":120,\"caption\":\"Jornal Fatos e Not\u00edcias\"},\"image\":{\"@id\":\"https:\/\/jornalfatosenoticias.com.br\/#\/schema\/logo\/image\/\"}},{\"@type\":\"Person\",\"@id\":\"https:\/\/jornalfatosenoticias.com.br\/#\/schema\/person\/d63837fa13ac8666eb9e74e0985d6f81\",\"name\":\"Luzimara Fernandes\",\"image\":{\"@type\":\"ImageObject\",\"inLanguage\":\"pt-BR\",\"@id\":\"https:\/\/jornalfatosenoticias.com.br\/#\/schema\/person\/image\/\",\"url\":\"https:\/\/jornalfatosenoticias.com.br\/wp-content\/uploads\/2025\/05\/EU_portal.jpg\",\"contentUrl\":\"https:\/\/jornalfatosenoticias.com.br\/wp-content\/uploads\/2025\/05\/EU_portal.jpg\",\"caption\":\"Luzimara Fernandes\"},\"description\":\"Jornalista MTB 2358-ES\",\"sameAs\":[\"https:\/\/jornalfatosenoticias.com.br\"],\"url\":\"https:\/\/jornalfatosenoticias.com.br\/index.php\/author\/luzimara\/\"}]}<\/script>\n<!-- \/ Yoast SEO plugin. -->","yoast_head_json":{"title":"Fiscais apreendem redes e tarrafas irregulares em \u00e1reas de prote\u00e7\u00e3o ambiental em Vit\u00f3ria - Jornal Fatos e Not\u00edcias","robots":{"index":"index","follow":"follow","max-snippet":"max-snippet:-1","max-image-preview":"max-image-preview:large","max-video-preview":"max-video-preview:-1"},"canonical":"https:\/\/jornalfatosenoticias.com.br\/index.php\/2020\/07\/13\/fiscais-apreendem-redes-e-tarrafas-irregulares-em-areas-de-protecao-ambiental-em-vitoria\/","og_locale":"pt_BR","og_type":"article","og_title":"Fiscais apreendem redes e tarrafas irregulares em \u00e1reas de prote\u00e7\u00e3o ambiental em Vit\u00f3ria - Jornal Fatos e Not\u00edcias","og_description":"Fiscais da Semmam e policiais do Batalh\u00e3o Ambiental apreenderam 800m de redes e quatro tarrafas, na manh\u00e3 deste domingo (12) Fiscais da Secretaria Municipal de Meio Ambiente (Semmam) e policiais militares do Batalh\u00e3o Ambiental apreenderam 800 m de redes e quatro tarrafas em a\u00e7\u00e3o realizada na manh\u00e3 deste domingo (12). A opera\u00e7\u00e3o n\u00e1utica resultou ainda [&hellip;]","og_url":"https:\/\/jornalfatosenoticias.com.br\/index.php\/2020\/07\/13\/fiscais-apreendem-redes-e-tarrafas-irregulares-em-areas-de-protecao-ambiental-em-vitoria\/","og_site_name":"Jornal Fatos e Not\u00edcias","article_published_time":"2020-07-13T13:09:21+00:00","article_modified_time":"2020-07-13T13:09:25+00:00","og_image":[{"width":980,"height":736,"url":"https:\/\/jornalfatosenoticias.com.br\/wp-content\/uploads\/2020\/07\/SEMMAM.jpg","type":"image\/jpeg"}],"author":"Luzimara Fernandes","twitter_card":"summary_large_image","twitter_misc":{"Escrito por":"Luzimara Fernandes","Est. tempo de leitura":"1 minuto"},"schema":{"@context":"https:\/\/schema.org","@graph":[{"@type":"Article","@id":"https:\/\/jornalfatosenoticias.com.br\/index.php\/2020\/07\/13\/fiscais-apreendem-redes-e-tarrafas-irregulares-em-areas-de-protecao-ambiental-em-vitoria\/#article","isPartOf":{"@id":"https:\/\/jornalfatosenoticias.com.br\/index.php\/2020\/07\/13\/fiscais-apreendem-redes-e-tarrafas-irregulares-em-areas-de-protecao-ambiental-em-vitoria\/"},"author":{"name":"Luzimara Fernandes","@id":"https:\/\/jornalfatosenoticias.com.br\/#\/schema\/person\/d63837fa13ac8666eb9e74e0985d6f81"},"headline":"Fiscais apreendem redes e tarrafas irregulares em \u00e1reas de prote\u00e7\u00e3o ambiental em Vit\u00f3ria","datePublished":"2020-07-13T13:09:21+00:00","dateModified":"2020-07-13T13:09:25+00:00","mainEntityOfPage":{"@id":"https:\/\/jornalfatosenoticias.com.br\/index.php\/2020\/07\/13\/fiscais-apreendem-redes-e-tarrafas-irregulares-em-areas-de-protecao-ambiental-em-vitoria\/"},"wordCount":240,"commentCount":0,"publisher":{"@id":"https:\/\/jornalfatosenoticias.com.br\/#organization"},"image":{"@id":"https:\/\/jornalfatosenoticias.com.br\/index.php\/2020\/07\/13\/fiscais-apreendem-redes-e-tarrafas-irregulares-em-areas-de-protecao-ambiental-em-vitoria\/#primaryimage"},"thumbnailUrl":"https:\/\/jornalfatosenoticias.com.br\/wp-content\/uploads\/2020\/07\/SEMMAM.jpg","keywords":["apreens\u00e3o","pesca irregular","redes sociais","Semmam","tarrafas","Vit\u00f3ria"],"articleSection":["Meio ambiente"],"inLanguage":"pt-BR","potentialAction":[{"@type":"CommentAction","name":"Comment","target":["https:\/\/jornalfatosenoticias.com.br\/index.php\/2020\/07\/13\/fiscais-apreendem-redes-e-tarrafas-irregulares-em-areas-de-protecao-ambiental-em-vitoria\/#respond"]}]},{"@type":"WebPage","@id":"https:\/\/jornalfatosenoticias.com.br\/index.php\/2020\/07\/13\/fiscais-apreendem-redes-e-tarrafas-irregulares-em-areas-de-protecao-ambiental-em-vitoria\/","url":"https:\/\/jornalfatosenoticias.com.br\/index.php\/2020\/07\/13\/fiscais-apreendem-redes-e-tarrafas-irregulares-em-areas-de-protecao-ambiental-em-vitoria\/","name":"Fiscais apreendem redes e tarrafas irregulares em \u00e1reas de prote\u00e7\u00e3o ambiental em Vit\u00f3ria - Jornal Fatos e Not\u00edcias","isPartOf":{"@id":"https:\/\/jornalfatosenoticias.com.br\/#website"},"primaryImageOfPage":{"@id":"https:\/\/jornalfatosenoticias.com.br\/index.php\/2020\/07\/13\/fiscais-apreendem-redes-e-tarrafas-irregulares-em-areas-de-protecao-ambiental-em-vitoria\/#primaryimage"},"image":{"@id":"https:\/\/jornalfatosenoticias.com.br\/index.php\/2020\/07\/13\/fiscais-apreendem-redes-e-tarrafas-irregulares-em-areas-de-protecao-ambiental-em-vitoria\/#primaryimage"},"thumbnailUrl":"https:\/\/jornalfatosenoticias.com.br\/wp-content\/uploads\/2020\/07\/SEMMAM.jpg","datePublished":"2020-07-13T13:09:21+00:00","dateModified":"2020-07-13T13:09:25+00:00","breadcrumb":{"@id":"https:\/\/jornalfatosenoticias.com.br\/index.php\/2020\/07\/13\/fiscais-apreendem-redes-e-tarrafas-irregulares-em-areas-de-protecao-ambiental-em-vitoria\/#breadcrumb"},"inLanguage":"pt-BR","potentialAction":[{"@type":"ReadAction","target":["https:\/\/jornalfatosenoticias.com.br\/index.php\/2020\/07\/13\/fiscais-apreendem-redes-e-tarrafas-irregulares-em-areas-de-protecao-ambiental-em-vitoria\/"]}]},{"@type":"ImageObject","inLanguage":"pt-BR","@id":"https:\/\/jornalfatosenoticias.com.br\/index.php\/2020\/07\/13\/fiscais-apreendem-redes-e-tarrafas-irregulares-em-areas-de-protecao-ambiental-em-vitoria\/#primaryimage","url":"https:\/\/jornalfatosenoticias.com.br\/wp-content\/uploads\/2020\/07\/SEMMAM.jpg","contentUrl":"https:\/\/jornalfatosenoticias.com.br\/wp-content\/uploads\/2020\/07\/SEMMAM.jpg","width":980,"height":736},{"@type":"BreadcrumbList","@id":"https:\/\/jornalfatosenoticias.com.br\/index.php\/2020\/07\/13\/fiscais-apreendem-redes-e-tarrafas-irregulares-em-areas-de-protecao-ambiental-em-vitoria\/#breadcrumb","itemListElement":[{"@type":"ListItem","position":1,"name":"In\u00edcio","item":"https:\/\/jornalfatosenoticias.com.br\/"},{"@type":"ListItem","position":2,"name":"Fiscais apreendem redes e tarrafas irregulares em \u00e1reas de prote\u00e7\u00e3o ambiental em Vit\u00f3ria"}]},{"@type":"WebSite","@id":"https:\/\/jornalfatosenoticias.com.br\/#website","url":"https:\/\/jornalfatosenoticias.com.br\/","name":"Jornal Fatos e Not\u00edcias","description":"Not\u00edcias em geral","publisher":{"@id":"https:\/\/jornalfatosenoticias.com.br\/#organization"},"potentialAction":[{"@type":"SearchAction","target":{"@type":"EntryPoint","urlTemplate":"https:\/\/jornalfatosenoticias.com.br\/?s={search_term_string}"},"query-input":{"@type":"PropertyValueSpecification","valueRequired":true,"valueName":"search_term_string"}}],"inLanguage":"pt-BR"},{"@type":"Organization","@id":"https:\/\/jornalfatosenoticias.com.br\/#organization","name":"Jornal Fatos e Not\u00edcias","url":"https:\/\/jornalfatosenoticias.com.br\/","logo":{"@type":"ImageObject","inLanguage":"pt-BR","@id":"https:\/\/jornalfatosenoticias.com.br\/#\/schema\/logo\/image\/","url":"https:\/\/jornalfatosenoticias.com.br\/wp-content\/uploads\/2020\/02\/logo120.png","contentUrl":"https:\/\/jornalfatosenoticias.com.br\/wp-content\/uploads\/2020\/02\/logo120.png","width":1227,"height":120,"caption":"Jornal Fatos e Not\u00edcias"},"image":{"@id":"https:\/\/jornalfatosenoticias.com.br\/#\/schema\/logo\/image\/"}},{"@type":"Person","@id":"https:\/\/jornalfatosenoticias.com.br\/#\/schema\/person\/d63837fa13ac8666eb9e74e0985d6f81","name":"Luzimara Fernandes","image":{"@type":"ImageObject","inLanguage":"pt-BR","@id":"https:\/\/jornalfatosenoticias.com.br\/#\/schema\/person\/image\/","url":"https:\/\/jornalfatosenoticias.com.br\/wp-content\/uploads\/2025\/05\/EU_portal.jpg","contentUrl":"https:\/\/jornalfatosenoticias.com.br\/wp-content\/uploads\/2025\/05\/EU_portal.jpg","caption":"Luzimara Fernandes"},"description":"Jornalista MTB 2358-ES","sameAs":["https:\/\/jornalfatosenoticias.com.br"],"url":"https:\/\/jornalfatosenoticias.com.br\/index.php\/author\/luzimara\/"}]}},"cc_featured_image_caption":{"caption_text":"(Foto: Divulga\u00e7\u00e3o Semmam)","source_text":"","source_url":""},"jetpack_featured_media_url":"https:\/\/jornalfatosenoticias.com.br\/wp-content\/uploads\/2020\/07\/SEMMAM.jpg","_links":{"self":[{"href":"https:\/\/jornalfatosenoticias.com.br\/index.php\/wp-json\/wp\/v2\/posts\/6340","targetHints":{"allow":["GET"]}}],"collection":[{"href":"https:\/\/jornalfatosenoticias.com.br\/index.php\/wp-json\/wp\/v2\/posts"}],"about":[{"href":"https:\/\/jornalfatosenoticias.com.br\/index.php\/wp-json\/wp\/v2\/types\/post"}],"author":[{"embeddable":true,"href":"https:\/\/jornalfatosenoticias.com.br\/index.php\/wp-json\/wp\/v2\/users\/2"}],"replies":[{"embeddable":true,"href":"https:\/\/jornalfatosenoticias.com.br\/index.php\/wp-json\/wp\/v2\/comments?post=6340"}],"version-history":[{"count":0,"href":"https:\/\/jornalfatosenoticias.com.br\/index.php\/wp-json\/wp\/v2\/posts\/6340\/revisions"}],"wp:featuredmedia":[{"embeddable":true,"href":"https:\/\/jornalfatosenoticias.com.br\/index.php\/wp-json\/wp\/v2\/media\/6341"}],"wp:attachment":[{"href":"https:\/\/jornalfatosenoticias.com.br\/index.php\/wp-json\/wp\/v2\/media?parent=6340"}],"wp:term":[{"taxonomy":"category","embeddable":true,"href":"https:\/\/jornalfatosenoticias.com.br\/index.php\/wp-json\/wp\/v2\/categories?post=6340"},{"taxonomy":"post_tag","embeddable":true,"href":"https:\/\/jornalfatosenoticias.com.br\/index.php\/wp-json\/wp\/v2\/tags?post=6340"}],"curies":[{"name":"wp","href":"https:\/\/api.w.org\/{rel}","templated":true}]}}