{"id":6343,"date":"2020-07-13T10:21:28","date_gmt":"2020-07-13T13:21:28","guid":{"rendered":"https:\/\/jornalfatosenoticias.com.br\/?p=6343"},"modified":"2020-07-13T10:21:32","modified_gmt":"2020-07-13T13:21:32","slug":"festival-cine-ema-abre-inscricoes-com-premiacao-em-dinheiro-e-caches","status":"publish","type":"post","link":"https:\/\/jornalfatosenoticias.com.br\/index.php\/2020\/07\/13\/festival-cine-ema-abre-inscricoes-com-premiacao-em-dinheiro-e-caches\/","title":{"rendered":"Festival Cine.Ema abre inscri\u00e7\u00f5es com premia\u00e7\u00e3o em dinheiro e cach\u00eas"},"content":{"rendered":"\n<h6 class=\"wp-block-heading\"><em>Evento ser\u00e1 realizado on-line e inten\u00e7\u00e3o \u00e9 injetar recursos captados para custeio no setor do audiovisual, impactado economicamente com a pandemia do novo coronav\u00edrus<\/em><\/h6>\n\n\n\n<p>O Cine.Ema \u2014 Festival de Cinema Ambiental do Esp\u00edrito Santo continua com inscri\u00e7\u00f5es abertas para sele\u00e7\u00e3o de curta-metragens para compor a programa\u00e7\u00e3o do evento em 2020. Os filmes selecionados far\u00e3o parte da Mostra Competitiva e os vencedores receber\u00e3o premia\u00e7\u00e3o em dinheiro. Outra novidade \u00e9 a sele\u00e7\u00e3o de profissionais do audiovisual para compor o J\u00fari T\u00e9cnico do evento.<br>Com o tema \u201cA natureza sou eu\u201d, o festival chega \u00e0 sexta edi\u00e7\u00e3o propondo um olhar sobre a natureza enquanto ess\u00eancia de todo ser vivo e, por isso, uma responsabilidade compartilhada.<br>A edi\u00e7\u00e3o remodelada do festival contemplar\u00e1 a realiza\u00e7\u00e3o do Cine.Ema na Reserva Ambiental \u00c1guia Branca, edi\u00e7\u00e3o anualmente realizada dentro da Reserva Ambiental \u00c1guia Branca, em Vargem Alta, e o p\u00fablico de todo o Brasil ter\u00e1 acesso aos filmes selecionados em uma plataforma on demand nos meses de setembro e outubro.<br>A diretora da Caju Produ\u00e7\u00f5es, T\u00e2nia Silva, explica que a realiza\u00e7\u00e3o do evento on-line \u00e9 uma forma de prezar pela seguran\u00e7a do p\u00fablico neste momento de distanciamento social. Ela destaca ainda a import\u00e2ncia de investir os recursos para fomentar o setor art\u00edstico e na oferta de atividades para estudantes, que deixaram de frequentar as escolas por causa da pandemia do novo coronav\u00edrus.<br>\u201cNeste momento de pandemia queremos direcionar parte dos recursos de custeio do evento no setor audiovisual, impactado com a suspens\u00e3o de grava\u00e7\u00f5es, adiamento e cancelamento de eventos. \u00c9 um incentivo pequeno, mas necess\u00e1rio e que vai fazer diferen\u00e7a para muitos profissionais\u201d, disse T\u00e2nia Silva.<\/p>\n\n\n\n<h4 class=\"wp-block-heading\">Mostras de Cinema<\/h4>\n\n\n\n<p>Para a Mostra de Cinema podem ser inscritos filmes de curta-metragem (at\u00e9 26 minutos), com classifica\u00e7\u00e3o livre, que relacionem meio ambiente e sustentabilidade. As inscri\u00e7\u00f5es v\u00e3o at\u00e9 esta quarta-feira (15) pelo site <a href=\"http:\/\/www.cineema.com.br\/inscricoes2020\" target=\"_blank\" rel=\"noreferrer noopener\">www.cineema.com.br\/inscricoes2020<\/a>.<br>A organiza\u00e7\u00e3o do Festival tamb\u00e9m selecionar\u00e1 25 profissionais do audiovisual brasileiro interessados em compor o corpo t\u00e9cnico do evento. Os jurados selecionados receber\u00e3o cach\u00ea e ser\u00e3o respons\u00e1veis pela avalia\u00e7\u00e3o dos filmes selecionados nas mostras.<\/p>\n\n\n\n<h4 class=\"wp-block-heading\">O Cine.Ema<\/h4>\n\n\n\n<p>O Festival Nacional de Cinema Ambiental do Esp\u00edrito Santo \u2014 Cine.Ema \u2014 \u00e9 um projeto cultural multiplataforma, cujo objetivo \u00e9 gerar consci\u00eancia ambiental por meio do cinema, com difus\u00e3o e premia\u00e7\u00e3o de obras audiovisuais. Inspirado na Pedra da Ema, \u00edcone paisag\u00edstico e natural do distrito de Burarama e no significado universal da Ema, m\u00e3e natureza, o evento foi realizado pela primeira vez em 2015.<br>O projeto promove atividades formativas para crian\u00e7as e adultos de comunidades que margeiam patrim\u00f4nios naturais brasileiros, al\u00e9m de semin\u00e1rios ambientais reflexivos e tem\u00e1ticos que envolvem os desafios sustent\u00e1veis do nosso tempo. O Cine.Ema integra a rede de realizadores de festivais ambientais do Brasil e \u00e9 o \u00fanico festival de cinema anual com este recorte tem\u00e1tico a ser realizado no Esp\u00edrito Santo.<br>O Cine.Ema \u00e9 uma realiza\u00e7\u00e3o da Caju Produ\u00e7\u00f5es e do Minist\u00e9rio da Cidadania com o patroc\u00ednio da BRK Ambiental e do Grupo \u00c1guia Branca.<\/p>\n\n\n\n<p><strong>Informa\u00e7\u00f5es<\/strong><br><strong><em>Caju Produ\u00e7\u00f5es<br><\/em><\/strong><a href=\"http:\/\/www.cineema.com.br\/\" target=\"_blank\" rel=\"noreferrer noopener\">www.cineema.com.br<\/a>\u00a0<\/p>\n\n\n\n<p><strong>Sullivan Silva<br><\/strong>(27) 99814-3649<br><a href=\"mailto:sullivan@cajuproducoes.art.br\" target=\"_blank\" rel=\"noreferrer noopener\">sullivan@cajuproducoes.art.br<\/a><\/p>\n\n\n\n<p><strong><em>Fonte: <a href=\"https:\/\/secult.es.gov.br\/Not%C3%ADcia\/festival-cine-ema-abre-inscricoes-com-premiacao-em-dinheiro-e-caches\">Secult-ES<\/a><\/em><\/strong><\/p>\n","protected":false},"excerpt":{"rendered":"<p>Evento ser\u00e1 realizado on-line e inten\u00e7\u00e3o \u00e9 injetar recursos captados para custeio no setor do audiovisual, impactado economicamente com a pandemia do novo coronav\u00edrus O Cine.Ema \u2014 Festival de Cinema Ambiental do Esp\u00edrito Santo continua com inscri\u00e7\u00f5es abertas para sele\u00e7\u00e3o de curta-metragens para compor a programa\u00e7\u00e3o do evento em 2020. Os filmes selecionados far\u00e3o parte [&hellip;]<\/p>\n","protected":false},"author":2,"featured_media":6344,"comment_status":"open","ping_status":"open","sticky":false,"template":"","format":"standard","meta":{"footnotes":""},"categories":[4],"tags":[3743,1540,3744],"class_list":["post-6343","post","type-post","status-publish","format-standard","has-post-thumbnail","hentry","category-cultura","tag-cine-ema","tag-pandemia-coronavirus","tag-setor-audiovisual"],"yoast_head":"<!-- This site is optimized with the Yoast SEO plugin v26.5 - https:\/\/yoast.com\/wordpress\/plugins\/seo\/ -->\n<title>Festival Cine.Ema abre inscri\u00e7\u00f5es com premia\u00e7\u00e3o em dinheiro e cach\u00eas - Jornal Fatos e Not\u00edcias<\/title>\n<meta name=\"robots\" content=\"index, follow, max-snippet:-1, max-image-preview:large, max-video-preview:-1\" \/>\n<link rel=\"canonical\" href=\"https:\/\/jornalfatosenoticias.com.br\/index.php\/2020\/07\/13\/festival-cine-ema-abre-inscricoes-com-premiacao-em-dinheiro-e-caches\/\" \/>\n<meta property=\"og:locale\" content=\"pt_BR\" \/>\n<meta property=\"og:type\" content=\"article\" \/>\n<meta property=\"og:title\" content=\"Festival Cine.Ema abre inscri\u00e7\u00f5es com premia\u00e7\u00e3o em dinheiro e cach\u00eas - Jornal Fatos e Not\u00edcias\" \/>\n<meta property=\"og:description\" content=\"Evento ser\u00e1 realizado on-line e inten\u00e7\u00e3o \u00e9 injetar recursos captados para custeio no setor do audiovisual, impactado economicamente com a pandemia do novo coronav\u00edrus O Cine.Ema \u2014 Festival de Cinema Ambiental do Esp\u00edrito Santo continua com inscri\u00e7\u00f5es abertas para sele\u00e7\u00e3o de curta-metragens para compor a programa\u00e7\u00e3o do evento em 2020. Os filmes selecionados far\u00e3o parte [&hellip;]\" \/>\n<meta property=\"og:url\" content=\"https:\/\/jornalfatosenoticias.com.br\/index.php\/2020\/07\/13\/festival-cine-ema-abre-inscricoes-com-premiacao-em-dinheiro-e-caches\/\" \/>\n<meta property=\"og:site_name\" content=\"Jornal Fatos e Not\u00edcias\" \/>\n<meta property=\"article:published_time\" content=\"2020-07-13T13:21:28+00:00\" \/>\n<meta property=\"article:modified_time\" content=\"2020-07-13T13:21:32+00:00\" \/>\n<meta property=\"og:image\" content=\"https:\/\/jornalfatosenoticias.com.br\/wp-content\/uploads\/2020\/07\/festival_cineema_vargem_alta-capa.jpg\" \/>\n\t<meta property=\"og:image:width\" content=\"1000\" \/>\n\t<meta property=\"og:image:height\" content=\"612\" \/>\n\t<meta property=\"og:image:type\" content=\"image\/jpeg\" \/>\n<meta name=\"author\" content=\"Luzimara Fernandes\" \/>\n<meta name=\"twitter:card\" content=\"summary_large_image\" \/>\n<meta name=\"twitter:label1\" content=\"Escrito por\" \/>\n\t<meta name=\"twitter:data1\" content=\"Luzimara Fernandes\" \/>\n\t<meta name=\"twitter:label2\" content=\"Est. tempo de leitura\" \/>\n\t<meta name=\"twitter:data2\" content=\"3 minutos\" \/>\n<script type=\"application\/ld+json\" class=\"yoast-schema-graph\">{\"@context\":\"https:\/\/schema.org\",\"@graph\":[{\"@type\":\"Article\",\"@id\":\"https:\/\/jornalfatosenoticias.com.br\/index.php\/2020\/07\/13\/festival-cine-ema-abre-inscricoes-com-premiacao-em-dinheiro-e-caches\/#article\",\"isPartOf\":{\"@id\":\"https:\/\/jornalfatosenoticias.com.br\/index.php\/2020\/07\/13\/festival-cine-ema-abre-inscricoes-com-premiacao-em-dinheiro-e-caches\/\"},\"author\":{\"name\":\"Luzimara Fernandes\",\"@id\":\"https:\/\/jornalfatosenoticias.com.br\/#\/schema\/person\/d63837fa13ac8666eb9e74e0985d6f81\"},\"headline\":\"Festival Cine.Ema abre inscri\u00e7\u00f5es com premia\u00e7\u00e3o em dinheiro e cach\u00eas\",\"datePublished\":\"2020-07-13T13:21:28+00:00\",\"dateModified\":\"2020-07-13T13:21:32+00:00\",\"mainEntityOfPage\":{\"@id\":\"https:\/\/jornalfatosenoticias.com.br\/index.php\/2020\/07\/13\/festival-cine-ema-abre-inscricoes-com-premiacao-em-dinheiro-e-caches\/\"},\"wordCount\":573,\"commentCount\":0,\"publisher\":{\"@id\":\"https:\/\/jornalfatosenoticias.com.br\/#organization\"},\"image\":{\"@id\":\"https:\/\/jornalfatosenoticias.com.br\/index.php\/2020\/07\/13\/festival-cine-ema-abre-inscricoes-com-premiacao-em-dinheiro-e-caches\/#primaryimage\"},\"thumbnailUrl\":\"https:\/\/jornalfatosenoticias.com.br\/wp-content\/uploads\/2020\/07\/festival_cineema_vargem_alta-capa.jpg\",\"keywords\":[\"Cine.Ema\",\"pandemia coronav\u00edrus\",\"setor audiovisual\"],\"articleSection\":[\"Cultura\"],\"inLanguage\":\"pt-BR\",\"potentialAction\":[{\"@type\":\"CommentAction\",\"name\":\"Comment\",\"target\":[\"https:\/\/jornalfatosenoticias.com.br\/index.php\/2020\/07\/13\/festival-cine-ema-abre-inscricoes-com-premiacao-em-dinheiro-e-caches\/#respond\"]}]},{\"@type\":\"WebPage\",\"@id\":\"https:\/\/jornalfatosenoticias.com.br\/index.php\/2020\/07\/13\/festival-cine-ema-abre-inscricoes-com-premiacao-em-dinheiro-e-caches\/\",\"url\":\"https:\/\/jornalfatosenoticias.com.br\/index.php\/2020\/07\/13\/festival-cine-ema-abre-inscricoes-com-premiacao-em-dinheiro-e-caches\/\",\"name\":\"Festival Cine.Ema abre inscri\u00e7\u00f5es com premia\u00e7\u00e3o em dinheiro e cach\u00eas - Jornal Fatos e Not\u00edcias\",\"isPartOf\":{\"@id\":\"https:\/\/jornalfatosenoticias.com.br\/#website\"},\"primaryImageOfPage\":{\"@id\":\"https:\/\/jornalfatosenoticias.com.br\/index.php\/2020\/07\/13\/festival-cine-ema-abre-inscricoes-com-premiacao-em-dinheiro-e-caches\/#primaryimage\"},\"image\":{\"@id\":\"https:\/\/jornalfatosenoticias.com.br\/index.php\/2020\/07\/13\/festival-cine-ema-abre-inscricoes-com-premiacao-em-dinheiro-e-caches\/#primaryimage\"},\"thumbnailUrl\":\"https:\/\/jornalfatosenoticias.com.br\/wp-content\/uploads\/2020\/07\/festival_cineema_vargem_alta-capa.jpg\",\"datePublished\":\"2020-07-13T13:21:28+00:00\",\"dateModified\":\"2020-07-13T13:21:32+00:00\",\"breadcrumb\":{\"@id\":\"https:\/\/jornalfatosenoticias.com.br\/index.php\/2020\/07\/13\/festival-cine-ema-abre-inscricoes-com-premiacao-em-dinheiro-e-caches\/#breadcrumb\"},\"inLanguage\":\"pt-BR\",\"potentialAction\":[{\"@type\":\"ReadAction\",\"target\":[\"https:\/\/jornalfatosenoticias.com.br\/index.php\/2020\/07\/13\/festival-cine-ema-abre-inscricoes-com-premiacao-em-dinheiro-e-caches\/\"]}]},{\"@type\":\"ImageObject\",\"inLanguage\":\"pt-BR\",\"@id\":\"https:\/\/jornalfatosenoticias.com.br\/index.php\/2020\/07\/13\/festival-cine-ema-abre-inscricoes-com-premiacao-em-dinheiro-e-caches\/#primaryimage\",\"url\":\"https:\/\/jornalfatosenoticias.com.br\/wp-content\/uploads\/2020\/07\/festival_cineema_vargem_alta-capa.jpg\",\"contentUrl\":\"https:\/\/jornalfatosenoticias.com.br\/wp-content\/uploads\/2020\/07\/festival_cineema_vargem_alta-capa.jpg\",\"width\":1000,\"height\":612},{\"@type\":\"BreadcrumbList\",\"@id\":\"https:\/\/jornalfatosenoticias.com.br\/index.php\/2020\/07\/13\/festival-cine-ema-abre-inscricoes-com-premiacao-em-dinheiro-e-caches\/#breadcrumb\",\"itemListElement\":[{\"@type\":\"ListItem\",\"position\":1,\"name\":\"In\u00edcio\",\"item\":\"https:\/\/jornalfatosenoticias.com.br\/\"},{\"@type\":\"ListItem\",\"position\":2,\"name\":\"Festival Cine.Ema abre inscri\u00e7\u00f5es com premia\u00e7\u00e3o em dinheiro e cach\u00eas\"}]},{\"@type\":\"WebSite\",\"@id\":\"https:\/\/jornalfatosenoticias.com.br\/#website\",\"url\":\"https:\/\/jornalfatosenoticias.com.br\/\",\"name\":\"Jornal Fatos e Not\u00edcias\",\"description\":\"Not\u00edcias em geral\",\"publisher\":{\"@id\":\"https:\/\/jornalfatosenoticias.com.br\/#organization\"},\"potentialAction\":[{\"@type\":\"SearchAction\",\"target\":{\"@type\":\"EntryPoint\",\"urlTemplate\":\"https:\/\/jornalfatosenoticias.com.br\/?s={search_term_string}\"},\"query-input\":{\"@type\":\"PropertyValueSpecification\",\"valueRequired\":true,\"valueName\":\"search_term_string\"}}],\"inLanguage\":\"pt-BR\"},{\"@type\":\"Organization\",\"@id\":\"https:\/\/jornalfatosenoticias.com.br\/#organization\",\"name\":\"Jornal Fatos e Not\u00edcias\",\"url\":\"https:\/\/jornalfatosenoticias.com.br\/\",\"logo\":{\"@type\":\"ImageObject\",\"inLanguage\":\"pt-BR\",\"@id\":\"https:\/\/jornalfatosenoticias.com.br\/#\/schema\/logo\/image\/\",\"url\":\"https:\/\/jornalfatosenoticias.com.br\/wp-content\/uploads\/2020\/02\/logo120.png\",\"contentUrl\":\"https:\/\/jornalfatosenoticias.com.br\/wp-content\/uploads\/2020\/02\/logo120.png\",\"width\":1227,\"height\":120,\"caption\":\"Jornal Fatos e Not\u00edcias\"},\"image\":{\"@id\":\"https:\/\/jornalfatosenoticias.com.br\/#\/schema\/logo\/image\/\"}},{\"@type\":\"Person\",\"@id\":\"https:\/\/jornalfatosenoticias.com.br\/#\/schema\/person\/d63837fa13ac8666eb9e74e0985d6f81\",\"name\":\"Luzimara Fernandes\",\"image\":{\"@type\":\"ImageObject\",\"inLanguage\":\"pt-BR\",\"@id\":\"https:\/\/jornalfatosenoticias.com.br\/#\/schema\/person\/image\/\",\"url\":\"https:\/\/jornalfatosenoticias.com.br\/wp-content\/uploads\/2025\/05\/EU_portal.jpg\",\"contentUrl\":\"https:\/\/jornalfatosenoticias.com.br\/wp-content\/uploads\/2025\/05\/EU_portal.jpg\",\"caption\":\"Luzimara Fernandes\"},\"description\":\"Jornalista MTB 2358-ES\",\"sameAs\":[\"https:\/\/jornalfatosenoticias.com.br\"],\"url\":\"https:\/\/jornalfatosenoticias.com.br\/index.php\/author\/luzimara\/\"}]}<\/script>\n<!-- \/ Yoast SEO plugin. -->","yoast_head_json":{"title":"Festival Cine.Ema abre inscri\u00e7\u00f5es com premia\u00e7\u00e3o em dinheiro e cach\u00eas - Jornal Fatos e Not\u00edcias","robots":{"index":"index","follow":"follow","max-snippet":"max-snippet:-1","max-image-preview":"max-image-preview:large","max-video-preview":"max-video-preview:-1"},"canonical":"https:\/\/jornalfatosenoticias.com.br\/index.php\/2020\/07\/13\/festival-cine-ema-abre-inscricoes-com-premiacao-em-dinheiro-e-caches\/","og_locale":"pt_BR","og_type":"article","og_title":"Festival Cine.Ema abre inscri\u00e7\u00f5es com premia\u00e7\u00e3o em dinheiro e cach\u00eas - Jornal Fatos e Not\u00edcias","og_description":"Evento ser\u00e1 realizado on-line e inten\u00e7\u00e3o \u00e9 injetar recursos captados para custeio no setor do audiovisual, impactado economicamente com a pandemia do novo coronav\u00edrus O Cine.Ema \u2014 Festival de Cinema Ambiental do Esp\u00edrito Santo continua com inscri\u00e7\u00f5es abertas para sele\u00e7\u00e3o de curta-metragens para compor a programa\u00e7\u00e3o do evento em 2020. Os filmes selecionados far\u00e3o parte [&hellip;]","og_url":"https:\/\/jornalfatosenoticias.com.br\/index.php\/2020\/07\/13\/festival-cine-ema-abre-inscricoes-com-premiacao-em-dinheiro-e-caches\/","og_site_name":"Jornal Fatos e Not\u00edcias","article_published_time":"2020-07-13T13:21:28+00:00","article_modified_time":"2020-07-13T13:21:32+00:00","og_image":[{"width":1000,"height":612,"url":"https:\/\/jornalfatosenoticias.com.br\/wp-content\/uploads\/2020\/07\/festival_cineema_vargem_alta-capa.jpg","type":"image\/jpeg"}],"author":"Luzimara Fernandes","twitter_card":"summary_large_image","twitter_misc":{"Escrito por":"Luzimara Fernandes","Est. tempo de leitura":"3 minutos"},"schema":{"@context":"https:\/\/schema.org","@graph":[{"@type":"Article","@id":"https:\/\/jornalfatosenoticias.com.br\/index.php\/2020\/07\/13\/festival-cine-ema-abre-inscricoes-com-premiacao-em-dinheiro-e-caches\/#article","isPartOf":{"@id":"https:\/\/jornalfatosenoticias.com.br\/index.php\/2020\/07\/13\/festival-cine-ema-abre-inscricoes-com-premiacao-em-dinheiro-e-caches\/"},"author":{"name":"Luzimara Fernandes","@id":"https:\/\/jornalfatosenoticias.com.br\/#\/schema\/person\/d63837fa13ac8666eb9e74e0985d6f81"},"headline":"Festival Cine.Ema abre inscri\u00e7\u00f5es com premia\u00e7\u00e3o em dinheiro e cach\u00eas","datePublished":"2020-07-13T13:21:28+00:00","dateModified":"2020-07-13T13:21:32+00:00","mainEntityOfPage":{"@id":"https:\/\/jornalfatosenoticias.com.br\/index.php\/2020\/07\/13\/festival-cine-ema-abre-inscricoes-com-premiacao-em-dinheiro-e-caches\/"},"wordCount":573,"commentCount":0,"publisher":{"@id":"https:\/\/jornalfatosenoticias.com.br\/#organization"},"image":{"@id":"https:\/\/jornalfatosenoticias.com.br\/index.php\/2020\/07\/13\/festival-cine-ema-abre-inscricoes-com-premiacao-em-dinheiro-e-caches\/#primaryimage"},"thumbnailUrl":"https:\/\/jornalfatosenoticias.com.br\/wp-content\/uploads\/2020\/07\/festival_cineema_vargem_alta-capa.jpg","keywords":["Cine.Ema","pandemia coronav\u00edrus","setor audiovisual"],"articleSection":["Cultura"],"inLanguage":"pt-BR","potentialAction":[{"@type":"CommentAction","name":"Comment","target":["https:\/\/jornalfatosenoticias.com.br\/index.php\/2020\/07\/13\/festival-cine-ema-abre-inscricoes-com-premiacao-em-dinheiro-e-caches\/#respond"]}]},{"@type":"WebPage","@id":"https:\/\/jornalfatosenoticias.com.br\/index.php\/2020\/07\/13\/festival-cine-ema-abre-inscricoes-com-premiacao-em-dinheiro-e-caches\/","url":"https:\/\/jornalfatosenoticias.com.br\/index.php\/2020\/07\/13\/festival-cine-ema-abre-inscricoes-com-premiacao-em-dinheiro-e-caches\/","name":"Festival Cine.Ema abre inscri\u00e7\u00f5es com premia\u00e7\u00e3o em dinheiro e cach\u00eas - Jornal Fatos e Not\u00edcias","isPartOf":{"@id":"https:\/\/jornalfatosenoticias.com.br\/#website"},"primaryImageOfPage":{"@id":"https:\/\/jornalfatosenoticias.com.br\/index.php\/2020\/07\/13\/festival-cine-ema-abre-inscricoes-com-premiacao-em-dinheiro-e-caches\/#primaryimage"},"image":{"@id":"https:\/\/jornalfatosenoticias.com.br\/index.php\/2020\/07\/13\/festival-cine-ema-abre-inscricoes-com-premiacao-em-dinheiro-e-caches\/#primaryimage"},"thumbnailUrl":"https:\/\/jornalfatosenoticias.com.br\/wp-content\/uploads\/2020\/07\/festival_cineema_vargem_alta-capa.jpg","datePublished":"2020-07-13T13:21:28+00:00","dateModified":"2020-07-13T13:21:32+00:00","breadcrumb":{"@id":"https:\/\/jornalfatosenoticias.com.br\/index.php\/2020\/07\/13\/festival-cine-ema-abre-inscricoes-com-premiacao-em-dinheiro-e-caches\/#breadcrumb"},"inLanguage":"pt-BR","potentialAction":[{"@type":"ReadAction","target":["https:\/\/jornalfatosenoticias.com.br\/index.php\/2020\/07\/13\/festival-cine-ema-abre-inscricoes-com-premiacao-em-dinheiro-e-caches\/"]}]},{"@type":"ImageObject","inLanguage":"pt-BR","@id":"https:\/\/jornalfatosenoticias.com.br\/index.php\/2020\/07\/13\/festival-cine-ema-abre-inscricoes-com-premiacao-em-dinheiro-e-caches\/#primaryimage","url":"https:\/\/jornalfatosenoticias.com.br\/wp-content\/uploads\/2020\/07\/festival_cineema_vargem_alta-capa.jpg","contentUrl":"https:\/\/jornalfatosenoticias.com.br\/wp-content\/uploads\/2020\/07\/festival_cineema_vargem_alta-capa.jpg","width":1000,"height":612},{"@type":"BreadcrumbList","@id":"https:\/\/jornalfatosenoticias.com.br\/index.php\/2020\/07\/13\/festival-cine-ema-abre-inscricoes-com-premiacao-em-dinheiro-e-caches\/#breadcrumb","itemListElement":[{"@type":"ListItem","position":1,"name":"In\u00edcio","item":"https:\/\/jornalfatosenoticias.com.br\/"},{"@type":"ListItem","position":2,"name":"Festival Cine.Ema abre inscri\u00e7\u00f5es com premia\u00e7\u00e3o em dinheiro e cach\u00eas"}]},{"@type":"WebSite","@id":"https:\/\/jornalfatosenoticias.com.br\/#website","url":"https:\/\/jornalfatosenoticias.com.br\/","name":"Jornal Fatos e Not\u00edcias","description":"Not\u00edcias em geral","publisher":{"@id":"https:\/\/jornalfatosenoticias.com.br\/#organization"},"potentialAction":[{"@type":"SearchAction","target":{"@type":"EntryPoint","urlTemplate":"https:\/\/jornalfatosenoticias.com.br\/?s={search_term_string}"},"query-input":{"@type":"PropertyValueSpecification","valueRequired":true,"valueName":"search_term_string"}}],"inLanguage":"pt-BR"},{"@type":"Organization","@id":"https:\/\/jornalfatosenoticias.com.br\/#organization","name":"Jornal Fatos e Not\u00edcias","url":"https:\/\/jornalfatosenoticias.com.br\/","logo":{"@type":"ImageObject","inLanguage":"pt-BR","@id":"https:\/\/jornalfatosenoticias.com.br\/#\/schema\/logo\/image\/","url":"https:\/\/jornalfatosenoticias.com.br\/wp-content\/uploads\/2020\/02\/logo120.png","contentUrl":"https:\/\/jornalfatosenoticias.com.br\/wp-content\/uploads\/2020\/02\/logo120.png","width":1227,"height":120,"caption":"Jornal Fatos e Not\u00edcias"},"image":{"@id":"https:\/\/jornalfatosenoticias.com.br\/#\/schema\/logo\/image\/"}},{"@type":"Person","@id":"https:\/\/jornalfatosenoticias.com.br\/#\/schema\/person\/d63837fa13ac8666eb9e74e0985d6f81","name":"Luzimara Fernandes","image":{"@type":"ImageObject","inLanguage":"pt-BR","@id":"https:\/\/jornalfatosenoticias.com.br\/#\/schema\/person\/image\/","url":"https:\/\/jornalfatosenoticias.com.br\/wp-content\/uploads\/2025\/05\/EU_portal.jpg","contentUrl":"https:\/\/jornalfatosenoticias.com.br\/wp-content\/uploads\/2025\/05\/EU_portal.jpg","caption":"Luzimara Fernandes"},"description":"Jornalista MTB 2358-ES","sameAs":["https:\/\/jornalfatosenoticias.com.br"],"url":"https:\/\/jornalfatosenoticias.com.br\/index.php\/author\/luzimara\/"}]}},"cc_featured_image_caption":{"caption_text":"(Foto: Divulga\u00e7\u00e3o Secult)","source_text":"","source_url":""},"jetpack_featured_media_url":"https:\/\/jornalfatosenoticias.com.br\/wp-content\/uploads\/2020\/07\/festival_cineema_vargem_alta-capa.jpg","_links":{"self":[{"href":"https:\/\/jornalfatosenoticias.com.br\/index.php\/wp-json\/wp\/v2\/posts\/6343","targetHints":{"allow":["GET"]}}],"collection":[{"href":"https:\/\/jornalfatosenoticias.com.br\/index.php\/wp-json\/wp\/v2\/posts"}],"about":[{"href":"https:\/\/jornalfatosenoticias.com.br\/index.php\/wp-json\/wp\/v2\/types\/post"}],"author":[{"embeddable":true,"href":"https:\/\/jornalfatosenoticias.com.br\/index.php\/wp-json\/wp\/v2\/users\/2"}],"replies":[{"embeddable":true,"href":"https:\/\/jornalfatosenoticias.com.br\/index.php\/wp-json\/wp\/v2\/comments?post=6343"}],"version-history":[{"count":0,"href":"https:\/\/jornalfatosenoticias.com.br\/index.php\/wp-json\/wp\/v2\/posts\/6343\/revisions"}],"wp:featuredmedia":[{"embeddable":true,"href":"https:\/\/jornalfatosenoticias.com.br\/index.php\/wp-json\/wp\/v2\/media\/6344"}],"wp:attachment":[{"href":"https:\/\/jornalfatosenoticias.com.br\/index.php\/wp-json\/wp\/v2\/media?parent=6343"}],"wp:term":[{"taxonomy":"category","embeddable":true,"href":"https:\/\/jornalfatosenoticias.com.br\/index.php\/wp-json\/wp\/v2\/categories?post=6343"},{"taxonomy":"post_tag","embeddable":true,"href":"https:\/\/jornalfatosenoticias.com.br\/index.php\/wp-json\/wp\/v2\/tags?post=6343"}],"curies":[{"name":"wp","href":"https:\/\/api.w.org\/{rel}","templated":true}]}}