{"id":63441,"date":"2025-11-20T11:11:27","date_gmt":"2025-11-20T14:11:27","guid":{"rendered":"https:\/\/jornalfatosenoticias.com.br\/?p=63441"},"modified":"2025-11-20T11:11:28","modified_gmt":"2025-11-20T14:11:28","slug":"deputado-do-psol-quer-mudar-lema-da-bandeira-do-brasil-para-amor-ordem-e-progresso","status":"publish","type":"post","link":"https:\/\/jornalfatosenoticias.com.br\/index.php\/2025\/11\/20\/deputado-do-psol-quer-mudar-lema-da-bandeira-do-brasil-para-amor-ordem-e-progresso\/","title":{"rendered":"Deputado do Psol quer mudar lema da bandeira do Brasil para \u201cAmor, Ordem e Progresso\u201d"},"content":{"rendered":"\n<p><em><span class=\"has-inline-color has-black-color\">Chico Alencar quer mudar o lema da bandeira do Brasil para \u201cAmor, Ordem e Progresso\u201d<\/span><\/em><\/p>\n\n\n\n<p><span class=\"has-inline-color has-black-color\">Por <strong><a href=\"https:\/\/www.gazetadopovo.com.br\/autor\/camila-abrao\/\">Camila Abr\u00e3o<\/a><\/strong><\/span><\/p>\n\n\n\n<div class=\"wp-block-image\"><figure class=\"aligncenter size-large\"><a href=\"https:\/\/www.controlsystems.com.br\/\"><img loading=\"lazy\" decoding=\"async\" width=\"1024\" height=\"109\" src=\"https:\/\/jornalfatosenoticias.com.br\/wp-content\/uploads\/2020\/02\/CONTROL-CS2-1024x109.jpg\" alt=\"\" class=\"wp-image-44989\" srcset=\"https:\/\/jornalfatosenoticias.com.br\/wp-content\/uploads\/2020\/02\/CONTROL-CS2-1024x109.jpg 1024w, https:\/\/jornalfatosenoticias.com.br\/wp-content\/uploads\/2020\/02\/CONTROL-CS2-300x32.jpg 300w, https:\/\/jornalfatosenoticias.com.br\/wp-content\/uploads\/2020\/02\/CONTROL-CS2-768x82.jpg 768w, https:\/\/jornalfatosenoticias.com.br\/wp-content\/uploads\/2020\/02\/CONTROL-CS2.jpg 1120w\" sizes=\"auto, (max-width: 1024px) 100vw, 1024px\" \/><\/a><\/figure><\/div>\n\n\n\n<p>O deputado federal Chico Alencar (Psol-RJ) resgatou um projeto de lei que pretende alterar o lema da bandeira do Brasil para \u201cAmor, Ordem e Progresso\u201d. A proposta foi protocolada nesta quinta-feira (18), na v\u00e9spera do Dia da Bandeira, celebrado todo dia 19 de novembro. A express\u00e3o \u201cOrdem e Progresso\u201d foi inspirada em uma frase do fil\u00f3sofo positivista franc\u00eas Augusto Comte (1798-1857): \u201co amor por princ\u00edpio e a ordem por base; o progresso por fim\u201d.<br>\u201cTal redu\u00e7\u00e3o fez perder a ess\u00eancia do lema original, que procura resumir o positivismo como a religi\u00e3o do amor, a religi\u00e3o da ordem ou a religi\u00e3o do progresso\u201d, disse o deputado na justificativa do PL 5883\/2025.<\/p>\n\n\n\n<div class=\"wp-block-image\"><figure class=\"aligncenter size-large\"><img loading=\"lazy\" decoding=\"async\" width=\"1000\" height=\"571\" src=\"https:\/\/jornalfatosenoticias.com.br\/wp-content\/uploads\/2025\/11\/foto-realista-da-bandeira-brasil_freepik.jpg\" alt=\"\" class=\"wp-image-63443\" srcset=\"https:\/\/jornalfatosenoticias.com.br\/wp-content\/uploads\/2025\/11\/foto-realista-da-bandeira-brasil_freepik.jpg 1000w, https:\/\/jornalfatosenoticias.com.br\/wp-content\/uploads\/2025\/11\/foto-realista-da-bandeira-brasil_freepik-300x171.jpg 300w, https:\/\/jornalfatosenoticias.com.br\/wp-content\/uploads\/2025\/11\/foto-realista-da-bandeira-brasil_freepik-768x439.jpg 768w\" sizes=\"auto, (max-width: 1000px) 100vw, 1000px\" \/><figcaption><em><span class=\"has-inline-color has-black-color\">Bandeira do Brasil (Foto: Freepik)<\/span><\/em><\/figcaption><\/figure><\/div>\n\n\n\n<p>\u201cEm outras palavras: o amor procura a ordem e leva ao progresso; a ordem consolida o amor e dirige o progresso; o progresso desenvolve a ordem e conduz ao amor\u201d, acrescentou. Alencar tentou emplacar a mudan\u00e7a com um projeto apresentado em 2003.<\/p>\n\n\n\n<div class=\"wp-block-image\"><figure class=\"aligncenter size-large is-resized\"><a href=\"https:\/\/www.facebook.com\/postobkr\/?locale=pt_BR\"><img loading=\"lazy\" decoding=\"async\" src=\"https:\/\/jornalfatosenoticias.com.br\/wp-content\/uploads\/2023\/08\/BKR-1024x1021.jpg\" alt=\"\" class=\"wp-image-44494\" width=\"314\" height=\"313\" srcset=\"https:\/\/jornalfatosenoticias.com.br\/wp-content\/uploads\/2023\/08\/BKR-1024x1021.jpg 1024w, https:\/\/jornalfatosenoticias.com.br\/wp-content\/uploads\/2023\/08\/BKR-300x300.jpg 300w, https:\/\/jornalfatosenoticias.com.br\/wp-content\/uploads\/2023\/08\/BKR-150x150.jpg 150w, https:\/\/jornalfatosenoticias.com.br\/wp-content\/uploads\/2023\/08\/BKR-768x766.jpg 768w, https:\/\/jornalfatosenoticias.com.br\/wp-content\/uploads\/2023\/08\/BKR.jpg 1080w\" sizes=\"auto, (max-width: 314px) 100vw, 314px\" \/><\/a><\/figure><\/div>\n\n\n\n<p>O ex-senador Eduardo Suplicy (PT-SP) apoiou o projeto do deputado em 2012. \u201cS\u00f3 agora no s\u00e9culo 21 \u00e9 que podemos ter uma ideia melhor da import\u00e2ncia dessa palavra como catalisadora de miseric\u00f3rdia, de caridade, de solidariedade entre as pessoas\u201d, disse Suplicy \u00e0 \u00e9poca.<\/p>\n\n\n\n<div class=\"wp-block-image\"><figure class=\"aligncenter size-large is-resized\"><a href=\"https:\/\/www.instagram.com\/restaurantepegoretti\/\"><img loading=\"lazy\" decoding=\"async\" src=\"https:\/\/jornalfatosenoticias.com.br\/wp-content\/uploads\/2023\/12\/pegoretti-logo-pdf-1024x389.jpg\" alt=\"\" class=\"wp-image-47536\" width=\"464\" height=\"176\" srcset=\"https:\/\/jornalfatosenoticias.com.br\/wp-content\/uploads\/2023\/12\/pegoretti-logo-pdf-1024x389.jpg 1024w, https:\/\/jornalfatosenoticias.com.br\/wp-content\/uploads\/2023\/12\/pegoretti-logo-pdf-300x114.jpg 300w, https:\/\/jornalfatosenoticias.com.br\/wp-content\/uploads\/2023\/12\/pegoretti-logo-pdf-768x291.jpg 768w, https:\/\/jornalfatosenoticias.com.br\/wp-content\/uploads\/2023\/12\/pegoretti-logo-pdf.jpg 1120w\" sizes=\"auto, (max-width: 464px) 100vw, 464px\" \/><\/a><\/figure><\/div>\n\n\n\n<p>A bandeira do Brasil foi projetada pelo fil\u00f3sofo e matem\u00e1tico Raimundo Teixeira Mendes e pelo fil\u00f3sofo Miguel Lemos, com desenho do artista D\u00e9cio Vilares.<\/p>\n\n\n\n<p><strong>Fonte: <a href=\"https:\/\/www.gazetadopovo.com.br\/republica\/deputado-psol-quer-mudar-lema-da-bandeira-do-brasil-amor-ordem-e-progresso\/\">Gazeta do Povo<\/a><\/strong><\/p>\n","protected":false},"excerpt":{"rendered":"<p>Chico Alencar quer mudar o lema da bandeira do Brasil para \u201cAmor, Ordem e Progresso\u201d Por Camila Abr\u00e3o O deputado federal Chico Alencar (Psol-RJ) resgatou um projeto de lei que pretende alterar o lema da bandeira do Brasil para \u201cAmor, Ordem e Progresso\u201d. A proposta foi protocolada nesta quinta-feira (18), na v\u00e9spera do Dia da [&hellip;]<\/p>\n","protected":false},"author":3,"featured_media":63442,"comment_status":"open","ping_status":"open","sticky":false,"template":"","format":"standard","meta":{"footnotes":""},"categories":[10],"tags":[15599,28965,23097,22873],"class_list":["post-63441","post","type-post","status-publish","format-standard","has-post-thumbnail","hentry","category-politica","tag-bandeira-do-brasil","tag-chico-alencar","tag-deputado-federal","tag-psol"],"yoast_head":"<!-- This site is optimized with the Yoast SEO plugin v26.5 - https:\/\/yoast.com\/wordpress\/plugins\/seo\/ -->\n<title>Deputado do Psol quer mudar lema da bandeira do Brasil para \u201cAmor, Ordem e Progresso\u201d - Jornal Fatos e Not\u00edcias<\/title>\n<meta name=\"robots\" content=\"index, follow, max-snippet:-1, max-image-preview:large, max-video-preview:-1\" \/>\n<link rel=\"canonical\" href=\"https:\/\/jornalfatosenoticias.com.br\/index.php\/2025\/11\/20\/deputado-do-psol-quer-mudar-lema-da-bandeira-do-brasil-para-amor-ordem-e-progresso\/\" \/>\n<meta property=\"og:locale\" content=\"pt_BR\" \/>\n<meta property=\"og:type\" content=\"article\" \/>\n<meta property=\"og:title\" content=\"Deputado do Psol quer mudar lema da bandeira do Brasil para \u201cAmor, Ordem e Progresso\u201d - Jornal Fatos e Not\u00edcias\" \/>\n<meta property=\"og:description\" content=\"Chico Alencar quer mudar o lema da bandeira do Brasil para \u201cAmor, Ordem e Progresso\u201d Por Camila Abr\u00e3o O deputado federal Chico Alencar (Psol-RJ) resgatou um projeto de lei que pretende alterar o lema da bandeira do Brasil para \u201cAmor, Ordem e Progresso\u201d. A proposta foi protocolada nesta quinta-feira (18), na v\u00e9spera do Dia da [&hellip;]\" \/>\n<meta property=\"og:url\" content=\"https:\/\/jornalfatosenoticias.com.br\/index.php\/2025\/11\/20\/deputado-do-psol-quer-mudar-lema-da-bandeira-do-brasil-para-amor-ordem-e-progresso\/\" \/>\n<meta property=\"og:site_name\" content=\"Jornal Fatos e Not\u00edcias\" \/>\n<meta property=\"article:published_time\" content=\"2025-11-20T14:11:27+00:00\" \/>\n<meta property=\"article:modified_time\" content=\"2025-11-20T14:11:28+00:00\" \/>\n<meta property=\"og:image\" content=\"https:\/\/jornalfatosenoticias.com.br\/wp-content\/uploads\/2025\/11\/chico-alencar-pl-bandeira-do-brasil.jpg\" \/>\n\t<meta property=\"og:image:width\" content=\"1000\" \/>\n\t<meta property=\"og:image:height\" content=\"616\" \/>\n\t<meta property=\"og:image:type\" content=\"image\/jpeg\" \/>\n<meta name=\"author\" content=\"Haroldo Filho\" \/>\n<meta name=\"twitter:card\" content=\"summary_large_image\" \/>\n<meta name=\"twitter:label1\" content=\"Escrito por\" \/>\n\t<meta name=\"twitter:data1\" content=\"Haroldo Filho\" \/>\n\t<meta name=\"twitter:label2\" content=\"Est. tempo de leitura\" \/>\n\t<meta name=\"twitter:data2\" content=\"1 minuto\" \/>\n<script type=\"application\/ld+json\" class=\"yoast-schema-graph\">{\"@context\":\"https:\/\/schema.org\",\"@graph\":[{\"@type\":\"Article\",\"@id\":\"https:\/\/jornalfatosenoticias.com.br\/index.php\/2025\/11\/20\/deputado-do-psol-quer-mudar-lema-da-bandeira-do-brasil-para-amor-ordem-e-progresso\/#article\",\"isPartOf\":{\"@id\":\"https:\/\/jornalfatosenoticias.com.br\/index.php\/2025\/11\/20\/deputado-do-psol-quer-mudar-lema-da-bandeira-do-brasil-para-amor-ordem-e-progresso\/\"},\"author\":{\"name\":\"Haroldo Filho\",\"@id\":\"https:\/\/jornalfatosenoticias.com.br\/#\/schema\/person\/05c46cc25b42a5c27e004fb0fa6b4965\"},\"headline\":\"Deputado do Psol quer mudar lema da bandeira do Brasil para \u201cAmor, Ordem e Progresso\u201d\",\"datePublished\":\"2025-11-20T14:11:27+00:00\",\"dateModified\":\"2025-11-20T14:11:28+00:00\",\"mainEntityOfPage\":{\"@id\":\"https:\/\/jornalfatosenoticias.com.br\/index.php\/2025\/11\/20\/deputado-do-psol-quer-mudar-lema-da-bandeira-do-brasil-para-amor-ordem-e-progresso\/\"},\"wordCount\":272,\"commentCount\":0,\"publisher\":{\"@id\":\"https:\/\/jornalfatosenoticias.com.br\/#organization\"},\"image\":{\"@id\":\"https:\/\/jornalfatosenoticias.com.br\/index.php\/2025\/11\/20\/deputado-do-psol-quer-mudar-lema-da-bandeira-do-brasil-para-amor-ordem-e-progresso\/#primaryimage\"},\"thumbnailUrl\":\"https:\/\/jornalfatosenoticias.com.br\/wp-content\/uploads\/2025\/11\/chico-alencar-pl-bandeira-do-brasil.jpg\",\"keywords\":[\"bandeira do Brasil\",\"Chico Alencar\",\"Deputado Federal\",\"PSOL\"],\"articleSection\":[\"Pol\u00edtica\"],\"inLanguage\":\"pt-BR\",\"potentialAction\":[{\"@type\":\"CommentAction\",\"name\":\"Comment\",\"target\":[\"https:\/\/jornalfatosenoticias.com.br\/index.php\/2025\/11\/20\/deputado-do-psol-quer-mudar-lema-da-bandeira-do-brasil-para-amor-ordem-e-progresso\/#respond\"]}]},{\"@type\":\"WebPage\",\"@id\":\"https:\/\/jornalfatosenoticias.com.br\/index.php\/2025\/11\/20\/deputado-do-psol-quer-mudar-lema-da-bandeira-do-brasil-para-amor-ordem-e-progresso\/\",\"url\":\"https:\/\/jornalfatosenoticias.com.br\/index.php\/2025\/11\/20\/deputado-do-psol-quer-mudar-lema-da-bandeira-do-brasil-para-amor-ordem-e-progresso\/\",\"name\":\"Deputado do Psol quer mudar lema da bandeira do Brasil para \u201cAmor, Ordem e Progresso\u201d - Jornal Fatos e Not\u00edcias\",\"isPartOf\":{\"@id\":\"https:\/\/jornalfatosenoticias.com.br\/#website\"},\"primaryImageOfPage\":{\"@id\":\"https:\/\/jornalfatosenoticias.com.br\/index.php\/2025\/11\/20\/deputado-do-psol-quer-mudar-lema-da-bandeira-do-brasil-para-amor-ordem-e-progresso\/#primaryimage\"},\"image\":{\"@id\":\"https:\/\/jornalfatosenoticias.com.br\/index.php\/2025\/11\/20\/deputado-do-psol-quer-mudar-lema-da-bandeira-do-brasil-para-amor-ordem-e-progresso\/#primaryimage\"},\"thumbnailUrl\":\"https:\/\/jornalfatosenoticias.com.br\/wp-content\/uploads\/2025\/11\/chico-alencar-pl-bandeira-do-brasil.jpg\",\"datePublished\":\"2025-11-20T14:11:27+00:00\",\"dateModified\":\"2025-11-20T14:11:28+00:00\",\"breadcrumb\":{\"@id\":\"https:\/\/jornalfatosenoticias.com.br\/index.php\/2025\/11\/20\/deputado-do-psol-quer-mudar-lema-da-bandeira-do-brasil-para-amor-ordem-e-progresso\/#breadcrumb\"},\"inLanguage\":\"pt-BR\",\"potentialAction\":[{\"@type\":\"ReadAction\",\"target\":[\"https:\/\/jornalfatosenoticias.com.br\/index.php\/2025\/11\/20\/deputado-do-psol-quer-mudar-lema-da-bandeira-do-brasil-para-amor-ordem-e-progresso\/\"]}]},{\"@type\":\"ImageObject\",\"inLanguage\":\"pt-BR\",\"@id\":\"https:\/\/jornalfatosenoticias.com.br\/index.php\/2025\/11\/20\/deputado-do-psol-quer-mudar-lema-da-bandeira-do-brasil-para-amor-ordem-e-progresso\/#primaryimage\",\"url\":\"https:\/\/jornalfatosenoticias.com.br\/wp-content\/uploads\/2025\/11\/chico-alencar-pl-bandeira-do-brasil.jpg\",\"contentUrl\":\"https:\/\/jornalfatosenoticias.com.br\/wp-content\/uploads\/2025\/11\/chico-alencar-pl-bandeira-do-brasil.jpg\",\"width\":1000,\"height\":616},{\"@type\":\"BreadcrumbList\",\"@id\":\"https:\/\/jornalfatosenoticias.com.br\/index.php\/2025\/11\/20\/deputado-do-psol-quer-mudar-lema-da-bandeira-do-brasil-para-amor-ordem-e-progresso\/#breadcrumb\",\"itemListElement\":[{\"@type\":\"ListItem\",\"position\":1,\"name\":\"In\u00edcio\",\"item\":\"https:\/\/jornalfatosenoticias.com.br\/\"},{\"@type\":\"ListItem\",\"position\":2,\"name\":\"Deputado do Psol quer mudar lema da bandeira do Brasil para \u201cAmor, Ordem e Progresso\u201d\"}]},{\"@type\":\"WebSite\",\"@id\":\"https:\/\/jornalfatosenoticias.com.br\/#website\",\"url\":\"https:\/\/jornalfatosenoticias.com.br\/\",\"name\":\"Jornal Fatos e Not\u00edcias\",\"description\":\"Not\u00edcias em geral\",\"publisher\":{\"@id\":\"https:\/\/jornalfatosenoticias.com.br\/#organization\"},\"potentialAction\":[{\"@type\":\"SearchAction\",\"target\":{\"@type\":\"EntryPoint\",\"urlTemplate\":\"https:\/\/jornalfatosenoticias.com.br\/?s={search_term_string}\"},\"query-input\":{\"@type\":\"PropertyValueSpecification\",\"valueRequired\":true,\"valueName\":\"search_term_string\"}}],\"inLanguage\":\"pt-BR\"},{\"@type\":\"Organization\",\"@id\":\"https:\/\/jornalfatosenoticias.com.br\/#organization\",\"name\":\"Jornal Fatos e Not\u00edcias\",\"url\":\"https:\/\/jornalfatosenoticias.com.br\/\",\"logo\":{\"@type\":\"ImageObject\",\"inLanguage\":\"pt-BR\",\"@id\":\"https:\/\/jornalfatosenoticias.com.br\/#\/schema\/logo\/image\/\",\"url\":\"https:\/\/jornalfatosenoticias.com.br\/wp-content\/uploads\/2020\/02\/logo120.png\",\"contentUrl\":\"https:\/\/jornalfatosenoticias.com.br\/wp-content\/uploads\/2020\/02\/logo120.png\",\"width\":1227,\"height\":120,\"caption\":\"Jornal Fatos e Not\u00edcias\"},\"image\":{\"@id\":\"https:\/\/jornalfatosenoticias.com.br\/#\/schema\/logo\/image\/\"}},{\"@type\":\"Person\",\"@id\":\"https:\/\/jornalfatosenoticias.com.br\/#\/schema\/person\/05c46cc25b42a5c27e004fb0fa6b4965\",\"name\":\"Haroldo Filho\",\"image\":{\"@type\":\"ImageObject\",\"inLanguage\":\"pt-BR\",\"@id\":\"https:\/\/jornalfatosenoticias.com.br\/#\/schema\/person\/image\/\",\"url\":\"https:\/\/jornalfatosenoticias.com.br\/wp-content\/uploads\/2025\/08\/WhatsApp-Image-2025-08-18-at-15.30.28-150x150.jpeg\",\"contentUrl\":\"https:\/\/jornalfatosenoticias.com.br\/wp-content\/uploads\/2025\/08\/WhatsApp-Image-2025-08-18-at-15.30.28-150x150.jpeg\",\"caption\":\"Haroldo Filho\"},\"description\":\"Jornalista \u2013 DRT: 0003818\/ES Coordenador-geral da ONG Educar para Crescer\",\"url\":\"https:\/\/jornalfatosenoticias.com.br\/index.php\/author\/haroldo\/\"}]}<\/script>\n<!-- \/ Yoast SEO plugin. -->","yoast_head_json":{"title":"Deputado do Psol quer mudar lema da bandeira do Brasil para \u201cAmor, Ordem e Progresso\u201d - Jornal Fatos e Not\u00edcias","robots":{"index":"index","follow":"follow","max-snippet":"max-snippet:-1","max-image-preview":"max-image-preview:large","max-video-preview":"max-video-preview:-1"},"canonical":"https:\/\/jornalfatosenoticias.com.br\/index.php\/2025\/11\/20\/deputado-do-psol-quer-mudar-lema-da-bandeira-do-brasil-para-amor-ordem-e-progresso\/","og_locale":"pt_BR","og_type":"article","og_title":"Deputado do Psol quer mudar lema da bandeira do Brasil para \u201cAmor, Ordem e Progresso\u201d - Jornal Fatos e Not\u00edcias","og_description":"Chico Alencar quer mudar o lema da bandeira do Brasil para \u201cAmor, Ordem e Progresso\u201d Por Camila Abr\u00e3o O deputado federal Chico Alencar (Psol-RJ) resgatou um projeto de lei que pretende alterar o lema da bandeira do Brasil para \u201cAmor, Ordem e Progresso\u201d. A proposta foi protocolada nesta quinta-feira (18), na v\u00e9spera do Dia da [&hellip;]","og_url":"https:\/\/jornalfatosenoticias.com.br\/index.php\/2025\/11\/20\/deputado-do-psol-quer-mudar-lema-da-bandeira-do-brasil-para-amor-ordem-e-progresso\/","og_site_name":"Jornal Fatos e Not\u00edcias","article_published_time":"2025-11-20T14:11:27+00:00","article_modified_time":"2025-11-20T14:11:28+00:00","og_image":[{"width":1000,"height":616,"url":"https:\/\/jornalfatosenoticias.com.br\/wp-content\/uploads\/2025\/11\/chico-alencar-pl-bandeira-do-brasil.jpg","type":"image\/jpeg"}],"author":"Haroldo Filho","twitter_card":"summary_large_image","twitter_misc":{"Escrito por":"Haroldo Filho","Est. tempo de leitura":"1 minuto"},"schema":{"@context":"https:\/\/schema.org","@graph":[{"@type":"Article","@id":"https:\/\/jornalfatosenoticias.com.br\/index.php\/2025\/11\/20\/deputado-do-psol-quer-mudar-lema-da-bandeira-do-brasil-para-amor-ordem-e-progresso\/#article","isPartOf":{"@id":"https:\/\/jornalfatosenoticias.com.br\/index.php\/2025\/11\/20\/deputado-do-psol-quer-mudar-lema-da-bandeira-do-brasil-para-amor-ordem-e-progresso\/"},"author":{"name":"Haroldo Filho","@id":"https:\/\/jornalfatosenoticias.com.br\/#\/schema\/person\/05c46cc25b42a5c27e004fb0fa6b4965"},"headline":"Deputado do Psol quer mudar lema da bandeira do Brasil para \u201cAmor, Ordem e Progresso\u201d","datePublished":"2025-11-20T14:11:27+00:00","dateModified":"2025-11-20T14:11:28+00:00","mainEntityOfPage":{"@id":"https:\/\/jornalfatosenoticias.com.br\/index.php\/2025\/11\/20\/deputado-do-psol-quer-mudar-lema-da-bandeira-do-brasil-para-amor-ordem-e-progresso\/"},"wordCount":272,"commentCount":0,"publisher":{"@id":"https:\/\/jornalfatosenoticias.com.br\/#organization"},"image":{"@id":"https:\/\/jornalfatosenoticias.com.br\/index.php\/2025\/11\/20\/deputado-do-psol-quer-mudar-lema-da-bandeira-do-brasil-para-amor-ordem-e-progresso\/#primaryimage"},"thumbnailUrl":"https:\/\/jornalfatosenoticias.com.br\/wp-content\/uploads\/2025\/11\/chico-alencar-pl-bandeira-do-brasil.jpg","keywords":["bandeira do Brasil","Chico Alencar","Deputado Federal","PSOL"],"articleSection":["Pol\u00edtica"],"inLanguage":"pt-BR","potentialAction":[{"@type":"CommentAction","name":"Comment","target":["https:\/\/jornalfatosenoticias.com.br\/index.php\/2025\/11\/20\/deputado-do-psol-quer-mudar-lema-da-bandeira-do-brasil-para-amor-ordem-e-progresso\/#respond"]}]},{"@type":"WebPage","@id":"https:\/\/jornalfatosenoticias.com.br\/index.php\/2025\/11\/20\/deputado-do-psol-quer-mudar-lema-da-bandeira-do-brasil-para-amor-ordem-e-progresso\/","url":"https:\/\/jornalfatosenoticias.com.br\/index.php\/2025\/11\/20\/deputado-do-psol-quer-mudar-lema-da-bandeira-do-brasil-para-amor-ordem-e-progresso\/","name":"Deputado do Psol quer mudar lema da bandeira do Brasil para \u201cAmor, Ordem e Progresso\u201d - Jornal Fatos e Not\u00edcias","isPartOf":{"@id":"https:\/\/jornalfatosenoticias.com.br\/#website"},"primaryImageOfPage":{"@id":"https:\/\/jornalfatosenoticias.com.br\/index.php\/2025\/11\/20\/deputado-do-psol-quer-mudar-lema-da-bandeira-do-brasil-para-amor-ordem-e-progresso\/#primaryimage"},"image":{"@id":"https:\/\/jornalfatosenoticias.com.br\/index.php\/2025\/11\/20\/deputado-do-psol-quer-mudar-lema-da-bandeira-do-brasil-para-amor-ordem-e-progresso\/#primaryimage"},"thumbnailUrl":"https:\/\/jornalfatosenoticias.com.br\/wp-content\/uploads\/2025\/11\/chico-alencar-pl-bandeira-do-brasil.jpg","datePublished":"2025-11-20T14:11:27+00:00","dateModified":"2025-11-20T14:11:28+00:00","breadcrumb":{"@id":"https:\/\/jornalfatosenoticias.com.br\/index.php\/2025\/11\/20\/deputado-do-psol-quer-mudar-lema-da-bandeira-do-brasil-para-amor-ordem-e-progresso\/#breadcrumb"},"inLanguage":"pt-BR","potentialAction":[{"@type":"ReadAction","target":["https:\/\/jornalfatosenoticias.com.br\/index.php\/2025\/11\/20\/deputado-do-psol-quer-mudar-lema-da-bandeira-do-brasil-para-amor-ordem-e-progresso\/"]}]},{"@type":"ImageObject","inLanguage":"pt-BR","@id":"https:\/\/jornalfatosenoticias.com.br\/index.php\/2025\/11\/20\/deputado-do-psol-quer-mudar-lema-da-bandeira-do-brasil-para-amor-ordem-e-progresso\/#primaryimage","url":"https:\/\/jornalfatosenoticias.com.br\/wp-content\/uploads\/2025\/11\/chico-alencar-pl-bandeira-do-brasil.jpg","contentUrl":"https:\/\/jornalfatosenoticias.com.br\/wp-content\/uploads\/2025\/11\/chico-alencar-pl-bandeira-do-brasil.jpg","width":1000,"height":616},{"@type":"BreadcrumbList","@id":"https:\/\/jornalfatosenoticias.com.br\/index.php\/2025\/11\/20\/deputado-do-psol-quer-mudar-lema-da-bandeira-do-brasil-para-amor-ordem-e-progresso\/#breadcrumb","itemListElement":[{"@type":"ListItem","position":1,"name":"In\u00edcio","item":"https:\/\/jornalfatosenoticias.com.br\/"},{"@type":"ListItem","position":2,"name":"Deputado do Psol quer mudar lema da bandeira do Brasil para \u201cAmor, Ordem e Progresso\u201d"}]},{"@type":"WebSite","@id":"https:\/\/jornalfatosenoticias.com.br\/#website","url":"https:\/\/jornalfatosenoticias.com.br\/","name":"Jornal Fatos e Not\u00edcias","description":"Not\u00edcias em geral","publisher":{"@id":"https:\/\/jornalfatosenoticias.com.br\/#organization"},"potentialAction":[{"@type":"SearchAction","target":{"@type":"EntryPoint","urlTemplate":"https:\/\/jornalfatosenoticias.com.br\/?s={search_term_string}"},"query-input":{"@type":"PropertyValueSpecification","valueRequired":true,"valueName":"search_term_string"}}],"inLanguage":"pt-BR"},{"@type":"Organization","@id":"https:\/\/jornalfatosenoticias.com.br\/#organization","name":"Jornal Fatos e Not\u00edcias","url":"https:\/\/jornalfatosenoticias.com.br\/","logo":{"@type":"ImageObject","inLanguage":"pt-BR","@id":"https:\/\/jornalfatosenoticias.com.br\/#\/schema\/logo\/image\/","url":"https:\/\/jornalfatosenoticias.com.br\/wp-content\/uploads\/2020\/02\/logo120.png","contentUrl":"https:\/\/jornalfatosenoticias.com.br\/wp-content\/uploads\/2020\/02\/logo120.png","width":1227,"height":120,"caption":"Jornal Fatos e Not\u00edcias"},"image":{"@id":"https:\/\/jornalfatosenoticias.com.br\/#\/schema\/logo\/image\/"}},{"@type":"Person","@id":"https:\/\/jornalfatosenoticias.com.br\/#\/schema\/person\/05c46cc25b42a5c27e004fb0fa6b4965","name":"Haroldo Filho","image":{"@type":"ImageObject","inLanguage":"pt-BR","@id":"https:\/\/jornalfatosenoticias.com.br\/#\/schema\/person\/image\/","url":"https:\/\/jornalfatosenoticias.com.br\/wp-content\/uploads\/2025\/08\/WhatsApp-Image-2025-08-18-at-15.30.28-150x150.jpeg","contentUrl":"https:\/\/jornalfatosenoticias.com.br\/wp-content\/uploads\/2025\/08\/WhatsApp-Image-2025-08-18-at-15.30.28-150x150.jpeg","caption":"Haroldo Filho"},"description":"Jornalista \u2013 DRT: 0003818\/ES Coordenador-geral da ONG Educar para Crescer","url":"https:\/\/jornalfatosenoticias.com.br\/index.php\/author\/haroldo\/"}]}},"cc_featured_image_caption":{"caption_text":"(Foto: Bruno Spada\/C\u00e2mara dos Deputados) ","source_text":"","source_url":""},"jetpack_featured_media_url":"https:\/\/jornalfatosenoticias.com.br\/wp-content\/uploads\/2025\/11\/chico-alencar-pl-bandeira-do-brasil.jpg","_links":{"self":[{"href":"https:\/\/jornalfatosenoticias.com.br\/index.php\/wp-json\/wp\/v2\/posts\/63441","targetHints":{"allow":["GET"]}}],"collection":[{"href":"https:\/\/jornalfatosenoticias.com.br\/index.php\/wp-json\/wp\/v2\/posts"}],"about":[{"href":"https:\/\/jornalfatosenoticias.com.br\/index.php\/wp-json\/wp\/v2\/types\/post"}],"author":[{"embeddable":true,"href":"https:\/\/jornalfatosenoticias.com.br\/index.php\/wp-json\/wp\/v2\/users\/3"}],"replies":[{"embeddable":true,"href":"https:\/\/jornalfatosenoticias.com.br\/index.php\/wp-json\/wp\/v2\/comments?post=63441"}],"version-history":[{"count":0,"href":"https:\/\/jornalfatosenoticias.com.br\/index.php\/wp-json\/wp\/v2\/posts\/63441\/revisions"}],"wp:featuredmedia":[{"embeddable":true,"href":"https:\/\/jornalfatosenoticias.com.br\/index.php\/wp-json\/wp\/v2\/media\/63442"}],"wp:attachment":[{"href":"https:\/\/jornalfatosenoticias.com.br\/index.php\/wp-json\/wp\/v2\/media?parent=63441"}],"wp:term":[{"taxonomy":"category","embeddable":true,"href":"https:\/\/jornalfatosenoticias.com.br\/index.php\/wp-json\/wp\/v2\/categories?post=63441"},{"taxonomy":"post_tag","embeddable":true,"href":"https:\/\/jornalfatosenoticias.com.br\/index.php\/wp-json\/wp\/v2\/tags?post=63441"}],"curies":[{"name":"wp","href":"https:\/\/api.w.org\/{rel}","templated":true}]}}