{"id":63475,"date":"2025-11-24T10:17:25","date_gmt":"2025-11-24T13:17:25","guid":{"rendered":"https:\/\/jornalfatosenoticias.com.br\/?p=63475"},"modified":"2025-11-24T10:17:27","modified_gmt":"2025-11-24T13:17:27","slug":"por-que-algumas-pessoas-precisam-de-menos-horas-de-sono-resposta-esta-na-genetica","status":"publish","type":"post","link":"https:\/\/jornalfatosenoticias.com.br\/index.php\/2025\/11\/24\/por-que-algumas-pessoas-precisam-de-menos-horas-de-sono-resposta-esta-na-genetica\/","title":{"rendered":"Por que algumas pessoas precisam de menos horas de sono? Resposta est\u00e1 na gen\u00e9tica"},"content":{"rendered":"\n<p><em><span class=\"has-inline-color has-black-color\">Pesquisas revelam que algumas pessoas possuem variantes gen\u00e9ticas que tornam o sono mais eficiente, permitindo que o corpo repare tudo em menos tempo<\/span><\/em><\/p>\n\n\n\n<p><span class=\"has-inline-color has-black-color\">Por <strong><a href=\"https:\/\/www.bonsfluidos.com.br\/author\/isabella-bisordi\">Isabella Bisordi<\/a><\/strong><\/span><\/p>\n\n\n\n<div class=\"wp-block-image\"><figure class=\"aligncenter size-large\"><a href=\"https:\/\/panper.com.br\/\"><img loading=\"lazy\" decoding=\"async\" width=\"1024\" height=\"111\" src=\"https:\/\/jornalfatosenoticias.com.br\/wp-content\/uploads\/2020\/02\/WhatsApp-Image-2022-09-23-at-12.09.18-1024x111.jpeg\" alt=\"\" class=\"wp-image-34527\" srcset=\"https:\/\/jornalfatosenoticias.com.br\/wp-content\/uploads\/2020\/02\/WhatsApp-Image-2022-09-23-at-12.09.18-1024x111.jpeg 1024w, https:\/\/jornalfatosenoticias.com.br\/wp-content\/uploads\/2020\/02\/WhatsApp-Image-2022-09-23-at-12.09.18-300x32.jpeg 300w, https:\/\/jornalfatosenoticias.com.br\/wp-content\/uploads\/2020\/02\/WhatsApp-Image-2022-09-23-at-12.09.18-768x83.jpeg 768w, https:\/\/jornalfatosenoticias.com.br\/wp-content\/uploads\/2020\/02\/WhatsApp-Image-2022-09-23-at-12.09.18.jpeg 1121w\" sizes=\"auto, (max-width: 1024px) 100vw, 1024px\" \/><\/a><\/figure><\/div>\n\n\n\n<p><a href=\"https:\/\/www.bonsfluidos.com.br\/comportamento\/por-que-dormir-com-a-televisao-ligada-pode-prejudicar-o-seu-sono.phtml\">Dormir<\/a> entre sete e nove horas por noite \u00e9 a recomenda\u00e7\u00e3o cl\u00e1ssica para a maior parte dos adultos. Ainda assim, existe um grupo muito pequeno de pessoas cuja biologia funciona em outro ritmo: mesmo tendo bem menos horas de sono, elas despertam recuperadas, alertas e cheias de energia. A ci\u00eancia vem investigando esse fen\u00f4meno h\u00e1 mais de duas d\u00e9cadas \u2014 e descobrindo que a explica\u00e7\u00e3o pode estar no DNA.<br>Um estudo publicado recentemente trouxe novas pistas. Os pesquisadores identificaram uma muta\u00e7\u00e3o <a href=\"https:\/\/www.bonsfluidos.com.br\/no-prato\/gostar-ou-nao-de-coentro-depende-de-sua-genetica-entenda.phtml\">gen\u00e9tica<\/a> rara no gene SIK3 em indiv\u00edduos que dormem pouco naturalmente. Ao reproduzir essa mesma altera\u00e7\u00e3o em camundongos, os animais tamb\u00e9m passaram a precisar de menos descanso.<\/p>\n\n\n\n<div class=\"wp-block-image\"><figure class=\"aligncenter size-large is-resized\"><a href=\"https:\/\/www.instagram.com\/esteio.churrascaria\/\"><img loading=\"lazy\" decoding=\"async\" src=\"https:\/\/jornalfatosenoticias.com.br\/wp-content\/uploads\/2022\/02\/LOGO-ESTEIO-1024x730.png\" alt=\"\" class=\"wp-image-27942\" width=\"313\" height=\"223\" srcset=\"https:\/\/jornalfatosenoticias.com.br\/wp-content\/uploads\/2022\/02\/LOGO-ESTEIO-1024x730.png 1024w, https:\/\/jornalfatosenoticias.com.br\/wp-content\/uploads\/2022\/02\/LOGO-ESTEIO-300x214.png 300w, https:\/\/jornalfatosenoticias.com.br\/wp-content\/uploads\/2022\/02\/LOGO-ESTEIO-768x548.png 768w, https:\/\/jornalfatosenoticias.com.br\/wp-content\/uploads\/2022\/02\/LOGO-ESTEIO.png 1123w\" sizes=\"auto, (max-width: 313px) 100vw, 313px\" \/><\/a><\/figure><\/div>\n\n\n\n<p>A investiga\u00e7\u00e3o come\u00e7ou com o sequenciamento gen\u00e9tico de uma pessoa que dormia pouco sem apresentar qualquer dist\u00farbio do sono \u2014 ela simplesmente acordava bem, mesmo com horas reduzidas. A an\u00e1lise revelou uma muta\u00e7\u00e3o no SIK3, gene que produz uma enzima ativa entre os <a href=\"https:\/\/www.bonsfluidos.com.br\/no-prato\/veja-7-alimentos-para-estimular-o-crescimento-de-neuronios.phtml\">neur\u00f4nios<\/a> e que parece influenciar o modo como o c\u00e9rebro se reorganiza durante a noite.<\/p>\n\n\n\n<div class=\"wp-block-image\"><figure class=\"aligncenter size-large is-resized\"><a href=\"https:\/\/www.instagram.com\/serra4x4cambioautomatico\/\"><img loading=\"lazy\" decoding=\"async\" src=\"https:\/\/jornalfatosenoticias.com.br\/wp-content\/uploads\/2024\/08\/Serra-4x4-1-886x1024.jpg\" alt=\"\" class=\"wp-image-53632\" width=\"283\" height=\"326\" srcset=\"https:\/\/jornalfatosenoticias.com.br\/wp-content\/uploads\/2024\/08\/Serra-4x4-1-886x1024.jpg 886w, https:\/\/jornalfatosenoticias.com.br\/wp-content\/uploads\/2024\/08\/Serra-4x4-1-260x300.jpg 260w, https:\/\/jornalfatosenoticias.com.br\/wp-content\/uploads\/2024\/08\/Serra-4x4-1-768x888.jpg 768w, https:\/\/jornalfatosenoticias.com.br\/wp-content\/uploads\/2024\/08\/Serra-4x4-1.jpg 1181w\" sizes=\"auto, (max-width: 283px) 100vw, 283px\" \/><\/a><\/figure><\/div>\n\n\n\n<p>A descoberta ainda n\u00e3o \u00e9 conclusiva, mas reafirma algo que pesquisadores j\u00e1 suspeitam: existe um grupo muito raro de pessoas cujo <a href=\"https:\/\/www.bonsfluidos.com.br\/no-prato\/consumo-de-batata-doce-pode-trazer-uma-serie-de-beneficios-ao-organismo-confira.phtml\">organismo<\/a> realiza os processos reparadores \u2014 limpeza celular, consolida\u00e7\u00e3o de mem\u00f3ria, equil\u00edbrio hormonal \u2014 de forma mais eficiente durante o sono. Como explica a neurocientista Ying-Hui Fu, coautora da pesquisa,<em> \u201cnossos corpos continuam trabalhando quando vamos para a cama, se desintoxicando e reparando danos. Mas nessas pessoas, todas as fun\u00e7\u00f5es que nossos corpos realizam enquanto dormimos podem simplesmente funcionar em um n\u00edvel mais alto\u201d<\/em>. <\/p>\n\n\n\n<div class=\"wp-block-image\"><figure class=\"aligncenter size-large is-resized\"><a href=\"https:\/\/hotelmarquetti.com.br\/\"><img loading=\"lazy\" decoding=\"async\" src=\"https:\/\/jornalfatosenoticias.com.br\/wp-content\/uploads\/2020\/02\/LOGO-MQ-1024x680.jpg\" alt=\"\" class=\"wp-image-58299\" width=\"341\" height=\"226\" srcset=\"https:\/\/jornalfatosenoticias.com.br\/wp-content\/uploads\/2020\/02\/LOGO-MQ-1024x680.jpg 1024w, https:\/\/jornalfatosenoticias.com.br\/wp-content\/uploads\/2020\/02\/LOGO-MQ-300x199.jpg 300w, https:\/\/jornalfatosenoticias.com.br\/wp-content\/uploads\/2020\/02\/LOGO-MQ-768x510.jpg 768w, https:\/\/jornalfatosenoticias.com.br\/wp-content\/uploads\/2020\/02\/LOGO-MQ-1536x1020.jpg 1536w, https:\/\/jornalfatosenoticias.com.br\/wp-content\/uploads\/2020\/02\/LOGO-MQ-2048x1360.jpg 2048w\" sizes=\"auto, (max-width: 341px) 100vw, 341px\" \/><\/a><\/figure><\/div>\n\n\n\n<p>O estudo integra uma linha de pesquisas iniciada nos anos 2000, quando o genoma de uma m\u00e3e e uma filha com sono naturalmente curto revelou a primeira muta\u00e7\u00e3o ligada ao ritmo circadiano humano. Desde ent\u00e3o, j\u00e1 foram identificadas cinco muta\u00e7\u00f5es em quatro <a href=\"https:\/\/www.bonsfluidos.com.br\/autoconhecimento\/mulheres-tem-o-dobro-de-genes-associados-a-depressao-diz-estudo.phtml\">genes<\/a> diferentes que podem contribuir para essa caracter\u00edstica.<\/p>\n\n\n\n<div class=\"wp-block-image\"><figure class=\"aligncenter size-large is-resized\"><a href=\"https:\/\/www.controlsystems.com.br\/\"><img loading=\"lazy\" decoding=\"async\" src=\"https:\/\/jornalfatosenoticias.com.br\/wp-content\/uploads\/2020\/02\/CONTROL-CS.jpg\" alt=\"\" class=\"wp-image-44991\" width=\"260\" height=\"312\" srcset=\"https:\/\/jornalfatosenoticias.com.br\/wp-content\/uploads\/2020\/02\/CONTROL-CS.jpg 834w, https:\/\/jornalfatosenoticias.com.br\/wp-content\/uploads\/2020\/02\/CONTROL-CS-250x300.jpg 250w, https:\/\/jornalfatosenoticias.com.br\/wp-content\/uploads\/2020\/02\/CONTROL-CS-768x921.jpg 768w\" sizes=\"auto, (max-width: 260px) 100vw, 260px\" \/><\/a><\/figure><\/div>\n\n\n\n<p>Embora n\u00e3o exista um \u00fanico <a href=\"https:\/\/www.bonsfluidos.com.br\/mundo-animal\/humanos-e-labradores-possuem-os-mesmos-genes-que-aumentam-risco-de-obesidade-diz-pesquisa.phtml\">gene<\/a> respons\u00e1vel pelo ato de dormir, diversos estudos mostram que a gen\u00e9tica influencia a dura\u00e7\u00e3o e a qualidade do sono. Um trabalho de 2019, que analisou dados de mais de 446 mil pessoas, identificou mais de 70 regi\u00f5es gen\u00e9ticas associadas \u00e0 dura\u00e7\u00e3o do sono \u2014 incluindo variantes ligadas a: maior ou menor necessidade de descanso; tend\u00eancia ao ac\u00famulo de gordura corporal; mais sintomas de depress\u00e3o; n\u00edveis de escolaridade diferentes. Os resultados refor\u00e7am que tanto dormir pouco quanto dormir demais pode estar associado a impactos negativos na sa\u00fade.<\/p>\n\n\n\n<div class=\"wp-block-image\"><figure class=\"aligncenter size-large is-resized\"><a href=\"https:\/\/www.instagram.com\/restaurantepegoretti\/\"><img loading=\"lazy\" decoding=\"async\" src=\"https:\/\/jornalfatosenoticias.com.br\/wp-content\/uploads\/2023\/12\/pegoretti-logo-pdf-1024x389.jpg\" alt=\"\" class=\"wp-image-47536\" width=\"499\" height=\"189\" srcset=\"https:\/\/jornalfatosenoticias.com.br\/wp-content\/uploads\/2023\/12\/pegoretti-logo-pdf-1024x389.jpg 1024w, https:\/\/jornalfatosenoticias.com.br\/wp-content\/uploads\/2023\/12\/pegoretti-logo-pdf-300x114.jpg 300w, https:\/\/jornalfatosenoticias.com.br\/wp-content\/uploads\/2023\/12\/pegoretti-logo-pdf-768x291.jpg 768w, https:\/\/jornalfatosenoticias.com.br\/wp-content\/uploads\/2023\/12\/pegoretti-logo-pdf.jpg 1120w\" sizes=\"auto, (max-width: 499px) 100vw, 499px\" \/><\/a><\/figure><\/div>\n\n\n\n<p>Embora algumas pessoas extraordinariamente raras consigam funcionar bem com tr\u00eas a seis horas por noite, a maioria de n\u00f3s n\u00e3o possui essas muta\u00e7\u00f5es. Para o restante da popula\u00e7\u00e3o, dormir pouco costuma trazer consequ\u00eancias claras: cansa\u00e7o persistente; dificuldade de foco; irritabilidade e altera\u00e7\u00f5es de humor; preju\u00edzo de mem\u00f3ria; dores de cabe\u00e7a; ansiedade e depress\u00e3o. A longo prazo, a priva\u00e7\u00e3o de sono aumenta o risco de doen\u00e7as graves, como infarto, AVC e <a href=\"https:\/\/www.bonsfluidos.com.br\/saude\/exame-de-sangue-facilita-o-diagnostico-precoce-de-alzheimer-veja.phtml\"><em>Alzheimer<\/em><\/a>.<\/p>\n\n\n\n<div class=\"wp-block-image\"><figure class=\"aligncenter size-large is-resized\"><a href=\"https:\/\/www.facebook.com\/postobkr\/?locale=pt_BR\"><img loading=\"lazy\" decoding=\"async\" src=\"https:\/\/jornalfatosenoticias.com.br\/wp-content\/uploads\/2023\/08\/BKR-1024x1021.jpg\" alt=\"\" class=\"wp-image-44494\" width=\"276\" height=\"275\" srcset=\"https:\/\/jornalfatosenoticias.com.br\/wp-content\/uploads\/2023\/08\/BKR-1024x1021.jpg 1024w, https:\/\/jornalfatosenoticias.com.br\/wp-content\/uploads\/2023\/08\/BKR-300x300.jpg 300w, https:\/\/jornalfatosenoticias.com.br\/wp-content\/uploads\/2023\/08\/BKR-150x150.jpg 150w, https:\/\/jornalfatosenoticias.com.br\/wp-content\/uploads\/2023\/08\/BKR-768x766.jpg 768w, https:\/\/jornalfatosenoticias.com.br\/wp-content\/uploads\/2023\/08\/BKR.jpg 1080w\" sizes=\"auto, (max-width: 276px) 100vw, 276px\" \/><\/a><\/figure><\/div>\n\n\n\n<p>Institui\u00e7\u00f5es como <em>Harvard<\/em> refor\u00e7am que a maioria dos adultos precisa de pelo menos oito horas por noite para garantir reparo f\u00edsico e mental adequados. Crian\u00e7as e <a href=\"https:\/\/www.bonsfluidos.com.br\/autoconhecimento\/ruminacoes-o-que-sao-os-pensamentos-repetitivos-que-afetam-adolescentes.phtml\">adolescentes<\/a> necessitam de ainda mais; j\u00e1 beb\u00eas podem chegar a 16 horas por dia. Grande parte desse processo \u00e9 regulada pelo ciclo circadiano, o sistema interno que organiza ritmos como sono, vig\u00edlia, temperatura e libera\u00e7\u00e3o hormonal. Ele responde principalmente \u00e0 luz: quando o ambiente escurece, o corpo aumenta a produ\u00e7\u00e3o de <a href=\"https:\/\/www.bonsfluidos.com.br\/saude\/uso-prolongado-de-melatonina-aumenta-risco-de-insuficiencia-cardiaca-diz-estudo.phtml\">melatonina<\/a>, sinalizando o momento de desacelerar. Assim como a necessidade de sono, o funcionamento desse rel\u00f3gio tamb\u00e9m varia entre indiv\u00edduos. Alguns s\u00e3o naturalmente mais diurnos, outros mais noturnos.<\/p>\n\n\n\n<div class=\"wp-block-image\"><figure class=\"aligncenter size-large is-resized\"><a href=\"https:\/\/www.facebook.com\/profile.php?id=100069289606145\"><img loading=\"lazy\" decoding=\"async\" src=\"https:\/\/jornalfatosenoticias.com.br\/wp-content\/uploads\/2024\/11\/Guaitolini-Contabilidade-1024x714.jpeg\" alt=\"\" class=\"wp-image-55808\" width=\"319\" height=\"222\" srcset=\"https:\/\/jornalfatosenoticias.com.br\/wp-content\/uploads\/2024\/11\/Guaitolini-Contabilidade-1024x714.jpeg 1024w, https:\/\/jornalfatosenoticias.com.br\/wp-content\/uploads\/2024\/11\/Guaitolini-Contabilidade-300x209.jpeg 300w, https:\/\/jornalfatosenoticias.com.br\/wp-content\/uploads\/2024\/11\/Guaitolini-Contabilidade-768x535.jpeg 768w, https:\/\/jornalfatosenoticias.com.br\/wp-content\/uploads\/2024\/11\/Guaitolini-Contabilidade.jpeg 1280w\" sizes=\"auto, (max-width: 319px) 100vw, 319px\" \/><\/a><\/figure><\/div>\n\n\n\n<p>A ideia de dormir pouco e ganhar tempo no dia \u00e9 tentadora, mas perigosa. Especialistas alertam que a imensa maioria das pessoas n\u00e3o possui as muta\u00e7\u00f5es que permitem um sono curto saud\u00e1vel. Ou seja, dormir pouco tende a resultar em preju\u00edzos, mesmo que no in\u00edcio n\u00e3o pare\u00e7a. Somente indiv\u00edduos com uma configura\u00e7\u00e3o gen\u00e9tica muito espec\u00edfica conseguem manter fun\u00e7\u00f5es <a href=\"https:\/\/www.bonsfluidos.com.br\/saude\/governo-aprova-projeto-que-amplia-acesso-a-cirurgia-de-mama.phtml\">reparadoras<\/a> em ritmo acelerado, e eles s\u00e3o rar\u00edssimos.<\/p>\n\n\n\n<div class=\"wp-block-image\"><figure class=\"aligncenter size-large is-resized\"><a href=\"https:\/\/legisjuris.com.br\/\"><img loading=\"lazy\" decoding=\"async\" src=\"https:\/\/jornalfatosenoticias.com.br\/wp-content\/uploads\/2024\/09\/Legis-Juris-Consultoria_logo.jpg\" alt=\"\" class=\"wp-image-53915\" width=\"516\" height=\"216\" srcset=\"https:\/\/jornalfatosenoticias.com.br\/wp-content\/uploads\/2024\/09\/Legis-Juris-Consultoria_logo.jpg 969w, https:\/\/jornalfatosenoticias.com.br\/wp-content\/uploads\/2024\/09\/Legis-Juris-Consultoria_logo-300x126.jpg 300w, https:\/\/jornalfatosenoticias.com.br\/wp-content\/uploads\/2024\/09\/Legis-Juris-Consultoria_logo-768x322.jpg 768w\" sizes=\"auto, (max-width: 516px) 100vw, 516px\" \/><\/a><\/figure><\/div>\n\n\n\n<p><strong>Fonte: <a href=\"https:\/\/www.bonsfluidos.com.br\/bem-estar\/por-que-algumas-pessoas-precisam-de-menos-horas-de-sono-resposta-esta-na-genetica.phtml\">Bons Fluidos<\/a><\/strong><\/p>\n","protected":false},"excerpt":{"rendered":"<p>Pesquisas revelam que algumas pessoas possuem variantes gen\u00e9ticas que tornam o sono mais eficiente, permitindo que o corpo repare tudo em menos tempo Por Isabella Bisordi Dormir entre sete e nove horas por noite \u00e9 a recomenda\u00e7\u00e3o cl\u00e1ssica para a maior parte dos adultos. Ainda assim, existe um grupo muito pequeno de pessoas cuja biologia [&hellip;]<\/p>\n","protected":false},"author":2,"featured_media":63476,"comment_status":"open","ping_status":"open","sticky":false,"template":"","format":"standard","meta":{"footnotes":""},"categories":[42],"tags":[385,166,1400,242,5536,3204,18184,2148,74,1138],"class_list":["post-63475","post","type-post","status-publish","format-standard","has-post-thumbnail","hentry","category-bem-estar","tag-bem-estar","tag-ciencia","tag-comportamento","tag-corpo","tag-descanso","tag-genetica","tag-hora-de-dormir","tag-medicina","tag-saude","tag-sono"],"yoast_head":"<!-- This site is optimized with the Yoast SEO plugin v26.5 - https:\/\/yoast.com\/wordpress\/plugins\/seo\/ -->\n<title>Por que algumas pessoas precisam de menos horas de sono? Resposta est\u00e1 na gen\u00e9tica - Jornal Fatos e Not\u00edcias<\/title>\n<meta name=\"robots\" content=\"index, follow, max-snippet:-1, max-image-preview:large, max-video-preview:-1\" \/>\n<link rel=\"canonical\" href=\"https:\/\/jornalfatosenoticias.com.br\/index.php\/2025\/11\/24\/por-que-algumas-pessoas-precisam-de-menos-horas-de-sono-resposta-esta-na-genetica\/\" \/>\n<meta property=\"og:locale\" content=\"pt_BR\" \/>\n<meta property=\"og:type\" content=\"article\" \/>\n<meta property=\"og:title\" content=\"Por que algumas pessoas precisam de menos horas de sono? Resposta est\u00e1 na gen\u00e9tica - Jornal Fatos e Not\u00edcias\" \/>\n<meta property=\"og:description\" content=\"Pesquisas revelam que algumas pessoas possuem variantes gen\u00e9ticas que tornam o sono mais eficiente, permitindo que o corpo repare tudo em menos tempo Por Isabella Bisordi Dormir entre sete e nove horas por noite \u00e9 a recomenda\u00e7\u00e3o cl\u00e1ssica para a maior parte dos adultos. Ainda assim, existe um grupo muito pequeno de pessoas cuja biologia [&hellip;]\" \/>\n<meta property=\"og:url\" content=\"https:\/\/jornalfatosenoticias.com.br\/index.php\/2025\/11\/24\/por-que-algumas-pessoas-precisam-de-menos-horas-de-sono-resposta-esta-na-genetica\/\" \/>\n<meta property=\"og:site_name\" content=\"Jornal Fatos e Not\u00edcias\" \/>\n<meta property=\"article:published_time\" content=\"2025-11-24T13:17:25+00:00\" \/>\n<meta property=\"article:modified_time\" content=\"2025-11-24T13:17:27+00:00\" \/>\n<meta property=\"og:image\" content=\"https:\/\/jornalfatosenoticias.com.br\/wp-content\/uploads\/2025\/11\/horas-de-sono_istock.jpg\" \/>\n\t<meta property=\"og:image:width\" content=\"612\" \/>\n\t<meta property=\"og:image:height\" content=\"344\" \/>\n\t<meta property=\"og:image:type\" content=\"image\/jpeg\" \/>\n<meta name=\"author\" content=\"Luzimara Fernandes\" \/>\n<meta name=\"twitter:card\" content=\"summary_large_image\" \/>\n<meta name=\"twitter:label1\" content=\"Escrito por\" \/>\n\t<meta name=\"twitter:data1\" content=\"Luzimara Fernandes\" \/>\n\t<meta name=\"twitter:label2\" content=\"Est. tempo de leitura\" \/>\n\t<meta name=\"twitter:data2\" content=\"4 minutos\" \/>\n<script type=\"application\/ld+json\" class=\"yoast-schema-graph\">{\"@context\":\"https:\/\/schema.org\",\"@graph\":[{\"@type\":\"Article\",\"@id\":\"https:\/\/jornalfatosenoticias.com.br\/index.php\/2025\/11\/24\/por-que-algumas-pessoas-precisam-de-menos-horas-de-sono-resposta-esta-na-genetica\/#article\",\"isPartOf\":{\"@id\":\"https:\/\/jornalfatosenoticias.com.br\/index.php\/2025\/11\/24\/por-que-algumas-pessoas-precisam-de-menos-horas-de-sono-resposta-esta-na-genetica\/\"},\"author\":{\"name\":\"Luzimara Fernandes\",\"@id\":\"https:\/\/jornalfatosenoticias.com.br\/#\/schema\/person\/d63837fa13ac8666eb9e74e0985d6f81\"},\"headline\":\"Por que algumas pessoas precisam de menos horas de sono? Resposta est\u00e1 na gen\u00e9tica\",\"datePublished\":\"2025-11-24T13:17:25+00:00\",\"dateModified\":\"2025-11-24T13:17:27+00:00\",\"mainEntityOfPage\":{\"@id\":\"https:\/\/jornalfatosenoticias.com.br\/index.php\/2025\/11\/24\/por-que-algumas-pessoas-precisam-de-menos-horas-de-sono-resposta-esta-na-genetica\/\"},\"wordCount\":747,\"commentCount\":0,\"publisher\":{\"@id\":\"https:\/\/jornalfatosenoticias.com.br\/#organization\"},\"image\":{\"@id\":\"https:\/\/jornalfatosenoticias.com.br\/index.php\/2025\/11\/24\/por-que-algumas-pessoas-precisam-de-menos-horas-de-sono-resposta-esta-na-genetica\/#primaryimage\"},\"thumbnailUrl\":\"https:\/\/jornalfatosenoticias.com.br\/wp-content\/uploads\/2025\/11\/horas-de-sono_istock.jpg\",\"keywords\":[\"bem-estar\",\"ci\u00eancia\",\"comportamento\",\"corpo\",\"descanso\",\"gen\u00e9tica\",\"hora de dormir\",\"medicina\",\"sa\u00fade\",\"sono\"],\"articleSection\":[\"Bem-estar\"],\"inLanguage\":\"pt-BR\",\"potentialAction\":[{\"@type\":\"CommentAction\",\"name\":\"Comment\",\"target\":[\"https:\/\/jornalfatosenoticias.com.br\/index.php\/2025\/11\/24\/por-que-algumas-pessoas-precisam-de-menos-horas-de-sono-resposta-esta-na-genetica\/#respond\"]}]},{\"@type\":\"WebPage\",\"@id\":\"https:\/\/jornalfatosenoticias.com.br\/index.php\/2025\/11\/24\/por-que-algumas-pessoas-precisam-de-menos-horas-de-sono-resposta-esta-na-genetica\/\",\"url\":\"https:\/\/jornalfatosenoticias.com.br\/index.php\/2025\/11\/24\/por-que-algumas-pessoas-precisam-de-menos-horas-de-sono-resposta-esta-na-genetica\/\",\"name\":\"Por que algumas pessoas precisam de menos horas de sono? Resposta est\u00e1 na gen\u00e9tica - Jornal Fatos e Not\u00edcias\",\"isPartOf\":{\"@id\":\"https:\/\/jornalfatosenoticias.com.br\/#website\"},\"primaryImageOfPage\":{\"@id\":\"https:\/\/jornalfatosenoticias.com.br\/index.php\/2025\/11\/24\/por-que-algumas-pessoas-precisam-de-menos-horas-de-sono-resposta-esta-na-genetica\/#primaryimage\"},\"image\":{\"@id\":\"https:\/\/jornalfatosenoticias.com.br\/index.php\/2025\/11\/24\/por-que-algumas-pessoas-precisam-de-menos-horas-de-sono-resposta-esta-na-genetica\/#primaryimage\"},\"thumbnailUrl\":\"https:\/\/jornalfatosenoticias.com.br\/wp-content\/uploads\/2025\/11\/horas-de-sono_istock.jpg\",\"datePublished\":\"2025-11-24T13:17:25+00:00\",\"dateModified\":\"2025-11-24T13:17:27+00:00\",\"breadcrumb\":{\"@id\":\"https:\/\/jornalfatosenoticias.com.br\/index.php\/2025\/11\/24\/por-que-algumas-pessoas-precisam-de-menos-horas-de-sono-resposta-esta-na-genetica\/#breadcrumb\"},\"inLanguage\":\"pt-BR\",\"potentialAction\":[{\"@type\":\"ReadAction\",\"target\":[\"https:\/\/jornalfatosenoticias.com.br\/index.php\/2025\/11\/24\/por-que-algumas-pessoas-precisam-de-menos-horas-de-sono-resposta-esta-na-genetica\/\"]}]},{\"@type\":\"ImageObject\",\"inLanguage\":\"pt-BR\",\"@id\":\"https:\/\/jornalfatosenoticias.com.br\/index.php\/2025\/11\/24\/por-que-algumas-pessoas-precisam-de-menos-horas-de-sono-resposta-esta-na-genetica\/#primaryimage\",\"url\":\"https:\/\/jornalfatosenoticias.com.br\/wp-content\/uploads\/2025\/11\/horas-de-sono_istock.jpg\",\"contentUrl\":\"https:\/\/jornalfatosenoticias.com.br\/wp-content\/uploads\/2025\/11\/horas-de-sono_istock.jpg\",\"width\":612,\"height\":344,\"caption\":\"Young Asian woman with pajamas wear sleep mask laying on convenience and comfort bed feel calm and relaxing in bedroom at home late morning. Eyes mask temperature control , Sleep innovation concept.\"},{\"@type\":\"BreadcrumbList\",\"@id\":\"https:\/\/jornalfatosenoticias.com.br\/index.php\/2025\/11\/24\/por-que-algumas-pessoas-precisam-de-menos-horas-de-sono-resposta-esta-na-genetica\/#breadcrumb\",\"itemListElement\":[{\"@type\":\"ListItem\",\"position\":1,\"name\":\"In\u00edcio\",\"item\":\"https:\/\/jornalfatosenoticias.com.br\/\"},{\"@type\":\"ListItem\",\"position\":2,\"name\":\"Por que algumas pessoas precisam de menos horas de sono? Resposta est\u00e1 na gen\u00e9tica\"}]},{\"@type\":\"WebSite\",\"@id\":\"https:\/\/jornalfatosenoticias.com.br\/#website\",\"url\":\"https:\/\/jornalfatosenoticias.com.br\/\",\"name\":\"Jornal Fatos e Not\u00edcias\",\"description\":\"Not\u00edcias em geral\",\"publisher\":{\"@id\":\"https:\/\/jornalfatosenoticias.com.br\/#organization\"},\"potentialAction\":[{\"@type\":\"SearchAction\",\"target\":{\"@type\":\"EntryPoint\",\"urlTemplate\":\"https:\/\/jornalfatosenoticias.com.br\/?s={search_term_string}\"},\"query-input\":{\"@type\":\"PropertyValueSpecification\",\"valueRequired\":true,\"valueName\":\"search_term_string\"}}],\"inLanguage\":\"pt-BR\"},{\"@type\":\"Organization\",\"@id\":\"https:\/\/jornalfatosenoticias.com.br\/#organization\",\"name\":\"Jornal Fatos e Not\u00edcias\",\"url\":\"https:\/\/jornalfatosenoticias.com.br\/\",\"logo\":{\"@type\":\"ImageObject\",\"inLanguage\":\"pt-BR\",\"@id\":\"https:\/\/jornalfatosenoticias.com.br\/#\/schema\/logo\/image\/\",\"url\":\"https:\/\/jornalfatosenoticias.com.br\/wp-content\/uploads\/2020\/02\/logo120.png\",\"contentUrl\":\"https:\/\/jornalfatosenoticias.com.br\/wp-content\/uploads\/2020\/02\/logo120.png\",\"width\":1227,\"height\":120,\"caption\":\"Jornal Fatos e Not\u00edcias\"},\"image\":{\"@id\":\"https:\/\/jornalfatosenoticias.com.br\/#\/schema\/logo\/image\/\"}},{\"@type\":\"Person\",\"@id\":\"https:\/\/jornalfatosenoticias.com.br\/#\/schema\/person\/d63837fa13ac8666eb9e74e0985d6f81\",\"name\":\"Luzimara Fernandes\",\"image\":{\"@type\":\"ImageObject\",\"inLanguage\":\"pt-BR\",\"@id\":\"https:\/\/jornalfatosenoticias.com.br\/#\/schema\/person\/image\/\",\"url\":\"https:\/\/jornalfatosenoticias.com.br\/wp-content\/uploads\/2025\/05\/EU_portal.jpg\",\"contentUrl\":\"https:\/\/jornalfatosenoticias.com.br\/wp-content\/uploads\/2025\/05\/EU_portal.jpg\",\"caption\":\"Luzimara Fernandes\"},\"description\":\"Jornalista MTB 2358-ES\",\"sameAs\":[\"https:\/\/jornalfatosenoticias.com.br\"],\"url\":\"https:\/\/jornalfatosenoticias.com.br\/index.php\/author\/luzimara\/\"}]}<\/script>\n<!-- \/ Yoast SEO plugin. -->","yoast_head_json":{"title":"Por que algumas pessoas precisam de menos horas de sono? Resposta est\u00e1 na gen\u00e9tica - Jornal Fatos e Not\u00edcias","robots":{"index":"index","follow":"follow","max-snippet":"max-snippet:-1","max-image-preview":"max-image-preview:large","max-video-preview":"max-video-preview:-1"},"canonical":"https:\/\/jornalfatosenoticias.com.br\/index.php\/2025\/11\/24\/por-que-algumas-pessoas-precisam-de-menos-horas-de-sono-resposta-esta-na-genetica\/","og_locale":"pt_BR","og_type":"article","og_title":"Por que algumas pessoas precisam de menos horas de sono? Resposta est\u00e1 na gen\u00e9tica - Jornal Fatos e Not\u00edcias","og_description":"Pesquisas revelam que algumas pessoas possuem variantes gen\u00e9ticas que tornam o sono mais eficiente, permitindo que o corpo repare tudo em menos tempo Por Isabella Bisordi Dormir entre sete e nove horas por noite \u00e9 a recomenda\u00e7\u00e3o cl\u00e1ssica para a maior parte dos adultos. Ainda assim, existe um grupo muito pequeno de pessoas cuja biologia [&hellip;]","og_url":"https:\/\/jornalfatosenoticias.com.br\/index.php\/2025\/11\/24\/por-que-algumas-pessoas-precisam-de-menos-horas-de-sono-resposta-esta-na-genetica\/","og_site_name":"Jornal Fatos e Not\u00edcias","article_published_time":"2025-11-24T13:17:25+00:00","article_modified_time":"2025-11-24T13:17:27+00:00","og_image":[{"width":612,"height":344,"url":"https:\/\/jornalfatosenoticias.com.br\/wp-content\/uploads\/2025\/11\/horas-de-sono_istock.jpg","type":"image\/jpeg"}],"author":"Luzimara Fernandes","twitter_card":"summary_large_image","twitter_misc":{"Escrito por":"Luzimara Fernandes","Est. tempo de leitura":"4 minutos"},"schema":{"@context":"https:\/\/schema.org","@graph":[{"@type":"Article","@id":"https:\/\/jornalfatosenoticias.com.br\/index.php\/2025\/11\/24\/por-que-algumas-pessoas-precisam-de-menos-horas-de-sono-resposta-esta-na-genetica\/#article","isPartOf":{"@id":"https:\/\/jornalfatosenoticias.com.br\/index.php\/2025\/11\/24\/por-que-algumas-pessoas-precisam-de-menos-horas-de-sono-resposta-esta-na-genetica\/"},"author":{"name":"Luzimara Fernandes","@id":"https:\/\/jornalfatosenoticias.com.br\/#\/schema\/person\/d63837fa13ac8666eb9e74e0985d6f81"},"headline":"Por que algumas pessoas precisam de menos horas de sono? Resposta est\u00e1 na gen\u00e9tica","datePublished":"2025-11-24T13:17:25+00:00","dateModified":"2025-11-24T13:17:27+00:00","mainEntityOfPage":{"@id":"https:\/\/jornalfatosenoticias.com.br\/index.php\/2025\/11\/24\/por-que-algumas-pessoas-precisam-de-menos-horas-de-sono-resposta-esta-na-genetica\/"},"wordCount":747,"commentCount":0,"publisher":{"@id":"https:\/\/jornalfatosenoticias.com.br\/#organization"},"image":{"@id":"https:\/\/jornalfatosenoticias.com.br\/index.php\/2025\/11\/24\/por-que-algumas-pessoas-precisam-de-menos-horas-de-sono-resposta-esta-na-genetica\/#primaryimage"},"thumbnailUrl":"https:\/\/jornalfatosenoticias.com.br\/wp-content\/uploads\/2025\/11\/horas-de-sono_istock.jpg","keywords":["bem-estar","ci\u00eancia","comportamento","corpo","descanso","gen\u00e9tica","hora de dormir","medicina","sa\u00fade","sono"],"articleSection":["Bem-estar"],"inLanguage":"pt-BR","potentialAction":[{"@type":"CommentAction","name":"Comment","target":["https:\/\/jornalfatosenoticias.com.br\/index.php\/2025\/11\/24\/por-que-algumas-pessoas-precisam-de-menos-horas-de-sono-resposta-esta-na-genetica\/#respond"]}]},{"@type":"WebPage","@id":"https:\/\/jornalfatosenoticias.com.br\/index.php\/2025\/11\/24\/por-que-algumas-pessoas-precisam-de-menos-horas-de-sono-resposta-esta-na-genetica\/","url":"https:\/\/jornalfatosenoticias.com.br\/index.php\/2025\/11\/24\/por-que-algumas-pessoas-precisam-de-menos-horas-de-sono-resposta-esta-na-genetica\/","name":"Por que algumas pessoas precisam de menos horas de sono? Resposta est\u00e1 na gen\u00e9tica - Jornal Fatos e Not\u00edcias","isPartOf":{"@id":"https:\/\/jornalfatosenoticias.com.br\/#website"},"primaryImageOfPage":{"@id":"https:\/\/jornalfatosenoticias.com.br\/index.php\/2025\/11\/24\/por-que-algumas-pessoas-precisam-de-menos-horas-de-sono-resposta-esta-na-genetica\/#primaryimage"},"image":{"@id":"https:\/\/jornalfatosenoticias.com.br\/index.php\/2025\/11\/24\/por-que-algumas-pessoas-precisam-de-menos-horas-de-sono-resposta-esta-na-genetica\/#primaryimage"},"thumbnailUrl":"https:\/\/jornalfatosenoticias.com.br\/wp-content\/uploads\/2025\/11\/horas-de-sono_istock.jpg","datePublished":"2025-11-24T13:17:25+00:00","dateModified":"2025-11-24T13:17:27+00:00","breadcrumb":{"@id":"https:\/\/jornalfatosenoticias.com.br\/index.php\/2025\/11\/24\/por-que-algumas-pessoas-precisam-de-menos-horas-de-sono-resposta-esta-na-genetica\/#breadcrumb"},"inLanguage":"pt-BR","potentialAction":[{"@type":"ReadAction","target":["https:\/\/jornalfatosenoticias.com.br\/index.php\/2025\/11\/24\/por-que-algumas-pessoas-precisam-de-menos-horas-de-sono-resposta-esta-na-genetica\/"]}]},{"@type":"ImageObject","inLanguage":"pt-BR","@id":"https:\/\/jornalfatosenoticias.com.br\/index.php\/2025\/11\/24\/por-que-algumas-pessoas-precisam-de-menos-horas-de-sono-resposta-esta-na-genetica\/#primaryimage","url":"https:\/\/jornalfatosenoticias.com.br\/wp-content\/uploads\/2025\/11\/horas-de-sono_istock.jpg","contentUrl":"https:\/\/jornalfatosenoticias.com.br\/wp-content\/uploads\/2025\/11\/horas-de-sono_istock.jpg","width":612,"height":344,"caption":"Young Asian woman with pajamas wear sleep mask laying on convenience and comfort bed feel calm and relaxing in bedroom at home late morning. Eyes mask temperature control , Sleep innovation concept."},{"@type":"BreadcrumbList","@id":"https:\/\/jornalfatosenoticias.com.br\/index.php\/2025\/11\/24\/por-que-algumas-pessoas-precisam-de-menos-horas-de-sono-resposta-esta-na-genetica\/#breadcrumb","itemListElement":[{"@type":"ListItem","position":1,"name":"In\u00edcio","item":"https:\/\/jornalfatosenoticias.com.br\/"},{"@type":"ListItem","position":2,"name":"Por que algumas pessoas precisam de menos horas de sono? Resposta est\u00e1 na gen\u00e9tica"}]},{"@type":"WebSite","@id":"https:\/\/jornalfatosenoticias.com.br\/#website","url":"https:\/\/jornalfatosenoticias.com.br\/","name":"Jornal Fatos e Not\u00edcias","description":"Not\u00edcias em geral","publisher":{"@id":"https:\/\/jornalfatosenoticias.com.br\/#organization"},"potentialAction":[{"@type":"SearchAction","target":{"@type":"EntryPoint","urlTemplate":"https:\/\/jornalfatosenoticias.com.br\/?s={search_term_string}"},"query-input":{"@type":"PropertyValueSpecification","valueRequired":true,"valueName":"search_term_string"}}],"inLanguage":"pt-BR"},{"@type":"Organization","@id":"https:\/\/jornalfatosenoticias.com.br\/#organization","name":"Jornal Fatos e Not\u00edcias","url":"https:\/\/jornalfatosenoticias.com.br\/","logo":{"@type":"ImageObject","inLanguage":"pt-BR","@id":"https:\/\/jornalfatosenoticias.com.br\/#\/schema\/logo\/image\/","url":"https:\/\/jornalfatosenoticias.com.br\/wp-content\/uploads\/2020\/02\/logo120.png","contentUrl":"https:\/\/jornalfatosenoticias.com.br\/wp-content\/uploads\/2020\/02\/logo120.png","width":1227,"height":120,"caption":"Jornal Fatos e Not\u00edcias"},"image":{"@id":"https:\/\/jornalfatosenoticias.com.br\/#\/schema\/logo\/image\/"}},{"@type":"Person","@id":"https:\/\/jornalfatosenoticias.com.br\/#\/schema\/person\/d63837fa13ac8666eb9e74e0985d6f81","name":"Luzimara Fernandes","image":{"@type":"ImageObject","inLanguage":"pt-BR","@id":"https:\/\/jornalfatosenoticias.com.br\/#\/schema\/person\/image\/","url":"https:\/\/jornalfatosenoticias.com.br\/wp-content\/uploads\/2025\/05\/EU_portal.jpg","contentUrl":"https:\/\/jornalfatosenoticias.com.br\/wp-content\/uploads\/2025\/05\/EU_portal.jpg","caption":"Luzimara Fernandes"},"description":"Jornalista MTB 2358-ES","sameAs":["https:\/\/jornalfatosenoticias.com.br"],"url":"https:\/\/jornalfatosenoticias.com.br\/index.php\/author\/luzimara\/"}]}},"cc_featured_image_caption":{"caption_text":"(Foto: iStock)","source_text":"","source_url":""},"jetpack_featured_media_url":"https:\/\/jornalfatosenoticias.com.br\/wp-content\/uploads\/2025\/11\/horas-de-sono_istock.jpg","_links":{"self":[{"href":"https:\/\/jornalfatosenoticias.com.br\/index.php\/wp-json\/wp\/v2\/posts\/63475","targetHints":{"allow":["GET"]}}],"collection":[{"href":"https:\/\/jornalfatosenoticias.com.br\/index.php\/wp-json\/wp\/v2\/posts"}],"about":[{"href":"https:\/\/jornalfatosenoticias.com.br\/index.php\/wp-json\/wp\/v2\/types\/post"}],"author":[{"embeddable":true,"href":"https:\/\/jornalfatosenoticias.com.br\/index.php\/wp-json\/wp\/v2\/users\/2"}],"replies":[{"embeddable":true,"href":"https:\/\/jornalfatosenoticias.com.br\/index.php\/wp-json\/wp\/v2\/comments?post=63475"}],"version-history":[{"count":0,"href":"https:\/\/jornalfatosenoticias.com.br\/index.php\/wp-json\/wp\/v2\/posts\/63475\/revisions"}],"wp:featuredmedia":[{"embeddable":true,"href":"https:\/\/jornalfatosenoticias.com.br\/index.php\/wp-json\/wp\/v2\/media\/63476"}],"wp:attachment":[{"href":"https:\/\/jornalfatosenoticias.com.br\/index.php\/wp-json\/wp\/v2\/media?parent=63475"}],"wp:term":[{"taxonomy":"category","embeddable":true,"href":"https:\/\/jornalfatosenoticias.com.br\/index.php\/wp-json\/wp\/v2\/categories?post=63475"},{"taxonomy":"post_tag","embeddable":true,"href":"https:\/\/jornalfatosenoticias.com.br\/index.php\/wp-json\/wp\/v2\/tags?post=63475"}],"curies":[{"name":"wp","href":"https:\/\/api.w.org\/{rel}","templated":true}]}}