{"id":63481,"date":"2025-11-24T10:33:52","date_gmt":"2025-11-24T13:33:52","guid":{"rendered":"https:\/\/jornalfatosenoticias.com.br\/?p=63481"},"modified":"2025-11-24T10:33:54","modified_gmt":"2025-11-24T13:33:54","slug":"robo-submarino-parte-para-primeira-circum-navegacao-autonoma-do-globo","status":"publish","type":"post","link":"https:\/\/jornalfatosenoticias.com.br\/index.php\/2025\/11\/24\/robo-submarino-parte-para-primeira-circum-navegacao-autonoma-do-globo\/","title":{"rendered":"Rob\u00f4 submarino parte para primeira circum-navega\u00e7\u00e3o aut\u00f4noma do globo"},"content":{"rendered":"\n<p><em><span class=\"has-inline-color has-black-color\">Rob\u00f4 que levar\u00e1 a cabo a Miss\u00e3o Sentinela, que pretende circundar o planeta de forma aut\u00f4noma<\/span><\/em><\/p>\n\n\n\n<div class=\"wp-block-image\"><figure class=\"aligncenter size-large is-resized\"><a href=\"https:\/\/www.facebook.com\/vetor.vix\/\"><img loading=\"lazy\" decoding=\"async\" src=\"https:\/\/jornalfatosenoticias.com.br\/wp-content\/uploads\/2023\/09\/vetorvix1024_1.jpg\" alt=\"\" class=\"wp-image-44868\" width=\"565\" height=\"150\" srcset=\"https:\/\/jornalfatosenoticias.com.br\/wp-content\/uploads\/2023\/09\/vetorvix1024_1.jpg 1024w, https:\/\/jornalfatosenoticias.com.br\/wp-content\/uploads\/2023\/09\/vetorvix1024_1-300x80.jpg 300w, https:\/\/jornalfatosenoticias.com.br\/wp-content\/uploads\/2023\/09\/vetorvix1024_1-768x205.jpg 768w\" sizes=\"auto, (max-width: 565px) 100vw, 565px\" \/><\/a><\/figure><\/div>\n\n\n\n<p>Pesquisadores da Universidade Rutgers, nos EUA, lan\u00e7aram ao mar um rob\u00f4 submarino aut\u00f4nomo, chamado <em>Redwing<\/em>, para uma miss\u00e3o hist\u00f3rica de cinco anos: Completar a primeira viagem de circum-navega\u00e7\u00e3o do planeta feita por um rob\u00f4 submarino.<br>Embora j\u00e1 existam <a href=\"https:\/\/www.inovacaotecnologica.com.br\/noticias\/noticia.php?artigo=robos-submarinos-monitoram-todos-os-oceanos&amp;id=010180080116\">rob\u00f4s submarinos monitorando todos os oceanos da Terra<\/a>, eles ainda s\u00e3o poucos para\u00a0<a href=\"https:\/\/www.inovacaotecnologica.com.br\/noticias\/noticia.php?artigo=estudos-sobre-oceanos&amp;id=020175120308\">dar ao mar a aten\u00e7\u00e3o que ele merece<\/a>. H\u00e1 projetos que pretendem enviar enxames deles para\u00a0<a href=\"https:\/\/www.inovacaotecnologica.com.br\/noticias\/noticia.php?artigo=enxames-robos-miniaturizados-segredos-vida-marinha&amp;id=010180091113\">desvendar os segredos da vida marinha<\/a>\u00a0e, claro, iniciar a\u00a0<a href=\"https:\/\/www.inovacaotecnologica.com.br\/noticias\/noticia.php?artigo=a-corrida-pela-soberania-pelos-bilhoes-leito-oceanos&amp;id=010170170627\">corrida pela soberania e pelas riquezas minerais do leito dos oceanos<\/a>.<\/p>\n\n\n\n<div class=\"wp-block-image\"><figure class=\"aligncenter size-large\"><a href=\"http:\/\/www.ferrarimaquinas.com.br\/\"><img loading=\"lazy\" decoding=\"async\" width=\"300\" height=\"250\" src=\"https:\/\/jornalfatosenoticias.com.br\/wp-content\/uploads\/2022\/02\/FERRARI_MAQUINAS-E-FERRAMENTAS2.jpg\" alt=\"\" class=\"wp-image-27860\"\/><\/a><\/figure><\/div>\n\n\n\n<p>Mas o problema central que motiva esta nova miss\u00e3o \u00e9 a car\u00eancia de dados cont\u00ednuos e em larga escala dos oceanos, dados esses que s\u00e3o essenciais para prever eventos clim\u00e1ticos extremos e entender as mudan\u00e7as no clima global. Os oceanos regulam o clima e o tempo do planeta, mas a sua vastid\u00e3o e profundidade tornam seu monitoramento dif\u00edcil e caro.<\/p>\n\n\n\n<div class=\"wp-block-image\"><figure class=\"aligncenter size-large is-resized\"><a href=\"https:\/\/panper.com.br\/\"><img loading=\"lazy\" decoding=\"async\" src=\"https:\/\/jornalfatosenoticias.com.br\/wp-content\/uploads\/2023\/03\/logo-Panper_portal.jpg\" alt=\"\" class=\"wp-image-40208\" width=\"345\" height=\"239\" srcset=\"https:\/\/jornalfatosenoticias.com.br\/wp-content\/uploads\/2023\/03\/logo-Panper_portal.jpg 400w, https:\/\/jornalfatosenoticias.com.br\/wp-content\/uploads\/2023\/03\/logo-Panper_portal-300x208.jpg 300w\" sizes=\"auto, (max-width: 345px) 100vw, 345px\" \/><\/a><\/figure><\/div>\n\n\n\n<p>O objetivo agora \u00e9 testar a capacidade dos <a href=\"https:\/\/www.inovacaotecnologica.com.br\/pesquisar.php?keyword=rob%C3%B4%20submarino&amp;pb=1\">rob\u00f4s submarinos<\/a> para operar de forma completamente aut\u00f4noma por anos, coletando dados vitais enquanto navegam pelas correntes oce\u00e2nicas. Diferente dos rob\u00f4s e submarinos com propulsores, o <em>Redwing<\/em> \u00e9 um planador subaqu\u00e1tico, que se movimenta ajustando sua flutuabilidade. Ao bombear \u00f3leo para um reservat\u00f3rio externo, o rob\u00f4 fica mais denso que a \u00e1gua e mergulha; ao retornar o \u00f3leo, ele fica mais leve e sobe.<\/p>\n\n\n\n<div class=\"wp-block-image\"><figure class=\"aligncenter size-large is-resized\"><a href=\"https:\/\/www.instagram.com\/gruposei\/\"><img loading=\"lazy\" decoding=\"async\" src=\"https:\/\/jornalfatosenoticias.com.br\/wp-content\/uploads\/2022\/07\/Logo-Grupo-SEI.jpg\" alt=\"\" class=\"wp-image-31973\" width=\"373\" height=\"196\" srcset=\"https:\/\/jornalfatosenoticias.com.br\/wp-content\/uploads\/2022\/07\/Logo-Grupo-SEI.jpg 713w, https:\/\/jornalfatosenoticias.com.br\/wp-content\/uploads\/2022\/07\/Logo-Grupo-SEI-300x158.jpg 300w\" sizes=\"auto, (max-width: 373px) 100vw, 373px\" \/><\/a><\/figure><\/div>\n\n\n\n<p>Hidrof\u00f3lios especiais fazem ent\u00e3o seu trabalho, funcionando como asas: O movimento de mergulho e subida \u00e9 convertido em um deslocamento para frente, seguindo um padr\u00e3o em zigue-zague, um m\u00e9todo extremamente eficiente em termos de consumo energia.<\/p>\n\n\n\n<div class=\"wp-block-image\"><figure class=\"aligncenter size-large is-resized\"><a href=\"https:\/\/www.instagram.com\/serra4x4cambioautomatico\/\"><img loading=\"lazy\" decoding=\"async\" src=\"https:\/\/jornalfatosenoticias.com.br\/wp-content\/uploads\/2024\/08\/Serra-4x4-1-886x1024.jpg\" alt=\"\" class=\"wp-image-53632\" width=\"262\" height=\"303\" srcset=\"https:\/\/jornalfatosenoticias.com.br\/wp-content\/uploads\/2024\/08\/Serra-4x4-1-886x1024.jpg 886w, https:\/\/jornalfatosenoticias.com.br\/wp-content\/uploads\/2024\/08\/Serra-4x4-1-260x300.jpg 260w, https:\/\/jornalfatosenoticias.com.br\/wp-content\/uploads\/2024\/08\/Serra-4x4-1-768x888.jpg 768w, https:\/\/jornalfatosenoticias.com.br\/wp-content\/uploads\/2024\/08\/Serra-4x4-1.jpg 1181w\" sizes=\"auto, (max-width: 262px) 100vw, 262px\" \/><\/a><\/figure><\/div>\n\n\n\n<p>Constru\u00eddo com um casco de fibra de carbono, o rob\u00f4 carrega sensores que medem a temperatura, a salinidade e a profundidade da \u00e1gua, gerando uma vis\u00e3o tridimensional do oceano. Um rastreador tamb\u00e9m permite detectar animais marinhos marcados, revelando suas rotas migrat\u00f3rias. A cada oito a 12 horas, o rob\u00f4 sobe \u00e0 superf\u00edcie e transmite os dados via sat\u00e9lite para a base.<\/p>\n\n\n\n<div class=\"wp-block-image\"><figure class=\"aligncenter size-large is-resized\"><a href=\"https:\/\/www.ithbrasil.com.br\/\"><img loading=\"lazy\" decoding=\"async\" src=\"https:\/\/jornalfatosenoticias.com.br\/wp-content\/uploads\/2023\/08\/ITH.jpeg\" alt=\"\" class=\"wp-image-44638\" width=\"257\" height=\"209\" srcset=\"https:\/\/jornalfatosenoticias.com.br\/wp-content\/uploads\/2023\/08\/ITH.jpeg 800w, https:\/\/jornalfatosenoticias.com.br\/wp-content\/uploads\/2023\/08\/ITH-300x244.jpeg 300w, https:\/\/jornalfatosenoticias.com.br\/wp-content\/uploads\/2023\/08\/ITH-768x624.jpeg 768w\" sizes=\"auto, (max-width: 257px) 100vw, 257px\" \/><\/a><\/figure><\/div>\n\n\n\n<p><strong>Fonte: <a href=\"https:\/\/www.inovacaotecnologica.com.br\/noticias\/noticia.php?artigo=robo-submarino-parte-circunavegacao-globo&amp;id=010180251020\">Inova\u00e7\u00e3o Tecnol\u00f3gica<\/a><\/strong><\/p>\n","protected":false},"excerpt":{"rendered":"<p>Rob\u00f4 que levar\u00e1 a cabo a Miss\u00e3o Sentinela, que pretende circundar o planeta de forma aut\u00f4noma Pesquisadores da Universidade Rutgers, nos EUA, lan\u00e7aram ao mar um rob\u00f4 submarino aut\u00f4nomo, chamado Redwing, para uma miss\u00e3o hist\u00f3rica de cinco anos: Completar a primeira viagem de circum-navega\u00e7\u00e3o do planeta feita por um rob\u00f4 submarino.Embora j\u00e1 existam rob\u00f4s submarinos [&hellip;]<\/p>\n","protected":false},"author":2,"featured_media":63482,"comment_status":"open","ping_status":"open","sticky":false,"template":"","format":"standard","meta":{"footnotes":""},"categories":[3],"tags":[28986,28985,28987,50,5522,28984],"class_list":["post-63481","post","type-post","status-publish","format-standard","has-post-thumbnail","hentry","category-tecnologia","tag-clima-global","tag-exploracao-maritima","tag-missao-sentinela","tag-oceano","tag-robos","tag-robos-submarinos"],"yoast_head":"<!-- This site is optimized with the Yoast SEO plugin v26.5 - https:\/\/yoast.com\/wordpress\/plugins\/seo\/ -->\n<title>Rob\u00f4 submarino parte para primeira circum-navega\u00e7\u00e3o aut\u00f4noma do globo - Jornal Fatos e Not\u00edcias<\/title>\n<meta name=\"robots\" content=\"index, follow, max-snippet:-1, max-image-preview:large, max-video-preview:-1\" \/>\n<link rel=\"canonical\" href=\"https:\/\/jornalfatosenoticias.com.br\/index.php\/2025\/11\/24\/robo-submarino-parte-para-primeira-circum-navegacao-autonoma-do-globo\/\" \/>\n<meta property=\"og:locale\" content=\"pt_BR\" \/>\n<meta property=\"og:type\" content=\"article\" \/>\n<meta property=\"og:title\" content=\"Rob\u00f4 submarino parte para primeira circum-navega\u00e7\u00e3o aut\u00f4noma do globo - Jornal Fatos e Not\u00edcias\" \/>\n<meta property=\"og:description\" content=\"Rob\u00f4 que levar\u00e1 a cabo a Miss\u00e3o Sentinela, que pretende circundar o planeta de forma aut\u00f4noma Pesquisadores da Universidade Rutgers, nos EUA, lan\u00e7aram ao mar um rob\u00f4 submarino aut\u00f4nomo, chamado Redwing, para uma miss\u00e3o hist\u00f3rica de cinco anos: Completar a primeira viagem de circum-navega\u00e7\u00e3o do planeta feita por um rob\u00f4 submarino.Embora j\u00e1 existam rob\u00f4s submarinos [&hellip;]\" \/>\n<meta property=\"og:url\" content=\"https:\/\/jornalfatosenoticias.com.br\/index.php\/2025\/11\/24\/robo-submarino-parte-para-primeira-circum-navegacao-autonoma-do-globo\/\" \/>\n<meta property=\"og:site_name\" content=\"Jornal Fatos e Not\u00edcias\" \/>\n<meta property=\"article:published_time\" content=\"2025-11-24T13:33:52+00:00\" \/>\n<meta property=\"article:modified_time\" content=\"2025-11-24T13:33:54+00:00\" \/>\n<meta property=\"og:image\" content=\"https:\/\/jornalfatosenoticias.com.br\/wp-content\/uploads\/2025\/11\/robo-circum-navegacao-sentinela.jpg\" \/>\n\t<meta property=\"og:image:width\" content=\"1000\" \/>\n\t<meta property=\"og:image:height\" content=\"562\" \/>\n\t<meta property=\"og:image:type\" content=\"image\/jpeg\" \/>\n<meta name=\"author\" content=\"Luzimara Fernandes\" \/>\n<meta name=\"twitter:card\" content=\"summary_large_image\" \/>\n<meta name=\"twitter:label1\" content=\"Escrito por\" \/>\n\t<meta name=\"twitter:data1\" content=\"Luzimara Fernandes\" \/>\n\t<meta name=\"twitter:label2\" content=\"Est. tempo de leitura\" \/>\n\t<meta name=\"twitter:data2\" content=\"2 minutos\" \/>\n<script type=\"application\/ld+json\" class=\"yoast-schema-graph\">{\"@context\":\"https:\/\/schema.org\",\"@graph\":[{\"@type\":\"Article\",\"@id\":\"https:\/\/jornalfatosenoticias.com.br\/index.php\/2025\/11\/24\/robo-submarino-parte-para-primeira-circum-navegacao-autonoma-do-globo\/#article\",\"isPartOf\":{\"@id\":\"https:\/\/jornalfatosenoticias.com.br\/index.php\/2025\/11\/24\/robo-submarino-parte-para-primeira-circum-navegacao-autonoma-do-globo\/\"},\"author\":{\"name\":\"Luzimara Fernandes\",\"@id\":\"https:\/\/jornalfatosenoticias.com.br\/#\/schema\/person\/d63837fa13ac8666eb9e74e0985d6f81\"},\"headline\":\"Rob\u00f4 submarino parte para primeira circum-navega\u00e7\u00e3o aut\u00f4noma do globo\",\"datePublished\":\"2025-11-24T13:33:52+00:00\",\"dateModified\":\"2025-11-24T13:33:54+00:00\",\"mainEntityOfPage\":{\"@id\":\"https:\/\/jornalfatosenoticias.com.br\/index.php\/2025\/11\/24\/robo-submarino-parte-para-primeira-circum-navegacao-autonoma-do-globo\/\"},\"wordCount\":377,\"commentCount\":0,\"publisher\":{\"@id\":\"https:\/\/jornalfatosenoticias.com.br\/#organization\"},\"image\":{\"@id\":\"https:\/\/jornalfatosenoticias.com.br\/index.php\/2025\/11\/24\/robo-submarino-parte-para-primeira-circum-navegacao-autonoma-do-globo\/#primaryimage\"},\"thumbnailUrl\":\"https:\/\/jornalfatosenoticias.com.br\/wp-content\/uploads\/2025\/11\/robo-circum-navegacao-sentinela.jpg\",\"keywords\":[\"clima global\",\"explora\u00e7\u00e3o mar\u00edtima\",\"Miss\u00e3o Sentinela\",\"oceano\",\"rob\u00f4s\",\"rob\u00f4s submarinos\"],\"articleSection\":[\"Tecnologia &amp; Inova\u00e7\u00e3o\"],\"inLanguage\":\"pt-BR\",\"potentialAction\":[{\"@type\":\"CommentAction\",\"name\":\"Comment\",\"target\":[\"https:\/\/jornalfatosenoticias.com.br\/index.php\/2025\/11\/24\/robo-submarino-parte-para-primeira-circum-navegacao-autonoma-do-globo\/#respond\"]}]},{\"@type\":\"WebPage\",\"@id\":\"https:\/\/jornalfatosenoticias.com.br\/index.php\/2025\/11\/24\/robo-submarino-parte-para-primeira-circum-navegacao-autonoma-do-globo\/\",\"url\":\"https:\/\/jornalfatosenoticias.com.br\/index.php\/2025\/11\/24\/robo-submarino-parte-para-primeira-circum-navegacao-autonoma-do-globo\/\",\"name\":\"Rob\u00f4 submarino parte para primeira circum-navega\u00e7\u00e3o aut\u00f4noma do globo - Jornal Fatos e Not\u00edcias\",\"isPartOf\":{\"@id\":\"https:\/\/jornalfatosenoticias.com.br\/#website\"},\"primaryImageOfPage\":{\"@id\":\"https:\/\/jornalfatosenoticias.com.br\/index.php\/2025\/11\/24\/robo-submarino-parte-para-primeira-circum-navegacao-autonoma-do-globo\/#primaryimage\"},\"image\":{\"@id\":\"https:\/\/jornalfatosenoticias.com.br\/index.php\/2025\/11\/24\/robo-submarino-parte-para-primeira-circum-navegacao-autonoma-do-globo\/#primaryimage\"},\"thumbnailUrl\":\"https:\/\/jornalfatosenoticias.com.br\/wp-content\/uploads\/2025\/11\/robo-circum-navegacao-sentinela.jpg\",\"datePublished\":\"2025-11-24T13:33:52+00:00\",\"dateModified\":\"2025-11-24T13:33:54+00:00\",\"breadcrumb\":{\"@id\":\"https:\/\/jornalfatosenoticias.com.br\/index.php\/2025\/11\/24\/robo-submarino-parte-para-primeira-circum-navegacao-autonoma-do-globo\/#breadcrumb\"},\"inLanguage\":\"pt-BR\",\"potentialAction\":[{\"@type\":\"ReadAction\",\"target\":[\"https:\/\/jornalfatosenoticias.com.br\/index.php\/2025\/11\/24\/robo-submarino-parte-para-primeira-circum-navegacao-autonoma-do-globo\/\"]}]},{\"@type\":\"ImageObject\",\"inLanguage\":\"pt-BR\",\"@id\":\"https:\/\/jornalfatosenoticias.com.br\/index.php\/2025\/11\/24\/robo-submarino-parte-para-primeira-circum-navegacao-autonoma-do-globo\/#primaryimage\",\"url\":\"https:\/\/jornalfatosenoticias.com.br\/wp-content\/uploads\/2025\/11\/robo-circum-navegacao-sentinela.jpg\",\"contentUrl\":\"https:\/\/jornalfatosenoticias.com.br\/wp-content\/uploads\/2025\/11\/robo-circum-navegacao-sentinela.jpg\",\"width\":1000,\"height\":562},{\"@type\":\"BreadcrumbList\",\"@id\":\"https:\/\/jornalfatosenoticias.com.br\/index.php\/2025\/11\/24\/robo-submarino-parte-para-primeira-circum-navegacao-autonoma-do-globo\/#breadcrumb\",\"itemListElement\":[{\"@type\":\"ListItem\",\"position\":1,\"name\":\"In\u00edcio\",\"item\":\"https:\/\/jornalfatosenoticias.com.br\/\"},{\"@type\":\"ListItem\",\"position\":2,\"name\":\"Rob\u00f4 submarino parte para primeira circum-navega\u00e7\u00e3o aut\u00f4noma do globo\"}]},{\"@type\":\"WebSite\",\"@id\":\"https:\/\/jornalfatosenoticias.com.br\/#website\",\"url\":\"https:\/\/jornalfatosenoticias.com.br\/\",\"name\":\"Jornal Fatos e Not\u00edcias\",\"description\":\"Not\u00edcias em geral\",\"publisher\":{\"@id\":\"https:\/\/jornalfatosenoticias.com.br\/#organization\"},\"potentialAction\":[{\"@type\":\"SearchAction\",\"target\":{\"@type\":\"EntryPoint\",\"urlTemplate\":\"https:\/\/jornalfatosenoticias.com.br\/?s={search_term_string}\"},\"query-input\":{\"@type\":\"PropertyValueSpecification\",\"valueRequired\":true,\"valueName\":\"search_term_string\"}}],\"inLanguage\":\"pt-BR\"},{\"@type\":\"Organization\",\"@id\":\"https:\/\/jornalfatosenoticias.com.br\/#organization\",\"name\":\"Jornal Fatos e Not\u00edcias\",\"url\":\"https:\/\/jornalfatosenoticias.com.br\/\",\"logo\":{\"@type\":\"ImageObject\",\"inLanguage\":\"pt-BR\",\"@id\":\"https:\/\/jornalfatosenoticias.com.br\/#\/schema\/logo\/image\/\",\"url\":\"https:\/\/jornalfatosenoticias.com.br\/wp-content\/uploads\/2020\/02\/logo120.png\",\"contentUrl\":\"https:\/\/jornalfatosenoticias.com.br\/wp-content\/uploads\/2020\/02\/logo120.png\",\"width\":1227,\"height\":120,\"caption\":\"Jornal Fatos e Not\u00edcias\"},\"image\":{\"@id\":\"https:\/\/jornalfatosenoticias.com.br\/#\/schema\/logo\/image\/\"}},{\"@type\":\"Person\",\"@id\":\"https:\/\/jornalfatosenoticias.com.br\/#\/schema\/person\/d63837fa13ac8666eb9e74e0985d6f81\",\"name\":\"Luzimara Fernandes\",\"image\":{\"@type\":\"ImageObject\",\"inLanguage\":\"pt-BR\",\"@id\":\"https:\/\/jornalfatosenoticias.com.br\/#\/schema\/person\/image\/\",\"url\":\"https:\/\/jornalfatosenoticias.com.br\/wp-content\/uploads\/2025\/05\/EU_portal.jpg\",\"contentUrl\":\"https:\/\/jornalfatosenoticias.com.br\/wp-content\/uploads\/2025\/05\/EU_portal.jpg\",\"caption\":\"Luzimara Fernandes\"},\"description\":\"Jornalista MTB 2358-ES\",\"sameAs\":[\"https:\/\/jornalfatosenoticias.com.br\"],\"url\":\"https:\/\/jornalfatosenoticias.com.br\/index.php\/author\/luzimara\/\"}]}<\/script>\n<!-- \/ Yoast SEO plugin. -->","yoast_head_json":{"title":"Rob\u00f4 submarino parte para primeira circum-navega\u00e7\u00e3o aut\u00f4noma do globo - Jornal Fatos e Not\u00edcias","robots":{"index":"index","follow":"follow","max-snippet":"max-snippet:-1","max-image-preview":"max-image-preview:large","max-video-preview":"max-video-preview:-1"},"canonical":"https:\/\/jornalfatosenoticias.com.br\/index.php\/2025\/11\/24\/robo-submarino-parte-para-primeira-circum-navegacao-autonoma-do-globo\/","og_locale":"pt_BR","og_type":"article","og_title":"Rob\u00f4 submarino parte para primeira circum-navega\u00e7\u00e3o aut\u00f4noma do globo - Jornal Fatos e Not\u00edcias","og_description":"Rob\u00f4 que levar\u00e1 a cabo a Miss\u00e3o Sentinela, que pretende circundar o planeta de forma aut\u00f4noma Pesquisadores da Universidade Rutgers, nos EUA, lan\u00e7aram ao mar um rob\u00f4 submarino aut\u00f4nomo, chamado Redwing, para uma miss\u00e3o hist\u00f3rica de cinco anos: Completar a primeira viagem de circum-navega\u00e7\u00e3o do planeta feita por um rob\u00f4 submarino.Embora j\u00e1 existam rob\u00f4s submarinos [&hellip;]","og_url":"https:\/\/jornalfatosenoticias.com.br\/index.php\/2025\/11\/24\/robo-submarino-parte-para-primeira-circum-navegacao-autonoma-do-globo\/","og_site_name":"Jornal Fatos e Not\u00edcias","article_published_time":"2025-11-24T13:33:52+00:00","article_modified_time":"2025-11-24T13:33:54+00:00","og_image":[{"width":1000,"height":562,"url":"https:\/\/jornalfatosenoticias.com.br\/wp-content\/uploads\/2025\/11\/robo-circum-navegacao-sentinela.jpg","type":"image\/jpeg"}],"author":"Luzimara Fernandes","twitter_card":"summary_large_image","twitter_misc":{"Escrito por":"Luzimara Fernandes","Est. tempo de leitura":"2 minutos"},"schema":{"@context":"https:\/\/schema.org","@graph":[{"@type":"Article","@id":"https:\/\/jornalfatosenoticias.com.br\/index.php\/2025\/11\/24\/robo-submarino-parte-para-primeira-circum-navegacao-autonoma-do-globo\/#article","isPartOf":{"@id":"https:\/\/jornalfatosenoticias.com.br\/index.php\/2025\/11\/24\/robo-submarino-parte-para-primeira-circum-navegacao-autonoma-do-globo\/"},"author":{"name":"Luzimara Fernandes","@id":"https:\/\/jornalfatosenoticias.com.br\/#\/schema\/person\/d63837fa13ac8666eb9e74e0985d6f81"},"headline":"Rob\u00f4 submarino parte para primeira circum-navega\u00e7\u00e3o aut\u00f4noma do globo","datePublished":"2025-11-24T13:33:52+00:00","dateModified":"2025-11-24T13:33:54+00:00","mainEntityOfPage":{"@id":"https:\/\/jornalfatosenoticias.com.br\/index.php\/2025\/11\/24\/robo-submarino-parte-para-primeira-circum-navegacao-autonoma-do-globo\/"},"wordCount":377,"commentCount":0,"publisher":{"@id":"https:\/\/jornalfatosenoticias.com.br\/#organization"},"image":{"@id":"https:\/\/jornalfatosenoticias.com.br\/index.php\/2025\/11\/24\/robo-submarino-parte-para-primeira-circum-navegacao-autonoma-do-globo\/#primaryimage"},"thumbnailUrl":"https:\/\/jornalfatosenoticias.com.br\/wp-content\/uploads\/2025\/11\/robo-circum-navegacao-sentinela.jpg","keywords":["clima global","explora\u00e7\u00e3o mar\u00edtima","Miss\u00e3o Sentinela","oceano","rob\u00f4s","rob\u00f4s submarinos"],"articleSection":["Tecnologia &amp; Inova\u00e7\u00e3o"],"inLanguage":"pt-BR","potentialAction":[{"@type":"CommentAction","name":"Comment","target":["https:\/\/jornalfatosenoticias.com.br\/index.php\/2025\/11\/24\/robo-submarino-parte-para-primeira-circum-navegacao-autonoma-do-globo\/#respond"]}]},{"@type":"WebPage","@id":"https:\/\/jornalfatosenoticias.com.br\/index.php\/2025\/11\/24\/robo-submarino-parte-para-primeira-circum-navegacao-autonoma-do-globo\/","url":"https:\/\/jornalfatosenoticias.com.br\/index.php\/2025\/11\/24\/robo-submarino-parte-para-primeira-circum-navegacao-autonoma-do-globo\/","name":"Rob\u00f4 submarino parte para primeira circum-navega\u00e7\u00e3o aut\u00f4noma do globo - Jornal Fatos e Not\u00edcias","isPartOf":{"@id":"https:\/\/jornalfatosenoticias.com.br\/#website"},"primaryImageOfPage":{"@id":"https:\/\/jornalfatosenoticias.com.br\/index.php\/2025\/11\/24\/robo-submarino-parte-para-primeira-circum-navegacao-autonoma-do-globo\/#primaryimage"},"image":{"@id":"https:\/\/jornalfatosenoticias.com.br\/index.php\/2025\/11\/24\/robo-submarino-parte-para-primeira-circum-navegacao-autonoma-do-globo\/#primaryimage"},"thumbnailUrl":"https:\/\/jornalfatosenoticias.com.br\/wp-content\/uploads\/2025\/11\/robo-circum-navegacao-sentinela.jpg","datePublished":"2025-11-24T13:33:52+00:00","dateModified":"2025-11-24T13:33:54+00:00","breadcrumb":{"@id":"https:\/\/jornalfatosenoticias.com.br\/index.php\/2025\/11\/24\/robo-submarino-parte-para-primeira-circum-navegacao-autonoma-do-globo\/#breadcrumb"},"inLanguage":"pt-BR","potentialAction":[{"@type":"ReadAction","target":["https:\/\/jornalfatosenoticias.com.br\/index.php\/2025\/11\/24\/robo-submarino-parte-para-primeira-circum-navegacao-autonoma-do-globo\/"]}]},{"@type":"ImageObject","inLanguage":"pt-BR","@id":"https:\/\/jornalfatosenoticias.com.br\/index.php\/2025\/11\/24\/robo-submarino-parte-para-primeira-circum-navegacao-autonoma-do-globo\/#primaryimage","url":"https:\/\/jornalfatosenoticias.com.br\/wp-content\/uploads\/2025\/11\/robo-circum-navegacao-sentinela.jpg","contentUrl":"https:\/\/jornalfatosenoticias.com.br\/wp-content\/uploads\/2025\/11\/robo-circum-navegacao-sentinela.jpg","width":1000,"height":562},{"@type":"BreadcrumbList","@id":"https:\/\/jornalfatosenoticias.com.br\/index.php\/2025\/11\/24\/robo-submarino-parte-para-primeira-circum-navegacao-autonoma-do-globo\/#breadcrumb","itemListElement":[{"@type":"ListItem","position":1,"name":"In\u00edcio","item":"https:\/\/jornalfatosenoticias.com.br\/"},{"@type":"ListItem","position":2,"name":"Rob\u00f4 submarino parte para primeira circum-navega\u00e7\u00e3o aut\u00f4noma do globo"}]},{"@type":"WebSite","@id":"https:\/\/jornalfatosenoticias.com.br\/#website","url":"https:\/\/jornalfatosenoticias.com.br\/","name":"Jornal Fatos e Not\u00edcias","description":"Not\u00edcias em geral","publisher":{"@id":"https:\/\/jornalfatosenoticias.com.br\/#organization"},"potentialAction":[{"@type":"SearchAction","target":{"@type":"EntryPoint","urlTemplate":"https:\/\/jornalfatosenoticias.com.br\/?s={search_term_string}"},"query-input":{"@type":"PropertyValueSpecification","valueRequired":true,"valueName":"search_term_string"}}],"inLanguage":"pt-BR"},{"@type":"Organization","@id":"https:\/\/jornalfatosenoticias.com.br\/#organization","name":"Jornal Fatos e Not\u00edcias","url":"https:\/\/jornalfatosenoticias.com.br\/","logo":{"@type":"ImageObject","inLanguage":"pt-BR","@id":"https:\/\/jornalfatosenoticias.com.br\/#\/schema\/logo\/image\/","url":"https:\/\/jornalfatosenoticias.com.br\/wp-content\/uploads\/2020\/02\/logo120.png","contentUrl":"https:\/\/jornalfatosenoticias.com.br\/wp-content\/uploads\/2020\/02\/logo120.png","width":1227,"height":120,"caption":"Jornal Fatos e Not\u00edcias"},"image":{"@id":"https:\/\/jornalfatosenoticias.com.br\/#\/schema\/logo\/image\/"}},{"@type":"Person","@id":"https:\/\/jornalfatosenoticias.com.br\/#\/schema\/person\/d63837fa13ac8666eb9e74e0985d6f81","name":"Luzimara Fernandes","image":{"@type":"ImageObject","inLanguage":"pt-BR","@id":"https:\/\/jornalfatosenoticias.com.br\/#\/schema\/person\/image\/","url":"https:\/\/jornalfatosenoticias.com.br\/wp-content\/uploads\/2025\/05\/EU_portal.jpg","contentUrl":"https:\/\/jornalfatosenoticias.com.br\/wp-content\/uploads\/2025\/05\/EU_portal.jpg","caption":"Luzimara Fernandes"},"description":"Jornalista MTB 2358-ES","sameAs":["https:\/\/jornalfatosenoticias.com.br"],"url":"https:\/\/jornalfatosenoticias.com.br\/index.php\/author\/luzimara\/"}]}},"cc_featured_image_caption":{"caption_text":"(Foto: Teledyne Marine) ","source_text":"","source_url":""},"jetpack_featured_media_url":"https:\/\/jornalfatosenoticias.com.br\/wp-content\/uploads\/2025\/11\/robo-circum-navegacao-sentinela.jpg","_links":{"self":[{"href":"https:\/\/jornalfatosenoticias.com.br\/index.php\/wp-json\/wp\/v2\/posts\/63481","targetHints":{"allow":["GET"]}}],"collection":[{"href":"https:\/\/jornalfatosenoticias.com.br\/index.php\/wp-json\/wp\/v2\/posts"}],"about":[{"href":"https:\/\/jornalfatosenoticias.com.br\/index.php\/wp-json\/wp\/v2\/types\/post"}],"author":[{"embeddable":true,"href":"https:\/\/jornalfatosenoticias.com.br\/index.php\/wp-json\/wp\/v2\/users\/2"}],"replies":[{"embeddable":true,"href":"https:\/\/jornalfatosenoticias.com.br\/index.php\/wp-json\/wp\/v2\/comments?post=63481"}],"version-history":[{"count":0,"href":"https:\/\/jornalfatosenoticias.com.br\/index.php\/wp-json\/wp\/v2\/posts\/63481\/revisions"}],"wp:featuredmedia":[{"embeddable":true,"href":"https:\/\/jornalfatosenoticias.com.br\/index.php\/wp-json\/wp\/v2\/media\/63482"}],"wp:attachment":[{"href":"https:\/\/jornalfatosenoticias.com.br\/index.php\/wp-json\/wp\/v2\/media?parent=63481"}],"wp:term":[{"taxonomy":"category","embeddable":true,"href":"https:\/\/jornalfatosenoticias.com.br\/index.php\/wp-json\/wp\/v2\/categories?post=63481"},{"taxonomy":"post_tag","embeddable":true,"href":"https:\/\/jornalfatosenoticias.com.br\/index.php\/wp-json\/wp\/v2\/tags?post=63481"}],"curies":[{"name":"wp","href":"https:\/\/api.w.org\/{rel}","templated":true}]}}