{"id":63519,"date":"2025-11-25T09:11:07","date_gmt":"2025-11-25T12:11:07","guid":{"rendered":"https:\/\/jornalfatosenoticias.com.br\/?p=63519"},"modified":"2025-11-25T09:11:08","modified_gmt":"2025-11-25T12:11:08","slug":"pesquisadores-revelam-novos-detalhes-sobre-o-impacto-das-telas-no-sono","status":"publish","type":"post","link":"https:\/\/jornalfatosenoticias.com.br\/index.php\/2025\/11\/25\/pesquisadores-revelam-novos-detalhes-sobre-o-impacto-das-telas-no-sono\/","title":{"rendered":"Pesquisadores revelam novos detalhes sobre o impacto das telas no sono"},"content":{"rendered":"\n<p><em><span class=\"has-inline-color has-black-color\">Estudo mostra que nem sempre o simples fato de utilizar a tela antes de dormir atrapalha o sono<\/span><\/em><\/p>\n\n\n\n<p><span class=\"has-inline-color has-black-color\">Por <strong><a href=\"https:\/\/olhardigital.com.br\/author\/matheus-melo\/\">Matheus Chaves<\/a><\/strong><\/span><\/p>\n\n\n\n<div class=\"wp-block-image\"><figure class=\"aligncenter size-large\"><a href=\"https:\/\/www.cesconetto.com.br\/\"><img loading=\"lazy\" decoding=\"async\" width=\"1024\" height=\"100\" src=\"https:\/\/jornalfatosenoticias.com.br\/wp-content\/uploads\/2022\/05\/NOVA-LOGO-CESCONETTO-1024x100.jpg\" alt=\"\" class=\"wp-image-30792\" srcset=\"https:\/\/jornalfatosenoticias.com.br\/wp-content\/uploads\/2022\/05\/NOVA-LOGO-CESCONETTO-1024x100.jpg 1024w, https:\/\/jornalfatosenoticias.com.br\/wp-content\/uploads\/2022\/05\/NOVA-LOGO-CESCONETTO-300x29.jpg 300w, https:\/\/jornalfatosenoticias.com.br\/wp-content\/uploads\/2022\/05\/NOVA-LOGO-CESCONETTO-768x75.jpg 768w, https:\/\/jornalfatosenoticias.com.br\/wp-content\/uploads\/2022\/05\/NOVA-LOGO-CESCONETTO.jpg 1280w\" sizes=\"auto, (max-width: 1024px) 100vw, 1024px\" \/><\/a><\/figure><\/div>\n\n\n\n<p>Voc\u00ea costuma usar o seu <a href=\"https:\/\/olhardigital.com.br\/2025\/03\/31\/medicina-e-saude\/fazer-isso-antes-de-dormir-aumenta-o-risco-de-insonia-em-59\/\" target=\"_blank\" rel=\"noreferrer noopener\"><strong>celular<\/strong><\/a>\u00a0ou outros aparelhos eletr\u00f4nicos com tela antes de\u00a0<a href=\"https:\/\/olhardigital.com.br\/2025\/06\/16\/medicina-e-saude\/aquecimento-global-pode-dobrar-casos-de-apneia-do-sono-alerta-estudo\/\" target=\"_blank\" rel=\"noreferrer noopener\"><strong>dormir<\/strong><\/a>? \u00c9 bem poss\u00edvel que j\u00e1 tenha escutado algu\u00e9m falar ou at\u00e9 mesmo visto algum estudo com a afirma\u00e7\u00e3o de que essa pr\u00e1tica pode ser prejudicial para o seu sono. No entanto, uma nova pesquisa da Universidade Metropolitana de Toronto (TMU) e da Universidade Laval traz novos detalhes sobre como a exposi\u00e7\u00e3o \u00e0s telas pode ou n\u00e3o afetar o sono.<br>O estudo, realizado em todo o Canad\u00e1, foi publicado na revista <strong><a href=\"https:\/\/www.sleephealthjournal.org\/article\/S2352-7218(25)00137-8\/abstract\" target=\"_blank\" rel=\"noreferrer noopener\"><em>Sleep Health<\/em><\/a><\/strong>. Foram mais de mil adultos entrevistados e perguntados sobre a utiliza\u00e7\u00e3o de telas antes de dormir e o quanto isso poderia estar impactando a qualidade do sono. Segundo o portal <strong><a href=\"https:\/\/medicalxpress.com\/news\/2025-11-night-bed.html\" target=\"_blank\" rel=\"noreferrer noopener\">Medical Xpress<\/a><\/strong>, Colleen Carney, professora da TMU e especialista em dist\u00farbios do sono e do humor, afirmou que \u201cas an\u00e1lises anteriores sobre a luz azul n\u00e3o consideraram a idade, o hor\u00e1rio e a intensidade da exposi\u00e7\u00e3o \u00e0 luz azul ao fazer generaliza\u00e7\u00f5es abrangentes sobre esta pesquisa\u201d.<\/p>\n\n\n\n<div class=\"wp-block-image\"><figure class=\"aligncenter size-large is-resized\"><a href=\"https:\/\/hotelmarquetti.com.br\/\"><img loading=\"lazy\" decoding=\"async\" src=\"https:\/\/jornalfatosenoticias.com.br\/wp-content\/uploads\/2020\/02\/LOGO-MQ-1024x680.jpg\" alt=\"\" class=\"wp-image-58299\" width=\"279\" height=\"185\" srcset=\"https:\/\/jornalfatosenoticias.com.br\/wp-content\/uploads\/2020\/02\/LOGO-MQ-1024x680.jpg 1024w, https:\/\/jornalfatosenoticias.com.br\/wp-content\/uploads\/2020\/02\/LOGO-MQ-300x199.jpg 300w, https:\/\/jornalfatosenoticias.com.br\/wp-content\/uploads\/2020\/02\/LOGO-MQ-768x510.jpg 768w, https:\/\/jornalfatosenoticias.com.br\/wp-content\/uploads\/2020\/02\/LOGO-MQ-1536x1020.jpg 1536w, https:\/\/jornalfatosenoticias.com.br\/wp-content\/uploads\/2020\/02\/LOGO-MQ-2048x1360.jpg 2048w\" sizes=\"auto, (max-width: 279px) 100vw, 279px\" \/><\/a><\/figure><\/div>\n\n\n\n<p>Ela ainda salientou que pode ser que adolescentes sofram mais com a luz azul \u00e0 noite, pois nessa idade \u00e9 comum que haja um aumento de sensibilidade \u00e0 luz. Por\u00e9m, pessoas mais velhas possuem uma sensibilidade menor, podendo sofrer menos preju\u00edzos. Outro ponto relevante \u00e9 que a maneira como os adultos utilizam seus dispositivos antes de adormecer tamb\u00e9m pode afetar o sono. Por exemplo, existem algumas a\u00e7\u00f5es ou aplicativos no celular com capacidade para gerar relaxamento. J\u00e1 outras conseguem elevar as emo\u00e7\u00f5es e, consequentemente, prejudicar o sono.<\/p>\n\n\n\n<div class=\"wp-block-image\"><figure class=\"aligncenter size-large is-resized\"><a href=\"https:\/\/panper.com.br\/\"><img loading=\"lazy\" decoding=\"async\" src=\"https:\/\/jornalfatosenoticias.com.br\/wp-content\/uploads\/2023\/03\/logo-Panper_portal.jpg\" alt=\"\" class=\"wp-image-40208\" width=\"326\" height=\"225\" srcset=\"https:\/\/jornalfatosenoticias.com.br\/wp-content\/uploads\/2023\/03\/logo-Panper_portal.jpg 400w, https:\/\/jornalfatosenoticias.com.br\/wp-content\/uploads\/2023\/03\/logo-Panper_portal-300x208.jpg 300w\" sizes=\"auto, (max-width: 326px) 100vw, 326px\" \/><\/a><\/figure><\/div>\n\n\n\n<p>Carney sugeriu que as pessoas realizem o pr\u00f3prio monitoramento do sono durante a semana. Uma ideia \u00e9 utilizar telas durante sete dias e ver como passam as noites. Depois, pelo mesmo per\u00edodo, fiquem sem utilizar os dispositivos e observem se h\u00e1 melhoras no sono. <\/p>\n\n\n\n<div class=\"wp-block-image\"><figure class=\"aligncenter size-large is-resized\"><a href=\"https:\/\/www.instagram.com\/esteio.churrascaria\/\"><img loading=\"lazy\" decoding=\"async\" src=\"https:\/\/jornalfatosenoticias.com.br\/wp-content\/uploads\/2022\/02\/LOGO-ESTEIO-1024x730.png\" alt=\"\" class=\"wp-image-27942\" width=\"313\" height=\"223\" srcset=\"https:\/\/jornalfatosenoticias.com.br\/wp-content\/uploads\/2022\/02\/LOGO-ESTEIO-1024x730.png 1024w, https:\/\/jornalfatosenoticias.com.br\/wp-content\/uploads\/2022\/02\/LOGO-ESTEIO-300x214.png 300w, https:\/\/jornalfatosenoticias.com.br\/wp-content\/uploads\/2022\/02\/LOGO-ESTEIO-768x548.png 768w, https:\/\/jornalfatosenoticias.com.br\/wp-content\/uploads\/2022\/02\/LOGO-ESTEIO.png 1123w\" sizes=\"auto, (max-width: 313px) 100vw, 313px\" \/><\/a><\/figure><\/div>\n\n\n\n<blockquote class=\"wp-block-quote is-layout-flow wp-block-quote-is-layout-flow\"><p><span class=\"has-inline-color has-luminous-vivid-orange-color\">Se voc\u00ea dorme e se sente melhor com um hor\u00e1rio de dormir mais cedo para usar seu dispositivo, transforme isso em um novo h\u00e1bito. Se voc\u00ea n\u00e3o notar diferen\u00e7a, como as pessoas neste estudo, o dispositivo n\u00e3o \u00e9 o problema que nos fizeram acreditar\u201d, sugeriu a professora Carney.<\/span><\/p><\/blockquote>\n\n\n\n<div class=\"wp-block-image\"><figure class=\"aligncenter size-large is-resized\"><a href=\"https:\/\/www.instagram.com\/restaurantepegoretti\/\"><img loading=\"lazy\" decoding=\"async\" src=\"https:\/\/jornalfatosenoticias.com.br\/wp-content\/uploads\/2023\/12\/pegoretti-logo-pdf-1024x389.jpg\" alt=\"\" class=\"wp-image-47536\" width=\"530\" height=\"201\" srcset=\"https:\/\/jornalfatosenoticias.com.br\/wp-content\/uploads\/2023\/12\/pegoretti-logo-pdf-1024x389.jpg 1024w, https:\/\/jornalfatosenoticias.com.br\/wp-content\/uploads\/2023\/12\/pegoretti-logo-pdf-300x114.jpg 300w, https:\/\/jornalfatosenoticias.com.br\/wp-content\/uploads\/2023\/12\/pegoretti-logo-pdf-768x291.jpg 768w, https:\/\/jornalfatosenoticias.com.br\/wp-content\/uploads\/2023\/12\/pegoretti-logo-pdf.jpg 1120w\" sizes=\"auto, (max-width: 530px) 100vw, 530px\" \/><\/a><\/figure><\/div>\n\n\n\n<p><strong><span class=\"has-inline-color has-vivid-purple-color\">Resultados do estudo<br><\/span><\/strong>\ud83d\udc49 Mais de 80% dos entrevistados disseram que utilizaram telas antes de dormir no \u00faltimo m\u00eas. Al\u00e9m disso, cerca de metade deles afirmaram fazer uso da tela todas as noites antes de adormecer.<br>\ud83d\udc49 Adultos que utilizavam telas menos de uma vez por semana disseram ter uma boa regularidade e satisfa\u00e7\u00e3o com o sono.<br>\ud83d\udc49 J\u00e1 quem afirmou usar as telas \u00e0 noite mais de uma vez por semana, por\u00e9m, com menos frequ\u00eancia do que todos os dias, apresentou a pior qualidade de sono.<\/p>\n\n\n\n<div class=\"wp-block-image\"><figure class=\"aligncenter size-large\"><a href=\"http:\/\/www.ferrarimaquinas.com.br\/\"><img loading=\"lazy\" decoding=\"async\" width=\"300\" height=\"250\" src=\"https:\/\/jornalfatosenoticias.com.br\/wp-content\/uploads\/2022\/02\/FERRARI_MAQUINAS-E-FERRAMENTAS2.jpg\" alt=\"\" class=\"wp-image-27860\"\/><\/a><\/figure><\/div>\n\n\n\n<p><strong>Fonte: <a href=\"https:\/\/olhardigital.com.br\/2025\/11\/06\/medicina-e-saude\/pesquisadores-revelam-novos-detalhes-sobre-o-impacto-das-telas-no-sono\/\">Olhar Digital<\/a><\/strong><\/p>\n","protected":false},"excerpt":{"rendered":"<p>Estudo mostra que nem sempre o simples fato de utilizar a tela antes de dormir atrapalha o sono Por Matheus Chaves Voc\u00ea costuma usar o seu celular\u00a0ou outros aparelhos eletr\u00f4nicos com tela antes de\u00a0dormir? \u00c9 bem poss\u00edvel que j\u00e1 tenha escutado algu\u00e9m falar ou at\u00e9 mesmo visto algum estudo com a afirma\u00e7\u00e3o de que essa [&hellip;]<\/p>\n","protected":false},"author":2,"featured_media":63520,"comment_status":"open","ping_status":"open","sticky":false,"template":"","format":"standard","meta":{"footnotes":""},"categories":[2522],"tags":[28995,3028,28994,1138,5113],"class_list":["post-63519","post","type-post","status-publish","format-standard","has-post-thumbnail","hentry","category-comportamento","tag-atrapalhando-o-sono","tag-dormir","tag-impacto-das-telas-no-sono","tag-sono","tag-telas"],"yoast_head":"<!-- This site is optimized with the Yoast SEO plugin v26.5 - https:\/\/yoast.com\/wordpress\/plugins\/seo\/ -->\n<title>Pesquisadores revelam novos detalhes sobre o impacto das telas no sono - Jornal Fatos e Not\u00edcias<\/title>\n<meta name=\"robots\" content=\"index, follow, max-snippet:-1, max-image-preview:large, max-video-preview:-1\" \/>\n<link rel=\"canonical\" href=\"https:\/\/jornalfatosenoticias.com.br\/index.php\/2025\/11\/25\/pesquisadores-revelam-novos-detalhes-sobre-o-impacto-das-telas-no-sono\/\" \/>\n<meta property=\"og:locale\" content=\"pt_BR\" \/>\n<meta property=\"og:type\" content=\"article\" \/>\n<meta property=\"og:title\" content=\"Pesquisadores revelam novos detalhes sobre o impacto das telas no sono - Jornal Fatos e Not\u00edcias\" \/>\n<meta property=\"og:description\" content=\"Estudo mostra que nem sempre o simples fato de utilizar a tela antes de dormir atrapalha o sono Por Matheus Chaves Voc\u00ea costuma usar o seu celular\u00a0ou outros aparelhos eletr\u00f4nicos com tela antes de\u00a0dormir? \u00c9 bem poss\u00edvel que j\u00e1 tenha escutado algu\u00e9m falar ou at\u00e9 mesmo visto algum estudo com a afirma\u00e7\u00e3o de que essa [&hellip;]\" \/>\n<meta property=\"og:url\" content=\"https:\/\/jornalfatosenoticias.com.br\/index.php\/2025\/11\/25\/pesquisadores-revelam-novos-detalhes-sobre-o-impacto-das-telas-no-sono\/\" \/>\n<meta property=\"og:site_name\" content=\"Jornal Fatos e Not\u00edcias\" \/>\n<meta property=\"article:published_time\" content=\"2025-11-25T12:11:07+00:00\" \/>\n<meta property=\"article:modified_time\" content=\"2025-11-25T12:11:08+00:00\" \/>\n<meta property=\"og:image\" content=\"https:\/\/jornalfatosenoticias.com.br\/wp-content\/uploads\/2025\/11\/impacto-das-telas-no-sono_freepik.jpg\" \/>\n\t<meta property=\"og:image:width\" content=\"1000\" \/>\n\t<meta property=\"og:image:height\" content=\"563\" \/>\n\t<meta property=\"og:image:type\" content=\"image\/jpeg\" \/>\n<meta name=\"author\" content=\"Luzimara Fernandes\" \/>\n<meta name=\"twitter:card\" content=\"summary_large_image\" \/>\n<meta name=\"twitter:label1\" content=\"Escrito por\" \/>\n\t<meta name=\"twitter:data1\" content=\"Luzimara Fernandes\" \/>\n\t<meta name=\"twitter:label2\" content=\"Est. tempo de leitura\" \/>\n\t<meta name=\"twitter:data2\" content=\"2 minutos\" \/>\n<script type=\"application\/ld+json\" class=\"yoast-schema-graph\">{\"@context\":\"https:\/\/schema.org\",\"@graph\":[{\"@type\":\"Article\",\"@id\":\"https:\/\/jornalfatosenoticias.com.br\/index.php\/2025\/11\/25\/pesquisadores-revelam-novos-detalhes-sobre-o-impacto-das-telas-no-sono\/#article\",\"isPartOf\":{\"@id\":\"https:\/\/jornalfatosenoticias.com.br\/index.php\/2025\/11\/25\/pesquisadores-revelam-novos-detalhes-sobre-o-impacto-das-telas-no-sono\/\"},\"author\":{\"name\":\"Luzimara Fernandes\",\"@id\":\"https:\/\/jornalfatosenoticias.com.br\/#\/schema\/person\/d63837fa13ac8666eb9e74e0985d6f81\"},\"headline\":\"Pesquisadores revelam novos detalhes sobre o impacto das telas no sono\",\"datePublished\":\"2025-11-25T12:11:07+00:00\",\"dateModified\":\"2025-11-25T12:11:08+00:00\",\"mainEntityOfPage\":{\"@id\":\"https:\/\/jornalfatosenoticias.com.br\/index.php\/2025\/11\/25\/pesquisadores-revelam-novos-detalhes-sobre-o-impacto-das-telas-no-sono\/\"},\"wordCount\":482,\"commentCount\":0,\"publisher\":{\"@id\":\"https:\/\/jornalfatosenoticias.com.br\/#organization\"},\"image\":{\"@id\":\"https:\/\/jornalfatosenoticias.com.br\/index.php\/2025\/11\/25\/pesquisadores-revelam-novos-detalhes-sobre-o-impacto-das-telas-no-sono\/#primaryimage\"},\"thumbnailUrl\":\"https:\/\/jornalfatosenoticias.com.br\/wp-content\/uploads\/2025\/11\/impacto-das-telas-no-sono_freepik.jpg\",\"keywords\":[\"atrapalhando o sono\",\"dormir\",\"impacto das telas no sono\",\"sono\",\"telas\"],\"articleSection\":[\"Comportamento &amp; Equil\u00edbrio\"],\"inLanguage\":\"pt-BR\",\"potentialAction\":[{\"@type\":\"CommentAction\",\"name\":\"Comment\",\"target\":[\"https:\/\/jornalfatosenoticias.com.br\/index.php\/2025\/11\/25\/pesquisadores-revelam-novos-detalhes-sobre-o-impacto-das-telas-no-sono\/#respond\"]}]},{\"@type\":\"WebPage\",\"@id\":\"https:\/\/jornalfatosenoticias.com.br\/index.php\/2025\/11\/25\/pesquisadores-revelam-novos-detalhes-sobre-o-impacto-das-telas-no-sono\/\",\"url\":\"https:\/\/jornalfatosenoticias.com.br\/index.php\/2025\/11\/25\/pesquisadores-revelam-novos-detalhes-sobre-o-impacto-das-telas-no-sono\/\",\"name\":\"Pesquisadores revelam novos detalhes sobre o impacto das telas no sono - Jornal Fatos e Not\u00edcias\",\"isPartOf\":{\"@id\":\"https:\/\/jornalfatosenoticias.com.br\/#website\"},\"primaryImageOfPage\":{\"@id\":\"https:\/\/jornalfatosenoticias.com.br\/index.php\/2025\/11\/25\/pesquisadores-revelam-novos-detalhes-sobre-o-impacto-das-telas-no-sono\/#primaryimage\"},\"image\":{\"@id\":\"https:\/\/jornalfatosenoticias.com.br\/index.php\/2025\/11\/25\/pesquisadores-revelam-novos-detalhes-sobre-o-impacto-das-telas-no-sono\/#primaryimage\"},\"thumbnailUrl\":\"https:\/\/jornalfatosenoticias.com.br\/wp-content\/uploads\/2025\/11\/impacto-das-telas-no-sono_freepik.jpg\",\"datePublished\":\"2025-11-25T12:11:07+00:00\",\"dateModified\":\"2025-11-25T12:11:08+00:00\",\"breadcrumb\":{\"@id\":\"https:\/\/jornalfatosenoticias.com.br\/index.php\/2025\/11\/25\/pesquisadores-revelam-novos-detalhes-sobre-o-impacto-das-telas-no-sono\/#breadcrumb\"},\"inLanguage\":\"pt-BR\",\"potentialAction\":[{\"@type\":\"ReadAction\",\"target\":[\"https:\/\/jornalfatosenoticias.com.br\/index.php\/2025\/11\/25\/pesquisadores-revelam-novos-detalhes-sobre-o-impacto-das-telas-no-sono\/\"]}]},{\"@type\":\"ImageObject\",\"inLanguage\":\"pt-BR\",\"@id\":\"https:\/\/jornalfatosenoticias.com.br\/index.php\/2025\/11\/25\/pesquisadores-revelam-novos-detalhes-sobre-o-impacto-das-telas-no-sono\/#primaryimage\",\"url\":\"https:\/\/jornalfatosenoticias.com.br\/wp-content\/uploads\/2025\/11\/impacto-das-telas-no-sono_freepik.jpg\",\"contentUrl\":\"https:\/\/jornalfatosenoticias.com.br\/wp-content\/uploads\/2025\/11\/impacto-das-telas-no-sono_freepik.jpg\",\"width\":1000,\"height\":563,\"caption\":\"Side view of beautiful young girl lying in bed with her phone. Curly girl playing smart phone holding it in one hand moving finger on screen. Family, children leisure and using digital devices concept\"},{\"@type\":\"BreadcrumbList\",\"@id\":\"https:\/\/jornalfatosenoticias.com.br\/index.php\/2025\/11\/25\/pesquisadores-revelam-novos-detalhes-sobre-o-impacto-das-telas-no-sono\/#breadcrumb\",\"itemListElement\":[{\"@type\":\"ListItem\",\"position\":1,\"name\":\"In\u00edcio\",\"item\":\"https:\/\/jornalfatosenoticias.com.br\/\"},{\"@type\":\"ListItem\",\"position\":2,\"name\":\"Pesquisadores revelam novos detalhes sobre o impacto das telas no sono\"}]},{\"@type\":\"WebSite\",\"@id\":\"https:\/\/jornalfatosenoticias.com.br\/#website\",\"url\":\"https:\/\/jornalfatosenoticias.com.br\/\",\"name\":\"Jornal Fatos e Not\u00edcias\",\"description\":\"Not\u00edcias em geral\",\"publisher\":{\"@id\":\"https:\/\/jornalfatosenoticias.com.br\/#organization\"},\"potentialAction\":[{\"@type\":\"SearchAction\",\"target\":{\"@type\":\"EntryPoint\",\"urlTemplate\":\"https:\/\/jornalfatosenoticias.com.br\/?s={search_term_string}\"},\"query-input\":{\"@type\":\"PropertyValueSpecification\",\"valueRequired\":true,\"valueName\":\"search_term_string\"}}],\"inLanguage\":\"pt-BR\"},{\"@type\":\"Organization\",\"@id\":\"https:\/\/jornalfatosenoticias.com.br\/#organization\",\"name\":\"Jornal Fatos e Not\u00edcias\",\"url\":\"https:\/\/jornalfatosenoticias.com.br\/\",\"logo\":{\"@type\":\"ImageObject\",\"inLanguage\":\"pt-BR\",\"@id\":\"https:\/\/jornalfatosenoticias.com.br\/#\/schema\/logo\/image\/\",\"url\":\"https:\/\/jornalfatosenoticias.com.br\/wp-content\/uploads\/2020\/02\/logo120.png\",\"contentUrl\":\"https:\/\/jornalfatosenoticias.com.br\/wp-content\/uploads\/2020\/02\/logo120.png\",\"width\":1227,\"height\":120,\"caption\":\"Jornal Fatos e Not\u00edcias\"},\"image\":{\"@id\":\"https:\/\/jornalfatosenoticias.com.br\/#\/schema\/logo\/image\/\"}},{\"@type\":\"Person\",\"@id\":\"https:\/\/jornalfatosenoticias.com.br\/#\/schema\/person\/d63837fa13ac8666eb9e74e0985d6f81\",\"name\":\"Luzimara Fernandes\",\"image\":{\"@type\":\"ImageObject\",\"inLanguage\":\"pt-BR\",\"@id\":\"https:\/\/jornalfatosenoticias.com.br\/#\/schema\/person\/image\/\",\"url\":\"https:\/\/jornalfatosenoticias.com.br\/wp-content\/uploads\/2025\/05\/EU_portal.jpg\",\"contentUrl\":\"https:\/\/jornalfatosenoticias.com.br\/wp-content\/uploads\/2025\/05\/EU_portal.jpg\",\"caption\":\"Luzimara Fernandes\"},\"description\":\"Jornalista MTB 2358-ES\",\"sameAs\":[\"https:\/\/jornalfatosenoticias.com.br\"],\"url\":\"https:\/\/jornalfatosenoticias.com.br\/index.php\/author\/luzimara\/\"}]}<\/script>\n<!-- \/ Yoast SEO plugin. -->","yoast_head_json":{"title":"Pesquisadores revelam novos detalhes sobre o impacto das telas no sono - Jornal Fatos e Not\u00edcias","robots":{"index":"index","follow":"follow","max-snippet":"max-snippet:-1","max-image-preview":"max-image-preview:large","max-video-preview":"max-video-preview:-1"},"canonical":"https:\/\/jornalfatosenoticias.com.br\/index.php\/2025\/11\/25\/pesquisadores-revelam-novos-detalhes-sobre-o-impacto-das-telas-no-sono\/","og_locale":"pt_BR","og_type":"article","og_title":"Pesquisadores revelam novos detalhes sobre o impacto das telas no sono - Jornal Fatos e Not\u00edcias","og_description":"Estudo mostra que nem sempre o simples fato de utilizar a tela antes de dormir atrapalha o sono Por Matheus Chaves Voc\u00ea costuma usar o seu celular\u00a0ou outros aparelhos eletr\u00f4nicos com tela antes de\u00a0dormir? \u00c9 bem poss\u00edvel que j\u00e1 tenha escutado algu\u00e9m falar ou at\u00e9 mesmo visto algum estudo com a afirma\u00e7\u00e3o de que essa [&hellip;]","og_url":"https:\/\/jornalfatosenoticias.com.br\/index.php\/2025\/11\/25\/pesquisadores-revelam-novos-detalhes-sobre-o-impacto-das-telas-no-sono\/","og_site_name":"Jornal Fatos e Not\u00edcias","article_published_time":"2025-11-25T12:11:07+00:00","article_modified_time":"2025-11-25T12:11:08+00:00","og_image":[{"width":1000,"height":563,"url":"https:\/\/jornalfatosenoticias.com.br\/wp-content\/uploads\/2025\/11\/impacto-das-telas-no-sono_freepik.jpg","type":"image\/jpeg"}],"author":"Luzimara Fernandes","twitter_card":"summary_large_image","twitter_misc":{"Escrito por":"Luzimara Fernandes","Est. tempo de leitura":"2 minutos"},"schema":{"@context":"https:\/\/schema.org","@graph":[{"@type":"Article","@id":"https:\/\/jornalfatosenoticias.com.br\/index.php\/2025\/11\/25\/pesquisadores-revelam-novos-detalhes-sobre-o-impacto-das-telas-no-sono\/#article","isPartOf":{"@id":"https:\/\/jornalfatosenoticias.com.br\/index.php\/2025\/11\/25\/pesquisadores-revelam-novos-detalhes-sobre-o-impacto-das-telas-no-sono\/"},"author":{"name":"Luzimara Fernandes","@id":"https:\/\/jornalfatosenoticias.com.br\/#\/schema\/person\/d63837fa13ac8666eb9e74e0985d6f81"},"headline":"Pesquisadores revelam novos detalhes sobre o impacto das telas no sono","datePublished":"2025-11-25T12:11:07+00:00","dateModified":"2025-11-25T12:11:08+00:00","mainEntityOfPage":{"@id":"https:\/\/jornalfatosenoticias.com.br\/index.php\/2025\/11\/25\/pesquisadores-revelam-novos-detalhes-sobre-o-impacto-das-telas-no-sono\/"},"wordCount":482,"commentCount":0,"publisher":{"@id":"https:\/\/jornalfatosenoticias.com.br\/#organization"},"image":{"@id":"https:\/\/jornalfatosenoticias.com.br\/index.php\/2025\/11\/25\/pesquisadores-revelam-novos-detalhes-sobre-o-impacto-das-telas-no-sono\/#primaryimage"},"thumbnailUrl":"https:\/\/jornalfatosenoticias.com.br\/wp-content\/uploads\/2025\/11\/impacto-das-telas-no-sono_freepik.jpg","keywords":["atrapalhando o sono","dormir","impacto das telas no sono","sono","telas"],"articleSection":["Comportamento &amp; Equil\u00edbrio"],"inLanguage":"pt-BR","potentialAction":[{"@type":"CommentAction","name":"Comment","target":["https:\/\/jornalfatosenoticias.com.br\/index.php\/2025\/11\/25\/pesquisadores-revelam-novos-detalhes-sobre-o-impacto-das-telas-no-sono\/#respond"]}]},{"@type":"WebPage","@id":"https:\/\/jornalfatosenoticias.com.br\/index.php\/2025\/11\/25\/pesquisadores-revelam-novos-detalhes-sobre-o-impacto-das-telas-no-sono\/","url":"https:\/\/jornalfatosenoticias.com.br\/index.php\/2025\/11\/25\/pesquisadores-revelam-novos-detalhes-sobre-o-impacto-das-telas-no-sono\/","name":"Pesquisadores revelam novos detalhes sobre o impacto das telas no sono - Jornal Fatos e Not\u00edcias","isPartOf":{"@id":"https:\/\/jornalfatosenoticias.com.br\/#website"},"primaryImageOfPage":{"@id":"https:\/\/jornalfatosenoticias.com.br\/index.php\/2025\/11\/25\/pesquisadores-revelam-novos-detalhes-sobre-o-impacto-das-telas-no-sono\/#primaryimage"},"image":{"@id":"https:\/\/jornalfatosenoticias.com.br\/index.php\/2025\/11\/25\/pesquisadores-revelam-novos-detalhes-sobre-o-impacto-das-telas-no-sono\/#primaryimage"},"thumbnailUrl":"https:\/\/jornalfatosenoticias.com.br\/wp-content\/uploads\/2025\/11\/impacto-das-telas-no-sono_freepik.jpg","datePublished":"2025-11-25T12:11:07+00:00","dateModified":"2025-11-25T12:11:08+00:00","breadcrumb":{"@id":"https:\/\/jornalfatosenoticias.com.br\/index.php\/2025\/11\/25\/pesquisadores-revelam-novos-detalhes-sobre-o-impacto-das-telas-no-sono\/#breadcrumb"},"inLanguage":"pt-BR","potentialAction":[{"@type":"ReadAction","target":["https:\/\/jornalfatosenoticias.com.br\/index.php\/2025\/11\/25\/pesquisadores-revelam-novos-detalhes-sobre-o-impacto-das-telas-no-sono\/"]}]},{"@type":"ImageObject","inLanguage":"pt-BR","@id":"https:\/\/jornalfatosenoticias.com.br\/index.php\/2025\/11\/25\/pesquisadores-revelam-novos-detalhes-sobre-o-impacto-das-telas-no-sono\/#primaryimage","url":"https:\/\/jornalfatosenoticias.com.br\/wp-content\/uploads\/2025\/11\/impacto-das-telas-no-sono_freepik.jpg","contentUrl":"https:\/\/jornalfatosenoticias.com.br\/wp-content\/uploads\/2025\/11\/impacto-das-telas-no-sono_freepik.jpg","width":1000,"height":563,"caption":"Side view of beautiful young girl lying in bed with her phone. Curly girl playing smart phone holding it in one hand moving finger on screen. Family, children leisure and using digital devices concept"},{"@type":"BreadcrumbList","@id":"https:\/\/jornalfatosenoticias.com.br\/index.php\/2025\/11\/25\/pesquisadores-revelam-novos-detalhes-sobre-o-impacto-das-telas-no-sono\/#breadcrumb","itemListElement":[{"@type":"ListItem","position":1,"name":"In\u00edcio","item":"https:\/\/jornalfatosenoticias.com.br\/"},{"@type":"ListItem","position":2,"name":"Pesquisadores revelam novos detalhes sobre o impacto das telas no sono"}]},{"@type":"WebSite","@id":"https:\/\/jornalfatosenoticias.com.br\/#website","url":"https:\/\/jornalfatosenoticias.com.br\/","name":"Jornal Fatos e Not\u00edcias","description":"Not\u00edcias em geral","publisher":{"@id":"https:\/\/jornalfatosenoticias.com.br\/#organization"},"potentialAction":[{"@type":"SearchAction","target":{"@type":"EntryPoint","urlTemplate":"https:\/\/jornalfatosenoticias.com.br\/?s={search_term_string}"},"query-input":{"@type":"PropertyValueSpecification","valueRequired":true,"valueName":"search_term_string"}}],"inLanguage":"pt-BR"},{"@type":"Organization","@id":"https:\/\/jornalfatosenoticias.com.br\/#organization","name":"Jornal Fatos e Not\u00edcias","url":"https:\/\/jornalfatosenoticias.com.br\/","logo":{"@type":"ImageObject","inLanguage":"pt-BR","@id":"https:\/\/jornalfatosenoticias.com.br\/#\/schema\/logo\/image\/","url":"https:\/\/jornalfatosenoticias.com.br\/wp-content\/uploads\/2020\/02\/logo120.png","contentUrl":"https:\/\/jornalfatosenoticias.com.br\/wp-content\/uploads\/2020\/02\/logo120.png","width":1227,"height":120,"caption":"Jornal Fatos e Not\u00edcias"},"image":{"@id":"https:\/\/jornalfatosenoticias.com.br\/#\/schema\/logo\/image\/"}},{"@type":"Person","@id":"https:\/\/jornalfatosenoticias.com.br\/#\/schema\/person\/d63837fa13ac8666eb9e74e0985d6f81","name":"Luzimara Fernandes","image":{"@type":"ImageObject","inLanguage":"pt-BR","@id":"https:\/\/jornalfatosenoticias.com.br\/#\/schema\/person\/image\/","url":"https:\/\/jornalfatosenoticias.com.br\/wp-content\/uploads\/2025\/05\/EU_portal.jpg","contentUrl":"https:\/\/jornalfatosenoticias.com.br\/wp-content\/uploads\/2025\/05\/EU_portal.jpg","caption":"Luzimara Fernandes"},"description":"Jornalista MTB 2358-ES","sameAs":["https:\/\/jornalfatosenoticias.com.br"],"url":"https:\/\/jornalfatosenoticias.com.br\/index.php\/author\/luzimara\/"}]}},"cc_featured_image_caption":{"caption_text":"(Foto: Freepik)","source_text":"","source_url":""},"jetpack_featured_media_url":"https:\/\/jornalfatosenoticias.com.br\/wp-content\/uploads\/2025\/11\/impacto-das-telas-no-sono_freepik.jpg","_links":{"self":[{"href":"https:\/\/jornalfatosenoticias.com.br\/index.php\/wp-json\/wp\/v2\/posts\/63519","targetHints":{"allow":["GET"]}}],"collection":[{"href":"https:\/\/jornalfatosenoticias.com.br\/index.php\/wp-json\/wp\/v2\/posts"}],"about":[{"href":"https:\/\/jornalfatosenoticias.com.br\/index.php\/wp-json\/wp\/v2\/types\/post"}],"author":[{"embeddable":true,"href":"https:\/\/jornalfatosenoticias.com.br\/index.php\/wp-json\/wp\/v2\/users\/2"}],"replies":[{"embeddable":true,"href":"https:\/\/jornalfatosenoticias.com.br\/index.php\/wp-json\/wp\/v2\/comments?post=63519"}],"version-history":[{"count":0,"href":"https:\/\/jornalfatosenoticias.com.br\/index.php\/wp-json\/wp\/v2\/posts\/63519\/revisions"}],"wp:featuredmedia":[{"embeddable":true,"href":"https:\/\/jornalfatosenoticias.com.br\/index.php\/wp-json\/wp\/v2\/media\/63520"}],"wp:attachment":[{"href":"https:\/\/jornalfatosenoticias.com.br\/index.php\/wp-json\/wp\/v2\/media?parent=63519"}],"wp:term":[{"taxonomy":"category","embeddable":true,"href":"https:\/\/jornalfatosenoticias.com.br\/index.php\/wp-json\/wp\/v2\/categories?post=63519"},{"taxonomy":"post_tag","embeddable":true,"href":"https:\/\/jornalfatosenoticias.com.br\/index.php\/wp-json\/wp\/v2\/tags?post=63519"}],"curies":[{"name":"wp","href":"https:\/\/api.w.org\/{rel}","templated":true}]}}