{"id":63540,"date":"2025-11-25T12:24:54","date_gmt":"2025-11-25T15:24:54","guid":{"rendered":"https:\/\/jornalfatosenoticias.com.br\/?p=63540"},"modified":"2025-11-25T12:24:57","modified_gmt":"2025-11-25T15:24:57","slug":"atritos-com-motta-e-alcolumbre-elevam-risco-de-derrotas-de-lula-no-congresso","status":"publish","type":"post","link":"https:\/\/jornalfatosenoticias.com.br\/index.php\/2025\/11\/25\/atritos-com-motta-e-alcolumbre-elevam-risco-de-derrotas-de-lula-no-congresso\/","title":{"rendered":"Atritos com Motta e Alcolumbre elevam risco de derrotas de Lula no Congresso"},"content":{"rendered":"\n<p><span class=\"has-inline-color has-black-color\">Por <strong><a href=\"https:\/\/www.gazetadopovo.com.br\/autor\/vinicius-sales\/\">Vin\u00edcius Sales<\/a>\/<a href=\"https:\/\/www.gazetadopovo.com.br\/autor\/wesley-oliveira\/\">Wesley Oliveira<\/a><\/strong><\/span><\/p>\n\n\n\n<div class=\"wp-block-image\"><figure class=\"aligncenter size-large\"><a href=\"https:\/\/mizu.com.br\/\"><img loading=\"lazy\" decoding=\"async\" width=\"729\" height=\"90\" src=\"https:\/\/jornalfatosenoticias.com.br\/wp-content\/uploads\/2020\/02\/Logo_Mizu.png\" alt=\"\" class=\"wp-image-1441\" srcset=\"https:\/\/jornalfatosenoticias.com.br\/wp-content\/uploads\/2020\/02\/Logo_Mizu.png 729w, https:\/\/jornalfatosenoticias.com.br\/wp-content\/uploads\/2020\/02\/Logo_Mizu-300x37.png 300w\" sizes=\"auto, (max-width: 729px) 100vw, 729px\" \/><\/a><\/figure><\/div>\n\n\n\n<p>O an\u00fancio do presidente da C\u00e2mara, Hugo Motta (Republicanos-PB), de que <a href=\"https:\/\/www.gazetadopovo.com.br\/republica\/motta-rompe-relacoes-com-lider-do-governo-na-camara-dos-deputados-nao-tenho-mais-interesse\/\">rompeu com o l\u00edder do PT<\/a>, Lindbergh Farias (RJ), somado \u00e0\u00a0<a href=\"https:\/\/www.gazetadopovo.com.br\/republica\/alcolumbre-diz-que-pautara-indicacao-no-momento-oportuno\/\">insatisfa\u00e7\u00e3o do presidente do Senado, Davi Alcolumbre<\/a> (Uni\u00e3o-AP), com Luiz In\u00e1cio Lula da Silva, dever\u00e1 dificultar ainda mais a aprova\u00e7\u00e3o, no Congresso, de mat\u00e9rias priorit\u00e1rias do governo. O Pal\u00e1cio do Planalto quer aprovar, ainda neste ano, o Or\u00e7amento de 2026, a PEC da Seguran\u00e7a P\u00fablica, o PL Antifac\u00e7\u00e3o e a indica\u00e7\u00e3o do advogado-geral da Uni\u00e3o, Jorge Messias, para a vaga aberta no Supremo Tribunal Federal (STF). Al\u00e9m disso, batalha para barrar a vota\u00e7\u00e3o da anistia para Jair Bolsonaro e seus apoiadores condenados pelo 8 de janeiro de 2023. Com a pris\u00e3o do ex-presidente no s\u00e1bado (22), a press\u00e3o da direita pelo perd\u00e3o aumentou, inclusive com tentativas de obstruir vota\u00e7\u00f5es no plen\u00e1rio da C\u00e2mara se a proposta n\u00e3o for pautada.<br>Na avalia\u00e7\u00e3o do cientista pol\u00edtico Adriano Cerqueira, professor do Ibmec de Belo Horizonte, o prazo curto para tramita\u00e7\u00e3o de propostas importantes para o governo aumenta o risco de derrotas. \u201cEstamos no final do ano, n\u00e3o h\u00e1 muita margem para alongar processos, ent\u00e3o o governo realmente est\u00e1 mostrando dificuldades de negocia\u00e7\u00e3o\u201d, afirma. Para ele, Lula tamb\u00e9m eleva o risco de derrotas se adotar uma estrat\u00e9gia de maior radicaliza\u00e7\u00e3o \u00e0 esquerda, reduzindo, com isso, a margem de negocia\u00e7\u00e3o com partidos do centro.<\/p>\n\n\n\n<div class=\"wp-block-image\"><figure class=\"aligncenter size-large is-resized\"><a href=\"https:\/\/www.instagram.com\/esteio.churrascaria\/\"><img loading=\"lazy\" decoding=\"async\" src=\"https:\/\/jornalfatosenoticias.com.br\/wp-content\/uploads\/2022\/02\/LOGO-ESTEIO-1024x730.png\" alt=\"\" class=\"wp-image-27942\" width=\"344\" height=\"245\" srcset=\"https:\/\/jornalfatosenoticias.com.br\/wp-content\/uploads\/2022\/02\/LOGO-ESTEIO-1024x730.png 1024w, https:\/\/jornalfatosenoticias.com.br\/wp-content\/uploads\/2022\/02\/LOGO-ESTEIO-300x214.png 300w, https:\/\/jornalfatosenoticias.com.br\/wp-content\/uploads\/2022\/02\/LOGO-ESTEIO-768x548.png 768w, https:\/\/jornalfatosenoticias.com.br\/wp-content\/uploads\/2022\/02\/LOGO-ESTEIO.png 1123w\" sizes=\"auto, (max-width: 344px) 100vw, 344px\" \/><\/a><\/figure><\/div>\n\n\n\n<blockquote class=\"wp-block-quote is-layout-flow wp-block-quote-is-layout-flow\"><p><span class=\"has-inline-color has-luminous-vivid-orange-color\">O Lula est\u00e1 aparentemente desistindo do centro, investindo mais em discurso e em uma fei\u00e7\u00e3o de esquerda para seu minist\u00e9rio e governo. Isso n\u00e3o \u00e9 uma situa\u00e7\u00e3o boa para o governo no momento\u201d.<\/span><\/p><\/blockquote>\n\n\n\n<div class=\"wp-block-image\"><figure class=\"aligncenter size-large is-resized\"><a href=\"https:\/\/www.instagram.com\/restaurantepegoretti\/\"><img loading=\"lazy\" decoding=\"async\" src=\"https:\/\/jornalfatosenoticias.com.br\/wp-content\/uploads\/2023\/12\/pegoretti-logo-pdf-1024x389.jpg\" alt=\"\" class=\"wp-image-47536\" width=\"543\" height=\"206\" srcset=\"https:\/\/jornalfatosenoticias.com.br\/wp-content\/uploads\/2023\/12\/pegoretti-logo-pdf-1024x389.jpg 1024w, https:\/\/jornalfatosenoticias.com.br\/wp-content\/uploads\/2023\/12\/pegoretti-logo-pdf-300x114.jpg 300w, https:\/\/jornalfatosenoticias.com.br\/wp-content\/uploads\/2023\/12\/pegoretti-logo-pdf-768x291.jpg 768w, https:\/\/jornalfatosenoticias.com.br\/wp-content\/uploads\/2023\/12\/pegoretti-logo-pdf.jpg 1120w\" sizes=\"auto, (max-width: 543px) 100vw, 543px\" \/><\/a><\/figure><\/div>\n\n\n\n<p><strong><span class=\"has-inline-color has-black-color\">Judicializa\u00e7\u00e3o do governo Lula incentivou desgaste com Motta<br><\/span><\/strong>Na tarde desta segunda (24), Motta anunciou \u00e0 imprensa que havia rompido com Lindbergh Farias. O fim do di\u00e1logo resulta de uma s\u00e9rie de ataques do l\u00edder do PT ao presidente da C\u00e2mara. Sinal evidente da rusga apareceu em setembro, quando Lindbergh acionou o Supremo Tribunal Federal (STF) para tentar barrar a PEC da Imunidade, que condicionaria a abertura de a\u00e7\u00f5es penais contra parlamentares \u00e0 aprova\u00e7\u00e3o pr\u00e9via do Legislativo.<\/p>\n\n\n\n<div class=\"wp-block-image\"><figure class=\"aligncenter size-large\"><a href=\"http:\/\/www.ferrarimaquinas.com.br\/\"><img loading=\"lazy\" decoding=\"async\" width=\"300\" height=\"250\" src=\"https:\/\/jornalfatosenoticias.com.br\/wp-content\/uploads\/2022\/02\/FERRARI_MAQUINAS-E-FERRAMENTAS2.jpg\" alt=\"\" class=\"wp-image-27860\"\/><\/a><\/figure><\/div>\n\n\n\n<p>Durante a vota\u00e7\u00e3o em plen\u00e1rio, o petista anunciou que recorreria ao STF e, em resposta, Motta ironizou: \u201c\u00e9 um direito de Vossa Excel\u00eancia ir ao Supremo, como faz quase diariamente\u201d. O atrito ganhou for\u00e7a com as negocia\u00e7\u00f5es do projeto de lei enviado pelo governo para enfrentar as fac\u00e7\u00f5es criminosas. Motta escolheu o deputado Guilherme Derrite (PP-SP), ex-secret\u00e1rio do governador de S\u00e3o Paulo, Tarc\u00edsio de Freitas, o que irritou o governo. Na C\u00e2mara, coube a Lindbergh expressar o descontentamento, elevando o tom das cr\u00edticas ao presidente da C\u00e2mara. \u201cColocar nas m\u00e3os do secret\u00e1rio de Seguran\u00e7a do governador Tarc\u00edsio beira uma provoca\u00e7\u00e3o\u201d, escreveu Lindbergh no X, acresentando que a decis\u00e3o de Motta era um \u201cdesrespeito a Lula\u201d.<\/p>\n\n\n\n<div class=\"wp-block-image\"><figure class=\"aligncenter size-large is-resized\"><a href=\"https:\/\/www.controlsystems.com.br\/\"><img loading=\"lazy\" decoding=\"async\" src=\"https:\/\/jornalfatosenoticias.com.br\/wp-content\/uploads\/2020\/02\/CONTROL-CS.jpg\" alt=\"\" class=\"wp-image-44991\" width=\"296\" height=\"355\" srcset=\"https:\/\/jornalfatosenoticias.com.br\/wp-content\/uploads\/2020\/02\/CONTROL-CS.jpg 834w, https:\/\/jornalfatosenoticias.com.br\/wp-content\/uploads\/2020\/02\/CONTROL-CS-250x300.jpg 250w, https:\/\/jornalfatosenoticias.com.br\/wp-content\/uploads\/2020\/02\/CONTROL-CS-768x921.jpg 768w\" sizes=\"auto, (max-width: 296px) 100vw, 296px\" \/><\/a><\/figure><\/div>\n\n\n\n<p>A reuni\u00e3o de l\u00edderes de 11 de novembro tamb\u00e9m contribuiu para o acirramento. Motta reclamou da postura do governo em atac\u00e1-lo pela condu\u00e7\u00e3o do PL Antifac\u00e7\u00e3o e chegou a bater na mesa em protesto contra Lindbergh. Mesmo com a oposi\u00e7\u00e3o do Planalto, a proposta relatada por Derrite foi aprovada na C\u00e2mara por 370 votos a 110. O texto seguiu para o Senado, onde \u00e9 relatado por Alessandro Vieira (MDB-SE). O governo ainda tentar\u00e1 reverter as altera\u00e7\u00f5es feitas por Derrite, mas nesse caso o texto voltaria \u00e0 C\u00e2mara. Ap\u00f3s Motta anunciar o rompimento, Lindbergh reagiu chamando o presidente da C\u00e2mara de \u201cimaturo\u201d e o acusou de conduzir articula\u00e7\u00f5es \u201cna surdina\u201d, ampliando a crise.<\/p>\n\n\n\n<div class=\"wp-block-image\"><figure class=\"aligncenter size-large is-resized\"><a href=\"https:\/\/legisjuris.com.br\/\"><img loading=\"lazy\" decoding=\"async\" src=\"https:\/\/jornalfatosenoticias.com.br\/wp-content\/uploads\/2024\/09\/Legis-Juris-Consultoria_logo.jpg\" alt=\"\" class=\"wp-image-53915\" width=\"556\" height=\"233\" srcset=\"https:\/\/jornalfatosenoticias.com.br\/wp-content\/uploads\/2024\/09\/Legis-Juris-Consultoria_logo.jpg 969w, https:\/\/jornalfatosenoticias.com.br\/wp-content\/uploads\/2024\/09\/Legis-Juris-Consultoria_logo-300x126.jpg 300w, https:\/\/jornalfatosenoticias.com.br\/wp-content\/uploads\/2024\/09\/Legis-Juris-Consultoria_logo-768x322.jpg 768w\" sizes=\"auto, (max-width: 556px) 100vw, 556px\" \/><\/a><\/figure><\/div>\n\n\n\n<p><strong><span class=\"has-inline-color has-black-color\">Indica\u00e7\u00e3o de Messias vira teste de for\u00e7a e exp\u00f5e \u201crompimento branco\u201d entre Alcolumbre e Lula<br><\/span><\/strong>No Senado, a indica\u00e7\u00e3o de Messias para o STF incomodou Alcolumbre, com quem o costuma contar para reverter derrotas na C\u00e2mara. O presidente do Senado defendia a indica\u00e7\u00e3o do senador Rodrigo Pacheco (PSD-MG) para a Corte e n\u00e3o foi avisado que Lula anunciaria Messias no feriado do dia 20.<\/p>\n\n\n\n<div class=\"wp-block-image\"><figure class=\"aligncenter size-large is-resized\"><a href=\"https:\/\/www.facebook.com\/profile.php?id=100069289606145\"><img loading=\"lazy\" decoding=\"async\" src=\"https:\/\/jornalfatosenoticias.com.br\/wp-content\/uploads\/2024\/11\/Guaitolini-Contabilidade-1024x714.jpeg\" alt=\"\" class=\"wp-image-55808\" width=\"322\" height=\"224\" srcset=\"https:\/\/jornalfatosenoticias.com.br\/wp-content\/uploads\/2024\/11\/Guaitolini-Contabilidade-1024x714.jpeg 1024w, https:\/\/jornalfatosenoticias.com.br\/wp-content\/uploads\/2024\/11\/Guaitolini-Contabilidade-300x209.jpeg 300w, https:\/\/jornalfatosenoticias.com.br\/wp-content\/uploads\/2024\/11\/Guaitolini-Contabilidade-768x535.jpeg 768w, https:\/\/jornalfatosenoticias.com.br\/wp-content\/uploads\/2024\/11\/Guaitolini-Contabilidade.jpeg 1280w\" sizes=\"auto, (max-width: 322px) 100vw, 322px\" \/><\/a><\/figure><\/div>\n\n\n\n<p>Horas ap\u00f3s o an\u00fancio da indica\u00e7\u00e3o, Alcolumbre decidiu pautar projeto que regulamenta a aposentadoria especial de agentes comunit\u00e1rios de sa\u00fade e de combate \u00e0s endemias. A proposta tem impacto fiscal estimado em mais de R$ 20 bilh\u00f5es em dez anos e desagrada a equipe econ\u00f4mica do governo. Alcolumbre tamb\u00e9m quer votar a PEC que extingue a reelei\u00e7\u00e3o para cargos do Executivo a partir de 2028, iniciativa \u00e0 qual Lula j\u00e1 havia declarado oposi\u00e7\u00e3o.<\/p>\n\n\n\n<div class=\"wp-block-image\"><figure class=\"aligncenter size-large is-resized\"><a href=\"https:\/\/www.instagram.com\/rcradiadores\/\"><img loading=\"lazy\" decoding=\"async\" src=\"https:\/\/jornalfatosenoticias.com.br\/wp-content\/uploads\/2022\/10\/RC_800x750_page-0001.jpg\" alt=\"\" class=\"wp-image-35338\" width=\"365\" height=\"342\" srcset=\"https:\/\/jornalfatosenoticias.com.br\/wp-content\/uploads\/2022\/10\/RC_800x750_page-0001.jpg 400w, https:\/\/jornalfatosenoticias.com.br\/wp-content\/uploads\/2022\/10\/RC_800x750_page-0001-300x281.jpg 300w\" sizes=\"auto, (max-width: 365px) 100vw, 365px\" \/><\/a><\/figure><\/div>\n\n\n\n<p>A crise se aprofundou com o rompimento de Alcolumbre com o l\u00edder do governo no Senado, Jaques Wagner (PT-BA), que admite haver uma \u201ctens\u00e3o muito grande\u201d na Casa. Em entrevista \u00e0 Globo News, o l\u00edder do governo admitiu que dificilmente haver\u00e1 tempo h\u00e1bil para votar a indica\u00e7\u00e3o de Messias neste ano, citando tanto o calend\u00e1rio apertado e o ambiente pol\u00edtico deteriorado.<\/p>\n\n\n\n<div class=\"wp-block-image\"><figure class=\"aligncenter size-large is-resized\"><a href=\"https:\/\/hotelmarquetti.com.br\/\"><img loading=\"lazy\" decoding=\"async\" src=\"https:\/\/jornalfatosenoticias.com.br\/wp-content\/uploads\/2020\/02\/LOGO-MQ-1024x680.jpg\" alt=\"\" class=\"wp-image-58299\" width=\"334\" height=\"222\" srcset=\"https:\/\/jornalfatosenoticias.com.br\/wp-content\/uploads\/2020\/02\/LOGO-MQ-1024x680.jpg 1024w, https:\/\/jornalfatosenoticias.com.br\/wp-content\/uploads\/2020\/02\/LOGO-MQ-300x199.jpg 300w, https:\/\/jornalfatosenoticias.com.br\/wp-content\/uploads\/2020\/02\/LOGO-MQ-768x510.jpg 768w, https:\/\/jornalfatosenoticias.com.br\/wp-content\/uploads\/2020\/02\/LOGO-MQ-1536x1020.jpg 1536w, https:\/\/jornalfatosenoticias.com.br\/wp-content\/uploads\/2020\/02\/LOGO-MQ-2048x1360.jpg 2048w\" sizes=\"auto, (max-width: 334px) 100vw, 334px\" \/><\/a><\/figure><\/div>\n\n\n\n<p>A oposi\u00e7\u00e3o agora articula acelerar o rito \u2014 realizando sabatina e vota\u00e7\u00e3o no mesmo dia \u2014 para impedir que o Planalto reorganize sua base, apostando que o indicado ainda n\u00e3o tem 41 votos para ser aprovado. O ambiente desfavor\u00e1vel ainda foi inflamado pela pris\u00e3o preventiva do ex-presidente Jair Bolsonaro, no s\u00e1bado (22). Na tentativa de reduzir tens\u00f5es, Messias divulgou uma nota elogiando publicamente o papel institucional de Alcolumbre \u00e0 frente do Senado. O gesto foi recebido com frieza: o senador respondeu apenas que analisar\u00e1 a indica\u00e7\u00e3o \u201cno momento oportuno\u201d, sem mencionar o nome do indicado.<\/p>\n\n\n\n<div class=\"wp-block-image\"><figure class=\"aligncenter size-large is-resized\"><a href=\"https:\/\/www.instagram.com\/serra4x4cambioautomatico\/\"><img loading=\"lazy\" decoding=\"async\" src=\"https:\/\/jornalfatosenoticias.com.br\/wp-content\/uploads\/2024\/08\/Serra-4x4-1-886x1024.jpg\" alt=\"\" class=\"wp-image-53632\" width=\"287\" height=\"332\" srcset=\"https:\/\/jornalfatosenoticias.com.br\/wp-content\/uploads\/2024\/08\/Serra-4x4-1-886x1024.jpg 886w, https:\/\/jornalfatosenoticias.com.br\/wp-content\/uploads\/2024\/08\/Serra-4x4-1-260x300.jpg 260w, https:\/\/jornalfatosenoticias.com.br\/wp-content\/uploads\/2024\/08\/Serra-4x4-1-768x888.jpg 768w, https:\/\/jornalfatosenoticias.com.br\/wp-content\/uploads\/2024\/08\/Serra-4x4-1.jpg 1181w\" sizes=\"auto, (max-width: 287px) 100vw, 287px\" \/><\/a><\/figure><\/div>\n\n\n\n<p>Para o cientista pol\u00edtico Alexandre Bandeira, Lula perdeu um articulador importante. \u201cO presidente, al\u00e9m de ter preterido o candidato de Alcolumbre, n\u00e3o deu a menor satisfa\u00e7\u00e3o ao senador, que vinha at\u00e9 ent\u00e3o atuando como bombeiro do governo no Senado\u201d. Ele lembra que o PL Antifac\u00e7\u00e3o ser\u00e1 analisado no Senado em meio ao ambiente hostil contra Messias e considera que, se o relacionamento continuar ruim, Lula sofrer\u00e1 tamb\u00e9m as consequ\u00eancias na elei\u00e7\u00e3o de 2026.<\/p>\n\n\n\n<div class=\"wp-block-image\"><figure class=\"aligncenter size-large is-resized\"><a href=\"https:\/\/www.facebook.com\/postobkr\/?locale=pt_BR\"><img loading=\"lazy\" decoding=\"async\" src=\"https:\/\/jornalfatosenoticias.com.br\/wp-content\/uploads\/2023\/08\/BKR-1024x1021.jpg\" alt=\"\" class=\"wp-image-44494\" width=\"293\" height=\"292\" srcset=\"https:\/\/jornalfatosenoticias.com.br\/wp-content\/uploads\/2023\/08\/BKR-1024x1021.jpg 1024w, https:\/\/jornalfatosenoticias.com.br\/wp-content\/uploads\/2023\/08\/BKR-300x300.jpg 300w, https:\/\/jornalfatosenoticias.com.br\/wp-content\/uploads\/2023\/08\/BKR-150x150.jpg 150w, https:\/\/jornalfatosenoticias.com.br\/wp-content\/uploads\/2023\/08\/BKR-768x766.jpg 768w, https:\/\/jornalfatosenoticias.com.br\/wp-content\/uploads\/2023\/08\/BKR.jpg 1080w\" sizes=\"auto, (max-width: 293px) 100vw, 293px\" \/><\/a><\/figure><\/div>\n\n\n\n<blockquote class=\"wp-block-quote is-layout-flow wp-block-quote-is-layout-flow\"><p><span class=\"has-inline-color has-luminous-vivid-orange-color\">Esse tensionamento nos relacionamentos pode alcan\u00e7ar os planos eleitorais de Lula para 2026. O Congresso tem que aprovar o or\u00e7amento que o governo ter\u00e1 para trabalhar no ano que vem, que poder\u00e1 vir muito restrito para entregas e realiza\u00e7\u00f5es por parte do Executivo e fazer alguns ajustes fiscais de interesse do governo\u201d, explica. \u201cO Congresso ainda pode n\u00e3o andar com projetos de interesse do Pal\u00e1cio do Planalto, como o fim da jornada 6&#215;1. Ou pior, de maneira mais extremada, gerar uma agenda legislativa com pautas bombas que compliquem a imagem do presidente e de seu governo\u201d, diz Bandeira.<\/span><\/p><\/blockquote>\n\n\n\n<div class=\"wp-block-image\"><figure class=\"aligncenter size-large is-resized\"><a href=\"https:\/\/www.instagram.com\/restaurantepegoretti\/\"><img loading=\"lazy\" decoding=\"async\" src=\"https:\/\/jornalfatosenoticias.com.br\/wp-content\/uploads\/2023\/12\/pegoretti-logo-pdf-1024x389.jpg\" alt=\"\" class=\"wp-image-47536\" width=\"517\" height=\"196\" srcset=\"https:\/\/jornalfatosenoticias.com.br\/wp-content\/uploads\/2023\/12\/pegoretti-logo-pdf-1024x389.jpg 1024w, https:\/\/jornalfatosenoticias.com.br\/wp-content\/uploads\/2023\/12\/pegoretti-logo-pdf-300x114.jpg 300w, https:\/\/jornalfatosenoticias.com.br\/wp-content\/uploads\/2023\/12\/pegoretti-logo-pdf-768x291.jpg 768w, https:\/\/jornalfatosenoticias.com.br\/wp-content\/uploads\/2023\/12\/pegoretti-logo-pdf.jpg 1120w\" sizes=\"auto, (max-width: 517px) 100vw, 517px\" \/><\/a><\/figure><\/div>\n\n\n\n<p><strong><span class=\"has-inline-color has-black-color\">Press\u00e3o por anistia ainda pode paralisar Or\u00e7amento e PEC da Seguran\u00e7a<br><\/span><\/strong>Para complicar, cresce no Legislativo a mobiliza\u00e7\u00e3o pela anistia a Jair Bolsonaro e a aliados condenados pelos atos de 8 de janeiro. Ap\u00f3s reuni\u00e3o da bancada do PL sobre a pris\u00e3o do ex-presidente, o partido anunciou que ir\u00e1 articular formalmente a vota\u00e7\u00e3o da proposta e usar sua for\u00e7a no plen\u00e1rio para pressionar o avan\u00e7o do tema.<\/p>\n\n\n\n<div class=\"wp-block-image\"><figure class=\"aligncenter size-large\"><a href=\"https:\/\/www.cesconetto.com.br\/\"><img loading=\"lazy\" decoding=\"async\" width=\"300\" height=\"250\" src=\"https:\/\/jornalfatosenoticias.com.br\/wp-content\/uploads\/2020\/02\/Banner-2.png\" alt=\"\" class=\"wp-image-43787\"\/><\/a><\/figure><\/div>\n\n\n\n<blockquote class=\"wp-block-quote is-layout-flow wp-block-quote-is-layout-flow\"><p><span class=\"has-inline-color has-luminous-vivid-orange-color\">N\u00e3o abrimos m\u00e3o de isentar essas puni\u00e7\u00f5es absurdas que est\u00e3o sendo impostas a pessoas inocentes. [\u2026] Vamos usar nossos artif\u00edcios regimentais para aprovar a anistia. N\u00e3o temos compromisso nenhum com a dosimetria. Que ven\u00e7a quem tiver mais votos\u201d, afirmou o senador Fl\u00e1vio Bolsonaro (PL) nesta segunda-feira.<\/span><\/p><\/blockquote>\n\n\n\n<div class=\"wp-block-image\"><figure class=\"aligncenter size-large is-resized\"><a href=\"https:\/\/www.instagram.com\/gruposei\/\"><img loading=\"lazy\" decoding=\"async\" src=\"https:\/\/jornalfatosenoticias.com.br\/wp-content\/uploads\/2022\/07\/Logo-Grupo-SEI.jpg\" alt=\"\" class=\"wp-image-31973\" width=\"379\" height=\"199\" srcset=\"https:\/\/jornalfatosenoticias.com.br\/wp-content\/uploads\/2022\/07\/Logo-Grupo-SEI.jpg 713w, https:\/\/jornalfatosenoticias.com.br\/wp-content\/uploads\/2022\/07\/Logo-Grupo-SEI-300x158.jpg 300w\" sizes=\"auto, (max-width: 379px) 100vw, 379px\" \/><\/a><\/figure><\/div>\n\n\n\n<p>Se a oposi\u00e7\u00e3o conseguir obstruir as vota\u00e7\u00f5es na C\u00e2mara, corre risco a PEC da Seguran\u00e7a P\u00fablica, apresentada pelo governo e criticada por governadores de direita por concentrar as pol\u00edticas do setor no governo federal. O texto est\u00e1 numa comiss\u00e3o especial e tem como relator o deputado Mendon\u00e7a Filho (Uni\u00e3o-PE), de centro-direita.<\/p>\n\n\n\n<div class=\"wp-block-image\"><figure class=\"aligncenter size-large is-resized\"><a href=\"https:\/\/panper.com.br\/\"><img loading=\"lazy\" decoding=\"async\" src=\"https:\/\/jornalfatosenoticias.com.br\/wp-content\/uploads\/2023\/03\/logo-Panper_portal.jpg\" alt=\"\" class=\"wp-image-40208\" width=\"339\" height=\"235\" srcset=\"https:\/\/jornalfatosenoticias.com.br\/wp-content\/uploads\/2023\/03\/logo-Panper_portal.jpg 400w, https:\/\/jornalfatosenoticias.com.br\/wp-content\/uploads\/2023\/03\/logo-Panper_portal-300x208.jpg 300w\" sizes=\"auto, (max-width: 339px) 100vw, 339px\" \/><\/a><\/figure><\/div>\n\n\n\n<p>O governo tamb\u00e9m precisa articular a aprova\u00e7\u00e3o da LDO de 2026, que tramita no Senado. O texto, j\u00e1 adiado v\u00e1rias vezes, ainda depende de aval da Comiss\u00e3o Mista de Or\u00e7amento (CMO) e do plen\u00e1rio do Congresso. Alcolumbre chegou a indicar, no \u00faltimo dia 12, que poderia paut\u00e1-la na sess\u00e3o marcada para 3 de dezembro. Com o desgaste envolvendo a indica\u00e7\u00e3o de Messias, a vota\u00e7\u00e3o pode sofrer novos atrasos e repetir o cen\u00e1rio do Or\u00e7amento de 2025, aprovado apenas em mar\u00e7o deste ano ap\u00f3s impasse sobre emendas parlamentares.<\/p>\n\n\n\n<div class=\"wp-block-image\"><figure class=\"aligncenter size-large is-resized\"><a href=\"https:\/\/www.facebook.com\/vetor.vix\/\"><img loading=\"lazy\" decoding=\"async\" src=\"https:\/\/jornalfatosenoticias.com.br\/wp-content\/uploads\/2023\/09\/vetorvix1024_1.jpg\" alt=\"\" class=\"wp-image-44868\" width=\"569\" height=\"151\" srcset=\"https:\/\/jornalfatosenoticias.com.br\/wp-content\/uploads\/2023\/09\/vetorvix1024_1.jpg 1024w, https:\/\/jornalfatosenoticias.com.br\/wp-content\/uploads\/2023\/09\/vetorvix1024_1-300x80.jpg 300w, https:\/\/jornalfatosenoticias.com.br\/wp-content\/uploads\/2023\/09\/vetorvix1024_1-768x205.jpg 768w\" sizes=\"auto, (max-width: 569px) 100vw, 569px\" \/><\/a><\/figure><\/div>\n\n\n\n<p><strong>Fonte: <a href=\"https:\/\/www.gazetadopovo.com.br\/republica\/atritos-com-congresso-elevam-risco-de-derrotas-de-lula\/\">Gazeta do Povo<\/a><\/strong><\/p>\n","protected":false},"excerpt":{"rendered":"<p>Por Vin\u00edcius Sales\/Wesley Oliveira O an\u00fancio do presidente da C\u00e2mara, Hugo Motta (Republicanos-PB), de que rompeu com o l\u00edder do PT, Lindbergh Farias (RJ), somado \u00e0\u00a0insatisfa\u00e7\u00e3o do presidente do Senado, Davi Alcolumbre (Uni\u00e3o-AP), com Luiz In\u00e1cio Lula da Silva, dever\u00e1 dificultar ainda mais a aprova\u00e7\u00e3o, no Congresso, de mat\u00e9rias priorit\u00e1rias do governo. O Pal\u00e1cio do [&hellip;]<\/p>\n","protected":false},"author":2,"featured_media":62269,"comment_status":"open","ping_status":"open","sticky":false,"template":"","format":"standard","meta":{"footnotes":""},"categories":[10],"tags":[18055,1242,19435,25620,1795,24416],"class_list":["post-63540","post","type-post","status-publish","format-standard","has-post-thumbnail","hentry","category-politica","tag-8-de-janeiro","tag-anistia","tag-davi-alcolumbre","tag-hugo-motta","tag-jair-bolsonaro","tag-jorge-messias"],"yoast_head":"<!-- This site is optimized with the Yoast SEO plugin v26.5 - https:\/\/yoast.com\/wordpress\/plugins\/seo\/ -->\n<title>Atritos com Motta e Alcolumbre elevam risco de derrotas de Lula no Congresso - Jornal Fatos e Not\u00edcias<\/title>\n<meta name=\"robots\" content=\"index, follow, max-snippet:-1, max-image-preview:large, max-video-preview:-1\" \/>\n<link rel=\"canonical\" href=\"https:\/\/jornalfatosenoticias.com.br\/index.php\/2025\/11\/25\/atritos-com-motta-e-alcolumbre-elevam-risco-de-derrotas-de-lula-no-congresso\/\" \/>\n<meta property=\"og:locale\" content=\"pt_BR\" \/>\n<meta property=\"og:type\" content=\"article\" \/>\n<meta property=\"og:title\" content=\"Atritos com Motta e Alcolumbre elevam risco de derrotas de Lula no Congresso - Jornal Fatos e Not\u00edcias\" \/>\n<meta property=\"og:description\" content=\"Por Vin\u00edcius Sales\/Wesley Oliveira O an\u00fancio do presidente da C\u00e2mara, Hugo Motta (Republicanos-PB), de que rompeu com o l\u00edder do PT, Lindbergh Farias (RJ), somado \u00e0\u00a0insatisfa\u00e7\u00e3o do presidente do Senado, Davi Alcolumbre (Uni\u00e3o-AP), com Luiz In\u00e1cio Lula da Silva, dever\u00e1 dificultar ainda mais a aprova\u00e7\u00e3o, no Congresso, de mat\u00e9rias priorit\u00e1rias do governo. O Pal\u00e1cio do [&hellip;]\" \/>\n<meta property=\"og:url\" content=\"https:\/\/jornalfatosenoticias.com.br\/index.php\/2025\/11\/25\/atritos-com-motta-e-alcolumbre-elevam-risco-de-derrotas-de-lula-no-congresso\/\" \/>\n<meta property=\"og:site_name\" content=\"Jornal Fatos e Not\u00edcias\" \/>\n<meta property=\"article:published_time\" content=\"2025-11-25T15:24:54+00:00\" \/>\n<meta property=\"article:modified_time\" content=\"2025-11-25T15:24:57+00:00\" \/>\n<meta property=\"og:image\" content=\"https:\/\/jornalfatosenoticias.com.br\/wp-content\/uploads\/2025\/10\/nine-orcamento_gettyimages.jpg\" \/>\n\t<meta property=\"og:image:width\" content=\"612\" \/>\n\t<meta property=\"og:image:height\" content=\"407\" \/>\n\t<meta property=\"og:image:type\" content=\"image\/jpeg\" \/>\n<meta name=\"author\" content=\"Luzimara Fernandes\" \/>\n<meta name=\"twitter:card\" content=\"summary_large_image\" \/>\n<meta name=\"twitter:label1\" content=\"Escrito por\" \/>\n\t<meta name=\"twitter:data1\" content=\"Luzimara Fernandes\" \/>\n\t<meta name=\"twitter:label2\" content=\"Est. tempo de leitura\" \/>\n\t<meta name=\"twitter:data2\" content=\"7 minutos\" \/>\n<script type=\"application\/ld+json\" class=\"yoast-schema-graph\">{\"@context\":\"https:\/\/schema.org\",\"@graph\":[{\"@type\":\"Article\",\"@id\":\"https:\/\/jornalfatosenoticias.com.br\/index.php\/2025\/11\/25\/atritos-com-motta-e-alcolumbre-elevam-risco-de-derrotas-de-lula-no-congresso\/#article\",\"isPartOf\":{\"@id\":\"https:\/\/jornalfatosenoticias.com.br\/index.php\/2025\/11\/25\/atritos-com-motta-e-alcolumbre-elevam-risco-de-derrotas-de-lula-no-congresso\/\"},\"author\":{\"name\":\"Luzimara Fernandes\",\"@id\":\"https:\/\/jornalfatosenoticias.com.br\/#\/schema\/person\/d63837fa13ac8666eb9e74e0985d6f81\"},\"headline\":\"Atritos com Motta e Alcolumbre elevam risco de derrotas de Lula no Congresso\",\"datePublished\":\"2025-11-25T15:24:54+00:00\",\"dateModified\":\"2025-11-25T15:24:57+00:00\",\"mainEntityOfPage\":{\"@id\":\"https:\/\/jornalfatosenoticias.com.br\/index.php\/2025\/11\/25\/atritos-com-motta-e-alcolumbre-elevam-risco-de-derrotas-de-lula-no-congresso\/\"},\"wordCount\":1429,\"commentCount\":0,\"publisher\":{\"@id\":\"https:\/\/jornalfatosenoticias.com.br\/#organization\"},\"image\":{\"@id\":\"https:\/\/jornalfatosenoticias.com.br\/index.php\/2025\/11\/25\/atritos-com-motta-e-alcolumbre-elevam-risco-de-derrotas-de-lula-no-congresso\/#primaryimage\"},\"thumbnailUrl\":\"https:\/\/jornalfatosenoticias.com.br\/wp-content\/uploads\/2025\/10\/nine-orcamento_gettyimages.jpg\",\"keywords\":[\"8 de janeiro\",\"anistia\",\"Davi Alcolumbre\",\"Hugo Motta\",\"Jair Bolsonaro\",\"Jorge Messias\"],\"articleSection\":[\"Pol\u00edtica\"],\"inLanguage\":\"pt-BR\",\"potentialAction\":[{\"@type\":\"CommentAction\",\"name\":\"Comment\",\"target\":[\"https:\/\/jornalfatosenoticias.com.br\/index.php\/2025\/11\/25\/atritos-com-motta-e-alcolumbre-elevam-risco-de-derrotas-de-lula-no-congresso\/#respond\"]}]},{\"@type\":\"WebPage\",\"@id\":\"https:\/\/jornalfatosenoticias.com.br\/index.php\/2025\/11\/25\/atritos-com-motta-e-alcolumbre-elevam-risco-de-derrotas-de-lula-no-congresso\/\",\"url\":\"https:\/\/jornalfatosenoticias.com.br\/index.php\/2025\/11\/25\/atritos-com-motta-e-alcolumbre-elevam-risco-de-derrotas-de-lula-no-congresso\/\",\"name\":\"Atritos com Motta e Alcolumbre elevam risco de derrotas de Lula no Congresso - Jornal Fatos e Not\u00edcias\",\"isPartOf\":{\"@id\":\"https:\/\/jornalfatosenoticias.com.br\/#website\"},\"primaryImageOfPage\":{\"@id\":\"https:\/\/jornalfatosenoticias.com.br\/index.php\/2025\/11\/25\/atritos-com-motta-e-alcolumbre-elevam-risco-de-derrotas-de-lula-no-congresso\/#primaryimage\"},\"image\":{\"@id\":\"https:\/\/jornalfatosenoticias.com.br\/index.php\/2025\/11\/25\/atritos-com-motta-e-alcolumbre-elevam-risco-de-derrotas-de-lula-no-congresso\/#primaryimage\"},\"thumbnailUrl\":\"https:\/\/jornalfatosenoticias.com.br\/wp-content\/uploads\/2025\/10\/nine-orcamento_gettyimages.jpg\",\"datePublished\":\"2025-11-25T15:24:54+00:00\",\"dateModified\":\"2025-11-25T15:24:57+00:00\",\"breadcrumb\":{\"@id\":\"https:\/\/jornalfatosenoticias.com.br\/index.php\/2025\/11\/25\/atritos-com-motta-e-alcolumbre-elevam-risco-de-derrotas-de-lula-no-congresso\/#breadcrumb\"},\"inLanguage\":\"pt-BR\",\"potentialAction\":[{\"@type\":\"ReadAction\",\"target\":[\"https:\/\/jornalfatosenoticias.com.br\/index.php\/2025\/11\/25\/atritos-com-motta-e-alcolumbre-elevam-risco-de-derrotas-de-lula-no-congresso\/\"]}]},{\"@type\":\"ImageObject\",\"inLanguage\":\"pt-BR\",\"@id\":\"https:\/\/jornalfatosenoticias.com.br\/index.php\/2025\/11\/25\/atritos-com-motta-e-alcolumbre-elevam-risco-de-derrotas-de-lula-no-congresso\/#primaryimage\",\"url\":\"https:\/\/jornalfatosenoticias.com.br\/wp-content\/uploads\/2025\/10\/nine-orcamento_gettyimages.jpg\",\"contentUrl\":\"https:\/\/jornalfatosenoticias.com.br\/wp-content\/uploads\/2025\/10\/nine-orcamento_gettyimages.jpg\",\"width\":612,\"height\":407,\"caption\":\"BRASILIA, BRAZIL - SEPTEMBER 26: President of Brazil Luiz In\u00e1cio Lula da Silva gestures during the inauguration ceremony of the Federal Council for Social Participation in the Doce River Basin and announces about the health sector within the scope of the New Doce River Agreement at Planalto Palace on September 26, 2025 in Brasilia, Brazil. (Photo by Ton Molina\/Getty Images)\"},{\"@type\":\"BreadcrumbList\",\"@id\":\"https:\/\/jornalfatosenoticias.com.br\/index.php\/2025\/11\/25\/atritos-com-motta-e-alcolumbre-elevam-risco-de-derrotas-de-lula-no-congresso\/#breadcrumb\",\"itemListElement\":[{\"@type\":\"ListItem\",\"position\":1,\"name\":\"In\u00edcio\",\"item\":\"https:\/\/jornalfatosenoticias.com.br\/\"},{\"@type\":\"ListItem\",\"position\":2,\"name\":\"Atritos com Motta e Alcolumbre elevam risco de derrotas de Lula no Congresso\"}]},{\"@type\":\"WebSite\",\"@id\":\"https:\/\/jornalfatosenoticias.com.br\/#website\",\"url\":\"https:\/\/jornalfatosenoticias.com.br\/\",\"name\":\"Jornal Fatos e Not\u00edcias\",\"description\":\"Not\u00edcias em geral\",\"publisher\":{\"@id\":\"https:\/\/jornalfatosenoticias.com.br\/#organization\"},\"potentialAction\":[{\"@type\":\"SearchAction\",\"target\":{\"@type\":\"EntryPoint\",\"urlTemplate\":\"https:\/\/jornalfatosenoticias.com.br\/?s={search_term_string}\"},\"query-input\":{\"@type\":\"PropertyValueSpecification\",\"valueRequired\":true,\"valueName\":\"search_term_string\"}}],\"inLanguage\":\"pt-BR\"},{\"@type\":\"Organization\",\"@id\":\"https:\/\/jornalfatosenoticias.com.br\/#organization\",\"name\":\"Jornal Fatos e Not\u00edcias\",\"url\":\"https:\/\/jornalfatosenoticias.com.br\/\",\"logo\":{\"@type\":\"ImageObject\",\"inLanguage\":\"pt-BR\",\"@id\":\"https:\/\/jornalfatosenoticias.com.br\/#\/schema\/logo\/image\/\",\"url\":\"https:\/\/jornalfatosenoticias.com.br\/wp-content\/uploads\/2020\/02\/logo120.png\",\"contentUrl\":\"https:\/\/jornalfatosenoticias.com.br\/wp-content\/uploads\/2020\/02\/logo120.png\",\"width\":1227,\"height\":120,\"caption\":\"Jornal Fatos e Not\u00edcias\"},\"image\":{\"@id\":\"https:\/\/jornalfatosenoticias.com.br\/#\/schema\/logo\/image\/\"}},{\"@type\":\"Person\",\"@id\":\"https:\/\/jornalfatosenoticias.com.br\/#\/schema\/person\/d63837fa13ac8666eb9e74e0985d6f81\",\"name\":\"Luzimara Fernandes\",\"image\":{\"@type\":\"ImageObject\",\"inLanguage\":\"pt-BR\",\"@id\":\"https:\/\/jornalfatosenoticias.com.br\/#\/schema\/person\/image\/\",\"url\":\"https:\/\/jornalfatosenoticias.com.br\/wp-content\/uploads\/2025\/05\/EU_portal.jpg\",\"contentUrl\":\"https:\/\/jornalfatosenoticias.com.br\/wp-content\/uploads\/2025\/05\/EU_portal.jpg\",\"caption\":\"Luzimara Fernandes\"},\"description\":\"Jornalista MTB 2358-ES\",\"sameAs\":[\"https:\/\/jornalfatosenoticias.com.br\"],\"url\":\"https:\/\/jornalfatosenoticias.com.br\/index.php\/author\/luzimara\/\"}]}<\/script>\n<!-- \/ Yoast SEO plugin. -->","yoast_head_json":{"title":"Atritos com Motta e Alcolumbre elevam risco de derrotas de Lula no Congresso - Jornal Fatos e Not\u00edcias","robots":{"index":"index","follow":"follow","max-snippet":"max-snippet:-1","max-image-preview":"max-image-preview:large","max-video-preview":"max-video-preview:-1"},"canonical":"https:\/\/jornalfatosenoticias.com.br\/index.php\/2025\/11\/25\/atritos-com-motta-e-alcolumbre-elevam-risco-de-derrotas-de-lula-no-congresso\/","og_locale":"pt_BR","og_type":"article","og_title":"Atritos com Motta e Alcolumbre elevam risco de derrotas de Lula no Congresso - Jornal Fatos e Not\u00edcias","og_description":"Por Vin\u00edcius Sales\/Wesley Oliveira O an\u00fancio do presidente da C\u00e2mara, Hugo Motta (Republicanos-PB), de que rompeu com o l\u00edder do PT, Lindbergh Farias (RJ), somado \u00e0\u00a0insatisfa\u00e7\u00e3o do presidente do Senado, Davi Alcolumbre (Uni\u00e3o-AP), com Luiz In\u00e1cio Lula da Silva, dever\u00e1 dificultar ainda mais a aprova\u00e7\u00e3o, no Congresso, de mat\u00e9rias priorit\u00e1rias do governo. O Pal\u00e1cio do [&hellip;]","og_url":"https:\/\/jornalfatosenoticias.com.br\/index.php\/2025\/11\/25\/atritos-com-motta-e-alcolumbre-elevam-risco-de-derrotas-de-lula-no-congresso\/","og_site_name":"Jornal Fatos e Not\u00edcias","article_published_time":"2025-11-25T15:24:54+00:00","article_modified_time":"2025-11-25T15:24:57+00:00","og_image":[{"width":612,"height":407,"url":"https:\/\/jornalfatosenoticias.com.br\/wp-content\/uploads\/2025\/10\/nine-orcamento_gettyimages.jpg","type":"image\/jpeg"}],"author":"Luzimara Fernandes","twitter_card":"summary_large_image","twitter_misc":{"Escrito por":"Luzimara Fernandes","Est. tempo de leitura":"7 minutos"},"schema":{"@context":"https:\/\/schema.org","@graph":[{"@type":"Article","@id":"https:\/\/jornalfatosenoticias.com.br\/index.php\/2025\/11\/25\/atritos-com-motta-e-alcolumbre-elevam-risco-de-derrotas-de-lula-no-congresso\/#article","isPartOf":{"@id":"https:\/\/jornalfatosenoticias.com.br\/index.php\/2025\/11\/25\/atritos-com-motta-e-alcolumbre-elevam-risco-de-derrotas-de-lula-no-congresso\/"},"author":{"name":"Luzimara Fernandes","@id":"https:\/\/jornalfatosenoticias.com.br\/#\/schema\/person\/d63837fa13ac8666eb9e74e0985d6f81"},"headline":"Atritos com Motta e Alcolumbre elevam risco de derrotas de Lula no Congresso","datePublished":"2025-11-25T15:24:54+00:00","dateModified":"2025-11-25T15:24:57+00:00","mainEntityOfPage":{"@id":"https:\/\/jornalfatosenoticias.com.br\/index.php\/2025\/11\/25\/atritos-com-motta-e-alcolumbre-elevam-risco-de-derrotas-de-lula-no-congresso\/"},"wordCount":1429,"commentCount":0,"publisher":{"@id":"https:\/\/jornalfatosenoticias.com.br\/#organization"},"image":{"@id":"https:\/\/jornalfatosenoticias.com.br\/index.php\/2025\/11\/25\/atritos-com-motta-e-alcolumbre-elevam-risco-de-derrotas-de-lula-no-congresso\/#primaryimage"},"thumbnailUrl":"https:\/\/jornalfatosenoticias.com.br\/wp-content\/uploads\/2025\/10\/nine-orcamento_gettyimages.jpg","keywords":["8 de janeiro","anistia","Davi Alcolumbre","Hugo Motta","Jair Bolsonaro","Jorge Messias"],"articleSection":["Pol\u00edtica"],"inLanguage":"pt-BR","potentialAction":[{"@type":"CommentAction","name":"Comment","target":["https:\/\/jornalfatosenoticias.com.br\/index.php\/2025\/11\/25\/atritos-com-motta-e-alcolumbre-elevam-risco-de-derrotas-de-lula-no-congresso\/#respond"]}]},{"@type":"WebPage","@id":"https:\/\/jornalfatosenoticias.com.br\/index.php\/2025\/11\/25\/atritos-com-motta-e-alcolumbre-elevam-risco-de-derrotas-de-lula-no-congresso\/","url":"https:\/\/jornalfatosenoticias.com.br\/index.php\/2025\/11\/25\/atritos-com-motta-e-alcolumbre-elevam-risco-de-derrotas-de-lula-no-congresso\/","name":"Atritos com Motta e Alcolumbre elevam risco de derrotas de Lula no Congresso - Jornal Fatos e Not\u00edcias","isPartOf":{"@id":"https:\/\/jornalfatosenoticias.com.br\/#website"},"primaryImageOfPage":{"@id":"https:\/\/jornalfatosenoticias.com.br\/index.php\/2025\/11\/25\/atritos-com-motta-e-alcolumbre-elevam-risco-de-derrotas-de-lula-no-congresso\/#primaryimage"},"image":{"@id":"https:\/\/jornalfatosenoticias.com.br\/index.php\/2025\/11\/25\/atritos-com-motta-e-alcolumbre-elevam-risco-de-derrotas-de-lula-no-congresso\/#primaryimage"},"thumbnailUrl":"https:\/\/jornalfatosenoticias.com.br\/wp-content\/uploads\/2025\/10\/nine-orcamento_gettyimages.jpg","datePublished":"2025-11-25T15:24:54+00:00","dateModified":"2025-11-25T15:24:57+00:00","breadcrumb":{"@id":"https:\/\/jornalfatosenoticias.com.br\/index.php\/2025\/11\/25\/atritos-com-motta-e-alcolumbre-elevam-risco-de-derrotas-de-lula-no-congresso\/#breadcrumb"},"inLanguage":"pt-BR","potentialAction":[{"@type":"ReadAction","target":["https:\/\/jornalfatosenoticias.com.br\/index.php\/2025\/11\/25\/atritos-com-motta-e-alcolumbre-elevam-risco-de-derrotas-de-lula-no-congresso\/"]}]},{"@type":"ImageObject","inLanguage":"pt-BR","@id":"https:\/\/jornalfatosenoticias.com.br\/index.php\/2025\/11\/25\/atritos-com-motta-e-alcolumbre-elevam-risco-de-derrotas-de-lula-no-congresso\/#primaryimage","url":"https:\/\/jornalfatosenoticias.com.br\/wp-content\/uploads\/2025\/10\/nine-orcamento_gettyimages.jpg","contentUrl":"https:\/\/jornalfatosenoticias.com.br\/wp-content\/uploads\/2025\/10\/nine-orcamento_gettyimages.jpg","width":612,"height":407,"caption":"BRASILIA, BRAZIL - SEPTEMBER 26: President of Brazil Luiz In\u00e1cio Lula da Silva gestures during the inauguration ceremony of the Federal Council for Social Participation in the Doce River Basin and announces about the health sector within the scope of the New Doce River Agreement at Planalto Palace on September 26, 2025 in Brasilia, Brazil. (Photo by Ton Molina\/Getty Images)"},{"@type":"BreadcrumbList","@id":"https:\/\/jornalfatosenoticias.com.br\/index.php\/2025\/11\/25\/atritos-com-motta-e-alcolumbre-elevam-risco-de-derrotas-de-lula-no-congresso\/#breadcrumb","itemListElement":[{"@type":"ListItem","position":1,"name":"In\u00edcio","item":"https:\/\/jornalfatosenoticias.com.br\/"},{"@type":"ListItem","position":2,"name":"Atritos com Motta e Alcolumbre elevam risco de derrotas de Lula no Congresso"}]},{"@type":"WebSite","@id":"https:\/\/jornalfatosenoticias.com.br\/#website","url":"https:\/\/jornalfatosenoticias.com.br\/","name":"Jornal Fatos e Not\u00edcias","description":"Not\u00edcias em geral","publisher":{"@id":"https:\/\/jornalfatosenoticias.com.br\/#organization"},"potentialAction":[{"@type":"SearchAction","target":{"@type":"EntryPoint","urlTemplate":"https:\/\/jornalfatosenoticias.com.br\/?s={search_term_string}"},"query-input":{"@type":"PropertyValueSpecification","valueRequired":true,"valueName":"search_term_string"}}],"inLanguage":"pt-BR"},{"@type":"Organization","@id":"https:\/\/jornalfatosenoticias.com.br\/#organization","name":"Jornal Fatos e Not\u00edcias","url":"https:\/\/jornalfatosenoticias.com.br\/","logo":{"@type":"ImageObject","inLanguage":"pt-BR","@id":"https:\/\/jornalfatosenoticias.com.br\/#\/schema\/logo\/image\/","url":"https:\/\/jornalfatosenoticias.com.br\/wp-content\/uploads\/2020\/02\/logo120.png","contentUrl":"https:\/\/jornalfatosenoticias.com.br\/wp-content\/uploads\/2020\/02\/logo120.png","width":1227,"height":120,"caption":"Jornal Fatos e Not\u00edcias"},"image":{"@id":"https:\/\/jornalfatosenoticias.com.br\/#\/schema\/logo\/image\/"}},{"@type":"Person","@id":"https:\/\/jornalfatosenoticias.com.br\/#\/schema\/person\/d63837fa13ac8666eb9e74e0985d6f81","name":"Luzimara Fernandes","image":{"@type":"ImageObject","inLanguage":"pt-BR","@id":"https:\/\/jornalfatosenoticias.com.br\/#\/schema\/person\/image\/","url":"https:\/\/jornalfatosenoticias.com.br\/wp-content\/uploads\/2025\/05\/EU_portal.jpg","contentUrl":"https:\/\/jornalfatosenoticias.com.br\/wp-content\/uploads\/2025\/05\/EU_portal.jpg","caption":"Luzimara Fernandes"},"description":"Jornalista MTB 2358-ES","sameAs":["https:\/\/jornalfatosenoticias.com.br"],"url":"https:\/\/jornalfatosenoticias.com.br\/index.php\/author\/luzimara\/"}]}},"cc_featured_image_caption":{"caption_text":"(Foto: Getty Images)  ","source_text":"","source_url":""},"jetpack_featured_media_url":"https:\/\/jornalfatosenoticias.com.br\/wp-content\/uploads\/2025\/10\/nine-orcamento_gettyimages.jpg","_links":{"self":[{"href":"https:\/\/jornalfatosenoticias.com.br\/index.php\/wp-json\/wp\/v2\/posts\/63540","targetHints":{"allow":["GET"]}}],"collection":[{"href":"https:\/\/jornalfatosenoticias.com.br\/index.php\/wp-json\/wp\/v2\/posts"}],"about":[{"href":"https:\/\/jornalfatosenoticias.com.br\/index.php\/wp-json\/wp\/v2\/types\/post"}],"author":[{"embeddable":true,"href":"https:\/\/jornalfatosenoticias.com.br\/index.php\/wp-json\/wp\/v2\/users\/2"}],"replies":[{"embeddable":true,"href":"https:\/\/jornalfatosenoticias.com.br\/index.php\/wp-json\/wp\/v2\/comments?post=63540"}],"version-history":[{"count":0,"href":"https:\/\/jornalfatosenoticias.com.br\/index.php\/wp-json\/wp\/v2\/posts\/63540\/revisions"}],"wp:featuredmedia":[{"embeddable":true,"href":"https:\/\/jornalfatosenoticias.com.br\/index.php\/wp-json\/wp\/v2\/media\/62269"}],"wp:attachment":[{"href":"https:\/\/jornalfatosenoticias.com.br\/index.php\/wp-json\/wp\/v2\/media?parent=63540"}],"wp:term":[{"taxonomy":"category","embeddable":true,"href":"https:\/\/jornalfatosenoticias.com.br\/index.php\/wp-json\/wp\/v2\/categories?post=63540"},{"taxonomy":"post_tag","embeddable":true,"href":"https:\/\/jornalfatosenoticias.com.br\/index.php\/wp-json\/wp\/v2\/tags?post=63540"}],"curies":[{"name":"wp","href":"https:\/\/api.w.org\/{rel}","templated":true}]}}