{"id":63542,"date":"2025-11-25T12:39:21","date_gmt":"2025-11-25T15:39:21","guid":{"rendered":"https:\/\/jornalfatosenoticias.com.br\/?p=63542"},"modified":"2025-11-25T12:39:22","modified_gmt":"2025-11-25T15:39:22","slug":"advogado-de-trump-critica-alcolumbre-por-nao-pautar-impeachment-de-moraes-e-alfineta-lula","status":"publish","type":"post","link":"https:\/\/jornalfatosenoticias.com.br\/index.php\/2025\/11\/25\/advogado-de-trump-critica-alcolumbre-por-nao-pautar-impeachment-de-moraes-e-alfineta-lula\/","title":{"rendered":"Advogado de Trump critica Alcolumbre por n\u00e3o pautar impeachment de Moraes e alfineta Lula"},"content":{"rendered":"\n<p><span class=\"has-inline-color has-black-color\">Por <strong><a href=\"https:\/\/www.gazetadopovo.com.br\/autor\/fabio-galao\/\">F\u00e1bio Gal\u00e3o<\/a><\/strong><\/span><\/p>\n\n\n\n<div class=\"wp-block-image\"><figure class=\"aligncenter size-large is-resized\"><a href=\"https:\/\/www.facebook.com\/vetor.vix\/\"><img loading=\"lazy\" decoding=\"async\" src=\"https:\/\/jornalfatosenoticias.com.br\/wp-content\/uploads\/2023\/09\/vetorvix1024_1.jpg\" alt=\"\" class=\"wp-image-44868\" width=\"554\" height=\"147\" srcset=\"https:\/\/jornalfatosenoticias.com.br\/wp-content\/uploads\/2023\/09\/vetorvix1024_1.jpg 1024w, https:\/\/jornalfatosenoticias.com.br\/wp-content\/uploads\/2023\/09\/vetorvix1024_1-300x80.jpg 300w, https:\/\/jornalfatosenoticias.com.br\/wp-content\/uploads\/2023\/09\/vetorvix1024_1-768x205.jpg 768w\" sizes=\"auto, (max-width: 554px) 100vw, 554px\" \/><\/a><\/figure><\/div>\n\n\n\n<p>O advogado Martin De Luca, que representa o presidente dos Estados Unidos, Donald Trump, fez postagens no X com cr\u00edticas a Luiz In\u00e1cio Lula da Silva (PT) e a Davi Alcolumbre (Uni\u00e3o Brasil-AP), presidente do Senado. <em>\u201cAs pessoas ficam me perguntando: \u2018por que voc\u00ea o chama de Alcolumbre 2%?\u2019\u201d<\/em>, escreveu De Luca na plataforma neste domingo (23).<em> \u201c\u00c9 uma refer\u00eancia ao fato de que Davi Alcolumbre, o presidente do Senado brasileiro, tem uma taxa de aprova\u00e7\u00e3o de apenas 2%, segundo diversas pesquisas nacionais. Isso significa que 98% dos brasileiros o desaprovam ou n\u00e3o confiam nele. Ele \u00e9 uma das figuras pol\u00edticas menos populares de todo o pa\u00eds\u201d,<\/em> afirmou o advogado de Trump.<\/p>\n\n\n\n<div class=\"wp-block-image\"><figure class=\"aligncenter size-large is-resized\"><a href=\"https:\/\/www.instagram.com\/esteio.churrascaria\/\"><img loading=\"lazy\" decoding=\"async\" src=\"https:\/\/jornalfatosenoticias.com.br\/wp-content\/uploads\/2022\/02\/LOGO-ESTEIO-1024x730.png\" alt=\"\" class=\"wp-image-27942\" width=\"334\" height=\"238\" srcset=\"https:\/\/jornalfatosenoticias.com.br\/wp-content\/uploads\/2022\/02\/LOGO-ESTEIO-1024x730.png 1024w, https:\/\/jornalfatosenoticias.com.br\/wp-content\/uploads\/2022\/02\/LOGO-ESTEIO-300x214.png 300w, https:\/\/jornalfatosenoticias.com.br\/wp-content\/uploads\/2022\/02\/LOGO-ESTEIO-768x548.png 768w, https:\/\/jornalfatosenoticias.com.br\/wp-content\/uploads\/2022\/02\/LOGO-ESTEIO.png 1123w\" sizes=\"auto, (max-width: 334px) 100vw, 334px\" \/><\/a><\/figure><\/div>\n\n\n\n<blockquote class=\"wp-block-quote is-layout-flow wp-block-quote-is-layout-flow\"><p><span class=\"has-inline-color has-luminous-vivid-orange-color\">No entanto, \u00e9 esse mesmo homem que est\u00e1 bloqueando mais de 22 pedidos de impeachment contra [o ministro do Supremo Tribunal Federal] Alexandre de Moraes. E Alcolumbre 2% tamb\u00e9m est\u00e1 bloqueando a vota\u00e7\u00e3o da Lei de Anistia que exoneraria Bolsonaro, ainda que o Congresso tenha os votos necess\u00e1rios para aprov\u00e1-la\u201d, acrescentou. \u201cEnt\u00e3o, quando as pessoas dizem \u2018Alcolumbre 2%\u2019, est\u00e3o destacando o absurdo de um homem que praticamente n\u00e3o tem apoio e que, sozinho, est\u00e1 impedindo decis\u00f5es apoiadas por milh\u00f5es de brasileiros\u201d, argumentou De Luca.<\/span><\/p><\/blockquote>\n\n\n\n<div class=\"wp-block-image\"><figure class=\"aligncenter size-large is-resized\"><a href=\"https:\/\/legisjuris.com.br\/\"><img loading=\"lazy\" decoding=\"async\" src=\"https:\/\/jornalfatosenoticias.com.br\/wp-content\/uploads\/2024\/09\/Legis-Juris-Consultoria_logo.jpg\" alt=\"\" class=\"wp-image-53915\" width=\"496\" height=\"208\" srcset=\"https:\/\/jornalfatosenoticias.com.br\/wp-content\/uploads\/2024\/09\/Legis-Juris-Consultoria_logo.jpg 969w, https:\/\/jornalfatosenoticias.com.br\/wp-content\/uploads\/2024\/09\/Legis-Juris-Consultoria_logo-300x126.jpg 300w, https:\/\/jornalfatosenoticias.com.br\/wp-content\/uploads\/2024\/09\/Legis-Juris-Consultoria_logo-768x322.jpg 768w\" sizes=\"auto, (max-width: 496px) 100vw, 496px\" \/><\/a><\/figure><\/div>\n\n\n\n<p>Em outro post, o advogado de Trump compartilhou uma reportagem do portal Metr\u00f3poles que afirmou que, segundo aliados do presidente do Senado, Alcolumbre teria \u201clavado as m\u00e3os\u201d diante da insist\u00eancia do governo em indicar Jorge Messias, advogado-geral da Uni\u00e3o, para o STF.<\/p>\n\n\n\n<div class=\"wp-block-image\"><figure class=\"aligncenter size-large\"><a href=\"http:\/\/www.ferrarimaquinas.com.br\/\"><img loading=\"lazy\" decoding=\"async\" width=\"300\" height=\"250\" src=\"https:\/\/jornalfatosenoticias.com.br\/wp-content\/uploads\/2022\/02\/FERRARI_MAQUINAS-E-FERRAMENTAS2.jpg\" alt=\"\" class=\"wp-image-27860\"\/><\/a><\/figure><\/div>\n\n\n\n<blockquote class=\"wp-block-quote is-layout-flow wp-block-quote-is-layout-flow\"><p><span class=\"has-inline-color has-luminous-vivid-orange-color\">Ei, Alcolumbre 2%, voc\u00ea n\u00e3o consegue encontrar tempo para colocar a Lei de Anistia em vota\u00e7\u00e3o ou para analisar os 22 pedidos de impeachment contra Alexandre de Moraes, mas a confirma\u00e7\u00e3o de outro operador pol\u00edtico de Lula para o Supremo Tribunal Federal precisa ser acelerada? Explique isso ao p\u00fablico, por favor\u201d, comentou De Luca.<\/span><\/p><\/blockquote>\n\n\n\n<div class=\"wp-block-image\"><figure class=\"aligncenter size-large is-resized\"><a href=\"https:\/\/www.instagram.com\/gruposei\/\"><img loading=\"lazy\" decoding=\"async\" src=\"https:\/\/jornalfatosenoticias.com.br\/wp-content\/uploads\/2022\/07\/Logo-Grupo-SEI.jpg\" alt=\"\" class=\"wp-image-31973\" width=\"415\" height=\"218\" srcset=\"https:\/\/jornalfatosenoticias.com.br\/wp-content\/uploads\/2022\/07\/Logo-Grupo-SEI.jpg 713w, https:\/\/jornalfatosenoticias.com.br\/wp-content\/uploads\/2022\/07\/Logo-Grupo-SEI-300x158.jpg 300w\" sizes=\"auto, (max-width: 415px) 100vw, 415px\" \/><\/a><\/figure><\/div>\n\n\n\n<p>Em outra postagem, o advogado de Trump cutucou Lula por ter afirmado que \u201ctodo mundo sabe\u201d o que o ex-presidente Jair Bolsonaro (PL) \u201cfez\u201d. \u201cTudo mundo sabe o que voc\u00ea fez tamb\u00e9m, Lula\u201d, disse De Luca, que <a href=\"https:\/\/www.gazetadopovo.com.br\/republica\/prisao-de-bolsonaro-e-insulto-a-trump-diz-advogado-do-presidente-americano\/\">no s\u00e1bado (22)<\/a>, quando Bolsonaro foi preso preventivamente, criticando a a\u00e7\u00e3o.<\/p>\n\n\n\n<div class=\"wp-block-image\"><figure class=\"aligncenter size-large is-resized\"><a href=\"https:\/\/www.facebook.com\/profile.php?id=100069289606145\"><img loading=\"lazy\" decoding=\"async\" src=\"https:\/\/jornalfatosenoticias.com.br\/wp-content\/uploads\/2024\/11\/Guaitolini-Contabilidade-1024x714.jpeg\" alt=\"\" class=\"wp-image-55808\" width=\"336\" height=\"234\" srcset=\"https:\/\/jornalfatosenoticias.com.br\/wp-content\/uploads\/2024\/11\/Guaitolini-Contabilidade-1024x714.jpeg 1024w, https:\/\/jornalfatosenoticias.com.br\/wp-content\/uploads\/2024\/11\/Guaitolini-Contabilidade-300x209.jpeg 300w, https:\/\/jornalfatosenoticias.com.br\/wp-content\/uploads\/2024\/11\/Guaitolini-Contabilidade-768x535.jpeg 768w, https:\/\/jornalfatosenoticias.com.br\/wp-content\/uploads\/2024\/11\/Guaitolini-Contabilidade.jpeg 1280w\" sizes=\"auto, (max-width: 336px) 100vw, 336px\" \/><\/a><\/figure><\/div>\n\n\n\n<p>Rumble e Trump Media ingressaram este ano com um processo contra Moraes na Justi\u00e7a Federal da Fl\u00f3rida, alegando que medidas do ministro do STF relativas \u00e0 plataforma de v\u00eddeos seriam ilegais pela legisla\u00e7\u00e3o americana. A Trump Media faz parte da a\u00e7\u00e3o porque o Rumble fornece servi\u00e7os de nuvem para a Truth Social, principal produto da empresa de m\u00eddia do presidente americano.<\/p>\n\n\n\n<div class=\"wp-block-image\"><figure class=\"aligncenter size-large\"><a href=\"https:\/\/www.cesconetto.com.br\/\"><img loading=\"lazy\" decoding=\"async\" width=\"300\" height=\"250\" src=\"https:\/\/jornalfatosenoticias.com.br\/wp-content\/uploads\/2022\/02\/Banner-2.png\" alt=\"\" class=\"wp-image-27877\"\/><\/a><\/figure><\/div>\n\n\n\n<p><strong>Fonte: <a href=\"https:\/\/www.gazetadopovo.com.br\/mundo\/advogado-trump-critica-alcolumbre-nao-pautar-impeachment-moraes-alfineta-lula\/\">Gazeta do Povo<\/a><\/strong><\/p>\n","protected":false},"excerpt":{"rendered":"<p>Por F\u00e1bio Gal\u00e3o O advogado Martin De Luca, que representa o presidente dos Estados Unidos, Donald Trump, fez postagens no X com cr\u00edticas a Luiz In\u00e1cio Lula da Silva (PT) e a Davi Alcolumbre (Uni\u00e3o Brasil-AP), presidente do Senado. \u201cAs pessoas ficam me perguntando: \u2018por que voc\u00ea o chama de Alcolumbre 2%?\u2019\u201d, escreveu De Luca [&hellip;]<\/p>\n","protected":false},"author":2,"featured_media":63543,"comment_status":"open","ping_status":"open","sticky":false,"template":"","format":"standard","meta":{"footnotes":""},"categories":[5],"tags":[13889,19435,2147,1751,1795,24416,7580,28703,13186,294,19952],"class_list":["post-63542","post","type-post","status-publish","format-standard","has-post-thumbnail","hentry","category-geral","tag-alexandre-de-moraes","tag-davi-alcolumbre","tag-donald-trump","tag-estados-unidos","tag-jair-bolsonaro","tag-jorge-messias","tag-lula","tag-martin-de-luca","tag-pt","tag-stf","tag-uniao-brasil"],"yoast_head":"<!-- This site is optimized with the Yoast SEO plugin v26.5 - https:\/\/yoast.com\/wordpress\/plugins\/seo\/ -->\n<title>Advogado de Trump critica Alcolumbre por n\u00e3o pautar impeachment de Moraes e alfineta Lula - Jornal Fatos e Not\u00edcias<\/title>\n<meta name=\"robots\" content=\"index, follow, max-snippet:-1, max-image-preview:large, max-video-preview:-1\" \/>\n<link rel=\"canonical\" href=\"https:\/\/jornalfatosenoticias.com.br\/index.php\/2025\/11\/25\/advogado-de-trump-critica-alcolumbre-por-nao-pautar-impeachment-de-moraes-e-alfineta-lula\/\" \/>\n<meta property=\"og:locale\" content=\"pt_BR\" \/>\n<meta property=\"og:type\" content=\"article\" \/>\n<meta property=\"og:title\" content=\"Advogado de Trump critica Alcolumbre por n\u00e3o pautar impeachment de Moraes e alfineta Lula - Jornal Fatos e Not\u00edcias\" \/>\n<meta property=\"og:description\" content=\"Por F\u00e1bio Gal\u00e3o O advogado Martin De Luca, que representa o presidente dos Estados Unidos, Donald Trump, fez postagens no X com cr\u00edticas a Luiz In\u00e1cio Lula da Silva (PT) e a Davi Alcolumbre (Uni\u00e3o Brasil-AP), presidente do Senado. \u201cAs pessoas ficam me perguntando: \u2018por que voc\u00ea o chama de Alcolumbre 2%?\u2019\u201d, escreveu De Luca [&hellip;]\" \/>\n<meta property=\"og:url\" content=\"https:\/\/jornalfatosenoticias.com.br\/index.php\/2025\/11\/25\/advogado-de-trump-critica-alcolumbre-por-nao-pautar-impeachment-de-moraes-e-alfineta-lula\/\" \/>\n<meta property=\"og:site_name\" content=\"Jornal Fatos e Not\u00edcias\" \/>\n<meta property=\"article:published_time\" content=\"2025-11-25T15:39:21+00:00\" \/>\n<meta property=\"article:modified_time\" content=\"2025-11-25T15:39:22+00:00\" \/>\n<meta property=\"og:image\" content=\"https:\/\/jornalfatosenoticias.com.br\/wp-content\/uploads\/2025\/11\/Advogado-de-Trump-critica-Alcolumbre-e-alfineta-Lula.jpg\" \/>\n\t<meta property=\"og:image:width\" content=\"610\" \/>\n\t<meta property=\"og:image:height\" content=\"380\" \/>\n\t<meta property=\"og:image:type\" content=\"image\/jpeg\" \/>\n<meta name=\"author\" content=\"Luzimara Fernandes\" \/>\n<meta name=\"twitter:card\" content=\"summary_large_image\" \/>\n<meta name=\"twitter:label1\" content=\"Escrito por\" \/>\n\t<meta name=\"twitter:data1\" content=\"Luzimara Fernandes\" \/>\n\t<meta name=\"twitter:label2\" content=\"Est. tempo de leitura\" \/>\n\t<meta name=\"twitter:data2\" content=\"2 minutos\" \/>\n<script type=\"application\/ld+json\" class=\"yoast-schema-graph\">{\"@context\":\"https:\/\/schema.org\",\"@graph\":[{\"@type\":\"Article\",\"@id\":\"https:\/\/jornalfatosenoticias.com.br\/index.php\/2025\/11\/25\/advogado-de-trump-critica-alcolumbre-por-nao-pautar-impeachment-de-moraes-e-alfineta-lula\/#article\",\"isPartOf\":{\"@id\":\"https:\/\/jornalfatosenoticias.com.br\/index.php\/2025\/11\/25\/advogado-de-trump-critica-alcolumbre-por-nao-pautar-impeachment-de-moraes-e-alfineta-lula\/\"},\"author\":{\"name\":\"Luzimara Fernandes\",\"@id\":\"https:\/\/jornalfatosenoticias.com.br\/#\/schema\/person\/d63837fa13ac8666eb9e74e0985d6f81\"},\"headline\":\"Advogado de Trump critica Alcolumbre por n\u00e3o pautar impeachment de Moraes e alfineta Lula\",\"datePublished\":\"2025-11-25T15:39:21+00:00\",\"dateModified\":\"2025-11-25T15:39:22+00:00\",\"mainEntityOfPage\":{\"@id\":\"https:\/\/jornalfatosenoticias.com.br\/index.php\/2025\/11\/25\/advogado-de-trump-critica-alcolumbre-por-nao-pautar-impeachment-de-moraes-e-alfineta-lula\/\"},\"wordCount\":447,\"commentCount\":0,\"publisher\":{\"@id\":\"https:\/\/jornalfatosenoticias.com.br\/#organization\"},\"image\":{\"@id\":\"https:\/\/jornalfatosenoticias.com.br\/index.php\/2025\/11\/25\/advogado-de-trump-critica-alcolumbre-por-nao-pautar-impeachment-de-moraes-e-alfineta-lula\/#primaryimage\"},\"thumbnailUrl\":\"https:\/\/jornalfatosenoticias.com.br\/wp-content\/uploads\/2025\/11\/Advogado-de-Trump-critica-Alcolumbre-e-alfineta-Lula.jpg\",\"keywords\":[\"Alexandre de Moraes\",\"Davi Alcolumbre\",\"Donald Trump\",\"Estados Unidos\",\"Jair Bolsonaro\",\"Jorge Messias\",\"Lula\",\"Martin de Luca\",\"PT\",\"STF\",\"Uni\u00e3o Brasil\"],\"articleSection\":[\"Geral\"],\"inLanguage\":\"pt-BR\",\"potentialAction\":[{\"@type\":\"CommentAction\",\"name\":\"Comment\",\"target\":[\"https:\/\/jornalfatosenoticias.com.br\/index.php\/2025\/11\/25\/advogado-de-trump-critica-alcolumbre-por-nao-pautar-impeachment-de-moraes-e-alfineta-lula\/#respond\"]}]},{\"@type\":\"WebPage\",\"@id\":\"https:\/\/jornalfatosenoticias.com.br\/index.php\/2025\/11\/25\/advogado-de-trump-critica-alcolumbre-por-nao-pautar-impeachment-de-moraes-e-alfineta-lula\/\",\"url\":\"https:\/\/jornalfatosenoticias.com.br\/index.php\/2025\/11\/25\/advogado-de-trump-critica-alcolumbre-por-nao-pautar-impeachment-de-moraes-e-alfineta-lula\/\",\"name\":\"Advogado de Trump critica Alcolumbre por n\u00e3o pautar impeachment de Moraes e alfineta Lula - Jornal Fatos e Not\u00edcias\",\"isPartOf\":{\"@id\":\"https:\/\/jornalfatosenoticias.com.br\/#website\"},\"primaryImageOfPage\":{\"@id\":\"https:\/\/jornalfatosenoticias.com.br\/index.php\/2025\/11\/25\/advogado-de-trump-critica-alcolumbre-por-nao-pautar-impeachment-de-moraes-e-alfineta-lula\/#primaryimage\"},\"image\":{\"@id\":\"https:\/\/jornalfatosenoticias.com.br\/index.php\/2025\/11\/25\/advogado-de-trump-critica-alcolumbre-por-nao-pautar-impeachment-de-moraes-e-alfineta-lula\/#primaryimage\"},\"thumbnailUrl\":\"https:\/\/jornalfatosenoticias.com.br\/wp-content\/uploads\/2025\/11\/Advogado-de-Trump-critica-Alcolumbre-e-alfineta-Lula.jpg\",\"datePublished\":\"2025-11-25T15:39:21+00:00\",\"dateModified\":\"2025-11-25T15:39:22+00:00\",\"breadcrumb\":{\"@id\":\"https:\/\/jornalfatosenoticias.com.br\/index.php\/2025\/11\/25\/advogado-de-trump-critica-alcolumbre-por-nao-pautar-impeachment-de-moraes-e-alfineta-lula\/#breadcrumb\"},\"inLanguage\":\"pt-BR\",\"potentialAction\":[{\"@type\":\"ReadAction\",\"target\":[\"https:\/\/jornalfatosenoticias.com.br\/index.php\/2025\/11\/25\/advogado-de-trump-critica-alcolumbre-por-nao-pautar-impeachment-de-moraes-e-alfineta-lula\/\"]}]},{\"@type\":\"ImageObject\",\"inLanguage\":\"pt-BR\",\"@id\":\"https:\/\/jornalfatosenoticias.com.br\/index.php\/2025\/11\/25\/advogado-de-trump-critica-alcolumbre-por-nao-pautar-impeachment-de-moraes-e-alfineta-lula\/#primaryimage\",\"url\":\"https:\/\/jornalfatosenoticias.com.br\/wp-content\/uploads\/2025\/11\/Advogado-de-Trump-critica-Alcolumbre-e-alfineta-Lula.jpg\",\"contentUrl\":\"https:\/\/jornalfatosenoticias.com.br\/wp-content\/uploads\/2025\/11\/Advogado-de-Trump-critica-Alcolumbre-e-alfineta-Lula.jpg\",\"width\":610,\"height\":380},{\"@type\":\"BreadcrumbList\",\"@id\":\"https:\/\/jornalfatosenoticias.com.br\/index.php\/2025\/11\/25\/advogado-de-trump-critica-alcolumbre-por-nao-pautar-impeachment-de-moraes-e-alfineta-lula\/#breadcrumb\",\"itemListElement\":[{\"@type\":\"ListItem\",\"position\":1,\"name\":\"In\u00edcio\",\"item\":\"https:\/\/jornalfatosenoticias.com.br\/\"},{\"@type\":\"ListItem\",\"position\":2,\"name\":\"Advogado de Trump critica Alcolumbre por n\u00e3o pautar impeachment de Moraes e alfineta Lula\"}]},{\"@type\":\"WebSite\",\"@id\":\"https:\/\/jornalfatosenoticias.com.br\/#website\",\"url\":\"https:\/\/jornalfatosenoticias.com.br\/\",\"name\":\"Jornal Fatos e Not\u00edcias\",\"description\":\"Not\u00edcias em geral\",\"publisher\":{\"@id\":\"https:\/\/jornalfatosenoticias.com.br\/#organization\"},\"potentialAction\":[{\"@type\":\"SearchAction\",\"target\":{\"@type\":\"EntryPoint\",\"urlTemplate\":\"https:\/\/jornalfatosenoticias.com.br\/?s={search_term_string}\"},\"query-input\":{\"@type\":\"PropertyValueSpecification\",\"valueRequired\":true,\"valueName\":\"search_term_string\"}}],\"inLanguage\":\"pt-BR\"},{\"@type\":\"Organization\",\"@id\":\"https:\/\/jornalfatosenoticias.com.br\/#organization\",\"name\":\"Jornal Fatos e Not\u00edcias\",\"url\":\"https:\/\/jornalfatosenoticias.com.br\/\",\"logo\":{\"@type\":\"ImageObject\",\"inLanguage\":\"pt-BR\",\"@id\":\"https:\/\/jornalfatosenoticias.com.br\/#\/schema\/logo\/image\/\",\"url\":\"https:\/\/jornalfatosenoticias.com.br\/wp-content\/uploads\/2020\/02\/logo120.png\",\"contentUrl\":\"https:\/\/jornalfatosenoticias.com.br\/wp-content\/uploads\/2020\/02\/logo120.png\",\"width\":1227,\"height\":120,\"caption\":\"Jornal Fatos e Not\u00edcias\"},\"image\":{\"@id\":\"https:\/\/jornalfatosenoticias.com.br\/#\/schema\/logo\/image\/\"}},{\"@type\":\"Person\",\"@id\":\"https:\/\/jornalfatosenoticias.com.br\/#\/schema\/person\/d63837fa13ac8666eb9e74e0985d6f81\",\"name\":\"Luzimara Fernandes\",\"image\":{\"@type\":\"ImageObject\",\"inLanguage\":\"pt-BR\",\"@id\":\"https:\/\/jornalfatosenoticias.com.br\/#\/schema\/person\/image\/\",\"url\":\"https:\/\/jornalfatosenoticias.com.br\/wp-content\/uploads\/2025\/05\/EU_portal.jpg\",\"contentUrl\":\"https:\/\/jornalfatosenoticias.com.br\/wp-content\/uploads\/2025\/05\/EU_portal.jpg\",\"caption\":\"Luzimara Fernandes\"},\"description\":\"Jornalista MTB 2358-ES\",\"sameAs\":[\"https:\/\/jornalfatosenoticias.com.br\"],\"url\":\"https:\/\/jornalfatosenoticias.com.br\/index.php\/author\/luzimara\/\"}]}<\/script>\n<!-- \/ Yoast SEO plugin. -->","yoast_head_json":{"title":"Advogado de Trump critica Alcolumbre por n\u00e3o pautar impeachment de Moraes e alfineta Lula - Jornal Fatos e Not\u00edcias","robots":{"index":"index","follow":"follow","max-snippet":"max-snippet:-1","max-image-preview":"max-image-preview:large","max-video-preview":"max-video-preview:-1"},"canonical":"https:\/\/jornalfatosenoticias.com.br\/index.php\/2025\/11\/25\/advogado-de-trump-critica-alcolumbre-por-nao-pautar-impeachment-de-moraes-e-alfineta-lula\/","og_locale":"pt_BR","og_type":"article","og_title":"Advogado de Trump critica Alcolumbre por n\u00e3o pautar impeachment de Moraes e alfineta Lula - Jornal Fatos e Not\u00edcias","og_description":"Por F\u00e1bio Gal\u00e3o O advogado Martin De Luca, que representa o presidente dos Estados Unidos, Donald Trump, fez postagens no X com cr\u00edticas a Luiz In\u00e1cio Lula da Silva (PT) e a Davi Alcolumbre (Uni\u00e3o Brasil-AP), presidente do Senado. \u201cAs pessoas ficam me perguntando: \u2018por que voc\u00ea o chama de Alcolumbre 2%?\u2019\u201d, escreveu De Luca [&hellip;]","og_url":"https:\/\/jornalfatosenoticias.com.br\/index.php\/2025\/11\/25\/advogado-de-trump-critica-alcolumbre-por-nao-pautar-impeachment-de-moraes-e-alfineta-lula\/","og_site_name":"Jornal Fatos e Not\u00edcias","article_published_time":"2025-11-25T15:39:21+00:00","article_modified_time":"2025-11-25T15:39:22+00:00","og_image":[{"width":610,"height":380,"url":"https:\/\/jornalfatosenoticias.com.br\/wp-content\/uploads\/2025\/11\/Advogado-de-Trump-critica-Alcolumbre-e-alfineta-Lula.jpg","type":"image\/jpeg"}],"author":"Luzimara Fernandes","twitter_card":"summary_large_image","twitter_misc":{"Escrito por":"Luzimara Fernandes","Est. tempo de leitura":"2 minutos"},"schema":{"@context":"https:\/\/schema.org","@graph":[{"@type":"Article","@id":"https:\/\/jornalfatosenoticias.com.br\/index.php\/2025\/11\/25\/advogado-de-trump-critica-alcolumbre-por-nao-pautar-impeachment-de-moraes-e-alfineta-lula\/#article","isPartOf":{"@id":"https:\/\/jornalfatosenoticias.com.br\/index.php\/2025\/11\/25\/advogado-de-trump-critica-alcolumbre-por-nao-pautar-impeachment-de-moraes-e-alfineta-lula\/"},"author":{"name":"Luzimara Fernandes","@id":"https:\/\/jornalfatosenoticias.com.br\/#\/schema\/person\/d63837fa13ac8666eb9e74e0985d6f81"},"headline":"Advogado de Trump critica Alcolumbre por n\u00e3o pautar impeachment de Moraes e alfineta Lula","datePublished":"2025-11-25T15:39:21+00:00","dateModified":"2025-11-25T15:39:22+00:00","mainEntityOfPage":{"@id":"https:\/\/jornalfatosenoticias.com.br\/index.php\/2025\/11\/25\/advogado-de-trump-critica-alcolumbre-por-nao-pautar-impeachment-de-moraes-e-alfineta-lula\/"},"wordCount":447,"commentCount":0,"publisher":{"@id":"https:\/\/jornalfatosenoticias.com.br\/#organization"},"image":{"@id":"https:\/\/jornalfatosenoticias.com.br\/index.php\/2025\/11\/25\/advogado-de-trump-critica-alcolumbre-por-nao-pautar-impeachment-de-moraes-e-alfineta-lula\/#primaryimage"},"thumbnailUrl":"https:\/\/jornalfatosenoticias.com.br\/wp-content\/uploads\/2025\/11\/Advogado-de-Trump-critica-Alcolumbre-e-alfineta-Lula.jpg","keywords":["Alexandre de Moraes","Davi Alcolumbre","Donald Trump","Estados Unidos","Jair Bolsonaro","Jorge Messias","Lula","Martin de Luca","PT","STF","Uni\u00e3o Brasil"],"articleSection":["Geral"],"inLanguage":"pt-BR","potentialAction":[{"@type":"CommentAction","name":"Comment","target":["https:\/\/jornalfatosenoticias.com.br\/index.php\/2025\/11\/25\/advogado-de-trump-critica-alcolumbre-por-nao-pautar-impeachment-de-moraes-e-alfineta-lula\/#respond"]}]},{"@type":"WebPage","@id":"https:\/\/jornalfatosenoticias.com.br\/index.php\/2025\/11\/25\/advogado-de-trump-critica-alcolumbre-por-nao-pautar-impeachment-de-moraes-e-alfineta-lula\/","url":"https:\/\/jornalfatosenoticias.com.br\/index.php\/2025\/11\/25\/advogado-de-trump-critica-alcolumbre-por-nao-pautar-impeachment-de-moraes-e-alfineta-lula\/","name":"Advogado de Trump critica Alcolumbre por n\u00e3o pautar impeachment de Moraes e alfineta Lula - Jornal Fatos e Not\u00edcias","isPartOf":{"@id":"https:\/\/jornalfatosenoticias.com.br\/#website"},"primaryImageOfPage":{"@id":"https:\/\/jornalfatosenoticias.com.br\/index.php\/2025\/11\/25\/advogado-de-trump-critica-alcolumbre-por-nao-pautar-impeachment-de-moraes-e-alfineta-lula\/#primaryimage"},"image":{"@id":"https:\/\/jornalfatosenoticias.com.br\/index.php\/2025\/11\/25\/advogado-de-trump-critica-alcolumbre-por-nao-pautar-impeachment-de-moraes-e-alfineta-lula\/#primaryimage"},"thumbnailUrl":"https:\/\/jornalfatosenoticias.com.br\/wp-content\/uploads\/2025\/11\/Advogado-de-Trump-critica-Alcolumbre-e-alfineta-Lula.jpg","datePublished":"2025-11-25T15:39:21+00:00","dateModified":"2025-11-25T15:39:22+00:00","breadcrumb":{"@id":"https:\/\/jornalfatosenoticias.com.br\/index.php\/2025\/11\/25\/advogado-de-trump-critica-alcolumbre-por-nao-pautar-impeachment-de-moraes-e-alfineta-lula\/#breadcrumb"},"inLanguage":"pt-BR","potentialAction":[{"@type":"ReadAction","target":["https:\/\/jornalfatosenoticias.com.br\/index.php\/2025\/11\/25\/advogado-de-trump-critica-alcolumbre-por-nao-pautar-impeachment-de-moraes-e-alfineta-lula\/"]}]},{"@type":"ImageObject","inLanguage":"pt-BR","@id":"https:\/\/jornalfatosenoticias.com.br\/index.php\/2025\/11\/25\/advogado-de-trump-critica-alcolumbre-por-nao-pautar-impeachment-de-moraes-e-alfineta-lula\/#primaryimage","url":"https:\/\/jornalfatosenoticias.com.br\/wp-content\/uploads\/2025\/11\/Advogado-de-Trump-critica-Alcolumbre-e-alfineta-Lula.jpg","contentUrl":"https:\/\/jornalfatosenoticias.com.br\/wp-content\/uploads\/2025\/11\/Advogado-de-Trump-critica-Alcolumbre-e-alfineta-Lula.jpg","width":610,"height":380},{"@type":"BreadcrumbList","@id":"https:\/\/jornalfatosenoticias.com.br\/index.php\/2025\/11\/25\/advogado-de-trump-critica-alcolumbre-por-nao-pautar-impeachment-de-moraes-e-alfineta-lula\/#breadcrumb","itemListElement":[{"@type":"ListItem","position":1,"name":"In\u00edcio","item":"https:\/\/jornalfatosenoticias.com.br\/"},{"@type":"ListItem","position":2,"name":"Advogado de Trump critica Alcolumbre por n\u00e3o pautar impeachment de Moraes e alfineta Lula"}]},{"@type":"WebSite","@id":"https:\/\/jornalfatosenoticias.com.br\/#website","url":"https:\/\/jornalfatosenoticias.com.br\/","name":"Jornal Fatos e Not\u00edcias","description":"Not\u00edcias em geral","publisher":{"@id":"https:\/\/jornalfatosenoticias.com.br\/#organization"},"potentialAction":[{"@type":"SearchAction","target":{"@type":"EntryPoint","urlTemplate":"https:\/\/jornalfatosenoticias.com.br\/?s={search_term_string}"},"query-input":{"@type":"PropertyValueSpecification","valueRequired":true,"valueName":"search_term_string"}}],"inLanguage":"pt-BR"},{"@type":"Organization","@id":"https:\/\/jornalfatosenoticias.com.br\/#organization","name":"Jornal Fatos e Not\u00edcias","url":"https:\/\/jornalfatosenoticias.com.br\/","logo":{"@type":"ImageObject","inLanguage":"pt-BR","@id":"https:\/\/jornalfatosenoticias.com.br\/#\/schema\/logo\/image\/","url":"https:\/\/jornalfatosenoticias.com.br\/wp-content\/uploads\/2020\/02\/logo120.png","contentUrl":"https:\/\/jornalfatosenoticias.com.br\/wp-content\/uploads\/2020\/02\/logo120.png","width":1227,"height":120,"caption":"Jornal Fatos e Not\u00edcias"},"image":{"@id":"https:\/\/jornalfatosenoticias.com.br\/#\/schema\/logo\/image\/"}},{"@type":"Person","@id":"https:\/\/jornalfatosenoticias.com.br\/#\/schema\/person\/d63837fa13ac8666eb9e74e0985d6f81","name":"Luzimara Fernandes","image":{"@type":"ImageObject","inLanguage":"pt-BR","@id":"https:\/\/jornalfatosenoticias.com.br\/#\/schema\/person\/image\/","url":"https:\/\/jornalfatosenoticias.com.br\/wp-content\/uploads\/2025\/05\/EU_portal.jpg","contentUrl":"https:\/\/jornalfatosenoticias.com.br\/wp-content\/uploads\/2025\/05\/EU_portal.jpg","caption":"Luzimara Fernandes"},"description":"Jornalista MTB 2358-ES","sameAs":["https:\/\/jornalfatosenoticias.com.br"],"url":"https:\/\/jornalfatosenoticias.com.br\/index.php\/author\/luzimara\/"}]}},"cc_featured_image_caption":{"caption_text":"(Foto: Reprodu\u00e7\u00e3o)  ","source_text":"","source_url":""},"jetpack_featured_media_url":"https:\/\/jornalfatosenoticias.com.br\/wp-content\/uploads\/2025\/11\/Advogado-de-Trump-critica-Alcolumbre-e-alfineta-Lula.jpg","_links":{"self":[{"href":"https:\/\/jornalfatosenoticias.com.br\/index.php\/wp-json\/wp\/v2\/posts\/63542","targetHints":{"allow":["GET"]}}],"collection":[{"href":"https:\/\/jornalfatosenoticias.com.br\/index.php\/wp-json\/wp\/v2\/posts"}],"about":[{"href":"https:\/\/jornalfatosenoticias.com.br\/index.php\/wp-json\/wp\/v2\/types\/post"}],"author":[{"embeddable":true,"href":"https:\/\/jornalfatosenoticias.com.br\/index.php\/wp-json\/wp\/v2\/users\/2"}],"replies":[{"embeddable":true,"href":"https:\/\/jornalfatosenoticias.com.br\/index.php\/wp-json\/wp\/v2\/comments?post=63542"}],"version-history":[{"count":0,"href":"https:\/\/jornalfatosenoticias.com.br\/index.php\/wp-json\/wp\/v2\/posts\/63542\/revisions"}],"wp:featuredmedia":[{"embeddable":true,"href":"https:\/\/jornalfatosenoticias.com.br\/index.php\/wp-json\/wp\/v2\/media\/63543"}],"wp:attachment":[{"href":"https:\/\/jornalfatosenoticias.com.br\/index.php\/wp-json\/wp\/v2\/media?parent=63542"}],"wp:term":[{"taxonomy":"category","embeddable":true,"href":"https:\/\/jornalfatosenoticias.com.br\/index.php\/wp-json\/wp\/v2\/categories?post=63542"},{"taxonomy":"post_tag","embeddable":true,"href":"https:\/\/jornalfatosenoticias.com.br\/index.php\/wp-json\/wp\/v2\/tags?post=63542"}],"curies":[{"name":"wp","href":"https:\/\/api.w.org\/{rel}","templated":true}]}}