{"id":63547,"date":"2025-11-25T13:05:39","date_gmt":"2025-11-25T16:05:39","guid":{"rendered":"https:\/\/jornalfatosenoticias.com.br\/?p=63547"},"modified":"2025-11-25T13:05:41","modified_gmt":"2025-11-25T16:05:41","slug":"messias-pode-ser-convocado-para-explicar-omissao-da-agu-com-irmao-de-lula","status":"publish","type":"post","link":"https:\/\/jornalfatosenoticias.com.br\/index.php\/2025\/11\/25\/messias-pode-ser-convocado-para-explicar-omissao-da-agu-com-irmao-de-lula\/","title":{"rendered":"Messias pode ser convocado para explicar omiss\u00e3o da AGU com irm\u00e3o de Lula"},"content":{"rendered":"\n<p><em><span class=\"has-inline-color has-black-color\">Presidente da CPMI do INSS quer que Messias explique poss\u00edvel omiss\u00e3o da AGU em alertas envolvendo Frei Chico, irm\u00e3o de Lula<\/span><\/em><\/p>\n\n\n\n<p><span class=\"has-inline-color has-black-color\">Por <strong><a href=\"https:\/\/www.gazetadopovo.com.br\/autor\/guilherme-grandi\/\">Guilherme Grandi<\/a><\/strong><\/span><\/p>\n\n\n\n<div class=\"wp-block-image\"><figure class=\"aligncenter size-large\"><a href=\"https:\/\/mizu.com.br\/\"><img loading=\"lazy\" decoding=\"async\" width=\"729\" height=\"90\" src=\"https:\/\/jornalfatosenoticias.com.br\/wp-content\/uploads\/2020\/02\/Logo_Mizu.png\" alt=\"\" class=\"wp-image-1441\" srcset=\"https:\/\/jornalfatosenoticias.com.br\/wp-content\/uploads\/2020\/02\/Logo_Mizu.png 729w, https:\/\/jornalfatosenoticias.com.br\/wp-content\/uploads\/2020\/02\/Logo_Mizu-300x37.png 300w\" sizes=\"auto, (max-width: 729px) 100vw, 729px\" \/><\/a><\/figure><\/div>\n\n\n\n<p>O presidente da CPMI do INSS, senador Carlos Viana (Podemos-MG), anunciou, nesta ter\u00e7a (25), que colocar\u00e1 para vota\u00e7\u00e3o a convoca\u00e7\u00e3o do ministro da Advocacia-Geral da Uni\u00e3o (AGU), Jorge Messias, para prestar esclarecimentos sobre uma poss\u00edvel omiss\u00e3o do \u00f3rg\u00e3o a alertas envolvendo uma entidade que tem o irm\u00e3o de <a href=\"https:\/\/www.gazetadopovo.com.br\/tudo-sobre\/lula\/\" target=\"_blank\" rel=\"noreferrer noopener\">Luiz In\u00e1cio Lula da Silva<\/a> (PT), o \u201cFrei Chico\u201d, como vice-presidente.<br>A vota\u00e7\u00e3o da convoca\u00e7\u00e3o deve ocorrer na pr\u00f3xima sess\u00e3o da CPMI, marcada para quinta-feira (27). Viana afirma que \u00e9 preciso esclarecer poss\u00edveis omiss\u00f5es da AGU no processo que investiga descontos ilegais aplicados a aposentados e pensionistas.<\/p>\n\n\n\n<div class=\"wp-block-image\"><figure class=\"aligncenter size-large is-resized\"><a href=\"https:\/\/panper.com.br\/\"><img loading=\"lazy\" decoding=\"async\" src=\"https:\/\/jornalfatosenoticias.com.br\/wp-content\/uploads\/2023\/03\/logo-Panper_portal.jpg\" alt=\"\" class=\"wp-image-40208\" width=\"339\" height=\"235\" srcset=\"https:\/\/jornalfatosenoticias.com.br\/wp-content\/uploads\/2023\/03\/logo-Panper_portal.jpg 400w, https:\/\/jornalfatosenoticias.com.br\/wp-content\/uploads\/2023\/03\/logo-Panper_portal-300x208.jpg 300w\" sizes=\"auto, (max-width: 339px) 100vw, 339px\" \/><\/a><\/figure><\/div>\n\n\n\n<blockquote class=\"wp-block-quote is-layout-flow wp-block-quote-is-layout-flow\"><p><span class=\"has-inline-color has-luminous-vivid-orange-color\">Os parlamentares ter\u00e3o a oportunidade de votar contra ou a favor. Em temas que envolvem o interesse p\u00fablico, a verdade sempre encontra seu caminho e o Parlamento existe para permitir que ela apare\u00e7a\u201d, afirmou o senador.<\/span><\/p><\/blockquote>\n\n\n\n<div class=\"wp-block-image\"><figure class=\"aligncenter size-large is-resized\"><a href=\"https:\/\/www.instagram.com\/restaurantepegoretti\/\"><img loading=\"lazy\" decoding=\"async\" src=\"https:\/\/jornalfatosenoticias.com.br\/wp-content\/uploads\/2023\/12\/pegoretti-logo-pdf-1024x389.jpg\" alt=\"\" class=\"wp-image-47536\" width=\"533\" height=\"202\" srcset=\"https:\/\/jornalfatosenoticias.com.br\/wp-content\/uploads\/2023\/12\/pegoretti-logo-pdf-1024x389.jpg 1024w, https:\/\/jornalfatosenoticias.com.br\/wp-content\/uploads\/2023\/12\/pegoretti-logo-pdf-300x114.jpg 300w, https:\/\/jornalfatosenoticias.com.br\/wp-content\/uploads\/2023\/12\/pegoretti-logo-pdf-768x291.jpg 768w, https:\/\/jornalfatosenoticias.com.br\/wp-content\/uploads\/2023\/12\/pegoretti-logo-pdf.jpg 1120w\" sizes=\"auto, (max-width: 533px) 100vw, 533px\" \/><\/a><\/figure><\/div>\n\n\n\n<p>De acordo com uma apura\u00e7\u00e3o publicada na semana passada pelo <em>Estad\u00e3o<\/em>, um levantamento interno da AGU apontou irregularidades em organiza\u00e7\u00f5es que prestam servi\u00e7os assistenciais a aposentados e pensionistas, entre elas o Sindnapi-FS, que tem Jos\u00e9 Ferreira da Silva como vice-presidente. A documenta\u00e7\u00e3o listava nove entidades como principais alvos, registrando aumento expressivo de reclama\u00e7\u00f5es judiciais por cobran\u00e7as sem autoriza\u00e7\u00e3o.<\/p>\n\n\n\n<div class=\"wp-block-image\"><figure class=\"aligncenter size-large\"><a href=\"http:\/\/www.ferrarimaquinas.com.br\/\"><img loading=\"lazy\" decoding=\"async\" width=\"300\" height=\"250\" src=\"https:\/\/jornalfatosenoticias.com.br\/wp-content\/uploads\/2022\/02\/FERRARI_MAQUINAS-E-FERRAMENTAS2.jpg\" alt=\"\" class=\"wp-image-27860\"\/><\/a><\/figure><\/div>\n\n\n\n<p>O relat\u00f3rio previa o cancelamento de conv\u00eanios caso as irregularidades fossem comprovadas, com um \u201cencaminhamento de pedido de provid\u00eancias\u201d e in\u00edcio do processo administrativo. Apesar disso, ao pedir o bloqueio de bens de organiza\u00e7\u00f5es suspeitas em maio, Messias deixou de fora seis dessas nove entidades.<\/p>\n\n\n\n<div class=\"wp-block-image\"><figure class=\"aligncenter size-large is-resized\"><a href=\"https:\/\/www.controlsystems.com.br\/\"><img loading=\"lazy\" decoding=\"async\" src=\"https:\/\/jornalfatosenoticias.com.br\/wp-content\/uploads\/2020\/02\/CONTROL-CS.jpg\" alt=\"\" class=\"wp-image-44991\" width=\"283\" height=\"339\" srcset=\"https:\/\/jornalfatosenoticias.com.br\/wp-content\/uploads\/2020\/02\/CONTROL-CS.jpg 834w, https:\/\/jornalfatosenoticias.com.br\/wp-content\/uploads\/2020\/02\/CONTROL-CS-250x300.jpg 250w, https:\/\/jornalfatosenoticias.com.br\/wp-content\/uploads\/2020\/02\/CONTROL-CS-768x921.jpg 768w\" sizes=\"auto, (max-width: 283px) 100vw, 283px\" \/><\/a><\/figure><\/div>\n\n\n\n<p>A oposi\u00e7\u00e3o afirma que a AGU, comandada por Messias, agiu de forma seletiva ao excluir entidades citadas nos documentos internos. Parlamentares veem omiss\u00e3o em um momento sens\u00edvel, j\u00e1 que o ministro depende de votos no Senado para assumir a vaga no Supremo Tribunal Federal (STF). O clima \u00e9 de desgaste crescente para o governo, inclusive com um <a href=\"https:\/\/www.gazetadopovo.com.br\/republica\/motta-rompe-relacoes-com-lider-do-governo-na-camara-dos-deputados-nao-tenho-mais-interesse\/\" target=\"_blank\" rel=\"noreferrer noopener\">rompimento de rela\u00e7\u00f5es entre o presidente da casa, Davi Alcolumbre (Uni\u00e3o-AP), e o l\u00edder de Lula<\/a>, Jaques Wagner (PT-BA). Na \u00faltima sess\u00e3o da CPMI, Messias foi alvo direto de cr\u00edticas principalmente do relator, o deputado Alfredo Gaspar (Uni\u00e3o-AL). O parlamentar cobrou a presen\u00e7a de forma enf\u00e1tica ao afirmar que a comiss\u00e3o tem obriga\u00e7\u00e3o de ouvi-lo.<\/p>\n\n\n\n<div class=\"wp-block-image\"><figure class=\"aligncenter size-large is-resized\"><a href=\"https:\/\/www.instagram.com\/esteio.churrascaria\/\"><img loading=\"lazy\" decoding=\"async\" src=\"https:\/\/jornalfatosenoticias.com.br\/wp-content\/uploads\/2022\/02\/LOGO-ESTEIO-1024x730.png\" alt=\"\" class=\"wp-image-27942\" width=\"347\" height=\"247\" srcset=\"https:\/\/jornalfatosenoticias.com.br\/wp-content\/uploads\/2022\/02\/LOGO-ESTEIO-1024x730.png 1024w, https:\/\/jornalfatosenoticias.com.br\/wp-content\/uploads\/2022\/02\/LOGO-ESTEIO-300x214.png 300w, https:\/\/jornalfatosenoticias.com.br\/wp-content\/uploads\/2022\/02\/LOGO-ESTEIO-768x548.png 768w, https:\/\/jornalfatosenoticias.com.br\/wp-content\/uploads\/2022\/02\/LOGO-ESTEIO.png 1123w\" sizes=\"auto, (max-width: 347px) 100vw, 347px\" \/><\/a><\/figure><\/div>\n\n\n\n<blockquote class=\"wp-block-quote is-layout-flow wp-block-quote-is-layout-flow\"><p><span class=\"has-inline-color has-luminous-vivid-orange-color\">Temos a obriga\u00e7\u00e3o de convidar ou convocar o senhor Messias para prestar depoimento nesta comiss\u00e3o sob pena de prevarica\u00e7\u00e3o nossa\u201d, disparou.<\/span><\/p><\/blockquote>\n\n\n\n<div class=\"wp-block-image\"><figure class=\"aligncenter size-large is-resized\"><a href=\"https:\/\/hotelmarquetti.com.br\/\"><img loading=\"lazy\" decoding=\"async\" src=\"https:\/\/jornalfatosenoticias.com.br\/wp-content\/uploads\/2020\/02\/LOGO-MQ-1024x680.jpg\" alt=\"\" class=\"wp-image-58299\" width=\"371\" height=\"246\" srcset=\"https:\/\/jornalfatosenoticias.com.br\/wp-content\/uploads\/2020\/02\/LOGO-MQ-1024x680.jpg 1024w, https:\/\/jornalfatosenoticias.com.br\/wp-content\/uploads\/2020\/02\/LOGO-MQ-300x199.jpg 300w, https:\/\/jornalfatosenoticias.com.br\/wp-content\/uploads\/2020\/02\/LOGO-MQ-768x510.jpg 768w, https:\/\/jornalfatosenoticias.com.br\/wp-content\/uploads\/2020\/02\/LOGO-MQ-1536x1020.jpg 1536w, https:\/\/jornalfatosenoticias.com.br\/wp-content\/uploads\/2020\/02\/LOGO-MQ-2048x1360.jpg 2048w\" sizes=\"auto, (max-width: 371px) 100vw, 371px\" \/><\/a><\/figure><\/div>\n\n\n\n<p>O ministro j\u00e1 havia manifestado preocupa\u00e7\u00e3o com os impactos pol\u00edticos da investiga\u00e7\u00e3o sobre o ressarcimento dos aposentados. Em meados de maio, Messias disse temer que a CPMI \u201catrapalhe este processo de devolu\u00e7\u00e3o dos recursos para os aposentados e pensionistas\u201d. O argumento, por\u00e9m, n\u00e3o convenceu os parlamentares. Em setembro, ap\u00f3s a comiss\u00e3o come\u00e7ar os trabalhos, deputados e senadores aprovaram um convite para Messias, mas ainda n\u00e3o houve comparecimento. Agora, a expectativa \u00e9 de que ele preste esclarecimentos sob a convoca\u00e7\u00e3o.<\/p>\n\n\n\n<div class=\"wp-block-image\"><figure class=\"aligncenter size-large is-resized\"><a href=\"https:\/\/www.instagram.com\/gruposei\/\"><img loading=\"lazy\" decoding=\"async\" src=\"https:\/\/jornalfatosenoticias.com.br\/wp-content\/uploads\/2022\/07\/Logo-Grupo-SEI.jpg\" alt=\"\" class=\"wp-image-31973\" width=\"396\" height=\"208\" srcset=\"https:\/\/jornalfatosenoticias.com.br\/wp-content\/uploads\/2022\/07\/Logo-Grupo-SEI.jpg 713w, https:\/\/jornalfatosenoticias.com.br\/wp-content\/uploads\/2022\/07\/Logo-Grupo-SEI-300x158.jpg 300w\" sizes=\"auto, (max-width: 396px) 100vw, 396px\" \/><\/a><\/figure><\/div>\n\n\n\n<p><strong>Fonte: <a href=\"https:\/\/www.gazetadopovo.com.br\/republica\/messias-convocado-cpmi-inss-explicar-envolvimento-irmao-lula\/\">Gazeta do Povo<\/a><\/strong><\/p>\n","protected":false},"excerpt":{"rendered":"<p>Presidente da CPMI do INSS quer que Messias explique poss\u00edvel omiss\u00e3o da AGU em alertas envolvendo Frei Chico, irm\u00e3o de Lula Por Guilherme Grandi O presidente da CPMI do INSS, senador Carlos Viana (Podemos-MG), anunciou, nesta ter\u00e7a (25), que colocar\u00e1 para vota\u00e7\u00e3o a convoca\u00e7\u00e3o do ministro da Advocacia-Geral da Uni\u00e3o (AGU), Jorge Messias, para prestar [&hellip;]<\/p>\n","protected":false},"author":2,"featured_media":63548,"comment_status":"open","ping_status":"open","sticky":false,"template":"","format":"standard","meta":{"footnotes":""},"categories":[5],"tags":[27436,27955,26809,696,26808,24416,7580],"class_list":["post-63547","post","type-post","status-publish","format-standard","has-post-thumbnail","hentry","category-geral","tag-carlos-viana","tag-cpmi-do-inss","tag-frei-chico","tag-inss","tag-irmao-de-lula","tag-jorge-messias","tag-lula"],"yoast_head":"<!-- This site is optimized with the Yoast SEO plugin v26.5 - https:\/\/yoast.com\/wordpress\/plugins\/seo\/ -->\n<title>Messias pode ser convocado para explicar omiss\u00e3o da AGU com irm\u00e3o de Lula - Jornal Fatos e Not\u00edcias<\/title>\n<meta name=\"robots\" content=\"index, follow, max-snippet:-1, max-image-preview:large, max-video-preview:-1\" \/>\n<link rel=\"canonical\" href=\"https:\/\/jornalfatosenoticias.com.br\/index.php\/2025\/11\/25\/messias-pode-ser-convocado-para-explicar-omissao-da-agu-com-irmao-de-lula\/\" \/>\n<meta property=\"og:locale\" content=\"pt_BR\" \/>\n<meta property=\"og:type\" content=\"article\" \/>\n<meta property=\"og:title\" content=\"Messias pode ser convocado para explicar omiss\u00e3o da AGU com irm\u00e3o de Lula - Jornal Fatos e Not\u00edcias\" \/>\n<meta property=\"og:description\" content=\"Presidente da CPMI do INSS quer que Messias explique poss\u00edvel omiss\u00e3o da AGU em alertas envolvendo Frei Chico, irm\u00e3o de Lula Por Guilherme Grandi O presidente da CPMI do INSS, senador Carlos Viana (Podemos-MG), anunciou, nesta ter\u00e7a (25), que colocar\u00e1 para vota\u00e7\u00e3o a convoca\u00e7\u00e3o do ministro da Advocacia-Geral da Uni\u00e3o (AGU), Jorge Messias, para prestar [&hellip;]\" \/>\n<meta property=\"og:url\" content=\"https:\/\/jornalfatosenoticias.com.br\/index.php\/2025\/11\/25\/messias-pode-ser-convocado-para-explicar-omissao-da-agu-com-irmao-de-lula\/\" \/>\n<meta property=\"og:site_name\" content=\"Jornal Fatos e Not\u00edcias\" \/>\n<meta property=\"article:published_time\" content=\"2025-11-25T16:05:39+00:00\" \/>\n<meta property=\"article:modified_time\" content=\"2025-11-25T16:05:41+00:00\" \/>\n<meta property=\"og:image\" content=\"https:\/\/jornalfatosenoticias.com.br\/wp-content\/uploads\/2025\/11\/Messias-pode-ser-convocado-para-explicar-omissao-da-AGU-com-irmao-de-Lula_YouTube.jpg\" \/>\n\t<meta property=\"og:image:width\" content=\"1000\" \/>\n\t<meta property=\"og:image:height\" content=\"674\" \/>\n\t<meta property=\"og:image:type\" content=\"image\/jpeg\" \/>\n<meta name=\"author\" content=\"Luzimara Fernandes\" \/>\n<meta name=\"twitter:card\" content=\"summary_large_image\" \/>\n<meta name=\"twitter:label1\" content=\"Escrito por\" \/>\n\t<meta name=\"twitter:data1\" content=\"Luzimara Fernandes\" \/>\n\t<meta name=\"twitter:label2\" content=\"Est. tempo de leitura\" \/>\n\t<meta name=\"twitter:data2\" content=\"3 minutos\" \/>\n<script type=\"application\/ld+json\" class=\"yoast-schema-graph\">{\"@context\":\"https:\/\/schema.org\",\"@graph\":[{\"@type\":\"Article\",\"@id\":\"https:\/\/jornalfatosenoticias.com.br\/index.php\/2025\/11\/25\/messias-pode-ser-convocado-para-explicar-omissao-da-agu-com-irmao-de-lula\/#article\",\"isPartOf\":{\"@id\":\"https:\/\/jornalfatosenoticias.com.br\/index.php\/2025\/11\/25\/messias-pode-ser-convocado-para-explicar-omissao-da-agu-com-irmao-de-lula\/\"},\"author\":{\"name\":\"Luzimara Fernandes\",\"@id\":\"https:\/\/jornalfatosenoticias.com.br\/#\/schema\/person\/d63837fa13ac8666eb9e74e0985d6f81\"},\"headline\":\"Messias pode ser convocado para explicar omiss\u00e3o da AGU com irm\u00e3o de Lula\",\"datePublished\":\"2025-11-25T16:05:39+00:00\",\"dateModified\":\"2025-11-25T16:05:41+00:00\",\"mainEntityOfPage\":{\"@id\":\"https:\/\/jornalfatosenoticias.com.br\/index.php\/2025\/11\/25\/messias-pode-ser-convocado-para-explicar-omissao-da-agu-com-irmao-de-lula\/\"},\"wordCount\":545,\"commentCount\":0,\"publisher\":{\"@id\":\"https:\/\/jornalfatosenoticias.com.br\/#organization\"},\"image\":{\"@id\":\"https:\/\/jornalfatosenoticias.com.br\/index.php\/2025\/11\/25\/messias-pode-ser-convocado-para-explicar-omissao-da-agu-com-irmao-de-lula\/#primaryimage\"},\"thumbnailUrl\":\"https:\/\/jornalfatosenoticias.com.br\/wp-content\/uploads\/2025\/11\/Messias-pode-ser-convocado-para-explicar-omissao-da-AGU-com-irmao-de-Lula_YouTube.jpg\",\"keywords\":[\"Carlos Viana\",\"CPMI do INSS\",\"frei Chico\",\"INSS\",\"irm\u00e3o de Lula\",\"Jorge Messias\",\"Lula\"],\"articleSection\":[\"Geral\"],\"inLanguage\":\"pt-BR\",\"potentialAction\":[{\"@type\":\"CommentAction\",\"name\":\"Comment\",\"target\":[\"https:\/\/jornalfatosenoticias.com.br\/index.php\/2025\/11\/25\/messias-pode-ser-convocado-para-explicar-omissao-da-agu-com-irmao-de-lula\/#respond\"]}]},{\"@type\":\"WebPage\",\"@id\":\"https:\/\/jornalfatosenoticias.com.br\/index.php\/2025\/11\/25\/messias-pode-ser-convocado-para-explicar-omissao-da-agu-com-irmao-de-lula\/\",\"url\":\"https:\/\/jornalfatosenoticias.com.br\/index.php\/2025\/11\/25\/messias-pode-ser-convocado-para-explicar-omissao-da-agu-com-irmao-de-lula\/\",\"name\":\"Messias pode ser convocado para explicar omiss\u00e3o da AGU com irm\u00e3o de Lula - Jornal Fatos e Not\u00edcias\",\"isPartOf\":{\"@id\":\"https:\/\/jornalfatosenoticias.com.br\/#website\"},\"primaryImageOfPage\":{\"@id\":\"https:\/\/jornalfatosenoticias.com.br\/index.php\/2025\/11\/25\/messias-pode-ser-convocado-para-explicar-omissao-da-agu-com-irmao-de-lula\/#primaryimage\"},\"image\":{\"@id\":\"https:\/\/jornalfatosenoticias.com.br\/index.php\/2025\/11\/25\/messias-pode-ser-convocado-para-explicar-omissao-da-agu-com-irmao-de-lula\/#primaryimage\"},\"thumbnailUrl\":\"https:\/\/jornalfatosenoticias.com.br\/wp-content\/uploads\/2025\/11\/Messias-pode-ser-convocado-para-explicar-omissao-da-AGU-com-irmao-de-Lula_YouTube.jpg\",\"datePublished\":\"2025-11-25T16:05:39+00:00\",\"dateModified\":\"2025-11-25T16:05:41+00:00\",\"breadcrumb\":{\"@id\":\"https:\/\/jornalfatosenoticias.com.br\/index.php\/2025\/11\/25\/messias-pode-ser-convocado-para-explicar-omissao-da-agu-com-irmao-de-lula\/#breadcrumb\"},\"inLanguage\":\"pt-BR\",\"potentialAction\":[{\"@type\":\"ReadAction\",\"target\":[\"https:\/\/jornalfatosenoticias.com.br\/index.php\/2025\/11\/25\/messias-pode-ser-convocado-para-explicar-omissao-da-agu-com-irmao-de-lula\/\"]}]},{\"@type\":\"ImageObject\",\"inLanguage\":\"pt-BR\",\"@id\":\"https:\/\/jornalfatosenoticias.com.br\/index.php\/2025\/11\/25\/messias-pode-ser-convocado-para-explicar-omissao-da-agu-com-irmao-de-lula\/#primaryimage\",\"url\":\"https:\/\/jornalfatosenoticias.com.br\/wp-content\/uploads\/2025\/11\/Messias-pode-ser-convocado-para-explicar-omissao-da-AGU-com-irmao-de-Lula_YouTube.jpg\",\"contentUrl\":\"https:\/\/jornalfatosenoticias.com.br\/wp-content\/uploads\/2025\/11\/Messias-pode-ser-convocado-para-explicar-omissao-da-AGU-com-irmao-de-Lula_YouTube.jpg\",\"width\":1000,\"height\":674},{\"@type\":\"BreadcrumbList\",\"@id\":\"https:\/\/jornalfatosenoticias.com.br\/index.php\/2025\/11\/25\/messias-pode-ser-convocado-para-explicar-omissao-da-agu-com-irmao-de-lula\/#breadcrumb\",\"itemListElement\":[{\"@type\":\"ListItem\",\"position\":1,\"name\":\"In\u00edcio\",\"item\":\"https:\/\/jornalfatosenoticias.com.br\/\"},{\"@type\":\"ListItem\",\"position\":2,\"name\":\"Messias pode ser convocado para explicar omiss\u00e3o da AGU com irm\u00e3o de Lula\"}]},{\"@type\":\"WebSite\",\"@id\":\"https:\/\/jornalfatosenoticias.com.br\/#website\",\"url\":\"https:\/\/jornalfatosenoticias.com.br\/\",\"name\":\"Jornal Fatos e Not\u00edcias\",\"description\":\"Not\u00edcias em geral\",\"publisher\":{\"@id\":\"https:\/\/jornalfatosenoticias.com.br\/#organization\"},\"potentialAction\":[{\"@type\":\"SearchAction\",\"target\":{\"@type\":\"EntryPoint\",\"urlTemplate\":\"https:\/\/jornalfatosenoticias.com.br\/?s={search_term_string}\"},\"query-input\":{\"@type\":\"PropertyValueSpecification\",\"valueRequired\":true,\"valueName\":\"search_term_string\"}}],\"inLanguage\":\"pt-BR\"},{\"@type\":\"Organization\",\"@id\":\"https:\/\/jornalfatosenoticias.com.br\/#organization\",\"name\":\"Jornal Fatos e Not\u00edcias\",\"url\":\"https:\/\/jornalfatosenoticias.com.br\/\",\"logo\":{\"@type\":\"ImageObject\",\"inLanguage\":\"pt-BR\",\"@id\":\"https:\/\/jornalfatosenoticias.com.br\/#\/schema\/logo\/image\/\",\"url\":\"https:\/\/jornalfatosenoticias.com.br\/wp-content\/uploads\/2020\/02\/logo120.png\",\"contentUrl\":\"https:\/\/jornalfatosenoticias.com.br\/wp-content\/uploads\/2020\/02\/logo120.png\",\"width\":1227,\"height\":120,\"caption\":\"Jornal Fatos e Not\u00edcias\"},\"image\":{\"@id\":\"https:\/\/jornalfatosenoticias.com.br\/#\/schema\/logo\/image\/\"}},{\"@type\":\"Person\",\"@id\":\"https:\/\/jornalfatosenoticias.com.br\/#\/schema\/person\/d63837fa13ac8666eb9e74e0985d6f81\",\"name\":\"Luzimara Fernandes\",\"image\":{\"@type\":\"ImageObject\",\"inLanguage\":\"pt-BR\",\"@id\":\"https:\/\/jornalfatosenoticias.com.br\/#\/schema\/person\/image\/\",\"url\":\"https:\/\/jornalfatosenoticias.com.br\/wp-content\/uploads\/2025\/05\/EU_portal.jpg\",\"contentUrl\":\"https:\/\/jornalfatosenoticias.com.br\/wp-content\/uploads\/2025\/05\/EU_portal.jpg\",\"caption\":\"Luzimara Fernandes\"},\"description\":\"Jornalista MTB 2358-ES\",\"sameAs\":[\"https:\/\/jornalfatosenoticias.com.br\"],\"url\":\"https:\/\/jornalfatosenoticias.com.br\/index.php\/author\/luzimara\/\"}]}<\/script>\n<!-- \/ Yoast SEO plugin. -->","yoast_head_json":{"title":"Messias pode ser convocado para explicar omiss\u00e3o da AGU com irm\u00e3o de Lula - Jornal Fatos e Not\u00edcias","robots":{"index":"index","follow":"follow","max-snippet":"max-snippet:-1","max-image-preview":"max-image-preview:large","max-video-preview":"max-video-preview:-1"},"canonical":"https:\/\/jornalfatosenoticias.com.br\/index.php\/2025\/11\/25\/messias-pode-ser-convocado-para-explicar-omissao-da-agu-com-irmao-de-lula\/","og_locale":"pt_BR","og_type":"article","og_title":"Messias pode ser convocado para explicar omiss\u00e3o da AGU com irm\u00e3o de Lula - Jornal Fatos e Not\u00edcias","og_description":"Presidente da CPMI do INSS quer que Messias explique poss\u00edvel omiss\u00e3o da AGU em alertas envolvendo Frei Chico, irm\u00e3o de Lula Por Guilherme Grandi O presidente da CPMI do INSS, senador Carlos Viana (Podemos-MG), anunciou, nesta ter\u00e7a (25), que colocar\u00e1 para vota\u00e7\u00e3o a convoca\u00e7\u00e3o do ministro da Advocacia-Geral da Uni\u00e3o (AGU), Jorge Messias, para prestar [&hellip;]","og_url":"https:\/\/jornalfatosenoticias.com.br\/index.php\/2025\/11\/25\/messias-pode-ser-convocado-para-explicar-omissao-da-agu-com-irmao-de-lula\/","og_site_name":"Jornal Fatos e Not\u00edcias","article_published_time":"2025-11-25T16:05:39+00:00","article_modified_time":"2025-11-25T16:05:41+00:00","og_image":[{"width":1000,"height":674,"url":"https:\/\/jornalfatosenoticias.com.br\/wp-content\/uploads\/2025\/11\/Messias-pode-ser-convocado-para-explicar-omissao-da-AGU-com-irmao-de-Lula_YouTube.jpg","type":"image\/jpeg"}],"author":"Luzimara Fernandes","twitter_card":"summary_large_image","twitter_misc":{"Escrito por":"Luzimara Fernandes","Est. tempo de leitura":"3 minutos"},"schema":{"@context":"https:\/\/schema.org","@graph":[{"@type":"Article","@id":"https:\/\/jornalfatosenoticias.com.br\/index.php\/2025\/11\/25\/messias-pode-ser-convocado-para-explicar-omissao-da-agu-com-irmao-de-lula\/#article","isPartOf":{"@id":"https:\/\/jornalfatosenoticias.com.br\/index.php\/2025\/11\/25\/messias-pode-ser-convocado-para-explicar-omissao-da-agu-com-irmao-de-lula\/"},"author":{"name":"Luzimara Fernandes","@id":"https:\/\/jornalfatosenoticias.com.br\/#\/schema\/person\/d63837fa13ac8666eb9e74e0985d6f81"},"headline":"Messias pode ser convocado para explicar omiss\u00e3o da AGU com irm\u00e3o de Lula","datePublished":"2025-11-25T16:05:39+00:00","dateModified":"2025-11-25T16:05:41+00:00","mainEntityOfPage":{"@id":"https:\/\/jornalfatosenoticias.com.br\/index.php\/2025\/11\/25\/messias-pode-ser-convocado-para-explicar-omissao-da-agu-com-irmao-de-lula\/"},"wordCount":545,"commentCount":0,"publisher":{"@id":"https:\/\/jornalfatosenoticias.com.br\/#organization"},"image":{"@id":"https:\/\/jornalfatosenoticias.com.br\/index.php\/2025\/11\/25\/messias-pode-ser-convocado-para-explicar-omissao-da-agu-com-irmao-de-lula\/#primaryimage"},"thumbnailUrl":"https:\/\/jornalfatosenoticias.com.br\/wp-content\/uploads\/2025\/11\/Messias-pode-ser-convocado-para-explicar-omissao-da-AGU-com-irmao-de-Lula_YouTube.jpg","keywords":["Carlos Viana","CPMI do INSS","frei Chico","INSS","irm\u00e3o de Lula","Jorge Messias","Lula"],"articleSection":["Geral"],"inLanguage":"pt-BR","potentialAction":[{"@type":"CommentAction","name":"Comment","target":["https:\/\/jornalfatosenoticias.com.br\/index.php\/2025\/11\/25\/messias-pode-ser-convocado-para-explicar-omissao-da-agu-com-irmao-de-lula\/#respond"]}]},{"@type":"WebPage","@id":"https:\/\/jornalfatosenoticias.com.br\/index.php\/2025\/11\/25\/messias-pode-ser-convocado-para-explicar-omissao-da-agu-com-irmao-de-lula\/","url":"https:\/\/jornalfatosenoticias.com.br\/index.php\/2025\/11\/25\/messias-pode-ser-convocado-para-explicar-omissao-da-agu-com-irmao-de-lula\/","name":"Messias pode ser convocado para explicar omiss\u00e3o da AGU com irm\u00e3o de Lula - Jornal Fatos e Not\u00edcias","isPartOf":{"@id":"https:\/\/jornalfatosenoticias.com.br\/#website"},"primaryImageOfPage":{"@id":"https:\/\/jornalfatosenoticias.com.br\/index.php\/2025\/11\/25\/messias-pode-ser-convocado-para-explicar-omissao-da-agu-com-irmao-de-lula\/#primaryimage"},"image":{"@id":"https:\/\/jornalfatosenoticias.com.br\/index.php\/2025\/11\/25\/messias-pode-ser-convocado-para-explicar-omissao-da-agu-com-irmao-de-lula\/#primaryimage"},"thumbnailUrl":"https:\/\/jornalfatosenoticias.com.br\/wp-content\/uploads\/2025\/11\/Messias-pode-ser-convocado-para-explicar-omissao-da-AGU-com-irmao-de-Lula_YouTube.jpg","datePublished":"2025-11-25T16:05:39+00:00","dateModified":"2025-11-25T16:05:41+00:00","breadcrumb":{"@id":"https:\/\/jornalfatosenoticias.com.br\/index.php\/2025\/11\/25\/messias-pode-ser-convocado-para-explicar-omissao-da-agu-com-irmao-de-lula\/#breadcrumb"},"inLanguage":"pt-BR","potentialAction":[{"@type":"ReadAction","target":["https:\/\/jornalfatosenoticias.com.br\/index.php\/2025\/11\/25\/messias-pode-ser-convocado-para-explicar-omissao-da-agu-com-irmao-de-lula\/"]}]},{"@type":"ImageObject","inLanguage":"pt-BR","@id":"https:\/\/jornalfatosenoticias.com.br\/index.php\/2025\/11\/25\/messias-pode-ser-convocado-para-explicar-omissao-da-agu-com-irmao-de-lula\/#primaryimage","url":"https:\/\/jornalfatosenoticias.com.br\/wp-content\/uploads\/2025\/11\/Messias-pode-ser-convocado-para-explicar-omissao-da-AGU-com-irmao-de-Lula_YouTube.jpg","contentUrl":"https:\/\/jornalfatosenoticias.com.br\/wp-content\/uploads\/2025\/11\/Messias-pode-ser-convocado-para-explicar-omissao-da-AGU-com-irmao-de-Lula_YouTube.jpg","width":1000,"height":674},{"@type":"BreadcrumbList","@id":"https:\/\/jornalfatosenoticias.com.br\/index.php\/2025\/11\/25\/messias-pode-ser-convocado-para-explicar-omissao-da-agu-com-irmao-de-lula\/#breadcrumb","itemListElement":[{"@type":"ListItem","position":1,"name":"In\u00edcio","item":"https:\/\/jornalfatosenoticias.com.br\/"},{"@type":"ListItem","position":2,"name":"Messias pode ser convocado para explicar omiss\u00e3o da AGU com irm\u00e3o de Lula"}]},{"@type":"WebSite","@id":"https:\/\/jornalfatosenoticias.com.br\/#website","url":"https:\/\/jornalfatosenoticias.com.br\/","name":"Jornal Fatos e Not\u00edcias","description":"Not\u00edcias em geral","publisher":{"@id":"https:\/\/jornalfatosenoticias.com.br\/#organization"},"potentialAction":[{"@type":"SearchAction","target":{"@type":"EntryPoint","urlTemplate":"https:\/\/jornalfatosenoticias.com.br\/?s={search_term_string}"},"query-input":{"@type":"PropertyValueSpecification","valueRequired":true,"valueName":"search_term_string"}}],"inLanguage":"pt-BR"},{"@type":"Organization","@id":"https:\/\/jornalfatosenoticias.com.br\/#organization","name":"Jornal Fatos e Not\u00edcias","url":"https:\/\/jornalfatosenoticias.com.br\/","logo":{"@type":"ImageObject","inLanguage":"pt-BR","@id":"https:\/\/jornalfatosenoticias.com.br\/#\/schema\/logo\/image\/","url":"https:\/\/jornalfatosenoticias.com.br\/wp-content\/uploads\/2020\/02\/logo120.png","contentUrl":"https:\/\/jornalfatosenoticias.com.br\/wp-content\/uploads\/2020\/02\/logo120.png","width":1227,"height":120,"caption":"Jornal Fatos e Not\u00edcias"},"image":{"@id":"https:\/\/jornalfatosenoticias.com.br\/#\/schema\/logo\/image\/"}},{"@type":"Person","@id":"https:\/\/jornalfatosenoticias.com.br\/#\/schema\/person\/d63837fa13ac8666eb9e74e0985d6f81","name":"Luzimara Fernandes","image":{"@type":"ImageObject","inLanguage":"pt-BR","@id":"https:\/\/jornalfatosenoticias.com.br\/#\/schema\/person\/image\/","url":"https:\/\/jornalfatosenoticias.com.br\/wp-content\/uploads\/2025\/05\/EU_portal.jpg","contentUrl":"https:\/\/jornalfatosenoticias.com.br\/wp-content\/uploads\/2025\/05\/EU_portal.jpg","caption":"Luzimara Fernandes"},"description":"Jornalista MTB 2358-ES","sameAs":["https:\/\/jornalfatosenoticias.com.br"],"url":"https:\/\/jornalfatosenoticias.com.br\/index.php\/author\/luzimara\/"}]}},"cc_featured_image_caption":{"caption_text":"(Foto: Reprodu\u00e7\u00e3o\/YouTube)  ","source_text":"","source_url":""},"jetpack_featured_media_url":"https:\/\/jornalfatosenoticias.com.br\/wp-content\/uploads\/2025\/11\/Messias-pode-ser-convocado-para-explicar-omissao-da-AGU-com-irmao-de-Lula_YouTube.jpg","_links":{"self":[{"href":"https:\/\/jornalfatosenoticias.com.br\/index.php\/wp-json\/wp\/v2\/posts\/63547","targetHints":{"allow":["GET"]}}],"collection":[{"href":"https:\/\/jornalfatosenoticias.com.br\/index.php\/wp-json\/wp\/v2\/posts"}],"about":[{"href":"https:\/\/jornalfatosenoticias.com.br\/index.php\/wp-json\/wp\/v2\/types\/post"}],"author":[{"embeddable":true,"href":"https:\/\/jornalfatosenoticias.com.br\/index.php\/wp-json\/wp\/v2\/users\/2"}],"replies":[{"embeddable":true,"href":"https:\/\/jornalfatosenoticias.com.br\/index.php\/wp-json\/wp\/v2\/comments?post=63547"}],"version-history":[{"count":0,"href":"https:\/\/jornalfatosenoticias.com.br\/index.php\/wp-json\/wp\/v2\/posts\/63547\/revisions"}],"wp:featuredmedia":[{"embeddable":true,"href":"https:\/\/jornalfatosenoticias.com.br\/index.php\/wp-json\/wp\/v2\/media\/63548"}],"wp:attachment":[{"href":"https:\/\/jornalfatosenoticias.com.br\/index.php\/wp-json\/wp\/v2\/media?parent=63547"}],"wp:term":[{"taxonomy":"category","embeddable":true,"href":"https:\/\/jornalfatosenoticias.com.br\/index.php\/wp-json\/wp\/v2\/categories?post=63547"},{"taxonomy":"post_tag","embeddable":true,"href":"https:\/\/jornalfatosenoticias.com.br\/index.php\/wp-json\/wp\/v2\/tags?post=63547"}],"curies":[{"name":"wp","href":"https:\/\/api.w.org\/{rel}","templated":true}]}}