{"id":63550,"date":"2025-11-25T13:42:50","date_gmt":"2025-11-25T16:42:50","guid":{"rendered":"https:\/\/jornalfatosenoticias.com.br\/?p=63550"},"modified":"2025-11-25T13:42:51","modified_gmt":"2025-11-25T16:42:51","slug":"arrecadacao-federal-atinge-recorde-r-24-trilhoes-iof-e-destaque-entre-tributos","status":"publish","type":"post","link":"https:\/\/jornalfatosenoticias.com.br\/index.php\/2025\/11\/25\/arrecadacao-federal-atinge-recorde-r-24-trilhoes-iof-e-destaque-entre-tributos\/","title":{"rendered":"Arrecada\u00e7\u00e3o federal atinge recorde: R$ 2,4 trilh\u00f5es; IOF \u00e9 destaque entre tributos"},"content":{"rendered":"\n<p><em><span class=\"has-inline-color has-black-color\">Arrecada\u00e7\u00e3o federal bateu recorde e chegou a R$ 2,4 trilh\u00f5es<\/span><\/em><\/p>\n\n\n\n<p><span class=\"has-inline-color has-black-color\">Por <strong><a href=\"https:\/\/www.gazetadopovo.com.br\/autor\/hermano-freitas\/\">Hermano Freitas<\/a><\/strong><\/span><\/p>\n\n\n\n<div class=\"wp-block-image\"><figure class=\"aligncenter size-large is-resized\"><a href=\"https:\/\/legisjuris.com.br\/\"><img loading=\"lazy\" decoding=\"async\" src=\"https:\/\/jornalfatosenoticias.com.br\/wp-content\/uploads\/2024\/09\/Legis-Juris-Consultoria_logo.jpg\" alt=\"\" class=\"wp-image-53915\" width=\"537\" height=\"225\" srcset=\"https:\/\/jornalfatosenoticias.com.br\/wp-content\/uploads\/2024\/09\/Legis-Juris-Consultoria_logo.jpg 969w, https:\/\/jornalfatosenoticias.com.br\/wp-content\/uploads\/2024\/09\/Legis-Juris-Consultoria_logo-300x126.jpg 300w, https:\/\/jornalfatosenoticias.com.br\/wp-content\/uploads\/2024\/09\/Legis-Juris-Consultoria_logo-768x322.jpg 768w\" sizes=\"auto, (max-width: 537px) 100vw, 537px\" \/><\/a><\/figure><\/div>\n\n\n\n<p>A Receita Federal divulgou, nesta segunda-feira (24), que a arrecada\u00e7\u00e3o de impostos federais somou R$ 261,9 bilh\u00f5es em outubro, o maior valor j\u00e1 registrado para o m\u00eas. O resultado representa um aumento acima da infla\u00e7\u00e3o de 0,92% em rela\u00e7\u00e3o ao mesmo m\u00eas de 2024.<br>No acumulado do ano, as receitas federais totalizaram R$ 2,4 trilh\u00f5es, o que indica uma alta real de 3,2% sobre igual per\u00edodo de 2024. No detalhamento por tributo, a Receita atribuiu R$ 8,1 bilh\u00f5es apenas ao IOF em outubro de 2025, uma alta de 38,8% na compara\u00e7\u00e3o com o ano passado.<\/p>\n\n\n\n<div class=\"wp-block-image\"><figure class=\"aligncenter size-large is-resized\"><a href=\"https:\/\/www.facebook.com\/profile.php?id=100069289606145\"><img loading=\"lazy\" decoding=\"async\" src=\"https:\/\/jornalfatosenoticias.com.br\/wp-content\/uploads\/2024\/11\/Guaitolini-Contabilidade-1024x714.jpeg\" alt=\"\" class=\"wp-image-55808\" width=\"335\" height=\"233\" srcset=\"https:\/\/jornalfatosenoticias.com.br\/wp-content\/uploads\/2024\/11\/Guaitolini-Contabilidade-1024x714.jpeg 1024w, https:\/\/jornalfatosenoticias.com.br\/wp-content\/uploads\/2024\/11\/Guaitolini-Contabilidade-300x209.jpeg 300w, https:\/\/jornalfatosenoticias.com.br\/wp-content\/uploads\/2024\/11\/Guaitolini-Contabilidade-768x535.jpeg 768w, https:\/\/jornalfatosenoticias.com.br\/wp-content\/uploads\/2024\/11\/Guaitolini-Contabilidade.jpeg 1280w\" sizes=\"auto, (max-width: 335px) 100vw, 335px\" \/><\/a><\/figure><\/div>\n\n\n\n<p><em>\u201cImportante observar que se trata do melhor desempenho arrecadat\u00f3rio, tanto para outubro quanto para o per\u00edodo acumulado\u201d, <\/em>informou a Receita Federal em comunicado reproduzido pela Ag\u00eancia Brasil. A soma dos impostos inclui o Imposto de Renda (Pessoa F\u00edsica e Jur\u00eddica), receitas previdenci\u00e1rias e tributos diversos, como o Imposto de Importa\u00e7\u00e3o, Imposto sobre Produtos Industrializados (IPI), Imposto sobre Opera\u00e7\u00f5es Financeiras (IOF) e PIS\/Cofins, entre outros.<\/p>\n\n\n\n<div class=\"wp-block-image\"><figure class=\"aligncenter size-large is-resized\"><a href=\"https:\/\/www.facebook.com\/postobkr\/?locale=pt_BR\"><img loading=\"lazy\" decoding=\"async\" src=\"https:\/\/jornalfatosenoticias.com.br\/wp-content\/uploads\/2023\/08\/BKR-1024x1021.jpg\" alt=\"\" class=\"wp-image-44494\" width=\"288\" height=\"287\" srcset=\"https:\/\/jornalfatosenoticias.com.br\/wp-content\/uploads\/2023\/08\/BKR-1024x1021.jpg 1024w, https:\/\/jornalfatosenoticias.com.br\/wp-content\/uploads\/2023\/08\/BKR-300x300.jpg 300w, https:\/\/jornalfatosenoticias.com.br\/wp-content\/uploads\/2023\/08\/BKR-150x150.jpg 150w, https:\/\/jornalfatosenoticias.com.br\/wp-content\/uploads\/2023\/08\/BKR-768x766.jpg 768w, https:\/\/jornalfatosenoticias.com.br\/wp-content\/uploads\/2023\/08\/BKR.jpg 1080w\" sizes=\"auto, (max-width: 288px) 100vw, 288px\" \/><\/a><\/figure><\/div>\n\n\n\n<p>\u201cEsse desempenho pode ser justificado pelas opera\u00e7\u00f5es relativas \u00e0 sa\u00edda de moeda estrangeira e pelas opera\u00e7\u00f5es de cr\u00e9dito destinadas a pessoas jur\u00eddicas, ambas decorrentes de recentes altera\u00e7\u00f5es na legisla\u00e7\u00e3o\u201d, explicou o \u00f3rg\u00e3o.<br>A arrecada\u00e7\u00e3o com royalties e dep\u00f3sitos judiciais, administrada por outros \u00f3rg\u00e3os, tamb\u00e9m integra este montante.<\/p>\n\n\n\n<div class=\"wp-block-image\"><figure class=\"aligncenter size-large is-resized\"><a href=\"https:\/\/www.instagram.com\/rcradiadores\/\"><img loading=\"lazy\" decoding=\"async\" src=\"https:\/\/jornalfatosenoticias.com.br\/wp-content\/uploads\/2022\/10\/RC_800x750_page-0001.jpg\" alt=\"\" class=\"wp-image-35338\" width=\"288\" height=\"270\" srcset=\"https:\/\/jornalfatosenoticias.com.br\/wp-content\/uploads\/2022\/10\/RC_800x750_page-0001.jpg 400w, https:\/\/jornalfatosenoticias.com.br\/wp-content\/uploads\/2022\/10\/RC_800x750_page-0001-300x281.jpg 300w\" sizes=\"auto, (max-width: 288px) 100vw, 288px\" \/><\/a><\/figure><\/div>\n\n\n\n<p><strong><span class=\"has-inline-color has-black-color\">Aumento do IOF<br><\/span><\/strong>O governo Lula aumentou em junho o IOF e arrecadou quase R$ 8 bilh\u00f5es a mais com a medida. Logo depois o Congresso <a href=\"https:\/\/www.gazetadopovo.com.br\/economia\/apos-derrubar-iof-alcolumbre-diz-que-derrota-do-governo-foi-feita-a-varias-maos\/\">derrubou este aumento<\/a>. Apesar desse crescimento, e tamb\u00e9m do avan\u00e7o de outras receitas, as contas federais seguiram no vermelho, bem abaixo da meta fiscal. No acumulado dos nove primeiros meses de 2025, at\u00e9 outubro, o governo levantou R$ 60,6 bilh\u00f5es com o imposto, o que corresponde a um aumento real de R$ 8,1 bilh\u00f5es, ou 15%, sobre o mesmo intervalo do ano passado.<\/p>\n\n\n\n<div class=\"wp-block-image\"><figure class=\"aligncenter size-large is-resized\"><a href=\"https:\/\/panper.com.br\/\"><img loading=\"lazy\" decoding=\"async\" src=\"https:\/\/jornalfatosenoticias.com.br\/wp-content\/uploads\/2023\/03\/logo-Panper_portal.jpg\" alt=\"\" class=\"wp-image-40208\" width=\"310\" height=\"215\" srcset=\"https:\/\/jornalfatosenoticias.com.br\/wp-content\/uploads\/2023\/03\/logo-Panper_portal.jpg 400w, https:\/\/jornalfatosenoticias.com.br\/wp-content\/uploads\/2023\/03\/logo-Panper_portal-300x208.jpg 300w\" sizes=\"auto, (max-width: 310px) 100vw, 310px\" \/><\/a><\/figure><\/div>\n\n\n\n<p><strong>Fonte: <a href=\"https:\/\/www.gazetadopovo.com.br\/economia\/aumento-no-iof-faz-arrecadacao-federal-atingir-novo-recorde-r-24-tri\/\">Gazeta do Povo<\/a><\/strong><\/p>\n","protected":false},"excerpt":{"rendered":"<p>Arrecada\u00e7\u00e3o federal bateu recorde e chegou a R$ 2,4 trilh\u00f5es Por Hermano Freitas A Receita Federal divulgou, nesta segunda-feira (24), que a arrecada\u00e7\u00e3o de impostos federais somou R$ 261,9 bilh\u00f5es em outubro, o maior valor j\u00e1 registrado para o m\u00eas. O resultado representa um aumento acima da infla\u00e7\u00e3o de 0,92% em rela\u00e7\u00e3o ao mesmo m\u00eas [&hellip;]<\/p>\n","protected":false},"author":2,"featured_media":63551,"comment_status":"open","ping_status":"open","sticky":false,"template":"","format":"standard","meta":{"footnotes":""},"categories":[9],"tags":[25254,4047,1402,8257,1404],"class_list":["post-63550","post","type-post","status-publish","format-standard","has-post-thumbnail","hentry","category-economia","tag-arrecadacao-de-impostos","tag-carga-tributaria","tag-imposto-de-renda","tag-impostos","tag-receita-federal"],"yoast_head":"<!-- This site is optimized with the Yoast SEO plugin v26.5 - https:\/\/yoast.com\/wordpress\/plugins\/seo\/ -->\n<title>Arrecada\u00e7\u00e3o federal atinge recorde: R$ 2,4 trilh\u00f5es; IOF \u00e9 destaque entre tributos - Jornal Fatos e Not\u00edcias<\/title>\n<meta name=\"robots\" content=\"index, follow, max-snippet:-1, max-image-preview:large, max-video-preview:-1\" \/>\n<link rel=\"canonical\" href=\"https:\/\/jornalfatosenoticias.com.br\/index.php\/2025\/11\/25\/arrecadacao-federal-atinge-recorde-r-24-trilhoes-iof-e-destaque-entre-tributos\/\" \/>\n<meta property=\"og:locale\" content=\"pt_BR\" \/>\n<meta property=\"og:type\" content=\"article\" \/>\n<meta property=\"og:title\" content=\"Arrecada\u00e7\u00e3o federal atinge recorde: R$ 2,4 trilh\u00f5es; IOF \u00e9 destaque entre tributos - Jornal Fatos e Not\u00edcias\" \/>\n<meta property=\"og:description\" content=\"Arrecada\u00e7\u00e3o federal bateu recorde e chegou a R$ 2,4 trilh\u00f5es Por Hermano Freitas A Receita Federal divulgou, nesta segunda-feira (24), que a arrecada\u00e7\u00e3o de impostos federais somou R$ 261,9 bilh\u00f5es em outubro, o maior valor j\u00e1 registrado para o m\u00eas. O resultado representa um aumento acima da infla\u00e7\u00e3o de 0,92% em rela\u00e7\u00e3o ao mesmo m\u00eas [&hellip;]\" \/>\n<meta property=\"og:url\" content=\"https:\/\/jornalfatosenoticias.com.br\/index.php\/2025\/11\/25\/arrecadacao-federal-atinge-recorde-r-24-trilhoes-iof-e-destaque-entre-tributos\/\" \/>\n<meta property=\"og:site_name\" content=\"Jornal Fatos e Not\u00edcias\" \/>\n<meta property=\"article:published_time\" content=\"2025-11-25T16:42:50+00:00\" \/>\n<meta property=\"article:modified_time\" content=\"2025-11-25T16:42:51+00:00\" \/>\n<meta property=\"og:image\" content=\"https:\/\/jornalfatosenoticias.com.br\/wp-content\/uploads\/2025\/11\/Arrecadacao-federal-bate-recorde_reproducao.jpg\" \/>\n\t<meta property=\"og:image:width\" content=\"696\" \/>\n\t<meta property=\"og:image:height\" content=\"522\" \/>\n\t<meta property=\"og:image:type\" content=\"image\/jpeg\" \/>\n<meta name=\"author\" content=\"Luzimara Fernandes\" \/>\n<meta name=\"twitter:card\" content=\"summary_large_image\" \/>\n<meta name=\"twitter:label1\" content=\"Escrito por\" \/>\n\t<meta name=\"twitter:data1\" content=\"Luzimara Fernandes\" \/>\n\t<meta name=\"twitter:label2\" content=\"Est. tempo de leitura\" \/>\n\t<meta name=\"twitter:data2\" content=\"2 minutos\" \/>\n<script type=\"application\/ld+json\" class=\"yoast-schema-graph\">{\"@context\":\"https:\/\/schema.org\",\"@graph\":[{\"@type\":\"Article\",\"@id\":\"https:\/\/jornalfatosenoticias.com.br\/index.php\/2025\/11\/25\/arrecadacao-federal-atinge-recorde-r-24-trilhoes-iof-e-destaque-entre-tributos\/#article\",\"isPartOf\":{\"@id\":\"https:\/\/jornalfatosenoticias.com.br\/index.php\/2025\/11\/25\/arrecadacao-federal-atinge-recorde-r-24-trilhoes-iof-e-destaque-entre-tributos\/\"},\"author\":{\"name\":\"Luzimara Fernandes\",\"@id\":\"https:\/\/jornalfatosenoticias.com.br\/#\/schema\/person\/d63837fa13ac8666eb9e74e0985d6f81\"},\"headline\":\"Arrecada\u00e7\u00e3o federal atinge recorde: R$ 2,4 trilh\u00f5es; IOF \u00e9 destaque entre tributos\",\"datePublished\":\"2025-11-25T16:42:50+00:00\",\"dateModified\":\"2025-11-25T16:42:51+00:00\",\"mainEntityOfPage\":{\"@id\":\"https:\/\/jornalfatosenoticias.com.br\/index.php\/2025\/11\/25\/arrecadacao-federal-atinge-recorde-r-24-trilhoes-iof-e-destaque-entre-tributos\/\"},\"wordCount\":345,\"commentCount\":0,\"publisher\":{\"@id\":\"https:\/\/jornalfatosenoticias.com.br\/#organization\"},\"image\":{\"@id\":\"https:\/\/jornalfatosenoticias.com.br\/index.php\/2025\/11\/25\/arrecadacao-federal-atinge-recorde-r-24-trilhoes-iof-e-destaque-entre-tributos\/#primaryimage\"},\"thumbnailUrl\":\"https:\/\/jornalfatosenoticias.com.br\/wp-content\/uploads\/2025\/11\/Arrecadacao-federal-bate-recorde_reproducao.jpg\",\"keywords\":[\"arrecada\u00e7\u00e3o de impostos\",\"carga tribut\u00e1ria\",\"Imposto de Renda\",\"impostos\",\"Receita Federal\"],\"articleSection\":[\"Economia\"],\"inLanguage\":\"pt-BR\",\"potentialAction\":[{\"@type\":\"CommentAction\",\"name\":\"Comment\",\"target\":[\"https:\/\/jornalfatosenoticias.com.br\/index.php\/2025\/11\/25\/arrecadacao-federal-atinge-recorde-r-24-trilhoes-iof-e-destaque-entre-tributos\/#respond\"]}]},{\"@type\":\"WebPage\",\"@id\":\"https:\/\/jornalfatosenoticias.com.br\/index.php\/2025\/11\/25\/arrecadacao-federal-atinge-recorde-r-24-trilhoes-iof-e-destaque-entre-tributos\/\",\"url\":\"https:\/\/jornalfatosenoticias.com.br\/index.php\/2025\/11\/25\/arrecadacao-federal-atinge-recorde-r-24-trilhoes-iof-e-destaque-entre-tributos\/\",\"name\":\"Arrecada\u00e7\u00e3o federal atinge recorde: R$ 2,4 trilh\u00f5es; IOF \u00e9 destaque entre tributos - Jornal Fatos e Not\u00edcias\",\"isPartOf\":{\"@id\":\"https:\/\/jornalfatosenoticias.com.br\/#website\"},\"primaryImageOfPage\":{\"@id\":\"https:\/\/jornalfatosenoticias.com.br\/index.php\/2025\/11\/25\/arrecadacao-federal-atinge-recorde-r-24-trilhoes-iof-e-destaque-entre-tributos\/#primaryimage\"},\"image\":{\"@id\":\"https:\/\/jornalfatosenoticias.com.br\/index.php\/2025\/11\/25\/arrecadacao-federal-atinge-recorde-r-24-trilhoes-iof-e-destaque-entre-tributos\/#primaryimage\"},\"thumbnailUrl\":\"https:\/\/jornalfatosenoticias.com.br\/wp-content\/uploads\/2025\/11\/Arrecadacao-federal-bate-recorde_reproducao.jpg\",\"datePublished\":\"2025-11-25T16:42:50+00:00\",\"dateModified\":\"2025-11-25T16:42:51+00:00\",\"breadcrumb\":{\"@id\":\"https:\/\/jornalfatosenoticias.com.br\/index.php\/2025\/11\/25\/arrecadacao-federal-atinge-recorde-r-24-trilhoes-iof-e-destaque-entre-tributos\/#breadcrumb\"},\"inLanguage\":\"pt-BR\",\"potentialAction\":[{\"@type\":\"ReadAction\",\"target\":[\"https:\/\/jornalfatosenoticias.com.br\/index.php\/2025\/11\/25\/arrecadacao-federal-atinge-recorde-r-24-trilhoes-iof-e-destaque-entre-tributos\/\"]}]},{\"@type\":\"ImageObject\",\"inLanguage\":\"pt-BR\",\"@id\":\"https:\/\/jornalfatosenoticias.com.br\/index.php\/2025\/11\/25\/arrecadacao-federal-atinge-recorde-r-24-trilhoes-iof-e-destaque-entre-tributos\/#primaryimage\",\"url\":\"https:\/\/jornalfatosenoticias.com.br\/wp-content\/uploads\/2025\/11\/Arrecadacao-federal-bate-recorde_reproducao.jpg\",\"contentUrl\":\"https:\/\/jornalfatosenoticias.com.br\/wp-content\/uploads\/2025\/11\/Arrecadacao-federal-bate-recorde_reproducao.jpg\",\"width\":696,\"height\":522},{\"@type\":\"BreadcrumbList\",\"@id\":\"https:\/\/jornalfatosenoticias.com.br\/index.php\/2025\/11\/25\/arrecadacao-federal-atinge-recorde-r-24-trilhoes-iof-e-destaque-entre-tributos\/#breadcrumb\",\"itemListElement\":[{\"@type\":\"ListItem\",\"position\":1,\"name\":\"In\u00edcio\",\"item\":\"https:\/\/jornalfatosenoticias.com.br\/\"},{\"@type\":\"ListItem\",\"position\":2,\"name\":\"Arrecada\u00e7\u00e3o federal atinge recorde: R$ 2,4 trilh\u00f5es; IOF \u00e9 destaque entre tributos\"}]},{\"@type\":\"WebSite\",\"@id\":\"https:\/\/jornalfatosenoticias.com.br\/#website\",\"url\":\"https:\/\/jornalfatosenoticias.com.br\/\",\"name\":\"Jornal Fatos e Not\u00edcias\",\"description\":\"Not\u00edcias em geral\",\"publisher\":{\"@id\":\"https:\/\/jornalfatosenoticias.com.br\/#organization\"},\"potentialAction\":[{\"@type\":\"SearchAction\",\"target\":{\"@type\":\"EntryPoint\",\"urlTemplate\":\"https:\/\/jornalfatosenoticias.com.br\/?s={search_term_string}\"},\"query-input\":{\"@type\":\"PropertyValueSpecification\",\"valueRequired\":true,\"valueName\":\"search_term_string\"}}],\"inLanguage\":\"pt-BR\"},{\"@type\":\"Organization\",\"@id\":\"https:\/\/jornalfatosenoticias.com.br\/#organization\",\"name\":\"Jornal Fatos e Not\u00edcias\",\"url\":\"https:\/\/jornalfatosenoticias.com.br\/\",\"logo\":{\"@type\":\"ImageObject\",\"inLanguage\":\"pt-BR\",\"@id\":\"https:\/\/jornalfatosenoticias.com.br\/#\/schema\/logo\/image\/\",\"url\":\"https:\/\/jornalfatosenoticias.com.br\/wp-content\/uploads\/2020\/02\/logo120.png\",\"contentUrl\":\"https:\/\/jornalfatosenoticias.com.br\/wp-content\/uploads\/2020\/02\/logo120.png\",\"width\":1227,\"height\":120,\"caption\":\"Jornal Fatos e Not\u00edcias\"},\"image\":{\"@id\":\"https:\/\/jornalfatosenoticias.com.br\/#\/schema\/logo\/image\/\"}},{\"@type\":\"Person\",\"@id\":\"https:\/\/jornalfatosenoticias.com.br\/#\/schema\/person\/d63837fa13ac8666eb9e74e0985d6f81\",\"name\":\"Luzimara Fernandes\",\"image\":{\"@type\":\"ImageObject\",\"inLanguage\":\"pt-BR\",\"@id\":\"https:\/\/jornalfatosenoticias.com.br\/#\/schema\/person\/image\/\",\"url\":\"https:\/\/jornalfatosenoticias.com.br\/wp-content\/uploads\/2025\/05\/EU_portal.jpg\",\"contentUrl\":\"https:\/\/jornalfatosenoticias.com.br\/wp-content\/uploads\/2025\/05\/EU_portal.jpg\",\"caption\":\"Luzimara Fernandes\"},\"description\":\"Jornalista MTB 2358-ES\",\"sameAs\":[\"https:\/\/jornalfatosenoticias.com.br\"],\"url\":\"https:\/\/jornalfatosenoticias.com.br\/index.php\/author\/luzimara\/\"}]}<\/script>\n<!-- \/ Yoast SEO plugin. -->","yoast_head_json":{"title":"Arrecada\u00e7\u00e3o federal atinge recorde: R$ 2,4 trilh\u00f5es; IOF \u00e9 destaque entre tributos - Jornal Fatos e Not\u00edcias","robots":{"index":"index","follow":"follow","max-snippet":"max-snippet:-1","max-image-preview":"max-image-preview:large","max-video-preview":"max-video-preview:-1"},"canonical":"https:\/\/jornalfatosenoticias.com.br\/index.php\/2025\/11\/25\/arrecadacao-federal-atinge-recorde-r-24-trilhoes-iof-e-destaque-entre-tributos\/","og_locale":"pt_BR","og_type":"article","og_title":"Arrecada\u00e7\u00e3o federal atinge recorde: R$ 2,4 trilh\u00f5es; IOF \u00e9 destaque entre tributos - Jornal Fatos e Not\u00edcias","og_description":"Arrecada\u00e7\u00e3o federal bateu recorde e chegou a R$ 2,4 trilh\u00f5es Por Hermano Freitas A Receita Federal divulgou, nesta segunda-feira (24), que a arrecada\u00e7\u00e3o de impostos federais somou R$ 261,9 bilh\u00f5es em outubro, o maior valor j\u00e1 registrado para o m\u00eas. O resultado representa um aumento acima da infla\u00e7\u00e3o de 0,92% em rela\u00e7\u00e3o ao mesmo m\u00eas [&hellip;]","og_url":"https:\/\/jornalfatosenoticias.com.br\/index.php\/2025\/11\/25\/arrecadacao-federal-atinge-recorde-r-24-trilhoes-iof-e-destaque-entre-tributos\/","og_site_name":"Jornal Fatos e Not\u00edcias","article_published_time":"2025-11-25T16:42:50+00:00","article_modified_time":"2025-11-25T16:42:51+00:00","og_image":[{"width":696,"height":522,"url":"https:\/\/jornalfatosenoticias.com.br\/wp-content\/uploads\/2025\/11\/Arrecadacao-federal-bate-recorde_reproducao.jpg","type":"image\/jpeg"}],"author":"Luzimara Fernandes","twitter_card":"summary_large_image","twitter_misc":{"Escrito por":"Luzimara Fernandes","Est. tempo de leitura":"2 minutos"},"schema":{"@context":"https:\/\/schema.org","@graph":[{"@type":"Article","@id":"https:\/\/jornalfatosenoticias.com.br\/index.php\/2025\/11\/25\/arrecadacao-federal-atinge-recorde-r-24-trilhoes-iof-e-destaque-entre-tributos\/#article","isPartOf":{"@id":"https:\/\/jornalfatosenoticias.com.br\/index.php\/2025\/11\/25\/arrecadacao-federal-atinge-recorde-r-24-trilhoes-iof-e-destaque-entre-tributos\/"},"author":{"name":"Luzimara Fernandes","@id":"https:\/\/jornalfatosenoticias.com.br\/#\/schema\/person\/d63837fa13ac8666eb9e74e0985d6f81"},"headline":"Arrecada\u00e7\u00e3o federal atinge recorde: R$ 2,4 trilh\u00f5es; IOF \u00e9 destaque entre tributos","datePublished":"2025-11-25T16:42:50+00:00","dateModified":"2025-11-25T16:42:51+00:00","mainEntityOfPage":{"@id":"https:\/\/jornalfatosenoticias.com.br\/index.php\/2025\/11\/25\/arrecadacao-federal-atinge-recorde-r-24-trilhoes-iof-e-destaque-entre-tributos\/"},"wordCount":345,"commentCount":0,"publisher":{"@id":"https:\/\/jornalfatosenoticias.com.br\/#organization"},"image":{"@id":"https:\/\/jornalfatosenoticias.com.br\/index.php\/2025\/11\/25\/arrecadacao-federal-atinge-recorde-r-24-trilhoes-iof-e-destaque-entre-tributos\/#primaryimage"},"thumbnailUrl":"https:\/\/jornalfatosenoticias.com.br\/wp-content\/uploads\/2025\/11\/Arrecadacao-federal-bate-recorde_reproducao.jpg","keywords":["arrecada\u00e7\u00e3o de impostos","carga tribut\u00e1ria","Imposto de Renda","impostos","Receita Federal"],"articleSection":["Economia"],"inLanguage":"pt-BR","potentialAction":[{"@type":"CommentAction","name":"Comment","target":["https:\/\/jornalfatosenoticias.com.br\/index.php\/2025\/11\/25\/arrecadacao-federal-atinge-recorde-r-24-trilhoes-iof-e-destaque-entre-tributos\/#respond"]}]},{"@type":"WebPage","@id":"https:\/\/jornalfatosenoticias.com.br\/index.php\/2025\/11\/25\/arrecadacao-federal-atinge-recorde-r-24-trilhoes-iof-e-destaque-entre-tributos\/","url":"https:\/\/jornalfatosenoticias.com.br\/index.php\/2025\/11\/25\/arrecadacao-federal-atinge-recorde-r-24-trilhoes-iof-e-destaque-entre-tributos\/","name":"Arrecada\u00e7\u00e3o federal atinge recorde: R$ 2,4 trilh\u00f5es; IOF \u00e9 destaque entre tributos - Jornal Fatos e Not\u00edcias","isPartOf":{"@id":"https:\/\/jornalfatosenoticias.com.br\/#website"},"primaryImageOfPage":{"@id":"https:\/\/jornalfatosenoticias.com.br\/index.php\/2025\/11\/25\/arrecadacao-federal-atinge-recorde-r-24-trilhoes-iof-e-destaque-entre-tributos\/#primaryimage"},"image":{"@id":"https:\/\/jornalfatosenoticias.com.br\/index.php\/2025\/11\/25\/arrecadacao-federal-atinge-recorde-r-24-trilhoes-iof-e-destaque-entre-tributos\/#primaryimage"},"thumbnailUrl":"https:\/\/jornalfatosenoticias.com.br\/wp-content\/uploads\/2025\/11\/Arrecadacao-federal-bate-recorde_reproducao.jpg","datePublished":"2025-11-25T16:42:50+00:00","dateModified":"2025-11-25T16:42:51+00:00","breadcrumb":{"@id":"https:\/\/jornalfatosenoticias.com.br\/index.php\/2025\/11\/25\/arrecadacao-federal-atinge-recorde-r-24-trilhoes-iof-e-destaque-entre-tributos\/#breadcrumb"},"inLanguage":"pt-BR","potentialAction":[{"@type":"ReadAction","target":["https:\/\/jornalfatosenoticias.com.br\/index.php\/2025\/11\/25\/arrecadacao-federal-atinge-recorde-r-24-trilhoes-iof-e-destaque-entre-tributos\/"]}]},{"@type":"ImageObject","inLanguage":"pt-BR","@id":"https:\/\/jornalfatosenoticias.com.br\/index.php\/2025\/11\/25\/arrecadacao-federal-atinge-recorde-r-24-trilhoes-iof-e-destaque-entre-tributos\/#primaryimage","url":"https:\/\/jornalfatosenoticias.com.br\/wp-content\/uploads\/2025\/11\/Arrecadacao-federal-bate-recorde_reproducao.jpg","contentUrl":"https:\/\/jornalfatosenoticias.com.br\/wp-content\/uploads\/2025\/11\/Arrecadacao-federal-bate-recorde_reproducao.jpg","width":696,"height":522},{"@type":"BreadcrumbList","@id":"https:\/\/jornalfatosenoticias.com.br\/index.php\/2025\/11\/25\/arrecadacao-federal-atinge-recorde-r-24-trilhoes-iof-e-destaque-entre-tributos\/#breadcrumb","itemListElement":[{"@type":"ListItem","position":1,"name":"In\u00edcio","item":"https:\/\/jornalfatosenoticias.com.br\/"},{"@type":"ListItem","position":2,"name":"Arrecada\u00e7\u00e3o federal atinge recorde: R$ 2,4 trilh\u00f5es; IOF \u00e9 destaque entre tributos"}]},{"@type":"WebSite","@id":"https:\/\/jornalfatosenoticias.com.br\/#website","url":"https:\/\/jornalfatosenoticias.com.br\/","name":"Jornal Fatos e Not\u00edcias","description":"Not\u00edcias em geral","publisher":{"@id":"https:\/\/jornalfatosenoticias.com.br\/#organization"},"potentialAction":[{"@type":"SearchAction","target":{"@type":"EntryPoint","urlTemplate":"https:\/\/jornalfatosenoticias.com.br\/?s={search_term_string}"},"query-input":{"@type":"PropertyValueSpecification","valueRequired":true,"valueName":"search_term_string"}}],"inLanguage":"pt-BR"},{"@type":"Organization","@id":"https:\/\/jornalfatosenoticias.com.br\/#organization","name":"Jornal Fatos e Not\u00edcias","url":"https:\/\/jornalfatosenoticias.com.br\/","logo":{"@type":"ImageObject","inLanguage":"pt-BR","@id":"https:\/\/jornalfatosenoticias.com.br\/#\/schema\/logo\/image\/","url":"https:\/\/jornalfatosenoticias.com.br\/wp-content\/uploads\/2020\/02\/logo120.png","contentUrl":"https:\/\/jornalfatosenoticias.com.br\/wp-content\/uploads\/2020\/02\/logo120.png","width":1227,"height":120,"caption":"Jornal Fatos e Not\u00edcias"},"image":{"@id":"https:\/\/jornalfatosenoticias.com.br\/#\/schema\/logo\/image\/"}},{"@type":"Person","@id":"https:\/\/jornalfatosenoticias.com.br\/#\/schema\/person\/d63837fa13ac8666eb9e74e0985d6f81","name":"Luzimara Fernandes","image":{"@type":"ImageObject","inLanguage":"pt-BR","@id":"https:\/\/jornalfatosenoticias.com.br\/#\/schema\/person\/image\/","url":"https:\/\/jornalfatosenoticias.com.br\/wp-content\/uploads\/2025\/05\/EU_portal.jpg","contentUrl":"https:\/\/jornalfatosenoticias.com.br\/wp-content\/uploads\/2025\/05\/EU_portal.jpg","caption":"Luzimara Fernandes"},"description":"Jornalista MTB 2358-ES","sameAs":["https:\/\/jornalfatosenoticias.com.br"],"url":"https:\/\/jornalfatosenoticias.com.br\/index.php\/author\/luzimara\/"}]}},"cc_featured_image_caption":{"caption_text":"(Foto: Reprodu\u00e7\u00e3o) ","source_text":"","source_url":""},"jetpack_featured_media_url":"https:\/\/jornalfatosenoticias.com.br\/wp-content\/uploads\/2025\/11\/Arrecadacao-federal-bate-recorde_reproducao.jpg","_links":{"self":[{"href":"https:\/\/jornalfatosenoticias.com.br\/index.php\/wp-json\/wp\/v2\/posts\/63550","targetHints":{"allow":["GET"]}}],"collection":[{"href":"https:\/\/jornalfatosenoticias.com.br\/index.php\/wp-json\/wp\/v2\/posts"}],"about":[{"href":"https:\/\/jornalfatosenoticias.com.br\/index.php\/wp-json\/wp\/v2\/types\/post"}],"author":[{"embeddable":true,"href":"https:\/\/jornalfatosenoticias.com.br\/index.php\/wp-json\/wp\/v2\/users\/2"}],"replies":[{"embeddable":true,"href":"https:\/\/jornalfatosenoticias.com.br\/index.php\/wp-json\/wp\/v2\/comments?post=63550"}],"version-history":[{"count":0,"href":"https:\/\/jornalfatosenoticias.com.br\/index.php\/wp-json\/wp\/v2\/posts\/63550\/revisions"}],"wp:featuredmedia":[{"embeddable":true,"href":"https:\/\/jornalfatosenoticias.com.br\/index.php\/wp-json\/wp\/v2\/media\/63551"}],"wp:attachment":[{"href":"https:\/\/jornalfatosenoticias.com.br\/index.php\/wp-json\/wp\/v2\/media?parent=63550"}],"wp:term":[{"taxonomy":"category","embeddable":true,"href":"https:\/\/jornalfatosenoticias.com.br\/index.php\/wp-json\/wp\/v2\/categories?post=63550"},{"taxonomy":"post_tag","embeddable":true,"href":"https:\/\/jornalfatosenoticias.com.br\/index.php\/wp-json\/wp\/v2\/tags?post=63550"}],"curies":[{"name":"wp","href":"https:\/\/api.w.org\/{rel}","templated":true}]}}